{"id":7352,"date":"2026-04-14T06:32:58","date_gmt":"2026-04-14T06:32:58","guid":{"rendered":"https:\/\/www.alumni.space\/como-criar-uma-rede-de-mentores-para-os-jovens\/"},"modified":"2026-04-15T09:48:19","modified_gmt":"2026-04-15T09:48:19","slug":"como-criar-uma-rede-de-mentores-para-os-jovens","status":"publish","type":"post","link":"https:\/\/www.alumni.space\/pt-pt\/como-criar-uma-rede-de-mentores-para-os-jovens\/","title":{"rendered":"Como criar uma rede de mentores para os jovens"},"content":{"rendered":"<p>A transmiss\u00e3o de conhecimentos \u00e9 a base das organiza\u00e7\u00f5es de sucesso. Em 2026, a capacidade de aproveitar a experi\u00eancia dos empregados mais velhos em benef\u00edcio dos novos recrutas definir\u00e1 a vitalidade de uma marca empregadora. Criar uma <strong>rede de mentores<\/strong> requer uma orquestra\u00e7\u00e3o precisa para transformar simples trocas em verdadeiras alavancas de crescimento.  <\/p><div id=\"ez-toc-container\" class=\"ez-toc-v2_0_82_2 counter-flat ez-toc-counter ez-toc-grey ez-toc-container-direction\">\n<div class=\"ez-toc-title-container\"><p class=\"ez-toc-title\" style=\"cursor:inherit\">\u00cdndice deste artigo:<\/p>\n<\/div><nav><ul class='ez-toc-list ez-toc-list-level-1 ' ><li class='ez-toc-page-1'><a class=\"ez-toc-link ez-toc-heading-1\" href=\"https:\/\/www.alumni.space\/pt-pt\/como-criar-uma-rede-de-mentores-para-os-jovens\/#Construir_uma_arquitetura_de_transmissao_intergeracional\" >Construir uma arquitetura de transmiss\u00e3o intergeracional<\/a><\/li><li class='ez-toc-page-1'><a class=\"ez-toc-link ez-toc-heading-2\" href=\"https:\/\/www.alumni.space\/pt-pt\/como-criar-uma-rede-de-mentores-para-os-jovens\/#Identificar_e_mobilizar_especialistas_em_cuidados\" >Identificar e mobilizar especialistas em cuidados<\/a><\/li><li class='ez-toc-page-1'><a class=\"ez-toc-link ez-toc-heading-3\" href=\"https:\/\/www.alumni.space\/pt-pt\/como-criar-uma-rede-de-mentores-para-os-jovens\/#Gerir_e_manter_a_comunidade_de_partilha\" >Gerir e manter a comunidade de partilha<\/a><\/li><li class='ez-toc-page-1'><a class=\"ez-toc-link ez-toc-heading-4\" href=\"https:\/\/www.alumni.space\/pt-pt\/como-criar-uma-rede-de-mentores-para-os-jovens\/#Passar_do_conceito_a_industrializacao_da_tutoria\" >Passar do conceito \u00e0 industrializa\u00e7\u00e3o da tutoria<\/a><\/li><\/ul><\/nav><\/div>\n<h2 class=\"wp-block-heading\"><span class=\"ez-toc-section\" id=\"Construir_uma_arquitetura_de_transmissao_intergeracional\"><\/span>Construir uma arquitetura de transmiss\u00e3o intergeracional<span class=\"ez-toc-section-end\"><\/span><\/h2><p>As compet\u00eancias desperdi\u00e7adas enfraquecem as estruturas que negligenciam a sua RAM. Um jovem licenciado ou um novo aprendiz que chega a um ambiente complexo precisa de pontos de refer\u00eancia s\u00f3lidos. Sem um <strong>apoio<\/strong> estruturado, a integra\u00e7\u00e3o estagnar\u00e1 e o sentimento de isolamento aumentar\u00e1. O desafio n\u00e3o \u00e9 apenas t\u00e9cnico: trata-se de ancorar valores e rituais na cultura da empresa.   <\/p><p>Uma organiza\u00e7\u00e3o que vai al\u00e9m das suas obriga\u00e7\u00f5es contratuais demonstra um forte compromisso com a sociedade. A valoriza\u00e7\u00e3o do <strong>mentoring<\/strong> reflecte uma pol\u00edtica ativa de responsabilidade social. Esta liga\u00e7\u00e3o duradoura entre gera\u00e7\u00f5es promove a inclus\u00e3o e apoia a empregabilidade a longo prazo. As ferramentas digitais modernas transformam esta ambi\u00e7\u00e3o numa realidade mensur\u00e1vel, oferecendo indicadores concretos de sucesso aos departamentos de recursos humanos.   <\/p><p>A plataforma <a href=\"https:\/\/www.alumni.space\/pt-pt\/como-transformar-os-teus-antigos-empregados-em-mentores-internos\/\">alumni.space<\/a> facilita esta implanta\u00e7\u00e3o, centralizando as intera\u00e7\u00f5es. Evita a dispers\u00e3o dos dados e garante a continuidade das <strong>rela\u00e7\u00f5es profissionais<\/strong>. Desta forma, os decisores podem otimizar o seu tempo e, ao mesmo tempo, aumentar a atratividade da sua organiza\u00e7\u00e3o para os talentos em busca de sentido.  <\/p><figure class=\"wp-block-image size-full\"><img decoding=\"async\" width=\"1280\" height=\"768\" src=\"https:\/\/www.alumni.space\/wp-content\/uploads\/2026\/04\/Comment-creer-un-reseau-de-mentors-pour-les-jeunes-1.jpg\" data-orig-src=\"https:\/\/www.alumni.space\/wp-content\/uploads\/2026\/04\/Comment-creer-un-reseau-de-mentors-pour-les-jeunes-1.jpg\" alt=\"Descobre como criar uma rede eficaz de mentores para apoiar os jovens no seu desenvolvimento pessoal e profissional.\" class=\"lazyload wp-image-7312\" srcset=\"data:image\/svg+xml,%3Csvg%20xmlns%3D%27http%3A%2F%2Fwww.w3.org%2F2000%2Fsvg%27%20width%3D%271280%27%20height%3D%27768%27%20viewBox%3D%270%200%201280%20768%27%3E%3Crect%20width%3D%271280%27%20height%3D%27768%27%20fill-opacity%3D%220%22%2F%3E%3C%2Fsvg%3E\" data-srcset=\"https:\/\/www.alumni.space\/wp-content\/uploads\/2026\/04\/Comment-creer-un-reseau-de-mentors-pour-les-jeunes-1-200x120.jpg 200w, https:\/\/www.alumni.space\/wp-content\/uploads\/2026\/04\/Comment-creer-un-reseau-de-mentors-pour-les-jeunes-1-300x180.jpg 300w, https:\/\/www.alumni.space\/wp-content\/uploads\/2026\/04\/Comment-creer-un-reseau-de-mentors-pour-les-jeunes-1-400x240.jpg 400w, https:\/\/www.alumni.space\/wp-content\/uploads\/2026\/04\/Comment-creer-un-reseau-de-mentors-pour-les-jeunes-1-600x360.jpg 600w, https:\/\/www.alumni.space\/wp-content\/uploads\/2026\/04\/Comment-creer-un-reseau-de-mentors-pour-les-jeunes-1-768x461.jpg 768w, https:\/\/www.alumni.space\/wp-content\/uploads\/2026\/04\/Comment-creer-un-reseau-de-mentors-pour-les-jeunes-1-800x480.jpg 800w, https:\/\/www.alumni.space\/wp-content\/uploads\/2026\/04\/Comment-creer-un-reseau-de-mentors-pour-les-jeunes-1-1024x614.jpg 1024w, https:\/\/www.alumni.space\/wp-content\/uploads\/2026\/04\/Comment-creer-un-reseau-de-mentors-pour-les-jeunes-1-1200x720.jpg 1200w, https:\/\/www.alumni.space\/wp-content\/uploads\/2026\/04\/Comment-creer-un-reseau-de-mentors-pour-les-jeunes-1.jpg 1280w\" data-sizes=\"auto\" data-orig-sizes=\"(max-width: 1280px) 100vw, 1280px\" \/><\/figure><h3 class=\"wp-block-heading\"><span class=\"ez-toc-section\" id=\"Identificar_e_mobilizar_especialistas_em_cuidados\"><\/span>Identificar e mobilizar especialistas em cuidados<span class=\"ez-toc-section-end\"><\/span><\/h3><p>O \u00eaxito de um programa depende da qualidade dos pares formados. O recrutamento de mentores volunt\u00e1rios exige uma comunica\u00e7\u00e3o clara sobre os benef\u00edcios m\u00fatuos. Os mentores desenvolvem as suas compet\u00eancias <strong>de coaching<\/strong> e adquirem uma perspetiva sobre a sua pr\u00f3pria pr\u00e1tica. Por seu lado, os mentorados beneficiam de um <strong>apoio<\/strong> inestim\u00e1vel \u00e0 medida que navegam pelas voltas e reviravoltas do seu <strong>desenvolvimento pessoal<\/strong> e profissional.   <\/p><p>A utiliza\u00e7\u00e3o de um algoritmo inteligente ajuda a criar duos coerentes. Os interesses, a forma\u00e7\u00e3o acad\u00e9mica e as aspira\u00e7\u00f5es profissionais s\u00e3o utilizados como crit\u00e9rios de correspond\u00eancia. Este m\u00e9todo garante uma afinidade imediata e uma maior efic\u00e1cia desde as primeiras trocas de impress\u00f5es. O movimento <a href=\"https:\/\/www.1jeune1mentor.fr\/\">1 jovem 1 mentor<\/a> ilustra perfeitamente esta din\u00e2mica de solidariedade nacional, que d\u00e1 frutos todos os dias.   <\/p><h2 class=\"wp-block-heading\"><span class=\"ez-toc-section\" id=\"Gerir_e_manter_a_comunidade_de_partilha\"><\/span>Gerir e manter a comunidade de partilha<span class=\"ez-toc-section-end\"><\/span><\/h2><p>Manter<strong>o empenhamento<\/strong> requer eventos regulares e rituais claramente identificados. Uma rede viva oferece eventos, webinars tem\u00e1ticos e recursos did\u00e1cticos acess\u00edveis. <strong>A forma\u00e7\u00e3o<\/strong> dos mentores \u00e9 essencial para lhes dar as chaves da escuta ativa e da orienta\u00e7\u00e3o construtiva. Sem um enquadramento, a rela\u00e7\u00e3o corre o risco de se esgotar ou de perder a sua dimens\u00e3o profissional.   <\/p><p>As ferramentas de pilotagem permitem ter uma vis\u00e3o global da atividade da rede. O acompanhamento do n\u00famero de horas dedicadas aos interc\u00e2mbios e a recolha de testemunhos permitem ajustar a estrat\u00e9gia em tempo real. Esta governa\u00e7\u00e3o baseada em dados garante um \u00f3timo retorno do investimento para a organiza\u00e7\u00e3o. A automatiza\u00e7\u00e3o das tarefas administrativas liberta tempo para as pessoas, onde o valor acrescentado \u00e9 maior.   <\/p><p>Reunir, transmitir e cultivar <strong>jovens<\/strong> talentos \u00e9 uma promessa fundamental para qualquer organiza\u00e7\u00e3o virada para o futuro. Ao capitalizar a experi\u00eancia dos seus antigos alunos, as escolas e as empresas criam um c\u00edrculo virtuoso de sucesso partilhado. Esta abordagem refor\u00e7a os la\u00e7os sociais e prepara os l\u00edderes de amanh\u00e3 para enfrentar os complexos desafios do mercado de trabalho.  <\/p><h3 class=\"wp-block-heading\"><span class=\"ez-toc-section\" id=\"Passar_do_conceito_a_industrializacao_da_tutoria\"><\/span>Passar do conceito \u00e0 industrializa\u00e7\u00e3o da tutoria<span class=\"ez-toc-section-end\"><\/span><\/h3><p>Abandonar as folhas de c\u00e1lculo manuais marca um passo decisivo na maturidade de um projeto. O software SaaS dedicado oferece uma interface intuitiva a todos os participantes. Com apenas alguns cliques, os jovens podem aceder a uma biblioteca de perfis inspiradores e solicitar facilmente <strong>apoio<\/strong>. A organiza\u00e7\u00e3o gere o fluxo de candidaturas, valida-as e mede o impacto social das suas iniciativas sem qualquer esfor\u00e7o desnecess\u00e1rio.   <\/p><p>As organiza\u00e7\u00f5es sem fins lucrativos e as funda\u00e7\u00f5es encontram nestas solu\u00e7\u00f5es uma forma de multiplicar o seu impacto geogr\u00e1fico. A conetividade permanente permite quebrar as barreiras sociais e territoriais. A transpar\u00eancia dos interc\u00e2mbios refor\u00e7a a confian\u00e7a e d\u00e1 credibilidade \u00e0 abordagem com os parceiros institucionais. A excel\u00eancia operacional alia-se assim a uma vis\u00e3o humanista do progresso coletivo.   <\/p><p>Recebe uma oferta personalizada<\/p><p>Solicita uma demonstra\u00e7\u00e3o<\/p>","protected":false},"excerpt":{"rendered":"<p>A transmiss\u00e3o de conhecimentos \u00e9 a base das organiza\u00e7\u00f5es de  [&#8230;]<\/p>\n","protected":false},"author":1,"featured_media":7353,"comment_status":"closed","ping_status":"","sticky":false,"template":"","format":"standard","meta":{"_ayudawp_aiss_exclude":false,"footnotes":""},"categories":[68],"tags":[],"class_list":["post-7352","post","type-post","status-publish","format-standard","has-post-thumbnail","hentry","category-mentoria"],"yoast_head":"<!-- This site is optimized with the Yoast SEO plugin v27.4 - https:\/\/yoast.com\/product\/yoast-seo-wordpress\/ -->\n<title>Criar uma rede de mentores para inspirar os jovens<\/title>\n<meta name=\"description\" content=\"Descobre como criar uma rede eficaz de mentores para apoiar e orientar os jovens para o sucesso pessoal e profissional.\" \/>\n<meta name=\"robots\" content=\"index, follow, max-snippet:-1, max-image-preview:large, max-video-preview:-1\" \/>\n<link rel=\"canonical\" href=\"https:\/\/www.alumni.space\/pt-pt\/como-criar-uma-rede-de-mentores-para-os-jovens\/\" \/>\n<meta property=\"og:locale\" content=\"pt_PT\" \/>\n<meta property=\"og:type\" content=\"article\" \/>\n<meta property=\"og:title\" content=\"Criar uma rede de mentores para inspirar os jovens\" \/>\n<meta property=\"og:description\" content=\"Descobre como criar uma rede eficaz de mentores para apoiar e orientar os jovens para o sucesso pessoal e profissional.\" \/>\n<meta property=\"og:url\" content=\"https:\/\/www.alumni.space\/pt-pt\/como-criar-uma-rede-de-mentores-para-os-jovens\/\" \/>\n<meta property=\"og:site_name\" content=\"Alumni.space\" \/>\n<meta property=\"article:published_time\" content=\"2026-04-14T06:32:58+00:00\" \/>\n<meta property=\"article:modified_time\" content=\"2026-04-15T09:48:19+00:00\" \/>\n<meta property=\"og:image\" content=\"https:\/\/www.alumni.space\/wp-content\/uploads\/2026\/04\/Comment-creer-un-reseau-de-mentors-pour-les-jeunes.jpg\" \/>\n\t<meta property=\"og:image:width\" content=\"1280\" \/>\n\t<meta property=\"og:image:height\" content=\"768\" \/>\n\t<meta property=\"og:image:type\" content=\"image\/jpeg\" \/>\n<meta name=\"author\" content=\"admin\" \/>\n<meta name=\"twitter:card\" content=\"summary_large_image\" \/>\n<meta name=\"twitter:label1\" content=\"Escrito por\" \/>\n\t<meta name=\"twitter:data1\" content=\"admin\" \/>\n\t<meta name=\"twitter:label2\" content=\"Tempo estimado de leitura\" \/>\n\t<meta name=\"twitter:data2\" content=\"4 minutos\" \/>\n<script type=\"application\/ld+json\" class=\"yoast-schema-graph\">{\"@context\":\"https:\\\/\\\/schema.org\",\"@graph\":[{\"@type\":\"Article\",\"@id\":\"https:\\\/\\\/www.alumni.space\\\/pt-pt\\\/como-criar-uma-rede-de-mentores-para-os-jovens\\\/#article\",\"isPartOf\":{\"@id\":\"https:\\\/\\\/www.alumni.space\\\/pt-pt\\\/como-criar-uma-rede-de-mentores-para-os-jovens\\\/\"},\"author\":{\"name\":\"admin\",\"@id\":\"https:\\\/\\\/www.alumni.space\\\/pt-pt\\\/#\\\/schema\\\/person\\\/fede362a57876edda476a61f05ce5b15\"},\"headline\":\"Como criar uma rede de mentores para os jovens\",\"datePublished\":\"2026-04-14T06:32:58+00:00\",\"dateModified\":\"2026-04-15T09:48:19+00:00\",\"mainEntityOfPage\":{\"@id\":\"https:\\\/\\\/www.alumni.space\\\/pt-pt\\\/como-criar-uma-rede-de-mentores-para-os-jovens\\\/\"},\"wordCount\":762,\"image\":{\"@id\":\"https:\\\/\\\/www.alumni.space\\\/pt-pt\\\/como-criar-uma-rede-de-mentores-para-os-jovens\\\/#primaryimage\"},\"thumbnailUrl\":\"https:\\\/\\\/www.alumni.space\\\/wp-content\\\/uploads\\\/2026\\\/04\\\/Comment-creer-un-reseau-de-mentors-pour-les-jeunes.jpg\",\"articleSection\":[\"Mentoria\"],\"inLanguage\":\"pt-PT\"},{\"@type\":\"WebPage\",\"@id\":\"https:\\\/\\\/www.alumni.space\\\/pt-pt\\\/como-criar-uma-rede-de-mentores-para-os-jovens\\\/\",\"url\":\"https:\\\/\\\/www.alumni.space\\\/pt-pt\\\/como-criar-uma-rede-de-mentores-para-os-jovens\\\/\",\"name\":\"Criar uma rede de mentores para inspirar os jovens\",\"isPartOf\":{\"@id\":\"https:\\\/\\\/www.alumni.space\\\/pt-pt\\\/#website\"},\"primaryImageOfPage\":{\"@id\":\"https:\\\/\\\/www.alumni.space\\\/pt-pt\\\/como-criar-uma-rede-de-mentores-para-os-jovens\\\/#primaryimage\"},\"image\":{\"@id\":\"https:\\\/\\\/www.alumni.space\\\/pt-pt\\\/como-criar-uma-rede-de-mentores-para-os-jovens\\\/#primaryimage\"},\"thumbnailUrl\":\"https:\\\/\\\/www.alumni.space\\\/wp-content\\\/uploads\\\/2026\\\/04\\\/Comment-creer-un-reseau-de-mentors-pour-les-jeunes.jpg\",\"datePublished\":\"2026-04-14T06:32:58+00:00\",\"dateModified\":\"2026-04-15T09:48:19+00:00\",\"author\":{\"@id\":\"https:\\\/\\\/www.alumni.space\\\/pt-pt\\\/#\\\/schema\\\/person\\\/fede362a57876edda476a61f05ce5b15\"},\"description\":\"Descobre como criar uma rede eficaz de mentores para apoiar e orientar os jovens para o sucesso pessoal e profissional.\",\"breadcrumb\":{\"@id\":\"https:\\\/\\\/www.alumni.space\\\/pt-pt\\\/como-criar-uma-rede-de-mentores-para-os-jovens\\\/#breadcrumb\"},\"inLanguage\":\"pt-PT\",\"potentialAction\":[{\"@type\":\"ReadAction\",\"target\":[\"https:\\\/\\\/www.alumni.space\\\/pt-pt\\\/como-criar-uma-rede-de-mentores-para-os-jovens\\\/\"]}]},{\"@type\":\"ImageObject\",\"inLanguage\":\"pt-PT\",\"@id\":\"https:\\\/\\\/www.alumni.space\\\/pt-pt\\\/como-criar-uma-rede-de-mentores-para-os-jovens\\\/#primaryimage\",\"url\":\"https:\\\/\\\/www.alumni.space\\\/wp-content\\\/uploads\\\/2026\\\/04\\\/Comment-creer-un-reseau-de-mentors-pour-les-jeunes.jpg\",\"contentUrl\":\"https:\\\/\\\/www.alumni.space\\\/wp-content\\\/uploads\\\/2026\\\/04\\\/Comment-creer-un-reseau-de-mentors-pour-les-jeunes.jpg\",\"width\":1280,\"height\":768,\"caption\":\"d\u00e9couvrez comment cr\u00e9er un r\u00e9seau de mentors efficace pour accompagner et inspirer les jeunes dans leur d\u00e9veloppement personnel et professionnel.\"},{\"@type\":\"BreadcrumbList\",\"@id\":\"https:\\\/\\\/www.alumni.space\\\/pt-pt\\\/como-criar-uma-rede-de-mentores-para-os-jovens\\\/#breadcrumb\",\"itemListElement\":[{\"@type\":\"ListItem\",\"position\":1,\"name\":\"Home\",\"item\":\"https:\\\/\\\/www.alumni.space\\\/pt-pt\\\/plataforma-de-gestao-de-mentores-e-antigos-alunos\\\/\"},{\"@type\":\"ListItem\",\"position\":2,\"name\":\"Como criar uma rede de mentores para os jovens\"}]},{\"@type\":\"WebSite\",\"@id\":\"https:\\\/\\\/www.alumni.space\\\/pt-pt\\\/#website\",\"url\":\"https:\\\/\\\/www.alumni.space\\\/pt-pt\\\/\",\"name\":\"Alumni.space\",\"description\":\"My WordPress Blog\",\"potentialAction\":[{\"@type\":\"SearchAction\",\"target\":{\"@type\":\"EntryPoint\",\"urlTemplate\":\"https:\\\/\\\/www.alumni.space\\\/pt-pt\\\/?s={search_term_string}\"},\"query-input\":{\"@type\":\"PropertyValueSpecification\",\"valueRequired\":true,\"valueName\":\"search_term_string\"}}],\"inLanguage\":\"pt-PT\"},{\"@type\":\"Person\",\"@id\":\"https:\\\/\\\/www.alumni.space\\\/pt-pt\\\/#\\\/schema\\\/person\\\/fede362a57876edda476a61f05ce5b15\",\"name\":\"admin\",\"image\":{\"@type\":\"ImageObject\",\"inLanguage\":\"pt-PT\",\"@id\":\"https:\\\/\\\/secure.gravatar.com\\\/avatar\\\/318e234ae94f90d4d629428d6b983c08e31181c28f579e08a021180d759ea651?s=96&d=mm&r=g\",\"url\":\"https:\\\/\\\/secure.gravatar.com\\\/avatar\\\/318e234ae94f90d4d629428d6b983c08e31181c28f579e08a021180d759ea651?s=96&d=mm&r=g\",\"contentUrl\":\"https:\\\/\\\/secure.gravatar.com\\\/avatar\\\/318e234ae94f90d4d629428d6b983c08e31181c28f579e08a021180d759ea651?s=96&d=mm&r=g\",\"caption\":\"admin\"},\"description\":\"Nicolas Laustriat a construit sa sp\u00e9cialit\u00e9 sur un sujet que beaucoup d\u2019organisations d\u00e9couvrent trop tard : ce qui dispara\u00eet quand les gens partent. Dipl\u00f4m\u00e9 en conception de produit industriel, il bifurque vers le digital fin 1996, il couvre les transformations marques, RH, la fid\u00e9lisation, la marque employeur. Sur le terrain, il rep\u00e8re un angle mort r\u00e9current : l\u2019entreprise investit dans le recrutement, la formation, les process\u2026 puis laisse filer le lien au moment du d\u00e9part, avec une perte de savoir et d\u2019influence qui se paie en silence. Il se sp\u00e9cialise alors sur les communaut\u00e9s d\u2019alumni, le mentorat, l\u2019entraide interg\u00e9n\u00e9rationnelle et la transmission d\u2019expertise. Il passe du \u201cconstat\u201d aux m\u00e9thodes : animation, gouvernance, segmentation, rituels, mesure d\u2019engagement, articulation avec la RSE et l\u2019employabilit\u00e9. Il interviewe DRH, responsables formation, directions d\u2019\u00e9coles, associations et fondations, avec une obsession : transformer un r\u00e9seau dormant en m\u00e9canisme utile (cooptation, mentorat, job board, entraide, \u00e9v\u00e9nements, contenus). Son style : direct, orient\u00e9 action, sans folklore. Sa conviction : une communaut\u00e9 n\u2019a pas besoin de bruit, elle a besoin de raisons de revenir.\",\"sameAs\":[\"https:\\\/\\\/www.alumni.space\"]}]}<\/script>\n<!-- \/ Yoast SEO plugin. -->","yoast_head_json":{"title":"Criar uma rede de mentores para inspirar os jovens","description":"Descobre como criar uma rede eficaz de mentores para apoiar e orientar os jovens para o sucesso pessoal e profissional.","robots":{"index":"index","follow":"follow","max-snippet":"max-snippet:-1","max-image-preview":"max-image-preview:large","max-video-preview":"max-video-preview:-1"},"canonical":"https:\/\/www.alumni.space\/pt-pt\/como-criar-uma-rede-de-mentores-para-os-jovens\/","og_locale":"pt_PT","og_type":"article","og_title":"Criar uma rede de mentores para inspirar os jovens","og_description":"Descobre como criar uma rede eficaz de mentores para apoiar e orientar os jovens para o sucesso pessoal e profissional.","og_url":"https:\/\/www.alumni.space\/pt-pt\/como-criar-uma-rede-de-mentores-para-os-jovens\/","og_site_name":"Alumni.space","article_published_time":"2026-04-14T06:32:58+00:00","article_modified_time":"2026-04-15T09:48:19+00:00","og_image":[{"width":1280,"height":768,"url":"https:\/\/www.alumni.space\/wp-content\/uploads\/2026\/04\/Comment-creer-un-reseau-de-mentors-pour-les-jeunes.jpg","type":"image\/jpeg"}],"author":"admin","twitter_card":"summary_large_image","twitter_misc":{"Escrito por":"admin","Tempo estimado de leitura":"4 minutos"},"schema":{"@context":"https:\/\/schema.org","@graph":[{"@type":"Article","@id":"https:\/\/www.alumni.space\/pt-pt\/como-criar-uma-rede-de-mentores-para-os-jovens\/#article","isPartOf":{"@id":"https:\/\/www.alumni.space\/pt-pt\/como-criar-uma-rede-de-mentores-para-os-jovens\/"},"author":{"name":"admin","@id":"https:\/\/www.alumni.space\/pt-pt\/#\/schema\/person\/fede362a57876edda476a61f05ce5b15"},"headline":"Como criar uma rede de mentores para os jovens","datePublished":"2026-04-14T06:32:58+00:00","dateModified":"2026-04-15T09:48:19+00:00","mainEntityOfPage":{"@id":"https:\/\/www.alumni.space\/pt-pt\/como-criar-uma-rede-de-mentores-para-os-jovens\/"},"wordCount":762,"image":{"@id":"https:\/\/www.alumni.space\/pt-pt\/como-criar-uma-rede-de-mentores-para-os-jovens\/#primaryimage"},"thumbnailUrl":"https:\/\/www.alumni.space\/wp-content\/uploads\/2026\/04\/Comment-creer-un-reseau-de-mentors-pour-les-jeunes.jpg","articleSection":["Mentoria"],"inLanguage":"pt-PT"},{"@type":"WebPage","@id":"https:\/\/www.alumni.space\/pt-pt\/como-criar-uma-rede-de-mentores-para-os-jovens\/","url":"https:\/\/www.alumni.space\/pt-pt\/como-criar-uma-rede-de-mentores-para-os-jovens\/","name":"Criar uma rede de mentores para inspirar os jovens","isPartOf":{"@id":"https:\/\/www.alumni.space\/pt-pt\/#website"},"primaryImageOfPage":{"@id":"https:\/\/www.alumni.space\/pt-pt\/como-criar-uma-rede-de-mentores-para-os-jovens\/#primaryimage"},"image":{"@id":"https:\/\/www.alumni.space\/pt-pt\/como-criar-uma-rede-de-mentores-para-os-jovens\/#primaryimage"},"thumbnailUrl":"https:\/\/www.alumni.space\/wp-content\/uploads\/2026\/04\/Comment-creer-un-reseau-de-mentors-pour-les-jeunes.jpg","datePublished":"2026-04-14T06:32:58+00:00","dateModified":"2026-04-15T09:48:19+00:00","author":{"@id":"https:\/\/www.alumni.space\/pt-pt\/#\/schema\/person\/fede362a57876edda476a61f05ce5b15"},"description":"Descobre como criar uma rede eficaz de mentores para apoiar e orientar os jovens para o sucesso pessoal e profissional.","breadcrumb":{"@id":"https:\/\/www.alumni.space\/pt-pt\/como-criar-uma-rede-de-mentores-para-os-jovens\/#breadcrumb"},"inLanguage":"pt-PT","potentialAction":[{"@type":"ReadAction","target":["https:\/\/www.alumni.space\/pt-pt\/como-criar-uma-rede-de-mentores-para-os-jovens\/"]}]},{"@type":"ImageObject","inLanguage":"pt-PT","@id":"https:\/\/www.alumni.space\/pt-pt\/como-criar-uma-rede-de-mentores-para-os-jovens\/#primaryimage","url":"https:\/\/www.alumni.space\/wp-content\/uploads\/2026\/04\/Comment-creer-un-reseau-de-mentors-pour-les-jeunes.jpg","contentUrl":"https:\/\/www.alumni.space\/wp-content\/uploads\/2026\/04\/Comment-creer-un-reseau-de-mentors-pour-les-jeunes.jpg","width":1280,"height":768,"caption":"d\u00e9couvrez comment cr\u00e9er un r\u00e9seau de mentors efficace pour accompagner et inspirer les jeunes dans leur d\u00e9veloppement personnel et professionnel."},{"@type":"BreadcrumbList","@id":"https:\/\/www.alumni.space\/pt-pt\/como-criar-uma-rede-de-mentores-para-os-jovens\/#breadcrumb","itemListElement":[{"@type":"ListItem","position":1,"name":"Home","item":"https:\/\/www.alumni.space\/pt-pt\/plataforma-de-gestao-de-mentores-e-antigos-alunos\/"},{"@type":"ListItem","position":2,"name":"Como criar uma rede de mentores para os jovens"}]},{"@type":"WebSite","@id":"https:\/\/www.alumni.space\/pt-pt\/#website","url":"https:\/\/www.alumni.space\/pt-pt\/","name":"Alumni.space","description":"My WordPress Blog","potentialAction":[{"@type":"SearchAction","target":{"@type":"EntryPoint","urlTemplate":"https:\/\/www.alumni.space\/pt-pt\/?s={search_term_string}"},"query-input":{"@type":"PropertyValueSpecification","valueRequired":true,"valueName":"search_term_string"}}],"inLanguage":"pt-PT"},{"@type":"Person","@id":"https:\/\/www.alumni.space\/pt-pt\/#\/schema\/person\/fede362a57876edda476a61f05ce5b15","name":"admin","image":{"@type":"ImageObject","inLanguage":"pt-PT","@id":"https:\/\/secure.gravatar.com\/avatar\/318e234ae94f90d4d629428d6b983c08e31181c28f579e08a021180d759ea651?s=96&d=mm&r=g","url":"https:\/\/secure.gravatar.com\/avatar\/318e234ae94f90d4d629428d6b983c08e31181c28f579e08a021180d759ea651?s=96&d=mm&r=g","contentUrl":"https:\/\/secure.gravatar.com\/avatar\/318e234ae94f90d4d629428d6b983c08e31181c28f579e08a021180d759ea651?s=96&d=mm&r=g","caption":"admin"},"description":"Nicolas Laustriat a construit sa sp\u00e9cialit\u00e9 sur un sujet que beaucoup d\u2019organisations d\u00e9couvrent trop tard : ce qui dispara\u00eet quand les gens partent. Dipl\u00f4m\u00e9 en conception de produit industriel, il bifurque vers le digital fin 1996, il couvre les transformations marques, RH, la fid\u00e9lisation, la marque employeur. Sur le terrain, il rep\u00e8re un angle mort r\u00e9current : l\u2019entreprise investit dans le recrutement, la formation, les process\u2026 puis laisse filer le lien au moment du d\u00e9part, avec une perte de savoir et d\u2019influence qui se paie en silence. Il se sp\u00e9cialise alors sur les communaut\u00e9s d\u2019alumni, le mentorat, l\u2019entraide interg\u00e9n\u00e9rationnelle et la transmission d\u2019expertise. Il passe du \u201cconstat\u201d aux m\u00e9thodes : animation, gouvernance, segmentation, rituels, mesure d\u2019engagement, articulation avec la RSE et l\u2019employabilit\u00e9. Il interviewe DRH, responsables formation, directions d\u2019\u00e9coles, associations et fondations, avec une obsession : transformer un r\u00e9seau dormant en m\u00e9canisme utile (cooptation, mentorat, job board, entraide, \u00e9v\u00e9nements, contenus). Son style : direct, orient\u00e9 action, sans folklore. Sa conviction : une communaut\u00e9 n\u2019a pas besoin de bruit, elle a besoin de raisons de revenir.","sameAs":["https:\/\/www.alumni.space"]}]}},"_links":{"self":[{"href":"https:\/\/www.alumni.space\/pt-pt\/wp-json\/wp\/v2\/posts\/7352","targetHints":{"allow":["GET"]}}],"collection":[{"href":"https:\/\/www.alumni.space\/pt-pt\/wp-json\/wp\/v2\/posts"}],"about":[{"href":"https:\/\/www.alumni.space\/pt-pt\/wp-json\/wp\/v2\/types\/post"}],"author":[{"embeddable":true,"href":"https:\/\/www.alumni.space\/pt-pt\/wp-json\/wp\/v2\/users\/1"}],"replies":[{"embeddable":true,"href":"https:\/\/www.alumni.space\/pt-pt\/wp-json\/wp\/v2\/comments?post=7352"}],"version-history":[{"count":1,"href":"https:\/\/www.alumni.space\/pt-pt\/wp-json\/wp\/v2\/posts\/7352\/revisions"}],"predecessor-version":[{"id":7355,"href":"https:\/\/www.alumni.space\/pt-pt\/wp-json\/wp\/v2\/posts\/7352\/revisions\/7355"}],"wp:featuredmedia":[{"embeddable":true,"href":"https:\/\/www.alumni.space\/pt-pt\/wp-json\/wp\/v2\/media\/7353"}],"wp:attachment":[{"href":"https:\/\/www.alumni.space\/pt-pt\/wp-json\/wp\/v2\/media?parent=7352"}],"wp:term":[{"taxonomy":"category","embeddable":true,"href":"https:\/\/www.alumni.space\/pt-pt\/wp-json\/wp\/v2\/categories?post=7352"},{"taxonomy":"post_tag","embeddable":true,"href":"https:\/\/www.alumni.space\/pt-pt\/wp-json\/wp\/v2\/tags?post=7352"}],"curies":[{"name":"wp","href":"https:\/\/api.w.org\/{rel}","templated":true}]}}