{"id":7282,"date":"2025-01-12T03:21:54","date_gmt":"2025-01-12T03:21:54","guid":{"rendered":"https:\/\/www.alumni.space\/a-saude-publica-em-alerta-face-a-perda-de-conhecimentos-medicos\/"},"modified":"2026-04-02T12:09:05","modified_gmt":"2026-04-02T12:09:05","slug":"a-saude-publica-em-alerta-face-a-perda-de-conhecimentos-medicos","status":"publish","type":"post","link":"https:\/\/www.alumni.space\/pt-pt\/a-saude-publica-em-alerta-face-a-perda-de-conhecimentos-medicos\/","title":{"rendered":"A sa\u00fade p\u00fablica em alerta face \u00e0 perda de conhecimentos m\u00e9dicos"},"content":{"rendered":"<p>A sa\u00fade p\u00fablica em Fran\u00e7a est\u00e1 a enfrentar uma grande amea\u00e7a devido \u00e0 <strong>perda de conhecimentos m\u00e9dicos<\/strong>. Esta situa\u00e7\u00e3o suscita preocupa\u00e7\u00f5es quanto \u00e0 <strong>transmiss\u00e3o de conhecimentos<\/strong> essenciais, \u00e0 <strong>conserva\u00e7\u00e3o do patrim\u00f3nio<\/strong> m\u00e9dico e ao impacto na <strong>preven\u00e7\u00e3o<\/strong> e no <strong>sistema<\/strong> de sa\u00fade global. <\/p><div id=\"ez-toc-container\" class=\"ez-toc-v2_0_82_2 counter-flat ez-toc-counter ez-toc-grey ez-toc-container-direction\">\n<div class=\"ez-toc-title-container\"><p class=\"ez-toc-title\" style=\"cursor:inherit\">\u00cdndice deste artigo:<\/p>\n<\/div><nav><ul class='ez-toc-list ez-toc-list-level-1 ' ><li class='ez-toc-page-1'><a class=\"ez-toc-link ez-toc-heading-1\" href=\"https:\/\/www.alumni.space\/pt-pt\/a-saude-publica-em-alerta-face-a-perda-de-conhecimentos-medicos\/#Uma_crise_de_saude_publica_revelada_pela_escassez_de_conhecimentos_medicos\" >Uma crise de sa\u00fade p\u00fablica revelada pela escassez de conhecimentos m\u00e9dicos<\/a><\/li><li class='ez-toc-page-1'><a class=\"ez-toc-link ez-toc-heading-2\" href=\"https:\/\/www.alumni.space\/pt-pt\/a-saude-publica-em-alerta-face-a-perda-de-conhecimentos-medicos\/#O_envelhecimento_da_populacao_medica_que_constitui_um_obstaculo_importante_a_transmissao_dos_conhecimentos\" >O envelhecimento da popula\u00e7\u00e3o m\u00e9dica, que constitui um obst\u00e1culo importante \u00e0 transmiss\u00e3o dos conhecimentos<\/a><\/li><li class='ez-toc-page-1'><a class=\"ez-toc-link ez-toc-heading-3\" href=\"https:\/\/www.alumni.space\/pt-pt\/a-saude-publica-em-alerta-face-a-perda-de-conhecimentos-medicos\/#Os_efeitos_concretos_da_perda_de_conhecimentos_medicos_na_saude_publica_e_na_prevencao\" >Os efeitos concretos da perda de conhecimentos m\u00e9dicos na sa\u00fade p\u00fablica e na preven\u00e7\u00e3o<\/a><\/li><li class='ez-toc-page-1'><a class=\"ez-toc-link ez-toc-heading-4\" href=\"https:\/\/www.alumni.space\/pt-pt\/a-saude-publica-em-alerta-face-a-perda-de-conhecimentos-medicos\/#Vigilancia_na_gestao_dos_dados_de_saude_uma_questao_fundamental_para_a_preservacao_do_patrimonio_medico\" >Vigil\u00e2ncia na gest\u00e3o dos dados de sa\u00fade, uma quest\u00e3o fundamental para a preserva\u00e7\u00e3o do patrim\u00f3nio m\u00e9dico<\/a><\/li><li class='ez-toc-page-1'><a class=\"ez-toc-link ez-toc-heading-5\" href=\"https:\/\/www.alumni.space\/pt-pt\/a-saude-publica-em-alerta-face-a-perda-de-conhecimentos-medicos\/#Solucoes_inovadoras_para_travar_a_perda_de_conhecimentos_e_reforcar_a_coesao_dos_profissionais_de_saude\" >Solu\u00e7\u00f5es inovadoras para travar a perda de conhecimentos e refor\u00e7ar a coes\u00e3o dos profissionais de sa\u00fade<\/a><\/li><li class='ez-toc-page-1'><a class=\"ez-toc-link ez-toc-heading-6\" href=\"https:\/\/www.alumni.space\/pt-pt\/a-saude-publica-em-alerta-face-a-perda-de-conhecimentos-medicos\/#A_contribuicao_da_tutoria_e_das_comunidades_activas_para_a_manutencao_do_conhecimento_medico\" >A contribui\u00e7\u00e3o da tutoria e das comunidades activas para a manuten\u00e7\u00e3o do conhecimento m\u00e9dico<\/a><\/li><li class='ez-toc-page-1'><a class=\"ez-toc-link ez-toc-heading-7\" href=\"https:\/\/www.alumni.space\/pt-pt\/a-saude-publica-em-alerta-face-a-perda-de-conhecimentos-medicos\/#Incentivar_uma_politica_de_saude_publica_pro-ativa_para_combater_o_desaparecimento_dos_conhecimentos_medicos\" >Incentivar uma pol\u00edtica de sa\u00fade p\u00fablica pr\u00f3-ativa para combater o desaparecimento dos conhecimentos m\u00e9dicos<\/a><\/li><\/ul><\/nav><\/div>\n<h2 class=\"wp-block-heading\"><span class=\"ez-toc-section\" id=\"Uma_crise_de_saude_publica_revelada_pela_escassez_de_conhecimentos_medicos\"><\/span>Uma crise de sa\u00fade p\u00fablica revelada pela escassez de conhecimentos m\u00e9dicos<span class=\"ez-toc-section-end\"><\/span><\/h2><p>A escassez de m\u00e9dicos, com uma diminui\u00e7\u00e3o significativa do n\u00famero de m\u00e9dicos de cl\u00ednica geral e de especialistas, est\u00e1 a comprometer a continuidade dos cuidados. Em <strong>2025, haver\u00e1 241 255 m\u00e9dicos em Fran\u00e7a<\/strong>, o que representa um ligeiro aumento, mas persistem crises regionais na governa\u00e7\u00e3o m\u00e9dica. Mais de <strong>87% do pa\u00eds \u00e9 afetado por desertos m\u00e9dicos<\/strong>, especialmente nas zonas rurais, o que limita o acesso aos cuidados b\u00e1sicos. Esta situa\u00e7\u00e3o agrava a dificuldade de manter a <strong>medicina tradicional<\/strong> local, onde a experi\u00eancia e o saber-fazer desempenham um papel crucial.   <\/p><figure class=\"wp-block-image size-full\"><img decoding=\"async\" width=\"1280\" height=\"768\" src=\"https:\/\/www.alumni.space\/wp-content\/uploads\/2026\/03\/La-sante-publique-en-alerte-face-a-la-perte-de-savoir-medical-1.jpg\" data-orig-src=\"https:\/\/www.alumni.space\/wp-content\/uploads\/2026\/03\/La-sante-publique-en-alerte-face-a-la-perte-de-savoir-medical-1.jpg\" alt=\"Descobre as quest\u00f5es cruciais que se colocam \u00e0 sa\u00fade p\u00fablica face \u00e0 perda progressiva de conhecimentos m\u00e9dicos e as medidas necess\u00e1rias para preservar os conhecimentos essenciais.\" class=\"lazyload wp-image-3225\" srcset=\"data:image\/svg+xml,%3Csvg%20xmlns%3D%27http%3A%2F%2Fwww.w3.org%2F2000%2Fsvg%27%20width%3D%271280%27%20height%3D%27768%27%20viewBox%3D%270%200%201280%20768%27%3E%3Crect%20width%3D%271280%27%20height%3D%27768%27%20fill-opacity%3D%220%22%2F%3E%3C%2Fsvg%3E\" data-srcset=\"https:\/\/www.alumni.space\/wp-content\/uploads\/2026\/03\/La-sante-publique-en-alerte-face-a-la-perte-de-savoir-medical-1-200x120.jpg 200w, https:\/\/www.alumni.space\/wp-content\/uploads\/2026\/03\/La-sante-publique-en-alerte-face-a-la-perte-de-savoir-medical-1-300x180.jpg 300w, https:\/\/www.alumni.space\/wp-content\/uploads\/2026\/03\/La-sante-publique-en-alerte-face-a-la-perte-de-savoir-medical-1-400x240.jpg 400w, https:\/\/www.alumni.space\/wp-content\/uploads\/2026\/03\/La-sante-publique-en-alerte-face-a-la-perte-de-savoir-medical-1-600x360.jpg 600w, https:\/\/www.alumni.space\/wp-content\/uploads\/2026\/03\/La-sante-publique-en-alerte-face-a-la-perte-de-savoir-medical-1-768x461.jpg 768w, https:\/\/www.alumni.space\/wp-content\/uploads\/2026\/03\/La-sante-publique-en-alerte-face-a-la-perte-de-savoir-medical-1-800x480.jpg 800w, https:\/\/www.alumni.space\/wp-content\/uploads\/2026\/03\/La-sante-publique-en-alerte-face-a-la-perte-de-savoir-medical-1-1024x614.jpg 1024w, https:\/\/www.alumni.space\/wp-content\/uploads\/2026\/03\/La-sante-publique-en-alerte-face-a-la-perte-de-savoir-medical-1-1200x720.jpg 1200w, https:\/\/www.alumni.space\/wp-content\/uploads\/2026\/03\/La-sante-publique-en-alerte-face-a-la-perte-de-savoir-medical-1.jpg 1280w\" data-sizes=\"auto\" data-orig-sizes=\"(max-width: 1280px) 100vw, 1280px\" \/><\/figure><h3 class=\"wp-block-heading\"><span class=\"ez-toc-section\" id=\"O_envelhecimento_da_populacao_medica_que_constitui_um_obstaculo_importante_a_transmissao_dos_conhecimentos\"><\/span>O envelhecimento da popula\u00e7\u00e3o m\u00e9dica, que constitui um obst\u00e1culo importante \u00e0 transmiss\u00e3o dos conhecimentos<span class=\"ez-toc-section-end\"><\/span><\/h3><p>A elevada idade m\u00e9dia dos m\u00e9dicos de cl\u00ednica geral, em especial nas zonas com poucos recursos, est\u00e1 a conduzir a uma <strong>perda maci\u00e7a de compet\u00eancias<\/strong> devido \u00e0 reforma sem substitui\u00e7\u00e3o adequada. Quase 43% dos m\u00e9dicos de cl\u00ednica geral t\u00eam mais de 60 anos, uma situa\u00e7\u00e3o que agrava a <strong>perda de conhecimentos m\u00e9dicos<\/strong> acumulados. Esta situa\u00e7\u00e3o corre o risco de desestabilizar a rede de cuidados de sa\u00fade, com impactos diretos na <strong>qualidade dos diagn\u00f3sticos<\/strong> e no acompanhamento dos doentes.  <\/p><h2 class=\"wp-block-heading\"><span class=\"ez-toc-section\" id=\"Os_efeitos_concretos_da_perda_de_conhecimentos_medicos_na_saude_publica_e_na_prevencao\"><\/span>Os efeitos concretos da perda de conhecimentos m\u00e9dicos na sa\u00fade p\u00fablica e na preven\u00e7\u00e3o<span class=\"ez-toc-section-end\"><\/span><\/h2><p>Para al\u00e9m de afetar o acesso aos cuidados de sa\u00fade, a <strong>perda de conhecimentos<\/strong> tem um impacto negativo na capacidade do sistema de sa\u00fade para assegurar uma preven\u00e7\u00e3o eficaz. <strong>Os erros de diagn\u00f3stico<\/strong>, estimados em quase 10% durante as intera\u00e7\u00f5es cl\u00ednicas, fazem parte deste contexto preocupante. Sem uma transmiss\u00e3o estruturada de compet\u00eancias, a <strong>continuidade dos conhecimentos<\/strong> fica comprometida, degradando o impacto global na sa\u00fade.  <\/p><h3 class=\"wp-block-heading\"><span class=\"ez-toc-section\" id=\"Vigilancia_na_gestao_dos_dados_de_saude_uma_questao_fundamental_para_a_preservacao_do_patrimonio_medico\"><\/span>Vigil\u00e2ncia na gest\u00e3o dos dados de sa\u00fade, uma quest\u00e3o fundamental para a preserva\u00e7\u00e3o do patrim\u00f3nio m\u00e9dico<span class=\"ez-toc-section-end\"><\/span><\/h3><p>A<strong>Associa\u00e7\u00e3o dos Arquivistas Franceses<\/strong> alerta para o risco de perda de dados durante as mudan\u00e7as tecnol\u00f3gicas nos estabelecimentos de sa\u00fade. Uma m\u00e1 gest\u00e3o ou uma migra\u00e7\u00e3o de software mal controlada pode levar ao desaparecimento permanente de informa\u00e7\u00f5es cruciais para o historial m\u00e9dico dos pacientes. Este fen\u00f3meno ilustra os desafios actuais ligados \u00e0 prote\u00e7\u00e3o e \u00e0 <strong>transmiss\u00e3o dos dados<\/strong> m\u00e9dicos, indispens\u00e1veis \u00e0 investiga\u00e7\u00e3o e \u00e0 seguran\u00e7a dos cuidados de sa\u00fade.  <\/p><h2 class=\"wp-block-heading\"><span class=\"ez-toc-section\" id=\"Solucoes_inovadoras_para_travar_a_perda_de_conhecimentos_e_reforcar_a_coesao_dos_profissionais_de_saude\"><\/span>Solu\u00e7\u00f5es inovadoras para travar a perda de conhecimentos e refor\u00e7ar a coes\u00e3o dos profissionais de sa\u00fade<span class=\"ez-toc-section-end\"><\/span><\/h2><p>Perante estes desafios, os decisores est\u00e3o a recorrer a m\u00e9todos que combinam inova\u00e7\u00e3o e gest\u00e3o de comunidades. A plataforma <a href=\"https:\/\/www.alumni.space\/pt-pt\/a-perda-de-conhecimentos-nas-empresas-de-consultoria-um-risco-estrategico\/\">alumni.space<\/a> ilustra este posicionamento atrav\u00e9s da sua abordagem SaaS, que se centra na <strong>gest\u00e3o e<\/strong> na <strong>anima\u00e7\u00e3o das comunidades<\/strong>, favorecendo o contacto entre <strong>os alumni<\/strong> profissionais e os mentores. Desta forma, garante a <strong>transmiss\u00e3o harmoniosa de conhecimentos<\/strong>, reduz o risco de perda e apoia a integra\u00e7\u00e3o efectiva de novos intervenientes na rede.  <\/p><p>Esta din\u00e2mica traduz-se numa melhor <strong>coopta\u00e7\u00e3o<\/strong>, numa gest\u00e3o mais rigorosa do capital de experi\u00eancia e num compromisso duradouro de<strong>apoio<\/strong>profissional<strong>m\u00fatuo<\/strong>. Para os estabelecimentos e institui\u00e7\u00f5es, a ado\u00e7\u00e3o de uma solu\u00e7\u00e3o deste tipo oferece uma alternativa s\u00f3lida \u00e0s ferramentas dispersas, facilitando o acompanhamento dos ciclos de forma\u00e7\u00e3o m\u00e9dica e a <strong>continuidade da liga\u00e7\u00e3o<\/strong> entre gera\u00e7\u00f5es. <\/p><h3 class=\"wp-block-heading\"><span class=\"ez-toc-section\" id=\"A_contribuicao_da_tutoria_e_das_comunidades_activas_para_a_manutencao_do_conhecimento_medico\"><\/span>A contribui\u00e7\u00e3o da tutoria e das comunidades activas para a manuten\u00e7\u00e3o do conhecimento m\u00e9dico<span class=\"ez-toc-section-end\"><\/span><\/h3><p>Uma metodologia estruturada que encoraja a cria\u00e7\u00e3o de pares mentor-mentorando em diversos contextos &#8211; escolas, hospitais, associa\u00e7\u00f5es &#8211; optimiza a <strong>conserva\u00e7\u00e3o do patrim\u00f3nio m\u00e9dico<\/strong>. A tutoria intergeracional proporciona um quadro em que a experi\u00eancia se alia \u00e0 frescura das novas compet\u00eancias, respondendo eficazmente \u00e0 <strong>necessidade de transmitir<\/strong> conhecimentos num sector sob press\u00e3o. <\/p><p>Rituais claros, um calend\u00e1rio partilhado e indicadores precisos permitem medir o impacto real destas medidas. Estas ferramentas permitem igualmente reduzir os riscos psicossociais associados \u00e0 sobrecarga profissional, um recurso precioso na gest\u00e3o dos profissionais de sa\u00fade. <\/p><h2 class=\"wp-block-heading\"><span class=\"ez-toc-section\" id=\"Incentivar_uma_politica_de_saude_publica_pro-ativa_para_combater_o_desaparecimento_dos_conhecimentos_medicos\"><\/span>Incentivar uma pol\u00edtica de sa\u00fade p\u00fablica pr\u00f3-ativa para combater o desaparecimento dos conhecimentos m\u00e9dicos<span class=\"ez-toc-section-end\"><\/span><\/h2><p>Numerosos relat\u00f3rios sublinharam a necessidade de uma a\u00e7\u00e3o coordenada entre os poderes p\u00fablicos e as comunidades profissionais. A antecipa\u00e7\u00e3o da reforma dos m\u00e9dicos, a reorganiza\u00e7\u00e3o dos cursos de forma\u00e7\u00e3o e a regulamenta\u00e7\u00e3o da gest\u00e3o dos dados m\u00e9dicos s\u00e3o alavancas essenciais. Estas iniciativas fazem parte de uma pol\u00edtica de preven\u00e7\u00e3o sist\u00e9mica que visa garantir um acesso equitativo aos cuidados de sa\u00fade em todo o pa\u00eds.  <\/p><p>Trata-se tamb\u00e9m de refor\u00e7ar o papel dos <a href=\"https:\/\/www.vie-publique.fr\/eclairage\/24080-sante-quelle-politique-publique-contre-les-deserts-medicaux\">decisores p\u00fablicos<\/a> na gest\u00e3o destas quest\u00f5es, utilizando ferramentas digitais integradas para facilitar o acompanhamento da demografia m\u00e9dica e dos percursos profissionais. Uma a\u00e7\u00e3o concertada contribuir\u00e1 para reduzir os <strong>custos ocultos<\/strong> associados \u00e0 perda de conhecimentos, melhorar o posicionamento dos estabelecimentos em rela\u00e7\u00e3o \u00e0 sua imagem e, assim, aumentar a resili\u00eancia do sistema de sa\u00fade. <\/p><p>Uma abordagem progressiva, apoiada por plataformas especializadas que oferecem um ambiente comum para a troca de informa\u00e7\u00f5es e o desenvolvimento de compet\u00eancias, encoraja a consolida\u00e7\u00e3o de uma <strong>comunidade m\u00e9dica empenhada<\/strong>. Ao integrar estas solu\u00e7\u00f5es, os profissionais de sa\u00fade ganham em efici\u00eancia, preservando simultaneamente um patrim\u00f3nio imaterial que \u00e9 crucial para a viabilidade a longo prazo do servi\u00e7o p\u00fablico. <\/p>","protected":false},"excerpt":{"rendered":"<p>A sa\u00fade p\u00fablica em Fran\u00e7a est\u00e1 a enfrentar uma grande  [&#8230;]<\/p>\n","protected":false},"author":1,"featured_media":7284,"comment_status":"closed","ping_status":"","sticky":false,"template":"","format":"standard","meta":{"_ayudawp_aiss_exclude":false,"footnotes":""},"categories":[69],"tags":[],"class_list":["post-7282","post","type-post","status-publish","format-standard","has-post-thumbnail","hentry","category-partilha-de-conhecimentos"],"yoast_head":"<!-- This site is optimized with the Yoast SEO plugin v27.4 - https:\/\/yoast.com\/product\/yoast-seo-wordpress\/ -->\n<title>Alerta: Quando a sa\u00fade p\u00fablica perde o seu conhecimento m\u00e9dico<\/title>\n<meta name=\"description\" content=\"A sa\u00fade p\u00fablica alerta para a perda de conhecimentos m\u00e9dicos, indispens\u00e1veis para garantir cuidados de qualidade e preservar o nosso patrim\u00f3nio m\u00e9dico.\" \/>\n<meta name=\"robots\" content=\"index, follow, max-snippet:-1, max-image-preview:large, max-video-preview:-1\" \/>\n<link rel=\"canonical\" href=\"https:\/\/www.alumni.space\/pt-pt\/a-saude-publica-em-alerta-face-a-perda-de-conhecimentos-medicos\/\" \/>\n<meta property=\"og:locale\" content=\"pt_PT\" \/>\n<meta property=\"og:type\" content=\"article\" \/>\n<meta property=\"og:title\" content=\"Alerta: Quando a sa\u00fade p\u00fablica perde o seu conhecimento m\u00e9dico\" \/>\n<meta property=\"og:description\" content=\"A sa\u00fade p\u00fablica alerta para a perda de conhecimentos m\u00e9dicos, indispens\u00e1veis para garantir cuidados de qualidade e preservar o nosso patrim\u00f3nio m\u00e9dico.\" \/>\n<meta property=\"og:url\" content=\"https:\/\/www.alumni.space\/pt-pt\/a-saude-publica-em-alerta-face-a-perda-de-conhecimentos-medicos\/\" \/>\n<meta property=\"og:site_name\" content=\"Alumni.space\" \/>\n<meta property=\"article:published_time\" content=\"2025-01-12T03:21:54+00:00\" \/>\n<meta property=\"article:modified_time\" content=\"2026-04-02T12:09:05+00:00\" \/>\n<meta property=\"og:image\" content=\"https:\/\/www.alumni.space\/wp-content\/uploads\/2026\/03\/La-sante-publique-en-alerte-face-a-la-perte-de-savoir-medical.jpg\" \/>\n\t<meta property=\"og:image:width\" content=\"1280\" \/>\n\t<meta property=\"og:image:height\" content=\"768\" \/>\n\t<meta property=\"og:image:type\" content=\"image\/jpeg\" \/>\n<meta name=\"author\" content=\"admin\" \/>\n<meta name=\"twitter:card\" content=\"summary_large_image\" \/>\n<meta name=\"twitter:label1\" content=\"Escrito por\" \/>\n\t<meta name=\"twitter:data1\" content=\"admin\" \/>\n\t<meta name=\"twitter:label2\" content=\"Tempo estimado de leitura\" \/>\n\t<meta name=\"twitter:data2\" content=\"5 minutos\" \/>\n<script type=\"application\/ld+json\" class=\"yoast-schema-graph\">{\"@context\":\"https:\\\/\\\/schema.org\",\"@graph\":[{\"@type\":\"Article\",\"@id\":\"https:\\\/\\\/www.alumni.space\\\/pt-pt\\\/a-saude-publica-em-alerta-face-a-perda-de-conhecimentos-medicos\\\/#article\",\"isPartOf\":{\"@id\":\"https:\\\/\\\/www.alumni.space\\\/pt-pt\\\/a-saude-publica-em-alerta-face-a-perda-de-conhecimentos-medicos\\\/\"},\"author\":{\"name\":\"admin\",\"@id\":\"https:\\\/\\\/www.alumni.space\\\/pt-pt\\\/#\\\/schema\\\/person\\\/fede362a57876edda476a61f05ce5b15\"},\"headline\":\"A sa\u00fade p\u00fablica em alerta face \u00e0 perda de conhecimentos m\u00e9dicos\",\"datePublished\":\"2025-01-12T03:21:54+00:00\",\"dateModified\":\"2026-04-02T12:09:05+00:00\",\"mainEntityOfPage\":{\"@id\":\"https:\\\/\\\/www.alumni.space\\\/pt-pt\\\/a-saude-publica-em-alerta-face-a-perda-de-conhecimentos-medicos\\\/\"},\"wordCount\":994,\"image\":{\"@id\":\"https:\\\/\\\/www.alumni.space\\\/pt-pt\\\/a-saude-publica-em-alerta-face-a-perda-de-conhecimentos-medicos\\\/#primaryimage\"},\"thumbnailUrl\":\"https:\\\/\\\/www.alumni.space\\\/wp-content\\\/uploads\\\/2026\\\/03\\\/La-sante-publique-en-alerte-face-a-la-perte-de-savoir-medical.jpg\",\"articleSection\":[\"Partilha de conhecimentos\"],\"inLanguage\":\"pt-PT\"},{\"@type\":\"WebPage\",\"@id\":\"https:\\\/\\\/www.alumni.space\\\/pt-pt\\\/a-saude-publica-em-alerta-face-a-perda-de-conhecimentos-medicos\\\/\",\"url\":\"https:\\\/\\\/www.alumni.space\\\/pt-pt\\\/a-saude-publica-em-alerta-face-a-perda-de-conhecimentos-medicos\\\/\",\"name\":\"Alerta: Quando a sa\u00fade p\u00fablica perde o seu conhecimento m\u00e9dico\",\"isPartOf\":{\"@id\":\"https:\\\/\\\/www.alumni.space\\\/pt-pt\\\/#website\"},\"primaryImageOfPage\":{\"@id\":\"https:\\\/\\\/www.alumni.space\\\/pt-pt\\\/a-saude-publica-em-alerta-face-a-perda-de-conhecimentos-medicos\\\/#primaryimage\"},\"image\":{\"@id\":\"https:\\\/\\\/www.alumni.space\\\/pt-pt\\\/a-saude-publica-em-alerta-face-a-perda-de-conhecimentos-medicos\\\/#primaryimage\"},\"thumbnailUrl\":\"https:\\\/\\\/www.alumni.space\\\/wp-content\\\/uploads\\\/2026\\\/03\\\/La-sante-publique-en-alerte-face-a-la-perte-de-savoir-medical.jpg\",\"datePublished\":\"2025-01-12T03:21:54+00:00\",\"dateModified\":\"2026-04-02T12:09:05+00:00\",\"author\":{\"@id\":\"https:\\\/\\\/www.alumni.space\\\/pt-pt\\\/#\\\/schema\\\/person\\\/fede362a57876edda476a61f05ce5b15\"},\"description\":\"A sa\u00fade p\u00fablica alerta para a perda de conhecimentos m\u00e9dicos, indispens\u00e1veis para garantir cuidados de qualidade e preservar o nosso patrim\u00f3nio m\u00e9dico.\",\"breadcrumb\":{\"@id\":\"https:\\\/\\\/www.alumni.space\\\/pt-pt\\\/a-saude-publica-em-alerta-face-a-perda-de-conhecimentos-medicos\\\/#breadcrumb\"},\"inLanguage\":\"pt-PT\",\"potentialAction\":[{\"@type\":\"ReadAction\",\"target\":[\"https:\\\/\\\/www.alumni.space\\\/pt-pt\\\/a-saude-publica-em-alerta-face-a-perda-de-conhecimentos-medicos\\\/\"]}]},{\"@type\":\"ImageObject\",\"inLanguage\":\"pt-PT\",\"@id\":\"https:\\\/\\\/www.alumni.space\\\/pt-pt\\\/a-saude-publica-em-alerta-face-a-perda-de-conhecimentos-medicos\\\/#primaryimage\",\"url\":\"https:\\\/\\\/www.alumni.space\\\/wp-content\\\/uploads\\\/2026\\\/03\\\/La-sante-publique-en-alerte-face-a-la-perte-de-savoir-medical.jpg\",\"contentUrl\":\"https:\\\/\\\/www.alumni.space\\\/wp-content\\\/uploads\\\/2026\\\/03\\\/La-sante-publique-en-alerte-face-a-la-perte-de-savoir-medical.jpg\",\"width\":1280,\"height\":768,\"caption\":\"Descobre mais sobre as quest\u00f5es cr\u00edticas que a sa\u00fade p\u00fablica enfrenta face \u00e0 crescente perda de conhecimentos m\u00e9dicos e o que pode ser feito para preservar os conhecimentos essenciais.\"},{\"@type\":\"BreadcrumbList\",\"@id\":\"https:\\\/\\\/www.alumni.space\\\/pt-pt\\\/a-saude-publica-em-alerta-face-a-perda-de-conhecimentos-medicos\\\/#breadcrumb\",\"itemListElement\":[{\"@type\":\"ListItem\",\"position\":1,\"name\":\"Home\",\"item\":\"https:\\\/\\\/www.alumni.space\\\/pt-pt\\\/plataforma-de-gestao-de-mentores-e-antigos-alunos\\\/\"},{\"@type\":\"ListItem\",\"position\":2,\"name\":\"A sa\u00fade p\u00fablica em alerta face \u00e0 perda de conhecimentos m\u00e9dicos\"}]},{\"@type\":\"WebSite\",\"@id\":\"https:\\\/\\\/www.alumni.space\\\/pt-pt\\\/#website\",\"url\":\"https:\\\/\\\/www.alumni.space\\\/pt-pt\\\/\",\"name\":\"Alumni.space\",\"description\":\"My WordPress Blog\",\"potentialAction\":[{\"@type\":\"SearchAction\",\"target\":{\"@type\":\"EntryPoint\",\"urlTemplate\":\"https:\\\/\\\/www.alumni.space\\\/pt-pt\\\/?s={search_term_string}\"},\"query-input\":{\"@type\":\"PropertyValueSpecification\",\"valueRequired\":true,\"valueName\":\"search_term_string\"}}],\"inLanguage\":\"pt-PT\"},{\"@type\":\"Person\",\"@id\":\"https:\\\/\\\/www.alumni.space\\\/pt-pt\\\/#\\\/schema\\\/person\\\/fede362a57876edda476a61f05ce5b15\",\"name\":\"admin\",\"image\":{\"@type\":\"ImageObject\",\"inLanguage\":\"pt-PT\",\"@id\":\"https:\\\/\\\/secure.gravatar.com\\\/avatar\\\/318e234ae94f90d4d629428d6b983c08e31181c28f579e08a021180d759ea651?s=96&d=mm&r=g\",\"url\":\"https:\\\/\\\/secure.gravatar.com\\\/avatar\\\/318e234ae94f90d4d629428d6b983c08e31181c28f579e08a021180d759ea651?s=96&d=mm&r=g\",\"contentUrl\":\"https:\\\/\\\/secure.gravatar.com\\\/avatar\\\/318e234ae94f90d4d629428d6b983c08e31181c28f579e08a021180d759ea651?s=96&d=mm&r=g\",\"caption\":\"admin\"},\"description\":\"Nicolas Laustriat a construit sa sp\u00e9cialit\u00e9 sur un sujet que beaucoup d\u2019organisations d\u00e9couvrent trop tard : ce qui dispara\u00eet quand les gens partent. Dipl\u00f4m\u00e9 en conception de produit industriel, il bifurque vers le digital fin 1996, il couvre les transformations marques, RH, la fid\u00e9lisation, la marque employeur. Sur le terrain, il rep\u00e8re un angle mort r\u00e9current : l\u2019entreprise investit dans le recrutement, la formation, les process\u2026 puis laisse filer le lien au moment du d\u00e9part, avec une perte de savoir et d\u2019influence qui se paie en silence. Il se sp\u00e9cialise alors sur les communaut\u00e9s d\u2019alumni, le mentorat, l\u2019entraide interg\u00e9n\u00e9rationnelle et la transmission d\u2019expertise. Il passe du \u201cconstat\u201d aux m\u00e9thodes : animation, gouvernance, segmentation, rituels, mesure d\u2019engagement, articulation avec la RSE et l\u2019employabilit\u00e9. Il interviewe DRH, responsables formation, directions d\u2019\u00e9coles, associations et fondations, avec une obsession : transformer un r\u00e9seau dormant en m\u00e9canisme utile (cooptation, mentorat, job board, entraide, \u00e9v\u00e9nements, contenus). Son style : direct, orient\u00e9 action, sans folklore. Sa conviction : une communaut\u00e9 n\u2019a pas besoin de bruit, elle a besoin de raisons de revenir.\",\"sameAs\":[\"https:\\\/\\\/www.alumni.space\"]}]}<\/script>\n<!-- \/ Yoast SEO plugin. -->","yoast_head_json":{"title":"Alerta: Quando a sa\u00fade p\u00fablica perde o seu conhecimento m\u00e9dico","description":"A sa\u00fade p\u00fablica alerta para a perda de conhecimentos m\u00e9dicos, indispens\u00e1veis para garantir cuidados de qualidade e preservar o nosso patrim\u00f3nio m\u00e9dico.","robots":{"index":"index","follow":"follow","max-snippet":"max-snippet:-1","max-image-preview":"max-image-preview:large","max-video-preview":"max-video-preview:-1"},"canonical":"https:\/\/www.alumni.space\/pt-pt\/a-saude-publica-em-alerta-face-a-perda-de-conhecimentos-medicos\/","og_locale":"pt_PT","og_type":"article","og_title":"Alerta: Quando a sa\u00fade p\u00fablica perde o seu conhecimento m\u00e9dico","og_description":"A sa\u00fade p\u00fablica alerta para a perda de conhecimentos m\u00e9dicos, indispens\u00e1veis para garantir cuidados de qualidade e preservar o nosso patrim\u00f3nio m\u00e9dico.","og_url":"https:\/\/www.alumni.space\/pt-pt\/a-saude-publica-em-alerta-face-a-perda-de-conhecimentos-medicos\/","og_site_name":"Alumni.space","article_published_time":"2025-01-12T03:21:54+00:00","article_modified_time":"2026-04-02T12:09:05+00:00","og_image":[{"width":1280,"height":768,"url":"https:\/\/www.alumni.space\/wp-content\/uploads\/2026\/03\/La-sante-publique-en-alerte-face-a-la-perte-de-savoir-medical.jpg","type":"image\/jpeg"}],"author":"admin","twitter_card":"summary_large_image","twitter_misc":{"Escrito por":"admin","Tempo estimado de leitura":"5 minutos"},"schema":{"@context":"https:\/\/schema.org","@graph":[{"@type":"Article","@id":"https:\/\/www.alumni.space\/pt-pt\/a-saude-publica-em-alerta-face-a-perda-de-conhecimentos-medicos\/#article","isPartOf":{"@id":"https:\/\/www.alumni.space\/pt-pt\/a-saude-publica-em-alerta-face-a-perda-de-conhecimentos-medicos\/"},"author":{"name":"admin","@id":"https:\/\/www.alumni.space\/pt-pt\/#\/schema\/person\/fede362a57876edda476a61f05ce5b15"},"headline":"A sa\u00fade p\u00fablica em alerta face \u00e0 perda de conhecimentos m\u00e9dicos","datePublished":"2025-01-12T03:21:54+00:00","dateModified":"2026-04-02T12:09:05+00:00","mainEntityOfPage":{"@id":"https:\/\/www.alumni.space\/pt-pt\/a-saude-publica-em-alerta-face-a-perda-de-conhecimentos-medicos\/"},"wordCount":994,"image":{"@id":"https:\/\/www.alumni.space\/pt-pt\/a-saude-publica-em-alerta-face-a-perda-de-conhecimentos-medicos\/#primaryimage"},"thumbnailUrl":"https:\/\/www.alumni.space\/wp-content\/uploads\/2026\/03\/La-sante-publique-en-alerte-face-a-la-perte-de-savoir-medical.jpg","articleSection":["Partilha de conhecimentos"],"inLanguage":"pt-PT"},{"@type":"WebPage","@id":"https:\/\/www.alumni.space\/pt-pt\/a-saude-publica-em-alerta-face-a-perda-de-conhecimentos-medicos\/","url":"https:\/\/www.alumni.space\/pt-pt\/a-saude-publica-em-alerta-face-a-perda-de-conhecimentos-medicos\/","name":"Alerta: Quando a sa\u00fade p\u00fablica perde o seu conhecimento m\u00e9dico","isPartOf":{"@id":"https:\/\/www.alumni.space\/pt-pt\/#website"},"primaryImageOfPage":{"@id":"https:\/\/www.alumni.space\/pt-pt\/a-saude-publica-em-alerta-face-a-perda-de-conhecimentos-medicos\/#primaryimage"},"image":{"@id":"https:\/\/www.alumni.space\/pt-pt\/a-saude-publica-em-alerta-face-a-perda-de-conhecimentos-medicos\/#primaryimage"},"thumbnailUrl":"https:\/\/www.alumni.space\/wp-content\/uploads\/2026\/03\/La-sante-publique-en-alerte-face-a-la-perte-de-savoir-medical.jpg","datePublished":"2025-01-12T03:21:54+00:00","dateModified":"2026-04-02T12:09:05+00:00","author":{"@id":"https:\/\/www.alumni.space\/pt-pt\/#\/schema\/person\/fede362a57876edda476a61f05ce5b15"},"description":"A sa\u00fade p\u00fablica alerta para a perda de conhecimentos m\u00e9dicos, indispens\u00e1veis para garantir cuidados de qualidade e preservar o nosso patrim\u00f3nio m\u00e9dico.","breadcrumb":{"@id":"https:\/\/www.alumni.space\/pt-pt\/a-saude-publica-em-alerta-face-a-perda-de-conhecimentos-medicos\/#breadcrumb"},"inLanguage":"pt-PT","potentialAction":[{"@type":"ReadAction","target":["https:\/\/www.alumni.space\/pt-pt\/a-saude-publica-em-alerta-face-a-perda-de-conhecimentos-medicos\/"]}]},{"@type":"ImageObject","inLanguage":"pt-PT","@id":"https:\/\/www.alumni.space\/pt-pt\/a-saude-publica-em-alerta-face-a-perda-de-conhecimentos-medicos\/#primaryimage","url":"https:\/\/www.alumni.space\/wp-content\/uploads\/2026\/03\/La-sante-publique-en-alerte-face-a-la-perte-de-savoir-medical.jpg","contentUrl":"https:\/\/www.alumni.space\/wp-content\/uploads\/2026\/03\/La-sante-publique-en-alerte-face-a-la-perte-de-savoir-medical.jpg","width":1280,"height":768,"caption":"Descobre mais sobre as quest\u00f5es cr\u00edticas que a sa\u00fade p\u00fablica enfrenta face \u00e0 crescente perda de conhecimentos m\u00e9dicos e o que pode ser feito para preservar os conhecimentos essenciais."},{"@type":"BreadcrumbList","@id":"https:\/\/www.alumni.space\/pt-pt\/a-saude-publica-em-alerta-face-a-perda-de-conhecimentos-medicos\/#breadcrumb","itemListElement":[{"@type":"ListItem","position":1,"name":"Home","item":"https:\/\/www.alumni.space\/pt-pt\/plataforma-de-gestao-de-mentores-e-antigos-alunos\/"},{"@type":"ListItem","position":2,"name":"A sa\u00fade p\u00fablica em alerta face \u00e0 perda de conhecimentos m\u00e9dicos"}]},{"@type":"WebSite","@id":"https:\/\/www.alumni.space\/pt-pt\/#website","url":"https:\/\/www.alumni.space\/pt-pt\/","name":"Alumni.space","description":"My WordPress Blog","potentialAction":[{"@type":"SearchAction","target":{"@type":"EntryPoint","urlTemplate":"https:\/\/www.alumni.space\/pt-pt\/?s={search_term_string}"},"query-input":{"@type":"PropertyValueSpecification","valueRequired":true,"valueName":"search_term_string"}}],"inLanguage":"pt-PT"},{"@type":"Person","@id":"https:\/\/www.alumni.space\/pt-pt\/#\/schema\/person\/fede362a57876edda476a61f05ce5b15","name":"admin","image":{"@type":"ImageObject","inLanguage":"pt-PT","@id":"https:\/\/secure.gravatar.com\/avatar\/318e234ae94f90d4d629428d6b983c08e31181c28f579e08a021180d759ea651?s=96&d=mm&r=g","url":"https:\/\/secure.gravatar.com\/avatar\/318e234ae94f90d4d629428d6b983c08e31181c28f579e08a021180d759ea651?s=96&d=mm&r=g","contentUrl":"https:\/\/secure.gravatar.com\/avatar\/318e234ae94f90d4d629428d6b983c08e31181c28f579e08a021180d759ea651?s=96&d=mm&r=g","caption":"admin"},"description":"Nicolas Laustriat a construit sa sp\u00e9cialit\u00e9 sur un sujet que beaucoup d\u2019organisations d\u00e9couvrent trop tard : ce qui dispara\u00eet quand les gens partent. Dipl\u00f4m\u00e9 en conception de produit industriel, il bifurque vers le digital fin 1996, il couvre les transformations marques, RH, la fid\u00e9lisation, la marque employeur. Sur le terrain, il rep\u00e8re un angle mort r\u00e9current : l\u2019entreprise investit dans le recrutement, la formation, les process\u2026 puis laisse filer le lien au moment du d\u00e9part, avec une perte de savoir et d\u2019influence qui se paie en silence. Il se sp\u00e9cialise alors sur les communaut\u00e9s d\u2019alumni, le mentorat, l\u2019entraide interg\u00e9n\u00e9rationnelle et la transmission d\u2019expertise. Il passe du \u201cconstat\u201d aux m\u00e9thodes : animation, gouvernance, segmentation, rituels, mesure d\u2019engagement, articulation avec la RSE et l\u2019employabilit\u00e9. Il interviewe DRH, responsables formation, directions d\u2019\u00e9coles, associations et fondations, avec une obsession : transformer un r\u00e9seau dormant en m\u00e9canisme utile (cooptation, mentorat, job board, entraide, \u00e9v\u00e9nements, contenus). Son style : direct, orient\u00e9 action, sans folklore. Sa conviction : une communaut\u00e9 n\u2019a pas besoin de bruit, elle a besoin de raisons de revenir.","sameAs":["https:\/\/www.alumni.space"]}]}},"_links":{"self":[{"href":"https:\/\/www.alumni.space\/pt-pt\/wp-json\/wp\/v2\/posts\/7282","targetHints":{"allow":["GET"]}}],"collection":[{"href":"https:\/\/www.alumni.space\/pt-pt\/wp-json\/wp\/v2\/posts"}],"about":[{"href":"https:\/\/www.alumni.space\/pt-pt\/wp-json\/wp\/v2\/types\/post"}],"author":[{"embeddable":true,"href":"https:\/\/www.alumni.space\/pt-pt\/wp-json\/wp\/v2\/users\/1"}],"replies":[{"embeddable":true,"href":"https:\/\/www.alumni.space\/pt-pt\/wp-json\/wp\/v2\/comments?post=7282"}],"version-history":[{"count":1,"href":"https:\/\/www.alumni.space\/pt-pt\/wp-json\/wp\/v2\/posts\/7282\/revisions"}],"predecessor-version":[{"id":7286,"href":"https:\/\/www.alumni.space\/pt-pt\/wp-json\/wp\/v2\/posts\/7282\/revisions\/7286"}],"wp:featuredmedia":[{"embeddable":true,"href":"https:\/\/www.alumni.space\/pt-pt\/wp-json\/wp\/v2\/media\/7284"}],"wp:attachment":[{"href":"https:\/\/www.alumni.space\/pt-pt\/wp-json\/wp\/v2\/media?parent=7282"}],"wp:term":[{"taxonomy":"category","embeddable":true,"href":"https:\/\/www.alumni.space\/pt-pt\/wp-json\/wp\/v2\/categories?post=7282"},{"taxonomy":"post_tag","embeddable":true,"href":"https:\/\/www.alumni.space\/pt-pt\/wp-json\/wp\/v2\/tags?post=7282"}],"curies":[{"name":"wp","href":"https:\/\/api.w.org\/{rel}","templated":true}]}}