{"id":7250,"date":"2024-11-23T10:03:39","date_gmt":"2024-11-23T10:03:39","guid":{"rendered":"https:\/\/www.alumni.space\/a-tutoria-como-alavanca-para-a-igualdade-de-oportunidades\/"},"modified":"2026-04-02T12:08:43","modified_gmt":"2026-04-02T12:08:43","slug":"a-tutoria-como-alavanca-para-a-igualdade-de-oportunidades","status":"publish","type":"post","link":"https:\/\/www.alumni.space\/pt-pt\/a-tutoria-como-alavanca-para-a-igualdade-de-oportunidades\/","title":{"rendered":"A tutoria como alavanca para a igualdade de oportunidades"},"content":{"rendered":"<p>O mundo profissional de 2026 exigir\u00e1 uma agilidade sem precedentes para quebrar os tectos de vidro que ainda ret\u00eam demasiadas pessoas talentosas. Imagina uma organiza\u00e7\u00e3o onde o conhecimento circula sem entraves, onde cada percurso profissional encontra um eco e uma m\u00e3o estendida. Este cen\u00e1rio ideal est\u00e1 a tornar-se realidade gra\u00e7as a uma abordagem estruturada da transmiss\u00e3o. <strong>O mentoring<\/strong> surge agora como o motor de uma transforma\u00e7\u00e3o profunda, fazendo com que o potencial individual deixe de se confrontar com a aus\u00eancia de uma rede ou de c\u00f3digos sociais.   <\/p><div id=\"ez-toc-container\" class=\"ez-toc-v2_0_82_2 counter-flat ez-toc-counter ez-toc-grey ez-toc-container-direction\">\n<div class=\"ez-toc-title-container\"><p class=\"ez-toc-title\" style=\"cursor:inherit\">\u00cdndice deste artigo:<\/p>\n<\/div><nav><ul class='ez-toc-list ez-toc-list-level-1 ' ><li class='ez-toc-page-1'><a class=\"ez-toc-link ez-toc-heading-1\" href=\"https:\/\/www.alumni.space\/pt-pt\/a-tutoria-como-alavanca-para-a-igualdade-de-oportunidades\/#Reduzir_a_perda_de_conhecimentos_e_aumentar_a_atratividade\" >Reduzir a perda de conhecimentos e aumentar a atratividade<\/a><\/li><li class='ez-toc-page-1'><a class=\"ez-toc-link ez-toc-heading-2\" href=\"https:\/\/www.alumni.space\/pt-pt\/a-tutoria-como-alavanca-para-a-igualdade-de-oportunidades\/#O_impacto_concreto_na_igualdade_de_oportunidades_e_na_diversidade\" >O impacto concreto na igualdade de oportunidades e na diversidade<\/a><\/li><li class='ez-toc-page-1'><a class=\"ez-toc-link ez-toc-heading-3\" href=\"https:\/\/www.alumni.space\/pt-pt\/a-tutoria-como-alavanca-para-a-igualdade-de-oportunidades\/#Implementar_uma_estrategia_ambiciosa_de_responsabilidade_social_das_empresas\" >Implementar uma estrat\u00e9gia ambiciosa de responsabilidade social das empresas<\/a><\/li><li class='ez-toc-page-1'><a class=\"ez-toc-link ez-toc-heading-4\" href=\"https:\/\/www.alumni.space\/pt-pt\/a-tutoria-como-alavanca-para-a-igualdade-de-oportunidades\/#Orientacao_e_apoio_para_um_desenvolvimento_pessoal_sustentavel\" >Orienta\u00e7\u00e3o e apoio para um desenvolvimento pessoal sustent\u00e1vel<\/a><\/li><li class='ez-toc-page-1'><a class=\"ez-toc-link ez-toc-heading-5\" href=\"https:\/\/www.alumni.space\/pt-pt\/a-tutoria-como-alavanca-para-a-igualdade-de-oportunidades\/#Passa_da_gestao_manual_para_a_lideranca_da_comunidade_industrial\" >Passa da gest\u00e3o manual para a lideran\u00e7a da comunidade industrial<\/a><\/li><\/ul><\/nav><\/div>\n<h2 class=\"wp-block-heading\"><span class=\"ez-toc-section\" id=\"Reduzir_a_perda_de_conhecimentos_e_aumentar_a_atratividade\"><\/span>Reduzir a perda de conhecimentos e aumentar a atratividade<span class=\"ez-toc-section-end\"><\/span><\/h2><p>A partida de um empregado experiente ou de um licenciado brilhante sem uma passagem de testemunho \u00e9 um desperd\u00edcio silencioso para qualquer organiza\u00e7\u00e3o. Esta perda de mem\u00f3ria atrasa a inova\u00e7\u00e3o e enfraquece a cultura interna. Ao utilizar uma ferramenta como o alumni.space, os decisores podem transformar este risco numa for\u00e7a colectiva. A plataforma centraliza os conhecimentos, facilita a coopta\u00e7\u00e3o e assegura uma continuidade de rela\u00e7\u00f5es que ultrapassa o simples per\u00edodo de um contrato de trabalho. Esta din\u00e2mica cria um forte sentimento de perten\u00e7a e os antigos alunos tornam-se os melhores embaixadores da marca.    <\/p><figure class=\"wp-block-image size-full\"><img decoding=\"async\" width=\"1280\" height=\"768\" src=\"https:\/\/www.alumni.space\/wp-content\/uploads\/2026\/03\/Le-mentorat-comme-levier-degalite-des-chances-1.jpg\" data-orig-src=\"https:\/\/www.alumni.space\/wp-content\/uploads\/2026\/03\/Le-mentorat-comme-levier-degalite-des-chances-1.jpg\" alt=\"descobre como a tutoria pode tornar-se uma alavanca poderosa para promover a igualdade de oportunidades e fomentar a inclus\u00e3o social.\" class=\"lazyload wp-image-3477\" srcset=\"data:image\/svg+xml,%3Csvg%20xmlns%3D%27http%3A%2F%2Fwww.w3.org%2F2000%2Fsvg%27%20width%3D%271280%27%20height%3D%27768%27%20viewBox%3D%270%200%201280%20768%27%3E%3Crect%20width%3D%271280%27%20height%3D%27768%27%20fill-opacity%3D%220%22%2F%3E%3C%2Fsvg%3E\" data-srcset=\"https:\/\/www.alumni.space\/wp-content\/uploads\/2026\/03\/Le-mentorat-comme-levier-degalite-des-chances-1-200x120.jpg 200w, https:\/\/www.alumni.space\/wp-content\/uploads\/2026\/03\/Le-mentorat-comme-levier-degalite-des-chances-1-300x180.jpg 300w, https:\/\/www.alumni.space\/wp-content\/uploads\/2026\/03\/Le-mentorat-comme-levier-degalite-des-chances-1-400x240.jpg 400w, https:\/\/www.alumni.space\/wp-content\/uploads\/2026\/03\/Le-mentorat-comme-levier-degalite-des-chances-1-600x360.jpg 600w, https:\/\/www.alumni.space\/wp-content\/uploads\/2026\/03\/Le-mentorat-comme-levier-degalite-des-chances-1-768x461.jpg 768w, https:\/\/www.alumni.space\/wp-content\/uploads\/2026\/03\/Le-mentorat-comme-levier-degalite-des-chances-1-800x480.jpg 800w, https:\/\/www.alumni.space\/wp-content\/uploads\/2026\/03\/Le-mentorat-comme-levier-degalite-des-chances-1-1024x614.jpg 1024w, https:\/\/www.alumni.space\/wp-content\/uploads\/2026\/03\/Le-mentorat-comme-levier-degalite-des-chances-1-1200x720.jpg 1200w, https:\/\/www.alumni.space\/wp-content\/uploads\/2026\/03\/Le-mentorat-comme-levier-degalite-des-chances-1.jpg 1280w\" data-sizes=\"auto\" data-orig-sizes=\"(max-width: 1280px) 100vw, 1280px\" \/><\/figure><h3 class=\"wp-block-heading\"><span class=\"ez-toc-section\" id=\"O_impacto_concreto_na_igualdade_de_oportunidades_e_na_diversidade\"><\/span>O impacto concreto na igualdade de oportunidades e na diversidade<span class=\"ez-toc-section-end\"><\/span><\/h3><p>A promo\u00e7\u00e3o da<strong>igualdade de oportunidades<\/strong> exige muito mais do que uma ret\u00f3rica encantat\u00f3ria. Requer ferramentas capazes de criar liga\u00e7\u00f5es onde elas n\u00e3o existem naturalmente. Um sistema digital de alto desempenho permite que perfis de diferentes origens se juntem, oferecendo <strong>oportunidades<\/strong> iguais de sucesso. A verdadeira<strong>inclus\u00e3o<\/strong> nasce desta rede, onde <strong>o trabalho em rede<\/strong> j\u00e1 n\u00e3o se limita a um c\u00edrculo de iniciados, mas est\u00e1 aberto a toda a comunidade. Tendo isto em mente, descobrir como <a href=\"https:\/\/www.alumni.space\/pt-pt\/5-exemplos-de-grandes-empresas-que-tiveram-sucesso-gracas-ao-mentoring\/\">as empresas est\u00e3o a ter sucesso com o seu mentoring<\/a> permite-nos ver os benef\u00edcios diretos para a <strong>diversidade<\/strong> da for\u00e7a de trabalho.    <\/p><h2 class=\"wp-block-heading\"><span class=\"ez-toc-section\" id=\"Implementar_uma_estrategia_ambiciosa_de_responsabilidade_social_das_empresas\"><\/span>Implementar uma estrat\u00e9gia ambiciosa de responsabilidade social das empresas<span class=\"ez-toc-section-end\"><\/span><\/h2><p>A implementa\u00e7\u00e3o de um espa\u00e7o dedicado aos antigos alunos e \u00e0 transmiss\u00e3o de experi\u00eancias transforma a vis\u00e3o tradicional da responsabilidade social. Esta abordagem estende o compromisso da empresa para al\u00e9m dos limites do contrato de trabalho. Incentiva a partilha de know-how, a integra\u00e7\u00e3o de todos os perfis e o refor\u00e7o da empregabilidade a longo prazo. Ao valorizar os percursos profissionais anteriores, a organiza\u00e7\u00e3o garante que os conhecimentos cr\u00edticos circulam sem entraves. Esta cultura de cuidado e de progress\u00e3o facilita a chegada de novos recrutas e aumenta o n\u00famero de vozes cred\u00edveis para a marca do empregador. As estat\u00edsticas de participa\u00e7\u00e3o e as horas de partilha fornecem medidas de impacto precisas para orientar a estrat\u00e9gia social.     <\/p><h3 class=\"wp-block-heading\"><span class=\"ez-toc-section\" id=\"Orientacao_e_apoio_para_um_desenvolvimento_pessoal_sustentavel\"><\/span>Orienta\u00e7\u00e3o e apoio para um desenvolvimento pessoal sustent\u00e1vel<span class=\"ez-toc-section-end\"><\/span><\/h3><p>A parceria de partilha baseia-se na confian\u00e7a m\u00fatua, que \u00e9 essencial. <strong>Um apoio<\/strong> de elevada qualidade assegura o percurso profissional do mentorando, ao mesmo tempo que melhora a experi\u00eancia do mentor. Este c\u00edrculo virtuoso refor\u00e7a a<strong>igualdade<\/strong> profissional, oferecendo <strong>um apoio<\/strong> personalizado em momentos-chave da carreira. Para os jovens licenciados ou pessoas em processo de reconvers\u00e3o profissional, esta ajuda acelera <strong>o desenvolvimento pessoal<\/strong> e a aquisi\u00e7\u00e3o de compet\u00eancias transversais essenciais. As organiza\u00e7\u00f5es que investem na <a href=\"https:\/\/www.alumni.space\/pt-pt\/porque-e-que-a-tutoria-e-essencial-para-os-jovens-profissionais\/\">tutoria de jovens profissionais<\/a> registam uma redu\u00e7\u00e3o significativa da rota\u00e7\u00e3o de pessoal e um maior empenho desde os primeiros meses.    <\/p><h2 class=\"wp-block-heading\"><span class=\"ez-toc-section\" id=\"Passa_da_gestao_manual_para_a_lideranca_da_comunidade_industrial\"><\/span>Passa da gest\u00e3o manual para a lideran\u00e7a da comunidade industrial<span class=\"ez-toc-section-end\"><\/span><\/h2><p>\u00c9 imposs\u00edvel gerir estes interc\u00e2mbios atrav\u00e9s de uma folha de c\u00e1lculo convencional assim que a dimens\u00e3o da comunidade aumenta. Industrializar o processo atrav\u00e9s de uma solu\u00e7\u00e3o SaaS permite gerir os perfis, automatizar as apresenta\u00e7\u00f5es e monitorizar os KPI em tempo real. Este m\u00e9todo liberta tempo aos gestores de RH ou de associa\u00e7\u00f5es, que podem ent\u00e3o concentrar-se na oferta de entretenimento e de conte\u00fados de elevado valor acrescentado. Criar eventos, distribuir ofertas exclusivas ou partilhar recursos documentais torna-se uma brincadeira de crian\u00e7as. O objetivo final continua a ser claro: transformar um diret\u00f3rio est\u00e1tico num ecossistema vivo, de aprendizagem e de apoio.    <\/p><p>Est\u00e1s pronto para transformar a tua rede numa verdadeira alavanca de crescimento social? Para descobrir como automatizar os teus programas e medir o teu impacto social, o pr\u00f3ximo passo \u00e9 p\u00f4r as nossas solu\u00e7\u00f5es \u00e0 prova. <\/p><p><strong>Solicita uma demonstra\u00e7\u00e3o<\/strong><\/p>","protected":false},"excerpt":{"rendered":"<p>O mundo profissional de 2026 exigir\u00e1 uma agilidade sem precedentes  [&#8230;]<\/p>\n","protected":false},"author":1,"featured_media":7252,"comment_status":"closed","ping_status":"","sticky":false,"template":"","format":"standard","meta":{"_ayudawp_aiss_exclude":false,"footnotes":""},"categories":[68],"tags":[],"class_list":["post-7250","post","type-post","status-publish","format-standard","has-post-thumbnail","hentry","category-mentoria"],"yoast_head":"<!-- This site is optimized with the Yoast SEO plugin v27.4 - https:\/\/yoast.com\/product\/yoast-seo-wordpress\/ -->\n<title>Mentoria: uma alavanca fundamental para a igualdade de oportunidades<\/title>\n<meta name=\"description\" content=\"Descobre como a tutoria promove a igualdade de oportunidades, ajudando todos a alcan\u00e7ar o sucesso e a realiza\u00e7\u00e3o pessoal.\" \/>\n<meta name=\"robots\" content=\"index, follow, max-snippet:-1, max-image-preview:large, max-video-preview:-1\" \/>\n<link rel=\"canonical\" href=\"https:\/\/www.alumni.space\/pt-pt\/a-tutoria-como-alavanca-para-a-igualdade-de-oportunidades\/\" \/>\n<meta property=\"og:locale\" content=\"pt_PT\" \/>\n<meta property=\"og:type\" content=\"article\" \/>\n<meta property=\"og:title\" content=\"Mentoria: uma alavanca fundamental para a igualdade de oportunidades\" \/>\n<meta property=\"og:description\" content=\"Descobre como a tutoria promove a igualdade de oportunidades, ajudando todos a alcan\u00e7ar o sucesso e a realiza\u00e7\u00e3o pessoal.\" \/>\n<meta property=\"og:url\" content=\"https:\/\/www.alumni.space\/pt-pt\/a-tutoria-como-alavanca-para-a-igualdade-de-oportunidades\/\" \/>\n<meta property=\"og:site_name\" content=\"Alumni.space\" \/>\n<meta property=\"article:published_time\" content=\"2024-11-23T10:03:39+00:00\" \/>\n<meta property=\"article:modified_time\" content=\"2026-04-02T12:08:43+00:00\" \/>\n<meta property=\"og:image\" content=\"https:\/\/www.alumni.space\/wp-content\/uploads\/2026\/03\/Le-mentorat-comme-levier-degalite-des-chances.jpg\" \/>\n\t<meta property=\"og:image:width\" content=\"1280\" \/>\n\t<meta property=\"og:image:height\" content=\"768\" \/>\n\t<meta property=\"og:image:type\" content=\"image\/jpeg\" \/>\n<meta name=\"author\" content=\"admin\" \/>\n<meta name=\"twitter:card\" content=\"summary_large_image\" \/>\n<meta name=\"twitter:label1\" content=\"Escrito por\" \/>\n\t<meta name=\"twitter:data1\" content=\"admin\" \/>\n\t<meta name=\"twitter:label2\" content=\"Tempo estimado de leitura\" \/>\n\t<meta name=\"twitter:data2\" content=\"4 minutos\" \/>\n<script type=\"application\/ld+json\" class=\"yoast-schema-graph\">{\"@context\":\"https:\\\/\\\/schema.org\",\"@graph\":[{\"@type\":\"Article\",\"@id\":\"https:\\\/\\\/www.alumni.space\\\/pt-pt\\\/a-tutoria-como-alavanca-para-a-igualdade-de-oportunidades\\\/#article\",\"isPartOf\":{\"@id\":\"https:\\\/\\\/www.alumni.space\\\/pt-pt\\\/a-tutoria-como-alavanca-para-a-igualdade-de-oportunidades\\\/\"},\"author\":{\"name\":\"admin\",\"@id\":\"https:\\\/\\\/www.alumni.space\\\/pt-pt\\\/#\\\/schema\\\/person\\\/fede362a57876edda476a61f05ce5b15\"},\"headline\":\"A tutoria como alavanca para a igualdade de oportunidades\",\"datePublished\":\"2024-11-23T10:03:39+00:00\",\"dateModified\":\"2026-04-02T12:08:43+00:00\",\"mainEntityOfPage\":{\"@id\":\"https:\\\/\\\/www.alumni.space\\\/pt-pt\\\/a-tutoria-como-alavanca-para-a-igualdade-de-oportunidades\\\/\"},\"wordCount\":756,\"image\":{\"@id\":\"https:\\\/\\\/www.alumni.space\\\/pt-pt\\\/a-tutoria-como-alavanca-para-a-igualdade-de-oportunidades\\\/#primaryimage\"},\"thumbnailUrl\":\"https:\\\/\\\/www.alumni.space\\\/wp-content\\\/uploads\\\/2026\\\/03\\\/Le-mentorat-comme-levier-degalite-des-chances.jpg\",\"articleSection\":[\"Mentoria\"],\"inLanguage\":\"pt-PT\"},{\"@type\":\"WebPage\",\"@id\":\"https:\\\/\\\/www.alumni.space\\\/pt-pt\\\/a-tutoria-como-alavanca-para-a-igualdade-de-oportunidades\\\/\",\"url\":\"https:\\\/\\\/www.alumni.space\\\/pt-pt\\\/a-tutoria-como-alavanca-para-a-igualdade-de-oportunidades\\\/\",\"name\":\"Mentoria: uma alavanca fundamental para a igualdade de oportunidades\",\"isPartOf\":{\"@id\":\"https:\\\/\\\/www.alumni.space\\\/pt-pt\\\/#website\"},\"primaryImageOfPage\":{\"@id\":\"https:\\\/\\\/www.alumni.space\\\/pt-pt\\\/a-tutoria-como-alavanca-para-a-igualdade-de-oportunidades\\\/#primaryimage\"},\"image\":{\"@id\":\"https:\\\/\\\/www.alumni.space\\\/pt-pt\\\/a-tutoria-como-alavanca-para-a-igualdade-de-oportunidades\\\/#primaryimage\"},\"thumbnailUrl\":\"https:\\\/\\\/www.alumni.space\\\/wp-content\\\/uploads\\\/2026\\\/03\\\/Le-mentorat-comme-levier-degalite-des-chances.jpg\",\"datePublished\":\"2024-11-23T10:03:39+00:00\",\"dateModified\":\"2026-04-02T12:08:43+00:00\",\"author\":{\"@id\":\"https:\\\/\\\/www.alumni.space\\\/pt-pt\\\/#\\\/schema\\\/person\\\/fede362a57876edda476a61f05ce5b15\"},\"description\":\"Descobre como a tutoria promove a igualdade de oportunidades, ajudando todos a alcan\u00e7ar o sucesso e a realiza\u00e7\u00e3o pessoal.\",\"breadcrumb\":{\"@id\":\"https:\\\/\\\/www.alumni.space\\\/pt-pt\\\/a-tutoria-como-alavanca-para-a-igualdade-de-oportunidades\\\/#breadcrumb\"},\"inLanguage\":\"pt-PT\",\"potentialAction\":[{\"@type\":\"ReadAction\",\"target\":[\"https:\\\/\\\/www.alumni.space\\\/pt-pt\\\/a-tutoria-como-alavanca-para-a-igualdade-de-oportunidades\\\/\"]}]},{\"@type\":\"ImageObject\",\"inLanguage\":\"pt-PT\",\"@id\":\"https:\\\/\\\/www.alumni.space\\\/pt-pt\\\/a-tutoria-como-alavanca-para-a-igualdade-de-oportunidades\\\/#primaryimage\",\"url\":\"https:\\\/\\\/www.alumni.space\\\/wp-content\\\/uploads\\\/2026\\\/03\\\/Le-mentorat-comme-levier-degalite-des-chances.jpg\",\"contentUrl\":\"https:\\\/\\\/www.alumni.space\\\/wp-content\\\/uploads\\\/2026\\\/03\\\/Le-mentorat-comme-levier-degalite-des-chances.jpg\",\"width\":1280,\"height\":768,\"caption\":\"descobre como a tutoria funciona como uma poderosa alavanca para promover a igualdade de oportunidades, acompanhando e apoiando os percursos profissionais e pessoais.\"},{\"@type\":\"BreadcrumbList\",\"@id\":\"https:\\\/\\\/www.alumni.space\\\/pt-pt\\\/a-tutoria-como-alavanca-para-a-igualdade-de-oportunidades\\\/#breadcrumb\",\"itemListElement\":[{\"@type\":\"ListItem\",\"position\":1,\"name\":\"Home\",\"item\":\"https:\\\/\\\/www.alumni.space\\\/pt-pt\\\/plataforma-de-gestao-de-mentores-e-antigos-alunos\\\/\"},{\"@type\":\"ListItem\",\"position\":2,\"name\":\"A tutoria como alavanca para a igualdade de oportunidades\"}]},{\"@type\":\"WebSite\",\"@id\":\"https:\\\/\\\/www.alumni.space\\\/pt-pt\\\/#website\",\"url\":\"https:\\\/\\\/www.alumni.space\\\/pt-pt\\\/\",\"name\":\"Alumni.space\",\"description\":\"My WordPress Blog\",\"potentialAction\":[{\"@type\":\"SearchAction\",\"target\":{\"@type\":\"EntryPoint\",\"urlTemplate\":\"https:\\\/\\\/www.alumni.space\\\/pt-pt\\\/?s={search_term_string}\"},\"query-input\":{\"@type\":\"PropertyValueSpecification\",\"valueRequired\":true,\"valueName\":\"search_term_string\"}}],\"inLanguage\":\"pt-PT\"},{\"@type\":\"Person\",\"@id\":\"https:\\\/\\\/www.alumni.space\\\/pt-pt\\\/#\\\/schema\\\/person\\\/fede362a57876edda476a61f05ce5b15\",\"name\":\"admin\",\"image\":{\"@type\":\"ImageObject\",\"inLanguage\":\"pt-PT\",\"@id\":\"https:\\\/\\\/secure.gravatar.com\\\/avatar\\\/318e234ae94f90d4d629428d6b983c08e31181c28f579e08a021180d759ea651?s=96&d=mm&r=g\",\"url\":\"https:\\\/\\\/secure.gravatar.com\\\/avatar\\\/318e234ae94f90d4d629428d6b983c08e31181c28f579e08a021180d759ea651?s=96&d=mm&r=g\",\"contentUrl\":\"https:\\\/\\\/secure.gravatar.com\\\/avatar\\\/318e234ae94f90d4d629428d6b983c08e31181c28f579e08a021180d759ea651?s=96&d=mm&r=g\",\"caption\":\"admin\"},\"description\":\"Nicolas Laustriat a construit sa sp\u00e9cialit\u00e9 sur un sujet que beaucoup d\u2019organisations d\u00e9couvrent trop tard : ce qui dispara\u00eet quand les gens partent. Dipl\u00f4m\u00e9 en conception de produit industriel, il bifurque vers le digital fin 1996, il couvre les transformations marques, RH, la fid\u00e9lisation, la marque employeur. Sur le terrain, il rep\u00e8re un angle mort r\u00e9current : l\u2019entreprise investit dans le recrutement, la formation, les process\u2026 puis laisse filer le lien au moment du d\u00e9part, avec une perte de savoir et d\u2019influence qui se paie en silence. Il se sp\u00e9cialise alors sur les communaut\u00e9s d\u2019alumni, le mentorat, l\u2019entraide interg\u00e9n\u00e9rationnelle et la transmission d\u2019expertise. Il passe du \u201cconstat\u201d aux m\u00e9thodes : animation, gouvernance, segmentation, rituels, mesure d\u2019engagement, articulation avec la RSE et l\u2019employabilit\u00e9. Il interviewe DRH, responsables formation, directions d\u2019\u00e9coles, associations et fondations, avec une obsession : transformer un r\u00e9seau dormant en m\u00e9canisme utile (cooptation, mentorat, job board, entraide, \u00e9v\u00e9nements, contenus). Son style : direct, orient\u00e9 action, sans folklore. Sa conviction : une communaut\u00e9 n\u2019a pas besoin de bruit, elle a besoin de raisons de revenir.\",\"sameAs\":[\"https:\\\/\\\/www.alumni.space\"]}]}<\/script>\n<!-- \/ Yoast SEO plugin. -->","yoast_head_json":{"title":"Mentoria: uma alavanca fundamental para a igualdade de oportunidades","description":"Descobre como a tutoria promove a igualdade de oportunidades, ajudando todos a alcan\u00e7ar o sucesso e a realiza\u00e7\u00e3o pessoal.","robots":{"index":"index","follow":"follow","max-snippet":"max-snippet:-1","max-image-preview":"max-image-preview:large","max-video-preview":"max-video-preview:-1"},"canonical":"https:\/\/www.alumni.space\/pt-pt\/a-tutoria-como-alavanca-para-a-igualdade-de-oportunidades\/","og_locale":"pt_PT","og_type":"article","og_title":"Mentoria: uma alavanca fundamental para a igualdade de oportunidades","og_description":"Descobre como a tutoria promove a igualdade de oportunidades, ajudando todos a alcan\u00e7ar o sucesso e a realiza\u00e7\u00e3o pessoal.","og_url":"https:\/\/www.alumni.space\/pt-pt\/a-tutoria-como-alavanca-para-a-igualdade-de-oportunidades\/","og_site_name":"Alumni.space","article_published_time":"2024-11-23T10:03:39+00:00","article_modified_time":"2026-04-02T12:08:43+00:00","og_image":[{"width":1280,"height":768,"url":"https:\/\/www.alumni.space\/wp-content\/uploads\/2026\/03\/Le-mentorat-comme-levier-degalite-des-chances.jpg","type":"image\/jpeg"}],"author":"admin","twitter_card":"summary_large_image","twitter_misc":{"Escrito por":"admin","Tempo estimado de leitura":"4 minutos"},"schema":{"@context":"https:\/\/schema.org","@graph":[{"@type":"Article","@id":"https:\/\/www.alumni.space\/pt-pt\/a-tutoria-como-alavanca-para-a-igualdade-de-oportunidades\/#article","isPartOf":{"@id":"https:\/\/www.alumni.space\/pt-pt\/a-tutoria-como-alavanca-para-a-igualdade-de-oportunidades\/"},"author":{"name":"admin","@id":"https:\/\/www.alumni.space\/pt-pt\/#\/schema\/person\/fede362a57876edda476a61f05ce5b15"},"headline":"A tutoria como alavanca para a igualdade de oportunidades","datePublished":"2024-11-23T10:03:39+00:00","dateModified":"2026-04-02T12:08:43+00:00","mainEntityOfPage":{"@id":"https:\/\/www.alumni.space\/pt-pt\/a-tutoria-como-alavanca-para-a-igualdade-de-oportunidades\/"},"wordCount":756,"image":{"@id":"https:\/\/www.alumni.space\/pt-pt\/a-tutoria-como-alavanca-para-a-igualdade-de-oportunidades\/#primaryimage"},"thumbnailUrl":"https:\/\/www.alumni.space\/wp-content\/uploads\/2026\/03\/Le-mentorat-comme-levier-degalite-des-chances.jpg","articleSection":["Mentoria"],"inLanguage":"pt-PT"},{"@type":"WebPage","@id":"https:\/\/www.alumni.space\/pt-pt\/a-tutoria-como-alavanca-para-a-igualdade-de-oportunidades\/","url":"https:\/\/www.alumni.space\/pt-pt\/a-tutoria-como-alavanca-para-a-igualdade-de-oportunidades\/","name":"Mentoria: uma alavanca fundamental para a igualdade de oportunidades","isPartOf":{"@id":"https:\/\/www.alumni.space\/pt-pt\/#website"},"primaryImageOfPage":{"@id":"https:\/\/www.alumni.space\/pt-pt\/a-tutoria-como-alavanca-para-a-igualdade-de-oportunidades\/#primaryimage"},"image":{"@id":"https:\/\/www.alumni.space\/pt-pt\/a-tutoria-como-alavanca-para-a-igualdade-de-oportunidades\/#primaryimage"},"thumbnailUrl":"https:\/\/www.alumni.space\/wp-content\/uploads\/2026\/03\/Le-mentorat-comme-levier-degalite-des-chances.jpg","datePublished":"2024-11-23T10:03:39+00:00","dateModified":"2026-04-02T12:08:43+00:00","author":{"@id":"https:\/\/www.alumni.space\/pt-pt\/#\/schema\/person\/fede362a57876edda476a61f05ce5b15"},"description":"Descobre como a tutoria promove a igualdade de oportunidades, ajudando todos a alcan\u00e7ar o sucesso e a realiza\u00e7\u00e3o pessoal.","breadcrumb":{"@id":"https:\/\/www.alumni.space\/pt-pt\/a-tutoria-como-alavanca-para-a-igualdade-de-oportunidades\/#breadcrumb"},"inLanguage":"pt-PT","potentialAction":[{"@type":"ReadAction","target":["https:\/\/www.alumni.space\/pt-pt\/a-tutoria-como-alavanca-para-a-igualdade-de-oportunidades\/"]}]},{"@type":"ImageObject","inLanguage":"pt-PT","@id":"https:\/\/www.alumni.space\/pt-pt\/a-tutoria-como-alavanca-para-a-igualdade-de-oportunidades\/#primaryimage","url":"https:\/\/www.alumni.space\/wp-content\/uploads\/2026\/03\/Le-mentorat-comme-levier-degalite-des-chances.jpg","contentUrl":"https:\/\/www.alumni.space\/wp-content\/uploads\/2026\/03\/Le-mentorat-comme-levier-degalite-des-chances.jpg","width":1280,"height":768,"caption":"descobre como a tutoria funciona como uma poderosa alavanca para promover a igualdade de oportunidades, acompanhando e apoiando os percursos profissionais e pessoais."},{"@type":"BreadcrumbList","@id":"https:\/\/www.alumni.space\/pt-pt\/a-tutoria-como-alavanca-para-a-igualdade-de-oportunidades\/#breadcrumb","itemListElement":[{"@type":"ListItem","position":1,"name":"Home","item":"https:\/\/www.alumni.space\/pt-pt\/plataforma-de-gestao-de-mentores-e-antigos-alunos\/"},{"@type":"ListItem","position":2,"name":"A tutoria como alavanca para a igualdade de oportunidades"}]},{"@type":"WebSite","@id":"https:\/\/www.alumni.space\/pt-pt\/#website","url":"https:\/\/www.alumni.space\/pt-pt\/","name":"Alumni.space","description":"My WordPress Blog","potentialAction":[{"@type":"SearchAction","target":{"@type":"EntryPoint","urlTemplate":"https:\/\/www.alumni.space\/pt-pt\/?s={search_term_string}"},"query-input":{"@type":"PropertyValueSpecification","valueRequired":true,"valueName":"search_term_string"}}],"inLanguage":"pt-PT"},{"@type":"Person","@id":"https:\/\/www.alumni.space\/pt-pt\/#\/schema\/person\/fede362a57876edda476a61f05ce5b15","name":"admin","image":{"@type":"ImageObject","inLanguage":"pt-PT","@id":"https:\/\/secure.gravatar.com\/avatar\/318e234ae94f90d4d629428d6b983c08e31181c28f579e08a021180d759ea651?s=96&d=mm&r=g","url":"https:\/\/secure.gravatar.com\/avatar\/318e234ae94f90d4d629428d6b983c08e31181c28f579e08a021180d759ea651?s=96&d=mm&r=g","contentUrl":"https:\/\/secure.gravatar.com\/avatar\/318e234ae94f90d4d629428d6b983c08e31181c28f579e08a021180d759ea651?s=96&d=mm&r=g","caption":"admin"},"description":"Nicolas Laustriat a construit sa sp\u00e9cialit\u00e9 sur un sujet que beaucoup d\u2019organisations d\u00e9couvrent trop tard : ce qui dispara\u00eet quand les gens partent. Dipl\u00f4m\u00e9 en conception de produit industriel, il bifurque vers le digital fin 1996, il couvre les transformations marques, RH, la fid\u00e9lisation, la marque employeur. Sur le terrain, il rep\u00e8re un angle mort r\u00e9current : l\u2019entreprise investit dans le recrutement, la formation, les process\u2026 puis laisse filer le lien au moment du d\u00e9part, avec une perte de savoir et d\u2019influence qui se paie en silence. Il se sp\u00e9cialise alors sur les communaut\u00e9s d\u2019alumni, le mentorat, l\u2019entraide interg\u00e9n\u00e9rationnelle et la transmission d\u2019expertise. Il passe du \u201cconstat\u201d aux m\u00e9thodes : animation, gouvernance, segmentation, rituels, mesure d\u2019engagement, articulation avec la RSE et l\u2019employabilit\u00e9. Il interviewe DRH, responsables formation, directions d\u2019\u00e9coles, associations et fondations, avec une obsession : transformer un r\u00e9seau dormant en m\u00e9canisme utile (cooptation, mentorat, job board, entraide, \u00e9v\u00e9nements, contenus). Son style : direct, orient\u00e9 action, sans folklore. Sa conviction : une communaut\u00e9 n\u2019a pas besoin de bruit, elle a besoin de raisons de revenir.","sameAs":["https:\/\/www.alumni.space"]}]}},"_links":{"self":[{"href":"https:\/\/www.alumni.space\/pt-pt\/wp-json\/wp\/v2\/posts\/7250","targetHints":{"allow":["GET"]}}],"collection":[{"href":"https:\/\/www.alumni.space\/pt-pt\/wp-json\/wp\/v2\/posts"}],"about":[{"href":"https:\/\/www.alumni.space\/pt-pt\/wp-json\/wp\/v2\/types\/post"}],"author":[{"embeddable":true,"href":"https:\/\/www.alumni.space\/pt-pt\/wp-json\/wp\/v2\/users\/1"}],"replies":[{"embeddable":true,"href":"https:\/\/www.alumni.space\/pt-pt\/wp-json\/wp\/v2\/comments?post=7250"}],"version-history":[{"count":1,"href":"https:\/\/www.alumni.space\/pt-pt\/wp-json\/wp\/v2\/posts\/7250\/revisions"}],"predecessor-version":[{"id":7255,"href":"https:\/\/www.alumni.space\/pt-pt\/wp-json\/wp\/v2\/posts\/7250\/revisions\/7255"}],"wp:featuredmedia":[{"embeddable":true,"href":"https:\/\/www.alumni.space\/pt-pt\/wp-json\/wp\/v2\/media\/7252"}],"wp:attachment":[{"href":"https:\/\/www.alumni.space\/pt-pt\/wp-json\/wp\/v2\/media?parent=7250"}],"wp:term":[{"taxonomy":"category","embeddable":true,"href":"https:\/\/www.alumni.space\/pt-pt\/wp-json\/wp\/v2\/categories?post=7250"},{"taxonomy":"post_tag","embeddable":true,"href":"https:\/\/www.alumni.space\/pt-pt\/wp-json\/wp\/v2\/tags?post=7250"}],"curies":[{"name":"wp","href":"https:\/\/api.w.org\/{rel}","templated":true}]}}