{"id":7155,"date":"2024-06-11T12:43:00","date_gmt":"2024-06-11T12:43:00","guid":{"rendered":"https:\/\/www.alumni.space\/como-podemos-antecipar-a-perda-de-competencias-raras-no-sector-da-construcao\/"},"modified":"2026-04-02T12:07:42","modified_gmt":"2026-04-02T12:07:42","slug":"como-podemos-antecipar-a-perda-de-competencias-raras-no-sector-da-construcao","status":"publish","type":"post","link":"https:\/\/www.alumni.space\/pt-pt\/como-podemos-antecipar-a-perda-de-competencias-raras-no-sector-da-construcao\/","title":{"rendered":"Como podemos antecipar a perda de compet\u00eancias raras no sector da constru\u00e7\u00e3o?"},"content":{"rendered":"<div id=\"ez-toc-container\" class=\"ez-toc-v2_0_82_2 counter-flat ez-toc-counter ez-toc-grey ez-toc-container-direction\">\n<div class=\"ez-toc-title-container\"><p class=\"ez-toc-title\" style=\"cursor:inherit\">\u00cdndice deste artigo:<\/p>\n<\/div><nav><ul class='ez-toc-list ez-toc-list-level-1 ' ><li class='ez-toc-page-1'><a class=\"ez-toc-link ez-toc-heading-1\" href=\"https:\/\/www.alumni.space\/pt-pt\/como-podemos-antecipar-a-perda-de-competencias-raras-no-sector-da-construcao\/#Antecipar_a_perda_de_competencias_raras_no_sector_da_construcao_para_garantir_o_futuro\" >Antecipar a perda de compet\u00eancias raras no sector da constru\u00e7\u00e3o para garantir o futuro<\/a><\/li><li class='ez-toc-page-1'><a class=\"ez-toc-link ez-toc-heading-2\" href=\"https:\/\/www.alumni.space\/pt-pt\/como-podemos-antecipar-a-perda-de-competencias-raras-no-sector-da-construcao\/#Contextualizar_a_perda_de_know-how_um_desafio_para_a_integracao_e_a_atratividade\" >Contextualizar a perda de know-how: um desafio para a integra\u00e7\u00e3o e a atratividade<\/a><\/li><li class='ez-toc-page-1'><a class=\"ez-toc-link ez-toc-heading-3\" href=\"https:\/\/www.alumni.space\/pt-pt\/como-podemos-antecipar-a-perda-de-competencias-raras-no-sector-da-construcao\/#Estrategias_comprovadas_para_preservar_competencias_raras_e_desenvolver_talentos_internos\" >Estrat\u00e9gias comprovadas para preservar compet\u00eancias raras e desenvolver talentos internos<\/a><\/li><li class='ez-toc-page-1'><a class=\"ez-toc-link ez-toc-heading-4\" href=\"https:\/\/www.alumni.space\/pt-pt\/como-podemos-antecipar-a-perda-de-competencias-raras-no-sector-da-construcao\/#Repensar_os_metodos_de_recrutamento_e_de_formacao_para_lutar_contra_o_desaparecimento_das_competencias_raras\" >Repensar os m\u00e9todos de recrutamento e de forma\u00e7\u00e3o para lutar contra o desaparecimento das compet\u00eancias raras<\/a><\/li><li class='ez-toc-page-1'><a class=\"ez-toc-link ez-toc-heading-5\" href=\"https:\/\/www.alumni.space\/pt-pt\/como-podemos-antecipar-a-perda-de-competencias-raras-no-sector-da-construcao\/#Apoiar_a_mudanca_compromisso_sustentavel_e_gestao_de_competencias\" >Apoiar a mudan\u00e7a: compromisso sustent\u00e1vel e gest\u00e3o de compet\u00eancias<\/a><\/li><\/ul><\/nav><\/div>\n<h2 class=\"wp-block-heading\"><span class=\"ez-toc-section\" id=\"Antecipar_a_perda_de_competencias_raras_no_sector_da_construcao_para_garantir_o_futuro\"><\/span>Antecipar a perda de compet\u00eancias raras no sector da constru\u00e7\u00e3o para garantir o futuro<span class=\"ez-toc-section-end\"><\/span><\/h2><p>No sector <strong>da constru\u00e7\u00e3o<\/strong>, a <strong>escassez de compet\u00eancias<\/strong> qualificadas compromete a continuidade operacional das empresas. A perda de compet\u00eancias raras, frequentemente combinada com a sa\u00edda em massa de trabalhadores experientes, amea\u00e7a a qualidade do trabalho e a competitividade. Perante este desafio, a aten\u00e7\u00e3o \u00e0 <strong>gest\u00e3o de talentos<\/strong> e \u00e0 <strong>transfer\u00eancia de conhecimentos<\/strong> torna-se crucial para a sobreviv\u00eancia da empresa a longo prazo.  <\/p><figure class=\"wp-block-image size-full\"><img decoding=\"async\" width=\"1280\" height=\"768\" src=\"https:\/\/www.alumni.space\/wp-content\/uploads\/2026\/03\/Comment-anticiper-la-perte-des-competences-rares-dans-le-batiment-1-1.jpg\" data-orig-src=\"https:\/\/www.alumni.space\/wp-content\/uploads\/2026\/03\/Comment-anticiper-la-perte-des-competences-rares-dans-le-batiment-1-1.jpg\" alt=\"descobre como antecipar e gerir a perda de compet\u00eancias raras no sector da constru\u00e7\u00e3o para garantir o futuro a longo prazo dos seus projectos e a transfer\u00eancia de know-how.\" class=\"lazyload wp-image-3234\" srcset=\"data:image\/svg+xml,%3Csvg%20xmlns%3D%27http%3A%2F%2Fwww.w3.org%2F2000%2Fsvg%27%20width%3D%271280%27%20height%3D%27768%27%20viewBox%3D%270%200%201280%20768%27%3E%3Crect%20width%3D%271280%27%20height%3D%27768%27%20fill-opacity%3D%220%22%2F%3E%3C%2Fsvg%3E\" data-srcset=\"https:\/\/www.alumni.space\/wp-content\/uploads\/2026\/03\/Comment-anticiper-la-perte-des-competences-rares-dans-le-batiment-1-1-200x120.jpg 200w, https:\/\/www.alumni.space\/wp-content\/uploads\/2026\/03\/Comment-anticiper-la-perte-des-competences-rares-dans-le-batiment-1-1-300x180.jpg 300w, https:\/\/www.alumni.space\/wp-content\/uploads\/2026\/03\/Comment-anticiper-la-perte-des-competences-rares-dans-le-batiment-1-1-400x240.jpg 400w, https:\/\/www.alumni.space\/wp-content\/uploads\/2026\/03\/Comment-anticiper-la-perte-des-competences-rares-dans-le-batiment-1-1-600x360.jpg 600w, https:\/\/www.alumni.space\/wp-content\/uploads\/2026\/03\/Comment-anticiper-la-perte-des-competences-rares-dans-le-batiment-1-1-768x461.jpg 768w, https:\/\/www.alumni.space\/wp-content\/uploads\/2026\/03\/Comment-anticiper-la-perte-des-competences-rares-dans-le-batiment-1-1-800x480.jpg 800w, https:\/\/www.alumni.space\/wp-content\/uploads\/2026\/03\/Comment-anticiper-la-perte-des-competences-rares-dans-le-batiment-1-1-1024x614.jpg 1024w, https:\/\/www.alumni.space\/wp-content\/uploads\/2026\/03\/Comment-anticiper-la-perte-des-competences-rares-dans-le-batiment-1-1-1200x720.jpg 1200w, https:\/\/www.alumni.space\/wp-content\/uploads\/2026\/03\/Comment-anticiper-la-perte-des-competences-rares-dans-le-batiment-1-1.jpg 1280w\" data-sizes=\"auto\" data-orig-sizes=\"(max-width: 1280px) 100vw, 1280px\" \/><\/figure><h3 class=\"wp-block-heading\"><span class=\"ez-toc-section\" id=\"Contextualizar_a_perda_de_know-how_um_desafio_para_a_integracao_e_a_atratividade\"><\/span>Contextualizar a perda de know-how: um desafio para a integra\u00e7\u00e3o e a atratividade<span class=\"ez-toc-section-end\"><\/span><\/h3><p>Historicamente, o <strong>sector da constru\u00e7\u00e3o<\/strong> assenta em compet\u00eancias t\u00e9cnicas espec\u00edficas, fruto de uma longa aprendizagem e de uma experi\u00eancia profissional consider\u00e1vel. Em 2026, a tend\u00eancia para a <strong>substitui\u00e7\u00e3o de profiss\u00f5es especializadas por perfis menos especializados<\/strong> ir\u00e1 aumentar, penalizando a manuten\u00e7\u00e3o do saber-fazer tradicional. Este desinteresse, associado ao <strong>envelhecimento das equipas<\/strong> e \u00e0 dificuldade crescente de <strong>recrutamento especializado<\/strong>, cria um fosso entre as necessidades operacionais e os recursos humanos dispon\u00edveis.  <\/p><p>Sectores como a constru\u00e7\u00e3o de tijolos e de telhados, onde o n\u00famero de profissionais qualificados est\u00e1 a diminuir acentuadamente, s\u00e3o bons exemplos deste fen\u00f3meno. Este desequil\u00edbrio est\u00e1 a provocar <strong>atrasos nos estaleiros de constru\u00e7\u00e3o<\/strong> e <strong>custos mais elevados<\/strong> devido \u00e0 necessidade de subcontratar ou de recorrer amplamente a trabalhadores tempor\u00e1rios. Se este problema n\u00e3o for resolvido, existe um risco real de <strong>perda de neg\u00f3cios<\/strong>. Esta din\u00e2mica \u00e9 descrita em pormenor nas an\u00e1lises econ\u00f3micas e sociais da ind\u00fastria da constru\u00e7\u00e3o, como as dispon\u00edveis em <a href=\"https:\/\/www.alumni.space\/pt-pt\/como-podemos-antecipar-a-perda-de-competencias-raras-no-sector-da-construcao\/\">alumni.space<\/a>.   <\/p><h3 class=\"wp-block-heading\"><span class=\"ez-toc-section\" id=\"Estrategias_comprovadas_para_preservar_competencias_raras_e_desenvolver_talentos_internos\"><\/span>Estrat\u00e9gias comprovadas para preservar compet\u00eancias raras e desenvolver talentos internos<span class=\"ez-toc-section-end\"><\/span><\/h3><p>As empresas empenhadas numa pol\u00edtica ativa de <strong>forma\u00e7\u00e3o cont\u00ednua<\/strong> podem inverter esta tend\u00eancia. Uma abordagem eficaz baseia-se em v\u00e1rias ac\u00e7\u00f5es complementares:   <\/p><p>Em primeiro lugar, a introdu\u00e7\u00e3o de programas <strong>de tutoria<\/strong> e de pares intergeracionais incentiva a <strong>transmiss\u00e3o de conhecimentos<\/strong> para al\u00e9m das ferramentas tradicionais. Estas iniciativas refor\u00e7am o sentimento de perten\u00e7a e facilitam a integra\u00e7\u00e3o dos jovens recrutas, melhorando a <strong>reten\u00e7\u00e3o de compet\u00eancias<\/strong> raras. <\/p><p>Em segundo lugar, o desenvolvimento de um <strong>mapa de compet\u00eancias cr\u00edticas<\/strong> no seio das equipas permite identificar as compet\u00eancias em risco e antecipar as sa\u00eddas. Associada a um acompanhamento rigoroso dos indicadores-chave de desempenho (KPI), esta abordagem optimiza o planeamento da forma\u00e7\u00e3o e o recrutamento orientado. <\/p><p>Por \u00faltimo, a democratiza\u00e7\u00e3o das plataformas digitais de gest\u00e3o de comunidades, como o<a href=\"https:\/\/www.alumni.space\/pt-pt\/a-importancia-da-memoria-organizacional-para-limitar-a-perda-de-conhecimentos\/\">alumni.space<\/a>, facilita as liga\u00e7\u00f5es entre antigos e novos funcion\u00e1rios, desenvolve redes de autoajuda e estimula o interc\u00e2mbio de boas pr\u00e1ticas. Esta estrat\u00e9gia inovadora refor\u00e7a a mem\u00f3ria organizacional e limita a perda de conhecimentos. <\/p><h2 class=\"wp-block-heading\"><span class=\"ez-toc-section\" id=\"Repensar_os_metodos_de_recrutamento_e_de_formacao_para_lutar_contra_o_desaparecimento_das_competencias_raras\"><\/span>Repensar os m\u00e9todos de recrutamento e de forma\u00e7\u00e3o para lutar contra o desaparecimento das compet\u00eancias raras<span class=\"ez-toc-section-end\"><\/span><\/h2><p>Uma resposta eficaz ao d\u00e9fice de compet\u00eancias no sector da constru\u00e7\u00e3o passa tamb\u00e9m pela diversifica\u00e7\u00e3o dos perfis recrutados. O sector beneficiar\u00e1 da valoriza\u00e7\u00e3o de percursos profissionais at\u00edpicos e da adapta\u00e7\u00e3o dos cursos de forma\u00e7\u00e3o profissional a novos grupos-alvo. <\/p><p>Os sistemas de aprendizagem modular e de certifica\u00e7\u00e3o favorecem um aumento mais r\u00e1pido das compet\u00eancias, facilitando a integra\u00e7\u00e3o dos candidatos a emprego e dos profissionais de outras origens. Ao mesmo tempo, a maior abertura \u00e0 m\u00e3o de obra estrangeira qualificada compensa parcialmente o decl\u00ednio demogr\u00e1fico local. No entanto, esta pol\u00edtica deve ser combinada com uma pol\u00edtica de inclus\u00e3o que vise igualmente as mulheres e as pessoas afastadas do mercado de trabalho.  <\/p><p>A luta contra<strong>a obsolesc\u00eancia das compet\u00eancias<\/strong> e a reconvers\u00e3o das equipas s\u00e3o indispens\u00e1veis num contexto de r\u00e1pida evolu\u00e7\u00e3o t\u00e9cnica, nomeadamente ligada \u00e0 transi\u00e7\u00e3o energ\u00e9tica e \u00e0s normas ambientais. As empresas que traduzem estes desafios em rituais regulares de forma\u00e7\u00e3o e de avalia\u00e7\u00e3o est\u00e3o a garantir uma vantagem competitiva sustent\u00e1vel, tal como indicado em v\u00e1rios relat\u00f3rios profissionais listados em <a href=\"https:\/\/culture-rh.com\/competences-obsoletes\/\">culture-rh.com.<\/a> <\/p><h3 class=\"wp-block-heading\"><span class=\"ez-toc-section\" id=\"Apoiar_a_mudanca_compromisso_sustentavel_e_gestao_de_competencias\"><\/span>Apoiar a mudan\u00e7a: compromisso sustent\u00e1vel e gest\u00e3o de compet\u00eancias<span class=\"ez-toc-section-end\"><\/span><\/h3><p>No centro de uma estrat\u00e9gia resiliente est\u00e1 a mobiliza\u00e7\u00e3o ativa dos trabalhadores em torno dos desafios da perda de compet\u00eancias. O fornecimento de informa\u00e7\u00f5es transparentes sobre a situa\u00e7\u00e3o, o envolvimento dos representantes dos trabalhadores desde a fase de an\u00e1lise e o estabelecimento de um di\u00e1logo regular consolidam a confian\u00e7a. Este clima de aconselhamento e de escuta \u00e9 necess\u00e1rio para evitar a volatilidade dos talentos escassos.  <\/p><p>Na pr\u00e1tica, os rituais de acompanhamento, a introdu\u00e7\u00e3o de indicadores adequados e o empowerment dos gestores s\u00e3o alavancas para automatizar certos processos, nomeadamente na gest\u00e3o da forma\u00e7\u00e3o e dos percursos profissionais. Ao alinhar os teus esfor\u00e7os de desenvolvimento de compet\u00eancias com os teus objectivos estrat\u00e9gicos, poder\u00e1s manter os custos sob controlo e antecipar os riscos de rutura. <\/p><p>Esta abordagem \u00e9 ideal para a utiliza\u00e7\u00e3o de uma plataforma colaborativa SaaS, que re\u00fane perfis, eventos, ofertas e recursos documentais. Apoia eficazmente a constru\u00e7\u00e3o de uma <strong>comunidade no seio da organiza\u00e7\u00e3o<\/strong>, um vetor de trocas e o impulso coletivo indispens\u00e1vel \u00e0 manuten\u00e7\u00e3o de um saber-fazer raro. <\/p>","protected":false},"excerpt":{"rendered":"<p>Antecipar a perda de compet\u00eancias raras no sector da constru\u00e7\u00e3o  [&#8230;]<\/p>\n","protected":false},"author":1,"featured_media":7157,"comment_status":"closed","ping_status":"","sticky":false,"template":"","format":"standard","meta":{"_ayudawp_aiss_exclude":false,"footnotes":""},"categories":[70],"tags":[],"class_list":["post-7155","post","type-post","status-publish","format-standard","has-post-thumbnail","hentry","category-recursos-humanos"],"yoast_head":"<!-- This site is optimized with the Yoast SEO plugin v27.4 - https:\/\/yoast.com\/product\/yoast-seo-wordpress\/ -->\n<title>Prevenir a perda de compet\u00eancias raras no sector da constru\u00e7\u00e3o<\/title>\n<meta name=\"description\" content=\"Descobre como antecipar e gerir a perda de compet\u00eancias raras no sector da constru\u00e7\u00e3o para garantir a continuidade e a qualidade dos projectos.\" \/>\n<meta name=\"robots\" content=\"index, follow, max-snippet:-1, max-image-preview:large, max-video-preview:-1\" \/>\n<link rel=\"canonical\" href=\"https:\/\/www.alumni.space\/pt-pt\/como-podemos-antecipar-a-perda-de-competencias-raras-no-sector-da-construcao\/\" \/>\n<meta property=\"og:locale\" content=\"pt_PT\" \/>\n<meta property=\"og:type\" content=\"article\" \/>\n<meta property=\"og:title\" content=\"Prevenir a perda de compet\u00eancias raras no sector da constru\u00e7\u00e3o\" \/>\n<meta property=\"og:description\" content=\"Descobre como antecipar e gerir a perda de compet\u00eancias raras no sector da constru\u00e7\u00e3o para garantir a continuidade e a qualidade dos projectos.\" \/>\n<meta property=\"og:url\" content=\"https:\/\/www.alumni.space\/pt-pt\/como-podemos-antecipar-a-perda-de-competencias-raras-no-sector-da-construcao\/\" \/>\n<meta property=\"og:site_name\" content=\"Alumni.space\" \/>\n<meta property=\"article:published_time\" content=\"2024-06-11T12:43:00+00:00\" \/>\n<meta property=\"article:modified_time\" content=\"2026-04-02T12:07:42+00:00\" \/>\n<meta property=\"og:image\" content=\"https:\/\/www.alumni.space\/wp-content\/uploads\/2026\/03\/Comment-anticiper-la-perte-des-competences-rares-dans-le-batiment-.jpg\" \/>\n\t<meta property=\"og:image:width\" content=\"1280\" \/>\n\t<meta property=\"og:image:height\" content=\"768\" \/>\n\t<meta property=\"og:image:type\" content=\"image\/jpeg\" \/>\n<meta name=\"author\" content=\"admin\" \/>\n<meta name=\"twitter:card\" content=\"summary_large_image\" \/>\n<meta name=\"twitter:label1\" content=\"Escrito por\" \/>\n\t<meta name=\"twitter:data1\" content=\"admin\" \/>\n\t<meta name=\"twitter:label2\" content=\"Tempo estimado de leitura\" \/>\n\t<meta name=\"twitter:data2\" content=\"4 minutos\" \/>\n<script type=\"application\/ld+json\" class=\"yoast-schema-graph\">{\"@context\":\"https:\\\/\\\/schema.org\",\"@graph\":[{\"@type\":\"Article\",\"@id\":\"https:\\\/\\\/www.alumni.space\\\/pt-pt\\\/como-podemos-antecipar-a-perda-de-competencias-raras-no-sector-da-construcao\\\/#article\",\"isPartOf\":{\"@id\":\"https:\\\/\\\/www.alumni.space\\\/pt-pt\\\/como-podemos-antecipar-a-perda-de-competencias-raras-no-sector-da-construcao\\\/\"},\"author\":{\"name\":\"admin\",\"@id\":\"https:\\\/\\\/www.alumni.space\\\/pt-pt\\\/#\\\/schema\\\/person\\\/fede362a57876edda476a61f05ce5b15\"},\"headline\":\"Como podemos antecipar a perda de compet\u00eancias raras no sector da constru\u00e7\u00e3o?\",\"datePublished\":\"2024-06-11T12:43:00+00:00\",\"dateModified\":\"2026-04-02T12:07:42+00:00\",\"mainEntityOfPage\":{\"@id\":\"https:\\\/\\\/www.alumni.space\\\/pt-pt\\\/como-podemos-antecipar-a-perda-de-competencias-raras-no-sector-da-construcao\\\/\"},\"wordCount\":908,\"image\":{\"@id\":\"https:\\\/\\\/www.alumni.space\\\/pt-pt\\\/como-podemos-antecipar-a-perda-de-competencias-raras-no-sector-da-construcao\\\/#primaryimage\"},\"thumbnailUrl\":\"https:\\\/\\\/www.alumni.space\\\/wp-content\\\/uploads\\\/2026\\\/03\\\/Comment-anticiper-la-perte-des-competences-rares-dans-le-batiment-.jpg\",\"articleSection\":[\"Recursos Humanos\"],\"inLanguage\":\"pt-PT\"},{\"@type\":\"WebPage\",\"@id\":\"https:\\\/\\\/www.alumni.space\\\/pt-pt\\\/como-podemos-antecipar-a-perda-de-competencias-raras-no-sector-da-construcao\\\/\",\"url\":\"https:\\\/\\\/www.alumni.space\\\/pt-pt\\\/como-podemos-antecipar-a-perda-de-competencias-raras-no-sector-da-construcao\\\/\",\"name\":\"Prevenir a perda de compet\u00eancias raras no sector da constru\u00e7\u00e3o\",\"isPartOf\":{\"@id\":\"https:\\\/\\\/www.alumni.space\\\/pt-pt\\\/#website\"},\"primaryImageOfPage\":{\"@id\":\"https:\\\/\\\/www.alumni.space\\\/pt-pt\\\/como-podemos-antecipar-a-perda-de-competencias-raras-no-sector-da-construcao\\\/#primaryimage\"},\"image\":{\"@id\":\"https:\\\/\\\/www.alumni.space\\\/pt-pt\\\/como-podemos-antecipar-a-perda-de-competencias-raras-no-sector-da-construcao\\\/#primaryimage\"},\"thumbnailUrl\":\"https:\\\/\\\/www.alumni.space\\\/wp-content\\\/uploads\\\/2026\\\/03\\\/Comment-anticiper-la-perte-des-competences-rares-dans-le-batiment-.jpg\",\"datePublished\":\"2024-06-11T12:43:00+00:00\",\"dateModified\":\"2026-04-02T12:07:42+00:00\",\"author\":{\"@id\":\"https:\\\/\\\/www.alumni.space\\\/pt-pt\\\/#\\\/schema\\\/person\\\/fede362a57876edda476a61f05ce5b15\"},\"description\":\"Descobre como antecipar e gerir a perda de compet\u00eancias raras no sector da constru\u00e7\u00e3o para garantir a continuidade e a qualidade dos projectos.\",\"breadcrumb\":{\"@id\":\"https:\\\/\\\/www.alumni.space\\\/pt-pt\\\/como-podemos-antecipar-a-perda-de-competencias-raras-no-sector-da-construcao\\\/#breadcrumb\"},\"inLanguage\":\"pt-PT\",\"potentialAction\":[{\"@type\":\"ReadAction\",\"target\":[\"https:\\\/\\\/www.alumni.space\\\/pt-pt\\\/como-podemos-antecipar-a-perda-de-competencias-raras-no-sector-da-construcao\\\/\"]}]},{\"@type\":\"ImageObject\",\"inLanguage\":\"pt-PT\",\"@id\":\"https:\\\/\\\/www.alumni.space\\\/pt-pt\\\/como-podemos-antecipar-a-perda-de-competencias-raras-no-sector-da-construcao\\\/#primaryimage\",\"url\":\"https:\\\/\\\/www.alumni.space\\\/wp-content\\\/uploads\\\/2026\\\/03\\\/Comment-anticiper-la-perte-des-competences-rares-dans-le-batiment-.jpg\",\"contentUrl\":\"https:\\\/\\\/www.alumni.space\\\/wp-content\\\/uploads\\\/2026\\\/03\\\/Comment-anticiper-la-perte-des-competences-rares-dans-le-batiment-.jpg\",\"width\":1280,\"height\":768,\"caption\":\"saber como antecipar e gerir a perda de compet\u00eancias escassas no sector da constru\u00e7\u00e3o para garantir a continuidade e a qualidade dos projectos.\"},{\"@type\":\"BreadcrumbList\",\"@id\":\"https:\\\/\\\/www.alumni.space\\\/pt-pt\\\/como-podemos-antecipar-a-perda-de-competencias-raras-no-sector-da-construcao\\\/#breadcrumb\",\"itemListElement\":[{\"@type\":\"ListItem\",\"position\":1,\"name\":\"Home\",\"item\":\"https:\\\/\\\/www.alumni.space\\\/pt-pt\\\/plataforma-de-gestao-de-mentores-e-antigos-alunos\\\/\"},{\"@type\":\"ListItem\",\"position\":2,\"name\":\"Como podemos antecipar a perda de compet\u00eancias raras no sector da constru\u00e7\u00e3o?\"}]},{\"@type\":\"WebSite\",\"@id\":\"https:\\\/\\\/www.alumni.space\\\/pt-pt\\\/#website\",\"url\":\"https:\\\/\\\/www.alumni.space\\\/pt-pt\\\/\",\"name\":\"Alumni.space\",\"description\":\"My WordPress Blog\",\"potentialAction\":[{\"@type\":\"SearchAction\",\"target\":{\"@type\":\"EntryPoint\",\"urlTemplate\":\"https:\\\/\\\/www.alumni.space\\\/pt-pt\\\/?s={search_term_string}\"},\"query-input\":{\"@type\":\"PropertyValueSpecification\",\"valueRequired\":true,\"valueName\":\"search_term_string\"}}],\"inLanguage\":\"pt-PT\"},{\"@type\":\"Person\",\"@id\":\"https:\\\/\\\/www.alumni.space\\\/pt-pt\\\/#\\\/schema\\\/person\\\/fede362a57876edda476a61f05ce5b15\",\"name\":\"admin\",\"image\":{\"@type\":\"ImageObject\",\"inLanguage\":\"pt-PT\",\"@id\":\"https:\\\/\\\/secure.gravatar.com\\\/avatar\\\/318e234ae94f90d4d629428d6b983c08e31181c28f579e08a021180d759ea651?s=96&d=mm&r=g\",\"url\":\"https:\\\/\\\/secure.gravatar.com\\\/avatar\\\/318e234ae94f90d4d629428d6b983c08e31181c28f579e08a021180d759ea651?s=96&d=mm&r=g\",\"contentUrl\":\"https:\\\/\\\/secure.gravatar.com\\\/avatar\\\/318e234ae94f90d4d629428d6b983c08e31181c28f579e08a021180d759ea651?s=96&d=mm&r=g\",\"caption\":\"admin\"},\"description\":\"Nicolas Laustriat a construit sa sp\u00e9cialit\u00e9 sur un sujet que beaucoup d\u2019organisations d\u00e9couvrent trop tard : ce qui dispara\u00eet quand les gens partent. Dipl\u00f4m\u00e9 en conception de produit industriel, il bifurque vers le digital fin 1996, il couvre les transformations marques, RH, la fid\u00e9lisation, la marque employeur. Sur le terrain, il rep\u00e8re un angle mort r\u00e9current : l\u2019entreprise investit dans le recrutement, la formation, les process\u2026 puis laisse filer le lien au moment du d\u00e9part, avec une perte de savoir et d\u2019influence qui se paie en silence. Il se sp\u00e9cialise alors sur les communaut\u00e9s d\u2019alumni, le mentorat, l\u2019entraide interg\u00e9n\u00e9rationnelle et la transmission d\u2019expertise. Il passe du \u201cconstat\u201d aux m\u00e9thodes : animation, gouvernance, segmentation, rituels, mesure d\u2019engagement, articulation avec la RSE et l\u2019employabilit\u00e9. Il interviewe DRH, responsables formation, directions d\u2019\u00e9coles, associations et fondations, avec une obsession : transformer un r\u00e9seau dormant en m\u00e9canisme utile (cooptation, mentorat, job board, entraide, \u00e9v\u00e9nements, contenus). Son style : direct, orient\u00e9 action, sans folklore. Sa conviction : une communaut\u00e9 n\u2019a pas besoin de bruit, elle a besoin de raisons de revenir.\",\"sameAs\":[\"https:\\\/\\\/www.alumni.space\"]}]}<\/script>\n<!-- \/ Yoast SEO plugin. -->","yoast_head_json":{"title":"Prevenir a perda de compet\u00eancias raras no sector da constru\u00e7\u00e3o","description":"Descobre como antecipar e gerir a perda de compet\u00eancias raras no sector da constru\u00e7\u00e3o para garantir a continuidade e a qualidade dos projectos.","robots":{"index":"index","follow":"follow","max-snippet":"max-snippet:-1","max-image-preview":"max-image-preview:large","max-video-preview":"max-video-preview:-1"},"canonical":"https:\/\/www.alumni.space\/pt-pt\/como-podemos-antecipar-a-perda-de-competencias-raras-no-sector-da-construcao\/","og_locale":"pt_PT","og_type":"article","og_title":"Prevenir a perda de compet\u00eancias raras no sector da constru\u00e7\u00e3o","og_description":"Descobre como antecipar e gerir a perda de compet\u00eancias raras no sector da constru\u00e7\u00e3o para garantir a continuidade e a qualidade dos projectos.","og_url":"https:\/\/www.alumni.space\/pt-pt\/como-podemos-antecipar-a-perda-de-competencias-raras-no-sector-da-construcao\/","og_site_name":"Alumni.space","article_published_time":"2024-06-11T12:43:00+00:00","article_modified_time":"2026-04-02T12:07:42+00:00","og_image":[{"width":1280,"height":768,"url":"https:\/\/www.alumni.space\/wp-content\/uploads\/2026\/03\/Comment-anticiper-la-perte-des-competences-rares-dans-le-batiment-.jpg","type":"image\/jpeg"}],"author":"admin","twitter_card":"summary_large_image","twitter_misc":{"Escrito por":"admin","Tempo estimado de leitura":"4 minutos"},"schema":{"@context":"https:\/\/schema.org","@graph":[{"@type":"Article","@id":"https:\/\/www.alumni.space\/pt-pt\/como-podemos-antecipar-a-perda-de-competencias-raras-no-sector-da-construcao\/#article","isPartOf":{"@id":"https:\/\/www.alumni.space\/pt-pt\/como-podemos-antecipar-a-perda-de-competencias-raras-no-sector-da-construcao\/"},"author":{"name":"admin","@id":"https:\/\/www.alumni.space\/pt-pt\/#\/schema\/person\/fede362a57876edda476a61f05ce5b15"},"headline":"Como podemos antecipar a perda de compet\u00eancias raras no sector da constru\u00e7\u00e3o?","datePublished":"2024-06-11T12:43:00+00:00","dateModified":"2026-04-02T12:07:42+00:00","mainEntityOfPage":{"@id":"https:\/\/www.alumni.space\/pt-pt\/como-podemos-antecipar-a-perda-de-competencias-raras-no-sector-da-construcao\/"},"wordCount":908,"image":{"@id":"https:\/\/www.alumni.space\/pt-pt\/como-podemos-antecipar-a-perda-de-competencias-raras-no-sector-da-construcao\/#primaryimage"},"thumbnailUrl":"https:\/\/www.alumni.space\/wp-content\/uploads\/2026\/03\/Comment-anticiper-la-perte-des-competences-rares-dans-le-batiment-.jpg","articleSection":["Recursos Humanos"],"inLanguage":"pt-PT"},{"@type":"WebPage","@id":"https:\/\/www.alumni.space\/pt-pt\/como-podemos-antecipar-a-perda-de-competencias-raras-no-sector-da-construcao\/","url":"https:\/\/www.alumni.space\/pt-pt\/como-podemos-antecipar-a-perda-de-competencias-raras-no-sector-da-construcao\/","name":"Prevenir a perda de compet\u00eancias raras no sector da constru\u00e7\u00e3o","isPartOf":{"@id":"https:\/\/www.alumni.space\/pt-pt\/#website"},"primaryImageOfPage":{"@id":"https:\/\/www.alumni.space\/pt-pt\/como-podemos-antecipar-a-perda-de-competencias-raras-no-sector-da-construcao\/#primaryimage"},"image":{"@id":"https:\/\/www.alumni.space\/pt-pt\/como-podemos-antecipar-a-perda-de-competencias-raras-no-sector-da-construcao\/#primaryimage"},"thumbnailUrl":"https:\/\/www.alumni.space\/wp-content\/uploads\/2026\/03\/Comment-anticiper-la-perte-des-competences-rares-dans-le-batiment-.jpg","datePublished":"2024-06-11T12:43:00+00:00","dateModified":"2026-04-02T12:07:42+00:00","author":{"@id":"https:\/\/www.alumni.space\/pt-pt\/#\/schema\/person\/fede362a57876edda476a61f05ce5b15"},"description":"Descobre como antecipar e gerir a perda de compet\u00eancias raras no sector da constru\u00e7\u00e3o para garantir a continuidade e a qualidade dos projectos.","breadcrumb":{"@id":"https:\/\/www.alumni.space\/pt-pt\/como-podemos-antecipar-a-perda-de-competencias-raras-no-sector-da-construcao\/#breadcrumb"},"inLanguage":"pt-PT","potentialAction":[{"@type":"ReadAction","target":["https:\/\/www.alumni.space\/pt-pt\/como-podemos-antecipar-a-perda-de-competencias-raras-no-sector-da-construcao\/"]}]},{"@type":"ImageObject","inLanguage":"pt-PT","@id":"https:\/\/www.alumni.space\/pt-pt\/como-podemos-antecipar-a-perda-de-competencias-raras-no-sector-da-construcao\/#primaryimage","url":"https:\/\/www.alumni.space\/wp-content\/uploads\/2026\/03\/Comment-anticiper-la-perte-des-competences-rares-dans-le-batiment-.jpg","contentUrl":"https:\/\/www.alumni.space\/wp-content\/uploads\/2026\/03\/Comment-anticiper-la-perte-des-competences-rares-dans-le-batiment-.jpg","width":1280,"height":768,"caption":"saber como antecipar e gerir a perda de compet\u00eancias escassas no sector da constru\u00e7\u00e3o para garantir a continuidade e a qualidade dos projectos."},{"@type":"BreadcrumbList","@id":"https:\/\/www.alumni.space\/pt-pt\/como-podemos-antecipar-a-perda-de-competencias-raras-no-sector-da-construcao\/#breadcrumb","itemListElement":[{"@type":"ListItem","position":1,"name":"Home","item":"https:\/\/www.alumni.space\/pt-pt\/plataforma-de-gestao-de-mentores-e-antigos-alunos\/"},{"@type":"ListItem","position":2,"name":"Como podemos antecipar a perda de compet\u00eancias raras no sector da constru\u00e7\u00e3o?"}]},{"@type":"WebSite","@id":"https:\/\/www.alumni.space\/pt-pt\/#website","url":"https:\/\/www.alumni.space\/pt-pt\/","name":"Alumni.space","description":"My WordPress Blog","potentialAction":[{"@type":"SearchAction","target":{"@type":"EntryPoint","urlTemplate":"https:\/\/www.alumni.space\/pt-pt\/?s={search_term_string}"},"query-input":{"@type":"PropertyValueSpecification","valueRequired":true,"valueName":"search_term_string"}}],"inLanguage":"pt-PT"},{"@type":"Person","@id":"https:\/\/www.alumni.space\/pt-pt\/#\/schema\/person\/fede362a57876edda476a61f05ce5b15","name":"admin","image":{"@type":"ImageObject","inLanguage":"pt-PT","@id":"https:\/\/secure.gravatar.com\/avatar\/318e234ae94f90d4d629428d6b983c08e31181c28f579e08a021180d759ea651?s=96&d=mm&r=g","url":"https:\/\/secure.gravatar.com\/avatar\/318e234ae94f90d4d629428d6b983c08e31181c28f579e08a021180d759ea651?s=96&d=mm&r=g","contentUrl":"https:\/\/secure.gravatar.com\/avatar\/318e234ae94f90d4d629428d6b983c08e31181c28f579e08a021180d759ea651?s=96&d=mm&r=g","caption":"admin"},"description":"Nicolas Laustriat a construit sa sp\u00e9cialit\u00e9 sur un sujet que beaucoup d\u2019organisations d\u00e9couvrent trop tard : ce qui dispara\u00eet quand les gens partent. Dipl\u00f4m\u00e9 en conception de produit industriel, il bifurque vers le digital fin 1996, il couvre les transformations marques, RH, la fid\u00e9lisation, la marque employeur. Sur le terrain, il rep\u00e8re un angle mort r\u00e9current : l\u2019entreprise investit dans le recrutement, la formation, les process\u2026 puis laisse filer le lien au moment du d\u00e9part, avec une perte de savoir et d\u2019influence qui se paie en silence. Il se sp\u00e9cialise alors sur les communaut\u00e9s d\u2019alumni, le mentorat, l\u2019entraide interg\u00e9n\u00e9rationnelle et la transmission d\u2019expertise. Il passe du \u201cconstat\u201d aux m\u00e9thodes : animation, gouvernance, segmentation, rituels, mesure d\u2019engagement, articulation avec la RSE et l\u2019employabilit\u00e9. Il interviewe DRH, responsables formation, directions d\u2019\u00e9coles, associations et fondations, avec une obsession : transformer un r\u00e9seau dormant en m\u00e9canisme utile (cooptation, mentorat, job board, entraide, \u00e9v\u00e9nements, contenus). Son style : direct, orient\u00e9 action, sans folklore. Sa conviction : une communaut\u00e9 n\u2019a pas besoin de bruit, elle a besoin de raisons de revenir.","sameAs":["https:\/\/www.alumni.space"]}]}},"_links":{"self":[{"href":"https:\/\/www.alumni.space\/pt-pt\/wp-json\/wp\/v2\/posts\/7155","targetHints":{"allow":["GET"]}}],"collection":[{"href":"https:\/\/www.alumni.space\/pt-pt\/wp-json\/wp\/v2\/posts"}],"about":[{"href":"https:\/\/www.alumni.space\/pt-pt\/wp-json\/wp\/v2\/types\/post"}],"author":[{"embeddable":true,"href":"https:\/\/www.alumni.space\/pt-pt\/wp-json\/wp\/v2\/users\/1"}],"replies":[{"embeddable":true,"href":"https:\/\/www.alumni.space\/pt-pt\/wp-json\/wp\/v2\/comments?post=7155"}],"version-history":[{"count":1,"href":"https:\/\/www.alumni.space\/pt-pt\/wp-json\/wp\/v2\/posts\/7155\/revisions"}],"predecessor-version":[{"id":7160,"href":"https:\/\/www.alumni.space\/pt-pt\/wp-json\/wp\/v2\/posts\/7155\/revisions\/7160"}],"wp:featuredmedia":[{"embeddable":true,"href":"https:\/\/www.alumni.space\/pt-pt\/wp-json\/wp\/v2\/media\/7157"}],"wp:attachment":[{"href":"https:\/\/www.alumni.space\/pt-pt\/wp-json\/wp\/v2\/media?parent=7155"}],"wp:term":[{"taxonomy":"category","embeddable":true,"href":"https:\/\/www.alumni.space\/pt-pt\/wp-json\/wp\/v2\/categories?post=7155"},{"taxonomy":"post_tag","embeddable":true,"href":"https:\/\/www.alumni.space\/pt-pt\/wp-json\/wp\/v2\/tags?post=7155"}],"curies":[{"name":"wp","href":"https:\/\/api.w.org\/{rel}","templated":true}]}}