{"id":7077,"date":"2024-03-23T18:59:22","date_gmt":"2024-03-23T18:59:22","guid":{"rendered":"https:\/\/www.alumni.space\/cria-uma-plataforma-dedicada-aos-teus-antigos-alunos-da-empresa\/"},"modified":"2026-04-02T12:06:52","modified_gmt":"2026-04-02T12:06:52","slug":"cria-uma-plataforma-dedicada-aos-teus-antigos-alunos-da-empresa","status":"publish","type":"post","link":"https:\/\/www.alumni.space\/pt-pt\/cria-uma-plataforma-dedicada-aos-teus-antigos-alunos-da-empresa\/","title":{"rendered":"Cria uma plataforma dedicada aos teus antigos alunos da empresa"},"content":{"rendered":"<p>Resumo r\u00e1pido: a implementa\u00e7\u00e3o de uma <strong>plataforma de antigos alunos<\/strong> fornece um quadro digital para centralizar perfis, eventos, ofertas e tutoria. Objetivo da decis\u00e3o: reduzir a perda de conhecimentos, acelerar a integra\u00e7\u00e3o e refor\u00e7ar a <strong>fideliza\u00e7\u00e3o<\/strong> atrav\u00e9s de uma rede viva e \u00fatil. <\/p><div id=\"ez-toc-container\" class=\"ez-toc-v2_0_82_2 counter-flat ez-toc-counter ez-toc-grey ez-toc-container-direction\">\n<div class=\"ez-toc-title-container\"><p class=\"ez-toc-title\" style=\"cursor:inherit\">\u00cdndice deste artigo:<\/p>\n<\/div><nav><ul class='ez-toc-list ez-toc-list-level-1 ' ><li class='ez-toc-page-1'><a class=\"ez-toc-link ez-toc-heading-1\" href=\"https:\/\/www.alumni.space\/pt-pt\/cria-uma-plataforma-dedicada-aos-teus-antigos-alunos-da-empresa\/#Plataforma_de_alumni_empresarial_promessa_desafios_e_beneficios_para_os_decisores\" >Plataforma de alumni empresarial: promessa, desafios e benef\u00edcios para os decisores<\/a><\/li><li class='ez-toc-page-1'><a class=\"ez-toc-link ez-toc-heading-2\" href=\"https:\/\/www.alumni.space\/pt-pt\/cria-uma-plataforma-dedicada-aos-teus-antigos-alunos-da-empresa\/#Estudo_de_caso_Novatech_e_o_lancamento_de_uma_rede_de_antigos_alunos\" >Estudo de caso: Novatech e o lan\u00e7amento de uma rede de antigos alunos<\/a><\/li><li class='ez-toc-page-1'><a class=\"ez-toc-link ez-toc-heading-3\" href=\"https:\/\/www.alumni.space\/pt-pt\/cria-uma-plataforma-dedicada-aos-teus-antigos-alunos-da-empresa\/#Governacao_e_lideranca_papeis_rituais_e_planeamento_operacional\" >Governa\u00e7\u00e3o e lideran\u00e7a: pap\u00e9is, rituais e planeamento operacional<\/a><\/li><li class='ez-toc-page-1'><a class=\"ez-toc-link ez-toc-heading-4\" href=\"https:\/\/www.alumni.space\/pt-pt\/cria-uma-plataforma-dedicada-aos-teus-antigos-alunos-da-empresa\/#Organizacao_pratica_e_rituais\" >Organiza\u00e7\u00e3o pr\u00e1tica e rituais<\/a><\/li><li class='ez-toc-page-1'><a class=\"ez-toc-link ez-toc-heading-5\" href=\"https:\/\/www.alumni.space\/pt-pt\/cria-uma-plataforma-dedicada-aos-teus-antigos-alunos-da-empresa\/#Principais_carateristicas_de_uma_plataforma_operacional\" >Principais carater\u00edsticas de uma plataforma operacional<\/a><\/li><li class='ez-toc-page-1'><a class=\"ez-toc-link ez-toc-heading-6\" href=\"https:\/\/www.alumni.space\/pt-pt\/cria-uma-plataforma-dedicada-aos-teus-antigos-alunos-da-empresa\/#Mentoria_e_apoio_mutuo_formatos_correspondencia_e_incentivos\" >Mentoria e apoio m\u00fatuo: formatos, correspond\u00eancia e incentivos<\/a><\/li><li class='ez-toc-page-1'><a class=\"ez-toc-link ez-toc-heading-7\" href=\"https:\/\/www.alumni.space\/pt-pt\/cria-uma-plataforma-dedicada-aos-teus-antigos-alunos-da-empresa\/#Gerir_o_impacto_KPIs_simples_e_um_plano_de_90_dias\" >Gerir o impacto: KPIs simples e um plano de 90 dias<\/a><\/li><li class='ez-toc-page-1'><a class=\"ez-toc-link ez-toc-heading-8\" href=\"https:\/\/www.alumni.space\/pt-pt\/cria-uma-plataforma-dedicada-aos-teus-antigos-alunos-da-empresa\/#Financiamento_conformidade_e_acessibilidade\" >Financiamento, conformidade e acessibilidade<\/a><\/li><li class='ez-toc-page-1'><a class=\"ez-toc-link ez-toc-heading-9\" href=\"https:\/\/www.alumni.space\/pt-pt\/cria-uma-plataforma-dedicada-aos-teus-antigos-alunos-da-empresa\/#Colocar_o_ALUMNISPACE_em_pratica_e_recursos_uteis\" >Colocar o ALUMNI.SPACE em pr\u00e1tica e recursos \u00fateis<\/a><\/li><\/ul><\/nav><\/div>\n<h2 class=\"wp-block-heading\"><span class=\"ez-toc-section\" id=\"Plataforma_de_alumni_empresarial_promessa_desafios_e_beneficios_para_os_decisores\"><\/span>Plataforma de alumni empresarial: promessa, desafios e benef\u00edcios para os decisores<span class=\"ez-toc-section-end\"><\/span><\/h2><p>Uma interface dedicada re\u00fane antigos funcion\u00e1rios e mentores num espa\u00e7o comum centrado na <strong>partilha de<\/strong> compet\u00eancias e na <strong>cria\u00e7\u00e3o de redes<\/strong>. Os departamentos de RH e de RSE est\u00e3o a assistir a poupan\u00e7as de tempo mensur\u00e1veis durante a integra\u00e7\u00e3o e a um aumento da coopta\u00e7\u00e3o durante o recrutamento. <\/p><p>A abordagem alarga a responsabilidade social da organiza\u00e7\u00e3o: a transmiss\u00e3o intergeracional, o apoio \u00e0 empregabilidade e o voluntariado de compet\u00eancias refor\u00e7am a imagem do empregador. Resultados esperados: maior atratividade, recrutamento simplificado e embaixadores cred\u00edveis da marca. <\/p><figure class=\"wp-block-image size-full\"><img decoding=\"async\" width=\"1344\" height=\"768\" src=\"https:\/\/www.alumni.space\/wp-content\/uploads\/2026\/03\/Mettre-en-place-une-plateforme-dediee-a-vos-alumni-dentreprise-1.jpg\" data-orig-src=\"https:\/\/www.alumni.space\/wp-content\/uploads\/2026\/03\/Mettre-en-place-une-plateforme-dediee-a-vos-alumni-dentreprise-1.jpg\" alt=\"descobre como criar uma plataforma dedicada aos teus alumni empresariais para refor\u00e7ar a tua rede, incentivar os interc\u00e2mbios profissionais e promover a tua comunidade de alumni.\" class=\"lazyload wp-image-3342\" srcset=\"data:image\/svg+xml,%3Csvg%20xmlns%3D%27http%3A%2F%2Fwww.w3.org%2F2000%2Fsvg%27%20width%3D%271344%27%20height%3D%27768%27%20viewBox%3D%270%200%201344%20768%27%3E%3Crect%20width%3D%271344%27%20height%3D%27768%27%20fill-opacity%3D%220%22%2F%3E%3C%2Fsvg%3E\" data-srcset=\"https:\/\/www.alumni.space\/wp-content\/uploads\/2026\/03\/Mettre-en-place-une-plateforme-dediee-a-vos-alumni-dentreprise-1-200x114.jpg 200w, https:\/\/www.alumni.space\/wp-content\/uploads\/2026\/03\/Mettre-en-place-une-plateforme-dediee-a-vos-alumni-dentreprise-1-300x171.jpg 300w, https:\/\/www.alumni.space\/wp-content\/uploads\/2026\/03\/Mettre-en-place-une-plateforme-dediee-a-vos-alumni-dentreprise-1-400x229.jpg 400w, https:\/\/www.alumni.space\/wp-content\/uploads\/2026\/03\/Mettre-en-place-une-plateforme-dediee-a-vos-alumni-dentreprise-1-600x343.jpg 600w, https:\/\/www.alumni.space\/wp-content\/uploads\/2026\/03\/Mettre-en-place-une-plateforme-dediee-a-vos-alumni-dentreprise-1-768x439.jpg 768w, https:\/\/www.alumni.space\/wp-content\/uploads\/2026\/03\/Mettre-en-place-une-plateforme-dediee-a-vos-alumni-dentreprise-1-800x457.jpg 800w, https:\/\/www.alumni.space\/wp-content\/uploads\/2026\/03\/Mettre-en-place-une-plateforme-dediee-a-vos-alumni-dentreprise-1-1024x585.jpg 1024w, https:\/\/www.alumni.space\/wp-content\/uploads\/2026\/03\/Mettre-en-place-une-plateforme-dediee-a-vos-alumni-dentreprise-1-1200x686.jpg 1200w, https:\/\/www.alumni.space\/wp-content\/uploads\/2026\/03\/Mettre-en-place-une-plateforme-dediee-a-vos-alumni-dentreprise-1.jpg 1344w\" data-sizes=\"auto\" data-orig-sizes=\"(max-width: 1344px) 100vw, 1344px\" \/><\/figure><h3 class=\"wp-block-heading\"><span class=\"ez-toc-section\" id=\"Estudo_de_caso_Novatech_e_o_lancamento_de_uma_rede_de_antigos_alunos\"><\/span>Estudo de caso: Novatech e o lan\u00e7amento de uma rede de antigos alunos<span class=\"ez-toc-section-end\"><\/span><\/h3><p>A Novatech est\u00e1 a lan\u00e7ar um espa\u00e7o digital para 4.000 antigos empregados. \u00c9 dada prioridade aos perfis enriquecidos, ao <strong>quadro de empregos<\/strong> interno e ao programa de tutoria para acelerar o recrutamento e capitalizar o conhecimento dos mais velhos. <\/p><p>Feedback inicial: melhor reten\u00e7\u00e3o de talentos, antigos funcion\u00e1rios interessados em tarefas pontuais a serem novamente contactados e maior visibilidade junto das escolas parceiras. A principal conclus\u00e3o: um espa\u00e7o bem concebido gera compromisso desde as primeiras intera\u00e7\u00f5es. <\/p><h2 class=\"wp-block-heading\"><span class=\"ez-toc-section\" id=\"Governacao_e_lideranca_papeis_rituais_e_planeamento_operacional\"><\/span>Governa\u00e7\u00e3o e lideran\u00e7a: pap\u00e9is, rituais e planeamento operacional<span class=\"ez-toc-section-end\"><\/span><\/h2><p>A gest\u00e3o de uma rede requer um pequeno comit\u00e9 de dire\u00e7\u00e3o, l\u00edderes locais e gestores tem\u00e1ticos para eventos, conte\u00fados e orienta\u00e7\u00e3o. Uma breve carta estabelece as regras de benevol\u00eancia, confidencialidade e n\u00e3o-solicita\u00e7\u00e3o. <\/p><p>Um calend\u00e1rio anual estruturado com destaques mensais cria expectativas regulares entre os membros. Os eventos combinam reuni\u00f5es locais, sess\u00f5es de carreira e workshops pr\u00e1ticos para promover a empregabilidade e manter liga\u00e7\u00f5es. <\/p><h3 class=\"wp-block-heading\"><span class=\"ez-toc-section\" id=\"Organizacao_pratica_e_rituais\"><\/span>Organiza\u00e7\u00e3o pr\u00e1tica e rituais<span class=\"ez-toc-section-end\"><\/span><\/h3><p>O comit\u00e9 orienta os KPI, os respons\u00e1veis locais organizam afterworks e reuni\u00f5es sectoriais, enquanto os gestores de conte\u00fados publicam retratos e mini-guias de carreira. Automatiza\u00e7\u00f5es \u00fateis: mensagem de boas-vindas, lembrete de perfil incompleto e lembrete de evento. <\/p><p>Melhor pr\u00e1tica pr\u00e1tica: planear uma sess\u00e3o de correspond\u00eancia entre mentor e mentorado no in\u00edcio de cada novo ano acad\u00e9mico para lan\u00e7ar os pares com objectivos claros. Conclus\u00e3o final: o ritmo e a visibilidade garantem um compromisso a longo prazo. <\/p><h2 class=\"wp-block-heading\"><span class=\"ez-toc-section\" id=\"Principais_carateristicas_de_uma_plataforma_operacional\"><\/span>Principais carater\u00edsticas de uma plataforma operacional<span class=\"ez-toc-section-end\"><\/span><\/h2><p>Uma \u00e1rea de membros centraliza os perfis, um diret\u00f3rio pesquis\u00e1vel, um <strong>quadro de empregos<\/strong> com contribui\u00e7\u00f5es e um calend\u00e1rio de<strong>eventos<\/strong>. O acesso via SSO, os perfis enriquecidos (compet\u00eancias, sectores, mobilidade) e os motores de busca internos facilitam a <strong>cria\u00e7\u00e3o de redes<\/strong>. <\/p><p>Outras fun\u00e7\u00f5es \u00fateis incluem um PWA para notifica\u00e7\u00f5es controladas, emiss\u00e3o de bilhetes integrada, uma \u00e1rea para volunt\u00e1rios, uma biblioteca de documentos e ferramentas de rastreio de utiliza\u00e7\u00e3o an\u00f3nima. Para industrializar estes elementos, uma plataforma espec\u00edfica evita as folhas de c\u00e1lculo e a dispers\u00e3o de ferramentas. <\/p><p>Recursos pr\u00e1ticos: consulta o feedback espec\u00edfico do sector atrav\u00e9s de <a href=\"https:\/\/corporatealumni.fr\/\">um guia pr\u00e1tico em Corporate Alumni<\/a> ou estuda as refer\u00eancias em <a href=\"https:\/\/www.alumnforce.com\/\">AlumnForce<\/a> para comparar ofertas e ergonomia.<\/p><h3 class=\"wp-block-heading\"><span class=\"ez-toc-section\" id=\"Mentoria_e_apoio_mutuo_formatos_correspondencia_e_incentivos\"><\/span>Mentoria e apoio m\u00fatuo: formatos, correspond\u00eancia e incentivos<span class=\"ez-toc-section-end\"><\/span><\/h3><p>Dois formatos complementares geram valor imediato. <strong>O mentoring expresso<\/strong> oferece 30 minutos para desbloquear uma quest\u00e3o espec\u00edfica. <strong>A tutoria a longo prazo<\/strong> estrutura um programa de 3 a 6 meses com objectivos, reuni\u00f5es mensais e uma avalia\u00e7\u00e3o intercalar.  <\/p><p>A correspond\u00eancia com base nas compet\u00eancias pretendidas, no sector e na disponibilidade cria pares relevantes. O <strong>quadro de empregos<\/strong> contributivo convida os antigos alunos recrutadores a publicar vagas e a indicar a possibilidade de coopta\u00e7\u00e3o, activando assim a rede para preencher rapidamente as vagas. <\/p><h2 class=\"wp-block-heading\"><span class=\"ez-toc-section\" id=\"Gerir_o_impacto_KPIs_simples_e_um_plano_de_90_dias\"><\/span>Gerir o impacto: KPIs simples e um plano de 90 dias<span class=\"ez-toc-section-end\"><\/span><\/h2><p>Bastam alguns indicadores para monitorizar: taxas de preenchimento de perfis, participa\u00e7\u00e3o em eventos, n\u00famero de pares orientados e vagas publicadas mensalmente. Estas m\u00e9tricas d\u00e3o-te uma visibilidade direta do empenho e da efic\u00e1cia. <\/p><p>Plano a curto prazo em 90 dias: criar o comit\u00e9 e definir a promessa, lan\u00e7ar a \u00e1rea dos membros com a importa\u00e7\u00e3o de promo\u00e7\u00f5es-piloto, organizar um primeiro webinar e abrir as inscri\u00e7\u00f5es para mentoria. Mede os primeiros KPIs e ajusta o roteiro ap\u00f3s o primeiro trimestre. <\/p><h3 class=\"wp-block-heading\"><span class=\"ez-toc-section\" id=\"Financiamento_conformidade_e_acessibilidade\"><\/span>Financiamento, conformidade e acessibilidade<span class=\"ez-toc-section-end\"><\/span><\/h3><p>Modelo econ\u00f3mico misto: ades\u00e3o simb\u00f3lica, patrocinadores espec\u00edficos e venda de bilhetes para eventos premium garantem o equil\u00edbrio financeiro sem grandes constrangimentos. O RGPD processado atrav\u00e9s de consentimento expl\u00edcito e a elimina\u00e7\u00e3o de contas inactivas refor\u00e7am a confian\u00e7a. <\/p><p>Acessibilidade digital: contrastes adaptados, legendas nas repeti\u00e7\u00f5es e uma interface que privilegia os telem\u00f3veis garantem a participa\u00e7\u00e3o de todas as gera\u00e7\u00f5es. A tua vis\u00e3o: confian\u00e7a + acessibilidade = compromisso duradouro. <\/p><h2 class=\"wp-block-heading\"><span class=\"ez-toc-section\" id=\"Colocar_o_ALUMNISPACE_em_pratica_e_recursos_uteis\"><\/span>Colocar o ALUMNI.SPACE em pr\u00e1tica e recursos \u00fateis<span class=\"ez-toc-section-end\"><\/span><\/h2><p><strong>O ALUMNI.SPACE<\/strong> fornece uma base pronta a ser implementada para a gest\u00e3o de perfis, orienta\u00e7\u00e3o e <strong>eventos<\/strong>. P\u00e1ginas dedicadas apresentam casos de utiliza\u00e7\u00e3o para employer branding e actividades no terreno: <a href=\"https:\/\/www.alumni.space\/pt-pt\/\">ALUMNI.SPACE<\/a>, bem como fichas operacionais sobre o <a href=\"https:\/\/www.alumni.space\/pt-pt\/como-envolver-os-antigos-alunos-nos-teus-eventos-empresariais\/\">envolvimento de eventos de antigos alunos<\/a> e o <a href=\"https:\/\/www.alumni.space\/pt-pt\/o-valor-acrescentado-de-um-programa-de-antigos-alunos-para-a-tua-marca-de-empregador\/\">programa de employer branding de antigos alunos<\/a>. <\/p><p>Para um benchmark setorial complementar, consulta um dossier pr\u00e1tico sobre a <a href=\"https:\/\/www.ekole.fr\/blog\/plateformes-alumni-comment-valoriser-anciens-etudiants\">valoriza\u00e7\u00e3o dos alumni<\/a> ou explora o feedback operacional sobre a <a href=\"https:\/\/www.alumni.space\/pt-pt\/alumni-como-criar-uma-dinamica-de-rede-sustentavel\/\">din\u00e2mica da rede<\/a>. Insight operacional: a escolha de uma plataforma que alinhe RH, RSE e comunica\u00e7\u00e3o facilita a ado\u00e7\u00e3o. <\/p><p><strong>A\u00e7\u00e3o recomendada<\/strong>: define a promessa de valor, seleciona um piloto interno e planeia o primeiro arranque no prazo de 90 dias. Para industrializar o processo e testar um MVP, <a href=\"https:\/\/www.alumni.space\/pt-pt\/\">solicita uma demonstra\u00e7\u00e3o<\/a>. <\/p>","protected":false},"excerpt":{"rendered":"<p>Resumo r\u00e1pido: a implementa\u00e7\u00e3o de uma plataforma de antigos alunos  [&#8230;]<\/p>\n","protected":false},"author":1,"featured_media":7079,"comment_status":"closed","ping_status":"","sticky":false,"template":"","format":"standard","meta":{"_ayudawp_aiss_exclude":false,"footnotes":""},"categories":[67],"tags":[],"class_list":["post-7077","post","type-post","status-publish","format-standard","has-post-thumbnail","hentry","category-antigos-alunos"],"yoast_head":"<!-- This site is optimized with the Yoast SEO plugin v27.4 - https:\/\/yoast.com\/product\/yoast-seo-wordpress\/ -->\n<title>Lan\u00e7a uma plataforma inovadora para os teus alumni empresariais<\/title>\n<meta name=\"description\" content=\"Descobre como criar uma plataforma dedicada aos teus antigos alunos da empresa para refor\u00e7ar os la\u00e7os e melhorar a tua rede profissional.\" \/>\n<meta name=\"robots\" content=\"index, follow, max-snippet:-1, max-image-preview:large, max-video-preview:-1\" \/>\n<link rel=\"canonical\" href=\"https:\/\/www.alumni.space\/pt-pt\/cria-uma-plataforma-dedicada-aos-teus-antigos-alunos-da-empresa\/\" \/>\n<meta property=\"og:locale\" content=\"pt_PT\" \/>\n<meta property=\"og:type\" content=\"article\" \/>\n<meta property=\"og:title\" content=\"Lan\u00e7a uma plataforma inovadora para os teus alumni empresariais\" \/>\n<meta property=\"og:description\" content=\"Descobre como criar uma plataforma dedicada aos teus antigos alunos da empresa para refor\u00e7ar os la\u00e7os e melhorar a tua rede profissional.\" \/>\n<meta property=\"og:url\" content=\"https:\/\/www.alumni.space\/pt-pt\/cria-uma-plataforma-dedicada-aos-teus-antigos-alunos-da-empresa\/\" \/>\n<meta property=\"og:site_name\" content=\"Alumni.space\" \/>\n<meta property=\"article:published_time\" content=\"2024-03-23T18:59:22+00:00\" \/>\n<meta property=\"article:modified_time\" content=\"2026-04-02T12:06:52+00:00\" \/>\n<meta property=\"og:image\" content=\"https:\/\/www.alumni.space\/wp-content\/uploads\/2026\/03\/Mettre-en-place-une-plateforme-dediee-a-vos-alumni-dentreprise.jpg\" \/>\n\t<meta property=\"og:image:width\" content=\"1344\" \/>\n\t<meta property=\"og:image:height\" content=\"768\" \/>\n\t<meta property=\"og:image:type\" content=\"image\/jpeg\" \/>\n<meta name=\"author\" content=\"admin\" \/>\n<meta name=\"twitter:card\" content=\"summary_large_image\" \/>\n<meta name=\"twitter:label1\" content=\"Escrito por\" \/>\n\t<meta name=\"twitter:data1\" content=\"admin\" \/>\n\t<meta name=\"twitter:label2\" content=\"Tempo estimado de leitura\" \/>\n\t<meta name=\"twitter:data2\" content=\"5 minutos\" \/>\n<script type=\"application\/ld+json\" class=\"yoast-schema-graph\">{\"@context\":\"https:\\\/\\\/schema.org\",\"@graph\":[{\"@type\":\"Article\",\"@id\":\"https:\\\/\\\/www.alumni.space\\\/pt-pt\\\/cria-uma-plataforma-dedicada-aos-teus-antigos-alunos-da-empresa\\\/#article\",\"isPartOf\":{\"@id\":\"https:\\\/\\\/www.alumni.space\\\/pt-pt\\\/cria-uma-plataforma-dedicada-aos-teus-antigos-alunos-da-empresa\\\/\"},\"author\":{\"name\":\"admin\",\"@id\":\"https:\\\/\\\/www.alumni.space\\\/pt-pt\\\/#\\\/schema\\\/person\\\/fede362a57876edda476a61f05ce5b15\"},\"headline\":\"Cria uma plataforma dedicada aos teus antigos alunos da empresa\",\"datePublished\":\"2024-03-23T18:59:22+00:00\",\"dateModified\":\"2026-04-02T12:06:52+00:00\",\"mainEntityOfPage\":{\"@id\":\"https:\\\/\\\/www.alumni.space\\\/pt-pt\\\/cria-uma-plataforma-dedicada-aos-teus-antigos-alunos-da-empresa\\\/\"},\"wordCount\":1010,\"image\":{\"@id\":\"https:\\\/\\\/www.alumni.space\\\/pt-pt\\\/cria-uma-plataforma-dedicada-aos-teus-antigos-alunos-da-empresa\\\/#primaryimage\"},\"thumbnailUrl\":\"https:\\\/\\\/www.alumni.space\\\/wp-content\\\/uploads\\\/2026\\\/03\\\/Mettre-en-place-une-plateforme-dediee-a-vos-alumni-dentreprise.jpg\",\"articleSection\":[\"Antigos alunos\"],\"inLanguage\":\"pt-PT\"},{\"@type\":\"WebPage\",\"@id\":\"https:\\\/\\\/www.alumni.space\\\/pt-pt\\\/cria-uma-plataforma-dedicada-aos-teus-antigos-alunos-da-empresa\\\/\",\"url\":\"https:\\\/\\\/www.alumni.space\\\/pt-pt\\\/cria-uma-plataforma-dedicada-aos-teus-antigos-alunos-da-empresa\\\/\",\"name\":\"Lan\u00e7a uma plataforma inovadora para os teus alumni empresariais\",\"isPartOf\":{\"@id\":\"https:\\\/\\\/www.alumni.space\\\/pt-pt\\\/#website\"},\"primaryImageOfPage\":{\"@id\":\"https:\\\/\\\/www.alumni.space\\\/pt-pt\\\/cria-uma-plataforma-dedicada-aos-teus-antigos-alunos-da-empresa\\\/#primaryimage\"},\"image\":{\"@id\":\"https:\\\/\\\/www.alumni.space\\\/pt-pt\\\/cria-uma-plataforma-dedicada-aos-teus-antigos-alunos-da-empresa\\\/#primaryimage\"},\"thumbnailUrl\":\"https:\\\/\\\/www.alumni.space\\\/wp-content\\\/uploads\\\/2026\\\/03\\\/Mettre-en-place-une-plateforme-dediee-a-vos-alumni-dentreprise.jpg\",\"datePublished\":\"2024-03-23T18:59:22+00:00\",\"dateModified\":\"2026-04-02T12:06:52+00:00\",\"author\":{\"@id\":\"https:\\\/\\\/www.alumni.space\\\/pt-pt\\\/#\\\/schema\\\/person\\\/fede362a57876edda476a61f05ce5b15\"},\"description\":\"Descobre como criar uma plataforma dedicada aos teus antigos alunos da empresa para refor\u00e7ar os la\u00e7os e melhorar a tua rede profissional.\",\"breadcrumb\":{\"@id\":\"https:\\\/\\\/www.alumni.space\\\/pt-pt\\\/cria-uma-plataforma-dedicada-aos-teus-antigos-alunos-da-empresa\\\/#breadcrumb\"},\"inLanguage\":\"pt-PT\",\"potentialAction\":[{\"@type\":\"ReadAction\",\"target\":[\"https:\\\/\\\/www.alumni.space\\\/pt-pt\\\/cria-uma-plataforma-dedicada-aos-teus-antigos-alunos-da-empresa\\\/\"]}]},{\"@type\":\"ImageObject\",\"inLanguage\":\"pt-PT\",\"@id\":\"https:\\\/\\\/www.alumni.space\\\/pt-pt\\\/cria-uma-plataforma-dedicada-aos-teus-antigos-alunos-da-empresa\\\/#primaryimage\",\"url\":\"https:\\\/\\\/www.alumni.space\\\/wp-content\\\/uploads\\\/2026\\\/03\\\/Mettre-en-place-une-plateforme-dediee-a-vos-alumni-dentreprise.jpg\",\"contentUrl\":\"https:\\\/\\\/www.alumni.space\\\/wp-content\\\/uploads\\\/2026\\\/03\\\/Mettre-en-place-une-plateforme-dediee-a-vos-alumni-dentreprise.jpg\",\"width\":1344,\"height\":768,\"caption\":\"descobre como criar uma plataforma dedicada aos antigos alunos da tua empresa para refor\u00e7ar os la\u00e7os, incentivar o networking profissional e promover a tua comunidade de antigos funcion\u00e1rios.\"},{\"@type\":\"BreadcrumbList\",\"@id\":\"https:\\\/\\\/www.alumni.space\\\/pt-pt\\\/cria-uma-plataforma-dedicada-aos-teus-antigos-alunos-da-empresa\\\/#breadcrumb\",\"itemListElement\":[{\"@type\":\"ListItem\",\"position\":1,\"name\":\"Home\",\"item\":\"https:\\\/\\\/www.alumni.space\\\/pt-pt\\\/plataforma-de-gestao-de-mentores-e-antigos-alunos\\\/\"},{\"@type\":\"ListItem\",\"position\":2,\"name\":\"Cria uma plataforma dedicada aos teus antigos alunos da empresa\"}]},{\"@type\":\"WebSite\",\"@id\":\"https:\\\/\\\/www.alumni.space\\\/pt-pt\\\/#website\",\"url\":\"https:\\\/\\\/www.alumni.space\\\/pt-pt\\\/\",\"name\":\"Alumni.space\",\"description\":\"My WordPress Blog\",\"potentialAction\":[{\"@type\":\"SearchAction\",\"target\":{\"@type\":\"EntryPoint\",\"urlTemplate\":\"https:\\\/\\\/www.alumni.space\\\/pt-pt\\\/?s={search_term_string}\"},\"query-input\":{\"@type\":\"PropertyValueSpecification\",\"valueRequired\":true,\"valueName\":\"search_term_string\"}}],\"inLanguage\":\"pt-PT\"},{\"@type\":\"Person\",\"@id\":\"https:\\\/\\\/www.alumni.space\\\/pt-pt\\\/#\\\/schema\\\/person\\\/fede362a57876edda476a61f05ce5b15\",\"name\":\"admin\",\"image\":{\"@type\":\"ImageObject\",\"inLanguage\":\"pt-PT\",\"@id\":\"https:\\\/\\\/secure.gravatar.com\\\/avatar\\\/318e234ae94f90d4d629428d6b983c08e31181c28f579e08a021180d759ea651?s=96&d=mm&r=g\",\"url\":\"https:\\\/\\\/secure.gravatar.com\\\/avatar\\\/318e234ae94f90d4d629428d6b983c08e31181c28f579e08a021180d759ea651?s=96&d=mm&r=g\",\"contentUrl\":\"https:\\\/\\\/secure.gravatar.com\\\/avatar\\\/318e234ae94f90d4d629428d6b983c08e31181c28f579e08a021180d759ea651?s=96&d=mm&r=g\",\"caption\":\"admin\"},\"description\":\"Nicolas Laustriat a construit sa sp\u00e9cialit\u00e9 sur un sujet que beaucoup d\u2019organisations d\u00e9couvrent trop tard : ce qui dispara\u00eet quand les gens partent. Dipl\u00f4m\u00e9 en conception de produit industriel, il bifurque vers le digital fin 1996, il couvre les transformations marques, RH, la fid\u00e9lisation, la marque employeur. Sur le terrain, il rep\u00e8re un angle mort r\u00e9current : l\u2019entreprise investit dans le recrutement, la formation, les process\u2026 puis laisse filer le lien au moment du d\u00e9part, avec une perte de savoir et d\u2019influence qui se paie en silence. Il se sp\u00e9cialise alors sur les communaut\u00e9s d\u2019alumni, le mentorat, l\u2019entraide interg\u00e9n\u00e9rationnelle et la transmission d\u2019expertise. Il passe du \u201cconstat\u201d aux m\u00e9thodes : animation, gouvernance, segmentation, rituels, mesure d\u2019engagement, articulation avec la RSE et l\u2019employabilit\u00e9. Il interviewe DRH, responsables formation, directions d\u2019\u00e9coles, associations et fondations, avec une obsession : transformer un r\u00e9seau dormant en m\u00e9canisme utile (cooptation, mentorat, job board, entraide, \u00e9v\u00e9nements, contenus). Son style : direct, orient\u00e9 action, sans folklore. Sa conviction : une communaut\u00e9 n\u2019a pas besoin de bruit, elle a besoin de raisons de revenir.\",\"sameAs\":[\"https:\\\/\\\/www.alumni.space\"]}]}<\/script>\n<!-- \/ Yoast SEO plugin. -->","yoast_head_json":{"title":"Lan\u00e7a uma plataforma inovadora para os teus alumni empresariais","description":"Descobre como criar uma plataforma dedicada aos teus antigos alunos da empresa para refor\u00e7ar os la\u00e7os e melhorar a tua rede profissional.","robots":{"index":"index","follow":"follow","max-snippet":"max-snippet:-1","max-image-preview":"max-image-preview:large","max-video-preview":"max-video-preview:-1"},"canonical":"https:\/\/www.alumni.space\/pt-pt\/cria-uma-plataforma-dedicada-aos-teus-antigos-alunos-da-empresa\/","og_locale":"pt_PT","og_type":"article","og_title":"Lan\u00e7a uma plataforma inovadora para os teus alumni empresariais","og_description":"Descobre como criar uma plataforma dedicada aos teus antigos alunos da empresa para refor\u00e7ar os la\u00e7os e melhorar a tua rede profissional.","og_url":"https:\/\/www.alumni.space\/pt-pt\/cria-uma-plataforma-dedicada-aos-teus-antigos-alunos-da-empresa\/","og_site_name":"Alumni.space","article_published_time":"2024-03-23T18:59:22+00:00","article_modified_time":"2026-04-02T12:06:52+00:00","og_image":[{"width":1344,"height":768,"url":"https:\/\/www.alumni.space\/wp-content\/uploads\/2026\/03\/Mettre-en-place-une-plateforme-dediee-a-vos-alumni-dentreprise.jpg","type":"image\/jpeg"}],"author":"admin","twitter_card":"summary_large_image","twitter_misc":{"Escrito por":"admin","Tempo estimado de leitura":"5 minutos"},"schema":{"@context":"https:\/\/schema.org","@graph":[{"@type":"Article","@id":"https:\/\/www.alumni.space\/pt-pt\/cria-uma-plataforma-dedicada-aos-teus-antigos-alunos-da-empresa\/#article","isPartOf":{"@id":"https:\/\/www.alumni.space\/pt-pt\/cria-uma-plataforma-dedicada-aos-teus-antigos-alunos-da-empresa\/"},"author":{"name":"admin","@id":"https:\/\/www.alumni.space\/pt-pt\/#\/schema\/person\/fede362a57876edda476a61f05ce5b15"},"headline":"Cria uma plataforma dedicada aos teus antigos alunos da empresa","datePublished":"2024-03-23T18:59:22+00:00","dateModified":"2026-04-02T12:06:52+00:00","mainEntityOfPage":{"@id":"https:\/\/www.alumni.space\/pt-pt\/cria-uma-plataforma-dedicada-aos-teus-antigos-alunos-da-empresa\/"},"wordCount":1010,"image":{"@id":"https:\/\/www.alumni.space\/pt-pt\/cria-uma-plataforma-dedicada-aos-teus-antigos-alunos-da-empresa\/#primaryimage"},"thumbnailUrl":"https:\/\/www.alumni.space\/wp-content\/uploads\/2026\/03\/Mettre-en-place-une-plateforme-dediee-a-vos-alumni-dentreprise.jpg","articleSection":["Antigos alunos"],"inLanguage":"pt-PT"},{"@type":"WebPage","@id":"https:\/\/www.alumni.space\/pt-pt\/cria-uma-plataforma-dedicada-aos-teus-antigos-alunos-da-empresa\/","url":"https:\/\/www.alumni.space\/pt-pt\/cria-uma-plataforma-dedicada-aos-teus-antigos-alunos-da-empresa\/","name":"Lan\u00e7a uma plataforma inovadora para os teus alumni empresariais","isPartOf":{"@id":"https:\/\/www.alumni.space\/pt-pt\/#website"},"primaryImageOfPage":{"@id":"https:\/\/www.alumni.space\/pt-pt\/cria-uma-plataforma-dedicada-aos-teus-antigos-alunos-da-empresa\/#primaryimage"},"image":{"@id":"https:\/\/www.alumni.space\/pt-pt\/cria-uma-plataforma-dedicada-aos-teus-antigos-alunos-da-empresa\/#primaryimage"},"thumbnailUrl":"https:\/\/www.alumni.space\/wp-content\/uploads\/2026\/03\/Mettre-en-place-une-plateforme-dediee-a-vos-alumni-dentreprise.jpg","datePublished":"2024-03-23T18:59:22+00:00","dateModified":"2026-04-02T12:06:52+00:00","author":{"@id":"https:\/\/www.alumni.space\/pt-pt\/#\/schema\/person\/fede362a57876edda476a61f05ce5b15"},"description":"Descobre como criar uma plataforma dedicada aos teus antigos alunos da empresa para refor\u00e7ar os la\u00e7os e melhorar a tua rede profissional.","breadcrumb":{"@id":"https:\/\/www.alumni.space\/pt-pt\/cria-uma-plataforma-dedicada-aos-teus-antigos-alunos-da-empresa\/#breadcrumb"},"inLanguage":"pt-PT","potentialAction":[{"@type":"ReadAction","target":["https:\/\/www.alumni.space\/pt-pt\/cria-uma-plataforma-dedicada-aos-teus-antigos-alunos-da-empresa\/"]}]},{"@type":"ImageObject","inLanguage":"pt-PT","@id":"https:\/\/www.alumni.space\/pt-pt\/cria-uma-plataforma-dedicada-aos-teus-antigos-alunos-da-empresa\/#primaryimage","url":"https:\/\/www.alumni.space\/wp-content\/uploads\/2026\/03\/Mettre-en-place-une-plateforme-dediee-a-vos-alumni-dentreprise.jpg","contentUrl":"https:\/\/www.alumni.space\/wp-content\/uploads\/2026\/03\/Mettre-en-place-une-plateforme-dediee-a-vos-alumni-dentreprise.jpg","width":1344,"height":768,"caption":"descobre como criar uma plataforma dedicada aos antigos alunos da tua empresa para refor\u00e7ar os la\u00e7os, incentivar o networking profissional e promover a tua comunidade de antigos funcion\u00e1rios."},{"@type":"BreadcrumbList","@id":"https:\/\/www.alumni.space\/pt-pt\/cria-uma-plataforma-dedicada-aos-teus-antigos-alunos-da-empresa\/#breadcrumb","itemListElement":[{"@type":"ListItem","position":1,"name":"Home","item":"https:\/\/www.alumni.space\/pt-pt\/plataforma-de-gestao-de-mentores-e-antigos-alunos\/"},{"@type":"ListItem","position":2,"name":"Cria uma plataforma dedicada aos teus antigos alunos da empresa"}]},{"@type":"WebSite","@id":"https:\/\/www.alumni.space\/pt-pt\/#website","url":"https:\/\/www.alumni.space\/pt-pt\/","name":"Alumni.space","description":"My WordPress Blog","potentialAction":[{"@type":"SearchAction","target":{"@type":"EntryPoint","urlTemplate":"https:\/\/www.alumni.space\/pt-pt\/?s={search_term_string}"},"query-input":{"@type":"PropertyValueSpecification","valueRequired":true,"valueName":"search_term_string"}}],"inLanguage":"pt-PT"},{"@type":"Person","@id":"https:\/\/www.alumni.space\/pt-pt\/#\/schema\/person\/fede362a57876edda476a61f05ce5b15","name":"admin","image":{"@type":"ImageObject","inLanguage":"pt-PT","@id":"https:\/\/secure.gravatar.com\/avatar\/318e234ae94f90d4d629428d6b983c08e31181c28f579e08a021180d759ea651?s=96&d=mm&r=g","url":"https:\/\/secure.gravatar.com\/avatar\/318e234ae94f90d4d629428d6b983c08e31181c28f579e08a021180d759ea651?s=96&d=mm&r=g","contentUrl":"https:\/\/secure.gravatar.com\/avatar\/318e234ae94f90d4d629428d6b983c08e31181c28f579e08a021180d759ea651?s=96&d=mm&r=g","caption":"admin"},"description":"Nicolas Laustriat a construit sa sp\u00e9cialit\u00e9 sur un sujet que beaucoup d\u2019organisations d\u00e9couvrent trop tard : ce qui dispara\u00eet quand les gens partent. Dipl\u00f4m\u00e9 en conception de produit industriel, il bifurque vers le digital fin 1996, il couvre les transformations marques, RH, la fid\u00e9lisation, la marque employeur. Sur le terrain, il rep\u00e8re un angle mort r\u00e9current : l\u2019entreprise investit dans le recrutement, la formation, les process\u2026 puis laisse filer le lien au moment du d\u00e9part, avec une perte de savoir et d\u2019influence qui se paie en silence. Il se sp\u00e9cialise alors sur les communaut\u00e9s d\u2019alumni, le mentorat, l\u2019entraide interg\u00e9n\u00e9rationnelle et la transmission d\u2019expertise. Il passe du \u201cconstat\u201d aux m\u00e9thodes : animation, gouvernance, segmentation, rituels, mesure d\u2019engagement, articulation avec la RSE et l\u2019employabilit\u00e9. Il interviewe DRH, responsables formation, directions d\u2019\u00e9coles, associations et fondations, avec une obsession : transformer un r\u00e9seau dormant en m\u00e9canisme utile (cooptation, mentorat, job board, entraide, \u00e9v\u00e9nements, contenus). Son style : direct, orient\u00e9 action, sans folklore. Sa conviction : une communaut\u00e9 n\u2019a pas besoin de bruit, elle a besoin de raisons de revenir.","sameAs":["https:\/\/www.alumni.space"]}]}},"_links":{"self":[{"href":"https:\/\/www.alumni.space\/pt-pt\/wp-json\/wp\/v2\/posts\/7077","targetHints":{"allow":["GET"]}}],"collection":[{"href":"https:\/\/www.alumni.space\/pt-pt\/wp-json\/wp\/v2\/posts"}],"about":[{"href":"https:\/\/www.alumni.space\/pt-pt\/wp-json\/wp\/v2\/types\/post"}],"author":[{"embeddable":true,"href":"https:\/\/www.alumni.space\/pt-pt\/wp-json\/wp\/v2\/users\/1"}],"replies":[{"embeddable":true,"href":"https:\/\/www.alumni.space\/pt-pt\/wp-json\/wp\/v2\/comments?post=7077"}],"version-history":[{"count":1,"href":"https:\/\/www.alumni.space\/pt-pt\/wp-json\/wp\/v2\/posts\/7077\/revisions"}],"predecessor-version":[{"id":7081,"href":"https:\/\/www.alumni.space\/pt-pt\/wp-json\/wp\/v2\/posts\/7077\/revisions\/7081"}],"wp:featuredmedia":[{"embeddable":true,"href":"https:\/\/www.alumni.space\/pt-pt\/wp-json\/wp\/v2\/media\/7079"}],"wp:attachment":[{"href":"https:\/\/www.alumni.space\/pt-pt\/wp-json\/wp\/v2\/media?parent=7077"}],"wp:term":[{"taxonomy":"category","embeddable":true,"href":"https:\/\/www.alumni.space\/pt-pt\/wp-json\/wp\/v2\/categories?post=7077"},{"taxonomy":"post_tag","embeddable":true,"href":"https:\/\/www.alumni.space\/pt-pt\/wp-json\/wp\/v2\/tags?post=7077"}],"curies":[{"name":"wp","href":"https:\/\/api.w.org\/{rel}","templated":true}]}}