{"id":7006,"date":"2024-02-12T18:02:53","date_gmt":"2024-02-12T18:02:53","guid":{"rendered":"https:\/\/www.alumni.space\/porque-e-que-manter-um-registo-dos-teus-antigos-empregados-e-estrategico\/"},"modified":"2026-04-02T12:06:04","modified_gmt":"2026-04-02T12:06:04","slug":"porque-e-que-manter-um-registo-dos-teus-antigos-empregados-e-estrategico","status":"publish","type":"post","link":"https:\/\/www.alumni.space\/pt-pt\/porque-e-que-manter-um-registo-dos-teus-antigos-empregados-e-estrategico\/","title":{"rendered":"Porque \u00e9 que manter um registo dos teus antigos empregados \u00e9 estrat\u00e9gico"},"content":{"rendered":"<p>Resumo: O acompanhamento dos <strong>percursos profissionais<\/strong> de <strong>antigos<\/strong> colaboradores \u00e9 uma alavanca estrat\u00e9gica. Uma liga\u00e7\u00e3o alargada a estes perfis gera <strong>networking<\/strong>, <strong>fideliza\u00e7\u00e3o de<\/strong> embaixadores e ganhos para a <strong>marca do empregador<\/strong>. <\/p><p>Resumo: abordagem acion\u00e1vel para os decisores de RH, escolas e associa\u00e7\u00f5es. M\u00e9todo, rituais, gest\u00e3o de KPI e ferramentas para capitalizar o <strong>capital humano<\/strong>. <\/p><div id=\"ez-toc-container\" class=\"ez-toc-v2_0_82_2 counter-flat ez-toc-counter ez-toc-grey ez-toc-container-direction\">\n<div class=\"ez-toc-title-container\"><p class=\"ez-toc-title\" style=\"cursor:inherit\">\u00cdndice deste artigo:<\/p>\n<\/div><nav><ul class='ez-toc-list ez-toc-list-level-1 ' ><li class='ez-toc-page-1'><a class=\"ez-toc-link ez-toc-heading-1\" href=\"https:\/\/www.alumni.space\/pt-pt\/porque-e-que-manter-um-registo-dos-teus-antigos-empregados-e-estrategico\/#Acompanha_os_percursos_profissionais_de_antigos_funcionarios_para_uma_estrategia_de_RH_eficaz\" >Acompanha os percursos profissionais de antigos funcion\u00e1rios para uma estrat\u00e9gia de RH eficaz<\/a><\/li><li class='ez-toc-page-1'><a class=\"ez-toc-link ez-toc-heading-2\" href=\"https:\/\/www.alumni.space\/pt-pt\/porque-e-que-manter-um-registo-dos-teus-antigos-empregados-e-estrategico\/#Contexto_questoes_e_estudos_de_caso\" >Contexto, quest\u00f5es e estudos de caso<\/a><\/li><li class='ez-toc-page-1'><a class=\"ez-toc-link ez-toc-heading-3\" href=\"https:\/\/www.alumni.space\/pt-pt\/porque-e-que-manter-um-registo-dos-teus-antigos-empregados-e-estrategico\/#Um_metodo_pratico_para_a_industrializacao_do_talento_o_acompanhamento_e_o_desenvolvimento_das_relacoes_profissionais\" >Um m\u00e9todo pr\u00e1tico para a industrializa\u00e7\u00e3o do talento, o acompanhamento e o desenvolvimento das rela\u00e7\u00f5es profissionais<\/a><\/li><li class='ez-toc-page-1'><a class=\"ez-toc-link ez-toc-heading-4\" href=\"https:\/\/www.alumni.space\/pt-pt\/porque-e-que-manter-um-registo-dos-teus-antigos-empregados-e-estrategico\/#Segmentos_funcoes_e_horarios\" >Segmentos, fun\u00e7\u00f5es e hor\u00e1rios<\/a><\/li><li class='ez-toc-page-1'><a class=\"ez-toc-link ez-toc-heading-5\" href=\"https:\/\/www.alumni.space\/pt-pt\/porque-e-que-manter-um-registo-dos-teus-antigos-empregados-e-estrategico\/#Ativacao_de_antigos_empregados_cooptacao_orientacao_e_fidelizacao\" >Ativa\u00e7\u00e3o de antigos empregados: coopta\u00e7\u00e3o, orienta\u00e7\u00e3o e fideliza\u00e7\u00e3o<\/a><\/li><li class='ez-toc-page-1'><a class=\"ez-toc-link ez-toc-heading-6\" href=\"https:\/\/www.alumni.space\/pt-pt\/porque-e-que-manter-um-registo-dos-teus-antigos-empregados-e-estrategico\/#Indicadores_para_os_decisores_acompanhamento_e_demonstracao_do_impacto\" >Indicadores para os decisores: acompanhamento e demonstra\u00e7\u00e3o do impacto<\/a><\/li><li class='ez-toc-page-1'><a class=\"ez-toc-link ez-toc-heading-7\" href=\"https:\/\/www.alumni.space\/pt-pt\/porque-e-que-manter-um-registo-dos-teus-antigos-empregados-e-estrategico\/#Processo_juridico_e_riscos_especificos_de_acordo_com_o_perfil\" >Processo jur\u00eddico e riscos espec\u00edficos de acordo com o perfil<\/a><\/li><\/ul><\/nav><\/div>\n<h2 class=\"wp-block-heading\"><span class=\"ez-toc-section\" id=\"Acompanha_os_percursos_profissionais_de_antigos_funcionarios_para_uma_estrategia_de_RH_eficaz\"><\/span>Acompanha os percursos profissionais de antigos funcion\u00e1rios para uma estrat\u00e9gia de RH eficaz<span class=\"ez-toc-section-end\"><\/span><\/h2><p>O acompanhamento dos <strong>percursos profissionais<\/strong> dos antigos empregados constitui uma b\u00fassola para a <strong>estrat\u00e9gia de RH<\/strong>. Esta abordagem identifica percursos profissionais, compet\u00eancias transfer\u00edveis e potencial de reciprocidade. A gest\u00e3o deste acompanhamento alimenta a <strong>marca do empregador<\/strong> atrav\u00e9s de testemunhos verific\u00e1veis e recomenda\u00e7\u00f5es aut\u00eanticas.  <\/p><p>Encontra uma liga\u00e7\u00e3o r\u00e1pida para uma metodologia de mapeamento das etapas dos trabalhadores num recurso pr\u00e1tico sobre o <a href=\"https:\/\/www.appvizer.fr\/magazine\/ressources-humaines\/gestion-employes\/parcours-collaborateur\">mapeamento do percurso dos trabalhadores<\/a>. Perce\u00e7\u00e3o: a monitoriza\u00e7\u00e3o estruturada reduz o risco de perda de conhecimentos cr\u00edticos. <\/p><figure class=\"wp-block-image size-full\"><img decoding=\"async\" width=\"1344\" height=\"768\" src=\"https:\/\/www.alumni.space\/wp-content\/uploads\/2026\/03\/Pourquoi-suivre-le-parcours-de-vos-anciens-collaborateurs-est-strategique-1.jpg\" data-orig-src=\"https:\/\/www.alumni.space\/wp-content\/uploads\/2026\/03\/Pourquoi-suivre-le-parcours-de-vos-anciens-collaborateurs-est-strategique-1.jpg\" alt=\"descobre porque \u00e9 que seguir as carreiras dos teus antigos empregados \u00e9 essencial para otimizar a tua estrat\u00e9gia de RH, refor\u00e7ar a tua rede profissional e melhorar a tua marca de empregador.\" class=\"lazyload wp-image-3339\" srcset=\"data:image\/svg+xml,%3Csvg%20xmlns%3D%27http%3A%2F%2Fwww.w3.org%2F2000%2Fsvg%27%20width%3D%271344%27%20height%3D%27768%27%20viewBox%3D%270%200%201344%20768%27%3E%3Crect%20width%3D%271344%27%20height%3D%27768%27%20fill-opacity%3D%220%22%2F%3E%3C%2Fsvg%3E\" data-srcset=\"https:\/\/www.alumni.space\/wp-content\/uploads\/2026\/03\/Pourquoi-suivre-le-parcours-de-vos-anciens-collaborateurs-est-strategique-1-200x114.jpg 200w, https:\/\/www.alumni.space\/wp-content\/uploads\/2026\/03\/Pourquoi-suivre-le-parcours-de-vos-anciens-collaborateurs-est-strategique-1-300x171.jpg 300w, https:\/\/www.alumni.space\/wp-content\/uploads\/2026\/03\/Pourquoi-suivre-le-parcours-de-vos-anciens-collaborateurs-est-strategique-1-400x229.jpg 400w, https:\/\/www.alumni.space\/wp-content\/uploads\/2026\/03\/Pourquoi-suivre-le-parcours-de-vos-anciens-collaborateurs-est-strategique-1-600x343.jpg 600w, https:\/\/www.alumni.space\/wp-content\/uploads\/2026\/03\/Pourquoi-suivre-le-parcours-de-vos-anciens-collaborateurs-est-strategique-1-768x439.jpg 768w, https:\/\/www.alumni.space\/wp-content\/uploads\/2026\/03\/Pourquoi-suivre-le-parcours-de-vos-anciens-collaborateurs-est-strategique-1-800x457.jpg 800w, https:\/\/www.alumni.space\/wp-content\/uploads\/2026\/03\/Pourquoi-suivre-le-parcours-de-vos-anciens-collaborateurs-est-strategique-1-1024x585.jpg 1024w, https:\/\/www.alumni.space\/wp-content\/uploads\/2026\/03\/Pourquoi-suivre-le-parcours-de-vos-anciens-collaborateurs-est-strategique-1-1200x686.jpg 1200w, https:\/\/www.alumni.space\/wp-content\/uploads\/2026\/03\/Pourquoi-suivre-le-parcours-de-vos-anciens-collaborateurs-est-strategique-1.jpg 1344w\" data-sizes=\"auto\" data-orig-sizes=\"(max-width: 1344px) 100vw, 1344px\" \/><\/figure><h3 class=\"wp-block-heading\"><span class=\"ez-toc-section\" id=\"Contexto_questoes_e_estudos_de_caso\"><\/span>Contexto, quest\u00f5es e estudos de caso<span class=\"ez-toc-section-end\"><\/span><\/h3><p>Contexto: as sa\u00eddas regulares numa unidade t\u00e9cnica conduzem a uma perda de compet\u00eancias. Consequ\u00eancia direta: abrandamento dos projectos e aumento do tempo de arranque para os substitutos. <\/p><p>Estudo de caso: uma PME industrial criou um sistema de monitoriza\u00e7\u00e3o p\u00f3s-partida. Resultado: identifica\u00e7\u00e3o r\u00e1pida dos recursos de manuten\u00e7\u00e3o, menos interrup\u00e7\u00f5es de servi\u00e7o. Para um plano de a\u00e7\u00e3o operacional mais detalhado, ver o <a href=\"https:\/\/www.rh-actu.fr\/quel-plan-daction-mettre-en-place-pour-transformer-les-employes-quittant-lentreprise-en-ambassadeurs-de-marque\">plano de a\u00e7\u00e3o para transformar os trabalhadores que partem em embaixadores da marca<\/a>. Perce\u00e7\u00e3o: uma rela\u00e7\u00e3o cuidadosa no in\u00edcio \u00e9 frequentemente convertida em coopta\u00e7\u00e3o qualificada.   <\/p><h2 class=\"wp-block-heading\"><span class=\"ez-toc-section\" id=\"Um_metodo_pratico_para_a_industrializacao_do_talento_o_acompanhamento_e_o_desenvolvimento_das_relacoes_profissionais\"><\/span>Um m\u00e9todo pr\u00e1tico para a industrializa\u00e7\u00e3o do talento, o acompanhamento e o desenvolvimento das rela\u00e7\u00f5es profissionais<span class=\"ez-toc-section-end\"><\/span><\/h2><p>Fase 1 &#8211; Defini\u00e7\u00e3o do \u00e2mbito: levantamento dos perfis priorit\u00e1rios (compet\u00eancias raras, posi\u00e7\u00f5es-chave, quadros superiores em fim de carreira). Fase 2 &#8211; Cria\u00e7\u00e3o de rituais: entrevistas qualitativas de sa\u00edda, transfer\u00eancia de conhecimentos, convites para reuni\u00f5es tem\u00e1ticas. <\/p><p>Ferramenta recomendada para preservar os conhecimentos t\u00e9cnicos: incorpora uma pol\u00edtica espec\u00edfica para <a href=\"https:\/\/www.alumni.space\/pt-pt\/como-e-que-podemos-evitar-a-perda-de-competencias-na-manutencao-industrial\/\">preservar os conhecimentos operacionais<\/a>. Perce\u00e7\u00e3o: um procedimento normalizado limita o risco operacional e acelera a recupera\u00e7\u00e3o. <\/p><h3 class=\"wp-block-heading\"><span class=\"ez-toc-section\" id=\"Segmentos_funcoes_e_horarios\"><\/span>Segmentos, fun\u00e7\u00f5es e hor\u00e1rios<span class=\"ez-toc-section-end\"><\/span><\/h3><p>Segmenta os antigos empregados de acordo com os crit\u00e9rios de emprego, mobilidade profissional, apet\u00eancia para a tutoria. Nomeia um respons\u00e1vel de RH para <strong>acompanhar os talentos<\/strong> e define um calend\u00e1rio trimestral de actividades: boletins informativos espec\u00edficos, business lives, workshops <strong>de networking<\/strong>. <\/p><p>Papel dos gestores no terreno: valida\u00e7\u00e3o dos perfis estrat\u00e9gicos. Papel da comunica\u00e7\u00e3o: promover a <strong>marca do empregador<\/strong> junto da rede. Perce\u00e7\u00e3o: uma governa\u00e7\u00e3o simples facilita a ado\u00e7\u00e3o e a medi\u00e7\u00e3o.  <\/p><h2 class=\"wp-block-heading\"><span class=\"ez-toc-section\" id=\"Ativacao_de_antigos_empregados_cooptacao_orientacao_e_fidelizacao\"><\/span>Ativa\u00e7\u00e3o de antigos empregados: coopta\u00e7\u00e3o, orienta\u00e7\u00e3o e fideliza\u00e7\u00e3o<span class=\"ez-toc-section-end\"><\/span><\/h2><p>Converter a rede em valor: programas estruturados de coopta\u00e7\u00e3o, ofertas de tutoria para jovens talentos, oportunidades de trabalho pontuais. Um quadro claro para trocas geradoras de valor aumenta <strong>a fidelidade<\/strong> dos antigos alunos. <\/p><p>Um recurso mostra como os ex-alunos impulsionam a aquisi\u00e7\u00e3o de talentos atrav\u00e9s da recomenda\u00e7\u00e3o. L\u00ea a an\u00e1lise do <a href=\"https:\/\/www.alumni.space\/pt-pt\/o-papel-dos-antigos-trabalhadores-na-tua-estrategia-de-cooptacao\/\">papel dos antigos alunos na coopta\u00e7\u00e3o<\/a>. Perce\u00e7\u00e3o: um ex-aluno satisfeito gera v\u00e1rios pontos de contacto \u00fateis para o recrutamento.  <\/p><h3 class=\"wp-block-heading\"><span class=\"ez-toc-section\" id=\"Indicadores_para_os_decisores_acompanhamento_e_demonstracao_do_impacto\"><\/span>Indicadores para os decisores: acompanhamento e demonstra\u00e7\u00e3o do impacto<span class=\"ez-toc-section-end\"><\/span><\/h3><p>Indicadores recomendados: taxa de registo na rede de antigos alunos, taxa de compromisso (participa\u00e7\u00e3o em eventos), n\u00famero de coopta\u00e7\u00f5es da rede, horas de orienta\u00e7\u00e3o prestadas, recontrata\u00e7\u00f5es &#8220;boomerang&#8221;. Medi\u00e7\u00e3o trimestral para uma gest\u00e3o \u00e1gil. <\/p><p>A monitoriza\u00e7\u00e3o consolidada torna vis\u00edvel a contribui\u00e7\u00e3o da rede para o <strong>capital humano<\/strong>. Perce\u00e7\u00e3o: KPIs simples fornecem feedback r\u00e1pido e credibilidade com a governa\u00e7\u00e3o. <\/p><h2 class=\"wp-block-heading\"><span class=\"ez-toc-section\" id=\"Processo_juridico_e_riscos_especificos_de_acordo_com_o_perfil\"><\/span>Processo jur\u00eddico e riscos espec\u00edficos de acordo com o perfil<span class=\"ez-toc-section-end\"><\/span><\/h2><p>Perfis superiores e peritos jur\u00eddicos exigem salvaguardas contratuais e planos de transfer\u00eancia antecipados. Para sectores altamente regulamentados, s\u00e3o necess\u00e1rios protocolos espec\u00edficos para manter o acesso ao feedback durante um per\u00edodo limitado. Percebe: respeitar as regras significa seguran\u00e7a e confian\u00e7a nas rela\u00e7\u00f5es.  <\/p><p>Lembrete operacional: alinha a governa\u00e7\u00e3o dos RH, a RSE e a comunica\u00e7\u00e3o para gerar indicadores de impacto mensur\u00e1veis.<\/p><p>Conclus\u00e3o: o acompanhamento dos <strong>percursos profissionais<\/strong> dos <strong>antigos<\/strong> colaboradores enriquece a rede, apoia a <strong>mobilidade<\/strong> interna e externa <strong>das carreiras<\/strong> e produz ganhos reais para a <strong>marca do empregador<\/strong> e para a <strong>reten\u00e7\u00e3o<\/strong>. Para transformar este acompanhamento numa alavanca, come\u00e7a com uma a\u00e7\u00e3o-piloto. Para uma a\u00e7\u00e3o dedicada \u00e0 orienta\u00e7\u00e3o de jovens talentos, v\u00ea uma pista \u00fatil sobre a <a href=\"https:\/\/www.alumni.space\/pt-pt\/mentoria-de-jovens-talentos-pelos-teus-antigos-empregados\/\">orienta\u00e7\u00e3o de jovens talentos<\/a>.  <\/p><p><strong>Solicita uma demonstra\u00e7\u00e3o<\/strong><\/p>","protected":false},"excerpt":{"rendered":"<p>Resumo: O acompanhamento dos percursos profissionais de antigos colaboradores \u00e9  [&#8230;]<\/p>\n","protected":false},"author":1,"featured_media":7009,"comment_status":"closed","ping_status":"","sticky":false,"template":"","format":"standard","meta":{"_ayudawp_aiss_exclude":false,"footnotes":""},"categories":[67],"tags":[],"class_list":["post-7006","post","type-post","status-publish","format-standard","has-post-thumbnail","hentry","category-antigos-alunos"],"yoast_head":"<!-- This site is optimized with the Yoast SEO plugin v27.4 - https:\/\/yoast.com\/product\/yoast-seo-wordpress\/ -->\n<title>Acompanhamento p\u00f3s-emprego: um trunfo estrat\u00e9gico<\/title>\n<meta name=\"description\" content=\"Descobre por que raz\u00e3o o acompanhamento das carreiras dos teus antigos empregados refor\u00e7a a tua estrat\u00e9gia de RH e aumenta o teu sucesso a longo prazo.\" \/>\n<meta name=\"robots\" content=\"index, follow, max-snippet:-1, max-image-preview:large, max-video-preview:-1\" \/>\n<link rel=\"canonical\" href=\"https:\/\/www.alumni.space\/pt-pt\/porque-e-que-manter-um-registo-dos-teus-antigos-empregados-e-estrategico\/\" \/>\n<meta property=\"og:locale\" content=\"pt_PT\" \/>\n<meta property=\"og:type\" content=\"article\" \/>\n<meta property=\"og:title\" content=\"Acompanhamento p\u00f3s-emprego: um trunfo estrat\u00e9gico\" \/>\n<meta property=\"og:description\" content=\"Descobre por que raz\u00e3o o acompanhamento das carreiras dos teus antigos empregados refor\u00e7a a tua estrat\u00e9gia de RH e aumenta o teu sucesso a longo prazo.\" \/>\n<meta property=\"og:url\" content=\"https:\/\/www.alumni.space\/pt-pt\/porque-e-que-manter-um-registo-dos-teus-antigos-empregados-e-estrategico\/\" \/>\n<meta property=\"og:site_name\" content=\"Alumni.space\" \/>\n<meta property=\"article:published_time\" content=\"2024-02-12T18:02:53+00:00\" \/>\n<meta property=\"article:modified_time\" content=\"2026-04-02T12:06:04+00:00\" \/>\n<meta property=\"og:image\" content=\"https:\/\/www.alumni.space\/wp-content\/uploads\/2026\/03\/Pourquoi-suivre-le-parcours-de-vos-anciens-collaborateurs-est-strategique.jpg\" \/>\n\t<meta property=\"og:image:width\" content=\"1344\" \/>\n\t<meta property=\"og:image:height\" content=\"768\" \/>\n\t<meta property=\"og:image:type\" content=\"image\/jpeg\" \/>\n<meta name=\"author\" content=\"admin\" \/>\n<meta name=\"twitter:card\" content=\"summary_large_image\" \/>\n<meta name=\"twitter:label1\" content=\"Escrito por\" \/>\n\t<meta name=\"twitter:data1\" content=\"admin\" \/>\n\t<meta name=\"twitter:label2\" content=\"Tempo estimado de leitura\" \/>\n\t<meta name=\"twitter:data2\" content=\"4 minutos\" \/>\n<script type=\"application\/ld+json\" class=\"yoast-schema-graph\">{\"@context\":\"https:\\\/\\\/schema.org\",\"@graph\":[{\"@type\":\"Article\",\"@id\":\"https:\\\/\\\/www.alumni.space\\\/pt-pt\\\/porque-e-que-manter-um-registo-dos-teus-antigos-empregados-e-estrategico\\\/#article\",\"isPartOf\":{\"@id\":\"https:\\\/\\\/www.alumni.space\\\/pt-pt\\\/porque-e-que-manter-um-registo-dos-teus-antigos-empregados-e-estrategico\\\/\"},\"author\":{\"name\":\"admin\",\"@id\":\"https:\\\/\\\/www.alumni.space\\\/pt-pt\\\/#\\\/schema\\\/person\\\/fede362a57876edda476a61f05ce5b15\"},\"headline\":\"Porque \u00e9 que manter um registo dos teus antigos empregados \u00e9 estrat\u00e9gico\",\"datePublished\":\"2024-02-12T18:02:53+00:00\",\"dateModified\":\"2026-04-02T12:06:04+00:00\",\"mainEntityOfPage\":{\"@id\":\"https:\\\/\\\/www.alumni.space\\\/pt-pt\\\/porque-e-que-manter-um-registo-dos-teus-antigos-empregados-e-estrategico\\\/\"},\"wordCount\":797,\"image\":{\"@id\":\"https:\\\/\\\/www.alumni.space\\\/pt-pt\\\/porque-e-que-manter-um-registo-dos-teus-antigos-empregados-e-estrategico\\\/#primaryimage\"},\"thumbnailUrl\":\"https:\\\/\\\/www.alumni.space\\\/wp-content\\\/uploads\\\/2026\\\/03\\\/Pourquoi-suivre-le-parcours-de-vos-anciens-collaborateurs-est-strategique.jpg\",\"articleSection\":[\"Antigos alunos\"],\"inLanguage\":\"pt-PT\"},{\"@type\":\"WebPage\",\"@id\":\"https:\\\/\\\/www.alumni.space\\\/pt-pt\\\/porque-e-que-manter-um-registo-dos-teus-antigos-empregados-e-estrategico\\\/\",\"url\":\"https:\\\/\\\/www.alumni.space\\\/pt-pt\\\/porque-e-que-manter-um-registo-dos-teus-antigos-empregados-e-estrategico\\\/\",\"name\":\"Acompanhamento p\u00f3s-emprego: um trunfo estrat\u00e9gico\",\"isPartOf\":{\"@id\":\"https:\\\/\\\/www.alumni.space\\\/pt-pt\\\/#website\"},\"primaryImageOfPage\":{\"@id\":\"https:\\\/\\\/www.alumni.space\\\/pt-pt\\\/porque-e-que-manter-um-registo-dos-teus-antigos-empregados-e-estrategico\\\/#primaryimage\"},\"image\":{\"@id\":\"https:\\\/\\\/www.alumni.space\\\/pt-pt\\\/porque-e-que-manter-um-registo-dos-teus-antigos-empregados-e-estrategico\\\/#primaryimage\"},\"thumbnailUrl\":\"https:\\\/\\\/www.alumni.space\\\/wp-content\\\/uploads\\\/2026\\\/03\\\/Pourquoi-suivre-le-parcours-de-vos-anciens-collaborateurs-est-strategique.jpg\",\"datePublished\":\"2024-02-12T18:02:53+00:00\",\"dateModified\":\"2026-04-02T12:06:04+00:00\",\"author\":{\"@id\":\"https:\\\/\\\/www.alumni.space\\\/pt-pt\\\/#\\\/schema\\\/person\\\/fede362a57876edda476a61f05ce5b15\"},\"description\":\"Descobre por que raz\u00e3o o acompanhamento das carreiras dos teus antigos empregados refor\u00e7a a tua estrat\u00e9gia de RH e aumenta o teu sucesso a longo prazo.\",\"breadcrumb\":{\"@id\":\"https:\\\/\\\/www.alumni.space\\\/pt-pt\\\/porque-e-que-manter-um-registo-dos-teus-antigos-empregados-e-estrategico\\\/#breadcrumb\"},\"inLanguage\":\"pt-PT\",\"potentialAction\":[{\"@type\":\"ReadAction\",\"target\":[\"https:\\\/\\\/www.alumni.space\\\/pt-pt\\\/porque-e-que-manter-um-registo-dos-teus-antigos-empregados-e-estrategico\\\/\"]}]},{\"@type\":\"ImageObject\",\"inLanguage\":\"pt-PT\",\"@id\":\"https:\\\/\\\/www.alumni.space\\\/pt-pt\\\/porque-e-que-manter-um-registo-dos-teus-antigos-empregados-e-estrategico\\\/#primaryimage\",\"url\":\"https:\\\/\\\/www.alumni.space\\\/wp-content\\\/uploads\\\/2026\\\/03\\\/Pourquoi-suivre-le-parcours-de-vos-anciens-collaborateurs-est-strategique.jpg\",\"contentUrl\":\"https:\\\/\\\/www.alumni.space\\\/wp-content\\\/uploads\\\/2026\\\/03\\\/Pourquoi-suivre-le-parcours-de-vos-anciens-collaborateurs-est-strategique.jpg\",\"width\":1344,\"height\":768,\"caption\":\"descobre porque \u00e9 que seguir as carreiras dos teus antigos empregados \u00e9 uma estrat\u00e9gia fundamental para melhorar a tua rede, refor\u00e7ar a tua marca de empregador e encorajar futuras colabora\u00e7\u00f5es frutuosas.\"},{\"@type\":\"BreadcrumbList\",\"@id\":\"https:\\\/\\\/www.alumni.space\\\/pt-pt\\\/porque-e-que-manter-um-registo-dos-teus-antigos-empregados-e-estrategico\\\/#breadcrumb\",\"itemListElement\":[{\"@type\":\"ListItem\",\"position\":1,\"name\":\"Home\",\"item\":\"https:\\\/\\\/www.alumni.space\\\/pt-pt\\\/plataforma-de-gestao-de-mentores-e-antigos-alunos\\\/\"},{\"@type\":\"ListItem\",\"position\":2,\"name\":\"Porque \u00e9 que manter um registo dos teus antigos empregados \u00e9 estrat\u00e9gico\"}]},{\"@type\":\"WebSite\",\"@id\":\"https:\\\/\\\/www.alumni.space\\\/pt-pt\\\/#website\",\"url\":\"https:\\\/\\\/www.alumni.space\\\/pt-pt\\\/\",\"name\":\"Alumni.space\",\"description\":\"My WordPress Blog\",\"potentialAction\":[{\"@type\":\"SearchAction\",\"target\":{\"@type\":\"EntryPoint\",\"urlTemplate\":\"https:\\\/\\\/www.alumni.space\\\/pt-pt\\\/?s={search_term_string}\"},\"query-input\":{\"@type\":\"PropertyValueSpecification\",\"valueRequired\":true,\"valueName\":\"search_term_string\"}}],\"inLanguage\":\"pt-PT\"},{\"@type\":\"Person\",\"@id\":\"https:\\\/\\\/www.alumni.space\\\/pt-pt\\\/#\\\/schema\\\/person\\\/fede362a57876edda476a61f05ce5b15\",\"name\":\"admin\",\"image\":{\"@type\":\"ImageObject\",\"inLanguage\":\"pt-PT\",\"@id\":\"https:\\\/\\\/secure.gravatar.com\\\/avatar\\\/318e234ae94f90d4d629428d6b983c08e31181c28f579e08a021180d759ea651?s=96&d=mm&r=g\",\"url\":\"https:\\\/\\\/secure.gravatar.com\\\/avatar\\\/318e234ae94f90d4d629428d6b983c08e31181c28f579e08a021180d759ea651?s=96&d=mm&r=g\",\"contentUrl\":\"https:\\\/\\\/secure.gravatar.com\\\/avatar\\\/318e234ae94f90d4d629428d6b983c08e31181c28f579e08a021180d759ea651?s=96&d=mm&r=g\",\"caption\":\"admin\"},\"description\":\"Nicolas Laustriat a construit sa sp\u00e9cialit\u00e9 sur un sujet que beaucoup d\u2019organisations d\u00e9couvrent trop tard : ce qui dispara\u00eet quand les gens partent. Dipl\u00f4m\u00e9 en conception de produit industriel, il bifurque vers le digital fin 1996, il couvre les transformations marques, RH, la fid\u00e9lisation, la marque employeur. Sur le terrain, il rep\u00e8re un angle mort r\u00e9current : l\u2019entreprise investit dans le recrutement, la formation, les process\u2026 puis laisse filer le lien au moment du d\u00e9part, avec une perte de savoir et d\u2019influence qui se paie en silence. Il se sp\u00e9cialise alors sur les communaut\u00e9s d\u2019alumni, le mentorat, l\u2019entraide interg\u00e9n\u00e9rationnelle et la transmission d\u2019expertise. Il passe du \u201cconstat\u201d aux m\u00e9thodes : animation, gouvernance, segmentation, rituels, mesure d\u2019engagement, articulation avec la RSE et l\u2019employabilit\u00e9. Il interviewe DRH, responsables formation, directions d\u2019\u00e9coles, associations et fondations, avec une obsession : transformer un r\u00e9seau dormant en m\u00e9canisme utile (cooptation, mentorat, job board, entraide, \u00e9v\u00e9nements, contenus). Son style : direct, orient\u00e9 action, sans folklore. Sa conviction : une communaut\u00e9 n\u2019a pas besoin de bruit, elle a besoin de raisons de revenir.\",\"sameAs\":[\"https:\\\/\\\/www.alumni.space\"]}]}<\/script>\n<!-- \/ Yoast SEO plugin. -->","yoast_head_json":{"title":"Acompanhamento p\u00f3s-emprego: um trunfo estrat\u00e9gico","description":"Descobre por que raz\u00e3o o acompanhamento das carreiras dos teus antigos empregados refor\u00e7a a tua estrat\u00e9gia de RH e aumenta o teu sucesso a longo prazo.","robots":{"index":"index","follow":"follow","max-snippet":"max-snippet:-1","max-image-preview":"max-image-preview:large","max-video-preview":"max-video-preview:-1"},"canonical":"https:\/\/www.alumni.space\/pt-pt\/porque-e-que-manter-um-registo-dos-teus-antigos-empregados-e-estrategico\/","og_locale":"pt_PT","og_type":"article","og_title":"Acompanhamento p\u00f3s-emprego: um trunfo estrat\u00e9gico","og_description":"Descobre por que raz\u00e3o o acompanhamento das carreiras dos teus antigos empregados refor\u00e7a a tua estrat\u00e9gia de RH e aumenta o teu sucesso a longo prazo.","og_url":"https:\/\/www.alumni.space\/pt-pt\/porque-e-que-manter-um-registo-dos-teus-antigos-empregados-e-estrategico\/","og_site_name":"Alumni.space","article_published_time":"2024-02-12T18:02:53+00:00","article_modified_time":"2026-04-02T12:06:04+00:00","og_image":[{"width":1344,"height":768,"url":"https:\/\/www.alumni.space\/wp-content\/uploads\/2026\/03\/Pourquoi-suivre-le-parcours-de-vos-anciens-collaborateurs-est-strategique.jpg","type":"image\/jpeg"}],"author":"admin","twitter_card":"summary_large_image","twitter_misc":{"Escrito por":"admin","Tempo estimado de leitura":"4 minutos"},"schema":{"@context":"https:\/\/schema.org","@graph":[{"@type":"Article","@id":"https:\/\/www.alumni.space\/pt-pt\/porque-e-que-manter-um-registo-dos-teus-antigos-empregados-e-estrategico\/#article","isPartOf":{"@id":"https:\/\/www.alumni.space\/pt-pt\/porque-e-que-manter-um-registo-dos-teus-antigos-empregados-e-estrategico\/"},"author":{"name":"admin","@id":"https:\/\/www.alumni.space\/pt-pt\/#\/schema\/person\/fede362a57876edda476a61f05ce5b15"},"headline":"Porque \u00e9 que manter um registo dos teus antigos empregados \u00e9 estrat\u00e9gico","datePublished":"2024-02-12T18:02:53+00:00","dateModified":"2026-04-02T12:06:04+00:00","mainEntityOfPage":{"@id":"https:\/\/www.alumni.space\/pt-pt\/porque-e-que-manter-um-registo-dos-teus-antigos-empregados-e-estrategico\/"},"wordCount":797,"image":{"@id":"https:\/\/www.alumni.space\/pt-pt\/porque-e-que-manter-um-registo-dos-teus-antigos-empregados-e-estrategico\/#primaryimage"},"thumbnailUrl":"https:\/\/www.alumni.space\/wp-content\/uploads\/2026\/03\/Pourquoi-suivre-le-parcours-de-vos-anciens-collaborateurs-est-strategique.jpg","articleSection":["Antigos alunos"],"inLanguage":"pt-PT"},{"@type":"WebPage","@id":"https:\/\/www.alumni.space\/pt-pt\/porque-e-que-manter-um-registo-dos-teus-antigos-empregados-e-estrategico\/","url":"https:\/\/www.alumni.space\/pt-pt\/porque-e-que-manter-um-registo-dos-teus-antigos-empregados-e-estrategico\/","name":"Acompanhamento p\u00f3s-emprego: um trunfo estrat\u00e9gico","isPartOf":{"@id":"https:\/\/www.alumni.space\/pt-pt\/#website"},"primaryImageOfPage":{"@id":"https:\/\/www.alumni.space\/pt-pt\/porque-e-que-manter-um-registo-dos-teus-antigos-empregados-e-estrategico\/#primaryimage"},"image":{"@id":"https:\/\/www.alumni.space\/pt-pt\/porque-e-que-manter-um-registo-dos-teus-antigos-empregados-e-estrategico\/#primaryimage"},"thumbnailUrl":"https:\/\/www.alumni.space\/wp-content\/uploads\/2026\/03\/Pourquoi-suivre-le-parcours-de-vos-anciens-collaborateurs-est-strategique.jpg","datePublished":"2024-02-12T18:02:53+00:00","dateModified":"2026-04-02T12:06:04+00:00","author":{"@id":"https:\/\/www.alumni.space\/pt-pt\/#\/schema\/person\/fede362a57876edda476a61f05ce5b15"},"description":"Descobre por que raz\u00e3o o acompanhamento das carreiras dos teus antigos empregados refor\u00e7a a tua estrat\u00e9gia de RH e aumenta o teu sucesso a longo prazo.","breadcrumb":{"@id":"https:\/\/www.alumni.space\/pt-pt\/porque-e-que-manter-um-registo-dos-teus-antigos-empregados-e-estrategico\/#breadcrumb"},"inLanguage":"pt-PT","potentialAction":[{"@type":"ReadAction","target":["https:\/\/www.alumni.space\/pt-pt\/porque-e-que-manter-um-registo-dos-teus-antigos-empregados-e-estrategico\/"]}]},{"@type":"ImageObject","inLanguage":"pt-PT","@id":"https:\/\/www.alumni.space\/pt-pt\/porque-e-que-manter-um-registo-dos-teus-antigos-empregados-e-estrategico\/#primaryimage","url":"https:\/\/www.alumni.space\/wp-content\/uploads\/2026\/03\/Pourquoi-suivre-le-parcours-de-vos-anciens-collaborateurs-est-strategique.jpg","contentUrl":"https:\/\/www.alumni.space\/wp-content\/uploads\/2026\/03\/Pourquoi-suivre-le-parcours-de-vos-anciens-collaborateurs-est-strategique.jpg","width":1344,"height":768,"caption":"descobre porque \u00e9 que seguir as carreiras dos teus antigos empregados \u00e9 uma estrat\u00e9gia fundamental para melhorar a tua rede, refor\u00e7ar a tua marca de empregador e encorajar futuras colabora\u00e7\u00f5es frutuosas."},{"@type":"BreadcrumbList","@id":"https:\/\/www.alumni.space\/pt-pt\/porque-e-que-manter-um-registo-dos-teus-antigos-empregados-e-estrategico\/#breadcrumb","itemListElement":[{"@type":"ListItem","position":1,"name":"Home","item":"https:\/\/www.alumni.space\/pt-pt\/plataforma-de-gestao-de-mentores-e-antigos-alunos\/"},{"@type":"ListItem","position":2,"name":"Porque \u00e9 que manter um registo dos teus antigos empregados \u00e9 estrat\u00e9gico"}]},{"@type":"WebSite","@id":"https:\/\/www.alumni.space\/pt-pt\/#website","url":"https:\/\/www.alumni.space\/pt-pt\/","name":"Alumni.space","description":"My WordPress Blog","potentialAction":[{"@type":"SearchAction","target":{"@type":"EntryPoint","urlTemplate":"https:\/\/www.alumni.space\/pt-pt\/?s={search_term_string}"},"query-input":{"@type":"PropertyValueSpecification","valueRequired":true,"valueName":"search_term_string"}}],"inLanguage":"pt-PT"},{"@type":"Person","@id":"https:\/\/www.alumni.space\/pt-pt\/#\/schema\/person\/fede362a57876edda476a61f05ce5b15","name":"admin","image":{"@type":"ImageObject","inLanguage":"pt-PT","@id":"https:\/\/secure.gravatar.com\/avatar\/318e234ae94f90d4d629428d6b983c08e31181c28f579e08a021180d759ea651?s=96&d=mm&r=g","url":"https:\/\/secure.gravatar.com\/avatar\/318e234ae94f90d4d629428d6b983c08e31181c28f579e08a021180d759ea651?s=96&d=mm&r=g","contentUrl":"https:\/\/secure.gravatar.com\/avatar\/318e234ae94f90d4d629428d6b983c08e31181c28f579e08a021180d759ea651?s=96&d=mm&r=g","caption":"admin"},"description":"Nicolas Laustriat a construit sa sp\u00e9cialit\u00e9 sur un sujet que beaucoup d\u2019organisations d\u00e9couvrent trop tard : ce qui dispara\u00eet quand les gens partent. Dipl\u00f4m\u00e9 en conception de produit industriel, il bifurque vers le digital fin 1996, il couvre les transformations marques, RH, la fid\u00e9lisation, la marque employeur. Sur le terrain, il rep\u00e8re un angle mort r\u00e9current : l\u2019entreprise investit dans le recrutement, la formation, les process\u2026 puis laisse filer le lien au moment du d\u00e9part, avec une perte de savoir et d\u2019influence qui se paie en silence. Il se sp\u00e9cialise alors sur les communaut\u00e9s d\u2019alumni, le mentorat, l\u2019entraide interg\u00e9n\u00e9rationnelle et la transmission d\u2019expertise. Il passe du \u201cconstat\u201d aux m\u00e9thodes : animation, gouvernance, segmentation, rituels, mesure d\u2019engagement, articulation avec la RSE et l\u2019employabilit\u00e9. Il interviewe DRH, responsables formation, directions d\u2019\u00e9coles, associations et fondations, avec une obsession : transformer un r\u00e9seau dormant en m\u00e9canisme utile (cooptation, mentorat, job board, entraide, \u00e9v\u00e9nements, contenus). Son style : direct, orient\u00e9 action, sans folklore. Sa conviction : une communaut\u00e9 n\u2019a pas besoin de bruit, elle a besoin de raisons de revenir.","sameAs":["https:\/\/www.alumni.space"]}]}},"_links":{"self":[{"href":"https:\/\/www.alumni.space\/pt-pt\/wp-json\/wp\/v2\/posts\/7006","targetHints":{"allow":["GET"]}}],"collection":[{"href":"https:\/\/www.alumni.space\/pt-pt\/wp-json\/wp\/v2\/posts"}],"about":[{"href":"https:\/\/www.alumni.space\/pt-pt\/wp-json\/wp\/v2\/types\/post"}],"author":[{"embeddable":true,"href":"https:\/\/www.alumni.space\/pt-pt\/wp-json\/wp\/v2\/users\/1"}],"replies":[{"embeddable":true,"href":"https:\/\/www.alumni.space\/pt-pt\/wp-json\/wp\/v2\/comments?post=7006"}],"version-history":[{"count":1,"href":"https:\/\/www.alumni.space\/pt-pt\/wp-json\/wp\/v2\/posts\/7006\/revisions"}],"predecessor-version":[{"id":7011,"href":"https:\/\/www.alumni.space\/pt-pt\/wp-json\/wp\/v2\/posts\/7006\/revisions\/7011"}],"wp:featuredmedia":[{"embeddable":true,"href":"https:\/\/www.alumni.space\/pt-pt\/wp-json\/wp\/v2\/media\/7009"}],"wp:attachment":[{"href":"https:\/\/www.alumni.space\/pt-pt\/wp-json\/wp\/v2\/media?parent=7006"}],"wp:term":[{"taxonomy":"category","embeddable":true,"href":"https:\/\/www.alumni.space\/pt-pt\/wp-json\/wp\/v2\/categories?post=7006"},{"taxonomy":"post_tag","embeddable":true,"href":"https:\/\/www.alumni.space\/pt-pt\/wp-json\/wp\/v2\/tags?post=7006"}],"curies":[{"name":"wp","href":"https:\/\/api.w.org\/{rel}","templated":true}]}}