{"id":6976,"date":"2024-11-25T08:02:50","date_gmt":"2024-11-25T08:02:50","guid":{"rendered":"https:\/\/www.alumni.space\/o-risco-de-perder-o-saber-fazer-do-artesanato-tradicional\/"},"modified":"2026-04-02T12:05:15","modified_gmt":"2026-04-02T12:05:15","slug":"o-risco-de-perder-o-saber-fazer-do-artesanato-tradicional","status":"publish","type":"post","link":"https:\/\/www.alumni.space\/pt-pt\/o-risco-de-perder-o-saber-fazer-do-artesanato-tradicional\/","title":{"rendered":"O risco de perder o saber-fazer do artesanato tradicional"},"content":{"rendered":"<p>O sector do artesanato tradicional enfrenta um grande desafio ligado \u00e0 preserva\u00e7\u00e3o das compet\u00eancias ancestrais. Em 2026, a amea\u00e7a de perda destas compet\u00eancias tradicionais \u00e9 acentuada pelas transforma\u00e7\u00f5es econ\u00f3micas, sociais e tecnol\u00f3gicas. A transmiss\u00e3o intergeracional est\u00e1 no centro do desafio, enquanto a globaliza\u00e7\u00e3o e a evolu\u00e7\u00e3o dos mercados est\u00e3o a alterar profundamente as pr\u00e1ticas artesanais.  <\/p><div id=\"ez-toc-container\" class=\"ez-toc-v2_0_82_2 counter-flat ez-toc-counter ez-toc-grey ez-toc-container-direction\">\n<div class=\"ez-toc-title-container\"><p class=\"ez-toc-title\" style=\"cursor:inherit\">\u00cdndice deste artigo:<\/p>\n<\/div><nav><ul class='ez-toc-list ez-toc-list-level-1 ' ><li class='ez-toc-page-1'><a class=\"ez-toc-link ez-toc-heading-1\" href=\"https:\/\/www.alumni.space\/pt-pt\/o-risco-de-perder-o-saber-fazer-do-artesanato-tradicional\/#A_relacao_entre_a_globalizacao_e_o_declinio_das_artes_e_oficios_tradicionais\" >A rela\u00e7\u00e3o entre a globaliza\u00e7\u00e3o e o decl\u00ednio das artes e of\u00edcios tradicionais<\/a><\/li><li class='ez-toc-page-1'><a class=\"ez-toc-link ez-toc-heading-2\" href=\"https:\/\/www.alumni.space\/pt-pt\/o-risco-de-perder-o-saber-fazer-do-artesanato-tradicional\/#O_impacto_da_globalizacao_na_transferencia_de_competencias_artesanais\" >O impacto da globaliza\u00e7\u00e3o na transfer\u00eancia de compet\u00eancias artesanais<\/a><\/li><li class='ez-toc-page-1'><a class=\"ez-toc-link ez-toc-heading-3\" href=\"https:\/\/www.alumni.space\/pt-pt\/o-risco-de-perder-o-saber-fazer-do-artesanato-tradicional\/#A_inovacao_tecnologica_como_alavanca_para_a_revitalizacao_do_artesanato\" >A inova\u00e7\u00e3o tecnol\u00f3gica como alavanca para a revitaliza\u00e7\u00e3o do artesanato<\/a><\/li><li class='ez-toc-page-1'><a class=\"ez-toc-link ez-toc-heading-4\" href=\"https:\/\/www.alumni.space\/pt-pt\/o-risco-de-perder-o-saber-fazer-do-artesanato-tradicional\/#Integracao_bem_sucedida_da_tradicao_e_da_inovacao\" >Integra\u00e7\u00e3o bem sucedida da tradi\u00e7\u00e3o e da inova\u00e7\u00e3o<\/a><\/li><li class='ez-toc-page-1'><a class=\"ez-toc-link ez-toc-heading-5\" href=\"https:\/\/www.alumni.space\/pt-pt\/o-risco-de-perder-o-saber-fazer-do-artesanato-tradicional\/#Estrategias_eficazes_para_salvaguardar_e_transmitir_o_patrimonio_artesanal\" >Estrat\u00e9gias eficazes para salvaguardar e transmitir o patrim\u00f3nio artesanal<\/a><\/li><\/ul><\/nav><\/div>\n<h2 class=\"wp-block-heading\"><span class=\"ez-toc-section\" id=\"A_relacao_entre_a_globalizacao_e_o_declinio_das_artes_e_oficios_tradicionais\"><\/span>A rela\u00e7\u00e3o entre a globaliza\u00e7\u00e3o e o decl\u00ednio das artes e of\u00edcios tradicionais<span class=\"ez-toc-section-end\"><\/span><\/h2><p>A globaliza\u00e7\u00e3o influencia tanto o acesso a novos materiais como a din\u00e2mica competitiva no sector do artesanato. Embora a abertura dos mercados facilite a inova\u00e7\u00e3o atrav\u00e9s de uma maior diversidade de recursos, tamb\u00e9m exp\u00f5e os artes\u00e3os locais a uma intensa press\u00e3o econ\u00f3mica da produ\u00e7\u00e3o industrial em grande escala. Esta press\u00e3o est\u00e1 a ter um impacto na viabilidade de muitas oficinas, comprometendo a viabilidade a longo prazo das artes e of\u00edcios e a manuten\u00e7\u00e3o de compet\u00eancias espec\u00edficas.  <\/p><p>Em alguns casos, os materiais tradicionais est\u00e3o a ser abandonados em favor de substitutos mais baratos, comprometendo a autenticidade e o valor cultural das cria\u00e7\u00f5es. No entanto, a globaliza\u00e7\u00e3o tamb\u00e9m est\u00e1 a incentivar um interesse renovado dos consumidores pelo artesanato aut\u00eantico, abrindo caminho para uma nova aprecia\u00e7\u00e3o do patrim\u00f3nio cultural imaterial. <\/p><figure class=\"wp-block-image size-full\"><img decoding=\"async\" width=\"1280\" height=\"768\" src=\"https:\/\/www.alumni.space\/wp-content\/uploads\/2026\/03\/Le-risque-de-perte-de-savoir-faire-dans-lartisanat-traditionnel-1.jpg\" data-orig-src=\"https:\/\/www.alumni.space\/wp-content\/uploads\/2026\/03\/Le-risque-de-perte-de-savoir-faire-dans-lartisanat-traditionnel-1.jpg\" alt=\"Descobre mais sobre as quest\u00f5es relacionadas com a perda de know-how no artesanato tradicional e a import\u00e2ncia de preservar estas compet\u00eancias \u00fanicas para as gera\u00e7\u00f5es futuras.\" class=\"lazyload wp-image-3210\" srcset=\"data:image\/svg+xml,%3Csvg%20xmlns%3D%27http%3A%2F%2Fwww.w3.org%2F2000%2Fsvg%27%20width%3D%271280%27%20height%3D%27768%27%20viewBox%3D%270%200%201280%20768%27%3E%3Crect%20width%3D%271280%27%20height%3D%27768%27%20fill-opacity%3D%220%22%2F%3E%3C%2Fsvg%3E\" data-srcset=\"https:\/\/www.alumni.space\/wp-content\/uploads\/2026\/03\/Le-risque-de-perte-de-savoir-faire-dans-lartisanat-traditionnel-1-200x120.jpg 200w, https:\/\/www.alumni.space\/wp-content\/uploads\/2026\/03\/Le-risque-de-perte-de-savoir-faire-dans-lartisanat-traditionnel-1-300x180.jpg 300w, https:\/\/www.alumni.space\/wp-content\/uploads\/2026\/03\/Le-risque-de-perte-de-savoir-faire-dans-lartisanat-traditionnel-1-400x240.jpg 400w, https:\/\/www.alumni.space\/wp-content\/uploads\/2026\/03\/Le-risque-de-perte-de-savoir-faire-dans-lartisanat-traditionnel-1-600x360.jpg 600w, https:\/\/www.alumni.space\/wp-content\/uploads\/2026\/03\/Le-risque-de-perte-de-savoir-faire-dans-lartisanat-traditionnel-1-768x461.jpg 768w, https:\/\/www.alumni.space\/wp-content\/uploads\/2026\/03\/Le-risque-de-perte-de-savoir-faire-dans-lartisanat-traditionnel-1-800x480.jpg 800w, https:\/\/www.alumni.space\/wp-content\/uploads\/2026\/03\/Le-risque-de-perte-de-savoir-faire-dans-lartisanat-traditionnel-1-1024x614.jpg 1024w, https:\/\/www.alumni.space\/wp-content\/uploads\/2026\/03\/Le-risque-de-perte-de-savoir-faire-dans-lartisanat-traditionnel-1-1200x720.jpg 1200w, https:\/\/www.alumni.space\/wp-content\/uploads\/2026\/03\/Le-risque-de-perte-de-savoir-faire-dans-lartisanat-traditionnel-1.jpg 1280w\" data-sizes=\"auto\" data-orig-sizes=\"(max-width: 1280px) 100vw, 1280px\" \/><\/figure><h3 class=\"wp-block-heading\"><span class=\"ez-toc-section\" id=\"O_impacto_da_globalizacao_na_transferencia_de_competencias_artesanais\"><\/span>O impacto da globaliza\u00e7\u00e3o na transfer\u00eancia de compet\u00eancias artesanais<span class=\"ez-toc-section-end\"><\/span><\/h3><p>A produ\u00e7\u00e3o industrial e a estandardiza\u00e7\u00e3o amea\u00e7am a continuidade das compet\u00eancias t\u00e9cnicas complexas que s\u00e3o habitualmente transmitidas de mestre para aprendiz. Esta degrada\u00e7\u00e3o dos m\u00e9todos de aprendizagem conduz a um esgotamento do capital de experi\u00eancia indispens\u00e1vel \u00e0 manuten\u00e7\u00e3o das tradi\u00e7\u00f5es artesanais. No entanto, v\u00e1rias iniciativas favorecem a salvaguarda deste saber-fazer, combinando forma\u00e7\u00e3o especializada, documenta\u00e7\u00e3o digital e tutoria em plataformas comunit\u00e1rias.  <\/p><p>Entre as iniciativas dignas de nota, certas plataformas dedicadas \u00e0 <a href=\"https:\/\/www.alumni.space\/pt-pt\/como-e-que-podemos-preservar-o-saber-fazer-unico-dos-artesaos-industriais\/\">preserva\u00e7\u00e3o do saber-fazer artesanal<\/a> oferecem aos decisores ferramentas para gerir eficazmente a transfer\u00eancia de compet\u00eancias e refor\u00e7ar o empenho dos artes\u00e3os numa abordagem sustent\u00e1vel. Estas solu\u00e7\u00f5es facilitam a gest\u00e3o das compet\u00eancias, criando um ambiente prop\u00edcio \u00e0 partilha entre gera\u00e7\u00f5es. <\/p><h2 class=\"wp-block-heading\"><span class=\"ez-toc-section\" id=\"A_inovacao_tecnologica_como_alavanca_para_a_revitalizacao_do_artesanato\"><\/span>A inova\u00e7\u00e3o tecnol\u00f3gica como alavanca para a revitaliza\u00e7\u00e3o do artesanato<span class=\"ez-toc-section-end\"><\/span><\/h2><p>A introdu\u00e7\u00e3o das tecnologias digitais na costura artesanal e noutras disciplinas artesanais est\u00e1 a trazer um novo dinamismo. Os programas inform\u00e1ticos de conce\u00e7\u00e3o melhoram a precis\u00e3o e simplificam a reprodu\u00e7\u00e3o dos modelos tradicionais, enquanto a impress\u00e3o t\u00eaxtil em 3D oferece perspectivas reais de personaliza\u00e7\u00e3o e diversifica\u00e7\u00e3o dos produtos. <\/p><p>Estes desenvolvimentos n\u00e3o diminuem a dimens\u00e3o manual do artesanato, mas enriquecem o processo criativo, encorajando um casamento entre tradi\u00e7\u00e3o e modernidade. A integra\u00e7\u00e3o de materiais sustent\u00e1veis e inovadores tamb\u00e9m responde \u00e0s crescentes exig\u00eancias de um consumo respons\u00e1vel. <\/p><h3 class=\"wp-block-heading\"><span class=\"ez-toc-section\" id=\"Integracao_bem_sucedida_da_tradicao_e_da_inovacao\"><\/span>Integra\u00e7\u00e3o bem sucedida da tradi\u00e7\u00e3o e da inova\u00e7\u00e3o<span class=\"ez-toc-section-end\"><\/span><\/h3><p>Uma casa de moda francesa conseguiu conciliar o respeito pelo passado com os avan\u00e7os tecnol\u00f3gicos. Ao digitalizar os seus arquivos de modelos antigos e ao utilizar o corte a laser, optimizou os seus processos sem sacrificar o artesanato tradicional. Ao mesmo tempo, os seus artes\u00e3os continuam a ensinar estas compet\u00eancias em programas de forma\u00e7\u00e3o apoiados por institui\u00e7\u00f5es p\u00fablicas e privadas, ilustrando a natureza complementar da conserva\u00e7\u00e3o e do progresso.  <\/p><p>Estas iniciativas fazem parte de uma abordagem de RSE e oferecem \u00e0s equipas um ambiente motivador. A ado\u00e7\u00e3o de plataformas digitais dedicadas, como as oferecidas por <a href=\"https:\/\/www.alumni.space\/pt-pt\/a-importancia-da-memoria-organizacional-para-limitar-a-perda-de-conhecimentos\/\">alumni.space<\/a>, permite capitalizar os activos intang\u00edveis e estruturar a mem\u00f3ria organizacional, limitando assim os riscos de perda de compet\u00eancias. <\/p><h2 class=\"wp-block-heading\"><span class=\"ez-toc-section\" id=\"Estrategias_eficazes_para_salvaguardar_e_transmitir_o_patrimonio_artesanal\"><\/span>Estrat\u00e9gias eficazes para salvaguardar e transmitir o patrim\u00f3nio artesanal<span class=\"ez-toc-section-end\"><\/span><\/h2><p>Foram criados mecanismos concretos para assegurar a forma\u00e7\u00e3o e os interc\u00e2mbios entre gera\u00e7\u00f5es. O apoio institucional, atrav\u00e9s de r\u00f3tulos e subs\u00eddios, assegura a cria\u00e7\u00e3o de espa\u00e7os de aprendizagem espec\u00edficos. Escolas e ateliers especializados transmitem compet\u00eancias espec\u00edficas, favorecendo a reconvers\u00e3o profissional adaptada \u00e0s necessidades actuais.  <\/p><p>A organiza\u00e7\u00e3o de eventos especializados, como uma exposi\u00e7\u00e3o anual que valoriza o saber-fazer local, contribui para revitalizar o interesse por estes of\u00edcios. A isto junta-se a cria\u00e7\u00e3o de redes de artes\u00e3os ligados atrav\u00e9s de plataformas comunit\u00e1rias, que oferecem rituais de interc\u00e2mbio e oportunidades de coopta\u00e7\u00e3o que favorecem a integra\u00e7\u00e3o a longo prazo. <\/p><p>Estas iniciativas respondem \u00e0 necessidade de uma governa\u00e7\u00e3o \u00e1gil e da utiliza\u00e7\u00e3o de indicadores-chave de desempenho precisos para medir a ado\u00e7\u00e3o de ac\u00e7\u00f5es, a sustentabilidade das compet\u00eancias interdisciplinares e o empenho das partes interessadas, com o objetivo de preservar um patrim\u00f3nio essencial para a cultura e a economia locais.<\/p><p>Para saber mais sobre os desafios da salvaguarda das compet\u00eancias tradicionais, l\u00ea <a href=\"https:\/\/www.histoiresdartisans.com\/journal\/la-transmission-des-savoir-faire-en-danger-enjeux-et-perspectives-pour-lartisanat-dart\">este artigo completo<\/a> sobre as perspectivas actuais do sector.<\/p>","protected":false},"excerpt":{"rendered":"<p>O sector do artesanato tradicional enfrenta um grande desafio ligado  [&#8230;]<\/p>\n","protected":false},"author":1,"featured_media":6977,"comment_status":"closed","ping_status":"","sticky":false,"template":"","format":"standard","meta":{"_ayudawp_aiss_exclude":false,"footnotes":""},"categories":[69],"tags":[],"class_list":["post-6976","post","type-post","status-publish","format-standard","has-post-thumbnail","hentry","category-partilha-de-conhecimentos"],"yoast_head":"<!-- This site is optimized with the Yoast SEO plugin v27.4 - https:\/\/yoast.com\/product\/yoast-seo-wordpress\/ -->\n<title>Salvar o saber-fazer: o desafio do artesanato tradicional<\/title>\n<meta name=\"description\" content=\"Descobre mais sobre o risco de perder o saber-fazer do artesanato tradicional e o que pode ser feito para preservar este patrim\u00f3nio \u00fanico.\" \/>\n<meta name=\"robots\" content=\"index, follow, max-snippet:-1, max-image-preview:large, max-video-preview:-1\" \/>\n<link rel=\"canonical\" href=\"https:\/\/www.alumni.space\/pt-pt\/o-risco-de-perder-o-saber-fazer-do-artesanato-tradicional\/\" \/>\n<meta property=\"og:locale\" content=\"pt_PT\" \/>\n<meta property=\"og:type\" content=\"article\" \/>\n<meta property=\"og:title\" content=\"Salvar o saber-fazer: o desafio do artesanato tradicional\" \/>\n<meta property=\"og:description\" content=\"Descobre mais sobre o risco de perder o saber-fazer do artesanato tradicional e o que pode ser feito para preservar este patrim\u00f3nio \u00fanico.\" \/>\n<meta property=\"og:url\" content=\"https:\/\/www.alumni.space\/pt-pt\/o-risco-de-perder-o-saber-fazer-do-artesanato-tradicional\/\" \/>\n<meta property=\"og:site_name\" content=\"Alumni.space\" \/>\n<meta property=\"article:published_time\" content=\"2024-11-25T08:02:50+00:00\" \/>\n<meta property=\"article:modified_time\" content=\"2026-04-02T12:05:15+00:00\" \/>\n<meta property=\"og:image\" content=\"https:\/\/www.alumni.space\/wp-content\/uploads\/2026\/03\/Le-risque-de-perte-de-savoir-faire-dans-lartisanat-traditionnel.jpg\" \/>\n\t<meta property=\"og:image:width\" content=\"1280\" \/>\n\t<meta property=\"og:image:height\" content=\"768\" \/>\n\t<meta property=\"og:image:type\" content=\"image\/jpeg\" \/>\n<meta name=\"author\" content=\"admin\" \/>\n<meta name=\"twitter:card\" content=\"summary_large_image\" \/>\n<meta name=\"twitter:label1\" content=\"Escrito por\" \/>\n\t<meta name=\"twitter:data1\" content=\"admin\" \/>\n\t<meta name=\"twitter:label2\" content=\"Tempo estimado de leitura\" \/>\n\t<meta name=\"twitter:data2\" content=\"4 minutos\" \/>\n<script type=\"application\/ld+json\" class=\"yoast-schema-graph\">{\"@context\":\"https:\\\/\\\/schema.org\",\"@graph\":[{\"@type\":\"Article\",\"@id\":\"https:\\\/\\\/www.alumni.space\\\/pt-pt\\\/o-risco-de-perder-o-saber-fazer-do-artesanato-tradicional\\\/#article\",\"isPartOf\":{\"@id\":\"https:\\\/\\\/www.alumni.space\\\/pt-pt\\\/o-risco-de-perder-o-saber-fazer-do-artesanato-tradicional\\\/\"},\"author\":{\"name\":\"admin\",\"@id\":\"https:\\\/\\\/www.alumni.space\\\/pt-pt\\\/#\\\/schema\\\/person\\\/fede362a57876edda476a61f05ce5b15\"},\"headline\":\"O risco de perder o saber-fazer do artesanato tradicional\",\"datePublished\":\"2024-11-25T08:02:50+00:00\",\"dateModified\":\"2026-04-02T12:05:15+00:00\",\"mainEntityOfPage\":{\"@id\":\"https:\\\/\\\/www.alumni.space\\\/pt-pt\\\/o-risco-de-perder-o-saber-fazer-do-artesanato-tradicional\\\/\"},\"wordCount\":842,\"image\":{\"@id\":\"https:\\\/\\\/www.alumni.space\\\/pt-pt\\\/o-risco-de-perder-o-saber-fazer-do-artesanato-tradicional\\\/#primaryimage\"},\"thumbnailUrl\":\"https:\\\/\\\/www.alumni.space\\\/wp-content\\\/uploads\\\/2026\\\/03\\\/Le-risque-de-perte-de-savoir-faire-dans-lartisanat-traditionnel.jpg\",\"articleSection\":[\"Partilha de conhecimentos\"],\"inLanguage\":\"pt-PT\"},{\"@type\":\"WebPage\",\"@id\":\"https:\\\/\\\/www.alumni.space\\\/pt-pt\\\/o-risco-de-perder-o-saber-fazer-do-artesanato-tradicional\\\/\",\"url\":\"https:\\\/\\\/www.alumni.space\\\/pt-pt\\\/o-risco-de-perder-o-saber-fazer-do-artesanato-tradicional\\\/\",\"name\":\"Salvar o saber-fazer: o desafio do artesanato tradicional\",\"isPartOf\":{\"@id\":\"https:\\\/\\\/www.alumni.space\\\/pt-pt\\\/#website\"},\"primaryImageOfPage\":{\"@id\":\"https:\\\/\\\/www.alumni.space\\\/pt-pt\\\/o-risco-de-perder-o-saber-fazer-do-artesanato-tradicional\\\/#primaryimage\"},\"image\":{\"@id\":\"https:\\\/\\\/www.alumni.space\\\/pt-pt\\\/o-risco-de-perder-o-saber-fazer-do-artesanato-tradicional\\\/#primaryimage\"},\"thumbnailUrl\":\"https:\\\/\\\/www.alumni.space\\\/wp-content\\\/uploads\\\/2026\\\/03\\\/Le-risque-de-perte-de-savoir-faire-dans-lartisanat-traditionnel.jpg\",\"datePublished\":\"2024-11-25T08:02:50+00:00\",\"dateModified\":\"2026-04-02T12:05:15+00:00\",\"author\":{\"@id\":\"https:\\\/\\\/www.alumni.space\\\/pt-pt\\\/#\\\/schema\\\/person\\\/fede362a57876edda476a61f05ce5b15\"},\"description\":\"Descobre mais sobre o risco de perder o saber-fazer do artesanato tradicional e o que pode ser feito para preservar este patrim\u00f3nio \u00fanico.\",\"breadcrumb\":{\"@id\":\"https:\\\/\\\/www.alumni.space\\\/pt-pt\\\/o-risco-de-perder-o-saber-fazer-do-artesanato-tradicional\\\/#breadcrumb\"},\"inLanguage\":\"pt-PT\",\"potentialAction\":[{\"@type\":\"ReadAction\",\"target\":[\"https:\\\/\\\/www.alumni.space\\\/pt-pt\\\/o-risco-de-perder-o-saber-fazer-do-artesanato-tradicional\\\/\"]}]},{\"@type\":\"ImageObject\",\"inLanguage\":\"pt-PT\",\"@id\":\"https:\\\/\\\/www.alumni.space\\\/pt-pt\\\/o-risco-de-perder-o-saber-fazer-do-artesanato-tradicional\\\/#primaryimage\",\"url\":\"https:\\\/\\\/www.alumni.space\\\/wp-content\\\/uploads\\\/2026\\\/03\\\/Le-risque-de-perte-de-savoir-faire-dans-lartisanat-traditionnel.jpg\",\"contentUrl\":\"https:\\\/\\\/www.alumni.space\\\/wp-content\\\/uploads\\\/2026\\\/03\\\/Le-risque-de-perte-de-savoir-faire-dans-lartisanat-traditionnel.jpg\",\"width\":1280,\"height\":768,\"caption\":\"Descobre mais sobre as quest\u00f5es relacionadas com a perda de know-how no artesanato tradicional e a import\u00e2ncia de preservar estas compet\u00eancias \u00fanicas para as gera\u00e7\u00f5es futuras.\"},{\"@type\":\"BreadcrumbList\",\"@id\":\"https:\\\/\\\/www.alumni.space\\\/pt-pt\\\/o-risco-de-perder-o-saber-fazer-do-artesanato-tradicional\\\/#breadcrumb\",\"itemListElement\":[{\"@type\":\"ListItem\",\"position\":1,\"name\":\"Home\",\"item\":\"https:\\\/\\\/www.alumni.space\\\/pt-pt\\\/plataforma-de-gestao-de-mentores-e-antigos-alunos\\\/\"},{\"@type\":\"ListItem\",\"position\":2,\"name\":\"O risco de perder o saber-fazer do artesanato tradicional\"}]},{\"@type\":\"WebSite\",\"@id\":\"https:\\\/\\\/www.alumni.space\\\/pt-pt\\\/#website\",\"url\":\"https:\\\/\\\/www.alumni.space\\\/pt-pt\\\/\",\"name\":\"Alumni.space\",\"description\":\"My WordPress Blog\",\"potentialAction\":[{\"@type\":\"SearchAction\",\"target\":{\"@type\":\"EntryPoint\",\"urlTemplate\":\"https:\\\/\\\/www.alumni.space\\\/pt-pt\\\/?s={search_term_string}\"},\"query-input\":{\"@type\":\"PropertyValueSpecification\",\"valueRequired\":true,\"valueName\":\"search_term_string\"}}],\"inLanguage\":\"pt-PT\"},{\"@type\":\"Person\",\"@id\":\"https:\\\/\\\/www.alumni.space\\\/pt-pt\\\/#\\\/schema\\\/person\\\/fede362a57876edda476a61f05ce5b15\",\"name\":\"admin\",\"image\":{\"@type\":\"ImageObject\",\"inLanguage\":\"pt-PT\",\"@id\":\"https:\\\/\\\/secure.gravatar.com\\\/avatar\\\/318e234ae94f90d4d629428d6b983c08e31181c28f579e08a021180d759ea651?s=96&d=mm&r=g\",\"url\":\"https:\\\/\\\/secure.gravatar.com\\\/avatar\\\/318e234ae94f90d4d629428d6b983c08e31181c28f579e08a021180d759ea651?s=96&d=mm&r=g\",\"contentUrl\":\"https:\\\/\\\/secure.gravatar.com\\\/avatar\\\/318e234ae94f90d4d629428d6b983c08e31181c28f579e08a021180d759ea651?s=96&d=mm&r=g\",\"caption\":\"admin\"},\"description\":\"Nicolas Laustriat a construit sa sp\u00e9cialit\u00e9 sur un sujet que beaucoup d\u2019organisations d\u00e9couvrent trop tard : ce qui dispara\u00eet quand les gens partent. Dipl\u00f4m\u00e9 en conception de produit industriel, il bifurque vers le digital fin 1996, il couvre les transformations marques, RH, la fid\u00e9lisation, la marque employeur. Sur le terrain, il rep\u00e8re un angle mort r\u00e9current : l\u2019entreprise investit dans le recrutement, la formation, les process\u2026 puis laisse filer le lien au moment du d\u00e9part, avec une perte de savoir et d\u2019influence qui se paie en silence. Il se sp\u00e9cialise alors sur les communaut\u00e9s d\u2019alumni, le mentorat, l\u2019entraide interg\u00e9n\u00e9rationnelle et la transmission d\u2019expertise. Il passe du \u201cconstat\u201d aux m\u00e9thodes : animation, gouvernance, segmentation, rituels, mesure d\u2019engagement, articulation avec la RSE et l\u2019employabilit\u00e9. Il interviewe DRH, responsables formation, directions d\u2019\u00e9coles, associations et fondations, avec une obsession : transformer un r\u00e9seau dormant en m\u00e9canisme utile (cooptation, mentorat, job board, entraide, \u00e9v\u00e9nements, contenus). Son style : direct, orient\u00e9 action, sans folklore. Sa conviction : une communaut\u00e9 n\u2019a pas besoin de bruit, elle a besoin de raisons de revenir.\",\"sameAs\":[\"https:\\\/\\\/www.alumni.space\"]}]}<\/script>\n<!-- \/ Yoast SEO plugin. -->","yoast_head_json":{"title":"Salvar o saber-fazer: o desafio do artesanato tradicional","description":"Descobre mais sobre o risco de perder o saber-fazer do artesanato tradicional e o que pode ser feito para preservar este patrim\u00f3nio \u00fanico.","robots":{"index":"index","follow":"follow","max-snippet":"max-snippet:-1","max-image-preview":"max-image-preview:large","max-video-preview":"max-video-preview:-1"},"canonical":"https:\/\/www.alumni.space\/pt-pt\/o-risco-de-perder-o-saber-fazer-do-artesanato-tradicional\/","og_locale":"pt_PT","og_type":"article","og_title":"Salvar o saber-fazer: o desafio do artesanato tradicional","og_description":"Descobre mais sobre o risco de perder o saber-fazer do artesanato tradicional e o que pode ser feito para preservar este patrim\u00f3nio \u00fanico.","og_url":"https:\/\/www.alumni.space\/pt-pt\/o-risco-de-perder-o-saber-fazer-do-artesanato-tradicional\/","og_site_name":"Alumni.space","article_published_time":"2024-11-25T08:02:50+00:00","article_modified_time":"2026-04-02T12:05:15+00:00","og_image":[{"width":1280,"height":768,"url":"https:\/\/www.alumni.space\/wp-content\/uploads\/2026\/03\/Le-risque-de-perte-de-savoir-faire-dans-lartisanat-traditionnel.jpg","type":"image\/jpeg"}],"author":"admin","twitter_card":"summary_large_image","twitter_misc":{"Escrito por":"admin","Tempo estimado de leitura":"4 minutos"},"schema":{"@context":"https:\/\/schema.org","@graph":[{"@type":"Article","@id":"https:\/\/www.alumni.space\/pt-pt\/o-risco-de-perder-o-saber-fazer-do-artesanato-tradicional\/#article","isPartOf":{"@id":"https:\/\/www.alumni.space\/pt-pt\/o-risco-de-perder-o-saber-fazer-do-artesanato-tradicional\/"},"author":{"name":"admin","@id":"https:\/\/www.alumni.space\/pt-pt\/#\/schema\/person\/fede362a57876edda476a61f05ce5b15"},"headline":"O risco de perder o saber-fazer do artesanato tradicional","datePublished":"2024-11-25T08:02:50+00:00","dateModified":"2026-04-02T12:05:15+00:00","mainEntityOfPage":{"@id":"https:\/\/www.alumni.space\/pt-pt\/o-risco-de-perder-o-saber-fazer-do-artesanato-tradicional\/"},"wordCount":842,"image":{"@id":"https:\/\/www.alumni.space\/pt-pt\/o-risco-de-perder-o-saber-fazer-do-artesanato-tradicional\/#primaryimage"},"thumbnailUrl":"https:\/\/www.alumni.space\/wp-content\/uploads\/2026\/03\/Le-risque-de-perte-de-savoir-faire-dans-lartisanat-traditionnel.jpg","articleSection":["Partilha de conhecimentos"],"inLanguage":"pt-PT"},{"@type":"WebPage","@id":"https:\/\/www.alumni.space\/pt-pt\/o-risco-de-perder-o-saber-fazer-do-artesanato-tradicional\/","url":"https:\/\/www.alumni.space\/pt-pt\/o-risco-de-perder-o-saber-fazer-do-artesanato-tradicional\/","name":"Salvar o saber-fazer: o desafio do artesanato tradicional","isPartOf":{"@id":"https:\/\/www.alumni.space\/pt-pt\/#website"},"primaryImageOfPage":{"@id":"https:\/\/www.alumni.space\/pt-pt\/o-risco-de-perder-o-saber-fazer-do-artesanato-tradicional\/#primaryimage"},"image":{"@id":"https:\/\/www.alumni.space\/pt-pt\/o-risco-de-perder-o-saber-fazer-do-artesanato-tradicional\/#primaryimage"},"thumbnailUrl":"https:\/\/www.alumni.space\/wp-content\/uploads\/2026\/03\/Le-risque-de-perte-de-savoir-faire-dans-lartisanat-traditionnel.jpg","datePublished":"2024-11-25T08:02:50+00:00","dateModified":"2026-04-02T12:05:15+00:00","author":{"@id":"https:\/\/www.alumni.space\/pt-pt\/#\/schema\/person\/fede362a57876edda476a61f05ce5b15"},"description":"Descobre mais sobre o risco de perder o saber-fazer do artesanato tradicional e o que pode ser feito para preservar este patrim\u00f3nio \u00fanico.","breadcrumb":{"@id":"https:\/\/www.alumni.space\/pt-pt\/o-risco-de-perder-o-saber-fazer-do-artesanato-tradicional\/#breadcrumb"},"inLanguage":"pt-PT","potentialAction":[{"@type":"ReadAction","target":["https:\/\/www.alumni.space\/pt-pt\/o-risco-de-perder-o-saber-fazer-do-artesanato-tradicional\/"]}]},{"@type":"ImageObject","inLanguage":"pt-PT","@id":"https:\/\/www.alumni.space\/pt-pt\/o-risco-de-perder-o-saber-fazer-do-artesanato-tradicional\/#primaryimage","url":"https:\/\/www.alumni.space\/wp-content\/uploads\/2026\/03\/Le-risque-de-perte-de-savoir-faire-dans-lartisanat-traditionnel.jpg","contentUrl":"https:\/\/www.alumni.space\/wp-content\/uploads\/2026\/03\/Le-risque-de-perte-de-savoir-faire-dans-lartisanat-traditionnel.jpg","width":1280,"height":768,"caption":"Descobre mais sobre as quest\u00f5es relacionadas com a perda de know-how no artesanato tradicional e a import\u00e2ncia de preservar estas compet\u00eancias \u00fanicas para as gera\u00e7\u00f5es futuras."},{"@type":"BreadcrumbList","@id":"https:\/\/www.alumni.space\/pt-pt\/o-risco-de-perder-o-saber-fazer-do-artesanato-tradicional\/#breadcrumb","itemListElement":[{"@type":"ListItem","position":1,"name":"Home","item":"https:\/\/www.alumni.space\/pt-pt\/plataforma-de-gestao-de-mentores-e-antigos-alunos\/"},{"@type":"ListItem","position":2,"name":"O risco de perder o saber-fazer do artesanato tradicional"}]},{"@type":"WebSite","@id":"https:\/\/www.alumni.space\/pt-pt\/#website","url":"https:\/\/www.alumni.space\/pt-pt\/","name":"Alumni.space","description":"My WordPress Blog","potentialAction":[{"@type":"SearchAction","target":{"@type":"EntryPoint","urlTemplate":"https:\/\/www.alumni.space\/pt-pt\/?s={search_term_string}"},"query-input":{"@type":"PropertyValueSpecification","valueRequired":true,"valueName":"search_term_string"}}],"inLanguage":"pt-PT"},{"@type":"Person","@id":"https:\/\/www.alumni.space\/pt-pt\/#\/schema\/person\/fede362a57876edda476a61f05ce5b15","name":"admin","image":{"@type":"ImageObject","inLanguage":"pt-PT","@id":"https:\/\/secure.gravatar.com\/avatar\/318e234ae94f90d4d629428d6b983c08e31181c28f579e08a021180d759ea651?s=96&d=mm&r=g","url":"https:\/\/secure.gravatar.com\/avatar\/318e234ae94f90d4d629428d6b983c08e31181c28f579e08a021180d759ea651?s=96&d=mm&r=g","contentUrl":"https:\/\/secure.gravatar.com\/avatar\/318e234ae94f90d4d629428d6b983c08e31181c28f579e08a021180d759ea651?s=96&d=mm&r=g","caption":"admin"},"description":"Nicolas Laustriat a construit sa sp\u00e9cialit\u00e9 sur un sujet que beaucoup d\u2019organisations d\u00e9couvrent trop tard : ce qui dispara\u00eet quand les gens partent. Dipl\u00f4m\u00e9 en conception de produit industriel, il bifurque vers le digital fin 1996, il couvre les transformations marques, RH, la fid\u00e9lisation, la marque employeur. Sur le terrain, il rep\u00e8re un angle mort r\u00e9current : l\u2019entreprise investit dans le recrutement, la formation, les process\u2026 puis laisse filer le lien au moment du d\u00e9part, avec une perte de savoir et d\u2019influence qui se paie en silence. Il se sp\u00e9cialise alors sur les communaut\u00e9s d\u2019alumni, le mentorat, l\u2019entraide interg\u00e9n\u00e9rationnelle et la transmission d\u2019expertise. Il passe du \u201cconstat\u201d aux m\u00e9thodes : animation, gouvernance, segmentation, rituels, mesure d\u2019engagement, articulation avec la RSE et l\u2019employabilit\u00e9. Il interviewe DRH, responsables formation, directions d\u2019\u00e9coles, associations et fondations, avec une obsession : transformer un r\u00e9seau dormant en m\u00e9canisme utile (cooptation, mentorat, job board, entraide, \u00e9v\u00e9nements, contenus). Son style : direct, orient\u00e9 action, sans folklore. Sa conviction : une communaut\u00e9 n\u2019a pas besoin de bruit, elle a besoin de raisons de revenir.","sameAs":["https:\/\/www.alumni.space"]}]}},"_links":{"self":[{"href":"https:\/\/www.alumni.space\/pt-pt\/wp-json\/wp\/v2\/posts\/6976","targetHints":{"allow":["GET"]}}],"collection":[{"href":"https:\/\/www.alumni.space\/pt-pt\/wp-json\/wp\/v2\/posts"}],"about":[{"href":"https:\/\/www.alumni.space\/pt-pt\/wp-json\/wp\/v2\/types\/post"}],"author":[{"embeddable":true,"href":"https:\/\/www.alumni.space\/pt-pt\/wp-json\/wp\/v2\/users\/1"}],"replies":[{"embeddable":true,"href":"https:\/\/www.alumni.space\/pt-pt\/wp-json\/wp\/v2\/comments?post=6976"}],"version-history":[{"count":1,"href":"https:\/\/www.alumni.space\/pt-pt\/wp-json\/wp\/v2\/posts\/6976\/revisions"}],"predecessor-version":[{"id":6978,"href":"https:\/\/www.alumni.space\/pt-pt\/wp-json\/wp\/v2\/posts\/6976\/revisions\/6978"}],"wp:featuredmedia":[{"embeddable":true,"href":"https:\/\/www.alumni.space\/pt-pt\/wp-json\/wp\/v2\/media\/6977"}],"wp:attachment":[{"href":"https:\/\/www.alumni.space\/pt-pt\/wp-json\/wp\/v2\/media?parent=6976"}],"wp:term":[{"taxonomy":"category","embeddable":true,"href":"https:\/\/www.alumni.space\/pt-pt\/wp-json\/wp\/v2\/categories?post=6976"},{"taxonomy":"post_tag","embeddable":true,"href":"https:\/\/www.alumni.space\/pt-pt\/wp-json\/wp\/v2\/tags?post=6976"}],"curies":[{"name":"wp","href":"https:\/\/api.w.org\/{rel}","templated":true}]}}