{"id":6903,"date":"2025-12-20T22:01:11","date_gmt":"2025-12-20T22:01:11","guid":{"rendered":"https:\/\/www.alumni.space\/como-transformar-os-teus-antigos-empregados-em-mentores-internos\/"},"modified":"2026-04-02T12:08:43","modified_gmt":"2026-04-02T12:08:43","slug":"como-transformar-os-teus-antigos-empregados-em-mentores-internos","status":"publish","type":"post","link":"https:\/\/www.alumni.space\/pt-pt\/como-transformar-os-teus-antigos-empregados-em-mentores-internos\/","title":{"rendered":"Como transformar os teus antigos empregados em mentores internos"},"content":{"rendered":"<p>Resumo: Este artigo descreve um m\u00e9todo operacional para transformar <strong>antigos empregados<\/strong> em <strong>mentores internos<\/strong>, utilizando uma plataforma de gest\u00e3o de comunidades e rituais apropriados. O foco \u00e9 a PME fict\u00edcia <strong>NovaTech<\/strong>, que est\u00e1 a internalizar a mentoria para assegurar o seu know-how e acelerar a integra\u00e7\u00e3o de talentos. <\/p><div id=\"ez-toc-container\" class=\"ez-toc-v2_0_82_2 counter-flat ez-toc-counter ez-toc-grey ez-toc-container-direction\">\n<div class=\"ez-toc-title-container\"><p class=\"ez-toc-title\" style=\"cursor:inherit\">\u00cdndice deste artigo:<\/p>\n<\/div><nav><ul class='ez-toc-list ez-toc-list-level-1 ' ><li class='ez-toc-page-1'><a class=\"ez-toc-link ez-toc-heading-1\" href=\"https:\/\/www.alumni.space\/pt-pt\/como-transformar-os-teus-antigos-empregados-em-mentores-internos\/#Porque_utilizar_antigos_empregados_como_mentores_internos\" >Porqu\u00ea utilizar antigos empregados como mentores internos?<\/a><\/li><li class='ez-toc-page-1'><a class=\"ez-toc-link ez-toc-heading-2\" href=\"https:\/\/www.alumni.space\/pt-pt\/como-transformar-os-teus-antigos-empregados-em-mentores-internos\/#O_custo_oculto_da_perda_de_conhecimentos_e_a_questao_da_marca_do_empregador\" >O custo oculto da perda de conhecimentos e a quest\u00e3o da marca do empregador<\/a><\/li><li class='ez-toc-page-1'><a class=\"ez-toc-link ez-toc-heading-3\" href=\"https:\/\/www.alumni.space\/pt-pt\/como-transformar-os-teus-antigos-empregados-em-mentores-internos\/#Metodo_para_criar_um_grupo_de_antigos_mentores\" >M\u00e9todo para criar um grupo de antigos mentores<\/a><\/li><li class='ez-toc-page-1'><a class=\"ez-toc-link ez-toc-heading-4\" href=\"https:\/\/www.alumni.space\/pt-pt\/como-transformar-os-teus-antigos-empregados-em-mentores-internos\/#Rituais_papeis_e_calendario\" >Rituais, pap\u00e9is e calend\u00e1rio<\/a><\/li><li class='ez-toc-page-1'><a class=\"ez-toc-link ez-toc-heading-5\" href=\"https:\/\/www.alumni.space\/pt-pt\/como-transformar-os-teus-antigos-empregados-em-mentores-internos\/#Integracao_pratica_nos_departamentos_de_RH_e_de_ensino\" >Integra\u00e7\u00e3o pr\u00e1tica nos departamentos de RH e de ensino<\/a><\/li><li class='ez-toc-page-1'><a class=\"ez-toc-link ez-toc-heading-6\" href=\"https:\/\/www.alumni.space\/pt-pt\/como-transformar-os-teus-antigos-empregados-em-mentores-internos\/#Caso_em_questao_NovaTech_e_cooptacao\" >Caso em quest\u00e3o: NovaTech e coopta\u00e7\u00e3o<\/a><\/li><li class='ez-toc-page-1'><a class=\"ez-toc-link ez-toc-heading-7\" href=\"https:\/\/www.alumni.space\/pt-pt\/como-transformar-os-teus-antigos-empregados-em-mentores-internos\/#Medir_o_impacto_e_tornar_o_programa_sustentavel\" >Medir o impacto e tornar o programa sustent\u00e1vel<\/a><\/li><li class='ez-toc-page-1'><a class=\"ez-toc-link ez-toc-heading-8\" href=\"https:\/\/www.alumni.space\/pt-pt\/como-transformar-os-teus-antigos-empregados-em-mentores-internos\/#Casos_de_utilizacao_sectoriais_e_provas_de_utilizacao\" >Casos de utiliza\u00e7\u00e3o sectoriais e provas de utiliza\u00e7\u00e3o<\/a><\/li><li class='ez-toc-page-1'><a class=\"ez-toc-link ez-toc-heading-9\" href=\"https:\/\/www.alumni.space\/pt-pt\/como-transformar-os-teus-antigos-empregados-em-mentores-internos\/#Ferramentas_digitais_e_parametros-chave_para_a_industrializacao\" >Ferramentas digitais e par\u00e2metros-chave para a industrializa\u00e7\u00e3o<\/a><\/li><li class='ez-toc-page-1'><a class=\"ez-toc-link ez-toc-heading-10\" href=\"https:\/\/www.alumni.space\/pt-pt\/como-transformar-os-teus-antigos-empregados-em-mentores-internos\/#Lista_de_verificacao_de_accoes_rapidas_para_comecar_a_semana_seguinte\" >Lista de verifica\u00e7\u00e3o de ac\u00e7\u00f5es r\u00e1pidas para come\u00e7ar a semana seguinte<\/a><\/li><\/ul><\/nav><\/div>\n<h2 class=\"wp-block-heading\"><span class=\"ez-toc-section\" id=\"Porque_utilizar_antigos_empregados_como_mentores_internos\"><\/span>Porqu\u00ea utilizar antigos empregados como mentores internos?<span class=\"ez-toc-section-end\"><\/span><\/h2><p>Numa organiza\u00e7\u00e3o confrontada com sa\u00eddas em massa de quadros superiores, a perda de conhecimentos afecta a <strong>gest\u00e3o de talentos<\/strong> e a <strong>transfer\u00eancia de compet\u00eancias<\/strong>. A NovaTech observou uma queda no desempenho em posi\u00e7\u00f5es-chave ap\u00f3s v\u00e1rias sa\u00eddas: a resposta escolhida foi capitalizar a rede de antigos funcion\u00e1rios para restaurar a continuidade operacional. <\/p><p>A utiliza\u00e7\u00e3o de uma plataforma de gest\u00e3o de comunidades facilita a identifica\u00e7\u00e3o de perfis, o planeamento de eventos e o acompanhamento do <strong>coaching<\/strong>. Para estruturar o processo, utiliza recursos pr\u00e1ticos: um guia estrutural para ajudar a construir o percurso e os crit\u00e9rios de sele\u00e7\u00e3o, como o &#8220;guia de mentoria&#8221;, acess\u00edvel atrav\u00e9s de <a href=\"https:\/\/2lnexpertiserh.com\/IMG\/pdf\/guide_du_mentorat_3_.pdf\">um ficheiro completo<\/a>. <\/p><figure class=\"wp-block-image size-full\"><img decoding=\"async\" width=\"1344\" height=\"768\" src=\"https:\/\/www.alumni.space\/wp-content\/uploads\/2026\/03\/Comment-faire-de-vos-anciens-collaborateurs-des-mentors-internes-1.jpg\" data-orig-src=\"https:\/\/www.alumni.space\/wp-content\/uploads\/2026\/03\/Comment-faire-de-vos-anciens-collaborateurs-des-mentors-internes-1.jpg\" alt=\"Descobre como podes transformar os teus antigos empregados em mentores internos eficazes para incentivar a partilha de conhecimentos e o desenvolvimento profissional na tua empresa.\" class=\"lazyload wp-image-3357\" srcset=\"data:image\/svg+xml,%3Csvg%20xmlns%3D%27http%3A%2F%2Fwww.w3.org%2F2000%2Fsvg%27%20width%3D%271344%27%20height%3D%27768%27%20viewBox%3D%270%200%201344%20768%27%3E%3Crect%20width%3D%271344%27%20height%3D%27768%27%20fill-opacity%3D%220%22%2F%3E%3C%2Fsvg%3E\" data-srcset=\"https:\/\/www.alumni.space\/wp-content\/uploads\/2026\/03\/Comment-faire-de-vos-anciens-collaborateurs-des-mentors-internes-1-200x114.jpg 200w, https:\/\/www.alumni.space\/wp-content\/uploads\/2026\/03\/Comment-faire-de-vos-anciens-collaborateurs-des-mentors-internes-1-300x171.jpg 300w, https:\/\/www.alumni.space\/wp-content\/uploads\/2026\/03\/Comment-faire-de-vos-anciens-collaborateurs-des-mentors-internes-1-400x229.jpg 400w, https:\/\/www.alumni.space\/wp-content\/uploads\/2026\/03\/Comment-faire-de-vos-anciens-collaborateurs-des-mentors-internes-1-600x343.jpg 600w, https:\/\/www.alumni.space\/wp-content\/uploads\/2026\/03\/Comment-faire-de-vos-anciens-collaborateurs-des-mentors-internes-1-768x439.jpg 768w, https:\/\/www.alumni.space\/wp-content\/uploads\/2026\/03\/Comment-faire-de-vos-anciens-collaborateurs-des-mentors-internes-1-800x457.jpg 800w, https:\/\/www.alumni.space\/wp-content\/uploads\/2026\/03\/Comment-faire-de-vos-anciens-collaborateurs-des-mentors-internes-1-1024x585.jpg 1024w, https:\/\/www.alumni.space\/wp-content\/uploads\/2026\/03\/Comment-faire-de-vos-anciens-collaborateurs-des-mentors-internes-1-1200x686.jpg 1200w, https:\/\/www.alumni.space\/wp-content\/uploads\/2026\/03\/Comment-faire-de-vos-anciens-collaborateurs-des-mentors-internes-1.jpg 1344w\" data-sizes=\"auto\" data-orig-sizes=\"(max-width: 1344px) 100vw, 1344px\" \/><\/figure><h3 class=\"wp-block-heading\"><span class=\"ez-toc-section\" id=\"O_custo_oculto_da_perda_de_conhecimentos_e_a_questao_da_marca_do_empregador\"><\/span>O custo oculto da perda de conhecimentos e a quest\u00e3o da marca do empregador<span class=\"ez-toc-section-end\"><\/span><\/h3><p>A substitui\u00e7\u00e3o de uma compet\u00eancia cr\u00edtica requer tempo e or\u00e7amento. A NovaTech mediu uma duplica\u00e7\u00e3o do tempo de integra\u00e7\u00e3o dos novos gestores, consequ\u00eancia direta da falta de<strong>apoio<\/strong>. O modelo escolhido: emparelhar um antigo funcion\u00e1rio especialista com um par operacional, com acompanhamento mensal e uma biblioteca de documentos acess\u00edvel atrav\u00e9s da plataforma.  <\/p><p>Em termos de RSE, um programa de tutoria \u00e9 uma extens\u00e3o da responsabilidade social do Grupo: prolongamento das carreiras, inclus\u00e3o intergeracional, apoio \u00e0 empregabilidade e voluntariado de compet\u00eancias. A mesma reda\u00e7\u00e3o foi reescrita para sublinhar o seguinte: a oferta de um espa\u00e7o para os antigos alunos contribui para prolongar o compromisso organizacional para al\u00e9m do fim do contrato, valorizando a experi\u00eancia das sa\u00eddas e transformando a antiguidade em recursos mobiliz\u00e1veis. <\/p><h2 class=\"wp-block-heading\"><span class=\"ez-toc-section\" id=\"Metodo_para_criar_um_grupo_de_antigos_mentores\"><\/span>M\u00e9todo para criar um grupo de antigos mentores<span class=\"ez-toc-section-end\"><\/span><\/h2><p>Etapa 1: mapeamento das compet\u00eancias estrat\u00e9gicas. A NovaTech utilizou a plataforma para identificar as compet\u00eancias e a disponibilidade e, em seguida, deu prioridade \u00e0s posi\u00e7\u00f5es de risco. Etapa 2: breve curso de forma\u00e7\u00e3o em mentoria, incluindo t\u00e9cnicas de entrevista, assinatura de um acordo-quadro e calend\u00e1rio.  <\/p><p>Os recursos operacionais e o feedback do terreno podem ser encontrados em s\u00ednteses pr\u00e1ticas, como o percurso proposto pelos actores do mentoring empresarial, como <a href=\"https:\/\/www.mentorline.ai\/\">a Mentorline<\/a>, e em fichas t\u00e9cnicas sobre a cria\u00e7\u00e3o de programas, detalhadas num s\u00edtio <a href=\"https:\/\/drh.ma\/comment-creer-un-programme-de-mentorat-efficace-pour-les-collaborateurs\/\">Web especializado em RH<\/a>. Estas refer\u00eancias s\u00e3o utilizadas para calibrar a dura\u00e7\u00e3o dos pares e dos indicadores. <\/p><h3 class=\"wp-block-heading\"><span class=\"ez-toc-section\" id=\"Rituais_papeis_e_calendario\"><\/span>Rituais, pap\u00e9is e calend\u00e1rio<span class=\"ez-toc-section-end\"><\/span><\/h3><p>Cada mentor selecionado passa por uma forma\u00e7\u00e3o pr\u00e1tica, seguida de um programa de mentoria: o primeiro m\u00eas \u00e9 dedicado ao diagn\u00f3stico, o trimestre seguinte aos objectivos de aumento de compet\u00eancias e a avalia\u00e7\u00e3o semestral com indicadores. A NovaTech utiliza indicadores simples: taxa de participa\u00e7\u00e3o, horas de mentoria, taxa de integra\u00e7\u00e3o do mentorado. <\/p><p>A administra\u00e7\u00e3o exige uma gest\u00e3o centralizada para evitar a necessidade de folhas de c\u00e1lculo dispersas. No que diz respeito \u00e0 industrializa\u00e7\u00e3o, a l\u00f3gica de uma plataforma SaaS evita a fragmenta\u00e7\u00e3o dos dados e melhora <strong>a gest\u00e3o dos<\/strong> percursos profissionais. <\/p><h2 class=\"wp-block-heading\"><span class=\"ez-toc-section\" id=\"Integracao_pratica_nos_departamentos_de_RH_e_de_ensino\"><\/span>Integra\u00e7\u00e3o pr\u00e1tica nos departamentos de RH e de ensino<span class=\"ez-toc-section-end\"><\/span><\/h2><p>Os gestores de RH ou de forma\u00e7\u00e3o consideram a tutoria uma alavanca para otimizar os percursos profissionais. A NovaTech combinou a tutoria com a <strong>forma\u00e7\u00e3o interna<\/strong>: m\u00f3dulos curtos conduzidos por antigos funcion\u00e1rios, complementados por sess\u00f5es de microaprendizagem. O esquema conduziu a uma acelera\u00e7\u00e3o dos planos de carreira, com provas do impacto no desempenho da equipa.  <\/p><p>Para preparar o terreno, consulta guias adicionais sobre modelos de tutoria e orienta\u00e7\u00e3o, por exemplo, feedback estruturado sobre tutoria na empresa e orienta\u00e7\u00e3o intergeracional atrav\u00e9s de <a href=\"https:\/\/jubiliz.fr\/blog-entreprise\/tutorat-mentorat-en-entreprise\/\">um resumo do sector<\/a> e recomenda\u00e7\u00f5es pr\u00e1ticas sobre <a href=\"https:\/\/www.referencedrh.com\/mentorat-intergenerationnel-en-entreprise\/\">orienta\u00e7\u00e3o intergeracional<\/a>.<\/p><h3 class=\"wp-block-heading\"><span class=\"ez-toc-section\" id=\"Caso_em_questao_NovaTech_e_cooptacao\"><\/span>Caso em quest\u00e3o: NovaTech e coopta\u00e7\u00e3o<span class=\"ez-toc-section-end\"><\/span><\/h3><p>Estudo de caso: para uma necessidade urgente de I&amp;D, a NovaTech contactou dois antigos engenheiros, estabelecendo um programa de 12 semanas com documenta\u00e7\u00e3o centralizada e avalia\u00e7\u00f5es semanais. Resultado: recrutamento por coopta\u00e7\u00e3o acelerado, desenvolvimento de compet\u00eancias medido ao fim de tr\u00eas meses. Conclus\u00e3o final: <strong>o envolvimento de<\/strong> antigos <strong>empregados<\/strong> conduz a uma coopta\u00e7\u00e3o mais direcionada e r\u00e1pida.  <\/p><p>Para obteres um kit pronto a usar, consulta a p\u00e1gina sobre a forma\u00e7\u00e3o de mentores internos: <a href=\"https:\/\/www.alumni.space\/pt-pt\/como-formar-eficazmente-os-teus-mentores-internos\/\">programa de forma\u00e7\u00e3o<\/a>.<\/p><h2 class=\"wp-block-heading\"><span class=\"ez-toc-section\" id=\"Medir_o_impacto_e_tornar_o_programa_sustentavel\"><\/span>Medir o impacto e tornar o programa sustent\u00e1vel<span class=\"ez-toc-section-end\"><\/span><\/h2><p>Indicadores operacionais a monitorizar: participa\u00e7\u00e3o, dura\u00e7\u00e3o m\u00e9dia dos interc\u00e2mbios, horas de <strong>forma\u00e7\u00e3o<\/strong> registadas, progressos nas compet\u00eancias-chave. A NovaTech implementou um painel de controlo com m\u00e9tricas vis\u00edveis para os decisores. <\/p><p>Um exemplo de uma ferramenta metodol\u00f3gica para medir o impacto e alinhar os RH, a comunica\u00e7\u00e3o e a RSE proposta por intervenientes do sector, com guias pr\u00e1ticos dispon\u00edveis numa <a href=\"https:\/\/www.alumni.space\/pt-pt\/como-medir-o-impacto-de-um-programa-de-mentoria-empresarial\/\">p\u00e1gina dedicada<\/a> e apoio adicional para calibrar os KPI.<\/p><h3 class=\"wp-block-heading\"><span class=\"ez-toc-section\" id=\"Casos_de_utilizacao_sectoriais_e_provas_de_utilizacao\"><\/span>Casos de utiliza\u00e7\u00e3o sectoriais e provas de utiliza\u00e7\u00e3o<span class=\"ez-toc-section-end\"><\/span><\/h3><p>No ensino superior, os antigos alunos, enquanto mentores, desempenham um papel importante na empregabilidade. Para adaptar o modelo ao contexto empresarial, utiliza feedback e ferramentas espec\u00edficas do sector, tais como recomenda\u00e7\u00f5es vis\u00edveis num <a href=\"https:\/\/www.medef.com\/uploads\/media\/default\/0020\/01\/15029-guide-mentorat-2023-medef.pdf\">guia institucional<\/a>. Conclus\u00e3o: uma governa\u00e7\u00e3o simples com relat\u00f3rios trimestrais mant\u00e9m o alinhamento estrat\u00e9gico.  <\/p><h2 class=\"wp-block-heading\"><span class=\"ez-toc-section\" id=\"Ferramentas_digitais_e_parametros-chave_para_a_industrializacao\"><\/span>Ferramentas digitais e par\u00e2metros-chave para a industrializa\u00e7\u00e3o<span class=\"ez-toc-section-end\"><\/span><\/h2><p>Uma plataforma dedicada centraliza os perfis, os eventos, as ofertas, <strong>os quadros de empregos<\/strong> e o acompanhamento do mentoring. Para industrializar o conjunto de antigos alunos, consulta uma solu\u00e7\u00e3o que combine anima\u00e7\u00e3o e relat\u00f3rios, como a p\u00e1gina de produto dedicada \u00e0 liga\u00e7\u00e3o entre antigos alunos e mentoria no <a href=\"https:\/\/www.alumni.space\/pt-pt\/como-transformar-os-teus-antigos-empregados-em-mentores-internos\/\">s\u00edtio do produto<\/a>. <\/p><p>Para completar o quadro, os recursos operacionais sobre a estrat\u00e9gia de RH para a tutoria podem ser encontrados numa <a href=\"https:\/\/www.alumni.space\/pt-pt\/a-tutoria-como-parte-da-estrategia-de-rh-do-futuro\/\">p\u00e1gina de estrat\u00e9gia de RH<\/a> e numa sec\u00e7\u00e3o de forma\u00e7\u00e3o sobre <a href=\"https:\/\/www.alumni.space\/pt-pt\/formacao-ou-tutoria-porque-escolher-as-duas\/\">op\u00e7\u00f5es de forma\u00e7\u00e3o<\/a>. Estas entradas ajudam a normalizar o processo de tutoria. <\/p><h3 class=\"wp-block-heading\"><span class=\"ez-toc-section\" id=\"Lista_de_verificacao_de_accoes_rapidas_para_comecar_a_semana_seguinte\"><\/span>Lista de verifica\u00e7\u00e3o de ac\u00e7\u00f5es r\u00e1pidas para come\u00e7ar a semana seguinte<span class=\"ez-toc-section-end\"><\/span><\/h3><p>Plano de a\u00e7\u00e3o: definir as compet\u00eancias-alvo, identificar os antigos alunos relevantes, dar forma\u00e7\u00e3o de postura, marcar as primeiras reuni\u00f5es e ativar a plataforma. A NovaTech aprovou este calend\u00e1rio em quinze dias, provando que um lan\u00e7amento r\u00e1pido ainda \u00e9 realista. <\/p><p>Para um guia completo das melhores pr\u00e1ticas e modelos, a leitura de um artigo especializado pode poupar tempo, como o resumo sobre a <a href=\"https:\/\/www.acmentoring.com\/mentorat-en-entreprise\/\">tutoria no local de trabalho<\/a>.<\/p><p><strong>A\u00e7\u00e3o recomendada:<\/strong> para industrializar e manter a rastreabilidade, <strong>solicita uma demonstra\u00e7\u00e3o<\/strong> da plataforma para automatizar os emparelhamentos, os rituais e <strong>o acompanhamento dos KPI<\/strong>.<\/p><p>Para saberes mais sobre o sistema operacional e os formatos de ensino, consulta os recursos \u00fateis: <a href=\"https:\/\/www.alumni.space\/pt-pt\/porque-e-que-o-mentoring-transforma-a-cultura-empresarial\/\">mentoring e cultura empresarial<\/a> e a p\u00e1gina dedicada aos <a href=\"https:\/\/www.alumni.space\/pt-pt\/testemunhos-de-antigos-funcionarios-que-se-tornaram-mentores\/\">mentores de antigos funcion\u00e1rios<\/a>.<\/p>","protected":false},"excerpt":{"rendered":"<p>Resumo: Este artigo descreve um m\u00e9todo operacional para transformar antigos  [&#8230;]<\/p>\n","protected":false},"author":1,"featured_media":6904,"comment_status":"closed","ping_status":"","sticky":false,"template":"","format":"standard","meta":{"_ayudawp_aiss_exclude":false,"footnotes":""},"categories":[68],"tags":[],"class_list":["post-6903","post","type-post","status-publish","format-standard","has-post-thumbnail","hentry","category-mentoria"],"yoast_head":"<!-- This site is optimized with the Yoast SEO plugin v27.4 - https:\/\/yoast.com\/product\/yoast-seo-wordpress\/ -->\n<title>Transforma os teus antigos empregados em mentores internos<\/title>\n<meta name=\"description\" content=\"Descobre como transformar os teus antigos empregados em mentores internos para refor\u00e7ar as compet\u00eancias e a coes\u00e3o da tua equipa.\" \/>\n<meta name=\"robots\" content=\"index, follow, max-snippet:-1, max-image-preview:large, max-video-preview:-1\" \/>\n<link rel=\"canonical\" href=\"https:\/\/www.alumni.space\/pt-pt\/como-transformar-os-teus-antigos-empregados-em-mentores-internos\/\" \/>\n<meta property=\"og:locale\" content=\"pt_PT\" \/>\n<meta property=\"og:type\" content=\"article\" \/>\n<meta property=\"og:title\" content=\"Transforma os teus antigos empregados em mentores internos\" \/>\n<meta property=\"og:description\" content=\"Descobre como transformar os teus antigos empregados em mentores internos para refor\u00e7ar as compet\u00eancias e a coes\u00e3o da tua equipa.\" \/>\n<meta property=\"og:url\" content=\"https:\/\/www.alumni.space\/pt-pt\/como-transformar-os-teus-antigos-empregados-em-mentores-internos\/\" \/>\n<meta property=\"og:site_name\" content=\"Alumni.space\" \/>\n<meta property=\"article:published_time\" content=\"2025-12-20T22:01:11+00:00\" \/>\n<meta property=\"article:modified_time\" content=\"2026-04-02T12:08:43+00:00\" \/>\n<meta property=\"og:image\" content=\"https:\/\/www.alumni.space\/wp-content\/uploads\/2026\/03\/Comment-faire-de-vos-anciens-collaborateurs-des-mentors-internes.jpg\" \/>\n\t<meta property=\"og:image:width\" content=\"1344\" \/>\n\t<meta property=\"og:image:height\" content=\"768\" \/>\n\t<meta property=\"og:image:type\" content=\"image\/jpeg\" \/>\n<meta name=\"author\" content=\"admin\" \/>\n<meta name=\"twitter:card\" content=\"summary_large_image\" \/>\n<meta name=\"twitter:label1\" content=\"Escrito por\" \/>\n\t<meta name=\"twitter:data1\" content=\"admin\" \/>\n\t<meta name=\"twitter:label2\" content=\"Tempo estimado de leitura\" \/>\n\t<meta name=\"twitter:data2\" content=\"6 minutos\" \/>\n<script type=\"application\/ld+json\" class=\"yoast-schema-graph\">{\"@context\":\"https:\\\/\\\/schema.org\",\"@graph\":[{\"@type\":\"Article\",\"@id\":\"https:\\\/\\\/www.alumni.space\\\/pt-pt\\\/como-transformar-os-teus-antigos-empregados-em-mentores-internos\\\/#article\",\"isPartOf\":{\"@id\":\"https:\\\/\\\/www.alumni.space\\\/pt-pt\\\/como-transformar-os-teus-antigos-empregados-em-mentores-internos\\\/\"},\"author\":{\"name\":\"admin\",\"@id\":\"https:\\\/\\\/www.alumni.space\\\/pt-pt\\\/#\\\/schema\\\/person\\\/fede362a57876edda476a61f05ce5b15\"},\"headline\":\"Como transformar os teus antigos empregados em mentores internos\",\"datePublished\":\"2025-12-20T22:01:11+00:00\",\"dateModified\":\"2026-04-02T12:08:43+00:00\",\"mainEntityOfPage\":{\"@id\":\"https:\\\/\\\/www.alumni.space\\\/pt-pt\\\/como-transformar-os-teus-antigos-empregados-em-mentores-internos\\\/\"},\"wordCount\":1198,\"image\":{\"@id\":\"https:\\\/\\\/www.alumni.space\\\/pt-pt\\\/como-transformar-os-teus-antigos-empregados-em-mentores-internos\\\/#primaryimage\"},\"thumbnailUrl\":\"https:\\\/\\\/www.alumni.space\\\/wp-content\\\/uploads\\\/2026\\\/03\\\/Comment-faire-de-vos-anciens-collaborateurs-des-mentors-internes.jpg\",\"articleSection\":[\"Mentoria\"],\"inLanguage\":\"pt-PT\"},{\"@type\":\"WebPage\",\"@id\":\"https:\\\/\\\/www.alumni.space\\\/pt-pt\\\/como-transformar-os-teus-antigos-empregados-em-mentores-internos\\\/\",\"url\":\"https:\\\/\\\/www.alumni.space\\\/pt-pt\\\/como-transformar-os-teus-antigos-empregados-em-mentores-internos\\\/\",\"name\":\"Transforma os teus antigos empregados em mentores internos\",\"isPartOf\":{\"@id\":\"https:\\\/\\\/www.alumni.space\\\/pt-pt\\\/#website\"},\"primaryImageOfPage\":{\"@id\":\"https:\\\/\\\/www.alumni.space\\\/pt-pt\\\/como-transformar-os-teus-antigos-empregados-em-mentores-internos\\\/#primaryimage\"},\"image\":{\"@id\":\"https:\\\/\\\/www.alumni.space\\\/pt-pt\\\/como-transformar-os-teus-antigos-empregados-em-mentores-internos\\\/#primaryimage\"},\"thumbnailUrl\":\"https:\\\/\\\/www.alumni.space\\\/wp-content\\\/uploads\\\/2026\\\/03\\\/Comment-faire-de-vos-anciens-collaborateurs-des-mentors-internes.jpg\",\"datePublished\":\"2025-12-20T22:01:11+00:00\",\"dateModified\":\"2026-04-02T12:08:43+00:00\",\"author\":{\"@id\":\"https:\\\/\\\/www.alumni.space\\\/pt-pt\\\/#\\\/schema\\\/person\\\/fede362a57876edda476a61f05ce5b15\"},\"description\":\"Descobre como transformar os teus antigos empregados em mentores internos para refor\u00e7ar as compet\u00eancias e a coes\u00e3o da tua equipa.\",\"breadcrumb\":{\"@id\":\"https:\\\/\\\/www.alumni.space\\\/pt-pt\\\/como-transformar-os-teus-antigos-empregados-em-mentores-internos\\\/#breadcrumb\"},\"inLanguage\":\"pt-PT\",\"potentialAction\":[{\"@type\":\"ReadAction\",\"target\":[\"https:\\\/\\\/www.alumni.space\\\/pt-pt\\\/como-transformar-os-teus-antigos-empregados-em-mentores-internos\\\/\"]}]},{\"@type\":\"ImageObject\",\"inLanguage\":\"pt-PT\",\"@id\":\"https:\\\/\\\/www.alumni.space\\\/pt-pt\\\/como-transformar-os-teus-antigos-empregados-em-mentores-internos\\\/#primaryimage\",\"url\":\"https:\\\/\\\/www.alumni.space\\\/wp-content\\\/uploads\\\/2026\\\/03\\\/Comment-faire-de-vos-anciens-collaborateurs-des-mentors-internes.jpg\",\"contentUrl\":\"https:\\\/\\\/www.alumni.space\\\/wp-content\\\/uploads\\\/2026\\\/03\\\/Comment-faire-de-vos-anciens-collaborateurs-des-mentors-internes.jpg\",\"width\":1344,\"height\":768,\"caption\":\"Descobre como podes transformar os teus antigos empregados em mentores internos para melhorar as compet\u00eancias da tua equipa e promover a aprendizagem sustent\u00e1vel na tua empresa.\"},{\"@type\":\"BreadcrumbList\",\"@id\":\"https:\\\/\\\/www.alumni.space\\\/pt-pt\\\/como-transformar-os-teus-antigos-empregados-em-mentores-internos\\\/#breadcrumb\",\"itemListElement\":[{\"@type\":\"ListItem\",\"position\":1,\"name\":\"Home\",\"item\":\"https:\\\/\\\/www.alumni.space\\\/pt-pt\\\/plataforma-de-gestao-de-mentores-e-antigos-alunos\\\/\"},{\"@type\":\"ListItem\",\"position\":2,\"name\":\"Como transformar os teus antigos empregados em mentores internos\"}]},{\"@type\":\"WebSite\",\"@id\":\"https:\\\/\\\/www.alumni.space\\\/pt-pt\\\/#website\",\"url\":\"https:\\\/\\\/www.alumni.space\\\/pt-pt\\\/\",\"name\":\"Alumni.space\",\"description\":\"My WordPress Blog\",\"potentialAction\":[{\"@type\":\"SearchAction\",\"target\":{\"@type\":\"EntryPoint\",\"urlTemplate\":\"https:\\\/\\\/www.alumni.space\\\/pt-pt\\\/?s={search_term_string}\"},\"query-input\":{\"@type\":\"PropertyValueSpecification\",\"valueRequired\":true,\"valueName\":\"search_term_string\"}}],\"inLanguage\":\"pt-PT\"},{\"@type\":\"Person\",\"@id\":\"https:\\\/\\\/www.alumni.space\\\/pt-pt\\\/#\\\/schema\\\/person\\\/fede362a57876edda476a61f05ce5b15\",\"name\":\"admin\",\"image\":{\"@type\":\"ImageObject\",\"inLanguage\":\"pt-PT\",\"@id\":\"https:\\\/\\\/secure.gravatar.com\\\/avatar\\\/318e234ae94f90d4d629428d6b983c08e31181c28f579e08a021180d759ea651?s=96&d=mm&r=g\",\"url\":\"https:\\\/\\\/secure.gravatar.com\\\/avatar\\\/318e234ae94f90d4d629428d6b983c08e31181c28f579e08a021180d759ea651?s=96&d=mm&r=g\",\"contentUrl\":\"https:\\\/\\\/secure.gravatar.com\\\/avatar\\\/318e234ae94f90d4d629428d6b983c08e31181c28f579e08a021180d759ea651?s=96&d=mm&r=g\",\"caption\":\"admin\"},\"description\":\"Nicolas Laustriat a construit sa sp\u00e9cialit\u00e9 sur un sujet que beaucoup d\u2019organisations d\u00e9couvrent trop tard : ce qui dispara\u00eet quand les gens partent. Dipl\u00f4m\u00e9 en conception de produit industriel, il bifurque vers le digital fin 1996, il couvre les transformations marques, RH, la fid\u00e9lisation, la marque employeur. Sur le terrain, il rep\u00e8re un angle mort r\u00e9current : l\u2019entreprise investit dans le recrutement, la formation, les process\u2026 puis laisse filer le lien au moment du d\u00e9part, avec une perte de savoir et d\u2019influence qui se paie en silence. Il se sp\u00e9cialise alors sur les communaut\u00e9s d\u2019alumni, le mentorat, l\u2019entraide interg\u00e9n\u00e9rationnelle et la transmission d\u2019expertise. Il passe du \u201cconstat\u201d aux m\u00e9thodes : animation, gouvernance, segmentation, rituels, mesure d\u2019engagement, articulation avec la RSE et l\u2019employabilit\u00e9. Il interviewe DRH, responsables formation, directions d\u2019\u00e9coles, associations et fondations, avec une obsession : transformer un r\u00e9seau dormant en m\u00e9canisme utile (cooptation, mentorat, job board, entraide, \u00e9v\u00e9nements, contenus). Son style : direct, orient\u00e9 action, sans folklore. Sa conviction : une communaut\u00e9 n\u2019a pas besoin de bruit, elle a besoin de raisons de revenir.\",\"sameAs\":[\"https:\\\/\\\/www.alumni.space\"]}]}<\/script>\n<!-- \/ Yoast SEO plugin. -->","yoast_head_json":{"title":"Transforma os teus antigos empregados em mentores internos","description":"Descobre como transformar os teus antigos empregados em mentores internos para refor\u00e7ar as compet\u00eancias e a coes\u00e3o da tua equipa.","robots":{"index":"index","follow":"follow","max-snippet":"max-snippet:-1","max-image-preview":"max-image-preview:large","max-video-preview":"max-video-preview:-1"},"canonical":"https:\/\/www.alumni.space\/pt-pt\/como-transformar-os-teus-antigos-empregados-em-mentores-internos\/","og_locale":"pt_PT","og_type":"article","og_title":"Transforma os teus antigos empregados em mentores internos","og_description":"Descobre como transformar os teus antigos empregados em mentores internos para refor\u00e7ar as compet\u00eancias e a coes\u00e3o da tua equipa.","og_url":"https:\/\/www.alumni.space\/pt-pt\/como-transformar-os-teus-antigos-empregados-em-mentores-internos\/","og_site_name":"Alumni.space","article_published_time":"2025-12-20T22:01:11+00:00","article_modified_time":"2026-04-02T12:08:43+00:00","og_image":[{"width":1344,"height":768,"url":"https:\/\/www.alumni.space\/wp-content\/uploads\/2026\/03\/Comment-faire-de-vos-anciens-collaborateurs-des-mentors-internes.jpg","type":"image\/jpeg"}],"author":"admin","twitter_card":"summary_large_image","twitter_misc":{"Escrito por":"admin","Tempo estimado de leitura":"6 minutos"},"schema":{"@context":"https:\/\/schema.org","@graph":[{"@type":"Article","@id":"https:\/\/www.alumni.space\/pt-pt\/como-transformar-os-teus-antigos-empregados-em-mentores-internos\/#article","isPartOf":{"@id":"https:\/\/www.alumni.space\/pt-pt\/como-transformar-os-teus-antigos-empregados-em-mentores-internos\/"},"author":{"name":"admin","@id":"https:\/\/www.alumni.space\/pt-pt\/#\/schema\/person\/fede362a57876edda476a61f05ce5b15"},"headline":"Como transformar os teus antigos empregados em mentores internos","datePublished":"2025-12-20T22:01:11+00:00","dateModified":"2026-04-02T12:08:43+00:00","mainEntityOfPage":{"@id":"https:\/\/www.alumni.space\/pt-pt\/como-transformar-os-teus-antigos-empregados-em-mentores-internos\/"},"wordCount":1198,"image":{"@id":"https:\/\/www.alumni.space\/pt-pt\/como-transformar-os-teus-antigos-empregados-em-mentores-internos\/#primaryimage"},"thumbnailUrl":"https:\/\/www.alumni.space\/wp-content\/uploads\/2026\/03\/Comment-faire-de-vos-anciens-collaborateurs-des-mentors-internes.jpg","articleSection":["Mentoria"],"inLanguage":"pt-PT"},{"@type":"WebPage","@id":"https:\/\/www.alumni.space\/pt-pt\/como-transformar-os-teus-antigos-empregados-em-mentores-internos\/","url":"https:\/\/www.alumni.space\/pt-pt\/como-transformar-os-teus-antigos-empregados-em-mentores-internos\/","name":"Transforma os teus antigos empregados em mentores internos","isPartOf":{"@id":"https:\/\/www.alumni.space\/pt-pt\/#website"},"primaryImageOfPage":{"@id":"https:\/\/www.alumni.space\/pt-pt\/como-transformar-os-teus-antigos-empregados-em-mentores-internos\/#primaryimage"},"image":{"@id":"https:\/\/www.alumni.space\/pt-pt\/como-transformar-os-teus-antigos-empregados-em-mentores-internos\/#primaryimage"},"thumbnailUrl":"https:\/\/www.alumni.space\/wp-content\/uploads\/2026\/03\/Comment-faire-de-vos-anciens-collaborateurs-des-mentors-internes.jpg","datePublished":"2025-12-20T22:01:11+00:00","dateModified":"2026-04-02T12:08:43+00:00","author":{"@id":"https:\/\/www.alumni.space\/pt-pt\/#\/schema\/person\/fede362a57876edda476a61f05ce5b15"},"description":"Descobre como transformar os teus antigos empregados em mentores internos para refor\u00e7ar as compet\u00eancias e a coes\u00e3o da tua equipa.","breadcrumb":{"@id":"https:\/\/www.alumni.space\/pt-pt\/como-transformar-os-teus-antigos-empregados-em-mentores-internos\/#breadcrumb"},"inLanguage":"pt-PT","potentialAction":[{"@type":"ReadAction","target":["https:\/\/www.alumni.space\/pt-pt\/como-transformar-os-teus-antigos-empregados-em-mentores-internos\/"]}]},{"@type":"ImageObject","inLanguage":"pt-PT","@id":"https:\/\/www.alumni.space\/pt-pt\/como-transformar-os-teus-antigos-empregados-em-mentores-internos\/#primaryimage","url":"https:\/\/www.alumni.space\/wp-content\/uploads\/2026\/03\/Comment-faire-de-vos-anciens-collaborateurs-des-mentors-internes.jpg","contentUrl":"https:\/\/www.alumni.space\/wp-content\/uploads\/2026\/03\/Comment-faire-de-vos-anciens-collaborateurs-des-mentors-internes.jpg","width":1344,"height":768,"caption":"Descobre como podes transformar os teus antigos empregados em mentores internos para melhorar as compet\u00eancias da tua equipa e promover a aprendizagem sustent\u00e1vel na tua empresa."},{"@type":"BreadcrumbList","@id":"https:\/\/www.alumni.space\/pt-pt\/como-transformar-os-teus-antigos-empregados-em-mentores-internos\/#breadcrumb","itemListElement":[{"@type":"ListItem","position":1,"name":"Home","item":"https:\/\/www.alumni.space\/pt-pt\/plataforma-de-gestao-de-mentores-e-antigos-alunos\/"},{"@type":"ListItem","position":2,"name":"Como transformar os teus antigos empregados em mentores internos"}]},{"@type":"WebSite","@id":"https:\/\/www.alumni.space\/pt-pt\/#website","url":"https:\/\/www.alumni.space\/pt-pt\/","name":"Alumni.space","description":"My WordPress Blog","potentialAction":[{"@type":"SearchAction","target":{"@type":"EntryPoint","urlTemplate":"https:\/\/www.alumni.space\/pt-pt\/?s={search_term_string}"},"query-input":{"@type":"PropertyValueSpecification","valueRequired":true,"valueName":"search_term_string"}}],"inLanguage":"pt-PT"},{"@type":"Person","@id":"https:\/\/www.alumni.space\/pt-pt\/#\/schema\/person\/fede362a57876edda476a61f05ce5b15","name":"admin","image":{"@type":"ImageObject","inLanguage":"pt-PT","@id":"https:\/\/secure.gravatar.com\/avatar\/318e234ae94f90d4d629428d6b983c08e31181c28f579e08a021180d759ea651?s=96&d=mm&r=g","url":"https:\/\/secure.gravatar.com\/avatar\/318e234ae94f90d4d629428d6b983c08e31181c28f579e08a021180d759ea651?s=96&d=mm&r=g","contentUrl":"https:\/\/secure.gravatar.com\/avatar\/318e234ae94f90d4d629428d6b983c08e31181c28f579e08a021180d759ea651?s=96&d=mm&r=g","caption":"admin"},"description":"Nicolas Laustriat a construit sa sp\u00e9cialit\u00e9 sur un sujet que beaucoup d\u2019organisations d\u00e9couvrent trop tard : ce qui dispara\u00eet quand les gens partent. Dipl\u00f4m\u00e9 en conception de produit industriel, il bifurque vers le digital fin 1996, il couvre les transformations marques, RH, la fid\u00e9lisation, la marque employeur. Sur le terrain, il rep\u00e8re un angle mort r\u00e9current : l\u2019entreprise investit dans le recrutement, la formation, les process\u2026 puis laisse filer le lien au moment du d\u00e9part, avec une perte de savoir et d\u2019influence qui se paie en silence. Il se sp\u00e9cialise alors sur les communaut\u00e9s d\u2019alumni, le mentorat, l\u2019entraide interg\u00e9n\u00e9rationnelle et la transmission d\u2019expertise. Il passe du \u201cconstat\u201d aux m\u00e9thodes : animation, gouvernance, segmentation, rituels, mesure d\u2019engagement, articulation avec la RSE et l\u2019employabilit\u00e9. Il interviewe DRH, responsables formation, directions d\u2019\u00e9coles, associations et fondations, avec une obsession : transformer un r\u00e9seau dormant en m\u00e9canisme utile (cooptation, mentorat, job board, entraide, \u00e9v\u00e9nements, contenus). Son style : direct, orient\u00e9 action, sans folklore. Sa conviction : une communaut\u00e9 n\u2019a pas besoin de bruit, elle a besoin de raisons de revenir.","sameAs":["https:\/\/www.alumni.space"]}]}},"_links":{"self":[{"href":"https:\/\/www.alumni.space\/pt-pt\/wp-json\/wp\/v2\/posts\/6903","targetHints":{"allow":["GET"]}}],"collection":[{"href":"https:\/\/www.alumni.space\/pt-pt\/wp-json\/wp\/v2\/posts"}],"about":[{"href":"https:\/\/www.alumni.space\/pt-pt\/wp-json\/wp\/v2\/types\/post"}],"author":[{"embeddable":true,"href":"https:\/\/www.alumni.space\/pt-pt\/wp-json\/wp\/v2\/users\/1"}],"replies":[{"embeddable":true,"href":"https:\/\/www.alumni.space\/pt-pt\/wp-json\/wp\/v2\/comments?post=6903"}],"version-history":[{"count":2,"href":"https:\/\/www.alumni.space\/pt-pt\/wp-json\/wp\/v2\/posts\/6903\/revisions"}],"predecessor-version":[{"id":7262,"href":"https:\/\/www.alumni.space\/pt-pt\/wp-json\/wp\/v2\/posts\/6903\/revisions\/7262"}],"wp:featuredmedia":[{"embeddable":true,"href":"https:\/\/www.alumni.space\/pt-pt\/wp-json\/wp\/v2\/media\/6904"}],"wp:attachment":[{"href":"https:\/\/www.alumni.space\/pt-pt\/wp-json\/wp\/v2\/media?parent=6903"}],"wp:term":[{"taxonomy":"category","embeddable":true,"href":"https:\/\/www.alumni.space\/pt-pt\/wp-json\/wp\/v2\/categories?post=6903"},{"taxonomy":"post_tag","embeddable":true,"href":"https:\/\/www.alumni.space\/pt-pt\/wp-json\/wp\/v2\/tags?post=6903"}],"curies":[{"name":"wp","href":"https:\/\/api.w.org\/{rel}","templated":true}]}}