{"id":6833,"date":"2025-12-08T19:45:31","date_gmt":"2025-12-08T19:45:31","guid":{"rendered":"https:\/\/www.alumni.space\/mentoring-construir-pontes-entre-geracoes-dentro-da-empresa\/"},"modified":"2026-04-02T09:21:52","modified_gmt":"2026-04-02T09:21:52","slug":"mentoring-construir-pontes-entre-geracoes-dentro-da-empresa","status":"publish","type":"post","link":"https:\/\/www.alumni.space\/pt-pt\/mentoring-construir-pontes-entre-geracoes-dentro-da-empresa\/","title":{"rendered":"Mentoring: construir pontes entre gera\u00e7\u00f5es dentro da empresa"},"content":{"rendered":"<p>Imagina por um momento que o conhecimento acumulado pelos teus empregados mais experientes se evapora assim que eles se reformam. Este cen\u00e1rio \u00e9 uma realidade silenciosa para muitas organiza\u00e7\u00f5es. <strong>O mentoring<\/strong> \u00e9 um baluarte contra esta perda de capital intelectual. Ao criar uma verdadeira <strong>rela\u00e7\u00e3o intergeracional<\/strong>, a organiza\u00e7\u00e3o transforma cada fim de carreira num novo come\u00e7o para os rec\u00e9m-chegados. Esta sinergia entre as <strong>gera\u00e7\u00f5es<\/strong> d\u00e1 uma nova energia \u00e0s equipas, combinando a sabedoria do terreno com a agilidade digital.    <\/p><div id=\"ez-toc-container\" class=\"ez-toc-v2_0_82_2 counter-flat ez-toc-counter ez-toc-grey ez-toc-container-direction\">\n<div class=\"ez-toc-title-container\"><p class=\"ez-toc-title\" style=\"cursor:inherit\">\u00cdndice deste artigo:<\/p>\n<\/div><nav><ul class='ez-toc-list ez-toc-list-level-1 ' ><li class='ez-toc-page-1'><a class=\"ez-toc-link ez-toc-heading-1\" href=\"https:\/\/www.alumni.space\/pt-pt\/mentoring-construir-pontes-entre-geracoes-dentro-da-empresa\/#A_alquimia_das_idades_para_melhorar_o_desempenho_coletivo\" >A alquimia das idades para melhorar o desempenho coletivo<\/a><\/li><li class='ez-toc-page-1'><a class=\"ez-toc-link ez-toc-heading-2\" href=\"https:\/\/www.alumni.space\/pt-pt\/mentoring-construir-pontes-entre-geracoes-dentro-da-empresa\/#O_custo_invisivel_do_isolamento_geracional\" >O custo invis\u00edvel do isolamento geracional<\/a><\/li><li class='ez-toc-page-1'><a class=\"ez-toc-link ez-toc-heading-3\" href=\"https:\/\/www.alumni.space\/pt-pt\/mentoring-construir-pontes-entre-geracoes-dentro-da-empresa\/#Organiza_a_transmissao_com_precisao_e_metodo\" >Organiza a transmiss\u00e3o com precis\u00e3o e m\u00e9todo<\/a><\/li><li class='ez-toc-page-1'><a class=\"ez-toc-link ez-toc-heading-4\" href=\"https:\/\/www.alumni.space\/pt-pt\/mentoring-construir-pontes-entre-geracoes-dentro-da-empresa\/#Do_par_humano_ao_poder_da_estrutura_digital\" >Do par humano ao poder da estrutura digital<\/a><\/li><\/ul><\/nav><\/div>\n<h2 class=\"wp-block-heading\"><span class=\"ez-toc-section\" id=\"A_alquimia_das_idades_para_melhorar_o_desempenho_coletivo\"><\/span>A alquimia das idades para melhorar o desempenho coletivo<span class=\"ez-toc-section-end\"><\/span><\/h2><p>A combina\u00e7\u00e3o de compet\u00eancias gera um valor acrescentado imediato para a produtividade. Os perfis seniores partilham a sua vis\u00e3o estrat\u00e9gica, enquanto os jovens talentos incutem m\u00e9todos de trabalho inovadores. Esta <strong>colabora\u00e7\u00e3o<\/strong> rec\u00edproca rompe com os habituais silos hier\u00e1rquicos. Os n\u00fameros falam por si: as empresas que favorecem este interc\u00e2mbio t\u00eam uma taxa de reten\u00e7\u00e3o de talentos muito mais elevada. O sentimento de perten\u00e7a \u00e9 refor\u00e7ado quando cada um encontra o seu lugar num ciclo <strong>de transmiss\u00e3o<\/strong> fluido.    <\/p><p>A implementa\u00e7\u00e3o de um sistema deste tipo est\u00e1 totalmente em conformidade com uma abordagem de responsabilidade social das empresas. A organiza\u00e7\u00e3o vai al\u00e9m das suas obriga\u00e7\u00f5es contratuais tradicionais para cultivar um ecossistema sustent\u00e1vel. Esta abordagem promove a inclus\u00e3o, assegura a empregabilidade e valoriza as compet\u00eancias dos volunt\u00e1rios. Ao capitalizar a intelig\u00eancia colectiva dos empregados passados e presentes, a estrutura limita a eros\u00e3o dos conhecimentos especializados. Esta cultura de cuidado m\u00fatuo refor\u00e7a a imagem da marca, facilita o recrutamento e estabiliza a for\u00e7a de trabalho gra\u00e7as a programas de indu\u00e7\u00e3o cuidadosamente planeados. Para ter \u00eaxito, \u00e9 necess\u00e1rio seguir uma s\u00e9rie de <a href=\"https:\/\/aoriarh.fr\/strategie-rh\/7-etapes-pour-creer-un-programme-de-mentorat-croise-entre-generations\/\">etapas para construir este v\u00ednculo<\/a> de forma estruturada.     <\/p><h3 class=\"wp-block-heading\"><span class=\"ez-toc-section\" id=\"O_custo_invisivel_do_isolamento_geracional\"><\/span>O custo invis\u00edvel do isolamento geracional<span class=\"ez-toc-section-end\"><\/span><\/h3><p>Ignorar a riqueza das trocas entre as idades exp\u00f5e a<strong>empresa<\/strong> a riscos importantes. O tempo de forma\u00e7\u00e3o dos rec\u00e9m-chegados aumenta consideravelmente sem um guia experiente. A perda de redes relacionais e de conhecimentos t\u00e1citos pesa nos resultados anuais. Um ambiente de trabalho compartimentado atrasa a inova\u00e7\u00e3o e desencoraja os perfis mais prometedores. A falta de <strong>apoio<\/strong> m\u00fatuo cria zonas cinzentas na gest\u00e3o de projectos complexos.    <\/p><figure class=\"wp-block-image size-full\"><img decoding=\"async\" width=\"1280\" height=\"768\" src=\"https:\/\/www.alumni.space\/wp-content\/uploads\/2026\/03\/Le-mentorat-une-passerelle-entre-generations-dans-lentreprise-1.jpg\" data-orig-src=\"https:\/\/www.alumni.space\/wp-content\/uploads\/2026\/03\/Le-mentorat-une-passerelle-entre-generations-dans-lentreprise-1.jpg\" alt=\"descobre como o mentoring incentiva a transfer\u00eancia de conhecimentos e refor\u00e7a os la\u00e7os intergeracionais dentro da empresa, para um futuro profissional comum.\" class=\"lazyload wp-image-3486\" srcset=\"data:image\/svg+xml,%3Csvg%20xmlns%3D%27http%3A%2F%2Fwww.w3.org%2F2000%2Fsvg%27%20width%3D%271280%27%20height%3D%27768%27%20viewBox%3D%270%200%201280%20768%27%3E%3Crect%20width%3D%271280%27%20height%3D%27768%27%20fill-opacity%3D%220%22%2F%3E%3C%2Fsvg%3E\" data-srcset=\"https:\/\/www.alumni.space\/wp-content\/uploads\/2026\/03\/Le-mentorat-une-passerelle-entre-generations-dans-lentreprise-1-200x120.jpg 200w, https:\/\/www.alumni.space\/wp-content\/uploads\/2026\/03\/Le-mentorat-une-passerelle-entre-generations-dans-lentreprise-1-300x180.jpg 300w, https:\/\/www.alumni.space\/wp-content\/uploads\/2026\/03\/Le-mentorat-une-passerelle-entre-generations-dans-lentreprise-1-400x240.jpg 400w, https:\/\/www.alumni.space\/wp-content\/uploads\/2026\/03\/Le-mentorat-une-passerelle-entre-generations-dans-lentreprise-1-600x360.jpg 600w, https:\/\/www.alumni.space\/wp-content\/uploads\/2026\/03\/Le-mentorat-une-passerelle-entre-generations-dans-lentreprise-1-768x461.jpg 768w, https:\/\/www.alumni.space\/wp-content\/uploads\/2026\/03\/Le-mentorat-une-passerelle-entre-generations-dans-lentreprise-1-800x480.jpg 800w, https:\/\/www.alumni.space\/wp-content\/uploads\/2026\/03\/Le-mentorat-une-passerelle-entre-generations-dans-lentreprise-1-1024x614.jpg 1024w, https:\/\/www.alumni.space\/wp-content\/uploads\/2026\/03\/Le-mentorat-une-passerelle-entre-generations-dans-lentreprise-1-1200x720.jpg 1200w, https:\/\/www.alumni.space\/wp-content\/uploads\/2026\/03\/Le-mentorat-une-passerelle-entre-generations-dans-lentreprise-1.jpg 1280w\" data-sizes=\"auto\" data-orig-sizes=\"(max-width: 1280px) 100vw, 1280px\" \/><\/figure><h2 class=\"wp-block-heading\"><span class=\"ez-toc-section\" id=\"Organiza_a_transmissao_com_precisao_e_metodo\"><\/span>Organiza a transmiss\u00e3o com precis\u00e3o e m\u00e9todo<span class=\"ez-toc-section-end\"><\/span><\/h2><p>O lan\u00e7amento de um programa exige uma execu\u00e7\u00e3o rigorosa para transformar a ideia num \u00eaxito tang\u00edvel. Os pares s\u00e3o selecionados com base em compet\u00eancias semelhantes e aspira\u00e7\u00f5es partilhadas. Um calend\u00e1rio definido garante que os interc\u00e2mbios se realizam sem sobrecarregar os hor\u00e1rios dos participantes. Encontros regulares, por exemplo, uma hora por semana, garantem um progresso constante. Esta <a href=\"https:\/\/everdyne.fr\/mentorat-intergenerationnel-seniors-jeunes\/\">alian\u00e7a entre seniores e juniores<\/a> exige um empenhamento sincero por parte da dire\u00e7\u00e3o.    <\/p><p><strong>A aprendizagem<\/strong> \u00e9 agora uma via de dois sentidos, com o aprendiz a dar tamb\u00e9m o seu contributo. As ferramentas digitais, as novas tend\u00eancias de consumo e as abordagens \u00e1geis circulam mais rapidamente gra\u00e7as aos jovens. Esta din\u00e2mica de <strong>desenvolvimento profissional<\/strong> cont\u00ednuo beneficia toda a cadeia de valor. Os indicadores de acompanhamento permitem-nos ajustar o nosso objetivo e destacar os sucessos individuais no seio da comunidade. A integra\u00e7\u00e3o de uma <a href=\"https:\/\/www.alumni.space\/pt-pt\/a-tutoria-como-parte-da-estrategia-de-rh-do-futuro\/\">estrat\u00e9gia de tutoria de RH<\/a> est\u00e1 a tornar-se uma alavanca essencial para o crescimento.    <\/p><h3 class=\"wp-block-heading\"><span class=\"ez-toc-section\" id=\"Do_par_humano_ao_poder_da_estrutura_digital\"><\/span>Do par humano ao poder da estrutura digital<span class=\"ez-toc-section-end\"><\/span><\/h3><p>A expans\u00e3o requer ferramentas de alto desempenho para evitar a gest\u00e3o tradicional baseada em folhas de c\u00e1lculo. A plataforma <strong>alumni.space<\/strong> oferece um ambiente SaaS completo para gerir as tuas comunidades de mentores e de antigos alunos. Facilita o contacto entre as pessoas, a organiza\u00e7\u00e3o de eventos e o acompanhamento dos objectivos. A centraliza\u00e7\u00e3o dos perfis, das ofertas e dos conte\u00fados num \u00fanico espa\u00e7o garante uma continuidade exemplar da rede. Esta solu\u00e7\u00e3o de software industrializa a liga\u00e7\u00e3o social, preservando a autenticidade da<strong>experi\u00eancia<\/strong> humana.    <\/p><p>Ao automatizar as tarefas administrativas, os gestores de RH libertam tempo para o apoio humano. <strong>A tutoria<\/strong> ganha visibilidade gra\u00e7as a pain\u00e9is de controlo precisos sobre o envolvimento dos membros. Maximizar o <a href=\"https:\/\/www.alumni.space\/pt-pt\/mentoria-de-jovens-talentos-pelos-teus-antigos-empregados\/\">potencial dos jovens recrutas<\/a> torna-se uma brincadeira de crian\u00e7as. O apoio m\u00fatuo torna-se digital sem perder a sua alma, oferecendo uma biblioteca documental rica e um quadro de empregos ativo. Cada intera\u00e7\u00e3o na plataforma refor\u00e7a a promessa de desenvolvimento de talentos a longo prazo.    <\/p><p>O empenhamento num processo de transmiss\u00e3o transforma a cultura interna a longo prazo. As empresas pioneiras est\u00e3o a assistir a uma acelera\u00e7\u00e3o da inova\u00e7\u00e3o gra\u00e7as a esta fertiliza\u00e7\u00e3o cruzada. Ao combinar a for\u00e7a da antiguidade com a curiosidade de novas ideias, podes construir uma organiza\u00e7\u00e3o resiliente. Solicita <strong>uma demonstra\u00e7\u00e3o<\/strong> da nossa solu\u00e7\u00e3o para saberes como podes automatizar os teus programas de coaching.  <\/p><p>Recebe hoje <strong>uma oferta personalizada<\/strong> para aumentares a tua rede de antigos alunos e mentores.<\/p>","protected":false},"excerpt":{"rendered":"<p>Imagina por um momento que o conhecimento acumulado pelos teus  [&#8230;]<\/p>\n","protected":false},"author":1,"featured_media":6834,"comment_status":"closed","ping_status":"","sticky":false,"template":"","format":"standard","meta":{"_ayudawp_aiss_exclude":false,"footnotes":""},"categories":[68],"tags":[],"class_list":["post-6833","post","type-post","status-publish","format-standard","has-post-thumbnail","hentry","category-mentoria"],"yoast_head":"<!-- This site is optimized with the Yoast SEO plugin v27.4 - https:\/\/yoast.com\/product\/yoast-seo-wordpress\/ -->\n<title>Mentoring: uma ponte intergeracional dentro da empresa<\/title>\n<meta name=\"description\" content=\"Descobre como a tutoria liga as gera\u00e7\u00f5es nas empresas, incentiva a transfer\u00eancia de conhecimentos e estimula a colabora\u00e7\u00e3o entre gera\u00e7\u00f5es.\" \/>\n<meta name=\"robots\" content=\"index, follow, max-snippet:-1, max-image-preview:large, max-video-preview:-1\" \/>\n<link rel=\"canonical\" href=\"https:\/\/www.alumni.space\/pt-pt\/mentoring-construir-pontes-entre-geracoes-dentro-da-empresa\/\" \/>\n<meta property=\"og:locale\" content=\"pt_PT\" \/>\n<meta property=\"og:type\" content=\"article\" \/>\n<meta property=\"og:title\" content=\"Mentoring: uma ponte intergeracional dentro da empresa\" \/>\n<meta property=\"og:description\" content=\"Descobre como a tutoria liga as gera\u00e7\u00f5es nas empresas, incentiva a transfer\u00eancia de conhecimentos e estimula a colabora\u00e7\u00e3o entre gera\u00e7\u00f5es.\" \/>\n<meta property=\"og:url\" content=\"https:\/\/www.alumni.space\/pt-pt\/mentoring-construir-pontes-entre-geracoes-dentro-da-empresa\/\" \/>\n<meta property=\"og:site_name\" content=\"Alumni.space\" \/>\n<meta property=\"article:published_time\" content=\"2025-12-08T19:45:31+00:00\" \/>\n<meta property=\"article:modified_time\" content=\"2026-04-02T09:21:52+00:00\" \/>\n<meta property=\"og:image\" content=\"https:\/\/www.alumni.space\/wp-content\/uploads\/2026\/03\/Le-mentorat-une-passerelle-entre-generations-dans-lentreprise.jpg\" \/>\n\t<meta property=\"og:image:width\" content=\"1280\" \/>\n\t<meta property=\"og:image:height\" content=\"768\" \/>\n\t<meta property=\"og:image:type\" content=\"image\/jpeg\" \/>\n<meta name=\"author\" content=\"admin\" \/>\n<meta name=\"twitter:card\" content=\"summary_large_image\" \/>\n<meta name=\"twitter:label1\" content=\"Escrito por\" \/>\n\t<meta name=\"twitter:data1\" content=\"admin\" \/>\n\t<meta name=\"twitter:label2\" content=\"Tempo estimado de leitura\" \/>\n\t<meta name=\"twitter:data2\" content=\"4 minutos\" \/>\n<script type=\"application\/ld+json\" class=\"yoast-schema-graph\">{\"@context\":\"https:\\\/\\\/schema.org\",\"@graph\":[{\"@type\":\"Article\",\"@id\":\"https:\\\/\\\/www.alumni.space\\\/pt-pt\\\/mentoring-construir-pontes-entre-geracoes-dentro-da-empresa\\\/#article\",\"isPartOf\":{\"@id\":\"https:\\\/\\\/www.alumni.space\\\/pt-pt\\\/mentoring-construir-pontes-entre-geracoes-dentro-da-empresa\\\/\"},\"author\":{\"name\":\"admin\",\"@id\":\"https:\\\/\\\/www.alumni.space\\\/pt-pt\\\/#\\\/schema\\\/person\\\/fede362a57876edda476a61f05ce5b15\"},\"headline\":\"Mentoring: construir pontes entre gera\u00e7\u00f5es dentro da empresa\",\"datePublished\":\"2025-12-08T19:45:31+00:00\",\"dateModified\":\"2026-04-02T09:21:52+00:00\",\"mainEntityOfPage\":{\"@id\":\"https:\\\/\\\/www.alumni.space\\\/pt-pt\\\/mentoring-construir-pontes-entre-geracoes-dentro-da-empresa\\\/\"},\"wordCount\":847,\"image\":{\"@id\":\"https:\\\/\\\/www.alumni.space\\\/pt-pt\\\/mentoring-construir-pontes-entre-geracoes-dentro-da-empresa\\\/#primaryimage\"},\"thumbnailUrl\":\"https:\\\/\\\/www.alumni.space\\\/wp-content\\\/uploads\\\/2026\\\/03\\\/Le-mentorat-une-passerelle-entre-generations-dans-lentreprise.jpg\",\"articleSection\":[\"Mentoria\"],\"inLanguage\":\"pt-PT\"},{\"@type\":\"WebPage\",\"@id\":\"https:\\\/\\\/www.alumni.space\\\/pt-pt\\\/mentoring-construir-pontes-entre-geracoes-dentro-da-empresa\\\/\",\"url\":\"https:\\\/\\\/www.alumni.space\\\/pt-pt\\\/mentoring-construir-pontes-entre-geracoes-dentro-da-empresa\\\/\",\"name\":\"Mentoring: uma ponte intergeracional dentro da empresa\",\"isPartOf\":{\"@id\":\"https:\\\/\\\/www.alumni.space\\\/pt-pt\\\/#website\"},\"primaryImageOfPage\":{\"@id\":\"https:\\\/\\\/www.alumni.space\\\/pt-pt\\\/mentoring-construir-pontes-entre-geracoes-dentro-da-empresa\\\/#primaryimage\"},\"image\":{\"@id\":\"https:\\\/\\\/www.alumni.space\\\/pt-pt\\\/mentoring-construir-pontes-entre-geracoes-dentro-da-empresa\\\/#primaryimage\"},\"thumbnailUrl\":\"https:\\\/\\\/www.alumni.space\\\/wp-content\\\/uploads\\\/2026\\\/03\\\/Le-mentorat-une-passerelle-entre-generations-dans-lentreprise.jpg\",\"datePublished\":\"2025-12-08T19:45:31+00:00\",\"dateModified\":\"2026-04-02T09:21:52+00:00\",\"author\":{\"@id\":\"https:\\\/\\\/www.alumni.space\\\/pt-pt\\\/#\\\/schema\\\/person\\\/fede362a57876edda476a61f05ce5b15\"},\"description\":\"Descobre como a tutoria liga as gera\u00e7\u00f5es nas empresas, incentiva a transfer\u00eancia de conhecimentos e estimula a colabora\u00e7\u00e3o entre gera\u00e7\u00f5es.\",\"breadcrumb\":{\"@id\":\"https:\\\/\\\/www.alumni.space\\\/pt-pt\\\/mentoring-construir-pontes-entre-geracoes-dentro-da-empresa\\\/#breadcrumb\"},\"inLanguage\":\"pt-PT\",\"potentialAction\":[{\"@type\":\"ReadAction\",\"target\":[\"https:\\\/\\\/www.alumni.space\\\/pt-pt\\\/mentoring-construir-pontes-entre-geracoes-dentro-da-empresa\\\/\"]}]},{\"@type\":\"ImageObject\",\"inLanguage\":\"pt-PT\",\"@id\":\"https:\\\/\\\/www.alumni.space\\\/pt-pt\\\/mentoring-construir-pontes-entre-geracoes-dentro-da-empresa\\\/#primaryimage\",\"url\":\"https:\\\/\\\/www.alumni.space\\\/wp-content\\\/uploads\\\/2026\\\/03\\\/Le-mentorat-une-passerelle-entre-generations-dans-lentreprise.jpg\",\"contentUrl\":\"https:\\\/\\\/www.alumni.space\\\/wp-content\\\/uploads\\\/2026\\\/03\\\/Le-mentorat-une-passerelle-entre-generations-dans-lentreprise.jpg\",\"width\":1280,\"height\":768,\"caption\":\"Descobre como a tutoria promove a transfer\u00eancia de conhecimentos e refor\u00e7a os la\u00e7os intergeracionais dentro da empresa para criar um ambiente de trabalho colaborativo e inovador.\"},{\"@type\":\"BreadcrumbList\",\"@id\":\"https:\\\/\\\/www.alumni.space\\\/pt-pt\\\/mentoring-construir-pontes-entre-geracoes-dentro-da-empresa\\\/#breadcrumb\",\"itemListElement\":[{\"@type\":\"ListItem\",\"position\":1,\"name\":\"Home\",\"item\":\"https:\\\/\\\/www.alumni.space\\\/pt-pt\\\/plataforma-de-gestao-de-mentores-e-antigos-alunos\\\/\"},{\"@type\":\"ListItem\",\"position\":2,\"name\":\"Mentoring: construir pontes entre gera\u00e7\u00f5es dentro da empresa\"}]},{\"@type\":\"WebSite\",\"@id\":\"https:\\\/\\\/www.alumni.space\\\/pt-pt\\\/#website\",\"url\":\"https:\\\/\\\/www.alumni.space\\\/pt-pt\\\/\",\"name\":\"Alumni.space\",\"description\":\"My WordPress Blog\",\"potentialAction\":[{\"@type\":\"SearchAction\",\"target\":{\"@type\":\"EntryPoint\",\"urlTemplate\":\"https:\\\/\\\/www.alumni.space\\\/pt-pt\\\/?s={search_term_string}\"},\"query-input\":{\"@type\":\"PropertyValueSpecification\",\"valueRequired\":true,\"valueName\":\"search_term_string\"}}],\"inLanguage\":\"pt-PT\"},{\"@type\":\"Person\",\"@id\":\"https:\\\/\\\/www.alumni.space\\\/pt-pt\\\/#\\\/schema\\\/person\\\/fede362a57876edda476a61f05ce5b15\",\"name\":\"admin\",\"image\":{\"@type\":\"ImageObject\",\"inLanguage\":\"pt-PT\",\"@id\":\"https:\\\/\\\/secure.gravatar.com\\\/avatar\\\/318e234ae94f90d4d629428d6b983c08e31181c28f579e08a021180d759ea651?s=96&d=mm&r=g\",\"url\":\"https:\\\/\\\/secure.gravatar.com\\\/avatar\\\/318e234ae94f90d4d629428d6b983c08e31181c28f579e08a021180d759ea651?s=96&d=mm&r=g\",\"contentUrl\":\"https:\\\/\\\/secure.gravatar.com\\\/avatar\\\/318e234ae94f90d4d629428d6b983c08e31181c28f579e08a021180d759ea651?s=96&d=mm&r=g\",\"caption\":\"admin\"},\"description\":\"Nicolas Laustriat a construit sa sp\u00e9cialit\u00e9 sur un sujet que beaucoup d\u2019organisations d\u00e9couvrent trop tard : ce qui dispara\u00eet quand les gens partent. Dipl\u00f4m\u00e9 en conception de produit industriel, il bifurque vers le digital fin 1996, il couvre les transformations marques, RH, la fid\u00e9lisation, la marque employeur. Sur le terrain, il rep\u00e8re un angle mort r\u00e9current : l\u2019entreprise investit dans le recrutement, la formation, les process\u2026 puis laisse filer le lien au moment du d\u00e9part, avec une perte de savoir et d\u2019influence qui se paie en silence. Il se sp\u00e9cialise alors sur les communaut\u00e9s d\u2019alumni, le mentorat, l\u2019entraide interg\u00e9n\u00e9rationnelle et la transmission d\u2019expertise. Il passe du \u201cconstat\u201d aux m\u00e9thodes : animation, gouvernance, segmentation, rituels, mesure d\u2019engagement, articulation avec la RSE et l\u2019employabilit\u00e9. Il interviewe DRH, responsables formation, directions d\u2019\u00e9coles, associations et fondations, avec une obsession : transformer un r\u00e9seau dormant en m\u00e9canisme utile (cooptation, mentorat, job board, entraide, \u00e9v\u00e9nements, contenus). Son style : direct, orient\u00e9 action, sans folklore. Sa conviction : une communaut\u00e9 n\u2019a pas besoin de bruit, elle a besoin de raisons de revenir.\",\"sameAs\":[\"https:\\\/\\\/www.alumni.space\"]}]}<\/script>\n<!-- \/ Yoast SEO plugin. -->","yoast_head_json":{"title":"Mentoring: uma ponte intergeracional dentro da empresa","description":"Descobre como a tutoria liga as gera\u00e7\u00f5es nas empresas, incentiva a transfer\u00eancia de conhecimentos e estimula a colabora\u00e7\u00e3o entre gera\u00e7\u00f5es.","robots":{"index":"index","follow":"follow","max-snippet":"max-snippet:-1","max-image-preview":"max-image-preview:large","max-video-preview":"max-video-preview:-1"},"canonical":"https:\/\/www.alumni.space\/pt-pt\/mentoring-construir-pontes-entre-geracoes-dentro-da-empresa\/","og_locale":"pt_PT","og_type":"article","og_title":"Mentoring: uma ponte intergeracional dentro da empresa","og_description":"Descobre como a tutoria liga as gera\u00e7\u00f5es nas empresas, incentiva a transfer\u00eancia de conhecimentos e estimula a colabora\u00e7\u00e3o entre gera\u00e7\u00f5es.","og_url":"https:\/\/www.alumni.space\/pt-pt\/mentoring-construir-pontes-entre-geracoes-dentro-da-empresa\/","og_site_name":"Alumni.space","article_published_time":"2025-12-08T19:45:31+00:00","article_modified_time":"2026-04-02T09:21:52+00:00","og_image":[{"width":1280,"height":768,"url":"https:\/\/www.alumni.space\/wp-content\/uploads\/2026\/03\/Le-mentorat-une-passerelle-entre-generations-dans-lentreprise.jpg","type":"image\/jpeg"}],"author":"admin","twitter_card":"summary_large_image","twitter_misc":{"Escrito por":"admin","Tempo estimado de leitura":"4 minutos"},"schema":{"@context":"https:\/\/schema.org","@graph":[{"@type":"Article","@id":"https:\/\/www.alumni.space\/pt-pt\/mentoring-construir-pontes-entre-geracoes-dentro-da-empresa\/#article","isPartOf":{"@id":"https:\/\/www.alumni.space\/pt-pt\/mentoring-construir-pontes-entre-geracoes-dentro-da-empresa\/"},"author":{"name":"admin","@id":"https:\/\/www.alumni.space\/pt-pt\/#\/schema\/person\/fede362a57876edda476a61f05ce5b15"},"headline":"Mentoring: construir pontes entre gera\u00e7\u00f5es dentro da empresa","datePublished":"2025-12-08T19:45:31+00:00","dateModified":"2026-04-02T09:21:52+00:00","mainEntityOfPage":{"@id":"https:\/\/www.alumni.space\/pt-pt\/mentoring-construir-pontes-entre-geracoes-dentro-da-empresa\/"},"wordCount":847,"image":{"@id":"https:\/\/www.alumni.space\/pt-pt\/mentoring-construir-pontes-entre-geracoes-dentro-da-empresa\/#primaryimage"},"thumbnailUrl":"https:\/\/www.alumni.space\/wp-content\/uploads\/2026\/03\/Le-mentorat-une-passerelle-entre-generations-dans-lentreprise.jpg","articleSection":["Mentoria"],"inLanguage":"pt-PT"},{"@type":"WebPage","@id":"https:\/\/www.alumni.space\/pt-pt\/mentoring-construir-pontes-entre-geracoes-dentro-da-empresa\/","url":"https:\/\/www.alumni.space\/pt-pt\/mentoring-construir-pontes-entre-geracoes-dentro-da-empresa\/","name":"Mentoring: uma ponte intergeracional dentro da empresa","isPartOf":{"@id":"https:\/\/www.alumni.space\/pt-pt\/#website"},"primaryImageOfPage":{"@id":"https:\/\/www.alumni.space\/pt-pt\/mentoring-construir-pontes-entre-geracoes-dentro-da-empresa\/#primaryimage"},"image":{"@id":"https:\/\/www.alumni.space\/pt-pt\/mentoring-construir-pontes-entre-geracoes-dentro-da-empresa\/#primaryimage"},"thumbnailUrl":"https:\/\/www.alumni.space\/wp-content\/uploads\/2026\/03\/Le-mentorat-une-passerelle-entre-generations-dans-lentreprise.jpg","datePublished":"2025-12-08T19:45:31+00:00","dateModified":"2026-04-02T09:21:52+00:00","author":{"@id":"https:\/\/www.alumni.space\/pt-pt\/#\/schema\/person\/fede362a57876edda476a61f05ce5b15"},"description":"Descobre como a tutoria liga as gera\u00e7\u00f5es nas empresas, incentiva a transfer\u00eancia de conhecimentos e estimula a colabora\u00e7\u00e3o entre gera\u00e7\u00f5es.","breadcrumb":{"@id":"https:\/\/www.alumni.space\/pt-pt\/mentoring-construir-pontes-entre-geracoes-dentro-da-empresa\/#breadcrumb"},"inLanguage":"pt-PT","potentialAction":[{"@type":"ReadAction","target":["https:\/\/www.alumni.space\/pt-pt\/mentoring-construir-pontes-entre-geracoes-dentro-da-empresa\/"]}]},{"@type":"ImageObject","inLanguage":"pt-PT","@id":"https:\/\/www.alumni.space\/pt-pt\/mentoring-construir-pontes-entre-geracoes-dentro-da-empresa\/#primaryimage","url":"https:\/\/www.alumni.space\/wp-content\/uploads\/2026\/03\/Le-mentorat-une-passerelle-entre-generations-dans-lentreprise.jpg","contentUrl":"https:\/\/www.alumni.space\/wp-content\/uploads\/2026\/03\/Le-mentorat-une-passerelle-entre-generations-dans-lentreprise.jpg","width":1280,"height":768,"caption":"Descobre como a tutoria promove a transfer\u00eancia de conhecimentos e refor\u00e7a os la\u00e7os intergeracionais dentro da empresa para criar um ambiente de trabalho colaborativo e inovador."},{"@type":"BreadcrumbList","@id":"https:\/\/www.alumni.space\/pt-pt\/mentoring-construir-pontes-entre-geracoes-dentro-da-empresa\/#breadcrumb","itemListElement":[{"@type":"ListItem","position":1,"name":"Home","item":"https:\/\/www.alumni.space\/pt-pt\/plataforma-de-gestao-de-mentores-e-antigos-alunos\/"},{"@type":"ListItem","position":2,"name":"Mentoring: construir pontes entre gera\u00e7\u00f5es dentro da empresa"}]},{"@type":"WebSite","@id":"https:\/\/www.alumni.space\/pt-pt\/#website","url":"https:\/\/www.alumni.space\/pt-pt\/","name":"Alumni.space","description":"My WordPress Blog","potentialAction":[{"@type":"SearchAction","target":{"@type":"EntryPoint","urlTemplate":"https:\/\/www.alumni.space\/pt-pt\/?s={search_term_string}"},"query-input":{"@type":"PropertyValueSpecification","valueRequired":true,"valueName":"search_term_string"}}],"inLanguage":"pt-PT"},{"@type":"Person","@id":"https:\/\/www.alumni.space\/pt-pt\/#\/schema\/person\/fede362a57876edda476a61f05ce5b15","name":"admin","image":{"@type":"ImageObject","inLanguage":"pt-PT","@id":"https:\/\/secure.gravatar.com\/avatar\/318e234ae94f90d4d629428d6b983c08e31181c28f579e08a021180d759ea651?s=96&d=mm&r=g","url":"https:\/\/secure.gravatar.com\/avatar\/318e234ae94f90d4d629428d6b983c08e31181c28f579e08a021180d759ea651?s=96&d=mm&r=g","contentUrl":"https:\/\/secure.gravatar.com\/avatar\/318e234ae94f90d4d629428d6b983c08e31181c28f579e08a021180d759ea651?s=96&d=mm&r=g","caption":"admin"},"description":"Nicolas Laustriat a construit sa sp\u00e9cialit\u00e9 sur un sujet que beaucoup d\u2019organisations d\u00e9couvrent trop tard : ce qui dispara\u00eet quand les gens partent. Dipl\u00f4m\u00e9 en conception de produit industriel, il bifurque vers le digital fin 1996, il couvre les transformations marques, RH, la fid\u00e9lisation, la marque employeur. Sur le terrain, il rep\u00e8re un angle mort r\u00e9current : l\u2019entreprise investit dans le recrutement, la formation, les process\u2026 puis laisse filer le lien au moment du d\u00e9part, avec une perte de savoir et d\u2019influence qui se paie en silence. Il se sp\u00e9cialise alors sur les communaut\u00e9s d\u2019alumni, le mentorat, l\u2019entraide interg\u00e9n\u00e9rationnelle et la transmission d\u2019expertise. Il passe du \u201cconstat\u201d aux m\u00e9thodes : animation, gouvernance, segmentation, rituels, mesure d\u2019engagement, articulation avec la RSE et l\u2019employabilit\u00e9. Il interviewe DRH, responsables formation, directions d\u2019\u00e9coles, associations et fondations, avec une obsession : transformer un r\u00e9seau dormant en m\u00e9canisme utile (cooptation, mentorat, job board, entraide, \u00e9v\u00e9nements, contenus). Son style : direct, orient\u00e9 action, sans folklore. Sa conviction : une communaut\u00e9 n\u2019a pas besoin de bruit, elle a besoin de raisons de revenir.","sameAs":["https:\/\/www.alumni.space"]}]}},"_links":{"self":[{"href":"https:\/\/www.alumni.space\/pt-pt\/wp-json\/wp\/v2\/posts\/6833","targetHints":{"allow":["GET"]}}],"collection":[{"href":"https:\/\/www.alumni.space\/pt-pt\/wp-json\/wp\/v2\/posts"}],"about":[{"href":"https:\/\/www.alumni.space\/pt-pt\/wp-json\/wp\/v2\/types\/post"}],"author":[{"embeddable":true,"href":"https:\/\/www.alumni.space\/pt-pt\/wp-json\/wp\/v2\/users\/1"}],"replies":[{"embeddable":true,"href":"https:\/\/www.alumni.space\/pt-pt\/wp-json\/wp\/v2\/comments?post=6833"}],"version-history":[{"count":1,"href":"https:\/\/www.alumni.space\/pt-pt\/wp-json\/wp\/v2\/posts\/6833\/revisions"}],"predecessor-version":[{"id":6835,"href":"https:\/\/www.alumni.space\/pt-pt\/wp-json\/wp\/v2\/posts\/6833\/revisions\/6835"}],"wp:featuredmedia":[{"embeddable":true,"href":"https:\/\/www.alumni.space\/pt-pt\/wp-json\/wp\/v2\/media\/6834"}],"wp:attachment":[{"href":"https:\/\/www.alumni.space\/pt-pt\/wp-json\/wp\/v2\/media?parent=6833"}],"wp:term":[{"taxonomy":"category","embeddable":true,"href":"https:\/\/www.alumni.space\/pt-pt\/wp-json\/wp\/v2\/categories?post=6833"},{"taxonomy":"post_tag","embeddable":true,"href":"https:\/\/www.alumni.space\/pt-pt\/wp-json\/wp\/v2\/tags?post=6833"}],"curies":[{"name":"wp","href":"https:\/\/api.w.org\/{rel}","templated":true}]}}