{"id":6687,"date":"2026-01-30T14:08:08","date_gmt":"2026-01-30T14:08:08","guid":{"rendered":"https:\/\/www.alumni.space\/reformas-macicas-qual-sera-o-impacto-nas-profissoes-financeiras\/"},"modified":"2026-04-02T09:19:26","modified_gmt":"2026-04-02T09:19:26","slug":"reformas-macicas-qual-sera-o-impacto-nas-profissoes-financeiras","status":"publish","type":"post","link":"https:\/\/www.alumni.space\/pt-pt\/reformas-macicas-qual-sera-o-impacto-nas-profissoes-financeiras\/","title":{"rendered":"Reformas maci\u00e7as: qual ser\u00e1 o impacto nas profiss\u00f5es financeiras?"},"content":{"rendered":"<p>O horizonte de 2030 anuncia grandes mudan\u00e7as no panorama profissional franc\u00eas, nomeadamente no sector financeiro, onde as reformas maci\u00e7as est\u00e3o a desencadear uma profunda transforma\u00e7\u00e3o dos empregos. O envelhecimento demogr\u00e1fico, associado \u00e0 evolu\u00e7\u00e3o tecnol\u00f3gica, exigir\u00e1 uma reorganiza\u00e7\u00e3o \u00e1gil da gest\u00e3o dos recursos humanos e uma estrat\u00e9gia optimizada de transfer\u00eancia de conhecimentos. <\/p><div id=\"ez-toc-container\" class=\"ez-toc-v2_0_82_2 counter-flat ez-toc-counter ez-toc-grey ez-toc-container-direction\">\n<div class=\"ez-toc-title-container\"><p class=\"ez-toc-title\" style=\"cursor:inherit\">\u00cdndice deste artigo:<\/p>\n<\/div><nav><ul class='ez-toc-list ez-toc-list-level-1 ' ><li class='ez-toc-page-1'><a class=\"ez-toc-link ez-toc-heading-1\" href=\"https:\/\/www.alumni.space\/pt-pt\/reformas-macicas-qual-sera-o-impacto-nas-profissoes-financeiras\/#Reformas_macicas_uma_realidade_que_esta_a_remodelar_as_profissoes_financeiras\" >Reformas maci\u00e7as: uma realidade que est\u00e1 a remodelar as profiss\u00f5es financeiras<\/a><\/li><li class='ez-toc-page-1'><a class=\"ez-toc-link ez-toc-heading-2\" href=\"https:\/\/www.alumni.space\/pt-pt\/reformas-macicas-qual-sera-o-impacto-nas-profissoes-financeiras\/#Transferencia_de_conhecimentos_um_desafio_estrategico_para_o_recrutamento_financeiro\" >Transfer\u00eancia de conhecimentos, um desafio estrat\u00e9gico para o recrutamento financeiro<\/a><\/li><li class='ez-toc-page-1'><a class=\"ez-toc-link ez-toc-heading-3\" href=\"https:\/\/www.alumni.space\/pt-pt\/reformas-macicas-qual-sera-o-impacto-nas-profissoes-financeiras\/#Implicacoes_para_a_gestao_dos_recursos_humanos_no_sector_financeiro\" >Implica\u00e7\u00f5es para a gest\u00e3o dos recursos humanos no sector financeiro<\/a><\/li><li class='ez-toc-page-1'><a class=\"ez-toc-link ez-toc-heading-4\" href=\"https:\/\/www.alumni.space\/pt-pt\/reformas-macicas-qual-sera-o-impacto-nas-profissoes-financeiras\/#Adaptar_o_emprego_financeiro_as_realidades_demograficas\" >Adaptar o emprego financeiro \u00e0s realidades demogr\u00e1ficas<\/a><\/li><li class='ez-toc-page-1'><a class=\"ez-toc-link ez-toc-heading-5\" href=\"https:\/\/www.alumni.space\/pt-pt\/reformas-macicas-qual-sera-o-impacto-nas-profissoes-financeiras\/#Competencias_de_antecipacao_e_estrategias_operacionais_tomar_medidas_para_limitar_o_impacto\" >Compet\u00eancias de antecipa\u00e7\u00e3o e estrat\u00e9gias operacionais: tomar medidas para limitar o impacto<\/a><\/li><\/ul><\/nav><\/div>\n<h2 class=\"wp-block-heading\"><span class=\"ez-toc-section\" id=\"Reformas_macicas_uma_realidade_que_esta_a_remodelar_as_profissoes_financeiras\"><\/span>Reformas maci\u00e7as: uma realidade que est\u00e1 a remodelar as profiss\u00f5es financeiras<span class=\"ez-toc-section-end\"><\/span><\/h2><p>A passagem \u00e0 reforma da gera\u00e7\u00e3o baby-boom est\u00e1 a conduzir a <strong>reformas maci\u00e7as<\/strong> nas profiss\u00f5es financeiras, evidenciando uma <strong>mudan\u00e7a demogr\u00e1fica<\/strong> com m\u00faltiplas consequ\u00eancias. Este fen\u00f3meno suscitou a necessidade de antecipa\u00e7\u00e3o para evitar uma <strong>escassez de compet\u00eancias<\/strong> que poderia amea\u00e7ar a continuidade operacional das institui\u00e7\u00f5es financeiras. O relat\u00f3rio nacional DARES salienta uma vaga significativa de ofertas de emprego neste sector, sublinhando que a maioria dos recrutamentos \u00e9 feita para fins de substitui\u00e7\u00e3o e n\u00e3o para criar empregos verdadeiramente novos<a href=\"https:\/\/dares.travail-emploi.gouv.fr\/publication\/les-metiers-en-2030-le-rapport-national\">(fonte<\/a>).  <\/p><figure class=\"wp-block-image size-full\"><img decoding=\"async\" width=\"1280\" height=\"768\" src=\"https:\/\/www.alumni.space\/wp-content\/uploads\/2026\/03\/Departs-massifs-a-la-retraite-quels-impacts-pour-les-metiers-de-la-finance-1-1.jpg\" data-orig-src=\"https:\/\/www.alumni.space\/wp-content\/uploads\/2026\/03\/Departs-massifs-a-la-retraite-quels-impacts-pour-les-metiers-de-la-finance-1-1.jpg\" alt=\"an\u00e1lise do impacto das reformas em massa nas profiss\u00f5es financeiras e dos desafios a enfrentar para assegurar a continuidade e a adapta\u00e7\u00e3o do sector.\" class=\"lazyload wp-image-3213\" srcset=\"data:image\/svg+xml,%3Csvg%20xmlns%3D%27http%3A%2F%2Fwww.w3.org%2F2000%2Fsvg%27%20width%3D%271280%27%20height%3D%27768%27%20viewBox%3D%270%200%201280%20768%27%3E%3Crect%20width%3D%271280%27%20height%3D%27768%27%20fill-opacity%3D%220%22%2F%3E%3C%2Fsvg%3E\" data-srcset=\"https:\/\/www.alumni.space\/wp-content\/uploads\/2026\/03\/Departs-massifs-a-la-retraite-quels-impacts-pour-les-metiers-de-la-finance-1-1-200x120.jpg 200w, https:\/\/www.alumni.space\/wp-content\/uploads\/2026\/03\/Departs-massifs-a-la-retraite-quels-impacts-pour-les-metiers-de-la-finance-1-1-300x180.jpg 300w, https:\/\/www.alumni.space\/wp-content\/uploads\/2026\/03\/Departs-massifs-a-la-retraite-quels-impacts-pour-les-metiers-de-la-finance-1-1-400x240.jpg 400w, https:\/\/www.alumni.space\/wp-content\/uploads\/2026\/03\/Departs-massifs-a-la-retraite-quels-impacts-pour-les-metiers-de-la-finance-1-1-600x360.jpg 600w, https:\/\/www.alumni.space\/wp-content\/uploads\/2026\/03\/Departs-massifs-a-la-retraite-quels-impacts-pour-les-metiers-de-la-finance-1-1-768x461.jpg 768w, https:\/\/www.alumni.space\/wp-content\/uploads\/2026\/03\/Departs-massifs-a-la-retraite-quels-impacts-pour-les-metiers-de-la-finance-1-1-800x480.jpg 800w, https:\/\/www.alumni.space\/wp-content\/uploads\/2026\/03\/Departs-massifs-a-la-retraite-quels-impacts-pour-les-metiers-de-la-finance-1-1-1024x614.jpg 1024w, https:\/\/www.alumni.space\/wp-content\/uploads\/2026\/03\/Departs-massifs-a-la-retraite-quels-impacts-pour-les-metiers-de-la-finance-1-1-1200x720.jpg 1200w, https:\/\/www.alumni.space\/wp-content\/uploads\/2026\/03\/Departs-massifs-a-la-retraite-quels-impacts-pour-les-metiers-de-la-finance-1-1.jpg 1280w\" data-sizes=\"auto\" data-orig-sizes=\"(max-width: 1280px) 100vw, 1280px\" \/><\/figure><h3 class=\"wp-block-heading\"><span class=\"ez-toc-section\" id=\"Transferencia_de_conhecimentos_um_desafio_estrategico_para_o_recrutamento_financeiro\"><\/span>Transfer\u00eancia de conhecimentos, um desafio estrat\u00e9gico para o recrutamento financeiro<span class=\"ez-toc-section-end\"><\/span><\/h3><p>Assegurar a <strong>transmiss\u00e3o de conhecimentos<\/strong> \u00e9 uma forma importante de compensar a perda de experi\u00eancia causada por estas sa\u00eddas. Capitalizar os conhecimentos atrav\u00e9s de mentores e comunidades de antigos funcion\u00e1rios \u00e9 uma necessidade para manter o desempenho. As plataformas SaaS, como o alumni.space, oferecem solu\u00e7\u00f5es integradas para gerir eficazmente estas comunidades, favorecendo um percurso fluido entre gera\u00e7\u00f5es e limitando os riscos associados \u00e0 fragmenta\u00e7\u00e3o das bases de conhecimentos. Em particular, este sistema incentiva a cria\u00e7\u00e3o de pares intergeracionais, a organiza\u00e7\u00e3o de eventos espec\u00edficos e o acesso a um quadro de empregos especializado, criando um quadro prop\u00edcio \u00e0 partilha e \u00e0 coopta\u00e7\u00e3o.   <\/p><h2 class=\"wp-block-heading\"><span class=\"ez-toc-section\" id=\"Implicacoes_para_a_gestao_dos_recursos_humanos_no_sector_financeiro\"><\/span>Implica\u00e7\u00f5es para a gest\u00e3o dos recursos humanos no sector financeiro<span class=\"ez-toc-section-end\"><\/span><\/h2><p>A chegada simult\u00e2nea de sa\u00eddas em massa e a r\u00e1pida evolu\u00e7\u00e3o das compet\u00eancias exigidas colocam os departamentos de RH perante um duplo desafio: recrutar num mercado competitivo e integrar com \u00eaxito novos perfis. Os n\u00fameros mostram que as profiss\u00f5es financeiras, ao mesmo tempo que s\u00e3o afectadas pela racionaliza\u00e7\u00e3o atrav\u00e9s da automatiza\u00e7\u00e3o, exigem tamb\u00e9m um aumento das compet\u00eancias em dom\u00ednios como a conformidade, a gest\u00e3o dos riscos e as ferramentas digitais. Uma abordagem estruturada, centrada na forma\u00e7\u00e3o profissional cont\u00ednua e na fideliza\u00e7\u00e3o atrav\u00e9s de redes de antigos alunos, constitui uma alavanca essencial para otimizar esta transfer\u00eancia<a href=\"https:\/\/www.alumni.space\/pt-pt\/reformas-o-que-o-futuro-reserva-para-os-profissionais-de-compliance-bancario\/\">(detalhes dos desafios<\/a>).  <\/p><h3 class=\"wp-block-heading\"><span class=\"ez-toc-section\" id=\"Adaptar_o_emprego_financeiro_as_realidades_demograficas\"><\/span>Adaptar o emprego financeiro \u00e0s realidades demogr\u00e1ficas<span class=\"ez-toc-section-end\"><\/span><\/h3><p>O sector vive uma tens\u00e3o entre a necessidade crescente de novas compet\u00eancias e a sa\u00edda de especialistas. A coopta\u00e7\u00e3o, facilitada por plataformas espec\u00edficas, favorece a r\u00e1pida integra\u00e7\u00e3o e o empenhamento a longo prazo dos talentos. A segmenta\u00e7\u00e3o dos perfis dos antigos alunos permite igualmente acompanhar com precis\u00e3o os percursos profissionais e oferecer uma forma\u00e7\u00e3o personalizada. Este m\u00e9todo permite <strong>poupar tempo<\/strong> e <strong>dinheiro<\/strong>, proporcionando uma vantagem competitiva significativa num contexto de escassez.   <\/p><h2 class=\"wp-block-heading\"><span class=\"ez-toc-section\" id=\"Competencias_de_antecipacao_e_estrategias_operacionais_tomar_medidas_para_limitar_o_impacto\"><\/span>Compet\u00eancias de antecipa\u00e7\u00e3o e estrat\u00e9gias operacionais: tomar medidas para limitar o impacto<span class=\"ez-toc-section-end\"><\/span><\/h2><p>Prevenir os efeitos negativos destas partidas na mem\u00f3ria organizacional exige a introdu\u00e7\u00e3o de rituais regulares de interc\u00e2mbio e de indicadores de gest\u00e3o adequados. A inclus\u00e3o de KPIs ligados \u00e0 ado\u00e7\u00e3o de sistemas de gest\u00e3o de redes de antigos alunos permite medir a efic\u00e1cia das iniciativas empreendidas. A industrializa\u00e7\u00e3o destes processos numa plataforma \u00fanica evita a dispers\u00e3o das ferramentas e facilita a governa\u00e7\u00e3o. Estas ac\u00e7\u00f5es permitem que os decisores tomem decis\u00f5es informadas para garantir a <strong>continuidade da rede<\/strong> e o<strong>compromisso a longo prazo dos<\/strong> empregados activos e reformados.   <\/p><p>Perante estes desafios, uma abordagem proactiva baseia-se em medidas concretas: defini\u00e7\u00e3o de um calend\u00e1rio de transfer\u00eancia de compet\u00eancias, segmenta\u00e7\u00e3o dos perfis em fun\u00e7\u00e3o das compet\u00eancias, envolvimento dos quadros superiores em miss\u00f5es de tutoria e cria\u00e7\u00e3o de um reposit\u00f3rio de conte\u00fados espec\u00edficos. Todas estas s\u00e3o alavancas que podem ser utilizadas para garantir a longevidade do know-how e facilitar a renova\u00e7\u00e3o das equipas. <\/p><p>Para explorar estrat\u00e9gias avan\u00e7adas de antecipa\u00e7\u00e3o de sa\u00eddas de quadros superiores na \u00e1rea financeira, a plataforma oferece recursos dedicados, facilitando a compara\u00e7\u00e3o das melhores pr\u00e1ticas nas empresas e a implementa\u00e7\u00e3o de modelos comprovados<a href=\"https:\/\/www.alumni.space\/pt-pt\/reformas-que-estrategias-para-a-gestao-do-conhecimento\/\">(mais informa\u00e7\u00f5es<\/a>).<\/p>","protected":false},"excerpt":{"rendered":"<p>O horizonte de 2030 anuncia grandes mudan\u00e7as no panorama profissional  [&#8230;]<\/p>\n","protected":false},"author":1,"featured_media":6691,"comment_status":"closed","ping_status":"","sticky":false,"template":"","format":"standard","meta":{"_ayudawp_aiss_exclude":false,"footnotes":""},"categories":[70],"tags":[],"class_list":["post-6687","post","type-post","status-publish","format-standard","has-post-thumbnail","hentry","category-recursos-humanos"],"yoast_head":"<!-- This site is optimized with the Yoast SEO plugin v27.4 - https:\/\/yoast.com\/product\/yoast-seo-wordpress\/ -->\n<title>Reformas maci\u00e7as: desafios para as profiss\u00f5es financeiras<\/title>\n<meta name=\"description\" content=\"Reformas maci\u00e7as: descobre os principais problemas e impactos nas profiss\u00f5es financeiras e as solu\u00e7\u00f5es a prever.\" \/>\n<meta name=\"robots\" content=\"index, follow, max-snippet:-1, max-image-preview:large, max-video-preview:-1\" \/>\n<link rel=\"canonical\" href=\"https:\/\/www.alumni.space\/pt-pt\/reformas-macicas-qual-sera-o-impacto-nas-profissoes-financeiras\/\" \/>\n<meta property=\"og:locale\" content=\"pt_PT\" \/>\n<meta property=\"og:type\" content=\"article\" \/>\n<meta property=\"og:title\" content=\"Reformas maci\u00e7as: desafios para as profiss\u00f5es financeiras\" \/>\n<meta property=\"og:description\" content=\"Reformas maci\u00e7as: descobre os principais problemas e impactos nas profiss\u00f5es financeiras e as solu\u00e7\u00f5es a prever.\" \/>\n<meta property=\"og:url\" content=\"https:\/\/www.alumni.space\/pt-pt\/reformas-macicas-qual-sera-o-impacto-nas-profissoes-financeiras\/\" \/>\n<meta property=\"og:site_name\" content=\"Alumni.space\" \/>\n<meta property=\"article:published_time\" content=\"2026-01-30T14:08:08+00:00\" \/>\n<meta property=\"article:modified_time\" content=\"2026-04-02T09:19:26+00:00\" \/>\n<meta property=\"og:image\" content=\"https:\/\/www.alumni.space\/wp-content\/uploads\/2026\/03\/Departs-massifs-a-la-retraite-quels-impacts-pour-les-metiers-de-la-finance-.jpg\" \/>\n\t<meta property=\"og:image:width\" content=\"1280\" \/>\n\t<meta property=\"og:image:height\" content=\"768\" \/>\n\t<meta property=\"og:image:type\" content=\"image\/jpeg\" \/>\n<meta name=\"author\" content=\"admin\" \/>\n<meta name=\"twitter:card\" content=\"summary_large_image\" \/>\n<meta name=\"twitter:label1\" content=\"Escrito por\" \/>\n\t<meta name=\"twitter:data1\" content=\"admin\" \/>\n\t<meta name=\"twitter:label2\" content=\"Tempo estimado de leitura\" \/>\n\t<meta name=\"twitter:data2\" content=\"4 minutos\" \/>\n<script type=\"application\/ld+json\" class=\"yoast-schema-graph\">{\"@context\":\"https:\\\/\\\/schema.org\",\"@graph\":[{\"@type\":\"Article\",\"@id\":\"https:\\\/\\\/www.alumni.space\\\/pt-pt\\\/reformas-macicas-qual-sera-o-impacto-nas-profissoes-financeiras\\\/#article\",\"isPartOf\":{\"@id\":\"https:\\\/\\\/www.alumni.space\\\/pt-pt\\\/reformas-macicas-qual-sera-o-impacto-nas-profissoes-financeiras\\\/\"},\"author\":{\"name\":\"admin\",\"@id\":\"https:\\\/\\\/www.alumni.space\\\/pt-pt\\\/#\\\/schema\\\/person\\\/fede362a57876edda476a61f05ce5b15\"},\"headline\":\"Reformas maci\u00e7as: qual ser\u00e1 o impacto nas profiss\u00f5es financeiras?\",\"datePublished\":\"2026-01-30T14:08:08+00:00\",\"dateModified\":\"2026-04-02T09:19:26+00:00\",\"mainEntityOfPage\":{\"@id\":\"https:\\\/\\\/www.alumni.space\\\/pt-pt\\\/reformas-macicas-qual-sera-o-impacto-nas-profissoes-financeiras\\\/\"},\"wordCount\":751,\"image\":{\"@id\":\"https:\\\/\\\/www.alumni.space\\\/pt-pt\\\/reformas-macicas-qual-sera-o-impacto-nas-profissoes-financeiras\\\/#primaryimage\"},\"thumbnailUrl\":\"https:\\\/\\\/www.alumni.space\\\/wp-content\\\/uploads\\\/2026\\\/03\\\/Departs-massifs-a-la-retraite-quels-impacts-pour-les-metiers-de-la-finance-.jpg\",\"articleSection\":[\"Recursos Humanos\"],\"inLanguage\":\"pt-PT\"},{\"@type\":\"WebPage\",\"@id\":\"https:\\\/\\\/www.alumni.space\\\/pt-pt\\\/reformas-macicas-qual-sera-o-impacto-nas-profissoes-financeiras\\\/\",\"url\":\"https:\\\/\\\/www.alumni.space\\\/pt-pt\\\/reformas-macicas-qual-sera-o-impacto-nas-profissoes-financeiras\\\/\",\"name\":\"Reformas maci\u00e7as: desafios para as profiss\u00f5es financeiras\",\"isPartOf\":{\"@id\":\"https:\\\/\\\/www.alumni.space\\\/pt-pt\\\/#website\"},\"primaryImageOfPage\":{\"@id\":\"https:\\\/\\\/www.alumni.space\\\/pt-pt\\\/reformas-macicas-qual-sera-o-impacto-nas-profissoes-financeiras\\\/#primaryimage\"},\"image\":{\"@id\":\"https:\\\/\\\/www.alumni.space\\\/pt-pt\\\/reformas-macicas-qual-sera-o-impacto-nas-profissoes-financeiras\\\/#primaryimage\"},\"thumbnailUrl\":\"https:\\\/\\\/www.alumni.space\\\/wp-content\\\/uploads\\\/2026\\\/03\\\/Departs-massifs-a-la-retraite-quels-impacts-pour-les-metiers-de-la-finance-.jpg\",\"datePublished\":\"2026-01-30T14:08:08+00:00\",\"dateModified\":\"2026-04-02T09:19:26+00:00\",\"author\":{\"@id\":\"https:\\\/\\\/www.alumni.space\\\/pt-pt\\\/#\\\/schema\\\/person\\\/fede362a57876edda476a61f05ce5b15\"},\"description\":\"Reformas maci\u00e7as: descobre os principais problemas e impactos nas profiss\u00f5es financeiras e as solu\u00e7\u00f5es a prever.\",\"breadcrumb\":{\"@id\":\"https:\\\/\\\/www.alumni.space\\\/pt-pt\\\/reformas-macicas-qual-sera-o-impacto-nas-profissoes-financeiras\\\/#breadcrumb\"},\"inLanguage\":\"pt-PT\",\"potentialAction\":[{\"@type\":\"ReadAction\",\"target\":[\"https:\\\/\\\/www.alumni.space\\\/pt-pt\\\/reformas-macicas-qual-sera-o-impacto-nas-profissoes-financeiras\\\/\"]}]},{\"@type\":\"ImageObject\",\"inLanguage\":\"pt-PT\",\"@id\":\"https:\\\/\\\/www.alumni.space\\\/pt-pt\\\/reformas-macicas-qual-sera-o-impacto-nas-profissoes-financeiras\\\/#primaryimage\",\"url\":\"https:\\\/\\\/www.alumni.space\\\/wp-content\\\/uploads\\\/2026\\\/03\\\/Departs-massifs-a-la-retraite-quels-impacts-pour-les-metiers-de-la-finance-.jpg\",\"contentUrl\":\"https:\\\/\\\/www.alumni.space\\\/wp-content\\\/uploads\\\/2026\\\/03\\\/Departs-massifs-a-la-retraite-quels-impacts-pour-les-metiers-de-la-finance-.jpg\",\"width\":1280,\"height\":768,\"caption\":\"descobre como as reformas em massa est\u00e3o a afetar as profiss\u00f5es financeiras e quais as estrat\u00e9gias a adotar para enfrentar estes desafios.\"},{\"@type\":\"BreadcrumbList\",\"@id\":\"https:\\\/\\\/www.alumni.space\\\/pt-pt\\\/reformas-macicas-qual-sera-o-impacto-nas-profissoes-financeiras\\\/#breadcrumb\",\"itemListElement\":[{\"@type\":\"ListItem\",\"position\":1,\"name\":\"Home\",\"item\":\"https:\\\/\\\/www.alumni.space\\\/pt-pt\\\/plataforma-de-gestao-de-mentores-e-antigos-alunos\\\/\"},{\"@type\":\"ListItem\",\"position\":2,\"name\":\"Reformas maci\u00e7as: qual ser\u00e1 o impacto nas profiss\u00f5es financeiras?\"}]},{\"@type\":\"WebSite\",\"@id\":\"https:\\\/\\\/www.alumni.space\\\/pt-pt\\\/#website\",\"url\":\"https:\\\/\\\/www.alumni.space\\\/pt-pt\\\/\",\"name\":\"Alumni.space\",\"description\":\"My WordPress Blog\",\"potentialAction\":[{\"@type\":\"SearchAction\",\"target\":{\"@type\":\"EntryPoint\",\"urlTemplate\":\"https:\\\/\\\/www.alumni.space\\\/pt-pt\\\/?s={search_term_string}\"},\"query-input\":{\"@type\":\"PropertyValueSpecification\",\"valueRequired\":true,\"valueName\":\"search_term_string\"}}],\"inLanguage\":\"pt-PT\"},{\"@type\":\"Person\",\"@id\":\"https:\\\/\\\/www.alumni.space\\\/pt-pt\\\/#\\\/schema\\\/person\\\/fede362a57876edda476a61f05ce5b15\",\"name\":\"admin\",\"image\":{\"@type\":\"ImageObject\",\"inLanguage\":\"pt-PT\",\"@id\":\"https:\\\/\\\/secure.gravatar.com\\\/avatar\\\/318e234ae94f90d4d629428d6b983c08e31181c28f579e08a021180d759ea651?s=96&d=mm&r=g\",\"url\":\"https:\\\/\\\/secure.gravatar.com\\\/avatar\\\/318e234ae94f90d4d629428d6b983c08e31181c28f579e08a021180d759ea651?s=96&d=mm&r=g\",\"contentUrl\":\"https:\\\/\\\/secure.gravatar.com\\\/avatar\\\/318e234ae94f90d4d629428d6b983c08e31181c28f579e08a021180d759ea651?s=96&d=mm&r=g\",\"caption\":\"admin\"},\"description\":\"Nicolas Laustriat a construit sa sp\u00e9cialit\u00e9 sur un sujet que beaucoup d\u2019organisations d\u00e9couvrent trop tard : ce qui dispara\u00eet quand les gens partent. Dipl\u00f4m\u00e9 en conception de produit industriel, il bifurque vers le digital fin 1996, il couvre les transformations marques, RH, la fid\u00e9lisation, la marque employeur. Sur le terrain, il rep\u00e8re un angle mort r\u00e9current : l\u2019entreprise investit dans le recrutement, la formation, les process\u2026 puis laisse filer le lien au moment du d\u00e9part, avec une perte de savoir et d\u2019influence qui se paie en silence. Il se sp\u00e9cialise alors sur les communaut\u00e9s d\u2019alumni, le mentorat, l\u2019entraide interg\u00e9n\u00e9rationnelle et la transmission d\u2019expertise. Il passe du \u201cconstat\u201d aux m\u00e9thodes : animation, gouvernance, segmentation, rituels, mesure d\u2019engagement, articulation avec la RSE et l\u2019employabilit\u00e9. Il interviewe DRH, responsables formation, directions d\u2019\u00e9coles, associations et fondations, avec une obsession : transformer un r\u00e9seau dormant en m\u00e9canisme utile (cooptation, mentorat, job board, entraide, \u00e9v\u00e9nements, contenus). Son style : direct, orient\u00e9 action, sans folklore. Sa conviction : une communaut\u00e9 n\u2019a pas besoin de bruit, elle a besoin de raisons de revenir.\",\"sameAs\":[\"https:\\\/\\\/www.alumni.space\"]}]}<\/script>\n<!-- \/ Yoast SEO plugin. -->","yoast_head_json":{"title":"Reformas maci\u00e7as: desafios para as profiss\u00f5es financeiras","description":"Reformas maci\u00e7as: descobre os principais problemas e impactos nas profiss\u00f5es financeiras e as solu\u00e7\u00f5es a prever.","robots":{"index":"index","follow":"follow","max-snippet":"max-snippet:-1","max-image-preview":"max-image-preview:large","max-video-preview":"max-video-preview:-1"},"canonical":"https:\/\/www.alumni.space\/pt-pt\/reformas-macicas-qual-sera-o-impacto-nas-profissoes-financeiras\/","og_locale":"pt_PT","og_type":"article","og_title":"Reformas maci\u00e7as: desafios para as profiss\u00f5es financeiras","og_description":"Reformas maci\u00e7as: descobre os principais problemas e impactos nas profiss\u00f5es financeiras e as solu\u00e7\u00f5es a prever.","og_url":"https:\/\/www.alumni.space\/pt-pt\/reformas-macicas-qual-sera-o-impacto-nas-profissoes-financeiras\/","og_site_name":"Alumni.space","article_published_time":"2026-01-30T14:08:08+00:00","article_modified_time":"2026-04-02T09:19:26+00:00","og_image":[{"width":1280,"height":768,"url":"https:\/\/www.alumni.space\/wp-content\/uploads\/2026\/03\/Departs-massifs-a-la-retraite-quels-impacts-pour-les-metiers-de-la-finance-.jpg","type":"image\/jpeg"}],"author":"admin","twitter_card":"summary_large_image","twitter_misc":{"Escrito por":"admin","Tempo estimado de leitura":"4 minutos"},"schema":{"@context":"https:\/\/schema.org","@graph":[{"@type":"Article","@id":"https:\/\/www.alumni.space\/pt-pt\/reformas-macicas-qual-sera-o-impacto-nas-profissoes-financeiras\/#article","isPartOf":{"@id":"https:\/\/www.alumni.space\/pt-pt\/reformas-macicas-qual-sera-o-impacto-nas-profissoes-financeiras\/"},"author":{"name":"admin","@id":"https:\/\/www.alumni.space\/pt-pt\/#\/schema\/person\/fede362a57876edda476a61f05ce5b15"},"headline":"Reformas maci\u00e7as: qual ser\u00e1 o impacto nas profiss\u00f5es financeiras?","datePublished":"2026-01-30T14:08:08+00:00","dateModified":"2026-04-02T09:19:26+00:00","mainEntityOfPage":{"@id":"https:\/\/www.alumni.space\/pt-pt\/reformas-macicas-qual-sera-o-impacto-nas-profissoes-financeiras\/"},"wordCount":751,"image":{"@id":"https:\/\/www.alumni.space\/pt-pt\/reformas-macicas-qual-sera-o-impacto-nas-profissoes-financeiras\/#primaryimage"},"thumbnailUrl":"https:\/\/www.alumni.space\/wp-content\/uploads\/2026\/03\/Departs-massifs-a-la-retraite-quels-impacts-pour-les-metiers-de-la-finance-.jpg","articleSection":["Recursos Humanos"],"inLanguage":"pt-PT"},{"@type":"WebPage","@id":"https:\/\/www.alumni.space\/pt-pt\/reformas-macicas-qual-sera-o-impacto-nas-profissoes-financeiras\/","url":"https:\/\/www.alumni.space\/pt-pt\/reformas-macicas-qual-sera-o-impacto-nas-profissoes-financeiras\/","name":"Reformas maci\u00e7as: desafios para as profiss\u00f5es financeiras","isPartOf":{"@id":"https:\/\/www.alumni.space\/pt-pt\/#website"},"primaryImageOfPage":{"@id":"https:\/\/www.alumni.space\/pt-pt\/reformas-macicas-qual-sera-o-impacto-nas-profissoes-financeiras\/#primaryimage"},"image":{"@id":"https:\/\/www.alumni.space\/pt-pt\/reformas-macicas-qual-sera-o-impacto-nas-profissoes-financeiras\/#primaryimage"},"thumbnailUrl":"https:\/\/www.alumni.space\/wp-content\/uploads\/2026\/03\/Departs-massifs-a-la-retraite-quels-impacts-pour-les-metiers-de-la-finance-.jpg","datePublished":"2026-01-30T14:08:08+00:00","dateModified":"2026-04-02T09:19:26+00:00","author":{"@id":"https:\/\/www.alumni.space\/pt-pt\/#\/schema\/person\/fede362a57876edda476a61f05ce5b15"},"description":"Reformas maci\u00e7as: descobre os principais problemas e impactos nas profiss\u00f5es financeiras e as solu\u00e7\u00f5es a prever.","breadcrumb":{"@id":"https:\/\/www.alumni.space\/pt-pt\/reformas-macicas-qual-sera-o-impacto-nas-profissoes-financeiras\/#breadcrumb"},"inLanguage":"pt-PT","potentialAction":[{"@type":"ReadAction","target":["https:\/\/www.alumni.space\/pt-pt\/reformas-macicas-qual-sera-o-impacto-nas-profissoes-financeiras\/"]}]},{"@type":"ImageObject","inLanguage":"pt-PT","@id":"https:\/\/www.alumni.space\/pt-pt\/reformas-macicas-qual-sera-o-impacto-nas-profissoes-financeiras\/#primaryimage","url":"https:\/\/www.alumni.space\/wp-content\/uploads\/2026\/03\/Departs-massifs-a-la-retraite-quels-impacts-pour-les-metiers-de-la-finance-.jpg","contentUrl":"https:\/\/www.alumni.space\/wp-content\/uploads\/2026\/03\/Departs-massifs-a-la-retraite-quels-impacts-pour-les-metiers-de-la-finance-.jpg","width":1280,"height":768,"caption":"descobre como as reformas em massa est\u00e3o a afetar as profiss\u00f5es financeiras e quais as estrat\u00e9gias a adotar para enfrentar estes desafios."},{"@type":"BreadcrumbList","@id":"https:\/\/www.alumni.space\/pt-pt\/reformas-macicas-qual-sera-o-impacto-nas-profissoes-financeiras\/#breadcrumb","itemListElement":[{"@type":"ListItem","position":1,"name":"Home","item":"https:\/\/www.alumni.space\/pt-pt\/plataforma-de-gestao-de-mentores-e-antigos-alunos\/"},{"@type":"ListItem","position":2,"name":"Reformas maci\u00e7as: qual ser\u00e1 o impacto nas profiss\u00f5es financeiras?"}]},{"@type":"WebSite","@id":"https:\/\/www.alumni.space\/pt-pt\/#website","url":"https:\/\/www.alumni.space\/pt-pt\/","name":"Alumni.space","description":"My WordPress Blog","potentialAction":[{"@type":"SearchAction","target":{"@type":"EntryPoint","urlTemplate":"https:\/\/www.alumni.space\/pt-pt\/?s={search_term_string}"},"query-input":{"@type":"PropertyValueSpecification","valueRequired":true,"valueName":"search_term_string"}}],"inLanguage":"pt-PT"},{"@type":"Person","@id":"https:\/\/www.alumni.space\/pt-pt\/#\/schema\/person\/fede362a57876edda476a61f05ce5b15","name":"admin","image":{"@type":"ImageObject","inLanguage":"pt-PT","@id":"https:\/\/secure.gravatar.com\/avatar\/318e234ae94f90d4d629428d6b983c08e31181c28f579e08a021180d759ea651?s=96&d=mm&r=g","url":"https:\/\/secure.gravatar.com\/avatar\/318e234ae94f90d4d629428d6b983c08e31181c28f579e08a021180d759ea651?s=96&d=mm&r=g","contentUrl":"https:\/\/secure.gravatar.com\/avatar\/318e234ae94f90d4d629428d6b983c08e31181c28f579e08a021180d759ea651?s=96&d=mm&r=g","caption":"admin"},"description":"Nicolas Laustriat a construit sa sp\u00e9cialit\u00e9 sur un sujet que beaucoup d\u2019organisations d\u00e9couvrent trop tard : ce qui dispara\u00eet quand les gens partent. Dipl\u00f4m\u00e9 en conception de produit industriel, il bifurque vers le digital fin 1996, il couvre les transformations marques, RH, la fid\u00e9lisation, la marque employeur. Sur le terrain, il rep\u00e8re un angle mort r\u00e9current : l\u2019entreprise investit dans le recrutement, la formation, les process\u2026 puis laisse filer le lien au moment du d\u00e9part, avec une perte de savoir et d\u2019influence qui se paie en silence. Il se sp\u00e9cialise alors sur les communaut\u00e9s d\u2019alumni, le mentorat, l\u2019entraide interg\u00e9n\u00e9rationnelle et la transmission d\u2019expertise. Il passe du \u201cconstat\u201d aux m\u00e9thodes : animation, gouvernance, segmentation, rituels, mesure d\u2019engagement, articulation avec la RSE et l\u2019employabilit\u00e9. Il interviewe DRH, responsables formation, directions d\u2019\u00e9coles, associations et fondations, avec une obsession : transformer un r\u00e9seau dormant en m\u00e9canisme utile (cooptation, mentorat, job board, entraide, \u00e9v\u00e9nements, contenus). Son style : direct, orient\u00e9 action, sans folklore. Sa conviction : une communaut\u00e9 n\u2019a pas besoin de bruit, elle a besoin de raisons de revenir.","sameAs":["https:\/\/www.alumni.space"]}]}},"_links":{"self":[{"href":"https:\/\/www.alumni.space\/pt-pt\/wp-json\/wp\/v2\/posts\/6687","targetHints":{"allow":["GET"]}}],"collection":[{"href":"https:\/\/www.alumni.space\/pt-pt\/wp-json\/wp\/v2\/posts"}],"about":[{"href":"https:\/\/www.alumni.space\/pt-pt\/wp-json\/wp\/v2\/types\/post"}],"author":[{"embeddable":true,"href":"https:\/\/www.alumni.space\/pt-pt\/wp-json\/wp\/v2\/users\/1"}],"replies":[{"embeddable":true,"href":"https:\/\/www.alumni.space\/pt-pt\/wp-json\/wp\/v2\/comments?post=6687"}],"version-history":[{"count":2,"href":"https:\/\/www.alumni.space\/pt-pt\/wp-json\/wp\/v2\/posts\/6687\/revisions"}],"predecessor-version":[{"id":6694,"href":"https:\/\/www.alumni.space\/pt-pt\/wp-json\/wp\/v2\/posts\/6687\/revisions\/6694"}],"wp:featuredmedia":[{"embeddable":true,"href":"https:\/\/www.alumni.space\/pt-pt\/wp-json\/wp\/v2\/media\/6691"}],"wp:attachment":[{"href":"https:\/\/www.alumni.space\/pt-pt\/wp-json\/wp\/v2\/media?parent=6687"}],"wp:term":[{"taxonomy":"category","embeddable":true,"href":"https:\/\/www.alumni.space\/pt-pt\/wp-json\/wp\/v2\/categories?post=6687"},{"taxonomy":"post_tag","embeddable":true,"href":"https:\/\/www.alumni.space\/pt-pt\/wp-json\/wp\/v2\/tags?post=6687"}],"curies":[{"name":"wp","href":"https:\/\/api.w.org\/{rel}","templated":true}]}}