{"id":6620,"date":"2025-06-28T02:30:54","date_gmt":"2025-06-28T02:30:54","guid":{"rendered":"https:\/\/www.alumni.space\/como-e-que-as-clinicas-se-estao-a-preparar-para-a-perda-de-experiencia-dos-seus-profissionais\/"},"modified":"2026-04-02T09:24:27","modified_gmt":"2026-04-02T09:24:27","slug":"como-e-que-as-clinicas-se-estao-a-preparar-para-a-perda-de-experiencia-dos-seus-profissionais","status":"publish","type":"post","link":"https:\/\/www.alumni.space\/pt-pt\/como-e-que-as-clinicas-se-estao-a-preparar-para-a-perda-de-experiencia-dos-seus-profissionais\/","title":{"rendered":"Como \u00e9 que as cl\u00ednicas se est\u00e3o a preparar para a perda de experi\u00eancia dos seus profissionais?"},"content":{"rendered":"<div id=\"ez-toc-container\" class=\"ez-toc-v2_0_82_2 counter-flat ez-toc-counter ez-toc-grey ez-toc-container-direction\">\n<div class=\"ez-toc-title-container\"><p class=\"ez-toc-title\" style=\"cursor:inherit\">\u00cdndice deste artigo:<\/p>\n<\/div><nav><ul class='ez-toc-list ez-toc-list-level-1 ' ><li class='ez-toc-page-1'><a class=\"ez-toc-link ez-toc-heading-1\" href=\"https:\/\/www.alumni.space\/pt-pt\/como-e-que-as-clinicas-se-estao-a-preparar-para-a-perda-de-experiencia-dos-seus-profissionais\/#Antecipar_a_perda_de_experiencia_dos_profissionais_nas_clinicas_um_desafio_estrategico\" >Antecipar a perda de experi\u00eancia dos profissionais nas cl\u00ednicas: um desafio estrat\u00e9gico<\/a><\/li><li class='ez-toc-page-1'><a class=\"ez-toc-link ez-toc-heading-2\" href=\"https:\/\/www.alumni.space\/pt-pt\/como-e-que-as-clinicas-se-estao-a-preparar-para-a-perda-de-experiencia-dos-seus-profissionais\/#Transmissao_de_competencias_e_gestao_de_talentos_bases_para_a_sustentabilidade\" >Transmiss\u00e3o de compet\u00eancias e gest\u00e3o de talentos: bases para a sustentabilidade<\/a><\/li><li class='ez-toc-page-1'><a class=\"ez-toc-link ez-toc-heading-3\" href=\"https:\/\/www.alumni.space\/pt-pt\/como-e-que-as-clinicas-se-estao-a-preparar-para-a-perda-de-experiencia-dos-seus-profissionais\/#Otimizar_a_manutencao_da_qualidade_atraves_da_digitalizacao_e_da_promocao_de_comunidades_profissionais\" >Otimizar a manuten\u00e7\u00e3o da qualidade atrav\u00e9s da digitaliza\u00e7\u00e3o e da promo\u00e7\u00e3o de comunidades profissionais<\/a><\/li><li class='ez-toc-page-1'><a class=\"ez-toc-link ez-toc-heading-4\" href=\"https:\/\/www.alumni.space\/pt-pt\/como-e-que-as-clinicas-se-estao-a-preparar-para-a-perda-de-experiencia-dos-seus-profissionais\/#Eventos_e_rituais_para_consolidar_a_pertenca_e_reforcar_o_compromisso_com_as_clinicas\" >Eventos e rituais para consolidar a perten\u00e7a e refor\u00e7ar o compromisso com as cl\u00ednicas<\/a><\/li><\/ul><\/nav><\/div>\n<h2 class=\"wp-block-heading\"><span class=\"ez-toc-section\" id=\"Antecipar_a_perda_de_experiencia_dos_profissionais_nas_clinicas_um_desafio_estrategico\"><\/span>Antecipar a perda de experi\u00eancia dos profissionais nas cl\u00ednicas: um desafio estrat\u00e9gico<span class=\"ez-toc-section-end\"><\/span><\/h2><p>As cl\u00ednicas est\u00e3o a enfrentar um grande desafio relacionado com a <strong>perda de conhecimentos especializados<\/strong> causada pela sa\u00edda ou reforma de profissionais experientes. Esta situa\u00e7\u00e3o tem um impacto direto na <strong>qualidade dos cuidados<\/strong> e na continuidade da pr\u00e1tica m\u00e9dica. \u00c9 essencial uma prepara\u00e7\u00e3o rigorosa, que integre alavancas espec\u00edficas para preservar o <strong>capital de experi\u00eancia<\/strong> acumulado ao longo dos anos.  <\/p><figure class=\"wp-block-image size-full\"><img decoding=\"async\" width=\"1280\" height=\"768\" src=\"https:\/\/www.alumni.space\/wp-content\/uploads\/2026\/03\/Comment-les-cliniques-se-preparent-elles-a-la-perte-dexpertise-de-leurs-praticiens-1-1.jpg\" data-orig-src=\"https:\/\/www.alumni.space\/wp-content\/uploads\/2026\/03\/Comment-les-cliniques-se-preparent-elles-a-la-perte-dexpertise-de-leurs-praticiens-1-1.jpg\" alt=\"descobre como as cl\u00ednicas est\u00e3o a antecipar e a gerir a perda de experi\u00eancia dos seus profissionais para garantir a continuidade dos cuidados e manter um elevado n\u00edvel de qualidade.\" class=\"lazyload wp-image-3222\" srcset=\"data:image\/svg+xml,%3Csvg%20xmlns%3D%27http%3A%2F%2Fwww.w3.org%2F2000%2Fsvg%27%20width%3D%271280%27%20height%3D%27768%27%20viewBox%3D%270%200%201280%20768%27%3E%3Crect%20width%3D%271280%27%20height%3D%27768%27%20fill-opacity%3D%220%22%2F%3E%3C%2Fsvg%3E\" data-srcset=\"https:\/\/www.alumni.space\/wp-content\/uploads\/2026\/03\/Comment-les-cliniques-se-preparent-elles-a-la-perte-dexpertise-de-leurs-praticiens-1-1-200x120.jpg 200w, https:\/\/www.alumni.space\/wp-content\/uploads\/2026\/03\/Comment-les-cliniques-se-preparent-elles-a-la-perte-dexpertise-de-leurs-praticiens-1-1-300x180.jpg 300w, https:\/\/www.alumni.space\/wp-content\/uploads\/2026\/03\/Comment-les-cliniques-se-preparent-elles-a-la-perte-dexpertise-de-leurs-praticiens-1-1-400x240.jpg 400w, https:\/\/www.alumni.space\/wp-content\/uploads\/2026\/03\/Comment-les-cliniques-se-preparent-elles-a-la-perte-dexpertise-de-leurs-praticiens-1-1-600x360.jpg 600w, https:\/\/www.alumni.space\/wp-content\/uploads\/2026\/03\/Comment-les-cliniques-se-preparent-elles-a-la-perte-dexpertise-de-leurs-praticiens-1-1-768x461.jpg 768w, https:\/\/www.alumni.space\/wp-content\/uploads\/2026\/03\/Comment-les-cliniques-se-preparent-elles-a-la-perte-dexpertise-de-leurs-praticiens-1-1-800x480.jpg 800w, https:\/\/www.alumni.space\/wp-content\/uploads\/2026\/03\/Comment-les-cliniques-se-preparent-elles-a-la-perte-dexpertise-de-leurs-praticiens-1-1-1024x614.jpg 1024w, https:\/\/www.alumni.space\/wp-content\/uploads\/2026\/03\/Comment-les-cliniques-se-preparent-elles-a-la-perte-dexpertise-de-leurs-praticiens-1-1-1200x720.jpg 1200w, https:\/\/www.alumni.space\/wp-content\/uploads\/2026\/03\/Comment-les-cliniques-se-preparent-elles-a-la-perte-dexpertise-de-leurs-praticiens-1-1.jpg 1280w\" data-sizes=\"auto\" data-orig-sizes=\"(max-width: 1280px) 100vw, 1280px\" \/><\/figure><h3 class=\"wp-block-heading\"><span class=\"ez-toc-section\" id=\"Transmissao_de_competencias_e_gestao_de_talentos_bases_para_a_sustentabilidade\"><\/span>Transmiss\u00e3o de compet\u00eancias e gest\u00e3o de talentos: bases para a sustentabilidade<span class=\"ez-toc-section-end\"><\/span><\/h3><p><strong>A transmiss\u00e3o de compet\u00eancias<\/strong> est\u00e1 a tornar-se uma prioridade nos estabelecimentos de sa\u00fade. A implementa\u00e7\u00e3o de um <strong>plano de sucess\u00e3o<\/strong> estruturado permite identificar e formar os talentos capazes de assumir as principais responsabilidades. As sess\u00f5es <strong>de forma\u00e7\u00e3o cont\u00ednua<\/strong>, associadas a programas <a href=\"https:\/\/www.alumni.space\/pt-pt\/a-tutoria-como-solucao-para-a-perda-de-conhecimentos-internos\/\">de tutoria<\/a>, facilitam a transmiss\u00e3o de conhecimentos pr\u00e1ticos e especializados. Este m\u00e9todo permite que as novas gera\u00e7\u00f5es de profissionais sejam progressivamente actualizadas.   <\/p><p>Ao mesmo tempo, o recrutamento direcionado acompanha este processo, integrando perfis complementares. O objetivo \u00e9 preencher as lacunas e manter uma reserva de talentos suficiente para responder \u00e0s necessidades operacionais futuras. <\/p><h3 class=\"wp-block-heading\"><span class=\"ez-toc-section\" id=\"Otimizar_a_manutencao_da_qualidade_atraves_da_digitalizacao_e_da_promocao_de_comunidades_profissionais\"><\/span>Otimizar a manuten\u00e7\u00e3o da qualidade atrav\u00e9s da digitaliza\u00e7\u00e3o e da promo\u00e7\u00e3o de comunidades profissionais<span class=\"ez-toc-section-end\"><\/span><\/h3><p>Para limitar a <strong>perda de compet\u00eancias<\/strong> e promover a coes\u00e3o, as cl\u00ednicas est\u00e3o a adotar plataformas dedicadas \u00e0 gest\u00e3o e \u00e0 anima\u00e7\u00e3o das redes profissionais. Estas ferramentas centralizam perfis, eventos, ofertas e conte\u00fados relacionados com as carreiras dos profissionais. Ao facilitarem a cria\u00e7\u00e3o de comunidades intergeracionais, incentivam o apoio m\u00fatuo e a coopta\u00e7\u00e3o.  <\/p><p>A abordagem digital reduz consideravelmente os riscos associados \u00e0 dispers\u00e3o dos conhecimentos e \u00e0s falhas de transmiss\u00e3o. Al\u00e9m disso, uma plataforma especializada evita a dispers\u00e3o dos dados em folhas de c\u00e1lculo ou aplica\u00e7\u00f5es desconexas, optimizando a gest\u00e3o gra\u00e7as a <strong>KPIs<\/strong> precisos. <\/p><p>Isto d\u00e1 aos decisores uma imagem mais clara da <strong>gest\u00e3o de talentos<\/strong>, da forma\u00e7\u00e3o e da gest\u00e3o da rede de profissionais, permitindo-lhes dar prioridade \u00e0s ac\u00e7\u00f5es.<\/p><p><a href=\"https:\/\/www.alumni.space\/pt-pt\/como-e-que-podemos-evitar-a-perda-de-competencias-na-manutencao-industrial\/\">Descobre mais sobre a preven\u00e7\u00e3o da perda de compet\u00eancias atrav\u00e9s da manuten\u00e7\u00e3o do conhecimento<\/a> para ilustrar esta mudan\u00e7a para uma escala estrat\u00e9gica.<\/p><h3 class=\"wp-block-heading\"><span class=\"ez-toc-section\" id=\"Eventos_e_rituais_para_consolidar_a_pertenca_e_reforcar_o_compromisso_com_as_clinicas\"><\/span>Eventos e rituais para consolidar a perten\u00e7a e refor\u00e7ar o compromisso com as cl\u00ednicas<span class=\"ez-toc-section-end\"><\/span><\/h3><p>A organiza\u00e7\u00e3o regular de eventos profissionais ajuda a fomentar um sentimento de perten\u00e7a entre os profissionais. As reuni\u00f5es tem\u00e1ticas assumem a forma de semin\u00e1rios, workshops e sess\u00f5es de interc\u00e2mbio concebidas para tirar o m\u00e1ximo partido dos peritos seniores e envolver os juniores num processo<strong>de aprendizagem m\u00fatua<\/strong>. <\/p><p>Estes rituais criam um quadro prop\u00edcio \u00e0<strong>anima\u00e7\u00e3o da rede de alumni<\/strong>, garantindo uma liga\u00e7\u00e3o duradoura e estruturante no seio das equipas. A partilha de experi\u00eancias refor\u00e7a a mem\u00f3ria colectiva e assegura um conhecimento operacional cr\u00edtico. <\/p><p><a href=\"https:\/\/www.alumni.space\/pt-pt\/o-valor-acrescentado-de-um-programa-de-antigos-alunos-para-a-tua-marca-de-empregador\/\">Descobre como um programa de antigos alunos melhora a marca do empregador e apoia este compromisso<\/a>.<\/p>","protected":false},"excerpt":{"rendered":"<p>Antecipar a perda de experi\u00eancia dos profissionais nas cl\u00ednicas: um  [&#8230;]<\/p>\n","protected":false},"author":1,"featured_media":6623,"comment_status":"closed","ping_status":"","sticky":false,"template":"","format":"standard","meta":{"_ayudawp_aiss_exclude":false,"footnotes":""},"categories":[70],"tags":[],"class_list":["post-6620","post","type-post","status-publish","format-standard","has-post-thumbnail","hentry","category-recursos-humanos"],"yoast_head":"<!-- This site is optimized with the Yoast SEO plugin v27.4 - https:\/\/yoast.com\/product\/yoast-seo-wordpress\/ -->\n<title>Antecipar a perda de conhecimentos cl\u00ednicos: estrat\u00e9gias-chave<\/title>\n<meta name=\"description\" content=\"Descobre como as cl\u00ednicas est\u00e3o a antecipar a perda de experi\u00eancia dos seus profissionais para manter a qualidade dos cuidados e garantir a continuidade.\" \/>\n<meta name=\"robots\" content=\"index, follow, max-snippet:-1, max-image-preview:large, max-video-preview:-1\" \/>\n<link rel=\"canonical\" href=\"https:\/\/www.alumni.space\/pt-pt\/como-e-que-as-clinicas-se-estao-a-preparar-para-a-perda-de-experiencia-dos-seus-profissionais\/\" \/>\n<meta property=\"og:locale\" content=\"pt_PT\" \/>\n<meta property=\"og:type\" content=\"article\" \/>\n<meta property=\"og:title\" content=\"Antecipar a perda de conhecimentos cl\u00ednicos: estrat\u00e9gias-chave\" \/>\n<meta property=\"og:description\" content=\"Descobre como as cl\u00ednicas est\u00e3o a antecipar a perda de experi\u00eancia dos seus profissionais para manter a qualidade dos cuidados e garantir a continuidade.\" \/>\n<meta property=\"og:url\" content=\"https:\/\/www.alumni.space\/pt-pt\/como-e-que-as-clinicas-se-estao-a-preparar-para-a-perda-de-experiencia-dos-seus-profissionais\/\" \/>\n<meta property=\"og:site_name\" content=\"Alumni.space\" \/>\n<meta property=\"article:published_time\" content=\"2025-06-28T02:30:54+00:00\" \/>\n<meta property=\"article:modified_time\" content=\"2026-04-02T09:24:27+00:00\" \/>\n<meta property=\"og:image\" content=\"https:\/\/www.alumni.space\/wp-content\/uploads\/2026\/03\/Comment-les-cliniques-se-preparent-elles-a-la-perte-dexpertise-de-leurs-praticiens-.jpg\" \/>\n\t<meta property=\"og:image:width\" content=\"1280\" \/>\n\t<meta property=\"og:image:height\" content=\"768\" \/>\n\t<meta property=\"og:image:type\" content=\"image\/jpeg\" \/>\n<meta name=\"author\" content=\"admin\" \/>\n<meta name=\"twitter:card\" content=\"summary_large_image\" \/>\n<meta name=\"twitter:label1\" content=\"Escrito por\" \/>\n\t<meta name=\"twitter:data1\" content=\"admin\" \/>\n\t<meta name=\"twitter:label2\" content=\"Tempo estimado de leitura\" \/>\n\t<meta name=\"twitter:data2\" content=\"3 minutos\" \/>\n<script type=\"application\/ld+json\" class=\"yoast-schema-graph\">{\"@context\":\"https:\\\/\\\/schema.org\",\"@graph\":[{\"@type\":\"Article\",\"@id\":\"https:\\\/\\\/www.alumni.space\\\/pt-pt\\\/como-e-que-as-clinicas-se-estao-a-preparar-para-a-perda-de-experiencia-dos-seus-profissionais\\\/#article\",\"isPartOf\":{\"@id\":\"https:\\\/\\\/www.alumni.space\\\/pt-pt\\\/como-e-que-as-clinicas-se-estao-a-preparar-para-a-perda-de-experiencia-dos-seus-profissionais\\\/\"},\"author\":{\"name\":\"admin\",\"@id\":\"https:\\\/\\\/www.alumni.space\\\/pt-pt\\\/#\\\/schema\\\/person\\\/fede362a57876edda476a61f05ce5b15\"},\"headline\":\"Como \u00e9 que as cl\u00ednicas se est\u00e3o a preparar para a perda de experi\u00eancia dos seus profissionais?\",\"datePublished\":\"2025-06-28T02:30:54+00:00\",\"dateModified\":\"2026-04-02T09:24:27+00:00\",\"mainEntityOfPage\":{\"@id\":\"https:\\\/\\\/www.alumni.space\\\/pt-pt\\\/como-e-que-as-clinicas-se-estao-a-preparar-para-a-perda-de-experiencia-dos-seus-profissionais\\\/\"},\"wordCount\":535,\"image\":{\"@id\":\"https:\\\/\\\/www.alumni.space\\\/pt-pt\\\/como-e-que-as-clinicas-se-estao-a-preparar-para-a-perda-de-experiencia-dos-seus-profissionais\\\/#primaryimage\"},\"thumbnailUrl\":\"https:\\\/\\\/www.alumni.space\\\/wp-content\\\/uploads\\\/2026\\\/03\\\/Comment-les-cliniques-se-preparent-elles-a-la-perte-dexpertise-de-leurs-praticiens-.jpg\",\"articleSection\":[\"Recursos Humanos\"],\"inLanguage\":\"pt-PT\"},{\"@type\":\"WebPage\",\"@id\":\"https:\\\/\\\/www.alumni.space\\\/pt-pt\\\/como-e-que-as-clinicas-se-estao-a-preparar-para-a-perda-de-experiencia-dos-seus-profissionais\\\/\",\"url\":\"https:\\\/\\\/www.alumni.space\\\/pt-pt\\\/como-e-que-as-clinicas-se-estao-a-preparar-para-a-perda-de-experiencia-dos-seus-profissionais\\\/\",\"name\":\"Antecipar a perda de conhecimentos cl\u00ednicos: estrat\u00e9gias-chave\",\"isPartOf\":{\"@id\":\"https:\\\/\\\/www.alumni.space\\\/pt-pt\\\/#website\"},\"primaryImageOfPage\":{\"@id\":\"https:\\\/\\\/www.alumni.space\\\/pt-pt\\\/como-e-que-as-clinicas-se-estao-a-preparar-para-a-perda-de-experiencia-dos-seus-profissionais\\\/#primaryimage\"},\"image\":{\"@id\":\"https:\\\/\\\/www.alumni.space\\\/pt-pt\\\/como-e-que-as-clinicas-se-estao-a-preparar-para-a-perda-de-experiencia-dos-seus-profissionais\\\/#primaryimage\"},\"thumbnailUrl\":\"https:\\\/\\\/www.alumni.space\\\/wp-content\\\/uploads\\\/2026\\\/03\\\/Comment-les-cliniques-se-preparent-elles-a-la-perte-dexpertise-de-leurs-praticiens-.jpg\",\"datePublished\":\"2025-06-28T02:30:54+00:00\",\"dateModified\":\"2026-04-02T09:24:27+00:00\",\"author\":{\"@id\":\"https:\\\/\\\/www.alumni.space\\\/pt-pt\\\/#\\\/schema\\\/person\\\/fede362a57876edda476a61f05ce5b15\"},\"description\":\"Descobre como as cl\u00ednicas est\u00e3o a antecipar a perda de experi\u00eancia dos seus profissionais para manter a qualidade dos cuidados e garantir a continuidade.\",\"breadcrumb\":{\"@id\":\"https:\\\/\\\/www.alumni.space\\\/pt-pt\\\/como-e-que-as-clinicas-se-estao-a-preparar-para-a-perda-de-experiencia-dos-seus-profissionais\\\/#breadcrumb\"},\"inLanguage\":\"pt-PT\",\"potentialAction\":[{\"@type\":\"ReadAction\",\"target\":[\"https:\\\/\\\/www.alumni.space\\\/pt-pt\\\/como-e-que-as-clinicas-se-estao-a-preparar-para-a-perda-de-experiencia-dos-seus-profissionais\\\/\"]}]},{\"@type\":\"ImageObject\",\"inLanguage\":\"pt-PT\",\"@id\":\"https:\\\/\\\/www.alumni.space\\\/pt-pt\\\/como-e-que-as-clinicas-se-estao-a-preparar-para-a-perda-de-experiencia-dos-seus-profissionais\\\/#primaryimage\",\"url\":\"https:\\\/\\\/www.alumni.space\\\/wp-content\\\/uploads\\\/2026\\\/03\\\/Comment-les-cliniques-se-preparent-elles-a-la-perte-dexpertise-de-leurs-praticiens-.jpg\",\"contentUrl\":\"https:\\\/\\\/www.alumni.space\\\/wp-content\\\/uploads\\\/2026\\\/03\\\/Comment-les-cliniques-se-preparent-elles-a-la-perte-dexpertise-de-leurs-praticiens-.jpg\",\"width\":1280,\"height\":768,\"caption\":\"Descobre como as cl\u00ednicas est\u00e3o a antecipar e a gerir a perda de experi\u00eancia dos seus profissionais para garantir a continuidade dos cuidados e a qualidade do servi\u00e7o.\"},{\"@type\":\"BreadcrumbList\",\"@id\":\"https:\\\/\\\/www.alumni.space\\\/pt-pt\\\/como-e-que-as-clinicas-se-estao-a-preparar-para-a-perda-de-experiencia-dos-seus-profissionais\\\/#breadcrumb\",\"itemListElement\":[{\"@type\":\"ListItem\",\"position\":1,\"name\":\"Home\",\"item\":\"https:\\\/\\\/www.alumni.space\\\/pt-pt\\\/plataforma-de-gestao-de-mentores-e-antigos-alunos\\\/\"},{\"@type\":\"ListItem\",\"position\":2,\"name\":\"Como \u00e9 que as cl\u00ednicas se est\u00e3o a preparar para a perda de experi\u00eancia dos seus profissionais?\"}]},{\"@type\":\"WebSite\",\"@id\":\"https:\\\/\\\/www.alumni.space\\\/pt-pt\\\/#website\",\"url\":\"https:\\\/\\\/www.alumni.space\\\/pt-pt\\\/\",\"name\":\"Alumni.space\",\"description\":\"My WordPress Blog\",\"potentialAction\":[{\"@type\":\"SearchAction\",\"target\":{\"@type\":\"EntryPoint\",\"urlTemplate\":\"https:\\\/\\\/www.alumni.space\\\/pt-pt\\\/?s={search_term_string}\"},\"query-input\":{\"@type\":\"PropertyValueSpecification\",\"valueRequired\":true,\"valueName\":\"search_term_string\"}}],\"inLanguage\":\"pt-PT\"},{\"@type\":\"Person\",\"@id\":\"https:\\\/\\\/www.alumni.space\\\/pt-pt\\\/#\\\/schema\\\/person\\\/fede362a57876edda476a61f05ce5b15\",\"name\":\"admin\",\"image\":{\"@type\":\"ImageObject\",\"inLanguage\":\"pt-PT\",\"@id\":\"https:\\\/\\\/secure.gravatar.com\\\/avatar\\\/318e234ae94f90d4d629428d6b983c08e31181c28f579e08a021180d759ea651?s=96&d=mm&r=g\",\"url\":\"https:\\\/\\\/secure.gravatar.com\\\/avatar\\\/318e234ae94f90d4d629428d6b983c08e31181c28f579e08a021180d759ea651?s=96&d=mm&r=g\",\"contentUrl\":\"https:\\\/\\\/secure.gravatar.com\\\/avatar\\\/318e234ae94f90d4d629428d6b983c08e31181c28f579e08a021180d759ea651?s=96&d=mm&r=g\",\"caption\":\"admin\"},\"description\":\"Nicolas Laustriat a construit sa sp\u00e9cialit\u00e9 sur un sujet que beaucoup d\u2019organisations d\u00e9couvrent trop tard : ce qui dispara\u00eet quand les gens partent. Dipl\u00f4m\u00e9 en conception de produit industriel, il bifurque vers le digital fin 1996, il couvre les transformations marques, RH, la fid\u00e9lisation, la marque employeur. Sur le terrain, il rep\u00e8re un angle mort r\u00e9current : l\u2019entreprise investit dans le recrutement, la formation, les process\u2026 puis laisse filer le lien au moment du d\u00e9part, avec une perte de savoir et d\u2019influence qui se paie en silence. Il se sp\u00e9cialise alors sur les communaut\u00e9s d\u2019alumni, le mentorat, l\u2019entraide interg\u00e9n\u00e9rationnelle et la transmission d\u2019expertise. Il passe du \u201cconstat\u201d aux m\u00e9thodes : animation, gouvernance, segmentation, rituels, mesure d\u2019engagement, articulation avec la RSE et l\u2019employabilit\u00e9. Il interviewe DRH, responsables formation, directions d\u2019\u00e9coles, associations et fondations, avec une obsession : transformer un r\u00e9seau dormant en m\u00e9canisme utile (cooptation, mentorat, job board, entraide, \u00e9v\u00e9nements, contenus). Son style : direct, orient\u00e9 action, sans folklore. Sa conviction : une communaut\u00e9 n\u2019a pas besoin de bruit, elle a besoin de raisons de revenir.\",\"sameAs\":[\"https:\\\/\\\/www.alumni.space\"]}]}<\/script>\n<!-- \/ Yoast SEO plugin. -->","yoast_head_json":{"title":"Antecipar a perda de conhecimentos cl\u00ednicos: estrat\u00e9gias-chave","description":"Descobre como as cl\u00ednicas est\u00e3o a antecipar a perda de experi\u00eancia dos seus profissionais para manter a qualidade dos cuidados e garantir a continuidade.","robots":{"index":"index","follow":"follow","max-snippet":"max-snippet:-1","max-image-preview":"max-image-preview:large","max-video-preview":"max-video-preview:-1"},"canonical":"https:\/\/www.alumni.space\/pt-pt\/como-e-que-as-clinicas-se-estao-a-preparar-para-a-perda-de-experiencia-dos-seus-profissionais\/","og_locale":"pt_PT","og_type":"article","og_title":"Antecipar a perda de conhecimentos cl\u00ednicos: estrat\u00e9gias-chave","og_description":"Descobre como as cl\u00ednicas est\u00e3o a antecipar a perda de experi\u00eancia dos seus profissionais para manter a qualidade dos cuidados e garantir a continuidade.","og_url":"https:\/\/www.alumni.space\/pt-pt\/como-e-que-as-clinicas-se-estao-a-preparar-para-a-perda-de-experiencia-dos-seus-profissionais\/","og_site_name":"Alumni.space","article_published_time":"2025-06-28T02:30:54+00:00","article_modified_time":"2026-04-02T09:24:27+00:00","og_image":[{"width":1280,"height":768,"url":"https:\/\/www.alumni.space\/wp-content\/uploads\/2026\/03\/Comment-les-cliniques-se-preparent-elles-a-la-perte-dexpertise-de-leurs-praticiens-.jpg","type":"image\/jpeg"}],"author":"admin","twitter_card":"summary_large_image","twitter_misc":{"Escrito por":"admin","Tempo estimado de leitura":"3 minutos"},"schema":{"@context":"https:\/\/schema.org","@graph":[{"@type":"Article","@id":"https:\/\/www.alumni.space\/pt-pt\/como-e-que-as-clinicas-se-estao-a-preparar-para-a-perda-de-experiencia-dos-seus-profissionais\/#article","isPartOf":{"@id":"https:\/\/www.alumni.space\/pt-pt\/como-e-que-as-clinicas-se-estao-a-preparar-para-a-perda-de-experiencia-dos-seus-profissionais\/"},"author":{"name":"admin","@id":"https:\/\/www.alumni.space\/pt-pt\/#\/schema\/person\/fede362a57876edda476a61f05ce5b15"},"headline":"Como \u00e9 que as cl\u00ednicas se est\u00e3o a preparar para a perda de experi\u00eancia dos seus profissionais?","datePublished":"2025-06-28T02:30:54+00:00","dateModified":"2026-04-02T09:24:27+00:00","mainEntityOfPage":{"@id":"https:\/\/www.alumni.space\/pt-pt\/como-e-que-as-clinicas-se-estao-a-preparar-para-a-perda-de-experiencia-dos-seus-profissionais\/"},"wordCount":535,"image":{"@id":"https:\/\/www.alumni.space\/pt-pt\/como-e-que-as-clinicas-se-estao-a-preparar-para-a-perda-de-experiencia-dos-seus-profissionais\/#primaryimage"},"thumbnailUrl":"https:\/\/www.alumni.space\/wp-content\/uploads\/2026\/03\/Comment-les-cliniques-se-preparent-elles-a-la-perte-dexpertise-de-leurs-praticiens-.jpg","articleSection":["Recursos Humanos"],"inLanguage":"pt-PT"},{"@type":"WebPage","@id":"https:\/\/www.alumni.space\/pt-pt\/como-e-que-as-clinicas-se-estao-a-preparar-para-a-perda-de-experiencia-dos-seus-profissionais\/","url":"https:\/\/www.alumni.space\/pt-pt\/como-e-que-as-clinicas-se-estao-a-preparar-para-a-perda-de-experiencia-dos-seus-profissionais\/","name":"Antecipar a perda de conhecimentos cl\u00ednicos: estrat\u00e9gias-chave","isPartOf":{"@id":"https:\/\/www.alumni.space\/pt-pt\/#website"},"primaryImageOfPage":{"@id":"https:\/\/www.alumni.space\/pt-pt\/como-e-que-as-clinicas-se-estao-a-preparar-para-a-perda-de-experiencia-dos-seus-profissionais\/#primaryimage"},"image":{"@id":"https:\/\/www.alumni.space\/pt-pt\/como-e-que-as-clinicas-se-estao-a-preparar-para-a-perda-de-experiencia-dos-seus-profissionais\/#primaryimage"},"thumbnailUrl":"https:\/\/www.alumni.space\/wp-content\/uploads\/2026\/03\/Comment-les-cliniques-se-preparent-elles-a-la-perte-dexpertise-de-leurs-praticiens-.jpg","datePublished":"2025-06-28T02:30:54+00:00","dateModified":"2026-04-02T09:24:27+00:00","author":{"@id":"https:\/\/www.alumni.space\/pt-pt\/#\/schema\/person\/fede362a57876edda476a61f05ce5b15"},"description":"Descobre como as cl\u00ednicas est\u00e3o a antecipar a perda de experi\u00eancia dos seus profissionais para manter a qualidade dos cuidados e garantir a continuidade.","breadcrumb":{"@id":"https:\/\/www.alumni.space\/pt-pt\/como-e-que-as-clinicas-se-estao-a-preparar-para-a-perda-de-experiencia-dos-seus-profissionais\/#breadcrumb"},"inLanguage":"pt-PT","potentialAction":[{"@type":"ReadAction","target":["https:\/\/www.alumni.space\/pt-pt\/como-e-que-as-clinicas-se-estao-a-preparar-para-a-perda-de-experiencia-dos-seus-profissionais\/"]}]},{"@type":"ImageObject","inLanguage":"pt-PT","@id":"https:\/\/www.alumni.space\/pt-pt\/como-e-que-as-clinicas-se-estao-a-preparar-para-a-perda-de-experiencia-dos-seus-profissionais\/#primaryimage","url":"https:\/\/www.alumni.space\/wp-content\/uploads\/2026\/03\/Comment-les-cliniques-se-preparent-elles-a-la-perte-dexpertise-de-leurs-praticiens-.jpg","contentUrl":"https:\/\/www.alumni.space\/wp-content\/uploads\/2026\/03\/Comment-les-cliniques-se-preparent-elles-a-la-perte-dexpertise-de-leurs-praticiens-.jpg","width":1280,"height":768,"caption":"Descobre como as cl\u00ednicas est\u00e3o a antecipar e a gerir a perda de experi\u00eancia dos seus profissionais para garantir a continuidade dos cuidados e a qualidade do servi\u00e7o."},{"@type":"BreadcrumbList","@id":"https:\/\/www.alumni.space\/pt-pt\/como-e-que-as-clinicas-se-estao-a-preparar-para-a-perda-de-experiencia-dos-seus-profissionais\/#breadcrumb","itemListElement":[{"@type":"ListItem","position":1,"name":"Home","item":"https:\/\/www.alumni.space\/pt-pt\/plataforma-de-gestao-de-mentores-e-antigos-alunos\/"},{"@type":"ListItem","position":2,"name":"Como \u00e9 que as cl\u00ednicas se est\u00e3o a preparar para a perda de experi\u00eancia dos seus profissionais?"}]},{"@type":"WebSite","@id":"https:\/\/www.alumni.space\/pt-pt\/#website","url":"https:\/\/www.alumni.space\/pt-pt\/","name":"Alumni.space","description":"My WordPress Blog","potentialAction":[{"@type":"SearchAction","target":{"@type":"EntryPoint","urlTemplate":"https:\/\/www.alumni.space\/pt-pt\/?s={search_term_string}"},"query-input":{"@type":"PropertyValueSpecification","valueRequired":true,"valueName":"search_term_string"}}],"inLanguage":"pt-PT"},{"@type":"Person","@id":"https:\/\/www.alumni.space\/pt-pt\/#\/schema\/person\/fede362a57876edda476a61f05ce5b15","name":"admin","image":{"@type":"ImageObject","inLanguage":"pt-PT","@id":"https:\/\/secure.gravatar.com\/avatar\/318e234ae94f90d4d629428d6b983c08e31181c28f579e08a021180d759ea651?s=96&d=mm&r=g","url":"https:\/\/secure.gravatar.com\/avatar\/318e234ae94f90d4d629428d6b983c08e31181c28f579e08a021180d759ea651?s=96&d=mm&r=g","contentUrl":"https:\/\/secure.gravatar.com\/avatar\/318e234ae94f90d4d629428d6b983c08e31181c28f579e08a021180d759ea651?s=96&d=mm&r=g","caption":"admin"},"description":"Nicolas Laustriat a construit sa sp\u00e9cialit\u00e9 sur un sujet que beaucoup d\u2019organisations d\u00e9couvrent trop tard : ce qui dispara\u00eet quand les gens partent. Dipl\u00f4m\u00e9 en conception de produit industriel, il bifurque vers le digital fin 1996, il couvre les transformations marques, RH, la fid\u00e9lisation, la marque employeur. Sur le terrain, il rep\u00e8re un angle mort r\u00e9current : l\u2019entreprise investit dans le recrutement, la formation, les process\u2026 puis laisse filer le lien au moment du d\u00e9part, avec une perte de savoir et d\u2019influence qui se paie en silence. Il se sp\u00e9cialise alors sur les communaut\u00e9s d\u2019alumni, le mentorat, l\u2019entraide interg\u00e9n\u00e9rationnelle et la transmission d\u2019expertise. Il passe du \u201cconstat\u201d aux m\u00e9thodes : animation, gouvernance, segmentation, rituels, mesure d\u2019engagement, articulation avec la RSE et l\u2019employabilit\u00e9. Il interviewe DRH, responsables formation, directions d\u2019\u00e9coles, associations et fondations, avec une obsession : transformer un r\u00e9seau dormant en m\u00e9canisme utile (cooptation, mentorat, job board, entraide, \u00e9v\u00e9nements, contenus). Son style : direct, orient\u00e9 action, sans folklore. Sa conviction : une communaut\u00e9 n\u2019a pas besoin de bruit, elle a besoin de raisons de revenir.","sameAs":["https:\/\/www.alumni.space"]}]}},"_links":{"self":[{"href":"https:\/\/www.alumni.space\/pt-pt\/wp-json\/wp\/v2\/posts\/6620","targetHints":{"allow":["GET"]}}],"collection":[{"href":"https:\/\/www.alumni.space\/pt-pt\/wp-json\/wp\/v2\/posts"}],"about":[{"href":"https:\/\/www.alumni.space\/pt-pt\/wp-json\/wp\/v2\/types\/post"}],"author":[{"embeddable":true,"href":"https:\/\/www.alumni.space\/pt-pt\/wp-json\/wp\/v2\/users\/1"}],"replies":[{"embeddable":true,"href":"https:\/\/www.alumni.space\/pt-pt\/wp-json\/wp\/v2\/comments?post=6620"}],"version-history":[{"count":3,"href":"https:\/\/www.alumni.space\/pt-pt\/wp-json\/wp\/v2\/posts\/6620\/revisions"}],"predecessor-version":[{"id":6897,"href":"https:\/\/www.alumni.space\/pt-pt\/wp-json\/wp\/v2\/posts\/6620\/revisions\/6897"}],"wp:featuredmedia":[{"embeddable":true,"href":"https:\/\/www.alumni.space\/pt-pt\/wp-json\/wp\/v2\/media\/6623"}],"wp:attachment":[{"href":"https:\/\/www.alumni.space\/pt-pt\/wp-json\/wp\/v2\/media?parent=6620"}],"wp:term":[{"taxonomy":"category","embeddable":true,"href":"https:\/\/www.alumni.space\/pt-pt\/wp-json\/wp\/v2\/categories?post=6620"},{"taxonomy":"post_tag","embeddable":true,"href":"https:\/\/www.alumni.space\/pt-pt\/wp-json\/wp\/v2\/tags?post=6620"}],"curies":[{"name":"wp","href":"https:\/\/api.w.org\/{rel}","templated":true}]}}