{"id":6605,"date":"2026-04-02T06:35:24","date_gmt":"2026-04-02T06:35:24","guid":{"rendered":"https:\/\/www.alumni.space\/como-podem-os-tecnicos-oficiais-de-contas-antecipar-a-perda-de-competencias\/"},"modified":"2026-04-02T09:24:29","modified_gmt":"2026-04-02T09:24:29","slug":"como-podem-os-tecnicos-oficiais-de-contas-antecipar-a-perda-de-competencias","status":"publish","type":"post","link":"https:\/\/www.alumni.space\/pt-pt\/como-podem-os-tecnicos-oficiais-de-contas-antecipar-a-perda-de-competencias\/","title":{"rendered":"Como podem os t\u00e9cnicos oficiais de contas antecipar a perda de compet\u00eancias?"},"content":{"rendered":"<div id=\"ez-toc-container\" class=\"ez-toc-v2_0_82_2 counter-flat ez-toc-counter ez-toc-grey ez-toc-container-direction\">\n<div class=\"ez-toc-title-container\"><p class=\"ez-toc-title\" style=\"cursor:inherit\">\u00cdndice deste artigo:<\/p>\n<\/div><nav><ul class='ez-toc-list ez-toc-list-level-1 ' ><li class='ez-toc-page-1'><a class=\"ez-toc-link ez-toc-heading-1\" href=\"https:\/\/www.alumni.space\/pt-pt\/como-podem-os-tecnicos-oficiais-de-contas-antecipar-a-perda-de-competencias\/#Como_os_tecnicos_oficiais_de_contas_estao_a_antecipar_a_perda_de_competencias_para_garantir_o_futuro_das_suas_empresas\" >Como os t\u00e9cnicos oficiais de contas est\u00e3o a antecipar a perda de compet\u00eancias para garantir o futuro das suas empresas<\/a><\/li><li class='ez-toc-page-1'><a class=\"ez-toc-link ez-toc-heading-2\" href=\"https:\/\/www.alumni.space\/pt-pt\/como-podem-os-tecnicos-oficiais-de-contas-antecipar-a-perda-de-competencias\/#Os_desafios_praticos_da_antecipacao_da_perda_de_competencias_na_contabilidade_publica\" >Os desafios pr\u00e1ticos da antecipa\u00e7\u00e3o da perda de compet\u00eancias na contabilidade p\u00fablica<\/a><\/li><li class='ez-toc-page-1'><a class=\"ez-toc-link ez-toc-heading-3\" href=\"https:\/\/www.alumni.space\/pt-pt\/como-podem-os-tecnicos-oficiais-de-contas-antecipar-a-perda-de-competencias\/#Implementar_uma_estrategia_de_antecipacao_baseada_em_dados_e_planos_de_sucessao\" >Implementar uma estrat\u00e9gia de antecipa\u00e7\u00e3o baseada em dados e planos de sucess\u00e3o<\/a><\/li><li class='ez-toc-page-1'><a class=\"ez-toc-link ez-toc-heading-4\" href=\"https:\/\/www.alumni.space\/pt-pt\/como-podem-os-tecnicos-oficiais-de-contas-antecipar-a-perda-de-competencias\/#Accoes_concretas_para_limitar_os_riscos_e_desenvolver_as_competencias_dos_trabalhadores\" >Ac\u00e7\u00f5es concretas para limitar os riscos e desenvolver as compet\u00eancias dos trabalhadores<\/a><\/li><li class='ez-toc-page-1'><a class=\"ez-toc-link ez-toc-heading-5\" href=\"https:\/\/www.alumni.space\/pt-pt\/como-podem-os-tecnicos-oficiais-de-contas-antecipar-a-perda-de-competencias\/#As_multiplas_vantagens_da_gestao_proactiva_de_competencias_para_os_tecnicos_oficiais_de_contas\" >As m\u00faltiplas vantagens da gest\u00e3o proactiva de compet\u00eancias para os t\u00e9cnicos oficiais de contas<\/a><\/li><\/ul><\/nav><\/div>\n<h2 class=\"wp-block-heading\"><span class=\"ez-toc-section\" id=\"Como_os_tecnicos_oficiais_de_contas_estao_a_antecipar_a_perda_de_competencias_para_garantir_o_futuro_das_suas_empresas\"><\/span>Como os t\u00e9cnicos oficiais de contas est\u00e3o a antecipar a perda de compet\u00eancias para garantir o futuro das suas empresas<span class=\"ez-toc-section-end\"><\/span><\/h2><p><strong>A gest\u00e3o do talento<\/strong> est\u00e1 a emergir como uma alavanca fundamental para evitar a <strong>perda de compet\u00eancias<\/strong> nas empresas de contabilidade. Face \u00e0s sa\u00eddas previstas, como a reforma, ou \u00e0s sa\u00eddas imprevistas, \u00e9 essencial um planeamento rigoroso dos recursos humanos. N\u00e3o se trata apenas de evitar lacunas nas compet\u00eancias, mas tamb\u00e9m de desenvolver o capital humano, oferecendo aos empregados oportunidades de desenvolvimento de carreira. Atualmente, a integra\u00e7\u00e3o de uma <strong>estrat\u00e9gia de desenvolvimento de compet\u00eancias<\/strong> ajuda a refor\u00e7ar o empenho e a motiva\u00e7\u00e3o, alinhando as necessidades da empresa com as aspira\u00e7\u00f5es individuais.   <\/p><figure class=\"wp-block-image size-full\"><img decoding=\"async\" width=\"1280\" height=\"768\" src=\"https:\/\/www.alumni.space\/wp-content\/uploads\/2026\/04\/Comment-les-experts-comptables-peuvent-ils-anticiper-la-perte-de-competences-1-1.jpg\" data-orig-src=\"https:\/\/www.alumni.space\/wp-content\/uploads\/2026\/04\/Comment-les-experts-comptables-peuvent-ils-anticiper-la-perte-de-competences-1-1.jpg\" alt=\"Descobre como os contabilistas podem antecipar a perda de compet\u00eancias atrav\u00e9s de uma gest\u00e3o eficaz dos talentos e de estrat\u00e9gias de forma\u00e7\u00e3o cont\u00ednua.\" class=\"lazyload wp-image-6596\" srcset=\"data:image\/svg+xml,%3Csvg%20xmlns%3D%27http%3A%2F%2Fwww.w3.org%2F2000%2Fsvg%27%20width%3D%271280%27%20height%3D%27768%27%20viewBox%3D%270%200%201280%20768%27%3E%3Crect%20width%3D%271280%27%20height%3D%27768%27%20fill-opacity%3D%220%22%2F%3E%3C%2Fsvg%3E\" data-srcset=\"https:\/\/www.alumni.space\/wp-content\/uploads\/2026\/04\/Comment-les-experts-comptables-peuvent-ils-anticiper-la-perte-de-competences-1-1-200x120.jpg 200w, https:\/\/www.alumni.space\/wp-content\/uploads\/2026\/04\/Comment-les-experts-comptables-peuvent-ils-anticiper-la-perte-de-competences-1-1-300x180.jpg 300w, https:\/\/www.alumni.space\/wp-content\/uploads\/2026\/04\/Comment-les-experts-comptables-peuvent-ils-anticiper-la-perte-de-competences-1-1-400x240.jpg 400w, https:\/\/www.alumni.space\/wp-content\/uploads\/2026\/04\/Comment-les-experts-comptables-peuvent-ils-anticiper-la-perte-de-competences-1-1-600x360.jpg 600w, https:\/\/www.alumni.space\/wp-content\/uploads\/2026\/04\/Comment-les-experts-comptables-peuvent-ils-anticiper-la-perte-de-competences-1-1-768x461.jpg 768w, https:\/\/www.alumni.space\/wp-content\/uploads\/2026\/04\/Comment-les-experts-comptables-peuvent-ils-anticiper-la-perte-de-competences-1-1-800x480.jpg 800w, https:\/\/www.alumni.space\/wp-content\/uploads\/2026\/04\/Comment-les-experts-comptables-peuvent-ils-anticiper-la-perte-de-competences-1-1-1024x614.jpg 1024w, https:\/\/www.alumni.space\/wp-content\/uploads\/2026\/04\/Comment-les-experts-comptables-peuvent-ils-anticiper-la-perte-de-competences-1-1-1200x720.jpg 1200w, https:\/\/www.alumni.space\/wp-content\/uploads\/2026\/04\/Comment-les-experts-comptables-peuvent-ils-anticiper-la-perte-de-competences-1-1.jpg 1280w\" data-sizes=\"auto\" data-orig-sizes=\"(max-width: 1280px) 100vw, 1280px\" \/><\/figure><h3 class=\"wp-block-heading\"><span class=\"ez-toc-section\" id=\"Os_desafios_praticos_da_antecipacao_da_perda_de_competencias_na_contabilidade_publica\"><\/span>Os desafios pr\u00e1ticos da antecipa\u00e7\u00e3o da perda de compet\u00eancias na contabilidade p\u00fablica<span class=\"ez-toc-section-end\"><\/span><\/h3><p>O principal desafio consiste em assegurar a continuidade das compet\u00eancias essenciais ao funcionamento e \u00e0 diferencia\u00e7\u00e3o de uma empresa. Uma perda de compet\u00eancias mal gerida pode conduzir a uma diminui\u00e7\u00e3o da produtividade, a uma sobrecarga das equipas ainda existentes e a uma degrada\u00e7\u00e3o da qualidade do servi\u00e7o prestado. Por conseguinte, \u00e9 fundamental ter uma vis\u00e3o clara das compet\u00eancias dispon\u00edveis e da sua evolu\u00e7\u00e3o futura. Neste contexto, a elabora\u00e7\u00e3o de um <strong>plano de sucess\u00e3o<\/strong> implica fazer um balan\u00e7o das compet\u00eancias num determinado momento e projetar os talentos a desenvolver. Este mapeamento permite antecipar as sa\u00eddas e identificar as lacunas a colmatar, seja atrav\u00e9s da <strong>mobilidade interna<\/strong> ou do recrutamento externo.    <\/p><h2 class=\"wp-block-heading\"><span class=\"ez-toc-section\" id=\"Implementar_uma_estrategia_de_antecipacao_baseada_em_dados_e_planos_de_sucessao\"><\/span>Implementar uma estrat\u00e9gia de antecipa\u00e7\u00e3o baseada em dados e planos de sucess\u00e3o<span class=\"ez-toc-section-end\"><\/span><\/h2><p>A digitaliza\u00e7\u00e3o das empresas e a emerg\u00eancia da intelig\u00eancia artificial facilitam atualmente a an\u00e1lise preditiva dos recursos humanos. Ao explorar dados como as avalia\u00e7\u00f5es de desempenho e os indicadores de absentismo, \u00e9 agora poss\u00edvel modelar os riscos de sa\u00eddas prematuras e planear em conformidade. Desta forma, as empresas podem construir um reposit\u00f3rio preciso de compet\u00eancias e um mapa de talentos interno.  <\/p><p>Para uma maior efic\u00e1cia, esta abordagem \u00e9 acompanhada por um sistema formalizado de <strong>transfer\u00eancia de compet\u00eancias<\/strong> atrav\u00e9s de tutoria e da cria\u00e7\u00e3o de comunidades internas, tais como uma plataforma de gest\u00e3o e anima\u00e7\u00e3o de redes de antigos alunos e de colaboradores. Esta iniciativa contribui para preservar a <strong>experi\u00eancia<\/strong> hist\u00f3rica do Grupo e preparar a pr\u00f3xima gera\u00e7\u00e3o, facilitando ao mesmo tempo a integra\u00e7\u00e3o dos novos recrutas. <\/p><h3 class=\"wp-block-heading\"><span class=\"ez-toc-section\" id=\"Accoes_concretas_para_limitar_os_riscos_e_desenvolver_as_competencias_dos_trabalhadores\"><\/span>Ac\u00e7\u00f5es concretas para limitar os riscos e desenvolver as compet\u00eancias dos trabalhadores<span class=\"ez-toc-section-end\"><\/span><\/h3><p>A gest\u00e3o da antecipa\u00e7\u00e3o assenta em v\u00e1rios eixos: introdu\u00e7\u00e3o de entrevistas anuais centradas em projectos de desenvolvimento, implementa\u00e7\u00e3o de planos personalizados para aumentar as compet\u00eancias atrav\u00e9s da forma\u00e7\u00e3o profissional e proposta de esquemas de reconhecimento adequados. Esta abordagem permite identificar o potencial, incentivar a reconvers\u00e3o ou a melhoria das compet\u00eancias e, assim, colmatar as lacunas identificadas. Al\u00e9m disso, a utiliza\u00e7\u00e3o de uma plataforma de gest\u00e3o de comunidades, como o<a href=\"https:\/\/www.alumni.space\/pt-pt\/a-tutoria-como-solucao-para-a-perda-de-conhecimentos-internos\/\">alumni.space<\/a>, facilita a coordena\u00e7\u00e3o entre os talentos internos e os talentos das redes externas, optimizando o apoio m\u00fatuo, a tutoria e a circula\u00e7\u00e3o de compet\u00eancias.  <\/p><p>Quando as compet\u00eancias n\u00e3o podem ser desenvolvidas internamente, o recurso ao <strong>recrutamento<\/strong> externo torna-se uma medida controlada, justificada por dados pormenorizados sobre as necessidades reais. Desta forma, o planeamento estrat\u00e9gico evita o recrutamento de emerg\u00eancia, que \u00e9 dispendioso e muitas vezes inadequado. <\/p><h2 class=\"wp-block-heading\"><span class=\"ez-toc-section\" id=\"As_multiplas_vantagens_da_gestao_proactiva_de_competencias_para_os_tecnicos_oficiais_de_contas\"><\/span>As m\u00faltiplas vantagens da gest\u00e3o proactiva de compet\u00eancias para os t\u00e9cnicos oficiais de contas<span class=\"ez-toc-section-end\"><\/span><\/h2><p>Antecipar a perda de compet\u00eancias vai para al\u00e9m da gest\u00e3o de recursos; faz parte de uma abordagem de responsabilidade social da empresa. Ao integrar antigos alunos, mentores, ofertas e conte\u00fados, uma plataforma de gest\u00e3o de comunidades SaaS alarga o compromisso para al\u00e9m do contrato de trabalho. Este modelo reduz o desperd\u00edcio de conhecimentos, incentiva uma integra\u00e7\u00e3o harmoniosa e contribui para uma marca de empregador atractiva. As empresas ganham em desempenho, fidelizam os empregados e asseguram uma rede capaz de evoluir num ambiente mais competitivo.   <\/p><p>A medicina preventiva aplicada \u00e0 gest\u00e3o de talentos oferece indicadores de sucesso mensur\u00e1veis, ao mesmo tempo que garante uma maior coer\u00eancia entre as pol\u00edticas de RH, RSE e comunica\u00e7\u00e3o corporativa. Como resultado, os decisores disp\u00f5em de uma vis\u00e3o estrat\u00e9gica completa e operacional para apoiar a transforma\u00e7\u00e3o das profiss\u00f5es contabil\u00edsticas com agilidade. <\/p><p>Para levar esta abordagem mais longe, \u00e9 essencial descobrir as melhores pr\u00e1ticas dos revisores oficiais de contas inovadores, nomeadamente atrav\u00e9s de recursos como o livro branco &#8221; <a href=\"https:\/\/revuefrancaisedecomptabilite.fr\/profession-comptable-2030-et-si-vous-netiez-pas-seul-pour-transformer-votre-cabinet\/\">Profession Comptable 2030<\/a>&#8220;, que \u00e9 uma leitura essencial para antecipar as mudan\u00e7as no sector.<\/p>","protected":false},"excerpt":{"rendered":"<p>Como os t\u00e9cnicos oficiais de contas est\u00e3o a antecipar a  [&#8230;]<\/p>\n","protected":false},"author":1,"featured_media":6608,"comment_status":"closed","ping_status":"","sticky":false,"template":"","format":"standard","meta":{"_ayudawp_aiss_exclude":false,"footnotes":""},"categories":[70],"tags":[],"class_list":["post-6605","post","type-post","status-publish","format-standard","has-post-thumbnail","hentry","category-recursos-humanos"],"yoast_head":"<!-- This site is optimized with the Yoast SEO plugin v27.4 - https:\/\/yoast.com\/product\/yoast-seo-wordpress\/ -->\n<title>Antecipar a perda de compet\u00eancias dos t\u00e9cnicos oficiais de contas<\/title>\n<meta name=\"description\" content=\"Descobre como os t\u00e9cnicos oficiais de contas est\u00e3o a antecipar a perda de compet\u00eancias para garantir a continuidade e a efici\u00eancia das suas empresas.\" \/>\n<meta name=\"robots\" content=\"index, follow, max-snippet:-1, max-image-preview:large, max-video-preview:-1\" \/>\n<link rel=\"canonical\" href=\"https:\/\/www.alumni.space\/pt-pt\/como-podem-os-tecnicos-oficiais-de-contas-antecipar-a-perda-de-competencias\/\" \/>\n<meta property=\"og:locale\" content=\"pt_PT\" \/>\n<meta property=\"og:type\" content=\"article\" \/>\n<meta property=\"og:title\" content=\"Antecipar a perda de compet\u00eancias dos t\u00e9cnicos oficiais de contas\" \/>\n<meta property=\"og:description\" content=\"Descobre como os t\u00e9cnicos oficiais de contas est\u00e3o a antecipar a perda de compet\u00eancias para garantir a continuidade e a efici\u00eancia das suas empresas.\" \/>\n<meta property=\"og:url\" content=\"https:\/\/www.alumni.space\/pt-pt\/como-podem-os-tecnicos-oficiais-de-contas-antecipar-a-perda-de-competencias\/\" \/>\n<meta property=\"og:site_name\" content=\"Alumni.space\" \/>\n<meta property=\"article:published_time\" content=\"2026-04-02T06:35:24+00:00\" \/>\n<meta property=\"article:modified_time\" content=\"2026-04-02T09:24:29+00:00\" \/>\n<meta property=\"og:image\" content=\"https:\/\/www.alumni.space\/wp-content\/uploads\/2026\/04\/Comment-les-experts-comptables-peuvent-ils-anticiper-la-perte-de-competences-.jpg\" \/>\n\t<meta property=\"og:image:width\" content=\"1280\" \/>\n\t<meta property=\"og:image:height\" content=\"768\" \/>\n\t<meta property=\"og:image:type\" content=\"image\/jpeg\" \/>\n<meta name=\"author\" content=\"admin\" \/>\n<meta name=\"twitter:card\" content=\"summary_large_image\" \/>\n<meta name=\"twitter:label1\" content=\"Escrito por\" \/>\n\t<meta name=\"twitter:data1\" content=\"admin\" \/>\n\t<meta name=\"twitter:label2\" content=\"Tempo estimado de leitura\" \/>\n\t<meta name=\"twitter:data2\" content=\"4 minutos\" \/>\n<script type=\"application\/ld+json\" class=\"yoast-schema-graph\">{\"@context\":\"https:\\\/\\\/schema.org\",\"@graph\":[{\"@type\":\"Article\",\"@id\":\"https:\\\/\\\/www.alumni.space\\\/pt-pt\\\/como-podem-os-tecnicos-oficiais-de-contas-antecipar-a-perda-de-competencias\\\/#article\",\"isPartOf\":{\"@id\":\"https:\\\/\\\/www.alumni.space\\\/pt-pt\\\/como-podem-os-tecnicos-oficiais-de-contas-antecipar-a-perda-de-competencias\\\/\"},\"author\":{\"name\":\"admin\",\"@id\":\"https:\\\/\\\/www.alumni.space\\\/pt-pt\\\/#\\\/schema\\\/person\\\/fede362a57876edda476a61f05ce5b15\"},\"headline\":\"Como podem os t\u00e9cnicos oficiais de contas antecipar a perda de compet\u00eancias?\",\"datePublished\":\"2026-04-02T06:35:24+00:00\",\"dateModified\":\"2026-04-02T09:24:29+00:00\",\"mainEntityOfPage\":{\"@id\":\"https:\\\/\\\/www.alumni.space\\\/pt-pt\\\/como-podem-os-tecnicos-oficiais-de-contas-antecipar-a-perda-de-competencias\\\/\"},\"wordCount\":820,\"image\":{\"@id\":\"https:\\\/\\\/www.alumni.space\\\/pt-pt\\\/como-podem-os-tecnicos-oficiais-de-contas-antecipar-a-perda-de-competencias\\\/#primaryimage\"},\"thumbnailUrl\":\"https:\\\/\\\/www.alumni.space\\\/wp-content\\\/uploads\\\/2026\\\/04\\\/Comment-les-experts-comptables-peuvent-ils-anticiper-la-perte-de-competences-.jpg\",\"articleSection\":[\"Recursos Humanos\"],\"inLanguage\":\"pt-PT\"},{\"@type\":\"WebPage\",\"@id\":\"https:\\\/\\\/www.alumni.space\\\/pt-pt\\\/como-podem-os-tecnicos-oficiais-de-contas-antecipar-a-perda-de-competencias\\\/\",\"url\":\"https:\\\/\\\/www.alumni.space\\\/pt-pt\\\/como-podem-os-tecnicos-oficiais-de-contas-antecipar-a-perda-de-competencias\\\/\",\"name\":\"Antecipar a perda de compet\u00eancias dos t\u00e9cnicos oficiais de contas\",\"isPartOf\":{\"@id\":\"https:\\\/\\\/www.alumni.space\\\/pt-pt\\\/#website\"},\"primaryImageOfPage\":{\"@id\":\"https:\\\/\\\/www.alumni.space\\\/pt-pt\\\/como-podem-os-tecnicos-oficiais-de-contas-antecipar-a-perda-de-competencias\\\/#primaryimage\"},\"image\":{\"@id\":\"https:\\\/\\\/www.alumni.space\\\/pt-pt\\\/como-podem-os-tecnicos-oficiais-de-contas-antecipar-a-perda-de-competencias\\\/#primaryimage\"},\"thumbnailUrl\":\"https:\\\/\\\/www.alumni.space\\\/wp-content\\\/uploads\\\/2026\\\/04\\\/Comment-les-experts-comptables-peuvent-ils-anticiper-la-perte-de-competences-.jpg\",\"datePublished\":\"2026-04-02T06:35:24+00:00\",\"dateModified\":\"2026-04-02T09:24:29+00:00\",\"author\":{\"@id\":\"https:\\\/\\\/www.alumni.space\\\/pt-pt\\\/#\\\/schema\\\/person\\\/fede362a57876edda476a61f05ce5b15\"},\"description\":\"Descobre como os t\u00e9cnicos oficiais de contas est\u00e3o a antecipar a perda de compet\u00eancias para garantir a continuidade e a efici\u00eancia das suas empresas.\",\"breadcrumb\":{\"@id\":\"https:\\\/\\\/www.alumni.space\\\/pt-pt\\\/como-podem-os-tecnicos-oficiais-de-contas-antecipar-a-perda-de-competencias\\\/#breadcrumb\"},\"inLanguage\":\"pt-PT\",\"potentialAction\":[{\"@type\":\"ReadAction\",\"target\":[\"https:\\\/\\\/www.alumni.space\\\/pt-pt\\\/como-podem-os-tecnicos-oficiais-de-contas-antecipar-a-perda-de-competencias\\\/\"]}]},{\"@type\":\"ImageObject\",\"inLanguage\":\"pt-PT\",\"@id\":\"https:\\\/\\\/www.alumni.space\\\/pt-pt\\\/como-podem-os-tecnicos-oficiais-de-contas-antecipar-a-perda-de-competencias\\\/#primaryimage\",\"url\":\"https:\\\/\\\/www.alumni.space\\\/wp-content\\\/uploads\\\/2026\\\/04\\\/Comment-les-experts-comptables-peuvent-ils-anticiper-la-perte-de-competences-.jpg\",\"contentUrl\":\"https:\\\/\\\/www.alumni.space\\\/wp-content\\\/uploads\\\/2026\\\/04\\\/Comment-les-experts-comptables-peuvent-ils-anticiper-la-perte-de-competences-.jpg\",\"width\":1280,\"height\":768,\"caption\":\"d\u00e9couvrez comment les experts-comptables peuvent anticiper la perte de comp\u00e9tences gr\u00e2ce \u00e0 des strat\u00e9gies efficaces de gestion des talents et de formation continue.\"},{\"@type\":\"BreadcrumbList\",\"@id\":\"https:\\\/\\\/www.alumni.space\\\/pt-pt\\\/como-podem-os-tecnicos-oficiais-de-contas-antecipar-a-perda-de-competencias\\\/#breadcrumb\",\"itemListElement\":[{\"@type\":\"ListItem\",\"position\":1,\"name\":\"Home\",\"item\":\"https:\\\/\\\/www.alumni.space\\\/pt-pt\\\/plataforma-de-gestao-de-mentores-e-antigos-alunos\\\/\"},{\"@type\":\"ListItem\",\"position\":2,\"name\":\"Como podem os t\u00e9cnicos oficiais de contas antecipar a perda de compet\u00eancias?\"}]},{\"@type\":\"WebSite\",\"@id\":\"https:\\\/\\\/www.alumni.space\\\/pt-pt\\\/#website\",\"url\":\"https:\\\/\\\/www.alumni.space\\\/pt-pt\\\/\",\"name\":\"Alumni.space\",\"description\":\"My WordPress Blog\",\"potentialAction\":[{\"@type\":\"SearchAction\",\"target\":{\"@type\":\"EntryPoint\",\"urlTemplate\":\"https:\\\/\\\/www.alumni.space\\\/pt-pt\\\/?s={search_term_string}\"},\"query-input\":{\"@type\":\"PropertyValueSpecification\",\"valueRequired\":true,\"valueName\":\"search_term_string\"}}],\"inLanguage\":\"pt-PT\"},{\"@type\":\"Person\",\"@id\":\"https:\\\/\\\/www.alumni.space\\\/pt-pt\\\/#\\\/schema\\\/person\\\/fede362a57876edda476a61f05ce5b15\",\"name\":\"admin\",\"image\":{\"@type\":\"ImageObject\",\"inLanguage\":\"pt-PT\",\"@id\":\"https:\\\/\\\/secure.gravatar.com\\\/avatar\\\/318e234ae94f90d4d629428d6b983c08e31181c28f579e08a021180d759ea651?s=96&d=mm&r=g\",\"url\":\"https:\\\/\\\/secure.gravatar.com\\\/avatar\\\/318e234ae94f90d4d629428d6b983c08e31181c28f579e08a021180d759ea651?s=96&d=mm&r=g\",\"contentUrl\":\"https:\\\/\\\/secure.gravatar.com\\\/avatar\\\/318e234ae94f90d4d629428d6b983c08e31181c28f579e08a021180d759ea651?s=96&d=mm&r=g\",\"caption\":\"admin\"},\"description\":\"Nicolas Laustriat a construit sa sp\u00e9cialit\u00e9 sur un sujet que beaucoup d\u2019organisations d\u00e9couvrent trop tard : ce qui dispara\u00eet quand les gens partent. Dipl\u00f4m\u00e9 en conception de produit industriel, il bifurque vers le digital fin 1996, il couvre les transformations marques, RH, la fid\u00e9lisation, la marque employeur. Sur le terrain, il rep\u00e8re un angle mort r\u00e9current : l\u2019entreprise investit dans le recrutement, la formation, les process\u2026 puis laisse filer le lien au moment du d\u00e9part, avec une perte de savoir et d\u2019influence qui se paie en silence. Il se sp\u00e9cialise alors sur les communaut\u00e9s d\u2019alumni, le mentorat, l\u2019entraide interg\u00e9n\u00e9rationnelle et la transmission d\u2019expertise. Il passe du \u201cconstat\u201d aux m\u00e9thodes : animation, gouvernance, segmentation, rituels, mesure d\u2019engagement, articulation avec la RSE et l\u2019employabilit\u00e9. Il interviewe DRH, responsables formation, directions d\u2019\u00e9coles, associations et fondations, avec une obsession : transformer un r\u00e9seau dormant en m\u00e9canisme utile (cooptation, mentorat, job board, entraide, \u00e9v\u00e9nements, contenus). Son style : direct, orient\u00e9 action, sans folklore. Sa conviction : une communaut\u00e9 n\u2019a pas besoin de bruit, elle a besoin de raisons de revenir.\",\"sameAs\":[\"https:\\\/\\\/www.alumni.space\"]}]}<\/script>\n<!-- \/ Yoast SEO plugin. -->","yoast_head_json":{"title":"Antecipar a perda de compet\u00eancias dos t\u00e9cnicos oficiais de contas","description":"Descobre como os t\u00e9cnicos oficiais de contas est\u00e3o a antecipar a perda de compet\u00eancias para garantir a continuidade e a efici\u00eancia das suas empresas.","robots":{"index":"index","follow":"follow","max-snippet":"max-snippet:-1","max-image-preview":"max-image-preview:large","max-video-preview":"max-video-preview:-1"},"canonical":"https:\/\/www.alumni.space\/pt-pt\/como-podem-os-tecnicos-oficiais-de-contas-antecipar-a-perda-de-competencias\/","og_locale":"pt_PT","og_type":"article","og_title":"Antecipar a perda de compet\u00eancias dos t\u00e9cnicos oficiais de contas","og_description":"Descobre como os t\u00e9cnicos oficiais de contas est\u00e3o a antecipar a perda de compet\u00eancias para garantir a continuidade e a efici\u00eancia das suas empresas.","og_url":"https:\/\/www.alumni.space\/pt-pt\/como-podem-os-tecnicos-oficiais-de-contas-antecipar-a-perda-de-competencias\/","og_site_name":"Alumni.space","article_published_time":"2026-04-02T06:35:24+00:00","article_modified_time":"2026-04-02T09:24:29+00:00","og_image":[{"width":1280,"height":768,"url":"https:\/\/www.alumni.space\/wp-content\/uploads\/2026\/04\/Comment-les-experts-comptables-peuvent-ils-anticiper-la-perte-de-competences-.jpg","type":"image\/jpeg"}],"author":"admin","twitter_card":"summary_large_image","twitter_misc":{"Escrito por":"admin","Tempo estimado de leitura":"4 minutos"},"schema":{"@context":"https:\/\/schema.org","@graph":[{"@type":"Article","@id":"https:\/\/www.alumni.space\/pt-pt\/como-podem-os-tecnicos-oficiais-de-contas-antecipar-a-perda-de-competencias\/#article","isPartOf":{"@id":"https:\/\/www.alumni.space\/pt-pt\/como-podem-os-tecnicos-oficiais-de-contas-antecipar-a-perda-de-competencias\/"},"author":{"name":"admin","@id":"https:\/\/www.alumni.space\/pt-pt\/#\/schema\/person\/fede362a57876edda476a61f05ce5b15"},"headline":"Como podem os t\u00e9cnicos oficiais de contas antecipar a perda de compet\u00eancias?","datePublished":"2026-04-02T06:35:24+00:00","dateModified":"2026-04-02T09:24:29+00:00","mainEntityOfPage":{"@id":"https:\/\/www.alumni.space\/pt-pt\/como-podem-os-tecnicos-oficiais-de-contas-antecipar-a-perda-de-competencias\/"},"wordCount":820,"image":{"@id":"https:\/\/www.alumni.space\/pt-pt\/como-podem-os-tecnicos-oficiais-de-contas-antecipar-a-perda-de-competencias\/#primaryimage"},"thumbnailUrl":"https:\/\/www.alumni.space\/wp-content\/uploads\/2026\/04\/Comment-les-experts-comptables-peuvent-ils-anticiper-la-perte-de-competences-.jpg","articleSection":["Recursos Humanos"],"inLanguage":"pt-PT"},{"@type":"WebPage","@id":"https:\/\/www.alumni.space\/pt-pt\/como-podem-os-tecnicos-oficiais-de-contas-antecipar-a-perda-de-competencias\/","url":"https:\/\/www.alumni.space\/pt-pt\/como-podem-os-tecnicos-oficiais-de-contas-antecipar-a-perda-de-competencias\/","name":"Antecipar a perda de compet\u00eancias dos t\u00e9cnicos oficiais de contas","isPartOf":{"@id":"https:\/\/www.alumni.space\/pt-pt\/#website"},"primaryImageOfPage":{"@id":"https:\/\/www.alumni.space\/pt-pt\/como-podem-os-tecnicos-oficiais-de-contas-antecipar-a-perda-de-competencias\/#primaryimage"},"image":{"@id":"https:\/\/www.alumni.space\/pt-pt\/como-podem-os-tecnicos-oficiais-de-contas-antecipar-a-perda-de-competencias\/#primaryimage"},"thumbnailUrl":"https:\/\/www.alumni.space\/wp-content\/uploads\/2026\/04\/Comment-les-experts-comptables-peuvent-ils-anticiper-la-perte-de-competences-.jpg","datePublished":"2026-04-02T06:35:24+00:00","dateModified":"2026-04-02T09:24:29+00:00","author":{"@id":"https:\/\/www.alumni.space\/pt-pt\/#\/schema\/person\/fede362a57876edda476a61f05ce5b15"},"description":"Descobre como os t\u00e9cnicos oficiais de contas est\u00e3o a antecipar a perda de compet\u00eancias para garantir a continuidade e a efici\u00eancia das suas empresas.","breadcrumb":{"@id":"https:\/\/www.alumni.space\/pt-pt\/como-podem-os-tecnicos-oficiais-de-contas-antecipar-a-perda-de-competencias\/#breadcrumb"},"inLanguage":"pt-PT","potentialAction":[{"@type":"ReadAction","target":["https:\/\/www.alumni.space\/pt-pt\/como-podem-os-tecnicos-oficiais-de-contas-antecipar-a-perda-de-competencias\/"]}]},{"@type":"ImageObject","inLanguage":"pt-PT","@id":"https:\/\/www.alumni.space\/pt-pt\/como-podem-os-tecnicos-oficiais-de-contas-antecipar-a-perda-de-competencias\/#primaryimage","url":"https:\/\/www.alumni.space\/wp-content\/uploads\/2026\/04\/Comment-les-experts-comptables-peuvent-ils-anticiper-la-perte-de-competences-.jpg","contentUrl":"https:\/\/www.alumni.space\/wp-content\/uploads\/2026\/04\/Comment-les-experts-comptables-peuvent-ils-anticiper-la-perte-de-competences-.jpg","width":1280,"height":768,"caption":"d\u00e9couvrez comment les experts-comptables peuvent anticiper la perte de comp\u00e9tences gr\u00e2ce \u00e0 des strat\u00e9gies efficaces de gestion des talents et de formation continue."},{"@type":"BreadcrumbList","@id":"https:\/\/www.alumni.space\/pt-pt\/como-podem-os-tecnicos-oficiais-de-contas-antecipar-a-perda-de-competencias\/#breadcrumb","itemListElement":[{"@type":"ListItem","position":1,"name":"Home","item":"https:\/\/www.alumni.space\/pt-pt\/plataforma-de-gestao-de-mentores-e-antigos-alunos\/"},{"@type":"ListItem","position":2,"name":"Como podem os t\u00e9cnicos oficiais de contas antecipar a perda de compet\u00eancias?"}]},{"@type":"WebSite","@id":"https:\/\/www.alumni.space\/pt-pt\/#website","url":"https:\/\/www.alumni.space\/pt-pt\/","name":"Alumni.space","description":"My WordPress Blog","potentialAction":[{"@type":"SearchAction","target":{"@type":"EntryPoint","urlTemplate":"https:\/\/www.alumni.space\/pt-pt\/?s={search_term_string}"},"query-input":{"@type":"PropertyValueSpecification","valueRequired":true,"valueName":"search_term_string"}}],"inLanguage":"pt-PT"},{"@type":"Person","@id":"https:\/\/www.alumni.space\/pt-pt\/#\/schema\/person\/fede362a57876edda476a61f05ce5b15","name":"admin","image":{"@type":"ImageObject","inLanguage":"pt-PT","@id":"https:\/\/secure.gravatar.com\/avatar\/318e234ae94f90d4d629428d6b983c08e31181c28f579e08a021180d759ea651?s=96&d=mm&r=g","url":"https:\/\/secure.gravatar.com\/avatar\/318e234ae94f90d4d629428d6b983c08e31181c28f579e08a021180d759ea651?s=96&d=mm&r=g","contentUrl":"https:\/\/secure.gravatar.com\/avatar\/318e234ae94f90d4d629428d6b983c08e31181c28f579e08a021180d759ea651?s=96&d=mm&r=g","caption":"admin"},"description":"Nicolas Laustriat a construit sa sp\u00e9cialit\u00e9 sur un sujet que beaucoup d\u2019organisations d\u00e9couvrent trop tard : ce qui dispara\u00eet quand les gens partent. Dipl\u00f4m\u00e9 en conception de produit industriel, il bifurque vers le digital fin 1996, il couvre les transformations marques, RH, la fid\u00e9lisation, la marque employeur. Sur le terrain, il rep\u00e8re un angle mort r\u00e9current : l\u2019entreprise investit dans le recrutement, la formation, les process\u2026 puis laisse filer le lien au moment du d\u00e9part, avec une perte de savoir et d\u2019influence qui se paie en silence. Il se sp\u00e9cialise alors sur les communaut\u00e9s d\u2019alumni, le mentorat, l\u2019entraide interg\u00e9n\u00e9rationnelle et la transmission d\u2019expertise. Il passe du \u201cconstat\u201d aux m\u00e9thodes : animation, gouvernance, segmentation, rituels, mesure d\u2019engagement, articulation avec la RSE et l\u2019employabilit\u00e9. Il interviewe DRH, responsables formation, directions d\u2019\u00e9coles, associations et fondations, avec une obsession : transformer un r\u00e9seau dormant en m\u00e9canisme utile (cooptation, mentorat, job board, entraide, \u00e9v\u00e9nements, contenus). Son style : direct, orient\u00e9 action, sans folklore. Sa conviction : une communaut\u00e9 n\u2019a pas besoin de bruit, elle a besoin de raisons de revenir.","sameAs":["https:\/\/www.alumni.space"]}]}},"_links":{"self":[{"href":"https:\/\/www.alumni.space\/pt-pt\/wp-json\/wp\/v2\/posts\/6605","targetHints":{"allow":["GET"]}}],"collection":[{"href":"https:\/\/www.alumni.space\/pt-pt\/wp-json\/wp\/v2\/posts"}],"about":[{"href":"https:\/\/www.alumni.space\/pt-pt\/wp-json\/wp\/v2\/types\/post"}],"author":[{"embeddable":true,"href":"https:\/\/www.alumni.space\/pt-pt\/wp-json\/wp\/v2\/users\/1"}],"replies":[{"embeddable":true,"href":"https:\/\/www.alumni.space\/pt-pt\/wp-json\/wp\/v2\/comments?post=6605"}],"version-history":[{"count":2,"href":"https:\/\/www.alumni.space\/pt-pt\/wp-json\/wp\/v2\/posts\/6605\/revisions"}],"predecessor-version":[{"id":6899,"href":"https:\/\/www.alumni.space\/pt-pt\/wp-json\/wp\/v2\/posts\/6605\/revisions\/6899"}],"wp:featuredmedia":[{"embeddable":true,"href":"https:\/\/www.alumni.space\/pt-pt\/wp-json\/wp\/v2\/media\/6608"}],"wp:attachment":[{"href":"https:\/\/www.alumni.space\/pt-pt\/wp-json\/wp\/v2\/media?parent=6605"}],"wp:term":[{"taxonomy":"category","embeddable":true,"href":"https:\/\/www.alumni.space\/pt-pt\/wp-json\/wp\/v2\/categories?post=6605"},{"taxonomy":"post_tag","embeddable":true,"href":"https:\/\/www.alumni.space\/pt-pt\/wp-json\/wp\/v2\/tags?post=6605"}],"curies":[{"name":"wp","href":"https:\/\/api.w.org\/{rel}","templated":true}]}}