{"id":6038,"date":"2026-01-29T03:18:32","date_gmt":"2026-01-29T03:18:32","guid":{"rendered":"https:\/\/www.alumni.space\/a-industria-do-vinho-face-a-piramide-etaria\/"},"modified":"2026-03-28T10:44:09","modified_gmt":"2026-03-28T10:44:09","slug":"a-industria-do-vinho-face-a-piramide-etaria","status":"publish","type":"post","link":"https:\/\/www.alumni.space\/pt-pt\/a-industria-do-vinho-face-a-piramide-etaria\/","title":{"rendered":"A ind\u00fastria do vinho face \u00e0 pir\u00e2mide et\u00e1ria"},"content":{"rendered":"<div id=\"ez-toc-container\" class=\"ez-toc-v2_0_82_2 counter-flat ez-toc-counter ez-toc-grey ez-toc-container-direction\">\n<div class=\"ez-toc-title-container\"><p class=\"ez-toc-title\" style=\"cursor:inherit\">\u00cdndice deste artigo:<\/p>\n<\/div><nav><ul class='ez-toc-list ez-toc-list-level-1 ' ><li class='ez-toc-page-1'><a class=\"ez-toc-link ez-toc-heading-1\" href=\"https:\/\/www.alumni.space\/pt-pt\/a-industria-do-vinho-face-a-piramide-etaria\/#A_industria_do_vinho_face_aos_desafios_demograficos_e_a_piramide_etaria\" >A ind\u00fastria do vinho face aos desafios demogr\u00e1ficos e \u00e0 pir\u00e2mide et\u00e1ria<\/a><\/li><li class='ez-toc-page-1'><a class=\"ez-toc-link ez-toc-heading-2\" href=\"https:\/\/www.alumni.space\/pt-pt\/a-industria-do-vinho-face-a-piramide-etaria\/#Numero_limitado_de_jovens_viticultores_para_fazer_face_ao_envelhecimento_da_populacao\" >N\u00famero limitado de jovens viticultores para fazer face ao envelhecimento da popula\u00e7\u00e3o<\/a><\/li><li class='ez-toc-page-1'><a class=\"ez-toc-link ez-toc-heading-3\" href=\"https:\/\/www.alumni.space\/pt-pt\/a-industria-do-vinho-face-a-piramide-etaria\/#Transmitir_o_saber-fazer_e_o_capital_uma_questao_crucial_para_o_sector_vitivinicola\" >Transmitir o saber-fazer e o capital: uma quest\u00e3o crucial para o sector vitivin\u00edcola<\/a><\/li><li class='ez-toc-page-1'><a class=\"ez-toc-link ez-toc-heading-4\" href=\"https:\/\/www.alumni.space\/pt-pt\/a-industria-do-vinho-face-a-piramide-etaria\/#Como_e_que_a_industria_do_vinho_esta_a_adaptar_a_sua_governacao_a_piramide_etaria\" >Como \u00e9 que a ind\u00fastria do vinho est\u00e1 a adaptar a sua governa\u00e7\u00e3o \u00e0 pir\u00e2mide et\u00e1ria?<\/a><\/li><li class='ez-toc-page-1'><a class=\"ez-toc-link ez-toc-heading-5\" href=\"https:\/\/www.alumni.space\/pt-pt\/a-industria-do-vinho-face-a-piramide-etaria\/#Iniciativas_inovadoras_para_antecipar_as_saidas_e_apoiar_a_renovacao\" >Iniciativas inovadoras para antecipar as sa\u00eddas e apoiar a renova\u00e7\u00e3o<\/a><\/li><li class='ez-toc-page-1'><a class=\"ez-toc-link ez-toc-heading-6\" href=\"https:\/\/www.alumni.space\/pt-pt\/a-industria-do-vinho-face-a-piramide-etaria\/#O_futuro_da_vinha_gerir_a_transicao_geracional_atraves_da_tecnologia_e_da_rede\" >O futuro da vinha: gerir a transi\u00e7\u00e3o geracional atrav\u00e9s da tecnologia e da rede<\/a><\/li><\/ul><\/nav><\/div>\n<h2 class=\"wp-block-heading\"><span class=\"ez-toc-section\" id=\"A_industria_do_vinho_face_aos_desafios_demograficos_e_a_piramide_etaria\"><\/span>A ind\u00fastria do vinho face aos desafios demogr\u00e1ficos e \u00e0 pir\u00e2mide et\u00e1ria<span class=\"ez-toc-section-end\"><\/span><\/h2><p>O sector vitivin\u00edcola enfrenta atualmente um desafio importante: o envelhecimento acentuado da sua m\u00e3o de obra. Com uma taxa elevada de reformas e uma rota\u00e7\u00e3o geracional insuficiente, a estrutura demogr\u00e1fica dos viticultores est\u00e1 a tornar-se um obst\u00e1culo para o futuro das vinhas. Esta discrep\u00e2ncia amea\u00e7a a transfer\u00eancia de saber-fazer e compromete a continuidade das actividades vit\u00edcolas.  <\/p><figure class=\"wp-block-image size-full\"><img decoding=\"async\" width=\"1280\" height=\"768\" src=\"https:\/\/www.alumni.space\/wp-content\/uploads\/2026\/03\/La-filiere-viticole-confrontee-a-la-pyramide-des-ages-1.jpg\" data-orig-src=\"https:\/\/www.alumni.space\/wp-content\/uploads\/2026\/03\/La-filiere-viticole-confrontee-a-la-pyramide-des-ages-1.jpg\" alt=\"descobre mais sobre os desafios demogr\u00e1ficos que a ind\u00fastria vitivin\u00edcola enfrenta face \u00e0 pir\u00e2mide et\u00e1ria e os desafios para garantir a sua renova\u00e7\u00e3o e sustentabilidade.\" class=\"lazyload wp-image-3186\" srcset=\"data:image\/svg+xml,%3Csvg%20xmlns%3D%27http%3A%2F%2Fwww.w3.org%2F2000%2Fsvg%27%20width%3D%271280%27%20height%3D%27768%27%20viewBox%3D%270%200%201280%20768%27%3E%3Crect%20width%3D%271280%27%20height%3D%27768%27%20fill-opacity%3D%220%22%2F%3E%3C%2Fsvg%3E\" data-srcset=\"https:\/\/www.alumni.space\/wp-content\/uploads\/2026\/03\/La-filiere-viticole-confrontee-a-la-pyramide-des-ages-1-200x120.jpg 200w, https:\/\/www.alumni.space\/wp-content\/uploads\/2026\/03\/La-filiere-viticole-confrontee-a-la-pyramide-des-ages-1-300x180.jpg 300w, https:\/\/www.alumni.space\/wp-content\/uploads\/2026\/03\/La-filiere-viticole-confrontee-a-la-pyramide-des-ages-1-400x240.jpg 400w, https:\/\/www.alumni.space\/wp-content\/uploads\/2026\/03\/La-filiere-viticole-confrontee-a-la-pyramide-des-ages-1-600x360.jpg 600w, https:\/\/www.alumni.space\/wp-content\/uploads\/2026\/03\/La-filiere-viticole-confrontee-a-la-pyramide-des-ages-1-768x461.jpg 768w, https:\/\/www.alumni.space\/wp-content\/uploads\/2026\/03\/La-filiere-viticole-confrontee-a-la-pyramide-des-ages-1-800x480.jpg 800w, https:\/\/www.alumni.space\/wp-content\/uploads\/2026\/03\/La-filiere-viticole-confrontee-a-la-pyramide-des-ages-1-1024x614.jpg 1024w, https:\/\/www.alumni.space\/wp-content\/uploads\/2026\/03\/La-filiere-viticole-confrontee-a-la-pyramide-des-ages-1-1200x720.jpg 1200w, https:\/\/www.alumni.space\/wp-content\/uploads\/2026\/03\/La-filiere-viticole-confrontee-a-la-pyramide-des-ages-1.jpg 1280w\" data-sizes=\"auto\" data-orig-sizes=\"(max-width: 1280px) 100vw, 1280px\" \/><\/figure><h3 class=\"wp-block-heading\"><span class=\"ez-toc-section\" id=\"Numero_limitado_de_jovens_viticultores_para_fazer_face_ao_envelhecimento_da_populacao\"><\/span>N\u00famero limitado de jovens viticultores para fazer face ao envelhecimento da popula\u00e7\u00e3o<span class=\"ez-toc-section-end\"><\/span><\/h3><p>Os grandes operadores do sector vitivin\u00edcola est\u00e3o a caminho da reforma. Esta popula\u00e7\u00e3o envelhecida nem sempre consegue encontrar jovens para a substituir, uma vez que o seu interesse pela profiss\u00e3o muda e se concentra em volumes mais pequenos ou em padr\u00f5es de consumo diferentes. Isto afecta a renova\u00e7\u00e3o das gera\u00e7\u00f5es, acentuando a assimetria da pir\u00e2mide et\u00e1ria.  <\/p><p>Os rec\u00e9m-chegados preferem geralmente os vinhos espumantes ou ros\u00e9s leves, menos exigentes em termos de volume do que os vinhos tintos tradicionais. Consequentemente, a press\u00e3o sobre as explora\u00e7\u00f5es familiares aumenta, nomeadamente nas zonas dif\u00edceis, onde o retorno dos investimentos parece incerto. Esta situa\u00e7\u00e3o reflecte um desequil\u00edbrio que pode revelar-se cr\u00edtico para a gest\u00e3o a longo prazo dos terroirs.  <\/p><h3 class=\"wp-block-heading\"><span class=\"ez-toc-section\" id=\"Transmitir_o_saber-fazer_e_o_capital_uma_questao_crucial_para_o_sector_vitivinicola\"><\/span>Transmitir o saber-fazer e o capital: uma quest\u00e3o crucial para o sector vitivin\u00edcola<span class=\"ez-toc-section-end\"><\/span><\/h3><p>O desaparecimento progressivo de operadores experientes implica um risco significativo de perda de experi\u00eancia e de compet\u00eancias. A efic\u00e1cia dos processos de transmiss\u00e3o e de tutoria torna-se assim uma alavanca essencial para assegurar a continuidade. O desafio consiste em p\u00f4r em pr\u00e1tica estrat\u00e9gias para otimizar a coopta\u00e7\u00e3o e a integra\u00e7\u00e3o dos jovens viticultores, mantendo a excel\u00eancia das pr\u00e1ticas.  <\/p><p>A digitaliza\u00e7\u00e3o dos interc\u00e2mbios e a gest\u00e3o estruturada das comunidades profissionais desempenham um papel fundamental neste contexto. As plataformas SaaS dedicadas ao trabalho em rede, como <a href=\"https:\/\/www.alumni.space\/pt-pt\/piramide-etaria-um-desafio-subestimado-para-as-profissoes-tecnicas\/\">esta solu\u00e7\u00e3o<\/a>, permitem acompanhar e antecipar a evolu\u00e7\u00e3o da pir\u00e2mide et\u00e1ria. Facilitam igualmente a partilha de informa\u00e7\u00f5es e a forma\u00e7\u00e3o cont\u00ednua entre gera\u00e7\u00f5es.  <\/p><h2 class=\"wp-block-heading\"><span class=\"ez-toc-section\" id=\"Como_e_que_a_industria_do_vinho_esta_a_adaptar_a_sua_governacao_a_piramide_etaria\"><\/span>Como \u00e9 que a ind\u00fastria do vinho est\u00e1 a adaptar a sua governa\u00e7\u00e3o \u00e0 pir\u00e2mide et\u00e1ria?<span class=\"ez-toc-section-end\"><\/span><\/h2><p>Face a esta demografia complexa, os decisores devem repensar a governa\u00e7\u00e3o e a gest\u00e3o das explora\u00e7\u00f5es agr\u00edcolas. \u00c9 necess\u00e1rio refor\u00e7ar o esp\u00edrito comunit\u00e1rio, com um maior empenhamento dos intervenientes para limitar a perda de conhecimentos e favorecer os la\u00e7os intergeracionais. Indicadores precisos e um acompanhamento regular permitir\u00e3o adotar medidas adaptadas \u00e0 situa\u00e7\u00e3o no terreno.  <\/p><p>O Cr\u00e9dit Agricole, um dos principais parceiros do sector, apoia ativamente estas iniciativas. Contribui, nomeadamente, para aliviar a tesouraria das explora\u00e7\u00f5es em dificuldade, facilitando assim a sua transi\u00e7\u00e3o e a prepara\u00e7\u00e3o da reforma. Esta abordagem \u00e9 completada por um plano de arranque financiado em 120 milh\u00f5es de euros, que d\u00e1 aos profissionais a margem de manobra necess\u00e1ria para proceder a ajustamentos estrat\u00e9gicos das superf\u00edcies cultivadas.  <\/p><h3 class=\"wp-block-heading\"><span class=\"ez-toc-section\" id=\"Iniciativas_inovadoras_para_antecipar_as_saidas_e_apoiar_a_renovacao\"><\/span>Iniciativas inovadoras para antecipar as sa\u00eddas e apoiar a renova\u00e7\u00e3o<span class=\"ez-toc-section-end\"><\/span><\/h3><p>Para assegurar a pr\u00f3xima gera\u00e7\u00e3o de viticultores, o sector pode contar com esquemas de desenvolvimento comunit\u00e1rio que re\u00fanem mentores experientes e jovens viticultores. Estas pr\u00e1ticas ajudam a refor\u00e7ar o sentimento de perten\u00e7a e a mobiliza\u00e7\u00e3o em torno da profiss\u00e3o. O desenvolvimento de conte\u00fados especializados, a organiza\u00e7\u00e3o de eventos espec\u00edficos e a oferta de cursos de mentores s\u00e3o respostas operacionais \u00e0 crise demogr\u00e1fica.  <\/p><p>As equipas de recursos humanos, em particular nas organiza\u00e7\u00f5es de forma\u00e7\u00e3o, utilizam ferramentas poderosas para antecipar as mudan\u00e7as nos efectivos e estabelecer rituais de apoio. Para al\u00e9m de acelerar a integra\u00e7\u00e3o profissional, este m\u00e9todo reduz os riscos associados \u00e0s sa\u00eddas imprevistas. <\/p><h2 class=\"wp-block-heading\"><span class=\"ez-toc-section\" id=\"O_futuro_da_vinha_gerir_a_transicao_geracional_atraves_da_tecnologia_e_da_rede\"><\/span>O futuro da vinha: gerir a transi\u00e7\u00e3o geracional atrav\u00e9s da tecnologia e da rede<span class=\"ez-toc-section-end\"><\/span><\/h2><p>O controlo da pir\u00e2mide et\u00e1ria exige inevitavelmente uma gest\u00e3o rigorosa baseada em indicadores-chave adequados. Conhecer a reparti\u00e7\u00e3o exacta da m\u00e3o de obra, medir a taxa de transfer\u00eancia das explora\u00e7\u00f5es e analisar o perfil dos novos participantes s\u00e3o etapas fundamentais. Esta abordagem torna a governa\u00e7\u00e3o mais segura e reduz os custos ocultos associados \u00e0 perda de compet\u00eancias ou \u00e0 m\u00e1 integra\u00e7\u00e3o dos jovens.  <\/p><p>\u00c9 essencial industrializar estes processos atrav\u00e9s de uma plataforma \u00fanica e colaborativa. A multiplica\u00e7\u00e3o de ferramentas dispersas resulta numa perda de tempo significativa e atrasa o compromisso a longo prazo dos actores envolvidos. <a href=\"https:\/\/www.alumni.space\/pt-pt\/como-e-que-os-departamentos-de-rh-podem-antecipar-a-piramide-etaria\/\">Os profissionais de recursos humanos<\/a> confirmam que a centraliza\u00e7\u00e3o dos dados optimiza a gest\u00e3o e facilita a tomada de decis\u00f5es estrat\u00e9gicas, nomeadamente no sector vitivin\u00edcola. <\/p>","protected":false},"excerpt":{"rendered":"<p>A ind\u00fastria do vinho face aos desafios demogr\u00e1ficos e \u00e0  [&#8230;]<\/p>\n","protected":false},"author":1,"featured_media":6040,"comment_status":"closed","ping_status":"closed","sticky":false,"template":"","format":"standard","meta":{"_ayudawp_aiss_exclude":false,"footnotes":""},"categories":[70],"tags":[],"class_list":["post-6038","post","type-post","status-publish","format-standard","has-post-thumbnail","hentry","category-recursos-humanos"],"yoast_head":"<!-- This site is optimized with the Yoast SEO plugin v27.4 - https:\/\/yoast.com\/product\/yoast-seo-wordpress\/ -->\n<title>A viticultura enfrenta o desafio da pir\u00e2mide et\u00e1ria<\/title>\n<meta name=\"description\" content=\"Descobre como a ind\u00fastria do vinho est\u00e1 a enfrentar o desafio da pir\u00e2mide et\u00e1ria e a preparar-se para um futuro sustent\u00e1vel.\" \/>\n<meta name=\"robots\" content=\"index, follow, max-snippet:-1, max-image-preview:large, max-video-preview:-1\" \/>\n<link rel=\"canonical\" href=\"https:\/\/www.alumni.space\/pt-pt\/a-industria-do-vinho-face-a-piramide-etaria\/\" \/>\n<meta property=\"og:locale\" content=\"pt_PT\" \/>\n<meta property=\"og:type\" content=\"article\" \/>\n<meta property=\"og:title\" content=\"A viticultura enfrenta o desafio da pir\u00e2mide et\u00e1ria\" \/>\n<meta property=\"og:description\" content=\"Descobre como a ind\u00fastria do vinho est\u00e1 a enfrentar o desafio da pir\u00e2mide et\u00e1ria e a preparar-se para um futuro sustent\u00e1vel.\" \/>\n<meta property=\"og:url\" content=\"https:\/\/www.alumni.space\/pt-pt\/a-industria-do-vinho-face-a-piramide-etaria\/\" \/>\n<meta property=\"og:site_name\" content=\"Alumni.space\" \/>\n<meta property=\"article:published_time\" content=\"2026-01-29T03:18:32+00:00\" \/>\n<meta property=\"article:modified_time\" content=\"2026-03-28T10:44:09+00:00\" \/>\n<meta property=\"og:image\" content=\"https:\/\/www.alumni.space\/wp-content\/uploads\/2026\/03\/La-filiere-viticole-confrontee-a-la-pyramide-des-ages.jpg\" \/>\n\t<meta property=\"og:image:width\" content=\"1280\" \/>\n\t<meta property=\"og:image:height\" content=\"768\" \/>\n\t<meta property=\"og:image:type\" content=\"image\/jpeg\" \/>\n<meta name=\"author\" content=\"admin\" \/>\n<meta name=\"twitter:card\" content=\"summary_large_image\" \/>\n<meta name=\"twitter:label1\" content=\"Escrito por\" \/>\n\t<meta name=\"twitter:data1\" content=\"admin\" \/>\n\t<meta name=\"twitter:label2\" content=\"Tempo estimado de leitura\" \/>\n\t<meta name=\"twitter:data2\" content=\"4 minutos\" \/>\n<script type=\"application\/ld+json\" class=\"yoast-schema-graph\">{\"@context\":\"https:\\\/\\\/schema.org\",\"@graph\":[{\"@type\":\"Article\",\"@id\":\"https:\\\/\\\/www.alumni.space\\\/pt-pt\\\/a-industria-do-vinho-face-a-piramide-etaria\\\/#article\",\"isPartOf\":{\"@id\":\"https:\\\/\\\/www.alumni.space\\\/pt-pt\\\/a-industria-do-vinho-face-a-piramide-etaria\\\/\"},\"author\":{\"name\":\"admin\",\"@id\":\"https:\\\/\\\/www.alumni.space\\\/pt-pt\\\/#\\\/schema\\\/person\\\/fede362a57876edda476a61f05ce5b15\"},\"headline\":\"A ind\u00fastria do vinho face \u00e0 pir\u00e2mide et\u00e1ria\",\"datePublished\":\"2026-01-29T03:18:32+00:00\",\"dateModified\":\"2026-03-28T10:44:09+00:00\",\"mainEntityOfPage\":{\"@id\":\"https:\\\/\\\/www.alumni.space\\\/pt-pt\\\/a-industria-do-vinho-face-a-piramide-etaria\\\/\"},\"wordCount\":818,\"image\":{\"@id\":\"https:\\\/\\\/www.alumni.space\\\/pt-pt\\\/a-industria-do-vinho-face-a-piramide-etaria\\\/#primaryimage\"},\"thumbnailUrl\":\"https:\\\/\\\/www.alumni.space\\\/wp-content\\\/uploads\\\/2026\\\/03\\\/La-filiere-viticole-confrontee-a-la-pyramide-des-ages.jpg\",\"articleSection\":[\"Recursos Humanos\"],\"inLanguage\":\"pt-PT\"},{\"@type\":\"WebPage\",\"@id\":\"https:\\\/\\\/www.alumni.space\\\/pt-pt\\\/a-industria-do-vinho-face-a-piramide-etaria\\\/\",\"url\":\"https:\\\/\\\/www.alumni.space\\\/pt-pt\\\/a-industria-do-vinho-face-a-piramide-etaria\\\/\",\"name\":\"A viticultura enfrenta o desafio da pir\u00e2mide et\u00e1ria\",\"isPartOf\":{\"@id\":\"https:\\\/\\\/www.alumni.space\\\/pt-pt\\\/#website\"},\"primaryImageOfPage\":{\"@id\":\"https:\\\/\\\/www.alumni.space\\\/pt-pt\\\/a-industria-do-vinho-face-a-piramide-etaria\\\/#primaryimage\"},\"image\":{\"@id\":\"https:\\\/\\\/www.alumni.space\\\/pt-pt\\\/a-industria-do-vinho-face-a-piramide-etaria\\\/#primaryimage\"},\"thumbnailUrl\":\"https:\\\/\\\/www.alumni.space\\\/wp-content\\\/uploads\\\/2026\\\/03\\\/La-filiere-viticole-confrontee-a-la-pyramide-des-ages.jpg\",\"datePublished\":\"2026-01-29T03:18:32+00:00\",\"dateModified\":\"2026-03-28T10:44:09+00:00\",\"author\":{\"@id\":\"https:\\\/\\\/www.alumni.space\\\/pt-pt\\\/#\\\/schema\\\/person\\\/fede362a57876edda476a61f05ce5b15\"},\"description\":\"Descobre como a ind\u00fastria do vinho est\u00e1 a enfrentar o desafio da pir\u00e2mide et\u00e1ria e a preparar-se para um futuro sustent\u00e1vel.\",\"breadcrumb\":{\"@id\":\"https:\\\/\\\/www.alumni.space\\\/pt-pt\\\/a-industria-do-vinho-face-a-piramide-etaria\\\/#breadcrumb\"},\"inLanguage\":\"pt-PT\",\"potentialAction\":[{\"@type\":\"ReadAction\",\"target\":[\"https:\\\/\\\/www.alumni.space\\\/pt-pt\\\/a-industria-do-vinho-face-a-piramide-etaria\\\/\"]}]},{\"@type\":\"ImageObject\",\"inLanguage\":\"pt-PT\",\"@id\":\"https:\\\/\\\/www.alumni.space\\\/pt-pt\\\/a-industria-do-vinho-face-a-piramide-etaria\\\/#primaryimage\",\"url\":\"https:\\\/\\\/www.alumni.space\\\/wp-content\\\/uploads\\\/2026\\\/03\\\/La-filiere-viticole-confrontee-a-la-pyramide-des-ages.jpg\",\"contentUrl\":\"https:\\\/\\\/www.alumni.space\\\/wp-content\\\/uploads\\\/2026\\\/03\\\/La-filiere-viticole-confrontee-a-la-pyramide-des-ages.jpg\",\"width\":1280,\"height\":768,\"caption\":\"descobre mais sobre os desafios que a ind\u00fastria vitivin\u00edcola enfrenta face \u00e0 pir\u00e2mide et\u00e1ria e as solu\u00e7\u00f5es que est\u00e3o a ser consideradas para garantir que a pr\u00f3xima gera\u00e7\u00e3o assuma o controlo e o futuro a longo prazo do sector.\"},{\"@type\":\"BreadcrumbList\",\"@id\":\"https:\\\/\\\/www.alumni.space\\\/pt-pt\\\/a-industria-do-vinho-face-a-piramide-etaria\\\/#breadcrumb\",\"itemListElement\":[{\"@type\":\"ListItem\",\"position\":1,\"name\":\"Home\",\"item\":\"https:\\\/\\\/www.alumni.space\\\/pt-pt\\\/plataforma-de-gestao-de-mentores-e-antigos-alunos\\\/\"},{\"@type\":\"ListItem\",\"position\":2,\"name\":\"A ind\u00fastria do vinho face \u00e0 pir\u00e2mide et\u00e1ria\"}]},{\"@type\":\"WebSite\",\"@id\":\"https:\\\/\\\/www.alumni.space\\\/pt-pt\\\/#website\",\"url\":\"https:\\\/\\\/www.alumni.space\\\/pt-pt\\\/\",\"name\":\"Alumni.space\",\"description\":\"My WordPress Blog\",\"potentialAction\":[{\"@type\":\"SearchAction\",\"target\":{\"@type\":\"EntryPoint\",\"urlTemplate\":\"https:\\\/\\\/www.alumni.space\\\/pt-pt\\\/?s={search_term_string}\"},\"query-input\":{\"@type\":\"PropertyValueSpecification\",\"valueRequired\":true,\"valueName\":\"search_term_string\"}}],\"inLanguage\":\"pt-PT\"},{\"@type\":\"Person\",\"@id\":\"https:\\\/\\\/www.alumni.space\\\/pt-pt\\\/#\\\/schema\\\/person\\\/fede362a57876edda476a61f05ce5b15\",\"name\":\"admin\",\"image\":{\"@type\":\"ImageObject\",\"inLanguage\":\"pt-PT\",\"@id\":\"https:\\\/\\\/secure.gravatar.com\\\/avatar\\\/318e234ae94f90d4d629428d6b983c08e31181c28f579e08a021180d759ea651?s=96&d=mm&r=g\",\"url\":\"https:\\\/\\\/secure.gravatar.com\\\/avatar\\\/318e234ae94f90d4d629428d6b983c08e31181c28f579e08a021180d759ea651?s=96&d=mm&r=g\",\"contentUrl\":\"https:\\\/\\\/secure.gravatar.com\\\/avatar\\\/318e234ae94f90d4d629428d6b983c08e31181c28f579e08a021180d759ea651?s=96&d=mm&r=g\",\"caption\":\"admin\"},\"description\":\"Nicolas Laustriat a construit sa sp\u00e9cialit\u00e9 sur un sujet que beaucoup d\u2019organisations d\u00e9couvrent trop tard : ce qui dispara\u00eet quand les gens partent. Dipl\u00f4m\u00e9 en conception de produit industriel, il bifurque vers le digital fin 1996, il couvre les transformations marques, RH, la fid\u00e9lisation, la marque employeur. Sur le terrain, il rep\u00e8re un angle mort r\u00e9current : l\u2019entreprise investit dans le recrutement, la formation, les process\u2026 puis laisse filer le lien au moment du d\u00e9part, avec une perte de savoir et d\u2019influence qui se paie en silence. Il se sp\u00e9cialise alors sur les communaut\u00e9s d\u2019alumni, le mentorat, l\u2019entraide interg\u00e9n\u00e9rationnelle et la transmission d\u2019expertise. Il passe du \u201cconstat\u201d aux m\u00e9thodes : animation, gouvernance, segmentation, rituels, mesure d\u2019engagement, articulation avec la RSE et l\u2019employabilit\u00e9. Il interviewe DRH, responsables formation, directions d\u2019\u00e9coles, associations et fondations, avec une obsession : transformer un r\u00e9seau dormant en m\u00e9canisme utile (cooptation, mentorat, job board, entraide, \u00e9v\u00e9nements, contenus). Son style : direct, orient\u00e9 action, sans folklore. Sa conviction : une communaut\u00e9 n\u2019a pas besoin de bruit, elle a besoin de raisons de revenir.\",\"sameAs\":[\"https:\\\/\\\/www.alumni.space\"]}]}<\/script>\n<!-- \/ Yoast SEO plugin. -->","yoast_head_json":{"title":"A viticultura enfrenta o desafio da pir\u00e2mide et\u00e1ria","description":"Descobre como a ind\u00fastria do vinho est\u00e1 a enfrentar o desafio da pir\u00e2mide et\u00e1ria e a preparar-se para um futuro sustent\u00e1vel.","robots":{"index":"index","follow":"follow","max-snippet":"max-snippet:-1","max-image-preview":"max-image-preview:large","max-video-preview":"max-video-preview:-1"},"canonical":"https:\/\/www.alumni.space\/pt-pt\/a-industria-do-vinho-face-a-piramide-etaria\/","og_locale":"pt_PT","og_type":"article","og_title":"A viticultura enfrenta o desafio da pir\u00e2mide et\u00e1ria","og_description":"Descobre como a ind\u00fastria do vinho est\u00e1 a enfrentar o desafio da pir\u00e2mide et\u00e1ria e a preparar-se para um futuro sustent\u00e1vel.","og_url":"https:\/\/www.alumni.space\/pt-pt\/a-industria-do-vinho-face-a-piramide-etaria\/","og_site_name":"Alumni.space","article_published_time":"2026-01-29T03:18:32+00:00","article_modified_time":"2026-03-28T10:44:09+00:00","og_image":[{"width":1280,"height":768,"url":"https:\/\/www.alumni.space\/wp-content\/uploads\/2026\/03\/La-filiere-viticole-confrontee-a-la-pyramide-des-ages.jpg","type":"image\/jpeg"}],"author":"admin","twitter_card":"summary_large_image","twitter_misc":{"Escrito por":"admin","Tempo estimado de leitura":"4 minutos"},"schema":{"@context":"https:\/\/schema.org","@graph":[{"@type":"Article","@id":"https:\/\/www.alumni.space\/pt-pt\/a-industria-do-vinho-face-a-piramide-etaria\/#article","isPartOf":{"@id":"https:\/\/www.alumni.space\/pt-pt\/a-industria-do-vinho-face-a-piramide-etaria\/"},"author":{"name":"admin","@id":"https:\/\/www.alumni.space\/pt-pt\/#\/schema\/person\/fede362a57876edda476a61f05ce5b15"},"headline":"A ind\u00fastria do vinho face \u00e0 pir\u00e2mide et\u00e1ria","datePublished":"2026-01-29T03:18:32+00:00","dateModified":"2026-03-28T10:44:09+00:00","mainEntityOfPage":{"@id":"https:\/\/www.alumni.space\/pt-pt\/a-industria-do-vinho-face-a-piramide-etaria\/"},"wordCount":818,"image":{"@id":"https:\/\/www.alumni.space\/pt-pt\/a-industria-do-vinho-face-a-piramide-etaria\/#primaryimage"},"thumbnailUrl":"https:\/\/www.alumni.space\/wp-content\/uploads\/2026\/03\/La-filiere-viticole-confrontee-a-la-pyramide-des-ages.jpg","articleSection":["Recursos Humanos"],"inLanguage":"pt-PT"},{"@type":"WebPage","@id":"https:\/\/www.alumni.space\/pt-pt\/a-industria-do-vinho-face-a-piramide-etaria\/","url":"https:\/\/www.alumni.space\/pt-pt\/a-industria-do-vinho-face-a-piramide-etaria\/","name":"A viticultura enfrenta o desafio da pir\u00e2mide et\u00e1ria","isPartOf":{"@id":"https:\/\/www.alumni.space\/pt-pt\/#website"},"primaryImageOfPage":{"@id":"https:\/\/www.alumni.space\/pt-pt\/a-industria-do-vinho-face-a-piramide-etaria\/#primaryimage"},"image":{"@id":"https:\/\/www.alumni.space\/pt-pt\/a-industria-do-vinho-face-a-piramide-etaria\/#primaryimage"},"thumbnailUrl":"https:\/\/www.alumni.space\/wp-content\/uploads\/2026\/03\/La-filiere-viticole-confrontee-a-la-pyramide-des-ages.jpg","datePublished":"2026-01-29T03:18:32+00:00","dateModified":"2026-03-28T10:44:09+00:00","author":{"@id":"https:\/\/www.alumni.space\/pt-pt\/#\/schema\/person\/fede362a57876edda476a61f05ce5b15"},"description":"Descobre como a ind\u00fastria do vinho est\u00e1 a enfrentar o desafio da pir\u00e2mide et\u00e1ria e a preparar-se para um futuro sustent\u00e1vel.","breadcrumb":{"@id":"https:\/\/www.alumni.space\/pt-pt\/a-industria-do-vinho-face-a-piramide-etaria\/#breadcrumb"},"inLanguage":"pt-PT","potentialAction":[{"@type":"ReadAction","target":["https:\/\/www.alumni.space\/pt-pt\/a-industria-do-vinho-face-a-piramide-etaria\/"]}]},{"@type":"ImageObject","inLanguage":"pt-PT","@id":"https:\/\/www.alumni.space\/pt-pt\/a-industria-do-vinho-face-a-piramide-etaria\/#primaryimage","url":"https:\/\/www.alumni.space\/wp-content\/uploads\/2026\/03\/La-filiere-viticole-confrontee-a-la-pyramide-des-ages.jpg","contentUrl":"https:\/\/www.alumni.space\/wp-content\/uploads\/2026\/03\/La-filiere-viticole-confrontee-a-la-pyramide-des-ages.jpg","width":1280,"height":768,"caption":"descobre mais sobre os desafios que a ind\u00fastria vitivin\u00edcola enfrenta face \u00e0 pir\u00e2mide et\u00e1ria e as solu\u00e7\u00f5es que est\u00e3o a ser consideradas para garantir que a pr\u00f3xima gera\u00e7\u00e3o assuma o controlo e o futuro a longo prazo do sector."},{"@type":"BreadcrumbList","@id":"https:\/\/www.alumni.space\/pt-pt\/a-industria-do-vinho-face-a-piramide-etaria\/#breadcrumb","itemListElement":[{"@type":"ListItem","position":1,"name":"Home","item":"https:\/\/www.alumni.space\/pt-pt\/plataforma-de-gestao-de-mentores-e-antigos-alunos\/"},{"@type":"ListItem","position":2,"name":"A ind\u00fastria do vinho face \u00e0 pir\u00e2mide et\u00e1ria"}]},{"@type":"WebSite","@id":"https:\/\/www.alumni.space\/pt-pt\/#website","url":"https:\/\/www.alumni.space\/pt-pt\/","name":"Alumni.space","description":"My WordPress Blog","potentialAction":[{"@type":"SearchAction","target":{"@type":"EntryPoint","urlTemplate":"https:\/\/www.alumni.space\/pt-pt\/?s={search_term_string}"},"query-input":{"@type":"PropertyValueSpecification","valueRequired":true,"valueName":"search_term_string"}}],"inLanguage":"pt-PT"},{"@type":"Person","@id":"https:\/\/www.alumni.space\/pt-pt\/#\/schema\/person\/fede362a57876edda476a61f05ce5b15","name":"admin","image":{"@type":"ImageObject","inLanguage":"pt-PT","@id":"https:\/\/secure.gravatar.com\/avatar\/318e234ae94f90d4d629428d6b983c08e31181c28f579e08a021180d759ea651?s=96&d=mm&r=g","url":"https:\/\/secure.gravatar.com\/avatar\/318e234ae94f90d4d629428d6b983c08e31181c28f579e08a021180d759ea651?s=96&d=mm&r=g","contentUrl":"https:\/\/secure.gravatar.com\/avatar\/318e234ae94f90d4d629428d6b983c08e31181c28f579e08a021180d759ea651?s=96&d=mm&r=g","caption":"admin"},"description":"Nicolas Laustriat a construit sa sp\u00e9cialit\u00e9 sur un sujet que beaucoup d\u2019organisations d\u00e9couvrent trop tard : ce qui dispara\u00eet quand les gens partent. Dipl\u00f4m\u00e9 en conception de produit industriel, il bifurque vers le digital fin 1996, il couvre les transformations marques, RH, la fid\u00e9lisation, la marque employeur. Sur le terrain, il rep\u00e8re un angle mort r\u00e9current : l\u2019entreprise investit dans le recrutement, la formation, les process\u2026 puis laisse filer le lien au moment du d\u00e9part, avec une perte de savoir et d\u2019influence qui se paie en silence. Il se sp\u00e9cialise alors sur les communaut\u00e9s d\u2019alumni, le mentorat, l\u2019entraide interg\u00e9n\u00e9rationnelle et la transmission d\u2019expertise. Il passe du \u201cconstat\u201d aux m\u00e9thodes : animation, gouvernance, segmentation, rituels, mesure d\u2019engagement, articulation avec la RSE et l\u2019employabilit\u00e9. Il interviewe DRH, responsables formation, directions d\u2019\u00e9coles, associations et fondations, avec une obsession : transformer un r\u00e9seau dormant en m\u00e9canisme utile (cooptation, mentorat, job board, entraide, \u00e9v\u00e9nements, contenus). Son style : direct, orient\u00e9 action, sans folklore. Sa conviction : une communaut\u00e9 n\u2019a pas besoin de bruit, elle a besoin de raisons de revenir.","sameAs":["https:\/\/www.alumni.space"]}]}},"_links":{"self":[{"href":"https:\/\/www.alumni.space\/pt-pt\/wp-json\/wp\/v2\/posts\/6038","targetHints":{"allow":["GET"]}}],"collection":[{"href":"https:\/\/www.alumni.space\/pt-pt\/wp-json\/wp\/v2\/posts"}],"about":[{"href":"https:\/\/www.alumni.space\/pt-pt\/wp-json\/wp\/v2\/types\/post"}],"author":[{"embeddable":true,"href":"https:\/\/www.alumni.space\/pt-pt\/wp-json\/wp\/v2\/users\/1"}],"replies":[{"embeddable":true,"href":"https:\/\/www.alumni.space\/pt-pt\/wp-json\/wp\/v2\/comments?post=6038"}],"version-history":[{"count":1,"href":"https:\/\/www.alumni.space\/pt-pt\/wp-json\/wp\/v2\/posts\/6038\/revisions"}],"predecessor-version":[{"id":6042,"href":"https:\/\/www.alumni.space\/pt-pt\/wp-json\/wp\/v2\/posts\/6038\/revisions\/6042"}],"wp:featuredmedia":[{"embeddable":true,"href":"https:\/\/www.alumni.space\/pt-pt\/wp-json\/wp\/v2\/media\/6040"}],"wp:attachment":[{"href":"https:\/\/www.alumni.space\/pt-pt\/wp-json\/wp\/v2\/media?parent=6038"}],"wp:term":[{"taxonomy":"category","embeddable":true,"href":"https:\/\/www.alumni.space\/pt-pt\/wp-json\/wp\/v2\/categories?post=6038"},{"taxonomy":"post_tag","embeddable":true,"href":"https:\/\/www.alumni.space\/pt-pt\/wp-json\/wp\/v2\/tags?post=6038"}],"curies":[{"name":"wp","href":"https:\/\/api.w.org\/{rel}","templated":true}]}}