{"id":5999,"date":"2025-01-12T17:29:14","date_gmt":"2025-01-12T17:29:14","guid":{"rendered":"https:\/\/www.alumni.space\/como-e-que-se-cria-um-plano-de-transferencia-de-competencias-na-empresa\/"},"modified":"2026-03-28T10:42:31","modified_gmt":"2026-03-28T10:42:31","slug":"como-e-que-se-cria-um-plano-de-transferencia-de-competencias-na-empresa","status":"publish","type":"post","link":"https:\/\/www.alumni.space\/pt-pt\/como-e-que-se-cria-um-plano-de-transferencia-de-competencias-na-empresa\/","title":{"rendered":"Como \u00e9 que se cria um plano de transfer\u00eancia de compet\u00eancias na empresa?"},"content":{"rendered":"<div id=\"ez-toc-container\" class=\"ez-toc-v2_0_82_2 counter-flat ez-toc-counter ez-toc-grey ez-toc-container-direction\">\n<div class=\"ez-toc-title-container\"><p class=\"ez-toc-title\" style=\"cursor:inherit\">\u00cdndice deste artigo:<\/p>\n<\/div><nav><ul class='ez-toc-list ez-toc-list-level-1 ' ><li class='ez-toc-page-1'><a class=\"ez-toc-link ez-toc-heading-1\" href=\"https:\/\/www.alumni.space\/pt-pt\/como-e-que-se-cria-um-plano-de-transferencia-de-competencias-na-empresa\/#Transmissao_de_competencias_uma_questao_estrategica_no_centro_do_futuro_a_longo_prazo_de_uma_empresa\" >Transmiss\u00e3o de compet\u00eancias: uma quest\u00e3o estrat\u00e9gica no centro do futuro a longo prazo de uma empresa<\/a><\/li><li class='ez-toc-page-1'><a class=\"ez-toc-link ez-toc-heading-2\" href=\"https:\/\/www.alumni.space\/pt-pt\/como-e-que-se-cria-um-plano-de-transferencia-de-competencias-na-empresa\/#Mapeamento_de_competencias_criticas_para_antecipar_melhor_as_mudancas_de_competencias\" >Mapeamento de compet\u00eancias cr\u00edticas para antecipar melhor as mudan\u00e7as de compet\u00eancias<\/a><\/li><li class='ez-toc-page-1'><a class=\"ez-toc-link ez-toc-heading-3\" href=\"https:\/\/www.alumni.space\/pt-pt\/como-e-que-se-cria-um-plano-de-transferencia-de-competencias-na-empresa\/#Metodos_comprovados_para_facilitar_a_transferencia_de_conhecimentos_e_de_know-how\" >M\u00e9todos comprovados para facilitar a transfer\u00eancia de conhecimentos e de know-how<\/a><\/li><li class='ez-toc-page-1'><a class=\"ez-toc-link ez-toc-heading-4\" href=\"https:\/\/www.alumni.space\/pt-pt\/como-e-que-se-cria-um-plano-de-transferencia-de-competencias-na-empresa\/#Mobilizar_os_intervenientes_a_longo_prazo_em_torno_de_uma_cultura_de_partilha_e_de_apoio_mutuo\" >Mobilizar os intervenientes a longo prazo em torno de uma cultura de partilha e de apoio m\u00fatuo<\/a><\/li><li class='ez-toc-page-1'><a class=\"ez-toc-link ez-toc-heading-5\" href=\"https:\/\/www.alumni.space\/pt-pt\/como-e-que-se-cria-um-plano-de-transferencia-de-competencias-na-empresa\/#Estruturacao_e_gestao_do_plano_de_transferencia_rituais_indicadores_e_digitalizacao\" >Estrutura\u00e7\u00e3o e gest\u00e3o do plano de transfer\u00eancia: rituais, indicadores e digitaliza\u00e7\u00e3o<\/a><\/li><\/ul><\/nav><\/div>\n<h2 class=\"wp-block-heading\"><span class=\"ez-toc-section\" id=\"Transmissao_de_competencias_uma_questao_estrategica_no_centro_do_futuro_a_longo_prazo_de_uma_empresa\"><\/span>Transmiss\u00e3o de compet\u00eancias: uma quest\u00e3o estrat\u00e9gica no centro do futuro a longo prazo de uma empresa<span class=\"ez-toc-section-end\"><\/span><\/h2><p>A transmiss\u00e3o de compet\u00eancias \u00e9 essencial para assegurar a continuidade e o desempenho das organiza\u00e7\u00f5es. Cada reforma traz consigo uma <strong>riqueza de conhecimentos<\/strong> valiosos, fruto de anos de experi\u00eancia. Consequentemente, existe um risco tang\u00edvel de perda de conhecimentos cr\u00edticos, em especial nos sectores em que \u00e9 dif\u00edcil substituir os conhecimentos t\u00e9cnicos e de campo. O desafio atual consiste em estruturar esta <strong>transfer\u00eancia de conhecimentos<\/strong> de modo a que seja perfeita e eficiente.   <\/p><p>Os decisores, sejam eles respons\u00e1veis pelos recursos humanos ou pela gest\u00e3o de talentos, s\u00e3o confrontados com um paradoxo: como manter o desempenho e, ao mesmo tempo, apoiar a sa\u00edda progressiva dos quadros superiores? A integra\u00e7\u00e3o de um <strong>plano de forma\u00e7\u00e3o<\/strong> espec\u00edfico que favore\u00e7a o mentoring e o coaching de carreira ajuda a enfrentar este desafio. Esta abordagem estimula o empenhamento dos quadros superiores, que s\u00e3o reconhecidos no seu papel de transmissores de conhecimentos, e acelera a aquisi\u00e7\u00e3o de compet\u00eancias por parte dos colaboradores mais jovens.  <\/p><figure class=\"wp-block-image size-full\"><img decoding=\"async\" width=\"1280\" height=\"768\" src=\"https:\/\/www.alumni.space\/wp-content\/uploads\/2026\/03\/Comment-mettre-en-place-un-plan-de-transmission-des-competences-en-entreprise-1-1.jpg\" data-orig-src=\"https:\/\/www.alumni.space\/wp-content\/uploads\/2026\/03\/Comment-mettre-en-place-un-plan-de-transmission-des-competences-en-entreprise-1-1.jpg\" alt=\"Descobre como desenvolver um plano eficaz de transfer\u00eancia de compet\u00eancias para garantir a continuidade do know-how e aumentar o desempenho das tuas equipas.\" class=\"lazyload wp-image-3207\" srcset=\"data:image\/svg+xml,%3Csvg%20xmlns%3D%27http%3A%2F%2Fwww.w3.org%2F2000%2Fsvg%27%20width%3D%271280%27%20height%3D%27768%27%20viewBox%3D%270%200%201280%20768%27%3E%3Crect%20width%3D%271280%27%20height%3D%27768%27%20fill-opacity%3D%220%22%2F%3E%3C%2Fsvg%3E\" data-srcset=\"https:\/\/www.alumni.space\/wp-content\/uploads\/2026\/03\/Comment-mettre-en-place-un-plan-de-transmission-des-competences-en-entreprise-1-1-200x120.jpg 200w, https:\/\/www.alumni.space\/wp-content\/uploads\/2026\/03\/Comment-mettre-en-place-un-plan-de-transmission-des-competences-en-entreprise-1-1-300x180.jpg 300w, https:\/\/www.alumni.space\/wp-content\/uploads\/2026\/03\/Comment-mettre-en-place-un-plan-de-transmission-des-competences-en-entreprise-1-1-400x240.jpg 400w, https:\/\/www.alumni.space\/wp-content\/uploads\/2026\/03\/Comment-mettre-en-place-un-plan-de-transmission-des-competences-en-entreprise-1-1-600x360.jpg 600w, https:\/\/www.alumni.space\/wp-content\/uploads\/2026\/03\/Comment-mettre-en-place-un-plan-de-transmission-des-competences-en-entreprise-1-1-768x461.jpg 768w, https:\/\/www.alumni.space\/wp-content\/uploads\/2026\/03\/Comment-mettre-en-place-un-plan-de-transmission-des-competences-en-entreprise-1-1-800x480.jpg 800w, https:\/\/www.alumni.space\/wp-content\/uploads\/2026\/03\/Comment-mettre-en-place-un-plan-de-transmission-des-competences-en-entreprise-1-1-1024x614.jpg 1024w, https:\/\/www.alumni.space\/wp-content\/uploads\/2026\/03\/Comment-mettre-en-place-un-plan-de-transmission-des-competences-en-entreprise-1-1-1200x720.jpg 1200w, https:\/\/www.alumni.space\/wp-content\/uploads\/2026\/03\/Comment-mettre-en-place-un-plan-de-transmission-des-competences-en-entreprise-1-1.jpg 1280w\" data-sizes=\"auto\" data-orig-sizes=\"(max-width: 1280px) 100vw, 1280px\" \/><\/figure><h3 class=\"wp-block-heading\"><span class=\"ez-toc-section\" id=\"Mapeamento_de_competencias_criticas_para_antecipar_melhor_as_mudancas_de_competencias\"><\/span>Mapeamento de compet\u00eancias cr\u00edticas para antecipar melhor as mudan\u00e7as de compet\u00eancias<span class=\"ez-toc-section-end\"><\/span><\/h3><p>O primeiro passo \u00e9 uma auditoria rigorosa das compet\u00eancias. O objetivo \u00e9 identificar com precis\u00e3o quais <strong>as compet\u00eancias-chave<\/strong> que podem ser perdidas se o trabalhador sair. Esta an\u00e1lise baseia-se em entrevistas espec\u00edficas com funcion\u00e1rios e gestores experientes, bem como em ferramentas din\u00e2micas de gest\u00e3o de compet\u00eancias. Em 2026, este trabalho de invent\u00e1rio optimizar\u00e1 a constru\u00e7\u00e3o de um reposit\u00f3rio interno, essencial para dar prioridade \u00e0s ac\u00e7\u00f5es de transfer\u00eancia.   <\/p><p>A t\u00edtulo de exemplo, as empresas do sector industrial integraram esta abordagem no seu <a href=\"https:\/\/www.alumni.space\/pt-pt\/como-e-que-podemos-evitar-a-perda-de-competencias-na-manutencao-industrial\/\">plano de preven\u00e7\u00e3o da perda de know-how<\/a>, garantindo assim uma gest\u00e3o proactiva dos riscos associados \u00e0 mobilidade ou \u00e0 sa\u00edda de t\u00e9cnicos. Esta etapa permite uma gest\u00e3o mais fluida e controlada do <strong>plano de sucess\u00e3o<\/strong>. <\/p><h3 class=\"wp-block-heading\"><span class=\"ez-toc-section\" id=\"Metodos_comprovados_para_facilitar_a_transferencia_de_conhecimentos_e_de_know-how\"><\/span>M\u00e9todos comprovados para facilitar a transfer\u00eancia de conhecimentos e de know-how<span class=\"ez-toc-section-end\"><\/span><\/h3><p>A sele\u00e7\u00e3o dos m\u00e9todos de transmiss\u00e3o est\u00e1 no centro do sistema. A <strong>tutoria<\/strong> e o aconselhamento est\u00e3o entre os m\u00e9todos mais eficazes, combinando o apoio individual com interc\u00e2mbios informais. O papel de refer\u00eancia empresarial confiado aos quadros superiores valoriza a sua experi\u00eancia e favorece uma transfer\u00eancia qualitativa. Al\u00e9m disso, as ac\u00e7\u00f5es AFEST (Action de Formation En Situation de Travail &#8211; A\u00e7\u00e3o de Forma\u00e7\u00e3o em Situa\u00e7\u00e3o de Trabalho) refor\u00e7am a aprendizagem pr\u00e1tica, colocando o formador dos trabalhadores diretamente no centro da atividade operacional.   <\/p><p>As empresas tamb\u00e9m podem experimentar grupos de co-desenvolvimento que incentivem a partilha de experi\u00eancias colectivas ou a aprendizagem inversa, em que os jovens transmitem as suas compet\u00eancias digitais aos mais velhos. Esta din\u00e2mica cria um ambiente f\u00e9rtil para a colabora\u00e7\u00e3o e inova\u00e7\u00e3o entre gera\u00e7\u00f5es. <\/p><p>Existem v\u00e1rios recursos em linha que detalham estes m\u00e9todos, como este guia sobre a <a href=\"https:\/\/www.michaelgilbert.fr\/ressources-humaines\/transfert-des-savoir-faire-et-competences\/\">transmiss\u00e3o eficaz de conhecimentos<\/a> nas empresas, que \u00e9 \u00fatil para os gestores de recursos humanos e l\u00edderes empresariais.<\/p><h2 class=\"wp-block-heading\"><span class=\"ez-toc-section\" id=\"Mobilizar_os_intervenientes_a_longo_prazo_em_torno_de_uma_cultura_de_partilha_e_de_apoio_mutuo\"><\/span>Mobilizar os intervenientes a longo prazo em torno de uma cultura de partilha e de apoio m\u00fatuo<span class=\"ez-toc-section-end\"><\/span><\/h2><p>O envolvimento dos trabalhadores numa abordagem colectiva ajuda a ancorar a <strong>transmiss\u00e3o de compet\u00eancias<\/strong> a longo prazo. \u00c9 essencial valorizar e reconhecer o papel dos quadros superiores como verdadeiros embaixadores do conhecimento, atrav\u00e9s de t\u00edtulos ou miss\u00f5es espec\u00edficas. Este reconhecimento favorece o seu empenhamento e d\u00e1 sentido ao final da sua carreira.  <\/p><p>O fator humano est\u00e1 no centro desta din\u00e2mica, o que torna essencial a utiliza\u00e7\u00e3o de ferramentas de comunica\u00e7\u00e3o adequadas para sensibilizar cada gera\u00e7\u00e3o para o valor da partilha. Deste modo, os jovens talentos beneficiam de um acompanhamento perfeitamente integrado no desenvolvimento das suas compet\u00eancias. A introdu\u00e7\u00e3o de uma cultura intergeracional torna-se assim uma alavanca poderosa para a fideliza\u00e7\u00e3o e a motiva\u00e7\u00e3o das equipas.  <\/p><h3 class=\"wp-block-heading\"><span class=\"ez-toc-section\" id=\"Estruturacao_e_gestao_do_plano_de_transferencia_rituais_indicadores_e_digitalizacao\"><\/span>Estrutura\u00e7\u00e3o e gest\u00e3o do plano de transfer\u00eancia: rituais, indicadores e digitaliza\u00e7\u00e3o<span class=\"ez-toc-section-end\"><\/span><\/h3><p>Para tornar o plano operacional e vis\u00edvel, \u00e9 necess\u00e1rio estabelecer uma governa\u00e7\u00e3o clara. Isto inclui a defini\u00e7\u00e3o de fun\u00e7\u00f5es, o planeamento de sess\u00f5es de forma\u00e7\u00e3o e o acompanhamento de indicadores de desempenho relacionados com a transfer\u00eancia. Estes indicadores incluem, por exemplo, a taxa de reten\u00e7\u00e3o de compet\u00eancias cr\u00edticas e o tempo m\u00e9dio de integra\u00e7\u00e3o dos novos trabalhadores.  <\/p><p>A digitaliza\u00e7\u00e3o torna estes processos muito mais f\u00e1ceis. Uma plataforma SaaS especializada, como a <a href=\"https:\/\/www.alumni.space\/pt-pt\/como-e-que-os-laboratorios-estao-a-antecipar-a-fuga-de-cerebros\/\">alumni.space<\/a>, organiza e anima comunidades de especialistas e mentores. Incentiva a partilha, oferecendo perfis detalhados, acesso a conte\u00fados educativos e intera\u00e7\u00e3o em projectos de colabora\u00e7\u00e3o. Desta forma, o conhecimento n\u00e3o \u00e9 apenas transferido, mas tamb\u00e9m capitalizado e enriquecido ao longo do tempo.   <\/p><p>Esta utiliza\u00e7\u00e3o de ferramentas digitais evita a dispers\u00e3o de dados e garante a continuidade do <strong>plano de forma\u00e7\u00e3o<\/strong> ao longo do tempo, independentemente da rota\u00e7\u00e3o do pessoal ou da mobilidade interna.<\/p>","protected":false},"excerpt":{"rendered":"<p>Transmiss\u00e3o de compet\u00eancias: uma quest\u00e3o estrat\u00e9gica no centro do futuro  [&#8230;]<\/p>\n","protected":false},"author":1,"featured_media":6001,"comment_status":"closed","ping_status":"closed","sticky":false,"template":"","format":"standard","meta":{"_ayudawp_aiss_exclude":false,"footnotes":""},"categories":[69],"tags":[],"class_list":["post-5999","post","type-post","status-publish","format-standard","has-post-thumbnail","hentry","category-partilha-de-conhecimentos"],"yoast_head":"<!-- This site is optimized with the Yoast SEO plugin v27.4 - https:\/\/yoast.com\/product\/yoast-seo-wordpress\/ -->\n<title>Transmiss\u00e3o de compet\u00eancias na empresa: instru\u00e7\u00f5es de utiliza\u00e7\u00e3o<\/title>\n<meta name=\"description\" content=\"Descobre como elaborar um plano eficaz de transfer\u00eancia de compet\u00eancias para garantir a continuidade e o desempenho das tuas equipas.\" \/>\n<meta name=\"robots\" content=\"index, follow, max-snippet:-1, max-image-preview:large, max-video-preview:-1\" \/>\n<link rel=\"canonical\" href=\"https:\/\/www.alumni.space\/pt-pt\/como-e-que-se-cria-um-plano-de-transferencia-de-competencias-na-empresa\/\" \/>\n<meta property=\"og:locale\" content=\"pt_PT\" \/>\n<meta property=\"og:type\" content=\"article\" \/>\n<meta property=\"og:title\" content=\"Transmiss\u00e3o de compet\u00eancias na empresa: instru\u00e7\u00f5es de utiliza\u00e7\u00e3o\" \/>\n<meta property=\"og:description\" content=\"Descobre como elaborar um plano eficaz de transfer\u00eancia de compet\u00eancias para garantir a continuidade e o desempenho das tuas equipas.\" \/>\n<meta property=\"og:url\" content=\"https:\/\/www.alumni.space\/pt-pt\/como-e-que-se-cria-um-plano-de-transferencia-de-competencias-na-empresa\/\" \/>\n<meta property=\"og:site_name\" content=\"Alumni.space\" \/>\n<meta property=\"article:published_time\" content=\"2025-01-12T17:29:14+00:00\" \/>\n<meta property=\"article:modified_time\" content=\"2026-03-28T10:42:31+00:00\" \/>\n<meta property=\"og:image\" content=\"https:\/\/www.alumni.space\/wp-content\/uploads\/2026\/03\/Comment-mettre-en-place-un-plan-de-transmission-des-competences-en-entreprise-.jpg\" \/>\n\t<meta property=\"og:image:width\" content=\"1280\" \/>\n\t<meta property=\"og:image:height\" content=\"768\" \/>\n\t<meta property=\"og:image:type\" content=\"image\/jpeg\" \/>\n<meta name=\"author\" content=\"admin\" \/>\n<meta name=\"twitter:card\" content=\"summary_large_image\" \/>\n<meta name=\"twitter:label1\" content=\"Escrito por\" \/>\n\t<meta name=\"twitter:data1\" content=\"admin\" \/>\n\t<meta name=\"twitter:label2\" content=\"Tempo estimado de leitura\" \/>\n\t<meta name=\"twitter:data2\" content=\"4 minutos\" \/>\n<script type=\"application\/ld+json\" class=\"yoast-schema-graph\">{\"@context\":\"https:\\\/\\\/schema.org\",\"@graph\":[{\"@type\":\"Article\",\"@id\":\"https:\\\/\\\/www.alumni.space\\\/pt-pt\\\/como-e-que-se-cria-um-plano-de-transferencia-de-competencias-na-empresa\\\/#article\",\"isPartOf\":{\"@id\":\"https:\\\/\\\/www.alumni.space\\\/pt-pt\\\/como-e-que-se-cria-um-plano-de-transferencia-de-competencias-na-empresa\\\/\"},\"author\":{\"name\":\"admin\",\"@id\":\"https:\\\/\\\/www.alumni.space\\\/pt-pt\\\/#\\\/schema\\\/person\\\/fede362a57876edda476a61f05ce5b15\"},\"headline\":\"Como \u00e9 que se cria um plano de transfer\u00eancia de compet\u00eancias na empresa?\",\"datePublished\":\"2025-01-12T17:29:14+00:00\",\"dateModified\":\"2026-03-28T10:42:31+00:00\",\"mainEntityOfPage\":{\"@id\":\"https:\\\/\\\/www.alumni.space\\\/pt-pt\\\/como-e-que-se-cria-um-plano-de-transferencia-de-competencias-na-empresa\\\/\"},\"wordCount\":882,\"image\":{\"@id\":\"https:\\\/\\\/www.alumni.space\\\/pt-pt\\\/como-e-que-se-cria-um-plano-de-transferencia-de-competencias-na-empresa\\\/#primaryimage\"},\"thumbnailUrl\":\"https:\\\/\\\/www.alumni.space\\\/wp-content\\\/uploads\\\/2026\\\/03\\\/Comment-mettre-en-place-un-plan-de-transmission-des-competences-en-entreprise-.jpg\",\"articleSection\":[\"Partilha de conhecimentos\"],\"inLanguage\":\"pt-PT\"},{\"@type\":\"WebPage\",\"@id\":\"https:\\\/\\\/www.alumni.space\\\/pt-pt\\\/como-e-que-se-cria-um-plano-de-transferencia-de-competencias-na-empresa\\\/\",\"url\":\"https:\\\/\\\/www.alumni.space\\\/pt-pt\\\/como-e-que-se-cria-um-plano-de-transferencia-de-competencias-na-empresa\\\/\",\"name\":\"Transmiss\u00e3o de compet\u00eancias na empresa: instru\u00e7\u00f5es de utiliza\u00e7\u00e3o\",\"isPartOf\":{\"@id\":\"https:\\\/\\\/www.alumni.space\\\/pt-pt\\\/#website\"},\"primaryImageOfPage\":{\"@id\":\"https:\\\/\\\/www.alumni.space\\\/pt-pt\\\/como-e-que-se-cria-um-plano-de-transferencia-de-competencias-na-empresa\\\/#primaryimage\"},\"image\":{\"@id\":\"https:\\\/\\\/www.alumni.space\\\/pt-pt\\\/como-e-que-se-cria-um-plano-de-transferencia-de-competencias-na-empresa\\\/#primaryimage\"},\"thumbnailUrl\":\"https:\\\/\\\/www.alumni.space\\\/wp-content\\\/uploads\\\/2026\\\/03\\\/Comment-mettre-en-place-un-plan-de-transmission-des-competences-en-entreprise-.jpg\",\"datePublished\":\"2025-01-12T17:29:14+00:00\",\"dateModified\":\"2026-03-28T10:42:31+00:00\",\"author\":{\"@id\":\"https:\\\/\\\/www.alumni.space\\\/pt-pt\\\/#\\\/schema\\\/person\\\/fede362a57876edda476a61f05ce5b15\"},\"description\":\"Descobre como elaborar um plano eficaz de transfer\u00eancia de compet\u00eancias para garantir a continuidade e o desempenho das tuas equipas.\",\"breadcrumb\":{\"@id\":\"https:\\\/\\\/www.alumni.space\\\/pt-pt\\\/como-e-que-se-cria-um-plano-de-transferencia-de-competencias-na-empresa\\\/#breadcrumb\"},\"inLanguage\":\"pt-PT\",\"potentialAction\":[{\"@type\":\"ReadAction\",\"target\":[\"https:\\\/\\\/www.alumni.space\\\/pt-pt\\\/como-e-que-se-cria-um-plano-de-transferencia-de-competencias-na-empresa\\\/\"]}]},{\"@type\":\"ImageObject\",\"inLanguage\":\"pt-PT\",\"@id\":\"https:\\\/\\\/www.alumni.space\\\/pt-pt\\\/como-e-que-se-cria-um-plano-de-transferencia-de-competencias-na-empresa\\\/#primaryimage\",\"url\":\"https:\\\/\\\/www.alumni.space\\\/wp-content\\\/uploads\\\/2026\\\/03\\\/Comment-mettre-en-place-un-plan-de-transmission-des-competences-en-entreprise-.jpg\",\"contentUrl\":\"https:\\\/\\\/www.alumni.space\\\/wp-content\\\/uploads\\\/2026\\\/03\\\/Comment-mettre-en-place-un-plan-de-transmission-des-competences-en-entreprise-.jpg\",\"width\":1280,\"height\":768,\"caption\":\"Descobre as etapas essenciais da elabora\u00e7\u00e3o de um plano de transfer\u00eancia de compet\u00eancias eficaz para a tua empresa, assegurando a manuten\u00e7\u00e3o do know-how a longo prazo e favorecendo o desenvolvimento de talentos.\"},{\"@type\":\"BreadcrumbList\",\"@id\":\"https:\\\/\\\/www.alumni.space\\\/pt-pt\\\/como-e-que-se-cria-um-plano-de-transferencia-de-competencias-na-empresa\\\/#breadcrumb\",\"itemListElement\":[{\"@type\":\"ListItem\",\"position\":1,\"name\":\"Home\",\"item\":\"https:\\\/\\\/www.alumni.space\\\/pt-pt\\\/plataforma-de-gestao-de-mentores-e-antigos-alunos\\\/\"},{\"@type\":\"ListItem\",\"position\":2,\"name\":\"Como \u00e9 que se cria um plano de transfer\u00eancia de compet\u00eancias na empresa?\"}]},{\"@type\":\"WebSite\",\"@id\":\"https:\\\/\\\/www.alumni.space\\\/pt-pt\\\/#website\",\"url\":\"https:\\\/\\\/www.alumni.space\\\/pt-pt\\\/\",\"name\":\"Alumni.space\",\"description\":\"My WordPress Blog\",\"potentialAction\":[{\"@type\":\"SearchAction\",\"target\":{\"@type\":\"EntryPoint\",\"urlTemplate\":\"https:\\\/\\\/www.alumni.space\\\/pt-pt\\\/?s={search_term_string}\"},\"query-input\":{\"@type\":\"PropertyValueSpecification\",\"valueRequired\":true,\"valueName\":\"search_term_string\"}}],\"inLanguage\":\"pt-PT\"},{\"@type\":\"Person\",\"@id\":\"https:\\\/\\\/www.alumni.space\\\/pt-pt\\\/#\\\/schema\\\/person\\\/fede362a57876edda476a61f05ce5b15\",\"name\":\"admin\",\"image\":{\"@type\":\"ImageObject\",\"inLanguage\":\"pt-PT\",\"@id\":\"https:\\\/\\\/secure.gravatar.com\\\/avatar\\\/318e234ae94f90d4d629428d6b983c08e31181c28f579e08a021180d759ea651?s=96&d=mm&r=g\",\"url\":\"https:\\\/\\\/secure.gravatar.com\\\/avatar\\\/318e234ae94f90d4d629428d6b983c08e31181c28f579e08a021180d759ea651?s=96&d=mm&r=g\",\"contentUrl\":\"https:\\\/\\\/secure.gravatar.com\\\/avatar\\\/318e234ae94f90d4d629428d6b983c08e31181c28f579e08a021180d759ea651?s=96&d=mm&r=g\",\"caption\":\"admin\"},\"description\":\"Nicolas Laustriat a construit sa sp\u00e9cialit\u00e9 sur un sujet que beaucoup d\u2019organisations d\u00e9couvrent trop tard : ce qui dispara\u00eet quand les gens partent. Dipl\u00f4m\u00e9 en conception de produit industriel, il bifurque vers le digital fin 1996, il couvre les transformations marques, RH, la fid\u00e9lisation, la marque employeur. Sur le terrain, il rep\u00e8re un angle mort r\u00e9current : l\u2019entreprise investit dans le recrutement, la formation, les process\u2026 puis laisse filer le lien au moment du d\u00e9part, avec une perte de savoir et d\u2019influence qui se paie en silence. Il se sp\u00e9cialise alors sur les communaut\u00e9s d\u2019alumni, le mentorat, l\u2019entraide interg\u00e9n\u00e9rationnelle et la transmission d\u2019expertise. Il passe du \u201cconstat\u201d aux m\u00e9thodes : animation, gouvernance, segmentation, rituels, mesure d\u2019engagement, articulation avec la RSE et l\u2019employabilit\u00e9. Il interviewe DRH, responsables formation, directions d\u2019\u00e9coles, associations et fondations, avec une obsession : transformer un r\u00e9seau dormant en m\u00e9canisme utile (cooptation, mentorat, job board, entraide, \u00e9v\u00e9nements, contenus). Son style : direct, orient\u00e9 action, sans folklore. Sa conviction : une communaut\u00e9 n\u2019a pas besoin de bruit, elle a besoin de raisons de revenir.\",\"sameAs\":[\"https:\\\/\\\/www.alumni.space\"]}]}<\/script>\n<!-- \/ Yoast SEO plugin. -->","yoast_head_json":{"title":"Transmiss\u00e3o de compet\u00eancias na empresa: instru\u00e7\u00f5es de utiliza\u00e7\u00e3o","description":"Descobre como elaborar um plano eficaz de transfer\u00eancia de compet\u00eancias para garantir a continuidade e o desempenho das tuas equipas.","robots":{"index":"index","follow":"follow","max-snippet":"max-snippet:-1","max-image-preview":"max-image-preview:large","max-video-preview":"max-video-preview:-1"},"canonical":"https:\/\/www.alumni.space\/pt-pt\/como-e-que-se-cria-um-plano-de-transferencia-de-competencias-na-empresa\/","og_locale":"pt_PT","og_type":"article","og_title":"Transmiss\u00e3o de compet\u00eancias na empresa: instru\u00e7\u00f5es de utiliza\u00e7\u00e3o","og_description":"Descobre como elaborar um plano eficaz de transfer\u00eancia de compet\u00eancias para garantir a continuidade e o desempenho das tuas equipas.","og_url":"https:\/\/www.alumni.space\/pt-pt\/como-e-que-se-cria-um-plano-de-transferencia-de-competencias-na-empresa\/","og_site_name":"Alumni.space","article_published_time":"2025-01-12T17:29:14+00:00","article_modified_time":"2026-03-28T10:42:31+00:00","og_image":[{"width":1280,"height":768,"url":"https:\/\/www.alumni.space\/wp-content\/uploads\/2026\/03\/Comment-mettre-en-place-un-plan-de-transmission-des-competences-en-entreprise-.jpg","type":"image\/jpeg"}],"author":"admin","twitter_card":"summary_large_image","twitter_misc":{"Escrito por":"admin","Tempo estimado de leitura":"4 minutos"},"schema":{"@context":"https:\/\/schema.org","@graph":[{"@type":"Article","@id":"https:\/\/www.alumni.space\/pt-pt\/como-e-que-se-cria-um-plano-de-transferencia-de-competencias-na-empresa\/#article","isPartOf":{"@id":"https:\/\/www.alumni.space\/pt-pt\/como-e-que-se-cria-um-plano-de-transferencia-de-competencias-na-empresa\/"},"author":{"name":"admin","@id":"https:\/\/www.alumni.space\/pt-pt\/#\/schema\/person\/fede362a57876edda476a61f05ce5b15"},"headline":"Como \u00e9 que se cria um plano de transfer\u00eancia de compet\u00eancias na empresa?","datePublished":"2025-01-12T17:29:14+00:00","dateModified":"2026-03-28T10:42:31+00:00","mainEntityOfPage":{"@id":"https:\/\/www.alumni.space\/pt-pt\/como-e-que-se-cria-um-plano-de-transferencia-de-competencias-na-empresa\/"},"wordCount":882,"image":{"@id":"https:\/\/www.alumni.space\/pt-pt\/como-e-que-se-cria-um-plano-de-transferencia-de-competencias-na-empresa\/#primaryimage"},"thumbnailUrl":"https:\/\/www.alumni.space\/wp-content\/uploads\/2026\/03\/Comment-mettre-en-place-un-plan-de-transmission-des-competences-en-entreprise-.jpg","articleSection":["Partilha de conhecimentos"],"inLanguage":"pt-PT"},{"@type":"WebPage","@id":"https:\/\/www.alumni.space\/pt-pt\/como-e-que-se-cria-um-plano-de-transferencia-de-competencias-na-empresa\/","url":"https:\/\/www.alumni.space\/pt-pt\/como-e-que-se-cria-um-plano-de-transferencia-de-competencias-na-empresa\/","name":"Transmiss\u00e3o de compet\u00eancias na empresa: instru\u00e7\u00f5es de utiliza\u00e7\u00e3o","isPartOf":{"@id":"https:\/\/www.alumni.space\/pt-pt\/#website"},"primaryImageOfPage":{"@id":"https:\/\/www.alumni.space\/pt-pt\/como-e-que-se-cria-um-plano-de-transferencia-de-competencias-na-empresa\/#primaryimage"},"image":{"@id":"https:\/\/www.alumni.space\/pt-pt\/como-e-que-se-cria-um-plano-de-transferencia-de-competencias-na-empresa\/#primaryimage"},"thumbnailUrl":"https:\/\/www.alumni.space\/wp-content\/uploads\/2026\/03\/Comment-mettre-en-place-un-plan-de-transmission-des-competences-en-entreprise-.jpg","datePublished":"2025-01-12T17:29:14+00:00","dateModified":"2026-03-28T10:42:31+00:00","author":{"@id":"https:\/\/www.alumni.space\/pt-pt\/#\/schema\/person\/fede362a57876edda476a61f05ce5b15"},"description":"Descobre como elaborar um plano eficaz de transfer\u00eancia de compet\u00eancias para garantir a continuidade e o desempenho das tuas equipas.","breadcrumb":{"@id":"https:\/\/www.alumni.space\/pt-pt\/como-e-que-se-cria-um-plano-de-transferencia-de-competencias-na-empresa\/#breadcrumb"},"inLanguage":"pt-PT","potentialAction":[{"@type":"ReadAction","target":["https:\/\/www.alumni.space\/pt-pt\/como-e-que-se-cria-um-plano-de-transferencia-de-competencias-na-empresa\/"]}]},{"@type":"ImageObject","inLanguage":"pt-PT","@id":"https:\/\/www.alumni.space\/pt-pt\/como-e-que-se-cria-um-plano-de-transferencia-de-competencias-na-empresa\/#primaryimage","url":"https:\/\/www.alumni.space\/wp-content\/uploads\/2026\/03\/Comment-mettre-en-place-un-plan-de-transmission-des-competences-en-entreprise-.jpg","contentUrl":"https:\/\/www.alumni.space\/wp-content\/uploads\/2026\/03\/Comment-mettre-en-place-un-plan-de-transmission-des-competences-en-entreprise-.jpg","width":1280,"height":768,"caption":"Descobre as etapas essenciais da elabora\u00e7\u00e3o de um plano de transfer\u00eancia de compet\u00eancias eficaz para a tua empresa, assegurando a manuten\u00e7\u00e3o do know-how a longo prazo e favorecendo o desenvolvimento de talentos."},{"@type":"BreadcrumbList","@id":"https:\/\/www.alumni.space\/pt-pt\/como-e-que-se-cria-um-plano-de-transferencia-de-competencias-na-empresa\/#breadcrumb","itemListElement":[{"@type":"ListItem","position":1,"name":"Home","item":"https:\/\/www.alumni.space\/pt-pt\/plataforma-de-gestao-de-mentores-e-antigos-alunos\/"},{"@type":"ListItem","position":2,"name":"Como \u00e9 que se cria um plano de transfer\u00eancia de compet\u00eancias na empresa?"}]},{"@type":"WebSite","@id":"https:\/\/www.alumni.space\/pt-pt\/#website","url":"https:\/\/www.alumni.space\/pt-pt\/","name":"Alumni.space","description":"My WordPress Blog","potentialAction":[{"@type":"SearchAction","target":{"@type":"EntryPoint","urlTemplate":"https:\/\/www.alumni.space\/pt-pt\/?s={search_term_string}"},"query-input":{"@type":"PropertyValueSpecification","valueRequired":true,"valueName":"search_term_string"}}],"inLanguage":"pt-PT"},{"@type":"Person","@id":"https:\/\/www.alumni.space\/pt-pt\/#\/schema\/person\/fede362a57876edda476a61f05ce5b15","name":"admin","image":{"@type":"ImageObject","inLanguage":"pt-PT","@id":"https:\/\/secure.gravatar.com\/avatar\/318e234ae94f90d4d629428d6b983c08e31181c28f579e08a021180d759ea651?s=96&d=mm&r=g","url":"https:\/\/secure.gravatar.com\/avatar\/318e234ae94f90d4d629428d6b983c08e31181c28f579e08a021180d759ea651?s=96&d=mm&r=g","contentUrl":"https:\/\/secure.gravatar.com\/avatar\/318e234ae94f90d4d629428d6b983c08e31181c28f579e08a021180d759ea651?s=96&d=mm&r=g","caption":"admin"},"description":"Nicolas Laustriat a construit sa sp\u00e9cialit\u00e9 sur un sujet que beaucoup d\u2019organisations d\u00e9couvrent trop tard : ce qui dispara\u00eet quand les gens partent. Dipl\u00f4m\u00e9 en conception de produit industriel, il bifurque vers le digital fin 1996, il couvre les transformations marques, RH, la fid\u00e9lisation, la marque employeur. Sur le terrain, il rep\u00e8re un angle mort r\u00e9current : l\u2019entreprise investit dans le recrutement, la formation, les process\u2026 puis laisse filer le lien au moment du d\u00e9part, avec une perte de savoir et d\u2019influence qui se paie en silence. Il se sp\u00e9cialise alors sur les communaut\u00e9s d\u2019alumni, le mentorat, l\u2019entraide interg\u00e9n\u00e9rationnelle et la transmission d\u2019expertise. Il passe du \u201cconstat\u201d aux m\u00e9thodes : animation, gouvernance, segmentation, rituels, mesure d\u2019engagement, articulation avec la RSE et l\u2019employabilit\u00e9. Il interviewe DRH, responsables formation, directions d\u2019\u00e9coles, associations et fondations, avec une obsession : transformer un r\u00e9seau dormant en m\u00e9canisme utile (cooptation, mentorat, job board, entraide, \u00e9v\u00e9nements, contenus). Son style : direct, orient\u00e9 action, sans folklore. Sa conviction : une communaut\u00e9 n\u2019a pas besoin de bruit, elle a besoin de raisons de revenir.","sameAs":["https:\/\/www.alumni.space"]}]}},"_links":{"self":[{"href":"https:\/\/www.alumni.space\/pt-pt\/wp-json\/wp\/v2\/posts\/5999","targetHints":{"allow":["GET"]}}],"collection":[{"href":"https:\/\/www.alumni.space\/pt-pt\/wp-json\/wp\/v2\/posts"}],"about":[{"href":"https:\/\/www.alumni.space\/pt-pt\/wp-json\/wp\/v2\/types\/post"}],"author":[{"embeddable":true,"href":"https:\/\/www.alumni.space\/pt-pt\/wp-json\/wp\/v2\/users\/1"}],"replies":[{"embeddable":true,"href":"https:\/\/www.alumni.space\/pt-pt\/wp-json\/wp\/v2\/comments?post=5999"}],"version-history":[{"count":1,"href":"https:\/\/www.alumni.space\/pt-pt\/wp-json\/wp\/v2\/posts\/5999\/revisions"}],"predecessor-version":[{"id":6003,"href":"https:\/\/www.alumni.space\/pt-pt\/wp-json\/wp\/v2\/posts\/5999\/revisions\/6003"}],"wp:featuredmedia":[{"embeddable":true,"href":"https:\/\/www.alumni.space\/pt-pt\/wp-json\/wp\/v2\/media\/6001"}],"wp:attachment":[{"href":"https:\/\/www.alumni.space\/pt-pt\/wp-json\/wp\/v2\/media?parent=5999"}],"wp:term":[{"taxonomy":"category","embeddable":true,"href":"https:\/\/www.alumni.space\/pt-pt\/wp-json\/wp\/v2\/categories?post=5999"},{"taxonomy":"post_tag","embeddable":true,"href":"https:\/\/www.alumni.space\/pt-pt\/wp-json\/wp\/v2\/tags?post=5999"}],"curies":[{"name":"wp","href":"https:\/\/api.w.org\/{rel}","templated":true}]}}