{"id":5935,"date":"2025-05-26T18:55:56","date_gmt":"2025-05-26T18:55:56","guid":{"rendered":"https:\/\/www.alumni.space\/boas-praticas-para-gerir-uma-comunidade-de-antigos-empregados\/"},"modified":"2026-04-02T09:20:49","modified_gmt":"2026-04-02T09:20:49","slug":"boas-praticas-para-gerir-uma-comunidade-de-antigos-empregados","status":"publish","type":"post","link":"https:\/\/www.alumni.space\/pt-pt\/boas-praticas-para-gerir-uma-comunidade-de-antigos-empregados\/","title":{"rendered":"Boas pr\u00e1ticas para gerir uma comunidade de antigos empregados"},"content":{"rendered":"<p>Um guia pr\u00e1tico para gerir uma comunidade de antigos empregados, centrado na <strong>transmiss\u00e3o<\/strong>, no trabalho <strong>em rede<\/strong> e na cria\u00e7\u00e3o de uma liga\u00e7\u00e3o duradoura entre a organiza\u00e7\u00e3o e os seus antigos empregados. O objetivo \u00e9 reduzir <strong>a perda de conhecimentos<\/strong>, melhorar a<strong>integra\u00e7\u00e3o dos<\/strong> novos recrutas e transformar os antigos empregados em actores da marca do empregador. <\/p><div id=\"ez-toc-container\" class=\"ez-toc-v2_0_82_2 counter-flat ez-toc-counter ez-toc-grey ez-toc-container-direction\">\n<div class=\"ez-toc-title-container\"><p class=\"ez-toc-title\" style=\"cursor:inherit\">\u00cdndice deste artigo:<\/p>\n<\/div><nav><ul class='ez-toc-list ez-toc-list-level-1 ' ><li class='ez-toc-page-1'><a class=\"ez-toc-link ez-toc-heading-1\" href=\"https:\/\/www.alumni.space\/pt-pt\/boas-praticas-para-gerir-uma-comunidade-de-antigos-empregados\/#Gerir_uma_comunidade_de_antigos_empregados_boas_praticas_operacionais\" >Gerir uma comunidade de antigos empregados: boas pr\u00e1ticas operacionais<\/a><\/li><li class='ez-toc-page-1'><a class=\"ez-toc-link ez-toc-heading-2\" href=\"https:\/\/www.alumni.space\/pt-pt\/boas-praticas-para-gerir-uma-comunidade-de-antigos-empregados\/#Segmenta_o_publico_para_maximizar_o_envolvimento\" >Segmenta o p\u00fablico para maximizar o envolvimento<\/a><\/li><li class='ez-toc-page-1'><a class=\"ez-toc-link ez-toc-heading-3\" href=\"https:\/\/www.alumni.space\/pt-pt\/boas-praticas-para-gerir-uma-comunidade-de-antigos-empregados\/#Formatos_de_eventos_para_estimular_o_trabalho_em_rede_e_a_promocao\" >Formatos de eventos para estimular o trabalho em rede e a promo\u00e7\u00e3o<\/a><\/li><li class='ez-toc-page-1'><a class=\"ez-toc-link ez-toc-heading-4\" href=\"https:\/\/www.alumni.space\/pt-pt\/boas-praticas-para-gerir-uma-comunidade-de-antigos-empregados\/#Simplifica_o_registo_e_automatiza_a_comunicacao\" >Simplifica o registo e automatiza a comunica\u00e7\u00e3o<\/a><\/li><li class='ez-toc-page-1'><a class=\"ez-toc-link ez-toc-heading-5\" href=\"https:\/\/www.alumni.space\/pt-pt\/boas-praticas-para-gerir-uma-comunidade-de-antigos-empregados\/#Medir_o_impacto_e_capitalizar_para_evitar_a_perda_de_conhecimentos\" >Medir o impacto e capitalizar para evitar a perda de conhecimentos<\/a><\/li><li class='ez-toc-page-1'><a class=\"ez-toc-link ez-toc-heading-6\" href=\"https:\/\/www.alumni.space\/pt-pt\/boas-praticas-para-gerir-uma-comunidade-de-antigos-empregados\/#Rituais_papeis_e_moderacao_para_uma_comunidade_sustentavel\" >Rituais, pap\u00e9is e modera\u00e7\u00e3o para uma comunidade sustent\u00e1vel<\/a><\/li><li class='ez-toc-page-1'><a class=\"ez-toc-link ez-toc-heading-7\" href=\"https:\/\/www.alumni.space\/pt-pt\/boas-praticas-para-gerir-uma-comunidade-de-antigos-empregados\/#Ativacao_rapida_primeiros_passos_para_os_decisores\" >Ativa\u00e7\u00e3o r\u00e1pida: primeiros passos para os decisores<\/a><\/li><\/ul><\/nav><\/div>\n<h2 class=\"wp-block-heading\"><span class=\"ez-toc-section\" id=\"Gerir_uma_comunidade_de_antigos_empregados_boas_praticas_operacionais\"><\/span>Gerir uma comunidade de antigos empregados: boas pr\u00e1ticas operacionais<span class=\"ez-toc-section-end\"><\/span><\/h2><p>Um problema comum: os talentos que partiram deixam para tr\u00e1s conhecimentos n\u00e3o aproveitados e uma rede inativa. Custo oculto para os decisores: tempo perdido no recrutamento, riscos para a continuidade do projeto, diminui\u00e7\u00e3o da atratividade externa. <\/p><p>M\u00e9todo recomendado: identificar os pap\u00e9is-chave (coordenador de antigos alunos, moderador local, embaixadores de empresas) e definir um calend\u00e1rio de ac\u00e7\u00f5es que combine <strong>eventos<\/strong>, recursos em linha e esquemas <strong>de tutoria<\/strong>. Para industrializar esta abordagem, a centraliza\u00e7\u00e3o numa plataforma evita a utiliza\u00e7\u00e3o de folhas de c\u00e1lculo dispersas e facilita o acompanhamento dos indicadores. <\/p><p>Perce\u00e7\u00e3o: a gest\u00e3o estruturada converte ac\u00e7\u00f5es pontuais em <strong>lealdade<\/strong> duradoura.<\/p><figure class=\"wp-block-image size-full\"><img decoding=\"async\" width=\"1344\" height=\"768\" src=\"https:\/\/www.alumni.space\/wp-content\/uploads\/2026\/03\/Les-bonnes-pratiques-pour-animer-une-communaute-danciens-salaries-1.jpg\" data-orig-src=\"https:\/\/www.alumni.space\/wp-content\/uploads\/2026\/03\/Les-bonnes-pratiques-pour-animer-une-communaute-danciens-salaries-1.jpg\" alt=\"descobre as melhores estrat\u00e9gias para gerir eficazmente uma comunidade de antigos empregados e manter liga\u00e7\u00f5es duradouras.\" class=\"lazyload wp-image-3324\" srcset=\"data:image\/svg+xml,%3Csvg%20xmlns%3D%27http%3A%2F%2Fwww.w3.org%2F2000%2Fsvg%27%20width%3D%271344%27%20height%3D%27768%27%20viewBox%3D%270%200%201344%20768%27%3E%3Crect%20width%3D%271344%27%20height%3D%27768%27%20fill-opacity%3D%220%22%2F%3E%3C%2Fsvg%3E\" data-srcset=\"https:\/\/www.alumni.space\/wp-content\/uploads\/2026\/03\/Les-bonnes-pratiques-pour-animer-une-communaute-danciens-salaries-1-200x114.jpg 200w, https:\/\/www.alumni.space\/wp-content\/uploads\/2026\/03\/Les-bonnes-pratiques-pour-animer-une-communaute-danciens-salaries-1-300x171.jpg 300w, https:\/\/www.alumni.space\/wp-content\/uploads\/2026\/03\/Les-bonnes-pratiques-pour-animer-une-communaute-danciens-salaries-1-400x229.jpg 400w, https:\/\/www.alumni.space\/wp-content\/uploads\/2026\/03\/Les-bonnes-pratiques-pour-animer-une-communaute-danciens-salaries-1-600x343.jpg 600w, https:\/\/www.alumni.space\/wp-content\/uploads\/2026\/03\/Les-bonnes-pratiques-pour-animer-une-communaute-danciens-salaries-1-768x439.jpg 768w, https:\/\/www.alumni.space\/wp-content\/uploads\/2026\/03\/Les-bonnes-pratiques-pour-animer-une-communaute-danciens-salaries-1-800x457.jpg 800w, https:\/\/www.alumni.space\/wp-content\/uploads\/2026\/03\/Les-bonnes-pratiques-pour-animer-une-communaute-danciens-salaries-1-1024x585.jpg 1024w, https:\/\/www.alumni.space\/wp-content\/uploads\/2026\/03\/Les-bonnes-pratiques-pour-animer-une-communaute-danciens-salaries-1-1200x686.jpg 1200w, https:\/\/www.alumni.space\/wp-content\/uploads\/2026\/03\/Les-bonnes-pratiques-pour-animer-une-communaute-danciens-salaries-1.jpg 1344w\" data-sizes=\"auto\" data-orig-sizes=\"(max-width: 1344px) 100vw, 1344px\" \/><\/figure><h3 class=\"wp-block-heading\"><span class=\"ez-toc-section\" id=\"Segmenta_o_publico_para_maximizar_o_envolvimento\"><\/span>Segmenta o p\u00fablico para maximizar o envolvimento<span class=\"ez-toc-section-end\"><\/span><\/h3><p>Problema: expectativas diferentes consoante a antiguidade, o pa\u00eds de resid\u00eancia ou a fun\u00e7\u00e3o atual. Solu\u00e7\u00e3o: criar segmentos (jovens licenciados, especialistas seniores, expatriados, fundadores) e adaptar o formato das reuni\u00f5es a cada grupo. <\/p><p>Exemplo concreto: imitar a mec\u00e2nica de um cap\u00edtulo local para expatriados com webinars h\u00edbridos e afterworks para aumentar o alcance internacional. Uma ferramenta \u00fatil para explorar estes formatos em maior profundidade: um <a href=\"https:\/\/www.happytomeetyou.fr\/le-blog\/reseau-alumni-entreprise\">guia pr\u00e1tico para redes de antigos alunos<\/a>. <\/p><p>Perce\u00e7\u00e3o: a segmenta\u00e7\u00e3o fina melhora significativamente as taxas <strong>de participa\u00e7\u00e3o<\/strong> e a relev\u00e2ncia das intera\u00e7\u00f5es.<\/p><h2 class=\"wp-block-heading\"><span class=\"ez-toc-section\" id=\"Formatos_de_eventos_para_estimular_o_trabalho_em_rede_e_a_promocao\"><\/span>Formatos de eventos para estimular o trabalho em rede e a promo\u00e7\u00e3o<span class=\"ez-toc-section-end\"><\/span><\/h2><p>Problema comum: repeti\u00e7\u00e3o dos mesmos formatos, perda de interesse. Abordagem recomendada: mistura grandes eventos simb\u00f3licos com formatos mais leves para manter o ritmo e a acessibilidade. <\/p><p>Cen\u00e1rios j\u00e1 testados e comprovados: ser\u00f5es anuais para dar a conhecer percursos profissionais, afterworks para estabelecer <strong>redes<\/strong> informais, masterclasses para atualizar compet\u00eancias, eventos em linha para reunir a comunidade internacional. Encontra um recurso \u00fatil para conceber estes formatos nas <a href=\"https:\/\/www.eudonet.com\/fr\/ressources\/blog\/organiser-evenement-alumni-engager-rassembler-sa-communaute\/\">melhores pr\u00e1ticas para a organiza\u00e7\u00e3o de eventos de antigos alunos<\/a>. <\/p><p>Perce\u00e7\u00e3o: a varia\u00e7\u00e3o de formatos aumenta a frequ\u00eancia da intera\u00e7\u00e3o e refor\u00e7a a perce\u00e7\u00e3o de que a rede \u00e9 <strong>valorizada<\/strong>.<\/p><h3 class=\"wp-block-heading\"><span class=\"ez-toc-section\" id=\"Simplifica_o_registo_e_automatiza_a_comunicacao\"><\/span>Simplifica o registo e automatiza a comunica\u00e7\u00e3o<span class=\"ez-toc-section-end\"><\/span><\/h3><p>Problema: processo de registo demasiado longo e lembretes manuais. Abordagem operacional: formul\u00e1rios pr\u00e9-preenchidos, liga\u00e7\u00e3o &#8220;adicionar ao meu calend\u00e1rio&#8221;, c\u00f3digo QR no material impresso, lembretes autom\u00e1ticos de acordo com o perfil. <\/p><p>Eis um exemplo real: automatiza os convites segmentados por promo\u00e7\u00e3o e \u00e1rea geogr\u00e1fica e, em seguida, mede as aberturas e confirma\u00e7\u00f5es para ajustar a frequ\u00eancia dos avisos. Para saber mais sobre anima\u00e7\u00e3o digital e envolvimento, v\u00ea <a href=\"https:\/\/www.eventmaker.com\/fr\/ressources\/blog\/animer-engager-communaute-strategies\/\">o feedback sobre o envolvimento da comunidade<\/a>. <\/p><p>Perce\u00e7\u00e3o: um percurso sem descontinuidades multiplica o n\u00famero de inscri\u00e7\u00f5es convertidas em presen\u00e7as efectivas.<\/p><h2 class=\"wp-block-heading\"><span class=\"ez-toc-section\" id=\"Medir_o_impacto_e_capitalizar_para_evitar_a_perda_de_conhecimentos\"><\/span>Medir o impacto e capitalizar para evitar a perda de conhecimentos<span class=\"ez-toc-section-end\"><\/span><\/h2><p>Contexto num\u00e9rico: inqu\u00e9ritos recentes revelam um n\u00famero limitado de antigos alunos activos, o que real\u00e7a a necessidade de indicadores precisos para efeitos de orienta\u00e7\u00e3o. Indicadores priorit\u00e1rios: taxa de inscri\u00e7\u00e3o, taxa de participa\u00e7\u00e3o, horas de tutoria, feedback de satisfa\u00e7\u00e3o. <\/p><p>Abordagem recomendada: combina a comunica\u00e7\u00e3o de eventos e o acompanhamento das contribui\u00e7\u00f5es (testemunhos, recursos partilhados, miss\u00f5es de voluntariado) para identificar o valor produzido. Para o arquivo de conhecimentos e a mem\u00f3ria organizacional, recursos \u00fateis: <a href=\"https:\/\/www.alumni.space\/pt-pt\/a-importancia-da-memoria-organizacional-para-limitar-a-perda-de-conhecimentos\/\">mem\u00f3ria organizacional e capitaliza\u00e7\u00e3o<\/a> e ac\u00e7\u00f5es de mentoria vis\u00edveis atrav\u00e9s da <a href=\"https:\/\/www.alumni.space\/pt-pt\/mantem-uma-forte-ligacao-com-os-teus-antigos-empregados-atraves-de-tutoria\/\">liga\u00e7\u00e3o antigos empregados &amp; mentoria<\/a>. <\/p><p>Perce\u00e7\u00e3o: um painel de controlo fi\u00e1vel transforma os palpites em decis\u00f5es mensur\u00e1veis.<\/p><h3 class=\"wp-block-heading\"><span class=\"ez-toc-section\" id=\"Rituais_papeis_e_moderacao_para_uma_comunidade_sustentavel\"><\/span>Rituais, pap\u00e9is e modera\u00e7\u00e3o para uma comunidade sustent\u00e1vel<span class=\"ez-toc-section-end\"><\/span><\/h3><p>Problema: modera\u00e7\u00e3o irregular e conflitos de tom nos canais. M\u00e9todo: definir uma carta de compromisso, clarificar o papel dos moderadores e introduzir rituais (boletim mensal, atualiza\u00e7\u00e3o trimestral dos cap\u00edtulos, programa de tutoria permanente). <\/p><p>Exemplo de aplica\u00e7\u00e3o: nomea\u00e7\u00e3o de um referente por sector para coordenar as ac\u00e7\u00f5es locais e manter um registo das compet\u00eancias dispon\u00edveis. <strong>A modera\u00e7\u00e3o<\/strong> profissional garante uma <strong>comunica\u00e7\u00e3o<\/strong> respeitosa, uma <strong>escuta<\/strong> ativa e uma melhor <strong>colabora\u00e7\u00e3o<\/strong> entre as promo\u00e7\u00f5es. <\/p><p>Perce\u00e7\u00e3o: regras claras e modera\u00e7\u00e3o proactiva criam um ambiente que incentiva <strong>a partilha<\/strong> e <strong>a lealdade<\/strong>.<\/p><h2 class=\"wp-block-heading\"><span class=\"ez-toc-section\" id=\"Ativacao_rapida_primeiros_passos_para_os_decisores\"><\/span>Ativa\u00e7\u00e3o r\u00e1pida: primeiros passos para os decisores<span class=\"ez-toc-section-end\"><\/span><\/h2><p>A\u00e7\u00e3o imediata: lan\u00e7ar um piloto de tr\u00eas meses dirigido a um cap\u00edtulo ou a uma promo\u00e7\u00e3o, com tr\u00eas encontros (afterwork, masterclass, webinar) e um acompanhamento anal\u00edtico simples. Medidas a instalar de imediato: taxa de convers\u00e3o inscri\u00e7\u00e3o\/presen\u00e7a, \u00edndice de satisfa\u00e7\u00e3o, n\u00famero de interc\u00e2mbios iniciados. <\/p><p>Recurso pr\u00e1tico para transformar os antigos alunos em embaixadores e estruturar um clube: <a href=\"https:\/\/www.alumni.space\/pt-pt\/como-criar-um-clube-de-antigos-alunos\/\">criar um clube de antigos alunos<\/a>. Para casos espec\u00edficos do sector e para evitar a perda de compet\u00eancias, ver <a href=\"https:\/\/www.alumni.space\/pt-pt\/como-e-que-podemos-evitar-a-perda-de-competencias-na-manutencao-industrial\/\">iniciativas para evitar a perda de compet\u00eancias<\/a>. <\/p><p>Perce\u00e7\u00e3o: um pequeno piloto revela rapidamente as alavancas de otimiza\u00e7\u00e3o e reduz o risco organizacional.<\/p><p><strong>Solicita uma demonstra\u00e7\u00e3o<\/strong> para ver como uma plataforma SaaS pode centralizar o calend\u00e1rio, as inscri\u00e7\u00f5es, <strong>a comunica\u00e7\u00e3o<\/strong> automatizada e os relat\u00f3rios de impacto, para que possas gerir os teus eventos de forma mais eficiente sem ter de utilizar v\u00e1rias ferramentas.<\/p>","protected":false},"excerpt":{"rendered":"<p>Um guia pr\u00e1tico para gerir uma comunidade de antigos empregados,  [&#8230;]<\/p>\n","protected":false},"author":1,"featured_media":5937,"comment_status":"closed","ping_status":"","sticky":false,"template":"","format":"standard","meta":{"_ayudawp_aiss_exclude":false,"footnotes":""},"categories":[67],"tags":[],"class_list":["post-5935","post","type-post","status-publish","format-standard","has-post-thumbnail","hentry","category-antigos-alunos"],"yoast_head":"<!-- This site is optimized with the Yoast SEO plugin v27.4 - https:\/\/yoast.com\/product\/yoast-seo-wordpress\/ -->\n<title>Gerir eficazmente a tua comunidade de antigos empregados<\/title>\n<meta name=\"description\" content=\"Descobre as melhores pr\u00e1ticas para gerir uma comunidade eficaz de antigos empregados e refor\u00e7ar la\u00e7os duradouros.\" \/>\n<meta name=\"robots\" content=\"index, follow, max-snippet:-1, max-image-preview:large, max-video-preview:-1\" \/>\n<link rel=\"canonical\" href=\"https:\/\/www.alumni.space\/pt-pt\/boas-praticas-para-gerir-uma-comunidade-de-antigos-empregados\/\" \/>\n<meta property=\"og:locale\" content=\"pt_PT\" \/>\n<meta property=\"og:type\" content=\"article\" \/>\n<meta property=\"og:title\" content=\"Gerir eficazmente a tua comunidade de antigos empregados\" \/>\n<meta property=\"og:description\" content=\"Descobre as melhores pr\u00e1ticas para gerir uma comunidade eficaz de antigos empregados e refor\u00e7ar la\u00e7os duradouros.\" \/>\n<meta property=\"og:url\" content=\"https:\/\/www.alumni.space\/pt-pt\/boas-praticas-para-gerir-uma-comunidade-de-antigos-empregados\/\" \/>\n<meta property=\"og:site_name\" content=\"Alumni.space\" \/>\n<meta property=\"article:published_time\" content=\"2025-05-26T18:55:56+00:00\" \/>\n<meta property=\"article:modified_time\" content=\"2026-04-02T09:20:49+00:00\" \/>\n<meta property=\"og:image\" content=\"https:\/\/www.alumni.space\/wp-content\/uploads\/2026\/03\/Les-bonnes-pratiques-pour-animer-une-communaute-danciens-salaries.jpg\" \/>\n\t<meta property=\"og:image:width\" content=\"1344\" \/>\n\t<meta property=\"og:image:height\" content=\"768\" \/>\n\t<meta property=\"og:image:type\" content=\"image\/jpeg\" \/>\n<meta name=\"author\" content=\"admin\" \/>\n<meta name=\"twitter:card\" content=\"summary_large_image\" \/>\n<meta name=\"twitter:label1\" content=\"Escrito por\" \/>\n\t<meta name=\"twitter:data1\" content=\"admin\" \/>\n\t<meta name=\"twitter:label2\" content=\"Tempo estimado de leitura\" \/>\n\t<meta name=\"twitter:data2\" content=\"5 minutos\" \/>\n<script type=\"application\/ld+json\" class=\"yoast-schema-graph\">{\"@context\":\"https:\\\/\\\/schema.org\",\"@graph\":[{\"@type\":\"Article\",\"@id\":\"https:\\\/\\\/www.alumni.space\\\/pt-pt\\\/boas-praticas-para-gerir-uma-comunidade-de-antigos-empregados\\\/#article\",\"isPartOf\":{\"@id\":\"https:\\\/\\\/www.alumni.space\\\/pt-pt\\\/boas-praticas-para-gerir-uma-comunidade-de-antigos-empregados\\\/\"},\"author\":{\"name\":\"admin\",\"@id\":\"https:\\\/\\\/www.alumni.space\\\/pt-pt\\\/#\\\/schema\\\/person\\\/fede362a57876edda476a61f05ce5b15\"},\"headline\":\"Boas pr\u00e1ticas para gerir uma comunidade de antigos empregados\",\"datePublished\":\"2025-05-26T18:55:56+00:00\",\"dateModified\":\"2026-04-02T09:20:49+00:00\",\"mainEntityOfPage\":{\"@id\":\"https:\\\/\\\/www.alumni.space\\\/pt-pt\\\/boas-praticas-para-gerir-uma-comunidade-de-antigos-empregados\\\/\"},\"wordCount\":949,\"image\":{\"@id\":\"https:\\\/\\\/www.alumni.space\\\/pt-pt\\\/boas-praticas-para-gerir-uma-comunidade-de-antigos-empregados\\\/#primaryimage\"},\"thumbnailUrl\":\"https:\\\/\\\/www.alumni.space\\\/wp-content\\\/uploads\\\/2026\\\/03\\\/Les-bonnes-pratiques-pour-animer-une-communaute-danciens-salaries.jpg\",\"articleSection\":[\"Antigos alunos\"],\"inLanguage\":\"pt-PT\"},{\"@type\":\"WebPage\",\"@id\":\"https:\\\/\\\/www.alumni.space\\\/pt-pt\\\/boas-praticas-para-gerir-uma-comunidade-de-antigos-empregados\\\/\",\"url\":\"https:\\\/\\\/www.alumni.space\\\/pt-pt\\\/boas-praticas-para-gerir-uma-comunidade-de-antigos-empregados\\\/\",\"name\":\"Gerir eficazmente a tua comunidade de antigos empregados\",\"isPartOf\":{\"@id\":\"https:\\\/\\\/www.alumni.space\\\/pt-pt\\\/#website\"},\"primaryImageOfPage\":{\"@id\":\"https:\\\/\\\/www.alumni.space\\\/pt-pt\\\/boas-praticas-para-gerir-uma-comunidade-de-antigos-empregados\\\/#primaryimage\"},\"image\":{\"@id\":\"https:\\\/\\\/www.alumni.space\\\/pt-pt\\\/boas-praticas-para-gerir-uma-comunidade-de-antigos-empregados\\\/#primaryimage\"},\"thumbnailUrl\":\"https:\\\/\\\/www.alumni.space\\\/wp-content\\\/uploads\\\/2026\\\/03\\\/Les-bonnes-pratiques-pour-animer-une-communaute-danciens-salaries.jpg\",\"datePublished\":\"2025-05-26T18:55:56+00:00\",\"dateModified\":\"2026-04-02T09:20:49+00:00\",\"author\":{\"@id\":\"https:\\\/\\\/www.alumni.space\\\/pt-pt\\\/#\\\/schema\\\/person\\\/fede362a57876edda476a61f05ce5b15\"},\"description\":\"Descobre as melhores pr\u00e1ticas para gerir uma comunidade eficaz de antigos empregados e refor\u00e7ar la\u00e7os duradouros.\",\"breadcrumb\":{\"@id\":\"https:\\\/\\\/www.alumni.space\\\/pt-pt\\\/boas-praticas-para-gerir-uma-comunidade-de-antigos-empregados\\\/#breadcrumb\"},\"inLanguage\":\"pt-PT\",\"potentialAction\":[{\"@type\":\"ReadAction\",\"target\":[\"https:\\\/\\\/www.alumni.space\\\/pt-pt\\\/boas-praticas-para-gerir-uma-comunidade-de-antigos-empregados\\\/\"]}]},{\"@type\":\"ImageObject\",\"inLanguage\":\"pt-PT\",\"@id\":\"https:\\\/\\\/www.alumni.space\\\/pt-pt\\\/boas-praticas-para-gerir-uma-comunidade-de-antigos-empregados\\\/#primaryimage\",\"url\":\"https:\\\/\\\/www.alumni.space\\\/wp-content\\\/uploads\\\/2026\\\/03\\\/Les-bonnes-pratiques-pour-animer-une-communaute-danciens-salaries.jpg\",\"contentUrl\":\"https:\\\/\\\/www.alumni.space\\\/wp-content\\\/uploads\\\/2026\\\/03\\\/Les-bonnes-pratiques-pour-animer-une-communaute-danciens-salaries.jpg\",\"width\":1344,\"height\":768,\"caption\":\"descobre as melhores pr\u00e1ticas para gerir uma comunidade eficaz de antigos empregados e refor\u00e7ar os la\u00e7os duradouros entre eles.\"},{\"@type\":\"BreadcrumbList\",\"@id\":\"https:\\\/\\\/www.alumni.space\\\/pt-pt\\\/boas-praticas-para-gerir-uma-comunidade-de-antigos-empregados\\\/#breadcrumb\",\"itemListElement\":[{\"@type\":\"ListItem\",\"position\":1,\"name\":\"Home\",\"item\":\"https:\\\/\\\/www.alumni.space\\\/pt-pt\\\/plataforma-de-gestao-de-mentores-e-antigos-alunos\\\/\"},{\"@type\":\"ListItem\",\"position\":2,\"name\":\"Boas pr\u00e1ticas para gerir uma comunidade de antigos empregados\"}]},{\"@type\":\"WebSite\",\"@id\":\"https:\\\/\\\/www.alumni.space\\\/pt-pt\\\/#website\",\"url\":\"https:\\\/\\\/www.alumni.space\\\/pt-pt\\\/\",\"name\":\"Alumni.space\",\"description\":\"My WordPress Blog\",\"potentialAction\":[{\"@type\":\"SearchAction\",\"target\":{\"@type\":\"EntryPoint\",\"urlTemplate\":\"https:\\\/\\\/www.alumni.space\\\/pt-pt\\\/?s={search_term_string}\"},\"query-input\":{\"@type\":\"PropertyValueSpecification\",\"valueRequired\":true,\"valueName\":\"search_term_string\"}}],\"inLanguage\":\"pt-PT\"},{\"@type\":\"Person\",\"@id\":\"https:\\\/\\\/www.alumni.space\\\/pt-pt\\\/#\\\/schema\\\/person\\\/fede362a57876edda476a61f05ce5b15\",\"name\":\"admin\",\"image\":{\"@type\":\"ImageObject\",\"inLanguage\":\"pt-PT\",\"@id\":\"https:\\\/\\\/secure.gravatar.com\\\/avatar\\\/318e234ae94f90d4d629428d6b983c08e31181c28f579e08a021180d759ea651?s=96&d=mm&r=g\",\"url\":\"https:\\\/\\\/secure.gravatar.com\\\/avatar\\\/318e234ae94f90d4d629428d6b983c08e31181c28f579e08a021180d759ea651?s=96&d=mm&r=g\",\"contentUrl\":\"https:\\\/\\\/secure.gravatar.com\\\/avatar\\\/318e234ae94f90d4d629428d6b983c08e31181c28f579e08a021180d759ea651?s=96&d=mm&r=g\",\"caption\":\"admin\"},\"description\":\"Nicolas Laustriat a construit sa sp\u00e9cialit\u00e9 sur un sujet que beaucoup d\u2019organisations d\u00e9couvrent trop tard : ce qui dispara\u00eet quand les gens partent. Dipl\u00f4m\u00e9 en conception de produit industriel, il bifurque vers le digital fin 1996, il couvre les transformations marques, RH, la fid\u00e9lisation, la marque employeur. Sur le terrain, il rep\u00e8re un angle mort r\u00e9current : l\u2019entreprise investit dans le recrutement, la formation, les process\u2026 puis laisse filer le lien au moment du d\u00e9part, avec une perte de savoir et d\u2019influence qui se paie en silence. Il se sp\u00e9cialise alors sur les communaut\u00e9s d\u2019alumni, le mentorat, l\u2019entraide interg\u00e9n\u00e9rationnelle et la transmission d\u2019expertise. Il passe du \u201cconstat\u201d aux m\u00e9thodes : animation, gouvernance, segmentation, rituels, mesure d\u2019engagement, articulation avec la RSE et l\u2019employabilit\u00e9. Il interviewe DRH, responsables formation, directions d\u2019\u00e9coles, associations et fondations, avec une obsession : transformer un r\u00e9seau dormant en m\u00e9canisme utile (cooptation, mentorat, job board, entraide, \u00e9v\u00e9nements, contenus). Son style : direct, orient\u00e9 action, sans folklore. Sa conviction : une communaut\u00e9 n\u2019a pas besoin de bruit, elle a besoin de raisons de revenir.\",\"sameAs\":[\"https:\\\/\\\/www.alumni.space\"]}]}<\/script>\n<!-- \/ Yoast SEO plugin. -->","yoast_head_json":{"title":"Gerir eficazmente a tua comunidade de antigos empregados","description":"Descobre as melhores pr\u00e1ticas para gerir uma comunidade eficaz de antigos empregados e refor\u00e7ar la\u00e7os duradouros.","robots":{"index":"index","follow":"follow","max-snippet":"max-snippet:-1","max-image-preview":"max-image-preview:large","max-video-preview":"max-video-preview:-1"},"canonical":"https:\/\/www.alumni.space\/pt-pt\/boas-praticas-para-gerir-uma-comunidade-de-antigos-empregados\/","og_locale":"pt_PT","og_type":"article","og_title":"Gerir eficazmente a tua comunidade de antigos empregados","og_description":"Descobre as melhores pr\u00e1ticas para gerir uma comunidade eficaz de antigos empregados e refor\u00e7ar la\u00e7os duradouros.","og_url":"https:\/\/www.alumni.space\/pt-pt\/boas-praticas-para-gerir-uma-comunidade-de-antigos-empregados\/","og_site_name":"Alumni.space","article_published_time":"2025-05-26T18:55:56+00:00","article_modified_time":"2026-04-02T09:20:49+00:00","og_image":[{"width":1344,"height":768,"url":"https:\/\/www.alumni.space\/wp-content\/uploads\/2026\/03\/Les-bonnes-pratiques-pour-animer-une-communaute-danciens-salaries.jpg","type":"image\/jpeg"}],"author":"admin","twitter_card":"summary_large_image","twitter_misc":{"Escrito por":"admin","Tempo estimado de leitura":"5 minutos"},"schema":{"@context":"https:\/\/schema.org","@graph":[{"@type":"Article","@id":"https:\/\/www.alumni.space\/pt-pt\/boas-praticas-para-gerir-uma-comunidade-de-antigos-empregados\/#article","isPartOf":{"@id":"https:\/\/www.alumni.space\/pt-pt\/boas-praticas-para-gerir-uma-comunidade-de-antigos-empregados\/"},"author":{"name":"admin","@id":"https:\/\/www.alumni.space\/pt-pt\/#\/schema\/person\/fede362a57876edda476a61f05ce5b15"},"headline":"Boas pr\u00e1ticas para gerir uma comunidade de antigos empregados","datePublished":"2025-05-26T18:55:56+00:00","dateModified":"2026-04-02T09:20:49+00:00","mainEntityOfPage":{"@id":"https:\/\/www.alumni.space\/pt-pt\/boas-praticas-para-gerir-uma-comunidade-de-antigos-empregados\/"},"wordCount":949,"image":{"@id":"https:\/\/www.alumni.space\/pt-pt\/boas-praticas-para-gerir-uma-comunidade-de-antigos-empregados\/#primaryimage"},"thumbnailUrl":"https:\/\/www.alumni.space\/wp-content\/uploads\/2026\/03\/Les-bonnes-pratiques-pour-animer-une-communaute-danciens-salaries.jpg","articleSection":["Antigos alunos"],"inLanguage":"pt-PT"},{"@type":"WebPage","@id":"https:\/\/www.alumni.space\/pt-pt\/boas-praticas-para-gerir-uma-comunidade-de-antigos-empregados\/","url":"https:\/\/www.alumni.space\/pt-pt\/boas-praticas-para-gerir-uma-comunidade-de-antigos-empregados\/","name":"Gerir eficazmente a tua comunidade de antigos empregados","isPartOf":{"@id":"https:\/\/www.alumni.space\/pt-pt\/#website"},"primaryImageOfPage":{"@id":"https:\/\/www.alumni.space\/pt-pt\/boas-praticas-para-gerir-uma-comunidade-de-antigos-empregados\/#primaryimage"},"image":{"@id":"https:\/\/www.alumni.space\/pt-pt\/boas-praticas-para-gerir-uma-comunidade-de-antigos-empregados\/#primaryimage"},"thumbnailUrl":"https:\/\/www.alumni.space\/wp-content\/uploads\/2026\/03\/Les-bonnes-pratiques-pour-animer-une-communaute-danciens-salaries.jpg","datePublished":"2025-05-26T18:55:56+00:00","dateModified":"2026-04-02T09:20:49+00:00","author":{"@id":"https:\/\/www.alumni.space\/pt-pt\/#\/schema\/person\/fede362a57876edda476a61f05ce5b15"},"description":"Descobre as melhores pr\u00e1ticas para gerir uma comunidade eficaz de antigos empregados e refor\u00e7ar la\u00e7os duradouros.","breadcrumb":{"@id":"https:\/\/www.alumni.space\/pt-pt\/boas-praticas-para-gerir-uma-comunidade-de-antigos-empregados\/#breadcrumb"},"inLanguage":"pt-PT","potentialAction":[{"@type":"ReadAction","target":["https:\/\/www.alumni.space\/pt-pt\/boas-praticas-para-gerir-uma-comunidade-de-antigos-empregados\/"]}]},{"@type":"ImageObject","inLanguage":"pt-PT","@id":"https:\/\/www.alumni.space\/pt-pt\/boas-praticas-para-gerir-uma-comunidade-de-antigos-empregados\/#primaryimage","url":"https:\/\/www.alumni.space\/wp-content\/uploads\/2026\/03\/Les-bonnes-pratiques-pour-animer-une-communaute-danciens-salaries.jpg","contentUrl":"https:\/\/www.alumni.space\/wp-content\/uploads\/2026\/03\/Les-bonnes-pratiques-pour-animer-une-communaute-danciens-salaries.jpg","width":1344,"height":768,"caption":"descobre as melhores pr\u00e1ticas para gerir uma comunidade eficaz de antigos empregados e refor\u00e7ar os la\u00e7os duradouros entre eles."},{"@type":"BreadcrumbList","@id":"https:\/\/www.alumni.space\/pt-pt\/boas-praticas-para-gerir-uma-comunidade-de-antigos-empregados\/#breadcrumb","itemListElement":[{"@type":"ListItem","position":1,"name":"Home","item":"https:\/\/www.alumni.space\/pt-pt\/plataforma-de-gestao-de-mentores-e-antigos-alunos\/"},{"@type":"ListItem","position":2,"name":"Boas pr\u00e1ticas para gerir uma comunidade de antigos empregados"}]},{"@type":"WebSite","@id":"https:\/\/www.alumni.space\/pt-pt\/#website","url":"https:\/\/www.alumni.space\/pt-pt\/","name":"Alumni.space","description":"My WordPress Blog","potentialAction":[{"@type":"SearchAction","target":{"@type":"EntryPoint","urlTemplate":"https:\/\/www.alumni.space\/pt-pt\/?s={search_term_string}"},"query-input":{"@type":"PropertyValueSpecification","valueRequired":true,"valueName":"search_term_string"}}],"inLanguage":"pt-PT"},{"@type":"Person","@id":"https:\/\/www.alumni.space\/pt-pt\/#\/schema\/person\/fede362a57876edda476a61f05ce5b15","name":"admin","image":{"@type":"ImageObject","inLanguage":"pt-PT","@id":"https:\/\/secure.gravatar.com\/avatar\/318e234ae94f90d4d629428d6b983c08e31181c28f579e08a021180d759ea651?s=96&d=mm&r=g","url":"https:\/\/secure.gravatar.com\/avatar\/318e234ae94f90d4d629428d6b983c08e31181c28f579e08a021180d759ea651?s=96&d=mm&r=g","contentUrl":"https:\/\/secure.gravatar.com\/avatar\/318e234ae94f90d4d629428d6b983c08e31181c28f579e08a021180d759ea651?s=96&d=mm&r=g","caption":"admin"},"description":"Nicolas Laustriat a construit sa sp\u00e9cialit\u00e9 sur un sujet que beaucoup d\u2019organisations d\u00e9couvrent trop tard : ce qui dispara\u00eet quand les gens partent. Dipl\u00f4m\u00e9 en conception de produit industriel, il bifurque vers le digital fin 1996, il couvre les transformations marques, RH, la fid\u00e9lisation, la marque employeur. Sur le terrain, il rep\u00e8re un angle mort r\u00e9current : l\u2019entreprise investit dans le recrutement, la formation, les process\u2026 puis laisse filer le lien au moment du d\u00e9part, avec une perte de savoir et d\u2019influence qui se paie en silence. Il se sp\u00e9cialise alors sur les communaut\u00e9s d\u2019alumni, le mentorat, l\u2019entraide interg\u00e9n\u00e9rationnelle et la transmission d\u2019expertise. Il passe du \u201cconstat\u201d aux m\u00e9thodes : animation, gouvernance, segmentation, rituels, mesure d\u2019engagement, articulation avec la RSE et l\u2019employabilit\u00e9. Il interviewe DRH, responsables formation, directions d\u2019\u00e9coles, associations et fondations, avec une obsession : transformer un r\u00e9seau dormant en m\u00e9canisme utile (cooptation, mentorat, job board, entraide, \u00e9v\u00e9nements, contenus). Son style : direct, orient\u00e9 action, sans folklore. Sa conviction : une communaut\u00e9 n\u2019a pas besoin de bruit, elle a besoin de raisons de revenir.","sameAs":["https:\/\/www.alumni.space"]}]}},"_links":{"self":[{"href":"https:\/\/www.alumni.space\/pt-pt\/wp-json\/wp\/v2\/posts\/5935","targetHints":{"allow":["GET"]}}],"collection":[{"href":"https:\/\/www.alumni.space\/pt-pt\/wp-json\/wp\/v2\/posts"}],"about":[{"href":"https:\/\/www.alumni.space\/pt-pt\/wp-json\/wp\/v2\/types\/post"}],"author":[{"embeddable":true,"href":"https:\/\/www.alumni.space\/pt-pt\/wp-json\/wp\/v2\/users\/1"}],"replies":[{"embeddable":true,"href":"https:\/\/www.alumni.space\/pt-pt\/wp-json\/wp\/v2\/comments?post=5935"}],"version-history":[{"count":1,"href":"https:\/\/www.alumni.space\/pt-pt\/wp-json\/wp\/v2\/posts\/5935\/revisions"}],"predecessor-version":[{"id":5940,"href":"https:\/\/www.alumni.space\/pt-pt\/wp-json\/wp\/v2\/posts\/5935\/revisions\/5940"}],"wp:featuredmedia":[{"embeddable":true,"href":"https:\/\/www.alumni.space\/pt-pt\/wp-json\/wp\/v2\/media\/5937"}],"wp:attachment":[{"href":"https:\/\/www.alumni.space\/pt-pt\/wp-json\/wp\/v2\/media?parent=5935"}],"wp:term":[{"taxonomy":"category","embeddable":true,"href":"https:\/\/www.alumni.space\/pt-pt\/wp-json\/wp\/v2\/categories?post=5935"},{"taxonomy":"post_tag","embeddable":true,"href":"https:\/\/www.alumni.space\/pt-pt\/wp-json\/wp\/v2\/tags?post=5935"}],"curies":[{"name":"wp","href":"https:\/\/api.w.org\/{rel}","templated":true}]}}