{"id":5909,"date":"2026-03-20T02:41:28","date_gmt":"2026-03-20T02:41:28","guid":{"rendered":"https:\/\/www.alumni.space\/como-integrar-os-teus-antigos-empregados-nos-teus-programas-de-mentoria\/"},"modified":"2026-04-02T09:25:30","modified_gmt":"2026-04-02T09:25:30","slug":"como-integrar-os-teus-antigos-empregados-nos-teus-programas-de-mentoria","status":"publish","type":"post","link":"https:\/\/www.alumni.space\/pt-pt\/como-integrar-os-teus-antigos-empregados-nos-teus-programas-de-mentoria\/","title":{"rendered":"Como integrar os teus antigos empregados nos teus programas de mentoria"},"content":{"rendered":"<p>A fuga de c\u00e9rebros \u00e9 um pesadelo silencioso para as organiza\u00e7\u00f5es modernas. Em 2026, a volatilidade do talento est\u00e1 em alta, deixando os departamentos de RH com um preocupante vazio intelectual sempre que algu\u00e9m sai. No entanto, existe uma mina de ouro mesmo \u00e0 tua frente: os teus <strong>antigos empregados<\/strong>. Estes especialistas t\u00eam um conhecimento \u00edntimo da tua cultura e do teu funcionamento interno. Transformar estas sa\u00eddas em oportunidades de transmiss\u00e3o representa a alavanca estrat\u00e9gica mais subestimada da d\u00e9cada.    <\/p><p>Em vez de ver a sua experi\u00eancia evaporar-se, a integra\u00e7\u00e3o destes perfis nos teus <strong>programas de tutoria<\/strong> assegura o teu capital intang\u00edvel. Esta abordagem transforma os teus antigos empregados em pilares do teu ecossistema. Atrav\u00e9s de ferramentas especializadas, podes facilmente transformar os teus <a href=\"https:\/\/www.alumni.space\/pt-pt\/como-transformar-os-teus-antigos-empregados-em-mentores-internos\/\">antigos empregados em mentores<\/a> activos, garantindo uma continuidade operacional sem precedentes.  <\/p><div id=\"ez-toc-container\" class=\"ez-toc-v2_0_82_2 counter-flat ez-toc-counter ez-toc-grey ez-toc-container-direction\">\n<div class=\"ez-toc-title-container\"><p class=\"ez-toc-title\" style=\"cursor:inherit\">\u00cdndice deste artigo:<\/p>\n<\/div><nav><ul class='ez-toc-list ez-toc-list-level-1 ' ><li class='ez-toc-page-1'><a class=\"ez-toc-link ez-toc-heading-1\" href=\"https:\/\/www.alumni.space\/pt-pt\/como-integrar-os-teus-antigos-empregados-nos-teus-programas-de-mentoria\/#Os_beneficios_ocultos_da_tutoria_intergeracional\" >Os benef\u00edcios ocultos da tutoria intergeracional<\/a><\/li><li class='ez-toc-page-1'><a class=\"ez-toc-link ez-toc-heading-2\" href=\"https:\/\/www.alumni.space\/pt-pt\/como-integrar-os-teus-antigos-empregados-nos-teus-programas-de-mentoria\/#Reverter_a_tutoria_para_dar_energia_aos_gestores\" >Reverter a tutoria para dar energia aos gestores<\/a><\/li><li class='ez-toc-page-1'><a class=\"ez-toc-link ez-toc-heading-3\" href=\"https:\/\/www.alumni.space\/pt-pt\/como-integrar-os-teus-antigos-empregados-nos-teus-programas-de-mentoria\/#O_impacto_na_RSE_de_uma_comunidade_de_antigos_alunos_ativa\" >O impacto na RSE de uma comunidade de antigos alunos ativa<\/a><\/li><li class='ez-toc-page-1'><a class=\"ez-toc-link ez-toc-heading-4\" href=\"https:\/\/www.alumni.space\/pt-pt\/como-integrar-os-teus-antigos-empregados-nos-teus-programas-de-mentoria\/#Medir_o_sucesso_das_tuas_iniciativas_de_coaching\" >Medir o sucesso das tuas iniciativas de coaching<\/a><\/li><li class='ez-toc-page-1'><a class=\"ez-toc-link ez-toc-heading-5\" href=\"https:\/\/www.alumni.space\/pt-pt\/como-integrar-os-teus-antigos-empregados-nos-teus-programas-de-mentoria\/#Metodologia_para_uma_implementacao_bem_sucedida\" >Metodologia para uma implementa\u00e7\u00e3o bem sucedida<\/a><\/li><\/ul><\/nav><\/div>\n<h2 class=\"wp-block-heading\"><span class=\"ez-toc-section\" id=\"Os_beneficios_ocultos_da_tutoria_intergeracional\"><\/span>Os benef\u00edcios ocultos da tutoria intergeracional<span class=\"ez-toc-section-end\"><\/span><\/h2><p>A coabita\u00e7\u00e3o das gera\u00e7\u00f5es Baby-boomer, X, Y e Z numa mesma estrutura cria por vezes fric\u00e7\u00f5es. Estas diferen\u00e7as de m\u00e9todos e de valores travam a produtividade. Em contrapartida, a transforma\u00e7\u00e3o destas diferen\u00e7as numa <strong>transfer\u00eancia<\/strong> m\u00fatua <strong>de compet\u00eancias<\/strong> transforma o ambiente de trabalho. Os seniores trazem a vis\u00e3o global e a sabedoria organizacional, enquanto os mais jovens infundem um dom\u00ednio digital inato.   <\/p><p><strong>A tutoria<\/strong> j\u00e1 n\u00e3o \u00e9 apenas um processo de cima para baixo. A tend\u00eancia \u00e9 para trocas circulares em que todos aprendem uns com os outros. Esta sinergia refor\u00e7a a intelig\u00eancia colectiva e prepara a empresa para os desafios tecnol\u00f3gicos. Esta din\u00e2mica <a href=\"https:\/\/www.moortgat.com\/blog\/mentorat-intergenerationnel-une-experience-gagnant-gagnant\/\">de tutoria intergeracional<\/a> \u00e9 uma experi\u00eancia vantajosa para todas as partes envolvidas.   <\/p><figure class=\"wp-block-image size-full\"><img decoding=\"async\" width=\"1280\" height=\"768\" src=\"https:\/\/www.alumni.space\/wp-content\/uploads\/2026\/03\/Comment-integrer-vos-anciens-salaries-dans-vos-programmes-de-mentorat-1.jpg\" data-orig-src=\"https:\/\/www.alumni.space\/wp-content\/uploads\/2026\/03\/Comment-integrer-vos-anciens-salaries-dans-vos-programmes-de-mentorat-1.jpg\" alt=\"Descobre como integrar eficazmente os teus antigos empregados nos teus programas de tutoria, para que possas tirar o m\u00e1ximo partido da sua experi\u00eancia e refor\u00e7ar a transfer\u00eancia de conhecimentos na tua empresa.\" class=\"lazyload wp-image-3459\" srcset=\"data:image\/svg+xml,%3Csvg%20xmlns%3D%27http%3A%2F%2Fwww.w3.org%2F2000%2Fsvg%27%20width%3D%271280%27%20height%3D%27768%27%20viewBox%3D%270%200%201280%20768%27%3E%3Crect%20width%3D%271280%27%20height%3D%27768%27%20fill-opacity%3D%220%22%2F%3E%3C%2Fsvg%3E\" data-srcset=\"https:\/\/www.alumni.space\/wp-content\/uploads\/2026\/03\/Comment-integrer-vos-anciens-salaries-dans-vos-programmes-de-mentorat-1-200x120.jpg 200w, https:\/\/www.alumni.space\/wp-content\/uploads\/2026\/03\/Comment-integrer-vos-anciens-salaries-dans-vos-programmes-de-mentorat-1-300x180.jpg 300w, https:\/\/www.alumni.space\/wp-content\/uploads\/2026\/03\/Comment-integrer-vos-anciens-salaries-dans-vos-programmes-de-mentorat-1-400x240.jpg 400w, https:\/\/www.alumni.space\/wp-content\/uploads\/2026\/03\/Comment-integrer-vos-anciens-salaries-dans-vos-programmes-de-mentorat-1-600x360.jpg 600w, https:\/\/www.alumni.space\/wp-content\/uploads\/2026\/03\/Comment-integrer-vos-anciens-salaries-dans-vos-programmes-de-mentorat-1-768x461.jpg 768w, https:\/\/www.alumni.space\/wp-content\/uploads\/2026\/03\/Comment-integrer-vos-anciens-salaries-dans-vos-programmes-de-mentorat-1-800x480.jpg 800w, https:\/\/www.alumni.space\/wp-content\/uploads\/2026\/03\/Comment-integrer-vos-anciens-salaries-dans-vos-programmes-de-mentorat-1-1024x614.jpg 1024w, https:\/\/www.alumni.space\/wp-content\/uploads\/2026\/03\/Comment-integrer-vos-anciens-salaries-dans-vos-programmes-de-mentorat-1-1200x720.jpg 1200w, https:\/\/www.alumni.space\/wp-content\/uploads\/2026\/03\/Comment-integrer-vos-anciens-salaries-dans-vos-programmes-de-mentorat-1.jpg 1280w\" data-sizes=\"auto\" data-orig-sizes=\"(max-width: 1280px) 100vw, 1280px\" \/><\/figure><h3 class=\"wp-block-heading\"><span class=\"ez-toc-section\" id=\"Reverter_a_tutoria_para_dar_energia_aos_gestores\"><\/span>Reverter a tutoria para dar energia aos gestores<span class=\"ez-toc-section-end\"><\/span><\/h3><p>Por vezes, os gestores experientes n\u00e3o est\u00e3o a par dos \u00faltimos desenvolvimentos de software ou dos novos c\u00f3digos de comunica\u00e7\u00e3o social. O recurso a um j\u00fanior para<strong>apoiar<\/strong> um s\u00e9nior nestas \u00e1reas quebra os silos hier\u00e1rquicos. Este processo valoriza os jovens talentos, ao mesmo tempo que proporciona uma atualiza\u00e7\u00e3o crucial para os gestores mais antigos. A organiza\u00e7\u00e3o ganha em agilidade e reduz as \u00e1reas de incompet\u00eancia t\u00e9cnica.   <\/p><p>O estabelecimento de um clima de confian\u00e7a m\u00fatua facilita a ado\u00e7\u00e3o destas novas pr\u00e1ticas. A empresa j\u00e1 n\u00e3o se limita a formar o seu pessoal, mas cria um laborat\u00f3rio permanente de inova\u00e7\u00e3o interna. Esta estrat\u00e9gia constitui uma verdadeira <strong>experi\u00eancia profissional<\/strong> para cada membro da equipa.  <\/p><h2 class=\"wp-block-heading\"><span class=\"ez-toc-section\" id=\"O_impacto_na_RSE_de_uma_comunidade_de_antigos_alunos_ativa\"><\/span>O impacto na RSE de uma comunidade de antigos alunos ativa<span class=\"ez-toc-section-end\"><\/span><\/h2><p>Uma interface dedicada aos antigos alunos vai al\u00e9m da simples gest\u00e3o da base de dados. Encarna um forte compromisso social, estendendo a influ\u00eancia da entidade para al\u00e9m do fim do contrato. A partilha de conhecimentos entre gera\u00e7\u00f5es, o apoio ao regresso ao emprego e o patroc\u00ednio de compet\u00eancias limitam o desperd\u00edcio intelectual. Em termos de imagem de marca, esta estrat\u00e9gia promove uma cultura baseada nas pessoas e no apoio m\u00fatuo. Os recrutas s\u00e3o acolhidos de forma tranquilizadora, enquanto os antigos colaboradores actuam como garantes da reputa\u00e7\u00e3o da empresa. O alinhamento entre os objectivos dos RH e os compromissos \u00e9ticos torna-se palp\u00e1vel.     <\/p><p>Ao estruturar esta rede atrav\u00e9s do <strong>alumni.space<\/strong>, podes industrializar a gest\u00e3o dos teus embaixadores. A plataforma centraliza perfis, ofertas e eventos, evitando a dispers\u00e3o de dados em folhas de c\u00e1lculo obsoletas. Esta gest\u00e3o precisa favorece <strong>o desenvolvimento profissional<\/strong> cont\u00ednuo, mesmo para aqueles que deixaram os teus escrit\u00f3rios.  <\/p><h3 class=\"wp-block-heading\"><span class=\"ez-toc-section\" id=\"Medir_o_sucesso_das_tuas_iniciativas_de_coaching\"><\/span>Medir o sucesso das tuas iniciativas de coaching<span class=\"ez-toc-section-end\"><\/span><\/h3><p>A efic\u00e1cia de um programa deste tipo reside na clareza dos indicadores monitorizados. O n\u00famero de horas de interc\u00e2mbio, a taxa de participa\u00e7\u00e3o e o feedback qualitativo validam a relev\u00e2ncia do programa. Estes dados ajudam a aperfei\u00e7oar os pares para maximizar o impacto na reten\u00e7\u00e3o de talentos. Podes tamb\u00e9m <a href=\"https:\/\/www.alumni.space\/pt-pt\/como-medir-o-impacto-de-um-programa-de-mentoria-empresarial\/\">medir automaticamente o impacto da tutoria<\/a> para justificar os teus investimentos.   <\/p><p>Uma marca de empregador brilhante atrai naturalmente os melhores perfis. Ao provar que a liga\u00e7\u00e3o continua ap\u00f3s o contrato, tranquiliza os potenciais candidatos sobre a sua cultura de cuidado. Os antigos alunos tornam-se os teus melhores recrutadores atrav\u00e9s da coopta\u00e7\u00e3o e do <strong>networking<\/strong>, reduzindo drasticamente os teus custos de aquisi\u00e7\u00e3o de talentos.  <\/p><h2 class=\"wp-block-heading\"><span class=\"ez-toc-section\" id=\"Metodologia_para_uma_implementacao_bem_sucedida\"><\/span>Metodologia para uma implementa\u00e7\u00e3o bem sucedida<span class=\"ez-toc-section-end\"><\/span><\/h2><p>O lan\u00e7amento de uma iniciativa deste tipo requer uma estrutura. As principais etapas incluem a identifica\u00e7\u00e3o das necessidades de compet\u00eancias, a forma\u00e7\u00e3o de mentores volunt\u00e1rios e a defini\u00e7\u00e3o de um calend\u00e1rio de reuni\u00f5es. A plataforma <strong>alumni.space<\/strong> simplifica este processo, oferecendo ferramentas inteligentes de correspond\u00eancia. Esta tecnologia garante que cada sess\u00e3o de <strong>forma\u00e7\u00e3o<\/strong> cumpre um objetivo espec\u00edfico.   <\/p><p>A anima\u00e7\u00e3o regular da comunidade continua a ser a for\u00e7a motriz do envolvimento. A organiza\u00e7\u00e3o de webinars tem\u00e1ticos ou de reuni\u00f5es informais mant\u00e9m a liga\u00e7\u00e3o viva. A empresa j\u00e1 n\u00e3o sofre com a rotatividade, mas orquestra um fluxo cont\u00ednuo de know-how. Para mais informa\u00e7\u00f5es, l\u00ea este artigo sobre a import\u00e2ncia de manter <a href=\"https:\/\/www.alumni.space\/pt-pt\/mantem-uma-forte-ligacao-com-os-teus-antigos-empregados-atraves-de-tutoria\/\">as liga\u00e7\u00f5es com os antigos empregados<\/a> como parte da tua estrat\u00e9gia global.   <\/p><p>A transi\u00e7\u00e3o da gest\u00e3o tradicional para um ecossistema aberto \u00e9 a chave para o desempenho em 2026. A transmiss\u00e3o torna-se fluida, as compet\u00eancias tornam-se menos estagnadas e o sentimento de perten\u00e7a estende-se para al\u00e9m das paredes da empresa. A ado\u00e7\u00e3o desta vis\u00e3o transforma radicalmente o teu <strong>mentoring<\/strong> numa alavanca de crescimento sustent\u00e1vel.  <\/p><p><strong>Solicita uma demonstra\u00e7\u00e3o<\/strong><\/p>","protected":false},"excerpt":{"rendered":"<p>A fuga de c\u00e9rebros \u00e9 um pesadelo silencioso para as  [&#8230;]<\/p>\n","protected":false},"author":1,"featured_media":5911,"comment_status":"closed","ping_status":"","sticky":false,"template":"","format":"standard","meta":{"_ayudawp_aiss_exclude":false,"footnotes":""},"categories":[68],"tags":[],"class_list":["post-5909","post","type-post","status-publish","format-standard","has-post-thumbnail","hentry","category-mentoria"],"yoast_head":"<!-- This site is optimized with the Yoast SEO plugin v27.4 - https:\/\/yoast.com\/product\/yoast-seo-wordpress\/ -->\n<title>Reintegra\u00e7\u00e3o dos teus antigos colaboradores no mentoring: instru\u00e7\u00f5es de utiliza\u00e7\u00e3o<\/title>\n<meta name=\"description\" content=\"Descobre como integrar eficazmente os teus antigos funcion\u00e1rios nos teus programas de mentoria para refor\u00e7ar as compet\u00eancias e a colabora\u00e7\u00e3o.\" \/>\n<meta name=\"robots\" content=\"index, follow, max-snippet:-1, max-image-preview:large, max-video-preview:-1\" \/>\n<link rel=\"canonical\" href=\"https:\/\/www.alumni.space\/pt-pt\/como-integrar-os-teus-antigos-empregados-nos-teus-programas-de-mentoria\/\" \/>\n<meta property=\"og:locale\" content=\"pt_PT\" \/>\n<meta property=\"og:type\" content=\"article\" \/>\n<meta property=\"og:title\" content=\"Reintegra\u00e7\u00e3o dos teus antigos colaboradores no mentoring: instru\u00e7\u00f5es de utiliza\u00e7\u00e3o\" \/>\n<meta property=\"og:description\" content=\"Descobre como integrar eficazmente os teus antigos funcion\u00e1rios nos teus programas de mentoria para refor\u00e7ar as compet\u00eancias e a colabora\u00e7\u00e3o.\" \/>\n<meta property=\"og:url\" content=\"https:\/\/www.alumni.space\/pt-pt\/como-integrar-os-teus-antigos-empregados-nos-teus-programas-de-mentoria\/\" \/>\n<meta property=\"og:site_name\" content=\"Alumni.space\" \/>\n<meta property=\"article:published_time\" content=\"2026-03-20T02:41:28+00:00\" \/>\n<meta property=\"article:modified_time\" content=\"2026-04-02T09:25:30+00:00\" \/>\n<meta property=\"og:image\" content=\"https:\/\/www.alumni.space\/wp-content\/uploads\/2026\/03\/Comment-integrer-vos-anciens-salaries-dans-vos-programmes-de-mentorat.jpg\" \/>\n\t<meta property=\"og:image:width\" content=\"1280\" \/>\n\t<meta property=\"og:image:height\" content=\"768\" \/>\n\t<meta property=\"og:image:type\" content=\"image\/jpeg\" \/>\n<meta name=\"author\" content=\"admin\" \/>\n<meta name=\"twitter:card\" content=\"summary_large_image\" \/>\n<meta name=\"twitter:label1\" content=\"Escrito por\" \/>\n\t<meta name=\"twitter:data1\" content=\"admin\" \/>\n\t<meta name=\"twitter:label2\" content=\"Tempo estimado de leitura\" \/>\n\t<meta name=\"twitter:data2\" content=\"5 minutos\" \/>\n<script type=\"application\/ld+json\" class=\"yoast-schema-graph\">{\"@context\":\"https:\\\/\\\/schema.org\",\"@graph\":[{\"@type\":\"Article\",\"@id\":\"https:\\\/\\\/www.alumni.space\\\/pt-pt\\\/como-integrar-os-teus-antigos-empregados-nos-teus-programas-de-mentoria\\\/#article\",\"isPartOf\":{\"@id\":\"https:\\\/\\\/www.alumni.space\\\/pt-pt\\\/como-integrar-os-teus-antigos-empregados-nos-teus-programas-de-mentoria\\\/\"},\"author\":{\"name\":\"admin\",\"@id\":\"https:\\\/\\\/www.alumni.space\\\/pt-pt\\\/#\\\/schema\\\/person\\\/fede362a57876edda476a61f05ce5b15\"},\"headline\":\"Como integrar os teus antigos empregados nos teus programas de mentoria\",\"datePublished\":\"2026-03-20T02:41:28+00:00\",\"dateModified\":\"2026-04-02T09:25:30+00:00\",\"mainEntityOfPage\":{\"@id\":\"https:\\\/\\\/www.alumni.space\\\/pt-pt\\\/como-integrar-os-teus-antigos-empregados-nos-teus-programas-de-mentoria\\\/\"},\"wordCount\":959,\"image\":{\"@id\":\"https:\\\/\\\/www.alumni.space\\\/pt-pt\\\/como-integrar-os-teus-antigos-empregados-nos-teus-programas-de-mentoria\\\/#primaryimage\"},\"thumbnailUrl\":\"https:\\\/\\\/www.alumni.space\\\/wp-content\\\/uploads\\\/2026\\\/03\\\/Comment-integrer-vos-anciens-salaries-dans-vos-programmes-de-mentorat.jpg\",\"articleSection\":[\"Mentoria\"],\"inLanguage\":\"pt-PT\"},{\"@type\":\"WebPage\",\"@id\":\"https:\\\/\\\/www.alumni.space\\\/pt-pt\\\/como-integrar-os-teus-antigos-empregados-nos-teus-programas-de-mentoria\\\/\",\"url\":\"https:\\\/\\\/www.alumni.space\\\/pt-pt\\\/como-integrar-os-teus-antigos-empregados-nos-teus-programas-de-mentoria\\\/\",\"name\":\"Reintegra\u00e7\u00e3o dos teus antigos colaboradores no mentoring: instru\u00e7\u00f5es de utiliza\u00e7\u00e3o\",\"isPartOf\":{\"@id\":\"https:\\\/\\\/www.alumni.space\\\/pt-pt\\\/#website\"},\"primaryImageOfPage\":{\"@id\":\"https:\\\/\\\/www.alumni.space\\\/pt-pt\\\/como-integrar-os-teus-antigos-empregados-nos-teus-programas-de-mentoria\\\/#primaryimage\"},\"image\":{\"@id\":\"https:\\\/\\\/www.alumni.space\\\/pt-pt\\\/como-integrar-os-teus-antigos-empregados-nos-teus-programas-de-mentoria\\\/#primaryimage\"},\"thumbnailUrl\":\"https:\\\/\\\/www.alumni.space\\\/wp-content\\\/uploads\\\/2026\\\/03\\\/Comment-integrer-vos-anciens-salaries-dans-vos-programmes-de-mentorat.jpg\",\"datePublished\":\"2026-03-20T02:41:28+00:00\",\"dateModified\":\"2026-04-02T09:25:30+00:00\",\"author\":{\"@id\":\"https:\\\/\\\/www.alumni.space\\\/pt-pt\\\/#\\\/schema\\\/person\\\/fede362a57876edda476a61f05ce5b15\"},\"description\":\"Descobre como integrar eficazmente os teus antigos funcion\u00e1rios nos teus programas de mentoria para refor\u00e7ar as compet\u00eancias e a colabora\u00e7\u00e3o.\",\"breadcrumb\":{\"@id\":\"https:\\\/\\\/www.alumni.space\\\/pt-pt\\\/como-integrar-os-teus-antigos-empregados-nos-teus-programas-de-mentoria\\\/#breadcrumb\"},\"inLanguage\":\"pt-PT\",\"potentialAction\":[{\"@type\":\"ReadAction\",\"target\":[\"https:\\\/\\\/www.alumni.space\\\/pt-pt\\\/como-integrar-os-teus-antigos-empregados-nos-teus-programas-de-mentoria\\\/\"]}]},{\"@type\":\"ImageObject\",\"inLanguage\":\"pt-PT\",\"@id\":\"https:\\\/\\\/www.alumni.space\\\/pt-pt\\\/como-integrar-os-teus-antigos-empregados-nos-teus-programas-de-mentoria\\\/#primaryimage\",\"url\":\"https:\\\/\\\/www.alumni.space\\\/wp-content\\\/uploads\\\/2026\\\/03\\\/Comment-integrer-vos-anciens-salaries-dans-vos-programmes-de-mentorat.jpg\",\"contentUrl\":\"https:\\\/\\\/www.alumni.space\\\/wp-content\\\/uploads\\\/2026\\\/03\\\/Comment-integrer-vos-anciens-salaries-dans-vos-programmes-de-mentorat.jpg\",\"width\":1280,\"height\":768,\"caption\":\"Descobre como integrar eficazmente os teus antigos empregados nos teus programas de mentoria para refor\u00e7ar as compet\u00eancias e promover a transfer\u00eancia de conhecimentos na tua empresa.\"},{\"@type\":\"BreadcrumbList\",\"@id\":\"https:\\\/\\\/www.alumni.space\\\/pt-pt\\\/como-integrar-os-teus-antigos-empregados-nos-teus-programas-de-mentoria\\\/#breadcrumb\",\"itemListElement\":[{\"@type\":\"ListItem\",\"position\":1,\"name\":\"Home\",\"item\":\"https:\\\/\\\/www.alumni.space\\\/pt-pt\\\/plataforma-de-gestao-de-mentores-e-antigos-alunos\\\/\"},{\"@type\":\"ListItem\",\"position\":2,\"name\":\"Como integrar os teus antigos empregados nos teus programas de mentoria\"}]},{\"@type\":\"WebSite\",\"@id\":\"https:\\\/\\\/www.alumni.space\\\/pt-pt\\\/#website\",\"url\":\"https:\\\/\\\/www.alumni.space\\\/pt-pt\\\/\",\"name\":\"Alumni.space\",\"description\":\"My WordPress Blog\",\"potentialAction\":[{\"@type\":\"SearchAction\",\"target\":{\"@type\":\"EntryPoint\",\"urlTemplate\":\"https:\\\/\\\/www.alumni.space\\\/pt-pt\\\/?s={search_term_string}\"},\"query-input\":{\"@type\":\"PropertyValueSpecification\",\"valueRequired\":true,\"valueName\":\"search_term_string\"}}],\"inLanguage\":\"pt-PT\"},{\"@type\":\"Person\",\"@id\":\"https:\\\/\\\/www.alumni.space\\\/pt-pt\\\/#\\\/schema\\\/person\\\/fede362a57876edda476a61f05ce5b15\",\"name\":\"admin\",\"image\":{\"@type\":\"ImageObject\",\"inLanguage\":\"pt-PT\",\"@id\":\"https:\\\/\\\/secure.gravatar.com\\\/avatar\\\/318e234ae94f90d4d629428d6b983c08e31181c28f579e08a021180d759ea651?s=96&d=mm&r=g\",\"url\":\"https:\\\/\\\/secure.gravatar.com\\\/avatar\\\/318e234ae94f90d4d629428d6b983c08e31181c28f579e08a021180d759ea651?s=96&d=mm&r=g\",\"contentUrl\":\"https:\\\/\\\/secure.gravatar.com\\\/avatar\\\/318e234ae94f90d4d629428d6b983c08e31181c28f579e08a021180d759ea651?s=96&d=mm&r=g\",\"caption\":\"admin\"},\"description\":\"Nicolas Laustriat a construit sa sp\u00e9cialit\u00e9 sur un sujet que beaucoup d\u2019organisations d\u00e9couvrent trop tard : ce qui dispara\u00eet quand les gens partent. Dipl\u00f4m\u00e9 en conception de produit industriel, il bifurque vers le digital fin 1996, il couvre les transformations marques, RH, la fid\u00e9lisation, la marque employeur. Sur le terrain, il rep\u00e8re un angle mort r\u00e9current : l\u2019entreprise investit dans le recrutement, la formation, les process\u2026 puis laisse filer le lien au moment du d\u00e9part, avec une perte de savoir et d\u2019influence qui se paie en silence. Il se sp\u00e9cialise alors sur les communaut\u00e9s d\u2019alumni, le mentorat, l\u2019entraide interg\u00e9n\u00e9rationnelle et la transmission d\u2019expertise. Il passe du \u201cconstat\u201d aux m\u00e9thodes : animation, gouvernance, segmentation, rituels, mesure d\u2019engagement, articulation avec la RSE et l\u2019employabilit\u00e9. Il interviewe DRH, responsables formation, directions d\u2019\u00e9coles, associations et fondations, avec une obsession : transformer un r\u00e9seau dormant en m\u00e9canisme utile (cooptation, mentorat, job board, entraide, \u00e9v\u00e9nements, contenus). Son style : direct, orient\u00e9 action, sans folklore. Sa conviction : une communaut\u00e9 n\u2019a pas besoin de bruit, elle a besoin de raisons de revenir.\",\"sameAs\":[\"https:\\\/\\\/www.alumni.space\"]}]}<\/script>\n<!-- \/ Yoast SEO plugin. -->","yoast_head_json":{"title":"Reintegra\u00e7\u00e3o dos teus antigos colaboradores no mentoring: instru\u00e7\u00f5es de utiliza\u00e7\u00e3o","description":"Descobre como integrar eficazmente os teus antigos funcion\u00e1rios nos teus programas de mentoria para refor\u00e7ar as compet\u00eancias e a colabora\u00e7\u00e3o.","robots":{"index":"index","follow":"follow","max-snippet":"max-snippet:-1","max-image-preview":"max-image-preview:large","max-video-preview":"max-video-preview:-1"},"canonical":"https:\/\/www.alumni.space\/pt-pt\/como-integrar-os-teus-antigos-empregados-nos-teus-programas-de-mentoria\/","og_locale":"pt_PT","og_type":"article","og_title":"Reintegra\u00e7\u00e3o dos teus antigos colaboradores no mentoring: instru\u00e7\u00f5es de utiliza\u00e7\u00e3o","og_description":"Descobre como integrar eficazmente os teus antigos funcion\u00e1rios nos teus programas de mentoria para refor\u00e7ar as compet\u00eancias e a colabora\u00e7\u00e3o.","og_url":"https:\/\/www.alumni.space\/pt-pt\/como-integrar-os-teus-antigos-empregados-nos-teus-programas-de-mentoria\/","og_site_name":"Alumni.space","article_published_time":"2026-03-20T02:41:28+00:00","article_modified_time":"2026-04-02T09:25:30+00:00","og_image":[{"width":1280,"height":768,"url":"https:\/\/www.alumni.space\/wp-content\/uploads\/2026\/03\/Comment-integrer-vos-anciens-salaries-dans-vos-programmes-de-mentorat.jpg","type":"image\/jpeg"}],"author":"admin","twitter_card":"summary_large_image","twitter_misc":{"Escrito por":"admin","Tempo estimado de leitura":"5 minutos"},"schema":{"@context":"https:\/\/schema.org","@graph":[{"@type":"Article","@id":"https:\/\/www.alumni.space\/pt-pt\/como-integrar-os-teus-antigos-empregados-nos-teus-programas-de-mentoria\/#article","isPartOf":{"@id":"https:\/\/www.alumni.space\/pt-pt\/como-integrar-os-teus-antigos-empregados-nos-teus-programas-de-mentoria\/"},"author":{"name":"admin","@id":"https:\/\/www.alumni.space\/pt-pt\/#\/schema\/person\/fede362a57876edda476a61f05ce5b15"},"headline":"Como integrar os teus antigos empregados nos teus programas de mentoria","datePublished":"2026-03-20T02:41:28+00:00","dateModified":"2026-04-02T09:25:30+00:00","mainEntityOfPage":{"@id":"https:\/\/www.alumni.space\/pt-pt\/como-integrar-os-teus-antigos-empregados-nos-teus-programas-de-mentoria\/"},"wordCount":959,"image":{"@id":"https:\/\/www.alumni.space\/pt-pt\/como-integrar-os-teus-antigos-empregados-nos-teus-programas-de-mentoria\/#primaryimage"},"thumbnailUrl":"https:\/\/www.alumni.space\/wp-content\/uploads\/2026\/03\/Comment-integrer-vos-anciens-salaries-dans-vos-programmes-de-mentorat.jpg","articleSection":["Mentoria"],"inLanguage":"pt-PT"},{"@type":"WebPage","@id":"https:\/\/www.alumni.space\/pt-pt\/como-integrar-os-teus-antigos-empregados-nos-teus-programas-de-mentoria\/","url":"https:\/\/www.alumni.space\/pt-pt\/como-integrar-os-teus-antigos-empregados-nos-teus-programas-de-mentoria\/","name":"Reintegra\u00e7\u00e3o dos teus antigos colaboradores no mentoring: instru\u00e7\u00f5es de utiliza\u00e7\u00e3o","isPartOf":{"@id":"https:\/\/www.alumni.space\/pt-pt\/#website"},"primaryImageOfPage":{"@id":"https:\/\/www.alumni.space\/pt-pt\/como-integrar-os-teus-antigos-empregados-nos-teus-programas-de-mentoria\/#primaryimage"},"image":{"@id":"https:\/\/www.alumni.space\/pt-pt\/como-integrar-os-teus-antigos-empregados-nos-teus-programas-de-mentoria\/#primaryimage"},"thumbnailUrl":"https:\/\/www.alumni.space\/wp-content\/uploads\/2026\/03\/Comment-integrer-vos-anciens-salaries-dans-vos-programmes-de-mentorat.jpg","datePublished":"2026-03-20T02:41:28+00:00","dateModified":"2026-04-02T09:25:30+00:00","author":{"@id":"https:\/\/www.alumni.space\/pt-pt\/#\/schema\/person\/fede362a57876edda476a61f05ce5b15"},"description":"Descobre como integrar eficazmente os teus antigos funcion\u00e1rios nos teus programas de mentoria para refor\u00e7ar as compet\u00eancias e a colabora\u00e7\u00e3o.","breadcrumb":{"@id":"https:\/\/www.alumni.space\/pt-pt\/como-integrar-os-teus-antigos-empregados-nos-teus-programas-de-mentoria\/#breadcrumb"},"inLanguage":"pt-PT","potentialAction":[{"@type":"ReadAction","target":["https:\/\/www.alumni.space\/pt-pt\/como-integrar-os-teus-antigos-empregados-nos-teus-programas-de-mentoria\/"]}]},{"@type":"ImageObject","inLanguage":"pt-PT","@id":"https:\/\/www.alumni.space\/pt-pt\/como-integrar-os-teus-antigos-empregados-nos-teus-programas-de-mentoria\/#primaryimage","url":"https:\/\/www.alumni.space\/wp-content\/uploads\/2026\/03\/Comment-integrer-vos-anciens-salaries-dans-vos-programmes-de-mentorat.jpg","contentUrl":"https:\/\/www.alumni.space\/wp-content\/uploads\/2026\/03\/Comment-integrer-vos-anciens-salaries-dans-vos-programmes-de-mentorat.jpg","width":1280,"height":768,"caption":"Descobre como integrar eficazmente os teus antigos empregados nos teus programas de mentoria para refor\u00e7ar as compet\u00eancias e promover a transfer\u00eancia de conhecimentos na tua empresa."},{"@type":"BreadcrumbList","@id":"https:\/\/www.alumni.space\/pt-pt\/como-integrar-os-teus-antigos-empregados-nos-teus-programas-de-mentoria\/#breadcrumb","itemListElement":[{"@type":"ListItem","position":1,"name":"Home","item":"https:\/\/www.alumni.space\/pt-pt\/plataforma-de-gestao-de-mentores-e-antigos-alunos\/"},{"@type":"ListItem","position":2,"name":"Como integrar os teus antigos empregados nos teus programas de mentoria"}]},{"@type":"WebSite","@id":"https:\/\/www.alumni.space\/pt-pt\/#website","url":"https:\/\/www.alumni.space\/pt-pt\/","name":"Alumni.space","description":"My WordPress Blog","potentialAction":[{"@type":"SearchAction","target":{"@type":"EntryPoint","urlTemplate":"https:\/\/www.alumni.space\/pt-pt\/?s={search_term_string}"},"query-input":{"@type":"PropertyValueSpecification","valueRequired":true,"valueName":"search_term_string"}}],"inLanguage":"pt-PT"},{"@type":"Person","@id":"https:\/\/www.alumni.space\/pt-pt\/#\/schema\/person\/fede362a57876edda476a61f05ce5b15","name":"admin","image":{"@type":"ImageObject","inLanguage":"pt-PT","@id":"https:\/\/secure.gravatar.com\/avatar\/318e234ae94f90d4d629428d6b983c08e31181c28f579e08a021180d759ea651?s=96&d=mm&r=g","url":"https:\/\/secure.gravatar.com\/avatar\/318e234ae94f90d4d629428d6b983c08e31181c28f579e08a021180d759ea651?s=96&d=mm&r=g","contentUrl":"https:\/\/secure.gravatar.com\/avatar\/318e234ae94f90d4d629428d6b983c08e31181c28f579e08a021180d759ea651?s=96&d=mm&r=g","caption":"admin"},"description":"Nicolas Laustriat a construit sa sp\u00e9cialit\u00e9 sur un sujet que beaucoup d\u2019organisations d\u00e9couvrent trop tard : ce qui dispara\u00eet quand les gens partent. Dipl\u00f4m\u00e9 en conception de produit industriel, il bifurque vers le digital fin 1996, il couvre les transformations marques, RH, la fid\u00e9lisation, la marque employeur. Sur le terrain, il rep\u00e8re un angle mort r\u00e9current : l\u2019entreprise investit dans le recrutement, la formation, les process\u2026 puis laisse filer le lien au moment du d\u00e9part, avec une perte de savoir et d\u2019influence qui se paie en silence. Il se sp\u00e9cialise alors sur les communaut\u00e9s d\u2019alumni, le mentorat, l\u2019entraide interg\u00e9n\u00e9rationnelle et la transmission d\u2019expertise. Il passe du \u201cconstat\u201d aux m\u00e9thodes : animation, gouvernance, segmentation, rituels, mesure d\u2019engagement, articulation avec la RSE et l\u2019employabilit\u00e9. Il interviewe DRH, responsables formation, directions d\u2019\u00e9coles, associations et fondations, avec une obsession : transformer un r\u00e9seau dormant en m\u00e9canisme utile (cooptation, mentorat, job board, entraide, \u00e9v\u00e9nements, contenus). Son style : direct, orient\u00e9 action, sans folklore. Sa conviction : une communaut\u00e9 n\u2019a pas besoin de bruit, elle a besoin de raisons de revenir.","sameAs":["https:\/\/www.alumni.space"]}]}},"_links":{"self":[{"href":"https:\/\/www.alumni.space\/pt-pt\/wp-json\/wp\/v2\/posts\/5909","targetHints":{"allow":["GET"]}}],"collection":[{"href":"https:\/\/www.alumni.space\/pt-pt\/wp-json\/wp\/v2\/posts"}],"about":[{"href":"https:\/\/www.alumni.space\/pt-pt\/wp-json\/wp\/v2\/types\/post"}],"author":[{"embeddable":true,"href":"https:\/\/www.alumni.space\/pt-pt\/wp-json\/wp\/v2\/users\/1"}],"replies":[{"embeddable":true,"href":"https:\/\/www.alumni.space\/pt-pt\/wp-json\/wp\/v2\/comments?post=5909"}],"version-history":[{"count":2,"href":"https:\/\/www.alumni.space\/pt-pt\/wp-json\/wp\/v2\/posts\/5909\/revisions"}],"predecessor-version":[{"id":6913,"href":"https:\/\/www.alumni.space\/pt-pt\/wp-json\/wp\/v2\/posts\/5909\/revisions\/6913"}],"wp:featuredmedia":[{"embeddable":true,"href":"https:\/\/www.alumni.space\/pt-pt\/wp-json\/wp\/v2\/media\/5911"}],"wp:attachment":[{"href":"https:\/\/www.alumni.space\/pt-pt\/wp-json\/wp\/v2\/media?parent=5909"}],"wp:term":[{"taxonomy":"category","embeddable":true,"href":"https:\/\/www.alumni.space\/pt-pt\/wp-json\/wp\/v2\/categories?post=5909"},{"taxonomy":"post_tag","embeddable":true,"href":"https:\/\/www.alumni.space\/pt-pt\/wp-json\/wp\/v2\/tags?post=5909"}],"curies":[{"name":"wp","href":"https:\/\/api.w.org\/{rel}","templated":true}]}}