{"id":5850,"date":"2025-04-27T11:22:37","date_gmt":"2025-04-27T11:22:37","guid":{"rendered":"https:\/\/www.alumni.space\/piramide-etaria-um-desafio-para-as-profissoes-da-engenharia-mecanica\/"},"modified":"2026-03-28T10:48:17","modified_gmt":"2026-03-28T10:48:17","slug":"piramide-etaria-um-desafio-para-as-profissoes-da-engenharia-mecanica","status":"publish","type":"post","link":"https:\/\/www.alumni.space\/pt-pt\/piramide-etaria-um-desafio-para-as-profissoes-da-engenharia-mecanica\/","title":{"rendered":"Pir\u00e2mide et\u00e1ria: um desafio para as profiss\u00f5es da engenharia mec\u00e2nica"},"content":{"rendered":"<div id=\"ez-toc-container\" class=\"ez-toc-v2_0_82_2 counter-flat ez-toc-counter ez-toc-grey ez-toc-container-direction\">\n<div class=\"ez-toc-title-container\"><p class=\"ez-toc-title\" style=\"cursor:inherit\">\u00cdndice deste artigo:<\/p>\n<\/div><nav><ul class='ez-toc-list ez-toc-list-level-1 ' ><li class='ez-toc-page-1'><a class=\"ez-toc-link ez-toc-heading-1\" href=\"https:\/\/www.alumni.space\/pt-pt\/piramide-etaria-um-desafio-para-as-profissoes-da-engenharia-mecanica\/#A_piramide_etaria_na_engenharia_mecanica_um_grande_desafio_demografico\" >A pir\u00e2mide et\u00e1ria na engenharia mec\u00e2nica: um grande desafio demogr\u00e1fico<\/a><\/li><li class='ez-toc-page-1'><a class=\"ez-toc-link ez-toc-heading-2\" href=\"https:\/\/www.alumni.space\/pt-pt\/piramide-etaria-um-desafio-para-as-profissoes-da-engenharia-mecanica\/#Responder_ao_desafio_da_renovacao_das_competencias_em_engenharia_mecanica\" >Responder ao desafio da renova\u00e7\u00e3o das compet\u00eancias em engenharia mec\u00e2nica<\/a><\/li><li class='ez-toc-page-1'><a class=\"ez-toc-link ez-toc-heading-3\" href=\"https:\/\/www.alumni.space\/pt-pt\/piramide-etaria-um-desafio-para-as-profissoes-da-engenharia-mecanica\/#Impacto_da_piramide_etaria_no_recrutamento_e_no_desempenho_das_profissoes_tecnicas\" >Impacto da pir\u00e2mide et\u00e1ria no recrutamento e no desempenho das profiss\u00f5es t\u00e9cnicas<\/a><\/li><li class='ez-toc-page-1'><a class=\"ez-toc-link ez-toc-heading-4\" href=\"https:\/\/www.alumni.space\/pt-pt\/piramide-etaria-um-desafio-para-as-profissoes-da-engenharia-mecanica\/#Otimizar_a_transferencia_de_conhecimentos_para_assegurar_a_continuidade_e_a_competitividade\" >Otimizar a transfer\u00eancia de conhecimentos para assegurar a continuidade e a competitividade<\/a><\/li><li class='ez-toc-page-1'><a class=\"ez-toc-link ez-toc-heading-5\" href=\"https:\/\/www.alumni.space\/pt-pt\/piramide-etaria-um-desafio-para-as-profissoes-da-engenharia-mecanica\/#Piramide_etaria_e_evolucao_das_profissoes_da_engenharia_mecanica_antecipar_as_necessidades_futuras\" >Pir\u00e2mide et\u00e1ria e evolu\u00e7\u00e3o das profiss\u00f5es da engenharia mec\u00e2nica: antecipar as necessidades futuras<\/a><\/li><\/ul><\/nav><\/div>\n<h2 class=\"wp-block-heading\"><span class=\"ez-toc-section\" id=\"A_piramide_etaria_na_engenharia_mecanica_um_grande_desafio_demografico\"><\/span>A pir\u00e2mide et\u00e1ria na engenharia mec\u00e2nica: um grande desafio demogr\u00e1fico<span class=\"ez-toc-section-end\"><\/span><\/h2><p>O sector da engenharia mec\u00e2nica, pilar transversal da ind\u00fastria, enfrenta um desafio demogr\u00e1fico significativo em 2026. A pir\u00e2mide et\u00e1ria revela uma for\u00e7a de trabalho envelhecida, com uma elevada propor\u00e7\u00e3o de trabalhadores perto da reforma. Este fr\u00e1gil equil\u00edbrio tem um impacto direto na disponibilidade de m\u00e3o de obra e suscita preocupa\u00e7\u00f5es quanto \u00e0 transmiss\u00e3o de conhecimentos essenciais \u00e0s profiss\u00f5es t\u00e9cnicas.  <\/p><p>A tend\u00eancia para uma popula\u00e7\u00e3o ativa dominada por pessoas com mais de 50 anos implica que os decisores devem gerir cuidadosamente a sua for\u00e7a de trabalho. Com efeito, o aumento das reformas pode conduzir a uma perda de compet\u00eancias e de saber-fazer industriais, dif\u00edcil de compensar sem uma pol\u00edtica proactiva de recrutamento e de forma\u00e7\u00e3o profissional. <\/p><figure class=\"wp-block-image size-full\"><img decoding=\"async\" width=\"1280\" height=\"768\" src=\"https:\/\/www.alumni.space\/wp-content\/uploads\/2026\/03\/Pyramide-des-ages-un-defi-pour-les-metiers-de-la-mecanique-1.jpg\" data-orig-src=\"https:\/\/www.alumni.space\/wp-content\/uploads\/2026\/03\/Pyramide-des-ages-un-defi-pour-les-metiers-de-la-mecanique-1.jpg\" alt=\"descobre como a pir\u00e2mide et\u00e1ria est\u00e1 a afetar as profiss\u00f5es de engenharia mec\u00e2nica e os desafios envolvidos na renova\u00e7\u00e3o de compet\u00eancias neste sector em r\u00e1pida mudan\u00e7a.\" class=\"lazyload wp-image-3198\" srcset=\"data:image\/svg+xml,%3Csvg%20xmlns%3D%27http%3A%2F%2Fwww.w3.org%2F2000%2Fsvg%27%20width%3D%271280%27%20height%3D%27768%27%20viewBox%3D%270%200%201280%20768%27%3E%3Crect%20width%3D%271280%27%20height%3D%27768%27%20fill-opacity%3D%220%22%2F%3E%3C%2Fsvg%3E\" data-srcset=\"https:\/\/www.alumni.space\/wp-content\/uploads\/2026\/03\/Pyramide-des-ages-un-defi-pour-les-metiers-de-la-mecanique-1-200x120.jpg 200w, https:\/\/www.alumni.space\/wp-content\/uploads\/2026\/03\/Pyramide-des-ages-un-defi-pour-les-metiers-de-la-mecanique-1-300x180.jpg 300w, https:\/\/www.alumni.space\/wp-content\/uploads\/2026\/03\/Pyramide-des-ages-un-defi-pour-les-metiers-de-la-mecanique-1-400x240.jpg 400w, https:\/\/www.alumni.space\/wp-content\/uploads\/2026\/03\/Pyramide-des-ages-un-defi-pour-les-metiers-de-la-mecanique-1-600x360.jpg 600w, https:\/\/www.alumni.space\/wp-content\/uploads\/2026\/03\/Pyramide-des-ages-un-defi-pour-les-metiers-de-la-mecanique-1-768x461.jpg 768w, https:\/\/www.alumni.space\/wp-content\/uploads\/2026\/03\/Pyramide-des-ages-un-defi-pour-les-metiers-de-la-mecanique-1-800x480.jpg 800w, https:\/\/www.alumni.space\/wp-content\/uploads\/2026\/03\/Pyramide-des-ages-un-defi-pour-les-metiers-de-la-mecanique-1-1024x614.jpg 1024w, https:\/\/www.alumni.space\/wp-content\/uploads\/2026\/03\/Pyramide-des-ages-un-defi-pour-les-metiers-de-la-mecanique-1-1200x720.jpg 1200w, https:\/\/www.alumni.space\/wp-content\/uploads\/2026\/03\/Pyramide-des-ages-un-defi-pour-les-metiers-de-la-mecanique-1.jpg 1280w\" data-sizes=\"auto\" data-orig-sizes=\"(max-width: 1280px) 100vw, 1280px\" \/><\/figure><h3 class=\"wp-block-heading\"><span class=\"ez-toc-section\" id=\"Responder_ao_desafio_da_renovacao_das_competencias_em_engenharia_mecanica\"><\/span>Responder ao desafio da renova\u00e7\u00e3o das compet\u00eancias em engenharia mec\u00e2nica<span class=\"ez-toc-section-end\"><\/span><\/h3><p>O sector enfrenta uma rota\u00e7\u00e3o anual de milhares de postos de trabalho, uma din\u00e2mica ligada \u00e0 sa\u00edda de quadros superiores. Esta tend\u00eancia cria uma necessidade urgente de integrar e formar jovens talentos capazes de se adaptarem \u00e0s r\u00e1pidas mudan\u00e7as nas profiss\u00f5es t\u00e9cnicas. Ao mesmo tempo, a forma\u00e7\u00e3o cont\u00ednua torna-se essencial para manter a competitividade e apoiar a inova\u00e7\u00e3o.  <\/p><p>A gest\u00e3o deste desafio depende em grande medida de estrat\u00e9gias eficazes para animar a comunidade profissional. A mobiliza\u00e7\u00e3o de uma rede de mentores e de antigos alunos j\u00e1 deu provas da sua efic\u00e1cia para assegurar a continuidade das compet\u00eancias. Evita-se assim o desperd\u00edcio de experi\u00eancia e facilita-se a integra\u00e7\u00e3o das novas gera\u00e7\u00f5es, refor\u00e7ando simultaneamente o empenhamento e a coopta\u00e7\u00e3o.  <\/p><h2 class=\"wp-block-heading\"><span class=\"ez-toc-section\" id=\"Impacto_da_piramide_etaria_no_recrutamento_e_no_desempenho_das_profissoes_tecnicas\"><\/span>Impacto da pir\u00e2mide et\u00e1ria no recrutamento e no desempenho das profiss\u00f5es t\u00e9cnicas<span class=\"ez-toc-section-end\"><\/span><\/h2><p>O envelhecimento da m\u00e3o de obra est\u00e1 a exercer press\u00e3o sobre a capacidade de recrutamento, exacerbando as tens\u00f5es existentes nas profiss\u00f5es t\u00e9cnicas de engenharia. Esta situa\u00e7\u00e3o \u00e9 particularmente preocupante nos dom\u00ednios em que a propor\u00e7\u00e3o de trabalhadores mais velhos \u00e9 elevada. As empresas devem antecipar-se a esta situa\u00e7\u00e3o atrav\u00e9s de pr\u00e1ticas inovadoras de RH e de uma gest\u00e3o precisa dos indicadores ligados \u00e0 rota\u00e7\u00e3o e ao envelhecimento.  <\/p><p>As consequ\u00eancias podem tamb\u00e9m ser vistas em termos de inova\u00e7\u00e3o. Uma pir\u00e2mide desequilibrada atrasa a introdu\u00e7\u00e3o de novas ideias e a ado\u00e7\u00e3o de tecnologias disruptivas. A transmiss\u00e3o intergeracional de compet\u00eancias est\u00e1 a tornar-se uma alavanca crucial para ultrapassar estes obst\u00e1culos, com base, nomeadamente, em rela\u00e7\u00f5es estruturadas de tutoria e eventos espec\u00edficos.  <\/p><h3 class=\"wp-block-heading\"><span class=\"ez-toc-section\" id=\"Otimizar_a_transferencia_de_conhecimentos_para_assegurar_a_continuidade_e_a_competitividade\"><\/span>Otimizar a transfer\u00eancia de conhecimentos para assegurar a continuidade e a competitividade<span class=\"ez-toc-section-end\"><\/span><\/h3><p>A manuten\u00e7\u00e3o do capital de experi\u00eancia exige a implementa\u00e7\u00e3o de processos rigorosos que promovam a mem\u00f3ria organizacional. As plataformas dedicadas permitem industrializar a gest\u00e3o dos perfis, das ofertas e dos eventos, garantindo uma ado\u00e7\u00e3o em conformidade com as exig\u00eancias dos decisores. <\/p><p>A cria\u00e7\u00e3o de pares mentor-mentorando, a partilha de conte\u00fados especializados e a organiza\u00e7\u00e3o regular de workshops contribuem para estruturar esta din\u00e2mica. As entidades empregadoras e as organiza\u00e7\u00f5es de forma\u00e7\u00e3o constataram uma redu\u00e7\u00e3o significativa dos riscos associados \u00e0 sa\u00edda de quadros superiores da empresa, nomeadamente no sector da mec\u00e2nica, o que refor\u00e7ou os la\u00e7os e o sentimento de perten\u00e7a \u00e0 rede profissional. <\/p><p>Para saber mais sobre estas estrat\u00e9gias e tirar o m\u00e1ximo partido da tua rede, visita <a href=\"https:\/\/www.alumni.space\/pt-pt\/piramide-etaria-um-desafio-subestimado-para-as-profissoes-tecnicas\/\">alumni.space<\/a> e descobre solu\u00e7\u00f5es de desenvolvimento comunit\u00e1rio adaptadas \u00e0 pir\u00e2mide et\u00e1ria das profiss\u00f5es t\u00e9cnicas. Esta alavanca \u00e9 essencial para antecipar a perda de compet\u00eancias devido \u00e0 reforma e agir agora. <\/p><h2 class=\"wp-block-heading\"><span class=\"ez-toc-section\" id=\"Piramide_etaria_e_evolucao_das_profissoes_da_engenharia_mecanica_antecipar_as_necessidades_futuras\"><\/span>Pir\u00e2mide et\u00e1ria e evolu\u00e7\u00e3o das profiss\u00f5es da engenharia mec\u00e2nica: antecipar as necessidades futuras<span class=\"ez-toc-section-end\"><\/span><\/h2><p>As mudan\u00e7as ligadas \u00e0 digitaliza\u00e7\u00e3o, \u00e0 automatiza\u00e7\u00e3o e \u00e0 evolu\u00e7\u00e3o da regulamenta\u00e7\u00e3o obrigam a uma adapta\u00e7\u00e3o cont\u00ednua das compet\u00eancias. A din\u00e2mica demogr\u00e1fica complica esta tarefa, uma vez que a forma\u00e7\u00e3o profissional tem de se adaptar a uma vasta gama de perfis, desde os jovens rec\u00e9m-chegados aos t\u00e9cnicos superiores. <\/p><p>Identificar as compet\u00eancias-chave em falta, prever as necessidades de recrutamento e construir uma pol\u00edtica de gest\u00e3o orientada para o futuro, facilitada por ferramentas digitais, \u00e9 essencial para manter o ritmo. Esta abordagem faz parte de uma vis\u00e3o global, que deve incluir os desafios demogr\u00e1ficos da pir\u00e2mide et\u00e1ria. <\/p><p>Combinar a a\u00e7\u00e3o sobre os jovens talentos, a forma\u00e7\u00e3o e o desenvolvimento dos especialistas existentes \u00e9 uma garantia de desempenho e de manuten\u00e7\u00e3o da soberania industrial. Para saber mais sobre este tema essencial, consulta as an\u00e1lises prospectivas dispon\u00edveis no <a href=\"https:\/\/www.observatoire-metallurgie.fr\/tendances\/les-4-defis-majeurs\/rp-2292\">Observatoire de la M\u00e9tallurgie<\/a>. <\/p>","protected":false},"excerpt":{"rendered":"<p>A pir\u00e2mide et\u00e1ria na engenharia mec\u00e2nica: um grande desafio demogr\u00e1ficoO  [&#8230;]<\/p>\n","protected":false},"author":1,"featured_media":5852,"comment_status":"closed","ping_status":"closed","sticky":false,"template":"","format":"standard","meta":{"_ayudawp_aiss_exclude":false,"footnotes":""},"categories":[70],"tags":[],"class_list":["post-5850","post","type-post","status-publish","format-standard","has-post-thumbnail","hentry","category-recursos-humanos"],"yoast_head":"<!-- This site is optimized with the Yoast SEO plugin v27.4 - https:\/\/yoast.com\/product\/yoast-seo-wordpress\/ -->\n<title>Pir\u00e2mide et\u00e1ria: quest\u00f5es fundamentais para a ind\u00fastria mec\u00e2nica<\/title>\n<meta name=\"description\" content=\"Descobre como a pir\u00e2mide et\u00e1ria est\u00e1 a afetar as profiss\u00f5es de engenharia mec\u00e2nica e os desafios associados ao planeamento da sucess\u00e3o e ao recrutamento.\" \/>\n<meta name=\"robots\" content=\"index, follow, max-snippet:-1, max-image-preview:large, max-video-preview:-1\" \/>\n<link rel=\"canonical\" href=\"https:\/\/www.alumni.space\/pt-pt\/piramide-etaria-um-desafio-para-as-profissoes-da-engenharia-mecanica\/\" \/>\n<meta property=\"og:locale\" content=\"pt_PT\" \/>\n<meta property=\"og:type\" content=\"article\" \/>\n<meta property=\"og:title\" content=\"Pir\u00e2mide et\u00e1ria: quest\u00f5es fundamentais para a ind\u00fastria mec\u00e2nica\" \/>\n<meta property=\"og:description\" content=\"Descobre como a pir\u00e2mide et\u00e1ria est\u00e1 a afetar as profiss\u00f5es de engenharia mec\u00e2nica e os desafios associados ao planeamento da sucess\u00e3o e ao recrutamento.\" \/>\n<meta property=\"og:url\" content=\"https:\/\/www.alumni.space\/pt-pt\/piramide-etaria-um-desafio-para-as-profissoes-da-engenharia-mecanica\/\" \/>\n<meta property=\"og:site_name\" content=\"Alumni.space\" \/>\n<meta property=\"article:published_time\" content=\"2025-04-27T11:22:37+00:00\" \/>\n<meta property=\"article:modified_time\" content=\"2026-03-28T10:48:17+00:00\" \/>\n<meta property=\"og:image\" content=\"https:\/\/www.alumni.space\/wp-content\/uploads\/2026\/03\/Pyramide-des-ages-un-defi-pour-les-metiers-de-la-mecanique.jpg\" \/>\n\t<meta property=\"og:image:width\" content=\"1280\" \/>\n\t<meta property=\"og:image:height\" content=\"768\" \/>\n\t<meta property=\"og:image:type\" content=\"image\/jpeg\" \/>\n<meta name=\"author\" content=\"admin\" \/>\n<meta name=\"twitter:card\" content=\"summary_large_image\" \/>\n<meta name=\"twitter:label1\" content=\"Escrito por\" \/>\n\t<meta name=\"twitter:data1\" content=\"admin\" \/>\n\t<meta name=\"twitter:label2\" content=\"Tempo estimado de leitura\" \/>\n\t<meta name=\"twitter:data2\" content=\"4 minutos\" \/>\n<script type=\"application\/ld+json\" class=\"yoast-schema-graph\">{\"@context\":\"https:\\\/\\\/schema.org\",\"@graph\":[{\"@type\":\"Article\",\"@id\":\"https:\\\/\\\/www.alumni.space\\\/pt-pt\\\/piramide-etaria-um-desafio-para-as-profissoes-da-engenharia-mecanica\\\/#article\",\"isPartOf\":{\"@id\":\"https:\\\/\\\/www.alumni.space\\\/pt-pt\\\/piramide-etaria-um-desafio-para-as-profissoes-da-engenharia-mecanica\\\/\"},\"author\":{\"name\":\"admin\",\"@id\":\"https:\\\/\\\/www.alumni.space\\\/pt-pt\\\/#\\\/schema\\\/person\\\/fede362a57876edda476a61f05ce5b15\"},\"headline\":\"Pir\u00e2mide et\u00e1ria: um desafio para as profiss\u00f5es da engenharia mec\u00e2nica\",\"datePublished\":\"2025-04-27T11:22:37+00:00\",\"dateModified\":\"2026-03-28T10:48:17+00:00\",\"mainEntityOfPage\":{\"@id\":\"https:\\\/\\\/www.alumni.space\\\/pt-pt\\\/piramide-etaria-um-desafio-para-as-profissoes-da-engenharia-mecanica\\\/\"},\"wordCount\":828,\"image\":{\"@id\":\"https:\\\/\\\/www.alumni.space\\\/pt-pt\\\/piramide-etaria-um-desafio-para-as-profissoes-da-engenharia-mecanica\\\/#primaryimage\"},\"thumbnailUrl\":\"https:\\\/\\\/www.alumni.space\\\/wp-content\\\/uploads\\\/2026\\\/03\\\/Pyramide-des-ages-un-defi-pour-les-metiers-de-la-mecanique.jpg\",\"articleSection\":[\"Recursos Humanos\"],\"inLanguage\":\"pt-PT\"},{\"@type\":\"WebPage\",\"@id\":\"https:\\\/\\\/www.alumni.space\\\/pt-pt\\\/piramide-etaria-um-desafio-para-as-profissoes-da-engenharia-mecanica\\\/\",\"url\":\"https:\\\/\\\/www.alumni.space\\\/pt-pt\\\/piramide-etaria-um-desafio-para-as-profissoes-da-engenharia-mecanica\\\/\",\"name\":\"Pir\u00e2mide et\u00e1ria: quest\u00f5es fundamentais para a ind\u00fastria mec\u00e2nica\",\"isPartOf\":{\"@id\":\"https:\\\/\\\/www.alumni.space\\\/pt-pt\\\/#website\"},\"primaryImageOfPage\":{\"@id\":\"https:\\\/\\\/www.alumni.space\\\/pt-pt\\\/piramide-etaria-um-desafio-para-as-profissoes-da-engenharia-mecanica\\\/#primaryimage\"},\"image\":{\"@id\":\"https:\\\/\\\/www.alumni.space\\\/pt-pt\\\/piramide-etaria-um-desafio-para-as-profissoes-da-engenharia-mecanica\\\/#primaryimage\"},\"thumbnailUrl\":\"https:\\\/\\\/www.alumni.space\\\/wp-content\\\/uploads\\\/2026\\\/03\\\/Pyramide-des-ages-un-defi-pour-les-metiers-de-la-mecanique.jpg\",\"datePublished\":\"2025-04-27T11:22:37+00:00\",\"dateModified\":\"2026-03-28T10:48:17+00:00\",\"author\":{\"@id\":\"https:\\\/\\\/www.alumni.space\\\/pt-pt\\\/#\\\/schema\\\/person\\\/fede362a57876edda476a61f05ce5b15\"},\"description\":\"Descobre como a pir\u00e2mide et\u00e1ria est\u00e1 a afetar as profiss\u00f5es de engenharia mec\u00e2nica e os desafios associados ao planeamento da sucess\u00e3o e ao recrutamento.\",\"breadcrumb\":{\"@id\":\"https:\\\/\\\/www.alumni.space\\\/pt-pt\\\/piramide-etaria-um-desafio-para-as-profissoes-da-engenharia-mecanica\\\/#breadcrumb\"},\"inLanguage\":\"pt-PT\",\"potentialAction\":[{\"@type\":\"ReadAction\",\"target\":[\"https:\\\/\\\/www.alumni.space\\\/pt-pt\\\/piramide-etaria-um-desafio-para-as-profissoes-da-engenharia-mecanica\\\/\"]}]},{\"@type\":\"ImageObject\",\"inLanguage\":\"pt-PT\",\"@id\":\"https:\\\/\\\/www.alumni.space\\\/pt-pt\\\/piramide-etaria-um-desafio-para-as-profissoes-da-engenharia-mecanica\\\/#primaryimage\",\"url\":\"https:\\\/\\\/www.alumni.space\\\/wp-content\\\/uploads\\\/2026\\\/03\\\/Pyramide-des-ages-un-defi-pour-les-metiers-de-la-mecanique.jpg\",\"contentUrl\":\"https:\\\/\\\/www.alumni.space\\\/wp-content\\\/uploads\\\/2026\\\/03\\\/Pyramide-des-ages-un-defi-pour-les-metiers-de-la-mecanique.jpg\",\"width\":1280,\"height\":768,\"caption\":\"descobre como a pir\u00e2mide et\u00e1ria est\u00e1 a afetar as profiss\u00f5es de engenharia mec\u00e2nica e os desafios envolvidos na renova\u00e7\u00e3o de compet\u00eancias neste sector em r\u00e1pida mudan\u00e7a.\"},{\"@type\":\"BreadcrumbList\",\"@id\":\"https:\\\/\\\/www.alumni.space\\\/pt-pt\\\/piramide-etaria-um-desafio-para-as-profissoes-da-engenharia-mecanica\\\/#breadcrumb\",\"itemListElement\":[{\"@type\":\"ListItem\",\"position\":1,\"name\":\"Home\",\"item\":\"https:\\\/\\\/www.alumni.space\\\/pt-pt\\\/plataforma-de-gestao-de-mentores-e-antigos-alunos\\\/\"},{\"@type\":\"ListItem\",\"position\":2,\"name\":\"Pir\u00e2mide et\u00e1ria: um desafio para as profiss\u00f5es da engenharia mec\u00e2nica\"}]},{\"@type\":\"WebSite\",\"@id\":\"https:\\\/\\\/www.alumni.space\\\/pt-pt\\\/#website\",\"url\":\"https:\\\/\\\/www.alumni.space\\\/pt-pt\\\/\",\"name\":\"Alumni.space\",\"description\":\"My WordPress Blog\",\"potentialAction\":[{\"@type\":\"SearchAction\",\"target\":{\"@type\":\"EntryPoint\",\"urlTemplate\":\"https:\\\/\\\/www.alumni.space\\\/pt-pt\\\/?s={search_term_string}\"},\"query-input\":{\"@type\":\"PropertyValueSpecification\",\"valueRequired\":true,\"valueName\":\"search_term_string\"}}],\"inLanguage\":\"pt-PT\"},{\"@type\":\"Person\",\"@id\":\"https:\\\/\\\/www.alumni.space\\\/pt-pt\\\/#\\\/schema\\\/person\\\/fede362a57876edda476a61f05ce5b15\",\"name\":\"admin\",\"image\":{\"@type\":\"ImageObject\",\"inLanguage\":\"pt-PT\",\"@id\":\"https:\\\/\\\/secure.gravatar.com\\\/avatar\\\/318e234ae94f90d4d629428d6b983c08e31181c28f579e08a021180d759ea651?s=96&d=mm&r=g\",\"url\":\"https:\\\/\\\/secure.gravatar.com\\\/avatar\\\/318e234ae94f90d4d629428d6b983c08e31181c28f579e08a021180d759ea651?s=96&d=mm&r=g\",\"contentUrl\":\"https:\\\/\\\/secure.gravatar.com\\\/avatar\\\/318e234ae94f90d4d629428d6b983c08e31181c28f579e08a021180d759ea651?s=96&d=mm&r=g\",\"caption\":\"admin\"},\"description\":\"Nicolas Laustriat a construit sa sp\u00e9cialit\u00e9 sur un sujet que beaucoup d\u2019organisations d\u00e9couvrent trop tard : ce qui dispara\u00eet quand les gens partent. Dipl\u00f4m\u00e9 en conception de produit industriel, il bifurque vers le digital fin 1996, il couvre les transformations marques, RH, la fid\u00e9lisation, la marque employeur. Sur le terrain, il rep\u00e8re un angle mort r\u00e9current : l\u2019entreprise investit dans le recrutement, la formation, les process\u2026 puis laisse filer le lien au moment du d\u00e9part, avec une perte de savoir et d\u2019influence qui se paie en silence. Il se sp\u00e9cialise alors sur les communaut\u00e9s d\u2019alumni, le mentorat, l\u2019entraide interg\u00e9n\u00e9rationnelle et la transmission d\u2019expertise. Il passe du \u201cconstat\u201d aux m\u00e9thodes : animation, gouvernance, segmentation, rituels, mesure d\u2019engagement, articulation avec la RSE et l\u2019employabilit\u00e9. Il interviewe DRH, responsables formation, directions d\u2019\u00e9coles, associations et fondations, avec une obsession : transformer un r\u00e9seau dormant en m\u00e9canisme utile (cooptation, mentorat, job board, entraide, \u00e9v\u00e9nements, contenus). Son style : direct, orient\u00e9 action, sans folklore. Sa conviction : une communaut\u00e9 n\u2019a pas besoin de bruit, elle a besoin de raisons de revenir.\",\"sameAs\":[\"https:\\\/\\\/www.alumni.space\"]}]}<\/script>\n<!-- \/ Yoast SEO plugin. -->","yoast_head_json":{"title":"Pir\u00e2mide et\u00e1ria: quest\u00f5es fundamentais para a ind\u00fastria mec\u00e2nica","description":"Descobre como a pir\u00e2mide et\u00e1ria est\u00e1 a afetar as profiss\u00f5es de engenharia mec\u00e2nica e os desafios associados ao planeamento da sucess\u00e3o e ao recrutamento.","robots":{"index":"index","follow":"follow","max-snippet":"max-snippet:-1","max-image-preview":"max-image-preview:large","max-video-preview":"max-video-preview:-1"},"canonical":"https:\/\/www.alumni.space\/pt-pt\/piramide-etaria-um-desafio-para-as-profissoes-da-engenharia-mecanica\/","og_locale":"pt_PT","og_type":"article","og_title":"Pir\u00e2mide et\u00e1ria: quest\u00f5es fundamentais para a ind\u00fastria mec\u00e2nica","og_description":"Descobre como a pir\u00e2mide et\u00e1ria est\u00e1 a afetar as profiss\u00f5es de engenharia mec\u00e2nica e os desafios associados ao planeamento da sucess\u00e3o e ao recrutamento.","og_url":"https:\/\/www.alumni.space\/pt-pt\/piramide-etaria-um-desafio-para-as-profissoes-da-engenharia-mecanica\/","og_site_name":"Alumni.space","article_published_time":"2025-04-27T11:22:37+00:00","article_modified_time":"2026-03-28T10:48:17+00:00","og_image":[{"width":1280,"height":768,"url":"https:\/\/www.alumni.space\/wp-content\/uploads\/2026\/03\/Pyramide-des-ages-un-defi-pour-les-metiers-de-la-mecanique.jpg","type":"image\/jpeg"}],"author":"admin","twitter_card":"summary_large_image","twitter_misc":{"Escrito por":"admin","Tempo estimado de leitura":"4 minutos"},"schema":{"@context":"https:\/\/schema.org","@graph":[{"@type":"Article","@id":"https:\/\/www.alumni.space\/pt-pt\/piramide-etaria-um-desafio-para-as-profissoes-da-engenharia-mecanica\/#article","isPartOf":{"@id":"https:\/\/www.alumni.space\/pt-pt\/piramide-etaria-um-desafio-para-as-profissoes-da-engenharia-mecanica\/"},"author":{"name":"admin","@id":"https:\/\/www.alumni.space\/pt-pt\/#\/schema\/person\/fede362a57876edda476a61f05ce5b15"},"headline":"Pir\u00e2mide et\u00e1ria: um desafio para as profiss\u00f5es da engenharia mec\u00e2nica","datePublished":"2025-04-27T11:22:37+00:00","dateModified":"2026-03-28T10:48:17+00:00","mainEntityOfPage":{"@id":"https:\/\/www.alumni.space\/pt-pt\/piramide-etaria-um-desafio-para-as-profissoes-da-engenharia-mecanica\/"},"wordCount":828,"image":{"@id":"https:\/\/www.alumni.space\/pt-pt\/piramide-etaria-um-desafio-para-as-profissoes-da-engenharia-mecanica\/#primaryimage"},"thumbnailUrl":"https:\/\/www.alumni.space\/wp-content\/uploads\/2026\/03\/Pyramide-des-ages-un-defi-pour-les-metiers-de-la-mecanique.jpg","articleSection":["Recursos Humanos"],"inLanguage":"pt-PT"},{"@type":"WebPage","@id":"https:\/\/www.alumni.space\/pt-pt\/piramide-etaria-um-desafio-para-as-profissoes-da-engenharia-mecanica\/","url":"https:\/\/www.alumni.space\/pt-pt\/piramide-etaria-um-desafio-para-as-profissoes-da-engenharia-mecanica\/","name":"Pir\u00e2mide et\u00e1ria: quest\u00f5es fundamentais para a ind\u00fastria mec\u00e2nica","isPartOf":{"@id":"https:\/\/www.alumni.space\/pt-pt\/#website"},"primaryImageOfPage":{"@id":"https:\/\/www.alumni.space\/pt-pt\/piramide-etaria-um-desafio-para-as-profissoes-da-engenharia-mecanica\/#primaryimage"},"image":{"@id":"https:\/\/www.alumni.space\/pt-pt\/piramide-etaria-um-desafio-para-as-profissoes-da-engenharia-mecanica\/#primaryimage"},"thumbnailUrl":"https:\/\/www.alumni.space\/wp-content\/uploads\/2026\/03\/Pyramide-des-ages-un-defi-pour-les-metiers-de-la-mecanique.jpg","datePublished":"2025-04-27T11:22:37+00:00","dateModified":"2026-03-28T10:48:17+00:00","author":{"@id":"https:\/\/www.alumni.space\/pt-pt\/#\/schema\/person\/fede362a57876edda476a61f05ce5b15"},"description":"Descobre como a pir\u00e2mide et\u00e1ria est\u00e1 a afetar as profiss\u00f5es de engenharia mec\u00e2nica e os desafios associados ao planeamento da sucess\u00e3o e ao recrutamento.","breadcrumb":{"@id":"https:\/\/www.alumni.space\/pt-pt\/piramide-etaria-um-desafio-para-as-profissoes-da-engenharia-mecanica\/#breadcrumb"},"inLanguage":"pt-PT","potentialAction":[{"@type":"ReadAction","target":["https:\/\/www.alumni.space\/pt-pt\/piramide-etaria-um-desafio-para-as-profissoes-da-engenharia-mecanica\/"]}]},{"@type":"ImageObject","inLanguage":"pt-PT","@id":"https:\/\/www.alumni.space\/pt-pt\/piramide-etaria-um-desafio-para-as-profissoes-da-engenharia-mecanica\/#primaryimage","url":"https:\/\/www.alumni.space\/wp-content\/uploads\/2026\/03\/Pyramide-des-ages-un-defi-pour-les-metiers-de-la-mecanique.jpg","contentUrl":"https:\/\/www.alumni.space\/wp-content\/uploads\/2026\/03\/Pyramide-des-ages-un-defi-pour-les-metiers-de-la-mecanique.jpg","width":1280,"height":768,"caption":"descobre como a pir\u00e2mide et\u00e1ria est\u00e1 a afetar as profiss\u00f5es de engenharia mec\u00e2nica e os desafios envolvidos na renova\u00e7\u00e3o de compet\u00eancias neste sector em r\u00e1pida mudan\u00e7a."},{"@type":"BreadcrumbList","@id":"https:\/\/www.alumni.space\/pt-pt\/piramide-etaria-um-desafio-para-as-profissoes-da-engenharia-mecanica\/#breadcrumb","itemListElement":[{"@type":"ListItem","position":1,"name":"Home","item":"https:\/\/www.alumni.space\/pt-pt\/plataforma-de-gestao-de-mentores-e-antigos-alunos\/"},{"@type":"ListItem","position":2,"name":"Pir\u00e2mide et\u00e1ria: um desafio para as profiss\u00f5es da engenharia mec\u00e2nica"}]},{"@type":"WebSite","@id":"https:\/\/www.alumni.space\/pt-pt\/#website","url":"https:\/\/www.alumni.space\/pt-pt\/","name":"Alumni.space","description":"My WordPress Blog","potentialAction":[{"@type":"SearchAction","target":{"@type":"EntryPoint","urlTemplate":"https:\/\/www.alumni.space\/pt-pt\/?s={search_term_string}"},"query-input":{"@type":"PropertyValueSpecification","valueRequired":true,"valueName":"search_term_string"}}],"inLanguage":"pt-PT"},{"@type":"Person","@id":"https:\/\/www.alumni.space\/pt-pt\/#\/schema\/person\/fede362a57876edda476a61f05ce5b15","name":"admin","image":{"@type":"ImageObject","inLanguage":"pt-PT","@id":"https:\/\/secure.gravatar.com\/avatar\/318e234ae94f90d4d629428d6b983c08e31181c28f579e08a021180d759ea651?s=96&d=mm&r=g","url":"https:\/\/secure.gravatar.com\/avatar\/318e234ae94f90d4d629428d6b983c08e31181c28f579e08a021180d759ea651?s=96&d=mm&r=g","contentUrl":"https:\/\/secure.gravatar.com\/avatar\/318e234ae94f90d4d629428d6b983c08e31181c28f579e08a021180d759ea651?s=96&d=mm&r=g","caption":"admin"},"description":"Nicolas Laustriat a construit sa sp\u00e9cialit\u00e9 sur un sujet que beaucoup d\u2019organisations d\u00e9couvrent trop tard : ce qui dispara\u00eet quand les gens partent. Dipl\u00f4m\u00e9 en conception de produit industriel, il bifurque vers le digital fin 1996, il couvre les transformations marques, RH, la fid\u00e9lisation, la marque employeur. Sur le terrain, il rep\u00e8re un angle mort r\u00e9current : l\u2019entreprise investit dans le recrutement, la formation, les process\u2026 puis laisse filer le lien au moment du d\u00e9part, avec une perte de savoir et d\u2019influence qui se paie en silence. Il se sp\u00e9cialise alors sur les communaut\u00e9s d\u2019alumni, le mentorat, l\u2019entraide interg\u00e9n\u00e9rationnelle et la transmission d\u2019expertise. Il passe du \u201cconstat\u201d aux m\u00e9thodes : animation, gouvernance, segmentation, rituels, mesure d\u2019engagement, articulation avec la RSE et l\u2019employabilit\u00e9. Il interviewe DRH, responsables formation, directions d\u2019\u00e9coles, associations et fondations, avec une obsession : transformer un r\u00e9seau dormant en m\u00e9canisme utile (cooptation, mentorat, job board, entraide, \u00e9v\u00e9nements, contenus). Son style : direct, orient\u00e9 action, sans folklore. Sa conviction : une communaut\u00e9 n\u2019a pas besoin de bruit, elle a besoin de raisons de revenir.","sameAs":["https:\/\/www.alumni.space"]}]}},"_links":{"self":[{"href":"https:\/\/www.alumni.space\/pt-pt\/wp-json\/wp\/v2\/posts\/5850","targetHints":{"allow":["GET"]}}],"collection":[{"href":"https:\/\/www.alumni.space\/pt-pt\/wp-json\/wp\/v2\/posts"}],"about":[{"href":"https:\/\/www.alumni.space\/pt-pt\/wp-json\/wp\/v2\/types\/post"}],"author":[{"embeddable":true,"href":"https:\/\/www.alumni.space\/pt-pt\/wp-json\/wp\/v2\/users\/1"}],"replies":[{"embeddable":true,"href":"https:\/\/www.alumni.space\/pt-pt\/wp-json\/wp\/v2\/comments?post=5850"}],"version-history":[{"count":1,"href":"https:\/\/www.alumni.space\/pt-pt\/wp-json\/wp\/v2\/posts\/5850\/revisions"}],"predecessor-version":[{"id":5854,"href":"https:\/\/www.alumni.space\/pt-pt\/wp-json\/wp\/v2\/posts\/5850\/revisions\/5854"}],"wp:featuredmedia":[{"embeddable":true,"href":"https:\/\/www.alumni.space\/pt-pt\/wp-json\/wp\/v2\/media\/5852"}],"wp:attachment":[{"href":"https:\/\/www.alumni.space\/pt-pt\/wp-json\/wp\/v2\/media?parent=5850"}],"wp:term":[{"taxonomy":"category","embeddable":true,"href":"https:\/\/www.alumni.space\/pt-pt\/wp-json\/wp\/v2\/categories?post=5850"},{"taxonomy":"post_tag","embeddable":true,"href":"https:\/\/www.alumni.space\/pt-pt\/wp-json\/wp\/v2\/tags?post=5850"}],"curies":[{"name":"wp","href":"https:\/\/api.w.org\/{rel}","templated":true}]}}