{"id":5696,"date":"2026-03-07T23:24:32","date_gmt":"2026-03-07T23:24:32","guid":{"rendered":"https:\/\/www.alumni.space\/alumni-e-desenvolvimento-empresarial-uma-combinacao-vencedora\/"},"modified":"2026-03-28T10:40:46","modified_gmt":"2026-03-28T10:40:46","slug":"alumni-e-desenvolvimento-empresarial-uma-combinacao-vencedora","status":"publish","type":"post","link":"https:\/\/www.alumni.space\/pt-pt\/alumni-e-desenvolvimento-empresarial-uma-combinacao-vencedora\/","title":{"rendered":"Alumni e desenvolvimento empresarial: uma combina\u00e7\u00e3o vencedora"},"content":{"rendered":"<p><strong>Alumni<\/strong> e <strong>Business Development<\/strong>: uma combina\u00e7\u00e3o destinada a criar <strong>Oportunidades de Neg\u00f3cio<\/strong> e <strong>Crescimento<\/strong> atrav\u00e9s de um networking estruturado. Apresenta\u00e7\u00e3o de uma abordagem operacional para os decisores, com benef\u00edcios mensur\u00e1veis em termos de integra\u00e7\u00e3o, coopta\u00e7\u00e3o e fideliza\u00e7\u00e3o. <\/p><p>Breve resumo: mant\u00e9m o capital de experi\u00eancia, ativa a rede para gerar contactos qualificados e profissionaliza <strong>a orienta\u00e7\u00e3o<\/strong> para um impacto nos RH e na RSE.<\/p><div id=\"ez-toc-container\" class=\"ez-toc-v2_0_82_2 counter-flat ez-toc-counter ez-toc-grey ez-toc-container-direction\">\n<div class=\"ez-toc-title-container\"><p class=\"ez-toc-title\" style=\"cursor:inherit\">\u00cdndice deste artigo:<\/p>\n<\/div><nav><ul class='ez-toc-list ez-toc-list-level-1 ' ><li class='ez-toc-page-1'><a class=\"ez-toc-link ez-toc-heading-1\" href=\"https:\/\/www.alumni.space\/pt-pt\/alumni-e-desenvolvimento-empresarial-uma-combinacao-vencedora\/#Alumni_e_desenvolvimento_empresarial_uma_alavanca_para_o_crescimento_comercial\" >Alumni e desenvolvimento empresarial: uma alavanca para o crescimento comercial<\/a><\/li><li class='ez-toc-page-1'><a class=\"ez-toc-link ez-toc-heading-2\" href=\"https:\/\/www.alumni.space\/pt-pt\/alumni-e-desenvolvimento-empresarial-uma-combinacao-vencedora\/#Metodo_para_integrar_os_antigos_alunos_no_desenvolvimento_empresarial\" >M\u00e9todo para integrar os antigos alunos no desenvolvimento empresarial<\/a><\/li><li class='ez-toc-page-1'><a class=\"ez-toc-link ez-toc-heading-3\" href=\"https:\/\/www.alumni.space\/pt-pt\/alumni-e-desenvolvimento-empresarial-uma-combinacao-vencedora\/#Coordenacao_da_rede_de_antigos_alunos_para_a_promocao_da_marca_do_empregador_e_das_relacoes_profissionais\" >Coordena\u00e7\u00e3o da rede de antigos alunos para a promo\u00e7\u00e3o da marca do empregador e das rela\u00e7\u00f5es profissionais<\/a><\/li><li class='ez-toc-page-1'><a class=\"ez-toc-link ez-toc-heading-4\" href=\"https:\/\/www.alumni.space\/pt-pt\/alumni-e-desenvolvimento-empresarial-uma-combinacao-vencedora\/#Por_em_pratica_governacao_indicadores_e_rituais_para_os_decisores\" >P\u00f4r em pr\u00e1tica: governa\u00e7\u00e3o, indicadores e rituais para os decisores<\/a><\/li><li class='ez-toc-page-1'><a class=\"ez-toc-link ez-toc-heading-5\" href=\"https:\/\/www.alumni.space\/pt-pt\/alumni-e-desenvolvimento-empresarial-uma-combinacao-vencedora\/#Caso_de_utilizacao_ativacao_comercial_por_uma_rede_de_antigos_alunos\" >Caso de utiliza\u00e7\u00e3o: ativa\u00e7\u00e3o comercial por uma rede de antigos alunos<\/a><\/li><\/ul><\/nav><\/div>\n<h2 class=\"wp-block-heading\"><span class=\"ez-toc-section\" id=\"Alumni_e_desenvolvimento_empresarial_uma_alavanca_para_o_crescimento_comercial\"><\/span>Alumni e desenvolvimento empresarial: uma alavanca para o <strong>crescimento<\/strong> comercial<span class=\"ez-toc-section-end\"><\/span><\/h2><p>Contexto: mercados competitivos, elevada rota\u00e7\u00e3o de pessoal e silos internos criam uma perda progressiva de conhecimentos. Consequ\u00eancias financeiras: perda de tempo, perda de oportunidades, enfraquecimento da imagem do empregador. <\/p><p>Para um diretor de vendas, a mobiliza\u00e7\u00e3o de antigos alunos representa um canal <strong>de rede<\/strong> pronto a ser utilizado, suscet\u00edvel de alimentar o pipeline atrav\u00e9s de recomenda\u00e7\u00f5es e parcerias. Conclus\u00e3o: a ativa\u00e7\u00e3o da rede de antigos alunos transforma contactos difusos em <strong>oportunidades de neg\u00f3cio<\/strong>. <\/p><h3 class=\"wp-block-heading\"><span class=\"ez-toc-section\" id=\"Metodo_para_integrar_os_antigos_alunos_no_desenvolvimento_empresarial\"><\/span>M\u00e9todo para integrar os antigos alunos no <strong>desenvolvimento empresarial<\/strong><span class=\"ez-toc-section-end\"><\/span><\/h3><p>Identifica\u00e7\u00e3o de perfis relevantes, segmenta\u00e7\u00e3o por compet\u00eancias e historial de colabora\u00e7\u00e3o, implementa\u00e7\u00e3o de um percurso mentor-mentorando orientado para o mercado. Rituais recomendados: sess\u00f5es regulares de apresenta\u00e7\u00e3o de propostas, bancos de ofertas partilhadas, acompanhamento das refer\u00eancias. <\/p><p>Industrializa\u00e7\u00e3o atrav\u00e9s de uma plataforma que evita folhas de c\u00e1lculo e ferramentas dispersas; perfis centralizados, <strong>tutoria<\/strong>, quadro de empregos e rastreabilidade das intera\u00e7\u00f5es. Conclus\u00e3o: a formaliza\u00e7\u00e3o do processo reduz o tempo de contrata\u00e7\u00e3o e aumenta a taxa de coopta\u00e7\u00e3o. <\/p><figure class=\"wp-block-image size-full\"><img decoding=\"async\" width=\"1344\" height=\"768\" src=\"https:\/\/www.alumni.space\/wp-content\/uploads\/2026\/03\/Alumni-et-business-development-une-combinaison-gagnante-1.jpg\" data-orig-src=\"https:\/\/www.alumni.space\/wp-content\/uploads\/2026\/03\/Alumni-et-business-development-une-combinaison-gagnante-1.jpg\" alt=\"descobre como a liga\u00e7\u00e3o entre os antigos alunos e o desenvolvimento empresarial cria uma sinergia eficaz para impulsionar o crescimento e as oportunidades de carreira.\" class=\"lazyload wp-image-3375\" srcset=\"data:image\/svg+xml,%3Csvg%20xmlns%3D%27http%3A%2F%2Fwww.w3.org%2F2000%2Fsvg%27%20width%3D%271344%27%20height%3D%27768%27%20viewBox%3D%270%200%201344%20768%27%3E%3Crect%20width%3D%271344%27%20height%3D%27768%27%20fill-opacity%3D%220%22%2F%3E%3C%2Fsvg%3E\" data-srcset=\"https:\/\/www.alumni.space\/wp-content\/uploads\/2026\/03\/Alumni-et-business-development-une-combinaison-gagnante-1-200x114.jpg 200w, https:\/\/www.alumni.space\/wp-content\/uploads\/2026\/03\/Alumni-et-business-development-une-combinaison-gagnante-1-300x171.jpg 300w, https:\/\/www.alumni.space\/wp-content\/uploads\/2026\/03\/Alumni-et-business-development-une-combinaison-gagnante-1-400x229.jpg 400w, https:\/\/www.alumni.space\/wp-content\/uploads\/2026\/03\/Alumni-et-business-development-une-combinaison-gagnante-1-600x343.jpg 600w, https:\/\/www.alumni.space\/wp-content\/uploads\/2026\/03\/Alumni-et-business-development-une-combinaison-gagnante-1-768x439.jpg 768w, https:\/\/www.alumni.space\/wp-content\/uploads\/2026\/03\/Alumni-et-business-development-une-combinaison-gagnante-1-800x457.jpg 800w, https:\/\/www.alumni.space\/wp-content\/uploads\/2026\/03\/Alumni-et-business-development-une-combinaison-gagnante-1-1024x585.jpg 1024w, https:\/\/www.alumni.space\/wp-content\/uploads\/2026\/03\/Alumni-et-business-development-une-combinaison-gagnante-1-1200x686.jpg 1200w, https:\/\/www.alumni.space\/wp-content\/uploads\/2026\/03\/Alumni-et-business-development-une-combinaison-gagnante-1.jpg 1344w\" data-sizes=\"auto\" data-orig-sizes=\"(max-width: 1344px) 100vw, 1344px\" \/><\/figure><h2 class=\"wp-block-heading\"><span class=\"ez-toc-section\" id=\"Coordenacao_da_rede_de_antigos_alunos_para_a_promocao_da_marca_do_empregador_e_das_relacoes_profissionais\"><\/span>Coordena\u00e7\u00e3o da rede de antigos alunos para a promo\u00e7\u00e3o da marca do empregador e das <strong>rela\u00e7\u00f5es profissionais<\/strong><span class=\"ez-toc-section-end\"><\/span><\/h2><p>Repensar a pol\u00edtica de RSE: alargar a responsabilidade da organiza\u00e7\u00e3o para al\u00e9m do contrato, atrav\u00e9s da transmiss\u00e3o de compet\u00eancias, da inclus\u00e3o intergeracional, do apoio \u00e0 empregabilidade e do voluntariado de compet\u00eancias. Resultados vis\u00edveis: a capitaliza\u00e7\u00e3o da experi\u00eancia evita o desperd\u00edcio de conhecimentos e refor\u00e7a a mensagem do empregador. <\/p><p>Em termos de employer branding, uma rede ativa gera testemunhos cred\u00edveis, uma integra\u00e7\u00e3o mais f\u00e1cil e percursos de carreira mais transparentes. A conclus\u00e3o final: um programa de antigos alunos bem gerido torna-se um argumento atrativo e uma ferramenta de reten\u00e7\u00e3o. <\/p><p>\u00c9s um departamento de RH, uma escola, uma associa\u00e7\u00e3o ou uma funda\u00e7\u00e3o? <strong>A nossa solu\u00e7\u00e3o<\/strong> centraliza os perfis, os eventos, as ofertas e o acompanhamento para favorecer a colabora\u00e7\u00e3o e as parcerias.<\/p><p>Recurso \u00fatil: Envolve <a href=\"https:\/\/www.alumni.space\/pt-pt\/como-envolver-os-antigos-alunos-nos-teus-eventos-empresariais\/\">os antigos alunos em eventos<\/a> para acelerar a liga\u00e7\u00e3o com as equipas no terreno.<\/p><h3 class=\"wp-block-heading\"><span class=\"ez-toc-section\" id=\"Por_em_pratica_governacao_indicadores_e_rituais_para_os_decisores\"><\/span>P\u00f4r em pr\u00e1tica: governa\u00e7\u00e3o, indicadores e rituais para os decisores<span class=\"ez-toc-section-end\"><\/span><\/h3><p>Governa\u00e7\u00e3o simples: piloto dedicado, comit\u00e9 estrat\u00e9gico de antigos alunos, cap\u00edtulos locais respons\u00e1veis pela lideran\u00e7a. Ritmo operacional: calend\u00e1rio trimestral de eventos, sess\u00f5es mensais de tutoria, relat\u00f3rios trimestrais de participa\u00e7\u00e3o. <\/p><p>KPIs priorit\u00e1rios: taxa de ado\u00e7\u00e3o, horas de mentoria realizadas, n\u00famero de refer\u00eancias convertidas em recrutamento, impacto na rotatividade. Uma plataforma SaaS pode ser utilizada para industrializar o processo, evitando a dispers\u00e3o de ferramentas e facilitando a gest\u00e3o. Conclus\u00e3o: a medi\u00e7\u00e3o do impacto converte a iniciativa em alavancagem or\u00e7amental.  <\/p><h2 class=\"wp-block-heading\"><span class=\"ez-toc-section\" id=\"Caso_de_utilizacao_ativacao_comercial_por_uma_rede_de_antigos_alunos\"><\/span>Caso de utiliza\u00e7\u00e3o: ativa\u00e7\u00e3o comercial por uma rede de antigos alunos<span class=\"ez-toc-section-end\"><\/span><\/h2><p>Empresa fict\u00edcia Novalys, uma PME tecnol\u00f3gica confrontada com uma acelera\u00e7\u00e3o do recrutamento e com oportunidades de venda pouco qualificadas. Cria\u00e7\u00e3o de um clube de antigos alunos, sess\u00f5es de correspond\u00eancia entre especialistas e clientes e integra\u00e7\u00e3o de um quadro de empregos interno. <\/p><p>Resultados observados: aumento do n\u00famero de refer\u00eancias, leads inbound atrav\u00e9s de antigos colaboradores, surgimento de <strong>parcerias<\/strong> e projectos<strong>de inova\u00e7\u00e3o<\/strong> conjuntos. Conclus\u00e3o: uma governa\u00e7\u00e3o simples permite obter resultados r\u00e1pidos na prospe\u00e7\u00e3o e no recrutamento. <\/p><p>Recurso complementar: <a href=\"https:\/\/www.alumni.space\/pt-pt\/gerir-uma-rede-de-antigos-alunos-erros-a-evitar\/\">Promove a tua rede de antigos alunos<\/a> para converter o compromisso em valor comercial.<\/p><p><strong>Ativa\u00e7\u00e3o recomendada para esta semana<\/strong>: definir um projeto-piloto, fazer uma lista de 50 antigos alunos priorit\u00e1rios, planear um evento de matchmaking e estabelecer os primeiros KPIs de monitoriza\u00e7\u00e3o.<\/p><p><strong>Solicita uma demonstra\u00e7\u00e3o<\/strong><\/p>","protected":false},"excerpt":{"rendered":"<p>Alumni e Business Development: uma combina\u00e7\u00e3o destinada a criar Oportunidades  [&#8230;]<\/p>\n","protected":false},"author":1,"featured_media":5698,"comment_status":"closed","ping_status":"closed","sticky":false,"template":"","format":"standard","meta":{"_ayudawp_aiss_exclude":false,"footnotes":""},"categories":[67],"tags":[],"class_list":["post-5696","post","type-post","status-publish","format-standard","has-post-thumbnail","hentry","category-antigos-alunos"],"yoast_head":"<!-- This site is optimized with the Yoast SEO plugin v27.4 - https:\/\/yoast.com\/product\/yoast-seo-wordpress\/ -->\n<title>Alumni e desenvolvimento empresarial: uma dupla vencedora<\/title>\n<meta name=\"description\" content=\"Descobre como os antigos alunos impulsionam o desenvolvimento empresarial e criam oportunidades \u00fanicas para um crescimento bem sucedido e sustent\u00e1vel.\" \/>\n<meta name=\"robots\" content=\"index, follow, max-snippet:-1, max-image-preview:large, max-video-preview:-1\" \/>\n<link rel=\"canonical\" href=\"https:\/\/www.alumni.space\/pt-pt\/alumni-e-desenvolvimento-empresarial-uma-combinacao-vencedora\/\" \/>\n<meta property=\"og:locale\" content=\"pt_PT\" \/>\n<meta property=\"og:type\" content=\"article\" \/>\n<meta property=\"og:title\" content=\"Alumni e desenvolvimento empresarial: uma dupla vencedora\" \/>\n<meta property=\"og:description\" content=\"Descobre como os antigos alunos impulsionam o desenvolvimento empresarial e criam oportunidades \u00fanicas para um crescimento bem sucedido e sustent\u00e1vel.\" \/>\n<meta property=\"og:url\" content=\"https:\/\/www.alumni.space\/pt-pt\/alumni-e-desenvolvimento-empresarial-uma-combinacao-vencedora\/\" \/>\n<meta property=\"og:site_name\" content=\"Alumni.space\" \/>\n<meta property=\"article:published_time\" content=\"2026-03-07T23:24:32+00:00\" \/>\n<meta property=\"article:modified_time\" content=\"2026-03-28T10:40:46+00:00\" \/>\n<meta property=\"og:image\" content=\"https:\/\/www.alumni.space\/wp-content\/uploads\/2026\/03\/Alumni-et-business-development-une-combinaison-gagnante.jpg\" \/>\n\t<meta property=\"og:image:width\" content=\"1344\" \/>\n\t<meta property=\"og:image:height\" content=\"768\" \/>\n\t<meta property=\"og:image:type\" content=\"image\/jpeg\" \/>\n<meta name=\"author\" content=\"admin\" \/>\n<meta name=\"twitter:card\" content=\"summary_large_image\" \/>\n<meta name=\"twitter:label1\" content=\"Escrito por\" \/>\n\t<meta name=\"twitter:data1\" content=\"admin\" \/>\n\t<meta name=\"twitter:label2\" content=\"Tempo estimado de leitura\" \/>\n\t<meta name=\"twitter:data2\" content=\"4 minutos\" \/>\n<script type=\"application\/ld+json\" class=\"yoast-schema-graph\">{\"@context\":\"https:\\\/\\\/schema.org\",\"@graph\":[{\"@type\":\"Article\",\"@id\":\"https:\\\/\\\/www.alumni.space\\\/pt-pt\\\/alumni-e-desenvolvimento-empresarial-uma-combinacao-vencedora\\\/#article\",\"isPartOf\":{\"@id\":\"https:\\\/\\\/www.alumni.space\\\/pt-pt\\\/alumni-e-desenvolvimento-empresarial-uma-combinacao-vencedora\\\/\"},\"author\":{\"name\":\"admin\",\"@id\":\"https:\\\/\\\/www.alumni.space\\\/pt-pt\\\/#\\\/schema\\\/person\\\/fede362a57876edda476a61f05ce5b15\"},\"headline\":\"Alumni e desenvolvimento empresarial: uma combina\u00e7\u00e3o vencedora\",\"datePublished\":\"2026-03-07T23:24:32+00:00\",\"dateModified\":\"2026-03-28T10:40:46+00:00\",\"mainEntityOfPage\":{\"@id\":\"https:\\\/\\\/www.alumni.space\\\/pt-pt\\\/alumni-e-desenvolvimento-empresarial-uma-combinacao-vencedora\\\/\"},\"wordCount\":713,\"image\":{\"@id\":\"https:\\\/\\\/www.alumni.space\\\/pt-pt\\\/alumni-e-desenvolvimento-empresarial-uma-combinacao-vencedora\\\/#primaryimage\"},\"thumbnailUrl\":\"https:\\\/\\\/www.alumni.space\\\/wp-content\\\/uploads\\\/2026\\\/03\\\/Alumni-et-business-development-une-combinaison-gagnante.jpg\",\"articleSection\":[\"Antigos alunos\"],\"inLanguage\":\"pt-PT\"},{\"@type\":\"WebPage\",\"@id\":\"https:\\\/\\\/www.alumni.space\\\/pt-pt\\\/alumni-e-desenvolvimento-empresarial-uma-combinacao-vencedora\\\/\",\"url\":\"https:\\\/\\\/www.alumni.space\\\/pt-pt\\\/alumni-e-desenvolvimento-empresarial-uma-combinacao-vencedora\\\/\",\"name\":\"Alumni e desenvolvimento empresarial: uma dupla vencedora\",\"isPartOf\":{\"@id\":\"https:\\\/\\\/www.alumni.space\\\/pt-pt\\\/#website\"},\"primaryImageOfPage\":{\"@id\":\"https:\\\/\\\/www.alumni.space\\\/pt-pt\\\/alumni-e-desenvolvimento-empresarial-uma-combinacao-vencedora\\\/#primaryimage\"},\"image\":{\"@id\":\"https:\\\/\\\/www.alumni.space\\\/pt-pt\\\/alumni-e-desenvolvimento-empresarial-uma-combinacao-vencedora\\\/#primaryimage\"},\"thumbnailUrl\":\"https:\\\/\\\/www.alumni.space\\\/wp-content\\\/uploads\\\/2026\\\/03\\\/Alumni-et-business-development-une-combinaison-gagnante.jpg\",\"datePublished\":\"2026-03-07T23:24:32+00:00\",\"dateModified\":\"2026-03-28T10:40:46+00:00\",\"author\":{\"@id\":\"https:\\\/\\\/www.alumni.space\\\/pt-pt\\\/#\\\/schema\\\/person\\\/fede362a57876edda476a61f05ce5b15\"},\"description\":\"Descobre como os antigos alunos impulsionam o desenvolvimento empresarial e criam oportunidades \u00fanicas para um crescimento bem sucedido e sustent\u00e1vel.\",\"breadcrumb\":{\"@id\":\"https:\\\/\\\/www.alumni.space\\\/pt-pt\\\/alumni-e-desenvolvimento-empresarial-uma-combinacao-vencedora\\\/#breadcrumb\"},\"inLanguage\":\"pt-PT\",\"potentialAction\":[{\"@type\":\"ReadAction\",\"target\":[\"https:\\\/\\\/www.alumni.space\\\/pt-pt\\\/alumni-e-desenvolvimento-empresarial-uma-combinacao-vencedora\\\/\"]}]},{\"@type\":\"ImageObject\",\"inLanguage\":\"pt-PT\",\"@id\":\"https:\\\/\\\/www.alumni.space\\\/pt-pt\\\/alumni-e-desenvolvimento-empresarial-uma-combinacao-vencedora\\\/#primaryimage\",\"url\":\"https:\\\/\\\/www.alumni.space\\\/wp-content\\\/uploads\\\/2026\\\/03\\\/Alumni-et-business-development-une-combinaison-gagnante.jpg\",\"contentUrl\":\"https:\\\/\\\/www.alumni.space\\\/wp-content\\\/uploads\\\/2026\\\/03\\\/Alumni-et-business-development-une-combinaison-gagnante.jpg\",\"width\":1344,\"height\":768,\"caption\":\"descobre como a rede de alumni estimula o desenvolvimento do neg\u00f3cio, criando oportunidades \u00fanicas e crescimento sustent\u00e1vel para as empresas.\"},{\"@type\":\"BreadcrumbList\",\"@id\":\"https:\\\/\\\/www.alumni.space\\\/pt-pt\\\/alumni-e-desenvolvimento-empresarial-uma-combinacao-vencedora\\\/#breadcrumb\",\"itemListElement\":[{\"@type\":\"ListItem\",\"position\":1,\"name\":\"Home\",\"item\":\"https:\\\/\\\/www.alumni.space\\\/pt-pt\\\/plataforma-de-gestao-de-mentores-e-antigos-alunos\\\/\"},{\"@type\":\"ListItem\",\"position\":2,\"name\":\"Alumni e desenvolvimento empresarial: uma combina\u00e7\u00e3o vencedora\"}]},{\"@type\":\"WebSite\",\"@id\":\"https:\\\/\\\/www.alumni.space\\\/pt-pt\\\/#website\",\"url\":\"https:\\\/\\\/www.alumni.space\\\/pt-pt\\\/\",\"name\":\"Alumni.space\",\"description\":\"My WordPress Blog\",\"potentialAction\":[{\"@type\":\"SearchAction\",\"target\":{\"@type\":\"EntryPoint\",\"urlTemplate\":\"https:\\\/\\\/www.alumni.space\\\/pt-pt\\\/?s={search_term_string}\"},\"query-input\":{\"@type\":\"PropertyValueSpecification\",\"valueRequired\":true,\"valueName\":\"search_term_string\"}}],\"inLanguage\":\"pt-PT\"},{\"@type\":\"Person\",\"@id\":\"https:\\\/\\\/www.alumni.space\\\/pt-pt\\\/#\\\/schema\\\/person\\\/fede362a57876edda476a61f05ce5b15\",\"name\":\"admin\",\"image\":{\"@type\":\"ImageObject\",\"inLanguage\":\"pt-PT\",\"@id\":\"https:\\\/\\\/secure.gravatar.com\\\/avatar\\\/318e234ae94f90d4d629428d6b983c08e31181c28f579e08a021180d759ea651?s=96&d=mm&r=g\",\"url\":\"https:\\\/\\\/secure.gravatar.com\\\/avatar\\\/318e234ae94f90d4d629428d6b983c08e31181c28f579e08a021180d759ea651?s=96&d=mm&r=g\",\"contentUrl\":\"https:\\\/\\\/secure.gravatar.com\\\/avatar\\\/318e234ae94f90d4d629428d6b983c08e31181c28f579e08a021180d759ea651?s=96&d=mm&r=g\",\"caption\":\"admin\"},\"description\":\"Nicolas Laustriat a construit sa sp\u00e9cialit\u00e9 sur un sujet que beaucoup d\u2019organisations d\u00e9couvrent trop tard : ce qui dispara\u00eet quand les gens partent. Dipl\u00f4m\u00e9 en conception de produit industriel, il bifurque vers le digital fin 1996, il couvre les transformations marques, RH, la fid\u00e9lisation, la marque employeur. Sur le terrain, il rep\u00e8re un angle mort r\u00e9current : l\u2019entreprise investit dans le recrutement, la formation, les process\u2026 puis laisse filer le lien au moment du d\u00e9part, avec une perte de savoir et d\u2019influence qui se paie en silence. Il se sp\u00e9cialise alors sur les communaut\u00e9s d\u2019alumni, le mentorat, l\u2019entraide interg\u00e9n\u00e9rationnelle et la transmission d\u2019expertise. Il passe du \u201cconstat\u201d aux m\u00e9thodes : animation, gouvernance, segmentation, rituels, mesure d\u2019engagement, articulation avec la RSE et l\u2019employabilit\u00e9. Il interviewe DRH, responsables formation, directions d\u2019\u00e9coles, associations et fondations, avec une obsession : transformer un r\u00e9seau dormant en m\u00e9canisme utile (cooptation, mentorat, job board, entraide, \u00e9v\u00e9nements, contenus). Son style : direct, orient\u00e9 action, sans folklore. Sa conviction : une communaut\u00e9 n\u2019a pas besoin de bruit, elle a besoin de raisons de revenir.\",\"sameAs\":[\"https:\\\/\\\/www.alumni.space\"]}]}<\/script>\n<!-- \/ Yoast SEO plugin. -->","yoast_head_json":{"title":"Alumni e desenvolvimento empresarial: uma dupla vencedora","description":"Descobre como os antigos alunos impulsionam o desenvolvimento empresarial e criam oportunidades \u00fanicas para um crescimento bem sucedido e sustent\u00e1vel.","robots":{"index":"index","follow":"follow","max-snippet":"max-snippet:-1","max-image-preview":"max-image-preview:large","max-video-preview":"max-video-preview:-1"},"canonical":"https:\/\/www.alumni.space\/pt-pt\/alumni-e-desenvolvimento-empresarial-uma-combinacao-vencedora\/","og_locale":"pt_PT","og_type":"article","og_title":"Alumni e desenvolvimento empresarial: uma dupla vencedora","og_description":"Descobre como os antigos alunos impulsionam o desenvolvimento empresarial e criam oportunidades \u00fanicas para um crescimento bem sucedido e sustent\u00e1vel.","og_url":"https:\/\/www.alumni.space\/pt-pt\/alumni-e-desenvolvimento-empresarial-uma-combinacao-vencedora\/","og_site_name":"Alumni.space","article_published_time":"2026-03-07T23:24:32+00:00","article_modified_time":"2026-03-28T10:40:46+00:00","og_image":[{"width":1344,"height":768,"url":"https:\/\/www.alumni.space\/wp-content\/uploads\/2026\/03\/Alumni-et-business-development-une-combinaison-gagnante.jpg","type":"image\/jpeg"}],"author":"admin","twitter_card":"summary_large_image","twitter_misc":{"Escrito por":"admin","Tempo estimado de leitura":"4 minutos"},"schema":{"@context":"https:\/\/schema.org","@graph":[{"@type":"Article","@id":"https:\/\/www.alumni.space\/pt-pt\/alumni-e-desenvolvimento-empresarial-uma-combinacao-vencedora\/#article","isPartOf":{"@id":"https:\/\/www.alumni.space\/pt-pt\/alumni-e-desenvolvimento-empresarial-uma-combinacao-vencedora\/"},"author":{"name":"admin","@id":"https:\/\/www.alumni.space\/pt-pt\/#\/schema\/person\/fede362a57876edda476a61f05ce5b15"},"headline":"Alumni e desenvolvimento empresarial: uma combina\u00e7\u00e3o vencedora","datePublished":"2026-03-07T23:24:32+00:00","dateModified":"2026-03-28T10:40:46+00:00","mainEntityOfPage":{"@id":"https:\/\/www.alumni.space\/pt-pt\/alumni-e-desenvolvimento-empresarial-uma-combinacao-vencedora\/"},"wordCount":713,"image":{"@id":"https:\/\/www.alumni.space\/pt-pt\/alumni-e-desenvolvimento-empresarial-uma-combinacao-vencedora\/#primaryimage"},"thumbnailUrl":"https:\/\/www.alumni.space\/wp-content\/uploads\/2026\/03\/Alumni-et-business-development-une-combinaison-gagnante.jpg","articleSection":["Antigos alunos"],"inLanguage":"pt-PT"},{"@type":"WebPage","@id":"https:\/\/www.alumni.space\/pt-pt\/alumni-e-desenvolvimento-empresarial-uma-combinacao-vencedora\/","url":"https:\/\/www.alumni.space\/pt-pt\/alumni-e-desenvolvimento-empresarial-uma-combinacao-vencedora\/","name":"Alumni e desenvolvimento empresarial: uma dupla vencedora","isPartOf":{"@id":"https:\/\/www.alumni.space\/pt-pt\/#website"},"primaryImageOfPage":{"@id":"https:\/\/www.alumni.space\/pt-pt\/alumni-e-desenvolvimento-empresarial-uma-combinacao-vencedora\/#primaryimage"},"image":{"@id":"https:\/\/www.alumni.space\/pt-pt\/alumni-e-desenvolvimento-empresarial-uma-combinacao-vencedora\/#primaryimage"},"thumbnailUrl":"https:\/\/www.alumni.space\/wp-content\/uploads\/2026\/03\/Alumni-et-business-development-une-combinaison-gagnante.jpg","datePublished":"2026-03-07T23:24:32+00:00","dateModified":"2026-03-28T10:40:46+00:00","author":{"@id":"https:\/\/www.alumni.space\/pt-pt\/#\/schema\/person\/fede362a57876edda476a61f05ce5b15"},"description":"Descobre como os antigos alunos impulsionam o desenvolvimento empresarial e criam oportunidades \u00fanicas para um crescimento bem sucedido e sustent\u00e1vel.","breadcrumb":{"@id":"https:\/\/www.alumni.space\/pt-pt\/alumni-e-desenvolvimento-empresarial-uma-combinacao-vencedora\/#breadcrumb"},"inLanguage":"pt-PT","potentialAction":[{"@type":"ReadAction","target":["https:\/\/www.alumni.space\/pt-pt\/alumni-e-desenvolvimento-empresarial-uma-combinacao-vencedora\/"]}]},{"@type":"ImageObject","inLanguage":"pt-PT","@id":"https:\/\/www.alumni.space\/pt-pt\/alumni-e-desenvolvimento-empresarial-uma-combinacao-vencedora\/#primaryimage","url":"https:\/\/www.alumni.space\/wp-content\/uploads\/2026\/03\/Alumni-et-business-development-une-combinaison-gagnante.jpg","contentUrl":"https:\/\/www.alumni.space\/wp-content\/uploads\/2026\/03\/Alumni-et-business-development-une-combinaison-gagnante.jpg","width":1344,"height":768,"caption":"descobre como a rede de alumni estimula o desenvolvimento do neg\u00f3cio, criando oportunidades \u00fanicas e crescimento sustent\u00e1vel para as empresas."},{"@type":"BreadcrumbList","@id":"https:\/\/www.alumni.space\/pt-pt\/alumni-e-desenvolvimento-empresarial-uma-combinacao-vencedora\/#breadcrumb","itemListElement":[{"@type":"ListItem","position":1,"name":"Home","item":"https:\/\/www.alumni.space\/pt-pt\/plataforma-de-gestao-de-mentores-e-antigos-alunos\/"},{"@type":"ListItem","position":2,"name":"Alumni e desenvolvimento empresarial: uma combina\u00e7\u00e3o vencedora"}]},{"@type":"WebSite","@id":"https:\/\/www.alumni.space\/pt-pt\/#website","url":"https:\/\/www.alumni.space\/pt-pt\/","name":"Alumni.space","description":"My WordPress Blog","potentialAction":[{"@type":"SearchAction","target":{"@type":"EntryPoint","urlTemplate":"https:\/\/www.alumni.space\/pt-pt\/?s={search_term_string}"},"query-input":{"@type":"PropertyValueSpecification","valueRequired":true,"valueName":"search_term_string"}}],"inLanguage":"pt-PT"},{"@type":"Person","@id":"https:\/\/www.alumni.space\/pt-pt\/#\/schema\/person\/fede362a57876edda476a61f05ce5b15","name":"admin","image":{"@type":"ImageObject","inLanguage":"pt-PT","@id":"https:\/\/secure.gravatar.com\/avatar\/318e234ae94f90d4d629428d6b983c08e31181c28f579e08a021180d759ea651?s=96&d=mm&r=g","url":"https:\/\/secure.gravatar.com\/avatar\/318e234ae94f90d4d629428d6b983c08e31181c28f579e08a021180d759ea651?s=96&d=mm&r=g","contentUrl":"https:\/\/secure.gravatar.com\/avatar\/318e234ae94f90d4d629428d6b983c08e31181c28f579e08a021180d759ea651?s=96&d=mm&r=g","caption":"admin"},"description":"Nicolas Laustriat a construit sa sp\u00e9cialit\u00e9 sur un sujet que beaucoup d\u2019organisations d\u00e9couvrent trop tard : ce qui dispara\u00eet quand les gens partent. Dipl\u00f4m\u00e9 en conception de produit industriel, il bifurque vers le digital fin 1996, il couvre les transformations marques, RH, la fid\u00e9lisation, la marque employeur. Sur le terrain, il rep\u00e8re un angle mort r\u00e9current : l\u2019entreprise investit dans le recrutement, la formation, les process\u2026 puis laisse filer le lien au moment du d\u00e9part, avec une perte de savoir et d\u2019influence qui se paie en silence. Il se sp\u00e9cialise alors sur les communaut\u00e9s d\u2019alumni, le mentorat, l\u2019entraide interg\u00e9n\u00e9rationnelle et la transmission d\u2019expertise. Il passe du \u201cconstat\u201d aux m\u00e9thodes : animation, gouvernance, segmentation, rituels, mesure d\u2019engagement, articulation avec la RSE et l\u2019employabilit\u00e9. Il interviewe DRH, responsables formation, directions d\u2019\u00e9coles, associations et fondations, avec une obsession : transformer un r\u00e9seau dormant en m\u00e9canisme utile (cooptation, mentorat, job board, entraide, \u00e9v\u00e9nements, contenus). Son style : direct, orient\u00e9 action, sans folklore. Sa conviction : une communaut\u00e9 n\u2019a pas besoin de bruit, elle a besoin de raisons de revenir.","sameAs":["https:\/\/www.alumni.space"]}]}},"_links":{"self":[{"href":"https:\/\/www.alumni.space\/pt-pt\/wp-json\/wp\/v2\/posts\/5696","targetHints":{"allow":["GET"]}}],"collection":[{"href":"https:\/\/www.alumni.space\/pt-pt\/wp-json\/wp\/v2\/posts"}],"about":[{"href":"https:\/\/www.alumni.space\/pt-pt\/wp-json\/wp\/v2\/types\/post"}],"author":[{"embeddable":true,"href":"https:\/\/www.alumni.space\/pt-pt\/wp-json\/wp\/v2\/users\/1"}],"replies":[{"embeddable":true,"href":"https:\/\/www.alumni.space\/pt-pt\/wp-json\/wp\/v2\/comments?post=5696"}],"version-history":[{"count":1,"href":"https:\/\/www.alumni.space\/pt-pt\/wp-json\/wp\/v2\/posts\/5696\/revisions"}],"predecessor-version":[{"id":5700,"href":"https:\/\/www.alumni.space\/pt-pt\/wp-json\/wp\/v2\/posts\/5696\/revisions\/5700"}],"wp:featuredmedia":[{"embeddable":true,"href":"https:\/\/www.alumni.space\/pt-pt\/wp-json\/wp\/v2\/media\/5698"}],"wp:attachment":[{"href":"https:\/\/www.alumni.space\/pt-pt\/wp-json\/wp\/v2\/media?parent=5696"}],"wp:term":[{"taxonomy":"category","embeddable":true,"href":"https:\/\/www.alumni.space\/pt-pt\/wp-json\/wp\/v2\/categories?post=5696"},{"taxonomy":"post_tag","embeddable":true,"href":"https:\/\/www.alumni.space\/pt-pt\/wp-json\/wp\/v2\/tags?post=5696"}],"curies":[{"name":"wp","href":"https:\/\/api.w.org\/{rel}","templated":true}]}}