{"id":5648,"date":"2025-02-18T05:41:11","date_gmt":"2025-02-18T05:41:11","guid":{"rendered":"https:\/\/www.alumni.space\/piramide-etaria-um-desafio-subestimado-para-as-profissoes-tecnicas\/"},"modified":"2026-03-28T10:49:36","modified_gmt":"2026-03-28T10:49:36","slug":"piramide-etaria-um-desafio-subestimado-para-as-profissoes-tecnicas","status":"publish","type":"post","link":"https:\/\/www.alumni.space\/pt-pt\/piramide-etaria-um-desafio-subestimado-para-as-profissoes-tecnicas\/","title":{"rendered":"Pir\u00e2mide et\u00e1ria: um desafio subestimado para as profiss\u00f5es t\u00e9cnicas"},"content":{"rendered":"<div id=\"ez-toc-container\" class=\"ez-toc-v2_0_82_2 counter-flat ez-toc-counter ez-toc-grey ez-toc-container-direction\">\n<div class=\"ez-toc-title-container\"><p class=\"ez-toc-title\" style=\"cursor:inherit\">\u00cdndice deste artigo:<\/p>\n<\/div><nav><ul class='ez-toc-list ez-toc-list-level-1 ' ><li class='ez-toc-page-1'><a class=\"ez-toc-link ez-toc-heading-1\" href=\"https:\/\/www.alumni.space\/pt-pt\/piramide-etaria-um-desafio-subestimado-para-as-profissoes-tecnicas\/#Consequencias_da_piramide_etaria_nas_profissoes_tecnicas_e_questoes_demograficas_conexas\" >Consequ\u00eancias da pir\u00e2mide et\u00e1ria nas profiss\u00f5es t\u00e9cnicas e quest\u00f5es demogr\u00e1ficas conexas<\/a><\/li><li class='ez-toc-page-1'><a class=\"ez-toc-link ez-toc-heading-2\" href=\"https:\/\/www.alumni.space\/pt-pt\/piramide-etaria-um-desafio-subestimado-para-as-profissoes-tecnicas\/#O_desafio_da_transicao_geracional_nas_profissoes_tecnicas\" >O desafio da transi\u00e7\u00e3o geracional nas profiss\u00f5es t\u00e9cnicas<\/a><\/li><li class='ez-toc-page-1'><a class=\"ez-toc-link ez-toc-heading-3\" href=\"https:\/\/www.alumni.space\/pt-pt\/piramide-etaria-um-desafio-subestimado-para-as-profissoes-tecnicas\/#Estrategias_para_maximizar_a_gestao_das_competencias_face_ao_envelhecimento_da_mao_de_obra_tecnica\" >Estrat\u00e9gias para maximizar a gest\u00e3o das compet\u00eancias face ao envelhecimento da m\u00e3o de obra t\u00e9cnica<\/a><\/li><li class='ez-toc-page-1'><a class=\"ez-toc-link ez-toc-heading-4\" href=\"https:\/\/www.alumni.space\/pt-pt\/piramide-etaria-um-desafio-subestimado-para-as-profissoes-tecnicas\/#Exemplo_de_aplicacao_no_sector_da_engenharia_mecanica_uma_questao_critica\" >Exemplo de aplica\u00e7\u00e3o no sector da engenharia mec\u00e2nica: uma quest\u00e3o cr\u00edtica<\/a><\/li><\/ul><\/nav><\/div>\n<h2 class=\"wp-block-heading\"><span class=\"ez-toc-section\" id=\"Consequencias_da_piramide_etaria_nas_profissoes_tecnicas_e_questoes_demograficas_conexas\"><\/span>Consequ\u00eancias da pir\u00e2mide et\u00e1ria nas profiss\u00f5es t\u00e9cnicas e quest\u00f5es demogr\u00e1ficas conexas<span class=\"ez-toc-section-end\"><\/span><\/h2><p>A pir\u00e2mide et\u00e1ria \u00e9 um indicador essencial para compreender os riscos associados \u00e0 gest\u00e3o dos talentos nos sectores t\u00e9cnicos. Estes dados demogr\u00e1ficos revelam desequil\u00edbrios prementes que podem afetar <strong>o desenvolvimento dos empregos<\/strong> e as perspectivas <strong>de recrutamento<\/strong> nas equipas. Em v\u00e1rios sectores, um n\u00famero significativo de pessoas dever\u00e1 passar \u00e0 reforma, amea\u00e7ando a continuidade do saber-fazer acumulado. O desafio demogr\u00e1fico exige uma vigil\u00e2ncia acrescida em rela\u00e7\u00e3o ao capital humano, para evitar rupturas que possam ser prejudiciais \u00e0 produtividade e \u00e0 inova\u00e7\u00e3o.   <\/p><p>Neste contexto, os decisores devem apoiar-se em ferramentas de elevado desempenho para antecipar estas mudan\u00e7as e assegurar uma gest\u00e3o optimizada das compet\u00eancias. <a href=\"https:\/\/www.alumni.space\/pt-pt\/como-e-que-os-departamentos-de-rh-podem-antecipar-a-piramide-etaria\/\">A plataforma alumni.space<\/a> ilustra a capacidade de centralizar e valorizar o conhecimento interno, facilitando a transfer\u00eancia de conhecimentos entre gera\u00e7\u00f5es atrav\u00e9s de mentoring, eventos direcionados e din\u00e2micas comunit\u00e1rias.<\/p><figure class=\"wp-block-image size-full\"><img decoding=\"async\" width=\"1280\" height=\"768\" src=\"https:\/\/www.alumni.space\/wp-content\/uploads\/2026\/03\/Pyramide-des-ages-un-enjeu-sous-estime-pour-les-metiers-techniques-1.jpg\" data-orig-src=\"https:\/\/www.alumni.space\/wp-content\/uploads\/2026\/03\/Pyramide-des-ages-un-enjeu-sous-estime-pour-les-metiers-techniques-1.jpg\" alt=\"descobre porque \u00e9 que a pir\u00e2mide et\u00e1ria \u00e9 uma quest\u00e3o crucial, mas frequentemente subestimada, nas profiss\u00f5es t\u00e9cnicas, com impacto no recrutamento e no planeamento da sucess\u00e3o.\" class=\"lazyload wp-image-3243\" srcset=\"data:image\/svg+xml,%3Csvg%20xmlns%3D%27http%3A%2F%2Fwww.w3.org%2F2000%2Fsvg%27%20width%3D%271280%27%20height%3D%27768%27%20viewBox%3D%270%200%201280%20768%27%3E%3Crect%20width%3D%271280%27%20height%3D%27768%27%20fill-opacity%3D%220%22%2F%3E%3C%2Fsvg%3E\" data-srcset=\"https:\/\/www.alumni.space\/wp-content\/uploads\/2026\/03\/Pyramide-des-ages-un-enjeu-sous-estime-pour-les-metiers-techniques-1-200x120.jpg 200w, https:\/\/www.alumni.space\/wp-content\/uploads\/2026\/03\/Pyramide-des-ages-un-enjeu-sous-estime-pour-les-metiers-techniques-1-300x180.jpg 300w, https:\/\/www.alumni.space\/wp-content\/uploads\/2026\/03\/Pyramide-des-ages-un-enjeu-sous-estime-pour-les-metiers-techniques-1-400x240.jpg 400w, https:\/\/www.alumni.space\/wp-content\/uploads\/2026\/03\/Pyramide-des-ages-un-enjeu-sous-estime-pour-les-metiers-techniques-1-600x360.jpg 600w, https:\/\/www.alumni.space\/wp-content\/uploads\/2026\/03\/Pyramide-des-ages-un-enjeu-sous-estime-pour-les-metiers-techniques-1-768x461.jpg 768w, https:\/\/www.alumni.space\/wp-content\/uploads\/2026\/03\/Pyramide-des-ages-un-enjeu-sous-estime-pour-les-metiers-techniques-1-800x480.jpg 800w, https:\/\/www.alumni.space\/wp-content\/uploads\/2026\/03\/Pyramide-des-ages-un-enjeu-sous-estime-pour-les-metiers-techniques-1-1024x614.jpg 1024w, https:\/\/www.alumni.space\/wp-content\/uploads\/2026\/03\/Pyramide-des-ages-un-enjeu-sous-estime-pour-les-metiers-techniques-1-1200x720.jpg 1200w, https:\/\/www.alumni.space\/wp-content\/uploads\/2026\/03\/Pyramide-des-ages-un-enjeu-sous-estime-pour-les-metiers-techniques-1.jpg 1280w\" data-sizes=\"auto\" data-orig-sizes=\"(max-width: 1280px) 100vw, 1280px\" \/><\/figure><h3 class=\"wp-block-heading\"><span class=\"ez-toc-section\" id=\"O_desafio_da_transicao_geracional_nas_profissoes_tecnicas\"><\/span>O desafio da transi\u00e7\u00e3o geracional nas profiss\u00f5es t\u00e9cnicas<span class=\"ez-toc-section-end\"><\/span><\/h3><p>A natureza t\u00e9cnica das profiss\u00f5es em causa amplifica o risco inerente \u00e0s reformas em massa. O saber-fazer e a experi\u00eancia acumulados no terreno perdem-se por vezes devido \u00e0 falta de mecanismos organizados de transmiss\u00e3o. A tutoria intergeracional est\u00e1, por conseguinte, a tornar-se um m\u00e9todo essencial para manter um elevado n\u00edvel de compet\u00eancias operacionais. Esta transfer\u00eancia \u00e9 tamb\u00e9m apoiada pela cria\u00e7\u00e3o de pares e de espa\u00e7os estruturados e acess\u00edveis para a partilha de recursos documentais.   <\/p><p>As consequ\u00eancias de uma m\u00e1 gest\u00e3o desta transi\u00e7\u00e3o podem levar a disfuncionamentos significativos, afectando a qualidade dos servi\u00e7os e a seguran\u00e7a, particularmente em sectores como a engenharia mec\u00e2nica e a log\u00edstica. \u00c9 essencial adotar pr\u00e1ticas proactivas que limitem a perda de experi\u00eancia e promovam a coopta\u00e7\u00e3o para otimizar a integra\u00e7\u00e3o de novos talentos, estrat\u00e9gias que s\u00e3o apoiadas por plataformas digitais dedicadas. <\/p><h2 class=\"wp-block-heading\"><span class=\"ez-toc-section\" id=\"Estrategias_para_maximizar_a_gestao_das_competencias_face_ao_envelhecimento_da_mao_de_obra_tecnica\"><\/span>Estrat\u00e9gias para maximizar a gest\u00e3o das compet\u00eancias face ao envelhecimento da m\u00e3o de obra t\u00e9cnica<span class=\"ez-toc-section-end\"><\/span><\/h2><p>Ao adotar uma abordagem proactiva da pir\u00e2mide et\u00e1ria, podemos identificar KPIs precisos para orientar as pol\u00edticas de RH em profiss\u00f5es t\u00e9cnicas. A segmenta\u00e7\u00e3o dos perfis por faixa et\u00e1ria, o acompanhamento das sa\u00eddas previstas e a avalia\u00e7\u00e3o do impacto nos processos-chave s\u00e3o passos essenciais. Um programa de forma\u00e7\u00e3o profissional adequado e um sistema de tutoria formalizado ajudam a assegurar a pr\u00f3xima gera\u00e7\u00e3o.  <\/p><p>As iniciativas devem ser integradas numa estrutura de governa\u00e7\u00e3o robusta, com indicadores claros para medir a ado\u00e7\u00e3o das medidas e o empenho dos colaboradores. A implementa\u00e7\u00e3o de uma plataforma colaborativa como o alumni.space simplifica a coordena\u00e7\u00e3o das ac\u00e7\u00f5es, reduz as lacunas de informa\u00e7\u00e3o e facilita a valoriza\u00e7\u00e3o da mem\u00f3ria organizacional. Esta continuidade digital \u00e9 uma poderosa alavanca para reduzir o tempo e os custos envolvidos na renova\u00e7\u00e3o de compet\u00eancias.  <\/p><h3 class=\"wp-block-heading\"><span class=\"ez-toc-section\" id=\"Exemplo_de_aplicacao_no_sector_da_engenharia_mecanica_uma_questao_critica\"><\/span>Exemplo de aplica\u00e7\u00e3o no sector da engenharia mec\u00e2nica: uma quest\u00e3o cr\u00edtica<span class=\"ez-toc-section-end\"><\/span><\/h3><p>No sector da mec\u00e2nica, o envelhecimento acentuado da m\u00e3o de obra torna mais complexa a gest\u00e3o dos recursos humanos. O afastamento associado \u00e0 pir\u00e2mide et\u00e1ria prolonga frequentemente o problema do absentismo e a perda de compet\u00eancias t\u00e9cnicas de ponta. A utiliza\u00e7\u00e3o de plataformas colaborativas permite implementar programas de tutoria e de forma\u00e7\u00e3o orientada a um ritmo adequado \u00e0 manuten\u00e7\u00e3o da competitividade.  <\/p><p>Esta abordagem \u00e9 acompanhada por uma gest\u00e3o refor\u00e7ada que incorpora pain\u00e9is de controlo din\u00e2micos para antecipar as posi\u00e7\u00f5es-chave a preencher. Por exemplo, com base no modelo proposto por <a href=\"https:\/\/www.alumni.space\/pt-pt\/piramide-etaria-um-desafio-para-as-profissoes-da-engenharia-mecanica\/\">alumni.space no sector da engenharia mec\u00e2nica<\/a>, o planeamento estruturado das transfer\u00eancias intergeracionais evita lacunas de conhecimento, maximizando o compromisso a longo prazo dos empregados, um fator-chave para a inova\u00e7\u00e3o e a continuidade. <\/p>","protected":false},"excerpt":{"rendered":"<p>Consequ\u00eancias da pir\u00e2mide et\u00e1ria nas profiss\u00f5es t\u00e9cnicas e quest\u00f5es demogr\u00e1ficas  [&#8230;]<\/p>\n","protected":false},"author":1,"featured_media":5650,"comment_status":"closed","ping_status":"closed","sticky":false,"template":"","format":"standard","meta":{"_ayudawp_aiss_exclude":false,"footnotes":""},"categories":[70],"tags":[],"class_list":["post-5648","post","type-post","status-publish","format-standard","has-post-thumbnail","hentry","category-recursos-humanos"],"yoast_head":"<!-- This site is optimized with the Yoast SEO plugin v27.4 - https:\/\/yoast.com\/product\/yoast-seo-wordpress\/ -->\n<title>Pir\u00e2mide et\u00e1ria: um desafio crucial para as profiss\u00f5es t\u00e9cnicas<\/title>\n<meta name=\"description\" content=\"Descobre porque \u00e9 que a pir\u00e2mide et\u00e1ria \u00e9 uma quest\u00e3o crucial e muitas vezes negligenciada nas profiss\u00f5es t\u00e9cnicas. Antecipa o futuro das tuas equipas.\" \/>\n<meta name=\"robots\" content=\"index, follow, max-snippet:-1, max-image-preview:large, max-video-preview:-1\" \/>\n<link rel=\"canonical\" href=\"https:\/\/www.alumni.space\/pt-pt\/piramide-etaria-um-desafio-subestimado-para-as-profissoes-tecnicas\/\" \/>\n<meta property=\"og:locale\" content=\"pt_PT\" \/>\n<meta property=\"og:type\" content=\"article\" \/>\n<meta property=\"og:title\" content=\"Pir\u00e2mide et\u00e1ria: um desafio crucial para as profiss\u00f5es t\u00e9cnicas\" \/>\n<meta property=\"og:description\" content=\"Descobre porque \u00e9 que a pir\u00e2mide et\u00e1ria \u00e9 uma quest\u00e3o crucial e muitas vezes negligenciada nas profiss\u00f5es t\u00e9cnicas. Antecipa o futuro das tuas equipas.\" \/>\n<meta property=\"og:url\" content=\"https:\/\/www.alumni.space\/pt-pt\/piramide-etaria-um-desafio-subestimado-para-as-profissoes-tecnicas\/\" \/>\n<meta property=\"og:site_name\" content=\"Alumni.space\" \/>\n<meta property=\"article:published_time\" content=\"2025-02-18T05:41:11+00:00\" \/>\n<meta property=\"article:modified_time\" content=\"2026-03-28T10:49:36+00:00\" \/>\n<meta property=\"og:image\" content=\"https:\/\/www.alumni.space\/wp-content\/uploads\/2026\/03\/Pyramide-des-ages-un-enjeu-sous-estime-pour-les-metiers-techniques.jpg\" \/>\n\t<meta property=\"og:image:width\" content=\"1280\" \/>\n\t<meta property=\"og:image:height\" content=\"768\" \/>\n\t<meta property=\"og:image:type\" content=\"image\/jpeg\" \/>\n<meta name=\"author\" content=\"admin\" \/>\n<meta name=\"twitter:card\" content=\"summary_large_image\" \/>\n<meta name=\"twitter:label1\" content=\"Escrito por\" \/>\n\t<meta name=\"twitter:data1\" content=\"admin\" \/>\n\t<meta name=\"twitter:label2\" content=\"Tempo estimado de leitura\" \/>\n\t<meta name=\"twitter:data2\" content=\"3 minutos\" \/>\n<script type=\"application\/ld+json\" class=\"yoast-schema-graph\">{\"@context\":\"https:\\\/\\\/schema.org\",\"@graph\":[{\"@type\":\"Article\",\"@id\":\"https:\\\/\\\/www.alumni.space\\\/pt-pt\\\/piramide-etaria-um-desafio-subestimado-para-as-profissoes-tecnicas\\\/#article\",\"isPartOf\":{\"@id\":\"https:\\\/\\\/www.alumni.space\\\/pt-pt\\\/piramide-etaria-um-desafio-subestimado-para-as-profissoes-tecnicas\\\/\"},\"author\":{\"name\":\"admin\",\"@id\":\"https:\\\/\\\/www.alumni.space\\\/pt-pt\\\/#\\\/schema\\\/person\\\/fede362a57876edda476a61f05ce5b15\"},\"headline\":\"Pir\u00e2mide et\u00e1ria: um desafio subestimado para as profiss\u00f5es t\u00e9cnicas\",\"datePublished\":\"2025-02-18T05:41:11+00:00\",\"dateModified\":\"2026-03-28T10:49:36+00:00\",\"mainEntityOfPage\":{\"@id\":\"https:\\\/\\\/www.alumni.space\\\/pt-pt\\\/piramide-etaria-um-desafio-subestimado-para-as-profissoes-tecnicas\\\/\"},\"wordCount\":672,\"image\":{\"@id\":\"https:\\\/\\\/www.alumni.space\\\/pt-pt\\\/piramide-etaria-um-desafio-subestimado-para-as-profissoes-tecnicas\\\/#primaryimage\"},\"thumbnailUrl\":\"https:\\\/\\\/www.alumni.space\\\/wp-content\\\/uploads\\\/2026\\\/03\\\/Pyramide-des-ages-un-enjeu-sous-estime-pour-les-metiers-techniques.jpg\",\"articleSection\":[\"Recursos Humanos\"],\"inLanguage\":\"pt-PT\"},{\"@type\":\"WebPage\",\"@id\":\"https:\\\/\\\/www.alumni.space\\\/pt-pt\\\/piramide-etaria-um-desafio-subestimado-para-as-profissoes-tecnicas\\\/\",\"url\":\"https:\\\/\\\/www.alumni.space\\\/pt-pt\\\/piramide-etaria-um-desafio-subestimado-para-as-profissoes-tecnicas\\\/\",\"name\":\"Pir\u00e2mide et\u00e1ria: um desafio crucial para as profiss\u00f5es t\u00e9cnicas\",\"isPartOf\":{\"@id\":\"https:\\\/\\\/www.alumni.space\\\/pt-pt\\\/#website\"},\"primaryImageOfPage\":{\"@id\":\"https:\\\/\\\/www.alumni.space\\\/pt-pt\\\/piramide-etaria-um-desafio-subestimado-para-as-profissoes-tecnicas\\\/#primaryimage\"},\"image\":{\"@id\":\"https:\\\/\\\/www.alumni.space\\\/pt-pt\\\/piramide-etaria-um-desafio-subestimado-para-as-profissoes-tecnicas\\\/#primaryimage\"},\"thumbnailUrl\":\"https:\\\/\\\/www.alumni.space\\\/wp-content\\\/uploads\\\/2026\\\/03\\\/Pyramide-des-ages-un-enjeu-sous-estime-pour-les-metiers-techniques.jpg\",\"datePublished\":\"2025-02-18T05:41:11+00:00\",\"dateModified\":\"2026-03-28T10:49:36+00:00\",\"author\":{\"@id\":\"https:\\\/\\\/www.alumni.space\\\/pt-pt\\\/#\\\/schema\\\/person\\\/fede362a57876edda476a61f05ce5b15\"},\"description\":\"Descobre porque \u00e9 que a pir\u00e2mide et\u00e1ria \u00e9 uma quest\u00e3o crucial e muitas vezes negligenciada nas profiss\u00f5es t\u00e9cnicas. Antecipa o futuro das tuas equipas.\",\"breadcrumb\":{\"@id\":\"https:\\\/\\\/www.alumni.space\\\/pt-pt\\\/piramide-etaria-um-desafio-subestimado-para-as-profissoes-tecnicas\\\/#breadcrumb\"},\"inLanguage\":\"pt-PT\",\"potentialAction\":[{\"@type\":\"ReadAction\",\"target\":[\"https:\\\/\\\/www.alumni.space\\\/pt-pt\\\/piramide-etaria-um-desafio-subestimado-para-as-profissoes-tecnicas\\\/\"]}]},{\"@type\":\"ImageObject\",\"inLanguage\":\"pt-PT\",\"@id\":\"https:\\\/\\\/www.alumni.space\\\/pt-pt\\\/piramide-etaria-um-desafio-subestimado-para-as-profissoes-tecnicas\\\/#primaryimage\",\"url\":\"https:\\\/\\\/www.alumni.space\\\/wp-content\\\/uploads\\\/2026\\\/03\\\/Pyramide-des-ages-un-enjeu-sous-estime-pour-les-metiers-techniques.jpg\",\"contentUrl\":\"https:\\\/\\\/www.alumni.space\\\/wp-content\\\/uploads\\\/2026\\\/03\\\/Pyramide-des-ages-un-enjeu-sous-estime-pour-les-metiers-techniques.jpg\",\"width\":1280,\"height\":768,\"caption\":\"descobre porque \u00e9 que a pir\u00e2mide et\u00e1ria representa um desafio crucial, mas muitas vezes ignorado, para as profiss\u00f5es t\u00e9cnicas e como antecipar as quest\u00f5es relacionadas com a renova\u00e7\u00e3o de compet\u00eancias.\"},{\"@type\":\"BreadcrumbList\",\"@id\":\"https:\\\/\\\/www.alumni.space\\\/pt-pt\\\/piramide-etaria-um-desafio-subestimado-para-as-profissoes-tecnicas\\\/#breadcrumb\",\"itemListElement\":[{\"@type\":\"ListItem\",\"position\":1,\"name\":\"Home\",\"item\":\"https:\\\/\\\/www.alumni.space\\\/pt-pt\\\/plataforma-de-gestao-de-mentores-e-antigos-alunos\\\/\"},{\"@type\":\"ListItem\",\"position\":2,\"name\":\"Pir\u00e2mide et\u00e1ria: um desafio subestimado para as profiss\u00f5es t\u00e9cnicas\"}]},{\"@type\":\"WebSite\",\"@id\":\"https:\\\/\\\/www.alumni.space\\\/pt-pt\\\/#website\",\"url\":\"https:\\\/\\\/www.alumni.space\\\/pt-pt\\\/\",\"name\":\"Alumni.space\",\"description\":\"My WordPress Blog\",\"potentialAction\":[{\"@type\":\"SearchAction\",\"target\":{\"@type\":\"EntryPoint\",\"urlTemplate\":\"https:\\\/\\\/www.alumni.space\\\/pt-pt\\\/?s={search_term_string}\"},\"query-input\":{\"@type\":\"PropertyValueSpecification\",\"valueRequired\":true,\"valueName\":\"search_term_string\"}}],\"inLanguage\":\"pt-PT\"},{\"@type\":\"Person\",\"@id\":\"https:\\\/\\\/www.alumni.space\\\/pt-pt\\\/#\\\/schema\\\/person\\\/fede362a57876edda476a61f05ce5b15\",\"name\":\"admin\",\"image\":{\"@type\":\"ImageObject\",\"inLanguage\":\"pt-PT\",\"@id\":\"https:\\\/\\\/secure.gravatar.com\\\/avatar\\\/318e234ae94f90d4d629428d6b983c08e31181c28f579e08a021180d759ea651?s=96&d=mm&r=g\",\"url\":\"https:\\\/\\\/secure.gravatar.com\\\/avatar\\\/318e234ae94f90d4d629428d6b983c08e31181c28f579e08a021180d759ea651?s=96&d=mm&r=g\",\"contentUrl\":\"https:\\\/\\\/secure.gravatar.com\\\/avatar\\\/318e234ae94f90d4d629428d6b983c08e31181c28f579e08a021180d759ea651?s=96&d=mm&r=g\",\"caption\":\"admin\"},\"description\":\"Nicolas Laustriat a construit sa sp\u00e9cialit\u00e9 sur un sujet que beaucoup d\u2019organisations d\u00e9couvrent trop tard : ce qui dispara\u00eet quand les gens partent. Dipl\u00f4m\u00e9 en conception de produit industriel, il bifurque vers le digital fin 1996, il couvre les transformations marques, RH, la fid\u00e9lisation, la marque employeur. Sur le terrain, il rep\u00e8re un angle mort r\u00e9current : l\u2019entreprise investit dans le recrutement, la formation, les process\u2026 puis laisse filer le lien au moment du d\u00e9part, avec une perte de savoir et d\u2019influence qui se paie en silence. Il se sp\u00e9cialise alors sur les communaut\u00e9s d\u2019alumni, le mentorat, l\u2019entraide interg\u00e9n\u00e9rationnelle et la transmission d\u2019expertise. Il passe du \u201cconstat\u201d aux m\u00e9thodes : animation, gouvernance, segmentation, rituels, mesure d\u2019engagement, articulation avec la RSE et l\u2019employabilit\u00e9. Il interviewe DRH, responsables formation, directions d\u2019\u00e9coles, associations et fondations, avec une obsession : transformer un r\u00e9seau dormant en m\u00e9canisme utile (cooptation, mentorat, job board, entraide, \u00e9v\u00e9nements, contenus). Son style : direct, orient\u00e9 action, sans folklore. Sa conviction : une communaut\u00e9 n\u2019a pas besoin de bruit, elle a besoin de raisons de revenir.\",\"sameAs\":[\"https:\\\/\\\/www.alumni.space\"]}]}<\/script>\n<!-- \/ Yoast SEO plugin. -->","yoast_head_json":{"title":"Pir\u00e2mide et\u00e1ria: um desafio crucial para as profiss\u00f5es t\u00e9cnicas","description":"Descobre porque \u00e9 que a pir\u00e2mide et\u00e1ria \u00e9 uma quest\u00e3o crucial e muitas vezes negligenciada nas profiss\u00f5es t\u00e9cnicas. Antecipa o futuro das tuas equipas.","robots":{"index":"index","follow":"follow","max-snippet":"max-snippet:-1","max-image-preview":"max-image-preview:large","max-video-preview":"max-video-preview:-1"},"canonical":"https:\/\/www.alumni.space\/pt-pt\/piramide-etaria-um-desafio-subestimado-para-as-profissoes-tecnicas\/","og_locale":"pt_PT","og_type":"article","og_title":"Pir\u00e2mide et\u00e1ria: um desafio crucial para as profiss\u00f5es t\u00e9cnicas","og_description":"Descobre porque \u00e9 que a pir\u00e2mide et\u00e1ria \u00e9 uma quest\u00e3o crucial e muitas vezes negligenciada nas profiss\u00f5es t\u00e9cnicas. Antecipa o futuro das tuas equipas.","og_url":"https:\/\/www.alumni.space\/pt-pt\/piramide-etaria-um-desafio-subestimado-para-as-profissoes-tecnicas\/","og_site_name":"Alumni.space","article_published_time":"2025-02-18T05:41:11+00:00","article_modified_time":"2026-03-28T10:49:36+00:00","og_image":[{"width":1280,"height":768,"url":"https:\/\/www.alumni.space\/wp-content\/uploads\/2026\/03\/Pyramide-des-ages-un-enjeu-sous-estime-pour-les-metiers-techniques.jpg","type":"image\/jpeg"}],"author":"admin","twitter_card":"summary_large_image","twitter_misc":{"Escrito por":"admin","Tempo estimado de leitura":"3 minutos"},"schema":{"@context":"https:\/\/schema.org","@graph":[{"@type":"Article","@id":"https:\/\/www.alumni.space\/pt-pt\/piramide-etaria-um-desafio-subestimado-para-as-profissoes-tecnicas\/#article","isPartOf":{"@id":"https:\/\/www.alumni.space\/pt-pt\/piramide-etaria-um-desafio-subestimado-para-as-profissoes-tecnicas\/"},"author":{"name":"admin","@id":"https:\/\/www.alumni.space\/pt-pt\/#\/schema\/person\/fede362a57876edda476a61f05ce5b15"},"headline":"Pir\u00e2mide et\u00e1ria: um desafio subestimado para as profiss\u00f5es t\u00e9cnicas","datePublished":"2025-02-18T05:41:11+00:00","dateModified":"2026-03-28T10:49:36+00:00","mainEntityOfPage":{"@id":"https:\/\/www.alumni.space\/pt-pt\/piramide-etaria-um-desafio-subestimado-para-as-profissoes-tecnicas\/"},"wordCount":672,"image":{"@id":"https:\/\/www.alumni.space\/pt-pt\/piramide-etaria-um-desafio-subestimado-para-as-profissoes-tecnicas\/#primaryimage"},"thumbnailUrl":"https:\/\/www.alumni.space\/wp-content\/uploads\/2026\/03\/Pyramide-des-ages-un-enjeu-sous-estime-pour-les-metiers-techniques.jpg","articleSection":["Recursos Humanos"],"inLanguage":"pt-PT"},{"@type":"WebPage","@id":"https:\/\/www.alumni.space\/pt-pt\/piramide-etaria-um-desafio-subestimado-para-as-profissoes-tecnicas\/","url":"https:\/\/www.alumni.space\/pt-pt\/piramide-etaria-um-desafio-subestimado-para-as-profissoes-tecnicas\/","name":"Pir\u00e2mide et\u00e1ria: um desafio crucial para as profiss\u00f5es t\u00e9cnicas","isPartOf":{"@id":"https:\/\/www.alumni.space\/pt-pt\/#website"},"primaryImageOfPage":{"@id":"https:\/\/www.alumni.space\/pt-pt\/piramide-etaria-um-desafio-subestimado-para-as-profissoes-tecnicas\/#primaryimage"},"image":{"@id":"https:\/\/www.alumni.space\/pt-pt\/piramide-etaria-um-desafio-subestimado-para-as-profissoes-tecnicas\/#primaryimage"},"thumbnailUrl":"https:\/\/www.alumni.space\/wp-content\/uploads\/2026\/03\/Pyramide-des-ages-un-enjeu-sous-estime-pour-les-metiers-techniques.jpg","datePublished":"2025-02-18T05:41:11+00:00","dateModified":"2026-03-28T10:49:36+00:00","author":{"@id":"https:\/\/www.alumni.space\/pt-pt\/#\/schema\/person\/fede362a57876edda476a61f05ce5b15"},"description":"Descobre porque \u00e9 que a pir\u00e2mide et\u00e1ria \u00e9 uma quest\u00e3o crucial e muitas vezes negligenciada nas profiss\u00f5es t\u00e9cnicas. Antecipa o futuro das tuas equipas.","breadcrumb":{"@id":"https:\/\/www.alumni.space\/pt-pt\/piramide-etaria-um-desafio-subestimado-para-as-profissoes-tecnicas\/#breadcrumb"},"inLanguage":"pt-PT","potentialAction":[{"@type":"ReadAction","target":["https:\/\/www.alumni.space\/pt-pt\/piramide-etaria-um-desafio-subestimado-para-as-profissoes-tecnicas\/"]}]},{"@type":"ImageObject","inLanguage":"pt-PT","@id":"https:\/\/www.alumni.space\/pt-pt\/piramide-etaria-um-desafio-subestimado-para-as-profissoes-tecnicas\/#primaryimage","url":"https:\/\/www.alumni.space\/wp-content\/uploads\/2026\/03\/Pyramide-des-ages-un-enjeu-sous-estime-pour-les-metiers-techniques.jpg","contentUrl":"https:\/\/www.alumni.space\/wp-content\/uploads\/2026\/03\/Pyramide-des-ages-un-enjeu-sous-estime-pour-les-metiers-techniques.jpg","width":1280,"height":768,"caption":"descobre porque \u00e9 que a pir\u00e2mide et\u00e1ria representa um desafio crucial, mas muitas vezes ignorado, para as profiss\u00f5es t\u00e9cnicas e como antecipar as quest\u00f5es relacionadas com a renova\u00e7\u00e3o de compet\u00eancias."},{"@type":"BreadcrumbList","@id":"https:\/\/www.alumni.space\/pt-pt\/piramide-etaria-um-desafio-subestimado-para-as-profissoes-tecnicas\/#breadcrumb","itemListElement":[{"@type":"ListItem","position":1,"name":"Home","item":"https:\/\/www.alumni.space\/pt-pt\/plataforma-de-gestao-de-mentores-e-antigos-alunos\/"},{"@type":"ListItem","position":2,"name":"Pir\u00e2mide et\u00e1ria: um desafio subestimado para as profiss\u00f5es t\u00e9cnicas"}]},{"@type":"WebSite","@id":"https:\/\/www.alumni.space\/pt-pt\/#website","url":"https:\/\/www.alumni.space\/pt-pt\/","name":"Alumni.space","description":"My WordPress Blog","potentialAction":[{"@type":"SearchAction","target":{"@type":"EntryPoint","urlTemplate":"https:\/\/www.alumni.space\/pt-pt\/?s={search_term_string}"},"query-input":{"@type":"PropertyValueSpecification","valueRequired":true,"valueName":"search_term_string"}}],"inLanguage":"pt-PT"},{"@type":"Person","@id":"https:\/\/www.alumni.space\/pt-pt\/#\/schema\/person\/fede362a57876edda476a61f05ce5b15","name":"admin","image":{"@type":"ImageObject","inLanguage":"pt-PT","@id":"https:\/\/secure.gravatar.com\/avatar\/318e234ae94f90d4d629428d6b983c08e31181c28f579e08a021180d759ea651?s=96&d=mm&r=g","url":"https:\/\/secure.gravatar.com\/avatar\/318e234ae94f90d4d629428d6b983c08e31181c28f579e08a021180d759ea651?s=96&d=mm&r=g","contentUrl":"https:\/\/secure.gravatar.com\/avatar\/318e234ae94f90d4d629428d6b983c08e31181c28f579e08a021180d759ea651?s=96&d=mm&r=g","caption":"admin"},"description":"Nicolas Laustriat a construit sa sp\u00e9cialit\u00e9 sur un sujet que beaucoup d\u2019organisations d\u00e9couvrent trop tard : ce qui dispara\u00eet quand les gens partent. Dipl\u00f4m\u00e9 en conception de produit industriel, il bifurque vers le digital fin 1996, il couvre les transformations marques, RH, la fid\u00e9lisation, la marque employeur. Sur le terrain, il rep\u00e8re un angle mort r\u00e9current : l\u2019entreprise investit dans le recrutement, la formation, les process\u2026 puis laisse filer le lien au moment du d\u00e9part, avec une perte de savoir et d\u2019influence qui se paie en silence. Il se sp\u00e9cialise alors sur les communaut\u00e9s d\u2019alumni, le mentorat, l\u2019entraide interg\u00e9n\u00e9rationnelle et la transmission d\u2019expertise. Il passe du \u201cconstat\u201d aux m\u00e9thodes : animation, gouvernance, segmentation, rituels, mesure d\u2019engagement, articulation avec la RSE et l\u2019employabilit\u00e9. Il interviewe DRH, responsables formation, directions d\u2019\u00e9coles, associations et fondations, avec une obsession : transformer un r\u00e9seau dormant en m\u00e9canisme utile (cooptation, mentorat, job board, entraide, \u00e9v\u00e9nements, contenus). Son style : direct, orient\u00e9 action, sans folklore. Sa conviction : une communaut\u00e9 n\u2019a pas besoin de bruit, elle a besoin de raisons de revenir.","sameAs":["https:\/\/www.alumni.space"]}]}},"_links":{"self":[{"href":"https:\/\/www.alumni.space\/pt-pt\/wp-json\/wp\/v2\/posts\/5648","targetHints":{"allow":["GET"]}}],"collection":[{"href":"https:\/\/www.alumni.space\/pt-pt\/wp-json\/wp\/v2\/posts"}],"about":[{"href":"https:\/\/www.alumni.space\/pt-pt\/wp-json\/wp\/v2\/types\/post"}],"author":[{"embeddable":true,"href":"https:\/\/www.alumni.space\/pt-pt\/wp-json\/wp\/v2\/users\/1"}],"replies":[{"embeddable":true,"href":"https:\/\/www.alumni.space\/pt-pt\/wp-json\/wp\/v2\/comments?post=5648"}],"version-history":[{"count":2,"href":"https:\/\/www.alumni.space\/pt-pt\/wp-json\/wp\/v2\/posts\/5648\/revisions"}],"predecessor-version":[{"id":6586,"href":"https:\/\/www.alumni.space\/pt-pt\/wp-json\/wp\/v2\/posts\/5648\/revisions\/6586"}],"wp:featuredmedia":[{"embeddable":true,"href":"https:\/\/www.alumni.space\/pt-pt\/wp-json\/wp\/v2\/media\/5650"}],"wp:attachment":[{"href":"https:\/\/www.alumni.space\/pt-pt\/wp-json\/wp\/v2\/media?parent=5648"}],"wp:term":[{"taxonomy":"category","embeddable":true,"href":"https:\/\/www.alumni.space\/pt-pt\/wp-json\/wp\/v2\/categories?post=5648"},{"taxonomy":"post_tag","embeddable":true,"href":"https:\/\/www.alumni.space\/pt-pt\/wp-json\/wp\/v2\/tags?post=5648"}],"curies":[{"name":"wp","href":"https:\/\/api.w.org\/{rel}","templated":true}]}}