{"id":5588,"date":"2024-09-26T18:00:20","date_gmt":"2024-09-26T18:00:20","guid":{"rendered":"https:\/\/www.alumni.space\/como-formar-eficazmente-os-teus-mentores-internos\/"},"modified":"2026-03-28T10:47:15","modified_gmt":"2026-03-28T10:47:15","slug":"como-formar-eficazmente-os-teus-mentores-internos","status":"publish","type":"post","link":"https:\/\/www.alumni.space\/pt-pt\/como-formar-eficazmente-os-teus-mentores-internos\/","title":{"rendered":"Como formar eficazmente os teus mentores internos"},"content":{"rendered":"<p>A hemorragia silenciosa de know-how est\u00e1 a custar uma fortuna \u00e0s organiza\u00e7\u00f5es modernas. Imagina que um perito parte, levando consigo trinta anos de segredos industriais e de redes informais. A estrutura\u00e7\u00e3o de uma transfer\u00eancia \u00e9 o baluarte essencial contra esta perda de subst\u00e2ncia.    <strong>A orienta\u00e7\u00e3o interna transforma este risco numa oportunidade de crescimento r\u00e1pido.<\/strong><\/p><div id=\"ez-toc-container\" class=\"ez-toc-v2_0_82_2 counter-flat ez-toc-counter ez-toc-grey ez-toc-container-direction\">\n<div class=\"ez-toc-title-container\"><p class=\"ez-toc-title\" style=\"cursor:inherit\">\u00cdndice deste artigo:<\/p>\n<\/div><nav><ul class='ez-toc-list ez-toc-list-level-1 ' ><li class='ez-toc-page-1'><a class=\"ez-toc-link ez-toc-heading-1\" href=\"https:\/\/www.alumni.space\/pt-pt\/como-formar-eficazmente-os-teus-mentores-internos\/#Melhora_a_experiencia_para_impulsionar_a_marca_do_empregador\" >Melhora a experi\u00eancia para impulsionar a marca do empregador<\/a><\/li><li class='ez-toc-page-1'><a class=\"ez-toc-link ez-toc-heading-2\" href=\"https:\/\/www.alumni.space\/pt-pt\/como-formar-eficazmente-os-teus-mentores-internos\/#Selecionar_perfis_inspiradores_para_orientar_o_talento\" >Selecionar perfis inspiradores para orientar o talento<\/a><\/li><li class='ez-toc-page-1'><a class=\"ez-toc-link ez-toc-heading-3\" href=\"https:\/\/www.alumni.space\/pt-pt\/como-formar-eficazmente-os-teus-mentores-internos\/#Gerir_a_transferencia_de_conhecimentos_com_agilidade\" >Gerir a transfer\u00eancia de conhecimentos com agilidade<\/a><\/li><\/ul><\/nav><\/div>\n<h2 class=\"wp-block-heading\"><span class=\"ez-toc-section\" id=\"Melhora_a_experiencia_para_impulsionar_a_marca_do_empregador\"><\/span>Melhora a experi\u00eancia para impulsionar a marca do empregador<span class=\"ez-toc-section-end\"><\/span><\/h2><p>A implanta\u00e7\u00e3o de um ecossistema que re\u00fane antigos e actuais funcion\u00e1rios inscreve-se numa abordagem societal de grande alcance. Esta estrat\u00e9gia alarga a influ\u00eancia da institui\u00e7\u00e3o para al\u00e9m das suas simples miss\u00f5es contratuais. Incentiva a mistura de gera\u00e7\u00f5es e apoia a empregabilidade global da rede. Ao limitar a perda de conhecimentos, a entidade preserva o seu precioso patrim\u00f3nio imaterial.     <strong>A cultura da empresa \u00e9 refor\u00e7ada, projectando a imagem de um empregador empenhado no desenvolvimento humano.<\/strong>  Estas ac\u00e7\u00f5es produzem indicadores de impacto concretos, alinhando os interesses dos RH e da comunica\u00e7\u00e3o.<\/p><p>Os n\u00fameros confirmam esta vis\u00e3o estrat\u00e9gica. O empenhamento aumenta em 60% nas organiza\u00e7\u00f5es que organizam estes interc\u00e2mbios. 80% dos benefici\u00e1rios desenvolvem novas compet\u00eancias atrav\u00e9s do contacto com um padrinho ou madrinha. Esta din\u00e2mica cria um clima de confian\u00e7a duradouro.     <strong>A organiza\u00e7\u00e3o j\u00e1 n\u00e3o gere apenas uma for\u00e7a de trabalho, mas lidera uma comunidade viva e em aprendizagem.<\/strong><\/p><figure class=\"wp-block-image size-full\"><img decoding=\"async\" width=\"1280\" height=\"768\" src=\"https:\/\/www.alumni.space\/wp-content\/uploads\/2026\/03\/Comment-former-efficacement-vos-mentors-internes-1.jpg\" data-orig-src=\"https:\/\/www.alumni.space\/wp-content\/uploads\/2026\/03\/Comment-former-efficacement-vos-mentors-internes-1.jpg\" alt=\"descobre os melhores m\u00e9todos para formar eficazmente os teus mentores internos e refor\u00e7ar as compet\u00eancias da tua equipa.\" class=\"lazyload wp-image-3492\" srcset=\"data:image\/svg+xml,%3Csvg%20xmlns%3D%27http%3A%2F%2Fwww.w3.org%2F2000%2Fsvg%27%20width%3D%271280%27%20height%3D%27768%27%20viewBox%3D%270%200%201280%20768%27%3E%3Crect%20width%3D%271280%27%20height%3D%27768%27%20fill-opacity%3D%220%22%2F%3E%3C%2Fsvg%3E\" data-srcset=\"https:\/\/www.alumni.space\/wp-content\/uploads\/2026\/03\/Comment-former-efficacement-vos-mentors-internes-1-200x120.jpg 200w, https:\/\/www.alumni.space\/wp-content\/uploads\/2026\/03\/Comment-former-efficacement-vos-mentors-internes-1-300x180.jpg 300w, https:\/\/www.alumni.space\/wp-content\/uploads\/2026\/03\/Comment-former-efficacement-vos-mentors-internes-1-400x240.jpg 400w, https:\/\/www.alumni.space\/wp-content\/uploads\/2026\/03\/Comment-former-efficacement-vos-mentors-internes-1-600x360.jpg 600w, https:\/\/www.alumni.space\/wp-content\/uploads\/2026\/03\/Comment-former-efficacement-vos-mentors-internes-1-768x461.jpg 768w, https:\/\/www.alumni.space\/wp-content\/uploads\/2026\/03\/Comment-former-efficacement-vos-mentors-internes-1-800x480.jpg 800w, https:\/\/www.alumni.space\/wp-content\/uploads\/2026\/03\/Comment-former-efficacement-vos-mentors-internes-1-1024x614.jpg 1024w, https:\/\/www.alumni.space\/wp-content\/uploads\/2026\/03\/Comment-former-efficacement-vos-mentors-internes-1-1200x720.jpg 1200w, https:\/\/www.alumni.space\/wp-content\/uploads\/2026\/03\/Comment-former-efficacement-vos-mentors-internes-1.jpg 1280w\" data-sizes=\"auto\" data-orig-sizes=\"(max-width: 1280px) 100vw, 1280px\" \/><\/figure><h3 class=\"wp-block-heading\"><span class=\"ez-toc-section\" id=\"Selecionar_perfis_inspiradores_para_orientar_o_talento\"><\/span>Selecionar perfis inspiradores para orientar o talento<span class=\"ez-toc-section-end\"><\/span><\/h3><p>Dominar uma t\u00e9cnica n\u00e3o \u00e9 garantia de a poder ensinar. O recrutamento de treinadores exige uma predisposi\u00e7\u00e3o humana marcada. A escuta ativa e a curiosidade dominam a lista das qualidades essenciais.    <strong>Um guia de alto desempenho actua como um catalisador do pensamento e n\u00e3o apenas como um mero emissor de ordens.<\/strong><\/p><p>Investir na <a href=\"https:\/\/www.alumni.space\/pt-pt\/como-formar-eficazmente-os-teus-mentores-internos\/\">prepara\u00e7\u00e3o espec\u00edfica dos mentores<\/a> altera radicalmente os resultados. As estat\u00edsticas comprovam a efic\u00e1cia desta abordagem: a produtividade aumenta em 40% nos pares acompanhados por mentores formados. A humildade e a compreens\u00e3o das personalidades s\u00e3o agora parte integrante de excelentes programas de <strong>lideran\u00e7a<\/strong>. O desejo sincero de ver os outros terem sucesso \u00e9 a principal for\u00e7a motriz por detr\u00e1s deste compromisso.   <\/p><h2 class=\"wp-block-heading\"><span class=\"ez-toc-section\" id=\"Gerir_a_transferencia_de_conhecimentos_com_agilidade\"><\/span>Gerir a transfer\u00eancia de conhecimentos com agilidade<span class=\"ez-toc-section-end\"><\/span><\/h2><p>Gerir dezenas de rela\u00e7\u00f5es humanas numa simples folha de c\u00e1lculo conduz inevitavelmente ao caos organizacional. O sucesso do sistema depende de ferramentas que possam centralizar os perfis e simplificar as intera\u00e7\u00f5es. <strong>Uma plataforma SaaS de alto desempenho como o alumni.space simplifica este complexo processo de gest\u00e3o.<\/strong> Re\u00fane diret\u00f3rios, eventos e <strong>transfer\u00eancia de conhecimentos<\/strong> num ambiente digital unificado e seguro. <\/p><p>A ado\u00e7\u00e3o de uma solu\u00e7\u00e3o deste tipo permite uma visibilidade total do retorno do investimento. O estudo de caso da Sodexo \u00e9 uma ilustra\u00e7\u00e3o perfeita deste sucesso, com um ganho de 128% por d\u00f3lar investido. Os decisores medem o impacto real na reten\u00e7\u00e3o de colaboradores com elevado potencial. <strong>A tutoria \u00e9, portanto, um <a href=\"https:\/\/www.alumni.space\/pt-pt\/a-tutoria-como-parte-da-estrategia-de-rh-do-futuro\/\">pilar estrat\u00e9gico ineg\u00e1vel do crescimento<\/a>.<\/strong> Reduz os custos de recrutamento, favorecendo a coopta\u00e7\u00e3o e a mobilidade interna.  <\/p><p>A longevidade de um programa depende da sua capacidade de adapta\u00e7\u00e3o \u00e0 evolu\u00e7\u00e3o das necessidades dos trabalhadores. A integra\u00e7\u00e3o de rituais de acompanhamento garante a qualidade dos interc\u00e2mbios a longo prazo. Os question\u00e1rios de satisfa\u00e7\u00e3o e as revis\u00f5es regulares permitem orientar os ajustamentos necess\u00e1rios.    <strong>A excel\u00eancia operacional \u00e9 o resultado desta avalia\u00e7\u00e3o constante e rigorosa.<\/strong><\/p><p>O mentoring interno \u00e9 muito mais do que uma simples tend\u00eancia de gest\u00e3o. Encarna uma resposta humana e estruturada aos desafios do compromisso atual. Ao cultivar o talento e salvaguardar o conhecimento, as empresas ganham uma grande vantagem competitiva.    <strong>Chegou o momento de transformar cada funcion\u00e1rio experiente num embaixador do conhecimento.<\/strong><\/p><p>Recebe uma oferta personalizada<\/p>","protected":false},"excerpt":{"rendered":"<p>A hemorragia silenciosa de know-how est\u00e1 a custar uma fortuna  [&#8230;]<\/p>\n","protected":false},"author":1,"featured_media":5590,"comment_status":"closed","ping_status":"closed","sticky":false,"template":"","format":"standard","meta":{"_ayudawp_aiss_exclude":false,"footnotes":""},"categories":[68],"tags":[],"class_list":["post-5588","post","type-post","status-publish","format-standard","has-post-thumbnail","hentry","category-mentoria"],"yoast_head":"<!-- This site is optimized with the Yoast SEO plugin v27.4 - https:\/\/yoast.com\/product\/yoast-seo-wordpress\/ -->\n<title>Dominar a arte de formar os teus mentores internos<\/title>\n<meta name=\"description\" content=\"Descobre como formar eficazmente os teus mentores internos para melhorar a transfer\u00eancia de compet\u00eancias e refor\u00e7ar a tua equipa.\" \/>\n<meta name=\"robots\" content=\"index, follow, max-snippet:-1, max-image-preview:large, max-video-preview:-1\" \/>\n<link rel=\"canonical\" href=\"https:\/\/www.alumni.space\/pt-pt\/como-formar-eficazmente-os-teus-mentores-internos\/\" \/>\n<meta property=\"og:locale\" content=\"pt_PT\" \/>\n<meta property=\"og:type\" content=\"article\" \/>\n<meta property=\"og:title\" content=\"Dominar a arte de formar os teus mentores internos\" \/>\n<meta property=\"og:description\" content=\"Descobre como formar eficazmente os teus mentores internos para melhorar a transfer\u00eancia de compet\u00eancias e refor\u00e7ar a tua equipa.\" \/>\n<meta property=\"og:url\" content=\"https:\/\/www.alumni.space\/pt-pt\/como-formar-eficazmente-os-teus-mentores-internos\/\" \/>\n<meta property=\"og:site_name\" content=\"Alumni.space\" \/>\n<meta property=\"article:published_time\" content=\"2024-09-26T18:00:20+00:00\" \/>\n<meta property=\"article:modified_time\" content=\"2026-03-28T10:47:15+00:00\" \/>\n<meta property=\"og:image\" content=\"https:\/\/www.alumni.space\/wp-content\/uploads\/2026\/03\/Comment-former-efficacement-vos-mentors-internes.jpg\" \/>\n\t<meta property=\"og:image:width\" content=\"1280\" \/>\n\t<meta property=\"og:image:height\" content=\"768\" \/>\n\t<meta property=\"og:image:type\" content=\"image\/jpeg\" \/>\n<meta name=\"author\" content=\"admin\" \/>\n<meta name=\"twitter:card\" content=\"summary_large_image\" \/>\n<meta name=\"twitter:label1\" content=\"Escrito por\" \/>\n\t<meta name=\"twitter:data1\" content=\"admin\" \/>\n\t<meta name=\"twitter:label2\" content=\"Tempo estimado de leitura\" \/>\n\t<meta name=\"twitter:data2\" content=\"3 minutos\" \/>\n<script type=\"application\/ld+json\" class=\"yoast-schema-graph\">{\"@context\":\"https:\\\/\\\/schema.org\",\"@graph\":[{\"@type\":\"Article\",\"@id\":\"https:\\\/\\\/www.alumni.space\\\/pt-pt\\\/como-formar-eficazmente-os-teus-mentores-internos\\\/#article\",\"isPartOf\":{\"@id\":\"https:\\\/\\\/www.alumni.space\\\/pt-pt\\\/como-formar-eficazmente-os-teus-mentores-internos\\\/\"},\"author\":{\"name\":\"admin\",\"@id\":\"https:\\\/\\\/www.alumni.space\\\/pt-pt\\\/#\\\/schema\\\/person\\\/fede362a57876edda476a61f05ce5b15\"},\"headline\":\"Como formar eficazmente os teus mentores internos\",\"datePublished\":\"2024-09-26T18:00:20+00:00\",\"dateModified\":\"2026-03-28T10:47:15+00:00\",\"mainEntityOfPage\":{\"@id\":\"https:\\\/\\\/www.alumni.space\\\/pt-pt\\\/como-formar-eficazmente-os-teus-mentores-internos\\\/\"},\"wordCount\":645,\"image\":{\"@id\":\"https:\\\/\\\/www.alumni.space\\\/pt-pt\\\/como-formar-eficazmente-os-teus-mentores-internos\\\/#primaryimage\"},\"thumbnailUrl\":\"https:\\\/\\\/www.alumni.space\\\/wp-content\\\/uploads\\\/2026\\\/03\\\/Comment-former-efficacement-vos-mentors-internes.jpg\",\"articleSection\":[\"Mentoria\"],\"inLanguage\":\"pt-PT\"},{\"@type\":\"WebPage\",\"@id\":\"https:\\\/\\\/www.alumni.space\\\/pt-pt\\\/como-formar-eficazmente-os-teus-mentores-internos\\\/\",\"url\":\"https:\\\/\\\/www.alumni.space\\\/pt-pt\\\/como-formar-eficazmente-os-teus-mentores-internos\\\/\",\"name\":\"Dominar a arte de formar os teus mentores internos\",\"isPartOf\":{\"@id\":\"https:\\\/\\\/www.alumni.space\\\/pt-pt\\\/#website\"},\"primaryImageOfPage\":{\"@id\":\"https:\\\/\\\/www.alumni.space\\\/pt-pt\\\/como-formar-eficazmente-os-teus-mentores-internos\\\/#primaryimage\"},\"image\":{\"@id\":\"https:\\\/\\\/www.alumni.space\\\/pt-pt\\\/como-formar-eficazmente-os-teus-mentores-internos\\\/#primaryimage\"},\"thumbnailUrl\":\"https:\\\/\\\/www.alumni.space\\\/wp-content\\\/uploads\\\/2026\\\/03\\\/Comment-former-efficacement-vos-mentors-internes.jpg\",\"datePublished\":\"2024-09-26T18:00:20+00:00\",\"dateModified\":\"2026-03-28T10:47:15+00:00\",\"author\":{\"@id\":\"https:\\\/\\\/www.alumni.space\\\/pt-pt\\\/#\\\/schema\\\/person\\\/fede362a57876edda476a61f05ce5b15\"},\"description\":\"Descobre como formar eficazmente os teus mentores internos para melhorar a transfer\u00eancia de compet\u00eancias e refor\u00e7ar a tua equipa.\",\"breadcrumb\":{\"@id\":\"https:\\\/\\\/www.alumni.space\\\/pt-pt\\\/como-formar-eficazmente-os-teus-mentores-internos\\\/#breadcrumb\"},\"inLanguage\":\"pt-PT\",\"potentialAction\":[{\"@type\":\"ReadAction\",\"target\":[\"https:\\\/\\\/www.alumni.space\\\/pt-pt\\\/como-formar-eficazmente-os-teus-mentores-internos\\\/\"]}]},{\"@type\":\"ImageObject\",\"inLanguage\":\"pt-PT\",\"@id\":\"https:\\\/\\\/www.alumni.space\\\/pt-pt\\\/como-formar-eficazmente-os-teus-mentores-internos\\\/#primaryimage\",\"url\":\"https:\\\/\\\/www.alumni.space\\\/wp-content\\\/uploads\\\/2026\\\/03\\\/Comment-former-efficacement-vos-mentors-internes.jpg\",\"contentUrl\":\"https:\\\/\\\/www.alumni.space\\\/wp-content\\\/uploads\\\/2026\\\/03\\\/Comment-former-efficacement-vos-mentors-internes.jpg\",\"width\":1280,\"height\":768,\"caption\":\"Descobre estrat\u00e9gias pr\u00e1ticas e adaptadas para formar eficazmente os teus mentores internos e otimizar a transfer\u00eancia de compet\u00eancias na tua empresa.\"},{\"@type\":\"BreadcrumbList\",\"@id\":\"https:\\\/\\\/www.alumni.space\\\/pt-pt\\\/como-formar-eficazmente-os-teus-mentores-internos\\\/#breadcrumb\",\"itemListElement\":[{\"@type\":\"ListItem\",\"position\":1,\"name\":\"Home\",\"item\":\"https:\\\/\\\/www.alumni.space\\\/pt-pt\\\/plataforma-de-gestao-de-mentores-e-antigos-alunos\\\/\"},{\"@type\":\"ListItem\",\"position\":2,\"name\":\"Como formar eficazmente os teus mentores internos\"}]},{\"@type\":\"WebSite\",\"@id\":\"https:\\\/\\\/www.alumni.space\\\/pt-pt\\\/#website\",\"url\":\"https:\\\/\\\/www.alumni.space\\\/pt-pt\\\/\",\"name\":\"Alumni.space\",\"description\":\"My WordPress Blog\",\"potentialAction\":[{\"@type\":\"SearchAction\",\"target\":{\"@type\":\"EntryPoint\",\"urlTemplate\":\"https:\\\/\\\/www.alumni.space\\\/pt-pt\\\/?s={search_term_string}\"},\"query-input\":{\"@type\":\"PropertyValueSpecification\",\"valueRequired\":true,\"valueName\":\"search_term_string\"}}],\"inLanguage\":\"pt-PT\"},{\"@type\":\"Person\",\"@id\":\"https:\\\/\\\/www.alumni.space\\\/pt-pt\\\/#\\\/schema\\\/person\\\/fede362a57876edda476a61f05ce5b15\",\"name\":\"admin\",\"image\":{\"@type\":\"ImageObject\",\"inLanguage\":\"pt-PT\",\"@id\":\"https:\\\/\\\/secure.gravatar.com\\\/avatar\\\/318e234ae94f90d4d629428d6b983c08e31181c28f579e08a021180d759ea651?s=96&d=mm&r=g\",\"url\":\"https:\\\/\\\/secure.gravatar.com\\\/avatar\\\/318e234ae94f90d4d629428d6b983c08e31181c28f579e08a021180d759ea651?s=96&d=mm&r=g\",\"contentUrl\":\"https:\\\/\\\/secure.gravatar.com\\\/avatar\\\/318e234ae94f90d4d629428d6b983c08e31181c28f579e08a021180d759ea651?s=96&d=mm&r=g\",\"caption\":\"admin\"},\"description\":\"Nicolas Laustriat a construit sa sp\u00e9cialit\u00e9 sur un sujet que beaucoup d\u2019organisations d\u00e9couvrent trop tard : ce qui dispara\u00eet quand les gens partent. Dipl\u00f4m\u00e9 en conception de produit industriel, il bifurque vers le digital fin 1996, il couvre les transformations marques, RH, la fid\u00e9lisation, la marque employeur. Sur le terrain, il rep\u00e8re un angle mort r\u00e9current : l\u2019entreprise investit dans le recrutement, la formation, les process\u2026 puis laisse filer le lien au moment du d\u00e9part, avec une perte de savoir et d\u2019influence qui se paie en silence. Il se sp\u00e9cialise alors sur les communaut\u00e9s d\u2019alumni, le mentorat, l\u2019entraide interg\u00e9n\u00e9rationnelle et la transmission d\u2019expertise. Il passe du \u201cconstat\u201d aux m\u00e9thodes : animation, gouvernance, segmentation, rituels, mesure d\u2019engagement, articulation avec la RSE et l\u2019employabilit\u00e9. Il interviewe DRH, responsables formation, directions d\u2019\u00e9coles, associations et fondations, avec une obsession : transformer un r\u00e9seau dormant en m\u00e9canisme utile (cooptation, mentorat, job board, entraide, \u00e9v\u00e9nements, contenus). Son style : direct, orient\u00e9 action, sans folklore. Sa conviction : une communaut\u00e9 n\u2019a pas besoin de bruit, elle a besoin de raisons de revenir.\",\"sameAs\":[\"https:\\\/\\\/www.alumni.space\"]}]}<\/script>\n<!-- \/ Yoast SEO plugin. -->","yoast_head_json":{"title":"Dominar a arte de formar os teus mentores internos","description":"Descobre como formar eficazmente os teus mentores internos para melhorar a transfer\u00eancia de compet\u00eancias e refor\u00e7ar a tua equipa.","robots":{"index":"index","follow":"follow","max-snippet":"max-snippet:-1","max-image-preview":"max-image-preview:large","max-video-preview":"max-video-preview:-1"},"canonical":"https:\/\/www.alumni.space\/pt-pt\/como-formar-eficazmente-os-teus-mentores-internos\/","og_locale":"pt_PT","og_type":"article","og_title":"Dominar a arte de formar os teus mentores internos","og_description":"Descobre como formar eficazmente os teus mentores internos para melhorar a transfer\u00eancia de compet\u00eancias e refor\u00e7ar a tua equipa.","og_url":"https:\/\/www.alumni.space\/pt-pt\/como-formar-eficazmente-os-teus-mentores-internos\/","og_site_name":"Alumni.space","article_published_time":"2024-09-26T18:00:20+00:00","article_modified_time":"2026-03-28T10:47:15+00:00","og_image":[{"width":1280,"height":768,"url":"https:\/\/www.alumni.space\/wp-content\/uploads\/2026\/03\/Comment-former-efficacement-vos-mentors-internes.jpg","type":"image\/jpeg"}],"author":"admin","twitter_card":"summary_large_image","twitter_misc":{"Escrito por":"admin","Tempo estimado de leitura":"3 minutos"},"schema":{"@context":"https:\/\/schema.org","@graph":[{"@type":"Article","@id":"https:\/\/www.alumni.space\/pt-pt\/como-formar-eficazmente-os-teus-mentores-internos\/#article","isPartOf":{"@id":"https:\/\/www.alumni.space\/pt-pt\/como-formar-eficazmente-os-teus-mentores-internos\/"},"author":{"name":"admin","@id":"https:\/\/www.alumni.space\/pt-pt\/#\/schema\/person\/fede362a57876edda476a61f05ce5b15"},"headline":"Como formar eficazmente os teus mentores internos","datePublished":"2024-09-26T18:00:20+00:00","dateModified":"2026-03-28T10:47:15+00:00","mainEntityOfPage":{"@id":"https:\/\/www.alumni.space\/pt-pt\/como-formar-eficazmente-os-teus-mentores-internos\/"},"wordCount":645,"image":{"@id":"https:\/\/www.alumni.space\/pt-pt\/como-formar-eficazmente-os-teus-mentores-internos\/#primaryimage"},"thumbnailUrl":"https:\/\/www.alumni.space\/wp-content\/uploads\/2026\/03\/Comment-former-efficacement-vos-mentors-internes.jpg","articleSection":["Mentoria"],"inLanguage":"pt-PT"},{"@type":"WebPage","@id":"https:\/\/www.alumni.space\/pt-pt\/como-formar-eficazmente-os-teus-mentores-internos\/","url":"https:\/\/www.alumni.space\/pt-pt\/como-formar-eficazmente-os-teus-mentores-internos\/","name":"Dominar a arte de formar os teus mentores internos","isPartOf":{"@id":"https:\/\/www.alumni.space\/pt-pt\/#website"},"primaryImageOfPage":{"@id":"https:\/\/www.alumni.space\/pt-pt\/como-formar-eficazmente-os-teus-mentores-internos\/#primaryimage"},"image":{"@id":"https:\/\/www.alumni.space\/pt-pt\/como-formar-eficazmente-os-teus-mentores-internos\/#primaryimage"},"thumbnailUrl":"https:\/\/www.alumni.space\/wp-content\/uploads\/2026\/03\/Comment-former-efficacement-vos-mentors-internes.jpg","datePublished":"2024-09-26T18:00:20+00:00","dateModified":"2026-03-28T10:47:15+00:00","author":{"@id":"https:\/\/www.alumni.space\/pt-pt\/#\/schema\/person\/fede362a57876edda476a61f05ce5b15"},"description":"Descobre como formar eficazmente os teus mentores internos para melhorar a transfer\u00eancia de compet\u00eancias e refor\u00e7ar a tua equipa.","breadcrumb":{"@id":"https:\/\/www.alumni.space\/pt-pt\/como-formar-eficazmente-os-teus-mentores-internos\/#breadcrumb"},"inLanguage":"pt-PT","potentialAction":[{"@type":"ReadAction","target":["https:\/\/www.alumni.space\/pt-pt\/como-formar-eficazmente-os-teus-mentores-internos\/"]}]},{"@type":"ImageObject","inLanguage":"pt-PT","@id":"https:\/\/www.alumni.space\/pt-pt\/como-formar-eficazmente-os-teus-mentores-internos\/#primaryimage","url":"https:\/\/www.alumni.space\/wp-content\/uploads\/2026\/03\/Comment-former-efficacement-vos-mentors-internes.jpg","contentUrl":"https:\/\/www.alumni.space\/wp-content\/uploads\/2026\/03\/Comment-former-efficacement-vos-mentors-internes.jpg","width":1280,"height":768,"caption":"Descobre estrat\u00e9gias pr\u00e1ticas e adaptadas para formar eficazmente os teus mentores internos e otimizar a transfer\u00eancia de compet\u00eancias na tua empresa."},{"@type":"BreadcrumbList","@id":"https:\/\/www.alumni.space\/pt-pt\/como-formar-eficazmente-os-teus-mentores-internos\/#breadcrumb","itemListElement":[{"@type":"ListItem","position":1,"name":"Home","item":"https:\/\/www.alumni.space\/pt-pt\/plataforma-de-gestao-de-mentores-e-antigos-alunos\/"},{"@type":"ListItem","position":2,"name":"Como formar eficazmente os teus mentores internos"}]},{"@type":"WebSite","@id":"https:\/\/www.alumni.space\/pt-pt\/#website","url":"https:\/\/www.alumni.space\/pt-pt\/","name":"Alumni.space","description":"My WordPress Blog","potentialAction":[{"@type":"SearchAction","target":{"@type":"EntryPoint","urlTemplate":"https:\/\/www.alumni.space\/pt-pt\/?s={search_term_string}"},"query-input":{"@type":"PropertyValueSpecification","valueRequired":true,"valueName":"search_term_string"}}],"inLanguage":"pt-PT"},{"@type":"Person","@id":"https:\/\/www.alumni.space\/pt-pt\/#\/schema\/person\/fede362a57876edda476a61f05ce5b15","name":"admin","image":{"@type":"ImageObject","inLanguage":"pt-PT","@id":"https:\/\/secure.gravatar.com\/avatar\/318e234ae94f90d4d629428d6b983c08e31181c28f579e08a021180d759ea651?s=96&d=mm&r=g","url":"https:\/\/secure.gravatar.com\/avatar\/318e234ae94f90d4d629428d6b983c08e31181c28f579e08a021180d759ea651?s=96&d=mm&r=g","contentUrl":"https:\/\/secure.gravatar.com\/avatar\/318e234ae94f90d4d629428d6b983c08e31181c28f579e08a021180d759ea651?s=96&d=mm&r=g","caption":"admin"},"description":"Nicolas Laustriat a construit sa sp\u00e9cialit\u00e9 sur un sujet que beaucoup d\u2019organisations d\u00e9couvrent trop tard : ce qui dispara\u00eet quand les gens partent. Dipl\u00f4m\u00e9 en conception de produit industriel, il bifurque vers le digital fin 1996, il couvre les transformations marques, RH, la fid\u00e9lisation, la marque employeur. Sur le terrain, il rep\u00e8re un angle mort r\u00e9current : l\u2019entreprise investit dans le recrutement, la formation, les process\u2026 puis laisse filer le lien au moment du d\u00e9part, avec une perte de savoir et d\u2019influence qui se paie en silence. Il se sp\u00e9cialise alors sur les communaut\u00e9s d\u2019alumni, le mentorat, l\u2019entraide interg\u00e9n\u00e9rationnelle et la transmission d\u2019expertise. Il passe du \u201cconstat\u201d aux m\u00e9thodes : animation, gouvernance, segmentation, rituels, mesure d\u2019engagement, articulation avec la RSE et l\u2019employabilit\u00e9. Il interviewe DRH, responsables formation, directions d\u2019\u00e9coles, associations et fondations, avec une obsession : transformer un r\u00e9seau dormant en m\u00e9canisme utile (cooptation, mentorat, job board, entraide, \u00e9v\u00e9nements, contenus). Son style : direct, orient\u00e9 action, sans folklore. Sa conviction : une communaut\u00e9 n\u2019a pas besoin de bruit, elle a besoin de raisons de revenir.","sameAs":["https:\/\/www.alumni.space"]}]}},"_links":{"self":[{"href":"https:\/\/www.alumni.space\/pt-pt\/wp-json\/wp\/v2\/posts\/5588","targetHints":{"allow":["GET"]}}],"collection":[{"href":"https:\/\/www.alumni.space\/pt-pt\/wp-json\/wp\/v2\/posts"}],"about":[{"href":"https:\/\/www.alumni.space\/pt-pt\/wp-json\/wp\/v2\/types\/post"}],"author":[{"embeddable":true,"href":"https:\/\/www.alumni.space\/pt-pt\/wp-json\/wp\/v2\/users\/1"}],"replies":[{"embeddable":true,"href":"https:\/\/www.alumni.space\/pt-pt\/wp-json\/wp\/v2\/comments?post=5588"}],"version-history":[{"count":1,"href":"https:\/\/www.alumni.space\/pt-pt\/wp-json\/wp\/v2\/posts\/5588\/revisions"}],"predecessor-version":[{"id":5592,"href":"https:\/\/www.alumni.space\/pt-pt\/wp-json\/wp\/v2\/posts\/5588\/revisions\/5592"}],"wp:featuredmedia":[{"embeddable":true,"href":"https:\/\/www.alumni.space\/pt-pt\/wp-json\/wp\/v2\/media\/5590"}],"wp:attachment":[{"href":"https:\/\/www.alumni.space\/pt-pt\/wp-json\/wp\/v2\/media?parent=5588"}],"wp:term":[{"taxonomy":"category","embeddable":true,"href":"https:\/\/www.alumni.space\/pt-pt\/wp-json\/wp\/v2\/categories?post=5588"},{"taxonomy":"post_tag","embeddable":true,"href":"https:\/\/www.alumni.space\/pt-pt\/wp-json\/wp\/v2\/tags?post=5588"}],"curies":[{"name":"wp","href":"https:\/\/api.w.org\/{rel}","templated":true}]}}