{"id":5565,"date":"2025-05-11T22:02:46","date_gmt":"2025-05-11T22:02:46","guid":{"rendered":"https:\/\/www.alumni.space\/alumni-como-aumentar-o-teu-sentimento-de-pertenca-depois-de-teres-partido\/"},"modified":"2026-03-28T10:42:12","modified_gmt":"2026-03-28T10:42:12","slug":"alumni-como-aumentar-o-teu-sentimento-de-pertenca-depois-de-teres-partido","status":"publish","type":"post","link":"https:\/\/www.alumni.space\/pt-pt\/alumni-como-aumentar-o-teu-sentimento-de-pertenca-depois-de-teres-partido\/","title":{"rendered":"Alumni: como aumentar o teu sentimento de perten\u00e7a depois de teres partido"},"content":{"rendered":"<p>Uma rede de<strong>antigos alunos<\/strong> que funcione combina visibilidade, utilidade e movimento cont\u00ednuo. O desafio \u00e9 transformar o in\u00edcio numa perten\u00e7a duradoura a uma <strong>comunidade<\/strong> ativa, \u00fatil para a empregabilidade e a reputa\u00e7\u00e3o. <\/p><div id=\"ez-toc-container\" class=\"ez-toc-v2_0_82_2 counter-flat ez-toc-counter ez-toc-grey ez-toc-container-direction\">\n<div class=\"ez-toc-title-container\"><p class=\"ez-toc-title\" style=\"cursor:inherit\">\u00cdndice deste artigo:<\/p>\n<\/div><nav><ul class='ez-toc-list ez-toc-list-level-1 ' ><li class='ez-toc-page-1'><a class=\"ez-toc-link ez-toc-heading-1\" href=\"https:\/\/www.alumni.space\/pt-pt\/alumni-como-aumentar-o-teu-sentimento-de-pertenca-depois-de-teres-partido\/#Reforcar_o_sentimento_de_pertenca_dos_antigos_alunos_apos_a_sua_partida\" >Refor\u00e7ar o sentimento de perten\u00e7a dos antigos alunos ap\u00f3s a sua partida<\/a><\/li><li class='ez-toc-page-1'><a class=\"ez-toc-link ez-toc-heading-2\" href=\"https:\/\/www.alumni.space\/pt-pt\/alumni-como-aumentar-o-teu-sentimento-de-pertenca-depois-de-teres-partido\/#Contextualizar_o_Institut_Novalys\" >Contextualizar o Institut Novalys<\/a><\/li><li class='ez-toc-page-1'><a class=\"ez-toc-link ez-toc-heading-3\" href=\"https:\/\/www.alumni.space\/pt-pt\/alumni-como-aumentar-o-teu-sentimento-de-pertenca-depois-de-teres-partido\/#Governacao_simples_e_funcoes_claras_para_criar_lealdade\" >Governa\u00e7\u00e3o simples e fun\u00e7\u00f5es claras para criar lealdade<\/a><\/li><li class='ez-toc-page-1'><a class=\"ez-toc-link ez-toc-heading-4\" href=\"https:\/\/www.alumni.space\/pt-pt\/alumni-como-aumentar-o-teu-sentimento-de-pertenca-depois-de-teres-partido\/#Estruturacao_da_oferta_servicos_prioritarios_para_os_decisores\" >Estrutura\u00e7\u00e3o da oferta: servi\u00e7os priorit\u00e1rios para os decisores<\/a><\/li><li class='ez-toc-page-1'><a class=\"ez-toc-link ez-toc-heading-5\" href=\"https:\/\/www.alumni.space\/pt-pt\/alumni-como-aumentar-o-teu-sentimento-de-pertenca-depois-de-teres-partido\/#Eventos_anuais_e_rituais_operacionais\" >Eventos anuais e rituais operacionais<\/a><\/li><li class='ez-toc-page-1'><a class=\"ez-toc-link ez-toc-heading-6\" href=\"https:\/\/www.alumni.space\/pt-pt\/alumni-como-aumentar-o-teu-sentimento-de-pertenca-depois-de-teres-partido\/#Conteudo_util_e_formatos_curtos_para_chamar_a_atencao\" >Conte\u00fado \u00fatil e formatos curtos para chamar a aten\u00e7\u00e3o<\/a><\/li><li class='ez-toc-page-1'><a class=\"ez-toc-link ez-toc-heading-7\" href=\"https:\/\/www.alumni.space\/pt-pt\/alumni-como-aumentar-o-teu-sentimento-de-pertenca-depois-de-teres-partido\/#Indicadores_pragmaticos_para_monitorizar_a_adocao\" >Indicadores pragm\u00e1ticos para monitorizar a ado\u00e7\u00e3o<\/a><\/li><li class='ez-toc-page-1'><a class=\"ez-toc-link ez-toc-heading-8\" href=\"https:\/\/www.alumni.space\/pt-pt\/alumni-como-aumentar-o-teu-sentimento-de-pertenca-depois-de-teres-partido\/#Financiamento_e_parcerias_sustentaveis\" >Financiamento e parcerias sustent\u00e1veis<\/a><\/li><li class='ez-toc-page-1'><a class=\"ez-toc-link ez-toc-heading-9\" href=\"https:\/\/www.alumni.space\/pt-pt\/alumni-como-aumentar-o-teu-sentimento-de-pertenca-depois-de-teres-partido\/#Confianca_conformidade_e_acessibilidade\" >Confian\u00e7a, conformidade e acessibilidade<\/a><\/li><li class='ez-toc-page-1'><a class=\"ez-toc-link ez-toc-heading-10\" href=\"https:\/\/www.alumni.space\/pt-pt\/alumni-como-aumentar-o-teu-sentimento-de-pertenca-depois-de-teres-partido\/#A_plataforma_alumnispace_como_base_industrial\" >A plataforma alumni.space como base industrial<\/a><\/li><li class='ez-toc-page-1'><a class=\"ez-toc-link ez-toc-heading-11\" href=\"https:\/\/www.alumni.space\/pt-pt\/alumni-como-aumentar-o-teu-sentimento-de-pertenca-depois-de-teres-partido\/#Implementacao_rapida_plano_de_90_dias_em_funcionamento\" >Implementa\u00e7\u00e3o r\u00e1pida: plano de 90 dias em funcionamento<\/a><\/li><li class='ez-toc-page-1'><a class=\"ez-toc-link ez-toc-heading-12\" href=\"https:\/\/www.alumni.space\/pt-pt\/alumni-como-aumentar-o-teu-sentimento-de-pertenca-depois-de-teres-partido\/#Boas_praticas_a_longo_prazo\" >Boas pr\u00e1ticas a longo prazo<\/a><\/li><li class='ez-toc-page-1'><a class=\"ez-toc-link ez-toc-heading-13\" href=\"https:\/\/www.alumni.space\/pt-pt\/alumni-como-aumentar-o-teu-sentimento-de-pertenca-depois-de-teres-partido\/#Leitura_e_recursos_adicionais\" >Leitura e recursos adicionais<\/a><\/li><\/ul><\/nav><\/div>\n<h2 class=\"wp-block-heading\"><span class=\"ez-toc-section\" id=\"Reforcar_o_sentimento_de_pertenca_dos_antigos_alunos_apos_a_sua_partida\"><\/span>Refor\u00e7ar o <strong>sentimento de perten\u00e7a<\/strong> dos <strong>antigos alunos<\/strong> ap\u00f3s a sua partida<span class=\"ez-toc-section-end\"><\/span><\/h2><p>A perda de conhecimentos e a rutura de la\u00e7os pesam muito na governa\u00e7\u00e3o, no recrutamento e na transmiss\u00e3o interna. Uma estrat\u00e9gia clara, rituais regulares e uma ferramenta centralizada criam uma continuidade relacional entre promos, equipas e parceiros. <\/p><figure class=\"wp-block-image size-full\"><img decoding=\"async\" width=\"1344\" height=\"768\" src=\"https:\/\/www.alumni.space\/wp-content\/uploads\/2026\/03\/Alumni-comment-booster-le-sentiment-dappartenance-apres-le-depart-1.jpg\" data-orig-src=\"https:\/\/www.alumni.space\/wp-content\/uploads\/2026\/03\/Alumni-comment-booster-le-sentiment-dappartenance-apres-le-depart-1.jpg\" alt=\"Descobre estrat\u00e9gias eficazes para refor\u00e7ar o sentimento de perten\u00e7a dos antigos alunos depois de terem partido e para manter liga\u00e7\u00f5es fortes com a tua comunidade de antigos alunos.\" class=\"lazyload wp-image-3360\" srcset=\"data:image\/svg+xml,%3Csvg%20xmlns%3D%27http%3A%2F%2Fwww.w3.org%2F2000%2Fsvg%27%20width%3D%271344%27%20height%3D%27768%27%20viewBox%3D%270%200%201344%20768%27%3E%3Crect%20width%3D%271344%27%20height%3D%27768%27%20fill-opacity%3D%220%22%2F%3E%3C%2Fsvg%3E\" data-srcset=\"https:\/\/www.alumni.space\/wp-content\/uploads\/2026\/03\/Alumni-comment-booster-le-sentiment-dappartenance-apres-le-depart-1-200x114.jpg 200w, https:\/\/www.alumni.space\/wp-content\/uploads\/2026\/03\/Alumni-comment-booster-le-sentiment-dappartenance-apres-le-depart-1-300x171.jpg 300w, https:\/\/www.alumni.space\/wp-content\/uploads\/2026\/03\/Alumni-comment-booster-le-sentiment-dappartenance-apres-le-depart-1-400x229.jpg 400w, https:\/\/www.alumni.space\/wp-content\/uploads\/2026\/03\/Alumni-comment-booster-le-sentiment-dappartenance-apres-le-depart-1-600x343.jpg 600w, https:\/\/www.alumni.space\/wp-content\/uploads\/2026\/03\/Alumni-comment-booster-le-sentiment-dappartenance-apres-le-depart-1-768x439.jpg 768w, https:\/\/www.alumni.space\/wp-content\/uploads\/2026\/03\/Alumni-comment-booster-le-sentiment-dappartenance-apres-le-depart-1-800x457.jpg 800w, https:\/\/www.alumni.space\/wp-content\/uploads\/2026\/03\/Alumni-comment-booster-le-sentiment-dappartenance-apres-le-depart-1-1024x585.jpg 1024w, https:\/\/www.alumni.space\/wp-content\/uploads\/2026\/03\/Alumni-comment-booster-le-sentiment-dappartenance-apres-le-depart-1-1200x686.jpg 1200w, https:\/\/www.alumni.space\/wp-content\/uploads\/2026\/03\/Alumni-comment-booster-le-sentiment-dappartenance-apres-le-depart-1.jpg 1344w\" data-sizes=\"auto\" data-orig-sizes=\"(max-width: 1344px) 100vw, 1344px\" \/><\/figure><h3 class=\"wp-block-heading\"><span class=\"ez-toc-section\" id=\"Contextualizar_o_Institut_Novalys\"><\/span>Contextualizar o Institut Novalys<span class=\"ez-toc-section-end\"><\/span><\/h3><p>O Institut Novalys optou por organizar as suas actividades em torno de um conjunto central de servi\u00e7os: um diret\u00f3rio filtr\u00e1vel, <strong>tutoria<\/strong> estruturada e <strong>eventos<\/strong> h\u00edbridos. A passagem de um simples grupo numa rede social para uma plataforma espec\u00edfica reduziu as trocas dispersas e refor\u00e7ou a rastreabilidade das intera\u00e7\u00f5es. <\/p><h3 class=\"wp-block-heading\"><span class=\"ez-toc-section\" id=\"Governacao_simples_e_funcoes_claras_para_criar_lealdade\"><\/span>Governa\u00e7\u00e3o simples e fun\u00e7\u00f5es claras para criar lealdade<span class=\"ez-toc-section-end\"><\/span><\/h3><p>A cria\u00e7\u00e3o de um comit\u00e9 de sele\u00e7\u00e3o, a nomea\u00e7\u00e3o de coordenadores locais e as fun\u00e7\u00f5es tem\u00e1ticas de coordena\u00e7\u00e3o proporcionam um quadro est\u00e1vel. Cada a\u00e7\u00e3o \u00e9 dotada de uma ficha pr\u00e1tica: objetivo, p\u00fablico-alvo, m\u00e9tricas de acompanhamento, respons\u00e1vel. <\/p><h2 class=\"wp-block-heading\"><span class=\"ez-toc-section\" id=\"Estruturacao_da_oferta_servicos_prioritarios_para_os_decisores\"><\/span>Estrutura\u00e7\u00e3o da oferta: servi\u00e7os priorit\u00e1rios para os decisores<span class=\"ez-toc-section-end\"><\/span><\/h2><p>Dar prioridade a servi\u00e7os concretos acelera a ado\u00e7\u00e3o: <strong>quadro de empregos<\/strong> contributivo, <strong>tutoria<\/strong> r\u00e1pida e prolongada, diret\u00f3rio com filtros de empregos e geogr\u00e1ficos. Estes elementos fundamentais reduzem a fuga de compet\u00eancias e refor\u00e7am a marca do empregador. <\/p><h3 class=\"wp-block-heading\"><span class=\"ez-toc-section\" id=\"Eventos_anuais_e_rituais_operacionais\"><\/span>Eventos anuais e rituais operacionais<span class=\"ez-toc-section-end\"><\/span><\/h3><p>Um calend\u00e1rio baseado no in\u00edcio do ano letivo, no per\u00edodo de recrutamento e no final do ano cria pontos de refer\u00eancia. A altern\u00e2ncia entre reuni\u00f5es locais, semin\u00e1rios sobre carreiras e sess\u00f5es de matching para cria\u00e7\u00e3o <strong>de redes<\/strong> gera um compromisso mensur\u00e1vel a cada trimestre. <\/p><h3 class=\"wp-block-heading\"><span class=\"ez-toc-section\" id=\"Conteudo_util_e_formatos_curtos_para_chamar_a_atencao\"><\/span>Conte\u00fado \u00fatil e formatos curtos para chamar a aten\u00e7\u00e3o<span class=\"ez-toc-section-end\"><\/span><\/h3><p>Os perfis dos antigos alunos, os mini-guias de carreira e as repeti\u00e7\u00f5es com carimbo de data\/hora oferecem valor imediato. A utiliza\u00e7\u00e3o de mensagens autom\u00e1ticas de boas-vindas e de reativa\u00e7\u00e3o aumenta a taxa de preenchimento do perfil. <\/p><h2 class=\"wp-block-heading\"><span class=\"ez-toc-section\" id=\"Indicadores_pragmaticos_para_monitorizar_a_adocao\"><\/span>Indicadores pragm\u00e1ticos para monitorizar a ado\u00e7\u00e3o<span class=\"ez-toc-section-end\"><\/span><\/h2><p>O acompanhamento de uma s\u00e9rie de KPIs acion\u00e1veis facilita a gest\u00e3o: taxa de conclus\u00e3o do perfil, participa\u00e7\u00e3o em <strong>eventos<\/strong>, n\u00famero de pares de <strong>mentores<\/strong> activos, vagas publicadas no <strong>quadro de empregos<\/strong>. Estes indicadores convencem os organismos de governa\u00e7\u00e3o e de financiamento. <\/p><h3 class=\"wp-block-heading\"><span class=\"ez-toc-section\" id=\"Financiamento_e_parcerias_sustentaveis\"><\/span>Financiamento e parcerias sustent\u00e1veis<span class=\"ez-toc-section-end\"><\/span><\/h3><p>Modelos mistos: taxas de ades\u00e3o simb\u00f3licas para licenciados j\u00e1 estabelecidos, patrocinadores espec\u00edficos e venda de bilhetes para eventos de grande dimens\u00e3o criam um equil\u00edbrio financeiro. Recompensas simples para o voluntariado. <\/p><h2 class=\"wp-block-heading\"><span class=\"ez-toc-section\" id=\"Confianca_conformidade_e_acessibilidade\"><\/span>Confian\u00e7a, conformidade e acessibilidade<span class=\"ez-toc-section-end\"><\/span><\/h2><p>O cumprimento do RGPD, os mecanismos de modera\u00e7\u00e3o responsivos e os formatos acess\u00edveis (legendas, contraste, mobile first) refor\u00e7am a confian\u00e7a. A pol\u00edtica de elimina\u00e7\u00e3o de dados inactivos clarifica a governa\u00e7\u00e3o da informa\u00e7\u00e3o. <\/p><h3 class=\"wp-block-heading\"><span class=\"ez-toc-section\" id=\"A_plataforma_alumnispace_como_base_industrial\"><\/span>A plataforma alumni.space como base industrial<span class=\"ez-toc-section-end\"><\/span><\/h3><p><strong>O Alumni.space<\/strong> proporciona um espa\u00e7o centralizado para perfis, <strong>mentoria<\/strong>, <strong>eventos<\/strong>, <strong>redes<\/strong> e ofertas de emprego, evitando folhas de c\u00e1lculo dispersas e m\u00faltiplas ferramentas. Para normalizar as actividades e medir o impacto, uma plataforma SaaS automatiza os lembretes, agrega indicadores e organiza os cap\u00edtulos locais. <\/p><p>Uma plataforma deste tipo \u00e9 uma quest\u00e3o de responsabilidade social, porque a rela\u00e7\u00e3o duradoura com os antigos alunos estende o compromisso da organiza\u00e7\u00e3o para al\u00e9m do contrato de trabalho: transmiss\u00e3o de compet\u00eancias, inclus\u00e3o intergeracional, apoio ao emprego e promo\u00e7\u00e3o do voluntariado de compet\u00eancias. A capitaliza\u00e7\u00e3o da experi\u00eancia evita o desperd\u00edcio de conhecimentos e refor\u00e7a a credibilidade da marca do empregador atrav\u00e9s de testemunhos e embaixadores. Resultados observados: maior atratividade, maior facilidade no processo de recrutamento e maior fideliza\u00e7\u00e3o, com pain\u00e9is de controlo para monitorizar a participa\u00e7\u00e3o e o feedback dos mentores.  <\/p><h2 class=\"wp-block-heading\"><span class=\"ez-toc-section\" id=\"Implementacao_rapida_plano_de_90_dias_em_funcionamento\"><\/span>Implementa\u00e7\u00e3o r\u00e1pida: plano de 90 dias em funcionamento<span class=\"ez-toc-section-end\"><\/span><\/h2><p>Fase inicial: forma\u00e7\u00e3o do comit\u00e9, promessa de valor, breve carta e escolha da ferramenta. Per\u00edodo seguinte: lan\u00e7amento da \u00e1rea de membros, importa\u00e7\u00e3o de promo\u00e7\u00f5es, publica\u00e7\u00e3o de ofertas e primeiro webinar. Fase final: arranque dos pares, envio da newsletter e ajuste dos KPIs.  <\/p><h3 class=\"wp-block-heading\"><span class=\"ez-toc-section\" id=\"Boas_praticas_a_longo_prazo\"><\/span>Boas pr\u00e1ticas a longo prazo<span class=\"ez-toc-section-end\"><\/span><\/h3><p>Manter um ritmo claro, centrar-se na qualidade das intera\u00e7\u00f5es e reconhecer os contribuintes produz efeitos cumulativos. Medidas simples ap\u00f3s cada a\u00e7\u00e3o refor\u00e7am a confian\u00e7a e incentivam a participa\u00e7\u00e3o cont\u00ednua. <\/p><h3 class=\"wp-block-heading\"><span class=\"ez-toc-section\" id=\"Leitura_e_recursos_adicionais\"><\/span>Leitura e recursos adicionais<span class=\"ez-toc-section-end\"><\/span><\/h3><p>Para saber mais sobre formatos de eventos e mecanismos de envolvimento, consulta guias pr\u00e1ticos sobre a organiza\u00e7\u00e3o de<strong>eventos<\/strong> e a estrutura\u00e7\u00e3o de redes de antigos alunos atrav\u00e9s de recursos especializados. Um feedback detalhado ajuda a calibrar as primeiras ac\u00e7\u00f5es. <\/p><p>Os recursos \u00fateis incluem o <a href=\"https:\/\/edusign.com\/fr\/blog\/comment-renforcer-le-reseau-de-votre-ecole-en-integrant-les-alumnis\/\">refor\u00e7o da rede da tua escola<\/a> e dicas para <a href=\"https:\/\/www.eudonet.com\/fr\/ressources\/blog\/organiser-evenement-alumni-engager-rassembler-sa-communaute\/\">organizar eventos interessantes para os antigos alunos<\/a>. Para conheceres os quadros de boas pr\u00e1ticas, a publica\u00e7\u00e3o em PDF do IESF oferece modelos adapt\u00e1veis. <\/p><p><strong>A\u00e7\u00e3o recomendada<\/strong>: lan\u00e7ar um MVP organizado em torno de um diret\u00f3rio, de um <strong>quadro de empregos<\/strong> e de um programa <strong>de tutoria<\/strong> e, em seguida, medir tr\u00eas KPIs chave para ajustar o plano. Para industrializar a abordagem, <a href=\"https:\/\/www.alumni.space\/pt-pt\/alumni-como-aumentar-o-teu-sentimento-de-pertenca-depois-de-teres-partido\/\">Booster the sense of belonging<\/a> fornece uma ilustra\u00e7\u00e3o do produto e op\u00e7\u00f5es de integra\u00e7\u00e3o. <\/p><p><a href=\"https:\/\/www.alumni.space\/pt-pt\/o-valor-acrescentado-de-um-programa-de-antigos-alunos-para-a-tua-marca-de-empregador\/\">Solicita uma demonstra\u00e7\u00e3o<\/a><\/p>","protected":false},"excerpt":{"rendered":"<p>Uma rede deantigos alunos que funcione combina visibilidade, utilidade e  [&#8230;]<\/p>\n","protected":false},"author":1,"featured_media":5567,"comment_status":"closed","ping_status":"closed","sticky":false,"template":"","format":"standard","meta":{"_ayudawp_aiss_exclude":false,"footnotes":""},"categories":[67],"tags":[],"class_list":["post-5565","post","type-post","status-publish","format-standard","has-post-thumbnail","hentry","category-antigos-alunos"],"yoast_head":"<!-- This site is optimized with the Yoast SEO plugin v27.4 - https:\/\/yoast.com\/product\/yoast-seo-wordpress\/ -->\n<title>Alumni: refor\u00e7ar o sentimento de perten\u00e7a depois de teres partido<\/title>\n<meta name=\"description\" content=\"Descobre como refor\u00e7ar os la\u00e7os e o sentimento de perten\u00e7a entre os antigos alunos ap\u00f3s a sua partida atrav\u00e9s de estrat\u00e9gias eficazes e empenhadas.\" \/>\n<meta name=\"robots\" content=\"index, follow, max-snippet:-1, max-image-preview:large, max-video-preview:-1\" \/>\n<link rel=\"canonical\" href=\"https:\/\/www.alumni.space\/pt-pt\/alumni-como-aumentar-o-teu-sentimento-de-pertenca-depois-de-teres-partido\/\" \/>\n<meta property=\"og:locale\" content=\"pt_PT\" \/>\n<meta property=\"og:type\" content=\"article\" \/>\n<meta property=\"og:title\" content=\"Alumni: refor\u00e7ar o sentimento de perten\u00e7a depois de teres partido\" \/>\n<meta property=\"og:description\" content=\"Descobre como refor\u00e7ar os la\u00e7os e o sentimento de perten\u00e7a entre os antigos alunos ap\u00f3s a sua partida atrav\u00e9s de estrat\u00e9gias eficazes e empenhadas.\" \/>\n<meta property=\"og:url\" content=\"https:\/\/www.alumni.space\/pt-pt\/alumni-como-aumentar-o-teu-sentimento-de-pertenca-depois-de-teres-partido\/\" \/>\n<meta property=\"og:site_name\" content=\"Alumni.space\" \/>\n<meta property=\"article:published_time\" content=\"2025-05-11T22:02:46+00:00\" \/>\n<meta property=\"article:modified_time\" content=\"2026-03-28T10:42:12+00:00\" \/>\n<meta property=\"og:image\" content=\"https:\/\/www.alumni.space\/wp-content\/uploads\/2026\/03\/Alumni-comment-booster-le-sentiment-dappartenance-apres-le-depart.jpg\" \/>\n\t<meta property=\"og:image:width\" content=\"1344\" \/>\n\t<meta property=\"og:image:height\" content=\"768\" \/>\n\t<meta property=\"og:image:type\" content=\"image\/jpeg\" \/>\n<meta name=\"author\" content=\"admin\" \/>\n<meta name=\"twitter:card\" content=\"summary_large_image\" \/>\n<meta name=\"twitter:label1\" content=\"Escrito por\" \/>\n\t<meta name=\"twitter:data1\" content=\"admin\" \/>\n\t<meta name=\"twitter:label2\" content=\"Tempo estimado de leitura\" \/>\n\t<meta name=\"twitter:data2\" content=\"5 minutos\" \/>\n<script type=\"application\/ld+json\" class=\"yoast-schema-graph\">{\"@context\":\"https:\\\/\\\/schema.org\",\"@graph\":[{\"@type\":\"Article\",\"@id\":\"https:\\\/\\\/www.alumni.space\\\/pt-pt\\\/alumni-como-aumentar-o-teu-sentimento-de-pertenca-depois-de-teres-partido\\\/#article\",\"isPartOf\":{\"@id\":\"https:\\\/\\\/www.alumni.space\\\/pt-pt\\\/alumni-como-aumentar-o-teu-sentimento-de-pertenca-depois-de-teres-partido\\\/\"},\"author\":{\"name\":\"admin\",\"@id\":\"https:\\\/\\\/www.alumni.space\\\/pt-pt\\\/#\\\/schema\\\/person\\\/fede362a57876edda476a61f05ce5b15\"},\"headline\":\"Alumni: como aumentar o teu sentimento de perten\u00e7a depois de teres partido\",\"datePublished\":\"2025-05-11T22:02:46+00:00\",\"dateModified\":\"2026-03-28T10:42:12+00:00\",\"mainEntityOfPage\":{\"@id\":\"https:\\\/\\\/www.alumni.space\\\/pt-pt\\\/alumni-como-aumentar-o-teu-sentimento-de-pertenca-depois-de-teres-partido\\\/\"},\"wordCount\":940,\"image\":{\"@id\":\"https:\\\/\\\/www.alumni.space\\\/pt-pt\\\/alumni-como-aumentar-o-teu-sentimento-de-pertenca-depois-de-teres-partido\\\/#primaryimage\"},\"thumbnailUrl\":\"https:\\\/\\\/www.alumni.space\\\/wp-content\\\/uploads\\\/2026\\\/03\\\/Alumni-comment-booster-le-sentiment-dappartenance-apres-le-depart.jpg\",\"articleSection\":[\"Antigos alunos\"],\"inLanguage\":\"pt-PT\"},{\"@type\":\"WebPage\",\"@id\":\"https:\\\/\\\/www.alumni.space\\\/pt-pt\\\/alumni-como-aumentar-o-teu-sentimento-de-pertenca-depois-de-teres-partido\\\/\",\"url\":\"https:\\\/\\\/www.alumni.space\\\/pt-pt\\\/alumni-como-aumentar-o-teu-sentimento-de-pertenca-depois-de-teres-partido\\\/\",\"name\":\"Alumni: refor\u00e7ar o sentimento de perten\u00e7a depois de teres partido\",\"isPartOf\":{\"@id\":\"https:\\\/\\\/www.alumni.space\\\/pt-pt\\\/#website\"},\"primaryImageOfPage\":{\"@id\":\"https:\\\/\\\/www.alumni.space\\\/pt-pt\\\/alumni-como-aumentar-o-teu-sentimento-de-pertenca-depois-de-teres-partido\\\/#primaryimage\"},\"image\":{\"@id\":\"https:\\\/\\\/www.alumni.space\\\/pt-pt\\\/alumni-como-aumentar-o-teu-sentimento-de-pertenca-depois-de-teres-partido\\\/#primaryimage\"},\"thumbnailUrl\":\"https:\\\/\\\/www.alumni.space\\\/wp-content\\\/uploads\\\/2026\\\/03\\\/Alumni-comment-booster-le-sentiment-dappartenance-apres-le-depart.jpg\",\"datePublished\":\"2025-05-11T22:02:46+00:00\",\"dateModified\":\"2026-03-28T10:42:12+00:00\",\"author\":{\"@id\":\"https:\\\/\\\/www.alumni.space\\\/pt-pt\\\/#\\\/schema\\\/person\\\/fede362a57876edda476a61f05ce5b15\"},\"description\":\"Descobre como refor\u00e7ar os la\u00e7os e o sentimento de perten\u00e7a entre os antigos alunos ap\u00f3s a sua partida atrav\u00e9s de estrat\u00e9gias eficazes e empenhadas.\",\"breadcrumb\":{\"@id\":\"https:\\\/\\\/www.alumni.space\\\/pt-pt\\\/alumni-como-aumentar-o-teu-sentimento-de-pertenca-depois-de-teres-partido\\\/#breadcrumb\"},\"inLanguage\":\"pt-PT\",\"potentialAction\":[{\"@type\":\"ReadAction\",\"target\":[\"https:\\\/\\\/www.alumni.space\\\/pt-pt\\\/alumni-como-aumentar-o-teu-sentimento-de-pertenca-depois-de-teres-partido\\\/\"]}]},{\"@type\":\"ImageObject\",\"inLanguage\":\"pt-PT\",\"@id\":\"https:\\\/\\\/www.alumni.space\\\/pt-pt\\\/alumni-como-aumentar-o-teu-sentimento-de-pertenca-depois-de-teres-partido\\\/#primaryimage\",\"url\":\"https:\\\/\\\/www.alumni.space\\\/wp-content\\\/uploads\\\/2026\\\/03\\\/Alumni-comment-booster-le-sentiment-dappartenance-apres-le-depart.jpg\",\"contentUrl\":\"https:\\\/\\\/www.alumni.space\\\/wp-content\\\/uploads\\\/2026\\\/03\\\/Alumni-comment-booster-le-sentiment-dappartenance-apres-le-depart.jpg\",\"width\":1344,\"height\":768,\"caption\":\"Descobre estrat\u00e9gias eficazes para refor\u00e7ar o sentimento de perten\u00e7a dos antigos alunos ap\u00f3s a sua partida e para manter liga\u00e7\u00f5es duradouras com a sua comunidade de antigos alunos.\"},{\"@type\":\"BreadcrumbList\",\"@id\":\"https:\\\/\\\/www.alumni.space\\\/pt-pt\\\/alumni-como-aumentar-o-teu-sentimento-de-pertenca-depois-de-teres-partido\\\/#breadcrumb\",\"itemListElement\":[{\"@type\":\"ListItem\",\"position\":1,\"name\":\"Home\",\"item\":\"https:\\\/\\\/www.alumni.space\\\/pt-pt\\\/plataforma-de-gestao-de-mentores-e-antigos-alunos\\\/\"},{\"@type\":\"ListItem\",\"position\":2,\"name\":\"Alumni: como aumentar o teu sentimento de perten\u00e7a depois de teres partido\"}]},{\"@type\":\"WebSite\",\"@id\":\"https:\\\/\\\/www.alumni.space\\\/pt-pt\\\/#website\",\"url\":\"https:\\\/\\\/www.alumni.space\\\/pt-pt\\\/\",\"name\":\"Alumni.space\",\"description\":\"My WordPress Blog\",\"potentialAction\":[{\"@type\":\"SearchAction\",\"target\":{\"@type\":\"EntryPoint\",\"urlTemplate\":\"https:\\\/\\\/www.alumni.space\\\/pt-pt\\\/?s={search_term_string}\"},\"query-input\":{\"@type\":\"PropertyValueSpecification\",\"valueRequired\":true,\"valueName\":\"search_term_string\"}}],\"inLanguage\":\"pt-PT\"},{\"@type\":\"Person\",\"@id\":\"https:\\\/\\\/www.alumni.space\\\/pt-pt\\\/#\\\/schema\\\/person\\\/fede362a57876edda476a61f05ce5b15\",\"name\":\"admin\",\"image\":{\"@type\":\"ImageObject\",\"inLanguage\":\"pt-PT\",\"@id\":\"https:\\\/\\\/secure.gravatar.com\\\/avatar\\\/318e234ae94f90d4d629428d6b983c08e31181c28f579e08a021180d759ea651?s=96&d=mm&r=g\",\"url\":\"https:\\\/\\\/secure.gravatar.com\\\/avatar\\\/318e234ae94f90d4d629428d6b983c08e31181c28f579e08a021180d759ea651?s=96&d=mm&r=g\",\"contentUrl\":\"https:\\\/\\\/secure.gravatar.com\\\/avatar\\\/318e234ae94f90d4d629428d6b983c08e31181c28f579e08a021180d759ea651?s=96&d=mm&r=g\",\"caption\":\"admin\"},\"description\":\"Nicolas Laustriat a construit sa sp\u00e9cialit\u00e9 sur un sujet que beaucoup d\u2019organisations d\u00e9couvrent trop tard : ce qui dispara\u00eet quand les gens partent. Dipl\u00f4m\u00e9 en conception de produit industriel, il bifurque vers le digital fin 1996, il couvre les transformations marques, RH, la fid\u00e9lisation, la marque employeur. Sur le terrain, il rep\u00e8re un angle mort r\u00e9current : l\u2019entreprise investit dans le recrutement, la formation, les process\u2026 puis laisse filer le lien au moment du d\u00e9part, avec une perte de savoir et d\u2019influence qui se paie en silence. Il se sp\u00e9cialise alors sur les communaut\u00e9s d\u2019alumni, le mentorat, l\u2019entraide interg\u00e9n\u00e9rationnelle et la transmission d\u2019expertise. Il passe du \u201cconstat\u201d aux m\u00e9thodes : animation, gouvernance, segmentation, rituels, mesure d\u2019engagement, articulation avec la RSE et l\u2019employabilit\u00e9. Il interviewe DRH, responsables formation, directions d\u2019\u00e9coles, associations et fondations, avec une obsession : transformer un r\u00e9seau dormant en m\u00e9canisme utile (cooptation, mentorat, job board, entraide, \u00e9v\u00e9nements, contenus). Son style : direct, orient\u00e9 action, sans folklore. Sa conviction : une communaut\u00e9 n\u2019a pas besoin de bruit, elle a besoin de raisons de revenir.\",\"sameAs\":[\"https:\\\/\\\/www.alumni.space\"]}]}<\/script>\n<!-- \/ Yoast SEO plugin. -->","yoast_head_json":{"title":"Alumni: refor\u00e7ar o sentimento de perten\u00e7a depois de teres partido","description":"Descobre como refor\u00e7ar os la\u00e7os e o sentimento de perten\u00e7a entre os antigos alunos ap\u00f3s a sua partida atrav\u00e9s de estrat\u00e9gias eficazes e empenhadas.","robots":{"index":"index","follow":"follow","max-snippet":"max-snippet:-1","max-image-preview":"max-image-preview:large","max-video-preview":"max-video-preview:-1"},"canonical":"https:\/\/www.alumni.space\/pt-pt\/alumni-como-aumentar-o-teu-sentimento-de-pertenca-depois-de-teres-partido\/","og_locale":"pt_PT","og_type":"article","og_title":"Alumni: refor\u00e7ar o sentimento de perten\u00e7a depois de teres partido","og_description":"Descobre como refor\u00e7ar os la\u00e7os e o sentimento de perten\u00e7a entre os antigos alunos ap\u00f3s a sua partida atrav\u00e9s de estrat\u00e9gias eficazes e empenhadas.","og_url":"https:\/\/www.alumni.space\/pt-pt\/alumni-como-aumentar-o-teu-sentimento-de-pertenca-depois-de-teres-partido\/","og_site_name":"Alumni.space","article_published_time":"2025-05-11T22:02:46+00:00","article_modified_time":"2026-03-28T10:42:12+00:00","og_image":[{"width":1344,"height":768,"url":"https:\/\/www.alumni.space\/wp-content\/uploads\/2026\/03\/Alumni-comment-booster-le-sentiment-dappartenance-apres-le-depart.jpg","type":"image\/jpeg"}],"author":"admin","twitter_card":"summary_large_image","twitter_misc":{"Escrito por":"admin","Tempo estimado de leitura":"5 minutos"},"schema":{"@context":"https:\/\/schema.org","@graph":[{"@type":"Article","@id":"https:\/\/www.alumni.space\/pt-pt\/alumni-como-aumentar-o-teu-sentimento-de-pertenca-depois-de-teres-partido\/#article","isPartOf":{"@id":"https:\/\/www.alumni.space\/pt-pt\/alumni-como-aumentar-o-teu-sentimento-de-pertenca-depois-de-teres-partido\/"},"author":{"name":"admin","@id":"https:\/\/www.alumni.space\/pt-pt\/#\/schema\/person\/fede362a57876edda476a61f05ce5b15"},"headline":"Alumni: como aumentar o teu sentimento de perten\u00e7a depois de teres partido","datePublished":"2025-05-11T22:02:46+00:00","dateModified":"2026-03-28T10:42:12+00:00","mainEntityOfPage":{"@id":"https:\/\/www.alumni.space\/pt-pt\/alumni-como-aumentar-o-teu-sentimento-de-pertenca-depois-de-teres-partido\/"},"wordCount":940,"image":{"@id":"https:\/\/www.alumni.space\/pt-pt\/alumni-como-aumentar-o-teu-sentimento-de-pertenca-depois-de-teres-partido\/#primaryimage"},"thumbnailUrl":"https:\/\/www.alumni.space\/wp-content\/uploads\/2026\/03\/Alumni-comment-booster-le-sentiment-dappartenance-apres-le-depart.jpg","articleSection":["Antigos alunos"],"inLanguage":"pt-PT"},{"@type":"WebPage","@id":"https:\/\/www.alumni.space\/pt-pt\/alumni-como-aumentar-o-teu-sentimento-de-pertenca-depois-de-teres-partido\/","url":"https:\/\/www.alumni.space\/pt-pt\/alumni-como-aumentar-o-teu-sentimento-de-pertenca-depois-de-teres-partido\/","name":"Alumni: refor\u00e7ar o sentimento de perten\u00e7a depois de teres partido","isPartOf":{"@id":"https:\/\/www.alumni.space\/pt-pt\/#website"},"primaryImageOfPage":{"@id":"https:\/\/www.alumni.space\/pt-pt\/alumni-como-aumentar-o-teu-sentimento-de-pertenca-depois-de-teres-partido\/#primaryimage"},"image":{"@id":"https:\/\/www.alumni.space\/pt-pt\/alumni-como-aumentar-o-teu-sentimento-de-pertenca-depois-de-teres-partido\/#primaryimage"},"thumbnailUrl":"https:\/\/www.alumni.space\/wp-content\/uploads\/2026\/03\/Alumni-comment-booster-le-sentiment-dappartenance-apres-le-depart.jpg","datePublished":"2025-05-11T22:02:46+00:00","dateModified":"2026-03-28T10:42:12+00:00","author":{"@id":"https:\/\/www.alumni.space\/pt-pt\/#\/schema\/person\/fede362a57876edda476a61f05ce5b15"},"description":"Descobre como refor\u00e7ar os la\u00e7os e o sentimento de perten\u00e7a entre os antigos alunos ap\u00f3s a sua partida atrav\u00e9s de estrat\u00e9gias eficazes e empenhadas.","breadcrumb":{"@id":"https:\/\/www.alumni.space\/pt-pt\/alumni-como-aumentar-o-teu-sentimento-de-pertenca-depois-de-teres-partido\/#breadcrumb"},"inLanguage":"pt-PT","potentialAction":[{"@type":"ReadAction","target":["https:\/\/www.alumni.space\/pt-pt\/alumni-como-aumentar-o-teu-sentimento-de-pertenca-depois-de-teres-partido\/"]}]},{"@type":"ImageObject","inLanguage":"pt-PT","@id":"https:\/\/www.alumni.space\/pt-pt\/alumni-como-aumentar-o-teu-sentimento-de-pertenca-depois-de-teres-partido\/#primaryimage","url":"https:\/\/www.alumni.space\/wp-content\/uploads\/2026\/03\/Alumni-comment-booster-le-sentiment-dappartenance-apres-le-depart.jpg","contentUrl":"https:\/\/www.alumni.space\/wp-content\/uploads\/2026\/03\/Alumni-comment-booster-le-sentiment-dappartenance-apres-le-depart.jpg","width":1344,"height":768,"caption":"Descobre estrat\u00e9gias eficazes para refor\u00e7ar o sentimento de perten\u00e7a dos antigos alunos ap\u00f3s a sua partida e para manter liga\u00e7\u00f5es duradouras com a sua comunidade de antigos alunos."},{"@type":"BreadcrumbList","@id":"https:\/\/www.alumni.space\/pt-pt\/alumni-como-aumentar-o-teu-sentimento-de-pertenca-depois-de-teres-partido\/#breadcrumb","itemListElement":[{"@type":"ListItem","position":1,"name":"Home","item":"https:\/\/www.alumni.space\/pt-pt\/plataforma-de-gestao-de-mentores-e-antigos-alunos\/"},{"@type":"ListItem","position":2,"name":"Alumni: como aumentar o teu sentimento de perten\u00e7a depois de teres partido"}]},{"@type":"WebSite","@id":"https:\/\/www.alumni.space\/pt-pt\/#website","url":"https:\/\/www.alumni.space\/pt-pt\/","name":"Alumni.space","description":"My WordPress Blog","potentialAction":[{"@type":"SearchAction","target":{"@type":"EntryPoint","urlTemplate":"https:\/\/www.alumni.space\/pt-pt\/?s={search_term_string}"},"query-input":{"@type":"PropertyValueSpecification","valueRequired":true,"valueName":"search_term_string"}}],"inLanguage":"pt-PT"},{"@type":"Person","@id":"https:\/\/www.alumni.space\/pt-pt\/#\/schema\/person\/fede362a57876edda476a61f05ce5b15","name":"admin","image":{"@type":"ImageObject","inLanguage":"pt-PT","@id":"https:\/\/secure.gravatar.com\/avatar\/318e234ae94f90d4d629428d6b983c08e31181c28f579e08a021180d759ea651?s=96&d=mm&r=g","url":"https:\/\/secure.gravatar.com\/avatar\/318e234ae94f90d4d629428d6b983c08e31181c28f579e08a021180d759ea651?s=96&d=mm&r=g","contentUrl":"https:\/\/secure.gravatar.com\/avatar\/318e234ae94f90d4d629428d6b983c08e31181c28f579e08a021180d759ea651?s=96&d=mm&r=g","caption":"admin"},"description":"Nicolas Laustriat a construit sa sp\u00e9cialit\u00e9 sur un sujet que beaucoup d\u2019organisations d\u00e9couvrent trop tard : ce qui dispara\u00eet quand les gens partent. Dipl\u00f4m\u00e9 en conception de produit industriel, il bifurque vers le digital fin 1996, il couvre les transformations marques, RH, la fid\u00e9lisation, la marque employeur. Sur le terrain, il rep\u00e8re un angle mort r\u00e9current : l\u2019entreprise investit dans le recrutement, la formation, les process\u2026 puis laisse filer le lien au moment du d\u00e9part, avec une perte de savoir et d\u2019influence qui se paie en silence. Il se sp\u00e9cialise alors sur les communaut\u00e9s d\u2019alumni, le mentorat, l\u2019entraide interg\u00e9n\u00e9rationnelle et la transmission d\u2019expertise. Il passe du \u201cconstat\u201d aux m\u00e9thodes : animation, gouvernance, segmentation, rituels, mesure d\u2019engagement, articulation avec la RSE et l\u2019employabilit\u00e9. Il interviewe DRH, responsables formation, directions d\u2019\u00e9coles, associations et fondations, avec une obsession : transformer un r\u00e9seau dormant en m\u00e9canisme utile (cooptation, mentorat, job board, entraide, \u00e9v\u00e9nements, contenus). Son style : direct, orient\u00e9 action, sans folklore. Sa conviction : une communaut\u00e9 n\u2019a pas besoin de bruit, elle a besoin de raisons de revenir.","sameAs":["https:\/\/www.alumni.space"]}]}},"_links":{"self":[{"href":"https:\/\/www.alumni.space\/pt-pt\/wp-json\/wp\/v2\/posts\/5565","targetHints":{"allow":["GET"]}}],"collection":[{"href":"https:\/\/www.alumni.space\/pt-pt\/wp-json\/wp\/v2\/posts"}],"about":[{"href":"https:\/\/www.alumni.space\/pt-pt\/wp-json\/wp\/v2\/types\/post"}],"author":[{"embeddable":true,"href":"https:\/\/www.alumni.space\/pt-pt\/wp-json\/wp\/v2\/users\/1"}],"replies":[{"embeddable":true,"href":"https:\/\/www.alumni.space\/pt-pt\/wp-json\/wp\/v2\/comments?post=5565"}],"version-history":[{"count":1,"href":"https:\/\/www.alumni.space\/pt-pt\/wp-json\/wp\/v2\/posts\/5565\/revisions"}],"predecessor-version":[{"id":5569,"href":"https:\/\/www.alumni.space\/pt-pt\/wp-json\/wp\/v2\/posts\/5565\/revisions\/5569"}],"wp:featuredmedia":[{"embeddable":true,"href":"https:\/\/www.alumni.space\/pt-pt\/wp-json\/wp\/v2\/media\/5567"}],"wp:attachment":[{"href":"https:\/\/www.alumni.space\/pt-pt\/wp-json\/wp\/v2\/media?parent=5565"}],"wp:term":[{"taxonomy":"category","embeddable":true,"href":"https:\/\/www.alumni.space\/pt-pt\/wp-json\/wp\/v2\/categories?post=5565"},{"taxonomy":"post_tag","embeddable":true,"href":"https:\/\/www.alumni.space\/pt-pt\/wp-json\/wp\/v2\/tags?post=5565"}],"curies":[{"name":"wp","href":"https:\/\/api.w.org\/{rel}","templated":true}]}}