{"id":5564,"date":"2024-03-22T17:24:05","date_gmt":"2024-03-22T17:24:05","guid":{"rendered":"https:\/\/www.alumni.space\/mentoring-um-acelerador-de-lideranca-interna\/"},"modified":"2026-03-28T10:42:06","modified_gmt":"2026-03-28T10:42:06","slug":"mentoring-um-acelerador-de-lideranca-interna","status":"publish","type":"post","link":"https:\/\/www.alumni.space\/pt-pt\/mentoring-um-acelerador-de-lideranca-interna\/","title":{"rendered":"Mentoring, um acelerador de lideran\u00e7a interna"},"content":{"rendered":"<p>Imagina Marc, um diretor de recursos humanos confrontado com um \u00eaxodo silencioso: os seus gestores mais promissores evaporam-se, levando consigo anos de know-how t\u00e1tico. A fuga de c\u00e9rebros j\u00e1 n\u00e3o \u00e9 inevit\u00e1vel, mas um sintoma de falta de coes\u00e3o interna. <strong>O mentoring<\/strong> tornou-se um <strong>acelerador indispens\u00e1vel<\/strong>, transformando uma organiza\u00e7\u00e3o est\u00e1tica numa comunidade vibrante onde o conhecimento flui sem obst\u00e1culos. Em 2026, o sucesso residir\u00e1 nesta capacidade de ligar as ambi\u00e7\u00f5es individuais aos objectivos colectivos atrav\u00e9s de <strong>um apoio<\/strong> personalizado.   <\/p><div id=\"ez-toc-container\" class=\"ez-toc-v2_0_82_2 counter-flat ez-toc-counter ez-toc-grey ez-toc-container-direction\">\n<div class=\"ez-toc-title-container\"><p class=\"ez-toc-title\" style=\"cursor:inherit\">\u00cdndice deste artigo:<\/p>\n<\/div><nav><ul class='ez-toc-list ez-toc-list-level-1 ' ><li class='ez-toc-page-1'><a class=\"ez-toc-link ez-toc-heading-1\" href=\"https:\/\/www.alumni.space\/pt-pt\/mentoring-um-acelerador-de-lideranca-interna\/#A_transformacao_das_organizacoes_para_a_partilha_de_conhecimentos\" >A transforma\u00e7\u00e3o das organiza\u00e7\u00f5es para a partilha de conhecimentos<\/a><\/li><li class='ez-toc-page-1'><a class=\"ez-toc-link ez-toc-heading-2\" href=\"https:\/\/www.alumni.space\/pt-pt\/mentoring-um-acelerador-de-lideranca-interna\/#Despertar_o_potencial_atraves_da_interacao_humana\" >Despertar o potencial atrav\u00e9s da intera\u00e7\u00e3o humana<\/a><\/li><li class='ez-toc-page-1'><a class=\"ez-toc-link ez-toc-heading-3\" href=\"https:\/\/www.alumni.space\/pt-pt\/mentoring-um-acelerador-de-lideranca-interna\/#O_papel_central_da_plataforma_alumnispace\" >O papel central da plataforma alumni.space<\/a><\/li><li class='ez-toc-page-1'><a class=\"ez-toc-link ez-toc-heading-4\" href=\"https:\/\/www.alumni.space\/pt-pt\/mentoring-um-acelerador-de-lideranca-interna\/#Medir_a_excelencia_e_a_lealdade\" >Medir a excel\u00eancia e a lealdade<\/a><\/li><li class='ez-toc-page-1'><a class=\"ez-toc-link ez-toc-heading-5\" href=\"https:\/\/www.alumni.space\/pt-pt\/mentoring-um-acelerador-de-lideranca-interna\/#O_intra-empreendedorismo_e_o_futuro_da_cultura_empresarial\" >O intra-empreendedorismo e o futuro da cultura empresarial<\/a><\/li><\/ul><\/nav><\/div>\n<h2 class=\"wp-block-heading\"><span class=\"ez-toc-section\" id=\"A_transformacao_das_organizacoes_para_a_partilha_de_conhecimentos\"><\/span>A transforma\u00e7\u00e3o das organiza\u00e7\u00f5es para a partilha de conhecimentos<span class=\"ez-toc-section-end\"><\/span><\/h2><p>Os dias da transfer\u00eancia informal de conhecimentos atrav\u00e9s de uma m\u00e1quina de caf\u00e9 acabaram. As estruturas modernas exigem uma abordagem met\u00f3dica para garantir que os conhecimentos cr\u00edticos sejam <strong>transmitidos<\/strong> sem problemas. A ado\u00e7\u00e3o de uma abordagem estruturada incentiva o aparecimento de novos rostos capazes de levar adiante a vis\u00e3o da empresa. Esta alquimia de experi\u00eancia e frescura estimula a inova\u00e7\u00e3o, salvaguardando o patrim\u00f3nio intelectual da marca. Os decisores s\u00e1bios v\u00eaem nisto uma oportunidade para consolidar a sua <strong>lideran\u00e7a<\/strong>, construindo sobre bases s\u00f3lidas.    <\/p><figure class=\"wp-block-image size-full\"><img decoding=\"async\" width=\"1280\" height=\"768\" src=\"https:\/\/www.alumni.space\/wp-content\/uploads\/2026\/03\/Le-mentorat-un-accelerateur-de-leadership-en-interne-1.jpg\" data-orig-src=\"https:\/\/www.alumni.space\/wp-content\/uploads\/2026\/03\/Le-mentorat-un-accelerateur-de-leadership-en-interne-1.jpg\" alt=\"descobre como o mentoring funciona como uma poderosa alavanca para desenvolver a lideran\u00e7a na tua empresa e estimular o crescimento interno.\" class=\"lazyload wp-image-3489\" srcset=\"data:image\/svg+xml,%3Csvg%20xmlns%3D%27http%3A%2F%2Fwww.w3.org%2F2000%2Fsvg%27%20width%3D%271280%27%20height%3D%27768%27%20viewBox%3D%270%200%201280%20768%27%3E%3Crect%20width%3D%271280%27%20height%3D%27768%27%20fill-opacity%3D%220%22%2F%3E%3C%2Fsvg%3E\" data-srcset=\"https:\/\/www.alumni.space\/wp-content\/uploads\/2026\/03\/Le-mentorat-un-accelerateur-de-leadership-en-interne-1-200x120.jpg 200w, https:\/\/www.alumni.space\/wp-content\/uploads\/2026\/03\/Le-mentorat-un-accelerateur-de-leadership-en-interne-1-300x180.jpg 300w, https:\/\/www.alumni.space\/wp-content\/uploads\/2026\/03\/Le-mentorat-un-accelerateur-de-leadership-en-interne-1-400x240.jpg 400w, https:\/\/www.alumni.space\/wp-content\/uploads\/2026\/03\/Le-mentorat-un-accelerateur-de-leadership-en-interne-1-600x360.jpg 600w, https:\/\/www.alumni.space\/wp-content\/uploads\/2026\/03\/Le-mentorat-un-accelerateur-de-leadership-en-interne-1-768x461.jpg 768w, https:\/\/www.alumni.space\/wp-content\/uploads\/2026\/03\/Le-mentorat-un-accelerateur-de-leadership-en-interne-1-800x480.jpg 800w, https:\/\/www.alumni.space\/wp-content\/uploads\/2026\/03\/Le-mentorat-un-accelerateur-de-leadership-en-interne-1-1024x614.jpg 1024w, https:\/\/www.alumni.space\/wp-content\/uploads\/2026\/03\/Le-mentorat-un-accelerateur-de-leadership-en-interne-1-1200x720.jpg 1200w, https:\/\/www.alumni.space\/wp-content\/uploads\/2026\/03\/Le-mentorat-un-accelerateur-de-leadership-en-interne-1.jpg 1280w\" data-sizes=\"auto\" data-orig-sizes=\"(max-width: 1280px) 100vw, 1280px\" \/><\/figure><h3 class=\"wp-block-heading\"><span class=\"ez-toc-section\" id=\"Despertar_o_potencial_atraves_da_interacao_humana\"><\/span>Despertar o potencial atrav\u00e9s da intera\u00e7\u00e3o humana<span class=\"ez-toc-section-end\"><\/span><\/h3><p>Um jovem gestor ganha confian\u00e7a quando um colega experiente lhe abre as portas da sua rede e descodifica as quest\u00f5es pol\u00edticas internas. Esta rela\u00e7\u00e3o privilegiada ultrapassa a mera forma\u00e7\u00e3o t\u00e9cnica para abranger um profundo <strong>desenvolvimento pessoal<\/strong>. O mentorado aperfei\u00e7oa a sua capacidade de decis\u00e3o, torna-se mais resiliente perante as crises e aumenta a sua agilidade estrat\u00e9gica. O mentor, por seu lado, redescobre a sua pr\u00f3pria experi\u00eancia a partir de um novo \u00e2ngulo, mantendo-se a par das \u00faltimas tend\u00eancias gra\u00e7as a esta perspetiva externa. Este bin\u00f3mio din\u00e2mico representa um <strong>crescimento profissional<\/strong> partilhado.    <\/p><h2 class=\"wp-block-heading\"><span class=\"ez-toc-section\" id=\"O_papel_central_da_plataforma_alumnispace\"><\/span>O papel central da plataforma alumni.space<span class=\"ez-toc-section-end\"><\/span><\/h2><p>Gerir centenas de pares numa simples folha de c\u00e1lculo condena qualquer programa ao fracasso operacional. A utiliza\u00e7\u00e3o de uma plataforma SaaS especializada, como a alumni.space, transforma a gest\u00e3o de talentos numa experi\u00eancia fluida e automatizada. Centraliza os perfis, gere os eventos e facilita o matchmaking inteligente com base nas necessidades reais. Ao industrializar estes processos, a organiza\u00e7\u00e3o poupa tempo precioso e assegura <strong>um compromisso<\/strong> duradouro dos seus membros. A tecnologia torna-se o bra\u00e7o humano na constru\u00e7\u00e3o de uma cultura s\u00f3lida.    <\/p><p>Ultrapassar o quadro jur\u00eddico do contrato de trabalho ancora a organiza\u00e7\u00e3o numa abordagem de progresso sustent\u00e1vel. A transmiss\u00e3o de conhecimentos de uma gera\u00e7\u00e3o para a seguinte e o apoio ao desenvolvimento de carreiras s\u00e3o benef\u00edcios tang\u00edveis para a sociedade. Este mecanismo capitaliza a experi\u00eancia dos antigos trabalhadores, evitando a perda de conhecimentos valiosos. A reputa\u00e7\u00e3o do empregador ganha prest\u00edgio: a integra\u00e7\u00e3o torna-se qualitativa, os percursos profissionais aceleram-se e a rede interna torna-se uma poderosa alavanca de promo\u00e7\u00e3o. Os gestores podem orientar esta din\u00e2mica atrav\u00e9s de indicadores de acompanhamento precisos, articulando pol\u00edticas de recursos humanos e <strong>estrat\u00e9gias de desenvolvimento de talentos<\/strong>.    <\/p><h3 class=\"wp-block-heading\"><span class=\"ez-toc-section\" id=\"Medir_a_excelencia_e_a_lealdade\"><\/span>Medir a excel\u00eancia e a lealdade<span class=\"ez-toc-section-end\"><\/span><\/h3><p>O sucesso de um programa deste tipo pode ser visto nos n\u00fameros: uma redu\u00e7\u00e3o da rota\u00e7\u00e3o do pessoal, uma acelera\u00e7\u00e3o das promo\u00e7\u00f5es internas e um aumento da satisfa\u00e7\u00e3o geral. A implementa\u00e7\u00e3o de ferramentas para <a href=\"https:\/\/www.alumni.space\/pt-pt\/mentoring-uma-poderosa-alavanca-para-o-desempenho\/\">medir o impacto da tutoria<\/a> significa que a <strong>estrat\u00e9gia global de RH<\/strong> pode ser ajustada numa base cont\u00ednua. As empresas que investem nestes sistemas registam uma melhor integra\u00e7\u00e3o dos rec\u00e9m-chegados e uma coopta\u00e7\u00e3o mais eficaz. O sentimento de perten\u00e7a \u00e9 refor\u00e7ado, transformando cada colaborador num embaixador cred\u00edvel da cultura da empresa. Para as organiza\u00e7\u00f5es que procuram <a href=\"https:\/\/www.babyloneconsulting.fr\/nos-articles\/mentorat-et-coaching-developper-les-futurs-leaders-en-interne-pour-assurer-la-releve-manageriale\/\">assegurar a pr\u00f3xima gera\u00e7\u00e3o de gestores<\/a>, a plataforma oferece uma visibilidade total sobre o conjunto de <strong>compet\u00eancias<\/strong> dispon\u00edveis.    <\/p><h2 class=\"wp-block-heading\"><span class=\"ez-toc-section\" id=\"O_intra-empreendedorismo_e_o_futuro_da_cultura_empresarial\"><\/span>O intra-empreendedorismo e o futuro da cultura empresarial<span class=\"ez-toc-section-end\"><\/span><\/h2><p>Incentivar<strong>o intra-empreendedorismo<\/strong> atrav\u00e9s do apoio dos pares estimula a tomada de iniciativas e a ousadia criativa. Os colaboradores sentem-se com poder para apresentar ideias disruptivas quando t\u00eam o apoio de um conselheiro de confian\u00e7a. Esta din\u00e2mica d\u00e1 uma nova energia \u00e0s equipas, quebrando os tradicionais silos hier\u00e1rquicos em favor de uma maior intelig\u00eancia colectiva. Os futuros l\u00edderes n\u00e3o nascem por acaso; s\u00e3o forjados neste ambiente de cuidado e ambi\u00e7\u00e3o. A tutoria torna-se a pedra angular de uma organiza\u00e7\u00e3o resiliente, pronta a enfrentar os desafios de amanh\u00e3 com confian\u00e7a e compet\u00eancia.    <\/p><p>Passar de uma gest\u00e3o manual para uma anima\u00e7\u00e3o comunit\u00e1ria \u00e1gil \u00e9 o grande desafio para os pr\u00f3ximos meses. Automatizar os rituais de interc\u00e2mbio evita que o programa se esgote e garante uma qualidade constante da intera\u00e7\u00e3o. Se o objetivo continua a ser o de aproximar as pessoas e ajud\u00e1-las a crescer, a utiliza\u00e7\u00e3o de uma ferramenta espec\u00edfica transforma esta ambi\u00e7\u00e3o numa realidade quotidiana. Cada hora de mentoria registada representa um investimento direto no futuro a longo prazo da organiza\u00e7\u00e3o. Para dar uma nova dimens\u00e3o \u00e0s tuas redes internas, o processo come\u00e7a com a escolha de um parceiro tecnol\u00f3gico capaz de apoiar a tua vis\u00e3o.    <\/p><p>Solicita uma demonstra\u00e7\u00e3o<\/p>","protected":false},"excerpt":{"rendered":"<p>Imagina Marc, um diretor de recursos humanos confrontado com um  [&#8230;]<\/p>\n","protected":false},"author":1,"featured_media":5566,"comment_status":"closed","ping_status":"closed","sticky":false,"template":"","format":"standard","meta":{"_ayudawp_aiss_exclude":false,"footnotes":""},"categories":[68],"tags":[],"class_list":["post-5564","post","type-post","status-publish","format-standard","has-post-thumbnail","hentry","category-mentoria"],"yoast_head":"<!-- This site is optimized with the Yoast SEO plugin v27.4 - https:\/\/yoast.com\/product\/yoast-seo-wordpress\/ -->\n<title>Mentoria: impulsiona a lideran\u00e7a interna<\/title>\n<meta name=\"description\" content=\"Descobre como o mentoring promove o desenvolvimento da lideran\u00e7a interna e impulsiona o crescimento do talento na tua empresa.\" \/>\n<meta name=\"robots\" content=\"index, follow, max-snippet:-1, max-image-preview:large, max-video-preview:-1\" \/>\n<link rel=\"canonical\" href=\"https:\/\/www.alumni.space\/pt-pt\/mentoring-um-acelerador-de-lideranca-interna\/\" \/>\n<meta property=\"og:locale\" content=\"pt_PT\" \/>\n<meta property=\"og:type\" content=\"article\" \/>\n<meta property=\"og:title\" content=\"Mentoria: impulsiona a lideran\u00e7a interna\" \/>\n<meta property=\"og:description\" content=\"Descobre como o mentoring promove o desenvolvimento da lideran\u00e7a interna e impulsiona o crescimento do talento na tua empresa.\" \/>\n<meta property=\"og:url\" content=\"https:\/\/www.alumni.space\/pt-pt\/mentoring-um-acelerador-de-lideranca-interna\/\" \/>\n<meta property=\"og:site_name\" content=\"Alumni.space\" \/>\n<meta property=\"article:published_time\" content=\"2024-03-22T17:24:05+00:00\" \/>\n<meta property=\"article:modified_time\" content=\"2026-03-28T10:42:06+00:00\" \/>\n<meta property=\"og:image\" content=\"https:\/\/www.alumni.space\/wp-content\/uploads\/2026\/03\/Le-mentorat-un-accelerateur-de-leadership-en-interne.jpg\" \/>\n\t<meta property=\"og:image:width\" content=\"1280\" \/>\n\t<meta property=\"og:image:height\" content=\"768\" \/>\n\t<meta property=\"og:image:type\" content=\"image\/jpeg\" \/>\n<meta name=\"author\" content=\"admin\" \/>\n<meta name=\"twitter:card\" content=\"summary_large_image\" \/>\n<meta name=\"twitter:label1\" content=\"Escrito por\" \/>\n\t<meta name=\"twitter:data1\" content=\"admin\" \/>\n\t<meta name=\"twitter:label2\" content=\"Tempo estimado de leitura\" \/>\n\t<meta name=\"twitter:data2\" content=\"4 minutos\" \/>\n<script type=\"application\/ld+json\" class=\"yoast-schema-graph\">{\"@context\":\"https:\\\/\\\/schema.org\",\"@graph\":[{\"@type\":\"Article\",\"@id\":\"https:\\\/\\\/www.alumni.space\\\/pt-pt\\\/mentoring-um-acelerador-de-lideranca-interna\\\/#article\",\"isPartOf\":{\"@id\":\"https:\\\/\\\/www.alumni.space\\\/pt-pt\\\/mentoring-um-acelerador-de-lideranca-interna\\\/\"},\"author\":{\"name\":\"admin\",\"@id\":\"https:\\\/\\\/www.alumni.space\\\/pt-pt\\\/#\\\/schema\\\/person\\\/fede362a57876edda476a61f05ce5b15\"},\"headline\":\"Mentoring, um acelerador de lideran\u00e7a interna\",\"datePublished\":\"2024-03-22T17:24:05+00:00\",\"dateModified\":\"2026-03-28T10:42:06+00:00\",\"mainEntityOfPage\":{\"@id\":\"https:\\\/\\\/www.alumni.space\\\/pt-pt\\\/mentoring-um-acelerador-de-lideranca-interna\\\/\"},\"wordCount\":897,\"image\":{\"@id\":\"https:\\\/\\\/www.alumni.space\\\/pt-pt\\\/mentoring-um-acelerador-de-lideranca-interna\\\/#primaryimage\"},\"thumbnailUrl\":\"https:\\\/\\\/www.alumni.space\\\/wp-content\\\/uploads\\\/2026\\\/03\\\/Le-mentorat-un-accelerateur-de-leadership-en-interne.jpg\",\"articleSection\":[\"Mentoria\"],\"inLanguage\":\"pt-PT\"},{\"@type\":\"WebPage\",\"@id\":\"https:\\\/\\\/www.alumni.space\\\/pt-pt\\\/mentoring-um-acelerador-de-lideranca-interna\\\/\",\"url\":\"https:\\\/\\\/www.alumni.space\\\/pt-pt\\\/mentoring-um-acelerador-de-lideranca-interna\\\/\",\"name\":\"Mentoria: impulsiona a lideran\u00e7a interna\",\"isPartOf\":{\"@id\":\"https:\\\/\\\/www.alumni.space\\\/pt-pt\\\/#website\"},\"primaryImageOfPage\":{\"@id\":\"https:\\\/\\\/www.alumni.space\\\/pt-pt\\\/mentoring-um-acelerador-de-lideranca-interna\\\/#primaryimage\"},\"image\":{\"@id\":\"https:\\\/\\\/www.alumni.space\\\/pt-pt\\\/mentoring-um-acelerador-de-lideranca-interna\\\/#primaryimage\"},\"thumbnailUrl\":\"https:\\\/\\\/www.alumni.space\\\/wp-content\\\/uploads\\\/2026\\\/03\\\/Le-mentorat-un-accelerateur-de-leadership-en-interne.jpg\",\"datePublished\":\"2024-03-22T17:24:05+00:00\",\"dateModified\":\"2026-03-28T10:42:06+00:00\",\"author\":{\"@id\":\"https:\\\/\\\/www.alumni.space\\\/pt-pt\\\/#\\\/schema\\\/person\\\/fede362a57876edda476a61f05ce5b15\"},\"description\":\"Descobre como o mentoring promove o desenvolvimento da lideran\u00e7a interna e impulsiona o crescimento do talento na tua empresa.\",\"breadcrumb\":{\"@id\":\"https:\\\/\\\/www.alumni.space\\\/pt-pt\\\/mentoring-um-acelerador-de-lideranca-interna\\\/#breadcrumb\"},\"inLanguage\":\"pt-PT\",\"potentialAction\":[{\"@type\":\"ReadAction\",\"target\":[\"https:\\\/\\\/www.alumni.space\\\/pt-pt\\\/mentoring-um-acelerador-de-lideranca-interna\\\/\"]}]},{\"@type\":\"ImageObject\",\"inLanguage\":\"pt-PT\",\"@id\":\"https:\\\/\\\/www.alumni.space\\\/pt-pt\\\/mentoring-um-acelerador-de-lideranca-interna\\\/#primaryimage\",\"url\":\"https:\\\/\\\/www.alumni.space\\\/wp-content\\\/uploads\\\/2026\\\/03\\\/Le-mentorat-un-accelerateur-de-leadership-en-interne.jpg\",\"contentUrl\":\"https:\\\/\\\/www.alumni.space\\\/wp-content\\\/uploads\\\/2026\\\/03\\\/Le-mentorat-un-accelerateur-de-leadership-en-interne.jpg\",\"width\":1280,\"height\":768,\"caption\":\"descobre como o mentoring funciona como uma poderosa alavanca para o desenvolvimento da lideran\u00e7a na tua empresa, incentivando a transmiss\u00e3o de compet\u00eancias e o empowerment dos colaboradores.\"},{\"@type\":\"BreadcrumbList\",\"@id\":\"https:\\\/\\\/www.alumni.space\\\/pt-pt\\\/mentoring-um-acelerador-de-lideranca-interna\\\/#breadcrumb\",\"itemListElement\":[{\"@type\":\"ListItem\",\"position\":1,\"name\":\"Home\",\"item\":\"https:\\\/\\\/www.alumni.space\\\/pt-pt\\\/plataforma-de-gestao-de-mentores-e-antigos-alunos\\\/\"},{\"@type\":\"ListItem\",\"position\":2,\"name\":\"Mentoring, um acelerador de lideran\u00e7a interna\"}]},{\"@type\":\"WebSite\",\"@id\":\"https:\\\/\\\/www.alumni.space\\\/pt-pt\\\/#website\",\"url\":\"https:\\\/\\\/www.alumni.space\\\/pt-pt\\\/\",\"name\":\"Alumni.space\",\"description\":\"My WordPress Blog\",\"potentialAction\":[{\"@type\":\"SearchAction\",\"target\":{\"@type\":\"EntryPoint\",\"urlTemplate\":\"https:\\\/\\\/www.alumni.space\\\/pt-pt\\\/?s={search_term_string}\"},\"query-input\":{\"@type\":\"PropertyValueSpecification\",\"valueRequired\":true,\"valueName\":\"search_term_string\"}}],\"inLanguage\":\"pt-PT\"},{\"@type\":\"Person\",\"@id\":\"https:\\\/\\\/www.alumni.space\\\/pt-pt\\\/#\\\/schema\\\/person\\\/fede362a57876edda476a61f05ce5b15\",\"name\":\"admin\",\"image\":{\"@type\":\"ImageObject\",\"inLanguage\":\"pt-PT\",\"@id\":\"https:\\\/\\\/secure.gravatar.com\\\/avatar\\\/318e234ae94f90d4d629428d6b983c08e31181c28f579e08a021180d759ea651?s=96&d=mm&r=g\",\"url\":\"https:\\\/\\\/secure.gravatar.com\\\/avatar\\\/318e234ae94f90d4d629428d6b983c08e31181c28f579e08a021180d759ea651?s=96&d=mm&r=g\",\"contentUrl\":\"https:\\\/\\\/secure.gravatar.com\\\/avatar\\\/318e234ae94f90d4d629428d6b983c08e31181c28f579e08a021180d759ea651?s=96&d=mm&r=g\",\"caption\":\"admin\"},\"description\":\"Nicolas Laustriat a construit sa sp\u00e9cialit\u00e9 sur un sujet que beaucoup d\u2019organisations d\u00e9couvrent trop tard : ce qui dispara\u00eet quand les gens partent. Dipl\u00f4m\u00e9 en conception de produit industriel, il bifurque vers le digital fin 1996, il couvre les transformations marques, RH, la fid\u00e9lisation, la marque employeur. Sur le terrain, il rep\u00e8re un angle mort r\u00e9current : l\u2019entreprise investit dans le recrutement, la formation, les process\u2026 puis laisse filer le lien au moment du d\u00e9part, avec une perte de savoir et d\u2019influence qui se paie en silence. Il se sp\u00e9cialise alors sur les communaut\u00e9s d\u2019alumni, le mentorat, l\u2019entraide interg\u00e9n\u00e9rationnelle et la transmission d\u2019expertise. Il passe du \u201cconstat\u201d aux m\u00e9thodes : animation, gouvernance, segmentation, rituels, mesure d\u2019engagement, articulation avec la RSE et l\u2019employabilit\u00e9. Il interviewe DRH, responsables formation, directions d\u2019\u00e9coles, associations et fondations, avec une obsession : transformer un r\u00e9seau dormant en m\u00e9canisme utile (cooptation, mentorat, job board, entraide, \u00e9v\u00e9nements, contenus). Son style : direct, orient\u00e9 action, sans folklore. Sa conviction : une communaut\u00e9 n\u2019a pas besoin de bruit, elle a besoin de raisons de revenir.\",\"sameAs\":[\"https:\\\/\\\/www.alumni.space\"]}]}<\/script>\n<!-- \/ Yoast SEO plugin. -->","yoast_head_json":{"title":"Mentoria: impulsiona a lideran\u00e7a interna","description":"Descobre como o mentoring promove o desenvolvimento da lideran\u00e7a interna e impulsiona o crescimento do talento na tua empresa.","robots":{"index":"index","follow":"follow","max-snippet":"max-snippet:-1","max-image-preview":"max-image-preview:large","max-video-preview":"max-video-preview:-1"},"canonical":"https:\/\/www.alumni.space\/pt-pt\/mentoring-um-acelerador-de-lideranca-interna\/","og_locale":"pt_PT","og_type":"article","og_title":"Mentoria: impulsiona a lideran\u00e7a interna","og_description":"Descobre como o mentoring promove o desenvolvimento da lideran\u00e7a interna e impulsiona o crescimento do talento na tua empresa.","og_url":"https:\/\/www.alumni.space\/pt-pt\/mentoring-um-acelerador-de-lideranca-interna\/","og_site_name":"Alumni.space","article_published_time":"2024-03-22T17:24:05+00:00","article_modified_time":"2026-03-28T10:42:06+00:00","og_image":[{"width":1280,"height":768,"url":"https:\/\/www.alumni.space\/wp-content\/uploads\/2026\/03\/Le-mentorat-un-accelerateur-de-leadership-en-interne.jpg","type":"image\/jpeg"}],"author":"admin","twitter_card":"summary_large_image","twitter_misc":{"Escrito por":"admin","Tempo estimado de leitura":"4 minutos"},"schema":{"@context":"https:\/\/schema.org","@graph":[{"@type":"Article","@id":"https:\/\/www.alumni.space\/pt-pt\/mentoring-um-acelerador-de-lideranca-interna\/#article","isPartOf":{"@id":"https:\/\/www.alumni.space\/pt-pt\/mentoring-um-acelerador-de-lideranca-interna\/"},"author":{"name":"admin","@id":"https:\/\/www.alumni.space\/pt-pt\/#\/schema\/person\/fede362a57876edda476a61f05ce5b15"},"headline":"Mentoring, um acelerador de lideran\u00e7a interna","datePublished":"2024-03-22T17:24:05+00:00","dateModified":"2026-03-28T10:42:06+00:00","mainEntityOfPage":{"@id":"https:\/\/www.alumni.space\/pt-pt\/mentoring-um-acelerador-de-lideranca-interna\/"},"wordCount":897,"image":{"@id":"https:\/\/www.alumni.space\/pt-pt\/mentoring-um-acelerador-de-lideranca-interna\/#primaryimage"},"thumbnailUrl":"https:\/\/www.alumni.space\/wp-content\/uploads\/2026\/03\/Le-mentorat-un-accelerateur-de-leadership-en-interne.jpg","articleSection":["Mentoria"],"inLanguage":"pt-PT"},{"@type":"WebPage","@id":"https:\/\/www.alumni.space\/pt-pt\/mentoring-um-acelerador-de-lideranca-interna\/","url":"https:\/\/www.alumni.space\/pt-pt\/mentoring-um-acelerador-de-lideranca-interna\/","name":"Mentoria: impulsiona a lideran\u00e7a interna","isPartOf":{"@id":"https:\/\/www.alumni.space\/pt-pt\/#website"},"primaryImageOfPage":{"@id":"https:\/\/www.alumni.space\/pt-pt\/mentoring-um-acelerador-de-lideranca-interna\/#primaryimage"},"image":{"@id":"https:\/\/www.alumni.space\/pt-pt\/mentoring-um-acelerador-de-lideranca-interna\/#primaryimage"},"thumbnailUrl":"https:\/\/www.alumni.space\/wp-content\/uploads\/2026\/03\/Le-mentorat-un-accelerateur-de-leadership-en-interne.jpg","datePublished":"2024-03-22T17:24:05+00:00","dateModified":"2026-03-28T10:42:06+00:00","author":{"@id":"https:\/\/www.alumni.space\/pt-pt\/#\/schema\/person\/fede362a57876edda476a61f05ce5b15"},"description":"Descobre como o mentoring promove o desenvolvimento da lideran\u00e7a interna e impulsiona o crescimento do talento na tua empresa.","breadcrumb":{"@id":"https:\/\/www.alumni.space\/pt-pt\/mentoring-um-acelerador-de-lideranca-interna\/#breadcrumb"},"inLanguage":"pt-PT","potentialAction":[{"@type":"ReadAction","target":["https:\/\/www.alumni.space\/pt-pt\/mentoring-um-acelerador-de-lideranca-interna\/"]}]},{"@type":"ImageObject","inLanguage":"pt-PT","@id":"https:\/\/www.alumni.space\/pt-pt\/mentoring-um-acelerador-de-lideranca-interna\/#primaryimage","url":"https:\/\/www.alumni.space\/wp-content\/uploads\/2026\/03\/Le-mentorat-un-accelerateur-de-leadership-en-interne.jpg","contentUrl":"https:\/\/www.alumni.space\/wp-content\/uploads\/2026\/03\/Le-mentorat-un-accelerateur-de-leadership-en-interne.jpg","width":1280,"height":768,"caption":"descobre como o mentoring funciona como uma poderosa alavanca para o desenvolvimento da lideran\u00e7a na tua empresa, incentivando a transmiss\u00e3o de compet\u00eancias e o empowerment dos colaboradores."},{"@type":"BreadcrumbList","@id":"https:\/\/www.alumni.space\/pt-pt\/mentoring-um-acelerador-de-lideranca-interna\/#breadcrumb","itemListElement":[{"@type":"ListItem","position":1,"name":"Home","item":"https:\/\/www.alumni.space\/pt-pt\/plataforma-de-gestao-de-mentores-e-antigos-alunos\/"},{"@type":"ListItem","position":2,"name":"Mentoring, um acelerador de lideran\u00e7a interna"}]},{"@type":"WebSite","@id":"https:\/\/www.alumni.space\/pt-pt\/#website","url":"https:\/\/www.alumni.space\/pt-pt\/","name":"Alumni.space","description":"My WordPress Blog","potentialAction":[{"@type":"SearchAction","target":{"@type":"EntryPoint","urlTemplate":"https:\/\/www.alumni.space\/pt-pt\/?s={search_term_string}"},"query-input":{"@type":"PropertyValueSpecification","valueRequired":true,"valueName":"search_term_string"}}],"inLanguage":"pt-PT"},{"@type":"Person","@id":"https:\/\/www.alumni.space\/pt-pt\/#\/schema\/person\/fede362a57876edda476a61f05ce5b15","name":"admin","image":{"@type":"ImageObject","inLanguage":"pt-PT","@id":"https:\/\/secure.gravatar.com\/avatar\/318e234ae94f90d4d629428d6b983c08e31181c28f579e08a021180d759ea651?s=96&d=mm&r=g","url":"https:\/\/secure.gravatar.com\/avatar\/318e234ae94f90d4d629428d6b983c08e31181c28f579e08a021180d759ea651?s=96&d=mm&r=g","contentUrl":"https:\/\/secure.gravatar.com\/avatar\/318e234ae94f90d4d629428d6b983c08e31181c28f579e08a021180d759ea651?s=96&d=mm&r=g","caption":"admin"},"description":"Nicolas Laustriat a construit sa sp\u00e9cialit\u00e9 sur un sujet que beaucoup d\u2019organisations d\u00e9couvrent trop tard : ce qui dispara\u00eet quand les gens partent. Dipl\u00f4m\u00e9 en conception de produit industriel, il bifurque vers le digital fin 1996, il couvre les transformations marques, RH, la fid\u00e9lisation, la marque employeur. Sur le terrain, il rep\u00e8re un angle mort r\u00e9current : l\u2019entreprise investit dans le recrutement, la formation, les process\u2026 puis laisse filer le lien au moment du d\u00e9part, avec une perte de savoir et d\u2019influence qui se paie en silence. Il se sp\u00e9cialise alors sur les communaut\u00e9s d\u2019alumni, le mentorat, l\u2019entraide interg\u00e9n\u00e9rationnelle et la transmission d\u2019expertise. Il passe du \u201cconstat\u201d aux m\u00e9thodes : animation, gouvernance, segmentation, rituels, mesure d\u2019engagement, articulation avec la RSE et l\u2019employabilit\u00e9. Il interviewe DRH, responsables formation, directions d\u2019\u00e9coles, associations et fondations, avec une obsession : transformer un r\u00e9seau dormant en m\u00e9canisme utile (cooptation, mentorat, job board, entraide, \u00e9v\u00e9nements, contenus). Son style : direct, orient\u00e9 action, sans folklore. Sa conviction : une communaut\u00e9 n\u2019a pas besoin de bruit, elle a besoin de raisons de revenir.","sameAs":["https:\/\/www.alumni.space"]}]}},"_links":{"self":[{"href":"https:\/\/www.alumni.space\/pt-pt\/wp-json\/wp\/v2\/posts\/5564","targetHints":{"allow":["GET"]}}],"collection":[{"href":"https:\/\/www.alumni.space\/pt-pt\/wp-json\/wp\/v2\/posts"}],"about":[{"href":"https:\/\/www.alumni.space\/pt-pt\/wp-json\/wp\/v2\/types\/post"}],"author":[{"embeddable":true,"href":"https:\/\/www.alumni.space\/pt-pt\/wp-json\/wp\/v2\/users\/1"}],"replies":[{"embeddable":true,"href":"https:\/\/www.alumni.space\/pt-pt\/wp-json\/wp\/v2\/comments?post=5564"}],"version-history":[{"count":1,"href":"https:\/\/www.alumni.space\/pt-pt\/wp-json\/wp\/v2\/posts\/5564\/revisions"}],"predecessor-version":[{"id":5568,"href":"https:\/\/www.alumni.space\/pt-pt\/wp-json\/wp\/v2\/posts\/5564\/revisions\/5568"}],"wp:featuredmedia":[{"embeddable":true,"href":"https:\/\/www.alumni.space\/pt-pt\/wp-json\/wp\/v2\/media\/5566"}],"wp:attachment":[{"href":"https:\/\/www.alumni.space\/pt-pt\/wp-json\/wp\/v2\/media?parent=5564"}],"wp:term":[{"taxonomy":"category","embeddable":true,"href":"https:\/\/www.alumni.space\/pt-pt\/wp-json\/wp\/v2\/categories?post=5564"},{"taxonomy":"post_tag","embeddable":true,"href":"https:\/\/www.alumni.space\/pt-pt\/wp-json\/wp\/v2\/tags?post=5564"}],"curies":[{"name":"wp","href":"https:\/\/api.w.org\/{rel}","templated":true}]}}