{"id":5516,"date":"2024-11-12T16:28:29","date_gmt":"2024-11-12T16:28:29","guid":{"rendered":"https:\/\/www.alumni.space\/como-e-que-os-departamentos-de-rh-podem-antecipar-a-piramide-etaria\/"},"modified":"2026-03-28T10:41:28","modified_gmt":"2026-03-28T10:41:28","slug":"como-e-que-os-departamentos-de-rh-podem-antecipar-a-piramide-etaria","status":"publish","type":"post","link":"https:\/\/www.alumni.space\/pt-pt\/como-e-que-os-departamentos-de-rh-podem-antecipar-a-piramide-etaria\/","title":{"rendered":"Como \u00e9 que os departamentos de RH podem antecipar a pir\u00e2mide et\u00e1ria?"},"content":{"rendered":"<div id=\"ez-toc-container\" class=\"ez-toc-v2_0_82_2 counter-flat ez-toc-counter ez-toc-grey ez-toc-container-direction\">\n<div class=\"ez-toc-title-container\"><p class=\"ez-toc-title\" style=\"cursor:inherit\">\u00cdndice deste artigo:<\/p>\n<\/div><nav><ul class='ez-toc-list ez-toc-list-level-1 ' ><li class='ez-toc-page-1'><a class=\"ez-toc-link ez-toc-heading-1\" href=\"https:\/\/www.alumni.space\/pt-pt\/como-e-que-os-departamentos-de-rh-podem-antecipar-a-piramide-etaria\/#Compreender_a_piramide_etaria_para_uma_gestao_eficaz_do_emprego_orientada_para_o_futuro\" >Compreender a pir\u00e2mide et\u00e1ria para uma gest\u00e3o eficaz do emprego orientada para o futuro<\/a><\/li><li class='ez-toc-page-1'><a class=\"ez-toc-link ez-toc-heading-2\" href=\"https:\/\/www.alumni.space\/pt-pt\/como-e-que-os-departamentos-de-rh-podem-antecipar-a-piramide-etaria\/#Integracao_da_analise_demografica_na_estrategia_global_de_RH\" >Integra\u00e7\u00e3o da an\u00e1lise demogr\u00e1fica na estrat\u00e9gia global de RH<\/a><\/li><li class='ez-toc-page-1'><a class=\"ez-toc-link ez-toc-heading-3\" href=\"https:\/\/www.alumni.space\/pt-pt\/como-e-que-os-departamentos-de-rh-podem-antecipar-a-piramide-etaria\/#Identificar_os_riscos_e_elaborar_um_plano_de_acao_operacional_com_base_na_piramide_etaria\" >Identificar os riscos e elaborar um plano de a\u00e7\u00e3o operacional com base na pir\u00e2mide et\u00e1ria<\/a><\/li><li class='ez-toc-page-1'><a class=\"ez-toc-link ez-toc-heading-4\" href=\"https:\/\/www.alumni.space\/pt-pt\/como-e-que-os-departamentos-de-rh-podem-antecipar-a-piramide-etaria\/#Incentiva_a_colaboracao_e_a_transferencia_de_conhecimentos_para_antecipar_as_transicoes\" >Incentiva a colabora\u00e7\u00e3o e a transfer\u00eancia de conhecimentos para antecipar as transi\u00e7\u00f5es<\/a><\/li><\/ul><\/nav><\/div>\n<h2 class=\"wp-block-heading\"><span class=\"ez-toc-section\" id=\"Compreender_a_piramide_etaria_para_uma_gestao_eficaz_do_emprego_orientada_para_o_futuro\"><\/span>Compreender a pir\u00e2mide et\u00e1ria para uma gest\u00e3o eficaz do emprego orientada para o futuro<span class=\"ez-toc-section-end\"><\/span><\/h2><p>A <strong>pir\u00e2mide et\u00e1ria<\/strong> permite visualizar a distribui\u00e7\u00e3o dos colaboradores por faixa et\u00e1ria, revelando a din\u00e2mica interna da empresa. A sua utiliza\u00e7\u00e3o ultrapassa a simples observa\u00e7\u00e3o demogr\u00e1fica para se tornar uma alavanca estrat\u00e9gica na <strong>gest\u00e3o de talentos<\/strong> e no <strong>planeamento de recursos<\/strong>. <\/p><p>Para os <strong>gestores de RH<\/strong>, esta ferramenta esclarece a estrutura atual das equipas, destaca as potenciais sa\u00eddas em massa ligadas ao <strong>envelhecimento da for\u00e7a de trabalho<\/strong> e antecipa o impacto destes movimentos nas compet\u00eancias-chave. Por exemplo, se houver uma elevada concentra\u00e7\u00e3o de empregados com idades compreendidas entre os 45 e os 55 anos, temos de estar mais atentos na prepara\u00e7\u00e3o da transfer\u00eancia de responsabilidades. <\/p><p>A an\u00e1lise n\u00e3o se limita a uma observa\u00e7\u00e3o est\u00e1tica. Abre caminho a uma melhor organiza\u00e7\u00e3o do recrutamento, \u00e0 <strong>forma\u00e7\u00e3o<\/strong> orientada e ao refor\u00e7o dos mecanismos <strong>de transfer\u00eancia de compet\u00eancias<\/strong>. As potenciais contradi\u00e7\u00f5es entre as sa\u00eddas em massa e a escassez de perfis juniores podem assim ser resolvidas atrav\u00e9s de planos de a\u00e7\u00e3o operacionais ligados a ferramentas digitais modernas.  <\/p><figure class=\"wp-block-image size-full\"><img decoding=\"async\" width=\"1280\" height=\"768\" src=\"https:\/\/www.alumni.space\/wp-content\/uploads\/2026\/03\/Comment-les-DRH-peuvent-ils-anticiper-la-pyramide-des-ages-1-1.jpg\" data-orig-src=\"https:\/\/www.alumni.space\/wp-content\/uploads\/2026\/03\/Comment-les-DRH-peuvent-ils-anticiper-la-pyramide-des-ages-1-1.jpg\" alt=\"descobre como os hrds podem antecipar a pir\u00e2mide et\u00e1ria para gerir melhor os talentos, planear os recursos humanos e garantir o futuro da empresa a longo prazo.\" class=\"lazyload wp-image-3258\" srcset=\"data:image\/svg+xml,%3Csvg%20xmlns%3D%27http%3A%2F%2Fwww.w3.org%2F2000%2Fsvg%27%20width%3D%271280%27%20height%3D%27768%27%20viewBox%3D%270%200%201280%20768%27%3E%3Crect%20width%3D%271280%27%20height%3D%27768%27%20fill-opacity%3D%220%22%2F%3E%3C%2Fsvg%3E\" data-srcset=\"https:\/\/www.alumni.space\/wp-content\/uploads\/2026\/03\/Comment-les-DRH-peuvent-ils-anticiper-la-pyramide-des-ages-1-1-200x120.jpg 200w, https:\/\/www.alumni.space\/wp-content\/uploads\/2026\/03\/Comment-les-DRH-peuvent-ils-anticiper-la-pyramide-des-ages-1-1-300x180.jpg 300w, https:\/\/www.alumni.space\/wp-content\/uploads\/2026\/03\/Comment-les-DRH-peuvent-ils-anticiper-la-pyramide-des-ages-1-1-400x240.jpg 400w, https:\/\/www.alumni.space\/wp-content\/uploads\/2026\/03\/Comment-les-DRH-peuvent-ils-anticiper-la-pyramide-des-ages-1-1-600x360.jpg 600w, https:\/\/www.alumni.space\/wp-content\/uploads\/2026\/03\/Comment-les-DRH-peuvent-ils-anticiper-la-pyramide-des-ages-1-1-768x461.jpg 768w, https:\/\/www.alumni.space\/wp-content\/uploads\/2026\/03\/Comment-les-DRH-peuvent-ils-anticiper-la-pyramide-des-ages-1-1-800x480.jpg 800w, https:\/\/www.alumni.space\/wp-content\/uploads\/2026\/03\/Comment-les-DRH-peuvent-ils-anticiper-la-pyramide-des-ages-1-1-1024x614.jpg 1024w, https:\/\/www.alumni.space\/wp-content\/uploads\/2026\/03\/Comment-les-DRH-peuvent-ils-anticiper-la-pyramide-des-ages-1-1-1200x720.jpg 1200w, https:\/\/www.alumni.space\/wp-content\/uploads\/2026\/03\/Comment-les-DRH-peuvent-ils-anticiper-la-pyramide-des-ages-1-1.jpg 1280w\" data-sizes=\"auto\" data-orig-sizes=\"(max-width: 1280px) 100vw, 1280px\" \/><\/figure><h3 class=\"wp-block-heading\"><span class=\"ez-toc-section\" id=\"Integracao_da_analise_demografica_na_estrategia_global_de_RH\"><\/span>Integra\u00e7\u00e3o da an\u00e1lise demogr\u00e1fica na estrat\u00e9gia global de RH<span class=\"ez-toc-section-end\"><\/span><\/h3><p><strong>Uma gest\u00e3o prospetiva dos empregos e das compet\u00eancias<\/strong> exige a constru\u00e7\u00e3o regular e exacta de uma pir\u00e2mide et\u00e1ria. A recolha de dados &#8211; idade, antiguidade, departamento, profiss\u00e3o &#8211; cria uma ferramenta fi\u00e1vel que oferece uma vis\u00e3o multidimensional. O software HRIS integrado automatiza o c\u00e1lculo dos dados e melhora o diagn\u00f3stico demogr\u00e1fico.  <\/p><p>Antecipar as reformas requer uma identifica\u00e7\u00e3o precoce e a coordena\u00e7\u00e3o de ac\u00e7\u00f5es internas. Gra\u00e7as \u00e0 experi\u00eancia da <a href=\"https:\/\/www.alumni.space\/pt-pt\/como-e-que-os-departamentos-de-rh-podem-antecipar-a-piramide-etaria\/\">alumni.<\/a>space, <strong>os departamentos de RH<\/strong> podem combinar a an\u00e1lise demogr\u00e1fica com indicadores de empenho e de compet\u00eancias, facilitando a gest\u00e3o das equipas com alertas precisos e um acompanhamento completo dos planos de desenvolvimento. <\/p><p>Esta abordagem insere a pir\u00e2mide et\u00e1ria numa pol\u00edtica ativa de integra\u00e7\u00e3o e reten\u00e7\u00e3o, que se traduz na introdu\u00e7\u00e3o de programas de mentoring e na gest\u00e3o de uma rede de antigos colaboradores, contribuindo para a sustentabilidade do capital humano e para a continuidade da mem\u00f3ria organizacional.<\/p><h2 class=\"wp-block-heading\"><span class=\"ez-toc-section\" id=\"Identificar_os_riscos_e_elaborar_um_plano_de_acao_operacional_com_base_na_piramide_etaria\"><\/span>Identificar os riscos e elaborar um plano de a\u00e7\u00e3o operacional com base na pir\u00e2mide et\u00e1ria<span class=\"ez-toc-section-end\"><\/span><\/h2><p>Destacar os riscos associados ao desequil\u00edbrio geracional \u00e9 uma prioridade. Uma pir\u00e2mide desequilibrada assinala um <strong>efeito de penhasco<\/strong>, em que uma vaga de sa\u00eddas simult\u00e2neas pode provocar uma rutura na cadeia de conhecimentos. Esta situa\u00e7\u00e3o exige uma resposta r\u00e1pida aos riscos associados, por exemplo, \u00e0 <a href=\"https:\/\/www.alumni.space\/pt-pt\/a-reforma-dos-trabalhadores-mais-velhos-um-risco-importante-para-a-continuidade-dos-conhecimentos-no-sector-da-construcao-e-da-engenharia-civil\/\">sa\u00edda de trabalhadores mais velhos em sectores t\u00e9cnicos<\/a>, amea\u00e7ando a continuidade dos projectos.  <\/p><p>Al\u00e9m disso, certos sectores t\u00e9cnicos sens\u00edveis podem apresentar car\u00eancias espec\u00edficas, o que exige a antecipa\u00e7\u00e3o das recoloca\u00e7\u00f5es e o refor\u00e7o dos programas de integra\u00e7\u00e3o. A cria\u00e7\u00e3o de um sistema de pares j\u00fanior-s\u00e9nior favorece<strong>o apoio m\u00fatuo<\/strong>entre gera\u00e7\u00f5es e a transfer\u00eancia de compet\u00eancias a longo prazo. <\/p><p>A an\u00e1lise da pir\u00e2mide permite igualmente planear um calend\u00e1rio preciso, caracterizado por etapas: identifica\u00e7\u00e3o das compet\u00eancias-chave, sele\u00e7\u00e3o dos talentos emergentes, implementa\u00e7\u00e3o de uma forma\u00e7\u00e3o orientada. Associada a ferramentas digitais de alto desempenho, esta metodologia permite uma gest\u00e3o rigorosa dos recursos humanos. <\/p><h3 class=\"wp-block-heading\"><span class=\"ez-toc-section\" id=\"Incentiva_a_colaboracao_e_a_transferencia_de_conhecimentos_para_antecipar_as_transicoes\"><\/span>Incentiva a colabora\u00e7\u00e3o e a transfer\u00eancia de conhecimentos para antecipar as transi\u00e7\u00f5es<span class=\"ez-toc-section-end\"><\/span><\/h3><p>Para al\u00e9m dos n\u00fameros e dos dados, a colabora\u00e7\u00e3o entre gera\u00e7\u00f5es \u00e9 um trunfo fundamental. Em 2026, a implementa\u00e7\u00e3o de sistemas de <strong>transmiss\u00e3o de compet\u00eancias<\/strong> atrav\u00e9s de mentores ou tutores surge como uma solu\u00e7\u00e3o fundamental para travar a perda de compet\u00eancias. Esta din\u00e2mica baseia-se na complementaridade das gera\u00e7\u00f5es e favorece a fertiliza\u00e7\u00e3o cruzada.  <\/p><p>\u00c9 igualmente essencial adaptar os m\u00e9todos <strong>de forma\u00e7\u00e3o<\/strong> \u00e0s expectativas espec\u00edficas de cada gera\u00e7\u00e3o. Enquanto os trabalhadores mais velhos preferem sess\u00f5es de forma\u00e7\u00e3o curtas e pragm\u00e1ticas, os mais jovens procuram formatos inovadores e digitais. Esta diversidade de abordagens favorece o empenhamento a longo prazo.  <\/p><p>Os espa\u00e7os de trabalho colaborativos e os eventos tem\u00e1ticos refor\u00e7am esta liga\u00e7\u00e3o, contribuindo simultaneamente para a coes\u00e3o da rede interna. A plataforma alumni.space fornece uma base digital para as actividades comunit\u00e1rias, facilitando a gest\u00e3o destes interc\u00e2mbios e a mobiliza\u00e7\u00e3o de talentos para projectos colectivos ou iniciativas de RSE. <\/p><p>Para saber mais sobre estas estrat\u00e9gias e integrar a pir\u00e2mide et\u00e1ria numa abordagem de transforma\u00e7\u00e3o global, descobre os recursos dispon\u00edveis sobre <a href=\"https:\/\/somanyways.co\/blog\/le-role-de-la-pyramide-des-ages-en-entreprise-pour-la-gestion-des-ressources-humaines\">o papel da pir\u00e2mide na empresa<\/a>, que apoiam os decisores na sua gest\u00e3o de RH.<\/p>","protected":false},"excerpt":{"rendered":"<p>Compreender a pir\u00e2mide et\u00e1ria para uma gest\u00e3o eficaz do emprego  [&#8230;]<\/p>\n","protected":false},"author":1,"featured_media":5519,"comment_status":"closed","ping_status":"closed","sticky":false,"template":"","format":"standard","meta":{"_ayudawp_aiss_exclude":false,"footnotes":""},"categories":[70],"tags":[],"class_list":["post-5516","post","type-post","status-publish","format-standard","has-post-thumbnail","hentry","category-recursos-humanos"],"yoast_head":"<!-- This site is optimized with the Yoast SEO plugin v27.4 - https:\/\/yoast.com\/product\/yoast-seo-wordpress\/ -->\n<title>RH: Antecipar a pir\u00e2mide et\u00e1ria para gerir melhor o futuro<\/title>\n<meta name=\"description\" content=\"Descobre como os gestores de RH podem antecipar a pir\u00e2mide et\u00e1ria para gerir melhor os recursos humanos e preparar o futuro da empresa.\" \/>\n<meta name=\"robots\" content=\"index, follow, max-snippet:-1, max-image-preview:large, max-video-preview:-1\" \/>\n<link rel=\"canonical\" href=\"https:\/\/www.alumni.space\/pt-pt\/como-e-que-os-departamentos-de-rh-podem-antecipar-a-piramide-etaria\/\" \/>\n<meta property=\"og:locale\" content=\"pt_PT\" \/>\n<meta property=\"og:type\" content=\"article\" \/>\n<meta property=\"og:title\" content=\"RH: Antecipar a pir\u00e2mide et\u00e1ria para gerir melhor o futuro\" \/>\n<meta property=\"og:description\" content=\"Descobre como os gestores de RH podem antecipar a pir\u00e2mide et\u00e1ria para gerir melhor os recursos humanos e preparar o futuro da empresa.\" \/>\n<meta property=\"og:url\" content=\"https:\/\/www.alumni.space\/pt-pt\/como-e-que-os-departamentos-de-rh-podem-antecipar-a-piramide-etaria\/\" \/>\n<meta property=\"og:site_name\" content=\"Alumni.space\" \/>\n<meta property=\"article:published_time\" content=\"2024-11-12T16:28:29+00:00\" \/>\n<meta property=\"article:modified_time\" content=\"2026-03-28T10:41:28+00:00\" \/>\n<meta property=\"og:image\" content=\"https:\/\/www.alumni.space\/wp-content\/uploads\/2026\/03\/Comment-les-DRH-peuvent-ils-anticiper-la-pyramide-des-ages-.jpg\" \/>\n\t<meta property=\"og:image:width\" content=\"1280\" \/>\n\t<meta property=\"og:image:height\" content=\"768\" \/>\n\t<meta property=\"og:image:type\" content=\"image\/jpeg\" \/>\n<meta name=\"author\" content=\"admin\" \/>\n<meta name=\"twitter:card\" content=\"summary_large_image\" \/>\n<meta name=\"twitter:label1\" content=\"Escrito por\" \/>\n\t<meta name=\"twitter:data1\" content=\"admin\" \/>\n\t<meta name=\"twitter:label2\" content=\"Tempo estimado de leitura\" \/>\n\t<meta name=\"twitter:data2\" content=\"4 minutos\" \/>\n<script type=\"application\/ld+json\" class=\"yoast-schema-graph\">{\"@context\":\"https:\\\/\\\/schema.org\",\"@graph\":[{\"@type\":\"Article\",\"@id\":\"https:\\\/\\\/www.alumni.space\\\/pt-pt\\\/como-e-que-os-departamentos-de-rh-podem-antecipar-a-piramide-etaria\\\/#article\",\"isPartOf\":{\"@id\":\"https:\\\/\\\/www.alumni.space\\\/pt-pt\\\/como-e-que-os-departamentos-de-rh-podem-antecipar-a-piramide-etaria\\\/\"},\"author\":{\"name\":\"admin\",\"@id\":\"https:\\\/\\\/www.alumni.space\\\/pt-pt\\\/#\\\/schema\\\/person\\\/fede362a57876edda476a61f05ce5b15\"},\"headline\":\"Como \u00e9 que os departamentos de RH podem antecipar a pir\u00e2mide et\u00e1ria?\",\"datePublished\":\"2024-11-12T16:28:29+00:00\",\"dateModified\":\"2026-03-28T10:41:28+00:00\",\"mainEntityOfPage\":{\"@id\":\"https:\\\/\\\/www.alumni.space\\\/pt-pt\\\/como-e-que-os-departamentos-de-rh-podem-antecipar-a-piramide-etaria\\\/\"},\"wordCount\":829,\"image\":{\"@id\":\"https:\\\/\\\/www.alumni.space\\\/pt-pt\\\/como-e-que-os-departamentos-de-rh-podem-antecipar-a-piramide-etaria\\\/#primaryimage\"},\"thumbnailUrl\":\"https:\\\/\\\/www.alumni.space\\\/wp-content\\\/uploads\\\/2026\\\/03\\\/Comment-les-DRH-peuvent-ils-anticiper-la-pyramide-des-ages-.jpg\",\"articleSection\":[\"Recursos Humanos\"],\"inLanguage\":\"pt-PT\"},{\"@type\":\"WebPage\",\"@id\":\"https:\\\/\\\/www.alumni.space\\\/pt-pt\\\/como-e-que-os-departamentos-de-rh-podem-antecipar-a-piramide-etaria\\\/\",\"url\":\"https:\\\/\\\/www.alumni.space\\\/pt-pt\\\/como-e-que-os-departamentos-de-rh-podem-antecipar-a-piramide-etaria\\\/\",\"name\":\"RH: Antecipar a pir\u00e2mide et\u00e1ria para gerir melhor o futuro\",\"isPartOf\":{\"@id\":\"https:\\\/\\\/www.alumni.space\\\/pt-pt\\\/#website\"},\"primaryImageOfPage\":{\"@id\":\"https:\\\/\\\/www.alumni.space\\\/pt-pt\\\/como-e-que-os-departamentos-de-rh-podem-antecipar-a-piramide-etaria\\\/#primaryimage\"},\"image\":{\"@id\":\"https:\\\/\\\/www.alumni.space\\\/pt-pt\\\/como-e-que-os-departamentos-de-rh-podem-antecipar-a-piramide-etaria\\\/#primaryimage\"},\"thumbnailUrl\":\"https:\\\/\\\/www.alumni.space\\\/wp-content\\\/uploads\\\/2026\\\/03\\\/Comment-les-DRH-peuvent-ils-anticiper-la-pyramide-des-ages-.jpg\",\"datePublished\":\"2024-11-12T16:28:29+00:00\",\"dateModified\":\"2026-03-28T10:41:28+00:00\",\"author\":{\"@id\":\"https:\\\/\\\/www.alumni.space\\\/pt-pt\\\/#\\\/schema\\\/person\\\/fede362a57876edda476a61f05ce5b15\"},\"description\":\"Descobre como os gestores de RH podem antecipar a pir\u00e2mide et\u00e1ria para gerir melhor os recursos humanos e preparar o futuro da empresa.\",\"breadcrumb\":{\"@id\":\"https:\\\/\\\/www.alumni.space\\\/pt-pt\\\/como-e-que-os-departamentos-de-rh-podem-antecipar-a-piramide-etaria\\\/#breadcrumb\"},\"inLanguage\":\"pt-PT\",\"potentialAction\":[{\"@type\":\"ReadAction\",\"target\":[\"https:\\\/\\\/www.alumni.space\\\/pt-pt\\\/como-e-que-os-departamentos-de-rh-podem-antecipar-a-piramide-etaria\\\/\"]}]},{\"@type\":\"ImageObject\",\"inLanguage\":\"pt-PT\",\"@id\":\"https:\\\/\\\/www.alumni.space\\\/pt-pt\\\/como-e-que-os-departamentos-de-rh-podem-antecipar-a-piramide-etaria\\\/#primaryimage\",\"url\":\"https:\\\/\\\/www.alumni.space\\\/wp-content\\\/uploads\\\/2026\\\/03\\\/Comment-les-DRH-peuvent-ils-anticiper-la-pyramide-des-ages-.jpg\",\"contentUrl\":\"https:\\\/\\\/www.alumni.space\\\/wp-content\\\/uploads\\\/2026\\\/03\\\/Comment-les-DRH-peuvent-ils-anticiper-la-pyramide-des-ages-.jpg\",\"width\":1280,\"height\":768,\"caption\":\"descobre como os gestores de recursos humanos podem antecipar a pir\u00e2mide et\u00e1ria para gerir melhor os talentos e preparar a sua empresa para o futuro.\"},{\"@type\":\"BreadcrumbList\",\"@id\":\"https:\\\/\\\/www.alumni.space\\\/pt-pt\\\/como-e-que-os-departamentos-de-rh-podem-antecipar-a-piramide-etaria\\\/#breadcrumb\",\"itemListElement\":[{\"@type\":\"ListItem\",\"position\":1,\"name\":\"Home\",\"item\":\"https:\\\/\\\/www.alumni.space\\\/pt-pt\\\/plataforma-de-gestao-de-mentores-e-antigos-alunos\\\/\"},{\"@type\":\"ListItem\",\"position\":2,\"name\":\"Como \u00e9 que os departamentos de RH podem antecipar a pir\u00e2mide et\u00e1ria?\"}]},{\"@type\":\"WebSite\",\"@id\":\"https:\\\/\\\/www.alumni.space\\\/pt-pt\\\/#website\",\"url\":\"https:\\\/\\\/www.alumni.space\\\/pt-pt\\\/\",\"name\":\"Alumni.space\",\"description\":\"My WordPress Blog\",\"potentialAction\":[{\"@type\":\"SearchAction\",\"target\":{\"@type\":\"EntryPoint\",\"urlTemplate\":\"https:\\\/\\\/www.alumni.space\\\/pt-pt\\\/?s={search_term_string}\"},\"query-input\":{\"@type\":\"PropertyValueSpecification\",\"valueRequired\":true,\"valueName\":\"search_term_string\"}}],\"inLanguage\":\"pt-PT\"},{\"@type\":\"Person\",\"@id\":\"https:\\\/\\\/www.alumni.space\\\/pt-pt\\\/#\\\/schema\\\/person\\\/fede362a57876edda476a61f05ce5b15\",\"name\":\"admin\",\"image\":{\"@type\":\"ImageObject\",\"inLanguage\":\"pt-PT\",\"@id\":\"https:\\\/\\\/secure.gravatar.com\\\/avatar\\\/318e234ae94f90d4d629428d6b983c08e31181c28f579e08a021180d759ea651?s=96&d=mm&r=g\",\"url\":\"https:\\\/\\\/secure.gravatar.com\\\/avatar\\\/318e234ae94f90d4d629428d6b983c08e31181c28f579e08a021180d759ea651?s=96&d=mm&r=g\",\"contentUrl\":\"https:\\\/\\\/secure.gravatar.com\\\/avatar\\\/318e234ae94f90d4d629428d6b983c08e31181c28f579e08a021180d759ea651?s=96&d=mm&r=g\",\"caption\":\"admin\"},\"description\":\"Nicolas Laustriat a construit sa sp\u00e9cialit\u00e9 sur un sujet que beaucoup d\u2019organisations d\u00e9couvrent trop tard : ce qui dispara\u00eet quand les gens partent. Dipl\u00f4m\u00e9 en conception de produit industriel, il bifurque vers le digital fin 1996, il couvre les transformations marques, RH, la fid\u00e9lisation, la marque employeur. Sur le terrain, il rep\u00e8re un angle mort r\u00e9current : l\u2019entreprise investit dans le recrutement, la formation, les process\u2026 puis laisse filer le lien au moment du d\u00e9part, avec une perte de savoir et d\u2019influence qui se paie en silence. Il se sp\u00e9cialise alors sur les communaut\u00e9s d\u2019alumni, le mentorat, l\u2019entraide interg\u00e9n\u00e9rationnelle et la transmission d\u2019expertise. Il passe du \u201cconstat\u201d aux m\u00e9thodes : animation, gouvernance, segmentation, rituels, mesure d\u2019engagement, articulation avec la RSE et l\u2019employabilit\u00e9. Il interviewe DRH, responsables formation, directions d\u2019\u00e9coles, associations et fondations, avec une obsession : transformer un r\u00e9seau dormant en m\u00e9canisme utile (cooptation, mentorat, job board, entraide, \u00e9v\u00e9nements, contenus). Son style : direct, orient\u00e9 action, sans folklore. Sa conviction : une communaut\u00e9 n\u2019a pas besoin de bruit, elle a besoin de raisons de revenir.\",\"sameAs\":[\"https:\\\/\\\/www.alumni.space\"]}]}<\/script>\n<!-- \/ Yoast SEO plugin. -->","yoast_head_json":{"title":"RH: Antecipar a pir\u00e2mide et\u00e1ria para gerir melhor o futuro","description":"Descobre como os gestores de RH podem antecipar a pir\u00e2mide et\u00e1ria para gerir melhor os recursos humanos e preparar o futuro da empresa.","robots":{"index":"index","follow":"follow","max-snippet":"max-snippet:-1","max-image-preview":"max-image-preview:large","max-video-preview":"max-video-preview:-1"},"canonical":"https:\/\/www.alumni.space\/pt-pt\/como-e-que-os-departamentos-de-rh-podem-antecipar-a-piramide-etaria\/","og_locale":"pt_PT","og_type":"article","og_title":"RH: Antecipar a pir\u00e2mide et\u00e1ria para gerir melhor o futuro","og_description":"Descobre como os gestores de RH podem antecipar a pir\u00e2mide et\u00e1ria para gerir melhor os recursos humanos e preparar o futuro da empresa.","og_url":"https:\/\/www.alumni.space\/pt-pt\/como-e-que-os-departamentos-de-rh-podem-antecipar-a-piramide-etaria\/","og_site_name":"Alumni.space","article_published_time":"2024-11-12T16:28:29+00:00","article_modified_time":"2026-03-28T10:41:28+00:00","og_image":[{"width":1280,"height":768,"url":"https:\/\/www.alumni.space\/wp-content\/uploads\/2026\/03\/Comment-les-DRH-peuvent-ils-anticiper-la-pyramide-des-ages-.jpg","type":"image\/jpeg"}],"author":"admin","twitter_card":"summary_large_image","twitter_misc":{"Escrito por":"admin","Tempo estimado de leitura":"4 minutos"},"schema":{"@context":"https:\/\/schema.org","@graph":[{"@type":"Article","@id":"https:\/\/www.alumni.space\/pt-pt\/como-e-que-os-departamentos-de-rh-podem-antecipar-a-piramide-etaria\/#article","isPartOf":{"@id":"https:\/\/www.alumni.space\/pt-pt\/como-e-que-os-departamentos-de-rh-podem-antecipar-a-piramide-etaria\/"},"author":{"name":"admin","@id":"https:\/\/www.alumni.space\/pt-pt\/#\/schema\/person\/fede362a57876edda476a61f05ce5b15"},"headline":"Como \u00e9 que os departamentos de RH podem antecipar a pir\u00e2mide et\u00e1ria?","datePublished":"2024-11-12T16:28:29+00:00","dateModified":"2026-03-28T10:41:28+00:00","mainEntityOfPage":{"@id":"https:\/\/www.alumni.space\/pt-pt\/como-e-que-os-departamentos-de-rh-podem-antecipar-a-piramide-etaria\/"},"wordCount":829,"image":{"@id":"https:\/\/www.alumni.space\/pt-pt\/como-e-que-os-departamentos-de-rh-podem-antecipar-a-piramide-etaria\/#primaryimage"},"thumbnailUrl":"https:\/\/www.alumni.space\/wp-content\/uploads\/2026\/03\/Comment-les-DRH-peuvent-ils-anticiper-la-pyramide-des-ages-.jpg","articleSection":["Recursos Humanos"],"inLanguage":"pt-PT"},{"@type":"WebPage","@id":"https:\/\/www.alumni.space\/pt-pt\/como-e-que-os-departamentos-de-rh-podem-antecipar-a-piramide-etaria\/","url":"https:\/\/www.alumni.space\/pt-pt\/como-e-que-os-departamentos-de-rh-podem-antecipar-a-piramide-etaria\/","name":"RH: Antecipar a pir\u00e2mide et\u00e1ria para gerir melhor o futuro","isPartOf":{"@id":"https:\/\/www.alumni.space\/pt-pt\/#website"},"primaryImageOfPage":{"@id":"https:\/\/www.alumni.space\/pt-pt\/como-e-que-os-departamentos-de-rh-podem-antecipar-a-piramide-etaria\/#primaryimage"},"image":{"@id":"https:\/\/www.alumni.space\/pt-pt\/como-e-que-os-departamentos-de-rh-podem-antecipar-a-piramide-etaria\/#primaryimage"},"thumbnailUrl":"https:\/\/www.alumni.space\/wp-content\/uploads\/2026\/03\/Comment-les-DRH-peuvent-ils-anticiper-la-pyramide-des-ages-.jpg","datePublished":"2024-11-12T16:28:29+00:00","dateModified":"2026-03-28T10:41:28+00:00","author":{"@id":"https:\/\/www.alumni.space\/pt-pt\/#\/schema\/person\/fede362a57876edda476a61f05ce5b15"},"description":"Descobre como os gestores de RH podem antecipar a pir\u00e2mide et\u00e1ria para gerir melhor os recursos humanos e preparar o futuro da empresa.","breadcrumb":{"@id":"https:\/\/www.alumni.space\/pt-pt\/como-e-que-os-departamentos-de-rh-podem-antecipar-a-piramide-etaria\/#breadcrumb"},"inLanguage":"pt-PT","potentialAction":[{"@type":"ReadAction","target":["https:\/\/www.alumni.space\/pt-pt\/como-e-que-os-departamentos-de-rh-podem-antecipar-a-piramide-etaria\/"]}]},{"@type":"ImageObject","inLanguage":"pt-PT","@id":"https:\/\/www.alumni.space\/pt-pt\/como-e-que-os-departamentos-de-rh-podem-antecipar-a-piramide-etaria\/#primaryimage","url":"https:\/\/www.alumni.space\/wp-content\/uploads\/2026\/03\/Comment-les-DRH-peuvent-ils-anticiper-la-pyramide-des-ages-.jpg","contentUrl":"https:\/\/www.alumni.space\/wp-content\/uploads\/2026\/03\/Comment-les-DRH-peuvent-ils-anticiper-la-pyramide-des-ages-.jpg","width":1280,"height":768,"caption":"descobre como os gestores de recursos humanos podem antecipar a pir\u00e2mide et\u00e1ria para gerir melhor os talentos e preparar a sua empresa para o futuro."},{"@type":"BreadcrumbList","@id":"https:\/\/www.alumni.space\/pt-pt\/como-e-que-os-departamentos-de-rh-podem-antecipar-a-piramide-etaria\/#breadcrumb","itemListElement":[{"@type":"ListItem","position":1,"name":"Home","item":"https:\/\/www.alumni.space\/pt-pt\/plataforma-de-gestao-de-mentores-e-antigos-alunos\/"},{"@type":"ListItem","position":2,"name":"Como \u00e9 que os departamentos de RH podem antecipar a pir\u00e2mide et\u00e1ria?"}]},{"@type":"WebSite","@id":"https:\/\/www.alumni.space\/pt-pt\/#website","url":"https:\/\/www.alumni.space\/pt-pt\/","name":"Alumni.space","description":"My WordPress Blog","potentialAction":[{"@type":"SearchAction","target":{"@type":"EntryPoint","urlTemplate":"https:\/\/www.alumni.space\/pt-pt\/?s={search_term_string}"},"query-input":{"@type":"PropertyValueSpecification","valueRequired":true,"valueName":"search_term_string"}}],"inLanguage":"pt-PT"},{"@type":"Person","@id":"https:\/\/www.alumni.space\/pt-pt\/#\/schema\/person\/fede362a57876edda476a61f05ce5b15","name":"admin","image":{"@type":"ImageObject","inLanguage":"pt-PT","@id":"https:\/\/secure.gravatar.com\/avatar\/318e234ae94f90d4d629428d6b983c08e31181c28f579e08a021180d759ea651?s=96&d=mm&r=g","url":"https:\/\/secure.gravatar.com\/avatar\/318e234ae94f90d4d629428d6b983c08e31181c28f579e08a021180d759ea651?s=96&d=mm&r=g","contentUrl":"https:\/\/secure.gravatar.com\/avatar\/318e234ae94f90d4d629428d6b983c08e31181c28f579e08a021180d759ea651?s=96&d=mm&r=g","caption":"admin"},"description":"Nicolas Laustriat a construit sa sp\u00e9cialit\u00e9 sur un sujet que beaucoup d\u2019organisations d\u00e9couvrent trop tard : ce qui dispara\u00eet quand les gens partent. Dipl\u00f4m\u00e9 en conception de produit industriel, il bifurque vers le digital fin 1996, il couvre les transformations marques, RH, la fid\u00e9lisation, la marque employeur. Sur le terrain, il rep\u00e8re un angle mort r\u00e9current : l\u2019entreprise investit dans le recrutement, la formation, les process\u2026 puis laisse filer le lien au moment du d\u00e9part, avec une perte de savoir et d\u2019influence qui se paie en silence. Il se sp\u00e9cialise alors sur les communaut\u00e9s d\u2019alumni, le mentorat, l\u2019entraide interg\u00e9n\u00e9rationnelle et la transmission d\u2019expertise. Il passe du \u201cconstat\u201d aux m\u00e9thodes : animation, gouvernance, segmentation, rituels, mesure d\u2019engagement, articulation avec la RSE et l\u2019employabilit\u00e9. Il interviewe DRH, responsables formation, directions d\u2019\u00e9coles, associations et fondations, avec une obsession : transformer un r\u00e9seau dormant en m\u00e9canisme utile (cooptation, mentorat, job board, entraide, \u00e9v\u00e9nements, contenus). Son style : direct, orient\u00e9 action, sans folklore. Sa conviction : une communaut\u00e9 n\u2019a pas besoin de bruit, elle a besoin de raisons de revenir.","sameAs":["https:\/\/www.alumni.space"]}]}},"_links":{"self":[{"href":"https:\/\/www.alumni.space\/pt-pt\/wp-json\/wp\/v2\/posts\/5516","targetHints":{"allow":["GET"]}}],"collection":[{"href":"https:\/\/www.alumni.space\/pt-pt\/wp-json\/wp\/v2\/posts"}],"about":[{"href":"https:\/\/www.alumni.space\/pt-pt\/wp-json\/wp\/v2\/types\/post"}],"author":[{"embeddable":true,"href":"https:\/\/www.alumni.space\/pt-pt\/wp-json\/wp\/v2\/users\/1"}],"replies":[{"embeddable":true,"href":"https:\/\/www.alumni.space\/pt-pt\/wp-json\/wp\/v2\/comments?post=5516"}],"version-history":[{"count":1,"href":"https:\/\/www.alumni.space\/pt-pt\/wp-json\/wp\/v2\/posts\/5516\/revisions"}],"predecessor-version":[{"id":5520,"href":"https:\/\/www.alumni.space\/pt-pt\/wp-json\/wp\/v2\/posts\/5516\/revisions\/5520"}],"wp:featuredmedia":[{"embeddable":true,"href":"https:\/\/www.alumni.space\/pt-pt\/wp-json\/wp\/v2\/media\/5519"}],"wp:attachment":[{"href":"https:\/\/www.alumni.space\/pt-pt\/wp-json\/wp\/v2\/media?parent=5516"}],"wp:term":[{"taxonomy":"category","embeddable":true,"href":"https:\/\/www.alumni.space\/pt-pt\/wp-json\/wp\/v2\/categories?post=5516"},{"taxonomy":"post_tag","embeddable":true,"href":"https:\/\/www.alumni.space\/pt-pt\/wp-json\/wp\/v2\/tags?post=5516"}],"curies":[{"name":"wp","href":"https:\/\/api.w.org\/{rel}","templated":true}]}}