{"id":5487,"date":"2025-02-02T17:22:38","date_gmt":"2025-02-02T17:22:38","guid":{"rendered":"https:\/\/www.alumni.space\/o-sector-agroalimentar-enfrenta-o-desafio-da-transferencia-de-competencias\/"},"modified":"2026-03-28T10:41:05","modified_gmt":"2026-03-28T10:41:05","slug":"o-sector-agroalimentar-enfrenta-o-desafio-da-transferencia-de-competencias","status":"publish","type":"post","link":"https:\/\/www.alumni.space\/pt-pt\/o-sector-agroalimentar-enfrenta-o-desafio-da-transferencia-de-competencias\/","title":{"rendered":"O sector agroalimentar enfrenta o desafio da transfer\u00eancia de compet\u00eancias"},"content":{"rendered":"<div id=\"ez-toc-container\" class=\"ez-toc-v2_0_82_2 counter-flat ez-toc-counter ez-toc-grey ez-toc-container-direction\">\n<div class=\"ez-toc-title-container\"><p class=\"ez-toc-title\" style=\"cursor:inherit\">\u00cdndice deste artigo:<\/p>\n<\/div><nav><ul class='ez-toc-list ez-toc-list-level-1 ' ><li class='ez-toc-page-1'><a class=\"ez-toc-link ez-toc-heading-1\" href=\"https:\/\/www.alumni.space\/pt-pt\/o-sector-agroalimentar-enfrenta-o-desafio-da-transferencia-de-competencias\/#Questoes-chave_na_transferencia_de_competencias_no_sector_agroalimentar\" >Quest\u00f5es-chave na transfer\u00eancia de compet\u00eancias no sector agroalimentar<\/a><\/li><li class='ez-toc-page-1'><a class=\"ez-toc-link ez-toc-heading-2\" href=\"https:\/\/www.alumni.space\/pt-pt\/o-sector-agroalimentar-enfrenta-o-desafio-da-transferencia-de-competencias\/#Custo_oculto_do_defice_de_conhecimentos_e_metodos_para_o_evitar\" >Custo oculto do d\u00e9fice de conhecimentos e m\u00e9todos para o evitar<\/a><\/li><li class='ez-toc-page-1'><a class=\"ez-toc-link ez-toc-heading-3\" href=\"https:\/\/www.alumni.space\/pt-pt\/o-sector-agroalimentar-enfrenta-o-desafio-da-transferencia-de-competencias\/#Otimizar_a_gestao_de_talentos_para_apoiar_a_transferencia_no_sector_agroalimentar\" >Otimizar a gest\u00e3o de talentos para apoiar a transfer\u00eancia no sector agroalimentar<\/a><\/li><li class='ez-toc-page-1'><a class=\"ez-toc-link ez-toc-heading-4\" href=\"https:\/\/www.alumni.space\/pt-pt\/o-sector-agroalimentar-enfrenta-o-desafio-da-transferencia-de-competencias\/#Implementacao_operacional_e_melhores_praticas\" >Implementa\u00e7\u00e3o operacional e melhores pr\u00e1ticas<\/a><\/li><\/ul><\/nav><\/div>\n<h2 class=\"wp-block-heading\"><span class=\"ez-toc-section\" id=\"Questoes-chave_na_transferencia_de_competencias_no_sector_agroalimentar\"><\/span>Quest\u00f5es-chave na transfer\u00eancia de compet\u00eancias no sector agroalimentar<span class=\"ez-toc-section-end\"><\/span><\/h2><p>O <strong>sector agroalimentar<\/strong> est\u00e1 a passar por uma profunda transforma\u00e7\u00e3o, em que o dom\u00ednio das compet\u00eancias tradicionais se insere agora num contexto de<strong>inova\u00e7\u00e3o tecnol\u00f3gica<\/strong> e de <strong>desenvolvimento sustent\u00e1vel<\/strong>. Os desafios da <strong>transfer\u00eancia de compet\u00eancias<\/strong> est\u00e3o no centro da gest\u00e3o de talentos, essencial para garantir <strong>a qualidade dos alimentos<\/strong> e a <strong>sustentabilidade do saber-fazer<\/strong>. <\/p><p>As empresas s\u00e3o confrontadas com a necessidade de <strong>adaptar as suas compet\u00eancias em<\/strong> resposta \u00e0 rota\u00e7\u00e3o das gera\u00e7\u00f5es e \u00e0 evolu\u00e7\u00e3o tecnol\u00f3gica. Neste contexto, os departamentos <strong>de recursos humanos<\/strong> devem antecipar-se com rigor para evitar quebras na transmiss\u00e3o de conhecimentos, essenciais para a continuidade da produ\u00e7\u00e3o e da competitividade. <\/p><figure class=\"wp-block-image size-full\"><img decoding=\"async\" width=\"1280\" height=\"768\" src=\"https:\/\/www.alumni.space\/wp-content\/uploads\/2026\/03\/Le-secteur-agroalimentaire-face-au-defi-du-transfert-des-competences-1.jpg\" data-orig-src=\"https:\/\/www.alumni.space\/wp-content\/uploads\/2026\/03\/Le-secteur-agroalimentaire-face-au-defi-du-transfert-des-competences-1.jpg\" alt=\"descobre como o sector agroalimentar est\u00e1 a enfrentar o desafio da transfer\u00eancia de compet\u00eancias para garantir o seu desenvolvimento e competitividade num mercado em constante mudan\u00e7a.\" class=\"lazyload wp-image-3255\" srcset=\"data:image\/svg+xml,%3Csvg%20xmlns%3D%27http%3A%2F%2Fwww.w3.org%2F2000%2Fsvg%27%20width%3D%271280%27%20height%3D%27768%27%20viewBox%3D%270%200%201280%20768%27%3E%3Crect%20width%3D%271280%27%20height%3D%27768%27%20fill-opacity%3D%220%22%2F%3E%3C%2Fsvg%3E\" data-srcset=\"https:\/\/www.alumni.space\/wp-content\/uploads\/2026\/03\/Le-secteur-agroalimentaire-face-au-defi-du-transfert-des-competences-1-200x120.jpg 200w, https:\/\/www.alumni.space\/wp-content\/uploads\/2026\/03\/Le-secteur-agroalimentaire-face-au-defi-du-transfert-des-competences-1-300x180.jpg 300w, https:\/\/www.alumni.space\/wp-content\/uploads\/2026\/03\/Le-secteur-agroalimentaire-face-au-defi-du-transfert-des-competences-1-400x240.jpg 400w, https:\/\/www.alumni.space\/wp-content\/uploads\/2026\/03\/Le-secteur-agroalimentaire-face-au-defi-du-transfert-des-competences-1-600x360.jpg 600w, https:\/\/www.alumni.space\/wp-content\/uploads\/2026\/03\/Le-secteur-agroalimentaire-face-au-defi-du-transfert-des-competences-1-768x461.jpg 768w, https:\/\/www.alumni.space\/wp-content\/uploads\/2026\/03\/Le-secteur-agroalimentaire-face-au-defi-du-transfert-des-competences-1-800x480.jpg 800w, https:\/\/www.alumni.space\/wp-content\/uploads\/2026\/03\/Le-secteur-agroalimentaire-face-au-defi-du-transfert-des-competences-1-1024x614.jpg 1024w, https:\/\/www.alumni.space\/wp-content\/uploads\/2026\/03\/Le-secteur-agroalimentaire-face-au-defi-du-transfert-des-competences-1-1200x720.jpg 1200w, https:\/\/www.alumni.space\/wp-content\/uploads\/2026\/03\/Le-secteur-agroalimentaire-face-au-defi-du-transfert-des-competences-1.jpg 1280w\" data-sizes=\"auto\" data-orig-sizes=\"(max-width: 1280px) 100vw, 1280px\" \/><\/figure><h3 class=\"wp-block-heading\"><span class=\"ez-toc-section\" id=\"Custo_oculto_do_defice_de_conhecimentos_e_metodos_para_o_evitar\"><\/span>Custo oculto do d\u00e9fice de conhecimentos e m\u00e9todos para o evitar<span class=\"ez-toc-section-end\"><\/span><\/h3><p>A perda de experi\u00eancia tem um impacto direto no desempenho: atrasos, erros, aumento dos custos e risco para a reputa\u00e7\u00e3o. Este fen\u00f3meno manifesta-se frequentemente por um aumento da <strong>desorganiza\u00e7\u00e3o<\/strong> e pela perda de liga\u00e7\u00f5es com as boas pr\u00e1ticas ancestrais. As empresas podem apoiar-se em estrat\u00e9gias comprovadas de acompanhamento estruturado das compet\u00eancias e de transfer\u00eancia intergeracional formalizada, nomeadamente atrav\u00e9s de tutoria.  <\/p><p>A instaura\u00e7\u00e3o de rituais regulares, adaptados ao ciclo de produ\u00e7\u00e3o e de forma\u00e7\u00e3o profissional, facilita a partilha pragm\u00e1tica dos conhecimentos. Isto implica a identifica\u00e7\u00e3o de perfis-chave, o mapeamento de compet\u00eancias cr\u00edticas e a utiliza\u00e7\u00e3o de ferramentas dedicadas para garantir uma gest\u00e3o suave e sustent\u00e1vel. Esta abordagem reduz o tempo e o impacto financeiro de uma <strong>lacuna de conhecimentos<\/strong>. Para saber mais, est\u00e3o dispon\u00edveis recursos no <a href=\"https:\/\/www.alumni.space\/pt-pt\/como-e-que-podemos-evitar-a-perda-de-conhecimentos-nos-nossos-locais-de-trabalho-quando-os-especialistas-partem\/\">s\u00edtio da interrup\u00e7\u00e3o de conhecimentos<\/a>, que ilustram a abordagem setorial.   <\/p><h2 class=\"wp-block-heading\"><span class=\"ez-toc-section\" id=\"Otimizar_a_gestao_de_talentos_para_apoiar_a_transferencia_no_sector_agroalimentar\"><\/span>Otimizar a gest\u00e3o de talentos para apoiar a transfer\u00eancia no sector agroalimentar<span class=\"ez-toc-section-end\"><\/span><\/h2><p>A governa\u00e7\u00e3o dos recursos humanos deve ser adaptada para apoiar uma din\u00e2mica de<strong>empenhamento sustent\u00e1vel<\/strong> dos trabalhadores. A gest\u00e3o de indicadores de desempenho ligados \u00e0 forma\u00e7\u00e3o profissional e ao desenvolvimento de compet\u00eancias facilita a tomada de decis\u00f5es informadas. <\/p><p>A utiliza\u00e7\u00e3o de uma plataforma especializada como o <a href=\"https:\/\/www.alumni.space\/pt-pt\/como-e-que-os-departamentos-de-rh-podem-antecipar-a-piramide-etaria\/\">alumni.space<\/a> permite industrializar o processo de gest\u00e3o e de anima\u00e7\u00e3o das comunidades internas e externas. Esta ferramenta digital permite uma segmenta\u00e7\u00e3o eficaz dos perfis, a cria\u00e7\u00e3o de pares mentor-mentorando e a organiza\u00e7\u00e3o de eventos espec\u00edficos para estimular o apoio m\u00fatuo e a transmiss\u00e3o. O painel de controlo simplifica <strong>o acompanhamento da conformidade<\/strong> e <strong>permite ganhar tempo<\/strong>.  <\/p><h3 class=\"wp-block-heading\"><span class=\"ez-toc-section\" id=\"Implementacao_operacional_e_melhores_praticas\"><\/span>Implementa\u00e7\u00e3o operacional e melhores pr\u00e1ticas<span class=\"ez-toc-section-end\"><\/span><\/h3><p>O sucesso da transfer\u00eancia de compet\u00eancias depende da regularidade das ac\u00e7\u00f5es. Um ritmo bem definido para as sess\u00f5es de forma\u00e7\u00e3o e partilha optimiza o desenvolvimento coletivo de compet\u00eancias. Uma defini\u00e7\u00e3o clara dos pap\u00e9is, desde os gestores de RH aos mentores, cria uma estrutura de governa\u00e7\u00e3o que \u00e9 simultaneamente capacitadora e de apoio.  <\/p><p>Os conte\u00fados propostos devem combinar conhecimentos t\u00e9cnicos, boas pr\u00e1ticas de qualidade alimentar e sensibiliza\u00e7\u00e3o para as quest\u00f5es <strong>do desenvolvimento sustent\u00e1vel<\/strong>. A cria\u00e7\u00e3o de uma <strong>biblioteca documental<\/strong> acess\u00edvel refor\u00e7a a mem\u00f3ria organizacional. \u00c9 igualmente vantajoso associar iniciativas de coopta\u00e7\u00e3o atrav\u00e9s da comunidade, favorecendo a reten\u00e7\u00e3o de talentos.  <\/p><p>Atualmente, os decisores do sector agroalimentar disp\u00f5em de toda a alavancagem digital necess\u00e1ria para responder a estas necessidades. Para preservar o seu capital de compet\u00eancias a longo prazo, \u00e9 necess\u00e1rio iniciar uma abordagem estruturada, acompanhada de ferramentas adaptadas \u00e0 especificidade do sector. Para mais informa\u00e7\u00f5es sobre a gest\u00e3o do saber-fazer artesanal na ind\u00fastria agroalimentar, consulta o <a href=\"https:\/\/www.alumni.space\/pt-pt\/como-e-que-podemos-preservar-o-saber-fazer-unico-dos-artesaos-industriais\/\">s\u00edtio alumni.space<\/a>.  <\/p>","protected":false},"excerpt":{"rendered":"<p>Quest\u00f5es-chave na transfer\u00eancia de compet\u00eancias no sector agroalimentarO sector agroalimentar  [&#8230;]<\/p>\n","protected":false},"author":1,"featured_media":5488,"comment_status":"closed","ping_status":"closed","sticky":false,"template":"","format":"standard","meta":{"_ayudawp_aiss_exclude":false,"footnotes":""},"categories":[69],"tags":[],"class_list":["post-5487","post","type-post","status-publish","format-standard","has-post-thumbnail","hentry","category-partilha-de-conhecimentos"],"yoast_head":"<!-- This site is optimized with the Yoast SEO plugin v27.4 - https:\/\/yoast.com\/product\/yoast-seo-wordpress\/ -->\n<title>Agroalimentar: responder ao desafio da transfer\u00eancia de compet\u00eancias<\/title>\n<meta name=\"description\" content=\"O sector agroalimentar est\u00e1 a responder ao desafio da transfer\u00eancia de compet\u00eancias para inovar e manter-se competitivo face aos desafios actuais.\" \/>\n<meta name=\"robots\" content=\"index, follow, max-snippet:-1, max-image-preview:large, max-video-preview:-1\" \/>\n<link rel=\"canonical\" href=\"https:\/\/www.alumni.space\/pt-pt\/o-sector-agroalimentar-enfrenta-o-desafio-da-transferencia-de-competencias\/\" \/>\n<meta property=\"og:locale\" content=\"pt_PT\" \/>\n<meta property=\"og:type\" content=\"article\" \/>\n<meta property=\"og:title\" content=\"Agroalimentar: responder ao desafio da transfer\u00eancia de compet\u00eancias\" \/>\n<meta property=\"og:description\" content=\"O sector agroalimentar est\u00e1 a responder ao desafio da transfer\u00eancia de compet\u00eancias para inovar e manter-se competitivo face aos desafios actuais.\" \/>\n<meta property=\"og:url\" content=\"https:\/\/www.alumni.space\/pt-pt\/o-sector-agroalimentar-enfrenta-o-desafio-da-transferencia-de-competencias\/\" \/>\n<meta property=\"og:site_name\" content=\"Alumni.space\" \/>\n<meta property=\"article:published_time\" content=\"2025-02-02T17:22:38+00:00\" \/>\n<meta property=\"article:modified_time\" content=\"2026-03-28T10:41:05+00:00\" \/>\n<meta property=\"og:image\" content=\"https:\/\/www.alumni.space\/wp-content\/uploads\/2026\/03\/Le-secteur-agroalimentaire-face-au-defi-du-transfert-des-competences.jpg\" \/>\n\t<meta property=\"og:image:width\" content=\"1280\" \/>\n\t<meta property=\"og:image:height\" content=\"768\" \/>\n\t<meta property=\"og:image:type\" content=\"image\/jpeg\" \/>\n<meta name=\"author\" content=\"admin\" \/>\n<meta name=\"twitter:card\" content=\"summary_large_image\" \/>\n<meta name=\"twitter:label1\" content=\"Escrito por\" \/>\n\t<meta name=\"twitter:data1\" content=\"admin\" \/>\n\t<meta name=\"twitter:label2\" content=\"Tempo estimado de leitura\" \/>\n\t<meta name=\"twitter:data2\" content=\"3 minutos\" \/>\n<script type=\"application\/ld+json\" class=\"yoast-schema-graph\">{\"@context\":\"https:\\\/\\\/schema.org\",\"@graph\":[{\"@type\":\"Article\",\"@id\":\"https:\\\/\\\/www.alumni.space\\\/pt-pt\\\/o-sector-agroalimentar-enfrenta-o-desafio-da-transferencia-de-competencias\\\/#article\",\"isPartOf\":{\"@id\":\"https:\\\/\\\/www.alumni.space\\\/pt-pt\\\/o-sector-agroalimentar-enfrenta-o-desafio-da-transferencia-de-competencias\\\/\"},\"author\":{\"name\":\"admin\",\"@id\":\"https:\\\/\\\/www.alumni.space\\\/pt-pt\\\/#\\\/schema\\\/person\\\/fede362a57876edda476a61f05ce5b15\"},\"headline\":\"O sector agroalimentar enfrenta o desafio da transfer\u00eancia de compet\u00eancias\",\"datePublished\":\"2025-02-02T17:22:38+00:00\",\"dateModified\":\"2026-03-28T10:41:05+00:00\",\"mainEntityOfPage\":{\"@id\":\"https:\\\/\\\/www.alumni.space\\\/pt-pt\\\/o-sector-agroalimentar-enfrenta-o-desafio-da-transferencia-de-competencias\\\/\"},\"wordCount\":634,\"image\":{\"@id\":\"https:\\\/\\\/www.alumni.space\\\/pt-pt\\\/o-sector-agroalimentar-enfrenta-o-desafio-da-transferencia-de-competencias\\\/#primaryimage\"},\"thumbnailUrl\":\"https:\\\/\\\/www.alumni.space\\\/wp-content\\\/uploads\\\/2026\\\/03\\\/Le-secteur-agroalimentaire-face-au-defi-du-transfert-des-competences.jpg\",\"articleSection\":[\"Partilha de conhecimentos\"],\"inLanguage\":\"pt-PT\"},{\"@type\":\"WebPage\",\"@id\":\"https:\\\/\\\/www.alumni.space\\\/pt-pt\\\/o-sector-agroalimentar-enfrenta-o-desafio-da-transferencia-de-competencias\\\/\",\"url\":\"https:\\\/\\\/www.alumni.space\\\/pt-pt\\\/o-sector-agroalimentar-enfrenta-o-desafio-da-transferencia-de-competencias\\\/\",\"name\":\"Agroalimentar: responder ao desafio da transfer\u00eancia de compet\u00eancias\",\"isPartOf\":{\"@id\":\"https:\\\/\\\/www.alumni.space\\\/pt-pt\\\/#website\"},\"primaryImageOfPage\":{\"@id\":\"https:\\\/\\\/www.alumni.space\\\/pt-pt\\\/o-sector-agroalimentar-enfrenta-o-desafio-da-transferencia-de-competencias\\\/#primaryimage\"},\"image\":{\"@id\":\"https:\\\/\\\/www.alumni.space\\\/pt-pt\\\/o-sector-agroalimentar-enfrenta-o-desafio-da-transferencia-de-competencias\\\/#primaryimage\"},\"thumbnailUrl\":\"https:\\\/\\\/www.alumni.space\\\/wp-content\\\/uploads\\\/2026\\\/03\\\/Le-secteur-agroalimentaire-face-au-defi-du-transfert-des-competences.jpg\",\"datePublished\":\"2025-02-02T17:22:38+00:00\",\"dateModified\":\"2026-03-28T10:41:05+00:00\",\"author\":{\"@id\":\"https:\\\/\\\/www.alumni.space\\\/pt-pt\\\/#\\\/schema\\\/person\\\/fede362a57876edda476a61f05ce5b15\"},\"description\":\"O sector agroalimentar est\u00e1 a responder ao desafio da transfer\u00eancia de compet\u00eancias para inovar e manter-se competitivo face aos desafios actuais.\",\"breadcrumb\":{\"@id\":\"https:\\\/\\\/www.alumni.space\\\/pt-pt\\\/o-sector-agroalimentar-enfrenta-o-desafio-da-transferencia-de-competencias\\\/#breadcrumb\"},\"inLanguage\":\"pt-PT\",\"potentialAction\":[{\"@type\":\"ReadAction\",\"target\":[\"https:\\\/\\\/www.alumni.space\\\/pt-pt\\\/o-sector-agroalimentar-enfrenta-o-desafio-da-transferencia-de-competencias\\\/\"]}]},{\"@type\":\"ImageObject\",\"inLanguage\":\"pt-PT\",\"@id\":\"https:\\\/\\\/www.alumni.space\\\/pt-pt\\\/o-sector-agroalimentar-enfrenta-o-desafio-da-transferencia-de-competencias\\\/#primaryimage\",\"url\":\"https:\\\/\\\/www.alumni.space\\\/wp-content\\\/uploads\\\/2026\\\/03\\\/Le-secteur-agroalimentaire-face-au-defi-du-transfert-des-competences.jpg\",\"contentUrl\":\"https:\\\/\\\/www.alumni.space\\\/wp-content\\\/uploads\\\/2026\\\/03\\\/Le-secteur-agroalimentaire-face-au-defi-du-transfert-des-competences.jpg\",\"width\":1280,\"height\":768,\"caption\":\"descobre como o sector agroalimentar est\u00e1 a responder ao desafio crucial da transfer\u00eancia de compet\u00eancias para garantir a sua inova\u00e7\u00e3o e competitividade.\"},{\"@type\":\"BreadcrumbList\",\"@id\":\"https:\\\/\\\/www.alumni.space\\\/pt-pt\\\/o-sector-agroalimentar-enfrenta-o-desafio-da-transferencia-de-competencias\\\/#breadcrumb\",\"itemListElement\":[{\"@type\":\"ListItem\",\"position\":1,\"name\":\"Home\",\"item\":\"https:\\\/\\\/www.alumni.space\\\/pt-pt\\\/plataforma-de-gestao-de-mentores-e-antigos-alunos\\\/\"},{\"@type\":\"ListItem\",\"position\":2,\"name\":\"O sector agroalimentar enfrenta o desafio da transfer\u00eancia de compet\u00eancias\"}]},{\"@type\":\"WebSite\",\"@id\":\"https:\\\/\\\/www.alumni.space\\\/pt-pt\\\/#website\",\"url\":\"https:\\\/\\\/www.alumni.space\\\/pt-pt\\\/\",\"name\":\"Alumni.space\",\"description\":\"My WordPress Blog\",\"potentialAction\":[{\"@type\":\"SearchAction\",\"target\":{\"@type\":\"EntryPoint\",\"urlTemplate\":\"https:\\\/\\\/www.alumni.space\\\/pt-pt\\\/?s={search_term_string}\"},\"query-input\":{\"@type\":\"PropertyValueSpecification\",\"valueRequired\":true,\"valueName\":\"search_term_string\"}}],\"inLanguage\":\"pt-PT\"},{\"@type\":\"Person\",\"@id\":\"https:\\\/\\\/www.alumni.space\\\/pt-pt\\\/#\\\/schema\\\/person\\\/fede362a57876edda476a61f05ce5b15\",\"name\":\"admin\",\"image\":{\"@type\":\"ImageObject\",\"inLanguage\":\"pt-PT\",\"@id\":\"https:\\\/\\\/secure.gravatar.com\\\/avatar\\\/318e234ae94f90d4d629428d6b983c08e31181c28f579e08a021180d759ea651?s=96&d=mm&r=g\",\"url\":\"https:\\\/\\\/secure.gravatar.com\\\/avatar\\\/318e234ae94f90d4d629428d6b983c08e31181c28f579e08a021180d759ea651?s=96&d=mm&r=g\",\"contentUrl\":\"https:\\\/\\\/secure.gravatar.com\\\/avatar\\\/318e234ae94f90d4d629428d6b983c08e31181c28f579e08a021180d759ea651?s=96&d=mm&r=g\",\"caption\":\"admin\"},\"description\":\"Nicolas Laustriat a construit sa sp\u00e9cialit\u00e9 sur un sujet que beaucoup d\u2019organisations d\u00e9couvrent trop tard : ce qui dispara\u00eet quand les gens partent. Dipl\u00f4m\u00e9 en conception de produit industriel, il bifurque vers le digital fin 1996, il couvre les transformations marques, RH, la fid\u00e9lisation, la marque employeur. Sur le terrain, il rep\u00e8re un angle mort r\u00e9current : l\u2019entreprise investit dans le recrutement, la formation, les process\u2026 puis laisse filer le lien au moment du d\u00e9part, avec une perte de savoir et d\u2019influence qui se paie en silence. Il se sp\u00e9cialise alors sur les communaut\u00e9s d\u2019alumni, le mentorat, l\u2019entraide interg\u00e9n\u00e9rationnelle et la transmission d\u2019expertise. Il passe du \u201cconstat\u201d aux m\u00e9thodes : animation, gouvernance, segmentation, rituels, mesure d\u2019engagement, articulation avec la RSE et l\u2019employabilit\u00e9. Il interviewe DRH, responsables formation, directions d\u2019\u00e9coles, associations et fondations, avec une obsession : transformer un r\u00e9seau dormant en m\u00e9canisme utile (cooptation, mentorat, job board, entraide, \u00e9v\u00e9nements, contenus). Son style : direct, orient\u00e9 action, sans folklore. Sa conviction : une communaut\u00e9 n\u2019a pas besoin de bruit, elle a besoin de raisons de revenir.\",\"sameAs\":[\"https:\\\/\\\/www.alumni.space\"]}]}<\/script>\n<!-- \/ Yoast SEO plugin. -->","yoast_head_json":{"title":"Agroalimentar: responder ao desafio da transfer\u00eancia de compet\u00eancias","description":"O sector agroalimentar est\u00e1 a responder ao desafio da transfer\u00eancia de compet\u00eancias para inovar e manter-se competitivo face aos desafios actuais.","robots":{"index":"index","follow":"follow","max-snippet":"max-snippet:-1","max-image-preview":"max-image-preview:large","max-video-preview":"max-video-preview:-1"},"canonical":"https:\/\/www.alumni.space\/pt-pt\/o-sector-agroalimentar-enfrenta-o-desafio-da-transferencia-de-competencias\/","og_locale":"pt_PT","og_type":"article","og_title":"Agroalimentar: responder ao desafio da transfer\u00eancia de compet\u00eancias","og_description":"O sector agroalimentar est\u00e1 a responder ao desafio da transfer\u00eancia de compet\u00eancias para inovar e manter-se competitivo face aos desafios actuais.","og_url":"https:\/\/www.alumni.space\/pt-pt\/o-sector-agroalimentar-enfrenta-o-desafio-da-transferencia-de-competencias\/","og_site_name":"Alumni.space","article_published_time":"2025-02-02T17:22:38+00:00","article_modified_time":"2026-03-28T10:41:05+00:00","og_image":[{"width":1280,"height":768,"url":"https:\/\/www.alumni.space\/wp-content\/uploads\/2026\/03\/Le-secteur-agroalimentaire-face-au-defi-du-transfert-des-competences.jpg","type":"image\/jpeg"}],"author":"admin","twitter_card":"summary_large_image","twitter_misc":{"Escrito por":"admin","Tempo estimado de leitura":"3 minutos"},"schema":{"@context":"https:\/\/schema.org","@graph":[{"@type":"Article","@id":"https:\/\/www.alumni.space\/pt-pt\/o-sector-agroalimentar-enfrenta-o-desafio-da-transferencia-de-competencias\/#article","isPartOf":{"@id":"https:\/\/www.alumni.space\/pt-pt\/o-sector-agroalimentar-enfrenta-o-desafio-da-transferencia-de-competencias\/"},"author":{"name":"admin","@id":"https:\/\/www.alumni.space\/pt-pt\/#\/schema\/person\/fede362a57876edda476a61f05ce5b15"},"headline":"O sector agroalimentar enfrenta o desafio da transfer\u00eancia de compet\u00eancias","datePublished":"2025-02-02T17:22:38+00:00","dateModified":"2026-03-28T10:41:05+00:00","mainEntityOfPage":{"@id":"https:\/\/www.alumni.space\/pt-pt\/o-sector-agroalimentar-enfrenta-o-desafio-da-transferencia-de-competencias\/"},"wordCount":634,"image":{"@id":"https:\/\/www.alumni.space\/pt-pt\/o-sector-agroalimentar-enfrenta-o-desafio-da-transferencia-de-competencias\/#primaryimage"},"thumbnailUrl":"https:\/\/www.alumni.space\/wp-content\/uploads\/2026\/03\/Le-secteur-agroalimentaire-face-au-defi-du-transfert-des-competences.jpg","articleSection":["Partilha de conhecimentos"],"inLanguage":"pt-PT"},{"@type":"WebPage","@id":"https:\/\/www.alumni.space\/pt-pt\/o-sector-agroalimentar-enfrenta-o-desafio-da-transferencia-de-competencias\/","url":"https:\/\/www.alumni.space\/pt-pt\/o-sector-agroalimentar-enfrenta-o-desafio-da-transferencia-de-competencias\/","name":"Agroalimentar: responder ao desafio da transfer\u00eancia de compet\u00eancias","isPartOf":{"@id":"https:\/\/www.alumni.space\/pt-pt\/#website"},"primaryImageOfPage":{"@id":"https:\/\/www.alumni.space\/pt-pt\/o-sector-agroalimentar-enfrenta-o-desafio-da-transferencia-de-competencias\/#primaryimage"},"image":{"@id":"https:\/\/www.alumni.space\/pt-pt\/o-sector-agroalimentar-enfrenta-o-desafio-da-transferencia-de-competencias\/#primaryimage"},"thumbnailUrl":"https:\/\/www.alumni.space\/wp-content\/uploads\/2026\/03\/Le-secteur-agroalimentaire-face-au-defi-du-transfert-des-competences.jpg","datePublished":"2025-02-02T17:22:38+00:00","dateModified":"2026-03-28T10:41:05+00:00","author":{"@id":"https:\/\/www.alumni.space\/pt-pt\/#\/schema\/person\/fede362a57876edda476a61f05ce5b15"},"description":"O sector agroalimentar est\u00e1 a responder ao desafio da transfer\u00eancia de compet\u00eancias para inovar e manter-se competitivo face aos desafios actuais.","breadcrumb":{"@id":"https:\/\/www.alumni.space\/pt-pt\/o-sector-agroalimentar-enfrenta-o-desafio-da-transferencia-de-competencias\/#breadcrumb"},"inLanguage":"pt-PT","potentialAction":[{"@type":"ReadAction","target":["https:\/\/www.alumni.space\/pt-pt\/o-sector-agroalimentar-enfrenta-o-desafio-da-transferencia-de-competencias\/"]}]},{"@type":"ImageObject","inLanguage":"pt-PT","@id":"https:\/\/www.alumni.space\/pt-pt\/o-sector-agroalimentar-enfrenta-o-desafio-da-transferencia-de-competencias\/#primaryimage","url":"https:\/\/www.alumni.space\/wp-content\/uploads\/2026\/03\/Le-secteur-agroalimentaire-face-au-defi-du-transfert-des-competences.jpg","contentUrl":"https:\/\/www.alumni.space\/wp-content\/uploads\/2026\/03\/Le-secteur-agroalimentaire-face-au-defi-du-transfert-des-competences.jpg","width":1280,"height":768,"caption":"descobre como o sector agroalimentar est\u00e1 a responder ao desafio crucial da transfer\u00eancia de compet\u00eancias para garantir a sua inova\u00e7\u00e3o e competitividade."},{"@type":"BreadcrumbList","@id":"https:\/\/www.alumni.space\/pt-pt\/o-sector-agroalimentar-enfrenta-o-desafio-da-transferencia-de-competencias\/#breadcrumb","itemListElement":[{"@type":"ListItem","position":1,"name":"Home","item":"https:\/\/www.alumni.space\/pt-pt\/plataforma-de-gestao-de-mentores-e-antigos-alunos\/"},{"@type":"ListItem","position":2,"name":"O sector agroalimentar enfrenta o desafio da transfer\u00eancia de compet\u00eancias"}]},{"@type":"WebSite","@id":"https:\/\/www.alumni.space\/pt-pt\/#website","url":"https:\/\/www.alumni.space\/pt-pt\/","name":"Alumni.space","description":"My WordPress Blog","potentialAction":[{"@type":"SearchAction","target":{"@type":"EntryPoint","urlTemplate":"https:\/\/www.alumni.space\/pt-pt\/?s={search_term_string}"},"query-input":{"@type":"PropertyValueSpecification","valueRequired":true,"valueName":"search_term_string"}}],"inLanguage":"pt-PT"},{"@type":"Person","@id":"https:\/\/www.alumni.space\/pt-pt\/#\/schema\/person\/fede362a57876edda476a61f05ce5b15","name":"admin","image":{"@type":"ImageObject","inLanguage":"pt-PT","@id":"https:\/\/secure.gravatar.com\/avatar\/318e234ae94f90d4d629428d6b983c08e31181c28f579e08a021180d759ea651?s=96&d=mm&r=g","url":"https:\/\/secure.gravatar.com\/avatar\/318e234ae94f90d4d629428d6b983c08e31181c28f579e08a021180d759ea651?s=96&d=mm&r=g","contentUrl":"https:\/\/secure.gravatar.com\/avatar\/318e234ae94f90d4d629428d6b983c08e31181c28f579e08a021180d759ea651?s=96&d=mm&r=g","caption":"admin"},"description":"Nicolas Laustriat a construit sa sp\u00e9cialit\u00e9 sur un sujet que beaucoup d\u2019organisations d\u00e9couvrent trop tard : ce qui dispara\u00eet quand les gens partent. Dipl\u00f4m\u00e9 en conception de produit industriel, il bifurque vers le digital fin 1996, il couvre les transformations marques, RH, la fid\u00e9lisation, la marque employeur. Sur le terrain, il rep\u00e8re un angle mort r\u00e9current : l\u2019entreprise investit dans le recrutement, la formation, les process\u2026 puis laisse filer le lien au moment du d\u00e9part, avec une perte de savoir et d\u2019influence qui se paie en silence. Il se sp\u00e9cialise alors sur les communaut\u00e9s d\u2019alumni, le mentorat, l\u2019entraide interg\u00e9n\u00e9rationnelle et la transmission d\u2019expertise. Il passe du \u201cconstat\u201d aux m\u00e9thodes : animation, gouvernance, segmentation, rituels, mesure d\u2019engagement, articulation avec la RSE et l\u2019employabilit\u00e9. Il interviewe DRH, responsables formation, directions d\u2019\u00e9coles, associations et fondations, avec une obsession : transformer un r\u00e9seau dormant en m\u00e9canisme utile (cooptation, mentorat, job board, entraide, \u00e9v\u00e9nements, contenus). Son style : direct, orient\u00e9 action, sans folklore. Sa conviction : une communaut\u00e9 n\u2019a pas besoin de bruit, elle a besoin de raisons de revenir.","sameAs":["https:\/\/www.alumni.space"]}]}},"_links":{"self":[{"href":"https:\/\/www.alumni.space\/pt-pt\/wp-json\/wp\/v2\/posts\/5487","targetHints":{"allow":["GET"]}}],"collection":[{"href":"https:\/\/www.alumni.space\/pt-pt\/wp-json\/wp\/v2\/posts"}],"about":[{"href":"https:\/\/www.alumni.space\/pt-pt\/wp-json\/wp\/v2\/types\/post"}],"author":[{"embeddable":true,"href":"https:\/\/www.alumni.space\/pt-pt\/wp-json\/wp\/v2\/users\/1"}],"replies":[{"embeddable":true,"href":"https:\/\/www.alumni.space\/pt-pt\/wp-json\/wp\/v2\/comments?post=5487"}],"version-history":[{"count":1,"href":"https:\/\/www.alumni.space\/pt-pt\/wp-json\/wp\/v2\/posts\/5487\/revisions"}],"predecessor-version":[{"id":5490,"href":"https:\/\/www.alumni.space\/pt-pt\/wp-json\/wp\/v2\/posts\/5487\/revisions\/5490"}],"wp:featuredmedia":[{"embeddable":true,"href":"https:\/\/www.alumni.space\/pt-pt\/wp-json\/wp\/v2\/media\/5488"}],"wp:attachment":[{"href":"https:\/\/www.alumni.space\/pt-pt\/wp-json\/wp\/v2\/media?parent=5487"}],"wp:term":[{"taxonomy":"category","embeddable":true,"href":"https:\/\/www.alumni.space\/pt-pt\/wp-json\/wp\/v2\/categories?post=5487"},{"taxonomy":"post_tag","embeddable":true,"href":"https:\/\/www.alumni.space\/pt-pt\/wp-json\/wp\/v2\/tags?post=5487"}],"curies":[{"name":"wp","href":"https:\/\/api.w.org\/{rel}","templated":true}]}}