{"id":5462,"date":"2025-03-07T06:29:47","date_gmt":"2025-03-07T06:29:47","guid":{"rendered":"https:\/\/www.alumni.space\/erros-a-evitar-se-queres-que-o-teu-programa-de-mentoria-empresarial-seja-bem-sucedido\/"},"modified":"2026-04-02T12:05:30","modified_gmt":"2026-04-02T12:05:30","slug":"erros-a-evitar-se-queres-que-o-teu-programa-de-mentoria-empresarial-seja-bem-sucedido","status":"publish","type":"post","link":"https:\/\/www.alumni.space\/pt-pt\/erros-a-evitar-se-queres-que-o-teu-programa-de-mentoria-empresarial-seja-bem-sucedido\/","title":{"rendered":"Erros a evitar se queres que o teu programa de mentoria empresarial seja bem sucedido"},"content":{"rendered":"<p>O lan\u00e7amento de uma iniciativa de partilha de conhecimentos numa organiza\u00e7\u00e3o parece, por vezes, uma expedi\u00e7\u00e3o sem b\u00fassola. Muitas organiza\u00e7\u00f5es precipitam-se sem definir o terreno, o que resulta em desilus\u00e3o e desinteresse. O <strong>\u00eaxito de<\/strong> um projeto deste tipo depende mais de uma arquitetura s\u00f3lida do que da mera boa vontade dos participantes.  <\/p><div id=\"ez-toc-container\" class=\"ez-toc-v2_0_82_2 counter-flat ez-toc-counter ez-toc-grey ez-toc-container-direction\">\n<div class=\"ez-toc-title-container\"><p class=\"ez-toc-title\" style=\"cursor:inherit\">\u00cdndice deste artigo:<\/p>\n<\/div><nav><ul class='ez-toc-list ez-toc-list-level-1 ' ><li class='ez-toc-page-1'><a class=\"ez-toc-link ez-toc-heading-1\" href=\"https:\/\/www.alumni.space\/pt-pt\/erros-a-evitar-se-queres-que-o-teu-programa-de-mentoria-empresarial-seja-bem-sucedido\/#Os_pontos_cegos_que_arruinam_o_teu_programa\" >Os pontos cegos que arru\u00ednam o teu programa<\/a><\/li><li class='ez-toc-page-1'><a class=\"ez-toc-link ez-toc-heading-2\" href=\"https:\/\/www.alumni.space\/pt-pt\/erros-a-evitar-se-queres-que-o-teu-programa-de-mentoria-empresarial-seja-bem-sucedido\/#O_fiasco_do_par_incompativel\" >O fiasco do par incompat\u00edvel<\/a><\/li><li class='ez-toc-page-1'><a class=\"ez-toc-link ez-toc-heading-3\" href=\"https:\/\/www.alumni.space\/pt-pt\/erros-a-evitar-se-queres-que-o-teu-programa-de-mentoria-empresarial-seja-bem-sucedido\/#Gerir_o_compromisso_ao_longo_do_tempo\" >Gerir o compromisso ao longo do tempo<\/a><\/li><li class='ez-toc-page-1'><a class=\"ez-toc-link ez-toc-heading-4\" href=\"https:\/\/www.alumni.space\/pt-pt\/erros-a-evitar-se-queres-que-o-teu-programa-de-mentoria-empresarial-seja-bem-sucedido\/#A_tecnologia_ao_servico_das_pessoas\" >A tecnologia ao servi\u00e7o das pessoas<\/a><\/li><\/ul><\/nav><\/div>\n<h2 class=\"wp-block-heading\"><span class=\"ez-toc-section\" id=\"Os_pontos_cegos_que_arruinam_o_teu_programa\"><\/span>Os pontos cegos que arru\u00ednam o teu programa<span class=\"ez-toc-section-end\"><\/span><\/h2><p>A indefini\u00e7\u00e3o art\u00edstica dos <strong>objectivos<\/strong> \u00e9 o primeiro grande obst\u00e1culo. Sem um destino preciso, os volunt\u00e1rios vagueiam sem compreender o valor acrescentado do seu investimento. Um gestor que n\u00e3o conhece a finalidade da sua a\u00e7\u00e3o acaba por negligenciar as suas reuni\u00f5es, dando prioridade \u00e0s suas prioridades operacionais. <strong>Uma comunica\u00e7\u00e3o<\/strong> transparente e regular d\u00e1 sentido a todas as trocas.   <\/p><p>O testemunho de Pascal Vanlaethem, da Sequens, ilustra esta necessidade de estrutura\u00e7\u00e3o. Ap\u00f3s a fus\u00e3o de v\u00e1rias entidades, a empresa de habita\u00e7\u00e3o social tinha 1500 empregados de diferentes origens culturais. A introdu\u00e7\u00e3o do apoio personalizado transformou estas diferen\u00e7as em alavancas de crescimento. As rela\u00e7\u00f5es profissionais tornaram-se muito mais fluidas, provando que uma <strong>tutoria<\/strong> bem gerida pode unir equipas fragmentadas.   <\/p><figure class=\"wp-block-image size-full\"><img decoding=\"async\" width=\"1280\" height=\"768\" src=\"https:\/\/www.alumni.space\/wp-content\/uploads\/2026\/03\/Les-erreurs-a-eviter-pour-reussir-votre-programme-de-mentorat-dentreprise-1.jpg\" data-orig-src=\"https:\/\/www.alumni.space\/wp-content\/uploads\/2026\/03\/Les-erreurs-a-eviter-pour-reussir-votre-programme-de-mentorat-dentreprise-1.jpg\" alt=\"Descobre os erros comuns a evitar para garantir o sucesso do teu programa de mentoria empresarial e maximizar o impacto nos teus colaboradores.\" class=\"lazyload wp-image-3507\" srcset=\"data:image\/svg+xml,%3Csvg%20xmlns%3D%27http%3A%2F%2Fwww.w3.org%2F2000%2Fsvg%27%20width%3D%271280%27%20height%3D%27768%27%20viewBox%3D%270%200%201280%20768%27%3E%3Crect%20width%3D%271280%27%20height%3D%27768%27%20fill-opacity%3D%220%22%2F%3E%3C%2Fsvg%3E\" data-srcset=\"https:\/\/www.alumni.space\/wp-content\/uploads\/2026\/03\/Les-erreurs-a-eviter-pour-reussir-votre-programme-de-mentorat-dentreprise-1-200x120.jpg 200w, https:\/\/www.alumni.space\/wp-content\/uploads\/2026\/03\/Les-erreurs-a-eviter-pour-reussir-votre-programme-de-mentorat-dentreprise-1-300x180.jpg 300w, https:\/\/www.alumni.space\/wp-content\/uploads\/2026\/03\/Les-erreurs-a-eviter-pour-reussir-votre-programme-de-mentorat-dentreprise-1-400x240.jpg 400w, https:\/\/www.alumni.space\/wp-content\/uploads\/2026\/03\/Les-erreurs-a-eviter-pour-reussir-votre-programme-de-mentorat-dentreprise-1-600x360.jpg 600w, https:\/\/www.alumni.space\/wp-content\/uploads\/2026\/03\/Les-erreurs-a-eviter-pour-reussir-votre-programme-de-mentorat-dentreprise-1-768x461.jpg 768w, https:\/\/www.alumni.space\/wp-content\/uploads\/2026\/03\/Les-erreurs-a-eviter-pour-reussir-votre-programme-de-mentorat-dentreprise-1-800x480.jpg 800w, https:\/\/www.alumni.space\/wp-content\/uploads\/2026\/03\/Les-erreurs-a-eviter-pour-reussir-votre-programme-de-mentorat-dentreprise-1-1024x614.jpg 1024w, https:\/\/www.alumni.space\/wp-content\/uploads\/2026\/03\/Les-erreurs-a-eviter-pour-reussir-votre-programme-de-mentorat-dentreprise-1-1200x720.jpg 1200w, https:\/\/www.alumni.space\/wp-content\/uploads\/2026\/03\/Les-erreurs-a-eviter-pour-reussir-votre-programme-de-mentorat-dentreprise-1.jpg 1280w\" data-sizes=\"auto\" data-orig-sizes=\"(max-width: 1280px) 100vw, 1280px\" \/><\/figure><h3 class=\"wp-block-heading\"><span class=\"ez-toc-section\" id=\"O_fiasco_do_par_incompativel\"><\/span>O fiasco do par incompat\u00edvel<span class=\"ez-toc-section-end\"><\/span><\/h3><p>Uma m\u00e1 combina\u00e7\u00e3o entre dois indiv\u00edduos sabota a iniciativa desde o in\u00edcio. Se as compet\u00eancias ou os temperamentos divergem demasiado, a <strong>rela\u00e7\u00e3o entre o mentor e o mentorando<\/strong> enfraquece rapidamente. Esta falta de afinidade cria uma barreira intranspon\u00edvel, tornando as discuss\u00f5es est\u00e9reis. \u00c9 essencial assegurar uma boa correspond\u00eancia entre o mentor e o mentorado, de modo a gerar entusiasmo m\u00fatuo.   <\/p><p>A falta de prepara\u00e7\u00e3o tamb\u00e9m prejudica a qualidade dos debates. Um participante que chegue a uma reuni\u00e3o de m\u00e3os vazias sair\u00e1 frustrado. A cria\u00e7\u00e3o de valor passa pela antecipa\u00e7\u00e3o dos temas a discutir. Para evitar <a href=\"https:\/\/www.alumni.space\/pt-pt\/erros-a-evitar-se-queres-que-o-teu-programa-de-mentoria-empresarial-seja-bem-sucedido\/\">certas falhas cl\u00e1ssicas<\/a>, cada membro deve dispor de ferramentas simples para estruturar o seu di\u00e1logo e otimizar o seu tempo de interven\u00e7\u00e3o.   <\/p><h2 class=\"wp-block-heading\"><span class=\"ez-toc-section\" id=\"Gerir_o_compromisso_ao_longo_do_tempo\"><\/span>Gerir o compromisso ao longo do tempo<span class=\"ez-toc-section-end\"><\/span><\/h2><p>A frequ\u00eancia das reuni\u00f5es desempenha um papel decisivo na sobreviv\u00eancia do <strong>programa<\/strong>. Sess\u00f5es demasiado espa\u00e7adas diluem o impacto dos conselhos e quebram a din\u00e2mica do progresso. Por outro lado, um ritmo demasiado acelerado sufoca os di\u00e1rios. Encontrar o equil\u00edbrio certo permite manter <strong>um empenhamento<\/strong> constante sem sobrecarregar as agendas j\u00e1 ocupadas dos talentos.   <\/p><p>Outro perigo insidioso \u00e9 a dispers\u00e3o da informa\u00e7\u00e3o. Se as notas, os recursos e os calend\u00e1rios estiverem espalhados entre e-mails e v\u00e1rios ficheiros, a confus\u00e3o instala-se. Uma centraliza\u00e7\u00e3o fluida dos dados ajuda a manter o rumo certo. Os decisores que procuram <a href=\"https:\/\/www.alumni.space\/pt-pt\/5-exemplos-de-grandes-empresas-que-tiveram-sucesso-gracas-ao-mentoring\/\">o sucesso coletivo<\/a> preferem frequentemente uma ferramenta dedicada para evitar este caos log\u00edstico.   <\/p><p>A confidencialidade continua a ser a pedra angular da confian\u00e7a. Se n\u00e3o houver garantias de que o que \u00e9 dito permanecer\u00e1 privado, as pessoas n\u00e3o falar\u00e3o. Os trabalhadores t\u00eam relut\u00e2ncia em partilhar as suas verdadeiras dificuldades por receio de serem julgados. Assegurar estes espa\u00e7os de discuss\u00e3o liberta o discurso e favorece um verdadeiro desenvolvimento da<strong>empresa<\/strong>.   <\/p><h3 class=\"wp-block-heading\"><span class=\"ez-toc-section\" id=\"A_tecnologia_ao_servico_das_pessoas\"><\/span>A tecnologia ao servi\u00e7o das pessoas<span class=\"ez-toc-section-end\"><\/span><\/h3><p>Industrializar estes interc\u00e2mbios sem perder a centelha humana exige um m\u00e9todo rigoroso. A utiliza\u00e7\u00e3o de uma plataforma como alumni.space simplifica radicalmente a <strong>gest\u00e3o de um programa de tutoria<\/strong>. Este tipo de solu\u00e7\u00e3o SaaS re\u00fane perfis, gere eventos e oferece um quadro de empregos integrado. Transforma uma folha de c\u00e1lculo complexa numa comunidade viva e respir\u00e1vel.   <\/p><p>Um sistema dedicado de apoio e de antigos alunos ligado aos pilares sociais est\u00e1 a transformar a organiza\u00e7\u00e3o. Este sistema estende a a\u00e7\u00e3o para al\u00e9m dos muros contratuais: partilha de experi\u00eancias, inclus\u00e3o entre gera\u00e7\u00f5es, ajuda ao regresso ao emprego. A perda de conhecimentos \u00e9 evitada, aproveitando a experi\u00eancia dos trabalhadores mais velhos. A imagem de marca tamb\u00e9m beneficia, com um acolhimento caloroso, percursos de carreira harmoniosos e verdadeiros embaixadores. Isto aumenta a atra\u00e7\u00e3o e a reten\u00e7\u00e3o de candidatos. M\u00e9tricas precisas validam a ades\u00e3o da equipa.     <\/p><p>Investir na <strong>monitoriza\u00e7\u00e3o<\/strong> da qualidade evita que o projeto se torne uma casca vazia. As ferramentas modernas oferecem indicadores de desempenho inestim\u00e1veis para os RH e para a gest\u00e3o. Mostram as taxas de participa\u00e7\u00e3o e o feedback em tempo real, permitindo a realiza\u00e7\u00e3o de ajustes r\u00e1pidos. Em 2026, a agilidade na gest\u00e3o de talentos tornar-se-\u00e1 uma grande vantagem competitiva.   <\/p><p>Para transformar os teus empregados em verdadeiros embaixadores e otimizar a transmiss\u00e3o de conhecimentos, \u00e9 essencial uma abordagem estruturada. Evita os <strong>erros<\/strong> da juventude, adoptando os rituais certos desde o in\u00edcio. Est\u00e1s pronto para mergulhar?  <\/p><p><strong>Solicita uma demonstra\u00e7\u00e3o<\/strong><\/p><p><strong>Recebe uma oferta personalizada<\/strong><\/p><p>Para mais informa\u00e7\u00f5es, descobre como <a href=\"https:\/\/www.cegos.fr\/ressources\/mag\/formation-2\/programme-de-mentorat-pourquoi-et-comment-le-lancer\">lan\u00e7ar o processo de<\/a> forma eficaz ou consulta este guia para <a href=\"https:\/\/www.manager-go.com\/management\/mentorat-entreprise.htm\">gerir o regime<\/a> no local de trabalho.<\/p>","protected":false},"excerpt":{"rendered":"<p>O lan\u00e7amento de uma iniciativa de partilha de conhecimentos numa  [&#8230;]<\/p>\n","protected":false},"author":1,"featured_media":5465,"comment_status":"closed","ping_status":"","sticky":false,"template":"","format":"standard","meta":{"_ayudawp_aiss_exclude":false,"footnotes":""},"categories":[68],"tags":[],"class_list":["post-5462","post","type-post","status-publish","format-standard","has-post-thumbnail","hentry","category-mentoria"],"yoast_head":"<!-- This site is optimized with the Yoast SEO plugin v27.4 - https:\/\/yoast.com\/product\/yoast-seo-wordpress\/ -->\n<title>Mentoria empresarial: erros a evitar se queres ter sucesso<\/title>\n<meta name=\"description\" content=\"Descobre os erros a evitar para que o teu programa de mentoria empresarial seja um sucesso e maximize o impacto no desenvolvimento de talentos.\" \/>\n<meta name=\"robots\" content=\"index, follow, max-snippet:-1, max-image-preview:large, max-video-preview:-1\" \/>\n<link rel=\"canonical\" href=\"https:\/\/www.alumni.space\/pt-pt\/erros-a-evitar-se-queres-que-o-teu-programa-de-mentoria-empresarial-seja-bem-sucedido\/\" \/>\n<meta property=\"og:locale\" content=\"pt_PT\" \/>\n<meta property=\"og:type\" content=\"article\" \/>\n<meta property=\"og:title\" content=\"Mentoria empresarial: erros a evitar se queres ter sucesso\" \/>\n<meta property=\"og:description\" content=\"Descobre os erros a evitar para que o teu programa de mentoria empresarial seja um sucesso e maximize o impacto no desenvolvimento de talentos.\" \/>\n<meta property=\"og:url\" content=\"https:\/\/www.alumni.space\/pt-pt\/erros-a-evitar-se-queres-que-o-teu-programa-de-mentoria-empresarial-seja-bem-sucedido\/\" \/>\n<meta property=\"og:site_name\" content=\"Alumni.space\" \/>\n<meta property=\"article:published_time\" content=\"2025-03-07T06:29:47+00:00\" \/>\n<meta property=\"article:modified_time\" content=\"2026-04-02T12:05:30+00:00\" \/>\n<meta property=\"og:image\" content=\"https:\/\/www.alumni.space\/wp-content\/uploads\/2026\/03\/Les-erreurs-a-eviter-pour-reussir-votre-programme-de-mentorat-dentreprise.jpg\" \/>\n\t<meta property=\"og:image:width\" content=\"1280\" \/>\n\t<meta property=\"og:image:height\" content=\"768\" \/>\n\t<meta property=\"og:image:type\" content=\"image\/jpeg\" \/>\n<meta name=\"author\" content=\"admin\" \/>\n<meta name=\"twitter:card\" content=\"summary_large_image\" \/>\n<meta name=\"twitter:label1\" content=\"Escrito por\" \/>\n\t<meta name=\"twitter:data1\" content=\"admin\" \/>\n\t<meta name=\"twitter:label2\" content=\"Tempo estimado de leitura\" \/>\n\t<meta name=\"twitter:data2\" content=\"4 minutos\" \/>\n<script type=\"application\/ld+json\" class=\"yoast-schema-graph\">{\"@context\":\"https:\\\/\\\/schema.org\",\"@graph\":[{\"@type\":\"Article\",\"@id\":\"https:\\\/\\\/www.alumni.space\\\/pt-pt\\\/erros-a-evitar-se-queres-que-o-teu-programa-de-mentoria-empresarial-seja-bem-sucedido\\\/#article\",\"isPartOf\":{\"@id\":\"https:\\\/\\\/www.alumni.space\\\/pt-pt\\\/erros-a-evitar-se-queres-que-o-teu-programa-de-mentoria-empresarial-seja-bem-sucedido\\\/\"},\"author\":{\"name\":\"admin\",\"@id\":\"https:\\\/\\\/www.alumni.space\\\/pt-pt\\\/#\\\/schema\\\/person\\\/fede362a57876edda476a61f05ce5b15\"},\"headline\":\"Erros a evitar se queres que o teu programa de mentoria empresarial seja bem sucedido\",\"datePublished\":\"2025-03-07T06:29:47+00:00\",\"dateModified\":\"2026-04-02T12:05:30+00:00\",\"mainEntityOfPage\":{\"@id\":\"https:\\\/\\\/www.alumni.space\\\/pt-pt\\\/erros-a-evitar-se-queres-que-o-teu-programa-de-mentoria-empresarial-seja-bem-sucedido\\\/\"},\"wordCount\":848,\"image\":{\"@id\":\"https:\\\/\\\/www.alumni.space\\\/pt-pt\\\/erros-a-evitar-se-queres-que-o-teu-programa-de-mentoria-empresarial-seja-bem-sucedido\\\/#primaryimage\"},\"thumbnailUrl\":\"https:\\\/\\\/www.alumni.space\\\/wp-content\\\/uploads\\\/2026\\\/03\\\/Les-erreurs-a-eviter-pour-reussir-votre-programme-de-mentorat-dentreprise.jpg\",\"articleSection\":[\"Mentoria\"],\"inLanguage\":\"pt-PT\"},{\"@type\":\"WebPage\",\"@id\":\"https:\\\/\\\/www.alumni.space\\\/pt-pt\\\/erros-a-evitar-se-queres-que-o-teu-programa-de-mentoria-empresarial-seja-bem-sucedido\\\/\",\"url\":\"https:\\\/\\\/www.alumni.space\\\/pt-pt\\\/erros-a-evitar-se-queres-que-o-teu-programa-de-mentoria-empresarial-seja-bem-sucedido\\\/\",\"name\":\"Mentoria empresarial: erros a evitar se queres ter sucesso\",\"isPartOf\":{\"@id\":\"https:\\\/\\\/www.alumni.space\\\/pt-pt\\\/#website\"},\"primaryImageOfPage\":{\"@id\":\"https:\\\/\\\/www.alumni.space\\\/pt-pt\\\/erros-a-evitar-se-queres-que-o-teu-programa-de-mentoria-empresarial-seja-bem-sucedido\\\/#primaryimage\"},\"image\":{\"@id\":\"https:\\\/\\\/www.alumni.space\\\/pt-pt\\\/erros-a-evitar-se-queres-que-o-teu-programa-de-mentoria-empresarial-seja-bem-sucedido\\\/#primaryimage\"},\"thumbnailUrl\":\"https:\\\/\\\/www.alumni.space\\\/wp-content\\\/uploads\\\/2026\\\/03\\\/Les-erreurs-a-eviter-pour-reussir-votre-programme-de-mentorat-dentreprise.jpg\",\"datePublished\":\"2025-03-07T06:29:47+00:00\",\"dateModified\":\"2026-04-02T12:05:30+00:00\",\"author\":{\"@id\":\"https:\\\/\\\/www.alumni.space\\\/pt-pt\\\/#\\\/schema\\\/person\\\/fede362a57876edda476a61f05ce5b15\"},\"description\":\"Descobre os erros a evitar para que o teu programa de mentoria empresarial seja um sucesso e maximize o impacto no desenvolvimento de talentos.\",\"breadcrumb\":{\"@id\":\"https:\\\/\\\/www.alumni.space\\\/pt-pt\\\/erros-a-evitar-se-queres-que-o-teu-programa-de-mentoria-empresarial-seja-bem-sucedido\\\/#breadcrumb\"},\"inLanguage\":\"pt-PT\",\"potentialAction\":[{\"@type\":\"ReadAction\",\"target\":[\"https:\\\/\\\/www.alumni.space\\\/pt-pt\\\/erros-a-evitar-se-queres-que-o-teu-programa-de-mentoria-empresarial-seja-bem-sucedido\\\/\"]}]},{\"@type\":\"ImageObject\",\"inLanguage\":\"pt-PT\",\"@id\":\"https:\\\/\\\/www.alumni.space\\\/pt-pt\\\/erros-a-evitar-se-queres-que-o-teu-programa-de-mentoria-empresarial-seja-bem-sucedido\\\/#primaryimage\",\"url\":\"https:\\\/\\\/www.alumni.space\\\/wp-content\\\/uploads\\\/2026\\\/03\\\/Les-erreurs-a-eviter-pour-reussir-votre-programme-de-mentorat-dentreprise.jpg\",\"contentUrl\":\"https:\\\/\\\/www.alumni.space\\\/wp-content\\\/uploads\\\/2026\\\/03\\\/Les-erreurs-a-eviter-pour-reussir-votre-programme-de-mentorat-dentreprise.jpg\",\"width\":1280,\"height\":768,\"caption\":\"descobre os erros comuns a evitar para garantir o sucesso do teu programa de mentoria empresarial e maximizar o seu impacto.\"},{\"@type\":\"BreadcrumbList\",\"@id\":\"https:\\\/\\\/www.alumni.space\\\/pt-pt\\\/erros-a-evitar-se-queres-que-o-teu-programa-de-mentoria-empresarial-seja-bem-sucedido\\\/#breadcrumb\",\"itemListElement\":[{\"@type\":\"ListItem\",\"position\":1,\"name\":\"Home\",\"item\":\"https:\\\/\\\/www.alumni.space\\\/pt-pt\\\/plataforma-de-gestao-de-mentores-e-antigos-alunos\\\/\"},{\"@type\":\"ListItem\",\"position\":2,\"name\":\"Erros a evitar se queres que o teu programa de mentoria empresarial seja bem sucedido\"}]},{\"@type\":\"WebSite\",\"@id\":\"https:\\\/\\\/www.alumni.space\\\/pt-pt\\\/#website\",\"url\":\"https:\\\/\\\/www.alumni.space\\\/pt-pt\\\/\",\"name\":\"Alumni.space\",\"description\":\"My WordPress Blog\",\"potentialAction\":[{\"@type\":\"SearchAction\",\"target\":{\"@type\":\"EntryPoint\",\"urlTemplate\":\"https:\\\/\\\/www.alumni.space\\\/pt-pt\\\/?s={search_term_string}\"},\"query-input\":{\"@type\":\"PropertyValueSpecification\",\"valueRequired\":true,\"valueName\":\"search_term_string\"}}],\"inLanguage\":\"pt-PT\"},{\"@type\":\"Person\",\"@id\":\"https:\\\/\\\/www.alumni.space\\\/pt-pt\\\/#\\\/schema\\\/person\\\/fede362a57876edda476a61f05ce5b15\",\"name\":\"admin\",\"image\":{\"@type\":\"ImageObject\",\"inLanguage\":\"pt-PT\",\"@id\":\"https:\\\/\\\/secure.gravatar.com\\\/avatar\\\/318e234ae94f90d4d629428d6b983c08e31181c28f579e08a021180d759ea651?s=96&d=mm&r=g\",\"url\":\"https:\\\/\\\/secure.gravatar.com\\\/avatar\\\/318e234ae94f90d4d629428d6b983c08e31181c28f579e08a021180d759ea651?s=96&d=mm&r=g\",\"contentUrl\":\"https:\\\/\\\/secure.gravatar.com\\\/avatar\\\/318e234ae94f90d4d629428d6b983c08e31181c28f579e08a021180d759ea651?s=96&d=mm&r=g\",\"caption\":\"admin\"},\"description\":\"Nicolas Laustriat a construit sa sp\u00e9cialit\u00e9 sur un sujet que beaucoup d\u2019organisations d\u00e9couvrent trop tard : ce qui dispara\u00eet quand les gens partent. Dipl\u00f4m\u00e9 en conception de produit industriel, il bifurque vers le digital fin 1996, il couvre les transformations marques, RH, la fid\u00e9lisation, la marque employeur. Sur le terrain, il rep\u00e8re un angle mort r\u00e9current : l\u2019entreprise investit dans le recrutement, la formation, les process\u2026 puis laisse filer le lien au moment du d\u00e9part, avec une perte de savoir et d\u2019influence qui se paie en silence. Il se sp\u00e9cialise alors sur les communaut\u00e9s d\u2019alumni, le mentorat, l\u2019entraide interg\u00e9n\u00e9rationnelle et la transmission d\u2019expertise. Il passe du \u201cconstat\u201d aux m\u00e9thodes : animation, gouvernance, segmentation, rituels, mesure d\u2019engagement, articulation avec la RSE et l\u2019employabilit\u00e9. Il interviewe DRH, responsables formation, directions d\u2019\u00e9coles, associations et fondations, avec une obsession : transformer un r\u00e9seau dormant en m\u00e9canisme utile (cooptation, mentorat, job board, entraide, \u00e9v\u00e9nements, contenus). Son style : direct, orient\u00e9 action, sans folklore. Sa conviction : une communaut\u00e9 n\u2019a pas besoin de bruit, elle a besoin de raisons de revenir.\",\"sameAs\":[\"https:\\\/\\\/www.alumni.space\"]}]}<\/script>\n<!-- \/ Yoast SEO plugin. -->","yoast_head_json":{"title":"Mentoria empresarial: erros a evitar se queres ter sucesso","description":"Descobre os erros a evitar para que o teu programa de mentoria empresarial seja um sucesso e maximize o impacto no desenvolvimento de talentos.","robots":{"index":"index","follow":"follow","max-snippet":"max-snippet:-1","max-image-preview":"max-image-preview:large","max-video-preview":"max-video-preview:-1"},"canonical":"https:\/\/www.alumni.space\/pt-pt\/erros-a-evitar-se-queres-que-o-teu-programa-de-mentoria-empresarial-seja-bem-sucedido\/","og_locale":"pt_PT","og_type":"article","og_title":"Mentoria empresarial: erros a evitar se queres ter sucesso","og_description":"Descobre os erros a evitar para que o teu programa de mentoria empresarial seja um sucesso e maximize o impacto no desenvolvimento de talentos.","og_url":"https:\/\/www.alumni.space\/pt-pt\/erros-a-evitar-se-queres-que-o-teu-programa-de-mentoria-empresarial-seja-bem-sucedido\/","og_site_name":"Alumni.space","article_published_time":"2025-03-07T06:29:47+00:00","article_modified_time":"2026-04-02T12:05:30+00:00","og_image":[{"width":1280,"height":768,"url":"https:\/\/www.alumni.space\/wp-content\/uploads\/2026\/03\/Les-erreurs-a-eviter-pour-reussir-votre-programme-de-mentorat-dentreprise.jpg","type":"image\/jpeg"}],"author":"admin","twitter_card":"summary_large_image","twitter_misc":{"Escrito por":"admin","Tempo estimado de leitura":"4 minutos"},"schema":{"@context":"https:\/\/schema.org","@graph":[{"@type":"Article","@id":"https:\/\/www.alumni.space\/pt-pt\/erros-a-evitar-se-queres-que-o-teu-programa-de-mentoria-empresarial-seja-bem-sucedido\/#article","isPartOf":{"@id":"https:\/\/www.alumni.space\/pt-pt\/erros-a-evitar-se-queres-que-o-teu-programa-de-mentoria-empresarial-seja-bem-sucedido\/"},"author":{"name":"admin","@id":"https:\/\/www.alumni.space\/pt-pt\/#\/schema\/person\/fede362a57876edda476a61f05ce5b15"},"headline":"Erros a evitar se queres que o teu programa de mentoria empresarial seja bem sucedido","datePublished":"2025-03-07T06:29:47+00:00","dateModified":"2026-04-02T12:05:30+00:00","mainEntityOfPage":{"@id":"https:\/\/www.alumni.space\/pt-pt\/erros-a-evitar-se-queres-que-o-teu-programa-de-mentoria-empresarial-seja-bem-sucedido\/"},"wordCount":848,"image":{"@id":"https:\/\/www.alumni.space\/pt-pt\/erros-a-evitar-se-queres-que-o-teu-programa-de-mentoria-empresarial-seja-bem-sucedido\/#primaryimage"},"thumbnailUrl":"https:\/\/www.alumni.space\/wp-content\/uploads\/2026\/03\/Les-erreurs-a-eviter-pour-reussir-votre-programme-de-mentorat-dentreprise.jpg","articleSection":["Mentoria"],"inLanguage":"pt-PT"},{"@type":"WebPage","@id":"https:\/\/www.alumni.space\/pt-pt\/erros-a-evitar-se-queres-que-o-teu-programa-de-mentoria-empresarial-seja-bem-sucedido\/","url":"https:\/\/www.alumni.space\/pt-pt\/erros-a-evitar-se-queres-que-o-teu-programa-de-mentoria-empresarial-seja-bem-sucedido\/","name":"Mentoria empresarial: erros a evitar se queres ter sucesso","isPartOf":{"@id":"https:\/\/www.alumni.space\/pt-pt\/#website"},"primaryImageOfPage":{"@id":"https:\/\/www.alumni.space\/pt-pt\/erros-a-evitar-se-queres-que-o-teu-programa-de-mentoria-empresarial-seja-bem-sucedido\/#primaryimage"},"image":{"@id":"https:\/\/www.alumni.space\/pt-pt\/erros-a-evitar-se-queres-que-o-teu-programa-de-mentoria-empresarial-seja-bem-sucedido\/#primaryimage"},"thumbnailUrl":"https:\/\/www.alumni.space\/wp-content\/uploads\/2026\/03\/Les-erreurs-a-eviter-pour-reussir-votre-programme-de-mentorat-dentreprise.jpg","datePublished":"2025-03-07T06:29:47+00:00","dateModified":"2026-04-02T12:05:30+00:00","author":{"@id":"https:\/\/www.alumni.space\/pt-pt\/#\/schema\/person\/fede362a57876edda476a61f05ce5b15"},"description":"Descobre os erros a evitar para que o teu programa de mentoria empresarial seja um sucesso e maximize o impacto no desenvolvimento de talentos.","breadcrumb":{"@id":"https:\/\/www.alumni.space\/pt-pt\/erros-a-evitar-se-queres-que-o-teu-programa-de-mentoria-empresarial-seja-bem-sucedido\/#breadcrumb"},"inLanguage":"pt-PT","potentialAction":[{"@type":"ReadAction","target":["https:\/\/www.alumni.space\/pt-pt\/erros-a-evitar-se-queres-que-o-teu-programa-de-mentoria-empresarial-seja-bem-sucedido\/"]}]},{"@type":"ImageObject","inLanguage":"pt-PT","@id":"https:\/\/www.alumni.space\/pt-pt\/erros-a-evitar-se-queres-que-o-teu-programa-de-mentoria-empresarial-seja-bem-sucedido\/#primaryimage","url":"https:\/\/www.alumni.space\/wp-content\/uploads\/2026\/03\/Les-erreurs-a-eviter-pour-reussir-votre-programme-de-mentorat-dentreprise.jpg","contentUrl":"https:\/\/www.alumni.space\/wp-content\/uploads\/2026\/03\/Les-erreurs-a-eviter-pour-reussir-votre-programme-de-mentorat-dentreprise.jpg","width":1280,"height":768,"caption":"descobre os erros comuns a evitar para garantir o sucesso do teu programa de mentoria empresarial e maximizar o seu impacto."},{"@type":"BreadcrumbList","@id":"https:\/\/www.alumni.space\/pt-pt\/erros-a-evitar-se-queres-que-o-teu-programa-de-mentoria-empresarial-seja-bem-sucedido\/#breadcrumb","itemListElement":[{"@type":"ListItem","position":1,"name":"Home","item":"https:\/\/www.alumni.space\/pt-pt\/plataforma-de-gestao-de-mentores-e-antigos-alunos\/"},{"@type":"ListItem","position":2,"name":"Erros a evitar se queres que o teu programa de mentoria empresarial seja bem sucedido"}]},{"@type":"WebSite","@id":"https:\/\/www.alumni.space\/pt-pt\/#website","url":"https:\/\/www.alumni.space\/pt-pt\/","name":"Alumni.space","description":"My WordPress Blog","potentialAction":[{"@type":"SearchAction","target":{"@type":"EntryPoint","urlTemplate":"https:\/\/www.alumni.space\/pt-pt\/?s={search_term_string}"},"query-input":{"@type":"PropertyValueSpecification","valueRequired":true,"valueName":"search_term_string"}}],"inLanguage":"pt-PT"},{"@type":"Person","@id":"https:\/\/www.alumni.space\/pt-pt\/#\/schema\/person\/fede362a57876edda476a61f05ce5b15","name":"admin","image":{"@type":"ImageObject","inLanguage":"pt-PT","@id":"https:\/\/secure.gravatar.com\/avatar\/318e234ae94f90d4d629428d6b983c08e31181c28f579e08a021180d759ea651?s=96&d=mm&r=g","url":"https:\/\/secure.gravatar.com\/avatar\/318e234ae94f90d4d629428d6b983c08e31181c28f579e08a021180d759ea651?s=96&d=mm&r=g","contentUrl":"https:\/\/secure.gravatar.com\/avatar\/318e234ae94f90d4d629428d6b983c08e31181c28f579e08a021180d759ea651?s=96&d=mm&r=g","caption":"admin"},"description":"Nicolas Laustriat a construit sa sp\u00e9cialit\u00e9 sur un sujet que beaucoup d\u2019organisations d\u00e9couvrent trop tard : ce qui dispara\u00eet quand les gens partent. Dipl\u00f4m\u00e9 en conception de produit industriel, il bifurque vers le digital fin 1996, il couvre les transformations marques, RH, la fid\u00e9lisation, la marque employeur. Sur le terrain, il rep\u00e8re un angle mort r\u00e9current : l\u2019entreprise investit dans le recrutement, la formation, les process\u2026 puis laisse filer le lien au moment du d\u00e9part, avec une perte de savoir et d\u2019influence qui se paie en silence. Il se sp\u00e9cialise alors sur les communaut\u00e9s d\u2019alumni, le mentorat, l\u2019entraide interg\u00e9n\u00e9rationnelle et la transmission d\u2019expertise. Il passe du \u201cconstat\u201d aux m\u00e9thodes : animation, gouvernance, segmentation, rituels, mesure d\u2019engagement, articulation avec la RSE et l\u2019employabilit\u00e9. Il interviewe DRH, responsables formation, directions d\u2019\u00e9coles, associations et fondations, avec une obsession : transformer un r\u00e9seau dormant en m\u00e9canisme utile (cooptation, mentorat, job board, entraide, \u00e9v\u00e9nements, contenus). Son style : direct, orient\u00e9 action, sans folklore. Sa conviction : une communaut\u00e9 n\u2019a pas besoin de bruit, elle a besoin de raisons de revenir.","sameAs":["https:\/\/www.alumni.space"]}]}},"_links":{"self":[{"href":"https:\/\/www.alumni.space\/pt-pt\/wp-json\/wp\/v2\/posts\/5462","targetHints":{"allow":["GET"]}}],"collection":[{"href":"https:\/\/www.alumni.space\/pt-pt\/wp-json\/wp\/v2\/posts"}],"about":[{"href":"https:\/\/www.alumni.space\/pt-pt\/wp-json\/wp\/v2\/types\/post"}],"author":[{"embeddable":true,"href":"https:\/\/www.alumni.space\/pt-pt\/wp-json\/wp\/v2\/users\/1"}],"replies":[{"embeddable":true,"href":"https:\/\/www.alumni.space\/pt-pt\/wp-json\/wp\/v2\/comments?post=5462"}],"version-history":[{"count":1,"href":"https:\/\/www.alumni.space\/pt-pt\/wp-json\/wp\/v2\/posts\/5462\/revisions"}],"predecessor-version":[{"id":5467,"href":"https:\/\/www.alumni.space\/pt-pt\/wp-json\/wp\/v2\/posts\/5462\/revisions\/5467"}],"wp:featuredmedia":[{"embeddable":true,"href":"https:\/\/www.alumni.space\/pt-pt\/wp-json\/wp\/v2\/media\/5465"}],"wp:attachment":[{"href":"https:\/\/www.alumni.space\/pt-pt\/wp-json\/wp\/v2\/media?parent=5462"}],"wp:term":[{"taxonomy":"category","embeddable":true,"href":"https:\/\/www.alumni.space\/pt-pt\/wp-json\/wp\/v2\/categories?post=5462"},{"taxonomy":"post_tag","embeddable":true,"href":"https:\/\/www.alumni.space\/pt-pt\/wp-json\/wp\/v2\/tags?post=5462"}],"curies":[{"name":"wp","href":"https:\/\/api.w.org\/{rel}","templated":true}]}}