{"id":5433,"date":"2025-05-30T17:24:12","date_gmt":"2025-05-30T17:24:12","guid":{"rendered":"https:\/\/www.alumni.space\/como-e-que-os-laboratorios-estao-a-antecipar-a-fuga-de-cerebros\/"},"modified":"2026-04-02T09:20:18","modified_gmt":"2026-04-02T09:20:18","slug":"como-e-que-os-laboratorios-estao-a-antecipar-a-fuga-de-cerebros","status":"publish","type":"post","link":"https:\/\/www.alumni.space\/pt-pt\/como-e-que-os-laboratorios-estao-a-antecipar-a-fuga-de-cerebros\/","title":{"rendered":"Como \u00e9 que os laborat\u00f3rios est\u00e3o a antecipar a fuga de c\u00e9rebros?"},"content":{"rendered":"<div id=\"ez-toc-container\" class=\"ez-toc-v2_0_82_2 counter-flat ez-toc-counter ez-toc-grey ez-toc-container-direction\">\n<div class=\"ez-toc-title-container\"><p class=\"ez-toc-title\" style=\"cursor:inherit\">\u00cdndice deste artigo:<\/p>\n<\/div><nav><ul class='ez-toc-list ez-toc-list-level-1 ' ><li class='ez-toc-page-1'><a class=\"ez-toc-link ez-toc-heading-1\" href=\"https:\/\/www.alumni.space\/pt-pt\/como-e-que-os-laboratorios-estao-a-antecipar-a-fuga-de-cerebros\/#As_questoes-chave_na_fuga_de_competencias_cientificas_dos_laboratorios\" >As quest\u00f5es-chave na fuga de compet\u00eancias cient\u00edficas dos laborat\u00f3rios<\/a><\/li><li class='ez-toc-page-1'><a class=\"ez-toc-link ez-toc-heading-2\" href=\"https:\/\/www.alumni.space\/pt-pt\/como-e-que-os-laboratorios-estao-a-antecipar-a-fuga-de-cerebros\/#Otimizar_a_retencao_de_talentos_atraves_de_programas_de_transferencia_e_de_formacao_continua\" >Otimizar a reten\u00e7\u00e3o de talentos atrav\u00e9s de programas de transfer\u00eancia e de forma\u00e7\u00e3o cont\u00ednua<\/a><\/li><li class='ez-toc-page-1'><a class=\"ez-toc-link ez-toc-heading-3\" href=\"https:\/\/www.alumni.space\/pt-pt\/como-e-que-os-laboratorios-estao-a-antecipar-a-fuga-de-cerebros\/#Estruturar_um_plano_para_antecipar_o_escoamento_das_competencias_adaptadas_aos_ambientes_laboratoriais\" >Estruturar um plano para antecipar o escoamento das compet\u00eancias adaptadas aos ambientes laboratoriais<\/a><\/li><li class='ez-toc-page-1'><a class=\"ez-toc-link ez-toc-heading-4\" href=\"https:\/\/www.alumni.space\/pt-pt\/como-e-que-os-laboratorios-estao-a-antecipar-a-fuga-de-cerebros\/#Evitar_a_perda_de_capital_cientifico_atraves_da_federacao_de_comunidades_internas\" >Evitar a perda de capital cient\u00edfico atrav\u00e9s da federa\u00e7\u00e3o de comunidades internas<\/a><\/li><\/ul><\/nav><\/div>\n<h2 class=\"wp-block-heading\"><span class=\"ez-toc-section\" id=\"As_questoes-chave_na_fuga_de_competencias_cientificas_dos_laboratorios\"><\/span>As quest\u00f5es-chave na fuga de compet\u00eancias cient\u00edficas dos laborat\u00f3rios<span class=\"ez-toc-section-end\"><\/span><\/h2><p>A <strong>fuga de c\u00e9rebros<\/strong> \u00e9 um grande desafio para os laborat\u00f3rios, amea\u00e7ando a sua capacidade de inova\u00e7\u00e3o e a continuidade dos seus projectos. Esta tend\u00eancia afecta diretamente a qualidade dos resultados, a gest\u00e3o das carreiras e a estabilidade das equipas. Os departamentos <strong>de recursos humanos<\/strong> precisam agora de implementar estrat\u00e9gias robustas para antecipar e conter esta perda, que pode comprometer a sua posi\u00e7\u00e3o competitiva.  <\/p><p>A concorr\u00eancia no mercado do trabalho cient\u00edfico, a complexidade crescente do saber-fazer e a r\u00e1pida evolu\u00e7\u00e3o das tecnologias refor\u00e7am a necessidade urgente de uma antecipa\u00e7\u00e3o proactiva. O custo oculto desta fuga de c\u00e9rebros manifesta-se em abrandamentos da produtividade, em lacunas de saber-fazer e no recurso acrescido ao <strong>recrutamento<\/strong> externo, frequentemente dispendioso e menos eficaz para uma integra\u00e7\u00e3o a longo prazo. <\/p><figure class=\"wp-block-image size-full\"><img decoding=\"async\" width=\"1280\" height=\"768\" src=\"https:\/\/www.alumni.space\/wp-content\/uploads\/2026\/03\/Comment-les-laboratoires-anticipent-ils-la-fuite-des-competences-scientifiques-1-1.jpg\" data-orig-src=\"https:\/\/www.alumni.space\/wp-content\/uploads\/2026\/03\/Comment-les-laboratoires-anticipent-ils-la-fuite-des-competences-scientifiques-1-1.jpg\" alt=\"descobre como os laborat\u00f3rios est\u00e3o a antecipar e a gerir a fuga de c\u00e9rebros para garantir a inova\u00e7\u00e3o e a continuidade da sua investiga\u00e7\u00e3o.\" class=\"lazyload wp-image-3252\" srcset=\"data:image\/svg+xml,%3Csvg%20xmlns%3D%27http%3A%2F%2Fwww.w3.org%2F2000%2Fsvg%27%20width%3D%271280%27%20height%3D%27768%27%20viewBox%3D%270%200%201280%20768%27%3E%3Crect%20width%3D%271280%27%20height%3D%27768%27%20fill-opacity%3D%220%22%2F%3E%3C%2Fsvg%3E\" data-srcset=\"https:\/\/www.alumni.space\/wp-content\/uploads\/2026\/03\/Comment-les-laboratoires-anticipent-ils-la-fuite-des-competences-scientifiques-1-1-200x120.jpg 200w, https:\/\/www.alumni.space\/wp-content\/uploads\/2026\/03\/Comment-les-laboratoires-anticipent-ils-la-fuite-des-competences-scientifiques-1-1-300x180.jpg 300w, https:\/\/www.alumni.space\/wp-content\/uploads\/2026\/03\/Comment-les-laboratoires-anticipent-ils-la-fuite-des-competences-scientifiques-1-1-400x240.jpg 400w, https:\/\/www.alumni.space\/wp-content\/uploads\/2026\/03\/Comment-les-laboratoires-anticipent-ils-la-fuite-des-competences-scientifiques-1-1-600x360.jpg 600w, https:\/\/www.alumni.space\/wp-content\/uploads\/2026\/03\/Comment-les-laboratoires-anticipent-ils-la-fuite-des-competences-scientifiques-1-1-768x461.jpg 768w, https:\/\/www.alumni.space\/wp-content\/uploads\/2026\/03\/Comment-les-laboratoires-anticipent-ils-la-fuite-des-competences-scientifiques-1-1-800x480.jpg 800w, https:\/\/www.alumni.space\/wp-content\/uploads\/2026\/03\/Comment-les-laboratoires-anticipent-ils-la-fuite-des-competences-scientifiques-1-1-1024x614.jpg 1024w, https:\/\/www.alumni.space\/wp-content\/uploads\/2026\/03\/Comment-les-laboratoires-anticipent-ils-la-fuite-des-competences-scientifiques-1-1-1200x720.jpg 1200w, https:\/\/www.alumni.space\/wp-content\/uploads\/2026\/03\/Comment-les-laboratoires-anticipent-ils-la-fuite-des-competences-scientifiques-1-1.jpg 1280w\" data-sizes=\"auto\" data-orig-sizes=\"(max-width: 1280px) 100vw, 1280px\" \/><\/figure><h3 class=\"wp-block-heading\"><span class=\"ez-toc-section\" id=\"Otimizar_a_retencao_de_talentos_atraves_de_programas_de_transferencia_e_de_formacao_continua\"><\/span>Otimizar a reten\u00e7\u00e3o de talentos atrav\u00e9s de programas de transfer\u00eancia e de forma\u00e7\u00e3o cont\u00ednua<span class=\"ez-toc-section-end\"><\/span><\/h3><p>A <strong>reten\u00e7\u00e3o de talentos<\/strong> assenta, em especial, em sistemas dedicados \u00e0 <strong>forma\u00e7\u00e3o cont\u00ednua<\/strong> e \u00e0 partilha formal de conhecimentos. A utiliza\u00e7\u00e3o de plataformas especializadas facilita a cria\u00e7\u00e3o de redes de apoio m\u00fatuo entre investigadores experientes e jovens cientistas. Estes espa\u00e7os digitais ajudam a estruturar a transmiss\u00e3o de compet\u00eancias sob a forma de pares de <strong>mentores<\/strong>, de workshops especializados ou de bibliotecas permanentemente dispon\u00edveis.  <\/p><p>Os rituais de interc\u00e2mbio e a organiza\u00e7\u00e3o regular de eventos s\u00e3o alavancas para a ades\u00e3o \u00e0 cultura da empresa. Favorecem o sentimento de perten\u00e7a e reduzem a rota\u00e7\u00e3o do pessoal. Esta din\u00e2mica intergeracional acumula uma experi\u00eancia preciosa que contribui para a continuidade cient\u00edfica do laborat\u00f3rio e para uma boa <strong>gest\u00e3o das carreiras<\/strong>.  <\/p><h2 class=\"wp-block-heading\"><span class=\"ez-toc-section\" id=\"Estruturar_um_plano_para_antecipar_o_escoamento_das_competencias_adaptadas_aos_ambientes_laboratoriais\"><\/span>Estruturar um plano para antecipar o escoamento das compet\u00eancias adaptadas aos ambientes laboratoriais<span class=\"ez-toc-section-end\"><\/span><\/h2><p>A elabora\u00e7\u00e3o de um plano espec\u00edfico \u00e9 essencial para gerir eficazmente a preven\u00e7\u00e3o da perda de conhecimentos cient\u00edficos. A defini\u00e7\u00e3o dos pap\u00e9is, das etapas e dos calend\u00e1rios permitir\u00e1 manter a visibilidade dos perfis-chave e da sua evolu\u00e7\u00e3o. Os indicadores de desempenho, que podem ser medidos pela frequ\u00eancia dos interc\u00e2mbios, a taxa de ado\u00e7\u00e3o de ferramentas digitais e a coopta\u00e7\u00e3o para novos cargos, sublinham a robustez do sistema.  <\/p><p>A segmenta\u00e7\u00e3o adequada das equipas de acordo com a antiguidade, a especializa\u00e7\u00e3o e a mobilidade profissional facilita as respostas espec\u00edficas. A isto junta-se a inclus\u00e3o de projectos de colabora\u00e7\u00e3o e de transfer\u00eancias para assegurar a continuidade do trabalho. A ado\u00e7\u00e3o de um quadro digital dedicado evita a dispers\u00e3o da informa\u00e7\u00e3o em folhas de c\u00e1lculo ou canais isolados, melhorando assim a fluidez das comunica\u00e7\u00f5es.  <\/p><p>Para industrializar estes m\u00e9todos, recomendamos que recorra a uma plataforma SaaS adequada dedicada \u00e0 <a href=\"https:\/\/www.alumni.space\/pt-pt\/como-e-que-se-cria-um-plano-de-transferencia-de-competencias-na-empresa\/\">transfer\u00eancia de compet\u00eancias<\/a>. Esta fornece aos laborat\u00f3rios ferramentas integradas que oferecem um acompanhamento estruturado dos talentos e dos percursos profissionais, simplificando a gest\u00e3o e poupando tempo precioso. <\/p><h3 class=\"wp-block-heading\"><span class=\"ez-toc-section\" id=\"Evitar_a_perda_de_capital_cientifico_atraves_da_federacao_de_comunidades_internas\"><\/span>Evitar a perda de capital cient\u00edfico atrav\u00e9s da federa\u00e7\u00e3o de comunidades internas<span class=\"ez-toc-section-end\"><\/span><\/h3><p>A cria\u00e7\u00e3o de uma rede s\u00f3lida entre antigos alunos e actuais funcion\u00e1rios ajuda a conter o risco de fuga de conhecimentos. A gest\u00e3o de uma rede de <strong>antigos alunos<\/strong> estimula o empenho, a partilha de oportunidades e o apoio \u00e0 carreira. Esta comunidade serve de base a uma din\u00e2mica de entreajuda baseada na <strong>coopta\u00e7\u00e3o<\/strong> e no voluntariado, refor\u00e7ando o capital humano.  <\/p><p>Desta forma, os laborat\u00f3rios inovadores pretendem perpetuar o seu impacto cient\u00edfico, facilitando o recurso a mentores e aumentando o n\u00famero de oportunidades de interc\u00e2mbio fora do quadro estrito da investiga\u00e7\u00e3o. <a href=\"https:\/\/www.alumni.space\/pt-pt\/transportes-e-logistica-como-evitar-a-fuga-de-cerebros\/\">Os eventos dedicados \u00e0 gest\u00e3o e ao desenvolvimento dos recursos humanos<\/a> refor\u00e7am a liga\u00e7\u00e3o intergeracional, contribuindo para fidelizar e tornar o laborat\u00f3rio um empregador atrativo. <\/p>","protected":false},"excerpt":{"rendered":"<p>As quest\u00f5es-chave na fuga de compet\u00eancias cient\u00edficas dos laborat\u00f3riosA fuga  [&#8230;]<\/p>\n","protected":false},"author":1,"featured_media":5435,"comment_status":"closed","ping_status":"","sticky":false,"template":"","format":"standard","meta":{"_ayudawp_aiss_exclude":false,"footnotes":""},"categories":[70],"tags":[],"class_list":["post-5433","post","type-post","status-publish","format-standard","has-post-thumbnail","hentry","category-recursos-humanos"],"yoast_head":"<!-- This site is optimized with the Yoast SEO plugin v27.4 - https:\/\/yoast.com\/product\/yoast-seo-wordpress\/ -->\n<title>Antecipar a sa\u00edda de talentos cient\u00edficos dos laborat\u00f3rios<\/title>\n<meta name=\"description\" content=\"Descobre como os laborat\u00f3rios est\u00e3o a antecipar a fuga de c\u00e9rebros para preservar a inova\u00e7\u00e3o e refor\u00e7ar as suas equipas.\" \/>\n<meta name=\"robots\" content=\"index, follow, max-snippet:-1, max-image-preview:large, max-video-preview:-1\" \/>\n<link rel=\"canonical\" href=\"https:\/\/www.alumni.space\/pt-pt\/como-e-que-os-laboratorios-estao-a-antecipar-a-fuga-de-cerebros\/\" \/>\n<meta property=\"og:locale\" content=\"pt_PT\" \/>\n<meta property=\"og:type\" content=\"article\" \/>\n<meta property=\"og:title\" content=\"Antecipar a sa\u00edda de talentos cient\u00edficos dos laborat\u00f3rios\" \/>\n<meta property=\"og:description\" content=\"Descobre como os laborat\u00f3rios est\u00e3o a antecipar a fuga de c\u00e9rebros para preservar a inova\u00e7\u00e3o e refor\u00e7ar as suas equipas.\" \/>\n<meta property=\"og:url\" content=\"https:\/\/www.alumni.space\/pt-pt\/como-e-que-os-laboratorios-estao-a-antecipar-a-fuga-de-cerebros\/\" \/>\n<meta property=\"og:site_name\" content=\"Alumni.space\" \/>\n<meta property=\"article:published_time\" content=\"2025-05-30T17:24:12+00:00\" \/>\n<meta property=\"article:modified_time\" content=\"2026-04-02T09:20:18+00:00\" \/>\n<meta property=\"og:image\" content=\"https:\/\/www.alumni.space\/wp-content\/uploads\/2026\/03\/Comment-les-laboratoires-anticipent-ils-la-fuite-des-competences-scientifiques-.jpg\" \/>\n\t<meta property=\"og:image:width\" content=\"1280\" \/>\n\t<meta property=\"og:image:height\" content=\"768\" \/>\n\t<meta property=\"og:image:type\" content=\"image\/jpeg\" \/>\n<meta name=\"author\" content=\"admin\" \/>\n<meta name=\"twitter:card\" content=\"summary_large_image\" \/>\n<meta name=\"twitter:label1\" content=\"Escrito por\" \/>\n\t<meta name=\"twitter:data1\" content=\"admin\" \/>\n\t<meta name=\"twitter:label2\" content=\"Tempo estimado de leitura\" \/>\n\t<meta name=\"twitter:data2\" content=\"3 minutos\" \/>\n<script type=\"application\/ld+json\" class=\"yoast-schema-graph\">{\"@context\":\"https:\\\/\\\/schema.org\",\"@graph\":[{\"@type\":\"Article\",\"@id\":\"https:\\\/\\\/www.alumni.space\\\/pt-pt\\\/como-e-que-os-laboratorios-estao-a-antecipar-a-fuga-de-cerebros\\\/#article\",\"isPartOf\":{\"@id\":\"https:\\\/\\\/www.alumni.space\\\/pt-pt\\\/como-e-que-os-laboratorios-estao-a-antecipar-a-fuga-de-cerebros\\\/\"},\"author\":{\"name\":\"admin\",\"@id\":\"https:\\\/\\\/www.alumni.space\\\/pt-pt\\\/#\\\/schema\\\/person\\\/fede362a57876edda476a61f05ce5b15\"},\"headline\":\"Como \u00e9 que os laborat\u00f3rios est\u00e3o a antecipar a fuga de c\u00e9rebros?\",\"datePublished\":\"2025-05-30T17:24:12+00:00\",\"dateModified\":\"2026-04-02T09:20:18+00:00\",\"mainEntityOfPage\":{\"@id\":\"https:\\\/\\\/www.alumni.space\\\/pt-pt\\\/como-e-que-os-laboratorios-estao-a-antecipar-a-fuga-de-cerebros\\\/\"},\"wordCount\":674,\"image\":{\"@id\":\"https:\\\/\\\/www.alumni.space\\\/pt-pt\\\/como-e-que-os-laboratorios-estao-a-antecipar-a-fuga-de-cerebros\\\/#primaryimage\"},\"thumbnailUrl\":\"https:\\\/\\\/www.alumni.space\\\/wp-content\\\/uploads\\\/2026\\\/03\\\/Comment-les-laboratoires-anticipent-ils-la-fuite-des-competences-scientifiques-.jpg\",\"articleSection\":[\"Recursos Humanos\"],\"inLanguage\":\"pt-PT\"},{\"@type\":\"WebPage\",\"@id\":\"https:\\\/\\\/www.alumni.space\\\/pt-pt\\\/como-e-que-os-laboratorios-estao-a-antecipar-a-fuga-de-cerebros\\\/\",\"url\":\"https:\\\/\\\/www.alumni.space\\\/pt-pt\\\/como-e-que-os-laboratorios-estao-a-antecipar-a-fuga-de-cerebros\\\/\",\"name\":\"Antecipar a sa\u00edda de talentos cient\u00edficos dos laborat\u00f3rios\",\"isPartOf\":{\"@id\":\"https:\\\/\\\/www.alumni.space\\\/pt-pt\\\/#website\"},\"primaryImageOfPage\":{\"@id\":\"https:\\\/\\\/www.alumni.space\\\/pt-pt\\\/como-e-que-os-laboratorios-estao-a-antecipar-a-fuga-de-cerebros\\\/#primaryimage\"},\"image\":{\"@id\":\"https:\\\/\\\/www.alumni.space\\\/pt-pt\\\/como-e-que-os-laboratorios-estao-a-antecipar-a-fuga-de-cerebros\\\/#primaryimage\"},\"thumbnailUrl\":\"https:\\\/\\\/www.alumni.space\\\/wp-content\\\/uploads\\\/2026\\\/03\\\/Comment-les-laboratoires-anticipent-ils-la-fuite-des-competences-scientifiques-.jpg\",\"datePublished\":\"2025-05-30T17:24:12+00:00\",\"dateModified\":\"2026-04-02T09:20:18+00:00\",\"author\":{\"@id\":\"https:\\\/\\\/www.alumni.space\\\/pt-pt\\\/#\\\/schema\\\/person\\\/fede362a57876edda476a61f05ce5b15\"},\"description\":\"Descobre como os laborat\u00f3rios est\u00e3o a antecipar a fuga de c\u00e9rebros para preservar a inova\u00e7\u00e3o e refor\u00e7ar as suas equipas.\",\"breadcrumb\":{\"@id\":\"https:\\\/\\\/www.alumni.space\\\/pt-pt\\\/como-e-que-os-laboratorios-estao-a-antecipar-a-fuga-de-cerebros\\\/#breadcrumb\"},\"inLanguage\":\"pt-PT\",\"potentialAction\":[{\"@type\":\"ReadAction\",\"target\":[\"https:\\\/\\\/www.alumni.space\\\/pt-pt\\\/como-e-que-os-laboratorios-estao-a-antecipar-a-fuga-de-cerebros\\\/\"]}]},{\"@type\":\"ImageObject\",\"inLanguage\":\"pt-PT\",\"@id\":\"https:\\\/\\\/www.alumni.space\\\/pt-pt\\\/como-e-que-os-laboratorios-estao-a-antecipar-a-fuga-de-cerebros\\\/#primaryimage\",\"url\":\"https:\\\/\\\/www.alumni.space\\\/wp-content\\\/uploads\\\/2026\\\/03\\\/Comment-les-laboratoires-anticipent-ils-la-fuite-des-competences-scientifiques-.jpg\",\"contentUrl\":\"https:\\\/\\\/www.alumni.space\\\/wp-content\\\/uploads\\\/2026\\\/03\\\/Comment-les-laboratoires-anticipent-ils-la-fuite-des-competences-scientifiques-.jpg\",\"width\":1280,\"height\":768,\"caption\":\"descobre como os laborat\u00f3rios cient\u00edficos est\u00e3o a implementar estrat\u00e9gias para antecipar e gerir a fuga de talentos e de compet\u00eancias-chave no sector da investiga\u00e7\u00e3o.\"},{\"@type\":\"BreadcrumbList\",\"@id\":\"https:\\\/\\\/www.alumni.space\\\/pt-pt\\\/como-e-que-os-laboratorios-estao-a-antecipar-a-fuga-de-cerebros\\\/#breadcrumb\",\"itemListElement\":[{\"@type\":\"ListItem\",\"position\":1,\"name\":\"Home\",\"item\":\"https:\\\/\\\/www.alumni.space\\\/pt-pt\\\/plataforma-de-gestao-de-mentores-e-antigos-alunos\\\/\"},{\"@type\":\"ListItem\",\"position\":2,\"name\":\"Como \u00e9 que os laborat\u00f3rios est\u00e3o a antecipar a fuga de c\u00e9rebros?\"}]},{\"@type\":\"WebSite\",\"@id\":\"https:\\\/\\\/www.alumni.space\\\/pt-pt\\\/#website\",\"url\":\"https:\\\/\\\/www.alumni.space\\\/pt-pt\\\/\",\"name\":\"Alumni.space\",\"description\":\"My WordPress Blog\",\"potentialAction\":[{\"@type\":\"SearchAction\",\"target\":{\"@type\":\"EntryPoint\",\"urlTemplate\":\"https:\\\/\\\/www.alumni.space\\\/pt-pt\\\/?s={search_term_string}\"},\"query-input\":{\"@type\":\"PropertyValueSpecification\",\"valueRequired\":true,\"valueName\":\"search_term_string\"}}],\"inLanguage\":\"pt-PT\"},{\"@type\":\"Person\",\"@id\":\"https:\\\/\\\/www.alumni.space\\\/pt-pt\\\/#\\\/schema\\\/person\\\/fede362a57876edda476a61f05ce5b15\",\"name\":\"admin\",\"image\":{\"@type\":\"ImageObject\",\"inLanguage\":\"pt-PT\",\"@id\":\"https:\\\/\\\/secure.gravatar.com\\\/avatar\\\/318e234ae94f90d4d629428d6b983c08e31181c28f579e08a021180d759ea651?s=96&d=mm&r=g\",\"url\":\"https:\\\/\\\/secure.gravatar.com\\\/avatar\\\/318e234ae94f90d4d629428d6b983c08e31181c28f579e08a021180d759ea651?s=96&d=mm&r=g\",\"contentUrl\":\"https:\\\/\\\/secure.gravatar.com\\\/avatar\\\/318e234ae94f90d4d629428d6b983c08e31181c28f579e08a021180d759ea651?s=96&d=mm&r=g\",\"caption\":\"admin\"},\"description\":\"Nicolas Laustriat a construit sa sp\u00e9cialit\u00e9 sur un sujet que beaucoup d\u2019organisations d\u00e9couvrent trop tard : ce qui dispara\u00eet quand les gens partent. Dipl\u00f4m\u00e9 en conception de produit industriel, il bifurque vers le digital fin 1996, il couvre les transformations marques, RH, la fid\u00e9lisation, la marque employeur. Sur le terrain, il rep\u00e8re un angle mort r\u00e9current : l\u2019entreprise investit dans le recrutement, la formation, les process\u2026 puis laisse filer le lien au moment du d\u00e9part, avec une perte de savoir et d\u2019influence qui se paie en silence. Il se sp\u00e9cialise alors sur les communaut\u00e9s d\u2019alumni, le mentorat, l\u2019entraide interg\u00e9n\u00e9rationnelle et la transmission d\u2019expertise. Il passe du \u201cconstat\u201d aux m\u00e9thodes : animation, gouvernance, segmentation, rituels, mesure d\u2019engagement, articulation avec la RSE et l\u2019employabilit\u00e9. Il interviewe DRH, responsables formation, directions d\u2019\u00e9coles, associations et fondations, avec une obsession : transformer un r\u00e9seau dormant en m\u00e9canisme utile (cooptation, mentorat, job board, entraide, \u00e9v\u00e9nements, contenus). Son style : direct, orient\u00e9 action, sans folklore. Sa conviction : une communaut\u00e9 n\u2019a pas besoin de bruit, elle a besoin de raisons de revenir.\",\"sameAs\":[\"https:\\\/\\\/www.alumni.space\"]}]}<\/script>\n<!-- \/ Yoast SEO plugin. -->","yoast_head_json":{"title":"Antecipar a sa\u00edda de talentos cient\u00edficos dos laborat\u00f3rios","description":"Descobre como os laborat\u00f3rios est\u00e3o a antecipar a fuga de c\u00e9rebros para preservar a inova\u00e7\u00e3o e refor\u00e7ar as suas equipas.","robots":{"index":"index","follow":"follow","max-snippet":"max-snippet:-1","max-image-preview":"max-image-preview:large","max-video-preview":"max-video-preview:-1"},"canonical":"https:\/\/www.alumni.space\/pt-pt\/como-e-que-os-laboratorios-estao-a-antecipar-a-fuga-de-cerebros\/","og_locale":"pt_PT","og_type":"article","og_title":"Antecipar a sa\u00edda de talentos cient\u00edficos dos laborat\u00f3rios","og_description":"Descobre como os laborat\u00f3rios est\u00e3o a antecipar a fuga de c\u00e9rebros para preservar a inova\u00e7\u00e3o e refor\u00e7ar as suas equipas.","og_url":"https:\/\/www.alumni.space\/pt-pt\/como-e-que-os-laboratorios-estao-a-antecipar-a-fuga-de-cerebros\/","og_site_name":"Alumni.space","article_published_time":"2025-05-30T17:24:12+00:00","article_modified_time":"2026-04-02T09:20:18+00:00","og_image":[{"width":1280,"height":768,"url":"https:\/\/www.alumni.space\/wp-content\/uploads\/2026\/03\/Comment-les-laboratoires-anticipent-ils-la-fuite-des-competences-scientifiques-.jpg","type":"image\/jpeg"}],"author":"admin","twitter_card":"summary_large_image","twitter_misc":{"Escrito por":"admin","Tempo estimado de leitura":"3 minutos"},"schema":{"@context":"https:\/\/schema.org","@graph":[{"@type":"Article","@id":"https:\/\/www.alumni.space\/pt-pt\/como-e-que-os-laboratorios-estao-a-antecipar-a-fuga-de-cerebros\/#article","isPartOf":{"@id":"https:\/\/www.alumni.space\/pt-pt\/como-e-que-os-laboratorios-estao-a-antecipar-a-fuga-de-cerebros\/"},"author":{"name":"admin","@id":"https:\/\/www.alumni.space\/pt-pt\/#\/schema\/person\/fede362a57876edda476a61f05ce5b15"},"headline":"Como \u00e9 que os laborat\u00f3rios est\u00e3o a antecipar a fuga de c\u00e9rebros?","datePublished":"2025-05-30T17:24:12+00:00","dateModified":"2026-04-02T09:20:18+00:00","mainEntityOfPage":{"@id":"https:\/\/www.alumni.space\/pt-pt\/como-e-que-os-laboratorios-estao-a-antecipar-a-fuga-de-cerebros\/"},"wordCount":674,"image":{"@id":"https:\/\/www.alumni.space\/pt-pt\/como-e-que-os-laboratorios-estao-a-antecipar-a-fuga-de-cerebros\/#primaryimage"},"thumbnailUrl":"https:\/\/www.alumni.space\/wp-content\/uploads\/2026\/03\/Comment-les-laboratoires-anticipent-ils-la-fuite-des-competences-scientifiques-.jpg","articleSection":["Recursos Humanos"],"inLanguage":"pt-PT"},{"@type":"WebPage","@id":"https:\/\/www.alumni.space\/pt-pt\/como-e-que-os-laboratorios-estao-a-antecipar-a-fuga-de-cerebros\/","url":"https:\/\/www.alumni.space\/pt-pt\/como-e-que-os-laboratorios-estao-a-antecipar-a-fuga-de-cerebros\/","name":"Antecipar a sa\u00edda de talentos cient\u00edficos dos laborat\u00f3rios","isPartOf":{"@id":"https:\/\/www.alumni.space\/pt-pt\/#website"},"primaryImageOfPage":{"@id":"https:\/\/www.alumni.space\/pt-pt\/como-e-que-os-laboratorios-estao-a-antecipar-a-fuga-de-cerebros\/#primaryimage"},"image":{"@id":"https:\/\/www.alumni.space\/pt-pt\/como-e-que-os-laboratorios-estao-a-antecipar-a-fuga-de-cerebros\/#primaryimage"},"thumbnailUrl":"https:\/\/www.alumni.space\/wp-content\/uploads\/2026\/03\/Comment-les-laboratoires-anticipent-ils-la-fuite-des-competences-scientifiques-.jpg","datePublished":"2025-05-30T17:24:12+00:00","dateModified":"2026-04-02T09:20:18+00:00","author":{"@id":"https:\/\/www.alumni.space\/pt-pt\/#\/schema\/person\/fede362a57876edda476a61f05ce5b15"},"description":"Descobre como os laborat\u00f3rios est\u00e3o a antecipar a fuga de c\u00e9rebros para preservar a inova\u00e7\u00e3o e refor\u00e7ar as suas equipas.","breadcrumb":{"@id":"https:\/\/www.alumni.space\/pt-pt\/como-e-que-os-laboratorios-estao-a-antecipar-a-fuga-de-cerebros\/#breadcrumb"},"inLanguage":"pt-PT","potentialAction":[{"@type":"ReadAction","target":["https:\/\/www.alumni.space\/pt-pt\/como-e-que-os-laboratorios-estao-a-antecipar-a-fuga-de-cerebros\/"]}]},{"@type":"ImageObject","inLanguage":"pt-PT","@id":"https:\/\/www.alumni.space\/pt-pt\/como-e-que-os-laboratorios-estao-a-antecipar-a-fuga-de-cerebros\/#primaryimage","url":"https:\/\/www.alumni.space\/wp-content\/uploads\/2026\/03\/Comment-les-laboratoires-anticipent-ils-la-fuite-des-competences-scientifiques-.jpg","contentUrl":"https:\/\/www.alumni.space\/wp-content\/uploads\/2026\/03\/Comment-les-laboratoires-anticipent-ils-la-fuite-des-competences-scientifiques-.jpg","width":1280,"height":768,"caption":"descobre como os laborat\u00f3rios cient\u00edficos est\u00e3o a implementar estrat\u00e9gias para antecipar e gerir a fuga de talentos e de compet\u00eancias-chave no sector da investiga\u00e7\u00e3o."},{"@type":"BreadcrumbList","@id":"https:\/\/www.alumni.space\/pt-pt\/como-e-que-os-laboratorios-estao-a-antecipar-a-fuga-de-cerebros\/#breadcrumb","itemListElement":[{"@type":"ListItem","position":1,"name":"Home","item":"https:\/\/www.alumni.space\/pt-pt\/plataforma-de-gestao-de-mentores-e-antigos-alunos\/"},{"@type":"ListItem","position":2,"name":"Como \u00e9 que os laborat\u00f3rios est\u00e3o a antecipar a fuga de c\u00e9rebros?"}]},{"@type":"WebSite","@id":"https:\/\/www.alumni.space\/pt-pt\/#website","url":"https:\/\/www.alumni.space\/pt-pt\/","name":"Alumni.space","description":"My WordPress Blog","potentialAction":[{"@type":"SearchAction","target":{"@type":"EntryPoint","urlTemplate":"https:\/\/www.alumni.space\/pt-pt\/?s={search_term_string}"},"query-input":{"@type":"PropertyValueSpecification","valueRequired":true,"valueName":"search_term_string"}}],"inLanguage":"pt-PT"},{"@type":"Person","@id":"https:\/\/www.alumni.space\/pt-pt\/#\/schema\/person\/fede362a57876edda476a61f05ce5b15","name":"admin","image":{"@type":"ImageObject","inLanguage":"pt-PT","@id":"https:\/\/secure.gravatar.com\/avatar\/318e234ae94f90d4d629428d6b983c08e31181c28f579e08a021180d759ea651?s=96&d=mm&r=g","url":"https:\/\/secure.gravatar.com\/avatar\/318e234ae94f90d4d629428d6b983c08e31181c28f579e08a021180d759ea651?s=96&d=mm&r=g","contentUrl":"https:\/\/secure.gravatar.com\/avatar\/318e234ae94f90d4d629428d6b983c08e31181c28f579e08a021180d759ea651?s=96&d=mm&r=g","caption":"admin"},"description":"Nicolas Laustriat a construit sa sp\u00e9cialit\u00e9 sur un sujet que beaucoup d\u2019organisations d\u00e9couvrent trop tard : ce qui dispara\u00eet quand les gens partent. Dipl\u00f4m\u00e9 en conception de produit industriel, il bifurque vers le digital fin 1996, il couvre les transformations marques, RH, la fid\u00e9lisation, la marque employeur. Sur le terrain, il rep\u00e8re un angle mort r\u00e9current : l\u2019entreprise investit dans le recrutement, la formation, les process\u2026 puis laisse filer le lien au moment du d\u00e9part, avec une perte de savoir et d\u2019influence qui se paie en silence. Il se sp\u00e9cialise alors sur les communaut\u00e9s d\u2019alumni, le mentorat, l\u2019entraide interg\u00e9n\u00e9rationnelle et la transmission d\u2019expertise. Il passe du \u201cconstat\u201d aux m\u00e9thodes : animation, gouvernance, segmentation, rituels, mesure d\u2019engagement, articulation avec la RSE et l\u2019employabilit\u00e9. Il interviewe DRH, responsables formation, directions d\u2019\u00e9coles, associations et fondations, avec une obsession : transformer un r\u00e9seau dormant en m\u00e9canisme utile (cooptation, mentorat, job board, entraide, \u00e9v\u00e9nements, contenus). Son style : direct, orient\u00e9 action, sans folklore. Sa conviction : une communaut\u00e9 n\u2019a pas besoin de bruit, elle a besoin de raisons de revenir.","sameAs":["https:\/\/www.alumni.space"]}]}},"_links":{"self":[{"href":"https:\/\/www.alumni.space\/pt-pt\/wp-json\/wp\/v2\/posts\/5433","targetHints":{"allow":["GET"]}}],"collection":[{"href":"https:\/\/www.alumni.space\/pt-pt\/wp-json\/wp\/v2\/posts"}],"about":[{"href":"https:\/\/www.alumni.space\/pt-pt\/wp-json\/wp\/v2\/types\/post"}],"author":[{"embeddable":true,"href":"https:\/\/www.alumni.space\/pt-pt\/wp-json\/wp\/v2\/users\/1"}],"replies":[{"embeddable":true,"href":"https:\/\/www.alumni.space\/pt-pt\/wp-json\/wp\/v2\/comments?post=5433"}],"version-history":[{"count":2,"href":"https:\/\/www.alumni.space\/pt-pt\/wp-json\/wp\/v2\/posts\/5433\/revisions"}],"predecessor-version":[{"id":6546,"href":"https:\/\/www.alumni.space\/pt-pt\/wp-json\/wp\/v2\/posts\/5433\/revisions\/6546"}],"wp:featuredmedia":[{"embeddable":true,"href":"https:\/\/www.alumni.space\/pt-pt\/wp-json\/wp\/v2\/media\/5435"}],"wp:attachment":[{"href":"https:\/\/www.alumni.space\/pt-pt\/wp-json\/wp\/v2\/media?parent=5433"}],"wp:term":[{"taxonomy":"category","embeddable":true,"href":"https:\/\/www.alumni.space\/pt-pt\/wp-json\/wp\/v2\/categories?post=5433"},{"taxonomy":"post_tag","embeddable":true,"href":"https:\/\/www.alumni.space\/pt-pt\/wp-json\/wp\/v2\/tags?post=5433"}],"curies":[{"name":"wp","href":"https:\/\/api.w.org\/{rel}","templated":true}]}}