{"id":5421,"date":"2025-12-29T14:09:29","date_gmt":"2025-12-29T14:09:29","guid":{"rendered":"https:\/\/www.alumni.space\/antigos-empregados-torna-te-um-mentor-e-partilha-a-tua-experiencia\/"},"modified":"2026-03-28T10:41:11","modified_gmt":"2026-03-28T10:41:11","slug":"antigos-empregados-torna-te-um-mentor-e-partilha-a-tua-experiencia","status":"publish","type":"post","link":"https:\/\/www.alumni.space\/pt-pt\/antigos-empregados-torna-te-um-mentor-e-partilha-a-tua-experiencia\/","title":{"rendered":"Antigos empregados: torna-te um mentor e partilha a tua experi\u00eancia"},"content":{"rendered":"<p>A partida de um colaborador experiente deixa muitas vezes uma grande lacuna na equipa. No entanto, esta sa\u00edda marca o in\u00edcio de uma nova colabora\u00e7\u00e3o, centrada na <strong>transmiss\u00e3o de conhecimentos<\/strong>. <strong>Os antigos colaboradores<\/strong> possuem chaves preciosas que os rec\u00e9m-chegados t\u00eam, por vezes, dificuldade em forjar sozinhos. Transformar estes especialistas em guias \u00e9 uma alavanca de crescimento excecional para qualquer organiza\u00e7\u00e3o que se preocupe com o seu patrim\u00f3nio intelectual.   <\/p><div id=\"ez-toc-container\" class=\"ez-toc-v2_0_82_2 counter-flat ez-toc-counter ez-toc-grey ez-toc-container-direction\">\n<div class=\"ez-toc-title-container\"><p class=\"ez-toc-title\" style=\"cursor:inherit\">\u00cdndice deste artigo:<\/p>\n<\/div><nav><ul class='ez-toc-list ez-toc-list-level-1 ' ><li class='ez-toc-page-1'><a class=\"ez-toc-link ez-toc-heading-1\" href=\"https:\/\/www.alumni.space\/pt-pt\/antigos-empregados-torna-te-um-mentor-e-partilha-a-tua-experiencia\/#Transferencia_de_conhecimentos_o_novo_folego_das_redes_de_antigos_alunos\" >Transfer\u00eancia de conhecimentos: o novo f\u00f4lego das redes de antigos alunos<\/a><\/li><li class='ez-toc-page-1'><a class=\"ez-toc-link ez-toc-heading-2\" href=\"https:\/\/www.alumni.space\/pt-pt\/antigos-empregados-torna-te-um-mentor-e-partilha-a-tua-experiencia\/#Impacto_estrategico_no_desempenho_e_na_marca_do_empregador\" >Impacto estrat\u00e9gico no desempenho e na marca do empregador<\/a><\/li><li class='ez-toc-page-1'><a class=\"ez-toc-link ez-toc-heading-3\" href=\"https:\/\/www.alumni.space\/pt-pt\/antigos-empregados-torna-te-um-mentor-e-partilha-a-tua-experiencia\/#Coaching_e_mentoring_transformar_a_experiencia_numa_bussola\" >Coaching e mentoring: transformar a experi\u00eancia numa b\u00fassola<\/a><\/li><li class='ez-toc-page-1'><a class=\"ez-toc-link ez-toc-heading-4\" href=\"https:\/\/www.alumni.space\/pt-pt\/antigos-empregados-torna-te-um-mentor-e-partilha-a-tua-experiencia\/#Rituais_e_metodos_para_uma_tutoria_eficaz\" >Rituais e m\u00e9todos para uma tutoria eficaz<\/a><\/li><\/ul><\/nav><\/div>\n<h2 class=\"wp-block-heading\"><span class=\"ez-toc-section\" id=\"Transferencia_de_conhecimentos_o_novo_folego_das_redes_de_antigos_alunos\"><\/span>Transfer\u00eancia de conhecimentos: o novo f\u00f4lego das redes de antigos alunos<span class=\"ez-toc-section-end\"><\/span><\/h2><p>O envolvimento numa comunidade j\u00e1 n\u00e3o se limita \u00e0 apresenta\u00e7\u00e3o de um crach\u00e1 de sa\u00edda. Em 2026, as empresas mais bem sucedidas mobilizam as suas <strong>redes profissionais<\/strong> para criar um sistema estruturado de <strong>tutoria profissional<\/strong>. Esta abordagem evita a fuga de compet\u00eancias e assegura a continuidade da cultura da empresa. Os n\u00fameros falam por si: 66% dos jovens licenciados que beneficiam de um acompanhamento encontram um emprego que corresponde \u00e0s suas ambi\u00e7\u00f5es em menos de seis meses. Um investimento de apenas duas horas por m\u00eas \u00e9 suficiente para gerar <strong>um apoio<\/strong> de qualidade.    <\/p><figure class=\"wp-block-image size-full\"><img decoding=\"async\" width=\"1280\" height=\"768\" src=\"https:\/\/www.alumni.space\/wp-content\/uploads\/2026\/03\/Anciens-salaries-devenez-mentor-et-partagez-votre-experience-1.jpg\" data-orig-src=\"https:\/\/www.alumni.space\/wp-content\/uploads\/2026\/03\/Anciens-salaries-devenez-mentor-et-partagez-votre-experience-1.jpg\" alt=\"Torna-te um mentor e transmite a tua experi\u00eancia \u00e0s novas gera\u00e7\u00f5es. Apoia antigos empregados para os orientar no seu desenvolvimento profissional. \" class=\"lazyload wp-image-3504\" srcset=\"data:image\/svg+xml,%3Csvg%20xmlns%3D%27http%3A%2F%2Fwww.w3.org%2F2000%2Fsvg%27%20width%3D%271280%27%20height%3D%27768%27%20viewBox%3D%270%200%201280%20768%27%3E%3Crect%20width%3D%271280%27%20height%3D%27768%27%20fill-opacity%3D%220%22%2F%3E%3C%2Fsvg%3E\" data-srcset=\"https:\/\/www.alumni.space\/wp-content\/uploads\/2026\/03\/Anciens-salaries-devenez-mentor-et-partagez-votre-experience-1-200x120.jpg 200w, https:\/\/www.alumni.space\/wp-content\/uploads\/2026\/03\/Anciens-salaries-devenez-mentor-et-partagez-votre-experience-1-300x180.jpg 300w, https:\/\/www.alumni.space\/wp-content\/uploads\/2026\/03\/Anciens-salaries-devenez-mentor-et-partagez-votre-experience-1-400x240.jpg 400w, https:\/\/www.alumni.space\/wp-content\/uploads\/2026\/03\/Anciens-salaries-devenez-mentor-et-partagez-votre-experience-1-600x360.jpg 600w, https:\/\/www.alumni.space\/wp-content\/uploads\/2026\/03\/Anciens-salaries-devenez-mentor-et-partagez-votre-experience-1-768x461.jpg 768w, https:\/\/www.alumni.space\/wp-content\/uploads\/2026\/03\/Anciens-salaries-devenez-mentor-et-partagez-votre-experience-1-800x480.jpg 800w, https:\/\/www.alumni.space\/wp-content\/uploads\/2026\/03\/Anciens-salaries-devenez-mentor-et-partagez-votre-experience-1-1024x614.jpg 1024w, https:\/\/www.alumni.space\/wp-content\/uploads\/2026\/03\/Anciens-salaries-devenez-mentor-et-partagez-votre-experience-1-1200x720.jpg 1200w, https:\/\/www.alumni.space\/wp-content\/uploads\/2026\/03\/Anciens-salaries-devenez-mentor-et-partagez-votre-experience-1.jpg 1280w\" data-sizes=\"auto\" data-orig-sizes=\"(max-width: 1280px) 100vw, 1280px\" \/><\/figure><p>O programa <a href=\"https:\/\/woork-mentorat.fr\/\">&#8220;Booster son d\u00e9but de vie pro&#8221;<\/a> ilustra perfeitamente esta din\u00e2mica baseada na confian\u00e7a. Ao criar pares baseados na intera\u00e7\u00e3o humana, as organiza\u00e7\u00f5es reduzem drasticamente o risco de rescis\u00e3o do contrato durante o primeiro ano. Esta liga\u00e7\u00e3o duradoura transforma os quadros superiores em pilares de estabilidade operacional. O <strong>mentor<\/strong> torna-se ent\u00e3o um ponto de refer\u00eancia benevolente, capaz de decifrar os c\u00f3digos subtis do mundo do trabalho para um jovem trabalhador cheio de energia, mas por vezes sem b\u00fassola.   <\/p><h3 class=\"wp-block-heading\"><span class=\"ez-toc-section\" id=\"Impacto_estrategico_no_desempenho_e_na_marca_do_empregador\"><\/span>Impacto estrat\u00e9gico no desempenho e na marca do empregador<span class=\"ez-toc-section-end\"><\/span><\/h3><p>A cria\u00e7\u00e3o de um espa\u00e7o dedicado aos antigos funcion\u00e1rios faz parte de uma abordagem abrangente da responsabilidade social da empresa. Este compromisso ultrapassa o quadro contratual inicial. Incentiva a partilha cont\u00ednua de compet\u00eancias e refor\u00e7a a inclus\u00e3o entre gera\u00e7\u00f5es. Esta abordagem preserva o patrim\u00f3nio intelectual da empresa, ao mesmo tempo que apoia ativamente a empregabilidade. A marca do empregador brilha atrav\u00e9s desta cultura de cuidado. Os antigos alunos tornam-se porta-vozes cred\u00edveis, tornando o recrutamento e a integra\u00e7\u00e3o de novos talentos muito mais f\u00e1ceis. Os indicadores de acompanhamento facilitam a obten\u00e7\u00e3o de um equil\u00edbrio preciso entre os objectivos humanos e a estrat\u00e9gia de comunica\u00e7\u00e3o.      <\/p><p>A utiliza\u00e7\u00e3o de uma plataforma como o alumni.space simplifica esta gest\u00e3o complexa. Deixa de ter folhas de c\u00e1lculo dispersas. A centraliza\u00e7\u00e3o de perfis, eventos e ofertas <strong>de mentoring<\/strong> liberta tempo \u00e0s equipas de RH. A <a href=\"https:\/\/www.alumni.space\/pt-pt\/mantem-uma-forte-ligacao-com-os-teus-antigos-empregados-atraves-de-tutoria\/\">liga\u00e7\u00e3o com os antigos colaboradores<\/a> torna-se mais profissional, oferecendo oportunidades de coopta\u00e7\u00e3o e maior visibilidade no mercado. Cada intera\u00e7\u00e3o refor\u00e7a o sentimento de perten\u00e7a, mesmo anos ap\u00f3s a sa\u00edda do efetivo f\u00edsico da organiza\u00e7\u00e3o.    <\/p><h2 class=\"wp-block-heading\"><span class=\"ez-toc-section\" id=\"Coaching_e_mentoring_transformar_a_experiencia_numa_bussola\"><\/span>Coaching e mentoring: transformar a experi\u00eancia numa b\u00fassola<span class=\"ez-toc-section-end\"><\/span><\/h2><p>A passagem de diretor a guia exige uma certa agilidade de esp\u00edrito. Tornar-se um <strong>mentor<\/strong> representa uma oportunidade \u00fanica de <strong>desenvolvimento pessoal<\/strong> para pessoas reformadas ou empregados em fim de carreira. \u00c9 uma atividade que valoriza d\u00e9cadas de experi\u00eancia pr\u00e1tica, ao mesmo tempo que oferece uma nova perspetiva sobre novos m\u00e9todos de trabalho. Participar no <a href=\"https:\/\/partenaires.nqt.fr\/devenir-mentor-nqt\/\">acompanhamento de jovens licenciados<\/a> cria uma emula\u00e7\u00e3o rec\u00edproca em que todos saem refor\u00e7ados do interc\u00e2mbio.   <\/p><p>Imagina um gestor de vendas reformado a orientar um jovem empres\u00e1rio sobre a forma de gerir negocia\u00e7\u00f5es complexas. Esta <strong>partilha de experi\u00eancias<\/strong> da vida real evita erros dispendiosos e acelera o \u00eaxito dos projectos. <strong>O aconselhamento profissional<\/strong> n\u00e3o se limita \u00e0 revis\u00e3o de um CV. Implica transmitir uma vis\u00e3o, resili\u00eancia e uma rede de contactos que j\u00e1 foi constru\u00edda. Organiza\u00e7\u00f5es como a NQT j\u00e1 t\u00eam mais de 15 000 mentores empenhados, o que prova o imenso desejo de solidariedade intergeracional que move os especialistas de hoje.    <\/p><h3 class=\"wp-block-heading\"><span class=\"ez-toc-section\" id=\"Rituais_e_metodos_para_uma_tutoria_eficaz\"><\/span>Rituais e m\u00e9todos para uma tutoria eficaz<span class=\"ez-toc-section-end\"><\/span><\/h3><p>Uma tutoria bem sucedida requer uma organiza\u00e7\u00e3o clara. Um interc\u00e2mbio mensal permite assegurar os progressos do mentorando sem sobrecarregar a agenda do antigo empregado. O quadro deve ser flex\u00edvel, mas exigente em termos de objectivos. <strong>A tutoria<\/strong> para <a href=\"https:\/\/www.alumni.space\/pt-pt\/porque-e-que-a-tutoria-e-essencial-para-os-jovens-profissionais\/\">jovens profissionais<\/a> assenta em ferramentas digitais modernas para manter a liga\u00e7\u00e3o, independentemente da dist\u00e2ncia geogr\u00e1fica. As plataformas SaaS dedicadas automatizam o matchmaking em fun\u00e7\u00e3o das afinidades e das necessidades espec\u00edficas de cada perfil.    <\/p><p>Os decisores que adoptam estas solu\u00e7\u00f5es v\u00eaem uma redu\u00e7\u00e3o significativa no desperd\u00edcio de conhecimentos. Cada partida torna-se uma oportunidade para criar um novo embaixador. A cria\u00e7\u00e3o de cap\u00edtulos locais ou de bibliotecas de documentos partilhados enriquece continuamente o capital intelectual coletivo. A ativa\u00e7\u00e3o destas redes transforma uma simples lista de antigos nomes numa for\u00e7a viva capaz de apoiar as ambi\u00e7\u00f5es estrat\u00e9gicas da empresa a longo prazo.   <\/p><p><strong>Solicita uma demonstra\u00e7\u00e3o<\/strong><\/p>","protected":false},"excerpt":{"rendered":"<p>A partida de um colaborador experiente deixa muitas vezes uma  [&#8230;]<\/p>\n","protected":false},"author":1,"featured_media":5423,"comment_status":"closed","ping_status":"closed","sticky":false,"template":"","format":"standard","meta":{"_ayudawp_aiss_exclude":false,"footnotes":""},"categories":[68],"tags":[],"class_list":["post-5421","post","type-post","status-publish","format-standard","has-post-thumbnail","hentry","category-mentoria"],"yoast_head":"<!-- This site is optimized with the Yoast SEO plugin v27.4 - https:\/\/yoast.com\/product\/yoast-seo-wordpress\/ -->\n<title>Antigos empregados: torna-te um mentor e partilha a tua experi\u00eancia<\/title>\n<meta name=\"description\" content=\"Antigos funcion\u00e1rios, torna-te um mentor e partilha a tua experi\u00eancia para orientar e inspirar as novas gera\u00e7\u00f5es. Junta-te \u00e0 nossa comunidade agora!\" \/>\n<meta name=\"robots\" content=\"index, follow, max-snippet:-1, max-image-preview:large, max-video-preview:-1\" \/>\n<link rel=\"canonical\" href=\"https:\/\/www.alumni.space\/pt-pt\/antigos-empregados-torna-te-um-mentor-e-partilha-a-tua-experiencia\/\" \/>\n<meta property=\"og:locale\" content=\"pt_PT\" \/>\n<meta property=\"og:type\" content=\"article\" \/>\n<meta property=\"og:title\" content=\"Antigos empregados: torna-te um mentor e partilha a tua experi\u00eancia\" \/>\n<meta property=\"og:description\" content=\"Antigos funcion\u00e1rios, torna-te um mentor e partilha a tua experi\u00eancia para orientar e inspirar as novas gera\u00e7\u00f5es. Junta-te \u00e0 nossa comunidade agora!\" \/>\n<meta property=\"og:url\" content=\"https:\/\/www.alumni.space\/pt-pt\/antigos-empregados-torna-te-um-mentor-e-partilha-a-tua-experiencia\/\" \/>\n<meta property=\"og:site_name\" content=\"Alumni.space\" \/>\n<meta property=\"article:published_time\" content=\"2025-12-29T14:09:29+00:00\" \/>\n<meta property=\"article:modified_time\" content=\"2026-03-28T10:41:11+00:00\" \/>\n<meta property=\"og:image\" content=\"https:\/\/www.alumni.space\/wp-content\/uploads\/2026\/03\/Anciens-salaries-devenez-mentor-et-partagez-votre-experience.jpg\" \/>\n\t<meta property=\"og:image:width\" content=\"1280\" \/>\n\t<meta property=\"og:image:height\" content=\"768\" \/>\n\t<meta property=\"og:image:type\" content=\"image\/jpeg\" \/>\n<meta name=\"author\" content=\"admin\" \/>\n<meta name=\"twitter:card\" content=\"summary_large_image\" \/>\n<meta name=\"twitter:label1\" content=\"Escrito por\" \/>\n\t<meta name=\"twitter:data1\" content=\"admin\" \/>\n\t<meta name=\"twitter:label2\" content=\"Tempo estimado de leitura\" \/>\n\t<meta name=\"twitter:data2\" content=\"4 minutos\" \/>\n<script type=\"application\/ld+json\" class=\"yoast-schema-graph\">{\"@context\":\"https:\\\/\\\/schema.org\",\"@graph\":[{\"@type\":\"Article\",\"@id\":\"https:\\\/\\\/www.alumni.space\\\/pt-pt\\\/antigos-empregados-torna-te-um-mentor-e-partilha-a-tua-experiencia\\\/#article\",\"isPartOf\":{\"@id\":\"https:\\\/\\\/www.alumni.space\\\/pt-pt\\\/antigos-empregados-torna-te-um-mentor-e-partilha-a-tua-experiencia\\\/\"},\"author\":{\"name\":\"admin\",\"@id\":\"https:\\\/\\\/www.alumni.space\\\/pt-pt\\\/#\\\/schema\\\/person\\\/fede362a57876edda476a61f05ce5b15\"},\"headline\":\"Antigos empregados: torna-te um mentor e partilha a tua experi\u00eancia\",\"datePublished\":\"2025-12-29T14:09:29+00:00\",\"dateModified\":\"2026-03-28T10:41:11+00:00\",\"mainEntityOfPage\":{\"@id\":\"https:\\\/\\\/www.alumni.space\\\/pt-pt\\\/antigos-empregados-torna-te-um-mentor-e-partilha-a-tua-experiencia\\\/\"},\"wordCount\":846,\"image\":{\"@id\":\"https:\\\/\\\/www.alumni.space\\\/pt-pt\\\/antigos-empregados-torna-te-um-mentor-e-partilha-a-tua-experiencia\\\/#primaryimage\"},\"thumbnailUrl\":\"https:\\\/\\\/www.alumni.space\\\/wp-content\\\/uploads\\\/2026\\\/03\\\/Anciens-salaries-devenez-mentor-et-partagez-votre-experience.jpg\",\"articleSection\":[\"Mentoria\"],\"inLanguage\":\"pt-PT\"},{\"@type\":\"WebPage\",\"@id\":\"https:\\\/\\\/www.alumni.space\\\/pt-pt\\\/antigos-empregados-torna-te-um-mentor-e-partilha-a-tua-experiencia\\\/\",\"url\":\"https:\\\/\\\/www.alumni.space\\\/pt-pt\\\/antigos-empregados-torna-te-um-mentor-e-partilha-a-tua-experiencia\\\/\",\"name\":\"Antigos empregados: torna-te um mentor e partilha a tua experi\u00eancia\",\"isPartOf\":{\"@id\":\"https:\\\/\\\/www.alumni.space\\\/pt-pt\\\/#website\"},\"primaryImageOfPage\":{\"@id\":\"https:\\\/\\\/www.alumni.space\\\/pt-pt\\\/antigos-empregados-torna-te-um-mentor-e-partilha-a-tua-experiencia\\\/#primaryimage\"},\"image\":{\"@id\":\"https:\\\/\\\/www.alumni.space\\\/pt-pt\\\/antigos-empregados-torna-te-um-mentor-e-partilha-a-tua-experiencia\\\/#primaryimage\"},\"thumbnailUrl\":\"https:\\\/\\\/www.alumni.space\\\/wp-content\\\/uploads\\\/2026\\\/03\\\/Anciens-salaries-devenez-mentor-et-partagez-votre-experience.jpg\",\"datePublished\":\"2025-12-29T14:09:29+00:00\",\"dateModified\":\"2026-03-28T10:41:11+00:00\",\"author\":{\"@id\":\"https:\\\/\\\/www.alumni.space\\\/pt-pt\\\/#\\\/schema\\\/person\\\/fede362a57876edda476a61f05ce5b15\"},\"description\":\"Antigos funcion\u00e1rios, torna-te um mentor e partilha a tua experi\u00eancia para orientar e inspirar as novas gera\u00e7\u00f5es. Junta-te \u00e0 nossa comunidade agora!\",\"breadcrumb\":{\"@id\":\"https:\\\/\\\/www.alumni.space\\\/pt-pt\\\/antigos-empregados-torna-te-um-mentor-e-partilha-a-tua-experiencia\\\/#breadcrumb\"},\"inLanguage\":\"pt-PT\",\"potentialAction\":[{\"@type\":\"ReadAction\",\"target\":[\"https:\\\/\\\/www.alumni.space\\\/pt-pt\\\/antigos-empregados-torna-te-um-mentor-e-partilha-a-tua-experiencia\\\/\"]}]},{\"@type\":\"ImageObject\",\"inLanguage\":\"pt-PT\",\"@id\":\"https:\\\/\\\/www.alumni.space\\\/pt-pt\\\/antigos-empregados-torna-te-um-mentor-e-partilha-a-tua-experiencia\\\/#primaryimage\",\"url\":\"https:\\\/\\\/www.alumni.space\\\/wp-content\\\/uploads\\\/2026\\\/03\\\/Anciens-salaries-devenez-mentor-et-partagez-votre-experience.jpg\",\"contentUrl\":\"https:\\\/\\\/www.alumni.space\\\/wp-content\\\/uploads\\\/2026\\\/03\\\/Anciens-salaries-devenez-mentor-et-partagez-votre-experience.jpg\",\"width\":1280,\"height\":768,\"caption\":\"Torna-te um mentor como antigo empregado e partilha a tua experi\u00eancia profissional para orientar e inspirar as novas gera\u00e7\u00f5es.\"},{\"@type\":\"BreadcrumbList\",\"@id\":\"https:\\\/\\\/www.alumni.space\\\/pt-pt\\\/antigos-empregados-torna-te-um-mentor-e-partilha-a-tua-experiencia\\\/#breadcrumb\",\"itemListElement\":[{\"@type\":\"ListItem\",\"position\":1,\"name\":\"Home\",\"item\":\"https:\\\/\\\/www.alumni.space\\\/pt-pt\\\/plataforma-de-gestao-de-mentores-e-antigos-alunos\\\/\"},{\"@type\":\"ListItem\",\"position\":2,\"name\":\"Antigos empregados: torna-te um mentor e partilha a tua experi\u00eancia\"}]},{\"@type\":\"WebSite\",\"@id\":\"https:\\\/\\\/www.alumni.space\\\/pt-pt\\\/#website\",\"url\":\"https:\\\/\\\/www.alumni.space\\\/pt-pt\\\/\",\"name\":\"Alumni.space\",\"description\":\"My WordPress Blog\",\"potentialAction\":[{\"@type\":\"SearchAction\",\"target\":{\"@type\":\"EntryPoint\",\"urlTemplate\":\"https:\\\/\\\/www.alumni.space\\\/pt-pt\\\/?s={search_term_string}\"},\"query-input\":{\"@type\":\"PropertyValueSpecification\",\"valueRequired\":true,\"valueName\":\"search_term_string\"}}],\"inLanguage\":\"pt-PT\"},{\"@type\":\"Person\",\"@id\":\"https:\\\/\\\/www.alumni.space\\\/pt-pt\\\/#\\\/schema\\\/person\\\/fede362a57876edda476a61f05ce5b15\",\"name\":\"admin\",\"image\":{\"@type\":\"ImageObject\",\"inLanguage\":\"pt-PT\",\"@id\":\"https:\\\/\\\/secure.gravatar.com\\\/avatar\\\/318e234ae94f90d4d629428d6b983c08e31181c28f579e08a021180d759ea651?s=96&d=mm&r=g\",\"url\":\"https:\\\/\\\/secure.gravatar.com\\\/avatar\\\/318e234ae94f90d4d629428d6b983c08e31181c28f579e08a021180d759ea651?s=96&d=mm&r=g\",\"contentUrl\":\"https:\\\/\\\/secure.gravatar.com\\\/avatar\\\/318e234ae94f90d4d629428d6b983c08e31181c28f579e08a021180d759ea651?s=96&d=mm&r=g\",\"caption\":\"admin\"},\"description\":\"Nicolas Laustriat a construit sa sp\u00e9cialit\u00e9 sur un sujet que beaucoup d\u2019organisations d\u00e9couvrent trop tard : ce qui dispara\u00eet quand les gens partent. Dipl\u00f4m\u00e9 en conception de produit industriel, il bifurque vers le digital fin 1996, il couvre les transformations marques, RH, la fid\u00e9lisation, la marque employeur. Sur le terrain, il rep\u00e8re un angle mort r\u00e9current : l\u2019entreprise investit dans le recrutement, la formation, les process\u2026 puis laisse filer le lien au moment du d\u00e9part, avec une perte de savoir et d\u2019influence qui se paie en silence. Il se sp\u00e9cialise alors sur les communaut\u00e9s d\u2019alumni, le mentorat, l\u2019entraide interg\u00e9n\u00e9rationnelle et la transmission d\u2019expertise. Il passe du \u201cconstat\u201d aux m\u00e9thodes : animation, gouvernance, segmentation, rituels, mesure d\u2019engagement, articulation avec la RSE et l\u2019employabilit\u00e9. Il interviewe DRH, responsables formation, directions d\u2019\u00e9coles, associations et fondations, avec une obsession : transformer un r\u00e9seau dormant en m\u00e9canisme utile (cooptation, mentorat, job board, entraide, \u00e9v\u00e9nements, contenus). Son style : direct, orient\u00e9 action, sans folklore. Sa conviction : une communaut\u00e9 n\u2019a pas besoin de bruit, elle a besoin de raisons de revenir.\",\"sameAs\":[\"https:\\\/\\\/www.alumni.space\"]}]}<\/script>\n<!-- \/ Yoast SEO plugin. -->","yoast_head_json":{"title":"Antigos empregados: torna-te um mentor e partilha a tua experi\u00eancia","description":"Antigos funcion\u00e1rios, torna-te um mentor e partilha a tua experi\u00eancia para orientar e inspirar as novas gera\u00e7\u00f5es. Junta-te \u00e0 nossa comunidade agora!","robots":{"index":"index","follow":"follow","max-snippet":"max-snippet:-1","max-image-preview":"max-image-preview:large","max-video-preview":"max-video-preview:-1"},"canonical":"https:\/\/www.alumni.space\/pt-pt\/antigos-empregados-torna-te-um-mentor-e-partilha-a-tua-experiencia\/","og_locale":"pt_PT","og_type":"article","og_title":"Antigos empregados: torna-te um mentor e partilha a tua experi\u00eancia","og_description":"Antigos funcion\u00e1rios, torna-te um mentor e partilha a tua experi\u00eancia para orientar e inspirar as novas gera\u00e7\u00f5es. Junta-te \u00e0 nossa comunidade agora!","og_url":"https:\/\/www.alumni.space\/pt-pt\/antigos-empregados-torna-te-um-mentor-e-partilha-a-tua-experiencia\/","og_site_name":"Alumni.space","article_published_time":"2025-12-29T14:09:29+00:00","article_modified_time":"2026-03-28T10:41:11+00:00","og_image":[{"width":1280,"height":768,"url":"https:\/\/www.alumni.space\/wp-content\/uploads\/2026\/03\/Anciens-salaries-devenez-mentor-et-partagez-votre-experience.jpg","type":"image\/jpeg"}],"author":"admin","twitter_card":"summary_large_image","twitter_misc":{"Escrito por":"admin","Tempo estimado de leitura":"4 minutos"},"schema":{"@context":"https:\/\/schema.org","@graph":[{"@type":"Article","@id":"https:\/\/www.alumni.space\/pt-pt\/antigos-empregados-torna-te-um-mentor-e-partilha-a-tua-experiencia\/#article","isPartOf":{"@id":"https:\/\/www.alumni.space\/pt-pt\/antigos-empregados-torna-te-um-mentor-e-partilha-a-tua-experiencia\/"},"author":{"name":"admin","@id":"https:\/\/www.alumni.space\/pt-pt\/#\/schema\/person\/fede362a57876edda476a61f05ce5b15"},"headline":"Antigos empregados: torna-te um mentor e partilha a tua experi\u00eancia","datePublished":"2025-12-29T14:09:29+00:00","dateModified":"2026-03-28T10:41:11+00:00","mainEntityOfPage":{"@id":"https:\/\/www.alumni.space\/pt-pt\/antigos-empregados-torna-te-um-mentor-e-partilha-a-tua-experiencia\/"},"wordCount":846,"image":{"@id":"https:\/\/www.alumni.space\/pt-pt\/antigos-empregados-torna-te-um-mentor-e-partilha-a-tua-experiencia\/#primaryimage"},"thumbnailUrl":"https:\/\/www.alumni.space\/wp-content\/uploads\/2026\/03\/Anciens-salaries-devenez-mentor-et-partagez-votre-experience.jpg","articleSection":["Mentoria"],"inLanguage":"pt-PT"},{"@type":"WebPage","@id":"https:\/\/www.alumni.space\/pt-pt\/antigos-empregados-torna-te-um-mentor-e-partilha-a-tua-experiencia\/","url":"https:\/\/www.alumni.space\/pt-pt\/antigos-empregados-torna-te-um-mentor-e-partilha-a-tua-experiencia\/","name":"Antigos empregados: torna-te um mentor e partilha a tua experi\u00eancia","isPartOf":{"@id":"https:\/\/www.alumni.space\/pt-pt\/#website"},"primaryImageOfPage":{"@id":"https:\/\/www.alumni.space\/pt-pt\/antigos-empregados-torna-te-um-mentor-e-partilha-a-tua-experiencia\/#primaryimage"},"image":{"@id":"https:\/\/www.alumni.space\/pt-pt\/antigos-empregados-torna-te-um-mentor-e-partilha-a-tua-experiencia\/#primaryimage"},"thumbnailUrl":"https:\/\/www.alumni.space\/wp-content\/uploads\/2026\/03\/Anciens-salaries-devenez-mentor-et-partagez-votre-experience.jpg","datePublished":"2025-12-29T14:09:29+00:00","dateModified":"2026-03-28T10:41:11+00:00","author":{"@id":"https:\/\/www.alumni.space\/pt-pt\/#\/schema\/person\/fede362a57876edda476a61f05ce5b15"},"description":"Antigos funcion\u00e1rios, torna-te um mentor e partilha a tua experi\u00eancia para orientar e inspirar as novas gera\u00e7\u00f5es. Junta-te \u00e0 nossa comunidade agora!","breadcrumb":{"@id":"https:\/\/www.alumni.space\/pt-pt\/antigos-empregados-torna-te-um-mentor-e-partilha-a-tua-experiencia\/#breadcrumb"},"inLanguage":"pt-PT","potentialAction":[{"@type":"ReadAction","target":["https:\/\/www.alumni.space\/pt-pt\/antigos-empregados-torna-te-um-mentor-e-partilha-a-tua-experiencia\/"]}]},{"@type":"ImageObject","inLanguage":"pt-PT","@id":"https:\/\/www.alumni.space\/pt-pt\/antigos-empregados-torna-te-um-mentor-e-partilha-a-tua-experiencia\/#primaryimage","url":"https:\/\/www.alumni.space\/wp-content\/uploads\/2026\/03\/Anciens-salaries-devenez-mentor-et-partagez-votre-experience.jpg","contentUrl":"https:\/\/www.alumni.space\/wp-content\/uploads\/2026\/03\/Anciens-salaries-devenez-mentor-et-partagez-votre-experience.jpg","width":1280,"height":768,"caption":"Torna-te um mentor como antigo empregado e partilha a tua experi\u00eancia profissional para orientar e inspirar as novas gera\u00e7\u00f5es."},{"@type":"BreadcrumbList","@id":"https:\/\/www.alumni.space\/pt-pt\/antigos-empregados-torna-te-um-mentor-e-partilha-a-tua-experiencia\/#breadcrumb","itemListElement":[{"@type":"ListItem","position":1,"name":"Home","item":"https:\/\/www.alumni.space\/pt-pt\/plataforma-de-gestao-de-mentores-e-antigos-alunos\/"},{"@type":"ListItem","position":2,"name":"Antigos empregados: torna-te um mentor e partilha a tua experi\u00eancia"}]},{"@type":"WebSite","@id":"https:\/\/www.alumni.space\/pt-pt\/#website","url":"https:\/\/www.alumni.space\/pt-pt\/","name":"Alumni.space","description":"My WordPress Blog","potentialAction":[{"@type":"SearchAction","target":{"@type":"EntryPoint","urlTemplate":"https:\/\/www.alumni.space\/pt-pt\/?s={search_term_string}"},"query-input":{"@type":"PropertyValueSpecification","valueRequired":true,"valueName":"search_term_string"}}],"inLanguage":"pt-PT"},{"@type":"Person","@id":"https:\/\/www.alumni.space\/pt-pt\/#\/schema\/person\/fede362a57876edda476a61f05ce5b15","name":"admin","image":{"@type":"ImageObject","inLanguage":"pt-PT","@id":"https:\/\/secure.gravatar.com\/avatar\/318e234ae94f90d4d629428d6b983c08e31181c28f579e08a021180d759ea651?s=96&d=mm&r=g","url":"https:\/\/secure.gravatar.com\/avatar\/318e234ae94f90d4d629428d6b983c08e31181c28f579e08a021180d759ea651?s=96&d=mm&r=g","contentUrl":"https:\/\/secure.gravatar.com\/avatar\/318e234ae94f90d4d629428d6b983c08e31181c28f579e08a021180d759ea651?s=96&d=mm&r=g","caption":"admin"},"description":"Nicolas Laustriat a construit sa sp\u00e9cialit\u00e9 sur un sujet que beaucoup d\u2019organisations d\u00e9couvrent trop tard : ce qui dispara\u00eet quand les gens partent. Dipl\u00f4m\u00e9 en conception de produit industriel, il bifurque vers le digital fin 1996, il couvre les transformations marques, RH, la fid\u00e9lisation, la marque employeur. Sur le terrain, il rep\u00e8re un angle mort r\u00e9current : l\u2019entreprise investit dans le recrutement, la formation, les process\u2026 puis laisse filer le lien au moment du d\u00e9part, avec une perte de savoir et d\u2019influence qui se paie en silence. Il se sp\u00e9cialise alors sur les communaut\u00e9s d\u2019alumni, le mentorat, l\u2019entraide interg\u00e9n\u00e9rationnelle et la transmission d\u2019expertise. Il passe du \u201cconstat\u201d aux m\u00e9thodes : animation, gouvernance, segmentation, rituels, mesure d\u2019engagement, articulation avec la RSE et l\u2019employabilit\u00e9. Il interviewe DRH, responsables formation, directions d\u2019\u00e9coles, associations et fondations, avec une obsession : transformer un r\u00e9seau dormant en m\u00e9canisme utile (cooptation, mentorat, job board, entraide, \u00e9v\u00e9nements, contenus). Son style : direct, orient\u00e9 action, sans folklore. Sa conviction : une communaut\u00e9 n\u2019a pas besoin de bruit, elle a besoin de raisons de revenir.","sameAs":["https:\/\/www.alumni.space"]}]}},"_links":{"self":[{"href":"https:\/\/www.alumni.space\/pt-pt\/wp-json\/wp\/v2\/posts\/5421","targetHints":{"allow":["GET"]}}],"collection":[{"href":"https:\/\/www.alumni.space\/pt-pt\/wp-json\/wp\/v2\/posts"}],"about":[{"href":"https:\/\/www.alumni.space\/pt-pt\/wp-json\/wp\/v2\/types\/post"}],"author":[{"embeddable":true,"href":"https:\/\/www.alumni.space\/pt-pt\/wp-json\/wp\/v2\/users\/1"}],"replies":[{"embeddable":true,"href":"https:\/\/www.alumni.space\/pt-pt\/wp-json\/wp\/v2\/comments?post=5421"}],"version-history":[{"count":1,"href":"https:\/\/www.alumni.space\/pt-pt\/wp-json\/wp\/v2\/posts\/5421\/revisions"}],"predecessor-version":[{"id":5424,"href":"https:\/\/www.alumni.space\/pt-pt\/wp-json\/wp\/v2\/posts\/5421\/revisions\/5424"}],"wp:featuredmedia":[{"embeddable":true,"href":"https:\/\/www.alumni.space\/pt-pt\/wp-json\/wp\/v2\/media\/5423"}],"wp:attachment":[{"href":"https:\/\/www.alumni.space\/pt-pt\/wp-json\/wp\/v2\/media?parent=5421"}],"wp:term":[{"taxonomy":"category","embeddable":true,"href":"https:\/\/www.alumni.space\/pt-pt\/wp-json\/wp\/v2\/categories?post=5421"},{"taxonomy":"post_tag","embeddable":true,"href":"https:\/\/www.alumni.space\/pt-pt\/wp-json\/wp\/v2\/tags?post=5421"}],"curies":[{"name":"wp","href":"https:\/\/api.w.org\/{rel}","templated":true}]}}