{"id":5379,"date":"2025-07-23T15:03:25","date_gmt":"2025-07-23T15:03:25","guid":{"rendered":"https:\/\/www.alumni.space\/como-construir-uma-comunidade-de-antigos-alunos-intergeracional\/"},"modified":"2026-04-02T09:18:45","modified_gmt":"2026-04-02T09:18:45","slug":"como-construir-uma-comunidade-de-antigos-alunos-intergeracional","status":"publish","type":"post","link":"https:\/\/www.alumni.space\/pt-pt\/como-construir-uma-comunidade-de-antigos-alunos-intergeracional\/","title":{"rendered":"Como criar uma comunidade de antigos alunos intergeracional"},"content":{"rendered":"<p>Breve resumo: Reunir licenciados de todas as idades, partilhar conhecimentos e oportunidades, promover um compromisso duradouro com ac\u00e7\u00f5es concretas.<\/p><p>Posicionamento: uma <strong>plataforma SaaS<\/strong> dedicada facilita a gest\u00e3o de perfis, <strong>eventos<\/strong>, <strong>tutoria<\/strong>, <strong>partilha de experi\u00eancias<\/strong> e o <strong>quadro de empregos<\/strong>, com pain\u00e9is de controlo para os decisores.<\/p><div id=\"ez-toc-container\" class=\"ez-toc-v2_0_82_2 counter-flat ez-toc-counter ez-toc-grey ez-toc-container-direction\">\n<div class=\"ez-toc-title-container\"><p class=\"ez-toc-title\" style=\"cursor:inherit\">\u00cdndice deste artigo:<\/p>\n<\/div><nav><ul class='ez-toc-list ez-toc-list-level-1 ' ><li class='ez-toc-page-1'><a class=\"ez-toc-link ez-toc-heading-1\" href=\"https:\/\/www.alumni.space\/pt-pt\/como-construir-uma-comunidade-de-antigos-alunos-intergeracional\/#Construir_uma_comunidade_intergeracional_de_antigos_alunos_desafios_para_os_decisores\" >Construir uma comunidade intergeracional de antigos alunos: desafios para os decisores<\/a><\/li><li class='ez-toc-page-1'><a class=\"ez-toc-link ez-toc-heading-2\" href=\"https:\/\/www.alumni.space\/pt-pt\/como-construir-uma-comunidade-de-antigos-alunos-intergeracional\/#Um_metodo_passo_a_passo_para_lancar_e_gerir_uma_empresa\" >Um m\u00e9todo passo a passo para lan\u00e7ar e gerir uma empresa<\/a><\/li><li class='ez-toc-page-1'><a class=\"ez-toc-link ez-toc-heading-3\" href=\"https:\/\/www.alumni.space\/pt-pt\/como-construir-uma-comunidade-de-antigos-alunos-intergeracional\/#Por_em_pratica_ritmo_funcoes_conteudo_e_gestao\" >P\u00f4r em pr\u00e1tica: ritmo, fun\u00e7\u00f5es, conte\u00fado e gest\u00e3o<\/a><\/li><li class='ez-toc-page-1'><a class=\"ez-toc-link ez-toc-heading-4\" href=\"https:\/\/www.alumni.space\/pt-pt\/como-construir-uma-comunidade-de-antigos-alunos-intergeracional\/#Formatos_operacionais_e_inclusao\" >Formatos operacionais e inclus\u00e3o<\/a><\/li><li class='ez-toc-page-1'><a class=\"ez-toc-link ez-toc-heading-5\" href=\"https:\/\/www.alumni.space\/pt-pt\/como-construir-uma-comunidade-de-antigos-alunos-intergeracional\/#Estudo_de_caso_a_associacao_Arcadia\" >Estudo de caso: a associa\u00e7\u00e3o Arcadia<\/a><\/li><\/ul><\/nav><\/div>\n<h2 class=\"wp-block-heading\"><span class=\"ez-toc-section\" id=\"Construir_uma_comunidade_intergeracional_de_antigos_alunos_desafios_para_os_decisores\"><\/span>Construir uma <strong>comunidade intergeracional<\/strong> de <strong>antigos alunos<\/strong>: desafios para os decisores<span class=\"ez-toc-section-end\"><\/span><\/h2><p>As organiza\u00e7\u00f5es s\u00e3o confrontadas com uma fuga silenciosa de conhecimentos quando os antigos empregados deixam a organiza\u00e7\u00e3o sem uma transfer\u00eancia organizada. Uma iniciativa estruturada reduz o <strong>desperd\u00edcio de conhecimentos<\/strong> e refor\u00e7a a marca do empregador atrav\u00e9s de <strong>uma integra\u00e7\u00e3o mais bem apoiada<\/strong> e de uma <strong>coopta\u00e7\u00e3o<\/strong> mais eficaz. <\/p><p>Para os departamentos de RH, as escolas e as associa\u00e7\u00f5es, a promessa baseia-se em tr\u00eas verbos: aproximar as pessoas, transmiti-las e ajud\u00e1-las a crescer. Os benef\u00edcios em termos de tomada de decis\u00e3o podem ser medidos em termos de tempo poupado, custos de recrutamento evitados e aumento da lealdade atrav\u00e9s de embaixadores cred\u00edveis. <\/p><figure class=\"wp-block-image size-full\"><img decoding=\"async\" width=\"1344\" height=\"768\" src=\"https:\/\/www.alumni.space\/wp-content\/uploads\/2026\/03\/Comment-batir-une-communaute-alumni-intergenerationnelle-1.jpg\" data-orig-src=\"https:\/\/www.alumni.space\/wp-content\/uploads\/2026\/03\/Comment-batir-une-communaute-alumni-intergenerationnelle-1.jpg\" alt=\"descobre as chaves para construir uma forte comunidade intergeracional de antigos alunos, incentivando o interc\u00e2mbio e a colabora\u00e7\u00e3o entre todas as gera\u00e7\u00f5es.\" class=\"lazyload wp-image-3369\" srcset=\"data:image\/svg+xml,%3Csvg%20xmlns%3D%27http%3A%2F%2Fwww.w3.org%2F2000%2Fsvg%27%20width%3D%271344%27%20height%3D%27768%27%20viewBox%3D%270%200%201344%20768%27%3E%3Crect%20width%3D%271344%27%20height%3D%27768%27%20fill-opacity%3D%220%22%2F%3E%3C%2Fsvg%3E\" data-srcset=\"https:\/\/www.alumni.space\/wp-content\/uploads\/2026\/03\/Comment-batir-une-communaute-alumni-intergenerationnelle-1-200x114.jpg 200w, https:\/\/www.alumni.space\/wp-content\/uploads\/2026\/03\/Comment-batir-une-communaute-alumni-intergenerationnelle-1-300x171.jpg 300w, https:\/\/www.alumni.space\/wp-content\/uploads\/2026\/03\/Comment-batir-une-communaute-alumni-intergenerationnelle-1-400x229.jpg 400w, https:\/\/www.alumni.space\/wp-content\/uploads\/2026\/03\/Comment-batir-une-communaute-alumni-intergenerationnelle-1-600x343.jpg 600w, https:\/\/www.alumni.space\/wp-content\/uploads\/2026\/03\/Comment-batir-une-communaute-alumni-intergenerationnelle-1-768x439.jpg 768w, https:\/\/www.alumni.space\/wp-content\/uploads\/2026\/03\/Comment-batir-une-communaute-alumni-intergenerationnelle-1-800x457.jpg 800w, https:\/\/www.alumni.space\/wp-content\/uploads\/2026\/03\/Comment-batir-une-communaute-alumni-intergenerationnelle-1-1024x585.jpg 1024w, https:\/\/www.alumni.space\/wp-content\/uploads\/2026\/03\/Comment-batir-une-communaute-alumni-intergenerationnelle-1-1200x686.jpg 1200w, https:\/\/www.alumni.space\/wp-content\/uploads\/2026\/03\/Comment-batir-une-communaute-alumni-intergenerationnelle-1.jpg 1344w\" data-sizes=\"auto\" data-orig-sizes=\"(max-width: 1344px) 100vw, 1344px\" \/><\/figure><h3 class=\"wp-block-heading\"><span class=\"ez-toc-section\" id=\"Um_metodo_passo_a_passo_para_lancar_e_gerir_uma_empresa\"><\/span>Um m\u00e9todo passo a passo para lan\u00e7ar e gerir uma empresa<span class=\"ez-toc-section-end\"><\/span><\/h3><p>Diagn\u00f3stico inicial: fazer o levantamento dos grupos, identificar as compet\u00eancias-chave e as expectativas. Com base nisto, define a governa\u00e7\u00e3o, as fun\u00e7\u00f5es e o calend\u00e1rio de coordena\u00e7\u00e3o. <\/p><p>Escolha de uma ferramenta centralizada para evitar folhas de c\u00e1lculo dispersas. Uma plataforma social privada com perfis, <strong>tutoria<\/strong>, <strong>eventos<\/strong> e f\u00f3runs de discuss\u00e3o. Para saber mais sobre as funcionalidades \u00fateis, consulta o guia pr\u00e1tico <a href=\"https:\/\/www.alumni.space\/pt-pt\/faq-alumni-mentorat\/que-ferramentas-digitais-deves-utilizar-para-gerir-uma-comunidade-de-antigos-alunos\/\">das ferramentas digitais adequadas<\/a>.  <\/p><p>Segmenta\u00e7\u00e3o e rituais: pares intergeracionais, sess\u00f5es de tutoria r\u00e1pida, reuni\u00f5es locais. Cada formato deve ter um objetivo mensur\u00e1vel: horas de tutoria, taxa de ativa\u00e7\u00e3o, n\u00famero de vagas anunciadas. <\/p><p>A n\u00edvel estrat\u00e9gico, aproveita o feedback partilhado pelos profissionais da rede para acelerar a ado\u00e7\u00e3o. Encontra um resumo operacional \u00fatil junto de especialistas na mat\u00e9ria, como o <a href=\"https:\/\/www.alumnforce.com\/carriere-mentoring-networking-engagement-alumni\/\">recurso sobre o envolvimento dos antigos alunos<\/a>. <\/p><p>Conclus\u00e3o: um enquadramento rigoroso seguido de uma plataforma centralizada acelera a industrializa\u00e7\u00e3o da anima\u00e7\u00e3o.<\/p><h2 class=\"wp-block-heading\"><span class=\"ez-toc-section\" id=\"Por_em_pratica_ritmo_funcoes_conteudo_e_gestao\"><\/span>P\u00f4r em pr\u00e1tica: ritmo, fun\u00e7\u00f5es, conte\u00fado e gest\u00e3o<span class=\"ez-toc-section-end\"><\/span><\/h2><p>Principais fun\u00e7\u00f5es: l\u00edder da governa\u00e7\u00e3o, gestor da comunidade, respons\u00e1veis pelas refer\u00eancias do sector, embaixadores locais. O grupo diretor coordena o calend\u00e1rio; o gestor da comunidade alimenta os feeds e mede<strong>o envolvimento<\/strong>. <\/p><p>Conte\u00fados \u00fateis: testemunhos de emprego, workshops de emprego, an\u00e1lises de carreira, projectos de colabora\u00e7\u00e3o. Um espa\u00e7o centralizado de ofertas de emprego favorece <strong>a coopta\u00e7\u00e3o<\/strong> e a mobilidade interna. <\/p><p>Indicadores operacionais: participa\u00e7\u00e3o em <strong>eventos<\/strong>, taxa de matchmaking efectiva, horas dedicadas ao <strong>mentoring<\/strong>, contribui\u00e7\u00e3o para a <strong>partilha de experi\u00eancias<\/strong>. Este sistema de gest\u00e3o permite alinhar os RH, a RSE e a comunica\u00e7\u00e3o em torno de KPIs partilhados. <\/p><p>Ritualiza\u00e7\u00e3o: microac\u00e7\u00f5es regulares, webinars tem\u00e1ticos mensais e reuni\u00f5es locais trimestrais. Um quadro normalizado facilita a escala e limita a utiliza\u00e7\u00e3o de m\u00faltiplas ferramentas. <\/p><p>Conclus\u00e3o final: um painel de controlo orientado para o decisor transforma ac\u00e7\u00f5es isoladas em alavancagem estrat\u00e9gica.<\/p><h3 class=\"wp-block-heading\"><span class=\"ez-toc-section\" id=\"Formatos_operacionais_e_inclusao\"><\/span>Formatos operacionais e inclus\u00e3o<span class=\"ez-toc-section-end\"><\/span><\/h3><p>Para refor\u00e7ar a liga\u00e7\u00e3o entre gera\u00e7\u00f5es, mistura formatos divertidos e profissionais. Workshops criativos partilhados e sess\u00f5es de leitura em grupo criam um terreno comum, enquanto a orienta\u00e7\u00e3o r\u00e1pida responde a necessidades comerciais imediatas. <\/p><p>Valorizar os talentos de cada indiv\u00edduo atrav\u00e9s de tarefas espec\u00edficas: revis\u00e3o de CV, tutoria pro-bono, j\u00faris de projectos de estudantes. Estes compromissos encorajam a <strong>colabora\u00e7\u00e3o<\/strong>,<strong>a inclus\u00e3o<\/strong> e o reconhecimento m\u00fatuo. <\/p><p>Recursos inspiradores: o feedback das iniciativas locais descritas em portais especializados pode ser utilizado para organizar workshops intergeracionais, por exemplo, sobre <a href=\"https:\/\/www.bloghoptoys.fr\/comment-creer-du-lien-intergenerationnel\">pr\u00e1ticas e ferramentas intergeracionais<\/a> e <a href=\"https:\/\/www.wearemci.com\/fr\/insights\/creer-des-liens-entre-les-generations-au-sein-de-son-association-un-enjeu-strategique-et-humain\">feedback das associa\u00e7\u00f5es<\/a>.<\/p><p>Conclus\u00e3o: formatos curtos e regulares cultivam a confian\u00e7a de forma mais eficaz do que reuni\u00f5es grandes e pontuais.<\/p><h3 class=\"wp-block-heading\"><span class=\"ez-toc-section\" id=\"Estudo_de_caso_a_associacao_Arcadia\"><\/span>Estudo de caso: a associa\u00e7\u00e3o Arcadia<span class=\"ez-toc-section-end\"><\/span><\/h3><p>A Arcadia, uma rede fict\u00edcia de escolas t\u00e9cnicas, centralizou perfis e vagas numa \u00fanica plataforma. O resultado, ao fim de doze meses, foi uma redu\u00e7\u00e3o do tempo m\u00e9dio de recrutamento e um aumento do n\u00famero de horas de tutoria registadas. <\/p><p>Destaques: lan\u00e7amento de um programa de bin\u00f4mage intergeracional, um calend\u00e1rio trimestral de afterworks sectoriais e a cria\u00e7\u00e3o de um <strong>quadro de empregos<\/strong>. A Arcadia mediu o aumento da taxa de participa\u00e7\u00e3o e capitalizou os testemunhos para a <strong>comunica\u00e7\u00e3o<\/strong>. <\/p><p>Conclus\u00e3o: a quantifica\u00e7\u00e3o r\u00e1pida do impacto permite-te ajustar o evento e convencer os patrocinadores internos.<\/p><p><strong>O que lan\u00e7ar<\/strong>: um piloto de bin\u00f4mage de 3 meses com indicadores simples.<\/p><p><strong>O que medir<\/strong>: participa\u00e7\u00e3o, rede ativa, horas de orienta\u00e7\u00e3o.<\/p><p><strong>O que automatizar<\/strong>: inscri\u00e7\u00f5es em eventos, correspond\u00eancia entre mentor e mentorando, lembretes de compromissos.<\/p><p>Para industrializar estas pr\u00e1ticas e evitar a acumula\u00e7\u00e3o de ferramentas, descobre uma plataforma concebida para centralizar perfis, <strong>tutoria<\/strong> e <strong>eventos<\/strong> atrav\u00e9s de <a href=\"https:\/\/www.alumni.space\/pt-pt\/como-construir-uma-comunidade-de-antigos-alunos-intergeracional\/\">Pedir uma demonstra\u00e7\u00e3o<\/a> ou explorar recursos para gerir <a href=\"https:\/\/www.alumni.space\/pt-pt\/gerir-uma-rede-de-antigos-alunos-erros-a-evitar\/\">a tua rede de antigos alunos<\/a>. Pede uma demonstra\u00e7\u00e3o para avaliar as economias de tempo e os indicadores de impacto. <\/p>","protected":false},"excerpt":{"rendered":"<p>Breve resumo: Reunir licenciados de todas as idades, partilhar conhecimentos  [&#8230;]<\/p>\n","protected":false},"author":1,"featured_media":5380,"comment_status":"closed","ping_status":"","sticky":false,"template":"","format":"standard","meta":{"_ayudawp_aiss_exclude":false,"footnotes":""},"categories":[67],"tags":[],"class_list":["post-5379","post","type-post","status-publish","format-standard","has-post-thumbnail","hentry","category-antigos-alunos"],"yoast_head":"<!-- This site is optimized with the Yoast SEO plugin v27.4 - https:\/\/yoast.com\/product\/yoast-seo-wordpress\/ -->\n<title>Construir uma forte comunidade intergeracional de antigos alunos<\/title>\n<meta name=\"description\" content=\"Descobre como criar uma comunidade intergeracional de antigos alunos forte e empenhada em incentivar o interc\u00e2mbio e o trabalho em rede entre gera\u00e7\u00f5es.\" \/>\n<meta name=\"robots\" content=\"index, follow, max-snippet:-1, max-image-preview:large, max-video-preview:-1\" \/>\n<link rel=\"canonical\" href=\"https:\/\/www.alumni.space\/pt-pt\/como-construir-uma-comunidade-de-antigos-alunos-intergeracional\/\" \/>\n<meta property=\"og:locale\" content=\"pt_PT\" \/>\n<meta property=\"og:type\" content=\"article\" \/>\n<meta property=\"og:title\" content=\"Construir uma forte comunidade intergeracional de antigos alunos\" \/>\n<meta property=\"og:description\" content=\"Descobre como criar uma comunidade intergeracional de antigos alunos forte e empenhada em incentivar o interc\u00e2mbio e o trabalho em rede entre gera\u00e7\u00f5es.\" \/>\n<meta property=\"og:url\" content=\"https:\/\/www.alumni.space\/pt-pt\/como-construir-uma-comunidade-de-antigos-alunos-intergeracional\/\" \/>\n<meta property=\"og:site_name\" content=\"Alumni.space\" \/>\n<meta property=\"article:published_time\" content=\"2025-07-23T15:03:25+00:00\" \/>\n<meta property=\"article:modified_time\" content=\"2026-04-02T09:18:45+00:00\" \/>\n<meta property=\"og:image\" content=\"https:\/\/www.alumni.space\/wp-content\/uploads\/2026\/03\/Comment-batir-une-communaute-alumni-intergenerationnelle.jpg\" \/>\n\t<meta property=\"og:image:width\" content=\"1344\" \/>\n\t<meta property=\"og:image:height\" content=\"768\" \/>\n\t<meta property=\"og:image:type\" content=\"image\/jpeg\" \/>\n<meta name=\"author\" content=\"admin\" \/>\n<meta name=\"twitter:card\" content=\"summary_large_image\" \/>\n<meta name=\"twitter:label1\" content=\"Escrito por\" \/>\n\t<meta name=\"twitter:data1\" content=\"admin\" \/>\n\t<meta name=\"twitter:label2\" content=\"Tempo estimado de leitura\" \/>\n\t<meta name=\"twitter:data2\" content=\"4 minutos\" \/>\n<script type=\"application\/ld+json\" class=\"yoast-schema-graph\">{\"@context\":\"https:\\\/\\\/schema.org\",\"@graph\":[{\"@type\":\"Article\",\"@id\":\"https:\\\/\\\/www.alumni.space\\\/pt-pt\\\/como-construir-uma-comunidade-de-antigos-alunos-intergeracional\\\/#article\",\"isPartOf\":{\"@id\":\"https:\\\/\\\/www.alumni.space\\\/pt-pt\\\/como-construir-uma-comunidade-de-antigos-alunos-intergeracional\\\/\"},\"author\":{\"name\":\"admin\",\"@id\":\"https:\\\/\\\/www.alumni.space\\\/pt-pt\\\/#\\\/schema\\\/person\\\/fede362a57876edda476a61f05ce5b15\"},\"headline\":\"Como criar uma comunidade de antigos alunos intergeracional\",\"datePublished\":\"2025-07-23T15:03:25+00:00\",\"dateModified\":\"2026-04-02T09:18:45+00:00\",\"mainEntityOfPage\":{\"@id\":\"https:\\\/\\\/www.alumni.space\\\/pt-pt\\\/como-construir-uma-comunidade-de-antigos-alunos-intergeracional\\\/\"},\"wordCount\":880,\"image\":{\"@id\":\"https:\\\/\\\/www.alumni.space\\\/pt-pt\\\/como-construir-uma-comunidade-de-antigos-alunos-intergeracional\\\/#primaryimage\"},\"thumbnailUrl\":\"https:\\\/\\\/www.alumni.space\\\/wp-content\\\/uploads\\\/2026\\\/03\\\/Comment-batir-une-communaute-alumni-intergenerationnelle.jpg\",\"articleSection\":[\"Antigos alunos\"],\"inLanguage\":\"pt-PT\"},{\"@type\":\"WebPage\",\"@id\":\"https:\\\/\\\/www.alumni.space\\\/pt-pt\\\/como-construir-uma-comunidade-de-antigos-alunos-intergeracional\\\/\",\"url\":\"https:\\\/\\\/www.alumni.space\\\/pt-pt\\\/como-construir-uma-comunidade-de-antigos-alunos-intergeracional\\\/\",\"name\":\"Construir uma forte comunidade intergeracional de antigos alunos\",\"isPartOf\":{\"@id\":\"https:\\\/\\\/www.alumni.space\\\/pt-pt\\\/#website\"},\"primaryImageOfPage\":{\"@id\":\"https:\\\/\\\/www.alumni.space\\\/pt-pt\\\/como-construir-uma-comunidade-de-antigos-alunos-intergeracional\\\/#primaryimage\"},\"image\":{\"@id\":\"https:\\\/\\\/www.alumni.space\\\/pt-pt\\\/como-construir-uma-comunidade-de-antigos-alunos-intergeracional\\\/#primaryimage\"},\"thumbnailUrl\":\"https:\\\/\\\/www.alumni.space\\\/wp-content\\\/uploads\\\/2026\\\/03\\\/Comment-batir-une-communaute-alumni-intergenerationnelle.jpg\",\"datePublished\":\"2025-07-23T15:03:25+00:00\",\"dateModified\":\"2026-04-02T09:18:45+00:00\",\"author\":{\"@id\":\"https:\\\/\\\/www.alumni.space\\\/pt-pt\\\/#\\\/schema\\\/person\\\/fede362a57876edda476a61f05ce5b15\"},\"description\":\"Descobre como criar uma comunidade intergeracional de antigos alunos forte e empenhada em incentivar o interc\u00e2mbio e o trabalho em rede entre gera\u00e7\u00f5es.\",\"breadcrumb\":{\"@id\":\"https:\\\/\\\/www.alumni.space\\\/pt-pt\\\/como-construir-uma-comunidade-de-antigos-alunos-intergeracional\\\/#breadcrumb\"},\"inLanguage\":\"pt-PT\",\"potentialAction\":[{\"@type\":\"ReadAction\",\"target\":[\"https:\\\/\\\/www.alumni.space\\\/pt-pt\\\/como-construir-uma-comunidade-de-antigos-alunos-intergeracional\\\/\"]}]},{\"@type\":\"ImageObject\",\"inLanguage\":\"pt-PT\",\"@id\":\"https:\\\/\\\/www.alumni.space\\\/pt-pt\\\/como-construir-uma-comunidade-de-antigos-alunos-intergeracional\\\/#primaryimage\",\"url\":\"https:\\\/\\\/www.alumni.space\\\/wp-content\\\/uploads\\\/2026\\\/03\\\/Comment-batir-une-communaute-alumni-intergenerationnelle.jpg\",\"contentUrl\":\"https:\\\/\\\/www.alumni.space\\\/wp-content\\\/uploads\\\/2026\\\/03\\\/Comment-batir-une-communaute-alumni-intergenerationnelle.jpg\",\"width\":1344,\"height\":768,\"caption\":\"descobre como criar uma comunidade de antigos alunos intergeracional forte e empenhada, incentivando o interc\u00e2mbio e o apoio entre todas as gera\u00e7\u00f5es.\"},{\"@type\":\"BreadcrumbList\",\"@id\":\"https:\\\/\\\/www.alumni.space\\\/pt-pt\\\/como-construir-uma-comunidade-de-antigos-alunos-intergeracional\\\/#breadcrumb\",\"itemListElement\":[{\"@type\":\"ListItem\",\"position\":1,\"name\":\"Home\",\"item\":\"https:\\\/\\\/www.alumni.space\\\/pt-pt\\\/plataforma-de-gestao-de-mentores-e-antigos-alunos\\\/\"},{\"@type\":\"ListItem\",\"position\":2,\"name\":\"Como criar uma comunidade de antigos alunos intergeracional\"}]},{\"@type\":\"WebSite\",\"@id\":\"https:\\\/\\\/www.alumni.space\\\/pt-pt\\\/#website\",\"url\":\"https:\\\/\\\/www.alumni.space\\\/pt-pt\\\/\",\"name\":\"Alumni.space\",\"description\":\"My WordPress Blog\",\"potentialAction\":[{\"@type\":\"SearchAction\",\"target\":{\"@type\":\"EntryPoint\",\"urlTemplate\":\"https:\\\/\\\/www.alumni.space\\\/pt-pt\\\/?s={search_term_string}\"},\"query-input\":{\"@type\":\"PropertyValueSpecification\",\"valueRequired\":true,\"valueName\":\"search_term_string\"}}],\"inLanguage\":\"pt-PT\"},{\"@type\":\"Person\",\"@id\":\"https:\\\/\\\/www.alumni.space\\\/pt-pt\\\/#\\\/schema\\\/person\\\/fede362a57876edda476a61f05ce5b15\",\"name\":\"admin\",\"image\":{\"@type\":\"ImageObject\",\"inLanguage\":\"pt-PT\",\"@id\":\"https:\\\/\\\/secure.gravatar.com\\\/avatar\\\/318e234ae94f90d4d629428d6b983c08e31181c28f579e08a021180d759ea651?s=96&d=mm&r=g\",\"url\":\"https:\\\/\\\/secure.gravatar.com\\\/avatar\\\/318e234ae94f90d4d629428d6b983c08e31181c28f579e08a021180d759ea651?s=96&d=mm&r=g\",\"contentUrl\":\"https:\\\/\\\/secure.gravatar.com\\\/avatar\\\/318e234ae94f90d4d629428d6b983c08e31181c28f579e08a021180d759ea651?s=96&d=mm&r=g\",\"caption\":\"admin\"},\"description\":\"Nicolas Laustriat a construit sa sp\u00e9cialit\u00e9 sur un sujet que beaucoup d\u2019organisations d\u00e9couvrent trop tard : ce qui dispara\u00eet quand les gens partent. Dipl\u00f4m\u00e9 en conception de produit industriel, il bifurque vers le digital fin 1996, il couvre les transformations marques, RH, la fid\u00e9lisation, la marque employeur. Sur le terrain, il rep\u00e8re un angle mort r\u00e9current : l\u2019entreprise investit dans le recrutement, la formation, les process\u2026 puis laisse filer le lien au moment du d\u00e9part, avec une perte de savoir et d\u2019influence qui se paie en silence. Il se sp\u00e9cialise alors sur les communaut\u00e9s d\u2019alumni, le mentorat, l\u2019entraide interg\u00e9n\u00e9rationnelle et la transmission d\u2019expertise. Il passe du \u201cconstat\u201d aux m\u00e9thodes : animation, gouvernance, segmentation, rituels, mesure d\u2019engagement, articulation avec la RSE et l\u2019employabilit\u00e9. Il interviewe DRH, responsables formation, directions d\u2019\u00e9coles, associations et fondations, avec une obsession : transformer un r\u00e9seau dormant en m\u00e9canisme utile (cooptation, mentorat, job board, entraide, \u00e9v\u00e9nements, contenus). Son style : direct, orient\u00e9 action, sans folklore. Sa conviction : une communaut\u00e9 n\u2019a pas besoin de bruit, elle a besoin de raisons de revenir.\",\"sameAs\":[\"https:\\\/\\\/www.alumni.space\"]}]}<\/script>\n<!-- \/ Yoast SEO plugin. -->","yoast_head_json":{"title":"Construir uma forte comunidade intergeracional de antigos alunos","description":"Descobre como criar uma comunidade intergeracional de antigos alunos forte e empenhada em incentivar o interc\u00e2mbio e o trabalho em rede entre gera\u00e7\u00f5es.","robots":{"index":"index","follow":"follow","max-snippet":"max-snippet:-1","max-image-preview":"max-image-preview:large","max-video-preview":"max-video-preview:-1"},"canonical":"https:\/\/www.alumni.space\/pt-pt\/como-construir-uma-comunidade-de-antigos-alunos-intergeracional\/","og_locale":"pt_PT","og_type":"article","og_title":"Construir uma forte comunidade intergeracional de antigos alunos","og_description":"Descobre como criar uma comunidade intergeracional de antigos alunos forte e empenhada em incentivar o interc\u00e2mbio e o trabalho em rede entre gera\u00e7\u00f5es.","og_url":"https:\/\/www.alumni.space\/pt-pt\/como-construir-uma-comunidade-de-antigos-alunos-intergeracional\/","og_site_name":"Alumni.space","article_published_time":"2025-07-23T15:03:25+00:00","article_modified_time":"2026-04-02T09:18:45+00:00","og_image":[{"width":1344,"height":768,"url":"https:\/\/www.alumni.space\/wp-content\/uploads\/2026\/03\/Comment-batir-une-communaute-alumni-intergenerationnelle.jpg","type":"image\/jpeg"}],"author":"admin","twitter_card":"summary_large_image","twitter_misc":{"Escrito por":"admin","Tempo estimado de leitura":"4 minutos"},"schema":{"@context":"https:\/\/schema.org","@graph":[{"@type":"Article","@id":"https:\/\/www.alumni.space\/pt-pt\/como-construir-uma-comunidade-de-antigos-alunos-intergeracional\/#article","isPartOf":{"@id":"https:\/\/www.alumni.space\/pt-pt\/como-construir-uma-comunidade-de-antigos-alunos-intergeracional\/"},"author":{"name":"admin","@id":"https:\/\/www.alumni.space\/pt-pt\/#\/schema\/person\/fede362a57876edda476a61f05ce5b15"},"headline":"Como criar uma comunidade de antigos alunos intergeracional","datePublished":"2025-07-23T15:03:25+00:00","dateModified":"2026-04-02T09:18:45+00:00","mainEntityOfPage":{"@id":"https:\/\/www.alumni.space\/pt-pt\/como-construir-uma-comunidade-de-antigos-alunos-intergeracional\/"},"wordCount":880,"image":{"@id":"https:\/\/www.alumni.space\/pt-pt\/como-construir-uma-comunidade-de-antigos-alunos-intergeracional\/#primaryimage"},"thumbnailUrl":"https:\/\/www.alumni.space\/wp-content\/uploads\/2026\/03\/Comment-batir-une-communaute-alumni-intergenerationnelle.jpg","articleSection":["Antigos alunos"],"inLanguage":"pt-PT"},{"@type":"WebPage","@id":"https:\/\/www.alumni.space\/pt-pt\/como-construir-uma-comunidade-de-antigos-alunos-intergeracional\/","url":"https:\/\/www.alumni.space\/pt-pt\/como-construir-uma-comunidade-de-antigos-alunos-intergeracional\/","name":"Construir uma forte comunidade intergeracional de antigos alunos","isPartOf":{"@id":"https:\/\/www.alumni.space\/pt-pt\/#website"},"primaryImageOfPage":{"@id":"https:\/\/www.alumni.space\/pt-pt\/como-construir-uma-comunidade-de-antigos-alunos-intergeracional\/#primaryimage"},"image":{"@id":"https:\/\/www.alumni.space\/pt-pt\/como-construir-uma-comunidade-de-antigos-alunos-intergeracional\/#primaryimage"},"thumbnailUrl":"https:\/\/www.alumni.space\/wp-content\/uploads\/2026\/03\/Comment-batir-une-communaute-alumni-intergenerationnelle.jpg","datePublished":"2025-07-23T15:03:25+00:00","dateModified":"2026-04-02T09:18:45+00:00","author":{"@id":"https:\/\/www.alumni.space\/pt-pt\/#\/schema\/person\/fede362a57876edda476a61f05ce5b15"},"description":"Descobre como criar uma comunidade intergeracional de antigos alunos forte e empenhada em incentivar o interc\u00e2mbio e o trabalho em rede entre gera\u00e7\u00f5es.","breadcrumb":{"@id":"https:\/\/www.alumni.space\/pt-pt\/como-construir-uma-comunidade-de-antigos-alunos-intergeracional\/#breadcrumb"},"inLanguage":"pt-PT","potentialAction":[{"@type":"ReadAction","target":["https:\/\/www.alumni.space\/pt-pt\/como-construir-uma-comunidade-de-antigos-alunos-intergeracional\/"]}]},{"@type":"ImageObject","inLanguage":"pt-PT","@id":"https:\/\/www.alumni.space\/pt-pt\/como-construir-uma-comunidade-de-antigos-alunos-intergeracional\/#primaryimage","url":"https:\/\/www.alumni.space\/wp-content\/uploads\/2026\/03\/Comment-batir-une-communaute-alumni-intergenerationnelle.jpg","contentUrl":"https:\/\/www.alumni.space\/wp-content\/uploads\/2026\/03\/Comment-batir-une-communaute-alumni-intergenerationnelle.jpg","width":1344,"height":768,"caption":"descobre como criar uma comunidade de antigos alunos intergeracional forte e empenhada, incentivando o interc\u00e2mbio e o apoio entre todas as gera\u00e7\u00f5es."},{"@type":"BreadcrumbList","@id":"https:\/\/www.alumni.space\/pt-pt\/como-construir-uma-comunidade-de-antigos-alunos-intergeracional\/#breadcrumb","itemListElement":[{"@type":"ListItem","position":1,"name":"Home","item":"https:\/\/www.alumni.space\/pt-pt\/plataforma-de-gestao-de-mentores-e-antigos-alunos\/"},{"@type":"ListItem","position":2,"name":"Como criar uma comunidade de antigos alunos intergeracional"}]},{"@type":"WebSite","@id":"https:\/\/www.alumni.space\/pt-pt\/#website","url":"https:\/\/www.alumni.space\/pt-pt\/","name":"Alumni.space","description":"My WordPress Blog","potentialAction":[{"@type":"SearchAction","target":{"@type":"EntryPoint","urlTemplate":"https:\/\/www.alumni.space\/pt-pt\/?s={search_term_string}"},"query-input":{"@type":"PropertyValueSpecification","valueRequired":true,"valueName":"search_term_string"}}],"inLanguage":"pt-PT"},{"@type":"Person","@id":"https:\/\/www.alumni.space\/pt-pt\/#\/schema\/person\/fede362a57876edda476a61f05ce5b15","name":"admin","image":{"@type":"ImageObject","inLanguage":"pt-PT","@id":"https:\/\/secure.gravatar.com\/avatar\/318e234ae94f90d4d629428d6b983c08e31181c28f579e08a021180d759ea651?s=96&d=mm&r=g","url":"https:\/\/secure.gravatar.com\/avatar\/318e234ae94f90d4d629428d6b983c08e31181c28f579e08a021180d759ea651?s=96&d=mm&r=g","contentUrl":"https:\/\/secure.gravatar.com\/avatar\/318e234ae94f90d4d629428d6b983c08e31181c28f579e08a021180d759ea651?s=96&d=mm&r=g","caption":"admin"},"description":"Nicolas Laustriat a construit sa sp\u00e9cialit\u00e9 sur un sujet que beaucoup d\u2019organisations d\u00e9couvrent trop tard : ce qui dispara\u00eet quand les gens partent. Dipl\u00f4m\u00e9 en conception de produit industriel, il bifurque vers le digital fin 1996, il couvre les transformations marques, RH, la fid\u00e9lisation, la marque employeur. Sur le terrain, il rep\u00e8re un angle mort r\u00e9current : l\u2019entreprise investit dans le recrutement, la formation, les process\u2026 puis laisse filer le lien au moment du d\u00e9part, avec une perte de savoir et d\u2019influence qui se paie en silence. Il se sp\u00e9cialise alors sur les communaut\u00e9s d\u2019alumni, le mentorat, l\u2019entraide interg\u00e9n\u00e9rationnelle et la transmission d\u2019expertise. Il passe du \u201cconstat\u201d aux m\u00e9thodes : animation, gouvernance, segmentation, rituels, mesure d\u2019engagement, articulation avec la RSE et l\u2019employabilit\u00e9. Il interviewe DRH, responsables formation, directions d\u2019\u00e9coles, associations et fondations, avec une obsession : transformer un r\u00e9seau dormant en m\u00e9canisme utile (cooptation, mentorat, job board, entraide, \u00e9v\u00e9nements, contenus). Son style : direct, orient\u00e9 action, sans folklore. Sa conviction : une communaut\u00e9 n\u2019a pas besoin de bruit, elle a besoin de raisons de revenir.","sameAs":["https:\/\/www.alumni.space"]}]}},"_links":{"self":[{"href":"https:\/\/www.alumni.space\/pt-pt\/wp-json\/wp\/v2\/posts\/5379","targetHints":{"allow":["GET"]}}],"collection":[{"href":"https:\/\/www.alumni.space\/pt-pt\/wp-json\/wp\/v2\/posts"}],"about":[{"href":"https:\/\/www.alumni.space\/pt-pt\/wp-json\/wp\/v2\/types\/post"}],"author":[{"embeddable":true,"href":"https:\/\/www.alumni.space\/pt-pt\/wp-json\/wp\/v2\/users\/1"}],"replies":[{"embeddable":true,"href":"https:\/\/www.alumni.space\/pt-pt\/wp-json\/wp\/v2\/comments?post=5379"}],"version-history":[{"count":2,"href":"https:\/\/www.alumni.space\/pt-pt\/wp-json\/wp\/v2\/posts\/5379\/revisions"}],"predecessor-version":[{"id":6622,"href":"https:\/\/www.alumni.space\/pt-pt\/wp-json\/wp\/v2\/posts\/5379\/revisions\/6622"}],"wp:featuredmedia":[{"embeddable":true,"href":"https:\/\/www.alumni.space\/pt-pt\/wp-json\/wp\/v2\/media\/5380"}],"wp:attachment":[{"href":"https:\/\/www.alumni.space\/pt-pt\/wp-json\/wp\/v2\/media?parent=5379"}],"wp:term":[{"taxonomy":"category","embeddable":true,"href":"https:\/\/www.alumni.space\/pt-pt\/wp-json\/wp\/v2\/categories?post=5379"},{"taxonomy":"post_tag","embeddable":true,"href":"https:\/\/www.alumni.space\/pt-pt\/wp-json\/wp\/v2\/tags?post=5379"}],"curies":[{"name":"wp","href":"https:\/\/api.w.org\/{rel}","templated":true}]}}