{"id":5366,"date":"2025-01-04T06:35:03","date_gmt":"2025-01-04T06:35:03","guid":{"rendered":"https:\/\/www.alumni.space\/risco-de-desorganizacao-que-impacto-terao-as-saidas-em-massa-de-quadros-superiores\/"},"modified":"2026-03-28T10:42:18","modified_gmt":"2026-03-28T10:42:18","slug":"risco-de-desorganizacao-que-impacto-terao-as-saidas-em-massa-de-quadros-superiores","status":"publish","type":"post","link":"https:\/\/www.alumni.space\/pt-pt\/risco-de-desorganizacao-que-impacto-terao-as-saidas-em-massa-de-quadros-superiores\/","title":{"rendered":"Risco de desorganiza\u00e7\u00e3o: que impacto ter\u00e3o as sa\u00eddas em massa de quadros superiores?"},"content":{"rendered":"<div id=\"ez-toc-container\" class=\"ez-toc-v2_0_82_2 counter-flat ez-toc-counter ez-toc-grey ez-toc-container-direction\">\n<div class=\"ez-toc-title-container\"><p class=\"ez-toc-title\" style=\"cursor:inherit\">\u00cdndice deste artigo:<\/p>\n<\/div><nav><ul class='ez-toc-list ez-toc-list-level-1 ' ><li class='ez-toc-page-1'><a class=\"ez-toc-link ez-toc-heading-1\" href=\"https:\/\/www.alumni.space\/pt-pt\/risco-de-desorganizacao-que-impacto-terao-as-saidas-em-massa-de-quadros-superiores\/#Riscos_de_desorganizacao_ligados_a_saida_em_massa_de_trabalhadores_mais_velhos_da_empresa\" >Riscos de desorganiza\u00e7\u00e3o ligados \u00e0 sa\u00edda em massa de trabalhadores mais velhos da empresa<\/a><\/li><li class='ez-toc-page-1'><a class=\"ez-toc-link ez-toc-heading-2\" href=\"https:\/\/www.alumni.space\/pt-pt\/risco-de-desorganizacao-que-impacto-terao-as-saidas-em-massa-de-quadros-superiores\/#Contexto_demografico_e_quadro_legislativo_com_impacto_nas_saidas_de_quadros_superiores\" >Contexto demogr\u00e1fico e quadro legislativo com impacto nas sa\u00eddas de quadros superiores<\/a><\/li><li class='ez-toc-page-1'><a class=\"ez-toc-link ez-toc-heading-3\" href=\"https:\/\/www.alumni.space\/pt-pt\/risco-de-desorganizacao-que-impacto-terao-as-saidas-em-massa-de-quadros-superiores\/#Consequencias_operacionais_e_economicas_das_partidas_em_massa\" >Consequ\u00eancias operacionais e econ\u00f3micas das partidas em massa<\/a><\/li><li class='ez-toc-page-1'><a class=\"ez-toc-link ez-toc-heading-4\" href=\"https:\/\/www.alumni.space\/pt-pt\/risco-de-desorganizacao-que-impacto-terao-as-saidas-em-massa-de-quadros-superiores\/#Estrategias_de_RH_para_evitar_o_risco_de_desorganizacao_face_a_saidas_de_quadros_superiores\" >Estrat\u00e9gias de RH para evitar o risco de desorganiza\u00e7\u00e3o face a sa\u00eddas de quadros superiores<\/a><\/li><li class='ez-toc-page-1'><a class=\"ez-toc-link ez-toc-heading-5\" href=\"https:\/\/www.alumni.space\/pt-pt\/risco-de-desorganizacao-que-impacto-terao-as-saidas-em-massa-de-quadros-superiores\/#Estudo_de_caso_que_demonstra_a_importancia_de_uma_gestao_atempada_das_saidas_de_quadros_superiores\" >Estudo de caso que demonstra a import\u00e2ncia de uma gest\u00e3o atempada das sa\u00eddas de quadros superiores<\/a><\/li><\/ul><\/nav><\/div>\n<h2 class=\"wp-block-heading\"><span class=\"ez-toc-section\" id=\"Riscos_de_desorganizacao_ligados_a_saida_em_massa_de_trabalhadores_mais_velhos_da_empresa\"><\/span>Riscos de desorganiza\u00e7\u00e3o ligados \u00e0 sa\u00edda em massa de trabalhadores mais velhos da empresa<span class=\"ez-toc-section-end\"><\/span><\/h2><p>A sa\u00edda em massa de trabalhadores mais velhos \u00e9 uma fonte importante de <strong>perturba\u00e7\u00e3o<\/strong> para muitas empresas. Esta tend\u00eancia, acentuada por um contexto demogr\u00e1fico marcado por uma diminui\u00e7\u00e3o da natalidade e por uma pir\u00e2mide et\u00e1ria desequilibrada, tem um impacto importante na <strong>gest\u00e3o dos recursos humanos<\/strong>. A dificuldade em manter os trabalhadores mais velhos no ativo e em assegurar a <strong>transfer\u00eancia de compet\u00eancias<\/strong> est\u00e1 a conduzir a um aumento da <strong>rotatividade<\/strong> e a uma <strong>escassez de m\u00e3o de obra<\/strong> qualificada, amea\u00e7ando a continuidade operacional das organiza\u00e7\u00f5es.  <\/p><figure class=\"wp-block-image size-full\"><img decoding=\"async\" width=\"1280\" height=\"768\" src=\"https:\/\/www.alumni.space\/wp-content\/uploads\/2026\/03\/Risque-de-desorganisation-quel-impact-des-departs-massifs-des-seniors-1-1.jpg\" data-orig-src=\"https:\/\/www.alumni.space\/wp-content\/uploads\/2026\/03\/Risque-de-desorganisation-quel-impact-des-departs-massifs-des-seniors-1-1.jpg\" alt=\"Descobre o impacto das sa\u00eddas em massa de trabalhadores mais velhos na desorganiza\u00e7\u00e3o das empresas e as estrat\u00e9gias para antecipar este risco.\" class=\"lazyload wp-image-3246\" srcset=\"data:image\/svg+xml,%3Csvg%20xmlns%3D%27http%3A%2F%2Fwww.w3.org%2F2000%2Fsvg%27%20width%3D%271280%27%20height%3D%27768%27%20viewBox%3D%270%200%201280%20768%27%3E%3Crect%20width%3D%271280%27%20height%3D%27768%27%20fill-opacity%3D%220%22%2F%3E%3C%2Fsvg%3E\" data-srcset=\"https:\/\/www.alumni.space\/wp-content\/uploads\/2026\/03\/Risque-de-desorganisation-quel-impact-des-departs-massifs-des-seniors-1-1-200x120.jpg 200w, https:\/\/www.alumni.space\/wp-content\/uploads\/2026\/03\/Risque-de-desorganisation-quel-impact-des-departs-massifs-des-seniors-1-1-300x180.jpg 300w, https:\/\/www.alumni.space\/wp-content\/uploads\/2026\/03\/Risque-de-desorganisation-quel-impact-des-departs-massifs-des-seniors-1-1-400x240.jpg 400w, https:\/\/www.alumni.space\/wp-content\/uploads\/2026\/03\/Risque-de-desorganisation-quel-impact-des-departs-massifs-des-seniors-1-1-600x360.jpg 600w, https:\/\/www.alumni.space\/wp-content\/uploads\/2026\/03\/Risque-de-desorganisation-quel-impact-des-departs-massifs-des-seniors-1-1-768x461.jpg 768w, https:\/\/www.alumni.space\/wp-content\/uploads\/2026\/03\/Risque-de-desorganisation-quel-impact-des-departs-massifs-des-seniors-1-1-800x480.jpg 800w, https:\/\/www.alumni.space\/wp-content\/uploads\/2026\/03\/Risque-de-desorganisation-quel-impact-des-departs-massifs-des-seniors-1-1-1024x614.jpg 1024w, https:\/\/www.alumni.space\/wp-content\/uploads\/2026\/03\/Risque-de-desorganisation-quel-impact-des-departs-massifs-des-seniors-1-1-1200x720.jpg 1200w, https:\/\/www.alumni.space\/wp-content\/uploads\/2026\/03\/Risque-de-desorganisation-quel-impact-des-departs-massifs-des-seniors-1-1.jpg 1280w\" data-sizes=\"auto\" data-orig-sizes=\"(max-width: 1280px) 100vw, 1280px\" \/><\/figure><h3 class=\"wp-block-heading\"><span class=\"ez-toc-section\" id=\"Contexto_demografico_e_quadro_legislativo_com_impacto_nas_saidas_de_quadros_superiores\"><\/span>Contexto demogr\u00e1fico e quadro legislativo com impacto nas sa\u00eddas de quadros superiores<span class=\"ez-toc-section-end\"><\/span><\/h3><p>A Lei &#8220;Seniores&#8221; de 24 de outubro de 2025 estabelece um quadro social sem precedentes, em resposta \u00e0 escassez de compet\u00eancias agravada pelas reformas. Com 663.000 nascimentos em 2024 e uma propor\u00e7\u00e3o crescente da popula\u00e7\u00e3o com mais de 65 anos, a substitui\u00e7\u00e3o de compet\u00eancias est\u00e1 a tornar-se uma quest\u00e3o estrat\u00e9gica. As obriga\u00e7\u00f5es recentes obrigam as empresas a efetuar uma an\u00e1lise pr\u00e9via da sua estrutura et\u00e1ria, das aus\u00eancias e da forma\u00e7\u00e3o, de modo a poderem avaliar objetivamente o fluxo de sa\u00eddas e preparar uma pol\u00edtica de RH adequada.  <\/p><p>Os principais objectivos deste quadro regulamentar consistem em travar a sa\u00edda prematura dos trabalhadores mais velhos, assegurar a <strong>transmiss\u00e3o do saber-fazer<\/strong>, favorecer a <strong>reconvers\u00e3o<\/strong> profissional e a reforma progressiva. Estas medidas destinam-se tanto aos servi\u00e7os de recursos humanos como aos comit\u00e9s sociais e econ\u00f3micos, aos estabelecimentos de ensino superior e \u00e0s associa\u00e7\u00f5es profissionais, apelando a uma mobiliza\u00e7\u00e3o transversal para minimizar o impacto das sa\u00eddas. <\/p><h3 class=\"wp-block-heading\"><span class=\"ez-toc-section\" id=\"Consequencias_operacionais_e_economicas_das_partidas_em_massa\"><\/span>Consequ\u00eancias operacionais e econ\u00f3micas das partidas em massa<span class=\"ez-toc-section-end\"><\/span><\/h3><p>As empresas sofrem um efeito de domin\u00f3: <strong>perda de saber-fazer<\/strong>, aumento dos erros ligados a processos menos controlados, diminui\u00e7\u00e3o da qualidade e aumento dos custos de forma\u00e7\u00e3o e de recrutamento. Apesar dos progressos recentes, a taxa de emprego dos 55-64 anos em Fran\u00e7a continua abaixo da m\u00e9dia europeia, o que acentua os riscos de <strong>desorganiza\u00e7\u00e3o<\/strong> em sectores dependentes de compet\u00eancias espec\u00edficas, como a manuten\u00e7\u00e3o ou a ind\u00fastria. <\/p><p>A gest\u00e3o dos recursos humanos est\u00e1 a ser obrigada a rever as suas pr\u00e1ticas. A abordagem tradicional de substitui\u00e7\u00e3o r\u00e1pida revela-se dispendiosa e ineficaz, sobretudo face \u00e0s exig\u00eancias crescentes em termos de qualidade e seguran\u00e7a. Para al\u00e9m do volume de postos de trabalho a preencher, a continuidade operacional, nomeadamente em \u00e1reas cr\u00edticas, \u00e9 um crit\u00e9rio fundamental para o desempenho sustent\u00e1vel da empresa.  <\/p><h3 class=\"wp-block-heading\"><span class=\"ez-toc-section\" id=\"Estrategias_de_RH_para_evitar_o_risco_de_desorganizacao_face_a_saidas_de_quadros_superiores\"><\/span>Estrat\u00e9gias de RH para evitar o risco de desorganiza\u00e7\u00e3o face a sa\u00eddas de quadros superiores<span class=\"ez-toc-section-end\"><\/span><\/h3><p>Os departamentos de RH est\u00e3o a ser chamados a transformar o envelhecimento da for\u00e7a de trabalho num fator de desempenho. A introdu\u00e7\u00e3o de sistemas como a tutoria intergeracional, a capitaliza\u00e7\u00e3o de documentos e os pares tutor-mentor facilita a transmiss\u00e3o de compet\u00eancias. Estas abordagens ajudam a refor\u00e7ar a rede interna, incentivando o<strong>empenhamento a longo prazo<\/strong> tanto<strong>dos<\/strong> trabalhadores mais velhos como<strong>dos<\/strong> mais jovens.  <\/p><p>A antecipa\u00e7\u00e3o da pir\u00e2mide et\u00e1ria atrav\u00e9s de ferramentas normalizadas e de uma orienta\u00e7\u00e3o baseada em indicadores precisos permite adaptar a gest\u00e3o das carreiras em tempo real. A plataforma SaaS <a href=\"https:\/\/www.alumni.space\/pt-pt\/como-e-que-os-departamentos-de-rh-podem-antecipar-a-piramide-etaria\/\">alumni.space<\/a>, por exemplo, oferece um ambiente integrado que re\u00fane perfis, tutoria, ofertas e eventos, para estruturar este trabalho aprofundado. Este tipo de ferramenta evita a utiliza\u00e7\u00e3o dispersa de folhas de c\u00e1lculo ou de outros sistemas n\u00e3o sincronizados, que podem conduzir a perdas de tempo e de oportunidades.  <\/p><p>A lei introduz tamb\u00e9m um contrato permanente &#8220;s\u00e9nior&#8221; experimental, o contrato de valoriza\u00e7\u00e3o da experi\u00eancia (CVE), para incentivar o recrutamento de seniores, proporcionando um quadro seguro para a dura\u00e7\u00e3o do emprego. Al\u00e9m disso, a estrutura\u00e7\u00e3o das entrevistas de carreira e a preven\u00e7\u00e3o do desgaste no trabalho garantem um acompanhamento individualizado no momento-chave da transi\u00e7\u00e3o para a reforma. <\/p><h3 class=\"wp-block-heading\"><span class=\"ez-toc-section\" id=\"Estudo_de_caso_que_demonstra_a_importancia_de_uma_gestao_atempada_das_saidas_de_quadros_superiores\"><\/span>Estudo de caso que demonstra a import\u00e2ncia de uma gest\u00e3o atempada das sa\u00eddas de quadros superiores<span class=\"ez-toc-section-end\"><\/span><\/h3><p>No sector industrial, as perturba\u00e7\u00f5es s\u00fabitas conduzem a quedas significativas na produtividade e a um <strong>impacto negativo na qualidade das<\/strong> entregas, como se observa na ind\u00fastria autom\u00f3vel. Por outro lado, as empresas com uma estrat\u00e9gia proactiva de tutoria e um quadro de empregos dedicado est\u00e3o a assistir a uma melhor integra\u00e7\u00e3o dos jovens talentos e a uma transfer\u00eancia mais f\u00e1cil de compet\u00eancias. <\/p><p>As autarquias locais est\u00e3o tamb\u00e9m sujeitas a uma press\u00e3o consider\u00e1vel devido \u00e0 elevada idade m\u00e9dia do seu pessoal. Antecipar as sa\u00eddas atrav\u00e9s de um diagn\u00f3stico preciso das profiss\u00f5es cr\u00edticas permite afetar os recursos com maior pertin\u00eancia, aliviando a carga ligada ao recrutamento maci\u00e7o anunciado pelas reformas. <\/p><p>A mobiliza\u00e7\u00e3o de alian\u00e7as intersectoriais e de redes de antigos alunos favorece igualmente a utiliza\u00e7\u00e3o de pessoas idosas como embaixadores, garantindo uma continuidade colectiva e uma s\u00f3lida reserva de experi\u00eancias. Esta din\u00e2mica de anima\u00e7\u00e3o das comunidades internas e externas representa uma alavanca para os actores do ensino superior, dos CFAs ou das associa\u00e7\u00f5es, que podem combinar a transmiss\u00e3o com uma oferta de ajuda m\u00fatua e de oportunidades profissionais. <\/p><p>Para aprofundar estas quest\u00f5es, vale a pena consultar os recursos pormenorizados do site <a href=\"https:\/\/www.alumni.space\/pt-pt\/risco-de-desorganizacao-que-impacto-terao-as-saidas-em-massa-de-quadros-superiores\/\">alumni.space sobre o risco de desorganiza\u00e7\u00e3o associado \u00e0 sa\u00edda de quadros superiores da<\/a> empresa, bem como os coment\u00e1rios sobre a preserva\u00e7\u00e3o do know-how em determinados sectores, como a constru\u00e7\u00e3o e as obras p\u00fablicas.<\/p>","protected":false},"excerpt":{"rendered":"<p>Riscos de desorganiza\u00e7\u00e3o ligados \u00e0 sa\u00edda em massa de trabalhadores  [&#8230;]<\/p>\n","protected":false},"author":1,"featured_media":5368,"comment_status":"closed","ping_status":"closed","sticky":false,"template":"","format":"standard","meta":{"_ayudawp_aiss_exclude":false,"footnotes":""},"categories":[70],"tags":[],"class_list":["post-5366","post","type-post","status-publish","format-standard","has-post-thumbnail","hentry","category-recursos-humanos"],"yoast_head":"<!-- This site is optimized with the Yoast SEO plugin v27.4 - https:\/\/yoast.com\/product\/yoast-seo-wordpress\/ -->\n<title>Despedimentos em massa de seniores: um risco para a organiza\u00e7\u00e3o?<\/title>\n<meta name=\"description\" content=\"Descobre o impacto das sa\u00eddas em massa de trabalhadores mais velhos na desorganiza\u00e7\u00e3o das empresas e como lidar com elas de forma eficaz.\" \/>\n<meta name=\"robots\" content=\"index, follow, max-snippet:-1, max-image-preview:large, max-video-preview:-1\" \/>\n<link rel=\"canonical\" href=\"https:\/\/www.alumni.space\/pt-pt\/risco-de-desorganizacao-que-impacto-terao-as-saidas-em-massa-de-quadros-superiores\/\" \/>\n<meta property=\"og:locale\" content=\"pt_PT\" \/>\n<meta property=\"og:type\" content=\"article\" \/>\n<meta property=\"og:title\" content=\"Despedimentos em massa de seniores: um risco para a organiza\u00e7\u00e3o?\" \/>\n<meta property=\"og:description\" content=\"Descobre o impacto das sa\u00eddas em massa de trabalhadores mais velhos na desorganiza\u00e7\u00e3o das empresas e como lidar com elas de forma eficaz.\" \/>\n<meta property=\"og:url\" content=\"https:\/\/www.alumni.space\/pt-pt\/risco-de-desorganizacao-que-impacto-terao-as-saidas-em-massa-de-quadros-superiores\/\" \/>\n<meta property=\"og:site_name\" content=\"Alumni.space\" \/>\n<meta property=\"article:published_time\" content=\"2025-01-04T06:35:03+00:00\" \/>\n<meta property=\"article:modified_time\" content=\"2026-03-28T10:42:18+00:00\" \/>\n<meta property=\"og:image\" content=\"https:\/\/www.alumni.space\/wp-content\/uploads\/2026\/03\/Risque-de-desorganisation-quel-impact-des-departs-massifs-des-seniors-.jpg\" \/>\n\t<meta property=\"og:image:width\" content=\"1280\" \/>\n\t<meta property=\"og:image:height\" content=\"768\" \/>\n\t<meta property=\"og:image:type\" content=\"image\/jpeg\" \/>\n<meta name=\"author\" content=\"admin\" \/>\n<meta name=\"twitter:card\" content=\"summary_large_image\" \/>\n<meta name=\"twitter:label1\" content=\"Escrito por\" \/>\n\t<meta name=\"twitter:data1\" content=\"admin\" \/>\n\t<meta name=\"twitter:label2\" content=\"Tempo estimado de leitura\" \/>\n\t<meta name=\"twitter:data2\" content=\"5 minutos\" \/>\n<script type=\"application\/ld+json\" class=\"yoast-schema-graph\">{\"@context\":\"https:\\\/\\\/schema.org\",\"@graph\":[{\"@type\":\"Article\",\"@id\":\"https:\\\/\\\/www.alumni.space\\\/pt-pt\\\/risco-de-desorganizacao-que-impacto-terao-as-saidas-em-massa-de-quadros-superiores\\\/#article\",\"isPartOf\":{\"@id\":\"https:\\\/\\\/www.alumni.space\\\/pt-pt\\\/risco-de-desorganizacao-que-impacto-terao-as-saidas-em-massa-de-quadros-superiores\\\/\"},\"author\":{\"name\":\"admin\",\"@id\":\"https:\\\/\\\/www.alumni.space\\\/pt-pt\\\/#\\\/schema\\\/person\\\/fede362a57876edda476a61f05ce5b15\"},\"headline\":\"Risco de desorganiza\u00e7\u00e3o: que impacto ter\u00e3o as sa\u00eddas em massa de quadros superiores?\",\"datePublished\":\"2025-01-04T06:35:03+00:00\",\"dateModified\":\"2026-03-28T10:42:18+00:00\",\"mainEntityOfPage\":{\"@id\":\"https:\\\/\\\/www.alumni.space\\\/pt-pt\\\/risco-de-desorganizacao-que-impacto-terao-as-saidas-em-massa-de-quadros-superiores\\\/\"},\"wordCount\":986,\"image\":{\"@id\":\"https:\\\/\\\/www.alumni.space\\\/pt-pt\\\/risco-de-desorganizacao-que-impacto-terao-as-saidas-em-massa-de-quadros-superiores\\\/#primaryimage\"},\"thumbnailUrl\":\"https:\\\/\\\/www.alumni.space\\\/wp-content\\\/uploads\\\/2026\\\/03\\\/Risque-de-desorganisation-quel-impact-des-departs-massifs-des-seniors-.jpg\",\"articleSection\":[\"Recursos Humanos\"],\"inLanguage\":\"pt-PT\"},{\"@type\":\"WebPage\",\"@id\":\"https:\\\/\\\/www.alumni.space\\\/pt-pt\\\/risco-de-desorganizacao-que-impacto-terao-as-saidas-em-massa-de-quadros-superiores\\\/\",\"url\":\"https:\\\/\\\/www.alumni.space\\\/pt-pt\\\/risco-de-desorganizacao-que-impacto-terao-as-saidas-em-massa-de-quadros-superiores\\\/\",\"name\":\"Despedimentos em massa de seniores: um risco para a organiza\u00e7\u00e3o?\",\"isPartOf\":{\"@id\":\"https:\\\/\\\/www.alumni.space\\\/pt-pt\\\/#website\"},\"primaryImageOfPage\":{\"@id\":\"https:\\\/\\\/www.alumni.space\\\/pt-pt\\\/risco-de-desorganizacao-que-impacto-terao-as-saidas-em-massa-de-quadros-superiores\\\/#primaryimage\"},\"image\":{\"@id\":\"https:\\\/\\\/www.alumni.space\\\/pt-pt\\\/risco-de-desorganizacao-que-impacto-terao-as-saidas-em-massa-de-quadros-superiores\\\/#primaryimage\"},\"thumbnailUrl\":\"https:\\\/\\\/www.alumni.space\\\/wp-content\\\/uploads\\\/2026\\\/03\\\/Risque-de-desorganisation-quel-impact-des-departs-massifs-des-seniors-.jpg\",\"datePublished\":\"2025-01-04T06:35:03+00:00\",\"dateModified\":\"2026-03-28T10:42:18+00:00\",\"author\":{\"@id\":\"https:\\\/\\\/www.alumni.space\\\/pt-pt\\\/#\\\/schema\\\/person\\\/fede362a57876edda476a61f05ce5b15\"},\"description\":\"Descobre o impacto das sa\u00eddas em massa de trabalhadores mais velhos na desorganiza\u00e7\u00e3o das empresas e como lidar com elas de forma eficaz.\",\"breadcrumb\":{\"@id\":\"https:\\\/\\\/www.alumni.space\\\/pt-pt\\\/risco-de-desorganizacao-que-impacto-terao-as-saidas-em-massa-de-quadros-superiores\\\/#breadcrumb\"},\"inLanguage\":\"pt-PT\",\"potentialAction\":[{\"@type\":\"ReadAction\",\"target\":[\"https:\\\/\\\/www.alumni.space\\\/pt-pt\\\/risco-de-desorganizacao-que-impacto-terao-as-saidas-em-massa-de-quadros-superiores\\\/\"]}]},{\"@type\":\"ImageObject\",\"inLanguage\":\"pt-PT\",\"@id\":\"https:\\\/\\\/www.alumni.space\\\/pt-pt\\\/risco-de-desorganizacao-que-impacto-terao-as-saidas-em-massa-de-quadros-superiores\\\/#primaryimage\",\"url\":\"https:\\\/\\\/www.alumni.space\\\/wp-content\\\/uploads\\\/2026\\\/03\\\/Risque-de-desorganisation-quel-impact-des-departs-massifs-des-seniors-.jpg\",\"contentUrl\":\"https:\\\/\\\/www.alumni.space\\\/wp-content\\\/uploads\\\/2026\\\/03\\\/Risque-de-desorganisation-quel-impact-des-departs-massifs-des-seniors-.jpg\",\"width\":1280,\"height\":768,\"caption\":\"Descobre as consequ\u00eancias das sa\u00eddas em massa de trabalhadores mais velhos para a organiza\u00e7\u00e3o das empresas e as estrat\u00e9gias para evitar a desorganiza\u00e7\u00e3o.\"},{\"@type\":\"BreadcrumbList\",\"@id\":\"https:\\\/\\\/www.alumni.space\\\/pt-pt\\\/risco-de-desorganizacao-que-impacto-terao-as-saidas-em-massa-de-quadros-superiores\\\/#breadcrumb\",\"itemListElement\":[{\"@type\":\"ListItem\",\"position\":1,\"name\":\"Home\",\"item\":\"https:\\\/\\\/www.alumni.space\\\/pt-pt\\\/plataforma-de-gestao-de-mentores-e-antigos-alunos\\\/\"},{\"@type\":\"ListItem\",\"position\":2,\"name\":\"Risco de desorganiza\u00e7\u00e3o: que impacto ter\u00e3o as sa\u00eddas em massa de quadros superiores?\"}]},{\"@type\":\"WebSite\",\"@id\":\"https:\\\/\\\/www.alumni.space\\\/pt-pt\\\/#website\",\"url\":\"https:\\\/\\\/www.alumni.space\\\/pt-pt\\\/\",\"name\":\"Alumni.space\",\"description\":\"My WordPress Blog\",\"potentialAction\":[{\"@type\":\"SearchAction\",\"target\":{\"@type\":\"EntryPoint\",\"urlTemplate\":\"https:\\\/\\\/www.alumni.space\\\/pt-pt\\\/?s={search_term_string}\"},\"query-input\":{\"@type\":\"PropertyValueSpecification\",\"valueRequired\":true,\"valueName\":\"search_term_string\"}}],\"inLanguage\":\"pt-PT\"},{\"@type\":\"Person\",\"@id\":\"https:\\\/\\\/www.alumni.space\\\/pt-pt\\\/#\\\/schema\\\/person\\\/fede362a57876edda476a61f05ce5b15\",\"name\":\"admin\",\"image\":{\"@type\":\"ImageObject\",\"inLanguage\":\"pt-PT\",\"@id\":\"https:\\\/\\\/secure.gravatar.com\\\/avatar\\\/318e234ae94f90d4d629428d6b983c08e31181c28f579e08a021180d759ea651?s=96&d=mm&r=g\",\"url\":\"https:\\\/\\\/secure.gravatar.com\\\/avatar\\\/318e234ae94f90d4d629428d6b983c08e31181c28f579e08a021180d759ea651?s=96&d=mm&r=g\",\"contentUrl\":\"https:\\\/\\\/secure.gravatar.com\\\/avatar\\\/318e234ae94f90d4d629428d6b983c08e31181c28f579e08a021180d759ea651?s=96&d=mm&r=g\",\"caption\":\"admin\"},\"description\":\"Nicolas Laustriat a construit sa sp\u00e9cialit\u00e9 sur un sujet que beaucoup d\u2019organisations d\u00e9couvrent trop tard : ce qui dispara\u00eet quand les gens partent. Dipl\u00f4m\u00e9 en conception de produit industriel, il bifurque vers le digital fin 1996, il couvre les transformations marques, RH, la fid\u00e9lisation, la marque employeur. Sur le terrain, il rep\u00e8re un angle mort r\u00e9current : l\u2019entreprise investit dans le recrutement, la formation, les process\u2026 puis laisse filer le lien au moment du d\u00e9part, avec une perte de savoir et d\u2019influence qui se paie en silence. Il se sp\u00e9cialise alors sur les communaut\u00e9s d\u2019alumni, le mentorat, l\u2019entraide interg\u00e9n\u00e9rationnelle et la transmission d\u2019expertise. Il passe du \u201cconstat\u201d aux m\u00e9thodes : animation, gouvernance, segmentation, rituels, mesure d\u2019engagement, articulation avec la RSE et l\u2019employabilit\u00e9. Il interviewe DRH, responsables formation, directions d\u2019\u00e9coles, associations et fondations, avec une obsession : transformer un r\u00e9seau dormant en m\u00e9canisme utile (cooptation, mentorat, job board, entraide, \u00e9v\u00e9nements, contenus). Son style : direct, orient\u00e9 action, sans folklore. Sa conviction : une communaut\u00e9 n\u2019a pas besoin de bruit, elle a besoin de raisons de revenir.\",\"sameAs\":[\"https:\\\/\\\/www.alumni.space\"]}]}<\/script>\n<!-- \/ Yoast SEO plugin. -->","yoast_head_json":{"title":"Despedimentos em massa de seniores: um risco para a organiza\u00e7\u00e3o?","description":"Descobre o impacto das sa\u00eddas em massa de trabalhadores mais velhos na desorganiza\u00e7\u00e3o das empresas e como lidar com elas de forma eficaz.","robots":{"index":"index","follow":"follow","max-snippet":"max-snippet:-1","max-image-preview":"max-image-preview:large","max-video-preview":"max-video-preview:-1"},"canonical":"https:\/\/www.alumni.space\/pt-pt\/risco-de-desorganizacao-que-impacto-terao-as-saidas-em-massa-de-quadros-superiores\/","og_locale":"pt_PT","og_type":"article","og_title":"Despedimentos em massa de seniores: um risco para a organiza\u00e7\u00e3o?","og_description":"Descobre o impacto das sa\u00eddas em massa de trabalhadores mais velhos na desorganiza\u00e7\u00e3o das empresas e como lidar com elas de forma eficaz.","og_url":"https:\/\/www.alumni.space\/pt-pt\/risco-de-desorganizacao-que-impacto-terao-as-saidas-em-massa-de-quadros-superiores\/","og_site_name":"Alumni.space","article_published_time":"2025-01-04T06:35:03+00:00","article_modified_time":"2026-03-28T10:42:18+00:00","og_image":[{"width":1280,"height":768,"url":"https:\/\/www.alumni.space\/wp-content\/uploads\/2026\/03\/Risque-de-desorganisation-quel-impact-des-departs-massifs-des-seniors-.jpg","type":"image\/jpeg"}],"author":"admin","twitter_card":"summary_large_image","twitter_misc":{"Escrito por":"admin","Tempo estimado de leitura":"5 minutos"},"schema":{"@context":"https:\/\/schema.org","@graph":[{"@type":"Article","@id":"https:\/\/www.alumni.space\/pt-pt\/risco-de-desorganizacao-que-impacto-terao-as-saidas-em-massa-de-quadros-superiores\/#article","isPartOf":{"@id":"https:\/\/www.alumni.space\/pt-pt\/risco-de-desorganizacao-que-impacto-terao-as-saidas-em-massa-de-quadros-superiores\/"},"author":{"name":"admin","@id":"https:\/\/www.alumni.space\/pt-pt\/#\/schema\/person\/fede362a57876edda476a61f05ce5b15"},"headline":"Risco de desorganiza\u00e7\u00e3o: que impacto ter\u00e3o as sa\u00eddas em massa de quadros superiores?","datePublished":"2025-01-04T06:35:03+00:00","dateModified":"2026-03-28T10:42:18+00:00","mainEntityOfPage":{"@id":"https:\/\/www.alumni.space\/pt-pt\/risco-de-desorganizacao-que-impacto-terao-as-saidas-em-massa-de-quadros-superiores\/"},"wordCount":986,"image":{"@id":"https:\/\/www.alumni.space\/pt-pt\/risco-de-desorganizacao-que-impacto-terao-as-saidas-em-massa-de-quadros-superiores\/#primaryimage"},"thumbnailUrl":"https:\/\/www.alumni.space\/wp-content\/uploads\/2026\/03\/Risque-de-desorganisation-quel-impact-des-departs-massifs-des-seniors-.jpg","articleSection":["Recursos Humanos"],"inLanguage":"pt-PT"},{"@type":"WebPage","@id":"https:\/\/www.alumni.space\/pt-pt\/risco-de-desorganizacao-que-impacto-terao-as-saidas-em-massa-de-quadros-superiores\/","url":"https:\/\/www.alumni.space\/pt-pt\/risco-de-desorganizacao-que-impacto-terao-as-saidas-em-massa-de-quadros-superiores\/","name":"Despedimentos em massa de seniores: um risco para a organiza\u00e7\u00e3o?","isPartOf":{"@id":"https:\/\/www.alumni.space\/pt-pt\/#website"},"primaryImageOfPage":{"@id":"https:\/\/www.alumni.space\/pt-pt\/risco-de-desorganizacao-que-impacto-terao-as-saidas-em-massa-de-quadros-superiores\/#primaryimage"},"image":{"@id":"https:\/\/www.alumni.space\/pt-pt\/risco-de-desorganizacao-que-impacto-terao-as-saidas-em-massa-de-quadros-superiores\/#primaryimage"},"thumbnailUrl":"https:\/\/www.alumni.space\/wp-content\/uploads\/2026\/03\/Risque-de-desorganisation-quel-impact-des-departs-massifs-des-seniors-.jpg","datePublished":"2025-01-04T06:35:03+00:00","dateModified":"2026-03-28T10:42:18+00:00","author":{"@id":"https:\/\/www.alumni.space\/pt-pt\/#\/schema\/person\/fede362a57876edda476a61f05ce5b15"},"description":"Descobre o impacto das sa\u00eddas em massa de trabalhadores mais velhos na desorganiza\u00e7\u00e3o das empresas e como lidar com elas de forma eficaz.","breadcrumb":{"@id":"https:\/\/www.alumni.space\/pt-pt\/risco-de-desorganizacao-que-impacto-terao-as-saidas-em-massa-de-quadros-superiores\/#breadcrumb"},"inLanguage":"pt-PT","potentialAction":[{"@type":"ReadAction","target":["https:\/\/www.alumni.space\/pt-pt\/risco-de-desorganizacao-que-impacto-terao-as-saidas-em-massa-de-quadros-superiores\/"]}]},{"@type":"ImageObject","inLanguage":"pt-PT","@id":"https:\/\/www.alumni.space\/pt-pt\/risco-de-desorganizacao-que-impacto-terao-as-saidas-em-massa-de-quadros-superiores\/#primaryimage","url":"https:\/\/www.alumni.space\/wp-content\/uploads\/2026\/03\/Risque-de-desorganisation-quel-impact-des-departs-massifs-des-seniors-.jpg","contentUrl":"https:\/\/www.alumni.space\/wp-content\/uploads\/2026\/03\/Risque-de-desorganisation-quel-impact-des-departs-massifs-des-seniors-.jpg","width":1280,"height":768,"caption":"Descobre as consequ\u00eancias das sa\u00eddas em massa de trabalhadores mais velhos para a organiza\u00e7\u00e3o das empresas e as estrat\u00e9gias para evitar a desorganiza\u00e7\u00e3o."},{"@type":"BreadcrumbList","@id":"https:\/\/www.alumni.space\/pt-pt\/risco-de-desorganizacao-que-impacto-terao-as-saidas-em-massa-de-quadros-superiores\/#breadcrumb","itemListElement":[{"@type":"ListItem","position":1,"name":"Home","item":"https:\/\/www.alumni.space\/pt-pt\/plataforma-de-gestao-de-mentores-e-antigos-alunos\/"},{"@type":"ListItem","position":2,"name":"Risco de desorganiza\u00e7\u00e3o: que impacto ter\u00e3o as sa\u00eddas em massa de quadros superiores?"}]},{"@type":"WebSite","@id":"https:\/\/www.alumni.space\/pt-pt\/#website","url":"https:\/\/www.alumni.space\/pt-pt\/","name":"Alumni.space","description":"My WordPress Blog","potentialAction":[{"@type":"SearchAction","target":{"@type":"EntryPoint","urlTemplate":"https:\/\/www.alumni.space\/pt-pt\/?s={search_term_string}"},"query-input":{"@type":"PropertyValueSpecification","valueRequired":true,"valueName":"search_term_string"}}],"inLanguage":"pt-PT"},{"@type":"Person","@id":"https:\/\/www.alumni.space\/pt-pt\/#\/schema\/person\/fede362a57876edda476a61f05ce5b15","name":"admin","image":{"@type":"ImageObject","inLanguage":"pt-PT","@id":"https:\/\/secure.gravatar.com\/avatar\/318e234ae94f90d4d629428d6b983c08e31181c28f579e08a021180d759ea651?s=96&d=mm&r=g","url":"https:\/\/secure.gravatar.com\/avatar\/318e234ae94f90d4d629428d6b983c08e31181c28f579e08a021180d759ea651?s=96&d=mm&r=g","contentUrl":"https:\/\/secure.gravatar.com\/avatar\/318e234ae94f90d4d629428d6b983c08e31181c28f579e08a021180d759ea651?s=96&d=mm&r=g","caption":"admin"},"description":"Nicolas Laustriat a construit sa sp\u00e9cialit\u00e9 sur un sujet que beaucoup d\u2019organisations d\u00e9couvrent trop tard : ce qui dispara\u00eet quand les gens partent. Dipl\u00f4m\u00e9 en conception de produit industriel, il bifurque vers le digital fin 1996, il couvre les transformations marques, RH, la fid\u00e9lisation, la marque employeur. Sur le terrain, il rep\u00e8re un angle mort r\u00e9current : l\u2019entreprise investit dans le recrutement, la formation, les process\u2026 puis laisse filer le lien au moment du d\u00e9part, avec une perte de savoir et d\u2019influence qui se paie en silence. Il se sp\u00e9cialise alors sur les communaut\u00e9s d\u2019alumni, le mentorat, l\u2019entraide interg\u00e9n\u00e9rationnelle et la transmission d\u2019expertise. Il passe du \u201cconstat\u201d aux m\u00e9thodes : animation, gouvernance, segmentation, rituels, mesure d\u2019engagement, articulation avec la RSE et l\u2019employabilit\u00e9. Il interviewe DRH, responsables formation, directions d\u2019\u00e9coles, associations et fondations, avec une obsession : transformer un r\u00e9seau dormant en m\u00e9canisme utile (cooptation, mentorat, job board, entraide, \u00e9v\u00e9nements, contenus). Son style : direct, orient\u00e9 action, sans folklore. Sa conviction : une communaut\u00e9 n\u2019a pas besoin de bruit, elle a besoin de raisons de revenir.","sameAs":["https:\/\/www.alumni.space"]}]}},"_links":{"self":[{"href":"https:\/\/www.alumni.space\/pt-pt\/wp-json\/wp\/v2\/posts\/5366","targetHints":{"allow":["GET"]}}],"collection":[{"href":"https:\/\/www.alumni.space\/pt-pt\/wp-json\/wp\/v2\/posts"}],"about":[{"href":"https:\/\/www.alumni.space\/pt-pt\/wp-json\/wp\/v2\/types\/post"}],"author":[{"embeddable":true,"href":"https:\/\/www.alumni.space\/pt-pt\/wp-json\/wp\/v2\/users\/1"}],"replies":[{"embeddable":true,"href":"https:\/\/www.alumni.space\/pt-pt\/wp-json\/wp\/v2\/comments?post=5366"}],"version-history":[{"count":2,"href":"https:\/\/www.alumni.space\/pt-pt\/wp-json\/wp\/v2\/posts\/5366\/revisions"}],"predecessor-version":[{"id":6426,"href":"https:\/\/www.alumni.space\/pt-pt\/wp-json\/wp\/v2\/posts\/5366\/revisions\/6426"}],"wp:featuredmedia":[{"embeddable":true,"href":"https:\/\/www.alumni.space\/pt-pt\/wp-json\/wp\/v2\/media\/5368"}],"wp:attachment":[{"href":"https:\/\/www.alumni.space\/pt-pt\/wp-json\/wp\/v2\/media?parent=5366"}],"wp:term":[{"taxonomy":"category","embeddable":true,"href":"https:\/\/www.alumni.space\/pt-pt\/wp-json\/wp\/v2\/categories?post=5366"},{"taxonomy":"post_tag","embeddable":true,"href":"https:\/\/www.alumni.space\/pt-pt\/wp-json\/wp\/v2\/tags?post=5366"}],"curies":[{"name":"wp","href":"https:\/\/api.w.org\/{rel}","templated":true}]}}