{"id":5336,"date":"2024-09-23T19:09:50","date_gmt":"2024-09-23T19:09:50","guid":{"rendered":"https:\/\/www.alumni.space\/o-sector-das-artes-e-oficios-ameacado-pela-falta-de-jovens-talentos\/"},"modified":"2026-04-02T12:05:16","modified_gmt":"2026-04-02T12:05:16","slug":"o-sector-das-artes-e-oficios-ameacado-pela-falta-de-jovens-talentos","status":"publish","type":"post","link":"https:\/\/www.alumni.space\/pt-pt\/o-sector-das-artes-e-oficios-ameacado-pela-falta-de-jovens-talentos\/","title":{"rendered":"O sector das artes e of\u00edcios amea\u00e7ado pela falta de jovens talentos"},"content":{"rendered":"<p><strong>As artes e of\u00edcios<\/strong> representam uma parte essencial do nosso patrim\u00f3nio cultural, reflectindo um saber-fazer ancestral transmitido de gera\u00e7\u00e3o em gera\u00e7\u00e3o. No entanto, o sector enfrenta uma <strong>escassez<\/strong> preocupante <strong>de novos recrutas<\/strong>, o que amea\u00e7a a sobreviv\u00eancia dos of\u00edcios tradicionais e a manuten\u00e7\u00e3o destas compet\u00eancias \u00fanicas. A transmiss\u00e3o de conhecimentos fica assim comprometida, enquanto o decl\u00ednio do n\u00famero de artes\u00e3os provoca perdas significativas em termos de riqueza cultural e econ\u00f3mica.  <\/p><div id=\"ez-toc-container\" class=\"ez-toc-v2_0_82_2 counter-flat ez-toc-counter ez-toc-grey ez-toc-container-direction\">\n<div class=\"ez-toc-title-container\"><p class=\"ez-toc-title\" style=\"cursor:inherit\">\u00cdndice deste artigo:<\/p>\n<\/div><nav><ul class='ez-toc-list ez-toc-list-level-1 ' ><li class='ez-toc-page-1'><a class=\"ez-toc-link ez-toc-heading-1\" href=\"https:\/\/www.alumni.space\/pt-pt\/o-sector-das-artes-e-oficios-ameacado-pela-falta-de-jovens-talentos\/#Os_desafios_da_transmissao_de_conhecimentos_no_sector_das_artes_e_oficios\" >Os desafios da transmiss\u00e3o de conhecimentos no sector das artes e of\u00edcios<\/a><\/li><li class='ez-toc-page-1'><a class=\"ez-toc-link ez-toc-heading-2\" href=\"https:\/\/www.alumni.space\/pt-pt\/o-sector-das-artes-e-oficios-ameacado-pela-falta-de-jovens-talentos\/#Envolver_as_comunidades_para_reforcar_as_artes_e_oficios\" >Envolver as comunidades para refor\u00e7ar as artes e of\u00edcios<\/a><\/li><li class='ez-toc-page-1'><a class=\"ez-toc-link ez-toc-heading-3\" href=\"https:\/\/www.alumni.space\/pt-pt\/o-sector-das-artes-e-oficios-ameacado-pela-falta-de-jovens-talentos\/#Mobilizar_os_decisores_e_as_instituicoes_para_apoiar_a_formacao_artesanal\" >Mobilizar os decisores e as institui\u00e7\u00f5es para apoiar a forma\u00e7\u00e3o artesanal<\/a><\/li><li class='ez-toc-page-1'><a class=\"ez-toc-link ez-toc-heading-4\" href=\"https:\/\/www.alumni.space\/pt-pt\/o-sector-das-artes-e-oficios-ameacado-pela-falta-de-jovens-talentos\/#Passa_da_teoria_a_pratica_para_preservar_os_oficios_tradicionais\" >Passa da teoria \u00e0 pr\u00e1tica para preservar os of\u00edcios tradicionais<\/a><\/li><\/ul><\/nav><\/div>\n<h2 class=\"wp-block-heading\"><span class=\"ez-toc-section\" id=\"Os_desafios_da_transmissao_de_conhecimentos_no_sector_das_artes_e_oficios\"><\/span>Os desafios da transmiss\u00e3o de conhecimentos no sector das artes e of\u00edcios<span class=\"ez-toc-section-end\"><\/span><\/h2><p>As profiss\u00f5es art\u00edsticas e artesanais exigem uma forma\u00e7\u00e3o precisa e muitas vezes longa no of\u00edcio, que tem dificuldade em atrair jovens talentos. O interesse pelas profiss\u00f5es artesanais est\u00e1 a diminuir em benef\u00edcio de sectores mais tecnol\u00f3gicos ou considerados mais est\u00e1veis. Esta falta de interesse agrava o desinteresse por estas profiss\u00f5es que, no entanto, oferecem uma experi\u00eancia insubstitu\u00edvel. Neste contexto, as oficinas e as escolas especializadas v\u00eaem-se confrontadas com uma diminui\u00e7\u00e3o das inscri\u00e7\u00f5es, pondo em risco o pr\u00f3prio futuro das profiss\u00f5es tradicionais.   <\/p><figure class=\"wp-block-image size-full\"><img decoding=\"async\" width=\"1280\" height=\"768\" src=\"https:\/\/www.alumni.space\/wp-content\/uploads\/2026\/03\/Lartisanat-dart-en-danger-face-au-manque-de-releve-1.jpg\" data-orig-src=\"https:\/\/www.alumni.space\/wp-content\/uploads\/2026\/03\/Lartisanat-dart-en-danger-face-au-manque-de-releve-1.jpg\" alt=\"Descobre mais sobre os desafios que o sector das artes e of\u00edcios enfrenta, amea\u00e7ado por uma escassez de jovens talentos, e como preservar este patrim\u00f3nio \u00fanico e precioso.\" class=\"lazyload wp-image-3237\" srcset=\"data:image\/svg+xml,%3Csvg%20xmlns%3D%27http%3A%2F%2Fwww.w3.org%2F2000%2Fsvg%27%20width%3D%271280%27%20height%3D%27768%27%20viewBox%3D%270%200%201280%20768%27%3E%3Crect%20width%3D%271280%27%20height%3D%27768%27%20fill-opacity%3D%220%22%2F%3E%3C%2Fsvg%3E\" data-srcset=\"https:\/\/www.alumni.space\/wp-content\/uploads\/2026\/03\/Lartisanat-dart-en-danger-face-au-manque-de-releve-1-200x120.jpg 200w, https:\/\/www.alumni.space\/wp-content\/uploads\/2026\/03\/Lartisanat-dart-en-danger-face-au-manque-de-releve-1-300x180.jpg 300w, https:\/\/www.alumni.space\/wp-content\/uploads\/2026\/03\/Lartisanat-dart-en-danger-face-au-manque-de-releve-1-400x240.jpg 400w, https:\/\/www.alumni.space\/wp-content\/uploads\/2026\/03\/Lartisanat-dart-en-danger-face-au-manque-de-releve-1-600x360.jpg 600w, https:\/\/www.alumni.space\/wp-content\/uploads\/2026\/03\/Lartisanat-dart-en-danger-face-au-manque-de-releve-1-768x461.jpg 768w, https:\/\/www.alumni.space\/wp-content\/uploads\/2026\/03\/Lartisanat-dart-en-danger-face-au-manque-de-releve-1-800x480.jpg 800w, https:\/\/www.alumni.space\/wp-content\/uploads\/2026\/03\/Lartisanat-dart-en-danger-face-au-manque-de-releve-1-1024x614.jpg 1024w, https:\/\/www.alumni.space\/wp-content\/uploads\/2026\/03\/Lartisanat-dart-en-danger-face-au-manque-de-releve-1-1200x720.jpg 1200w, https:\/\/www.alumni.space\/wp-content\/uploads\/2026\/03\/Lartisanat-dart-en-danger-face-au-manque-de-releve-1.jpg 1280w\" data-sizes=\"auto\" data-orig-sizes=\"(max-width: 1280px) 100vw, 1280px\" \/><\/figure><p>A valoriza\u00e7\u00e3o das profiss\u00f5es e o apoio aos artes\u00e3os s\u00e3o alavancas essenciais para inverter esta tend\u00eancia. A mobiliza\u00e7\u00e3o das redes e das comunidades profissionais \u00e9 uma resposta estrat\u00e9gica para refor\u00e7ar os la\u00e7os entre as gera\u00e7\u00f5es e garantir uma melhor integra\u00e7\u00e3o dos jovens artes\u00e3os. <\/p><h3 class=\"wp-block-heading\"><span class=\"ez-toc-section\" id=\"Envolver_as_comunidades_para_reforcar_as_artes_e_oficios\"><\/span>Envolver as comunidades para refor\u00e7ar as artes e of\u00edcios<span class=\"ez-toc-section-end\"><\/span><\/h3><p>A gest\u00e3o eficaz de redes de antigos alunos e mentores no sector das artes e of\u00edcios ajuda a impulsionar a transmiss\u00e3o de conhecimentos. Uma plataforma SaaS como o alumni.space facilita a estrutura\u00e7\u00e3o destas comunidades, oferecendo ferramentas de anima\u00e7\u00e3o, partilha de recursos e gest\u00e3o de eventos. <strong>Reunir<\/strong> os artes\u00e3os em torno de projectos comuns cria um sentimento de perten\u00e7a e estimula o apoio m\u00fatuo. <\/p><p>Esta liga\u00e7\u00e3o mais forte permite igualmente otimizar a coopta\u00e7\u00e3o e a organiza\u00e7\u00e3o de uma forma\u00e7\u00e3o adequada, recorrendo a perfis de especialistas dispon\u00edveis para apoiar a pr\u00f3xima gera\u00e7\u00e3o. A ado\u00e7\u00e3o de tais solu\u00e7\u00f5es constitui um m\u00e9todo vencedor para limitar os <strong>custos ocultos<\/strong> associados \u00e0 perda de know-how, assegurando a continuidade e a vitalidade do sector. <\/p><h2 class=\"wp-block-heading\"><span class=\"ez-toc-section\" id=\"Mobilizar_os_decisores_e_as_instituicoes_para_apoiar_a_formacao_artesanal\"><\/span>Mobilizar os decisores e as institui\u00e7\u00f5es para apoiar a forma\u00e7\u00e3o artesanal<span class=\"ez-toc-section-end\"><\/span><\/h2><p>A participa\u00e7\u00e3o dos principais actores &#8211; escolas, centros de forma\u00e7\u00e3o de aprendizes (CFA), associa\u00e7\u00f5es e decisores de RH &#8211; continua a ser essencial. Estes devem orientar estrat\u00e9gias espec\u00edficas que incentivem o empenhamento a longo prazo e a ado\u00e7\u00e3o de medidas que facilitem o acesso \u00e0s profiss\u00f5es tradicionais. A cria\u00e7\u00e3o de <strong>rituais de interc\u00e2mbio entre gera\u00e7\u00f5es<\/strong> e a valoriza\u00e7\u00e3o concreta dos percursos profissionais atrav\u00e9s de indicadores-chave de desempenho relevantes contribuir\u00e3o para uma melhor governa\u00e7\u00e3o do sector.  <\/p><p>A liga\u00e7\u00e3o que deve ser estabelecida entre os estabelecimentos de ensino e os organismos profissionais tem um impacto direto no emprego artesanal. Por exemplo, as iniciativas de tutoria no \u00e2mbito das redes de antigos alunos refor\u00e7am a <a href=\"https:\/\/www.alumni.space\/pt-pt\/alumni-como-criar-uma-dinamica-de-rede-sustentavel\/\">din\u00e2mica de rede<\/a> necess\u00e1ria para recuperar estes empregos. A cria\u00e7\u00e3o de uma biblioteca documental e a organiza\u00e7\u00e3o regular de eventos especializados s\u00e3o outras formas de incentivar a transfer\u00eancia de conhecimentos.  <\/p><h3 class=\"wp-block-heading\"><span class=\"ez-toc-section\" id=\"Passa_da_teoria_a_pratica_para_preservar_os_oficios_tradicionais\"><\/span>Passa da teoria \u00e0 pr\u00e1tica para preservar os of\u00edcios tradicionais<span class=\"ez-toc-section-end\"><\/span><\/h3><p>Um calend\u00e1rio preciso, incluindo etapas pr\u00e1ticas e pap\u00e9is claramente definidos, ajuda a estruturar a transfer\u00eancia. A constitui\u00e7\u00e3o de pares intergeracionais, a organiza\u00e7\u00e3o de sess\u00f5es de trabalho colaborativo e um acompanhamento rigoroso optimizam o desenvolvimento das compet\u00eancias. A utiliza\u00e7\u00e3o de uma plataforma como o alumni.space evita a dispers\u00e3o de ferramentas e de dados, poupando tempo e melhorando o controlo dos processos.  <\/p><p>Este sistema apoia os artes\u00e3os na promo\u00e7\u00e3o do seu artesanato e no incentivo \u00e0 sua rede. O objetivo \u00e9 fazer de cada participante um embaixador capaz de se empenhar de forma duradoura no patrim\u00f3nio cultural. Estas iniciativas contribuem para limitar a diminui\u00e7\u00e3o do n\u00famero de artes\u00e3os, refor\u00e7ando simultaneamente a transmiss\u00e3o dos conhecimentos que est\u00e3o no cerne dos of\u00edcios tradicionais.  <\/p><p><a href=\"https:\/\/www.alumni.space\/pt-pt\/o-risco-de-perder-o-saber-fazer-do-artesanato-tradicional\/\">Descobrir como reduzir a perda de saber-fazer<\/a> torna-se, assim, uma prioridade para as institui\u00e7\u00f5es e os decisores empenhados na salvaguarda das artes e of\u00edcios.<\/p>","protected":false},"excerpt":{"rendered":"<p>As artes e of\u00edcios representam uma parte essencial do nosso  [&#8230;]<\/p>\n","protected":false},"author":1,"featured_media":5339,"comment_status":"closed","ping_status":"closed","sticky":false,"template":"","format":"standard","meta":{"_ayudawp_aiss_exclude":false,"footnotes":""},"categories":[35],"tags":[],"class_list":["post-5336","post","type-post","status-publish","format-standard","has-post-thumbnail","hentry","category-sem-categoria"],"yoast_head":"<!-- This site is optimized with the Yoast SEO plugin v27.4 - https:\/\/yoast.com\/product\/yoast-seo-wordpress\/ -->\n<title>Artes e of\u00edcios: a pr\u00f3xima gera\u00e7\u00e3o em perigo<\/title>\n<meta name=\"description\" content=\"Descobre como o sector das artes e of\u00edcios est\u00e1 a lidar com a escassez de jovens talentos e o que isso significa para o seu futuro e para o nosso patrim\u00f3nio.\" \/>\n<meta name=\"robots\" content=\"index, follow, max-snippet:-1, max-image-preview:large, max-video-preview:-1\" \/>\n<link rel=\"canonical\" href=\"https:\/\/www.alumni.space\/pt-pt\/o-sector-das-artes-e-oficios-ameacado-pela-falta-de-jovens-talentos\/\" \/>\n<meta property=\"og:locale\" content=\"pt_PT\" \/>\n<meta property=\"og:type\" content=\"article\" \/>\n<meta property=\"og:title\" content=\"Artes e of\u00edcios: a pr\u00f3xima gera\u00e7\u00e3o em perigo\" \/>\n<meta property=\"og:description\" content=\"Descobre como o sector das artes e of\u00edcios est\u00e1 a lidar com a escassez de jovens talentos e o que isso significa para o seu futuro e para o nosso patrim\u00f3nio.\" \/>\n<meta property=\"og:url\" content=\"https:\/\/www.alumni.space\/pt-pt\/o-sector-das-artes-e-oficios-ameacado-pela-falta-de-jovens-talentos\/\" \/>\n<meta property=\"og:site_name\" content=\"Alumni.space\" \/>\n<meta property=\"article:published_time\" content=\"2024-09-23T19:09:50+00:00\" \/>\n<meta property=\"article:modified_time\" content=\"2026-04-02T12:05:16+00:00\" \/>\n<meta property=\"og:image\" content=\"https:\/\/www.alumni.space\/wp-content\/uploads\/2026\/03\/Lartisanat-dart-en-danger-face-au-manque-de-releve.jpg\" \/>\n\t<meta property=\"og:image:width\" content=\"1280\" \/>\n\t<meta property=\"og:image:height\" content=\"768\" \/>\n\t<meta property=\"og:image:type\" content=\"image\/jpeg\" \/>\n<meta name=\"author\" content=\"admin\" \/>\n<meta name=\"twitter:card\" content=\"summary_large_image\" \/>\n<meta name=\"twitter:label1\" content=\"Escrito por\" \/>\n\t<meta name=\"twitter:data1\" content=\"admin\" \/>\n\t<meta name=\"twitter:label2\" content=\"Tempo estimado de leitura\" \/>\n\t<meta name=\"twitter:data2\" content=\"4 minutos\" \/>\n<script type=\"application\/ld+json\" class=\"yoast-schema-graph\">{\"@context\":\"https:\\\/\\\/schema.org\",\"@graph\":[{\"@type\":\"Article\",\"@id\":\"https:\\\/\\\/www.alumni.space\\\/pt-pt\\\/o-sector-das-artes-e-oficios-ameacado-pela-falta-de-jovens-talentos\\\/#article\",\"isPartOf\":{\"@id\":\"https:\\\/\\\/www.alumni.space\\\/pt-pt\\\/o-sector-das-artes-e-oficios-ameacado-pela-falta-de-jovens-talentos\\\/\"},\"author\":{\"name\":\"admin\",\"@id\":\"https:\\\/\\\/www.alumni.space\\\/pt-pt\\\/#\\\/schema\\\/person\\\/fede362a57876edda476a61f05ce5b15\"},\"headline\":\"O sector das artes e of\u00edcios amea\u00e7ado pela falta de jovens talentos\",\"datePublished\":\"2024-09-23T19:09:50+00:00\",\"dateModified\":\"2026-04-02T12:05:16+00:00\",\"mainEntityOfPage\":{\"@id\":\"https:\\\/\\\/www.alumni.space\\\/pt-pt\\\/o-sector-das-artes-e-oficios-ameacado-pela-falta-de-jovens-talentos\\\/\"},\"wordCount\":762,\"image\":{\"@id\":\"https:\\\/\\\/www.alumni.space\\\/pt-pt\\\/o-sector-das-artes-e-oficios-ameacado-pela-falta-de-jovens-talentos\\\/#primaryimage\"},\"thumbnailUrl\":\"https:\\\/\\\/www.alumni.space\\\/wp-content\\\/uploads\\\/2026\\\/03\\\/Lartisanat-dart-en-danger-face-au-manque-de-releve.jpg\",\"inLanguage\":\"pt-PT\"},{\"@type\":\"WebPage\",\"@id\":\"https:\\\/\\\/www.alumni.space\\\/pt-pt\\\/o-sector-das-artes-e-oficios-ameacado-pela-falta-de-jovens-talentos\\\/\",\"url\":\"https:\\\/\\\/www.alumni.space\\\/pt-pt\\\/o-sector-das-artes-e-oficios-ameacado-pela-falta-de-jovens-talentos\\\/\",\"name\":\"Artes e of\u00edcios: a pr\u00f3xima gera\u00e7\u00e3o em perigo\",\"isPartOf\":{\"@id\":\"https:\\\/\\\/www.alumni.space\\\/pt-pt\\\/#website\"},\"primaryImageOfPage\":{\"@id\":\"https:\\\/\\\/www.alumni.space\\\/pt-pt\\\/o-sector-das-artes-e-oficios-ameacado-pela-falta-de-jovens-talentos\\\/#primaryimage\"},\"image\":{\"@id\":\"https:\\\/\\\/www.alumni.space\\\/pt-pt\\\/o-sector-das-artes-e-oficios-ameacado-pela-falta-de-jovens-talentos\\\/#primaryimage\"},\"thumbnailUrl\":\"https:\\\/\\\/www.alumni.space\\\/wp-content\\\/uploads\\\/2026\\\/03\\\/Lartisanat-dart-en-danger-face-au-manque-de-releve.jpg\",\"datePublished\":\"2024-09-23T19:09:50+00:00\",\"dateModified\":\"2026-04-02T12:05:16+00:00\",\"author\":{\"@id\":\"https:\\\/\\\/www.alumni.space\\\/pt-pt\\\/#\\\/schema\\\/person\\\/fede362a57876edda476a61f05ce5b15\"},\"description\":\"Descobre como o sector das artes e of\u00edcios est\u00e1 a lidar com a escassez de jovens talentos e o que isso significa para o seu futuro e para o nosso patrim\u00f3nio.\",\"breadcrumb\":{\"@id\":\"https:\\\/\\\/www.alumni.space\\\/pt-pt\\\/o-sector-das-artes-e-oficios-ameacado-pela-falta-de-jovens-talentos\\\/#breadcrumb\"},\"inLanguage\":\"pt-PT\",\"potentialAction\":[{\"@type\":\"ReadAction\",\"target\":[\"https:\\\/\\\/www.alumni.space\\\/pt-pt\\\/o-sector-das-artes-e-oficios-ameacado-pela-falta-de-jovens-talentos\\\/\"]}]},{\"@type\":\"ImageObject\",\"inLanguage\":\"pt-PT\",\"@id\":\"https:\\\/\\\/www.alumni.space\\\/pt-pt\\\/o-sector-das-artes-e-oficios-ameacado-pela-falta-de-jovens-talentos\\\/#primaryimage\",\"url\":\"https:\\\/\\\/www.alumni.space\\\/wp-content\\\/uploads\\\/2026\\\/03\\\/Lartisanat-dart-en-danger-face-au-manque-de-releve.jpg\",\"contentUrl\":\"https:\\\/\\\/www.alumni.space\\\/wp-content\\\/uploads\\\/2026\\\/03\\\/Lartisanat-dart-en-danger-face-au-manque-de-releve.jpg\",\"width\":1280,\"height\":768,\"caption\":\"Descobre as quest\u00f5es cruciais que o sector das artes e of\u00edcios enfrenta, amea\u00e7ado pela falta de jovens talentos, e a import\u00e2ncia de preservar este patrim\u00f3nio \u00fanico.\"},{\"@type\":\"BreadcrumbList\",\"@id\":\"https:\\\/\\\/www.alumni.space\\\/pt-pt\\\/o-sector-das-artes-e-oficios-ameacado-pela-falta-de-jovens-talentos\\\/#breadcrumb\",\"itemListElement\":[{\"@type\":\"ListItem\",\"position\":1,\"name\":\"Home\",\"item\":\"https:\\\/\\\/www.alumni.space\\\/pt-pt\\\/plataforma-de-gestao-de-mentores-e-antigos-alunos\\\/\"},{\"@type\":\"ListItem\",\"position\":2,\"name\":\"O sector das artes e of\u00edcios amea\u00e7ado pela falta de jovens talentos\"}]},{\"@type\":\"WebSite\",\"@id\":\"https:\\\/\\\/www.alumni.space\\\/pt-pt\\\/#website\",\"url\":\"https:\\\/\\\/www.alumni.space\\\/pt-pt\\\/\",\"name\":\"Alumni.space\",\"description\":\"My WordPress Blog\",\"potentialAction\":[{\"@type\":\"SearchAction\",\"target\":{\"@type\":\"EntryPoint\",\"urlTemplate\":\"https:\\\/\\\/www.alumni.space\\\/pt-pt\\\/?s={search_term_string}\"},\"query-input\":{\"@type\":\"PropertyValueSpecification\",\"valueRequired\":true,\"valueName\":\"search_term_string\"}}],\"inLanguage\":\"pt-PT\"},{\"@type\":\"Person\",\"@id\":\"https:\\\/\\\/www.alumni.space\\\/pt-pt\\\/#\\\/schema\\\/person\\\/fede362a57876edda476a61f05ce5b15\",\"name\":\"admin\",\"image\":{\"@type\":\"ImageObject\",\"inLanguage\":\"pt-PT\",\"@id\":\"https:\\\/\\\/secure.gravatar.com\\\/avatar\\\/318e234ae94f90d4d629428d6b983c08e31181c28f579e08a021180d759ea651?s=96&d=mm&r=g\",\"url\":\"https:\\\/\\\/secure.gravatar.com\\\/avatar\\\/318e234ae94f90d4d629428d6b983c08e31181c28f579e08a021180d759ea651?s=96&d=mm&r=g\",\"contentUrl\":\"https:\\\/\\\/secure.gravatar.com\\\/avatar\\\/318e234ae94f90d4d629428d6b983c08e31181c28f579e08a021180d759ea651?s=96&d=mm&r=g\",\"caption\":\"admin\"},\"description\":\"Nicolas Laustriat a construit sa sp\u00e9cialit\u00e9 sur un sujet que beaucoup d\u2019organisations d\u00e9couvrent trop tard : ce qui dispara\u00eet quand les gens partent. Dipl\u00f4m\u00e9 en conception de produit industriel, il bifurque vers le digital fin 1996, il couvre les transformations marques, RH, la fid\u00e9lisation, la marque employeur. Sur le terrain, il rep\u00e8re un angle mort r\u00e9current : l\u2019entreprise investit dans le recrutement, la formation, les process\u2026 puis laisse filer le lien au moment du d\u00e9part, avec une perte de savoir et d\u2019influence qui se paie en silence. Il se sp\u00e9cialise alors sur les communaut\u00e9s d\u2019alumni, le mentorat, l\u2019entraide interg\u00e9n\u00e9rationnelle et la transmission d\u2019expertise. Il passe du \u201cconstat\u201d aux m\u00e9thodes : animation, gouvernance, segmentation, rituels, mesure d\u2019engagement, articulation avec la RSE et l\u2019employabilit\u00e9. Il interviewe DRH, responsables formation, directions d\u2019\u00e9coles, associations et fondations, avec une obsession : transformer un r\u00e9seau dormant en m\u00e9canisme utile (cooptation, mentorat, job board, entraide, \u00e9v\u00e9nements, contenus). Son style : direct, orient\u00e9 action, sans folklore. Sa conviction : une communaut\u00e9 n\u2019a pas besoin de bruit, elle a besoin de raisons de revenir.\",\"sameAs\":[\"https:\\\/\\\/www.alumni.space\"]}]}<\/script>\n<!-- \/ Yoast SEO plugin. -->","yoast_head_json":{"title":"Artes e of\u00edcios: a pr\u00f3xima gera\u00e7\u00e3o em perigo","description":"Descobre como o sector das artes e of\u00edcios est\u00e1 a lidar com a escassez de jovens talentos e o que isso significa para o seu futuro e para o nosso patrim\u00f3nio.","robots":{"index":"index","follow":"follow","max-snippet":"max-snippet:-1","max-image-preview":"max-image-preview:large","max-video-preview":"max-video-preview:-1"},"canonical":"https:\/\/www.alumni.space\/pt-pt\/o-sector-das-artes-e-oficios-ameacado-pela-falta-de-jovens-talentos\/","og_locale":"pt_PT","og_type":"article","og_title":"Artes e of\u00edcios: a pr\u00f3xima gera\u00e7\u00e3o em perigo","og_description":"Descobre como o sector das artes e of\u00edcios est\u00e1 a lidar com a escassez de jovens talentos e o que isso significa para o seu futuro e para o nosso patrim\u00f3nio.","og_url":"https:\/\/www.alumni.space\/pt-pt\/o-sector-das-artes-e-oficios-ameacado-pela-falta-de-jovens-talentos\/","og_site_name":"Alumni.space","article_published_time":"2024-09-23T19:09:50+00:00","article_modified_time":"2026-04-02T12:05:16+00:00","og_image":[{"width":1280,"height":768,"url":"https:\/\/www.alumni.space\/wp-content\/uploads\/2026\/03\/Lartisanat-dart-en-danger-face-au-manque-de-releve.jpg","type":"image\/jpeg"}],"author":"admin","twitter_card":"summary_large_image","twitter_misc":{"Escrito por":"admin","Tempo estimado de leitura":"4 minutos"},"schema":{"@context":"https:\/\/schema.org","@graph":[{"@type":"Article","@id":"https:\/\/www.alumni.space\/pt-pt\/o-sector-das-artes-e-oficios-ameacado-pela-falta-de-jovens-talentos\/#article","isPartOf":{"@id":"https:\/\/www.alumni.space\/pt-pt\/o-sector-das-artes-e-oficios-ameacado-pela-falta-de-jovens-talentos\/"},"author":{"name":"admin","@id":"https:\/\/www.alumni.space\/pt-pt\/#\/schema\/person\/fede362a57876edda476a61f05ce5b15"},"headline":"O sector das artes e of\u00edcios amea\u00e7ado pela falta de jovens talentos","datePublished":"2024-09-23T19:09:50+00:00","dateModified":"2026-04-02T12:05:16+00:00","mainEntityOfPage":{"@id":"https:\/\/www.alumni.space\/pt-pt\/o-sector-das-artes-e-oficios-ameacado-pela-falta-de-jovens-talentos\/"},"wordCount":762,"image":{"@id":"https:\/\/www.alumni.space\/pt-pt\/o-sector-das-artes-e-oficios-ameacado-pela-falta-de-jovens-talentos\/#primaryimage"},"thumbnailUrl":"https:\/\/www.alumni.space\/wp-content\/uploads\/2026\/03\/Lartisanat-dart-en-danger-face-au-manque-de-releve.jpg","inLanguage":"pt-PT"},{"@type":"WebPage","@id":"https:\/\/www.alumni.space\/pt-pt\/o-sector-das-artes-e-oficios-ameacado-pela-falta-de-jovens-talentos\/","url":"https:\/\/www.alumni.space\/pt-pt\/o-sector-das-artes-e-oficios-ameacado-pela-falta-de-jovens-talentos\/","name":"Artes e of\u00edcios: a pr\u00f3xima gera\u00e7\u00e3o em perigo","isPartOf":{"@id":"https:\/\/www.alumni.space\/pt-pt\/#website"},"primaryImageOfPage":{"@id":"https:\/\/www.alumni.space\/pt-pt\/o-sector-das-artes-e-oficios-ameacado-pela-falta-de-jovens-talentos\/#primaryimage"},"image":{"@id":"https:\/\/www.alumni.space\/pt-pt\/o-sector-das-artes-e-oficios-ameacado-pela-falta-de-jovens-talentos\/#primaryimage"},"thumbnailUrl":"https:\/\/www.alumni.space\/wp-content\/uploads\/2026\/03\/Lartisanat-dart-en-danger-face-au-manque-de-releve.jpg","datePublished":"2024-09-23T19:09:50+00:00","dateModified":"2026-04-02T12:05:16+00:00","author":{"@id":"https:\/\/www.alumni.space\/pt-pt\/#\/schema\/person\/fede362a57876edda476a61f05ce5b15"},"description":"Descobre como o sector das artes e of\u00edcios est\u00e1 a lidar com a escassez de jovens talentos e o que isso significa para o seu futuro e para o nosso patrim\u00f3nio.","breadcrumb":{"@id":"https:\/\/www.alumni.space\/pt-pt\/o-sector-das-artes-e-oficios-ameacado-pela-falta-de-jovens-talentos\/#breadcrumb"},"inLanguage":"pt-PT","potentialAction":[{"@type":"ReadAction","target":["https:\/\/www.alumni.space\/pt-pt\/o-sector-das-artes-e-oficios-ameacado-pela-falta-de-jovens-talentos\/"]}]},{"@type":"ImageObject","inLanguage":"pt-PT","@id":"https:\/\/www.alumni.space\/pt-pt\/o-sector-das-artes-e-oficios-ameacado-pela-falta-de-jovens-talentos\/#primaryimage","url":"https:\/\/www.alumni.space\/wp-content\/uploads\/2026\/03\/Lartisanat-dart-en-danger-face-au-manque-de-releve.jpg","contentUrl":"https:\/\/www.alumni.space\/wp-content\/uploads\/2026\/03\/Lartisanat-dart-en-danger-face-au-manque-de-releve.jpg","width":1280,"height":768,"caption":"Descobre as quest\u00f5es cruciais que o sector das artes e of\u00edcios enfrenta, amea\u00e7ado pela falta de jovens talentos, e a import\u00e2ncia de preservar este patrim\u00f3nio \u00fanico."},{"@type":"BreadcrumbList","@id":"https:\/\/www.alumni.space\/pt-pt\/o-sector-das-artes-e-oficios-ameacado-pela-falta-de-jovens-talentos\/#breadcrumb","itemListElement":[{"@type":"ListItem","position":1,"name":"Home","item":"https:\/\/www.alumni.space\/pt-pt\/plataforma-de-gestao-de-mentores-e-antigos-alunos\/"},{"@type":"ListItem","position":2,"name":"O sector das artes e of\u00edcios amea\u00e7ado pela falta de jovens talentos"}]},{"@type":"WebSite","@id":"https:\/\/www.alumni.space\/pt-pt\/#website","url":"https:\/\/www.alumni.space\/pt-pt\/","name":"Alumni.space","description":"My WordPress Blog","potentialAction":[{"@type":"SearchAction","target":{"@type":"EntryPoint","urlTemplate":"https:\/\/www.alumni.space\/pt-pt\/?s={search_term_string}"},"query-input":{"@type":"PropertyValueSpecification","valueRequired":true,"valueName":"search_term_string"}}],"inLanguage":"pt-PT"},{"@type":"Person","@id":"https:\/\/www.alumni.space\/pt-pt\/#\/schema\/person\/fede362a57876edda476a61f05ce5b15","name":"admin","image":{"@type":"ImageObject","inLanguage":"pt-PT","@id":"https:\/\/secure.gravatar.com\/avatar\/318e234ae94f90d4d629428d6b983c08e31181c28f579e08a021180d759ea651?s=96&d=mm&r=g","url":"https:\/\/secure.gravatar.com\/avatar\/318e234ae94f90d4d629428d6b983c08e31181c28f579e08a021180d759ea651?s=96&d=mm&r=g","contentUrl":"https:\/\/secure.gravatar.com\/avatar\/318e234ae94f90d4d629428d6b983c08e31181c28f579e08a021180d759ea651?s=96&d=mm&r=g","caption":"admin"},"description":"Nicolas Laustriat a construit sa sp\u00e9cialit\u00e9 sur un sujet que beaucoup d\u2019organisations d\u00e9couvrent trop tard : ce qui dispara\u00eet quand les gens partent. Dipl\u00f4m\u00e9 en conception de produit industriel, il bifurque vers le digital fin 1996, il couvre les transformations marques, RH, la fid\u00e9lisation, la marque employeur. Sur le terrain, il rep\u00e8re un angle mort r\u00e9current : l\u2019entreprise investit dans le recrutement, la formation, les process\u2026 puis laisse filer le lien au moment du d\u00e9part, avec une perte de savoir et d\u2019influence qui se paie en silence. Il se sp\u00e9cialise alors sur les communaut\u00e9s d\u2019alumni, le mentorat, l\u2019entraide interg\u00e9n\u00e9rationnelle et la transmission d\u2019expertise. Il passe du \u201cconstat\u201d aux m\u00e9thodes : animation, gouvernance, segmentation, rituels, mesure d\u2019engagement, articulation avec la RSE et l\u2019employabilit\u00e9. Il interviewe DRH, responsables formation, directions d\u2019\u00e9coles, associations et fondations, avec une obsession : transformer un r\u00e9seau dormant en m\u00e9canisme utile (cooptation, mentorat, job board, entraide, \u00e9v\u00e9nements, contenus). Son style : direct, orient\u00e9 action, sans folklore. Sa conviction : une communaut\u00e9 n\u2019a pas besoin de bruit, elle a besoin de raisons de revenir.","sameAs":["https:\/\/www.alumni.space"]}]}},"_links":{"self":[{"href":"https:\/\/www.alumni.space\/pt-pt\/wp-json\/wp\/v2\/posts\/5336","targetHints":{"allow":["GET"]}}],"collection":[{"href":"https:\/\/www.alumni.space\/pt-pt\/wp-json\/wp\/v2\/posts"}],"about":[{"href":"https:\/\/www.alumni.space\/pt-pt\/wp-json\/wp\/v2\/types\/post"}],"author":[{"embeddable":true,"href":"https:\/\/www.alumni.space\/pt-pt\/wp-json\/wp\/v2\/users\/1"}],"replies":[{"embeddable":true,"href":"https:\/\/www.alumni.space\/pt-pt\/wp-json\/wp\/v2\/comments?post=5336"}],"version-history":[{"count":2,"href":"https:\/\/www.alumni.space\/pt-pt\/wp-json\/wp\/v2\/posts\/5336\/revisions"}],"predecessor-version":[{"id":6984,"href":"https:\/\/www.alumni.space\/pt-pt\/wp-json\/wp\/v2\/posts\/5336\/revisions\/6984"}],"wp:featuredmedia":[{"embeddable":true,"href":"https:\/\/www.alumni.space\/pt-pt\/wp-json\/wp\/v2\/media\/5339"}],"wp:attachment":[{"href":"https:\/\/www.alumni.space\/pt-pt\/wp-json\/wp\/v2\/media?parent=5336"}],"wp:term":[{"taxonomy":"category","embeddable":true,"href":"https:\/\/www.alumni.space\/pt-pt\/wp-json\/wp\/v2\/categories?post=5336"},{"taxonomy":"post_tag","embeddable":true,"href":"https:\/\/www.alumni.space\/pt-pt\/wp-json\/wp\/v2\/tags?post=5336"}],"curies":[{"name":"wp","href":"https:\/\/api.w.org\/{rel}","templated":true}]}}