{"id":5312,"date":"2024-04-11T17:06:26","date_gmt":"2024-04-11T17:06:26","guid":{"rendered":"https:\/\/www.alumni.space\/como-envolver-os-antigos-alunos-nos-teus-eventos-empresariais\/"},"modified":"2026-03-28T10:47:38","modified_gmt":"2026-03-28T10:47:38","slug":"como-envolver-os-antigos-alunos-nos-teus-eventos-empresariais","status":"publish","type":"post","link":"https:\/\/www.alumni.space\/pt-pt\/como-envolver-os-antigos-alunos-nos-teus-eventos-empresariais\/","title":{"rendered":"Como envolver os antigos alunos nos teus eventos empresariais"},"content":{"rendered":"<p>Resumo r\u00e1pido: um guia operacional para mobilizar <strong>os antigos alunos<\/strong> em <strong>eventos empresariais<\/strong>, com m\u00e9todos, rituais e indicadores orientados para os decisores de RH, gestores e gestores de comunidades.<\/p><div id=\"ez-toc-container\" class=\"ez-toc-v2_0_82_2 counter-flat ez-toc-counter ez-toc-grey ez-toc-container-direction\">\n<div class=\"ez-toc-title-container\"><p class=\"ez-toc-title\" style=\"cursor:inherit\">\u00cdndice deste artigo:<\/p>\n<\/div><nav><ul class='ez-toc-list ez-toc-list-level-1 ' ><li class='ez-toc-page-1'><a class=\"ez-toc-link ez-toc-heading-1\" href=\"https:\/\/www.alumni.space\/pt-pt\/como-envolver-os-antigos-alunos-nos-teus-eventos-empresariais\/#Envolver_os_antigos_alunos_nos_teus_eventos_empresariais_vantagens_para_os_decisores\" >Envolver os antigos alunos nos teus eventos empresariais: vantagens para os decisores<\/a><\/li><li class='ez-toc-page-1'><a class=\"ez-toc-link ez-toc-heading-2\" href=\"https:\/\/www.alumni.space\/pt-pt\/como-envolver-os-antigos-alunos-nos-teus-eventos-empresariais\/#Um_metodo_pratico_para_envolver_rapidamente_a_tua_comunidade\" >Um m\u00e9todo pr\u00e1tico para envolver rapidamente a tua comunidade<\/a><\/li><li class='ez-toc-page-1'><a class=\"ez-toc-link ez-toc-heading-3\" href=\"https:\/\/www.alumni.space\/pt-pt\/como-envolver-os-antigos-alunos-nos-teus-eventos-empresariais\/#Formatos_e_rituais_para_promover_o_trabalho_em_rede_e_a_partilha_de_experiencias\" >Formatos e rituais para promover o trabalho em rede e a partilha de experi\u00eancias<\/a><\/li><li class='ez-toc-page-1'><a class=\"ez-toc-link ez-toc-heading-4\" href=\"https:\/\/www.alumni.space\/pt-pt\/como-envolver-os-antigos-alunos-nos-teus-eventos-empresariais\/#Gerir_o_evento_KPIs_funcoes_e_automatizacao\" >Gerir o evento: KPIs, fun\u00e7\u00f5es e automatiza\u00e7\u00e3o<\/a><\/li><\/ul><\/nav><\/div>\n<h2 class=\"wp-block-heading\"><span class=\"ez-toc-section\" id=\"Envolver_os_antigos_alunos_nos_teus_eventos_empresariais_vantagens_para_os_decisores\"><\/span>Envolver os antigos alunos nos teus eventos empresariais: vantagens para os decisores<span class=\"ez-toc-section-end\"><\/span><\/h2><p>O envolvimento estruturado de <strong>antigos alunos<\/strong> reduz a perda de conhecimentos e facilita a<strong>integra\u00e7\u00e3o de<\/strong> novos recrutas. As vantagens incluem a <strong>lealdade<\/strong>, <strong>a coopta\u00e7\u00e3o<\/strong> e a visibilidade da marca do empregador, com poupan\u00e7as de tempo operacional e custos de recrutamento mais baixos. <\/p><p>Caso em quest\u00e3o: a Novalia, uma PME tecnol\u00f3gica, transformou um evento noturno anual em micro-eventos locais. O resultado: um aumento mensur\u00e1vel da <strong>motiva\u00e7\u00e3o<\/strong> dos recrutadores internos e mais 30% de candidaturas cooptadas ao fim de seis meses. Uma ideia: um evento bem concebido torna-se uma alavanca para uma <strong>colabora\u00e7\u00e3o<\/strong> sustent\u00e1vel.  <\/p><figure class=\"wp-block-image size-full\"><img decoding=\"async\" width=\"1344\" height=\"768\" src=\"https:\/\/www.alumni.space\/wp-content\/uploads\/2026\/03\/Comment-impliquer-les-alumni-dans-vos-evenements-dentreprise-1.jpg\" data-orig-src=\"https:\/\/www.alumni.space\/wp-content\/uploads\/2026\/03\/Comment-impliquer-les-alumni-dans-vos-evenements-dentreprise-1.jpg\" alt=\"Descobre estrat\u00e9gias eficazes para integrar os antigos alunos nos teus eventos empresariais e refor\u00e7ar a tua rede profissional.\" class=\"lazyload wp-image-3405\" srcset=\"data:image\/svg+xml,%3Csvg%20xmlns%3D%27http%3A%2F%2Fwww.w3.org%2F2000%2Fsvg%27%20width%3D%271344%27%20height%3D%27768%27%20viewBox%3D%270%200%201344%20768%27%3E%3Crect%20width%3D%271344%27%20height%3D%27768%27%20fill-opacity%3D%220%22%2F%3E%3C%2Fsvg%3E\" data-srcset=\"https:\/\/www.alumni.space\/wp-content\/uploads\/2026\/03\/Comment-impliquer-les-alumni-dans-vos-evenements-dentreprise-1-200x114.jpg 200w, https:\/\/www.alumni.space\/wp-content\/uploads\/2026\/03\/Comment-impliquer-les-alumni-dans-vos-evenements-dentreprise-1-300x171.jpg 300w, https:\/\/www.alumni.space\/wp-content\/uploads\/2026\/03\/Comment-impliquer-les-alumni-dans-vos-evenements-dentreprise-1-400x229.jpg 400w, https:\/\/www.alumni.space\/wp-content\/uploads\/2026\/03\/Comment-impliquer-les-alumni-dans-vos-evenements-dentreprise-1-600x343.jpg 600w, https:\/\/www.alumni.space\/wp-content\/uploads\/2026\/03\/Comment-impliquer-les-alumni-dans-vos-evenements-dentreprise-1-768x439.jpg 768w, https:\/\/www.alumni.space\/wp-content\/uploads\/2026\/03\/Comment-impliquer-les-alumni-dans-vos-evenements-dentreprise-1-800x457.jpg 800w, https:\/\/www.alumni.space\/wp-content\/uploads\/2026\/03\/Comment-impliquer-les-alumni-dans-vos-evenements-dentreprise-1-1024x585.jpg 1024w, https:\/\/www.alumni.space\/wp-content\/uploads\/2026\/03\/Comment-impliquer-les-alumni-dans-vos-evenements-dentreprise-1-1200x686.jpg 1200w, https:\/\/www.alumni.space\/wp-content\/uploads\/2026\/03\/Comment-impliquer-les-alumni-dans-vos-evenements-dentreprise-1.jpg 1344w\" data-sizes=\"auto\" data-orig-sizes=\"(max-width: 1344px) 100vw, 1344px\" \/><\/figure><h3 class=\"wp-block-heading\"><span class=\"ez-toc-section\" id=\"Um_metodo_pratico_para_envolver_rapidamente_a_tua_comunidade\"><\/span>Um m\u00e9todo pr\u00e1tico para envolver rapidamente a tua comunidade<span class=\"ez-toc-section-end\"><\/span><\/h3><p>Fase 1 &#8211; segmenta\u00e7\u00e3o: segmenta os perfis de acordo com os antecedentes, a \u00e1rea geogr\u00e1fica e os interesses, a fim de otimizar <strong>a comunica\u00e7\u00e3o<\/strong> e o conte\u00fado da sess\u00e3o. Aviso operacional: uma mensagem gen\u00e9rica reduz<strong>o envolvimento<\/strong>. <\/p><p>Fase 2 &#8211; formatos: combina pequenos pain\u00e9is, workshops empresariais e sess\u00f5es <strong>de partilha de experi\u00eancias<\/strong> para aumentar as oportunidades <strong>de cria\u00e7\u00e3o de redes<\/strong>. Uma regra \u00fatil: um formato participativo gera mais interc\u00e2mbios do que longos discursos. <\/p><p>Fase 3 &#8211; Motiva\u00e7\u00e3o: oferecer recompensas simb\u00f3licas ou acesso priorit\u00e1rio a ofertas aumentar\u00e1 a participa\u00e7\u00e3o ativa. Exemplo real: um programa de coopta\u00e7\u00e3o com um b\u00f3nus m\u00e9dio de 500 a 2 000 euros cria um fluxo de refer\u00eancias qualificadas. <\/p><p>Fase 4 &#8211; Capitaliza\u00e7\u00e3o: documenta as li\u00e7\u00f5es aprendidas e mede o<strong>impacto<\/strong> utilizando indicadores simples (taxa de participa\u00e7\u00e3o, horas de tutoria, n\u00famero de recomenda\u00e7\u00f5es). Para industrializar estas tarefas, uma plataforma evita a utiliza\u00e7\u00e3o de folhas de c\u00e1lculo e de ferramentas dispersas. <\/p><h2 class=\"wp-block-heading\"><span class=\"ez-toc-section\" id=\"Formatos_e_rituais_para_promover_o_trabalho_em_rede_e_a_partilha_de_experiencias\"><\/span>Formatos e rituais para promover o trabalho em rede e a partilha de experi\u00eancias<span class=\"ez-toc-section-end\"><\/span><\/h2><p>Formatos curtos e pr\u00e1ticos incentivam o contacto \u00fatil: sess\u00f5es de speed-mentoring, workshops de an\u00e1lise de projectos, clubes de emprego locais. Estes momentos estimulam <strong>a colabora\u00e7\u00e3o<\/strong> intergeracional e consolidam o sentimento de perten\u00e7a. <\/p><p>Estudo de caso: uma rede de antigos alunos de uma escola criou sess\u00f5es locais p\u00f3s-trabalho dirigidas por embaixadores volunt\u00e1rios. Impacto observado: melhoria da classifica\u00e7\u00e3o em certos indicadores de reputa\u00e7\u00e3o e refor\u00e7o das rela\u00e7\u00f5es com as empresas parceiras. <\/p><p>Os recursos para a cria\u00e7\u00e3o destes formatos e para o funcionamento regular da comunidade est\u00e3o dispon\u00edveis com base nas reac\u00e7\u00f5es espec\u00edficas do sector, incluindo guias operacionais publicados por intervenientes especializados e reac\u00e7\u00f5es no terreno. Para estruturar a din\u00e2mica e alimentar o calend\u00e1rio, consulta um guia dedicado ao funcionamento de uma rede para evitar tentativas e erros. <\/p><h3 class=\"wp-block-heading\"><span class=\"ez-toc-section\" id=\"Gerir_o_evento_KPIs_funcoes_e_automatizacao\"><\/span>Gerir o evento: KPIs, fun\u00e7\u00f5es e automatiza\u00e7\u00e3o<span class=\"ez-toc-section-end\"><\/span><\/h3><p>Indicadores priorit\u00e1rios: participa\u00e7\u00e3o efectiva, horas de mentoria, taxa de convers\u00e3o de recomenda\u00e7\u00f5es em contrata\u00e7\u00f5es e indicadores qualitativos atrav\u00e9s de feedback. Estes dados s\u00e3o utilizados para ajustar a estrat\u00e9gia e alinhar os RH, a RSE e a comunica\u00e7\u00e3o. <\/p><p>Organiza\u00e7\u00e3o recomendada: nomea\u00e7\u00e3o de um coordenador da comunidade, calend\u00e1rio trimestral de iniciativas e pain\u00e9is de embaixadores respons\u00e1veis pela mobiliza\u00e7\u00e3o dos pares. A automatiza\u00e7\u00e3o das notifica\u00e7\u00f5es e dos registos \u00e9 um passo decisivo para um maior rigor. <\/p><p>RSE e liga\u00e7\u00e3o em rede: uma plataforma de antigos alunos e de tutoria insere-se no \u00e2mbito da RSE ao alargar a responsabilidade social para al\u00e9m do contrato. Incentiva a transmiss\u00e3o de compet\u00eancias, a inclus\u00e3o intergeracional, o apoio \u00e0 empregabilidade e o voluntariado de compet\u00eancias, ao mesmo tempo que capitaliza o conhecimento acumulado. Em termos de employer branding, este tipo de ferramenta demonstra uma cultura de cuidado centrada no desenvolvimento da carreira, melhorando a atratividade e a fideliza\u00e7\u00e3o do talento.  <\/p><p>Para implementar estes esquemas \u00e0 escala, explora uma abordagem dedicada \u00e0 anima\u00e7\u00e3o e \u00e0 fideliza\u00e7\u00e3o atrav\u00e9s de uma plataforma abrangente que ajude a consolidar perfis, <strong>eventos empresariais<\/strong>, ofertas e programas de mentoria. Consulta uma metodologia operacional para mobilizar os participantes e refor\u00e7ar o sentimento de perten\u00e7a. <\/p><p><strong>A\u00e7\u00e3o recomendada<\/strong>: definir um primeiro evento-piloto para os pr\u00f3ximos tr\u00eas meses, escolher um indicador-chave para acompanhar e planear a ferramenta de anima\u00e7\u00e3o que centralizar\u00e1 os perfis, as notifica\u00e7\u00f5es e as ofertas.<\/p><p>Recursos \u00fateis: melhores pr\u00e1ticas e feedback de iniciativas dispon\u00edveis em portais especializados, bem como instru\u00e7\u00f5es pr\u00e1ticas para estruturar um programa eficaz de antigos alunos. Para comparar abordagens e aceder a fichas de informa\u00e7\u00e3o pr\u00e1ticas, consulta os guias sectoriais e o feedback de organiza\u00e7\u00f5es empenhadas. <\/p><p><a href=\"https:\/\/www.alumni.space\/pt-pt\/como-envolver-os-antigos-alunos-nos-teus-eventos-empresariais\/\">Um guia pr\u00e1tico para envolver os antigos alunos em eventos<\/a> e <a href=\"https:\/\/www.alumni.space\/pt-pt\/alumni-como-aumentar-o-teu-sentimento-de-pertenca-depois-de-teres-partido\/\">estrat\u00e9gias para refor\u00e7ar o sentimento de perten\u00e7a<\/a> fornecem orienta\u00e7\u00f5es concretas que podem ser utilizadas imediatamente. Como complemento \u00fatil, analisa a transforma\u00e7\u00e3o dos antigos empregados em embaixadores ao longo das ac\u00e7\u00f5es realizadas. <\/p><p><strong>Pr\u00f3ximo passo<\/strong>: Solicita uma demonstra\u00e7\u00e3o para ver como podes centralizar perfis, <strong>redes<\/strong>, <strong>mentoria<\/strong> e <strong>ofertas<\/strong> numa \u00fanica plataforma compat\u00edvel com o RGPD. <a href=\"https:\/\/corporatealumni.fr\/transformer-anciens-collaborateurs-ambassadeurs-entreprise\/\">Coment\u00e1rios sobre como transformar antigos funcion\u00e1rios em embaixadores<\/a><\/p>","protected":false},"excerpt":{"rendered":"<p>Resumo r\u00e1pido: um guia operacional para mobilizar os antigos alunos  [&#8230;]<\/p>\n","protected":false},"author":1,"featured_media":5315,"comment_status":"closed","ping_status":"closed","sticky":false,"template":"","format":"standard","meta":{"_ayudawp_aiss_exclude":false,"footnotes":""},"categories":[67],"tags":[],"class_list":["post-5312","post","type-post","status-publish","format-standard","has-post-thumbnail","hentry","category-antigos-alunos"],"yoast_head":"<!-- This site is optimized with the Yoast SEO plugin v27.4 - https:\/\/yoast.com\/product\/yoast-seo-wordpress\/ -->\n<title>Mobilizar os antigos alunos: a chave para o sucesso dos teus eventos empresariais<\/title>\n<meta name=\"description\" content=\"Descobre como envolver eficazmente os teus antigos alunos nos teus eventos empresariais para refor\u00e7ar as redes e a lealdade.\" \/>\n<meta name=\"robots\" content=\"index, follow, max-snippet:-1, max-image-preview:large, max-video-preview:-1\" \/>\n<link rel=\"canonical\" href=\"https:\/\/www.alumni.space\/pt-pt\/como-envolver-os-antigos-alunos-nos-teus-eventos-empresariais\/\" \/>\n<meta property=\"og:locale\" content=\"pt_PT\" \/>\n<meta property=\"og:type\" content=\"article\" \/>\n<meta property=\"og:title\" content=\"Mobilizar os antigos alunos: a chave para o sucesso dos teus eventos empresariais\" \/>\n<meta property=\"og:description\" content=\"Descobre como envolver eficazmente os teus antigos alunos nos teus eventos empresariais para refor\u00e7ar as redes e a lealdade.\" \/>\n<meta property=\"og:url\" content=\"https:\/\/www.alumni.space\/pt-pt\/como-envolver-os-antigos-alunos-nos-teus-eventos-empresariais\/\" \/>\n<meta property=\"og:site_name\" content=\"Alumni.space\" \/>\n<meta property=\"article:published_time\" content=\"2024-04-11T17:06:26+00:00\" \/>\n<meta property=\"article:modified_time\" content=\"2026-03-28T10:47:38+00:00\" \/>\n<meta property=\"og:image\" content=\"https:\/\/www.alumni.space\/wp-content\/uploads\/2026\/03\/Comment-impliquer-les-alumni-dans-vos-evenements-dentreprise.jpg\" \/>\n\t<meta property=\"og:image:width\" content=\"1344\" \/>\n\t<meta property=\"og:image:height\" content=\"768\" \/>\n\t<meta property=\"og:image:type\" content=\"image\/jpeg\" \/>\n<meta name=\"author\" content=\"admin\" \/>\n<meta name=\"twitter:card\" content=\"summary_large_image\" \/>\n<meta name=\"twitter:label1\" content=\"Escrito por\" \/>\n\t<meta name=\"twitter:data1\" content=\"admin\" \/>\n\t<meta name=\"twitter:label2\" content=\"Tempo estimado de leitura\" \/>\n\t<meta name=\"twitter:data2\" content=\"4 minutos\" \/>\n<script type=\"application\/ld+json\" class=\"yoast-schema-graph\">{\"@context\":\"https:\\\/\\\/schema.org\",\"@graph\":[{\"@type\":\"Article\",\"@id\":\"https:\\\/\\\/www.alumni.space\\\/pt-pt\\\/como-envolver-os-antigos-alunos-nos-teus-eventos-empresariais\\\/#article\",\"isPartOf\":{\"@id\":\"https:\\\/\\\/www.alumni.space\\\/pt-pt\\\/como-envolver-os-antigos-alunos-nos-teus-eventos-empresariais\\\/\"},\"author\":{\"name\":\"admin\",\"@id\":\"https:\\\/\\\/www.alumni.space\\\/pt-pt\\\/#\\\/schema\\\/person\\\/fede362a57876edda476a61f05ce5b15\"},\"headline\":\"Como envolver os antigos alunos nos teus eventos empresariais\",\"datePublished\":\"2024-04-11T17:06:26+00:00\",\"dateModified\":\"2026-03-28T10:47:38+00:00\",\"mainEntityOfPage\":{\"@id\":\"https:\\\/\\\/www.alumni.space\\\/pt-pt\\\/como-envolver-os-antigos-alunos-nos-teus-eventos-empresariais\\\/\"},\"wordCount\":894,\"image\":{\"@id\":\"https:\\\/\\\/www.alumni.space\\\/pt-pt\\\/como-envolver-os-antigos-alunos-nos-teus-eventos-empresariais\\\/#primaryimage\"},\"thumbnailUrl\":\"https:\\\/\\\/www.alumni.space\\\/wp-content\\\/uploads\\\/2026\\\/03\\\/Comment-impliquer-les-alumni-dans-vos-evenements-dentreprise.jpg\",\"articleSection\":[\"Antigos alunos\"],\"inLanguage\":\"pt-PT\"},{\"@type\":\"WebPage\",\"@id\":\"https:\\\/\\\/www.alumni.space\\\/pt-pt\\\/como-envolver-os-antigos-alunos-nos-teus-eventos-empresariais\\\/\",\"url\":\"https:\\\/\\\/www.alumni.space\\\/pt-pt\\\/como-envolver-os-antigos-alunos-nos-teus-eventos-empresariais\\\/\",\"name\":\"Mobilizar os antigos alunos: a chave para o sucesso dos teus eventos empresariais\",\"isPartOf\":{\"@id\":\"https:\\\/\\\/www.alumni.space\\\/pt-pt\\\/#website\"},\"primaryImageOfPage\":{\"@id\":\"https:\\\/\\\/www.alumni.space\\\/pt-pt\\\/como-envolver-os-antigos-alunos-nos-teus-eventos-empresariais\\\/#primaryimage\"},\"image\":{\"@id\":\"https:\\\/\\\/www.alumni.space\\\/pt-pt\\\/como-envolver-os-antigos-alunos-nos-teus-eventos-empresariais\\\/#primaryimage\"},\"thumbnailUrl\":\"https:\\\/\\\/www.alumni.space\\\/wp-content\\\/uploads\\\/2026\\\/03\\\/Comment-impliquer-les-alumni-dans-vos-evenements-dentreprise.jpg\",\"datePublished\":\"2024-04-11T17:06:26+00:00\",\"dateModified\":\"2026-03-28T10:47:38+00:00\",\"author\":{\"@id\":\"https:\\\/\\\/www.alumni.space\\\/pt-pt\\\/#\\\/schema\\\/person\\\/fede362a57876edda476a61f05ce5b15\"},\"description\":\"Descobre como envolver eficazmente os teus antigos alunos nos teus eventos empresariais para refor\u00e7ar as redes e a lealdade.\",\"breadcrumb\":{\"@id\":\"https:\\\/\\\/www.alumni.space\\\/pt-pt\\\/como-envolver-os-antigos-alunos-nos-teus-eventos-empresariais\\\/#breadcrumb\"},\"inLanguage\":\"pt-PT\",\"potentialAction\":[{\"@type\":\"ReadAction\",\"target\":[\"https:\\\/\\\/www.alumni.space\\\/pt-pt\\\/como-envolver-os-antigos-alunos-nos-teus-eventos-empresariais\\\/\"]}]},{\"@type\":\"ImageObject\",\"inLanguage\":\"pt-PT\",\"@id\":\"https:\\\/\\\/www.alumni.space\\\/pt-pt\\\/como-envolver-os-antigos-alunos-nos-teus-eventos-empresariais\\\/#primaryimage\",\"url\":\"https:\\\/\\\/www.alumni.space\\\/wp-content\\\/uploads\\\/2026\\\/03\\\/Comment-impliquer-les-alumni-dans-vos-evenements-dentreprise.jpg\",\"contentUrl\":\"https:\\\/\\\/www.alumni.space\\\/wp-content\\\/uploads\\\/2026\\\/03\\\/Comment-impliquer-les-alumni-dans-vos-evenements-dentreprise.jpg\",\"width\":1344,\"height\":768,\"caption\":\"Descobre estrat\u00e9gias eficazes para envolver os teus antigos alunos nos teus eventos empresariais e refor\u00e7ar a tua rede profissional.\"},{\"@type\":\"BreadcrumbList\",\"@id\":\"https:\\\/\\\/www.alumni.space\\\/pt-pt\\\/como-envolver-os-antigos-alunos-nos-teus-eventos-empresariais\\\/#breadcrumb\",\"itemListElement\":[{\"@type\":\"ListItem\",\"position\":1,\"name\":\"Home\",\"item\":\"https:\\\/\\\/www.alumni.space\\\/pt-pt\\\/plataforma-de-gestao-de-mentores-e-antigos-alunos\\\/\"},{\"@type\":\"ListItem\",\"position\":2,\"name\":\"Como envolver os antigos alunos nos teus eventos empresariais\"}]},{\"@type\":\"WebSite\",\"@id\":\"https:\\\/\\\/www.alumni.space\\\/pt-pt\\\/#website\",\"url\":\"https:\\\/\\\/www.alumni.space\\\/pt-pt\\\/\",\"name\":\"Alumni.space\",\"description\":\"My WordPress Blog\",\"potentialAction\":[{\"@type\":\"SearchAction\",\"target\":{\"@type\":\"EntryPoint\",\"urlTemplate\":\"https:\\\/\\\/www.alumni.space\\\/pt-pt\\\/?s={search_term_string}\"},\"query-input\":{\"@type\":\"PropertyValueSpecification\",\"valueRequired\":true,\"valueName\":\"search_term_string\"}}],\"inLanguage\":\"pt-PT\"},{\"@type\":\"Person\",\"@id\":\"https:\\\/\\\/www.alumni.space\\\/pt-pt\\\/#\\\/schema\\\/person\\\/fede362a57876edda476a61f05ce5b15\",\"name\":\"admin\",\"image\":{\"@type\":\"ImageObject\",\"inLanguage\":\"pt-PT\",\"@id\":\"https:\\\/\\\/secure.gravatar.com\\\/avatar\\\/318e234ae94f90d4d629428d6b983c08e31181c28f579e08a021180d759ea651?s=96&d=mm&r=g\",\"url\":\"https:\\\/\\\/secure.gravatar.com\\\/avatar\\\/318e234ae94f90d4d629428d6b983c08e31181c28f579e08a021180d759ea651?s=96&d=mm&r=g\",\"contentUrl\":\"https:\\\/\\\/secure.gravatar.com\\\/avatar\\\/318e234ae94f90d4d629428d6b983c08e31181c28f579e08a021180d759ea651?s=96&d=mm&r=g\",\"caption\":\"admin\"},\"description\":\"Nicolas Laustriat a construit sa sp\u00e9cialit\u00e9 sur un sujet que beaucoup d\u2019organisations d\u00e9couvrent trop tard : ce qui dispara\u00eet quand les gens partent. Dipl\u00f4m\u00e9 en conception de produit industriel, il bifurque vers le digital fin 1996, il couvre les transformations marques, RH, la fid\u00e9lisation, la marque employeur. Sur le terrain, il rep\u00e8re un angle mort r\u00e9current : l\u2019entreprise investit dans le recrutement, la formation, les process\u2026 puis laisse filer le lien au moment du d\u00e9part, avec une perte de savoir et d\u2019influence qui se paie en silence. Il se sp\u00e9cialise alors sur les communaut\u00e9s d\u2019alumni, le mentorat, l\u2019entraide interg\u00e9n\u00e9rationnelle et la transmission d\u2019expertise. Il passe du \u201cconstat\u201d aux m\u00e9thodes : animation, gouvernance, segmentation, rituels, mesure d\u2019engagement, articulation avec la RSE et l\u2019employabilit\u00e9. Il interviewe DRH, responsables formation, directions d\u2019\u00e9coles, associations et fondations, avec une obsession : transformer un r\u00e9seau dormant en m\u00e9canisme utile (cooptation, mentorat, job board, entraide, \u00e9v\u00e9nements, contenus). Son style : direct, orient\u00e9 action, sans folklore. Sa conviction : une communaut\u00e9 n\u2019a pas besoin de bruit, elle a besoin de raisons de revenir.\",\"sameAs\":[\"https:\\\/\\\/www.alumni.space\"]}]}<\/script>\n<!-- \/ Yoast SEO plugin. -->","yoast_head_json":{"title":"Mobilizar os antigos alunos: a chave para o sucesso dos teus eventos empresariais","description":"Descobre como envolver eficazmente os teus antigos alunos nos teus eventos empresariais para refor\u00e7ar as redes e a lealdade.","robots":{"index":"index","follow":"follow","max-snippet":"max-snippet:-1","max-image-preview":"max-image-preview:large","max-video-preview":"max-video-preview:-1"},"canonical":"https:\/\/www.alumni.space\/pt-pt\/como-envolver-os-antigos-alunos-nos-teus-eventos-empresariais\/","og_locale":"pt_PT","og_type":"article","og_title":"Mobilizar os antigos alunos: a chave para o sucesso dos teus eventos empresariais","og_description":"Descobre como envolver eficazmente os teus antigos alunos nos teus eventos empresariais para refor\u00e7ar as redes e a lealdade.","og_url":"https:\/\/www.alumni.space\/pt-pt\/como-envolver-os-antigos-alunos-nos-teus-eventos-empresariais\/","og_site_name":"Alumni.space","article_published_time":"2024-04-11T17:06:26+00:00","article_modified_time":"2026-03-28T10:47:38+00:00","og_image":[{"width":1344,"height":768,"url":"https:\/\/www.alumni.space\/wp-content\/uploads\/2026\/03\/Comment-impliquer-les-alumni-dans-vos-evenements-dentreprise.jpg","type":"image\/jpeg"}],"author":"admin","twitter_card":"summary_large_image","twitter_misc":{"Escrito por":"admin","Tempo estimado de leitura":"4 minutos"},"schema":{"@context":"https:\/\/schema.org","@graph":[{"@type":"Article","@id":"https:\/\/www.alumni.space\/pt-pt\/como-envolver-os-antigos-alunos-nos-teus-eventos-empresariais\/#article","isPartOf":{"@id":"https:\/\/www.alumni.space\/pt-pt\/como-envolver-os-antigos-alunos-nos-teus-eventos-empresariais\/"},"author":{"name":"admin","@id":"https:\/\/www.alumni.space\/pt-pt\/#\/schema\/person\/fede362a57876edda476a61f05ce5b15"},"headline":"Como envolver os antigos alunos nos teus eventos empresariais","datePublished":"2024-04-11T17:06:26+00:00","dateModified":"2026-03-28T10:47:38+00:00","mainEntityOfPage":{"@id":"https:\/\/www.alumni.space\/pt-pt\/como-envolver-os-antigos-alunos-nos-teus-eventos-empresariais\/"},"wordCount":894,"image":{"@id":"https:\/\/www.alumni.space\/pt-pt\/como-envolver-os-antigos-alunos-nos-teus-eventos-empresariais\/#primaryimage"},"thumbnailUrl":"https:\/\/www.alumni.space\/wp-content\/uploads\/2026\/03\/Comment-impliquer-les-alumni-dans-vos-evenements-dentreprise.jpg","articleSection":["Antigos alunos"],"inLanguage":"pt-PT"},{"@type":"WebPage","@id":"https:\/\/www.alumni.space\/pt-pt\/como-envolver-os-antigos-alunos-nos-teus-eventos-empresariais\/","url":"https:\/\/www.alumni.space\/pt-pt\/como-envolver-os-antigos-alunos-nos-teus-eventos-empresariais\/","name":"Mobilizar os antigos alunos: a chave para o sucesso dos teus eventos empresariais","isPartOf":{"@id":"https:\/\/www.alumni.space\/pt-pt\/#website"},"primaryImageOfPage":{"@id":"https:\/\/www.alumni.space\/pt-pt\/como-envolver-os-antigos-alunos-nos-teus-eventos-empresariais\/#primaryimage"},"image":{"@id":"https:\/\/www.alumni.space\/pt-pt\/como-envolver-os-antigos-alunos-nos-teus-eventos-empresariais\/#primaryimage"},"thumbnailUrl":"https:\/\/www.alumni.space\/wp-content\/uploads\/2026\/03\/Comment-impliquer-les-alumni-dans-vos-evenements-dentreprise.jpg","datePublished":"2024-04-11T17:06:26+00:00","dateModified":"2026-03-28T10:47:38+00:00","author":{"@id":"https:\/\/www.alumni.space\/pt-pt\/#\/schema\/person\/fede362a57876edda476a61f05ce5b15"},"description":"Descobre como envolver eficazmente os teus antigos alunos nos teus eventos empresariais para refor\u00e7ar as redes e a lealdade.","breadcrumb":{"@id":"https:\/\/www.alumni.space\/pt-pt\/como-envolver-os-antigos-alunos-nos-teus-eventos-empresariais\/#breadcrumb"},"inLanguage":"pt-PT","potentialAction":[{"@type":"ReadAction","target":["https:\/\/www.alumni.space\/pt-pt\/como-envolver-os-antigos-alunos-nos-teus-eventos-empresariais\/"]}]},{"@type":"ImageObject","inLanguage":"pt-PT","@id":"https:\/\/www.alumni.space\/pt-pt\/como-envolver-os-antigos-alunos-nos-teus-eventos-empresariais\/#primaryimage","url":"https:\/\/www.alumni.space\/wp-content\/uploads\/2026\/03\/Comment-impliquer-les-alumni-dans-vos-evenements-dentreprise.jpg","contentUrl":"https:\/\/www.alumni.space\/wp-content\/uploads\/2026\/03\/Comment-impliquer-les-alumni-dans-vos-evenements-dentreprise.jpg","width":1344,"height":768,"caption":"Descobre estrat\u00e9gias eficazes para envolver os teus antigos alunos nos teus eventos empresariais e refor\u00e7ar a tua rede profissional."},{"@type":"BreadcrumbList","@id":"https:\/\/www.alumni.space\/pt-pt\/como-envolver-os-antigos-alunos-nos-teus-eventos-empresariais\/#breadcrumb","itemListElement":[{"@type":"ListItem","position":1,"name":"Home","item":"https:\/\/www.alumni.space\/pt-pt\/plataforma-de-gestao-de-mentores-e-antigos-alunos\/"},{"@type":"ListItem","position":2,"name":"Como envolver os antigos alunos nos teus eventos empresariais"}]},{"@type":"WebSite","@id":"https:\/\/www.alumni.space\/pt-pt\/#website","url":"https:\/\/www.alumni.space\/pt-pt\/","name":"Alumni.space","description":"My WordPress Blog","potentialAction":[{"@type":"SearchAction","target":{"@type":"EntryPoint","urlTemplate":"https:\/\/www.alumni.space\/pt-pt\/?s={search_term_string}"},"query-input":{"@type":"PropertyValueSpecification","valueRequired":true,"valueName":"search_term_string"}}],"inLanguage":"pt-PT"},{"@type":"Person","@id":"https:\/\/www.alumni.space\/pt-pt\/#\/schema\/person\/fede362a57876edda476a61f05ce5b15","name":"admin","image":{"@type":"ImageObject","inLanguage":"pt-PT","@id":"https:\/\/secure.gravatar.com\/avatar\/318e234ae94f90d4d629428d6b983c08e31181c28f579e08a021180d759ea651?s=96&d=mm&r=g","url":"https:\/\/secure.gravatar.com\/avatar\/318e234ae94f90d4d629428d6b983c08e31181c28f579e08a021180d759ea651?s=96&d=mm&r=g","contentUrl":"https:\/\/secure.gravatar.com\/avatar\/318e234ae94f90d4d629428d6b983c08e31181c28f579e08a021180d759ea651?s=96&d=mm&r=g","caption":"admin"},"description":"Nicolas Laustriat a construit sa sp\u00e9cialit\u00e9 sur un sujet que beaucoup d\u2019organisations d\u00e9couvrent trop tard : ce qui dispara\u00eet quand les gens partent. Dipl\u00f4m\u00e9 en conception de produit industriel, il bifurque vers le digital fin 1996, il couvre les transformations marques, RH, la fid\u00e9lisation, la marque employeur. Sur le terrain, il rep\u00e8re un angle mort r\u00e9current : l\u2019entreprise investit dans le recrutement, la formation, les process\u2026 puis laisse filer le lien au moment du d\u00e9part, avec une perte de savoir et d\u2019influence qui se paie en silence. Il se sp\u00e9cialise alors sur les communaut\u00e9s d\u2019alumni, le mentorat, l\u2019entraide interg\u00e9n\u00e9rationnelle et la transmission d\u2019expertise. Il passe du \u201cconstat\u201d aux m\u00e9thodes : animation, gouvernance, segmentation, rituels, mesure d\u2019engagement, articulation avec la RSE et l\u2019employabilit\u00e9. Il interviewe DRH, responsables formation, directions d\u2019\u00e9coles, associations et fondations, avec une obsession : transformer un r\u00e9seau dormant en m\u00e9canisme utile (cooptation, mentorat, job board, entraide, \u00e9v\u00e9nements, contenus). Son style : direct, orient\u00e9 action, sans folklore. Sa conviction : une communaut\u00e9 n\u2019a pas besoin de bruit, elle a besoin de raisons de revenir.","sameAs":["https:\/\/www.alumni.space"]}]}},"_links":{"self":[{"href":"https:\/\/www.alumni.space\/pt-pt\/wp-json\/wp\/v2\/posts\/5312","targetHints":{"allow":["GET"]}}],"collection":[{"href":"https:\/\/www.alumni.space\/pt-pt\/wp-json\/wp\/v2\/posts"}],"about":[{"href":"https:\/\/www.alumni.space\/pt-pt\/wp-json\/wp\/v2\/types\/post"}],"author":[{"embeddable":true,"href":"https:\/\/www.alumni.space\/pt-pt\/wp-json\/wp\/v2\/users\/1"}],"replies":[{"embeddable":true,"href":"https:\/\/www.alumni.space\/pt-pt\/wp-json\/wp\/v2\/comments?post=5312"}],"version-history":[{"count":2,"href":"https:\/\/www.alumni.space\/pt-pt\/wp-json\/wp\/v2\/posts\/5312\/revisions"}],"predecessor-version":[{"id":6480,"href":"https:\/\/www.alumni.space\/pt-pt\/wp-json\/wp\/v2\/posts\/5312\/revisions\/6480"}],"wp:featuredmedia":[{"embeddable":true,"href":"https:\/\/www.alumni.space\/pt-pt\/wp-json\/wp\/v2\/media\/5315"}],"wp:attachment":[{"href":"https:\/\/www.alumni.space\/pt-pt\/wp-json\/wp\/v2\/media?parent=5312"}],"wp:term":[{"taxonomy":"category","embeddable":true,"href":"https:\/\/www.alumni.space\/pt-pt\/wp-json\/wp\/v2\/categories?post=5312"},{"taxonomy":"post_tag","embeddable":true,"href":"https:\/\/www.alumni.space\/pt-pt\/wp-json\/wp\/v2\/tags?post=5312"}],"curies":[{"name":"wp","href":"https:\/\/api.w.org\/{rel}","templated":true}]}}