{"id":5305,"date":"2025-12-13T22:02:27","date_gmt":"2025-12-13T22:02:27","guid":{"rendered":"https:\/\/www.alumni.space\/testemunhos-de-antigos-funcionarios-que-se-tornaram-mentores\/"},"modified":"2026-03-28T10:48:31","modified_gmt":"2026-03-28T10:48:31","slug":"testemunhos-de-antigos-funcionarios-que-se-tornaram-mentores","status":"publish","type":"post","link":"https:\/\/www.alumni.space\/pt-pt\/testemunhos-de-antigos-funcionarios-que-se-tornaram-mentores\/","title":{"rendered":"Testemunhos de antigos funcion\u00e1rios que se tornaram mentores"},"content":{"rendered":"<p>A sa\u00edda de um colaborador experiente j\u00e1 n\u00e3o significa o fim de uma colabora\u00e7\u00e3o frutuosa. Em 2026, as organiza\u00e7\u00f5es vision\u00e1rias est\u00e3o a transformar este ponto de viragem numa for\u00e7a estrat\u00e9gica. <strong>Os antigos empregados<\/strong> tornam-se pilares de <strong>transmiss\u00e3o<\/strong>, evitando a vaporiza\u00e7\u00e3o de conhecimentos cr\u00edticos. Esta din\u00e2mica refor\u00e7a a imagem do empregador junto dos recrutas que procuram<strong>inspira\u00e7\u00e3o<\/strong> e significado.   <\/p><div id=\"ez-toc-container\" class=\"ez-toc-v2_0_82_2 counter-flat ez-toc-counter ez-toc-grey ez-toc-container-direction\">\n<div class=\"ez-toc-title-container\"><p class=\"ez-toc-title\" style=\"cursor:inherit\">\u00cdndice deste artigo:<\/p>\n<\/div><nav><ul class='ez-toc-list ez-toc-list-level-1 ' ><li class='ez-toc-page-1'><a class=\"ez-toc-link ez-toc-heading-1\" href=\"https:\/\/www.alumni.space\/pt-pt\/testemunhos-de-antigos-funcionarios-que-se-tornaram-mentores\/#A_arte_de_transformar_um_legado_profissional_numa_alavanca_de_crescimento\" >A arte de transformar um legado profissional numa alavanca de crescimento<\/a><\/li><li class='ez-toc-page-1'><a class=\"ez-toc-link ez-toc-heading-2\" href=\"https:\/\/www.alumni.space\/pt-pt\/testemunhos-de-antigos-funcionarios-que-se-tornaram-mentores\/#A_vitalidade_de_uma_rede_empenhada_no_futuro\" >A vitalidade de uma rede empenhada no futuro<\/a><\/li><li class='ez-toc-page-1'><a class=\"ez-toc-link ez-toc-heading-3\" href=\"https:\/\/www.alumni.space\/pt-pt\/testemunhos-de-antigos-funcionarios-que-se-tornaram-mentores\/#Reencontro_e_revelacao_o_espelho_da_tutoria_ativa\" >Reencontro e revela\u00e7\u00e3o: o espelho da tutoria ativa<\/a><\/li><\/ul><\/nav><\/div>\n<h2 class=\"wp-block-heading\"><span class=\"ez-toc-section\" id=\"A_arte_de_transformar_um_legado_profissional_numa_alavanca_de_crescimento\"><\/span>A arte de transformar um legado profissional numa alavanca de crescimento<span class=\"ez-toc-section-end\"><\/span><\/h2><p>Sandrine Jarry encarna esta mudan\u00e7a com brio. Esta gestora administrativa dedica uma parte do seu tempo a orientar estudantes para carreiras na fun\u00e7\u00e3o p\u00fablica. Oferece os c\u00f3digos do sucesso a perfis afastados das redes de influ\u00eancia tradicionais. <strong>Os<\/strong> seus <strong>testemunhos<\/strong> revelam um imenso prazer em ver os seus protegidos desabrocharem e ultrapassarem os seus pr\u00f3prios tectos de vidro. Encoraja-os a ousar enveredar por caminhos profissionais ambiciosos. Ao participar <a href=\"https:\/\/la-cordee.org\/temoignage-etre-mentor-cest-une-experience-differente-a-chaque-fois\/\">nesta experi\u00eancia enriquecedora de tutoria<\/a>, ajuda ativamente a construir uma sociedade mais justa. A sua <strong>forma\u00e7\u00e3o<\/strong> centra-se na escuta ativa e na elimina\u00e7\u00e3o de barreiras psicol\u00f3gicas.      <\/p><figure class=\"wp-block-image size-full\"><img decoding=\"async\" width=\"1280\" height=\"768\" src=\"https:\/\/www.alumni.space\/wp-content\/uploads\/2026\/03\/Temoignages-danciens-salaries-devenus-mentors-1.jpg\" data-orig-src=\"https:\/\/www.alumni.space\/wp-content\/uploads\/2026\/03\/Temoignages-danciens-salaries-devenus-mentors-1.jpg\" alt=\"descobre as hist\u00f3rias inspiradoras de antigos funcion\u00e1rios que optaram por se tornar mentores para orientar e apoiar as novas gera\u00e7\u00f5es.\" class=\"lazyload wp-image-3528\" srcset=\"data:image\/svg+xml,%3Csvg%20xmlns%3D%27http%3A%2F%2Fwww.w3.org%2F2000%2Fsvg%27%20width%3D%271280%27%20height%3D%27768%27%20viewBox%3D%270%200%201280%20768%27%3E%3Crect%20width%3D%271280%27%20height%3D%27768%27%20fill-opacity%3D%220%22%2F%3E%3C%2Fsvg%3E\" data-srcset=\"https:\/\/www.alumni.space\/wp-content\/uploads\/2026\/03\/Temoignages-danciens-salaries-devenus-mentors-1-200x120.jpg 200w, https:\/\/www.alumni.space\/wp-content\/uploads\/2026\/03\/Temoignages-danciens-salaries-devenus-mentors-1-300x180.jpg 300w, https:\/\/www.alumni.space\/wp-content\/uploads\/2026\/03\/Temoignages-danciens-salaries-devenus-mentors-1-400x240.jpg 400w, https:\/\/www.alumni.space\/wp-content\/uploads\/2026\/03\/Temoignages-danciens-salaries-devenus-mentors-1-600x360.jpg 600w, https:\/\/www.alumni.space\/wp-content\/uploads\/2026\/03\/Temoignages-danciens-salaries-devenus-mentors-1-768x461.jpg 768w, https:\/\/www.alumni.space\/wp-content\/uploads\/2026\/03\/Temoignages-danciens-salaries-devenus-mentors-1-800x480.jpg 800w, https:\/\/www.alumni.space\/wp-content\/uploads\/2026\/03\/Temoignages-danciens-salaries-devenus-mentors-1-1024x614.jpg 1024w, https:\/\/www.alumni.space\/wp-content\/uploads\/2026\/03\/Temoignages-danciens-salaries-devenus-mentors-1-1200x720.jpg 1200w, https:\/\/www.alumni.space\/wp-content\/uploads\/2026\/03\/Temoignages-danciens-salaries-devenus-mentors-1.jpg 1280w\" data-sizes=\"auto\" data-orig-sizes=\"(max-width: 1280px) 100vw, 1280px\" \/><\/figure><h3 class=\"wp-block-heading\"><span class=\"ez-toc-section\" id=\"A_vitalidade_de_uma_rede_empenhada_no_futuro\"><\/span>A vitalidade de uma rede empenhada no futuro<span class=\"ez-toc-section-end\"><\/span><\/h3><p>Um dispositivo destinado aos antigos membros faz parte da estrat\u00e9gia de responsabilidade social, prolongando o impacto da estrutura para al\u00e9m do fim dos contratos. Estimula a partilha de compet\u00eancias e a abertura entre gera\u00e7\u00f5es. Este m\u00e9todo retarda a dilui\u00e7\u00e3o dos conhecimentos especializados, capitalizando a experi\u00eancia dos <strong>mentores<\/strong>. Para a dire\u00e7\u00e3o, valida uma filosofia de crescimento humano e de benevol\u00eancia. O resultado \u00e9 uma fideliza\u00e7\u00e3o acrescida e indicadores de desempenho claros para as equipas de RH. A atratividade da marca aumenta gra\u00e7as a embaixadores sinceros que valorizam a sua <strong>experi\u00eancia profissional<\/strong> passada. Um <a href=\"https:\/\/www.alumni.space\/pt-pt\/mentoria-de-jovens-talentos-pelos-teus-antigos-empregados\/\">programa como este, dedicado aos jovens talentos<\/a>, proporciona uma seguran\u00e7a duradoura para o futuro da organiza\u00e7\u00e3o.      <\/p><h2 class=\"wp-block-heading\"><span class=\"ez-toc-section\" id=\"Reencontro_e_revelacao_o_espelho_da_tutoria_ativa\"><\/span>Reencontro e revela\u00e7\u00e3o: o espelho da tutoria ativa<span class=\"ez-toc-section-end\"><\/span><\/h2><p>Morgane Baucher relata um confronto surpreendente com os seus antigos modelos. Quando os recebeu nos seus pr\u00f3prios escrit\u00f3rios, notou uma discrep\u00e2ncia gritante entre os seus valores. A sua preocupa\u00e7\u00e3o com o lucro imediato chocava com as suas convic\u00e7\u00f5es actuais. Esta fase da sua <strong>carreira<\/strong> sublinha a sua maturidade e o seu sucesso independente. Agradece as li\u00e7\u00f5es que aprendeu, ao mesmo tempo que celebra a sua pr\u00f3pria evolu\u00e7\u00e3o. <strong>O mentoring<\/strong> \u00e9 um espelho poderoso para o <strong>desenvolvimento pessoal<\/strong>. Este tipo de encontro refor\u00e7a a certeza de que <strong>o coaching<\/strong> deve assentar em valores humanos s\u00f3lidos para que possa dar frutos.      <\/p><p>A implementa\u00e7\u00e3o de uma plataforma como <strong>Alumni.space<\/strong> facilita a gest\u00e3o destas comunidades activas sem aumentar os processos internos. Automatiza a correspond\u00eancia dos pares e centraliza os recursos documentais necess\u00e1rios. Os decisores beneficiam de uma gest\u00e3o simplificada e de economias de tempo substanciais. Para industrializar estas trocas e abandonar os ficheiros manuais, uma ferramenta SaaS dedicada continua a ser a melhor op\u00e7\u00e3o. Esta tecnologia re\u00fane todos os intervenientes em torno de um projeto comum: desenvolver os talentos de amanh\u00e3.    <\/p><p>Recebe uma oferta personalizada<\/p>","protected":false},"excerpt":{"rendered":"<p>A sa\u00edda de um colaborador experiente j\u00e1 n\u00e3o significa o  [&#8230;]<\/p>\n","protected":false},"author":1,"featured_media":5308,"comment_status":"closed","ping_status":"closed","sticky":false,"template":"","format":"standard","meta":{"_ayudawp_aiss_exclude":false,"footnotes":""},"categories":[68],"tags":[],"class_list":["post-5305","post","type-post","status-publish","format-standard","has-post-thumbnail","hentry","category-mentoria"],"yoast_head":"<!-- This site is optimized with the Yoast SEO plugin v27.4 - https:\/\/yoast.com\/product\/yoast-seo-wordpress\/ -->\n<title>De empregados a mentores: hist\u00f3rias inspiradoras<\/title>\n<meta name=\"description\" content=\"Descobre as hist\u00f3rias inspiradoras de antigos funcion\u00e1rios que se tornaram mentores e a forma como apoiam o sucesso profissional.\" \/>\n<meta name=\"robots\" content=\"index, follow, max-snippet:-1, max-image-preview:large, max-video-preview:-1\" \/>\n<link rel=\"canonical\" href=\"https:\/\/www.alumni.space\/pt-pt\/testemunhos-de-antigos-funcionarios-que-se-tornaram-mentores\/\" \/>\n<meta property=\"og:locale\" content=\"pt_PT\" \/>\n<meta property=\"og:type\" content=\"article\" \/>\n<meta property=\"og:title\" content=\"De empregados a mentores: hist\u00f3rias inspiradoras\" \/>\n<meta property=\"og:description\" content=\"Descobre as hist\u00f3rias inspiradoras de antigos funcion\u00e1rios que se tornaram mentores e a forma como apoiam o sucesso profissional.\" \/>\n<meta property=\"og:url\" content=\"https:\/\/www.alumni.space\/pt-pt\/testemunhos-de-antigos-funcionarios-que-se-tornaram-mentores\/\" \/>\n<meta property=\"og:site_name\" content=\"Alumni.space\" \/>\n<meta property=\"article:published_time\" content=\"2025-12-13T22:02:27+00:00\" \/>\n<meta property=\"article:modified_time\" content=\"2026-03-28T10:48:31+00:00\" \/>\n<meta property=\"og:image\" content=\"https:\/\/www.alumni.space\/wp-content\/uploads\/2026\/03\/Temoignages-danciens-salaries-devenus-mentors.jpg\" \/>\n\t<meta property=\"og:image:width\" content=\"1280\" \/>\n\t<meta property=\"og:image:height\" content=\"768\" \/>\n\t<meta property=\"og:image:type\" content=\"image\/jpeg\" \/>\n<meta name=\"author\" content=\"admin\" \/>\n<meta name=\"twitter:card\" content=\"summary_large_image\" \/>\n<meta name=\"twitter:label1\" content=\"Escrito por\" \/>\n\t<meta name=\"twitter:data1\" content=\"admin\" \/>\n\t<meta name=\"twitter:label2\" content=\"Tempo estimado de leitura\" \/>\n\t<meta name=\"twitter:data2\" content=\"3 minutos\" \/>\n<script type=\"application\/ld+json\" class=\"yoast-schema-graph\">{\"@context\":\"https:\\\/\\\/schema.org\",\"@graph\":[{\"@type\":\"Article\",\"@id\":\"https:\\\/\\\/www.alumni.space\\\/pt-pt\\\/testemunhos-de-antigos-funcionarios-que-se-tornaram-mentores\\\/#article\",\"isPartOf\":{\"@id\":\"https:\\\/\\\/www.alumni.space\\\/pt-pt\\\/testemunhos-de-antigos-funcionarios-que-se-tornaram-mentores\\\/\"},\"author\":{\"name\":\"admin\",\"@id\":\"https:\\\/\\\/www.alumni.space\\\/pt-pt\\\/#\\\/schema\\\/person\\\/fede362a57876edda476a61f05ce5b15\"},\"headline\":\"Testemunhos de antigos funcion\u00e1rios que se tornaram mentores\",\"datePublished\":\"2025-12-13T22:02:27+00:00\",\"dateModified\":\"2026-03-28T10:48:31+00:00\",\"mainEntityOfPage\":{\"@id\":\"https:\\\/\\\/www.alumni.space\\\/pt-pt\\\/testemunhos-de-antigos-funcionarios-que-se-tornaram-mentores\\\/\"},\"wordCount\":530,\"image\":{\"@id\":\"https:\\\/\\\/www.alumni.space\\\/pt-pt\\\/testemunhos-de-antigos-funcionarios-que-se-tornaram-mentores\\\/#primaryimage\"},\"thumbnailUrl\":\"https:\\\/\\\/www.alumni.space\\\/wp-content\\\/uploads\\\/2026\\\/03\\\/Temoignages-danciens-salaries-devenus-mentors.jpg\",\"articleSection\":[\"Mentoria\"],\"inLanguage\":\"pt-PT\"},{\"@type\":\"WebPage\",\"@id\":\"https:\\\/\\\/www.alumni.space\\\/pt-pt\\\/testemunhos-de-antigos-funcionarios-que-se-tornaram-mentores\\\/\",\"url\":\"https:\\\/\\\/www.alumni.space\\\/pt-pt\\\/testemunhos-de-antigos-funcionarios-que-se-tornaram-mentores\\\/\",\"name\":\"De empregados a mentores: hist\u00f3rias inspiradoras\",\"isPartOf\":{\"@id\":\"https:\\\/\\\/www.alumni.space\\\/pt-pt\\\/#website\"},\"primaryImageOfPage\":{\"@id\":\"https:\\\/\\\/www.alumni.space\\\/pt-pt\\\/testemunhos-de-antigos-funcionarios-que-se-tornaram-mentores\\\/#primaryimage\"},\"image\":{\"@id\":\"https:\\\/\\\/www.alumni.space\\\/pt-pt\\\/testemunhos-de-antigos-funcionarios-que-se-tornaram-mentores\\\/#primaryimage\"},\"thumbnailUrl\":\"https:\\\/\\\/www.alumni.space\\\/wp-content\\\/uploads\\\/2026\\\/03\\\/Temoignages-danciens-salaries-devenus-mentors.jpg\",\"datePublished\":\"2025-12-13T22:02:27+00:00\",\"dateModified\":\"2026-03-28T10:48:31+00:00\",\"author\":{\"@id\":\"https:\\\/\\\/www.alumni.space\\\/pt-pt\\\/#\\\/schema\\\/person\\\/fede362a57876edda476a61f05ce5b15\"},\"description\":\"Descobre as hist\u00f3rias inspiradoras de antigos funcion\u00e1rios que se tornaram mentores e a forma como apoiam o sucesso profissional.\",\"breadcrumb\":{\"@id\":\"https:\\\/\\\/www.alumni.space\\\/pt-pt\\\/testemunhos-de-antigos-funcionarios-que-se-tornaram-mentores\\\/#breadcrumb\"},\"inLanguage\":\"pt-PT\",\"potentialAction\":[{\"@type\":\"ReadAction\",\"target\":[\"https:\\\/\\\/www.alumni.space\\\/pt-pt\\\/testemunhos-de-antigos-funcionarios-que-se-tornaram-mentores\\\/\"]}]},{\"@type\":\"ImageObject\",\"inLanguage\":\"pt-PT\",\"@id\":\"https:\\\/\\\/www.alumni.space\\\/pt-pt\\\/testemunhos-de-antigos-funcionarios-que-se-tornaram-mentores\\\/#primaryimage\",\"url\":\"https:\\\/\\\/www.alumni.space\\\/wp-content\\\/uploads\\\/2026\\\/03\\\/Temoignages-danciens-salaries-devenus-mentors.jpg\",\"contentUrl\":\"https:\\\/\\\/www.alumni.space\\\/wp-content\\\/uploads\\\/2026\\\/03\\\/Temoignages-danciens-salaries-devenus-mentors.jpg\",\"width\":1280,\"height\":768,\"caption\":\"descobre as hist\u00f3rias inspiradoras de antigos funcion\u00e1rios que optaram por se tornar mentores para apoiar e orientar a nova gera\u00e7\u00e3o.\"},{\"@type\":\"BreadcrumbList\",\"@id\":\"https:\\\/\\\/www.alumni.space\\\/pt-pt\\\/testemunhos-de-antigos-funcionarios-que-se-tornaram-mentores\\\/#breadcrumb\",\"itemListElement\":[{\"@type\":\"ListItem\",\"position\":1,\"name\":\"Home\",\"item\":\"https:\\\/\\\/www.alumni.space\\\/pt-pt\\\/plataforma-de-gestao-de-mentores-e-antigos-alunos\\\/\"},{\"@type\":\"ListItem\",\"position\":2,\"name\":\"Testemunhos de antigos funcion\u00e1rios que se tornaram mentores\"}]},{\"@type\":\"WebSite\",\"@id\":\"https:\\\/\\\/www.alumni.space\\\/pt-pt\\\/#website\",\"url\":\"https:\\\/\\\/www.alumni.space\\\/pt-pt\\\/\",\"name\":\"Alumni.space\",\"description\":\"My WordPress Blog\",\"potentialAction\":[{\"@type\":\"SearchAction\",\"target\":{\"@type\":\"EntryPoint\",\"urlTemplate\":\"https:\\\/\\\/www.alumni.space\\\/pt-pt\\\/?s={search_term_string}\"},\"query-input\":{\"@type\":\"PropertyValueSpecification\",\"valueRequired\":true,\"valueName\":\"search_term_string\"}}],\"inLanguage\":\"pt-PT\"},{\"@type\":\"Person\",\"@id\":\"https:\\\/\\\/www.alumni.space\\\/pt-pt\\\/#\\\/schema\\\/person\\\/fede362a57876edda476a61f05ce5b15\",\"name\":\"admin\",\"image\":{\"@type\":\"ImageObject\",\"inLanguage\":\"pt-PT\",\"@id\":\"https:\\\/\\\/secure.gravatar.com\\\/avatar\\\/318e234ae94f90d4d629428d6b983c08e31181c28f579e08a021180d759ea651?s=96&d=mm&r=g\",\"url\":\"https:\\\/\\\/secure.gravatar.com\\\/avatar\\\/318e234ae94f90d4d629428d6b983c08e31181c28f579e08a021180d759ea651?s=96&d=mm&r=g\",\"contentUrl\":\"https:\\\/\\\/secure.gravatar.com\\\/avatar\\\/318e234ae94f90d4d629428d6b983c08e31181c28f579e08a021180d759ea651?s=96&d=mm&r=g\",\"caption\":\"admin\"},\"description\":\"Nicolas Laustriat a construit sa sp\u00e9cialit\u00e9 sur un sujet que beaucoup d\u2019organisations d\u00e9couvrent trop tard : ce qui dispara\u00eet quand les gens partent. Dipl\u00f4m\u00e9 en conception de produit industriel, il bifurque vers le digital fin 1996, il couvre les transformations marques, RH, la fid\u00e9lisation, la marque employeur. Sur le terrain, il rep\u00e8re un angle mort r\u00e9current : l\u2019entreprise investit dans le recrutement, la formation, les process\u2026 puis laisse filer le lien au moment du d\u00e9part, avec une perte de savoir et d\u2019influence qui se paie en silence. Il se sp\u00e9cialise alors sur les communaut\u00e9s d\u2019alumni, le mentorat, l\u2019entraide interg\u00e9n\u00e9rationnelle et la transmission d\u2019expertise. Il passe du \u201cconstat\u201d aux m\u00e9thodes : animation, gouvernance, segmentation, rituels, mesure d\u2019engagement, articulation avec la RSE et l\u2019employabilit\u00e9. Il interviewe DRH, responsables formation, directions d\u2019\u00e9coles, associations et fondations, avec une obsession : transformer un r\u00e9seau dormant en m\u00e9canisme utile (cooptation, mentorat, job board, entraide, \u00e9v\u00e9nements, contenus). Son style : direct, orient\u00e9 action, sans folklore. Sa conviction : une communaut\u00e9 n\u2019a pas besoin de bruit, elle a besoin de raisons de revenir.\",\"sameAs\":[\"https:\\\/\\\/www.alumni.space\"]}]}<\/script>\n<!-- \/ Yoast SEO plugin. -->","yoast_head_json":{"title":"De empregados a mentores: hist\u00f3rias inspiradoras","description":"Descobre as hist\u00f3rias inspiradoras de antigos funcion\u00e1rios que se tornaram mentores e a forma como apoiam o sucesso profissional.","robots":{"index":"index","follow":"follow","max-snippet":"max-snippet:-1","max-image-preview":"max-image-preview:large","max-video-preview":"max-video-preview:-1"},"canonical":"https:\/\/www.alumni.space\/pt-pt\/testemunhos-de-antigos-funcionarios-que-se-tornaram-mentores\/","og_locale":"pt_PT","og_type":"article","og_title":"De empregados a mentores: hist\u00f3rias inspiradoras","og_description":"Descobre as hist\u00f3rias inspiradoras de antigos funcion\u00e1rios que se tornaram mentores e a forma como apoiam o sucesso profissional.","og_url":"https:\/\/www.alumni.space\/pt-pt\/testemunhos-de-antigos-funcionarios-que-se-tornaram-mentores\/","og_site_name":"Alumni.space","article_published_time":"2025-12-13T22:02:27+00:00","article_modified_time":"2026-03-28T10:48:31+00:00","og_image":[{"width":1280,"height":768,"url":"https:\/\/www.alumni.space\/wp-content\/uploads\/2026\/03\/Temoignages-danciens-salaries-devenus-mentors.jpg","type":"image\/jpeg"}],"author":"admin","twitter_card":"summary_large_image","twitter_misc":{"Escrito por":"admin","Tempo estimado de leitura":"3 minutos"},"schema":{"@context":"https:\/\/schema.org","@graph":[{"@type":"Article","@id":"https:\/\/www.alumni.space\/pt-pt\/testemunhos-de-antigos-funcionarios-que-se-tornaram-mentores\/#article","isPartOf":{"@id":"https:\/\/www.alumni.space\/pt-pt\/testemunhos-de-antigos-funcionarios-que-se-tornaram-mentores\/"},"author":{"name":"admin","@id":"https:\/\/www.alumni.space\/pt-pt\/#\/schema\/person\/fede362a57876edda476a61f05ce5b15"},"headline":"Testemunhos de antigos funcion\u00e1rios que se tornaram mentores","datePublished":"2025-12-13T22:02:27+00:00","dateModified":"2026-03-28T10:48:31+00:00","mainEntityOfPage":{"@id":"https:\/\/www.alumni.space\/pt-pt\/testemunhos-de-antigos-funcionarios-que-se-tornaram-mentores\/"},"wordCount":530,"image":{"@id":"https:\/\/www.alumni.space\/pt-pt\/testemunhos-de-antigos-funcionarios-que-se-tornaram-mentores\/#primaryimage"},"thumbnailUrl":"https:\/\/www.alumni.space\/wp-content\/uploads\/2026\/03\/Temoignages-danciens-salaries-devenus-mentors.jpg","articleSection":["Mentoria"],"inLanguage":"pt-PT"},{"@type":"WebPage","@id":"https:\/\/www.alumni.space\/pt-pt\/testemunhos-de-antigos-funcionarios-que-se-tornaram-mentores\/","url":"https:\/\/www.alumni.space\/pt-pt\/testemunhos-de-antigos-funcionarios-que-se-tornaram-mentores\/","name":"De empregados a mentores: hist\u00f3rias inspiradoras","isPartOf":{"@id":"https:\/\/www.alumni.space\/pt-pt\/#website"},"primaryImageOfPage":{"@id":"https:\/\/www.alumni.space\/pt-pt\/testemunhos-de-antigos-funcionarios-que-se-tornaram-mentores\/#primaryimage"},"image":{"@id":"https:\/\/www.alumni.space\/pt-pt\/testemunhos-de-antigos-funcionarios-que-se-tornaram-mentores\/#primaryimage"},"thumbnailUrl":"https:\/\/www.alumni.space\/wp-content\/uploads\/2026\/03\/Temoignages-danciens-salaries-devenus-mentors.jpg","datePublished":"2025-12-13T22:02:27+00:00","dateModified":"2026-03-28T10:48:31+00:00","author":{"@id":"https:\/\/www.alumni.space\/pt-pt\/#\/schema\/person\/fede362a57876edda476a61f05ce5b15"},"description":"Descobre as hist\u00f3rias inspiradoras de antigos funcion\u00e1rios que se tornaram mentores e a forma como apoiam o sucesso profissional.","breadcrumb":{"@id":"https:\/\/www.alumni.space\/pt-pt\/testemunhos-de-antigos-funcionarios-que-se-tornaram-mentores\/#breadcrumb"},"inLanguage":"pt-PT","potentialAction":[{"@type":"ReadAction","target":["https:\/\/www.alumni.space\/pt-pt\/testemunhos-de-antigos-funcionarios-que-se-tornaram-mentores\/"]}]},{"@type":"ImageObject","inLanguage":"pt-PT","@id":"https:\/\/www.alumni.space\/pt-pt\/testemunhos-de-antigos-funcionarios-que-se-tornaram-mentores\/#primaryimage","url":"https:\/\/www.alumni.space\/wp-content\/uploads\/2026\/03\/Temoignages-danciens-salaries-devenus-mentors.jpg","contentUrl":"https:\/\/www.alumni.space\/wp-content\/uploads\/2026\/03\/Temoignages-danciens-salaries-devenus-mentors.jpg","width":1280,"height":768,"caption":"descobre as hist\u00f3rias inspiradoras de antigos funcion\u00e1rios que optaram por se tornar mentores para apoiar e orientar a nova gera\u00e7\u00e3o."},{"@type":"BreadcrumbList","@id":"https:\/\/www.alumni.space\/pt-pt\/testemunhos-de-antigos-funcionarios-que-se-tornaram-mentores\/#breadcrumb","itemListElement":[{"@type":"ListItem","position":1,"name":"Home","item":"https:\/\/www.alumni.space\/pt-pt\/plataforma-de-gestao-de-mentores-e-antigos-alunos\/"},{"@type":"ListItem","position":2,"name":"Testemunhos de antigos funcion\u00e1rios que se tornaram mentores"}]},{"@type":"WebSite","@id":"https:\/\/www.alumni.space\/pt-pt\/#website","url":"https:\/\/www.alumni.space\/pt-pt\/","name":"Alumni.space","description":"My WordPress Blog","potentialAction":[{"@type":"SearchAction","target":{"@type":"EntryPoint","urlTemplate":"https:\/\/www.alumni.space\/pt-pt\/?s={search_term_string}"},"query-input":{"@type":"PropertyValueSpecification","valueRequired":true,"valueName":"search_term_string"}}],"inLanguage":"pt-PT"},{"@type":"Person","@id":"https:\/\/www.alumni.space\/pt-pt\/#\/schema\/person\/fede362a57876edda476a61f05ce5b15","name":"admin","image":{"@type":"ImageObject","inLanguage":"pt-PT","@id":"https:\/\/secure.gravatar.com\/avatar\/318e234ae94f90d4d629428d6b983c08e31181c28f579e08a021180d759ea651?s=96&d=mm&r=g","url":"https:\/\/secure.gravatar.com\/avatar\/318e234ae94f90d4d629428d6b983c08e31181c28f579e08a021180d759ea651?s=96&d=mm&r=g","contentUrl":"https:\/\/secure.gravatar.com\/avatar\/318e234ae94f90d4d629428d6b983c08e31181c28f579e08a021180d759ea651?s=96&d=mm&r=g","caption":"admin"},"description":"Nicolas Laustriat a construit sa sp\u00e9cialit\u00e9 sur un sujet que beaucoup d\u2019organisations d\u00e9couvrent trop tard : ce qui dispara\u00eet quand les gens partent. Dipl\u00f4m\u00e9 en conception de produit industriel, il bifurque vers le digital fin 1996, il couvre les transformations marques, RH, la fid\u00e9lisation, la marque employeur. Sur le terrain, il rep\u00e8re un angle mort r\u00e9current : l\u2019entreprise investit dans le recrutement, la formation, les process\u2026 puis laisse filer le lien au moment du d\u00e9part, avec une perte de savoir et d\u2019influence qui se paie en silence. Il se sp\u00e9cialise alors sur les communaut\u00e9s d\u2019alumni, le mentorat, l\u2019entraide interg\u00e9n\u00e9rationnelle et la transmission d\u2019expertise. Il passe du \u201cconstat\u201d aux m\u00e9thodes : animation, gouvernance, segmentation, rituels, mesure d\u2019engagement, articulation avec la RSE et l\u2019employabilit\u00e9. Il interviewe DRH, responsables formation, directions d\u2019\u00e9coles, associations et fondations, avec une obsession : transformer un r\u00e9seau dormant en m\u00e9canisme utile (cooptation, mentorat, job board, entraide, \u00e9v\u00e9nements, contenus). Son style : direct, orient\u00e9 action, sans folklore. Sa conviction : une communaut\u00e9 n\u2019a pas besoin de bruit, elle a besoin de raisons de revenir.","sameAs":["https:\/\/www.alumni.space"]}]}},"_links":{"self":[{"href":"https:\/\/www.alumni.space\/pt-pt\/wp-json\/wp\/v2\/posts\/5305","targetHints":{"allow":["GET"]}}],"collection":[{"href":"https:\/\/www.alumni.space\/pt-pt\/wp-json\/wp\/v2\/posts"}],"about":[{"href":"https:\/\/www.alumni.space\/pt-pt\/wp-json\/wp\/v2\/types\/post"}],"author":[{"embeddable":true,"href":"https:\/\/www.alumni.space\/pt-pt\/wp-json\/wp\/v2\/users\/1"}],"replies":[{"embeddable":true,"href":"https:\/\/www.alumni.space\/pt-pt\/wp-json\/wp\/v2\/comments?post=5305"}],"version-history":[{"count":1,"href":"https:\/\/www.alumni.space\/pt-pt\/wp-json\/wp\/v2\/posts\/5305\/revisions"}],"predecessor-version":[{"id":5310,"href":"https:\/\/www.alumni.space\/pt-pt\/wp-json\/wp\/v2\/posts\/5305\/revisions\/5310"}],"wp:featuredmedia":[{"embeddable":true,"href":"https:\/\/www.alumni.space\/pt-pt\/wp-json\/wp\/v2\/media\/5308"}],"wp:attachment":[{"href":"https:\/\/www.alumni.space\/pt-pt\/wp-json\/wp\/v2\/media?parent=5305"}],"wp:term":[{"taxonomy":"category","embeddable":true,"href":"https:\/\/www.alumni.space\/pt-pt\/wp-json\/wp\/v2\/categories?post=5305"},{"taxonomy":"post_tag","embeddable":true,"href":"https:\/\/www.alumni.space\/pt-pt\/wp-json\/wp\/v2\/tags?post=5305"}],"curies":[{"name":"wp","href":"https:\/\/api.w.org\/{rel}","templated":true}]}}