{"id":5301,"date":"2026-03-09T14:10:03","date_gmt":"2026-03-09T14:10:03","guid":{"rendered":"https:\/\/www.alumni.space\/tutoria-solidaria-apoiar-os-jovens-dos-bairros-prioritarios\/"},"modified":"2026-03-28T10:47:55","modified_gmt":"2026-03-28T10:47:55","slug":"tutoria-solidaria-apoiar-os-jovens-dos-bairros-prioritarios","status":"publish","type":"post","link":"https:\/\/www.alumni.space\/pt-pt\/tutoria-solidaria-apoiar-os-jovens-dos-bairros-prioritarios\/","title":{"rendered":"Tutoria solid\u00e1ria: apoiar os jovens dos bairros priorit\u00e1rios"},"content":{"rendered":"<p>O fosso entre as oportunidades educativas instala-se frequentemente numa idade precoce, criando uma barreira invis\u00edvel para muitos talentos promissores. <strong>A tutoria<\/strong> \u00e9 uma alavanca poderosa para quebrar estes tectos de vidro, oferecendo aos <strong>jovens<\/strong> de <strong>bairros desfavorecidos<\/strong> os c\u00f3digos de que necessitam para as suas <strong>carreiras<\/strong> futuras. Em 2026, esta din\u00e2mica de <strong>solidariedade<\/strong> ultrapassar\u00e1 o simples quadro das associa\u00e7\u00f5es para se tornar um pilar estrat\u00e9gico para as organiza\u00e7\u00f5es preocupadas com o seu <strong>compromisso c\u00edvico<\/strong>.  <\/p><p>A falta de uma rede de contactos ou de refer\u00eancias culturais pesa muito na carreira de um estudante. Esta falta de liga\u00e7\u00f5es resulta numa enorme perda de potencial para as empresas e para a sociedade. A implementa\u00e7\u00e3o de um ecossistema dedicado aos alumni e ao mentoring transforma a vis\u00e3o social de uma empresa. Esta abordagem ultrapassa o simples quadro contratual para favorecer a transmiss\u00e3o do saber-fazer e a integra\u00e7\u00e3o de todas as idades. Ao mobilizar as compet\u00eancias dos volunt\u00e1rios, a estrutura evita a perda de experi\u00eancias valiosas acumuladas ao longo dos anos. Este modelo refor\u00e7a a imagem da marca, demonstrando uma verdadeira aten\u00e7\u00e3o ao desenvolvimento humano. Os futuros talentos passam por um ambiente prop\u00edcio ao desenvolvimento, apoiados por verdadeiros mentores. As ferramentas de gest\u00e3o fornecem dados precisos sobre o envolvimento coletivo, harmonizando as quest\u00f5es de recursos humanos e de estrat\u00e9gia de cidadania empresarial.       <\/p><div id=\"ez-toc-container\" class=\"ez-toc-v2_0_82_2 counter-flat ez-toc-counter ez-toc-grey ez-toc-container-direction\">\n<div class=\"ez-toc-title-container\"><p class=\"ez-toc-title\" style=\"cursor:inherit\">\u00cdndice deste artigo:<\/p>\n<\/div><nav><ul class='ez-toc-list ez-toc-list-level-1 ' ><li class='ez-toc-page-1'><a class=\"ez-toc-link ez-toc-heading-1\" href=\"https:\/\/www.alumni.space\/pt-pt\/tutoria-solidaria-apoiar-os-jovens-dos-bairros-prioritarios\/#Reduzir_as_desigualdades_atraves_de_apoio_individual\" >Reduzir as desigualdades atrav\u00e9s de apoio individual<\/a><\/li><li class='ez-toc-page-1'><a class=\"ez-toc-link ez-toc-heading-2\" href=\"https:\/\/www.alumni.space\/pt-pt\/tutoria-solidaria-apoiar-os-jovens-dos-bairros-prioritarios\/#Diversificar_os_formatos_para_maximizar_o_impacto_social\" >Diversificar os formatos para maximizar o impacto social<\/a><\/li><li class='ez-toc-page-1'><a class=\"ez-toc-link ez-toc-heading-3\" href=\"https:\/\/www.alumni.space\/pt-pt\/tutoria-solidaria-apoiar-os-jovens-dos-bairros-prioritarios\/#Gerir_o_envolvimento_civico_com_ferramentas_modernas\" >Gerir o envolvimento c\u00edvico com ferramentas modernas<\/a><\/li><li class='ez-toc-page-1'><a class=\"ez-toc-link ez-toc-heading-4\" href=\"https:\/\/www.alumni.space\/pt-pt\/tutoria-solidaria-apoiar-os-jovens-dos-bairros-prioritarios\/#Transformar_a_integracao_profissional_numa_aventura_colectiva\" >Transformar a integra\u00e7\u00e3o profissional numa aventura colectiva<\/a><\/li><\/ul><\/nav><\/div>\n<h2 class=\"wp-block-heading\"><span class=\"ez-toc-section\" id=\"Reduzir_as_desigualdades_atraves_de_apoio_individual\"><\/span>Reduzir as desigualdades atrav\u00e9s de apoio individual<span class=\"ez-toc-section-end\"><\/span><\/h2><p>O fosso lingu\u00edstico aumenta numa idade precoce: uma crian\u00e7a de um meio desfavorecido ouve milh\u00f5es de palavras a menos na primeira inf\u00e2ncia. Isto tem um impacto a longo prazo na confian\u00e7a e no desempenho escolar. <strong>A tutoria<\/strong> na escola ajuda a restaurar<strong>a igualdade de oportunidades<\/strong>, oferecendo uma presen\u00e7a atenciosa durante duas horas por semana. Um estudante volunt\u00e1rio orienta um estudante mais novo, trabalhando n\u00e3o s\u00f3 os trabalhos de casa, mas tamb\u00e9m a consci\u00eancia cultural e a mobilidade. Esta rela\u00e7\u00e3o humana transforma a perce\u00e7\u00e3o do mundo do mentorando, que se apercebe subitamente do que \u00e9 poss\u00edvel fazer.    <\/p><p>O impacto reside na regularidade e na cria\u00e7\u00e3o de um v\u00ednculo \u00fanico. O <a href=\"https:\/\/afev.org\/actions\/mentorat\">acompanhamento dos estudantes<\/a> encoraja a autonomia e ajuda a eliminar a auto-censura que muitas vezes bloqueia as ambi\u00e7\u00f5es. Para um decisor, o apoio a estas iniciativas garante uma melhor <strong>integra\u00e7\u00e3o social dos<\/strong> futuros recrutas e refor\u00e7a o sentimento de perten\u00e7a dos colaboradores envolvidos nestes programas. Para otimizar estes interc\u00e2mbios, uma plataforma SaaS como a alumni.space centraliza os perfis e facilita a cria\u00e7\u00e3o de pares coerentes.  <\/p><figure class=\"wp-block-image size-full\"><img decoding=\"async\" width=\"1280\" height=\"768\" src=\"https:\/\/www.alumni.space\/wp-content\/uploads\/2026\/03\/Mentorat-solidaire-accompagner-les-jeunes-issus-de-quartiers-prioritaires-1.jpg\" data-orig-src=\"https:\/\/www.alumni.space\/wp-content\/uploads\/2026\/03\/Mentorat-solidaire-accompagner-les-jeunes-issus-de-quartiers-prioritaires-1.jpg\" alt=\"descobre mais sobre o mentoring for solidarity, uma iniciativa dedicada a ajudar e apoiar jovens de bairros desfavorecidos a alcan\u00e7ar o sucesso pessoal e profissional.\" class=\"lazyload wp-image-3531\" srcset=\"data:image\/svg+xml,%3Csvg%20xmlns%3D%27http%3A%2F%2Fwww.w3.org%2F2000%2Fsvg%27%20width%3D%271280%27%20height%3D%27768%27%20viewBox%3D%270%200%201280%20768%27%3E%3Crect%20width%3D%271280%27%20height%3D%27768%27%20fill-opacity%3D%220%22%2F%3E%3C%2Fsvg%3E\" data-srcset=\"https:\/\/www.alumni.space\/wp-content\/uploads\/2026\/03\/Mentorat-solidaire-accompagner-les-jeunes-issus-de-quartiers-prioritaires-1-200x120.jpg 200w, https:\/\/www.alumni.space\/wp-content\/uploads\/2026\/03\/Mentorat-solidaire-accompagner-les-jeunes-issus-de-quartiers-prioritaires-1-300x180.jpg 300w, https:\/\/www.alumni.space\/wp-content\/uploads\/2026\/03\/Mentorat-solidaire-accompagner-les-jeunes-issus-de-quartiers-prioritaires-1-400x240.jpg 400w, https:\/\/www.alumni.space\/wp-content\/uploads\/2026\/03\/Mentorat-solidaire-accompagner-les-jeunes-issus-de-quartiers-prioritaires-1-600x360.jpg 600w, https:\/\/www.alumni.space\/wp-content\/uploads\/2026\/03\/Mentorat-solidaire-accompagner-les-jeunes-issus-de-quartiers-prioritaires-1-768x461.jpg 768w, https:\/\/www.alumni.space\/wp-content\/uploads\/2026\/03\/Mentorat-solidaire-accompagner-les-jeunes-issus-de-quartiers-prioritaires-1-800x480.jpg 800w, https:\/\/www.alumni.space\/wp-content\/uploads\/2026\/03\/Mentorat-solidaire-accompagner-les-jeunes-issus-de-quartiers-prioritaires-1-1024x614.jpg 1024w, https:\/\/www.alumni.space\/wp-content\/uploads\/2026\/03\/Mentorat-solidaire-accompagner-les-jeunes-issus-de-quartiers-prioritaires-1-1200x720.jpg 1200w, https:\/\/www.alumni.space\/wp-content\/uploads\/2026\/03\/Mentorat-solidaire-accompagner-les-jeunes-issus-de-quartiers-prioritaires-1.jpg 1280w\" data-sizes=\"auto\" data-orig-sizes=\"(max-width: 1280px) 100vw, 1280px\" \/><\/figure><h3 class=\"wp-block-heading\"><span class=\"ez-toc-section\" id=\"Diversificar_os_formatos_para_maximizar_o_impacto_social\"><\/span>Diversificar os formatos para maximizar o impacto social<span class=\"ez-toc-section-end\"><\/span><\/h3><p>Adaptar-se \u00e0s necessidades actuais significa variar os m\u00e9todos de interven\u00e7\u00e3o. <strong>A tutoria<\/strong> \u00e0 dist\u00e2ncia tornou-se um instrumento essencial para chegar \u00e0s zonas rurais e ultrapassar o isolamento. Ao mesmo tempo, a tutoria entre pares na universidade garante que os rec\u00e9m-chegados tenham um in\u00edcio seguro dos seus estudos, reduzindo drasticamente a taxa de abandono. Estes programas exigem uma gest\u00e3o cuidadosa para garantir um acompanhamento de qualidade e medir o <strong>desenvolvimento pessoal<\/strong> de cada participante. A utiliza\u00e7\u00e3o de ferramentas digitais de alto desempenho evita a dispers\u00e3o de dados e automatiza os lembretes essenciais para manter a liga\u00e7\u00e3o.    <\/p><p>As empresas que integram estes esquemas na sua estrat\u00e9gia de RH consideram-nos mais atractivos. <a href=\"https:\/\/www.alumni.space\/pt-pt\/mentoring-uma-chave-para-desenvolver-a-confianca-dos-jovens\/\">A tutoria refor\u00e7a a confian\u00e7a dos jovens<\/a> e tira partido da experi\u00eancia dos trabalhadores mais velhos. Esta transmiss\u00e3o fluida entre gera\u00e7\u00f5es limita o desperd\u00edcio de conhecimentos. O investimento numa ferramenta estruturada permite gerir estas ac\u00e7\u00f5es atrav\u00e9s de indicadores precisos, transformando uma inten\u00e7\u00e3o de solidariedade num sucesso organizacional tang\u00edvel. A gest\u00e3o das comunidades de antigos alunos torna-se assim um motor de coopta\u00e7\u00e3o e de fideliza\u00e7\u00e3o sem precedentes.    <\/p><h2 class=\"wp-block-heading\"><span class=\"ez-toc-section\" id=\"Gerir_o_envolvimento_civico_com_ferramentas_modernas\"><\/span>Gerir o envolvimento c\u00edvico com ferramentas modernas<span class=\"ez-toc-section-end\"><\/span><\/h2><p>Passar da gest\u00e3o manual de folhas de c\u00e1lculo para uma solu\u00e7\u00e3o automatizada marca um ponto de viragem para qualquer organiza\u00e7\u00e3o empenhada. Centralizar as ofertas <strong>de tutoria<\/strong>, os eventos e o quadro de empregos num \u00fanico espa\u00e7o garante uma comunidade animada. Esta centraliza\u00e7\u00e3o liberta tempo aos gestores de RH ou de associa\u00e7\u00f5es, que podem assim concentrar-se no que \u00e9 mais importante: as pessoas. Uma plataforma dedicada garante tamb\u00e9m a conformidade dos interc\u00e2mbios e a seguran\u00e7a dos dados, um ponto n\u00e3o negligenci\u00e1vel para os decisores conscientes dos riscos.   <\/p><p>Cada hora dedicada \u00e0 tutoria fornece aos relat\u00f3rios de RSE provas concretas. <a href=\"https:\/\/www.alumni.space\/pt-pt\/como-medir-o-impacto-de-um-programa-de-mentoria-empresarial\/\">Medir o impacto da tutoria<\/a> torna-se uma brincadeira de crian\u00e7as gra\u00e7as aos pain\u00e9is de controlo integrados. Podes ver como os pares de mentores est\u00e3o a progredir, o seu grau de satisfa\u00e7\u00e3o e a evolu\u00e7\u00e3o das compet\u00eancias que adquiriram. Esta transpar\u00eancia atrai novos embaixadores e d\u00e1 credibilidade \u00e0 abordagem junto dos parceiros institucionais. A efic\u00e1cia da rede baseia-se na facilidade de utiliza\u00e7\u00e3o: uma interface intuitiva incentiva a participa\u00e7\u00e3o regular sem fric\u00e7\u00e3o t\u00e9cnica.   <\/p><p>Para transformar as tuas iniciativas em sucessos duradouros, o m\u00e9todo ideal \u00e9 segmentar os teus alvos e definir rituais claros. Come\u00e7a por identificar as necessidades priorit\u00e1rias e, em seguida, lan\u00e7a convites \u00e0 apresenta\u00e7\u00e3o de volunt\u00e1rios. Os contactos automatizados garantem um tratamento equitativo e uma capacidade de resposta \u00f3ptima. O sucesso de um programa <strong>de solidariedade<\/strong> depende da sua capacidade de crescer sem perder a qualidade do acompanhamento. A ado\u00e7\u00e3o de uma solu\u00e7\u00e3o SaaS adequada \u00e9 a melhor forma de evitar que os volunt\u00e1rios se desorganizem e se esgotem.    <\/p><h3 class=\"wp-block-heading\"><span class=\"ez-toc-section\" id=\"Transformar_a_integracao_profissional_numa_aventura_colectiva\"><\/span>Transformar a integra\u00e7\u00e3o profissional numa aventura colectiva<span class=\"ez-toc-section-end\"><\/span><\/h3><p><strong>A tutoria<\/strong> n\u00e3o se limita \u00e0 escola, estendendo-se at\u00e9 aos primeiros passos na vida ativa. <strong>Os jovens<\/strong> com menos de 30 anos que vivem em zonas desfavorecidas beneficiam de conselhos para construir o seu projeto ou encontrar uma forma\u00e7\u00e3o em altern\u00e2ncia. Esta fase crucial exige <strong>um acompanhamento<\/strong> personalizado para consolidar as aprendizagens e eliminar os obst\u00e1culos psicol\u00f3gicos que ainda subsistem. O mentor actua como um espelho, ajudando o jovem a identificar os seus pontos fortes e a exprimir claramente as suas ambi\u00e7\u00f5es.   <\/p><p>As vantagens para a organiza\u00e7\u00e3o s\u00e3o muitas: recrutamento mais f\u00e1cil, uma cultura de cuidados partilhada e uma maior influ\u00eancia local. Ao <a href=\"https:\/\/www.alumni.space\/pt-pt\/mentoria-de-jovens-talentos-pelos-teus-antigos-empregados\/\">orientares os jovens talentos<\/a>, crias um conjunto de recrutas que j\u00e1 est\u00e3o imbu\u00eddos dos valores da organiza\u00e7\u00e3o. Ao facilitar estes encontros, constr\u00f3i uma rede resiliente e de alto desempenho. Para industrializar estes processos e garantir o m\u00e1ximo impacto nesta semana, considera equipar a tua comunidade com uma infraestrutura robusta.  <\/p><p><strong>Solicita uma demonstra\u00e7\u00e3o<\/strong><\/p>","protected":false},"excerpt":{"rendered":"<p>O fosso entre as oportunidades educativas instala-se frequentemente numa idade  [&#8230;]<\/p>\n","protected":false},"author":1,"featured_media":5303,"comment_status":"closed","ping_status":"closed","sticky":false,"template":"","format":"standard","meta":{"_ayudawp_aiss_exclude":false,"footnotes":""},"categories":[68],"tags":[],"class_list":["post-5301","post","type-post","status-publish","format-standard","has-post-thumbnail","hentry","category-mentoria"],"yoast_head":"<!-- This site is optimized with the Yoast SEO plugin v27.4 - https:\/\/yoast.com\/product\/yoast-seo-wordpress\/ -->\n<title>Tutoria solid\u00e1ria: apoiar os jovens em bairros priorit\u00e1rios<\/title>\n<meta name=\"description\" content=\"Tutoria solid\u00e1ria: apoia e acompanha jovens de bairros priorit\u00e1rios para promover o seu sucesso e inclus\u00e3o social.\" \/>\n<meta name=\"robots\" content=\"index, follow, max-snippet:-1, max-image-preview:large, max-video-preview:-1\" \/>\n<link rel=\"canonical\" href=\"https:\/\/www.alumni.space\/pt-pt\/tutoria-solidaria-apoiar-os-jovens-dos-bairros-prioritarios\/\" \/>\n<meta property=\"og:locale\" content=\"pt_PT\" \/>\n<meta property=\"og:type\" content=\"article\" \/>\n<meta property=\"og:title\" content=\"Tutoria solid\u00e1ria: apoiar os jovens em bairros priorit\u00e1rios\" \/>\n<meta property=\"og:description\" content=\"Tutoria solid\u00e1ria: apoia e acompanha jovens de bairros priorit\u00e1rios para promover o seu sucesso e inclus\u00e3o social.\" \/>\n<meta property=\"og:url\" content=\"https:\/\/www.alumni.space\/pt-pt\/tutoria-solidaria-apoiar-os-jovens-dos-bairros-prioritarios\/\" \/>\n<meta property=\"og:site_name\" content=\"Alumni.space\" \/>\n<meta property=\"article:published_time\" content=\"2026-03-09T14:10:03+00:00\" \/>\n<meta property=\"article:modified_time\" content=\"2026-03-28T10:47:55+00:00\" \/>\n<meta property=\"og:image\" content=\"https:\/\/www.alumni.space\/wp-content\/uploads\/2026\/03\/Mentorat-solidaire-accompagner-les-jeunes-issus-de-quartiers-prioritaires.jpg\" \/>\n\t<meta property=\"og:image:width\" content=\"1280\" \/>\n\t<meta property=\"og:image:height\" content=\"768\" \/>\n\t<meta property=\"og:image:type\" content=\"image\/jpeg\" \/>\n<meta name=\"author\" content=\"admin\" \/>\n<meta name=\"twitter:card\" content=\"summary_large_image\" \/>\n<meta name=\"twitter:label1\" content=\"Escrito por\" \/>\n\t<meta name=\"twitter:data1\" content=\"admin\" \/>\n\t<meta name=\"twitter:label2\" content=\"Tempo estimado de leitura\" \/>\n\t<meta name=\"twitter:data2\" content=\"6 minutos\" \/>\n<script type=\"application\/ld+json\" class=\"yoast-schema-graph\">{\"@context\":\"https:\\\/\\\/schema.org\",\"@graph\":[{\"@type\":\"Article\",\"@id\":\"https:\\\/\\\/www.alumni.space\\\/pt-pt\\\/tutoria-solidaria-apoiar-os-jovens-dos-bairros-prioritarios\\\/#article\",\"isPartOf\":{\"@id\":\"https:\\\/\\\/www.alumni.space\\\/pt-pt\\\/tutoria-solidaria-apoiar-os-jovens-dos-bairros-prioritarios\\\/\"},\"author\":{\"name\":\"admin\",\"@id\":\"https:\\\/\\\/www.alumni.space\\\/pt-pt\\\/#\\\/schema\\\/person\\\/fede362a57876edda476a61f05ce5b15\"},\"headline\":\"Tutoria solid\u00e1ria: apoiar os jovens dos bairros priorit\u00e1rios\",\"datePublished\":\"2026-03-09T14:10:03+00:00\",\"dateModified\":\"2026-03-28T10:47:55+00:00\",\"mainEntityOfPage\":{\"@id\":\"https:\\\/\\\/www.alumni.space\\\/pt-pt\\\/tutoria-solidaria-apoiar-os-jovens-dos-bairros-prioritarios\\\/\"},\"wordCount\":1126,\"image\":{\"@id\":\"https:\\\/\\\/www.alumni.space\\\/pt-pt\\\/tutoria-solidaria-apoiar-os-jovens-dos-bairros-prioritarios\\\/#primaryimage\"},\"thumbnailUrl\":\"https:\\\/\\\/www.alumni.space\\\/wp-content\\\/uploads\\\/2026\\\/03\\\/Mentorat-solidaire-accompagner-les-jeunes-issus-de-quartiers-prioritaires.jpg\",\"articleSection\":[\"Mentoria\"],\"inLanguage\":\"pt-PT\"},{\"@type\":\"WebPage\",\"@id\":\"https:\\\/\\\/www.alumni.space\\\/pt-pt\\\/tutoria-solidaria-apoiar-os-jovens-dos-bairros-prioritarios\\\/\",\"url\":\"https:\\\/\\\/www.alumni.space\\\/pt-pt\\\/tutoria-solidaria-apoiar-os-jovens-dos-bairros-prioritarios\\\/\",\"name\":\"Tutoria solid\u00e1ria: apoiar os jovens em bairros priorit\u00e1rios\",\"isPartOf\":{\"@id\":\"https:\\\/\\\/www.alumni.space\\\/pt-pt\\\/#website\"},\"primaryImageOfPage\":{\"@id\":\"https:\\\/\\\/www.alumni.space\\\/pt-pt\\\/tutoria-solidaria-apoiar-os-jovens-dos-bairros-prioritarios\\\/#primaryimage\"},\"image\":{\"@id\":\"https:\\\/\\\/www.alumni.space\\\/pt-pt\\\/tutoria-solidaria-apoiar-os-jovens-dos-bairros-prioritarios\\\/#primaryimage\"},\"thumbnailUrl\":\"https:\\\/\\\/www.alumni.space\\\/wp-content\\\/uploads\\\/2026\\\/03\\\/Mentorat-solidaire-accompagner-les-jeunes-issus-de-quartiers-prioritaires.jpg\",\"datePublished\":\"2026-03-09T14:10:03+00:00\",\"dateModified\":\"2026-03-28T10:47:55+00:00\",\"author\":{\"@id\":\"https:\\\/\\\/www.alumni.space\\\/pt-pt\\\/#\\\/schema\\\/person\\\/fede362a57876edda476a61f05ce5b15\"},\"description\":\"Tutoria solid\u00e1ria: apoia e acompanha jovens de bairros priorit\u00e1rios para promover o seu sucesso e inclus\u00e3o social.\",\"breadcrumb\":{\"@id\":\"https:\\\/\\\/www.alumni.space\\\/pt-pt\\\/tutoria-solidaria-apoiar-os-jovens-dos-bairros-prioritarios\\\/#breadcrumb\"},\"inLanguage\":\"pt-PT\",\"potentialAction\":[{\"@type\":\"ReadAction\",\"target\":[\"https:\\\/\\\/www.alumni.space\\\/pt-pt\\\/tutoria-solidaria-apoiar-os-jovens-dos-bairros-prioritarios\\\/\"]}]},{\"@type\":\"ImageObject\",\"inLanguage\":\"pt-PT\",\"@id\":\"https:\\\/\\\/www.alumni.space\\\/pt-pt\\\/tutoria-solidaria-apoiar-os-jovens-dos-bairros-prioritarios\\\/#primaryimage\",\"url\":\"https:\\\/\\\/www.alumni.space\\\/wp-content\\\/uploads\\\/2026\\\/03\\\/Mentorat-solidaire-accompagner-les-jeunes-issus-de-quartiers-prioritaires.jpg\",\"contentUrl\":\"https:\\\/\\\/www.alumni.space\\\/wp-content\\\/uploads\\\/2026\\\/03\\\/Mentorat-solidaire-accompagner-les-jeunes-issus-de-quartiers-prioritaires.jpg\",\"width\":1280,\"height\":768,\"caption\":\"descobre como a tutoria pode ajudar os jovens dos bairros priorit\u00e1rios a desenvolver as suas oportunidades e a ter sucesso.\"},{\"@type\":\"BreadcrumbList\",\"@id\":\"https:\\\/\\\/www.alumni.space\\\/pt-pt\\\/tutoria-solidaria-apoiar-os-jovens-dos-bairros-prioritarios\\\/#breadcrumb\",\"itemListElement\":[{\"@type\":\"ListItem\",\"position\":1,\"name\":\"Home\",\"item\":\"https:\\\/\\\/www.alumni.space\\\/pt-pt\\\/plataforma-de-gestao-de-mentores-e-antigos-alunos\\\/\"},{\"@type\":\"ListItem\",\"position\":2,\"name\":\"Tutoria solid\u00e1ria: apoiar os jovens dos bairros priorit\u00e1rios\"}]},{\"@type\":\"WebSite\",\"@id\":\"https:\\\/\\\/www.alumni.space\\\/pt-pt\\\/#website\",\"url\":\"https:\\\/\\\/www.alumni.space\\\/pt-pt\\\/\",\"name\":\"Alumni.space\",\"description\":\"My WordPress Blog\",\"potentialAction\":[{\"@type\":\"SearchAction\",\"target\":{\"@type\":\"EntryPoint\",\"urlTemplate\":\"https:\\\/\\\/www.alumni.space\\\/pt-pt\\\/?s={search_term_string}\"},\"query-input\":{\"@type\":\"PropertyValueSpecification\",\"valueRequired\":true,\"valueName\":\"search_term_string\"}}],\"inLanguage\":\"pt-PT\"},{\"@type\":\"Person\",\"@id\":\"https:\\\/\\\/www.alumni.space\\\/pt-pt\\\/#\\\/schema\\\/person\\\/fede362a57876edda476a61f05ce5b15\",\"name\":\"admin\",\"image\":{\"@type\":\"ImageObject\",\"inLanguage\":\"pt-PT\",\"@id\":\"https:\\\/\\\/secure.gravatar.com\\\/avatar\\\/318e234ae94f90d4d629428d6b983c08e31181c28f579e08a021180d759ea651?s=96&d=mm&r=g\",\"url\":\"https:\\\/\\\/secure.gravatar.com\\\/avatar\\\/318e234ae94f90d4d629428d6b983c08e31181c28f579e08a021180d759ea651?s=96&d=mm&r=g\",\"contentUrl\":\"https:\\\/\\\/secure.gravatar.com\\\/avatar\\\/318e234ae94f90d4d629428d6b983c08e31181c28f579e08a021180d759ea651?s=96&d=mm&r=g\",\"caption\":\"admin\"},\"description\":\"Nicolas Laustriat a construit sa sp\u00e9cialit\u00e9 sur un sujet que beaucoup d\u2019organisations d\u00e9couvrent trop tard : ce qui dispara\u00eet quand les gens partent. Dipl\u00f4m\u00e9 en conception de produit industriel, il bifurque vers le digital fin 1996, il couvre les transformations marques, RH, la fid\u00e9lisation, la marque employeur. Sur le terrain, il rep\u00e8re un angle mort r\u00e9current : l\u2019entreprise investit dans le recrutement, la formation, les process\u2026 puis laisse filer le lien au moment du d\u00e9part, avec une perte de savoir et d\u2019influence qui se paie en silence. Il se sp\u00e9cialise alors sur les communaut\u00e9s d\u2019alumni, le mentorat, l\u2019entraide interg\u00e9n\u00e9rationnelle et la transmission d\u2019expertise. Il passe du \u201cconstat\u201d aux m\u00e9thodes : animation, gouvernance, segmentation, rituels, mesure d\u2019engagement, articulation avec la RSE et l\u2019employabilit\u00e9. Il interviewe DRH, responsables formation, directions d\u2019\u00e9coles, associations et fondations, avec une obsession : transformer un r\u00e9seau dormant en m\u00e9canisme utile (cooptation, mentorat, job board, entraide, \u00e9v\u00e9nements, contenus). Son style : direct, orient\u00e9 action, sans folklore. Sa conviction : une communaut\u00e9 n\u2019a pas besoin de bruit, elle a besoin de raisons de revenir.\",\"sameAs\":[\"https:\\\/\\\/www.alumni.space\"]}]}<\/script>\n<!-- \/ Yoast SEO plugin. -->","yoast_head_json":{"title":"Tutoria solid\u00e1ria: apoiar os jovens em bairros priorit\u00e1rios","description":"Tutoria solid\u00e1ria: apoia e acompanha jovens de bairros priorit\u00e1rios para promover o seu sucesso e inclus\u00e3o social.","robots":{"index":"index","follow":"follow","max-snippet":"max-snippet:-1","max-image-preview":"max-image-preview:large","max-video-preview":"max-video-preview:-1"},"canonical":"https:\/\/www.alumni.space\/pt-pt\/tutoria-solidaria-apoiar-os-jovens-dos-bairros-prioritarios\/","og_locale":"pt_PT","og_type":"article","og_title":"Tutoria solid\u00e1ria: apoiar os jovens em bairros priorit\u00e1rios","og_description":"Tutoria solid\u00e1ria: apoia e acompanha jovens de bairros priorit\u00e1rios para promover o seu sucesso e inclus\u00e3o social.","og_url":"https:\/\/www.alumni.space\/pt-pt\/tutoria-solidaria-apoiar-os-jovens-dos-bairros-prioritarios\/","og_site_name":"Alumni.space","article_published_time":"2026-03-09T14:10:03+00:00","article_modified_time":"2026-03-28T10:47:55+00:00","og_image":[{"width":1280,"height":768,"url":"https:\/\/www.alumni.space\/wp-content\/uploads\/2026\/03\/Mentorat-solidaire-accompagner-les-jeunes-issus-de-quartiers-prioritaires.jpg","type":"image\/jpeg"}],"author":"admin","twitter_card":"summary_large_image","twitter_misc":{"Escrito por":"admin","Tempo estimado de leitura":"6 minutos"},"schema":{"@context":"https:\/\/schema.org","@graph":[{"@type":"Article","@id":"https:\/\/www.alumni.space\/pt-pt\/tutoria-solidaria-apoiar-os-jovens-dos-bairros-prioritarios\/#article","isPartOf":{"@id":"https:\/\/www.alumni.space\/pt-pt\/tutoria-solidaria-apoiar-os-jovens-dos-bairros-prioritarios\/"},"author":{"name":"admin","@id":"https:\/\/www.alumni.space\/pt-pt\/#\/schema\/person\/fede362a57876edda476a61f05ce5b15"},"headline":"Tutoria solid\u00e1ria: apoiar os jovens dos bairros priorit\u00e1rios","datePublished":"2026-03-09T14:10:03+00:00","dateModified":"2026-03-28T10:47:55+00:00","mainEntityOfPage":{"@id":"https:\/\/www.alumni.space\/pt-pt\/tutoria-solidaria-apoiar-os-jovens-dos-bairros-prioritarios\/"},"wordCount":1126,"image":{"@id":"https:\/\/www.alumni.space\/pt-pt\/tutoria-solidaria-apoiar-os-jovens-dos-bairros-prioritarios\/#primaryimage"},"thumbnailUrl":"https:\/\/www.alumni.space\/wp-content\/uploads\/2026\/03\/Mentorat-solidaire-accompagner-les-jeunes-issus-de-quartiers-prioritaires.jpg","articleSection":["Mentoria"],"inLanguage":"pt-PT"},{"@type":"WebPage","@id":"https:\/\/www.alumni.space\/pt-pt\/tutoria-solidaria-apoiar-os-jovens-dos-bairros-prioritarios\/","url":"https:\/\/www.alumni.space\/pt-pt\/tutoria-solidaria-apoiar-os-jovens-dos-bairros-prioritarios\/","name":"Tutoria solid\u00e1ria: apoiar os jovens em bairros priorit\u00e1rios","isPartOf":{"@id":"https:\/\/www.alumni.space\/pt-pt\/#website"},"primaryImageOfPage":{"@id":"https:\/\/www.alumni.space\/pt-pt\/tutoria-solidaria-apoiar-os-jovens-dos-bairros-prioritarios\/#primaryimage"},"image":{"@id":"https:\/\/www.alumni.space\/pt-pt\/tutoria-solidaria-apoiar-os-jovens-dos-bairros-prioritarios\/#primaryimage"},"thumbnailUrl":"https:\/\/www.alumni.space\/wp-content\/uploads\/2026\/03\/Mentorat-solidaire-accompagner-les-jeunes-issus-de-quartiers-prioritaires.jpg","datePublished":"2026-03-09T14:10:03+00:00","dateModified":"2026-03-28T10:47:55+00:00","author":{"@id":"https:\/\/www.alumni.space\/pt-pt\/#\/schema\/person\/fede362a57876edda476a61f05ce5b15"},"description":"Tutoria solid\u00e1ria: apoia e acompanha jovens de bairros priorit\u00e1rios para promover o seu sucesso e inclus\u00e3o social.","breadcrumb":{"@id":"https:\/\/www.alumni.space\/pt-pt\/tutoria-solidaria-apoiar-os-jovens-dos-bairros-prioritarios\/#breadcrumb"},"inLanguage":"pt-PT","potentialAction":[{"@type":"ReadAction","target":["https:\/\/www.alumni.space\/pt-pt\/tutoria-solidaria-apoiar-os-jovens-dos-bairros-prioritarios\/"]}]},{"@type":"ImageObject","inLanguage":"pt-PT","@id":"https:\/\/www.alumni.space\/pt-pt\/tutoria-solidaria-apoiar-os-jovens-dos-bairros-prioritarios\/#primaryimage","url":"https:\/\/www.alumni.space\/wp-content\/uploads\/2026\/03\/Mentorat-solidaire-accompagner-les-jeunes-issus-de-quartiers-prioritaires.jpg","contentUrl":"https:\/\/www.alumni.space\/wp-content\/uploads\/2026\/03\/Mentorat-solidaire-accompagner-les-jeunes-issus-de-quartiers-prioritaires.jpg","width":1280,"height":768,"caption":"descobre como a tutoria pode ajudar os jovens dos bairros priorit\u00e1rios a desenvolver as suas oportunidades e a ter sucesso."},{"@type":"BreadcrumbList","@id":"https:\/\/www.alumni.space\/pt-pt\/tutoria-solidaria-apoiar-os-jovens-dos-bairros-prioritarios\/#breadcrumb","itemListElement":[{"@type":"ListItem","position":1,"name":"Home","item":"https:\/\/www.alumni.space\/pt-pt\/plataforma-de-gestao-de-mentores-e-antigos-alunos\/"},{"@type":"ListItem","position":2,"name":"Tutoria solid\u00e1ria: apoiar os jovens dos bairros priorit\u00e1rios"}]},{"@type":"WebSite","@id":"https:\/\/www.alumni.space\/pt-pt\/#website","url":"https:\/\/www.alumni.space\/pt-pt\/","name":"Alumni.space","description":"My WordPress Blog","potentialAction":[{"@type":"SearchAction","target":{"@type":"EntryPoint","urlTemplate":"https:\/\/www.alumni.space\/pt-pt\/?s={search_term_string}"},"query-input":{"@type":"PropertyValueSpecification","valueRequired":true,"valueName":"search_term_string"}}],"inLanguage":"pt-PT"},{"@type":"Person","@id":"https:\/\/www.alumni.space\/pt-pt\/#\/schema\/person\/fede362a57876edda476a61f05ce5b15","name":"admin","image":{"@type":"ImageObject","inLanguage":"pt-PT","@id":"https:\/\/secure.gravatar.com\/avatar\/318e234ae94f90d4d629428d6b983c08e31181c28f579e08a021180d759ea651?s=96&d=mm&r=g","url":"https:\/\/secure.gravatar.com\/avatar\/318e234ae94f90d4d629428d6b983c08e31181c28f579e08a021180d759ea651?s=96&d=mm&r=g","contentUrl":"https:\/\/secure.gravatar.com\/avatar\/318e234ae94f90d4d629428d6b983c08e31181c28f579e08a021180d759ea651?s=96&d=mm&r=g","caption":"admin"},"description":"Nicolas Laustriat a construit sa sp\u00e9cialit\u00e9 sur un sujet que beaucoup d\u2019organisations d\u00e9couvrent trop tard : ce qui dispara\u00eet quand les gens partent. Dipl\u00f4m\u00e9 en conception de produit industriel, il bifurque vers le digital fin 1996, il couvre les transformations marques, RH, la fid\u00e9lisation, la marque employeur. Sur le terrain, il rep\u00e8re un angle mort r\u00e9current : l\u2019entreprise investit dans le recrutement, la formation, les process\u2026 puis laisse filer le lien au moment du d\u00e9part, avec une perte de savoir et d\u2019influence qui se paie en silence. Il se sp\u00e9cialise alors sur les communaut\u00e9s d\u2019alumni, le mentorat, l\u2019entraide interg\u00e9n\u00e9rationnelle et la transmission d\u2019expertise. Il passe du \u201cconstat\u201d aux m\u00e9thodes : animation, gouvernance, segmentation, rituels, mesure d\u2019engagement, articulation avec la RSE et l\u2019employabilit\u00e9. Il interviewe DRH, responsables formation, directions d\u2019\u00e9coles, associations et fondations, avec une obsession : transformer un r\u00e9seau dormant en m\u00e9canisme utile (cooptation, mentorat, job board, entraide, \u00e9v\u00e9nements, contenus). Son style : direct, orient\u00e9 action, sans folklore. Sa conviction : une communaut\u00e9 n\u2019a pas besoin de bruit, elle a besoin de raisons de revenir.","sameAs":["https:\/\/www.alumni.space"]}]}},"_links":{"self":[{"href":"https:\/\/www.alumni.space\/pt-pt\/wp-json\/wp\/v2\/posts\/5301","targetHints":{"allow":["GET"]}}],"collection":[{"href":"https:\/\/www.alumni.space\/pt-pt\/wp-json\/wp\/v2\/posts"}],"about":[{"href":"https:\/\/www.alumni.space\/pt-pt\/wp-json\/wp\/v2\/types\/post"}],"author":[{"embeddable":true,"href":"https:\/\/www.alumni.space\/pt-pt\/wp-json\/wp\/v2\/users\/1"}],"replies":[{"embeddable":true,"href":"https:\/\/www.alumni.space\/pt-pt\/wp-json\/wp\/v2\/comments?post=5301"}],"version-history":[{"count":1,"href":"https:\/\/www.alumni.space\/pt-pt\/wp-json\/wp\/v2\/posts\/5301\/revisions"}],"predecessor-version":[{"id":5306,"href":"https:\/\/www.alumni.space\/pt-pt\/wp-json\/wp\/v2\/posts\/5301\/revisions\/5306"}],"wp:featuredmedia":[{"embeddable":true,"href":"https:\/\/www.alumni.space\/pt-pt\/wp-json\/wp\/v2\/media\/5303"}],"wp:attachment":[{"href":"https:\/\/www.alumni.space\/pt-pt\/wp-json\/wp\/v2\/media?parent=5301"}],"wp:term":[{"taxonomy":"category","embeddable":true,"href":"https:\/\/www.alumni.space\/pt-pt\/wp-json\/wp\/v2\/categories?post=5301"},{"taxonomy":"post_tag","embeddable":true,"href":"https:\/\/www.alumni.space\/pt-pt\/wp-json\/wp\/v2\/tags?post=5301"}],"curies":[{"name":"wp","href":"https:\/\/api.w.org\/{rel}","templated":true}]}}