{"id":5275,"date":"2025-08-09T22:16:19","date_gmt":"2025-08-09T22:16:19","guid":{"rendered":"https:\/\/www.alumni.space\/transportes-e-logistica-como-evitar-a-fuga-de-cerebros\/"},"modified":"2026-04-02T09:20:04","modified_gmt":"2026-04-02T09:20:04","slug":"transportes-e-logistica-como-evitar-a-fuga-de-cerebros","status":"publish","type":"post","link":"https:\/\/www.alumni.space\/pt-pt\/transportes-e-logistica-como-evitar-a-fuga-de-cerebros\/","title":{"rendered":"Transportes e log\u00edstica: como evitar a fuga de c\u00e9rebros?"},"content":{"rendered":"<div id=\"ez-toc-container\" class=\"ez-toc-v2_0_82_2 counter-flat ez-toc-counter ez-toc-grey ez-toc-container-direction\">\n<div class=\"ez-toc-title-container\"><p class=\"ez-toc-title\" style=\"cursor:inherit\">\u00cdndice deste artigo:<\/p>\n<\/div><nav><ul class='ez-toc-list ez-toc-list-level-1 ' ><li class='ez-toc-page-1'><a class=\"ez-toc-link ez-toc-heading-1\" href=\"https:\/\/www.alumni.space\/pt-pt\/transportes-e-logistica-como-evitar-a-fuga-de-cerebros\/#Transportes_e_logistica_questoes_cruciais_para_a_sustentabilidade_das_competencias-chave\" >Transportes e log\u00edstica: quest\u00f5es cruciais para a sustentabilidade das compet\u00eancias-chave<\/a><\/li><li class='ez-toc-page-1'><a class=\"ez-toc-link ez-toc-heading-2\" href=\"https:\/\/www.alumni.space\/pt-pt\/transportes-e-logistica-como-evitar-a-fuga-de-cerebros\/#Competencias_criticas_no_dominio_dos_transportes_e_da_logistica_as_bases_a_preservar\" >Compet\u00eancias cr\u00edticas no dom\u00ednio dos transportes e da log\u00edstica: as bases a preservar<\/a><\/li><li class='ez-toc-page-1'><a class=\"ez-toc-link ez-toc-heading-3\" href=\"https:\/\/www.alumni.space\/pt-pt\/transportes-e-logistica-como-evitar-a-fuga-de-cerebros\/#Porque_e_que_o_talento_esta_a_deixar_o_sector_compreender_a_fuga_de_competencias-chave\" >Porque \u00e9 que o talento est\u00e1 a deixar o sector: compreender a fuga de compet\u00eancias-chave<\/a><\/li><li class='ez-toc-page-1'><a class=\"ez-toc-link ez-toc-heading-4\" href=\"https:\/\/www.alumni.space\/pt-pt\/transportes-e-logistica-como-evitar-a-fuga-de-cerebros\/#Estrategias_eficazes_para_manter_as_competencias_logisticas_essenciais\" >Estrat\u00e9gias eficazes para manter as compet\u00eancias log\u00edsticas essenciais<\/a><\/li><li class='ez-toc-page-1'><a class=\"ez-toc-link ez-toc-heading-5\" href=\"https:\/\/www.alumni.space\/pt-pt\/transportes-e-logistica-como-evitar-a-fuga-de-cerebros\/#Mobilidade_interna_e_transferencia_de_conhecimentos_alavancas_complementares\" >Mobilidade interna e transfer\u00eancia de conhecimentos: alavancas complementares<\/a><\/li><li class='ez-toc-page-1'><a class=\"ez-toc-link ez-toc-heading-6\" href=\"https:\/\/www.alumni.space\/pt-pt\/transportes-e-logistica-como-evitar-a-fuga-de-cerebros\/#Construir_uma_cultura_de_compromisso_sustentavel_atraves_do_reconhecimento_e_da_inovacao_dos_RH\" >Construir uma cultura de compromisso sustent\u00e1vel atrav\u00e9s do reconhecimento e da inova\u00e7\u00e3o dos RH<\/a><\/li><\/ul><\/nav><\/div>\n<h2 class=\"wp-block-heading\"><span class=\"ez-toc-section\" id=\"Transportes_e_logistica_questoes_cruciais_para_a_sustentabilidade_das_competencias-chave\"><\/span><strong>Transportes e log\u00edstica:<\/strong> quest\u00f5es cruciais para a sustentabilidade das compet\u00eancias-chave<span class=\"ez-toc-section-end\"><\/span><\/h2><p>O sector dos transportes e da log\u00edstica \u00e9 um elo essencial da cadeia de abastecimento mundial. A complexidade crescente dos fluxos, a inova\u00e7\u00e3o tecnol\u00f3gica e a globaliza\u00e7\u00e3o colocaram exig\u00eancias acrescidas \u00e0s <strong>compet\u00eancias essenciais<\/strong>. No entanto, este saber-fazer estrat\u00e9gico permanece fr\u00e1gil, exposto a uma fuga maci\u00e7a para os concorrentes ou para fora do sector. Este fen\u00f3meno amea\u00e7a a continuidade operacional e o desempenho global das empresas.   <\/p><p>Por conseguinte, <strong>a gest\u00e3o dos recursos humanos<\/strong> \u00e9 uma alavanca essencial para restabelecer a liga\u00e7\u00e3o entre os trabalhadores e a organiza\u00e7\u00e3o. Prevenir a perda de talentos exige um sistema estruturado, que integre <strong>a forma\u00e7\u00e3o profissional<\/strong>, o desenvolvimento de carreiras e uma cultura de perten\u00e7a mais forte. <\/p><figure class=\"wp-block-image size-full\"><img decoding=\"async\" width=\"1280\" height=\"768\" src=\"https:\/\/www.alumni.space\/wp-content\/uploads\/2026\/03\/Transport-et-logistique-comment-eviter-la-fuite-des-competences-cles-1-1.jpg\" data-orig-src=\"https:\/\/www.alumni.space\/wp-content\/uploads\/2026\/03\/Transport-et-logistique-comment-eviter-la-fuite-des-competences-cles-1-1.jpg\" alt=\"descobrir estrat\u00e9gias eficazes para manter as compet\u00eancias essenciais no sector dos transportes e da log\u00edstica e evitar a sua sa\u00edda.\" class=\"lazyload wp-image-3276\" srcset=\"data:image\/svg+xml,%3Csvg%20xmlns%3D%27http%3A%2F%2Fwww.w3.org%2F2000%2Fsvg%27%20width%3D%271280%27%20height%3D%27768%27%20viewBox%3D%270%200%201280%20768%27%3E%3Crect%20width%3D%271280%27%20height%3D%27768%27%20fill-opacity%3D%220%22%2F%3E%3C%2Fsvg%3E\" data-srcset=\"https:\/\/www.alumni.space\/wp-content\/uploads\/2026\/03\/Transport-et-logistique-comment-eviter-la-fuite-des-competences-cles-1-1-200x120.jpg 200w, https:\/\/www.alumni.space\/wp-content\/uploads\/2026\/03\/Transport-et-logistique-comment-eviter-la-fuite-des-competences-cles-1-1-300x180.jpg 300w, https:\/\/www.alumni.space\/wp-content\/uploads\/2026\/03\/Transport-et-logistique-comment-eviter-la-fuite-des-competences-cles-1-1-400x240.jpg 400w, https:\/\/www.alumni.space\/wp-content\/uploads\/2026\/03\/Transport-et-logistique-comment-eviter-la-fuite-des-competences-cles-1-1-600x360.jpg 600w, https:\/\/www.alumni.space\/wp-content\/uploads\/2026\/03\/Transport-et-logistique-comment-eviter-la-fuite-des-competences-cles-1-1-768x461.jpg 768w, https:\/\/www.alumni.space\/wp-content\/uploads\/2026\/03\/Transport-et-logistique-comment-eviter-la-fuite-des-competences-cles-1-1-800x480.jpg 800w, https:\/\/www.alumni.space\/wp-content\/uploads\/2026\/03\/Transport-et-logistique-comment-eviter-la-fuite-des-competences-cles-1-1-1024x614.jpg 1024w, https:\/\/www.alumni.space\/wp-content\/uploads\/2026\/03\/Transport-et-logistique-comment-eviter-la-fuite-des-competences-cles-1-1-1200x720.jpg 1200w, https:\/\/www.alumni.space\/wp-content\/uploads\/2026\/03\/Transport-et-logistique-comment-eviter-la-fuite-des-competences-cles-1-1.jpg 1280w\" data-sizes=\"auto\" data-orig-sizes=\"(max-width: 1280px) 100vw, 1280px\" \/><\/figure><h3 class=\"wp-block-heading\"><span class=\"ez-toc-section\" id=\"Competencias_criticas_no_dominio_dos_transportes_e_da_logistica_as_bases_a_preservar\"><\/span><strong>Compet\u00eancias cr\u00edticas no dom\u00ednio dos transportes e da log\u00edstica:<\/strong> as bases a preservar<span class=\"ez-toc-section-end\"><\/span><\/h3><p>Atualmente, as empresas operam num contexto em que as fun\u00e7\u00f5es log\u00edsticas exigem conhecimentos t\u00e9cnicos avan\u00e7ados e capacidade de adapta\u00e7\u00e3o r\u00e1pida. Por exemplo, o dom\u00ednio avan\u00e7ado de sistemas inform\u00e1ticos como o WMS tornou-se indispens\u00e1vel para orquestrar os fluxos de forma eficaz. No entanto, esta compet\u00eancia continua a ser rara e concentrada, o que torna a perda de um perito particularmente onerosa.  <\/p><p>Al\u00e9m disso, as compet\u00eancias de gest\u00e3o interm\u00e9dia desempenham um papel fundamental. <strong>Coordenar equipas dispersas, antecipar a escassez de fornecimentos<\/strong> ou gerir o inesperado requer um n\u00edvel de intelig\u00eancia situacional desenvolvido no terreno. Sem um desenvolvimento cont\u00ednuo das compet\u00eancias, estas qualidades correm o risco de se perderem. <\/p><p>Por \u00faltimo, a experi\u00eancia em lidar com parceiros externos, como transportadores e fornecedores, \u00e9 um ativo intang\u00edvel decisivo. O desaparecimento de um negociador experiente enfraquece a capacidade de resposta em situa\u00e7\u00f5es cr\u00edticas, o que sublinha a urg\u00eancia de estruturar a transmiss\u00e3o destes conhecimentos. <\/p><p>Esta din\u00e2mica \u00e9 analisada em mais pormenor num estudo setorial que explora a forma de antecipar e preparar a ind\u00fastria para as mudan\u00e7as nas <a href=\"https:\/\/www.francelogistique.fr\/2022\/05\/31\/demarche-prospective-emplois-competences-dans-le-transport-logistique-anticiper-et-preparer-la-filiere-aux-changements\/\">compet\u00eancias<\/a>.<\/p><h3 class=\"wp-block-heading\"><span class=\"ez-toc-section\" id=\"Porque_e_que_o_talento_esta_a_deixar_o_sector_compreender_a_fuga_de_competencias-chave\"><\/span><strong>Porque \u00e9 que o talento est\u00e1 a deixar o sector:<\/strong> compreender a fuga de compet\u00eancias-chave<span class=\"ez-toc-section-end\"><\/span><\/h3><p>As sa\u00eddas volunt\u00e1rias s\u00e3o muitas vezes o resultado de um <strong>sentimento de falta de evolu\u00e7\u00e3o na carreira<\/strong>. 62% dos profissionais citam o patamar atingido na sua carreira como a principal raz\u00e3o para a sa\u00edda. As tarefas repetitivas e a perce\u00e7\u00e3o de um reconhecimento insuficiente acentuam estes sentimentos negativos.  <\/p><p>O sector tamb\u00e9m tem de se confrontar com uma guerra ativa pelo talento. As ofertas atractivas dos concorrentes provocam uma fuga para ambientes mais compensadores. O perfil procurado combina conhecimentos t\u00e9cnicos de ponta e vis\u00e3o estrat\u00e9gica, o que \u00e9 raro e valioso.  <\/p><p>Para compreender esta din\u00e2mica, a compreens\u00e3o adicional da <a href=\"https:\/\/www.alumni.space\/pt-pt\/como-e-que-os-laboratorios-estao-a-antecipar-a-fuga-de-cerebros\/\">fuga de compet\u00eancias cient\u00edficas e t\u00e9cnicas<\/a> constitui um quadro \u00fatil para a modela\u00e7\u00e3o de planos de a\u00e7\u00e3o adequados.<\/p><h2 class=\"wp-block-heading\"><span class=\"ez-toc-section\" id=\"Estrategias_eficazes_para_manter_as_competencias_logisticas_essenciais\"><\/span><strong>Estrat\u00e9gias eficazes<\/strong> para manter as compet\u00eancias log\u00edsticas essenciais<span class=\"ez-toc-section-end\"><\/span><\/h2><p>A implementa\u00e7\u00e3o de um plano de a\u00e7\u00e3o s\u00f3lido come\u00e7a com um mapeamento detalhado das <strong>compet\u00eancias cr\u00edticas<\/strong> das equipas. Isto permite-nos identificar perfis de elevado valor acrescentado e construir percursos de desenvolvimento personalizados. <\/p><p>Oferecer perspectivas claras de desenvolvimento de carreira aumenta o empenhamento. Mostrar que \u00e9 poss\u00edvel passar de coordenador a gestor e a diretor de plataforma motiva os empregados a investir os seus talentos a longo prazo. As hist\u00f3rias de sucesso internas refor\u00e7am esta visibilidade.  <\/p><p>A concess\u00e3o de autonomia na organiza\u00e7\u00e3o do trabalho refor\u00e7a o saber-fazer experimental. Os profissionais apreciam a possibilidade de inovar e adaptar os seus m\u00e9todos, estimulados por uma confian\u00e7a concreta. Este ambiente reduz significativamente a rota\u00e7\u00e3o do pessoal em posi\u00e7\u00f5es estrat\u00e9gicas.  <\/p><p><strong>A forma\u00e7\u00e3o profissional<\/strong> regular continua a ser um pilar fundamental. A oferta de certifica\u00e7\u00f5es como o CACES, bem como de m\u00f3dulos avan\u00e7ados que integram a gest\u00e3o de dados, a gest\u00e3o de projectos e a gest\u00e3o lean, transforma a forma de pensar dos colaboradores, posicionando-os como verdadeiros actores do desempenho. <\/p><p>Para saberes mais sobre as op\u00e7\u00f5es de forma\u00e7\u00e3o adequadas, est\u00e1 dispon\u00edvel um recurso para te ajudar a descobrir as <a href=\"https:\/\/blog.xplog.fr\/formation-logistique-competences-cles\">compet\u00eancias-chave que precisas de desenvolver em log\u00edstica<\/a>.<\/p><h3 class=\"wp-block-heading\"><span class=\"ez-toc-section\" id=\"Mobilidade_interna_e_transferencia_de_conhecimentos_alavancas_complementares\"><\/span><strong>Mobilidade interna e transfer\u00eancia de conhecimentos:<\/strong> alavancas complementares<span class=\"ez-toc-section-end\"><\/span><\/h3><p>A mobilidade interna \u00e9 um meio eficaz de fideliza\u00e7\u00e3o. Oferece pontes entre profiss\u00f5es, impulsiona as carreiras e preserva a experi\u00eancia. Por exemplo, um motorista de cami\u00e3o motivado pode assumir responsabilidades no planeamento log\u00edstico gra\u00e7as a um programa de forma\u00e7\u00e3o adequado.  <\/p><p>Al\u00e9m disso, a antecipa\u00e7\u00e3o da partida de peritos seniores exige uma organiza\u00e7\u00e3o estruturada para a transfer\u00eancia de conhecimentos. A tutoria inversa, em que os jovens e os seniores co-constroem compet\u00eancias, est\u00e1 a emergir como uma pr\u00e1tica do futuro, melhorando tanto a experi\u00eancia como a inova\u00e7\u00e3o tecnol\u00f3gica. <\/p><p>Iniciativas como os pares alargados e a documenta\u00e7\u00e3o viva de processos facilitam a transmiss\u00e3o de conhecimentos intang\u00edveis que s\u00e3o dif\u00edceis de formalizar. Um guia pormenorizado explica como evitar a perda de conhecimentos cr\u00edticos atrav\u00e9s da reforma, <a href=\"https:\/\/www.alumni.space\/pt-pt\/faq-alumni-mentorat\/como-e-que-podemos-antecipar-a-perda-de-competencias-devido-a-reforma\/\">de acordo com as melhores pr\u00e1ticas recomendadas<\/a>. <\/p><h2 class=\"wp-block-heading\"><span class=\"ez-toc-section\" id=\"Construir_uma_cultura_de_compromisso_sustentavel_atraves_do_reconhecimento_e_da_inovacao_dos_RH\"><\/span><strong>Construir uma cultura de compromisso sustent\u00e1vel<\/strong> atrav\u00e9s do reconhecimento e da inova\u00e7\u00e3o dos RH<span class=\"ez-toc-section-end\"><\/span><\/h2><p>O reconhecimento quotidiano funciona como um catalisador do empenhamento. O elogio p\u00fablico de uma gest\u00e3o exemplar tranquiliza as equipas que desempenham um papel essencial. A acelera\u00e7\u00e3o das promo\u00e7\u00f5es internas mostra que a excel\u00eancia \u00e9 recompensada sem demora, refor\u00e7ando a din\u00e2mica colectiva.  <\/p><p>Neste contexto, as iniciativas inovadoras, como as licen\u00e7as sab\u00e1ticas remuneradas, permitem aos trabalhadores recarregar as baterias, mantendo ao mesmo tempo a sua liga\u00e7\u00e3o \u00e0 empresa. Esta abordagem favorece a renova\u00e7\u00e3o das ideias e refor\u00e7a a fidelidade a m\u00e9dio prazo. <\/p><p>A integra\u00e7\u00e3o de ferramentas digitais para a gest\u00e3o de RH proporciona uma visibilidade precisa da sa\u00fade social da empresa. Os indicadores em tempo real detectam sinais fracos ligados ao desinteresse, permitindo interven\u00e7\u00f5es orientadas e atempadas. <\/p><p>O desenvolvimento de comunidades profissionais internas favorece igualmente a partilha de experi\u00eancias e a emerg\u00eancia de uma intelig\u00eancia colectiva. Estas redes favorecem o apoio m\u00fatuo e a transmiss\u00e3o, em conformidade com os nossos objectivos de governa\u00e7\u00e3o para uma <strong>gest\u00e3o<\/strong> optimizada <strong>dos talentos<\/strong>. <\/p><p>As iniciativas apresentadas enriquecem o debate sobre a <a href=\"https:\/\/www.alumni.space\/pt-pt\/como-e-que-se-cria-um-plano-de-transferencia-de-competencias-na-empresa\/\">transmiss\u00e3o estruturada de compet\u00eancias<\/a> como alavanca estrat\u00e9gica fundamental para qualquer organiza\u00e7\u00e3o confrontada com o desafio da perpetua\u00e7\u00e3o do conhecimento.<\/p>","protected":false},"excerpt":{"rendered":"<p>Transportes e log\u00edstica: quest\u00f5es cruciais para a sustentabilidade das compet\u00eancias-chaveO  [&#8230;]<\/p>\n","protected":false},"author":1,"featured_media":5277,"comment_status":"closed","ping_status":"","sticky":false,"template":"","format":"standard","meta":{"_ayudawp_aiss_exclude":false,"footnotes":""},"categories":[70],"tags":[],"class_list":["post-5275","post","type-post","status-publish","format-standard","has-post-thumbnail","hentry","category-recursos-humanos"],"yoast_head":"<!-- This site is optimized with the Yoast SEO plugin v27.4 - https:\/\/yoast.com\/product\/yoast-seo-wordpress\/ -->\n<title>Transportes e log\u00edstica: preservar os principais talentos<\/title>\n<meta name=\"description\" content=\"Descobre como evitar a fuga de talentos-chave dos transportes e da log\u00edstica atrav\u00e9s de estrat\u00e9gias eficazes de gest\u00e3o de compet\u00eancias.\" \/>\n<meta name=\"robots\" content=\"index, follow, max-snippet:-1, max-image-preview:large, max-video-preview:-1\" \/>\n<link rel=\"canonical\" href=\"https:\/\/www.alumni.space\/pt-pt\/transportes-e-logistica-como-evitar-a-fuga-de-cerebros\/\" \/>\n<meta property=\"og:locale\" content=\"pt_PT\" \/>\n<meta property=\"og:type\" content=\"article\" \/>\n<meta property=\"og:title\" content=\"Transportes e log\u00edstica: preservar os principais talentos\" \/>\n<meta property=\"og:description\" content=\"Descobre como evitar a fuga de talentos-chave dos transportes e da log\u00edstica atrav\u00e9s de estrat\u00e9gias eficazes de gest\u00e3o de compet\u00eancias.\" \/>\n<meta property=\"og:url\" content=\"https:\/\/www.alumni.space\/pt-pt\/transportes-e-logistica-como-evitar-a-fuga-de-cerebros\/\" \/>\n<meta property=\"og:site_name\" content=\"Alumni.space\" \/>\n<meta property=\"article:published_time\" content=\"2025-08-09T22:16:19+00:00\" \/>\n<meta property=\"article:modified_time\" content=\"2026-04-02T09:20:04+00:00\" \/>\n<meta property=\"og:image\" content=\"https:\/\/www.alumni.space\/wp-content\/uploads\/2026\/03\/Transport-et-logistique-comment-eviter-la-fuite-des-competences-cles-.jpg\" \/>\n\t<meta property=\"og:image:width\" content=\"1280\" \/>\n\t<meta property=\"og:image:height\" content=\"768\" \/>\n\t<meta property=\"og:image:type\" content=\"image\/jpeg\" \/>\n<meta name=\"author\" content=\"admin\" \/>\n<meta name=\"twitter:card\" content=\"summary_large_image\" \/>\n<meta name=\"twitter:label1\" content=\"Escrito por\" \/>\n\t<meta name=\"twitter:data1\" content=\"admin\" \/>\n\t<meta name=\"twitter:label2\" content=\"Tempo estimado de leitura\" \/>\n\t<meta name=\"twitter:data2\" content=\"6 minutos\" \/>\n<script type=\"application\/ld+json\" class=\"yoast-schema-graph\">{\"@context\":\"https:\\\/\\\/schema.org\",\"@graph\":[{\"@type\":\"Article\",\"@id\":\"https:\\\/\\\/www.alumni.space\\\/pt-pt\\\/transportes-e-logistica-como-evitar-a-fuga-de-cerebros\\\/#article\",\"isPartOf\":{\"@id\":\"https:\\\/\\\/www.alumni.space\\\/pt-pt\\\/transportes-e-logistica-como-evitar-a-fuga-de-cerebros\\\/\"},\"author\":{\"name\":\"admin\",\"@id\":\"https:\\\/\\\/www.alumni.space\\\/pt-pt\\\/#\\\/schema\\\/person\\\/fede362a57876edda476a61f05ce5b15\"},\"headline\":\"Transportes e log\u00edstica: como evitar a fuga de c\u00e9rebros?\",\"datePublished\":\"2025-08-09T22:16:19+00:00\",\"dateModified\":\"2026-04-02T09:20:04+00:00\",\"mainEntityOfPage\":{\"@id\":\"https:\\\/\\\/www.alumni.space\\\/pt-pt\\\/transportes-e-logistica-como-evitar-a-fuga-de-cerebros\\\/\"},\"wordCount\":1132,\"image\":{\"@id\":\"https:\\\/\\\/www.alumni.space\\\/pt-pt\\\/transportes-e-logistica-como-evitar-a-fuga-de-cerebros\\\/#primaryimage\"},\"thumbnailUrl\":\"https:\\\/\\\/www.alumni.space\\\/wp-content\\\/uploads\\\/2026\\\/03\\\/Transport-et-logistique-comment-eviter-la-fuite-des-competences-cles-.jpg\",\"articleSection\":[\"Recursos Humanos\"],\"inLanguage\":\"pt-PT\"},{\"@type\":\"WebPage\",\"@id\":\"https:\\\/\\\/www.alumni.space\\\/pt-pt\\\/transportes-e-logistica-como-evitar-a-fuga-de-cerebros\\\/\",\"url\":\"https:\\\/\\\/www.alumni.space\\\/pt-pt\\\/transportes-e-logistica-como-evitar-a-fuga-de-cerebros\\\/\",\"name\":\"Transportes e log\u00edstica: preservar os principais talentos\",\"isPartOf\":{\"@id\":\"https:\\\/\\\/www.alumni.space\\\/pt-pt\\\/#website\"},\"primaryImageOfPage\":{\"@id\":\"https:\\\/\\\/www.alumni.space\\\/pt-pt\\\/transportes-e-logistica-como-evitar-a-fuga-de-cerebros\\\/#primaryimage\"},\"image\":{\"@id\":\"https:\\\/\\\/www.alumni.space\\\/pt-pt\\\/transportes-e-logistica-como-evitar-a-fuga-de-cerebros\\\/#primaryimage\"},\"thumbnailUrl\":\"https:\\\/\\\/www.alumni.space\\\/wp-content\\\/uploads\\\/2026\\\/03\\\/Transport-et-logistique-comment-eviter-la-fuite-des-competences-cles-.jpg\",\"datePublished\":\"2025-08-09T22:16:19+00:00\",\"dateModified\":\"2026-04-02T09:20:04+00:00\",\"author\":{\"@id\":\"https:\\\/\\\/www.alumni.space\\\/pt-pt\\\/#\\\/schema\\\/person\\\/fede362a57876edda476a61f05ce5b15\"},\"description\":\"Descobre como evitar a fuga de talentos-chave dos transportes e da log\u00edstica atrav\u00e9s de estrat\u00e9gias eficazes de gest\u00e3o de compet\u00eancias.\",\"breadcrumb\":{\"@id\":\"https:\\\/\\\/www.alumni.space\\\/pt-pt\\\/transportes-e-logistica-como-evitar-a-fuga-de-cerebros\\\/#breadcrumb\"},\"inLanguage\":\"pt-PT\",\"potentialAction\":[{\"@type\":\"ReadAction\",\"target\":[\"https:\\\/\\\/www.alumni.space\\\/pt-pt\\\/transportes-e-logistica-como-evitar-a-fuga-de-cerebros\\\/\"]}]},{\"@type\":\"ImageObject\",\"inLanguage\":\"pt-PT\",\"@id\":\"https:\\\/\\\/www.alumni.space\\\/pt-pt\\\/transportes-e-logistica-como-evitar-a-fuga-de-cerebros\\\/#primaryimage\",\"url\":\"https:\\\/\\\/www.alumni.space\\\/wp-content\\\/uploads\\\/2026\\\/03\\\/Transport-et-logistique-comment-eviter-la-fuite-des-competences-cles-.jpg\",\"contentUrl\":\"https:\\\/\\\/www.alumni.space\\\/wp-content\\\/uploads\\\/2026\\\/03\\\/Transport-et-logistique-comment-eviter-la-fuite-des-competences-cles-.jpg\",\"width\":1280,\"height\":768,\"caption\":\"descobrir estrat\u00e9gias eficazes para reter os principais talentos no sector dos transportes e da log\u00edstica e evitar a fuga de compet\u00eancias essenciais.\"},{\"@type\":\"BreadcrumbList\",\"@id\":\"https:\\\/\\\/www.alumni.space\\\/pt-pt\\\/transportes-e-logistica-como-evitar-a-fuga-de-cerebros\\\/#breadcrumb\",\"itemListElement\":[{\"@type\":\"ListItem\",\"position\":1,\"name\":\"Home\",\"item\":\"https:\\\/\\\/www.alumni.space\\\/pt-pt\\\/plataforma-de-gestao-de-mentores-e-antigos-alunos\\\/\"},{\"@type\":\"ListItem\",\"position\":2,\"name\":\"Transportes e log\u00edstica: como evitar a fuga de c\u00e9rebros?\"}]},{\"@type\":\"WebSite\",\"@id\":\"https:\\\/\\\/www.alumni.space\\\/pt-pt\\\/#website\",\"url\":\"https:\\\/\\\/www.alumni.space\\\/pt-pt\\\/\",\"name\":\"Alumni.space\",\"description\":\"My WordPress Blog\",\"potentialAction\":[{\"@type\":\"SearchAction\",\"target\":{\"@type\":\"EntryPoint\",\"urlTemplate\":\"https:\\\/\\\/www.alumni.space\\\/pt-pt\\\/?s={search_term_string}\"},\"query-input\":{\"@type\":\"PropertyValueSpecification\",\"valueRequired\":true,\"valueName\":\"search_term_string\"}}],\"inLanguage\":\"pt-PT\"},{\"@type\":\"Person\",\"@id\":\"https:\\\/\\\/www.alumni.space\\\/pt-pt\\\/#\\\/schema\\\/person\\\/fede362a57876edda476a61f05ce5b15\",\"name\":\"admin\",\"image\":{\"@type\":\"ImageObject\",\"inLanguage\":\"pt-PT\",\"@id\":\"https:\\\/\\\/secure.gravatar.com\\\/avatar\\\/318e234ae94f90d4d629428d6b983c08e31181c28f579e08a021180d759ea651?s=96&d=mm&r=g\",\"url\":\"https:\\\/\\\/secure.gravatar.com\\\/avatar\\\/318e234ae94f90d4d629428d6b983c08e31181c28f579e08a021180d759ea651?s=96&d=mm&r=g\",\"contentUrl\":\"https:\\\/\\\/secure.gravatar.com\\\/avatar\\\/318e234ae94f90d4d629428d6b983c08e31181c28f579e08a021180d759ea651?s=96&d=mm&r=g\",\"caption\":\"admin\"},\"description\":\"Nicolas Laustriat a construit sa sp\u00e9cialit\u00e9 sur un sujet que beaucoup d\u2019organisations d\u00e9couvrent trop tard : ce qui dispara\u00eet quand les gens partent. Dipl\u00f4m\u00e9 en conception de produit industriel, il bifurque vers le digital fin 1996, il couvre les transformations marques, RH, la fid\u00e9lisation, la marque employeur. Sur le terrain, il rep\u00e8re un angle mort r\u00e9current : l\u2019entreprise investit dans le recrutement, la formation, les process\u2026 puis laisse filer le lien au moment du d\u00e9part, avec une perte de savoir et d\u2019influence qui se paie en silence. Il se sp\u00e9cialise alors sur les communaut\u00e9s d\u2019alumni, le mentorat, l\u2019entraide interg\u00e9n\u00e9rationnelle et la transmission d\u2019expertise. Il passe du \u201cconstat\u201d aux m\u00e9thodes : animation, gouvernance, segmentation, rituels, mesure d\u2019engagement, articulation avec la RSE et l\u2019employabilit\u00e9. Il interviewe DRH, responsables formation, directions d\u2019\u00e9coles, associations et fondations, avec une obsession : transformer un r\u00e9seau dormant en m\u00e9canisme utile (cooptation, mentorat, job board, entraide, \u00e9v\u00e9nements, contenus). Son style : direct, orient\u00e9 action, sans folklore. Sa conviction : une communaut\u00e9 n\u2019a pas besoin de bruit, elle a besoin de raisons de revenir.\",\"sameAs\":[\"https:\\\/\\\/www.alumni.space\"]}]}<\/script>\n<!-- \/ Yoast SEO plugin. -->","yoast_head_json":{"title":"Transportes e log\u00edstica: preservar os principais talentos","description":"Descobre como evitar a fuga de talentos-chave dos transportes e da log\u00edstica atrav\u00e9s de estrat\u00e9gias eficazes de gest\u00e3o de compet\u00eancias.","robots":{"index":"index","follow":"follow","max-snippet":"max-snippet:-1","max-image-preview":"max-image-preview:large","max-video-preview":"max-video-preview:-1"},"canonical":"https:\/\/www.alumni.space\/pt-pt\/transportes-e-logistica-como-evitar-a-fuga-de-cerebros\/","og_locale":"pt_PT","og_type":"article","og_title":"Transportes e log\u00edstica: preservar os principais talentos","og_description":"Descobre como evitar a fuga de talentos-chave dos transportes e da log\u00edstica atrav\u00e9s de estrat\u00e9gias eficazes de gest\u00e3o de compet\u00eancias.","og_url":"https:\/\/www.alumni.space\/pt-pt\/transportes-e-logistica-como-evitar-a-fuga-de-cerebros\/","og_site_name":"Alumni.space","article_published_time":"2025-08-09T22:16:19+00:00","article_modified_time":"2026-04-02T09:20:04+00:00","og_image":[{"width":1280,"height":768,"url":"https:\/\/www.alumni.space\/wp-content\/uploads\/2026\/03\/Transport-et-logistique-comment-eviter-la-fuite-des-competences-cles-.jpg","type":"image\/jpeg"}],"author":"admin","twitter_card":"summary_large_image","twitter_misc":{"Escrito por":"admin","Tempo estimado de leitura":"6 minutos"},"schema":{"@context":"https:\/\/schema.org","@graph":[{"@type":"Article","@id":"https:\/\/www.alumni.space\/pt-pt\/transportes-e-logistica-como-evitar-a-fuga-de-cerebros\/#article","isPartOf":{"@id":"https:\/\/www.alumni.space\/pt-pt\/transportes-e-logistica-como-evitar-a-fuga-de-cerebros\/"},"author":{"name":"admin","@id":"https:\/\/www.alumni.space\/pt-pt\/#\/schema\/person\/fede362a57876edda476a61f05ce5b15"},"headline":"Transportes e log\u00edstica: como evitar a fuga de c\u00e9rebros?","datePublished":"2025-08-09T22:16:19+00:00","dateModified":"2026-04-02T09:20:04+00:00","mainEntityOfPage":{"@id":"https:\/\/www.alumni.space\/pt-pt\/transportes-e-logistica-como-evitar-a-fuga-de-cerebros\/"},"wordCount":1132,"image":{"@id":"https:\/\/www.alumni.space\/pt-pt\/transportes-e-logistica-como-evitar-a-fuga-de-cerebros\/#primaryimage"},"thumbnailUrl":"https:\/\/www.alumni.space\/wp-content\/uploads\/2026\/03\/Transport-et-logistique-comment-eviter-la-fuite-des-competences-cles-.jpg","articleSection":["Recursos Humanos"],"inLanguage":"pt-PT"},{"@type":"WebPage","@id":"https:\/\/www.alumni.space\/pt-pt\/transportes-e-logistica-como-evitar-a-fuga-de-cerebros\/","url":"https:\/\/www.alumni.space\/pt-pt\/transportes-e-logistica-como-evitar-a-fuga-de-cerebros\/","name":"Transportes e log\u00edstica: preservar os principais talentos","isPartOf":{"@id":"https:\/\/www.alumni.space\/pt-pt\/#website"},"primaryImageOfPage":{"@id":"https:\/\/www.alumni.space\/pt-pt\/transportes-e-logistica-como-evitar-a-fuga-de-cerebros\/#primaryimage"},"image":{"@id":"https:\/\/www.alumni.space\/pt-pt\/transportes-e-logistica-como-evitar-a-fuga-de-cerebros\/#primaryimage"},"thumbnailUrl":"https:\/\/www.alumni.space\/wp-content\/uploads\/2026\/03\/Transport-et-logistique-comment-eviter-la-fuite-des-competences-cles-.jpg","datePublished":"2025-08-09T22:16:19+00:00","dateModified":"2026-04-02T09:20:04+00:00","author":{"@id":"https:\/\/www.alumni.space\/pt-pt\/#\/schema\/person\/fede362a57876edda476a61f05ce5b15"},"description":"Descobre como evitar a fuga de talentos-chave dos transportes e da log\u00edstica atrav\u00e9s de estrat\u00e9gias eficazes de gest\u00e3o de compet\u00eancias.","breadcrumb":{"@id":"https:\/\/www.alumni.space\/pt-pt\/transportes-e-logistica-como-evitar-a-fuga-de-cerebros\/#breadcrumb"},"inLanguage":"pt-PT","potentialAction":[{"@type":"ReadAction","target":["https:\/\/www.alumni.space\/pt-pt\/transportes-e-logistica-como-evitar-a-fuga-de-cerebros\/"]}]},{"@type":"ImageObject","inLanguage":"pt-PT","@id":"https:\/\/www.alumni.space\/pt-pt\/transportes-e-logistica-como-evitar-a-fuga-de-cerebros\/#primaryimage","url":"https:\/\/www.alumni.space\/wp-content\/uploads\/2026\/03\/Transport-et-logistique-comment-eviter-la-fuite-des-competences-cles-.jpg","contentUrl":"https:\/\/www.alumni.space\/wp-content\/uploads\/2026\/03\/Transport-et-logistique-comment-eviter-la-fuite-des-competences-cles-.jpg","width":1280,"height":768,"caption":"descobrir estrat\u00e9gias eficazes para reter os principais talentos no sector dos transportes e da log\u00edstica e evitar a fuga de compet\u00eancias essenciais."},{"@type":"BreadcrumbList","@id":"https:\/\/www.alumni.space\/pt-pt\/transportes-e-logistica-como-evitar-a-fuga-de-cerebros\/#breadcrumb","itemListElement":[{"@type":"ListItem","position":1,"name":"Home","item":"https:\/\/www.alumni.space\/pt-pt\/plataforma-de-gestao-de-mentores-e-antigos-alunos\/"},{"@type":"ListItem","position":2,"name":"Transportes e log\u00edstica: como evitar a fuga de c\u00e9rebros?"}]},{"@type":"WebSite","@id":"https:\/\/www.alumni.space\/pt-pt\/#website","url":"https:\/\/www.alumni.space\/pt-pt\/","name":"Alumni.space","description":"My WordPress Blog","potentialAction":[{"@type":"SearchAction","target":{"@type":"EntryPoint","urlTemplate":"https:\/\/www.alumni.space\/pt-pt\/?s={search_term_string}"},"query-input":{"@type":"PropertyValueSpecification","valueRequired":true,"valueName":"search_term_string"}}],"inLanguage":"pt-PT"},{"@type":"Person","@id":"https:\/\/www.alumni.space\/pt-pt\/#\/schema\/person\/fede362a57876edda476a61f05ce5b15","name":"admin","image":{"@type":"ImageObject","inLanguage":"pt-PT","@id":"https:\/\/secure.gravatar.com\/avatar\/318e234ae94f90d4d629428d6b983c08e31181c28f579e08a021180d759ea651?s=96&d=mm&r=g","url":"https:\/\/secure.gravatar.com\/avatar\/318e234ae94f90d4d629428d6b983c08e31181c28f579e08a021180d759ea651?s=96&d=mm&r=g","contentUrl":"https:\/\/secure.gravatar.com\/avatar\/318e234ae94f90d4d629428d6b983c08e31181c28f579e08a021180d759ea651?s=96&d=mm&r=g","caption":"admin"},"description":"Nicolas Laustriat a construit sa sp\u00e9cialit\u00e9 sur un sujet que beaucoup d\u2019organisations d\u00e9couvrent trop tard : ce qui dispara\u00eet quand les gens partent. Dipl\u00f4m\u00e9 en conception de produit industriel, il bifurque vers le digital fin 1996, il couvre les transformations marques, RH, la fid\u00e9lisation, la marque employeur. Sur le terrain, il rep\u00e8re un angle mort r\u00e9current : l\u2019entreprise investit dans le recrutement, la formation, les process\u2026 puis laisse filer le lien au moment du d\u00e9part, avec une perte de savoir et d\u2019influence qui se paie en silence. Il se sp\u00e9cialise alors sur les communaut\u00e9s d\u2019alumni, le mentorat, l\u2019entraide interg\u00e9n\u00e9rationnelle et la transmission d\u2019expertise. Il passe du \u201cconstat\u201d aux m\u00e9thodes : animation, gouvernance, segmentation, rituels, mesure d\u2019engagement, articulation avec la RSE et l\u2019employabilit\u00e9. Il interviewe DRH, responsables formation, directions d\u2019\u00e9coles, associations et fondations, avec une obsession : transformer un r\u00e9seau dormant en m\u00e9canisme utile (cooptation, mentorat, job board, entraide, \u00e9v\u00e9nements, contenus). Son style : direct, orient\u00e9 action, sans folklore. Sa conviction : une communaut\u00e9 n\u2019a pas besoin de bruit, elle a besoin de raisons de revenir.","sameAs":["https:\/\/www.alumni.space"]}]}},"_links":{"self":[{"href":"https:\/\/www.alumni.space\/pt-pt\/wp-json\/wp\/v2\/posts\/5275","targetHints":{"allow":["GET"]}}],"collection":[{"href":"https:\/\/www.alumni.space\/pt-pt\/wp-json\/wp\/v2\/posts"}],"about":[{"href":"https:\/\/www.alumni.space\/pt-pt\/wp-json\/wp\/v2\/types\/post"}],"author":[{"embeddable":true,"href":"https:\/\/www.alumni.space\/pt-pt\/wp-json\/wp\/v2\/users\/1"}],"replies":[{"embeddable":true,"href":"https:\/\/www.alumni.space\/pt-pt\/wp-json\/wp\/v2\/comments?post=5275"}],"version-history":[{"count":2,"href":"https:\/\/www.alumni.space\/pt-pt\/wp-json\/wp\/v2\/posts\/5275\/revisions"}],"predecessor-version":[{"id":6430,"href":"https:\/\/www.alumni.space\/pt-pt\/wp-json\/wp\/v2\/posts\/5275\/revisions\/6430"}],"wp:featuredmedia":[{"embeddable":true,"href":"https:\/\/www.alumni.space\/pt-pt\/wp-json\/wp\/v2\/media\/5277"}],"wp:attachment":[{"href":"https:\/\/www.alumni.space\/pt-pt\/wp-json\/wp\/v2\/media?parent=5275"}],"wp:term":[{"taxonomy":"category","embeddable":true,"href":"https:\/\/www.alumni.space\/pt-pt\/wp-json\/wp\/v2\/categories?post=5275"},{"taxonomy":"post_tag","embeddable":true,"href":"https:\/\/www.alumni.space\/pt-pt\/wp-json\/wp\/v2\/tags?post=5275"}],"curies":[{"name":"wp","href":"https:\/\/api.w.org\/{rel}","templated":true}]}}