{"id":5229,"date":"2025-09-04T01:54:24","date_gmt":"2025-09-04T01:54:24","guid":{"rendered":"https:\/\/www.alumni.space\/reformas-que-estrategias-para-a-gestao-do-conhecimento\/"},"modified":"2026-03-28T10:47:46","modified_gmt":"2026-03-28T10:47:46","slug":"reformas-que-estrategias-para-a-gestao-do-conhecimento","status":"publish","type":"post","link":"https:\/\/www.alumni.space\/pt-pt\/reformas-que-estrategias-para-a-gestao-do-conhecimento\/","title":{"rendered":"Reformas: que estrat\u00e9gias para a gest\u00e3o do conhecimento?"},"content":{"rendered":"<p>A reforma representa um grande desafio para as organiza\u00e7\u00f5es que procuram preservar o seu <strong>capital intelectual<\/strong>. <strong>A gest\u00e3o do conhecimento<\/strong> tornou-se uma quest\u00e3o estrat\u00e9gica, exigindo m\u00e9todos adequados para garantir a <strong>continuidade do conhecimento<\/strong> nas equipas e nas redes profissionais. Perante o imperativo de transferir a experi\u00eancia acumulada pelos colaboradores seniores, \u00e9 crucial antecipar <strong>a prepara\u00e7\u00e3o para a reforma<\/strong>, mobilizando ferramentas de alto desempenho e abordagens inovadoras.  <\/p><div id=\"ez-toc-container\" class=\"ez-toc-v2_0_82_2 counter-flat ez-toc-counter ez-toc-grey ez-toc-container-direction\">\n<div class=\"ez-toc-title-container\"><p class=\"ez-toc-title\" style=\"cursor:inherit\">\u00cdndice deste artigo:<\/p>\n<\/div><nav><ul class='ez-toc-list ez-toc-list-level-1 ' ><li class='ez-toc-page-1'><a class=\"ez-toc-link ez-toc-heading-1\" href=\"https:\/\/www.alumni.space\/pt-pt\/reformas-que-estrategias-para-a-gestao-do-conhecimento\/#As_reformas_e_os_desafios_da_gestao_do_conhecimento_nas_empresas\" >As reformas e os desafios da gest\u00e3o do conhecimento nas empresas<\/a><\/li><li class='ez-toc-page-1'><a class=\"ez-toc-link ez-toc-heading-2\" href=\"https:\/\/www.alumni.space\/pt-pt\/reformas-que-estrategias-para-a-gestao-do-conhecimento\/#Como_estruturar_a_transferencia_de_competencias_antes_da_partida\" >Como estruturar a transfer\u00eancia de compet\u00eancias antes da partida?<\/a><\/li><li class='ez-toc-page-1'><a class=\"ez-toc-link ez-toc-heading-3\" href=\"https:\/\/www.alumni.space\/pt-pt\/reformas-que-estrategias-para-a-gestao-do-conhecimento\/#O_impacto_das_redes_de_antigos_alunos_e_das_comunidades_profissionais_na_continuidade_do_conhecimento\" >O impacto das redes de antigos alunos e das comunidades profissionais na continuidade do conhecimento<\/a><\/li><li class='ez-toc-page-1'><a class=\"ez-toc-link ez-toc-heading-4\" href=\"https:\/\/www.alumni.space\/pt-pt\/reformas-que-estrategias-para-a-gestao-do-conhecimento\/#Accoes_concretas_para_lancar_uma_estrategia_eficaz_de_gestao_do_conhecimento\" >Ac\u00e7\u00f5es concretas para lan\u00e7ar uma estrat\u00e9gia eficaz de gest\u00e3o do conhecimento<\/a><\/li><\/ul><\/nav><\/div>\n<h2 class=\"wp-block-heading\"><span class=\"ez-toc-section\" id=\"As_reformas_e_os_desafios_da_gestao_do_conhecimento_nas_empresas\"><\/span>As reformas e os desafios da gest\u00e3o do conhecimento nas empresas<span class=\"ez-toc-section-end\"><\/span><\/h2><p>Quando um colaborador experiente deixa a organiza\u00e7\u00e3o, a perda potencial de compet\u00eancias e de know-how traduz-se num custo oculto. A aus\u00eancia de uma estrutura organizada para a <strong>transfer\u00eancia de compet\u00eancias<\/strong> tem um impacto no desempenho global, prolonga o tempo de integra\u00e7\u00e3o dos rec\u00e9m-chegados e dificulta as ambi\u00e7\u00f5es estrat\u00e9gicas a longo prazo. Sem uma <strong>estrat\u00e9gia organizacional<\/strong> clara, o conhecimento acumulado fica muitas vezes confinado a documentos d\u00edspares ou a mem\u00f3rias individuais.  <\/p><p>Para limitar estes riscos, \u00e9 essencial criar uma rede interna que favore\u00e7a o interc\u00e2mbio entre gera\u00e7\u00f5es, com a introdu\u00e7\u00e3o de rituais como as entrevistas de passagem de testemunho ou a cria\u00e7\u00e3o de pares mentor-mentorando. \u00c9 neste contexto que as plataformas SaaS especializadas na gest\u00e3o e anima\u00e7\u00e3o de comunidades surgem como alavancas eficazes, reunindo perfis, conte\u00fados e intera\u00e7\u00f5es que favorecem o compromisso a longo prazo e <strong>a reten\u00e7\u00e3o<\/strong> sustent\u00e1vel <strong>do conhecimento<\/strong>. <\/p><figure class=\"wp-block-image size-full\"><img decoding=\"async\" width=\"1280\" height=\"768\" src=\"https:\/\/www.alumni.space\/wp-content\/uploads\/2026\/03\/Departs-a-la-retraite-quelles-strategies-pour-le-knowledge-management-1-1.jpg\" data-orig-src=\"https:\/\/www.alumni.space\/wp-content\/uploads\/2026\/03\/Departs-a-la-retraite-quelles-strategies-pour-le-knowledge-management-1-1.jpg\" alt=\"Descobre estrat\u00e9gias eficazes de gest\u00e3o do conhecimento para antecipar e otimizar a reforma na tua organiza\u00e7\u00e3o.\" class=\"lazyload wp-image-3273\" srcset=\"data:image\/svg+xml,%3Csvg%20xmlns%3D%27http%3A%2F%2Fwww.w3.org%2F2000%2Fsvg%27%20width%3D%271280%27%20height%3D%27768%27%20viewBox%3D%270%200%201280%20768%27%3E%3Crect%20width%3D%271280%27%20height%3D%27768%27%20fill-opacity%3D%220%22%2F%3E%3C%2Fsvg%3E\" data-srcset=\"https:\/\/www.alumni.space\/wp-content\/uploads\/2026\/03\/Departs-a-la-retraite-quelles-strategies-pour-le-knowledge-management-1-1-200x120.jpg 200w, https:\/\/www.alumni.space\/wp-content\/uploads\/2026\/03\/Departs-a-la-retraite-quelles-strategies-pour-le-knowledge-management-1-1-300x180.jpg 300w, https:\/\/www.alumni.space\/wp-content\/uploads\/2026\/03\/Departs-a-la-retraite-quelles-strategies-pour-le-knowledge-management-1-1-400x240.jpg 400w, https:\/\/www.alumni.space\/wp-content\/uploads\/2026\/03\/Departs-a-la-retraite-quelles-strategies-pour-le-knowledge-management-1-1-600x360.jpg 600w, https:\/\/www.alumni.space\/wp-content\/uploads\/2026\/03\/Departs-a-la-retraite-quelles-strategies-pour-le-knowledge-management-1-1-768x461.jpg 768w, https:\/\/www.alumni.space\/wp-content\/uploads\/2026\/03\/Departs-a-la-retraite-quelles-strategies-pour-le-knowledge-management-1-1-800x480.jpg 800w, https:\/\/www.alumni.space\/wp-content\/uploads\/2026\/03\/Departs-a-la-retraite-quelles-strategies-pour-le-knowledge-management-1-1-1024x614.jpg 1024w, https:\/\/www.alumni.space\/wp-content\/uploads\/2026\/03\/Departs-a-la-retraite-quelles-strategies-pour-le-knowledge-management-1-1-1200x720.jpg 1200w, https:\/\/www.alumni.space\/wp-content\/uploads\/2026\/03\/Departs-a-la-retraite-quelles-strategies-pour-le-knowledge-management-1-1.jpg 1280w\" data-sizes=\"auto\" data-orig-sizes=\"(max-width: 1280px) 100vw, 1280px\" \/><\/figure><h3 class=\"wp-block-heading\"><span class=\"ez-toc-section\" id=\"Como_estruturar_a_transferencia_de_competencias_antes_da_partida\"><\/span>Como estruturar a transfer\u00eancia de compet\u00eancias antes da partida?<span class=\"ez-toc-section-end\"><\/span><\/h3><p>Um m\u00e9todo pragm\u00e1tico baseia-se na segmenta\u00e7\u00e3o das compet\u00eancias-chave e dos perfis dedicados \u00e0 sua transmiss\u00e3o. Ao identificar sistematicamente os conhecimentos cr\u00edticos, as ac\u00e7\u00f5es podem ser priorizadas e os recursos adequados podem ser atribu\u00eddos. A integra\u00e7\u00e3o de sistemas <a href=\"https:\/\/www.alumni.space\/pt-pt\/faq-alumni-mentorat\/a-tutoria-e-uma-alavanca-eficaz-para-a-gestao-do-conhecimento\/\">de tutoria<\/a> organiza a transfer\u00eancia de conhecimentos atrav\u00e9s de uma rela\u00e7\u00e3o de confian\u00e7a e de apoio m\u00fatuo, proporcionando uma solu\u00e7\u00e3o comprovada para a preserva\u00e7\u00e3o dos activos intelectuais.  <\/p><p>Este processo requer uma governa\u00e7\u00e3o adequada, incorporando KPIs orientados para a gest\u00e3o da ado\u00e7\u00e3o, medi\u00e7\u00e3o do impacto e retorno do investimento em termos de tempo poupado ou custos evitados. A formaliza\u00e7\u00e3o de um calend\u00e1rio regular de interc\u00e2mbios garantir\u00e1 que esta abordagem est\u00e1 firmemente enraizada na cultura da empresa e que o conhecimento n\u00e3o desaparece quando o empregado deixa a empresa. <\/p><h2 class=\"wp-block-heading\"><span class=\"ez-toc-section\" id=\"O_impacto_das_redes_de_antigos_alunos_e_das_comunidades_profissionais_na_continuidade_do_conhecimento\"><\/span>O impacto das redes de antigos alunos e das comunidades profissionais na continuidade do conhecimento<span class=\"ez-toc-section-end\"><\/span><\/h2><p>A consolida\u00e7\u00e3o de uma rede de alumni ativa desempenha um papel fundamental para garantir que a riqueza da experi\u00eancia do Grupo se mant\u00e9m a longo prazo. Estas comunidades, abertas tanto a antigos colaboradores como a jovens talentos, cultivam um sentimento de perten\u00e7a que estimula o empenho e a iniciativa na partilha de conhecimentos. As fun\u00e7\u00f5es-chave incluem a coopta\u00e7\u00e3o, a gest\u00e3o de um quadro de empregos din\u00e2mico, eventos de networking e \u00e1reas de documenta\u00e7\u00e3o colaborativa para encorajar a co-constru\u00e7\u00e3o.  <\/p><p>A utiliza\u00e7\u00e3o de uma plataforma \u00fanica centraliza estas fun\u00e7\u00f5es, eliminando a necessidade de ferramentas e folhas de c\u00e1lculo dispersas. Esta centraliza\u00e7\u00e3o facilita a integra\u00e7\u00e3o dos rec\u00e9m-chegados e refor\u00e7a a pol\u00edtica de RSE baseada no voluntariado e na entreajuda. A estrutura\u00e7\u00e3o de cap\u00edtulos locais permite igualmente ancorar estes interc\u00e2mbios em zonas locais, refor\u00e7ando a transfer\u00eancia de know-how para al\u00e9m das fronteiras organizacionais tradicionais.  <\/p><h3 class=\"wp-block-heading\"><span class=\"ez-toc-section\" id=\"Accoes_concretas_para_lancar_uma_estrategia_eficaz_de_gestao_do_conhecimento\"><\/span>Ac\u00e7\u00f5es concretas para lan\u00e7ar uma estrat\u00e9gia eficaz de gest\u00e3o do conhecimento<span class=\"ez-toc-section-end\"><\/span><\/h3><p>O quadro operacional inclui uma defini\u00e7\u00e3o clara dos pap\u00e9is: coordenadores, mentores e embaixadores facilitam a din\u00e2mica de interc\u00e2mbio e asseguram a sustentabilidade do projeto. Um calend\u00e1rio editorial assegura a regularidade das reuni\u00f5es, eventos e publica\u00e7\u00f5es, criando um ritmo prop\u00edcio \u00e0 apropria\u00e7\u00e3o colectiva de conhecimentos. <\/p><p>A medi\u00e7\u00e3o \u00e9 efectuada com base em indicadores espec\u00edficos (taxas de ades\u00e3o, ades\u00e3o \u00e0s actividades, volume de interc\u00e2mbios) para consolidar a abordagem junto dos decisores. A partir de agora, a industrializa\u00e7\u00e3o deste processo atrav\u00e9s de uma plataforma especializada evitar\u00e1 a necessidade de utilizar ferramentas separadas, reduzindo assim os riscos operacionais associados \u00e0 sucess\u00e3o. Para apoiar o processo, a consulta das iniciativas dedicadas \u00e0 <a href=\"https:\/\/www.alumni.space\/pt-pt\/mentoria-de-jovens-talentos-pelos-teus-antigos-empregados\/\">tutoria de jovens talentos<\/a> permite iluminar o caminho para uma passagem de testemunho eficaz e sustent\u00e1vel, oferecendo perspectivas de desenvolvimento para toda a comunidade.  <\/p>","protected":false},"excerpt":{"rendered":"<p>A reforma representa um grande desafio para as organiza\u00e7\u00f5es que  [&#8230;]<\/p>\n","protected":false},"author":1,"featured_media":5231,"comment_status":"closed","ping_status":"closed","sticky":false,"template":"","format":"standard","meta":{"_ayudawp_aiss_exclude":false,"footnotes":""},"categories":[69],"tags":[],"class_list":["post-5229","post","type-post","status-publish","format-standard","has-post-thumbnail","hentry","category-partilha-de-conhecimentos"],"yoast_head":"<!-- This site is optimized with the Yoast SEO plugin v27.4 - https:\/\/yoast.com\/product\/yoast-seo-wordpress\/ -->\n<title>A gest\u00e3o do conhecimento face \u00e0 reforma<\/title>\n<meta name=\"description\" content=\"Descobre as principais estrat\u00e9gias de gest\u00e3o do conhecimento para gerir eficazmente as reformas e preservar o conhecimento da empresa.\" \/>\n<meta name=\"robots\" content=\"index, follow, max-snippet:-1, max-image-preview:large, max-video-preview:-1\" \/>\n<link rel=\"canonical\" href=\"https:\/\/www.alumni.space\/pt-pt\/reformas-que-estrategias-para-a-gestao-do-conhecimento\/\" \/>\n<meta property=\"og:locale\" content=\"pt_PT\" \/>\n<meta property=\"og:type\" content=\"article\" \/>\n<meta property=\"og:title\" content=\"A gest\u00e3o do conhecimento face \u00e0 reforma\" \/>\n<meta property=\"og:description\" content=\"Descobre as principais estrat\u00e9gias de gest\u00e3o do conhecimento para gerir eficazmente as reformas e preservar o conhecimento da empresa.\" \/>\n<meta property=\"og:url\" content=\"https:\/\/www.alumni.space\/pt-pt\/reformas-que-estrategias-para-a-gestao-do-conhecimento\/\" \/>\n<meta property=\"og:site_name\" content=\"Alumni.space\" \/>\n<meta property=\"article:published_time\" content=\"2025-09-04T01:54:24+00:00\" \/>\n<meta property=\"article:modified_time\" content=\"2026-03-28T10:47:46+00:00\" \/>\n<meta property=\"og:image\" content=\"https:\/\/www.alumni.space\/wp-content\/uploads\/2026\/03\/Departs-a-la-retraite-quelles-strategies-pour-le-knowledge-management-.jpg\" \/>\n\t<meta property=\"og:image:width\" content=\"1280\" \/>\n\t<meta property=\"og:image:height\" content=\"768\" \/>\n\t<meta property=\"og:image:type\" content=\"image\/jpeg\" \/>\n<meta name=\"author\" content=\"admin\" \/>\n<meta name=\"twitter:card\" content=\"summary_large_image\" \/>\n<meta name=\"twitter:label1\" content=\"Escrito por\" \/>\n\t<meta name=\"twitter:data1\" content=\"admin\" \/>\n\t<meta name=\"twitter:label2\" content=\"Tempo estimado de leitura\" \/>\n\t<meta name=\"twitter:data2\" content=\"4 minutos\" \/>\n<script type=\"application\/ld+json\" class=\"yoast-schema-graph\">{\"@context\":\"https:\\\/\\\/schema.org\",\"@graph\":[{\"@type\":\"Article\",\"@id\":\"https:\\\/\\\/www.alumni.space\\\/pt-pt\\\/reformas-que-estrategias-para-a-gestao-do-conhecimento\\\/#article\",\"isPartOf\":{\"@id\":\"https:\\\/\\\/www.alumni.space\\\/pt-pt\\\/reformas-que-estrategias-para-a-gestao-do-conhecimento\\\/\"},\"author\":{\"name\":\"admin\",\"@id\":\"https:\\\/\\\/www.alumni.space\\\/pt-pt\\\/#\\\/schema\\\/person\\\/fede362a57876edda476a61f05ce5b15\"},\"headline\":\"Reformas: que estrat\u00e9gias para a gest\u00e3o do conhecimento?\",\"datePublished\":\"2025-09-04T01:54:24+00:00\",\"dateModified\":\"2026-03-28T10:47:46+00:00\",\"mainEntityOfPage\":{\"@id\":\"https:\\\/\\\/www.alumni.space\\\/pt-pt\\\/reformas-que-estrategias-para-a-gestao-do-conhecimento\\\/\"},\"wordCount\":752,\"image\":{\"@id\":\"https:\\\/\\\/www.alumni.space\\\/pt-pt\\\/reformas-que-estrategias-para-a-gestao-do-conhecimento\\\/#primaryimage\"},\"thumbnailUrl\":\"https:\\\/\\\/www.alumni.space\\\/wp-content\\\/uploads\\\/2026\\\/03\\\/Departs-a-la-retraite-quelles-strategies-pour-le-knowledge-management-.jpg\",\"articleSection\":[\"Partilha de conhecimentos\"],\"inLanguage\":\"pt-PT\"},{\"@type\":\"WebPage\",\"@id\":\"https:\\\/\\\/www.alumni.space\\\/pt-pt\\\/reformas-que-estrategias-para-a-gestao-do-conhecimento\\\/\",\"url\":\"https:\\\/\\\/www.alumni.space\\\/pt-pt\\\/reformas-que-estrategias-para-a-gestao-do-conhecimento\\\/\",\"name\":\"A gest\u00e3o do conhecimento face \u00e0 reforma\",\"isPartOf\":{\"@id\":\"https:\\\/\\\/www.alumni.space\\\/pt-pt\\\/#website\"},\"primaryImageOfPage\":{\"@id\":\"https:\\\/\\\/www.alumni.space\\\/pt-pt\\\/reformas-que-estrategias-para-a-gestao-do-conhecimento\\\/#primaryimage\"},\"image\":{\"@id\":\"https:\\\/\\\/www.alumni.space\\\/pt-pt\\\/reformas-que-estrategias-para-a-gestao-do-conhecimento\\\/#primaryimage\"},\"thumbnailUrl\":\"https:\\\/\\\/www.alumni.space\\\/wp-content\\\/uploads\\\/2026\\\/03\\\/Departs-a-la-retraite-quelles-strategies-pour-le-knowledge-management-.jpg\",\"datePublished\":\"2025-09-04T01:54:24+00:00\",\"dateModified\":\"2026-03-28T10:47:46+00:00\",\"author\":{\"@id\":\"https:\\\/\\\/www.alumni.space\\\/pt-pt\\\/#\\\/schema\\\/person\\\/fede362a57876edda476a61f05ce5b15\"},\"description\":\"Descobre as principais estrat\u00e9gias de gest\u00e3o do conhecimento para gerir eficazmente as reformas e preservar o conhecimento da empresa.\",\"breadcrumb\":{\"@id\":\"https:\\\/\\\/www.alumni.space\\\/pt-pt\\\/reformas-que-estrategias-para-a-gestao-do-conhecimento\\\/#breadcrumb\"},\"inLanguage\":\"pt-PT\",\"potentialAction\":[{\"@type\":\"ReadAction\",\"target\":[\"https:\\\/\\\/www.alumni.space\\\/pt-pt\\\/reformas-que-estrategias-para-a-gestao-do-conhecimento\\\/\"]}]},{\"@type\":\"ImageObject\",\"inLanguage\":\"pt-PT\",\"@id\":\"https:\\\/\\\/www.alumni.space\\\/pt-pt\\\/reformas-que-estrategias-para-a-gestao-do-conhecimento\\\/#primaryimage\",\"url\":\"https:\\\/\\\/www.alumni.space\\\/wp-content\\\/uploads\\\/2026\\\/03\\\/Departs-a-la-retraite-quelles-strategies-pour-le-knowledge-management-.jpg\",\"contentUrl\":\"https:\\\/\\\/www.alumni.space\\\/wp-content\\\/uploads\\\/2026\\\/03\\\/Departs-a-la-retraite-quelles-strategies-pour-le-knowledge-management-.jpg\",\"width\":1280,\"height\":768,\"caption\":\"Descobre as melhores estrat\u00e9gias de gest\u00e3o do conhecimento para gerir eficazmente as reformas e preservar o conhecimento na tua organiza\u00e7\u00e3o.\"},{\"@type\":\"BreadcrumbList\",\"@id\":\"https:\\\/\\\/www.alumni.space\\\/pt-pt\\\/reformas-que-estrategias-para-a-gestao-do-conhecimento\\\/#breadcrumb\",\"itemListElement\":[{\"@type\":\"ListItem\",\"position\":1,\"name\":\"Home\",\"item\":\"https:\\\/\\\/www.alumni.space\\\/pt-pt\\\/plataforma-de-gestao-de-mentores-e-antigos-alunos\\\/\"},{\"@type\":\"ListItem\",\"position\":2,\"name\":\"Reformas: que estrat\u00e9gias para a gest\u00e3o do conhecimento?\"}]},{\"@type\":\"WebSite\",\"@id\":\"https:\\\/\\\/www.alumni.space\\\/pt-pt\\\/#website\",\"url\":\"https:\\\/\\\/www.alumni.space\\\/pt-pt\\\/\",\"name\":\"Alumni.space\",\"description\":\"My WordPress Blog\",\"potentialAction\":[{\"@type\":\"SearchAction\",\"target\":{\"@type\":\"EntryPoint\",\"urlTemplate\":\"https:\\\/\\\/www.alumni.space\\\/pt-pt\\\/?s={search_term_string}\"},\"query-input\":{\"@type\":\"PropertyValueSpecification\",\"valueRequired\":true,\"valueName\":\"search_term_string\"}}],\"inLanguage\":\"pt-PT\"},{\"@type\":\"Person\",\"@id\":\"https:\\\/\\\/www.alumni.space\\\/pt-pt\\\/#\\\/schema\\\/person\\\/fede362a57876edda476a61f05ce5b15\",\"name\":\"admin\",\"image\":{\"@type\":\"ImageObject\",\"inLanguage\":\"pt-PT\",\"@id\":\"https:\\\/\\\/secure.gravatar.com\\\/avatar\\\/318e234ae94f90d4d629428d6b983c08e31181c28f579e08a021180d759ea651?s=96&d=mm&r=g\",\"url\":\"https:\\\/\\\/secure.gravatar.com\\\/avatar\\\/318e234ae94f90d4d629428d6b983c08e31181c28f579e08a021180d759ea651?s=96&d=mm&r=g\",\"contentUrl\":\"https:\\\/\\\/secure.gravatar.com\\\/avatar\\\/318e234ae94f90d4d629428d6b983c08e31181c28f579e08a021180d759ea651?s=96&d=mm&r=g\",\"caption\":\"admin\"},\"description\":\"Nicolas Laustriat a construit sa sp\u00e9cialit\u00e9 sur un sujet que beaucoup d\u2019organisations d\u00e9couvrent trop tard : ce qui dispara\u00eet quand les gens partent. Dipl\u00f4m\u00e9 en conception de produit industriel, il bifurque vers le digital fin 1996, il couvre les transformations marques, RH, la fid\u00e9lisation, la marque employeur. Sur le terrain, il rep\u00e8re un angle mort r\u00e9current : l\u2019entreprise investit dans le recrutement, la formation, les process\u2026 puis laisse filer le lien au moment du d\u00e9part, avec une perte de savoir et d\u2019influence qui se paie en silence. Il se sp\u00e9cialise alors sur les communaut\u00e9s d\u2019alumni, le mentorat, l\u2019entraide interg\u00e9n\u00e9rationnelle et la transmission d\u2019expertise. Il passe du \u201cconstat\u201d aux m\u00e9thodes : animation, gouvernance, segmentation, rituels, mesure d\u2019engagement, articulation avec la RSE et l\u2019employabilit\u00e9. Il interviewe DRH, responsables formation, directions d\u2019\u00e9coles, associations et fondations, avec une obsession : transformer un r\u00e9seau dormant en m\u00e9canisme utile (cooptation, mentorat, job board, entraide, \u00e9v\u00e9nements, contenus). Son style : direct, orient\u00e9 action, sans folklore. Sa conviction : une communaut\u00e9 n\u2019a pas besoin de bruit, elle a besoin de raisons de revenir.\",\"sameAs\":[\"https:\\\/\\\/www.alumni.space\"]}]}<\/script>\n<!-- \/ Yoast SEO plugin. -->","yoast_head_json":{"title":"A gest\u00e3o do conhecimento face \u00e0 reforma","description":"Descobre as principais estrat\u00e9gias de gest\u00e3o do conhecimento para gerir eficazmente as reformas e preservar o conhecimento da empresa.","robots":{"index":"index","follow":"follow","max-snippet":"max-snippet:-1","max-image-preview":"max-image-preview:large","max-video-preview":"max-video-preview:-1"},"canonical":"https:\/\/www.alumni.space\/pt-pt\/reformas-que-estrategias-para-a-gestao-do-conhecimento\/","og_locale":"pt_PT","og_type":"article","og_title":"A gest\u00e3o do conhecimento face \u00e0 reforma","og_description":"Descobre as principais estrat\u00e9gias de gest\u00e3o do conhecimento para gerir eficazmente as reformas e preservar o conhecimento da empresa.","og_url":"https:\/\/www.alumni.space\/pt-pt\/reformas-que-estrategias-para-a-gestao-do-conhecimento\/","og_site_name":"Alumni.space","article_published_time":"2025-09-04T01:54:24+00:00","article_modified_time":"2026-03-28T10:47:46+00:00","og_image":[{"width":1280,"height":768,"url":"https:\/\/www.alumni.space\/wp-content\/uploads\/2026\/03\/Departs-a-la-retraite-quelles-strategies-pour-le-knowledge-management-.jpg","type":"image\/jpeg"}],"author":"admin","twitter_card":"summary_large_image","twitter_misc":{"Escrito por":"admin","Tempo estimado de leitura":"4 minutos"},"schema":{"@context":"https:\/\/schema.org","@graph":[{"@type":"Article","@id":"https:\/\/www.alumni.space\/pt-pt\/reformas-que-estrategias-para-a-gestao-do-conhecimento\/#article","isPartOf":{"@id":"https:\/\/www.alumni.space\/pt-pt\/reformas-que-estrategias-para-a-gestao-do-conhecimento\/"},"author":{"name":"admin","@id":"https:\/\/www.alumni.space\/pt-pt\/#\/schema\/person\/fede362a57876edda476a61f05ce5b15"},"headline":"Reformas: que estrat\u00e9gias para a gest\u00e3o do conhecimento?","datePublished":"2025-09-04T01:54:24+00:00","dateModified":"2026-03-28T10:47:46+00:00","mainEntityOfPage":{"@id":"https:\/\/www.alumni.space\/pt-pt\/reformas-que-estrategias-para-a-gestao-do-conhecimento\/"},"wordCount":752,"image":{"@id":"https:\/\/www.alumni.space\/pt-pt\/reformas-que-estrategias-para-a-gestao-do-conhecimento\/#primaryimage"},"thumbnailUrl":"https:\/\/www.alumni.space\/wp-content\/uploads\/2026\/03\/Departs-a-la-retraite-quelles-strategies-pour-le-knowledge-management-.jpg","articleSection":["Partilha de conhecimentos"],"inLanguage":"pt-PT"},{"@type":"WebPage","@id":"https:\/\/www.alumni.space\/pt-pt\/reformas-que-estrategias-para-a-gestao-do-conhecimento\/","url":"https:\/\/www.alumni.space\/pt-pt\/reformas-que-estrategias-para-a-gestao-do-conhecimento\/","name":"A gest\u00e3o do conhecimento face \u00e0 reforma","isPartOf":{"@id":"https:\/\/www.alumni.space\/pt-pt\/#website"},"primaryImageOfPage":{"@id":"https:\/\/www.alumni.space\/pt-pt\/reformas-que-estrategias-para-a-gestao-do-conhecimento\/#primaryimage"},"image":{"@id":"https:\/\/www.alumni.space\/pt-pt\/reformas-que-estrategias-para-a-gestao-do-conhecimento\/#primaryimage"},"thumbnailUrl":"https:\/\/www.alumni.space\/wp-content\/uploads\/2026\/03\/Departs-a-la-retraite-quelles-strategies-pour-le-knowledge-management-.jpg","datePublished":"2025-09-04T01:54:24+00:00","dateModified":"2026-03-28T10:47:46+00:00","author":{"@id":"https:\/\/www.alumni.space\/pt-pt\/#\/schema\/person\/fede362a57876edda476a61f05ce5b15"},"description":"Descobre as principais estrat\u00e9gias de gest\u00e3o do conhecimento para gerir eficazmente as reformas e preservar o conhecimento da empresa.","breadcrumb":{"@id":"https:\/\/www.alumni.space\/pt-pt\/reformas-que-estrategias-para-a-gestao-do-conhecimento\/#breadcrumb"},"inLanguage":"pt-PT","potentialAction":[{"@type":"ReadAction","target":["https:\/\/www.alumni.space\/pt-pt\/reformas-que-estrategias-para-a-gestao-do-conhecimento\/"]}]},{"@type":"ImageObject","inLanguage":"pt-PT","@id":"https:\/\/www.alumni.space\/pt-pt\/reformas-que-estrategias-para-a-gestao-do-conhecimento\/#primaryimage","url":"https:\/\/www.alumni.space\/wp-content\/uploads\/2026\/03\/Departs-a-la-retraite-quelles-strategies-pour-le-knowledge-management-.jpg","contentUrl":"https:\/\/www.alumni.space\/wp-content\/uploads\/2026\/03\/Departs-a-la-retraite-quelles-strategies-pour-le-knowledge-management-.jpg","width":1280,"height":768,"caption":"Descobre as melhores estrat\u00e9gias de gest\u00e3o do conhecimento para gerir eficazmente as reformas e preservar o conhecimento na tua organiza\u00e7\u00e3o."},{"@type":"BreadcrumbList","@id":"https:\/\/www.alumni.space\/pt-pt\/reformas-que-estrategias-para-a-gestao-do-conhecimento\/#breadcrumb","itemListElement":[{"@type":"ListItem","position":1,"name":"Home","item":"https:\/\/www.alumni.space\/pt-pt\/plataforma-de-gestao-de-mentores-e-antigos-alunos\/"},{"@type":"ListItem","position":2,"name":"Reformas: que estrat\u00e9gias para a gest\u00e3o do conhecimento?"}]},{"@type":"WebSite","@id":"https:\/\/www.alumni.space\/pt-pt\/#website","url":"https:\/\/www.alumni.space\/pt-pt\/","name":"Alumni.space","description":"My WordPress Blog","potentialAction":[{"@type":"SearchAction","target":{"@type":"EntryPoint","urlTemplate":"https:\/\/www.alumni.space\/pt-pt\/?s={search_term_string}"},"query-input":{"@type":"PropertyValueSpecification","valueRequired":true,"valueName":"search_term_string"}}],"inLanguage":"pt-PT"},{"@type":"Person","@id":"https:\/\/www.alumni.space\/pt-pt\/#\/schema\/person\/fede362a57876edda476a61f05ce5b15","name":"admin","image":{"@type":"ImageObject","inLanguage":"pt-PT","@id":"https:\/\/secure.gravatar.com\/avatar\/318e234ae94f90d4d629428d6b983c08e31181c28f579e08a021180d759ea651?s=96&d=mm&r=g","url":"https:\/\/secure.gravatar.com\/avatar\/318e234ae94f90d4d629428d6b983c08e31181c28f579e08a021180d759ea651?s=96&d=mm&r=g","contentUrl":"https:\/\/secure.gravatar.com\/avatar\/318e234ae94f90d4d629428d6b983c08e31181c28f579e08a021180d759ea651?s=96&d=mm&r=g","caption":"admin"},"description":"Nicolas Laustriat a construit sa sp\u00e9cialit\u00e9 sur un sujet que beaucoup d\u2019organisations d\u00e9couvrent trop tard : ce qui dispara\u00eet quand les gens partent. Dipl\u00f4m\u00e9 en conception de produit industriel, il bifurque vers le digital fin 1996, il couvre les transformations marques, RH, la fid\u00e9lisation, la marque employeur. Sur le terrain, il rep\u00e8re un angle mort r\u00e9current : l\u2019entreprise investit dans le recrutement, la formation, les process\u2026 puis laisse filer le lien au moment du d\u00e9part, avec une perte de savoir et d\u2019influence qui se paie en silence. Il se sp\u00e9cialise alors sur les communaut\u00e9s d\u2019alumni, le mentorat, l\u2019entraide interg\u00e9n\u00e9rationnelle et la transmission d\u2019expertise. Il passe du \u201cconstat\u201d aux m\u00e9thodes : animation, gouvernance, segmentation, rituels, mesure d\u2019engagement, articulation avec la RSE et l\u2019employabilit\u00e9. Il interviewe DRH, responsables formation, directions d\u2019\u00e9coles, associations et fondations, avec une obsession : transformer un r\u00e9seau dormant en m\u00e9canisme utile (cooptation, mentorat, job board, entraide, \u00e9v\u00e9nements, contenus). Son style : direct, orient\u00e9 action, sans folklore. Sa conviction : une communaut\u00e9 n\u2019a pas besoin de bruit, elle a besoin de raisons de revenir.","sameAs":["https:\/\/www.alumni.space"]}]}},"_links":{"self":[{"href":"https:\/\/www.alumni.space\/pt-pt\/wp-json\/wp\/v2\/posts\/5229","targetHints":{"allow":["GET"]}}],"collection":[{"href":"https:\/\/www.alumni.space\/pt-pt\/wp-json\/wp\/v2\/posts"}],"about":[{"href":"https:\/\/www.alumni.space\/pt-pt\/wp-json\/wp\/v2\/types\/post"}],"author":[{"embeddable":true,"href":"https:\/\/www.alumni.space\/pt-pt\/wp-json\/wp\/v2\/users\/1"}],"replies":[{"embeddable":true,"href":"https:\/\/www.alumni.space\/pt-pt\/wp-json\/wp\/v2\/comments?post=5229"}],"version-history":[{"count":1,"href":"https:\/\/www.alumni.space\/pt-pt\/wp-json\/wp\/v2\/posts\/5229\/revisions"}],"predecessor-version":[{"id":5233,"href":"https:\/\/www.alumni.space\/pt-pt\/wp-json\/wp\/v2\/posts\/5229\/revisions\/5233"}],"wp:featuredmedia":[{"embeddable":true,"href":"https:\/\/www.alumni.space\/pt-pt\/wp-json\/wp\/v2\/media\/5231"}],"wp:attachment":[{"href":"https:\/\/www.alumni.space\/pt-pt\/wp-json\/wp\/v2\/media?parent=5229"}],"wp:term":[{"taxonomy":"category","embeddable":true,"href":"https:\/\/www.alumni.space\/pt-pt\/wp-json\/wp\/v2\/categories?post=5229"},{"taxonomy":"post_tag","embeddable":true,"href":"https:\/\/www.alumni.space\/pt-pt\/wp-json\/wp\/v2\/tags?post=5229"}],"curies":[{"name":"wp","href":"https:\/\/api.w.org\/{rel}","templated":true}]}}