{"id":5157,"date":"2025-03-09T12:50:52","date_gmt":"2025-03-09T12:50:52","guid":{"rendered":"https:\/\/www.alumni.space\/formacao-ou-tutoria-porque-escolher-as-duas\/"},"modified":"2026-04-02T09:20:54","modified_gmt":"2026-04-02T09:20:54","slug":"formacao-ou-tutoria-porque-escolher-as-duas","status":"publish","type":"post","link":"https:\/\/www.alumni.space\/pt-pt\/formacao-ou-tutoria-porque-escolher-as-duas\/","title":{"rendered":"Forma\u00e7\u00e3o ou tutoria: porqu\u00ea escolher as duas?"},"content":{"rendered":"<p>O ano de 2026 marca um ponto de viragem decisivo na gest\u00e3o de talentos nas organiza\u00e7\u00f5es modernas. Os m\u00e9todos tradicionais de aprendizagem est\u00e3o a confrontar-se com uma necessidade crescente de liga\u00e7\u00e3o humana e de significado. Para impulsionar<strong>o desenvolvimento da carreira<\/strong>, a combina\u00e7\u00e3o de <strong>forma\u00e7\u00e3o<\/strong> t\u00e9cnica e <strong>mentoria<\/strong> est\u00e1 a emergir como a estrat\u00e9gia vencedora. Esta dupla incute uma nova <strong>motiva\u00e7\u00e3o<\/strong>, transformando o conhecimento te\u00f3rico em sabedoria operacional.   <\/p><div id=\"ez-toc-container\" class=\"ez-toc-v2_0_82_2 counter-flat ez-toc-counter ez-toc-grey ez-toc-container-direction\">\n<div class=\"ez-toc-title-container\"><p class=\"ez-toc-title\" style=\"cursor:inherit\">\u00cdndice deste artigo:<\/p>\n<\/div><nav><ul class='ez-toc-list ez-toc-list-level-1 ' ><li class='ez-toc-page-1'><a class=\"ez-toc-link ez-toc-heading-1\" href=\"https:\/\/www.alumni.space\/pt-pt\/formacao-ou-tutoria-porque-escolher-as-duas\/#Otimizar_a_transferencia_de_competencias_com_a_dupla_vencedora\" >Otimizar a transfer\u00eancia de compet\u00eancias com a dupla vencedora<\/a><\/li><li class='ez-toc-page-1'><a class=\"ez-toc-link ez-toc-heading-2\" href=\"https:\/\/www.alumni.space\/pt-pt\/formacao-ou-tutoria-porque-escolher-as-duas\/#O_papel_dos_lacos_humanos_no_sucesso_coletivo\" >O papel dos la\u00e7os humanos no sucesso coletivo<\/a><\/li><li class='ez-toc-page-1'><a class=\"ez-toc-link ez-toc-heading-3\" href=\"https:\/\/www.alumni.space\/pt-pt\/formacao-ou-tutoria-porque-escolher-as-duas\/#Responsabilidade_social_das_empresas_e_promocao_da_marca_do_empregador\" >Responsabilidade social das empresas e promo\u00e7\u00e3o da marca do empregador<\/a><\/li><li class='ez-toc-page-1'><a class=\"ez-toc-link ez-toc-heading-4\" href=\"https:\/\/www.alumni.space\/pt-pt\/formacao-ou-tutoria-porque-escolher-as-duas\/#Industrializar_a_benevolencia_com_uma_plataforma_dedicada\" >Industrializar a benevol\u00eancia com uma plataforma dedicada<\/a><\/li><\/ul><\/nav><\/div>\n<h2 class=\"wp-block-heading\"><span class=\"ez-toc-section\" id=\"Otimizar_a_transferencia_de_competencias_com_a_dupla_vencedora\"><\/span>Otimizar a transfer\u00eancia de compet\u00eancias com a dupla vencedora<span class=\"ez-toc-section-end\"><\/span><\/h2><p>O conhecimento bruto evapora-se sem uma aplica\u00e7\u00e3o r\u00e1pida no terreno.<strong>A aprendizagem<\/strong> s\u00f3 se acelera quando especialistas e novatos se cruzam. <strong>O coaching<\/strong> interno fornece o espelho necess\u00e1rio para o progresso cont\u00ednuo e a aquisi\u00e7\u00e3o de novas <strong>compet\u00eancias<\/strong>. Ao utilizar o alumni.space, as organiza\u00e7\u00f5es podem automatizar a correspond\u00eancia de pares para evitar o desperd\u00edcio do conhecimento acumulado.   <\/p><figure class=\"wp-block-image size-full\"><img decoding=\"async\" width=\"1280\" height=\"768\" src=\"https:\/\/www.alumni.space\/wp-content\/uploads\/2026\/03\/Formation-ou-mentorat-pourquoi-choisir-les-deux-1-1.jpg\" data-orig-src=\"https:\/\/www.alumni.space\/wp-content\/uploads\/2026\/03\/Formation-ou-mentorat-pourquoi-choisir-les-deux-1-1.jpg\" alt=\"descobre porque \u00e9 que a combina\u00e7\u00e3o de forma\u00e7\u00e3o e tutoria pode maximizar a tua aprendizagem e acelerar o sucesso da tua carreira.\" class=\"lazyload wp-image-3522\" srcset=\"data:image\/svg+xml,%3Csvg%20xmlns%3D%27http%3A%2F%2Fwww.w3.org%2F2000%2Fsvg%27%20width%3D%271280%27%20height%3D%27768%27%20viewBox%3D%270%200%201280%20768%27%3E%3Crect%20width%3D%271280%27%20height%3D%27768%27%20fill-opacity%3D%220%22%2F%3E%3C%2Fsvg%3E\" data-srcset=\"https:\/\/www.alumni.space\/wp-content\/uploads\/2026\/03\/Formation-ou-mentorat-pourquoi-choisir-les-deux-1-1-200x120.jpg 200w, https:\/\/www.alumni.space\/wp-content\/uploads\/2026\/03\/Formation-ou-mentorat-pourquoi-choisir-les-deux-1-1-300x180.jpg 300w, https:\/\/www.alumni.space\/wp-content\/uploads\/2026\/03\/Formation-ou-mentorat-pourquoi-choisir-les-deux-1-1-400x240.jpg 400w, https:\/\/www.alumni.space\/wp-content\/uploads\/2026\/03\/Formation-ou-mentorat-pourquoi-choisir-les-deux-1-1-600x360.jpg 600w, https:\/\/www.alumni.space\/wp-content\/uploads\/2026\/03\/Formation-ou-mentorat-pourquoi-choisir-les-deux-1-1-768x461.jpg 768w, https:\/\/www.alumni.space\/wp-content\/uploads\/2026\/03\/Formation-ou-mentorat-pourquoi-choisir-les-deux-1-1-800x480.jpg 800w, https:\/\/www.alumni.space\/wp-content\/uploads\/2026\/03\/Formation-ou-mentorat-pourquoi-choisir-les-deux-1-1-1024x614.jpg 1024w, https:\/\/www.alumni.space\/wp-content\/uploads\/2026\/03\/Formation-ou-mentorat-pourquoi-choisir-les-deux-1-1-1200x720.jpg 1200w, https:\/\/www.alumni.space\/wp-content\/uploads\/2026\/03\/Formation-ou-mentorat-pourquoi-choisir-les-deux-1-1.jpg 1280w\" data-sizes=\"auto\" data-orig-sizes=\"(max-width: 1280px) 100vw, 1280px\" \/><\/figure><h3 class=\"wp-block-heading\"><span class=\"ez-toc-section\" id=\"O_papel_dos_lacos_humanos_no_sucesso_coletivo\"><\/span>O papel dos la\u00e7os humanos no sucesso coletivo<span class=\"ez-toc-section-end\"><\/span><\/h3><p><strong>O apoio<\/strong> personalizado vai para al\u00e9m da simples transmiss\u00e3o de instru\u00e7\u00f5es. Cria um forte sentimento de perten\u00e7a \u00e0 rede. <strong>A transmiss\u00e3o de conhecimentos<\/strong> torna-se um ato de generosidade rec\u00edproca que refor\u00e7a o empenho dos trabalhadores. <a href=\"https:\/\/www.alumni.space\/pt-pt\/como-medir-o-impacto-de-um-programa-de-mentoria-empresarial\/\">Medir o impacto do mentoring<\/a> demonstra a rentabilidade desta abordagem centrada nas pessoas. Os decisores constatam um aumento da lealdade e uma integra\u00e7\u00e3o muito mais f\u00e1cil dos novos recrutas.   <\/p><h2 class=\"wp-block-heading\"><span class=\"ez-toc-section\" id=\"Responsabilidade_social_das_empresas_e_promocao_da_marca_do_empregador\"><\/span>Responsabilidade social das empresas e promo\u00e7\u00e3o da marca do empregador<span class=\"ez-toc-section-end\"><\/span><\/h2><p>O envolvimento social de uma empresa exprime-se atrav\u00e9s da manuten\u00e7\u00e3o de uma liga\u00e7\u00e3o viva com os seus membros hist\u00f3ricos. Organizar a partilha de experi\u00eancias e o apoio m\u00fatuo entre as gera\u00e7\u00f5es valoriza o patrim\u00f3nio imaterial e combate a obsolesc\u00eancia t\u00e9cnica. Esta abordagem refor\u00e7a a imagem de marca, transformando cada colaborador num aut\u00eantico porta-voz. A integra\u00e7\u00e3o dos novos recrutas \u00e9 facilitada gra\u00e7as a esta rede de seguran\u00e7a relacional. As ferramentas de gest\u00e3o actuais traduzem estas intera\u00e7\u00f5es em dados concretos, comprovando a utilidade real da <a href=\"https:\/\/www.alumni.space\/pt-pt\/a-tutoria-como-parte-da-estrategia-de-rh-do-futuro\/\">estrat\u00e9gia de RH<\/a> para o desempenho global.    <\/p><h3 class=\"wp-block-heading\"><span class=\"ez-toc-section\" id=\"Industrializar_a_benevolencia_com_uma_plataforma_dedicada\"><\/span>Industrializar a benevol\u00eancia com uma plataforma dedicada<span class=\"ez-toc-section-end\"><\/span><\/h3><p>A gest\u00e3o de centenas de perfis exige uma ferramenta de elevado desempenho para evitar a dispers\u00e3o de ficheiros. A solu\u00e7\u00e3o SaaS alumni.space centraliza as ofertas de emprego, os eventos e o quadro de empregos num \u00fanico ecossistema. Os gestores controlam a rede com precis\u00e3o cir\u00fargica, ao mesmo tempo que incentivam <strong>o desenvolvimento profissional<\/strong> cont\u00ednuo. A recolha, a transmiss\u00e3o e o desenvolvimento de talentos continuam a estar no centro desta transforma\u00e7\u00e3o digital. Pedir uma demonstra\u00e7\u00e3o \u00e9 o primeiro passo para desbloquear o potencial da tua comunidade.    <\/p>","protected":false},"excerpt":{"rendered":"<p>O ano de 2026 marca um ponto de viragem decisivo  [&#8230;]<\/p>\n","protected":false},"author":1,"featured_media":5159,"comment_status":"closed","ping_status":"","sticky":false,"template":"","format":"standard","meta":{"_ayudawp_aiss_exclude":false,"footnotes":""},"categories":[68],"tags":[],"class_list":["post-5157","post","type-post","status-publish","format-standard","has-post-thumbnail","hentry","category-mentoria"],"yoast_head":"<!-- This site is optimized with the Yoast SEO plugin v27.4 - https:\/\/yoast.com\/product\/yoast-seo-wordpress\/ -->\n<title>Forma\u00e7\u00e3o e tutoria: uma combina\u00e7\u00e3o vencedora<\/title>\n<meta name=\"description\" content=\"Descobre porque \u00e9 que combinar forma\u00e7\u00e3o e tutoria optimiza a tua aprendizagem e impulsiona a tua carreira. Combina teoria e pr\u00e1tica de forma eficaz!\" \/>\n<meta name=\"robots\" content=\"index, follow, max-snippet:-1, max-image-preview:large, max-video-preview:-1\" \/>\n<link rel=\"canonical\" href=\"https:\/\/www.alumni.space\/pt-pt\/formacao-ou-tutoria-porque-escolher-as-duas\/\" \/>\n<meta property=\"og:locale\" content=\"pt_PT\" \/>\n<meta property=\"og:type\" content=\"article\" \/>\n<meta property=\"og:title\" content=\"Forma\u00e7\u00e3o e tutoria: uma combina\u00e7\u00e3o vencedora\" \/>\n<meta property=\"og:description\" content=\"Descobre porque \u00e9 que combinar forma\u00e7\u00e3o e tutoria optimiza a tua aprendizagem e impulsiona a tua carreira. Combina teoria e pr\u00e1tica de forma eficaz!\" \/>\n<meta property=\"og:url\" content=\"https:\/\/www.alumni.space\/pt-pt\/formacao-ou-tutoria-porque-escolher-as-duas\/\" \/>\n<meta property=\"og:site_name\" content=\"Alumni.space\" \/>\n<meta property=\"article:published_time\" content=\"2025-03-09T12:50:52+00:00\" \/>\n<meta property=\"article:modified_time\" content=\"2026-04-02T09:20:54+00:00\" \/>\n<meta property=\"og:image\" content=\"https:\/\/www.alumni.space\/wp-content\/uploads\/2026\/03\/Formation-ou-mentorat-pourquoi-choisir-les-deux-.jpg\" \/>\n\t<meta property=\"og:image:width\" content=\"1280\" \/>\n\t<meta property=\"og:image:height\" content=\"768\" \/>\n\t<meta property=\"og:image:type\" content=\"image\/jpeg\" \/>\n<meta name=\"author\" content=\"admin\" \/>\n<meta name=\"twitter:card\" content=\"summary_large_image\" \/>\n<meta name=\"twitter:label1\" content=\"Escrito por\" \/>\n\t<meta name=\"twitter:data1\" content=\"admin\" \/>\n\t<meta name=\"twitter:label2\" content=\"Tempo estimado de leitura\" \/>\n\t<meta name=\"twitter:data2\" content=\"2 minutos\" \/>\n<script type=\"application\/ld+json\" class=\"yoast-schema-graph\">{\"@context\":\"https:\\\/\\\/schema.org\",\"@graph\":[{\"@type\":\"Article\",\"@id\":\"https:\\\/\\\/www.alumni.space\\\/pt-pt\\\/formacao-ou-tutoria-porque-escolher-as-duas\\\/#article\",\"isPartOf\":{\"@id\":\"https:\\\/\\\/www.alumni.space\\\/pt-pt\\\/formacao-ou-tutoria-porque-escolher-as-duas\\\/\"},\"author\":{\"name\":\"admin\",\"@id\":\"https:\\\/\\\/www.alumni.space\\\/pt-pt\\\/#\\\/schema\\\/person\\\/fede362a57876edda476a61f05ce5b15\"},\"headline\":\"Forma\u00e7\u00e3o ou tutoria: porqu\u00ea escolher as duas?\",\"datePublished\":\"2025-03-09T12:50:52+00:00\",\"dateModified\":\"2026-04-02T09:20:54+00:00\",\"mainEntityOfPage\":{\"@id\":\"https:\\\/\\\/www.alumni.space\\\/pt-pt\\\/formacao-ou-tutoria-porque-escolher-as-duas\\\/\"},\"wordCount\":464,\"image\":{\"@id\":\"https:\\\/\\\/www.alumni.space\\\/pt-pt\\\/formacao-ou-tutoria-porque-escolher-as-duas\\\/#primaryimage\"},\"thumbnailUrl\":\"https:\\\/\\\/www.alumni.space\\\/wp-content\\\/uploads\\\/2026\\\/03\\\/Formation-ou-mentorat-pourquoi-choisir-les-deux-.jpg\",\"articleSection\":[\"Mentoria\"],\"inLanguage\":\"pt-PT\"},{\"@type\":\"WebPage\",\"@id\":\"https:\\\/\\\/www.alumni.space\\\/pt-pt\\\/formacao-ou-tutoria-porque-escolher-as-duas\\\/\",\"url\":\"https:\\\/\\\/www.alumni.space\\\/pt-pt\\\/formacao-ou-tutoria-porque-escolher-as-duas\\\/\",\"name\":\"Forma\u00e7\u00e3o e tutoria: uma combina\u00e7\u00e3o vencedora\",\"isPartOf\":{\"@id\":\"https:\\\/\\\/www.alumni.space\\\/pt-pt\\\/#website\"},\"primaryImageOfPage\":{\"@id\":\"https:\\\/\\\/www.alumni.space\\\/pt-pt\\\/formacao-ou-tutoria-porque-escolher-as-duas\\\/#primaryimage\"},\"image\":{\"@id\":\"https:\\\/\\\/www.alumni.space\\\/pt-pt\\\/formacao-ou-tutoria-porque-escolher-as-duas\\\/#primaryimage\"},\"thumbnailUrl\":\"https:\\\/\\\/www.alumni.space\\\/wp-content\\\/uploads\\\/2026\\\/03\\\/Formation-ou-mentorat-pourquoi-choisir-les-deux-.jpg\",\"datePublished\":\"2025-03-09T12:50:52+00:00\",\"dateModified\":\"2026-04-02T09:20:54+00:00\",\"author\":{\"@id\":\"https:\\\/\\\/www.alumni.space\\\/pt-pt\\\/#\\\/schema\\\/person\\\/fede362a57876edda476a61f05ce5b15\"},\"description\":\"Descobre porque \u00e9 que combinar forma\u00e7\u00e3o e tutoria optimiza a tua aprendizagem e impulsiona a tua carreira. Combina teoria e pr\u00e1tica de forma eficaz!\",\"breadcrumb\":{\"@id\":\"https:\\\/\\\/www.alumni.space\\\/pt-pt\\\/formacao-ou-tutoria-porque-escolher-as-duas\\\/#breadcrumb\"},\"inLanguage\":\"pt-PT\",\"potentialAction\":[{\"@type\":\"ReadAction\",\"target\":[\"https:\\\/\\\/www.alumni.space\\\/pt-pt\\\/formacao-ou-tutoria-porque-escolher-as-duas\\\/\"]}]},{\"@type\":\"ImageObject\",\"inLanguage\":\"pt-PT\",\"@id\":\"https:\\\/\\\/www.alumni.space\\\/pt-pt\\\/formacao-ou-tutoria-porque-escolher-as-duas\\\/#primaryimage\",\"url\":\"https:\\\/\\\/www.alumni.space\\\/wp-content\\\/uploads\\\/2026\\\/03\\\/Formation-ou-mentorat-pourquoi-choisir-les-deux-.jpg\",\"contentUrl\":\"https:\\\/\\\/www.alumni.space\\\/wp-content\\\/uploads\\\/2026\\\/03\\\/Formation-ou-mentorat-pourquoi-choisir-les-deux-.jpg\",\"width\":1280,\"height\":768,\"caption\":\"descobre porque \u00e9 que combinar forma\u00e7\u00e3o e tutoria \u00e9 a melhor estrat\u00e9gia para desenvolver as tuas compet\u00eancias e atingir os teus objectivos de carreira de forma eficaz.\"},{\"@type\":\"BreadcrumbList\",\"@id\":\"https:\\\/\\\/www.alumni.space\\\/pt-pt\\\/formacao-ou-tutoria-porque-escolher-as-duas\\\/#breadcrumb\",\"itemListElement\":[{\"@type\":\"ListItem\",\"position\":1,\"name\":\"Home\",\"item\":\"https:\\\/\\\/www.alumni.space\\\/pt-pt\\\/plataforma-de-gestao-de-mentores-e-antigos-alunos\\\/\"},{\"@type\":\"ListItem\",\"position\":2,\"name\":\"Forma\u00e7\u00e3o ou tutoria: porqu\u00ea escolher as duas?\"}]},{\"@type\":\"WebSite\",\"@id\":\"https:\\\/\\\/www.alumni.space\\\/pt-pt\\\/#website\",\"url\":\"https:\\\/\\\/www.alumni.space\\\/pt-pt\\\/\",\"name\":\"Alumni.space\",\"description\":\"My WordPress Blog\",\"potentialAction\":[{\"@type\":\"SearchAction\",\"target\":{\"@type\":\"EntryPoint\",\"urlTemplate\":\"https:\\\/\\\/www.alumni.space\\\/pt-pt\\\/?s={search_term_string}\"},\"query-input\":{\"@type\":\"PropertyValueSpecification\",\"valueRequired\":true,\"valueName\":\"search_term_string\"}}],\"inLanguage\":\"pt-PT\"},{\"@type\":\"Person\",\"@id\":\"https:\\\/\\\/www.alumni.space\\\/pt-pt\\\/#\\\/schema\\\/person\\\/fede362a57876edda476a61f05ce5b15\",\"name\":\"admin\",\"image\":{\"@type\":\"ImageObject\",\"inLanguage\":\"pt-PT\",\"@id\":\"https:\\\/\\\/secure.gravatar.com\\\/avatar\\\/318e234ae94f90d4d629428d6b983c08e31181c28f579e08a021180d759ea651?s=96&d=mm&r=g\",\"url\":\"https:\\\/\\\/secure.gravatar.com\\\/avatar\\\/318e234ae94f90d4d629428d6b983c08e31181c28f579e08a021180d759ea651?s=96&d=mm&r=g\",\"contentUrl\":\"https:\\\/\\\/secure.gravatar.com\\\/avatar\\\/318e234ae94f90d4d629428d6b983c08e31181c28f579e08a021180d759ea651?s=96&d=mm&r=g\",\"caption\":\"admin\"},\"description\":\"Nicolas Laustriat a construit sa sp\u00e9cialit\u00e9 sur un sujet que beaucoup d\u2019organisations d\u00e9couvrent trop tard : ce qui dispara\u00eet quand les gens partent. Dipl\u00f4m\u00e9 en conception de produit industriel, il bifurque vers le digital fin 1996, il couvre les transformations marques, RH, la fid\u00e9lisation, la marque employeur. Sur le terrain, il rep\u00e8re un angle mort r\u00e9current : l\u2019entreprise investit dans le recrutement, la formation, les process\u2026 puis laisse filer le lien au moment du d\u00e9part, avec une perte de savoir et d\u2019influence qui se paie en silence. Il se sp\u00e9cialise alors sur les communaut\u00e9s d\u2019alumni, le mentorat, l\u2019entraide interg\u00e9n\u00e9rationnelle et la transmission d\u2019expertise. Il passe du \u201cconstat\u201d aux m\u00e9thodes : animation, gouvernance, segmentation, rituels, mesure d\u2019engagement, articulation avec la RSE et l\u2019employabilit\u00e9. Il interviewe DRH, responsables formation, directions d\u2019\u00e9coles, associations et fondations, avec une obsession : transformer un r\u00e9seau dormant en m\u00e9canisme utile (cooptation, mentorat, job board, entraide, \u00e9v\u00e9nements, contenus). Son style : direct, orient\u00e9 action, sans folklore. Sa conviction : une communaut\u00e9 n\u2019a pas besoin de bruit, elle a besoin de raisons de revenir.\",\"sameAs\":[\"https:\\\/\\\/www.alumni.space\"]}]}<\/script>\n<!-- \/ Yoast SEO plugin. -->","yoast_head_json":{"title":"Forma\u00e7\u00e3o e tutoria: uma combina\u00e7\u00e3o vencedora","description":"Descobre porque \u00e9 que combinar forma\u00e7\u00e3o e tutoria optimiza a tua aprendizagem e impulsiona a tua carreira. Combina teoria e pr\u00e1tica de forma eficaz!","robots":{"index":"index","follow":"follow","max-snippet":"max-snippet:-1","max-image-preview":"max-image-preview:large","max-video-preview":"max-video-preview:-1"},"canonical":"https:\/\/www.alumni.space\/pt-pt\/formacao-ou-tutoria-porque-escolher-as-duas\/","og_locale":"pt_PT","og_type":"article","og_title":"Forma\u00e7\u00e3o e tutoria: uma combina\u00e7\u00e3o vencedora","og_description":"Descobre porque \u00e9 que combinar forma\u00e7\u00e3o e tutoria optimiza a tua aprendizagem e impulsiona a tua carreira. Combina teoria e pr\u00e1tica de forma eficaz!","og_url":"https:\/\/www.alumni.space\/pt-pt\/formacao-ou-tutoria-porque-escolher-as-duas\/","og_site_name":"Alumni.space","article_published_time":"2025-03-09T12:50:52+00:00","article_modified_time":"2026-04-02T09:20:54+00:00","og_image":[{"width":1280,"height":768,"url":"https:\/\/www.alumni.space\/wp-content\/uploads\/2026\/03\/Formation-ou-mentorat-pourquoi-choisir-les-deux-.jpg","type":"image\/jpeg"}],"author":"admin","twitter_card":"summary_large_image","twitter_misc":{"Escrito por":"admin","Tempo estimado de leitura":"2 minutos"},"schema":{"@context":"https:\/\/schema.org","@graph":[{"@type":"Article","@id":"https:\/\/www.alumni.space\/pt-pt\/formacao-ou-tutoria-porque-escolher-as-duas\/#article","isPartOf":{"@id":"https:\/\/www.alumni.space\/pt-pt\/formacao-ou-tutoria-porque-escolher-as-duas\/"},"author":{"name":"admin","@id":"https:\/\/www.alumni.space\/pt-pt\/#\/schema\/person\/fede362a57876edda476a61f05ce5b15"},"headline":"Forma\u00e7\u00e3o ou tutoria: porqu\u00ea escolher as duas?","datePublished":"2025-03-09T12:50:52+00:00","dateModified":"2026-04-02T09:20:54+00:00","mainEntityOfPage":{"@id":"https:\/\/www.alumni.space\/pt-pt\/formacao-ou-tutoria-porque-escolher-as-duas\/"},"wordCount":464,"image":{"@id":"https:\/\/www.alumni.space\/pt-pt\/formacao-ou-tutoria-porque-escolher-as-duas\/#primaryimage"},"thumbnailUrl":"https:\/\/www.alumni.space\/wp-content\/uploads\/2026\/03\/Formation-ou-mentorat-pourquoi-choisir-les-deux-.jpg","articleSection":["Mentoria"],"inLanguage":"pt-PT"},{"@type":"WebPage","@id":"https:\/\/www.alumni.space\/pt-pt\/formacao-ou-tutoria-porque-escolher-as-duas\/","url":"https:\/\/www.alumni.space\/pt-pt\/formacao-ou-tutoria-porque-escolher-as-duas\/","name":"Forma\u00e7\u00e3o e tutoria: uma combina\u00e7\u00e3o vencedora","isPartOf":{"@id":"https:\/\/www.alumni.space\/pt-pt\/#website"},"primaryImageOfPage":{"@id":"https:\/\/www.alumni.space\/pt-pt\/formacao-ou-tutoria-porque-escolher-as-duas\/#primaryimage"},"image":{"@id":"https:\/\/www.alumni.space\/pt-pt\/formacao-ou-tutoria-porque-escolher-as-duas\/#primaryimage"},"thumbnailUrl":"https:\/\/www.alumni.space\/wp-content\/uploads\/2026\/03\/Formation-ou-mentorat-pourquoi-choisir-les-deux-.jpg","datePublished":"2025-03-09T12:50:52+00:00","dateModified":"2026-04-02T09:20:54+00:00","author":{"@id":"https:\/\/www.alumni.space\/pt-pt\/#\/schema\/person\/fede362a57876edda476a61f05ce5b15"},"description":"Descobre porque \u00e9 que combinar forma\u00e7\u00e3o e tutoria optimiza a tua aprendizagem e impulsiona a tua carreira. Combina teoria e pr\u00e1tica de forma eficaz!","breadcrumb":{"@id":"https:\/\/www.alumni.space\/pt-pt\/formacao-ou-tutoria-porque-escolher-as-duas\/#breadcrumb"},"inLanguage":"pt-PT","potentialAction":[{"@type":"ReadAction","target":["https:\/\/www.alumni.space\/pt-pt\/formacao-ou-tutoria-porque-escolher-as-duas\/"]}]},{"@type":"ImageObject","inLanguage":"pt-PT","@id":"https:\/\/www.alumni.space\/pt-pt\/formacao-ou-tutoria-porque-escolher-as-duas\/#primaryimage","url":"https:\/\/www.alumni.space\/wp-content\/uploads\/2026\/03\/Formation-ou-mentorat-pourquoi-choisir-les-deux-.jpg","contentUrl":"https:\/\/www.alumni.space\/wp-content\/uploads\/2026\/03\/Formation-ou-mentorat-pourquoi-choisir-les-deux-.jpg","width":1280,"height":768,"caption":"descobre porque \u00e9 que combinar forma\u00e7\u00e3o e tutoria \u00e9 a melhor estrat\u00e9gia para desenvolver as tuas compet\u00eancias e atingir os teus objectivos de carreira de forma eficaz."},{"@type":"BreadcrumbList","@id":"https:\/\/www.alumni.space\/pt-pt\/formacao-ou-tutoria-porque-escolher-as-duas\/#breadcrumb","itemListElement":[{"@type":"ListItem","position":1,"name":"Home","item":"https:\/\/www.alumni.space\/pt-pt\/plataforma-de-gestao-de-mentores-e-antigos-alunos\/"},{"@type":"ListItem","position":2,"name":"Forma\u00e7\u00e3o ou tutoria: porqu\u00ea escolher as duas?"}]},{"@type":"WebSite","@id":"https:\/\/www.alumni.space\/pt-pt\/#website","url":"https:\/\/www.alumni.space\/pt-pt\/","name":"Alumni.space","description":"My WordPress Blog","potentialAction":[{"@type":"SearchAction","target":{"@type":"EntryPoint","urlTemplate":"https:\/\/www.alumni.space\/pt-pt\/?s={search_term_string}"},"query-input":{"@type":"PropertyValueSpecification","valueRequired":true,"valueName":"search_term_string"}}],"inLanguage":"pt-PT"},{"@type":"Person","@id":"https:\/\/www.alumni.space\/pt-pt\/#\/schema\/person\/fede362a57876edda476a61f05ce5b15","name":"admin","image":{"@type":"ImageObject","inLanguage":"pt-PT","@id":"https:\/\/secure.gravatar.com\/avatar\/318e234ae94f90d4d629428d6b983c08e31181c28f579e08a021180d759ea651?s=96&d=mm&r=g","url":"https:\/\/secure.gravatar.com\/avatar\/318e234ae94f90d4d629428d6b983c08e31181c28f579e08a021180d759ea651?s=96&d=mm&r=g","contentUrl":"https:\/\/secure.gravatar.com\/avatar\/318e234ae94f90d4d629428d6b983c08e31181c28f579e08a021180d759ea651?s=96&d=mm&r=g","caption":"admin"},"description":"Nicolas Laustriat a construit sa sp\u00e9cialit\u00e9 sur un sujet que beaucoup d\u2019organisations d\u00e9couvrent trop tard : ce qui dispara\u00eet quand les gens partent. Dipl\u00f4m\u00e9 en conception de produit industriel, il bifurque vers le digital fin 1996, il couvre les transformations marques, RH, la fid\u00e9lisation, la marque employeur. Sur le terrain, il rep\u00e8re un angle mort r\u00e9current : l\u2019entreprise investit dans le recrutement, la formation, les process\u2026 puis laisse filer le lien au moment du d\u00e9part, avec une perte de savoir et d\u2019influence qui se paie en silence. Il se sp\u00e9cialise alors sur les communaut\u00e9s d\u2019alumni, le mentorat, l\u2019entraide interg\u00e9n\u00e9rationnelle et la transmission d\u2019expertise. Il passe du \u201cconstat\u201d aux m\u00e9thodes : animation, gouvernance, segmentation, rituels, mesure d\u2019engagement, articulation avec la RSE et l\u2019employabilit\u00e9. Il interviewe DRH, responsables formation, directions d\u2019\u00e9coles, associations et fondations, avec une obsession : transformer un r\u00e9seau dormant en m\u00e9canisme utile (cooptation, mentorat, job board, entraide, \u00e9v\u00e9nements, contenus). Son style : direct, orient\u00e9 action, sans folklore. Sa conviction : une communaut\u00e9 n\u2019a pas besoin de bruit, elle a besoin de raisons de revenir.","sameAs":["https:\/\/www.alumni.space"]}]}},"_links":{"self":[{"href":"https:\/\/www.alumni.space\/pt-pt\/wp-json\/wp\/v2\/posts\/5157","targetHints":{"allow":["GET"]}}],"collection":[{"href":"https:\/\/www.alumni.space\/pt-pt\/wp-json\/wp\/v2\/posts"}],"about":[{"href":"https:\/\/www.alumni.space\/pt-pt\/wp-json\/wp\/v2\/types\/post"}],"author":[{"embeddable":true,"href":"https:\/\/www.alumni.space\/pt-pt\/wp-json\/wp\/v2\/users\/1"}],"replies":[{"embeddable":true,"href":"https:\/\/www.alumni.space\/pt-pt\/wp-json\/wp\/v2\/comments?post=5157"}],"version-history":[{"count":1,"href":"https:\/\/www.alumni.space\/pt-pt\/wp-json\/wp\/v2\/posts\/5157\/revisions"}],"predecessor-version":[{"id":5161,"href":"https:\/\/www.alumni.space\/pt-pt\/wp-json\/wp\/v2\/posts\/5157\/revisions\/5161"}],"wp:featuredmedia":[{"embeddable":true,"href":"https:\/\/www.alumni.space\/pt-pt\/wp-json\/wp\/v2\/media\/5159"}],"wp:attachment":[{"href":"https:\/\/www.alumni.space\/pt-pt\/wp-json\/wp\/v2\/media?parent=5157"}],"wp:term":[{"taxonomy":"category","embeddable":true,"href":"https:\/\/www.alumni.space\/pt-pt\/wp-json\/wp\/v2\/categories?post=5157"},{"taxonomy":"post_tag","embeddable":true,"href":"https:\/\/www.alumni.space\/pt-pt\/wp-json\/wp\/v2\/tags?post=5157"}],"curies":[{"name":"wp","href":"https:\/\/api.w.org\/{rel}","templated":true}]}}