{"id":5144,"date":"2025-11-11T17:29:29","date_gmt":"2025-11-11T17:29:29","guid":{"rendered":"https:\/\/www.alumni.space\/dar-vida-a-rede-de-antigos-alunos-para-antecipar-as-mudancas-no-sector\/"},"modified":"2026-03-28T10:48:06","modified_gmt":"2026-03-28T10:48:06","slug":"dar-vida-a-rede-de-antigos-alunos-para-antecipar-as-mudancas-no-sector","status":"publish","type":"post","link":"https:\/\/www.alumni.space\/pt-pt\/dar-vida-a-rede-de-antigos-alunos-para-antecipar-as-mudancas-no-sector\/","title":{"rendered":"Dar vida \u00e0 rede de antigos alunos para antecipar as mudan\u00e7as no sector"},"content":{"rendered":"<p>Dar <strong>vida \u00e0 rede de alumni<\/strong> transforma um caderno de endere\u00e7os num ativo estrat\u00e9gico capaz de<strong>antecipar<\/strong> as mudan\u00e7as do sector. O texto segue o percurso de <strong>Clara<\/strong>, Alumni Manager do Instituto Horizon, que se v\u00ea confrontada com o duplo desafio de capitalizar o conhecimento das turmas de licenciados e de apoiar o <strong>desenvolvimento profissional<\/strong> dos seus diplomados. Este fio condutor ilustra os rituais, as ferramentas e os indicadores \u00fateis aos decisores.  <\/p><div id=\"ez-toc-container\" class=\"ez-toc-v2_0_82_2 counter-flat ez-toc-counter ez-toc-grey ez-toc-container-direction\">\n<div class=\"ez-toc-title-container\"><p class=\"ez-toc-title\" style=\"cursor:inherit\">\u00cdndice deste artigo:<\/p>\n<\/div><nav><ul class='ez-toc-list ez-toc-list-level-1 ' ><li class='ez-toc-page-1'><a class=\"ez-toc-link ez-toc-heading-1\" href=\"https:\/\/www.alumni.space\/pt-pt\/dar-vida-a-rede-de-antigos-alunos-para-antecipar-as-mudancas-no-sector\/#Dar_vida_a_rede_de_antigos_alunos_para_anteciparas_mudancas_no_sector\" >Dar vida \u00e0 rede de antigos alunos para anteciparas mudan\u00e7as no sector<\/a><\/li><li class='ez-toc-page-1'><a class=\"ez-toc-link ez-toc-heading-2\" href=\"https:\/\/www.alumni.space\/pt-pt\/dar-vida-a-rede-de-antigos-alunos-para-antecipar-as-mudancas-no-sector\/#Estruturar_a_governacao_para_mantero_compromisso\" >Estruturar a governa\u00e7\u00e3o para mantero compromisso<\/a><\/li><li class='ez-toc-page-1'><a class=\"ez-toc-link ez-toc-heading-3\" href=\"https:\/\/www.alumni.space\/pt-pt\/dar-vida-a-rede-de-antigos-alunos-para-antecipar-as-mudancas-no-sector\/#Centralizar_os_dados_e_monitorizar_o_impacto\" >Centralizar os dados e monitorizar o impacto<\/a><\/li><li class='ez-toc-page-1'><a class=\"ez-toc-link ez-toc-heading-4\" href=\"https:\/\/www.alumni.space\/pt-pt\/dar-vida-a-rede-de-antigos-alunos-para-antecipar-as-mudancas-no-sector\/#Mentoria_e_transmissao_alavancagem_da_RSE_e_antecipacao_setorial\" >Mentoria e transmiss\u00e3o: alavancagem da RSE e antecipa\u00e7\u00e3o setorial<\/a><\/li><li class='ez-toc-page-1'><a class=\"ez-toc-link ez-toc-heading-5\" href=\"https:\/\/www.alumni.space\/pt-pt\/dar-vida-a-rede-de-antigos-alunos-para-antecipar-as-mudancas-no-sector\/#Industrializar_sem_multiplicar_as_ferramentas\" >Industrializar sem multiplicar as ferramentas<\/a><\/li><\/ul><\/nav><\/div>\n<h2 class=\"wp-block-heading\"><span class=\"ez-toc-section\" id=\"Dar_vida_a_rede_de_antigos_alunos_para_anteciparas_mudancas_no_sector\"><\/span>Dar vida \u00e0 <strong>rede de antigos alunos<\/strong> para antecipar<strong>as mudan\u00e7as no sector<\/strong><span class=\"ez-toc-section-end\"><\/span><\/h2><p>Custos ocultos para uma organiza\u00e7\u00e3o sem uma comunidade ativa: perda de conhecimentos, tempos de indu\u00e7\u00e3o mais longos, menor<strong>empenhamento<\/strong> e oportunidades de recrutamento perdidas. A experi\u00eancia do Instituto Horizon mostra que uma gest\u00e3o estruturada reduz estes impactos e aumenta a coopta\u00e7\u00e3o. <\/p><p>A plataforma torna-se ent\u00e3o o ponto de encontro: perfis actualizados, ofertas de emprego, <strong>tutoria<\/strong>, biblioteca de conte\u00fados e quadro de empregos centralizado. Para uma an\u00e1lise mais aprofundada das abordagens pr\u00e1ticas, v\u00ea um resumo pr\u00e1tico sobre a <a href=\"https:\/\/www.ekole.fr\/blog\/reseau-alumni-comment-transformer-anciens-eleves-ambassadeurs-strategiques\">transforma\u00e7\u00e3o de antigos alunos em embaixadores<\/a>. Perce\u00e7\u00e3o: uma rede ativa cria continuidade organizacional e recursos acion\u00e1veis para a gest\u00e3o.  <\/p><figure class=\"wp-block-image size-full\"><img decoding=\"async\" width=\"1344\" height=\"768\" src=\"https:\/\/www.alumni.space\/wp-content\/uploads\/2026\/03\/Faire-vivre-le-reseau-alumni-pour-anticiper-les-evolutions-du-secteur-1.jpg\" data-orig-src=\"https:\/\/www.alumni.space\/wp-content\/uploads\/2026\/03\/Faire-vivre-le-reseau-alumni-pour-anticiper-les-evolutions-du-secteur-1.jpg\" alt=\"descobre como refor\u00e7ar a tua rede de antigos alunos para antecipar e adaptar-se \u00e0s mudan\u00e7as no sector, promovendo interc\u00e2mbios e oportunidades profissionais.\" class=\"lazyload wp-image-3390\" srcset=\"data:image\/svg+xml,%3Csvg%20xmlns%3D%27http%3A%2F%2Fwww.w3.org%2F2000%2Fsvg%27%20width%3D%271344%27%20height%3D%27768%27%20viewBox%3D%270%200%201344%20768%27%3E%3Crect%20width%3D%271344%27%20height%3D%27768%27%20fill-opacity%3D%220%22%2F%3E%3C%2Fsvg%3E\" data-srcset=\"https:\/\/www.alumni.space\/wp-content\/uploads\/2026\/03\/Faire-vivre-le-reseau-alumni-pour-anticiper-les-evolutions-du-secteur-1-200x114.jpg 200w, https:\/\/www.alumni.space\/wp-content\/uploads\/2026\/03\/Faire-vivre-le-reseau-alumni-pour-anticiper-les-evolutions-du-secteur-1-300x171.jpg 300w, https:\/\/www.alumni.space\/wp-content\/uploads\/2026\/03\/Faire-vivre-le-reseau-alumni-pour-anticiper-les-evolutions-du-secteur-1-400x229.jpg 400w, https:\/\/www.alumni.space\/wp-content\/uploads\/2026\/03\/Faire-vivre-le-reseau-alumni-pour-anticiper-les-evolutions-du-secteur-1-600x343.jpg 600w, https:\/\/www.alumni.space\/wp-content\/uploads\/2026\/03\/Faire-vivre-le-reseau-alumni-pour-anticiper-les-evolutions-du-secteur-1-768x439.jpg 768w, https:\/\/www.alumni.space\/wp-content\/uploads\/2026\/03\/Faire-vivre-le-reseau-alumni-pour-anticiper-les-evolutions-du-secteur-1-800x457.jpg 800w, https:\/\/www.alumni.space\/wp-content\/uploads\/2026\/03\/Faire-vivre-le-reseau-alumni-pour-anticiper-les-evolutions-du-secteur-1-1024x585.jpg 1024w, https:\/\/www.alumni.space\/wp-content\/uploads\/2026\/03\/Faire-vivre-le-reseau-alumni-pour-anticiper-les-evolutions-du-secteur-1-1200x686.jpg 1200w, https:\/\/www.alumni.space\/wp-content\/uploads\/2026\/03\/Faire-vivre-le-reseau-alumni-pour-anticiper-les-evolutions-du-secteur-1.jpg 1344w\" data-sizes=\"auto\" data-orig-sizes=\"(max-width: 1344px) 100vw, 1344px\" \/><\/figure><h3 class=\"wp-block-heading\"><span class=\"ez-toc-section\" id=\"Estruturar_a_governacao_para_mantero_compromisso\"><\/span>Estruturar a governa\u00e7\u00e3o para manter<strong>o compromisso<\/strong><span class=\"ez-toc-section-end\"><\/span><\/h3><p>Problema: eventos pontuais sem acompanhamento levam a intera\u00e7\u00f5es ef\u00e9meras. Solu\u00e7\u00e3o: define fun\u00e7\u00f5es (coordenador dos antigos alunos, gestores da comunidade, volunt\u00e1rios de refer\u00eancia), calend\u00e1rio anual e rituais mensais para manter um ritmo. <\/p><p>P\u00f5e isto em pr\u00e1tica no Institut Horizon: sess\u00f5es trimestrais de tutoria, clubes sectoriais e estafetas locais. Estas iniciativas incentivam <strong>a partilha de experi\u00eancias<\/strong> entre gera\u00e7\u00f5es e <strong>a colabora\u00e7\u00e3o<\/strong> em projectos concretos. Perce\u00e7\u00e3o: uma governa\u00e7\u00e3o simples e rituais regulares refor\u00e7am a confian\u00e7a e a visibilidade da rede.  <\/p><h3 class=\"wp-block-heading\"><span class=\"ez-toc-section\" id=\"Centralizar_os_dados_e_monitorizar_o_impacto\"><\/span>Centralizar os dados e monitorizar o impacto<span class=\"ez-toc-section-end\"><\/span><\/h3><p>Problema: a dispers\u00e3o de ficheiros, a duplica\u00e7\u00e3o e as dificuldades do RGPD reduzem a efici\u00eancia. Medida-chave: base de dados \u00fanica para perfis, participa\u00e7\u00e3o, donativos e ofertas. Indicadores a seguir: taxas de preenchimento de perfis, participa\u00e7\u00e3o em eventos, horas de mentoria e coloca\u00e7\u00f5es em cooperativas.  <\/p><p>Utiliza\u00e7\u00e3o atual: lembretes autom\u00e1ticos, segmenta\u00e7\u00e3o para comunica\u00e7\u00f5es direcionadas e pontua\u00e7\u00e3o de envolvimento para dar prioridade aos contactos. Para uma vis\u00e3o funcional da anima\u00e7\u00e3o digital, v\u00ea o <a href=\"https:\/\/www.eudonet.com\/fr\/ressources\/blog\/plateforme-alumni-animation-reseau-anciens-eleves\/\">feedback pr\u00e1tico da Eudonet sobre os antigos alunos de CRM<\/a> e as pr\u00e1ticas<a href=\"https:\/\/www.alumni.space\/pt-pt\/gerir-uma-rede-de-antigos-alunos-erros-a-evitar\/\">de anima\u00e7\u00e3o digital<\/a> na plataforma dedicada. Perce\u00e7\u00e3o: a centraliza\u00e7\u00e3o e os relat\u00f3rios fornecem provas tang\u00edveis para convencer a dire\u00e7\u00e3o.  <\/p><h3 class=\"wp-block-heading\"><span class=\"ez-toc-section\" id=\"Mentoria_e_transmissao_alavancagem_da_RSE_e_antecipacao_setorial\"><\/span>Mentoria e transmiss\u00e3o: alavancagem da RSE e antecipa\u00e7\u00e3o setorial<span class=\"ez-toc-section-end\"><\/span><\/h3><p>Observa\u00e7\u00e3o: as organiza\u00e7\u00f5es que pretendem ter impacto social procuram formas pr\u00e1ticas de <strong>monitorizar a estrat\u00e9gia<\/strong> e<strong>a inova\u00e7\u00e3o<\/strong>. Recomenda\u00e7\u00e3o: estrutura um programa de pares intergeracionais com objectivos mensur\u00e1veis (horas, resultados de carreira, feedback). <\/p><p>Cria\u00e7\u00e3o alternativa de valor em mat\u00e9ria de RSE: a plataforma alarga a responsabilidade da organiza\u00e7\u00e3o para al\u00e9m do contrato, organizando a transfer\u00eancia de compet\u00eancias, a inclus\u00e3o intergeracional, o apoio \u00e0 empregabilidade e o voluntariado de compet\u00eancias. Este modelo reduz o desperd\u00edcio de conhecimentos, capitalizando o feedback, e serve a marca do empregador atrav\u00e9s de testemunhos e embaixadores. Para algumas ideias operacionais, v\u00ea <a href=\"https:\/\/www.alumni.space\/pt-pt\/o-valor-acrescentado-de-um-programa-de-antigos-alunos-para-a-tua-marca-de-empregador\/\">o programa da marca do empregador<\/a> e uma discuss\u00e3o sobre a<a href=\"https:\/\/www.alumni.space\/pt-pt\/redes-de-antigos-alunos-uma-alavanca-para-a-inovacao-na-tua-empresa\/\">inova\u00e7\u00e3o liderada por antigos alunos<\/a>. Perce\u00e7\u00e3o: o mentoring transforma a responsabilidade social num ativo estrat\u00e9gico, mensur\u00e1vel e comunic\u00e1vel.   <\/p><h2 class=\"wp-block-heading\"><span class=\"ez-toc-section\" id=\"Industrializar_sem_multiplicar_as_ferramentas\"><\/span>Industrializar sem multiplicar as ferramentas<span class=\"ez-toc-section-end\"><\/span><\/h2><p>Problema recorrente: m\u00faltiplas ferramentas e perda de tempo. Abordagem recomendada: escolhe uma plataforma SaaS que consolide perfis, eventos, ofertas, <strong>orienta\u00e7\u00e3o<\/strong>, conte\u00fados e quadros de pessoal. Vantagens para o decisor: poupan\u00e7a de tempo, redu\u00e7\u00e3o dos custos operacionais e governa\u00e7\u00e3o mais f\u00e1cil.  <\/p><p>Estudo de caso: o Instituto Horizon substituiu tr\u00eas ferramentas por uma \u00fanica plataforma, com resultados vis\u00edveis em seis meses atrav\u00e9s de um aumento da taxa de participa\u00e7\u00e3o e de processos de integra\u00e7\u00e3o mais r\u00e1pidos. Para mais inspira\u00e7\u00e3o, l\u00ea sobre os m\u00e9todos de envolvimento na <a href=\"https:\/\/www.alumni.space\/pt-pt\/alumni-como-criar-uma-dinamica-de-rede-sustentavel\/\">anima\u00e7\u00e3o de um alumni din\u00e2mico<\/a> e as etapas de estrutura\u00e7\u00e3o da <a href=\"https:\/\/www.alumni.space\/pt-pt\/como-estruturar-uma-rede-de-antigos-alunos-de-uma-empresa\/\">estrutura da rede de alumni<\/a>. Perce\u00e7\u00e3o: a industrializa\u00e7\u00e3o mant\u00e9m as pessoas no centro, ao mesmo tempo que oferece gest\u00e3o e conformidade.  <\/p><p>Solicita <strong>uma demonstra\u00e7\u00e3o<\/strong>: <a href=\"https:\/\/www.alumni.space\/pt-pt\/dar-vida-a-rede-de-antigos-alunos-para-antecipar-as-mudancas-no-sector\/\">Descobre a plataforma<\/a>. Conclus\u00e3o: come\u00e7ar com um piloto direcionado permite-lhe iterar rapidamente e demonstrar o valor \u00e0 administra\u00e7\u00e3o. <\/p>","protected":false},"excerpt":{"rendered":"<p>Dar vida \u00e0 rede de alumni transforma um caderno de  [&#8230;]<\/p>\n","protected":false},"author":1,"featured_media":5146,"comment_status":"closed","ping_status":"closed","sticky":false,"template":"","format":"standard","meta":{"_ayudawp_aiss_exclude":false,"footnotes":""},"categories":[67],"tags":[],"class_list":["post-5144","post","type-post","status-publish","format-standard","has-post-thumbnail","hentry","category-antigos-alunos"],"yoast_head":"<!-- This site is optimized with the Yoast SEO plugin v27.4 - https:\/\/yoast.com\/product\/yoast-seo-wordpress\/ -->\n<title>Refor\u00e7ar a rede de antigos alunos para antecipar futuros desenvolvimentos no sector<\/title>\n<meta name=\"description\" content=\"Descobre como animar a rede de antigos alunos para antecipar as mudan\u00e7as no sector e refor\u00e7ar as oportunidades profissionais.\" \/>\n<meta name=\"robots\" content=\"index, follow, max-snippet:-1, max-image-preview:large, max-video-preview:-1\" \/>\n<link rel=\"canonical\" href=\"https:\/\/www.alumni.space\/pt-pt\/dar-vida-a-rede-de-antigos-alunos-para-antecipar-as-mudancas-no-sector\/\" \/>\n<meta property=\"og:locale\" content=\"pt_PT\" \/>\n<meta property=\"og:type\" content=\"article\" \/>\n<meta property=\"og:title\" content=\"Refor\u00e7ar a rede de antigos alunos para antecipar futuros desenvolvimentos no sector\" \/>\n<meta property=\"og:description\" content=\"Descobre como animar a rede de antigos alunos para antecipar as mudan\u00e7as no sector e refor\u00e7ar as oportunidades profissionais.\" \/>\n<meta property=\"og:url\" content=\"https:\/\/www.alumni.space\/pt-pt\/dar-vida-a-rede-de-antigos-alunos-para-antecipar-as-mudancas-no-sector\/\" \/>\n<meta property=\"og:site_name\" content=\"Alumni.space\" \/>\n<meta property=\"article:published_time\" content=\"2025-11-11T17:29:29+00:00\" \/>\n<meta property=\"article:modified_time\" content=\"2026-03-28T10:48:06+00:00\" \/>\n<meta property=\"og:image\" content=\"https:\/\/www.alumni.space\/wp-content\/uploads\/2026\/03\/Faire-vivre-le-reseau-alumni-pour-anticiper-les-evolutions-du-secteur.jpg\" \/>\n\t<meta property=\"og:image:width\" content=\"1344\" \/>\n\t<meta property=\"og:image:height\" content=\"768\" \/>\n\t<meta property=\"og:image:type\" content=\"image\/jpeg\" \/>\n<meta name=\"author\" content=\"admin\" \/>\n<meta name=\"twitter:card\" content=\"summary_large_image\" \/>\n<meta name=\"twitter:label1\" content=\"Escrito por\" \/>\n\t<meta name=\"twitter:data1\" content=\"admin\" \/>\n\t<meta name=\"twitter:label2\" content=\"Tempo estimado de leitura\" \/>\n\t<meta name=\"twitter:data2\" content=\"4 minutos\" \/>\n<script type=\"application\/ld+json\" class=\"yoast-schema-graph\">{\"@context\":\"https:\\\/\\\/schema.org\",\"@graph\":[{\"@type\":\"Article\",\"@id\":\"https:\\\/\\\/www.alumni.space\\\/pt-pt\\\/dar-vida-a-rede-de-antigos-alunos-para-antecipar-as-mudancas-no-sector\\\/#article\",\"isPartOf\":{\"@id\":\"https:\\\/\\\/www.alumni.space\\\/pt-pt\\\/dar-vida-a-rede-de-antigos-alunos-para-antecipar-as-mudancas-no-sector\\\/\"},\"author\":{\"name\":\"admin\",\"@id\":\"https:\\\/\\\/www.alumni.space\\\/pt-pt\\\/#\\\/schema\\\/person\\\/fede362a57876edda476a61f05ce5b15\"},\"headline\":\"Dar vida \u00e0 rede de antigos alunos para antecipar as mudan\u00e7as no sector\",\"datePublished\":\"2025-11-11T17:29:29+00:00\",\"dateModified\":\"2026-03-28T10:48:06+00:00\",\"mainEntityOfPage\":{\"@id\":\"https:\\\/\\\/www.alumni.space\\\/pt-pt\\\/dar-vida-a-rede-de-antigos-alunos-para-antecipar-as-mudancas-no-sector\\\/\"},\"wordCount\":759,\"image\":{\"@id\":\"https:\\\/\\\/www.alumni.space\\\/pt-pt\\\/dar-vida-a-rede-de-antigos-alunos-para-antecipar-as-mudancas-no-sector\\\/#primaryimage\"},\"thumbnailUrl\":\"https:\\\/\\\/www.alumni.space\\\/wp-content\\\/uploads\\\/2026\\\/03\\\/Faire-vivre-le-reseau-alumni-pour-anticiper-les-evolutions-du-secteur.jpg\",\"articleSection\":[\"Antigos alunos\"],\"inLanguage\":\"pt-PT\"},{\"@type\":\"WebPage\",\"@id\":\"https:\\\/\\\/www.alumni.space\\\/pt-pt\\\/dar-vida-a-rede-de-antigos-alunos-para-antecipar-as-mudancas-no-sector\\\/\",\"url\":\"https:\\\/\\\/www.alumni.space\\\/pt-pt\\\/dar-vida-a-rede-de-antigos-alunos-para-antecipar-as-mudancas-no-sector\\\/\",\"name\":\"Refor\u00e7ar a rede de antigos alunos para antecipar futuros desenvolvimentos no sector\",\"isPartOf\":{\"@id\":\"https:\\\/\\\/www.alumni.space\\\/pt-pt\\\/#website\"},\"primaryImageOfPage\":{\"@id\":\"https:\\\/\\\/www.alumni.space\\\/pt-pt\\\/dar-vida-a-rede-de-antigos-alunos-para-antecipar-as-mudancas-no-sector\\\/#primaryimage\"},\"image\":{\"@id\":\"https:\\\/\\\/www.alumni.space\\\/pt-pt\\\/dar-vida-a-rede-de-antigos-alunos-para-antecipar-as-mudancas-no-sector\\\/#primaryimage\"},\"thumbnailUrl\":\"https:\\\/\\\/www.alumni.space\\\/wp-content\\\/uploads\\\/2026\\\/03\\\/Faire-vivre-le-reseau-alumni-pour-anticiper-les-evolutions-du-secteur.jpg\",\"datePublished\":\"2025-11-11T17:29:29+00:00\",\"dateModified\":\"2026-03-28T10:48:06+00:00\",\"author\":{\"@id\":\"https:\\\/\\\/www.alumni.space\\\/pt-pt\\\/#\\\/schema\\\/person\\\/fede362a57876edda476a61f05ce5b15\"},\"description\":\"Descobre como animar a rede de antigos alunos para antecipar as mudan\u00e7as no sector e refor\u00e7ar as oportunidades profissionais.\",\"breadcrumb\":{\"@id\":\"https:\\\/\\\/www.alumni.space\\\/pt-pt\\\/dar-vida-a-rede-de-antigos-alunos-para-antecipar-as-mudancas-no-sector\\\/#breadcrumb\"},\"inLanguage\":\"pt-PT\",\"potentialAction\":[{\"@type\":\"ReadAction\",\"target\":[\"https:\\\/\\\/www.alumni.space\\\/pt-pt\\\/dar-vida-a-rede-de-antigos-alunos-para-antecipar-as-mudancas-no-sector\\\/\"]}]},{\"@type\":\"ImageObject\",\"inLanguage\":\"pt-PT\",\"@id\":\"https:\\\/\\\/www.alumni.space\\\/pt-pt\\\/dar-vida-a-rede-de-antigos-alunos-para-antecipar-as-mudancas-no-sector\\\/#primaryimage\",\"url\":\"https:\\\/\\\/www.alumni.space\\\/wp-content\\\/uploads\\\/2026\\\/03\\\/Faire-vivre-le-reseau-alumni-pour-anticiper-les-evolutions-du-secteur.jpg\",\"contentUrl\":\"https:\\\/\\\/www.alumni.space\\\/wp-content\\\/uploads\\\/2026\\\/03\\\/Faire-vivre-le-reseau-alumni-pour-anticiper-les-evolutions-du-secteur.jpg\",\"width\":1344,\"height\":768,\"caption\":\"descobre como gerir uma rede de antigos alunos eficaz para antecipar melhor as mudan\u00e7as e os desenvolvimentos no sector profissional.\"},{\"@type\":\"BreadcrumbList\",\"@id\":\"https:\\\/\\\/www.alumni.space\\\/pt-pt\\\/dar-vida-a-rede-de-antigos-alunos-para-antecipar-as-mudancas-no-sector\\\/#breadcrumb\",\"itemListElement\":[{\"@type\":\"ListItem\",\"position\":1,\"name\":\"Home\",\"item\":\"https:\\\/\\\/www.alumni.space\\\/pt-pt\\\/plataforma-de-gestao-de-mentores-e-antigos-alunos\\\/\"},{\"@type\":\"ListItem\",\"position\":2,\"name\":\"Dar vida \u00e0 rede de antigos alunos para antecipar as mudan\u00e7as no sector\"}]},{\"@type\":\"WebSite\",\"@id\":\"https:\\\/\\\/www.alumni.space\\\/pt-pt\\\/#website\",\"url\":\"https:\\\/\\\/www.alumni.space\\\/pt-pt\\\/\",\"name\":\"Alumni.space\",\"description\":\"My WordPress Blog\",\"potentialAction\":[{\"@type\":\"SearchAction\",\"target\":{\"@type\":\"EntryPoint\",\"urlTemplate\":\"https:\\\/\\\/www.alumni.space\\\/pt-pt\\\/?s={search_term_string}\"},\"query-input\":{\"@type\":\"PropertyValueSpecification\",\"valueRequired\":true,\"valueName\":\"search_term_string\"}}],\"inLanguage\":\"pt-PT\"},{\"@type\":\"Person\",\"@id\":\"https:\\\/\\\/www.alumni.space\\\/pt-pt\\\/#\\\/schema\\\/person\\\/fede362a57876edda476a61f05ce5b15\",\"name\":\"admin\",\"image\":{\"@type\":\"ImageObject\",\"inLanguage\":\"pt-PT\",\"@id\":\"https:\\\/\\\/secure.gravatar.com\\\/avatar\\\/318e234ae94f90d4d629428d6b983c08e31181c28f579e08a021180d759ea651?s=96&d=mm&r=g\",\"url\":\"https:\\\/\\\/secure.gravatar.com\\\/avatar\\\/318e234ae94f90d4d629428d6b983c08e31181c28f579e08a021180d759ea651?s=96&d=mm&r=g\",\"contentUrl\":\"https:\\\/\\\/secure.gravatar.com\\\/avatar\\\/318e234ae94f90d4d629428d6b983c08e31181c28f579e08a021180d759ea651?s=96&d=mm&r=g\",\"caption\":\"admin\"},\"description\":\"Nicolas Laustriat a construit sa sp\u00e9cialit\u00e9 sur un sujet que beaucoup d\u2019organisations d\u00e9couvrent trop tard : ce qui dispara\u00eet quand les gens partent. Dipl\u00f4m\u00e9 en conception de produit industriel, il bifurque vers le digital fin 1996, il couvre les transformations marques, RH, la fid\u00e9lisation, la marque employeur. Sur le terrain, il rep\u00e8re un angle mort r\u00e9current : l\u2019entreprise investit dans le recrutement, la formation, les process\u2026 puis laisse filer le lien au moment du d\u00e9part, avec une perte de savoir et d\u2019influence qui se paie en silence. Il se sp\u00e9cialise alors sur les communaut\u00e9s d\u2019alumni, le mentorat, l\u2019entraide interg\u00e9n\u00e9rationnelle et la transmission d\u2019expertise. Il passe du \u201cconstat\u201d aux m\u00e9thodes : animation, gouvernance, segmentation, rituels, mesure d\u2019engagement, articulation avec la RSE et l\u2019employabilit\u00e9. Il interviewe DRH, responsables formation, directions d\u2019\u00e9coles, associations et fondations, avec une obsession : transformer un r\u00e9seau dormant en m\u00e9canisme utile (cooptation, mentorat, job board, entraide, \u00e9v\u00e9nements, contenus). Son style : direct, orient\u00e9 action, sans folklore. Sa conviction : une communaut\u00e9 n\u2019a pas besoin de bruit, elle a besoin de raisons de revenir.\",\"sameAs\":[\"https:\\\/\\\/www.alumni.space\"]}]}<\/script>\n<!-- \/ Yoast SEO plugin. -->","yoast_head_json":{"title":"Refor\u00e7ar a rede de antigos alunos para antecipar futuros desenvolvimentos no sector","description":"Descobre como animar a rede de antigos alunos para antecipar as mudan\u00e7as no sector e refor\u00e7ar as oportunidades profissionais.","robots":{"index":"index","follow":"follow","max-snippet":"max-snippet:-1","max-image-preview":"max-image-preview:large","max-video-preview":"max-video-preview:-1"},"canonical":"https:\/\/www.alumni.space\/pt-pt\/dar-vida-a-rede-de-antigos-alunos-para-antecipar-as-mudancas-no-sector\/","og_locale":"pt_PT","og_type":"article","og_title":"Refor\u00e7ar a rede de antigos alunos para antecipar futuros desenvolvimentos no sector","og_description":"Descobre como animar a rede de antigos alunos para antecipar as mudan\u00e7as no sector e refor\u00e7ar as oportunidades profissionais.","og_url":"https:\/\/www.alumni.space\/pt-pt\/dar-vida-a-rede-de-antigos-alunos-para-antecipar-as-mudancas-no-sector\/","og_site_name":"Alumni.space","article_published_time":"2025-11-11T17:29:29+00:00","article_modified_time":"2026-03-28T10:48:06+00:00","og_image":[{"width":1344,"height":768,"url":"https:\/\/www.alumni.space\/wp-content\/uploads\/2026\/03\/Faire-vivre-le-reseau-alumni-pour-anticiper-les-evolutions-du-secteur.jpg","type":"image\/jpeg"}],"author":"admin","twitter_card":"summary_large_image","twitter_misc":{"Escrito por":"admin","Tempo estimado de leitura":"4 minutos"},"schema":{"@context":"https:\/\/schema.org","@graph":[{"@type":"Article","@id":"https:\/\/www.alumni.space\/pt-pt\/dar-vida-a-rede-de-antigos-alunos-para-antecipar-as-mudancas-no-sector\/#article","isPartOf":{"@id":"https:\/\/www.alumni.space\/pt-pt\/dar-vida-a-rede-de-antigos-alunos-para-antecipar-as-mudancas-no-sector\/"},"author":{"name":"admin","@id":"https:\/\/www.alumni.space\/pt-pt\/#\/schema\/person\/fede362a57876edda476a61f05ce5b15"},"headline":"Dar vida \u00e0 rede de antigos alunos para antecipar as mudan\u00e7as no sector","datePublished":"2025-11-11T17:29:29+00:00","dateModified":"2026-03-28T10:48:06+00:00","mainEntityOfPage":{"@id":"https:\/\/www.alumni.space\/pt-pt\/dar-vida-a-rede-de-antigos-alunos-para-antecipar-as-mudancas-no-sector\/"},"wordCount":759,"image":{"@id":"https:\/\/www.alumni.space\/pt-pt\/dar-vida-a-rede-de-antigos-alunos-para-antecipar-as-mudancas-no-sector\/#primaryimage"},"thumbnailUrl":"https:\/\/www.alumni.space\/wp-content\/uploads\/2026\/03\/Faire-vivre-le-reseau-alumni-pour-anticiper-les-evolutions-du-secteur.jpg","articleSection":["Antigos alunos"],"inLanguage":"pt-PT"},{"@type":"WebPage","@id":"https:\/\/www.alumni.space\/pt-pt\/dar-vida-a-rede-de-antigos-alunos-para-antecipar-as-mudancas-no-sector\/","url":"https:\/\/www.alumni.space\/pt-pt\/dar-vida-a-rede-de-antigos-alunos-para-antecipar-as-mudancas-no-sector\/","name":"Refor\u00e7ar a rede de antigos alunos para antecipar futuros desenvolvimentos no sector","isPartOf":{"@id":"https:\/\/www.alumni.space\/pt-pt\/#website"},"primaryImageOfPage":{"@id":"https:\/\/www.alumni.space\/pt-pt\/dar-vida-a-rede-de-antigos-alunos-para-antecipar-as-mudancas-no-sector\/#primaryimage"},"image":{"@id":"https:\/\/www.alumni.space\/pt-pt\/dar-vida-a-rede-de-antigos-alunos-para-antecipar-as-mudancas-no-sector\/#primaryimage"},"thumbnailUrl":"https:\/\/www.alumni.space\/wp-content\/uploads\/2026\/03\/Faire-vivre-le-reseau-alumni-pour-anticiper-les-evolutions-du-secteur.jpg","datePublished":"2025-11-11T17:29:29+00:00","dateModified":"2026-03-28T10:48:06+00:00","author":{"@id":"https:\/\/www.alumni.space\/pt-pt\/#\/schema\/person\/fede362a57876edda476a61f05ce5b15"},"description":"Descobre como animar a rede de antigos alunos para antecipar as mudan\u00e7as no sector e refor\u00e7ar as oportunidades profissionais.","breadcrumb":{"@id":"https:\/\/www.alumni.space\/pt-pt\/dar-vida-a-rede-de-antigos-alunos-para-antecipar-as-mudancas-no-sector\/#breadcrumb"},"inLanguage":"pt-PT","potentialAction":[{"@type":"ReadAction","target":["https:\/\/www.alumni.space\/pt-pt\/dar-vida-a-rede-de-antigos-alunos-para-antecipar-as-mudancas-no-sector\/"]}]},{"@type":"ImageObject","inLanguage":"pt-PT","@id":"https:\/\/www.alumni.space\/pt-pt\/dar-vida-a-rede-de-antigos-alunos-para-antecipar-as-mudancas-no-sector\/#primaryimage","url":"https:\/\/www.alumni.space\/wp-content\/uploads\/2026\/03\/Faire-vivre-le-reseau-alumni-pour-anticiper-les-evolutions-du-secteur.jpg","contentUrl":"https:\/\/www.alumni.space\/wp-content\/uploads\/2026\/03\/Faire-vivre-le-reseau-alumni-pour-anticiper-les-evolutions-du-secteur.jpg","width":1344,"height":768,"caption":"descobre como gerir uma rede de antigos alunos eficaz para antecipar melhor as mudan\u00e7as e os desenvolvimentos no sector profissional."},{"@type":"BreadcrumbList","@id":"https:\/\/www.alumni.space\/pt-pt\/dar-vida-a-rede-de-antigos-alunos-para-antecipar-as-mudancas-no-sector\/#breadcrumb","itemListElement":[{"@type":"ListItem","position":1,"name":"Home","item":"https:\/\/www.alumni.space\/pt-pt\/plataforma-de-gestao-de-mentores-e-antigos-alunos\/"},{"@type":"ListItem","position":2,"name":"Dar vida \u00e0 rede de antigos alunos para antecipar as mudan\u00e7as no sector"}]},{"@type":"WebSite","@id":"https:\/\/www.alumni.space\/pt-pt\/#website","url":"https:\/\/www.alumni.space\/pt-pt\/","name":"Alumni.space","description":"My WordPress Blog","potentialAction":[{"@type":"SearchAction","target":{"@type":"EntryPoint","urlTemplate":"https:\/\/www.alumni.space\/pt-pt\/?s={search_term_string}"},"query-input":{"@type":"PropertyValueSpecification","valueRequired":true,"valueName":"search_term_string"}}],"inLanguage":"pt-PT"},{"@type":"Person","@id":"https:\/\/www.alumni.space\/pt-pt\/#\/schema\/person\/fede362a57876edda476a61f05ce5b15","name":"admin","image":{"@type":"ImageObject","inLanguage":"pt-PT","@id":"https:\/\/secure.gravatar.com\/avatar\/318e234ae94f90d4d629428d6b983c08e31181c28f579e08a021180d759ea651?s=96&d=mm&r=g","url":"https:\/\/secure.gravatar.com\/avatar\/318e234ae94f90d4d629428d6b983c08e31181c28f579e08a021180d759ea651?s=96&d=mm&r=g","contentUrl":"https:\/\/secure.gravatar.com\/avatar\/318e234ae94f90d4d629428d6b983c08e31181c28f579e08a021180d759ea651?s=96&d=mm&r=g","caption":"admin"},"description":"Nicolas Laustriat a construit sa sp\u00e9cialit\u00e9 sur un sujet que beaucoup d\u2019organisations d\u00e9couvrent trop tard : ce qui dispara\u00eet quand les gens partent. Dipl\u00f4m\u00e9 en conception de produit industriel, il bifurque vers le digital fin 1996, il couvre les transformations marques, RH, la fid\u00e9lisation, la marque employeur. Sur le terrain, il rep\u00e8re un angle mort r\u00e9current : l\u2019entreprise investit dans le recrutement, la formation, les process\u2026 puis laisse filer le lien au moment du d\u00e9part, avec une perte de savoir et d\u2019influence qui se paie en silence. Il se sp\u00e9cialise alors sur les communaut\u00e9s d\u2019alumni, le mentorat, l\u2019entraide interg\u00e9n\u00e9rationnelle et la transmission d\u2019expertise. Il passe du \u201cconstat\u201d aux m\u00e9thodes : animation, gouvernance, segmentation, rituels, mesure d\u2019engagement, articulation avec la RSE et l\u2019employabilit\u00e9. Il interviewe DRH, responsables formation, directions d\u2019\u00e9coles, associations et fondations, avec une obsession : transformer un r\u00e9seau dormant en m\u00e9canisme utile (cooptation, mentorat, job board, entraide, \u00e9v\u00e9nements, contenus). Son style : direct, orient\u00e9 action, sans folklore. Sa conviction : une communaut\u00e9 n\u2019a pas besoin de bruit, elle a besoin de raisons de revenir.","sameAs":["https:\/\/www.alumni.space"]}]}},"_links":{"self":[{"href":"https:\/\/www.alumni.space\/pt-pt\/wp-json\/wp\/v2\/posts\/5144","targetHints":{"allow":["GET"]}}],"collection":[{"href":"https:\/\/www.alumni.space\/pt-pt\/wp-json\/wp\/v2\/posts"}],"about":[{"href":"https:\/\/www.alumni.space\/pt-pt\/wp-json\/wp\/v2\/types\/post"}],"author":[{"embeddable":true,"href":"https:\/\/www.alumni.space\/pt-pt\/wp-json\/wp\/v2\/users\/1"}],"replies":[{"embeddable":true,"href":"https:\/\/www.alumni.space\/pt-pt\/wp-json\/wp\/v2\/comments?post=5144"}],"version-history":[{"count":2,"href":"https:\/\/www.alumni.space\/pt-pt\/wp-json\/wp\/v2\/posts\/5144\/revisions"}],"predecessor-version":[{"id":6568,"href":"https:\/\/www.alumni.space\/pt-pt\/wp-json\/wp\/v2\/posts\/5144\/revisions\/6568"}],"wp:featuredmedia":[{"embeddable":true,"href":"https:\/\/www.alumni.space\/pt-pt\/wp-json\/wp\/v2\/media\/5146"}],"wp:attachment":[{"href":"https:\/\/www.alumni.space\/pt-pt\/wp-json\/wp\/v2\/media?parent=5144"}],"wp:term":[{"taxonomy":"category","embeddable":true,"href":"https:\/\/www.alumni.space\/pt-pt\/wp-json\/wp\/v2\/categories?post=5144"},{"taxonomy":"post_tag","embeddable":true,"href":"https:\/\/www.alumni.space\/pt-pt\/wp-json\/wp\/v2\/tags?post=5144"}],"curies":[{"name":"wp","href":"https:\/\/api.w.org\/{rel}","templated":true}]}}