{"id":5139,"date":"2025-06-20T00:05:48","date_gmt":"2025-06-20T00:05:48","guid":{"rendered":"https:\/\/www.alumni.space\/como-e-que-podemos-preservar-o-saber-fazer-unico-dos-artesaos-industriais\/"},"modified":"2026-03-28T10:44:22","modified_gmt":"2026-03-28T10:44:22","slug":"como-e-que-podemos-preservar-o-saber-fazer-unico-dos-artesaos-industriais","status":"publish","type":"post","link":"https:\/\/www.alumni.space\/pt-pt\/como-e-que-podemos-preservar-o-saber-fazer-unico-dos-artesaos-industriais\/","title":{"rendered":"Como \u00e9 que podemos preservar o saber-fazer \u00fanico dos artes\u00e3os industriais?"},"content":{"rendered":"<div id=\"ez-toc-container\" class=\"ez-toc-v2_0_82_2 counter-flat ez-toc-counter ez-toc-grey ez-toc-container-direction\">\n<div class=\"ez-toc-title-container\"><p class=\"ez-toc-title\" style=\"cursor:inherit\">\u00cdndice deste artigo:<\/p>\n<\/div><nav><ul class='ez-toc-list ez-toc-list-level-1 ' ><li class='ez-toc-page-1'><a class=\"ez-toc-link ez-toc-heading-1\" href=\"https:\/\/www.alumni.space\/pt-pt\/como-e-que-podemos-preservar-o-saber-fazer-unico-dos-artesaos-industriais\/#Preservar_o_saber-fazer_unico_dos_artesaos_industriais_um_desafio_estrategico\" >Preservar o saber-fazer \u00fanico dos artes\u00e3os industriais: um desafio estrat\u00e9gico<\/a><\/li><li class='ez-toc-page-1'><a class=\"ez-toc-link ez-toc-heading-2\" href=\"https:\/\/www.alumni.space\/pt-pt\/como-e-que-podemos-preservar-o-saber-fazer-unico-dos-artesaos-industriais\/#Os_riscos_associados_a_perda_de_competencias_tradicionais_na_industria\" >Os riscos associados \u00e0 perda de compet\u00eancias tradicionais na ind\u00fastria<\/a><\/li><li class='ez-toc-page-1'><a class=\"ez-toc-link ez-toc-heading-3\" href=\"https:\/\/www.alumni.space\/pt-pt\/como-e-que-podemos-preservar-o-saber-fazer-unico-dos-artesaos-industriais\/#Metodos_testados_e_comprovados_para_garantir_a_transmissao_de_competencias_tradicionais_num_ambiente_industrial\" >M\u00e9todos testados e comprovados para garantir a transmiss\u00e3o de compet\u00eancias tradicionais num ambiente industrial<\/a><\/li><li class='ez-toc-page-1'><a class=\"ez-toc-link ez-toc-heading-4\" href=\"https:\/\/www.alumni.space\/pt-pt\/como-e-que-podemos-preservar-o-saber-fazer-unico-dos-artesaos-industriais\/#Exemplo_de_uma_aplicacao_uma_rede_de_autoajuda_intergeracional\" >Exemplo de uma aplica\u00e7\u00e3o: uma rede de autoajuda intergeracional<\/a><\/li><li class='ez-toc-page-1'><a class=\"ez-toc-link ez-toc-heading-5\" href=\"https:\/\/www.alumni.space\/pt-pt\/como-e-que-podemos-preservar-o-saber-fazer-unico-dos-artesaos-industriais\/#Estruturacao_e_gestao_das_actividades_comunitarias_para_garantir_a_sobrevivencia_a_longo_prazo_do_capital_de_experiencia\" >Estrutura\u00e7\u00e3o e gest\u00e3o das actividades comunit\u00e1rias para garantir a sobreviv\u00eancia a longo prazo do capital de experi\u00eancia<\/a><\/li><\/ul><\/nav><\/div>\n<h2 class=\"wp-block-heading\"><span class=\"ez-toc-section\" id=\"Preservar_o_saber-fazer_unico_dos_artesaos_industriais_um_desafio_estrategico\"><\/span>Preservar o saber-fazer \u00fanico dos artes\u00e3os industriais: um desafio estrat\u00e9gico<span class=\"ez-toc-section-end\"><\/span><\/h2><p>O <strong>saber-fazer<\/strong> dos artes\u00e3os industriais \u00e9 uma parte fundamental do nosso patrim\u00f3nio industrial, combinando tradi\u00e7\u00e3o e inova\u00e7\u00e3o. Perante os desafios da globaliza\u00e7\u00e3o e da transforma\u00e7\u00e3o digital, a <strong>transmiss\u00e3o de compet\u00eancias<\/strong> torna-se vital para manter a qualidade do artesanato e promover o desenvolvimento sustent\u00e1vel da ind\u00fastria. Estes of\u00edcios, muitas vezes caracterizados por t\u00e9cnicas tradicionais precisas, requerem um empenhamento cont\u00ednuo para evitar a perda irrevers\u00edvel dos conhecimentos adquiridos ao longo de v\u00e1rias gera\u00e7\u00f5es.  <\/p><figure class=\"wp-block-image size-full\"><img decoding=\"async\" width=\"1280\" height=\"768\" src=\"https:\/\/www.alumni.space\/wp-content\/uploads\/2026\/03\/Comment-preserver-le-savoir-faire-unique-des-artisans-industriels-1-1.jpg\" data-orig-src=\"https:\/\/www.alumni.space\/wp-content\/uploads\/2026\/03\/Comment-preserver-le-savoir-faire-unique-des-artisans-industriels-1-1.jpg\" alt=\"descobrir estrat\u00e9gias eficazes para preservar e promover o saber-fazer \u00fanico dos artes\u00e3os industriais e assegurar a transmiss\u00e3o das suas compet\u00eancias excepcionais.\" class=\"lazyload wp-image-3267\" srcset=\"data:image\/svg+xml,%3Csvg%20xmlns%3D%27http%3A%2F%2Fwww.w3.org%2F2000%2Fsvg%27%20width%3D%271280%27%20height%3D%27768%27%20viewBox%3D%270%200%201280%20768%27%3E%3Crect%20width%3D%271280%27%20height%3D%27768%27%20fill-opacity%3D%220%22%2F%3E%3C%2Fsvg%3E\" data-srcset=\"https:\/\/www.alumni.space\/wp-content\/uploads\/2026\/03\/Comment-preserver-le-savoir-faire-unique-des-artisans-industriels-1-1-200x120.jpg 200w, https:\/\/www.alumni.space\/wp-content\/uploads\/2026\/03\/Comment-preserver-le-savoir-faire-unique-des-artisans-industriels-1-1-300x180.jpg 300w, https:\/\/www.alumni.space\/wp-content\/uploads\/2026\/03\/Comment-preserver-le-savoir-faire-unique-des-artisans-industriels-1-1-400x240.jpg 400w, https:\/\/www.alumni.space\/wp-content\/uploads\/2026\/03\/Comment-preserver-le-savoir-faire-unique-des-artisans-industriels-1-1-600x360.jpg 600w, https:\/\/www.alumni.space\/wp-content\/uploads\/2026\/03\/Comment-preserver-le-savoir-faire-unique-des-artisans-industriels-1-1-768x461.jpg 768w, https:\/\/www.alumni.space\/wp-content\/uploads\/2026\/03\/Comment-preserver-le-savoir-faire-unique-des-artisans-industriels-1-1-800x480.jpg 800w, https:\/\/www.alumni.space\/wp-content\/uploads\/2026\/03\/Comment-preserver-le-savoir-faire-unique-des-artisans-industriels-1-1-1024x614.jpg 1024w, https:\/\/www.alumni.space\/wp-content\/uploads\/2026\/03\/Comment-preserver-le-savoir-faire-unique-des-artisans-industriels-1-1-1200x720.jpg 1200w, https:\/\/www.alumni.space\/wp-content\/uploads\/2026\/03\/Comment-preserver-le-savoir-faire-unique-des-artisans-industriels-1-1.jpg 1280w\" data-sizes=\"auto\" data-orig-sizes=\"(max-width: 1280px) 100vw, 1280px\" \/><\/figure><h3 class=\"wp-block-heading\"><span class=\"ez-toc-section\" id=\"Os_riscos_associados_a_perda_de_competencias_tradicionais_na_industria\"><\/span>Os riscos associados \u00e0 perda de compet\u00eancias tradicionais na ind\u00fastria<span class=\"ez-toc-section-end\"><\/span><\/h3><p>O desaparecimento progressivo de artes\u00e3os industriais experientes cria um risco importante: a dilui\u00e7\u00e3o do nosso patrim\u00f3nio industrial. Isto tem um impacto direto na qualidade dos produtos e dificulta a inova\u00e7\u00e3o no sector artesanal, dada a complexidade dos processos t\u00e9cnicos envolvidos, que nem sempre s\u00e3o documentados. Numa altura em que <strong>a forma\u00e7\u00e3o profissional<\/strong> tem dificuldade em integrar curr\u00edculos adequados, muitas PME industriais v\u00eaem os seus processos enfraquecidos por uma quebra na continuidade do conhecimento.  <\/p><p>Estas perdas n\u00e3o s\u00e3o apenas internas. Afectam tamb\u00e9m a imagem e a competitividade das empresas, ao mesmo tempo que aumentam os custos associados \u00e0 qualidade e \u00e0 manuten\u00e7\u00e3o dos equipamentos. A introdu\u00e7\u00e3o de ferramentas de gest\u00e3o e de anima\u00e7\u00e3o das comunidades entre antigos e novos colaboradores \u00e9, pois, uma estrat\u00e9gia preciosa para gerir eficazmente este capital de experi\u00eancia.  <\/p><h2 class=\"wp-block-heading\"><span class=\"ez-toc-section\" id=\"Metodos_testados_e_comprovados_para_garantir_a_transmissao_de_competencias_tradicionais_num_ambiente_industrial\"><\/span>M\u00e9todos testados e comprovados para garantir a transmiss\u00e3o de compet\u00eancias tradicionais num ambiente industrial<span class=\"ez-toc-section-end\"><\/span><\/h2><p>A organiza\u00e7\u00e3o de um processo de transfer\u00eancia estruturado implica uma defini\u00e7\u00e3o clara dos <strong>pap\u00e9is e das responsabilidades<\/strong>, bem como um calend\u00e1rio preciso e rituais adequados. A coopta\u00e7\u00e3o de mentores da comunidade de antigos trabalhadores contribui para refor\u00e7ar a liga\u00e7\u00e3o entre gera\u00e7\u00f5es e otimizar a aprendizagem entre pares. Esta abordagem contribui igualmente para reduzir a rota\u00e7\u00e3o do pessoal e favorece o empenhamento a longo prazo.  <\/p><p>A integra\u00e7\u00e3o de uma plataforma SaaS dedicada \u00e0 gest\u00e3o de comunidades de artes\u00e3os e especialistas facilita a gest\u00e3o destas ac\u00e7\u00f5es, centralizando perfis, ofertas, <strong>conte\u00fados<\/strong> e projectos de colabora\u00e7\u00e3o. Ao automatizar certas etapas, os decisores poupam tempo e melhoram a conformidade na gest\u00e3o das compet\u00eancias sens\u00edveis. <\/p><h3 class=\"wp-block-heading\"><span class=\"ez-toc-section\" id=\"Exemplo_de_uma_aplicacao_uma_rede_de_autoajuda_intergeracional\"><\/span>Exemplo de uma aplica\u00e7\u00e3o: uma rede de autoajuda intergeracional<span class=\"ez-toc-section-end\"><\/span><\/h3><p>Uma empresa industrial do sector da mec\u00e2nica criou recentemente um programa de tutoria atrav\u00e9s de uma plataforma digital. Os artes\u00e3os mais experientes partilham os seus conhecimentos sobre as <strong>t\u00e9cnicas tradicionais<\/strong>, enquanto orientam os jovens recrutas. Esta iniciativa facilitou a integra\u00e7\u00e3o de novas equipas, promoveu a qualidade do trabalho artesanal e refor\u00e7ou a cultura de preserva\u00e7\u00e3o do patrim\u00f3nio industrial da empresa.  <\/p><p>Esta implementa\u00e7\u00e3o evidencia o facto de a gest\u00e3o da mem\u00f3ria organizacional, combinada com eventos regulares e um <strong>quadro de empregos<\/strong> interno, ajudar a consolidar a identidade profissional, estimulando simultaneamente a inova\u00e7\u00e3o e o desenvolvimento sustent\u00e1vel.<\/p><h2 class=\"wp-block-heading\"><span class=\"ez-toc-section\" id=\"Estruturacao_e_gestao_das_actividades_comunitarias_para_garantir_a_sobrevivencia_a_longo_prazo_do_capital_de_experiencia\"><\/span>Estrutura\u00e7\u00e3o e gest\u00e3o das actividades comunit\u00e1rias para garantir a sobreviv\u00eancia a longo prazo do capital de experi\u00eancia<span class=\"ez-toc-section-end\"><\/span><\/h2><p>A governa\u00e7\u00e3o destas redes baseia-se em indicadores-chave de desempenho precisos, que medem a ado\u00e7\u00e3o de ferramentas, o n\u00famero de pares activos e o feedback qualitativo sobre a transmiss\u00e3o. Esta abordagem estruturada favorece o acompanhamento regular e a aplica\u00e7\u00e3o de medidas corretivas r\u00e1pidas. <\/p><p>A ado\u00e7\u00e3o de uma segmenta\u00e7\u00e3o fina dos perfis &#8211; artes\u00e3os industriais, formadores internos, peritos em RSE &#8211; permite definir percursos de desenvolvimento adequados e maximizar o impacto dos interc\u00e2mbios. A gest\u00e3o centralizada atrav\u00e9s de uma \u00fanica plataforma evita a dispers\u00e3o de dados e reduz os custos operacionais associados \u00e0 utiliza\u00e7\u00e3o de v\u00e1rias ferramentas diferentes. <\/p><p>Deste modo, os decisores de RH, os gestores das CES e os diretores das escolas t\u00e9cnicas beneficiam de um ambiente digital completo para incentivar din\u00e2micas participativas, garantindo a continuidade e a valoriza\u00e7\u00e3o do saber-fazer industrial.<\/p><p>Descobre <a href=\"https:\/\/www.alumni.space\/pt-pt\/como-e-que-podemos-preservar-o-saber-fazer-unico-dos-artesaos-industriais\/\">como uma plataforma SaaS facilita a preserva\u00e7\u00e3o do know-how tradicional<\/a> e desempenha um papel tang\u00edvel na prote\u00e7\u00e3o deste capital intang\u00edvel.<br\/><a href=\"https:\/\/kobeya.fr\/gestion-savoir-faire\">A gest\u00e3o eficaz do know-how industrial requer solu\u00e7\u00f5es inovadoras adaptadas aos desafios actuais<\/a>, particularmente em sectores confrontados com elevados n\u00edveis de tecnologia e requisitos de qualidade crescentes.<\/p>","protected":false},"excerpt":{"rendered":"<p>Preservar o saber-fazer \u00fanico dos artes\u00e3os industriais: um desafio estrat\u00e9gicoO  [&#8230;]<\/p>\n","protected":false},"author":1,"featured_media":5141,"comment_status":"closed","ping_status":"closed","sticky":false,"template":"","format":"standard","meta":{"_ayudawp_aiss_exclude":false,"footnotes":""},"categories":[69],"tags":[],"class_list":["post-5139","post","type-post","status-publish","format-standard","has-post-thumbnail","hentry","category-partilha-de-conhecimentos"],"yoast_head":"<!-- This site is optimized with the Yoast SEO plugin v27.4 - https:\/\/yoast.com\/product\/yoast-seo-wordpress\/ -->\n<title>Preserva o artesanato industrial excecional<\/title>\n<meta name=\"description\" content=\"Descobre como preservar o saber-fazer \u00fanico dos artes\u00e3os industriais para garantir a qualidade, a tradi\u00e7\u00e3o e a inova\u00e7\u00e3o sustent\u00e1vel.\" \/>\n<meta name=\"robots\" content=\"index, follow, max-snippet:-1, max-image-preview:large, max-video-preview:-1\" \/>\n<link rel=\"canonical\" href=\"https:\/\/www.alumni.space\/pt-pt\/como-e-que-podemos-preservar-o-saber-fazer-unico-dos-artesaos-industriais\/\" \/>\n<meta property=\"og:locale\" content=\"pt_PT\" \/>\n<meta property=\"og:type\" content=\"article\" \/>\n<meta property=\"og:title\" content=\"Preserva o artesanato industrial excecional\" \/>\n<meta property=\"og:description\" content=\"Descobre como preservar o saber-fazer \u00fanico dos artes\u00e3os industriais para garantir a qualidade, a tradi\u00e7\u00e3o e a inova\u00e7\u00e3o sustent\u00e1vel.\" \/>\n<meta property=\"og:url\" content=\"https:\/\/www.alumni.space\/pt-pt\/como-e-que-podemos-preservar-o-saber-fazer-unico-dos-artesaos-industriais\/\" \/>\n<meta property=\"og:site_name\" content=\"Alumni.space\" \/>\n<meta property=\"article:published_time\" content=\"2025-06-20T00:05:48+00:00\" \/>\n<meta property=\"article:modified_time\" content=\"2026-03-28T10:44:22+00:00\" \/>\n<meta property=\"og:image\" content=\"https:\/\/www.alumni.space\/wp-content\/uploads\/2026\/03\/Comment-preserver-le-savoir-faire-unique-des-artisans-industriels-.jpg\" \/>\n\t<meta property=\"og:image:width\" content=\"1280\" \/>\n\t<meta property=\"og:image:height\" content=\"768\" \/>\n\t<meta property=\"og:image:type\" content=\"image\/jpeg\" \/>\n<meta name=\"author\" content=\"admin\" \/>\n<meta name=\"twitter:card\" content=\"summary_large_image\" \/>\n<meta name=\"twitter:label1\" content=\"Escrito por\" \/>\n\t<meta name=\"twitter:data1\" content=\"admin\" \/>\n\t<meta name=\"twitter:label2\" content=\"Tempo estimado de leitura\" \/>\n\t<meta name=\"twitter:data2\" content=\"4 minutos\" \/>\n<script type=\"application\/ld+json\" class=\"yoast-schema-graph\">{\"@context\":\"https:\\\/\\\/schema.org\",\"@graph\":[{\"@type\":\"Article\",\"@id\":\"https:\\\/\\\/www.alumni.space\\\/pt-pt\\\/como-e-que-podemos-preservar-o-saber-fazer-unico-dos-artesaos-industriais\\\/#article\",\"isPartOf\":{\"@id\":\"https:\\\/\\\/www.alumni.space\\\/pt-pt\\\/como-e-que-podemos-preservar-o-saber-fazer-unico-dos-artesaos-industriais\\\/\"},\"author\":{\"name\":\"admin\",\"@id\":\"https:\\\/\\\/www.alumni.space\\\/pt-pt\\\/#\\\/schema\\\/person\\\/fede362a57876edda476a61f05ce5b15\"},\"headline\":\"Como \u00e9 que podemos preservar o saber-fazer \u00fanico dos artes\u00e3os industriais?\",\"datePublished\":\"2025-06-20T00:05:48+00:00\",\"dateModified\":\"2026-03-28T10:44:22+00:00\",\"mainEntityOfPage\":{\"@id\":\"https:\\\/\\\/www.alumni.space\\\/pt-pt\\\/como-e-que-podemos-preservar-o-saber-fazer-unico-dos-artesaos-industriais\\\/\"},\"wordCount\":754,\"image\":{\"@id\":\"https:\\\/\\\/www.alumni.space\\\/pt-pt\\\/como-e-que-podemos-preservar-o-saber-fazer-unico-dos-artesaos-industriais\\\/#primaryimage\"},\"thumbnailUrl\":\"https:\\\/\\\/www.alumni.space\\\/wp-content\\\/uploads\\\/2026\\\/03\\\/Comment-preserver-le-savoir-faire-unique-des-artisans-industriels-.jpg\",\"articleSection\":[\"Partilha de conhecimentos\"],\"inLanguage\":\"pt-PT\"},{\"@type\":\"WebPage\",\"@id\":\"https:\\\/\\\/www.alumni.space\\\/pt-pt\\\/como-e-que-podemos-preservar-o-saber-fazer-unico-dos-artesaos-industriais\\\/\",\"url\":\"https:\\\/\\\/www.alumni.space\\\/pt-pt\\\/como-e-que-podemos-preservar-o-saber-fazer-unico-dos-artesaos-industriais\\\/\",\"name\":\"Preserva o artesanato industrial excecional\",\"isPartOf\":{\"@id\":\"https:\\\/\\\/www.alumni.space\\\/pt-pt\\\/#website\"},\"primaryImageOfPage\":{\"@id\":\"https:\\\/\\\/www.alumni.space\\\/pt-pt\\\/como-e-que-podemos-preservar-o-saber-fazer-unico-dos-artesaos-industriais\\\/#primaryimage\"},\"image\":{\"@id\":\"https:\\\/\\\/www.alumni.space\\\/pt-pt\\\/como-e-que-podemos-preservar-o-saber-fazer-unico-dos-artesaos-industriais\\\/#primaryimage\"},\"thumbnailUrl\":\"https:\\\/\\\/www.alumni.space\\\/wp-content\\\/uploads\\\/2026\\\/03\\\/Comment-preserver-le-savoir-faire-unique-des-artisans-industriels-.jpg\",\"datePublished\":\"2025-06-20T00:05:48+00:00\",\"dateModified\":\"2026-03-28T10:44:22+00:00\",\"author\":{\"@id\":\"https:\\\/\\\/www.alumni.space\\\/pt-pt\\\/#\\\/schema\\\/person\\\/fede362a57876edda476a61f05ce5b15\"},\"description\":\"Descobre como preservar o saber-fazer \u00fanico dos artes\u00e3os industriais para garantir a qualidade, a tradi\u00e7\u00e3o e a inova\u00e7\u00e3o sustent\u00e1vel.\",\"breadcrumb\":{\"@id\":\"https:\\\/\\\/www.alumni.space\\\/pt-pt\\\/como-e-que-podemos-preservar-o-saber-fazer-unico-dos-artesaos-industriais\\\/#breadcrumb\"},\"inLanguage\":\"pt-PT\",\"potentialAction\":[{\"@type\":\"ReadAction\",\"target\":[\"https:\\\/\\\/www.alumni.space\\\/pt-pt\\\/como-e-que-podemos-preservar-o-saber-fazer-unico-dos-artesaos-industriais\\\/\"]}]},{\"@type\":\"ImageObject\",\"inLanguage\":\"pt-PT\",\"@id\":\"https:\\\/\\\/www.alumni.space\\\/pt-pt\\\/como-e-que-podemos-preservar-o-saber-fazer-unico-dos-artesaos-industriais\\\/#primaryimage\",\"url\":\"https:\\\/\\\/www.alumni.space\\\/wp-content\\\/uploads\\\/2026\\\/03\\\/Comment-preserver-le-savoir-faire-unique-des-artisans-industriels-.jpg\",\"contentUrl\":\"https:\\\/\\\/www.alumni.space\\\/wp-content\\\/uploads\\\/2026\\\/03\\\/Comment-preserver-le-savoir-faire-unique-des-artisans-industriels-.jpg\",\"width\":1280,\"height\":768,\"caption\":\"descobrir estrat\u00e9gias eficazes para preservar e valorizar o saber-fazer \u00fanico dos artes\u00e3os industriais, garantindo assim a transmiss\u00e3o de compet\u00eancias e a inova\u00e7\u00e3o no sector industrial.\"},{\"@type\":\"BreadcrumbList\",\"@id\":\"https:\\\/\\\/www.alumni.space\\\/pt-pt\\\/como-e-que-podemos-preservar-o-saber-fazer-unico-dos-artesaos-industriais\\\/#breadcrumb\",\"itemListElement\":[{\"@type\":\"ListItem\",\"position\":1,\"name\":\"Home\",\"item\":\"https:\\\/\\\/www.alumni.space\\\/pt-pt\\\/plataforma-de-gestao-de-mentores-e-antigos-alunos\\\/\"},{\"@type\":\"ListItem\",\"position\":2,\"name\":\"Como \u00e9 que podemos preservar o saber-fazer \u00fanico dos artes\u00e3os industriais?\"}]},{\"@type\":\"WebSite\",\"@id\":\"https:\\\/\\\/www.alumni.space\\\/pt-pt\\\/#website\",\"url\":\"https:\\\/\\\/www.alumni.space\\\/pt-pt\\\/\",\"name\":\"Alumni.space\",\"description\":\"My WordPress Blog\",\"potentialAction\":[{\"@type\":\"SearchAction\",\"target\":{\"@type\":\"EntryPoint\",\"urlTemplate\":\"https:\\\/\\\/www.alumni.space\\\/pt-pt\\\/?s={search_term_string}\"},\"query-input\":{\"@type\":\"PropertyValueSpecification\",\"valueRequired\":true,\"valueName\":\"search_term_string\"}}],\"inLanguage\":\"pt-PT\"},{\"@type\":\"Person\",\"@id\":\"https:\\\/\\\/www.alumni.space\\\/pt-pt\\\/#\\\/schema\\\/person\\\/fede362a57876edda476a61f05ce5b15\",\"name\":\"admin\",\"image\":{\"@type\":\"ImageObject\",\"inLanguage\":\"pt-PT\",\"@id\":\"https:\\\/\\\/secure.gravatar.com\\\/avatar\\\/318e234ae94f90d4d629428d6b983c08e31181c28f579e08a021180d759ea651?s=96&d=mm&r=g\",\"url\":\"https:\\\/\\\/secure.gravatar.com\\\/avatar\\\/318e234ae94f90d4d629428d6b983c08e31181c28f579e08a021180d759ea651?s=96&d=mm&r=g\",\"contentUrl\":\"https:\\\/\\\/secure.gravatar.com\\\/avatar\\\/318e234ae94f90d4d629428d6b983c08e31181c28f579e08a021180d759ea651?s=96&d=mm&r=g\",\"caption\":\"admin\"},\"description\":\"Nicolas Laustriat a construit sa sp\u00e9cialit\u00e9 sur un sujet que beaucoup d\u2019organisations d\u00e9couvrent trop tard : ce qui dispara\u00eet quand les gens partent. Dipl\u00f4m\u00e9 en conception de produit industriel, il bifurque vers le digital fin 1996, il couvre les transformations marques, RH, la fid\u00e9lisation, la marque employeur. Sur le terrain, il rep\u00e8re un angle mort r\u00e9current : l\u2019entreprise investit dans le recrutement, la formation, les process\u2026 puis laisse filer le lien au moment du d\u00e9part, avec une perte de savoir et d\u2019influence qui se paie en silence. Il se sp\u00e9cialise alors sur les communaut\u00e9s d\u2019alumni, le mentorat, l\u2019entraide interg\u00e9n\u00e9rationnelle et la transmission d\u2019expertise. Il passe du \u201cconstat\u201d aux m\u00e9thodes : animation, gouvernance, segmentation, rituels, mesure d\u2019engagement, articulation avec la RSE et l\u2019employabilit\u00e9. Il interviewe DRH, responsables formation, directions d\u2019\u00e9coles, associations et fondations, avec une obsession : transformer un r\u00e9seau dormant en m\u00e9canisme utile (cooptation, mentorat, job board, entraide, \u00e9v\u00e9nements, contenus). Son style : direct, orient\u00e9 action, sans folklore. Sa conviction : une communaut\u00e9 n\u2019a pas besoin de bruit, elle a besoin de raisons de revenir.\",\"sameAs\":[\"https:\\\/\\\/www.alumni.space\"]}]}<\/script>\n<!-- \/ Yoast SEO plugin. -->","yoast_head_json":{"title":"Preserva o artesanato industrial excecional","description":"Descobre como preservar o saber-fazer \u00fanico dos artes\u00e3os industriais para garantir a qualidade, a tradi\u00e7\u00e3o e a inova\u00e7\u00e3o sustent\u00e1vel.","robots":{"index":"index","follow":"follow","max-snippet":"max-snippet:-1","max-image-preview":"max-image-preview:large","max-video-preview":"max-video-preview:-1"},"canonical":"https:\/\/www.alumni.space\/pt-pt\/como-e-que-podemos-preservar-o-saber-fazer-unico-dos-artesaos-industriais\/","og_locale":"pt_PT","og_type":"article","og_title":"Preserva o artesanato industrial excecional","og_description":"Descobre como preservar o saber-fazer \u00fanico dos artes\u00e3os industriais para garantir a qualidade, a tradi\u00e7\u00e3o e a inova\u00e7\u00e3o sustent\u00e1vel.","og_url":"https:\/\/www.alumni.space\/pt-pt\/como-e-que-podemos-preservar-o-saber-fazer-unico-dos-artesaos-industriais\/","og_site_name":"Alumni.space","article_published_time":"2025-06-20T00:05:48+00:00","article_modified_time":"2026-03-28T10:44:22+00:00","og_image":[{"width":1280,"height":768,"url":"https:\/\/www.alumni.space\/wp-content\/uploads\/2026\/03\/Comment-preserver-le-savoir-faire-unique-des-artisans-industriels-.jpg","type":"image\/jpeg"}],"author":"admin","twitter_card":"summary_large_image","twitter_misc":{"Escrito por":"admin","Tempo estimado de leitura":"4 minutos"},"schema":{"@context":"https:\/\/schema.org","@graph":[{"@type":"Article","@id":"https:\/\/www.alumni.space\/pt-pt\/como-e-que-podemos-preservar-o-saber-fazer-unico-dos-artesaos-industriais\/#article","isPartOf":{"@id":"https:\/\/www.alumni.space\/pt-pt\/como-e-que-podemos-preservar-o-saber-fazer-unico-dos-artesaos-industriais\/"},"author":{"name":"admin","@id":"https:\/\/www.alumni.space\/pt-pt\/#\/schema\/person\/fede362a57876edda476a61f05ce5b15"},"headline":"Como \u00e9 que podemos preservar o saber-fazer \u00fanico dos artes\u00e3os industriais?","datePublished":"2025-06-20T00:05:48+00:00","dateModified":"2026-03-28T10:44:22+00:00","mainEntityOfPage":{"@id":"https:\/\/www.alumni.space\/pt-pt\/como-e-que-podemos-preservar-o-saber-fazer-unico-dos-artesaos-industriais\/"},"wordCount":754,"image":{"@id":"https:\/\/www.alumni.space\/pt-pt\/como-e-que-podemos-preservar-o-saber-fazer-unico-dos-artesaos-industriais\/#primaryimage"},"thumbnailUrl":"https:\/\/www.alumni.space\/wp-content\/uploads\/2026\/03\/Comment-preserver-le-savoir-faire-unique-des-artisans-industriels-.jpg","articleSection":["Partilha de conhecimentos"],"inLanguage":"pt-PT"},{"@type":"WebPage","@id":"https:\/\/www.alumni.space\/pt-pt\/como-e-que-podemos-preservar-o-saber-fazer-unico-dos-artesaos-industriais\/","url":"https:\/\/www.alumni.space\/pt-pt\/como-e-que-podemos-preservar-o-saber-fazer-unico-dos-artesaos-industriais\/","name":"Preserva o artesanato industrial excecional","isPartOf":{"@id":"https:\/\/www.alumni.space\/pt-pt\/#website"},"primaryImageOfPage":{"@id":"https:\/\/www.alumni.space\/pt-pt\/como-e-que-podemos-preservar-o-saber-fazer-unico-dos-artesaos-industriais\/#primaryimage"},"image":{"@id":"https:\/\/www.alumni.space\/pt-pt\/como-e-que-podemos-preservar-o-saber-fazer-unico-dos-artesaos-industriais\/#primaryimage"},"thumbnailUrl":"https:\/\/www.alumni.space\/wp-content\/uploads\/2026\/03\/Comment-preserver-le-savoir-faire-unique-des-artisans-industriels-.jpg","datePublished":"2025-06-20T00:05:48+00:00","dateModified":"2026-03-28T10:44:22+00:00","author":{"@id":"https:\/\/www.alumni.space\/pt-pt\/#\/schema\/person\/fede362a57876edda476a61f05ce5b15"},"description":"Descobre como preservar o saber-fazer \u00fanico dos artes\u00e3os industriais para garantir a qualidade, a tradi\u00e7\u00e3o e a inova\u00e7\u00e3o sustent\u00e1vel.","breadcrumb":{"@id":"https:\/\/www.alumni.space\/pt-pt\/como-e-que-podemos-preservar-o-saber-fazer-unico-dos-artesaos-industriais\/#breadcrumb"},"inLanguage":"pt-PT","potentialAction":[{"@type":"ReadAction","target":["https:\/\/www.alumni.space\/pt-pt\/como-e-que-podemos-preservar-o-saber-fazer-unico-dos-artesaos-industriais\/"]}]},{"@type":"ImageObject","inLanguage":"pt-PT","@id":"https:\/\/www.alumni.space\/pt-pt\/como-e-que-podemos-preservar-o-saber-fazer-unico-dos-artesaos-industriais\/#primaryimage","url":"https:\/\/www.alumni.space\/wp-content\/uploads\/2026\/03\/Comment-preserver-le-savoir-faire-unique-des-artisans-industriels-.jpg","contentUrl":"https:\/\/www.alumni.space\/wp-content\/uploads\/2026\/03\/Comment-preserver-le-savoir-faire-unique-des-artisans-industriels-.jpg","width":1280,"height":768,"caption":"descobrir estrat\u00e9gias eficazes para preservar e valorizar o saber-fazer \u00fanico dos artes\u00e3os industriais, garantindo assim a transmiss\u00e3o de compet\u00eancias e a inova\u00e7\u00e3o no sector industrial."},{"@type":"BreadcrumbList","@id":"https:\/\/www.alumni.space\/pt-pt\/como-e-que-podemos-preservar-o-saber-fazer-unico-dos-artesaos-industriais\/#breadcrumb","itemListElement":[{"@type":"ListItem","position":1,"name":"Home","item":"https:\/\/www.alumni.space\/pt-pt\/plataforma-de-gestao-de-mentores-e-antigos-alunos\/"},{"@type":"ListItem","position":2,"name":"Como \u00e9 que podemos preservar o saber-fazer \u00fanico dos artes\u00e3os industriais?"}]},{"@type":"WebSite","@id":"https:\/\/www.alumni.space\/pt-pt\/#website","url":"https:\/\/www.alumni.space\/pt-pt\/","name":"Alumni.space","description":"My WordPress Blog","potentialAction":[{"@type":"SearchAction","target":{"@type":"EntryPoint","urlTemplate":"https:\/\/www.alumni.space\/pt-pt\/?s={search_term_string}"},"query-input":{"@type":"PropertyValueSpecification","valueRequired":true,"valueName":"search_term_string"}}],"inLanguage":"pt-PT"},{"@type":"Person","@id":"https:\/\/www.alumni.space\/pt-pt\/#\/schema\/person\/fede362a57876edda476a61f05ce5b15","name":"admin","image":{"@type":"ImageObject","inLanguage":"pt-PT","@id":"https:\/\/secure.gravatar.com\/avatar\/318e234ae94f90d4d629428d6b983c08e31181c28f579e08a021180d759ea651?s=96&d=mm&r=g","url":"https:\/\/secure.gravatar.com\/avatar\/318e234ae94f90d4d629428d6b983c08e31181c28f579e08a021180d759ea651?s=96&d=mm&r=g","contentUrl":"https:\/\/secure.gravatar.com\/avatar\/318e234ae94f90d4d629428d6b983c08e31181c28f579e08a021180d759ea651?s=96&d=mm&r=g","caption":"admin"},"description":"Nicolas Laustriat a construit sa sp\u00e9cialit\u00e9 sur un sujet que beaucoup d\u2019organisations d\u00e9couvrent trop tard : ce qui dispara\u00eet quand les gens partent. Dipl\u00f4m\u00e9 en conception de produit industriel, il bifurque vers le digital fin 1996, il couvre les transformations marques, RH, la fid\u00e9lisation, la marque employeur. Sur le terrain, il rep\u00e8re un angle mort r\u00e9current : l\u2019entreprise investit dans le recrutement, la formation, les process\u2026 puis laisse filer le lien au moment du d\u00e9part, avec une perte de savoir et d\u2019influence qui se paie en silence. Il se sp\u00e9cialise alors sur les communaut\u00e9s d\u2019alumni, le mentorat, l\u2019entraide interg\u00e9n\u00e9rationnelle et la transmission d\u2019expertise. Il passe du \u201cconstat\u201d aux m\u00e9thodes : animation, gouvernance, segmentation, rituels, mesure d\u2019engagement, articulation avec la RSE et l\u2019employabilit\u00e9. Il interviewe DRH, responsables formation, directions d\u2019\u00e9coles, associations et fondations, avec une obsession : transformer un r\u00e9seau dormant en m\u00e9canisme utile (cooptation, mentorat, job board, entraide, \u00e9v\u00e9nements, contenus). Son style : direct, orient\u00e9 action, sans folklore. Sa conviction : une communaut\u00e9 n\u2019a pas besoin de bruit, elle a besoin de raisons de revenir.","sameAs":["https:\/\/www.alumni.space"]}]}},"_links":{"self":[{"href":"https:\/\/www.alumni.space\/pt-pt\/wp-json\/wp\/v2\/posts\/5139","targetHints":{"allow":["GET"]}}],"collection":[{"href":"https:\/\/www.alumni.space\/pt-pt\/wp-json\/wp\/v2\/posts"}],"about":[{"href":"https:\/\/www.alumni.space\/pt-pt\/wp-json\/wp\/v2\/types\/post"}],"author":[{"embeddable":true,"href":"https:\/\/www.alumni.space\/pt-pt\/wp-json\/wp\/v2\/users\/1"}],"replies":[{"embeddable":true,"href":"https:\/\/www.alumni.space\/pt-pt\/wp-json\/wp\/v2\/comments?post=5139"}],"version-history":[{"count":1,"href":"https:\/\/www.alumni.space\/pt-pt\/wp-json\/wp\/v2\/posts\/5139\/revisions"}],"predecessor-version":[{"id":5143,"href":"https:\/\/www.alumni.space\/pt-pt\/wp-json\/wp\/v2\/posts\/5139\/revisions\/5143"}],"wp:featuredmedia":[{"embeddable":true,"href":"https:\/\/www.alumni.space\/pt-pt\/wp-json\/wp\/v2\/media\/5141"}],"wp:attachment":[{"href":"https:\/\/www.alumni.space\/pt-pt\/wp-json\/wp\/v2\/media?parent=5139"}],"wp:term":[{"taxonomy":"category","embeddable":true,"href":"https:\/\/www.alumni.space\/pt-pt\/wp-json\/wp\/v2\/categories?post=5139"},{"taxonomy":"post_tag","embeddable":true,"href":"https:\/\/www.alumni.space\/pt-pt\/wp-json\/wp\/v2\/tags?post=5139"}],"curies":[{"name":"wp","href":"https:\/\/api.w.org\/{rel}","templated":true}]}}