{"id":5126,"date":"2025-09-08T01:23:00","date_gmt":"2025-09-08T01:23:00","guid":{"rendered":"https:\/\/www.alumni.space\/como-incluir-os-teus-antigos-empregados-na-tua-estrategia-de-formacao\/"},"modified":"2026-03-28T10:46:43","modified_gmt":"2026-03-28T10:46:43","slug":"como-incluir-os-teus-antigos-empregados-na-tua-estrategia-de-formacao","status":"publish","type":"post","link":"https:\/\/www.alumni.space\/pt-pt\/como-incluir-os-teus-antigos-empregados-na-tua-estrategia-de-formacao\/","title":{"rendered":"Como incluir os teus antigos empregados na tua estrat\u00e9gia de forma\u00e7\u00e3o"},"content":{"rendered":"<p>A integra\u00e7\u00e3o dos antigos trabalhadores na estrat\u00e9gia de forma\u00e7\u00e3o optimiza a transfer\u00eancia de conhecimentos e mant\u00e9m uma rede ativa. Um texto orientado para a a\u00e7\u00e3o destinado a gestores de RH, departamentos de forma\u00e7\u00e3o, escolas e associa\u00e7\u00f5es, com m\u00e9todos operacionais e indicadores de gest\u00e3o. <\/p><div id=\"ez-toc-container\" class=\"ez-toc-v2_0_82_2 counter-flat ez-toc-counter ez-toc-grey ez-toc-container-direction\">\n<div class=\"ez-toc-title-container\"><p class=\"ez-toc-title\" style=\"cursor:inherit\">\u00cdndice deste artigo:<\/p>\n<\/div><nav><ul class='ez-toc-list ez-toc-list-level-1 ' ><li class='ez-toc-page-1'><a class=\"ez-toc-link ez-toc-heading-1\" href=\"https:\/\/www.alumni.space\/pt-pt\/como-incluir-os-teus-antigos-empregados-na-tua-estrategia-de-formacao\/#Integrar_os_antigos_trabalhadores_na_estrategia_de_formacao_desafios_para_os_decisores\" >Integrar os antigos trabalhadores na estrat\u00e9gia de forma\u00e7\u00e3o: desafios para os decisores<\/a><\/li><li class='ez-toc-page-1'><a class=\"ez-toc-link ez-toc-heading-2\" href=\"https:\/\/www.alumni.space\/pt-pt\/como-incluir-os-teus-antigos-empregados-na-tua-estrategia-de-formacao\/#Metodo_para_mobilizar_os_antigos_trabalhadores_em_torno_da_tutoria_e_damelhoria_das_competencias\" >M\u00e9todo para mobilizar os antigos trabalhadores em torno da tutoria e damelhoria das compet\u00eancias<\/a><\/li><li class='ez-toc-page-1'><a class=\"ez-toc-link ez-toc-heading-3\" href=\"https:\/\/www.alumni.space\/pt-pt\/como-incluir-os-teus-antigos-empregados-na-tua-estrategia-de-formacao\/#Mecanismos_operacionais_para_a_reintegracao_profissional_e_a_reconversao_de_competencias\" >Mecanismos operacionais para a reintegra\u00e7\u00e3o profissional e a reconvers\u00e3o de compet\u00eancias<\/a><\/li><li class='ez-toc-page-1'><a class=\"ez-toc-link ez-toc-heading-4\" href=\"https:\/\/www.alumni.space\/pt-pt\/como-incluir-os-teus-antigos-empregados-na-tua-estrategia-de-formacao\/#Monitorizacao_e_KPIs_para_a_gestao_de_talentos_envolvimento_dos_trabalhadores_e_memoria_colectiva\" >Monitoriza\u00e7\u00e3o e KPIs para a gest\u00e3o de talentos, envolvimento dos trabalhadores e mem\u00f3ria colectiva<\/a><\/li><\/ul><\/nav><\/div>\n<h2 class=\"wp-block-heading\"><span class=\"ez-toc-section\" id=\"Integrar_os_antigos_trabalhadores_na_estrategia_de_formacao_desafios_para_os_decisores\"><\/span>Integrar <strong>os antigos<\/strong> trabalhadores na <strong>estrat\u00e9gia de forma\u00e7\u00e3o<\/strong>: desafios para os decisores<span class=\"ez-toc-section-end\"><\/span><\/h2><p>Custo oculto para as equipas: perda de compet\u00eancias, atrasos em projectos cr\u00edticos, perda de imagem junto dos talentos. Uma sa\u00edda n\u00e3o supervisionada conduz a uma <strong>perda de mem\u00f3ria organizacional<\/strong> e reduz a fluidez das carreiras internas. <\/p><p>Estudo de caso: O Atelier Nova, uma PME industrial, viu um diretor de oficina abandonar a empresa sem uma transfer\u00eancia formal. Consequ\u00eancias imediatas: procedimentos n\u00e3o escritos, paragens de produ\u00e7\u00e3o prolongadas e recurso a prestadores de servi\u00e7os dispendiosos. Perce\u00e7\u00e3o: a experi\u00eancia n\u00e3o documentada gera custos operacionais diretos.  <\/p><figure class=\"wp-block-image size-full\"><img decoding=\"async\" width=\"1344\" height=\"768\" src=\"https:\/\/www.alumni.space\/wp-content\/uploads\/2026\/03\/Comment-integrer-vos-anciens-salaries-dans-votre-strategie-de-formation-1.jpg\" data-orig-src=\"https:\/\/www.alumni.space\/wp-content\/uploads\/2026\/03\/Comment-integrer-vos-anciens-salaries-dans-votre-strategie-de-formation-1.jpg\" alt=\"Descobre como podes integrar eficazmente os teus antigos empregados na tua estrat\u00e9gia de forma\u00e7\u00e3o para melhorar as suas compet\u00eancias e tirar o m\u00e1ximo partido da sua experi\u00eancia na tua empresa.\" class=\"lazyload wp-image-3387\" srcset=\"data:image\/svg+xml,%3Csvg%20xmlns%3D%27http%3A%2F%2Fwww.w3.org%2F2000%2Fsvg%27%20width%3D%271344%27%20height%3D%27768%27%20viewBox%3D%270%200%201344%20768%27%3E%3Crect%20width%3D%271344%27%20height%3D%27768%27%20fill-opacity%3D%220%22%2F%3E%3C%2Fsvg%3E\" data-srcset=\"https:\/\/www.alumni.space\/wp-content\/uploads\/2026\/03\/Comment-integrer-vos-anciens-salaries-dans-votre-strategie-de-formation-1-200x114.jpg 200w, https:\/\/www.alumni.space\/wp-content\/uploads\/2026\/03\/Comment-integrer-vos-anciens-salaries-dans-votre-strategie-de-formation-1-300x171.jpg 300w, https:\/\/www.alumni.space\/wp-content\/uploads\/2026\/03\/Comment-integrer-vos-anciens-salaries-dans-votre-strategie-de-formation-1-400x229.jpg 400w, https:\/\/www.alumni.space\/wp-content\/uploads\/2026\/03\/Comment-integrer-vos-anciens-salaries-dans-votre-strategie-de-formation-1-600x343.jpg 600w, https:\/\/www.alumni.space\/wp-content\/uploads\/2026\/03\/Comment-integrer-vos-anciens-salaries-dans-votre-strategie-de-formation-1-768x439.jpg 768w, https:\/\/www.alumni.space\/wp-content\/uploads\/2026\/03\/Comment-integrer-vos-anciens-salaries-dans-votre-strategie-de-formation-1-800x457.jpg 800w, https:\/\/www.alumni.space\/wp-content\/uploads\/2026\/03\/Comment-integrer-vos-anciens-salaries-dans-votre-strategie-de-formation-1-1024x585.jpg 1024w, https:\/\/www.alumni.space\/wp-content\/uploads\/2026\/03\/Comment-integrer-vos-anciens-salaries-dans-votre-strategie-de-formation-1-1200x686.jpg 1200w, https:\/\/www.alumni.space\/wp-content\/uploads\/2026\/03\/Comment-integrer-vos-anciens-salaries-dans-votre-strategie-de-formation-1.jpg 1344w\" data-sizes=\"auto\" data-orig-sizes=\"(max-width: 1344px) 100vw, 1344px\" \/><\/figure><h2 class=\"wp-block-heading\"><span class=\"ez-toc-section\" id=\"Metodo_para_mobilizar_os_antigos_trabalhadores_em_torno_da_tutoria_e_damelhoria_das_competencias\"><\/span>M\u00e9todo para mobilizar os antigos trabalhadores em torno da <strong>tutoria<\/strong> e da<strong>melhoria das compet\u00eancias<\/strong><span class=\"ez-toc-section-end\"><\/span><\/h2><p>Fase 1, identifica\u00e7\u00e3o: identifica as compet\u00eancias cr\u00edticas e os antigos trabalhadores dispostos a prestar apoio. A segmenta\u00e7\u00e3o de acordo com as profiss\u00f5es, a antiguidade e a disponibilidade facilita a cria\u00e7\u00e3o de percursos de carreira espec\u00edficos. <\/p><p>Fase 2, ritualiza\u00e7\u00e3o: pacto de tutoria, calend\u00e1rio de pequenos workshops, m\u00f3dulos <strong>de forma\u00e7\u00e3o cont\u00ednua<\/strong> e sess\u00f5es de feedback. Uma plataforma SaaS evita a utiliza\u00e7\u00e3o de folhas de c\u00e1lculo dispersas e centraliza os perfis, os eventos, as ofertas e <strong>os quadros de emprego<\/strong>. Para industrializar estas utiliza\u00e7\u00f5es, consulta um guia sobre como <a href=\"https:\/\/www.alumni.space\/pt-pt\/como-e-que-podemos-evitar-a-perda-de-competencias-na-manutencao-industrial\/\">evitar a perda de compet\u00eancias<\/a>.  <\/p><p>Estudo de caso: um estabelecimento de ensino superior lan\u00e7ou encontros mensais entre antigos alunos e rec\u00e9m-licenciados, gerando coopta\u00e7\u00e3o e colmatando lacunas de compet\u00eancias ao longo de dois semestres. Perce\u00e7\u00e3o: regras simples + calend\u00e1rio regular produzem uma r\u00e1pida ado\u00e7\u00e3o. <\/p><h3 class=\"wp-block-heading\"><span class=\"ez-toc-section\" id=\"Mecanismos_operacionais_para_a_reintegracao_profissional_e_a_reconversao_de_competencias\"><\/span>Mecanismos operacionais para a <strong>reintegra\u00e7\u00e3o profissional<\/strong> e <strong>a reconvers\u00e3o de compet\u00eancias<\/strong><span class=\"ez-toc-section-end\"><\/span><\/h3><p>Eventos regulares: noites tem\u00e1ticas, workshops de carreira, masterclasses dirigidos por antigos alunos. A visibilidade das vagas internas e a coopta\u00e7\u00e3o atrav\u00e9s de um espa\u00e7o dedicado aumentam a mobilidade interna e a taxa de recrutamento por recomenda\u00e7\u00e3o. <\/p><p>Ferramentas pr\u00e1ticas: \u00e1rea de publica\u00e7\u00f5es, biblioteca de documentos, sistema de contactos, quadro de empregos. Estudo de caso: um CFA que activou uma rede de antigos alunos acelerou a<strong>melhoria das compet\u00eancias dos<\/strong> aprendizes e reduziu o recurso ao recrutamento externo, demonstrando o impacto nos custos de aprovisionamento. <\/p><p>Para fornecer um enquadramento para os programas de mentoria empresarial, l\u00ea o estudo sobre o sucesso da <a href=\"https:\/\/www.alumni.space\/pt-pt\/5-exemplos-de-grandes-empresas-que-tiveram-sucesso-gracas-ao-mentoring\/\">mentoria empresarial<\/a> e o impacto na marca do empregador. Perce\u00e7\u00e3o: a visibilidade das ofertas e os rituais de facilita\u00e7\u00e3o aumentam o empenhamento. <\/p><h2 class=\"wp-block-heading\"><span class=\"ez-toc-section\" id=\"Monitorizacao_e_KPIs_para_a_gestao_de_talentos_envolvimento_dos_trabalhadores_e_memoria_colectiva\"><\/span>Monitoriza\u00e7\u00e3o e KPIs para a gest\u00e3o de talentos, <strong>envolvimento dos trabalhadores<\/strong> e mem\u00f3ria colectiva<span class=\"ez-toc-section-end\"><\/span><\/h2><p>Indicadores-chave de desempenho recomendados: taxa de registo de antigos alunos, horas de orienta\u00e7\u00e3o realizadas, vagas publicadas no <strong>quadro de empregos<\/strong>, taxa de coopta\u00e7\u00e3o, indicadores qualitativos baseados no feedback. O painel de controlo centralizado facilita a governa\u00e7\u00e3o e a elabora\u00e7\u00e3o de relat\u00f3rios em mat\u00e9ria de RSE. <\/p><p>Liga\u00e7\u00f5es \u00fateis para monitorizar impactos concretos: um artigo sobre o refor\u00e7o da mem\u00f3ria organizacional e a gest\u00e3o do capital de experi\u00eancia est\u00e1 dispon\u00edvel <a href=\"https:\/\/www.alumni.space\/pt-pt\/a-importancia-da-memoria-organizacional-para-limitar-a-perda-de-conhecimentos\/\">aqui<\/a>, tal como um recurso sobre o reencontro de antigos empregados <a href=\"https:\/\/www.alumni.space\/pt-pt\/volta-a-envolver-os-teus-antigos-empregados-atraves-de-missoes-pontuais\/\">, dispon\u00edvel aqui<\/a>. Perce\u00e7\u00e3o: m\u00e9tricas simples, monitoriza\u00e7\u00e3o regular e comunica\u00e7\u00e3o estruturada aumentam a atratividade e a lealdade. <\/p><p>O que lan\u00e7ar esta semana: definir um projeto-piloto, segmentar 50 antigos alunos priorit\u00e1rios, planear dois workshops e criar um percurso inicial de orienta\u00e7\u00e3o. <strong>O alumni.space<\/strong> centraliza perfis, eventos, mentoria, conte\u00fados e ofertas, evitando folhas de c\u00e1lculo dispersas e m\u00faltiplas ferramentas. <\/p><p><strong>Solicita uma demonstra\u00e7\u00e3o<\/strong><\/p>","protected":false},"excerpt":{"rendered":"<p>A integra\u00e7\u00e3o dos antigos trabalhadores na estrat\u00e9gia de forma\u00e7\u00e3o optimiza  [&#8230;]<\/p>\n","protected":false},"author":1,"featured_media":5129,"comment_status":"closed","ping_status":"closed","sticky":false,"template":"","format":"standard","meta":{"_ayudawp_aiss_exclude":false,"footnotes":""},"categories":[67],"tags":[],"class_list":["post-5126","post","type-post","status-publish","format-standard","has-post-thumbnail","hentry","category-antigos-alunos"],"yoast_head":"<!-- This site is optimized with the Yoast SEO plugin v27.4 - https:\/\/yoast.com\/product\/yoast-seo-wordpress\/ -->\n<title>Reintegra\u00e7\u00e3o de antigos empregados na tua estrat\u00e9gia de forma\u00e7\u00e3o<\/title>\n<meta name=\"description\" content=\"Descobre como podes integrar eficazmente os teus antigos empregados na tua estrat\u00e9gia de forma\u00e7\u00e3o para aumentar as compet\u00eancias e o desempenho da tua empresa.\" \/>\n<meta name=\"robots\" content=\"index, follow, max-snippet:-1, max-image-preview:large, max-video-preview:-1\" \/>\n<link rel=\"canonical\" href=\"https:\/\/www.alumni.space\/pt-pt\/como-incluir-os-teus-antigos-empregados-na-tua-estrategia-de-formacao\/\" \/>\n<meta property=\"og:locale\" content=\"pt_PT\" \/>\n<meta property=\"og:type\" content=\"article\" \/>\n<meta property=\"og:title\" content=\"Reintegra\u00e7\u00e3o de antigos empregados na tua estrat\u00e9gia de forma\u00e7\u00e3o\" \/>\n<meta property=\"og:description\" content=\"Descobre como podes integrar eficazmente os teus antigos empregados na tua estrat\u00e9gia de forma\u00e7\u00e3o para aumentar as compet\u00eancias e o desempenho da tua empresa.\" \/>\n<meta property=\"og:url\" content=\"https:\/\/www.alumni.space\/pt-pt\/como-incluir-os-teus-antigos-empregados-na-tua-estrategia-de-formacao\/\" \/>\n<meta property=\"og:site_name\" content=\"Alumni.space\" \/>\n<meta property=\"article:published_time\" content=\"2025-09-08T01:23:00+00:00\" \/>\n<meta property=\"article:modified_time\" content=\"2026-03-28T10:46:43+00:00\" \/>\n<meta property=\"og:image\" content=\"https:\/\/www.alumni.space\/wp-content\/uploads\/2026\/03\/Comment-integrer-vos-anciens-salaries-dans-votre-strategie-de-formation.jpg\" \/>\n\t<meta property=\"og:image:width\" content=\"1344\" \/>\n\t<meta property=\"og:image:height\" content=\"768\" \/>\n\t<meta property=\"og:image:type\" content=\"image\/jpeg\" \/>\n<meta name=\"author\" content=\"admin\" \/>\n<meta name=\"twitter:card\" content=\"summary_large_image\" \/>\n<meta name=\"twitter:label1\" content=\"Escrito por\" \/>\n\t<meta name=\"twitter:data1\" content=\"admin\" \/>\n\t<meta name=\"twitter:label2\" content=\"Tempo estimado de leitura\" \/>\n\t<meta name=\"twitter:data2\" content=\"3 minutos\" \/>\n<script type=\"application\/ld+json\" class=\"yoast-schema-graph\">{\"@context\":\"https:\\\/\\\/schema.org\",\"@graph\":[{\"@type\":\"Article\",\"@id\":\"https:\\\/\\\/www.alumni.space\\\/pt-pt\\\/como-incluir-os-teus-antigos-empregados-na-tua-estrategia-de-formacao\\\/#article\",\"isPartOf\":{\"@id\":\"https:\\\/\\\/www.alumni.space\\\/pt-pt\\\/como-incluir-os-teus-antigos-empregados-na-tua-estrategia-de-formacao\\\/\"},\"author\":{\"name\":\"admin\",\"@id\":\"https:\\\/\\\/www.alumni.space\\\/pt-pt\\\/#\\\/schema\\\/person\\\/fede362a57876edda476a61f05ce5b15\"},\"headline\":\"Como incluir os teus antigos empregados na tua estrat\u00e9gia de forma\u00e7\u00e3o\",\"datePublished\":\"2025-09-08T01:23:00+00:00\",\"dateModified\":\"2026-03-28T10:46:43+00:00\",\"mainEntityOfPage\":{\"@id\":\"https:\\\/\\\/www.alumni.space\\\/pt-pt\\\/como-incluir-os-teus-antigos-empregados-na-tua-estrategia-de-formacao\\\/\"},\"wordCount\":666,\"image\":{\"@id\":\"https:\\\/\\\/www.alumni.space\\\/pt-pt\\\/como-incluir-os-teus-antigos-empregados-na-tua-estrategia-de-formacao\\\/#primaryimage\"},\"thumbnailUrl\":\"https:\\\/\\\/www.alumni.space\\\/wp-content\\\/uploads\\\/2026\\\/03\\\/Comment-integrer-vos-anciens-salaries-dans-votre-strategie-de-formation.jpg\",\"articleSection\":[\"Antigos alunos\"],\"inLanguage\":\"pt-PT\"},{\"@type\":\"WebPage\",\"@id\":\"https:\\\/\\\/www.alumni.space\\\/pt-pt\\\/como-incluir-os-teus-antigos-empregados-na-tua-estrategia-de-formacao\\\/\",\"url\":\"https:\\\/\\\/www.alumni.space\\\/pt-pt\\\/como-incluir-os-teus-antigos-empregados-na-tua-estrategia-de-formacao\\\/\",\"name\":\"Reintegra\u00e7\u00e3o de antigos empregados na tua estrat\u00e9gia de forma\u00e7\u00e3o\",\"isPartOf\":{\"@id\":\"https:\\\/\\\/www.alumni.space\\\/pt-pt\\\/#website\"},\"primaryImageOfPage\":{\"@id\":\"https:\\\/\\\/www.alumni.space\\\/pt-pt\\\/como-incluir-os-teus-antigos-empregados-na-tua-estrategia-de-formacao\\\/#primaryimage\"},\"image\":{\"@id\":\"https:\\\/\\\/www.alumni.space\\\/pt-pt\\\/como-incluir-os-teus-antigos-empregados-na-tua-estrategia-de-formacao\\\/#primaryimage\"},\"thumbnailUrl\":\"https:\\\/\\\/www.alumni.space\\\/wp-content\\\/uploads\\\/2026\\\/03\\\/Comment-integrer-vos-anciens-salaries-dans-votre-strategie-de-formation.jpg\",\"datePublished\":\"2025-09-08T01:23:00+00:00\",\"dateModified\":\"2026-03-28T10:46:43+00:00\",\"author\":{\"@id\":\"https:\\\/\\\/www.alumni.space\\\/pt-pt\\\/#\\\/schema\\\/person\\\/fede362a57876edda476a61f05ce5b15\"},\"description\":\"Descobre como podes integrar eficazmente os teus antigos empregados na tua estrat\u00e9gia de forma\u00e7\u00e3o para aumentar as compet\u00eancias e o desempenho da tua empresa.\",\"breadcrumb\":{\"@id\":\"https:\\\/\\\/www.alumni.space\\\/pt-pt\\\/como-incluir-os-teus-antigos-empregados-na-tua-estrategia-de-formacao\\\/#breadcrumb\"},\"inLanguage\":\"pt-PT\",\"potentialAction\":[{\"@type\":\"ReadAction\",\"target\":[\"https:\\\/\\\/www.alumni.space\\\/pt-pt\\\/como-incluir-os-teus-antigos-empregados-na-tua-estrategia-de-formacao\\\/\"]}]},{\"@type\":\"ImageObject\",\"inLanguage\":\"pt-PT\",\"@id\":\"https:\\\/\\\/www.alumni.space\\\/pt-pt\\\/como-incluir-os-teus-antigos-empregados-na-tua-estrategia-de-formacao\\\/#primaryimage\",\"url\":\"https:\\\/\\\/www.alumni.space\\\/wp-content\\\/uploads\\\/2026\\\/03\\\/Comment-integrer-vos-anciens-salaries-dans-votre-strategie-de-formation.jpg\",\"contentUrl\":\"https:\\\/\\\/www.alumni.space\\\/wp-content\\\/uploads\\\/2026\\\/03\\\/Comment-integrer-vos-anciens-salaries-dans-votre-strategie-de-formation.jpg\",\"width\":1344,\"height\":768,\"caption\":\"Descobre como integrar eficazmente os teus antigos colaboradores na tua estrat\u00e9gia de forma\u00e7\u00e3o, para que possas tirar partido da sua experi\u00eancia e refor\u00e7ar as compet\u00eancias da tua equipa.\"},{\"@type\":\"BreadcrumbList\",\"@id\":\"https:\\\/\\\/www.alumni.space\\\/pt-pt\\\/como-incluir-os-teus-antigos-empregados-na-tua-estrategia-de-formacao\\\/#breadcrumb\",\"itemListElement\":[{\"@type\":\"ListItem\",\"position\":1,\"name\":\"Home\",\"item\":\"https:\\\/\\\/www.alumni.space\\\/pt-pt\\\/plataforma-de-gestao-de-mentores-e-antigos-alunos\\\/\"},{\"@type\":\"ListItem\",\"position\":2,\"name\":\"Como incluir os teus antigos empregados na tua estrat\u00e9gia de forma\u00e7\u00e3o\"}]},{\"@type\":\"WebSite\",\"@id\":\"https:\\\/\\\/www.alumni.space\\\/pt-pt\\\/#website\",\"url\":\"https:\\\/\\\/www.alumni.space\\\/pt-pt\\\/\",\"name\":\"Alumni.space\",\"description\":\"My WordPress Blog\",\"potentialAction\":[{\"@type\":\"SearchAction\",\"target\":{\"@type\":\"EntryPoint\",\"urlTemplate\":\"https:\\\/\\\/www.alumni.space\\\/pt-pt\\\/?s={search_term_string}\"},\"query-input\":{\"@type\":\"PropertyValueSpecification\",\"valueRequired\":true,\"valueName\":\"search_term_string\"}}],\"inLanguage\":\"pt-PT\"},{\"@type\":\"Person\",\"@id\":\"https:\\\/\\\/www.alumni.space\\\/pt-pt\\\/#\\\/schema\\\/person\\\/fede362a57876edda476a61f05ce5b15\",\"name\":\"admin\",\"image\":{\"@type\":\"ImageObject\",\"inLanguage\":\"pt-PT\",\"@id\":\"https:\\\/\\\/secure.gravatar.com\\\/avatar\\\/318e234ae94f90d4d629428d6b983c08e31181c28f579e08a021180d759ea651?s=96&d=mm&r=g\",\"url\":\"https:\\\/\\\/secure.gravatar.com\\\/avatar\\\/318e234ae94f90d4d629428d6b983c08e31181c28f579e08a021180d759ea651?s=96&d=mm&r=g\",\"contentUrl\":\"https:\\\/\\\/secure.gravatar.com\\\/avatar\\\/318e234ae94f90d4d629428d6b983c08e31181c28f579e08a021180d759ea651?s=96&d=mm&r=g\",\"caption\":\"admin\"},\"description\":\"Nicolas Laustriat a construit sa sp\u00e9cialit\u00e9 sur un sujet que beaucoup d\u2019organisations d\u00e9couvrent trop tard : ce qui dispara\u00eet quand les gens partent. Dipl\u00f4m\u00e9 en conception de produit industriel, il bifurque vers le digital fin 1996, il couvre les transformations marques, RH, la fid\u00e9lisation, la marque employeur. Sur le terrain, il rep\u00e8re un angle mort r\u00e9current : l\u2019entreprise investit dans le recrutement, la formation, les process\u2026 puis laisse filer le lien au moment du d\u00e9part, avec une perte de savoir et d\u2019influence qui se paie en silence. Il se sp\u00e9cialise alors sur les communaut\u00e9s d\u2019alumni, le mentorat, l\u2019entraide interg\u00e9n\u00e9rationnelle et la transmission d\u2019expertise. Il passe du \u201cconstat\u201d aux m\u00e9thodes : animation, gouvernance, segmentation, rituels, mesure d\u2019engagement, articulation avec la RSE et l\u2019employabilit\u00e9. Il interviewe DRH, responsables formation, directions d\u2019\u00e9coles, associations et fondations, avec une obsession : transformer un r\u00e9seau dormant en m\u00e9canisme utile (cooptation, mentorat, job board, entraide, \u00e9v\u00e9nements, contenus). Son style : direct, orient\u00e9 action, sans folklore. Sa conviction : une communaut\u00e9 n\u2019a pas besoin de bruit, elle a besoin de raisons de revenir.\",\"sameAs\":[\"https:\\\/\\\/www.alumni.space\"]}]}<\/script>\n<!-- \/ Yoast SEO plugin. -->","yoast_head_json":{"title":"Reintegra\u00e7\u00e3o de antigos empregados na tua estrat\u00e9gia de forma\u00e7\u00e3o","description":"Descobre como podes integrar eficazmente os teus antigos empregados na tua estrat\u00e9gia de forma\u00e7\u00e3o para aumentar as compet\u00eancias e o desempenho da tua empresa.","robots":{"index":"index","follow":"follow","max-snippet":"max-snippet:-1","max-image-preview":"max-image-preview:large","max-video-preview":"max-video-preview:-1"},"canonical":"https:\/\/www.alumni.space\/pt-pt\/como-incluir-os-teus-antigos-empregados-na-tua-estrategia-de-formacao\/","og_locale":"pt_PT","og_type":"article","og_title":"Reintegra\u00e7\u00e3o de antigos empregados na tua estrat\u00e9gia de forma\u00e7\u00e3o","og_description":"Descobre como podes integrar eficazmente os teus antigos empregados na tua estrat\u00e9gia de forma\u00e7\u00e3o para aumentar as compet\u00eancias e o desempenho da tua empresa.","og_url":"https:\/\/www.alumni.space\/pt-pt\/como-incluir-os-teus-antigos-empregados-na-tua-estrategia-de-formacao\/","og_site_name":"Alumni.space","article_published_time":"2025-09-08T01:23:00+00:00","article_modified_time":"2026-03-28T10:46:43+00:00","og_image":[{"width":1344,"height":768,"url":"https:\/\/www.alumni.space\/wp-content\/uploads\/2026\/03\/Comment-integrer-vos-anciens-salaries-dans-votre-strategie-de-formation.jpg","type":"image\/jpeg"}],"author":"admin","twitter_card":"summary_large_image","twitter_misc":{"Escrito por":"admin","Tempo estimado de leitura":"3 minutos"},"schema":{"@context":"https:\/\/schema.org","@graph":[{"@type":"Article","@id":"https:\/\/www.alumni.space\/pt-pt\/como-incluir-os-teus-antigos-empregados-na-tua-estrategia-de-formacao\/#article","isPartOf":{"@id":"https:\/\/www.alumni.space\/pt-pt\/como-incluir-os-teus-antigos-empregados-na-tua-estrategia-de-formacao\/"},"author":{"name":"admin","@id":"https:\/\/www.alumni.space\/pt-pt\/#\/schema\/person\/fede362a57876edda476a61f05ce5b15"},"headline":"Como incluir os teus antigos empregados na tua estrat\u00e9gia de forma\u00e7\u00e3o","datePublished":"2025-09-08T01:23:00+00:00","dateModified":"2026-03-28T10:46:43+00:00","mainEntityOfPage":{"@id":"https:\/\/www.alumni.space\/pt-pt\/como-incluir-os-teus-antigos-empregados-na-tua-estrategia-de-formacao\/"},"wordCount":666,"image":{"@id":"https:\/\/www.alumni.space\/pt-pt\/como-incluir-os-teus-antigos-empregados-na-tua-estrategia-de-formacao\/#primaryimage"},"thumbnailUrl":"https:\/\/www.alumni.space\/wp-content\/uploads\/2026\/03\/Comment-integrer-vos-anciens-salaries-dans-votre-strategie-de-formation.jpg","articleSection":["Antigos alunos"],"inLanguage":"pt-PT"},{"@type":"WebPage","@id":"https:\/\/www.alumni.space\/pt-pt\/como-incluir-os-teus-antigos-empregados-na-tua-estrategia-de-formacao\/","url":"https:\/\/www.alumni.space\/pt-pt\/como-incluir-os-teus-antigos-empregados-na-tua-estrategia-de-formacao\/","name":"Reintegra\u00e7\u00e3o de antigos empregados na tua estrat\u00e9gia de forma\u00e7\u00e3o","isPartOf":{"@id":"https:\/\/www.alumni.space\/pt-pt\/#website"},"primaryImageOfPage":{"@id":"https:\/\/www.alumni.space\/pt-pt\/como-incluir-os-teus-antigos-empregados-na-tua-estrategia-de-formacao\/#primaryimage"},"image":{"@id":"https:\/\/www.alumni.space\/pt-pt\/como-incluir-os-teus-antigos-empregados-na-tua-estrategia-de-formacao\/#primaryimage"},"thumbnailUrl":"https:\/\/www.alumni.space\/wp-content\/uploads\/2026\/03\/Comment-integrer-vos-anciens-salaries-dans-votre-strategie-de-formation.jpg","datePublished":"2025-09-08T01:23:00+00:00","dateModified":"2026-03-28T10:46:43+00:00","author":{"@id":"https:\/\/www.alumni.space\/pt-pt\/#\/schema\/person\/fede362a57876edda476a61f05ce5b15"},"description":"Descobre como podes integrar eficazmente os teus antigos empregados na tua estrat\u00e9gia de forma\u00e7\u00e3o para aumentar as compet\u00eancias e o desempenho da tua empresa.","breadcrumb":{"@id":"https:\/\/www.alumni.space\/pt-pt\/como-incluir-os-teus-antigos-empregados-na-tua-estrategia-de-formacao\/#breadcrumb"},"inLanguage":"pt-PT","potentialAction":[{"@type":"ReadAction","target":["https:\/\/www.alumni.space\/pt-pt\/como-incluir-os-teus-antigos-empregados-na-tua-estrategia-de-formacao\/"]}]},{"@type":"ImageObject","inLanguage":"pt-PT","@id":"https:\/\/www.alumni.space\/pt-pt\/como-incluir-os-teus-antigos-empregados-na-tua-estrategia-de-formacao\/#primaryimage","url":"https:\/\/www.alumni.space\/wp-content\/uploads\/2026\/03\/Comment-integrer-vos-anciens-salaries-dans-votre-strategie-de-formation.jpg","contentUrl":"https:\/\/www.alumni.space\/wp-content\/uploads\/2026\/03\/Comment-integrer-vos-anciens-salaries-dans-votre-strategie-de-formation.jpg","width":1344,"height":768,"caption":"Descobre como integrar eficazmente os teus antigos colaboradores na tua estrat\u00e9gia de forma\u00e7\u00e3o, para que possas tirar partido da sua experi\u00eancia e refor\u00e7ar as compet\u00eancias da tua equipa."},{"@type":"BreadcrumbList","@id":"https:\/\/www.alumni.space\/pt-pt\/como-incluir-os-teus-antigos-empregados-na-tua-estrategia-de-formacao\/#breadcrumb","itemListElement":[{"@type":"ListItem","position":1,"name":"Home","item":"https:\/\/www.alumni.space\/pt-pt\/plataforma-de-gestao-de-mentores-e-antigos-alunos\/"},{"@type":"ListItem","position":2,"name":"Como incluir os teus antigos empregados na tua estrat\u00e9gia de forma\u00e7\u00e3o"}]},{"@type":"WebSite","@id":"https:\/\/www.alumni.space\/pt-pt\/#website","url":"https:\/\/www.alumni.space\/pt-pt\/","name":"Alumni.space","description":"My WordPress Blog","potentialAction":[{"@type":"SearchAction","target":{"@type":"EntryPoint","urlTemplate":"https:\/\/www.alumni.space\/pt-pt\/?s={search_term_string}"},"query-input":{"@type":"PropertyValueSpecification","valueRequired":true,"valueName":"search_term_string"}}],"inLanguage":"pt-PT"},{"@type":"Person","@id":"https:\/\/www.alumni.space\/pt-pt\/#\/schema\/person\/fede362a57876edda476a61f05ce5b15","name":"admin","image":{"@type":"ImageObject","inLanguage":"pt-PT","@id":"https:\/\/secure.gravatar.com\/avatar\/318e234ae94f90d4d629428d6b983c08e31181c28f579e08a021180d759ea651?s=96&d=mm&r=g","url":"https:\/\/secure.gravatar.com\/avatar\/318e234ae94f90d4d629428d6b983c08e31181c28f579e08a021180d759ea651?s=96&d=mm&r=g","contentUrl":"https:\/\/secure.gravatar.com\/avatar\/318e234ae94f90d4d629428d6b983c08e31181c28f579e08a021180d759ea651?s=96&d=mm&r=g","caption":"admin"},"description":"Nicolas Laustriat a construit sa sp\u00e9cialit\u00e9 sur un sujet que beaucoup d\u2019organisations d\u00e9couvrent trop tard : ce qui dispara\u00eet quand les gens partent. Dipl\u00f4m\u00e9 en conception de produit industriel, il bifurque vers le digital fin 1996, il couvre les transformations marques, RH, la fid\u00e9lisation, la marque employeur. Sur le terrain, il rep\u00e8re un angle mort r\u00e9current : l\u2019entreprise investit dans le recrutement, la formation, les process\u2026 puis laisse filer le lien au moment du d\u00e9part, avec une perte de savoir et d\u2019influence qui se paie en silence. Il se sp\u00e9cialise alors sur les communaut\u00e9s d\u2019alumni, le mentorat, l\u2019entraide interg\u00e9n\u00e9rationnelle et la transmission d\u2019expertise. Il passe du \u201cconstat\u201d aux m\u00e9thodes : animation, gouvernance, segmentation, rituels, mesure d\u2019engagement, articulation avec la RSE et l\u2019employabilit\u00e9. Il interviewe DRH, responsables formation, directions d\u2019\u00e9coles, associations et fondations, avec une obsession : transformer un r\u00e9seau dormant en m\u00e9canisme utile (cooptation, mentorat, job board, entraide, \u00e9v\u00e9nements, contenus). Son style : direct, orient\u00e9 action, sans folklore. Sa conviction : une communaut\u00e9 n\u2019a pas besoin de bruit, elle a besoin de raisons de revenir.","sameAs":["https:\/\/www.alumni.space"]}]}},"_links":{"self":[{"href":"https:\/\/www.alumni.space\/pt-pt\/wp-json\/wp\/v2\/posts\/5126","targetHints":{"allow":["GET"]}}],"collection":[{"href":"https:\/\/www.alumni.space\/pt-pt\/wp-json\/wp\/v2\/posts"}],"about":[{"href":"https:\/\/www.alumni.space\/pt-pt\/wp-json\/wp\/v2\/types\/post"}],"author":[{"embeddable":true,"href":"https:\/\/www.alumni.space\/pt-pt\/wp-json\/wp\/v2\/users\/1"}],"replies":[{"embeddable":true,"href":"https:\/\/www.alumni.space\/pt-pt\/wp-json\/wp\/v2\/comments?post=5126"}],"version-history":[{"count":1,"href":"https:\/\/www.alumni.space\/pt-pt\/wp-json\/wp\/v2\/posts\/5126\/revisions"}],"predecessor-version":[{"id":5130,"href":"https:\/\/www.alumni.space\/pt-pt\/wp-json\/wp\/v2\/posts\/5126\/revisions\/5130"}],"wp:featuredmedia":[{"embeddable":true,"href":"https:\/\/www.alumni.space\/pt-pt\/wp-json\/wp\/v2\/media\/5129"}],"wp:attachment":[{"href":"https:\/\/www.alumni.space\/pt-pt\/wp-json\/wp\/v2\/media?parent=5126"}],"wp:term":[{"taxonomy":"category","embeddable":true,"href":"https:\/\/www.alumni.space\/pt-pt\/wp-json\/wp\/v2\/categories?post=5126"},{"taxonomy":"post_tag","embeddable":true,"href":"https:\/\/www.alumni.space\/pt-pt\/wp-json\/wp\/v2\/tags?post=5126"}],"curies":[{"name":"wp","href":"https:\/\/api.w.org\/{rel}","templated":true}]}}