{"id":5115,"date":"2024-12-01T19:29:25","date_gmt":"2024-12-01T19:29:25","guid":{"rendered":"https:\/\/www.alumni.space\/preparar-a-saida-dos-contabilistas-seniores-uma-questao-de-urgencia\/"},"modified":"2026-04-02T09:19:27","modified_gmt":"2026-04-02T09:19:27","slug":"preparar-a-saida-dos-contabilistas-seniores-uma-questao-de-urgencia","status":"publish","type":"post","link":"https:\/\/www.alumni.space\/pt-pt\/preparar-a-saida-dos-contabilistas-seniores-uma-questao-de-urgencia\/","title":{"rendered":"Preparar a sa\u00edda dos contabilistas seniores: uma quest\u00e3o de urg\u00eancia"},"content":{"rendered":"<p>A prepara\u00e7\u00e3o para a reforma dos contabilistas seniores \u00e9 uma prioridade fundamental. A sua sa\u00edda n\u00e3o planeada provoca uma perda significativa de <strong>compet\u00eancias<\/strong> e de <strong>saber-fazer<\/strong>, com impacto na continuidade e no desempenho da empresa. A implementa\u00e7\u00e3o de um <strong>plano<\/strong> estruturado ajuda a otimizar a gest\u00e3o da <strong>transfer\u00eancia de<\/strong> conhecimentos e a manter a <strong>rede de neg\u00f3cios<\/strong> a longo prazo.  <\/p><div id=\"ez-toc-container\" class=\"ez-toc-v2_0_82_2 counter-flat ez-toc-counter ez-toc-grey ez-toc-container-direction\">\n<div class=\"ez-toc-title-container\"><p class=\"ez-toc-title\" style=\"cursor:inherit\">\u00cdndice deste artigo:<\/p>\n<\/div><nav><ul class='ez-toc-list ez-toc-list-level-1 ' ><li class='ez-toc-page-1'><a class=\"ez-toc-link ez-toc-heading-1\" href=\"https:\/\/www.alumni.space\/pt-pt\/preparar-a-saida-dos-contabilistas-seniores-uma-questao-de-urgencia\/#Antecipar_a_saida_de_contabilistas_seniores_para_assegurar_a_transferencia_de_competencias\" >Antecipar a sa\u00edda de contabilistas seniores para assegurar a transfer\u00eancia de compet\u00eancias<\/a><\/li><li class='ez-toc-page-1'><a class=\"ez-toc-link ez-toc-heading-2\" href=\"https:\/\/www.alumni.space\/pt-pt\/preparar-a-saida-dos-contabilistas-seniores-uma-questao-de-urgencia\/#Planeamento_cuidadoso_para_uma_sucessao_bem_sucedida\" >Planeamento cuidadoso para uma sucess\u00e3o bem sucedida<\/a><\/li><li class='ez-toc-page-1'><a class=\"ez-toc-link ez-toc-heading-3\" href=\"https:\/\/www.alumni.space\/pt-pt\/preparar-a-saida-dos-contabilistas-seniores-uma-questao-de-urgencia\/#Manter_o_empenhamento_e_a_continuidade_da_rede_pos-partida\" >Manter o empenhamento e a continuidade da rede p\u00f3s-partida<\/a><\/li><li class='ez-toc-page-1'><a class=\"ez-toc-link ez-toc-heading-4\" href=\"https:\/\/www.alumni.space\/pt-pt\/preparar-a-saida-dos-contabilistas-seniores-uma-questao-de-urgencia\/#Caso_de_utilizacao_prevenir_a_desorganizacao_atraves_da_antecipacao\" >Caso de utiliza\u00e7\u00e3o: prevenir a desorganiza\u00e7\u00e3o atrav\u00e9s da antecipa\u00e7\u00e3o<\/a><\/li><li class='ez-toc-page-1'><a class=\"ez-toc-link ez-toc-heading-5\" href=\"https:\/\/www.alumni.space\/pt-pt\/preparar-a-saida-dos-contabilistas-seniores-uma-questao-de-urgencia\/#Envolver_os_decisores_na_gestao_estrategica_da_reforma\" >Envolver os decisores na gest\u00e3o estrat\u00e9gica da reforma<\/a><\/li><\/ul><\/nav><\/div>\n<h2 class=\"wp-block-heading\"><span class=\"ez-toc-section\" id=\"Antecipar_a_saida_de_contabilistas_seniores_para_assegurar_a_transferencia_de_competencias\"><\/span>Antecipar a sa\u00edda de contabilistas seniores para assegurar a transfer\u00eancia de compet\u00eancias<span class=\"ez-toc-section-end\"><\/span><\/h2><p>Quando profissionais experientes saem, correm o risco de perder a sua experi\u00eancia. Sem um sistema organizado de partilha de experi\u00eancias, as empresas t\u00eam dificuldade em manter os padr\u00f5es de qualidade e em integrar eficazmente o novo pessoal. A partir da notifica\u00e7\u00e3o dos planos de reforma, deve ser elaborado um plano de sucess\u00e3o.  <\/p><figure class=\"wp-block-image size-full\"><img decoding=\"async\" width=\"1280\" height=\"768\" src=\"https:\/\/www.alumni.space\/wp-content\/uploads\/2026\/03\/Preparer-le-depart-des-experts-comptables-seniors-une-urgence-1.jpg\" data-orig-src=\"https:\/\/www.alumni.space\/wp-content\/uploads\/2026\/03\/Preparer-le-depart-des-experts-comptables-seniors-une-urgence-1.jpg\" alt=\"descobre por que raz\u00e3o \u00e9 urgente preparar a sa\u00edda de contabilistas seniores e como garantir a continuidade e a transfer\u00eancia de compet\u00eancias essenciais na sua empresa.\" class=\"lazyload wp-image-3264\" srcset=\"data:image\/svg+xml,%3Csvg%20xmlns%3D%27http%3A%2F%2Fwww.w3.org%2F2000%2Fsvg%27%20width%3D%271280%27%20height%3D%27768%27%20viewBox%3D%270%200%201280%20768%27%3E%3Crect%20width%3D%271280%27%20height%3D%27768%27%20fill-opacity%3D%220%22%2F%3E%3C%2Fsvg%3E\" data-srcset=\"https:\/\/www.alumni.space\/wp-content\/uploads\/2026\/03\/Preparer-le-depart-des-experts-comptables-seniors-une-urgence-1-200x120.jpg 200w, https:\/\/www.alumni.space\/wp-content\/uploads\/2026\/03\/Preparer-le-depart-des-experts-comptables-seniors-une-urgence-1-300x180.jpg 300w, https:\/\/www.alumni.space\/wp-content\/uploads\/2026\/03\/Preparer-le-depart-des-experts-comptables-seniors-une-urgence-1-400x240.jpg 400w, https:\/\/www.alumni.space\/wp-content\/uploads\/2026\/03\/Preparer-le-depart-des-experts-comptables-seniors-une-urgence-1-600x360.jpg 600w, https:\/\/www.alumni.space\/wp-content\/uploads\/2026\/03\/Preparer-le-depart-des-experts-comptables-seniors-une-urgence-1-768x461.jpg 768w, https:\/\/www.alumni.space\/wp-content\/uploads\/2026\/03\/Preparer-le-depart-des-experts-comptables-seniors-une-urgence-1-800x480.jpg 800w, https:\/\/www.alumni.space\/wp-content\/uploads\/2026\/03\/Preparer-le-depart-des-experts-comptables-seniors-une-urgence-1-1024x614.jpg 1024w, https:\/\/www.alumni.space\/wp-content\/uploads\/2026\/03\/Preparer-le-depart-des-experts-comptables-seniors-une-urgence-1-1200x720.jpg 1200w, https:\/\/www.alumni.space\/wp-content\/uploads\/2026\/03\/Preparer-le-depart-des-experts-comptables-seniors-une-urgence-1.jpg 1280w\" data-sizes=\"auto\" data-orig-sizes=\"(max-width: 1280px) 100vw, 1280px\" \/><\/figure><p>Uma ferramenta digital dedicada \u00e0 gest\u00e3o e anima\u00e7\u00e3o de comunidades profissionais, como o <a href=\"https:\/\/www.alumni.space\/pt-pt\/como-e-que-podemos-evitar-a-perda-de-conhecimentos-nos-nossos-locais-de-trabalho-quando-os-especialistas-partem\/\">alumni.space<\/a>, simplifica o acompanhamento dos interc\u00e2mbios entre gera\u00e7\u00f5es. A plataforma incentiva a cria\u00e7\u00e3o de <strong>pares mentor-mentorando<\/strong>, promove a partilha de experi\u00eancias e organiza eventos orientados para a <strong>transmiss\u00e3o de conhecimentos<\/strong>. <\/p><h3 class=\"wp-block-heading\"><span class=\"ez-toc-section\" id=\"Planeamento_cuidadoso_para_uma_sucessao_bem_sucedida\"><\/span>Planeamento cuidadoso para uma sucess\u00e3o bem sucedida<span class=\"ez-toc-section-end\"><\/span><\/h3><p>A defini\u00e7\u00e3o de um calend\u00e1rio preciso, incluindo etapas para a transfer\u00eancia gradual de responsabilidades, limita as interrup\u00e7\u00f5es operacionais. Este protocolo favorece igualmente o desenvolvimento das compet\u00eancias dos jovens funcion\u00e1rios atrav\u00e9s de ac\u00e7\u00f5es de forma\u00e7\u00e3o espec\u00edficas, acompanhadas de uma valida\u00e7\u00e3o dos conhecimentos adquiridos. <\/p><p>Neste contexto, a implementa\u00e7\u00e3o de quadros de acompanhamento de indicadores-chave de desempenho (KPI) em torno da ado\u00e7\u00e3o das linhas de neg\u00f3cio e da qualidade dos rituais <strong>de transmiss\u00e3o<\/strong> permite uma governa\u00e7\u00e3o transparente.<\/p><h2 class=\"wp-block-heading\"><span class=\"ez-toc-section\" id=\"Manter_o_empenhamento_e_a_continuidade_da_rede_pos-partida\"><\/span>Manter o empenhamento e a continuidade da rede p\u00f3s-partida<span class=\"ez-toc-section-end\"><\/span><\/h2><p>Os revisores oficiais de contas que se reformam representam um ativo significativo em termos de rela\u00e7\u00f5es. Mant\u00ea-los ligados a uma comunidade profissional ativa ajuda a evitar a desorganiza\u00e7\u00e3o da rede e a manter uma din\u00e2mica de apoio m\u00fatuo a longo prazo. <\/p><p>A disponibilidade de um quadro de empregos, de conte\u00fados documentais e de ferramentas de coopta\u00e7\u00e3o integradas na plataforma <a href=\"https:\/\/www.alumni.space\/pt-pt\/alumni-como-aumentar-o-teu-sentimento-de-pertenca-depois-de-teres-partido\/\">alumni.space<\/a> refor\u00e7a o sentimento de perten\u00e7a. Estes recursos tamb\u00e9m facilitam uma melhor integra\u00e7\u00e3o dos talentos e incentivam o empenhamento a longo prazo. <\/p><h3 class=\"wp-block-heading\"><span class=\"ez-toc-section\" id=\"Caso_de_utilizacao_prevenir_a_desorganizacao_atraves_da_antecipacao\"><\/span>Caso de utiliza\u00e7\u00e3o: prevenir a desorganiza\u00e7\u00e3o atrav\u00e9s da antecipa\u00e7\u00e3o<span class=\"ez-toc-section-end\"><\/span><\/h3><p>Uma empresa de consultoria regional introduziu um programa estruturado com apoio passo a passo. O resultado foi uma redu\u00e7\u00e3o do tempo necess\u00e1rio para integrar os novos funcion\u00e1rios e uma diminui\u00e7\u00e3o significativa do n\u00famero de erros de transfer\u00eancia. Estas iniciativas demonstram a import\u00e2ncia de uma abordagem proactiva e sistem\u00e1tica.  <\/p><p>O custo oculto de uma partida negligenciada pode ser medido em tempo perdido, produtividade reduzida e danos \u00e0 imagem da marca. A efici\u00eancia da gest\u00e3o pode ser melhorada atrav\u00e9s da digitaliza\u00e7\u00e3o dos processos <strong>de transmiss\u00e3o<\/strong>, evitando assim a utiliza\u00e7\u00e3o improdutiva de ficheiros dispersos. <\/p><h2 class=\"wp-block-heading\"><span class=\"ez-toc-section\" id=\"Envolver_os_decisores_na_gestao_estrategica_da_reforma\"><\/span>Envolver os decisores na gest\u00e3o estrat\u00e9gica da reforma<span class=\"ez-toc-section-end\"><\/span><\/h2><p>Os RH, a dire\u00e7\u00e3o, os \u00f3rg\u00e3os de gest\u00e3o, as escolas e os organismos de forma\u00e7\u00e3o devem trabalhar em conjunto em torno de uma vis\u00e3o comum. Os riscos associados a sa\u00eddas imprevistas afectam todas as partes interessadas do sector. Uma comunidade estruturada como a do alumni.space fornece quadros s\u00f3lidos para uma r\u00e1pida ado\u00e7\u00e3o das melhores pr\u00e1ticas, conformidade e gest\u00e3o eficaz.  <\/p><p>Ao automatizar a monitoriza\u00e7\u00e3o de compet\u00eancias, ofertas de mentoria e eventos de interc\u00e2mbio, a plataforma ajuda os decisores a poupar tempo precioso e a evitar custos elevados. Os KPIs regulares garantem o acompanhamento cont\u00ednuo do desempenho do sistema. <\/p><p>Deve ser dada especial aten\u00e7\u00e3o ao impacto financeiro da sa\u00edda de peritos seniores. Podes encontrar refer\u00eancias e conselhos adequados em <a href=\"https:\/\/www.alumni.space\/pt-pt\/reformas-macicas-qual-sera-o-impacto-nas-profissoes-financeiras\/\">recursos especializados sobre as quest\u00f5es financeiras<\/a> associadas \u00e0 reforma. <\/p>","protected":false},"excerpt":{"rendered":"<p>A prepara\u00e7\u00e3o para a reforma dos contabilistas seniores \u00e9 uma  [&#8230;]<\/p>\n","protected":false},"author":1,"featured_media":5117,"comment_status":"closed","ping_status":"closed","sticky":false,"template":"","format":"standard","meta":{"_ayudawp_aiss_exclude":false,"footnotes":""},"categories":[70],"tags":[],"class_list":["post-5115","post","type-post","status-publish","format-standard","has-post-thumbnail","hentry","category-recursos-humanos"],"yoast_head":"<!-- This site is optimized with the Yoast SEO plugin v27.4 - https:\/\/yoast.com\/product\/yoast-seo-wordpress\/ -->\n<title>Emerg\u00eancia: preparar a sa\u00edda de contabilistas seniores<\/title>\n<meta name=\"description\" content=\"Preparar a sa\u00edda dos contabilistas seniores: uma quest\u00e3o urgente para assegurar a transmiss\u00e3o de conhecimentos e a continuidade das actividades.\" \/>\n<meta name=\"robots\" content=\"index, follow, max-snippet:-1, max-image-preview:large, max-video-preview:-1\" \/>\n<link rel=\"canonical\" href=\"https:\/\/www.alumni.space\/pt-pt\/preparar-a-saida-dos-contabilistas-seniores-uma-questao-de-urgencia\/\" \/>\n<meta property=\"og:locale\" content=\"pt_PT\" \/>\n<meta property=\"og:type\" content=\"article\" \/>\n<meta property=\"og:title\" content=\"Emerg\u00eancia: preparar a sa\u00edda de contabilistas seniores\" \/>\n<meta property=\"og:description\" content=\"Preparar a sa\u00edda dos contabilistas seniores: uma quest\u00e3o urgente para assegurar a transmiss\u00e3o de conhecimentos e a continuidade das actividades.\" \/>\n<meta property=\"og:url\" content=\"https:\/\/www.alumni.space\/pt-pt\/preparar-a-saida-dos-contabilistas-seniores-uma-questao-de-urgencia\/\" \/>\n<meta property=\"og:site_name\" content=\"Alumni.space\" \/>\n<meta property=\"article:published_time\" content=\"2024-12-01T19:29:25+00:00\" \/>\n<meta property=\"article:modified_time\" content=\"2026-04-02T09:19:27+00:00\" \/>\n<meta property=\"og:image\" content=\"https:\/\/www.alumni.space\/wp-content\/uploads\/2026\/03\/Preparer-le-depart-des-experts-comptables-seniors-une-urgence.jpg\" \/>\n\t<meta property=\"og:image:width\" content=\"1280\" \/>\n\t<meta property=\"og:image:height\" content=\"768\" \/>\n\t<meta property=\"og:image:type\" content=\"image\/jpeg\" \/>\n<meta name=\"author\" content=\"admin\" \/>\n<meta name=\"twitter:card\" content=\"summary_large_image\" \/>\n<meta name=\"twitter:label1\" content=\"Escrito por\" \/>\n\t<meta name=\"twitter:data1\" content=\"admin\" \/>\n\t<meta name=\"twitter:label2\" content=\"Tempo estimado de leitura\" \/>\n\t<meta name=\"twitter:data2\" content=\"3 minutos\" \/>\n<script type=\"application\/ld+json\" class=\"yoast-schema-graph\">{\"@context\":\"https:\\\/\\\/schema.org\",\"@graph\":[{\"@type\":\"Article\",\"@id\":\"https:\\\/\\\/www.alumni.space\\\/pt-pt\\\/preparar-a-saida-dos-contabilistas-seniores-uma-questao-de-urgencia\\\/#article\",\"isPartOf\":{\"@id\":\"https:\\\/\\\/www.alumni.space\\\/pt-pt\\\/preparar-a-saida-dos-contabilistas-seniores-uma-questao-de-urgencia\\\/\"},\"author\":{\"name\":\"admin\",\"@id\":\"https:\\\/\\\/www.alumni.space\\\/pt-pt\\\/#\\\/schema\\\/person\\\/fede362a57876edda476a61f05ce5b15\"},\"headline\":\"Preparar a sa\u00edda dos contabilistas seniores: uma quest\u00e3o de urg\u00eancia\",\"datePublished\":\"2024-12-01T19:29:25+00:00\",\"dateModified\":\"2026-04-02T09:19:27+00:00\",\"mainEntityOfPage\":{\"@id\":\"https:\\\/\\\/www.alumni.space\\\/pt-pt\\\/preparar-a-saida-dos-contabilistas-seniores-uma-questao-de-urgencia\\\/\"},\"wordCount\":676,\"image\":{\"@id\":\"https:\\\/\\\/www.alumni.space\\\/pt-pt\\\/preparar-a-saida-dos-contabilistas-seniores-uma-questao-de-urgencia\\\/#primaryimage\"},\"thumbnailUrl\":\"https:\\\/\\\/www.alumni.space\\\/wp-content\\\/uploads\\\/2026\\\/03\\\/Preparer-le-depart-des-experts-comptables-seniors-une-urgence.jpg\",\"articleSection\":[\"Recursos Humanos\"],\"inLanguage\":\"pt-PT\"},{\"@type\":\"WebPage\",\"@id\":\"https:\\\/\\\/www.alumni.space\\\/pt-pt\\\/preparar-a-saida-dos-contabilistas-seniores-uma-questao-de-urgencia\\\/\",\"url\":\"https:\\\/\\\/www.alumni.space\\\/pt-pt\\\/preparar-a-saida-dos-contabilistas-seniores-uma-questao-de-urgencia\\\/\",\"name\":\"Emerg\u00eancia: preparar a sa\u00edda de contabilistas seniores\",\"isPartOf\":{\"@id\":\"https:\\\/\\\/www.alumni.space\\\/pt-pt\\\/#website\"},\"primaryImageOfPage\":{\"@id\":\"https:\\\/\\\/www.alumni.space\\\/pt-pt\\\/preparar-a-saida-dos-contabilistas-seniores-uma-questao-de-urgencia\\\/#primaryimage\"},\"image\":{\"@id\":\"https:\\\/\\\/www.alumni.space\\\/pt-pt\\\/preparar-a-saida-dos-contabilistas-seniores-uma-questao-de-urgencia\\\/#primaryimage\"},\"thumbnailUrl\":\"https:\\\/\\\/www.alumni.space\\\/wp-content\\\/uploads\\\/2026\\\/03\\\/Preparer-le-depart-des-experts-comptables-seniors-une-urgence.jpg\",\"datePublished\":\"2024-12-01T19:29:25+00:00\",\"dateModified\":\"2026-04-02T09:19:27+00:00\",\"author\":{\"@id\":\"https:\\\/\\\/www.alumni.space\\\/pt-pt\\\/#\\\/schema\\\/person\\\/fede362a57876edda476a61f05ce5b15\"},\"description\":\"Preparar a sa\u00edda dos contabilistas seniores: uma quest\u00e3o urgente para assegurar a transmiss\u00e3o de conhecimentos e a continuidade das actividades.\",\"breadcrumb\":{\"@id\":\"https:\\\/\\\/www.alumni.space\\\/pt-pt\\\/preparar-a-saida-dos-contabilistas-seniores-uma-questao-de-urgencia\\\/#breadcrumb\"},\"inLanguage\":\"pt-PT\",\"potentialAction\":[{\"@type\":\"ReadAction\",\"target\":[\"https:\\\/\\\/www.alumni.space\\\/pt-pt\\\/preparar-a-saida-dos-contabilistas-seniores-uma-questao-de-urgencia\\\/\"]}]},{\"@type\":\"ImageObject\",\"inLanguage\":\"pt-PT\",\"@id\":\"https:\\\/\\\/www.alumni.space\\\/pt-pt\\\/preparar-a-saida-dos-contabilistas-seniores-uma-questao-de-urgencia\\\/#primaryimage\",\"url\":\"https:\\\/\\\/www.alumni.space\\\/wp-content\\\/uploads\\\/2026\\\/03\\\/Preparer-le-depart-des-experts-comptables-seniors-une-urgence.jpg\",\"contentUrl\":\"https:\\\/\\\/www.alumni.space\\\/wp-content\\\/uploads\\\/2026\\\/03\\\/Preparer-le-depart-des-experts-comptables-seniors-une-urgence.jpg\",\"width\":1280,\"height\":768,\"caption\":\"Descobre porque \u00e9 urgente preparar a sa\u00edda de contabilistas seniores e como garantir uma transi\u00e7\u00e3o suave para a tua empresa.\"},{\"@type\":\"BreadcrumbList\",\"@id\":\"https:\\\/\\\/www.alumni.space\\\/pt-pt\\\/preparar-a-saida-dos-contabilistas-seniores-uma-questao-de-urgencia\\\/#breadcrumb\",\"itemListElement\":[{\"@type\":\"ListItem\",\"position\":1,\"name\":\"Home\",\"item\":\"https:\\\/\\\/www.alumni.space\\\/pt-pt\\\/plataforma-de-gestao-de-mentores-e-antigos-alunos\\\/\"},{\"@type\":\"ListItem\",\"position\":2,\"name\":\"Preparar a sa\u00edda dos contabilistas seniores: uma quest\u00e3o de urg\u00eancia\"}]},{\"@type\":\"WebSite\",\"@id\":\"https:\\\/\\\/www.alumni.space\\\/pt-pt\\\/#website\",\"url\":\"https:\\\/\\\/www.alumni.space\\\/pt-pt\\\/\",\"name\":\"Alumni.space\",\"description\":\"My WordPress Blog\",\"potentialAction\":[{\"@type\":\"SearchAction\",\"target\":{\"@type\":\"EntryPoint\",\"urlTemplate\":\"https:\\\/\\\/www.alumni.space\\\/pt-pt\\\/?s={search_term_string}\"},\"query-input\":{\"@type\":\"PropertyValueSpecification\",\"valueRequired\":true,\"valueName\":\"search_term_string\"}}],\"inLanguage\":\"pt-PT\"},{\"@type\":\"Person\",\"@id\":\"https:\\\/\\\/www.alumni.space\\\/pt-pt\\\/#\\\/schema\\\/person\\\/fede362a57876edda476a61f05ce5b15\",\"name\":\"admin\",\"image\":{\"@type\":\"ImageObject\",\"inLanguage\":\"pt-PT\",\"@id\":\"https:\\\/\\\/secure.gravatar.com\\\/avatar\\\/318e234ae94f90d4d629428d6b983c08e31181c28f579e08a021180d759ea651?s=96&d=mm&r=g\",\"url\":\"https:\\\/\\\/secure.gravatar.com\\\/avatar\\\/318e234ae94f90d4d629428d6b983c08e31181c28f579e08a021180d759ea651?s=96&d=mm&r=g\",\"contentUrl\":\"https:\\\/\\\/secure.gravatar.com\\\/avatar\\\/318e234ae94f90d4d629428d6b983c08e31181c28f579e08a021180d759ea651?s=96&d=mm&r=g\",\"caption\":\"admin\"},\"description\":\"Nicolas Laustriat a construit sa sp\u00e9cialit\u00e9 sur un sujet que beaucoup d\u2019organisations d\u00e9couvrent trop tard : ce qui dispara\u00eet quand les gens partent. Dipl\u00f4m\u00e9 en conception de produit industriel, il bifurque vers le digital fin 1996, il couvre les transformations marques, RH, la fid\u00e9lisation, la marque employeur. Sur le terrain, il rep\u00e8re un angle mort r\u00e9current : l\u2019entreprise investit dans le recrutement, la formation, les process\u2026 puis laisse filer le lien au moment du d\u00e9part, avec une perte de savoir et d\u2019influence qui se paie en silence. Il se sp\u00e9cialise alors sur les communaut\u00e9s d\u2019alumni, le mentorat, l\u2019entraide interg\u00e9n\u00e9rationnelle et la transmission d\u2019expertise. Il passe du \u201cconstat\u201d aux m\u00e9thodes : animation, gouvernance, segmentation, rituels, mesure d\u2019engagement, articulation avec la RSE et l\u2019employabilit\u00e9. Il interviewe DRH, responsables formation, directions d\u2019\u00e9coles, associations et fondations, avec une obsession : transformer un r\u00e9seau dormant en m\u00e9canisme utile (cooptation, mentorat, job board, entraide, \u00e9v\u00e9nements, contenus). Son style : direct, orient\u00e9 action, sans folklore. Sa conviction : une communaut\u00e9 n\u2019a pas besoin de bruit, elle a besoin de raisons de revenir.\",\"sameAs\":[\"https:\\\/\\\/www.alumni.space\"]}]}<\/script>\n<!-- \/ Yoast SEO plugin. -->","yoast_head_json":{"title":"Emerg\u00eancia: preparar a sa\u00edda de contabilistas seniores","description":"Preparar a sa\u00edda dos contabilistas seniores: uma quest\u00e3o urgente para assegurar a transmiss\u00e3o de conhecimentos e a continuidade das actividades.","robots":{"index":"index","follow":"follow","max-snippet":"max-snippet:-1","max-image-preview":"max-image-preview:large","max-video-preview":"max-video-preview:-1"},"canonical":"https:\/\/www.alumni.space\/pt-pt\/preparar-a-saida-dos-contabilistas-seniores-uma-questao-de-urgencia\/","og_locale":"pt_PT","og_type":"article","og_title":"Emerg\u00eancia: preparar a sa\u00edda de contabilistas seniores","og_description":"Preparar a sa\u00edda dos contabilistas seniores: uma quest\u00e3o urgente para assegurar a transmiss\u00e3o de conhecimentos e a continuidade das actividades.","og_url":"https:\/\/www.alumni.space\/pt-pt\/preparar-a-saida-dos-contabilistas-seniores-uma-questao-de-urgencia\/","og_site_name":"Alumni.space","article_published_time":"2024-12-01T19:29:25+00:00","article_modified_time":"2026-04-02T09:19:27+00:00","og_image":[{"width":1280,"height":768,"url":"https:\/\/www.alumni.space\/wp-content\/uploads\/2026\/03\/Preparer-le-depart-des-experts-comptables-seniors-une-urgence.jpg","type":"image\/jpeg"}],"author":"admin","twitter_card":"summary_large_image","twitter_misc":{"Escrito por":"admin","Tempo estimado de leitura":"3 minutos"},"schema":{"@context":"https:\/\/schema.org","@graph":[{"@type":"Article","@id":"https:\/\/www.alumni.space\/pt-pt\/preparar-a-saida-dos-contabilistas-seniores-uma-questao-de-urgencia\/#article","isPartOf":{"@id":"https:\/\/www.alumni.space\/pt-pt\/preparar-a-saida-dos-contabilistas-seniores-uma-questao-de-urgencia\/"},"author":{"name":"admin","@id":"https:\/\/www.alumni.space\/pt-pt\/#\/schema\/person\/fede362a57876edda476a61f05ce5b15"},"headline":"Preparar a sa\u00edda dos contabilistas seniores: uma quest\u00e3o de urg\u00eancia","datePublished":"2024-12-01T19:29:25+00:00","dateModified":"2026-04-02T09:19:27+00:00","mainEntityOfPage":{"@id":"https:\/\/www.alumni.space\/pt-pt\/preparar-a-saida-dos-contabilistas-seniores-uma-questao-de-urgencia\/"},"wordCount":676,"image":{"@id":"https:\/\/www.alumni.space\/pt-pt\/preparar-a-saida-dos-contabilistas-seniores-uma-questao-de-urgencia\/#primaryimage"},"thumbnailUrl":"https:\/\/www.alumni.space\/wp-content\/uploads\/2026\/03\/Preparer-le-depart-des-experts-comptables-seniors-une-urgence.jpg","articleSection":["Recursos Humanos"],"inLanguage":"pt-PT"},{"@type":"WebPage","@id":"https:\/\/www.alumni.space\/pt-pt\/preparar-a-saida-dos-contabilistas-seniores-uma-questao-de-urgencia\/","url":"https:\/\/www.alumni.space\/pt-pt\/preparar-a-saida-dos-contabilistas-seniores-uma-questao-de-urgencia\/","name":"Emerg\u00eancia: preparar a sa\u00edda de contabilistas seniores","isPartOf":{"@id":"https:\/\/www.alumni.space\/pt-pt\/#website"},"primaryImageOfPage":{"@id":"https:\/\/www.alumni.space\/pt-pt\/preparar-a-saida-dos-contabilistas-seniores-uma-questao-de-urgencia\/#primaryimage"},"image":{"@id":"https:\/\/www.alumni.space\/pt-pt\/preparar-a-saida-dos-contabilistas-seniores-uma-questao-de-urgencia\/#primaryimage"},"thumbnailUrl":"https:\/\/www.alumni.space\/wp-content\/uploads\/2026\/03\/Preparer-le-depart-des-experts-comptables-seniors-une-urgence.jpg","datePublished":"2024-12-01T19:29:25+00:00","dateModified":"2026-04-02T09:19:27+00:00","author":{"@id":"https:\/\/www.alumni.space\/pt-pt\/#\/schema\/person\/fede362a57876edda476a61f05ce5b15"},"description":"Preparar a sa\u00edda dos contabilistas seniores: uma quest\u00e3o urgente para assegurar a transmiss\u00e3o de conhecimentos e a continuidade das actividades.","breadcrumb":{"@id":"https:\/\/www.alumni.space\/pt-pt\/preparar-a-saida-dos-contabilistas-seniores-uma-questao-de-urgencia\/#breadcrumb"},"inLanguage":"pt-PT","potentialAction":[{"@type":"ReadAction","target":["https:\/\/www.alumni.space\/pt-pt\/preparar-a-saida-dos-contabilistas-seniores-uma-questao-de-urgencia\/"]}]},{"@type":"ImageObject","inLanguage":"pt-PT","@id":"https:\/\/www.alumni.space\/pt-pt\/preparar-a-saida-dos-contabilistas-seniores-uma-questao-de-urgencia\/#primaryimage","url":"https:\/\/www.alumni.space\/wp-content\/uploads\/2026\/03\/Preparer-le-depart-des-experts-comptables-seniors-une-urgence.jpg","contentUrl":"https:\/\/www.alumni.space\/wp-content\/uploads\/2026\/03\/Preparer-le-depart-des-experts-comptables-seniors-une-urgence.jpg","width":1280,"height":768,"caption":"Descobre porque \u00e9 urgente preparar a sa\u00edda de contabilistas seniores e como garantir uma transi\u00e7\u00e3o suave para a tua empresa."},{"@type":"BreadcrumbList","@id":"https:\/\/www.alumni.space\/pt-pt\/preparar-a-saida-dos-contabilistas-seniores-uma-questao-de-urgencia\/#breadcrumb","itemListElement":[{"@type":"ListItem","position":1,"name":"Home","item":"https:\/\/www.alumni.space\/pt-pt\/plataforma-de-gestao-de-mentores-e-antigos-alunos\/"},{"@type":"ListItem","position":2,"name":"Preparar a sa\u00edda dos contabilistas seniores: uma quest\u00e3o de urg\u00eancia"}]},{"@type":"WebSite","@id":"https:\/\/www.alumni.space\/pt-pt\/#website","url":"https:\/\/www.alumni.space\/pt-pt\/","name":"Alumni.space","description":"My WordPress Blog","potentialAction":[{"@type":"SearchAction","target":{"@type":"EntryPoint","urlTemplate":"https:\/\/www.alumni.space\/pt-pt\/?s={search_term_string}"},"query-input":{"@type":"PropertyValueSpecification","valueRequired":true,"valueName":"search_term_string"}}],"inLanguage":"pt-PT"},{"@type":"Person","@id":"https:\/\/www.alumni.space\/pt-pt\/#\/schema\/person\/fede362a57876edda476a61f05ce5b15","name":"admin","image":{"@type":"ImageObject","inLanguage":"pt-PT","@id":"https:\/\/secure.gravatar.com\/avatar\/318e234ae94f90d4d629428d6b983c08e31181c28f579e08a021180d759ea651?s=96&d=mm&r=g","url":"https:\/\/secure.gravatar.com\/avatar\/318e234ae94f90d4d629428d6b983c08e31181c28f579e08a021180d759ea651?s=96&d=mm&r=g","contentUrl":"https:\/\/secure.gravatar.com\/avatar\/318e234ae94f90d4d629428d6b983c08e31181c28f579e08a021180d759ea651?s=96&d=mm&r=g","caption":"admin"},"description":"Nicolas Laustriat a construit sa sp\u00e9cialit\u00e9 sur un sujet que beaucoup d\u2019organisations d\u00e9couvrent trop tard : ce qui dispara\u00eet quand les gens partent. Dipl\u00f4m\u00e9 en conception de produit industriel, il bifurque vers le digital fin 1996, il couvre les transformations marques, RH, la fid\u00e9lisation, la marque employeur. Sur le terrain, il rep\u00e8re un angle mort r\u00e9current : l\u2019entreprise investit dans le recrutement, la formation, les process\u2026 puis laisse filer le lien au moment du d\u00e9part, avec une perte de savoir et d\u2019influence qui se paie en silence. Il se sp\u00e9cialise alors sur les communaut\u00e9s d\u2019alumni, le mentorat, l\u2019entraide interg\u00e9n\u00e9rationnelle et la transmission d\u2019expertise. Il passe du \u201cconstat\u201d aux m\u00e9thodes : animation, gouvernance, segmentation, rituels, mesure d\u2019engagement, articulation avec la RSE et l\u2019employabilit\u00e9. Il interviewe DRH, responsables formation, directions d\u2019\u00e9coles, associations et fondations, avec une obsession : transformer un r\u00e9seau dormant en m\u00e9canisme utile (cooptation, mentorat, job board, entraide, \u00e9v\u00e9nements, contenus). Son style : direct, orient\u00e9 action, sans folklore. Sa conviction : une communaut\u00e9 n\u2019a pas besoin de bruit, elle a besoin de raisons de revenir.","sameAs":["https:\/\/www.alumni.space"]}]}},"_links":{"self":[{"href":"https:\/\/www.alumni.space\/pt-pt\/wp-json\/wp\/v2\/posts\/5115","targetHints":{"allow":["GET"]}}],"collection":[{"href":"https:\/\/www.alumni.space\/pt-pt\/wp-json\/wp\/v2\/posts"}],"about":[{"href":"https:\/\/www.alumni.space\/pt-pt\/wp-json\/wp\/v2\/types\/post"}],"author":[{"embeddable":true,"href":"https:\/\/www.alumni.space\/pt-pt\/wp-json\/wp\/v2\/users\/1"}],"replies":[{"embeddable":true,"href":"https:\/\/www.alumni.space\/pt-pt\/wp-json\/wp\/v2\/comments?post=5115"}],"version-history":[{"count":3,"href":"https:\/\/www.alumni.space\/pt-pt\/wp-json\/wp\/v2\/posts\/5115\/revisions"}],"predecessor-version":[{"id":6700,"href":"https:\/\/www.alumni.space\/pt-pt\/wp-json\/wp\/v2\/posts\/5115\/revisions\/6700"}],"wp:featuredmedia":[{"embeddable":true,"href":"https:\/\/www.alumni.space\/pt-pt\/wp-json\/wp\/v2\/media\/5117"}],"wp:attachment":[{"href":"https:\/\/www.alumni.space\/pt-pt\/wp-json\/wp\/v2\/media?parent=5115"}],"wp:term":[{"taxonomy":"category","embeddable":true,"href":"https:\/\/www.alumni.space\/pt-pt\/wp-json\/wp\/v2\/categories?post=5115"},{"taxonomy":"post_tag","embeddable":true,"href":"https:\/\/www.alumni.space\/pt-pt\/wp-json\/wp\/v2\/tags?post=5115"}],"curies":[{"name":"wp","href":"https:\/\/api.w.org\/{rel}","templated":true}]}}