{"id":5078,"date":"2024-08-21T10:36:41","date_gmt":"2024-08-21T10:36:41","guid":{"rendered":"https:\/\/www.alumni.space\/como-e-que-podemos-evitar-a-perda-de-conhecimentos-nos-nossos-locais-de-trabalho-quando-os-especialistas-partem\/"},"modified":"2026-03-28T10:46:58","modified_gmt":"2026-03-28T10:46:58","slug":"como-e-que-podemos-evitar-a-perda-de-conhecimentos-nos-nossos-locais-de-trabalho-quando-os-especialistas-partem","status":"publish","type":"post","link":"https:\/\/www.alumni.space\/pt-pt\/como-e-que-podemos-evitar-a-perda-de-conhecimentos-nos-nossos-locais-de-trabalho-quando-os-especialistas-partem\/","title":{"rendered":"Como \u00e9 que podemos evitar a perda de conhecimentos nos nossos locais de trabalho quando os especialistas partem?"},"content":{"rendered":"<div id=\"ez-toc-container\" class=\"ez-toc-v2_0_82_2 counter-flat ez-toc-counter ez-toc-grey ez-toc-container-direction\">\n<div class=\"ez-toc-title-container\"><p class=\"ez-toc-title\" style=\"cursor:inherit\">\u00cdndice deste artigo:<\/p>\n<\/div><nav><ul class='ez-toc-list ez-toc-list-level-1 ' ><li class='ez-toc-page-1'><a class=\"ez-toc-link ez-toc-heading-1\" href=\"https:\/\/www.alumni.space\/pt-pt\/como-e-que-podemos-evitar-a-perda-de-conhecimentos-nos-nossos-locais-de-trabalho-quando-os-especialistas-partem\/#Preservar_a_experiencia_face_a_saida_dos_peritos_dos_locais_de_trabalho\" >Preservar a experi\u00eancia face \u00e0 sa\u00edda dos peritos dos locais de trabalho<\/a><\/li><li class='ez-toc-page-1'><a class=\"ez-toc-link ez-toc-heading-2\" href=\"https:\/\/www.alumni.space\/pt-pt\/como-e-que-podemos-evitar-a-perda-de-conhecimentos-nos-nossos-locais-de-trabalho-quando-os-especialistas-partem\/#Aproveita_os_sistemas_de_mentoria_e_de_gestao_do_conhecimento_para_garantir_a_continuidade\" >Aproveita os sistemas de mentoria e de gest\u00e3o do conhecimento para garantir a continuidade<\/a><\/li><li class='ez-toc-page-1'><a class=\"ez-toc-link ez-toc-heading-3\" href=\"https:\/\/www.alumni.space\/pt-pt\/como-e-que-podemos-evitar-a-perda-de-conhecimentos-nos-nossos-locais-de-trabalho-quando-os-especialistas-partem\/#Antecipar_as_perturbacoes_atraves_de_uma_organizacao_rigorosa_e_de_uma_gestao_sustentavel\" >Antecipar as perturba\u00e7\u00f5es atrav\u00e9s de uma organiza\u00e7\u00e3o rigorosa e de uma gest\u00e3o sustent\u00e1vel<\/a><\/li><li class='ez-toc-page-1'><a class=\"ez-toc-link ez-toc-heading-4\" href=\"https:\/\/www.alumni.space\/pt-pt\/como-e-que-podemos-evitar-a-perda-de-conhecimentos-nos-nossos-locais-de-trabalho-quando-os-especialistas-partem\/#Estudo_de_caso_capitalizar_os_conhecimentos_especializados_num_grande_projeto_de_regeneracao_urbana\" >Estudo de caso: capitalizar os conhecimentos especializados num grande projeto de regenera\u00e7\u00e3o urbana<\/a><\/li><li class='ez-toc-page-1'><a class=\"ez-toc-link ez-toc-heading-5\" href=\"https:\/\/www.alumni.space\/pt-pt\/como-e-que-podemos-evitar-a-perda-de-conhecimentos-nos-nossos-locais-de-trabalho-quando-os-especialistas-partem\/#Um_metodo_pragmatico_para_industrializar_as_transferencias_e_valorizar_o_capital_humano\" >Um m\u00e9todo pragm\u00e1tico para industrializar as transfer\u00eancias e valorizar o capital humano<\/a><\/li><\/ul><\/nav><\/div>\n<h2 class=\"wp-block-heading\"><span class=\"ez-toc-section\" id=\"Preservar_a_experiencia_face_a_saida_dos_peritos_dos_locais_de_trabalho\"><\/span>Preservar a experi\u00eancia face \u00e0 sa\u00edda dos peritos dos locais de trabalho<span class=\"ez-toc-section-end\"><\/span><\/h2><p>A perda de know-how na sequ\u00eancia da sa\u00edda de peritos representa um risco importante para a continuidade dos projectos de constru\u00e7\u00e3o e de engenharia civil. Num sector em que os conhecimentos ainda s\u00e3o largamente transmitidos no terreno, <strong>a preserva\u00e7\u00e3o das compet\u00eancias<\/strong> \u00e9 crucial para o \u00eaxito de projectos futuros. <strong>A gest\u00e3o das compet\u00eancias<\/strong> n\u00e3o deve limitar-se a um simples invent\u00e1rio dos recursos humanos, mas deve incluir uma estrat\u00e9gia pr\u00f3-ativa de <strong>capitaliza\u00e7\u00e3o dos conhecimentos<\/strong>.  <\/p><figure class=\"wp-block-image size-full\"><img decoding=\"async\" width=\"1280\" height=\"768\" src=\"https:\/\/www.alumni.space\/wp-content\/uploads\/2026\/03\/Comment-eviter-la-rupture-de-savoir-dans-les-chantiers-face-au-depart-des-experts-1-1.jpg\" data-orig-src=\"https:\/\/www.alumni.space\/wp-content\/uploads\/2026\/03\/Comment-eviter-la-rupture-de-savoir-dans-les-chantiers-face-au-depart-des-experts-1-1.jpg\" alt=\"descobrir estrat\u00e9gias eficazes para evitar a perda de conhecimentos nos locais de trabalho quando os peritos saem, garantindo assim a continuidade e a qualidade dos projectos.\" class=\"lazyload wp-image-3261\" srcset=\"data:image\/svg+xml,%3Csvg%20xmlns%3D%27http%3A%2F%2Fwww.w3.org%2F2000%2Fsvg%27%20width%3D%271280%27%20height%3D%27768%27%20viewBox%3D%270%200%201280%20768%27%3E%3Crect%20width%3D%271280%27%20height%3D%27768%27%20fill-opacity%3D%220%22%2F%3E%3C%2Fsvg%3E\" data-srcset=\"https:\/\/www.alumni.space\/wp-content\/uploads\/2026\/03\/Comment-eviter-la-rupture-de-savoir-dans-les-chantiers-face-au-depart-des-experts-1-1-200x120.jpg 200w, https:\/\/www.alumni.space\/wp-content\/uploads\/2026\/03\/Comment-eviter-la-rupture-de-savoir-dans-les-chantiers-face-au-depart-des-experts-1-1-300x180.jpg 300w, https:\/\/www.alumni.space\/wp-content\/uploads\/2026\/03\/Comment-eviter-la-rupture-de-savoir-dans-les-chantiers-face-au-depart-des-experts-1-1-400x240.jpg 400w, https:\/\/www.alumni.space\/wp-content\/uploads\/2026\/03\/Comment-eviter-la-rupture-de-savoir-dans-les-chantiers-face-au-depart-des-experts-1-1-600x360.jpg 600w, https:\/\/www.alumni.space\/wp-content\/uploads\/2026\/03\/Comment-eviter-la-rupture-de-savoir-dans-les-chantiers-face-au-depart-des-experts-1-1-768x461.jpg 768w, https:\/\/www.alumni.space\/wp-content\/uploads\/2026\/03\/Comment-eviter-la-rupture-de-savoir-dans-les-chantiers-face-au-depart-des-experts-1-1-800x480.jpg 800w, https:\/\/www.alumni.space\/wp-content\/uploads\/2026\/03\/Comment-eviter-la-rupture-de-savoir-dans-les-chantiers-face-au-depart-des-experts-1-1-1024x614.jpg 1024w, https:\/\/www.alumni.space\/wp-content\/uploads\/2026\/03\/Comment-eviter-la-rupture-de-savoir-dans-les-chantiers-face-au-depart-des-experts-1-1-1200x720.jpg 1200w, https:\/\/www.alumni.space\/wp-content\/uploads\/2026\/03\/Comment-eviter-la-rupture-de-savoir-dans-les-chantiers-face-au-depart-des-experts-1-1.jpg 1280w\" data-sizes=\"auto\" data-orig-sizes=\"(max-width: 1280px) 100vw, 1280px\" \/><\/figure><h3 class=\"wp-block-heading\"><span class=\"ez-toc-section\" id=\"Aproveita_os_sistemas_de_mentoria_e_de_gestao_do_conhecimento_para_garantir_a_continuidade\"><\/span>Aproveita os sistemas de mentoria e de gest\u00e3o do conhecimento para garantir a continuidade<span class=\"ez-toc-section-end\"><\/span><\/h3><p><strong>A tutoria<\/strong> \u00e9 um meio essencial para assegurar uma transfer\u00eancia estruturada de conhecimentos. Ao reunir especialistas seniores e jovens talentos, favorece o interc\u00e2mbio din\u00e2mico e a forma\u00e7\u00e3o cont\u00ednua, ao mesmo tempo que refor\u00e7a os la\u00e7os no seio das equipas. Apoiar-se em <strong>sistemas<\/strong> digitais <strong>de gest\u00e3o do conhecimento<\/strong> ajuda a organizar a documenta\u00e7\u00e3o dos processos e a capitaliza\u00e7\u00e3o t\u00e9cnica indispens\u00e1vel para as fases seguintes dos projectos.  <\/p><p>A integra\u00e7\u00e3o de uma plataforma SaaS dedicada \u00e0 gest\u00e3o e anima\u00e7\u00e3o de comunidades como a<a href=\"https:\/\/www.alumni.space\/pt-pt\/como-e-que-podemos-evitar-a-perda-de-conhecimentos-nos-nossos-locais-de-trabalho-quando-os-especialistas-partem\/\">alumni.space<\/a> oferece uma solu\u00e7\u00e3o industrial. Ajuda os decisores a gerir as compet\u00eancias, facilita o acompanhamento dos planos de sucess\u00e3o e assegura uma comunica\u00e7\u00e3o interna fluida entre departamentos e gera\u00e7\u00f5es, limitando assim o risco de rutura. <\/p><h2 class=\"wp-block-heading\"><span class=\"ez-toc-section\" id=\"Antecipar_as_perturbacoes_atraves_de_uma_organizacao_rigorosa_e_de_uma_gestao_sustentavel\"><\/span>Antecipar as perturba\u00e7\u00f5es atrav\u00e9s de uma organiza\u00e7\u00e3o rigorosa e de uma gest\u00e3o sustent\u00e1vel<span class=\"ez-toc-section-end\"><\/span><\/h2><p>A partida de um perito sem um plano de sucess\u00e3o formalizado tem um impacto n\u00e3o s\u00f3 na qualidade t\u00e9cnica, mas tamb\u00e9m na coes\u00e3o da equipa. Uma organiza\u00e7\u00e3o rigorosa, desde a fase de prepara\u00e7\u00e3o da obra, mobiliza todos os intervenientes em torno de um compromisso formalizado de transfer\u00eancia de conhecimentos e de documenta\u00e7\u00e3o. <\/p><p>Envolver os RH, o CSE e os gestores educativos neste processo garante o apoio coletivo e uma melhor ado\u00e7\u00e3o dos sistemas. Por exemplo, a cria\u00e7\u00e3o de rituais regulares de partilha e revis\u00e3o de documentos estimula a troca din\u00e2mica de compet\u00eancias-chave. A cria\u00e7\u00e3o de pares intergeracionais refor\u00e7a o sentimento de perten\u00e7a e facilita a ancoragem de pr\u00e1ticas espec\u00edficas de cada local.  <\/p><p>Uma abordagem que pode ser medida e gerida atrav\u00e9s de KPIs espec\u00edficos permite avaliar o impacto das ac\u00e7\u00f5es na continuidade do conhecimento e no desempenho global da equipa. A solu\u00e7\u00e3o SaaS para facilitar as redes profissionais optimiza a colabora\u00e7\u00e3o e acelera a integra\u00e7\u00e3o dos rec\u00e9m-chegados, refor\u00e7ando simultaneamente a coopta\u00e7\u00e3o. <\/p><h3 class=\"wp-block-heading\"><span class=\"ez-toc-section\" id=\"Estudo_de_caso_capitalizar_os_conhecimentos_especializados_num_grande_projeto_de_regeneracao_urbana\"><\/span>Estudo de caso: capitalizar os conhecimentos especializados num grande projeto de regenera\u00e7\u00e3o urbana<span class=\"ez-toc-section-end\"><\/span><\/h3><p>Durante um projeto complexo que envolvia v\u00e1rias profiss\u00f5es, uma empresa criou um esquema de tutoria e uma base de dados de documentos centralizada acess\u00edvel \u00e0s equipas no local e a trabalhar remotamente. Os especialistas que se iam reformar ou mudar de fun\u00e7\u00f5es conduziram sess\u00f5es de transfer\u00eancia de compet\u00eancias e contribu\u00edram para uma biblioteca t\u00e9cnica viva. <\/p><p>Este sistema permitiu antecipar a perda de compet\u00eancias, favorecendo simultaneamente o di\u00e1logo permanente com os actores externos, como os subcontratantes. A utiliza\u00e7\u00e3o de uma ferramenta digital permitiu eliminar os silos de informa\u00e7\u00e3o e melhorar a comunica\u00e7\u00e3o interna, contribuindo para limitar os atrasos e garantir a qualidade t\u00e9cnica da obra. <\/p><h2 class=\"wp-block-heading\"><span class=\"ez-toc-section\" id=\"Um_metodo_pragmatico_para_industrializar_as_transferencias_e_valorizar_o_capital_humano\"><\/span>Um m\u00e9todo pragm\u00e1tico para industrializar as transfer\u00eancias e valorizar o capital humano<span class=\"ez-toc-section-end\"><\/span><\/h2><p>A implementa\u00e7\u00e3o de uma estrat\u00e9gia sustent\u00e1vel assenta em v\u00e1rios pilares: a defini\u00e7\u00e3o clara de pap\u00e9is e responsabilidades, o desenvolvimento de um calend\u00e1rio de ac\u00e7\u00f5es de transfer\u00eancia e a segmenta\u00e7\u00e3o do conhecimento de acordo com a sua criticidade. Estas etapas requerem um forte compromisso por parte da governa\u00e7\u00e3o para assegurar uma gest\u00e3o estruturada que cumpra os requisitos regulamentares e de RSE. <\/p><p>Para facilitar estas pr\u00e1ticas, \u00e9 essencial escolher uma plataforma integrada que evite folhas de c\u00e1lculo e a multiplica\u00e7\u00e3o de ferramentas dispersas. A converg\u00eancia para um sistema centralizado como o <a href=\"https:\/\/www.alumni.space\/pt-pt\/mentoring-um-acelerador-de-lideranca-interna\/\">alumni.space<\/a> garante um acesso simplificado \u00e0s ofertas formativas, \u00e0 gest\u00e3o das comunidades, aos conte\u00fados t\u00e9cnicos e ao acompanhamento dos projectos. <\/p><p>Desta forma, os decisores poupam tempo precioso, optimizam os custos associados \u00e0s sa\u00eddas e asseguram o compromisso a longo prazo dos colaboradores, consolidando simultaneamente a rede de especialistas e de antigos alunos. Esta continuidade, por sua vez, aumenta o desempenho global e garante a manuten\u00e7\u00e3o do know-how essencial para o sucesso de projectos futuros. <\/p>","protected":false},"excerpt":{"rendered":"<p>Preservar a experi\u00eancia face \u00e0 sa\u00edda dos peritos dos locais  [&#8230;]<\/p>\n","protected":false},"author":1,"featured_media":5080,"comment_status":"closed","ping_status":"closed","sticky":false,"template":"","format":"standard","meta":{"_ayudawp_aiss_exclude":false,"footnotes":""},"categories":[69],"tags":[],"class_list":["post-5078","post","type-post","status-publish","format-standard","has-post-thumbnail","hentry","category-partilha-de-conhecimentos"],"yoast_head":"<!-- This site is optimized with the Yoast SEO plugin v27.4 - https:\/\/yoast.com\/product\/yoast-seo-wordpress\/ -->\n<title>Preservar o conhecimento nos locais de trabalho: gerir a sa\u00edda dos peritos<\/title>\n<meta name=\"description\" content=\"Descobre como evitar a perda de conhecimentos nos teus s\u00edtios, antecipando a sa\u00edda dos especialistas e partilhando eficazmente as suas compet\u00eancias.\" \/>\n<meta name=\"robots\" content=\"index, follow, max-snippet:-1, max-image-preview:large, max-video-preview:-1\" \/>\n<link rel=\"canonical\" href=\"https:\/\/www.alumni.space\/pt-pt\/como-e-que-podemos-evitar-a-perda-de-conhecimentos-nos-nossos-locais-de-trabalho-quando-os-especialistas-partem\/\" \/>\n<meta property=\"og:locale\" content=\"pt_PT\" \/>\n<meta property=\"og:type\" content=\"article\" \/>\n<meta property=\"og:title\" content=\"Preservar o conhecimento nos locais de trabalho: gerir a sa\u00edda dos peritos\" \/>\n<meta property=\"og:description\" content=\"Descobre como evitar a perda de conhecimentos nos teus s\u00edtios, antecipando a sa\u00edda dos especialistas e partilhando eficazmente as suas compet\u00eancias.\" \/>\n<meta property=\"og:url\" content=\"https:\/\/www.alumni.space\/pt-pt\/como-e-que-podemos-evitar-a-perda-de-conhecimentos-nos-nossos-locais-de-trabalho-quando-os-especialistas-partem\/\" \/>\n<meta property=\"og:site_name\" content=\"Alumni.space\" \/>\n<meta property=\"article:published_time\" content=\"2024-08-21T10:36:41+00:00\" \/>\n<meta property=\"article:modified_time\" content=\"2026-03-28T10:46:58+00:00\" \/>\n<meta property=\"og:image\" content=\"https:\/\/www.alumni.space\/wp-content\/uploads\/2026\/03\/Comment-eviter-la-rupture-de-savoir-dans-les-chantiers-face-au-depart-des-experts-.jpg\" \/>\n\t<meta property=\"og:image:width\" content=\"1280\" \/>\n\t<meta property=\"og:image:height\" content=\"768\" \/>\n\t<meta property=\"og:image:type\" content=\"image\/jpeg\" \/>\n<meta name=\"author\" content=\"admin\" \/>\n<meta name=\"twitter:card\" content=\"summary_large_image\" \/>\n<meta name=\"twitter:label1\" content=\"Escrito por\" \/>\n\t<meta name=\"twitter:data1\" content=\"admin\" \/>\n\t<meta name=\"twitter:label2\" content=\"Tempo estimado de leitura\" \/>\n\t<meta name=\"twitter:data2\" content=\"4 minutos\" \/>\n<script type=\"application\/ld+json\" class=\"yoast-schema-graph\">{\"@context\":\"https:\\\/\\\/schema.org\",\"@graph\":[{\"@type\":\"Article\",\"@id\":\"https:\\\/\\\/www.alumni.space\\\/pt-pt\\\/como-e-que-podemos-evitar-a-perda-de-conhecimentos-nos-nossos-locais-de-trabalho-quando-os-especialistas-partem\\\/#article\",\"isPartOf\":{\"@id\":\"https:\\\/\\\/www.alumni.space\\\/pt-pt\\\/como-e-que-podemos-evitar-a-perda-de-conhecimentos-nos-nossos-locais-de-trabalho-quando-os-especialistas-partem\\\/\"},\"author\":{\"name\":\"admin\",\"@id\":\"https:\\\/\\\/www.alumni.space\\\/pt-pt\\\/#\\\/schema\\\/person\\\/fede362a57876edda476a61f05ce5b15\"},\"headline\":\"Como \u00e9 que podemos evitar a perda de conhecimentos nos nossos locais de trabalho quando os especialistas partem?\",\"datePublished\":\"2024-08-21T10:36:41+00:00\",\"dateModified\":\"2026-03-28T10:46:58+00:00\",\"mainEntityOfPage\":{\"@id\":\"https:\\\/\\\/www.alumni.space\\\/pt-pt\\\/como-e-que-podemos-evitar-a-perda-de-conhecimentos-nos-nossos-locais-de-trabalho-quando-os-especialistas-partem\\\/\"},\"wordCount\":801,\"image\":{\"@id\":\"https:\\\/\\\/www.alumni.space\\\/pt-pt\\\/como-e-que-podemos-evitar-a-perda-de-conhecimentos-nos-nossos-locais-de-trabalho-quando-os-especialistas-partem\\\/#primaryimage\"},\"thumbnailUrl\":\"https:\\\/\\\/www.alumni.space\\\/wp-content\\\/uploads\\\/2026\\\/03\\\/Comment-eviter-la-rupture-de-savoir-dans-les-chantiers-face-au-depart-des-experts-.jpg\",\"articleSection\":[\"Partilha de conhecimentos\"],\"inLanguage\":\"pt-PT\"},{\"@type\":\"WebPage\",\"@id\":\"https:\\\/\\\/www.alumni.space\\\/pt-pt\\\/como-e-que-podemos-evitar-a-perda-de-conhecimentos-nos-nossos-locais-de-trabalho-quando-os-especialistas-partem\\\/\",\"url\":\"https:\\\/\\\/www.alumni.space\\\/pt-pt\\\/como-e-que-podemos-evitar-a-perda-de-conhecimentos-nos-nossos-locais-de-trabalho-quando-os-especialistas-partem\\\/\",\"name\":\"Preservar o conhecimento nos locais de trabalho: gerir a sa\u00edda dos peritos\",\"isPartOf\":{\"@id\":\"https:\\\/\\\/www.alumni.space\\\/pt-pt\\\/#website\"},\"primaryImageOfPage\":{\"@id\":\"https:\\\/\\\/www.alumni.space\\\/pt-pt\\\/como-e-que-podemos-evitar-a-perda-de-conhecimentos-nos-nossos-locais-de-trabalho-quando-os-especialistas-partem\\\/#primaryimage\"},\"image\":{\"@id\":\"https:\\\/\\\/www.alumni.space\\\/pt-pt\\\/como-e-que-podemos-evitar-a-perda-de-conhecimentos-nos-nossos-locais-de-trabalho-quando-os-especialistas-partem\\\/#primaryimage\"},\"thumbnailUrl\":\"https:\\\/\\\/www.alumni.space\\\/wp-content\\\/uploads\\\/2026\\\/03\\\/Comment-eviter-la-rupture-de-savoir-dans-les-chantiers-face-au-depart-des-experts-.jpg\",\"datePublished\":\"2024-08-21T10:36:41+00:00\",\"dateModified\":\"2026-03-28T10:46:58+00:00\",\"author\":{\"@id\":\"https:\\\/\\\/www.alumni.space\\\/pt-pt\\\/#\\\/schema\\\/person\\\/fede362a57876edda476a61f05ce5b15\"},\"description\":\"Descobre como evitar a perda de conhecimentos nos teus s\u00edtios, antecipando a sa\u00edda dos especialistas e partilhando eficazmente as suas compet\u00eancias.\",\"breadcrumb\":{\"@id\":\"https:\\\/\\\/www.alumni.space\\\/pt-pt\\\/como-e-que-podemos-evitar-a-perda-de-conhecimentos-nos-nossos-locais-de-trabalho-quando-os-especialistas-partem\\\/#breadcrumb\"},\"inLanguage\":\"pt-PT\",\"potentialAction\":[{\"@type\":\"ReadAction\",\"target\":[\"https:\\\/\\\/www.alumni.space\\\/pt-pt\\\/como-e-que-podemos-evitar-a-perda-de-conhecimentos-nos-nossos-locais-de-trabalho-quando-os-especialistas-partem\\\/\"]}]},{\"@type\":\"ImageObject\",\"inLanguage\":\"pt-PT\",\"@id\":\"https:\\\/\\\/www.alumni.space\\\/pt-pt\\\/como-e-que-podemos-evitar-a-perda-de-conhecimentos-nos-nossos-locais-de-trabalho-quando-os-especialistas-partem\\\/#primaryimage\",\"url\":\"https:\\\/\\\/www.alumni.space\\\/wp-content\\\/uploads\\\/2026\\\/03\\\/Comment-eviter-la-rupture-de-savoir-dans-les-chantiers-face-au-depart-des-experts-.jpg\",\"contentUrl\":\"https:\\\/\\\/www.alumni.space\\\/wp-content\\\/uploads\\\/2026\\\/03\\\/Comment-eviter-la-rupture-de-savoir-dans-les-chantiers-face-au-depart-des-experts-.jpg\",\"width\":1280,\"height\":768,\"caption\":\"descobre estrat\u00e9gias eficazes para preservar o know-how nos teus locais de trabalho e evitar a perda de conhecimentos quando os especialistas saem.\"},{\"@type\":\"BreadcrumbList\",\"@id\":\"https:\\\/\\\/www.alumni.space\\\/pt-pt\\\/como-e-que-podemos-evitar-a-perda-de-conhecimentos-nos-nossos-locais-de-trabalho-quando-os-especialistas-partem\\\/#breadcrumb\",\"itemListElement\":[{\"@type\":\"ListItem\",\"position\":1,\"name\":\"Home\",\"item\":\"https:\\\/\\\/www.alumni.space\\\/pt-pt\\\/plataforma-de-gestao-de-mentores-e-antigos-alunos\\\/\"},{\"@type\":\"ListItem\",\"position\":2,\"name\":\"Como \u00e9 que podemos evitar a perda de conhecimentos nos nossos locais de trabalho quando os especialistas partem?\"}]},{\"@type\":\"WebSite\",\"@id\":\"https:\\\/\\\/www.alumni.space\\\/pt-pt\\\/#website\",\"url\":\"https:\\\/\\\/www.alumni.space\\\/pt-pt\\\/\",\"name\":\"Alumni.space\",\"description\":\"My WordPress Blog\",\"potentialAction\":[{\"@type\":\"SearchAction\",\"target\":{\"@type\":\"EntryPoint\",\"urlTemplate\":\"https:\\\/\\\/www.alumni.space\\\/pt-pt\\\/?s={search_term_string}\"},\"query-input\":{\"@type\":\"PropertyValueSpecification\",\"valueRequired\":true,\"valueName\":\"search_term_string\"}}],\"inLanguage\":\"pt-PT\"},{\"@type\":\"Person\",\"@id\":\"https:\\\/\\\/www.alumni.space\\\/pt-pt\\\/#\\\/schema\\\/person\\\/fede362a57876edda476a61f05ce5b15\",\"name\":\"admin\",\"image\":{\"@type\":\"ImageObject\",\"inLanguage\":\"pt-PT\",\"@id\":\"https:\\\/\\\/secure.gravatar.com\\\/avatar\\\/318e234ae94f90d4d629428d6b983c08e31181c28f579e08a021180d759ea651?s=96&d=mm&r=g\",\"url\":\"https:\\\/\\\/secure.gravatar.com\\\/avatar\\\/318e234ae94f90d4d629428d6b983c08e31181c28f579e08a021180d759ea651?s=96&d=mm&r=g\",\"contentUrl\":\"https:\\\/\\\/secure.gravatar.com\\\/avatar\\\/318e234ae94f90d4d629428d6b983c08e31181c28f579e08a021180d759ea651?s=96&d=mm&r=g\",\"caption\":\"admin\"},\"description\":\"Nicolas Laustriat a construit sa sp\u00e9cialit\u00e9 sur un sujet que beaucoup d\u2019organisations d\u00e9couvrent trop tard : ce qui dispara\u00eet quand les gens partent. Dipl\u00f4m\u00e9 en conception de produit industriel, il bifurque vers le digital fin 1996, il couvre les transformations marques, RH, la fid\u00e9lisation, la marque employeur. Sur le terrain, il rep\u00e8re un angle mort r\u00e9current : l\u2019entreprise investit dans le recrutement, la formation, les process\u2026 puis laisse filer le lien au moment du d\u00e9part, avec une perte de savoir et d\u2019influence qui se paie en silence. Il se sp\u00e9cialise alors sur les communaut\u00e9s d\u2019alumni, le mentorat, l\u2019entraide interg\u00e9n\u00e9rationnelle et la transmission d\u2019expertise. Il passe du \u201cconstat\u201d aux m\u00e9thodes : animation, gouvernance, segmentation, rituels, mesure d\u2019engagement, articulation avec la RSE et l\u2019employabilit\u00e9. Il interviewe DRH, responsables formation, directions d\u2019\u00e9coles, associations et fondations, avec une obsession : transformer un r\u00e9seau dormant en m\u00e9canisme utile (cooptation, mentorat, job board, entraide, \u00e9v\u00e9nements, contenus). Son style : direct, orient\u00e9 action, sans folklore. Sa conviction : une communaut\u00e9 n\u2019a pas besoin de bruit, elle a besoin de raisons de revenir.\",\"sameAs\":[\"https:\\\/\\\/www.alumni.space\"]}]}<\/script>\n<!-- \/ Yoast SEO plugin. -->","yoast_head_json":{"title":"Preservar o conhecimento nos locais de trabalho: gerir a sa\u00edda dos peritos","description":"Descobre como evitar a perda de conhecimentos nos teus s\u00edtios, antecipando a sa\u00edda dos especialistas e partilhando eficazmente as suas compet\u00eancias.","robots":{"index":"index","follow":"follow","max-snippet":"max-snippet:-1","max-image-preview":"max-image-preview:large","max-video-preview":"max-video-preview:-1"},"canonical":"https:\/\/www.alumni.space\/pt-pt\/como-e-que-podemos-evitar-a-perda-de-conhecimentos-nos-nossos-locais-de-trabalho-quando-os-especialistas-partem\/","og_locale":"pt_PT","og_type":"article","og_title":"Preservar o conhecimento nos locais de trabalho: gerir a sa\u00edda dos peritos","og_description":"Descobre como evitar a perda de conhecimentos nos teus s\u00edtios, antecipando a sa\u00edda dos especialistas e partilhando eficazmente as suas compet\u00eancias.","og_url":"https:\/\/www.alumni.space\/pt-pt\/como-e-que-podemos-evitar-a-perda-de-conhecimentos-nos-nossos-locais-de-trabalho-quando-os-especialistas-partem\/","og_site_name":"Alumni.space","article_published_time":"2024-08-21T10:36:41+00:00","article_modified_time":"2026-03-28T10:46:58+00:00","og_image":[{"width":1280,"height":768,"url":"https:\/\/www.alumni.space\/wp-content\/uploads\/2026\/03\/Comment-eviter-la-rupture-de-savoir-dans-les-chantiers-face-au-depart-des-experts-.jpg","type":"image\/jpeg"}],"author":"admin","twitter_card":"summary_large_image","twitter_misc":{"Escrito por":"admin","Tempo estimado de leitura":"4 minutos"},"schema":{"@context":"https:\/\/schema.org","@graph":[{"@type":"Article","@id":"https:\/\/www.alumni.space\/pt-pt\/como-e-que-podemos-evitar-a-perda-de-conhecimentos-nos-nossos-locais-de-trabalho-quando-os-especialistas-partem\/#article","isPartOf":{"@id":"https:\/\/www.alumni.space\/pt-pt\/como-e-que-podemos-evitar-a-perda-de-conhecimentos-nos-nossos-locais-de-trabalho-quando-os-especialistas-partem\/"},"author":{"name":"admin","@id":"https:\/\/www.alumni.space\/pt-pt\/#\/schema\/person\/fede362a57876edda476a61f05ce5b15"},"headline":"Como \u00e9 que podemos evitar a perda de conhecimentos nos nossos locais de trabalho quando os especialistas partem?","datePublished":"2024-08-21T10:36:41+00:00","dateModified":"2026-03-28T10:46:58+00:00","mainEntityOfPage":{"@id":"https:\/\/www.alumni.space\/pt-pt\/como-e-que-podemos-evitar-a-perda-de-conhecimentos-nos-nossos-locais-de-trabalho-quando-os-especialistas-partem\/"},"wordCount":801,"image":{"@id":"https:\/\/www.alumni.space\/pt-pt\/como-e-que-podemos-evitar-a-perda-de-conhecimentos-nos-nossos-locais-de-trabalho-quando-os-especialistas-partem\/#primaryimage"},"thumbnailUrl":"https:\/\/www.alumni.space\/wp-content\/uploads\/2026\/03\/Comment-eviter-la-rupture-de-savoir-dans-les-chantiers-face-au-depart-des-experts-.jpg","articleSection":["Partilha de conhecimentos"],"inLanguage":"pt-PT"},{"@type":"WebPage","@id":"https:\/\/www.alumni.space\/pt-pt\/como-e-que-podemos-evitar-a-perda-de-conhecimentos-nos-nossos-locais-de-trabalho-quando-os-especialistas-partem\/","url":"https:\/\/www.alumni.space\/pt-pt\/como-e-que-podemos-evitar-a-perda-de-conhecimentos-nos-nossos-locais-de-trabalho-quando-os-especialistas-partem\/","name":"Preservar o conhecimento nos locais de trabalho: gerir a sa\u00edda dos peritos","isPartOf":{"@id":"https:\/\/www.alumni.space\/pt-pt\/#website"},"primaryImageOfPage":{"@id":"https:\/\/www.alumni.space\/pt-pt\/como-e-que-podemos-evitar-a-perda-de-conhecimentos-nos-nossos-locais-de-trabalho-quando-os-especialistas-partem\/#primaryimage"},"image":{"@id":"https:\/\/www.alumni.space\/pt-pt\/como-e-que-podemos-evitar-a-perda-de-conhecimentos-nos-nossos-locais-de-trabalho-quando-os-especialistas-partem\/#primaryimage"},"thumbnailUrl":"https:\/\/www.alumni.space\/wp-content\/uploads\/2026\/03\/Comment-eviter-la-rupture-de-savoir-dans-les-chantiers-face-au-depart-des-experts-.jpg","datePublished":"2024-08-21T10:36:41+00:00","dateModified":"2026-03-28T10:46:58+00:00","author":{"@id":"https:\/\/www.alumni.space\/pt-pt\/#\/schema\/person\/fede362a57876edda476a61f05ce5b15"},"description":"Descobre como evitar a perda de conhecimentos nos teus s\u00edtios, antecipando a sa\u00edda dos especialistas e partilhando eficazmente as suas compet\u00eancias.","breadcrumb":{"@id":"https:\/\/www.alumni.space\/pt-pt\/como-e-que-podemos-evitar-a-perda-de-conhecimentos-nos-nossos-locais-de-trabalho-quando-os-especialistas-partem\/#breadcrumb"},"inLanguage":"pt-PT","potentialAction":[{"@type":"ReadAction","target":["https:\/\/www.alumni.space\/pt-pt\/como-e-que-podemos-evitar-a-perda-de-conhecimentos-nos-nossos-locais-de-trabalho-quando-os-especialistas-partem\/"]}]},{"@type":"ImageObject","inLanguage":"pt-PT","@id":"https:\/\/www.alumni.space\/pt-pt\/como-e-que-podemos-evitar-a-perda-de-conhecimentos-nos-nossos-locais-de-trabalho-quando-os-especialistas-partem\/#primaryimage","url":"https:\/\/www.alumni.space\/wp-content\/uploads\/2026\/03\/Comment-eviter-la-rupture-de-savoir-dans-les-chantiers-face-au-depart-des-experts-.jpg","contentUrl":"https:\/\/www.alumni.space\/wp-content\/uploads\/2026\/03\/Comment-eviter-la-rupture-de-savoir-dans-les-chantiers-face-au-depart-des-experts-.jpg","width":1280,"height":768,"caption":"descobre estrat\u00e9gias eficazes para preservar o know-how nos teus locais de trabalho e evitar a perda de conhecimentos quando os especialistas saem."},{"@type":"BreadcrumbList","@id":"https:\/\/www.alumni.space\/pt-pt\/como-e-que-podemos-evitar-a-perda-de-conhecimentos-nos-nossos-locais-de-trabalho-quando-os-especialistas-partem\/#breadcrumb","itemListElement":[{"@type":"ListItem","position":1,"name":"Home","item":"https:\/\/www.alumni.space\/pt-pt\/plataforma-de-gestao-de-mentores-e-antigos-alunos\/"},{"@type":"ListItem","position":2,"name":"Como \u00e9 que podemos evitar a perda de conhecimentos nos nossos locais de trabalho quando os especialistas partem?"}]},{"@type":"WebSite","@id":"https:\/\/www.alumni.space\/pt-pt\/#website","url":"https:\/\/www.alumni.space\/pt-pt\/","name":"Alumni.space","description":"My WordPress Blog","potentialAction":[{"@type":"SearchAction","target":{"@type":"EntryPoint","urlTemplate":"https:\/\/www.alumni.space\/pt-pt\/?s={search_term_string}"},"query-input":{"@type":"PropertyValueSpecification","valueRequired":true,"valueName":"search_term_string"}}],"inLanguage":"pt-PT"},{"@type":"Person","@id":"https:\/\/www.alumni.space\/pt-pt\/#\/schema\/person\/fede362a57876edda476a61f05ce5b15","name":"admin","image":{"@type":"ImageObject","inLanguage":"pt-PT","@id":"https:\/\/secure.gravatar.com\/avatar\/318e234ae94f90d4d629428d6b983c08e31181c28f579e08a021180d759ea651?s=96&d=mm&r=g","url":"https:\/\/secure.gravatar.com\/avatar\/318e234ae94f90d4d629428d6b983c08e31181c28f579e08a021180d759ea651?s=96&d=mm&r=g","contentUrl":"https:\/\/secure.gravatar.com\/avatar\/318e234ae94f90d4d629428d6b983c08e31181c28f579e08a021180d759ea651?s=96&d=mm&r=g","caption":"admin"},"description":"Nicolas Laustriat a construit sa sp\u00e9cialit\u00e9 sur un sujet que beaucoup d\u2019organisations d\u00e9couvrent trop tard : ce qui dispara\u00eet quand les gens partent. Dipl\u00f4m\u00e9 en conception de produit industriel, il bifurque vers le digital fin 1996, il couvre les transformations marques, RH, la fid\u00e9lisation, la marque employeur. Sur le terrain, il rep\u00e8re un angle mort r\u00e9current : l\u2019entreprise investit dans le recrutement, la formation, les process\u2026 puis laisse filer le lien au moment du d\u00e9part, avec une perte de savoir et d\u2019influence qui se paie en silence. Il se sp\u00e9cialise alors sur les communaut\u00e9s d\u2019alumni, le mentorat, l\u2019entraide interg\u00e9n\u00e9rationnelle et la transmission d\u2019expertise. Il passe du \u201cconstat\u201d aux m\u00e9thodes : animation, gouvernance, segmentation, rituels, mesure d\u2019engagement, articulation avec la RSE et l\u2019employabilit\u00e9. Il interviewe DRH, responsables formation, directions d\u2019\u00e9coles, associations et fondations, avec une obsession : transformer un r\u00e9seau dormant en m\u00e9canisme utile (cooptation, mentorat, job board, entraide, \u00e9v\u00e9nements, contenus). Son style : direct, orient\u00e9 action, sans folklore. Sa conviction : une communaut\u00e9 n\u2019a pas besoin de bruit, elle a besoin de raisons de revenir.","sameAs":["https:\/\/www.alumni.space"]}]}},"_links":{"self":[{"href":"https:\/\/www.alumni.space\/pt-pt\/wp-json\/wp\/v2\/posts\/5078","targetHints":{"allow":["GET"]}}],"collection":[{"href":"https:\/\/www.alumni.space\/pt-pt\/wp-json\/wp\/v2\/posts"}],"about":[{"href":"https:\/\/www.alumni.space\/pt-pt\/wp-json\/wp\/v2\/types\/post"}],"author":[{"embeddable":true,"href":"https:\/\/www.alumni.space\/pt-pt\/wp-json\/wp\/v2\/users\/1"}],"replies":[{"embeddable":true,"href":"https:\/\/www.alumni.space\/pt-pt\/wp-json\/wp\/v2\/comments?post=5078"}],"version-history":[{"count":2,"href":"https:\/\/www.alumni.space\/pt-pt\/wp-json\/wp\/v2\/posts\/5078\/revisions"}],"predecessor-version":[{"id":6561,"href":"https:\/\/www.alumni.space\/pt-pt\/wp-json\/wp\/v2\/posts\/5078\/revisions\/6561"}],"wp:featuredmedia":[{"embeddable":true,"href":"https:\/\/www.alumni.space\/pt-pt\/wp-json\/wp\/v2\/media\/5080"}],"wp:attachment":[{"href":"https:\/\/www.alumni.space\/pt-pt\/wp-json\/wp\/v2\/media?parent=5078"}],"wp:term":[{"taxonomy":"category","embeddable":true,"href":"https:\/\/www.alumni.space\/pt-pt\/wp-json\/wp\/v2\/categories?post=5078"},{"taxonomy":"post_tag","embeddable":true,"href":"https:\/\/www.alumni.space\/pt-pt\/wp-json\/wp\/v2\/tags?post=5078"}],"curies":[{"name":"wp","href":"https:\/\/api.w.org\/{rel}","templated":true}]}}