{"id":5066,"date":"2025-12-24T19:23:52","date_gmt":"2025-12-24T19:23:52","guid":{"rendered":"https:\/\/www.alumni.space\/cria-parcerias-estrategicas-com-os-teus-antigos-empregados\/"},"modified":"2026-04-02T12:06:35","modified_gmt":"2026-04-02T12:06:35","slug":"cria-parcerias-estrategicas-com-os-teus-antigos-empregados","status":"publish","type":"post","link":"https:\/\/www.alumni.space\/pt-pt\/cria-parcerias-estrategicas-com-os-teus-antigos-empregados\/","title":{"rendered":"Cria parcerias estrat\u00e9gicas com os teus antigos empregados"},"content":{"rendered":"<p><strong>Reunir pessoas, transmitir conhecimentos e ajud\u00e1-las a crescer<\/strong>: um programa de antigos alunos pode ser visto como uma ferramenta estrat\u00e9gica para reunir talentos e conhecimentos fora das paredes da empresa. As plataformas SaaS especializadas centralizam perfis, eventos, ofertas, tutoria e conte\u00fados para transformar <strong>a reativa\u00e7\u00e3o da rede<\/strong> em valor duradouro. <\/p><p>Para industrializar este processo, os editores de software oferecem ferramentas dedicadas \u00e0 gest\u00e3o de comunidades profissionais. V\u00ea, por exemplo, <a href=\"https:\/\/www.eudonet.com\/fr\/ressources\/blog\/corporate-alumni\/\">uma solu\u00e7\u00e3o SaaS para a cria\u00e7\u00e3o de comunidades<\/a> e o feedback de especialistas em antigos alunos de empresas. <\/p><div id=\"ez-toc-container\" class=\"ez-toc-v2_0_82_2 counter-flat ez-toc-counter ez-toc-grey ez-toc-container-direction\">\n<div class=\"ez-toc-title-container\"><p class=\"ez-toc-title\" style=\"cursor:inherit\">\u00cdndice deste artigo:<\/p>\n<\/div><nav><ul class='ez-toc-list ez-toc-list-level-1 ' ><li class='ez-toc-page-1'><a class=\"ez-toc-link ez-toc-heading-1\" href=\"https:\/\/www.alumni.space\/pt-pt\/cria-parcerias-estrategicas-com-os-teus-antigos-empregados\/#Parcerias_estrategicas_com_antigos_trabalhadores_desafios_para_os_decisores_de_RH\" >Parcerias estrat\u00e9gicas com antigos trabalhadores: desafios para os decisores de RH<\/a><\/li><li class='ez-toc-page-1'><a class=\"ez-toc-link ez-toc-heading-2\" href=\"https:\/\/www.alumni.space\/pt-pt\/cria-parcerias-estrategicas-com-os-teus-antigos-empregados\/#Custo_oculto_da_quebra_de_ligacoes\" >Custo oculto da quebra de liga\u00e7\u00f5es<\/a><\/li><li class='ez-toc-page-1'><a class=\"ez-toc-link ez-toc-heading-3\" href=\"https:\/\/www.alumni.space\/pt-pt\/cria-parcerias-estrategicas-com-os-teus-antigos-empregados\/#Criacao_e_industrializacao_de_um_programa_operacional_de_antigos_alunos\" >Cria\u00e7\u00e3o e industrializa\u00e7\u00e3o de um programa operacional de antigos alunos<\/a><\/li><li class='ez-toc-page-1'><a class=\"ez-toc-link ez-toc-heading-4\" href=\"https:\/\/www.alumni.space\/pt-pt\/cria-parcerias-estrategicas-com-os-teus-antigos-empregados\/#Rituais_papeis_e_calendario\" >Rituais, pap\u00e9is e calend\u00e1rio<\/a><\/li><li class='ez-toc-page-1'><a class=\"ez-toc-link ez-toc-heading-5\" href=\"https:\/\/www.alumni.space\/pt-pt\/cria-parcerias-estrategicas-com-os-teus-antigos-empregados\/#Compromisso_comunicacao_interna_e_gestao_de_resultados\" >Compromisso, comunica\u00e7\u00e3o interna e gest\u00e3o de resultados<\/a><\/li><li class='ez-toc-page-1'><a class=\"ez-toc-link ez-toc-heading-6\" href=\"https:\/\/www.alumni.space\/pt-pt\/cria-parcerias-estrategicas-com-os-teus-antigos-empregados\/#Indicadores_operacionais_e_provas_de_impacto\" >Indicadores operacionais e provas de impacto<\/a><\/li><li class='ez-toc-page-1'><a class=\"ez-toc-link ez-toc-heading-7\" href=\"https:\/\/www.alumni.space\/pt-pt\/cria-parcerias-estrategicas-com-os-teus-antigos-empregados\/#Estudo_de_caso_transformar_antigos_funcionarios_em_parceiros_estrategicos\" >Estudo de caso: transformar antigos funcion\u00e1rios em parceiros estrat\u00e9gicos<\/a><\/li><\/ul><\/nav><\/div>\n<h2 class=\"wp-block-heading\"><span class=\"ez-toc-section\" id=\"Parcerias_estrategicas_com_antigos_trabalhadores_desafios_para_os_decisores_de_RH\"><\/span>Parcerias estrat\u00e9gicas com antigos trabalhadores: desafios para os decisores de RH<span class=\"ez-toc-section-end\"><\/span><\/h2><p>Perda de conhecimentos operacionais, integra\u00e7\u00e3o mais lenta, perda de oportunidades de coopta\u00e7\u00e3o: estas consequ\u00eancias t\u00eam um impacto direto nos custos e na marca do empregador. Os departamentos de RH e de RSE devem considerar a rede de antigos alunos como um ativo relacional que tem de ser gerido. <\/p><p>A cria\u00e7\u00e3o de um programa de antigos alunos permite um maior acesso a compet\u00eancias externas, facilita a <strong>coopera\u00e7\u00e3o<\/strong> entre gera\u00e7\u00f5es e refor\u00e7a a <strong>lealdade das<\/strong> equipas existentes. Conclus\u00e3o: os recursos humanos organizados limitam o desperd\u00edcio de compet\u00eancias. <\/p><figure class=\"wp-block-image size-full\"><img decoding=\"async\" width=\"1344\" height=\"768\" src=\"https:\/\/www.alumni.space\/wp-content\/uploads\/2026\/03\/Creer-des-partenariats-strategiques-avec-vos-anciens-employes-1.jpg\" data-orig-src=\"https:\/\/www.alumni.space\/wp-content\/uploads\/2026\/03\/Creer-des-partenariats-strategiques-avec-vos-anciens-employes-1.jpg\" alt=\"descobre como criar parcerias estrat\u00e9gicas de sucesso com os teus antigos empregados para refor\u00e7ar a tua rede e impulsionar o crescimento da empresa.\" class=\"lazyload wp-image-3411\" srcset=\"data:image\/svg+xml,%3Csvg%20xmlns%3D%27http%3A%2F%2Fwww.w3.org%2F2000%2Fsvg%27%20width%3D%271344%27%20height%3D%27768%27%20viewBox%3D%270%200%201344%20768%27%3E%3Crect%20width%3D%271344%27%20height%3D%27768%27%20fill-opacity%3D%220%22%2F%3E%3C%2Fsvg%3E\" data-srcset=\"https:\/\/www.alumni.space\/wp-content\/uploads\/2026\/03\/Creer-des-partenariats-strategiques-avec-vos-anciens-employes-1-200x114.jpg 200w, https:\/\/www.alumni.space\/wp-content\/uploads\/2026\/03\/Creer-des-partenariats-strategiques-avec-vos-anciens-employes-1-300x171.jpg 300w, https:\/\/www.alumni.space\/wp-content\/uploads\/2026\/03\/Creer-des-partenariats-strategiques-avec-vos-anciens-employes-1-400x229.jpg 400w, https:\/\/www.alumni.space\/wp-content\/uploads\/2026\/03\/Creer-des-partenariats-strategiques-avec-vos-anciens-employes-1-600x343.jpg 600w, https:\/\/www.alumni.space\/wp-content\/uploads\/2026\/03\/Creer-des-partenariats-strategiques-avec-vos-anciens-employes-1-768x439.jpg 768w, https:\/\/www.alumni.space\/wp-content\/uploads\/2026\/03\/Creer-des-partenariats-strategiques-avec-vos-anciens-employes-1-800x457.jpg 800w, https:\/\/www.alumni.space\/wp-content\/uploads\/2026\/03\/Creer-des-partenariats-strategiques-avec-vos-anciens-employes-1-1024x585.jpg 1024w, https:\/\/www.alumni.space\/wp-content\/uploads\/2026\/03\/Creer-des-partenariats-strategiques-avec-vos-anciens-employes-1-1200x686.jpg 1200w, https:\/\/www.alumni.space\/wp-content\/uploads\/2026\/03\/Creer-des-partenariats-strategiques-avec-vos-anciens-employes-1.jpg 1344w\" data-sizes=\"auto\" data-orig-sizes=\"(max-width: 1344px) 100vw, 1344px\" \/><\/figure><h3 class=\"wp-block-heading\"><span class=\"ez-toc-section\" id=\"Custo_oculto_da_quebra_de_ligacoes\"><\/span>Custo oculto da quebra de liga\u00e7\u00f5es<span class=\"ez-toc-section-end\"><\/span><\/h3><p>A Novalia, uma empresa fict\u00edcia, perdeu v\u00e1rios projectos quando um departamento saiu de forma coordenada. A falta de acompanhamento e de comunica\u00e7\u00e3o interna adequada levou a uma r\u00e1pida eros\u00e3o dos contactos externos. <\/p><p>Um programa gerido evita a perda de acesso a redes profissionais e apoia a <strong>colabora\u00e7\u00e3o<\/strong> entre antigos e actuais empregados. A principal conclus\u00e3o: a preven\u00e7\u00e3o custa menos do que o recrutamento repetido. <\/p><h2 class=\"wp-block-heading\"><span class=\"ez-toc-section\" id=\"Criacao_e_industrializacao_de_um_programa_operacional_de_antigos_alunos\"><\/span>Cria\u00e7\u00e3o e industrializa\u00e7\u00e3o de um programa operacional de antigos alunos<span class=\"ez-toc-section-end\"><\/span><\/h2><p>Conce\u00e7\u00e3o: define os objectivos, a governa\u00e7\u00e3o e os KPI relacionados com o recrutamento, a mobilidade interna e o envolvimento de antigos funcion\u00e1rios. Segmenta\u00e7\u00e3o: distingue entre mentores, empres\u00e1rios, reformados e embaixadores, a fim de atribuir ofertas e convites relevantes. <\/p><p>Ferramentas: uma plataforma espec\u00edfica centraliza o diret\u00f3rio, as mensagens, o quadro de empregos e o calend\u00e1rio de eventos. Se quiseres aumentar a escala, podes consultar o feedback sobre a experi\u00eancia e os modelos de lideran\u00e7a validados por intervenientes no sector, por exemplo, <a href=\"https:\/\/www.alumnforce.com\/corporate-alumni-4-avantages-creer-communaute\/\">feedback sobre os benef\u00edcios de uma comunidade<\/a> e estudos de caso. <\/p><p>Principais conclus\u00f5es: uma segmenta\u00e7\u00e3o rigorosa optimiza a taxa de ativa\u00e7\u00e3o e reduz o trabalho manual.<\/p><h3 class=\"wp-block-heading\"><span class=\"ez-toc-section\" id=\"Rituais_papeis_e_calendario\"><\/span>Rituais, pap\u00e9is e calend\u00e1rio<span class=\"ez-toc-section-end\"><\/span><\/h3><p>Calend\u00e1rio: define um ritmo de eventos f\u00edsicos e digitais, organiza pequenas sess\u00f5es de tutoria e agenda reuni\u00f5es anuais para avaliar os progressos.<\/p><p>Fun\u00e7\u00f5es: um l\u00edder multifuncional gere a estrat\u00e9gia, os gestores da comunidade gerem as opera\u00e7\u00f5es di\u00e1rias e os embaixadores externos transmitem a mensagem da marca. Medi\u00e7\u00e3o do impacto: registos, taxas de participa\u00e7\u00e3o em eventos, n\u00famero de horas de orienta\u00e7\u00e3o. <\/p><p>Conclus\u00e3o fundamental: a formaliza\u00e7\u00e3o das responsabilidades e das frequ\u00eancias transforma a inten\u00e7\u00e3o em automatismo operacional.<\/p><h2 class=\"wp-block-heading\"><span class=\"ez-toc-section\" id=\"Compromisso_comunicacao_interna_e_gestao_de_resultados\"><\/span>Compromisso, comunica\u00e7\u00e3o interna e gest\u00e3o de resultados<span class=\"ez-toc-section-end\"><\/span><\/h2><p>Estrat\u00e9gia de comunica\u00e7\u00e3o interna: mensagens direcionadas, hist\u00f3rias de clientes e testemunhos promovem um sentimento de perten\u00e7a. A utiliza\u00e7\u00e3o combinada de um CRM e de uma extranet facilita o acompanhamento das intera\u00e7\u00f5es e a ativa\u00e7\u00e3o de ofertas. <\/p><p><strong>A comunica\u00e7\u00e3o interna<\/strong> deve destacar o feedback dos mentores e o sucesso dos recrutadores atrav\u00e9s da coopta\u00e7\u00e3o, a fim de promover o apoio. Para conhecer os modelos de gest\u00e3o e os indicadores adequados, consulta os recursos pr\u00e1ticos dispon\u00edveis nas plataformas especializadas, por exemplo, <a href=\"https:\/\/www.alumni.space\/pt-pt\/como-medir-o-impacto-de-um-programa-de-mentoria-empresarial\/\">medir o impacto da tutoria<\/a>. <\/p><p>Principais conclus\u00f5es: relat\u00f3rios regulares e indicadores claros refor\u00e7am o compromisso sustent\u00e1vel.<\/p><h3 class=\"wp-block-heading\"><span class=\"ez-toc-section\" id=\"Indicadores_operacionais_e_provas_de_impacto\"><\/span>Indicadores operacionais e provas de impacto<span class=\"ez-toc-section-end\"><\/span><\/h3><p>D\u00e1 prioridade a um pequeno n\u00famero de KPIs acion\u00e1veis. Estes podem incluir: taxas de registo ativo, participa\u00e7\u00e3o em eventos, horas de tutoria realizadas, n\u00famero de cargos cobertos por coopta\u00e7\u00e3o. <\/p><p>Relat\u00f3rios: pain\u00e9is de controlo mensais, pequenos inqu\u00e9ritos p\u00f3s-evento e feedback qualitativo dos gestores. Utiliza estes elementos para ajustar o calend\u00e1rio do evento e os objectivos de compromisso. <\/p><p>Conhecimento fundamental: mede r\u00e1pida e frequentemente para otimizar os recursos e demonstrar valor aos decisores.<\/p><h2 class=\"wp-block-heading\"><span class=\"ez-toc-section\" id=\"Estudo_de_caso_transformar_antigos_funcionarios_em_parceiros_estrategicos\"><\/span>Estudo de caso: transformar antigos funcion\u00e1rios em parceiros estrat\u00e9gicos<span class=\"ez-toc-section-end\"><\/span><\/h2><p>A Novalia lan\u00e7ou um projeto-piloto de seis meses centrado na orienta\u00e7\u00e3o e nas ofertas de emprego partilhadas. O resultado foi um aumento do n\u00famero de candidaturas de qualidade atrav\u00e9s da coopta\u00e7\u00e3o e uma redu\u00e7\u00e3o do tempo m\u00e9dio de recrutamento. <\/p><p>Ferramentas utilizadas: plataforma de antigos alunos para centralizar perfis e di\u00e1rios, boletins informativos espec\u00edficos e sess\u00f5es de orienta\u00e7\u00e3o tem\u00e1ticas. Para saber mais sobre as pr\u00e1ticas e os percursos das parcerias, consulta um resumo dedicado aos antigos parceiros dos trabalhadores na plataforma oficial <a href=\"https:\/\/www.alumni.space\/pt-pt\/antigos-empregados-transformados-em-parceiros-como-gerir-a-relacao\/\">dos antigos parceiros dos trabalhadores<\/a>. <\/p><p>Principais conclus\u00f5es: um projeto-piloto estruturado fornece rapidamente provas a toda a organiza\u00e7\u00e3o.<\/p><p><strong>Ativa\u00e7\u00e3o imediata<\/strong>: define o piloto, escolhe uma plataforma unificada e define tr\u00eas KPIs priorit\u00e1rios. Para uma demonstra\u00e7\u00e3o personalizada e uma escalabilidade industrializada, solicita uma demonstra\u00e7\u00e3o atrav\u00e9s de <a href=\"https:\/\/www.alumni.space\/pt-pt\/cria-parcerias-estrategicas-com-os-teus-antigos-empregados\/\">Solicitar uma demonstra\u00e7\u00e3o<\/a>. <\/p>","protected":false},"excerpt":{"rendered":"<p>Reunir pessoas, transmitir conhecimentos e ajud\u00e1-las a crescer: um programa  [&#8230;]<\/p>\n","protected":false},"author":1,"featured_media":5067,"comment_status":"closed","ping_status":"closed","sticky":false,"template":"","format":"standard","meta":{"_ayudawp_aiss_exclude":false,"footnotes":""},"categories":[67],"tags":[],"class_list":["post-5066","post","type-post","status-publish","format-standard","has-post-thumbnail","hentry","category-antigos-alunos"],"yoast_head":"<!-- This site is optimized with the Yoast SEO plugin v27.4 - https:\/\/yoast.com\/product\/yoast-seo-wordpress\/ -->\n<title>Reinventar os la\u00e7os: parceiros estrat\u00e9gicos dos teus antigos talentos<\/title>\n<meta name=\"description\" content=\"Descobre como criar parcerias estrat\u00e9gicas eficazes com os teus antigos empregados para impulsionar a tua rede e o teu crescimento.\" \/>\n<meta name=\"robots\" content=\"index, follow, max-snippet:-1, max-image-preview:large, max-video-preview:-1\" \/>\n<link rel=\"canonical\" href=\"https:\/\/www.alumni.space\/pt-pt\/cria-parcerias-estrategicas-com-os-teus-antigos-empregados\/\" \/>\n<meta property=\"og:locale\" content=\"pt_PT\" \/>\n<meta property=\"og:type\" content=\"article\" \/>\n<meta property=\"og:title\" content=\"Reinventar os la\u00e7os: parceiros estrat\u00e9gicos dos teus antigos talentos\" \/>\n<meta property=\"og:description\" content=\"Descobre como criar parcerias estrat\u00e9gicas eficazes com os teus antigos empregados para impulsionar a tua rede e o teu crescimento.\" \/>\n<meta property=\"og:url\" content=\"https:\/\/www.alumni.space\/pt-pt\/cria-parcerias-estrategicas-com-os-teus-antigos-empregados\/\" \/>\n<meta property=\"og:site_name\" content=\"Alumni.space\" \/>\n<meta property=\"article:published_time\" content=\"2025-12-24T19:23:52+00:00\" \/>\n<meta property=\"article:modified_time\" content=\"2026-04-02T12:06:35+00:00\" \/>\n<meta property=\"og:image\" content=\"https:\/\/www.alumni.space\/wp-content\/uploads\/2026\/03\/Creer-des-partenariats-strategiques-avec-vos-anciens-employes.jpg\" \/>\n\t<meta property=\"og:image:width\" content=\"1344\" \/>\n\t<meta property=\"og:image:height\" content=\"768\" \/>\n\t<meta property=\"og:image:type\" content=\"image\/jpeg\" \/>\n<meta name=\"author\" content=\"admin\" \/>\n<meta name=\"twitter:card\" content=\"summary_large_image\" \/>\n<meta name=\"twitter:label1\" content=\"Escrito por\" \/>\n\t<meta name=\"twitter:data1\" content=\"admin\" \/>\n\t<meta name=\"twitter:label2\" content=\"Tempo estimado de leitura\" \/>\n\t<meta name=\"twitter:data2\" content=\"4 minutos\" \/>\n<script type=\"application\/ld+json\" class=\"yoast-schema-graph\">{\"@context\":\"https:\\\/\\\/schema.org\",\"@graph\":[{\"@type\":\"Article\",\"@id\":\"https:\\\/\\\/www.alumni.space\\\/pt-pt\\\/cria-parcerias-estrategicas-com-os-teus-antigos-empregados\\\/#article\",\"isPartOf\":{\"@id\":\"https:\\\/\\\/www.alumni.space\\\/pt-pt\\\/cria-parcerias-estrategicas-com-os-teus-antigos-empregados\\\/\"},\"author\":{\"name\":\"admin\",\"@id\":\"https:\\\/\\\/www.alumni.space\\\/pt-pt\\\/#\\\/schema\\\/person\\\/fede362a57876edda476a61f05ce5b15\"},\"headline\":\"Cria parcerias estrat\u00e9gicas com os teus antigos empregados\",\"datePublished\":\"2025-12-24T19:23:52+00:00\",\"dateModified\":\"2026-04-02T12:06:35+00:00\",\"mainEntityOfPage\":{\"@id\":\"https:\\\/\\\/www.alumni.space\\\/pt-pt\\\/cria-parcerias-estrategicas-com-os-teus-antigos-empregados\\\/\"},\"wordCount\":890,\"image\":{\"@id\":\"https:\\\/\\\/www.alumni.space\\\/pt-pt\\\/cria-parcerias-estrategicas-com-os-teus-antigos-empregados\\\/#primaryimage\"},\"thumbnailUrl\":\"https:\\\/\\\/www.alumni.space\\\/wp-content\\\/uploads\\\/2026\\\/03\\\/Creer-des-partenariats-strategiques-avec-vos-anciens-employes.jpg\",\"articleSection\":[\"Antigos alunos\"],\"inLanguage\":\"pt-PT\"},{\"@type\":\"WebPage\",\"@id\":\"https:\\\/\\\/www.alumni.space\\\/pt-pt\\\/cria-parcerias-estrategicas-com-os-teus-antigos-empregados\\\/\",\"url\":\"https:\\\/\\\/www.alumni.space\\\/pt-pt\\\/cria-parcerias-estrategicas-com-os-teus-antigos-empregados\\\/\",\"name\":\"Reinventar os la\u00e7os: parceiros estrat\u00e9gicos dos teus antigos talentos\",\"isPartOf\":{\"@id\":\"https:\\\/\\\/www.alumni.space\\\/pt-pt\\\/#website\"},\"primaryImageOfPage\":{\"@id\":\"https:\\\/\\\/www.alumni.space\\\/pt-pt\\\/cria-parcerias-estrategicas-com-os-teus-antigos-empregados\\\/#primaryimage\"},\"image\":{\"@id\":\"https:\\\/\\\/www.alumni.space\\\/pt-pt\\\/cria-parcerias-estrategicas-com-os-teus-antigos-empregados\\\/#primaryimage\"},\"thumbnailUrl\":\"https:\\\/\\\/www.alumni.space\\\/wp-content\\\/uploads\\\/2026\\\/03\\\/Creer-des-partenariats-strategiques-avec-vos-anciens-employes.jpg\",\"datePublished\":\"2025-12-24T19:23:52+00:00\",\"dateModified\":\"2026-04-02T12:06:35+00:00\",\"author\":{\"@id\":\"https:\\\/\\\/www.alumni.space\\\/pt-pt\\\/#\\\/schema\\\/person\\\/fede362a57876edda476a61f05ce5b15\"},\"description\":\"Descobre como criar parcerias estrat\u00e9gicas eficazes com os teus antigos empregados para impulsionar a tua rede e o teu crescimento.\",\"breadcrumb\":{\"@id\":\"https:\\\/\\\/www.alumni.space\\\/pt-pt\\\/cria-parcerias-estrategicas-com-os-teus-antigos-empregados\\\/#breadcrumb\"},\"inLanguage\":\"pt-PT\",\"potentialAction\":[{\"@type\":\"ReadAction\",\"target\":[\"https:\\\/\\\/www.alumni.space\\\/pt-pt\\\/cria-parcerias-estrategicas-com-os-teus-antigos-empregados\\\/\"]}]},{\"@type\":\"ImageObject\",\"inLanguage\":\"pt-PT\",\"@id\":\"https:\\\/\\\/www.alumni.space\\\/pt-pt\\\/cria-parcerias-estrategicas-com-os-teus-antigos-empregados\\\/#primaryimage\",\"url\":\"https:\\\/\\\/www.alumni.space\\\/wp-content\\\/uploads\\\/2026\\\/03\\\/Creer-des-partenariats-strategiques-avec-vos-anciens-employes.jpg\",\"contentUrl\":\"https:\\\/\\\/www.alumni.space\\\/wp-content\\\/uploads\\\/2026\\\/03\\\/Creer-des-partenariats-strategiques-avec-vos-anciens-employes.jpg\",\"width\":1344,\"height\":768,\"caption\":\"Descobre como estabelecer parcerias estrat\u00e9gicas eficazes com os teus antigos empregados para refor\u00e7ar a tua rede profissional e maximizar as oportunidades de crescimento.\"},{\"@type\":\"BreadcrumbList\",\"@id\":\"https:\\\/\\\/www.alumni.space\\\/pt-pt\\\/cria-parcerias-estrategicas-com-os-teus-antigos-empregados\\\/#breadcrumb\",\"itemListElement\":[{\"@type\":\"ListItem\",\"position\":1,\"name\":\"Home\",\"item\":\"https:\\\/\\\/www.alumni.space\\\/pt-pt\\\/plataforma-de-gestao-de-mentores-e-antigos-alunos\\\/\"},{\"@type\":\"ListItem\",\"position\":2,\"name\":\"Cria parcerias estrat\u00e9gicas com os teus antigos empregados\"}]},{\"@type\":\"WebSite\",\"@id\":\"https:\\\/\\\/www.alumni.space\\\/pt-pt\\\/#website\",\"url\":\"https:\\\/\\\/www.alumni.space\\\/pt-pt\\\/\",\"name\":\"Alumni.space\",\"description\":\"My WordPress Blog\",\"potentialAction\":[{\"@type\":\"SearchAction\",\"target\":{\"@type\":\"EntryPoint\",\"urlTemplate\":\"https:\\\/\\\/www.alumni.space\\\/pt-pt\\\/?s={search_term_string}\"},\"query-input\":{\"@type\":\"PropertyValueSpecification\",\"valueRequired\":true,\"valueName\":\"search_term_string\"}}],\"inLanguage\":\"pt-PT\"},{\"@type\":\"Person\",\"@id\":\"https:\\\/\\\/www.alumni.space\\\/pt-pt\\\/#\\\/schema\\\/person\\\/fede362a57876edda476a61f05ce5b15\",\"name\":\"admin\",\"image\":{\"@type\":\"ImageObject\",\"inLanguage\":\"pt-PT\",\"@id\":\"https:\\\/\\\/secure.gravatar.com\\\/avatar\\\/318e234ae94f90d4d629428d6b983c08e31181c28f579e08a021180d759ea651?s=96&d=mm&r=g\",\"url\":\"https:\\\/\\\/secure.gravatar.com\\\/avatar\\\/318e234ae94f90d4d629428d6b983c08e31181c28f579e08a021180d759ea651?s=96&d=mm&r=g\",\"contentUrl\":\"https:\\\/\\\/secure.gravatar.com\\\/avatar\\\/318e234ae94f90d4d629428d6b983c08e31181c28f579e08a021180d759ea651?s=96&d=mm&r=g\",\"caption\":\"admin\"},\"description\":\"Nicolas Laustriat a construit sa sp\u00e9cialit\u00e9 sur un sujet que beaucoup d\u2019organisations d\u00e9couvrent trop tard : ce qui dispara\u00eet quand les gens partent. Dipl\u00f4m\u00e9 en conception de produit industriel, il bifurque vers le digital fin 1996, il couvre les transformations marques, RH, la fid\u00e9lisation, la marque employeur. Sur le terrain, il rep\u00e8re un angle mort r\u00e9current : l\u2019entreprise investit dans le recrutement, la formation, les process\u2026 puis laisse filer le lien au moment du d\u00e9part, avec une perte de savoir et d\u2019influence qui se paie en silence. Il se sp\u00e9cialise alors sur les communaut\u00e9s d\u2019alumni, le mentorat, l\u2019entraide interg\u00e9n\u00e9rationnelle et la transmission d\u2019expertise. Il passe du \u201cconstat\u201d aux m\u00e9thodes : animation, gouvernance, segmentation, rituels, mesure d\u2019engagement, articulation avec la RSE et l\u2019employabilit\u00e9. Il interviewe DRH, responsables formation, directions d\u2019\u00e9coles, associations et fondations, avec une obsession : transformer un r\u00e9seau dormant en m\u00e9canisme utile (cooptation, mentorat, job board, entraide, \u00e9v\u00e9nements, contenus). Son style : direct, orient\u00e9 action, sans folklore. Sa conviction : une communaut\u00e9 n\u2019a pas besoin de bruit, elle a besoin de raisons de revenir.\",\"sameAs\":[\"https:\\\/\\\/www.alumni.space\"]}]}<\/script>\n<!-- \/ Yoast SEO plugin. -->","yoast_head_json":{"title":"Reinventar os la\u00e7os: parceiros estrat\u00e9gicos dos teus antigos talentos","description":"Descobre como criar parcerias estrat\u00e9gicas eficazes com os teus antigos empregados para impulsionar a tua rede e o teu crescimento.","robots":{"index":"index","follow":"follow","max-snippet":"max-snippet:-1","max-image-preview":"max-image-preview:large","max-video-preview":"max-video-preview:-1"},"canonical":"https:\/\/www.alumni.space\/pt-pt\/cria-parcerias-estrategicas-com-os-teus-antigos-empregados\/","og_locale":"pt_PT","og_type":"article","og_title":"Reinventar os la\u00e7os: parceiros estrat\u00e9gicos dos teus antigos talentos","og_description":"Descobre como criar parcerias estrat\u00e9gicas eficazes com os teus antigos empregados para impulsionar a tua rede e o teu crescimento.","og_url":"https:\/\/www.alumni.space\/pt-pt\/cria-parcerias-estrategicas-com-os-teus-antigos-empregados\/","og_site_name":"Alumni.space","article_published_time":"2025-12-24T19:23:52+00:00","article_modified_time":"2026-04-02T12:06:35+00:00","og_image":[{"width":1344,"height":768,"url":"https:\/\/www.alumni.space\/wp-content\/uploads\/2026\/03\/Creer-des-partenariats-strategiques-avec-vos-anciens-employes.jpg","type":"image\/jpeg"}],"author":"admin","twitter_card":"summary_large_image","twitter_misc":{"Escrito por":"admin","Tempo estimado de leitura":"4 minutos"},"schema":{"@context":"https:\/\/schema.org","@graph":[{"@type":"Article","@id":"https:\/\/www.alumni.space\/pt-pt\/cria-parcerias-estrategicas-com-os-teus-antigos-empregados\/#article","isPartOf":{"@id":"https:\/\/www.alumni.space\/pt-pt\/cria-parcerias-estrategicas-com-os-teus-antigos-empregados\/"},"author":{"name":"admin","@id":"https:\/\/www.alumni.space\/pt-pt\/#\/schema\/person\/fede362a57876edda476a61f05ce5b15"},"headline":"Cria parcerias estrat\u00e9gicas com os teus antigos empregados","datePublished":"2025-12-24T19:23:52+00:00","dateModified":"2026-04-02T12:06:35+00:00","mainEntityOfPage":{"@id":"https:\/\/www.alumni.space\/pt-pt\/cria-parcerias-estrategicas-com-os-teus-antigos-empregados\/"},"wordCount":890,"image":{"@id":"https:\/\/www.alumni.space\/pt-pt\/cria-parcerias-estrategicas-com-os-teus-antigos-empregados\/#primaryimage"},"thumbnailUrl":"https:\/\/www.alumni.space\/wp-content\/uploads\/2026\/03\/Creer-des-partenariats-strategiques-avec-vos-anciens-employes.jpg","articleSection":["Antigos alunos"],"inLanguage":"pt-PT"},{"@type":"WebPage","@id":"https:\/\/www.alumni.space\/pt-pt\/cria-parcerias-estrategicas-com-os-teus-antigos-empregados\/","url":"https:\/\/www.alumni.space\/pt-pt\/cria-parcerias-estrategicas-com-os-teus-antigos-empregados\/","name":"Reinventar os la\u00e7os: parceiros estrat\u00e9gicos dos teus antigos talentos","isPartOf":{"@id":"https:\/\/www.alumni.space\/pt-pt\/#website"},"primaryImageOfPage":{"@id":"https:\/\/www.alumni.space\/pt-pt\/cria-parcerias-estrategicas-com-os-teus-antigos-empregados\/#primaryimage"},"image":{"@id":"https:\/\/www.alumni.space\/pt-pt\/cria-parcerias-estrategicas-com-os-teus-antigos-empregados\/#primaryimage"},"thumbnailUrl":"https:\/\/www.alumni.space\/wp-content\/uploads\/2026\/03\/Creer-des-partenariats-strategiques-avec-vos-anciens-employes.jpg","datePublished":"2025-12-24T19:23:52+00:00","dateModified":"2026-04-02T12:06:35+00:00","author":{"@id":"https:\/\/www.alumni.space\/pt-pt\/#\/schema\/person\/fede362a57876edda476a61f05ce5b15"},"description":"Descobre como criar parcerias estrat\u00e9gicas eficazes com os teus antigos empregados para impulsionar a tua rede e o teu crescimento.","breadcrumb":{"@id":"https:\/\/www.alumni.space\/pt-pt\/cria-parcerias-estrategicas-com-os-teus-antigos-empregados\/#breadcrumb"},"inLanguage":"pt-PT","potentialAction":[{"@type":"ReadAction","target":["https:\/\/www.alumni.space\/pt-pt\/cria-parcerias-estrategicas-com-os-teus-antigos-empregados\/"]}]},{"@type":"ImageObject","inLanguage":"pt-PT","@id":"https:\/\/www.alumni.space\/pt-pt\/cria-parcerias-estrategicas-com-os-teus-antigos-empregados\/#primaryimage","url":"https:\/\/www.alumni.space\/wp-content\/uploads\/2026\/03\/Creer-des-partenariats-strategiques-avec-vos-anciens-employes.jpg","contentUrl":"https:\/\/www.alumni.space\/wp-content\/uploads\/2026\/03\/Creer-des-partenariats-strategiques-avec-vos-anciens-employes.jpg","width":1344,"height":768,"caption":"Descobre como estabelecer parcerias estrat\u00e9gicas eficazes com os teus antigos empregados para refor\u00e7ar a tua rede profissional e maximizar as oportunidades de crescimento."},{"@type":"BreadcrumbList","@id":"https:\/\/www.alumni.space\/pt-pt\/cria-parcerias-estrategicas-com-os-teus-antigos-empregados\/#breadcrumb","itemListElement":[{"@type":"ListItem","position":1,"name":"Home","item":"https:\/\/www.alumni.space\/pt-pt\/plataforma-de-gestao-de-mentores-e-antigos-alunos\/"},{"@type":"ListItem","position":2,"name":"Cria parcerias estrat\u00e9gicas com os teus antigos empregados"}]},{"@type":"WebSite","@id":"https:\/\/www.alumni.space\/pt-pt\/#website","url":"https:\/\/www.alumni.space\/pt-pt\/","name":"Alumni.space","description":"My WordPress Blog","potentialAction":[{"@type":"SearchAction","target":{"@type":"EntryPoint","urlTemplate":"https:\/\/www.alumni.space\/pt-pt\/?s={search_term_string}"},"query-input":{"@type":"PropertyValueSpecification","valueRequired":true,"valueName":"search_term_string"}}],"inLanguage":"pt-PT"},{"@type":"Person","@id":"https:\/\/www.alumni.space\/pt-pt\/#\/schema\/person\/fede362a57876edda476a61f05ce5b15","name":"admin","image":{"@type":"ImageObject","inLanguage":"pt-PT","@id":"https:\/\/secure.gravatar.com\/avatar\/318e234ae94f90d4d629428d6b983c08e31181c28f579e08a021180d759ea651?s=96&d=mm&r=g","url":"https:\/\/secure.gravatar.com\/avatar\/318e234ae94f90d4d629428d6b983c08e31181c28f579e08a021180d759ea651?s=96&d=mm&r=g","contentUrl":"https:\/\/secure.gravatar.com\/avatar\/318e234ae94f90d4d629428d6b983c08e31181c28f579e08a021180d759ea651?s=96&d=mm&r=g","caption":"admin"},"description":"Nicolas Laustriat a construit sa sp\u00e9cialit\u00e9 sur un sujet que beaucoup d\u2019organisations d\u00e9couvrent trop tard : ce qui dispara\u00eet quand les gens partent. Dipl\u00f4m\u00e9 en conception de produit industriel, il bifurque vers le digital fin 1996, il couvre les transformations marques, RH, la fid\u00e9lisation, la marque employeur. Sur le terrain, il rep\u00e8re un angle mort r\u00e9current : l\u2019entreprise investit dans le recrutement, la formation, les process\u2026 puis laisse filer le lien au moment du d\u00e9part, avec une perte de savoir et d\u2019influence qui se paie en silence. Il se sp\u00e9cialise alors sur les communaut\u00e9s d\u2019alumni, le mentorat, l\u2019entraide interg\u00e9n\u00e9rationnelle et la transmission d\u2019expertise. Il passe du \u201cconstat\u201d aux m\u00e9thodes : animation, gouvernance, segmentation, rituels, mesure d\u2019engagement, articulation avec la RSE et l\u2019employabilit\u00e9. Il interviewe DRH, responsables formation, directions d\u2019\u00e9coles, associations et fondations, avec une obsession : transformer un r\u00e9seau dormant en m\u00e9canisme utile (cooptation, mentorat, job board, entraide, \u00e9v\u00e9nements, contenus). Son style : direct, orient\u00e9 action, sans folklore. Sa conviction : une communaut\u00e9 n\u2019a pas besoin de bruit, elle a besoin de raisons de revenir.","sameAs":["https:\/\/www.alumni.space"]}]}},"_links":{"self":[{"href":"https:\/\/www.alumni.space\/pt-pt\/wp-json\/wp\/v2\/posts\/5066","targetHints":{"allow":["GET"]}}],"collection":[{"href":"https:\/\/www.alumni.space\/pt-pt\/wp-json\/wp\/v2\/posts"}],"about":[{"href":"https:\/\/www.alumni.space\/pt-pt\/wp-json\/wp\/v2\/types\/post"}],"author":[{"embeddable":true,"href":"https:\/\/www.alumni.space\/pt-pt\/wp-json\/wp\/v2\/users\/1"}],"replies":[{"embeddable":true,"href":"https:\/\/www.alumni.space\/pt-pt\/wp-json\/wp\/v2\/comments?post=5066"}],"version-history":[{"count":2,"href":"https:\/\/www.alumni.space\/pt-pt\/wp-json\/wp\/v2\/posts\/5066\/revisions"}],"predecessor-version":[{"id":7066,"href":"https:\/\/www.alumni.space\/pt-pt\/wp-json\/wp\/v2\/posts\/5066\/revisions\/7066"}],"wp:featuredmedia":[{"embeddable":true,"href":"https:\/\/www.alumni.space\/pt-pt\/wp-json\/wp\/v2\/media\/5067"}],"wp:attachment":[{"href":"https:\/\/www.alumni.space\/pt-pt\/wp-json\/wp\/v2\/media?parent=5066"}],"wp:term":[{"taxonomy":"category","embeddable":true,"href":"https:\/\/www.alumni.space\/pt-pt\/wp-json\/wp\/v2\/categories?post=5066"},{"taxonomy":"post_tag","embeddable":true,"href":"https:\/\/www.alumni.space\/pt-pt\/wp-json\/wp\/v2\/tags?post=5066"}],"curies":[{"name":"wp","href":"https:\/\/api.w.org\/{rel}","templated":true}]}}