{"id":5045,"date":"2025-01-27T21:05:09","date_gmt":"2025-01-27T21:05:09","guid":{"rendered":"https:\/\/www.alumni.space\/o-sector-agricola-como-evitar-a-perda-de-conhecimentos-dos-agricultores\/"},"modified":"2026-03-28T10:45:48","modified_gmt":"2026-03-28T10:45:48","slug":"o-sector-agricola-como-evitar-a-perda-de-conhecimentos-dos-agricultores","status":"publish","type":"post","link":"https:\/\/www.alumni.space\/pt-pt\/o-sector-agricola-como-evitar-a-perda-de-conhecimentos-dos-agricultores\/","title":{"rendered":"O sector agr\u00edcola: como evitar a perda de conhecimentos dos agricultores?"},"content":{"rendered":"<div id=\"ez-toc-container\" class=\"ez-toc-v2_0_82_2 counter-flat ez-toc-counter ez-toc-grey ez-toc-container-direction\">\n<div class=\"ez-toc-title-container\"><p class=\"ez-toc-title\" style=\"cursor:inherit\">\u00cdndice deste artigo:<\/p>\n<\/div><nav><ul class='ez-toc-list ez-toc-list-level-1 ' ><li class='ez-toc-page-1'><a class=\"ez-toc-link ez-toc-heading-1\" href=\"https:\/\/www.alumni.space\/pt-pt\/o-sector-agricola-como-evitar-a-perda-de-conhecimentos-dos-agricultores\/#Evitar_o_desaparecimento_dos_conhecimentos_agricolas_no_sector_agricola\" >Evitar o desaparecimento dos conhecimentos agr\u00edcolas no sector agr\u00edcola<\/a><\/li><li class='ez-toc-page-1'><a class=\"ez-toc-link ez-toc-heading-2\" href=\"https:\/\/www.alumni.space\/pt-pt\/o-sector-agricola-como-evitar-a-perda-de-conhecimentos-dos-agricultores\/#Reconhecimento_e_valorizacao_dos_conhecimentos_dos_agricultores_para_uma_melhor_integracao\" >Reconhecimento e valoriza\u00e7\u00e3o dos conhecimentos dos agricultores para uma melhor integra\u00e7\u00e3o<\/a><\/li><li class='ez-toc-page-1'><a class=\"ez-toc-link ez-toc-heading-3\" href=\"https:\/\/www.alumni.space\/pt-pt\/o-sector-agricola-como-evitar-a-perda-de-conhecimentos-dos-agricultores\/#Metodos_eficazes_de_transmissao_e_perpetuacao_dos_conhecimentos_agricolas\" >M\u00e9todos eficazes de transmiss\u00e3o e perpetua\u00e7\u00e3o dos conhecimentos agr\u00edcolas<\/a><\/li><li class='ez-toc-page-1'><a class=\"ez-toc-link ez-toc-heading-4\" href=\"https:\/\/www.alumni.space\/pt-pt\/o-sector-agricola-como-evitar-a-perda-de-conhecimentos-dos-agricultores\/#Casos_reais_e_factores_de_sucesso_para_a_protecao_sustentavel_do_conhecimento\" >Casos reais e factores de sucesso para a prote\u00e7\u00e3o sustent\u00e1vel do conhecimento<\/a><\/li><\/ul><\/nav><\/div>\n<h2 class=\"wp-block-heading\"><span class=\"ez-toc-section\" id=\"Evitar_o_desaparecimento_dos_conhecimentos_agricolas_no_sector_agricola\"><\/span>Evitar o desaparecimento dos conhecimentos agr\u00edcolas no sector agr\u00edcola<span class=\"ez-toc-section-end\"><\/span><\/h2><p>O <strong>sector agr\u00edcola<\/strong> enfrenta um desafio crucial: a preserva\u00e7\u00e3o do <strong>saber-fazer dos agricultores<\/strong>, verdadeiro tesouro para a <strong>transmiss\u00e3o dos conhecimentos<\/strong> necess\u00e1rios a uma <strong>agricultura sustent\u00e1vel<\/strong>. Este saber-fazer local, enraizado na experi\u00eancia quotidiana dos agricultores, constitui uma alavanca essencial para a <strong>preserva\u00e7\u00e3o das tradi\u00e7\u00f5es<\/strong> e a adapta\u00e7\u00e3o aos desafios actuais, nomeadamente as altera\u00e7\u00f5es clim\u00e1ticas e a seguran\u00e7a alimentar. <\/p><p>A perda generalizada de conhecimentos agr\u00edcolas tradicionais acarreta riscos econ\u00f3micos e sociais significativos. Tem um impacto negativo na capacidade de as explora\u00e7\u00f5es agr\u00edcolas praticarem <strong>uma agricultura familiar<\/strong> sustent\u00e1vel, ao mesmo tempo que enfraquece o tecido rural local. O desafio consiste, por conseguinte, em criar mecanismos sustent\u00e1veis para garantir a continuidade destas <strong>pr\u00e1ticas agr\u00edcolas ancestrais<\/strong> e a boa utiliza\u00e7\u00e3o <strong>dos conhecimentos locais<\/strong>.  <\/p><figure class=\"wp-block-image size-full\"><img decoding=\"async\" width=\"1280\" height=\"768\" src=\"https:\/\/www.alumni.space\/wp-content\/uploads\/2026\/03\/La-filiere-agricole-comment-eviter-la-perte-des-savoirs-paysans-1-1.jpg\" data-orig-src=\"https:\/\/www.alumni.space\/wp-content\/uploads\/2026\/03\/La-filiere-agricole-comment-eviter-la-perte-des-savoirs-paysans-1-1.jpg\" alt=\"Descobre mais sobre os desafios enfrentados pelo sector agr\u00edcola e sobre as estrat\u00e9gias de preserva\u00e7\u00e3o dos conhecimentos agr\u00edcolas, essenciais para a transmiss\u00e3o das pr\u00e1ticas agr\u00edcolas tradicionais.\" class=\"lazyload wp-image-3279\" srcset=\"data:image\/svg+xml,%3Csvg%20xmlns%3D%27http%3A%2F%2Fwww.w3.org%2F2000%2Fsvg%27%20width%3D%271280%27%20height%3D%27768%27%20viewBox%3D%270%200%201280%20768%27%3E%3Crect%20width%3D%271280%27%20height%3D%27768%27%20fill-opacity%3D%220%22%2F%3E%3C%2Fsvg%3E\" data-srcset=\"https:\/\/www.alumni.space\/wp-content\/uploads\/2026\/03\/La-filiere-agricole-comment-eviter-la-perte-des-savoirs-paysans-1-1-200x120.jpg 200w, https:\/\/www.alumni.space\/wp-content\/uploads\/2026\/03\/La-filiere-agricole-comment-eviter-la-perte-des-savoirs-paysans-1-1-300x180.jpg 300w, https:\/\/www.alumni.space\/wp-content\/uploads\/2026\/03\/La-filiere-agricole-comment-eviter-la-perte-des-savoirs-paysans-1-1-400x240.jpg 400w, https:\/\/www.alumni.space\/wp-content\/uploads\/2026\/03\/La-filiere-agricole-comment-eviter-la-perte-des-savoirs-paysans-1-1-600x360.jpg 600w, https:\/\/www.alumni.space\/wp-content\/uploads\/2026\/03\/La-filiere-agricole-comment-eviter-la-perte-des-savoirs-paysans-1-1-768x461.jpg 768w, https:\/\/www.alumni.space\/wp-content\/uploads\/2026\/03\/La-filiere-agricole-comment-eviter-la-perte-des-savoirs-paysans-1-1-800x480.jpg 800w, https:\/\/www.alumni.space\/wp-content\/uploads\/2026\/03\/La-filiere-agricole-comment-eviter-la-perte-des-savoirs-paysans-1-1-1024x614.jpg 1024w, https:\/\/www.alumni.space\/wp-content\/uploads\/2026\/03\/La-filiere-agricole-comment-eviter-la-perte-des-savoirs-paysans-1-1-1200x720.jpg 1200w, https:\/\/www.alumni.space\/wp-content\/uploads\/2026\/03\/La-filiere-agricole-comment-eviter-la-perte-des-savoirs-paysans-1-1.jpg 1280w\" data-sizes=\"auto\" data-orig-sizes=\"(max-width: 1280px) 100vw, 1280px\" \/><\/figure><h3 class=\"wp-block-heading\"><span class=\"ez-toc-section\" id=\"Reconhecimento_e_valorizacao_dos_conhecimentos_dos_agricultores_para_uma_melhor_integracao\"><\/span>Reconhecimento e valoriza\u00e7\u00e3o dos conhecimentos dos agricultores para uma melhor integra\u00e7\u00e3o<span class=\"ez-toc-section-end\"><\/span><\/h3><p>Nos \u00faltimos anos, iniciativas colectivas ilustraram a import\u00e2ncia de valorizar estes conhecimentos, em rela\u00e7\u00e3o ao seu contexto geogr\u00e1fico e cultural espec\u00edfico. Grupos de trabalho especializados est\u00e3o a trabalhar para identificar estes conhecimentos, encorajar a sua utiliza\u00e7\u00e3o e assegurar a sua prote\u00e7\u00e3o atrav\u00e9s da colabora\u00e7\u00e3o entre <strong>agricultores<\/strong>, investigadores e institui\u00e7\u00f5es. <\/p><p>Um impacto tang\u00edvel no desenvolvimento da autonomia dos agricultores pode ser visto na din\u00e2mica em que os conhecimentos antigos inspiram pr\u00e1ticas inovadoras, refor\u00e7ando assim a resili\u00eancia face aos riscos clim\u00e1ticos. Os conhecimentos locais tornam-se, assim, uma for\u00e7a motriz da inova\u00e7\u00e3o agr\u00edcola, fundamental para garantir a continuidade das explora\u00e7\u00f5es e a seguran\u00e7a alimentar \u00e0 escala regional. <\/p><p>Por exemplo, o <a href=\"https:\/\/www.transrural-initiatives.org\/ressources\/anciens-dossiers\/savoirs-paysans\/\">dossier &#8220;Iniciativas Transrurais&#8221;<\/a> explora os processos hist\u00f3ricos e contempor\u00e2neos envolvidos na destrui\u00e7\u00e3o e recupera\u00e7\u00e3o do conhecimento campon\u00eas, oferecendo indica\u00e7\u00f5es metodol\u00f3gicas valiosas para os intervenientes.<\/p><h2 class=\"wp-block-heading\"><span class=\"ez-toc-section\" id=\"Metodos_eficazes_de_transmissao_e_perpetuacao_dos_conhecimentos_agricolas\"><\/span>M\u00e9todos eficazes de transmiss\u00e3o e perpetua\u00e7\u00e3o dos conhecimentos agr\u00edcolas<span class=\"ez-toc-section-end\"><\/span><\/h2><p>A aplica\u00e7\u00e3o de uma estrat\u00e9gia rigorosa \u00e9 essencial. Baseia-se na cria\u00e7\u00e3o de comunidades de interc\u00e2mbio, na implementa\u00e7\u00e3o de sistemas de tutoria e na cria\u00e7\u00e3o de f\u00f3runs participativos para incentivar o apoio m\u00fatuo entre gera\u00e7\u00f5es. Atualmente, a industrializa\u00e7\u00e3o da partilha de conhecimentos passa por plataformas especializadas que evitam a utiliza\u00e7\u00e3o de ferramentas dispersas, simplificando assim o acesso aos recursos e aumentando o compromisso a longo prazo.  <\/p><p>Um vasto leque de conte\u00fados &#8211; fichas pr\u00e1ticas, podcasts, v\u00eddeos &#8211; acompanhado de um calend\u00e1rio de rituais regulares, garante uma transmiss\u00e3o fluida e adaptada \u00e0s necessidades dos membros. Estas ferramentas s\u00e3o apoiadas por um acompanhamento cuidadoso dos indicadores-chave de desempenho (KPI) para medir o impacto das ac\u00e7\u00f5es na ado\u00e7\u00e3o das melhores pr\u00e1ticas. <\/p><p>Em particular, este modelo encoraja <strong>a coopta\u00e7\u00e3o<\/strong> e refor\u00e7a uma <strong>rede de antigos alunos<\/strong> empenhada e de longa dura\u00e7\u00e3o, enraizada em valores agr\u00edcolas aut\u00eanticos. Uma solu\u00e7\u00e3o digital como o<a href=\"https:\/\/www.alumni.space\/pt-pt\/o-sector-agricola-como-evitar-a-perda-de-conhecimentos-dos-agricultores\/\">alumni.space<\/a> \u00e9 uma forma eficaz de coordenar estas opera\u00e7\u00f5es e maximizar o tempo poupado, evitando os custos adicionais associados \u00e0 dispers\u00e3o de dados. <\/p><h3 class=\"wp-block-heading\"><span class=\"ez-toc-section\" id=\"Casos_reais_e_factores_de_sucesso_para_a_protecao_sustentavel_do_conhecimento\"><\/span>Casos reais e factores de sucesso para a prote\u00e7\u00e3o sustent\u00e1vel do conhecimento<span class=\"ez-toc-section-end\"><\/span><\/h3><p>Em algumas regi\u00f5es, a iniciativa <a href=\"https:\/\/semoir-agricole.fr\/agriculture-durable\/valoriser-et-sauvegarder-les-savoir-faire-agricoles-traditionnels\/\">de promover o saber-fazer tradicional<\/a> resultou num aumento significativo da biodiversidade local e numa adapta\u00e7\u00e3o significativa das pr\u00e1ticas \u00e0s altera\u00e7\u00f5es clim\u00e1ticas. Estes sucessos demonstram o papel deste conhecimento na constru\u00e7\u00e3o de um modelo agr\u00edcola resiliente, combinando tradi\u00e7\u00e3o e inova\u00e7\u00e3o. <\/p><p>A colabora\u00e7\u00e3o estreita entre os actores institucionais, as colectividades de agricultores e as plataformas de gest\u00e3o comunit\u00e1ria garante a aus\u00eancia de lacunas na transmiss\u00e3o dos conhecimentos. Favorece a cria\u00e7\u00e3o de pares mentor-mentorando e refor\u00e7a a dimens\u00e3o associativa ou fundacional, fundamental para a sustentabilidade das redes locais. <\/p><p>Um acompanhamento regular e uma comunica\u00e7\u00e3o bem direcionada consolidam estas din\u00e2micas, promovem os embaixadores das pr\u00e1ticas ancestrais e alimentam uma cultura de compromisso essencial para a continuidade da agricultura nas regi\u00f5es.<\/p>","protected":false},"excerpt":{"rendered":"<p>Evitar o desaparecimento dos conhecimentos agr\u00edcolas no sector agr\u00edcolaO sector  [&#8230;]<\/p>\n","protected":false},"author":1,"featured_media":5047,"comment_status":"closed","ping_status":"closed","sticky":false,"template":"","format":"standard","meta":{"_ayudawp_aiss_exclude":false,"footnotes":""},"categories":[69],"tags":[],"class_list":["post-5045","post","type-post","status-publish","format-standard","has-post-thumbnail","hentry","category-partilha-de-conhecimentos"],"yoast_head":"<!-- This site is optimized with the Yoast SEO plugin v27.4 - https:\/\/yoast.com\/product\/yoast-seo-wordpress\/ -->\n<title>Preservar os conhecimentos dos agricultores: desafios e solu\u00e7\u00f5es agr\u00edcolas<\/title>\n<meta name=\"description\" content=\"Descobre como preservar os conhecimentos dos agricultores no sector agr\u00edcola e evitar perd\u00ea-los, o que \u00e9 essencial para um futuro sustent\u00e1vel.\" \/>\n<meta name=\"robots\" content=\"index, follow, max-snippet:-1, max-image-preview:large, max-video-preview:-1\" \/>\n<link rel=\"canonical\" href=\"https:\/\/www.alumni.space\/pt-pt\/o-sector-agricola-como-evitar-a-perda-de-conhecimentos-dos-agricultores\/\" \/>\n<meta property=\"og:locale\" content=\"pt_PT\" \/>\n<meta property=\"og:type\" content=\"article\" \/>\n<meta property=\"og:title\" content=\"Preservar os conhecimentos dos agricultores: desafios e solu\u00e7\u00f5es agr\u00edcolas\" \/>\n<meta property=\"og:description\" content=\"Descobre como preservar os conhecimentos dos agricultores no sector agr\u00edcola e evitar perd\u00ea-los, o que \u00e9 essencial para um futuro sustent\u00e1vel.\" \/>\n<meta property=\"og:url\" content=\"https:\/\/www.alumni.space\/pt-pt\/o-sector-agricola-como-evitar-a-perda-de-conhecimentos-dos-agricultores\/\" \/>\n<meta property=\"og:site_name\" content=\"Alumni.space\" \/>\n<meta property=\"article:published_time\" content=\"2025-01-27T21:05:09+00:00\" \/>\n<meta property=\"article:modified_time\" content=\"2026-03-28T10:45:48+00:00\" \/>\n<meta property=\"og:image\" content=\"https:\/\/www.alumni.space\/wp-content\/uploads\/2026\/03\/La-filiere-agricole-comment-eviter-la-perte-des-savoirs-paysans-.jpg\" \/>\n\t<meta property=\"og:image:width\" content=\"1280\" \/>\n\t<meta property=\"og:image:height\" content=\"768\" \/>\n\t<meta property=\"og:image:type\" content=\"image\/jpeg\" \/>\n<meta name=\"author\" content=\"admin\" \/>\n<meta name=\"twitter:card\" content=\"summary_large_image\" \/>\n<meta name=\"twitter:label1\" content=\"Escrito por\" \/>\n\t<meta name=\"twitter:data1\" content=\"admin\" \/>\n\t<meta name=\"twitter:label2\" content=\"Tempo estimado de leitura\" \/>\n\t<meta name=\"twitter:data2\" content=\"3 minutos\" \/>\n<script type=\"application\/ld+json\" class=\"yoast-schema-graph\">{\"@context\":\"https:\\\/\\\/schema.org\",\"@graph\":[{\"@type\":\"Article\",\"@id\":\"https:\\\/\\\/www.alumni.space\\\/pt-pt\\\/o-sector-agricola-como-evitar-a-perda-de-conhecimentos-dos-agricultores\\\/#article\",\"isPartOf\":{\"@id\":\"https:\\\/\\\/www.alumni.space\\\/pt-pt\\\/o-sector-agricola-como-evitar-a-perda-de-conhecimentos-dos-agricultores\\\/\"},\"author\":{\"name\":\"admin\",\"@id\":\"https:\\\/\\\/www.alumni.space\\\/pt-pt\\\/#\\\/schema\\\/person\\\/fede362a57876edda476a61f05ce5b15\"},\"headline\":\"O sector agr\u00edcola: como evitar a perda de conhecimentos dos agricultores?\",\"datePublished\":\"2025-01-27T21:05:09+00:00\",\"dateModified\":\"2026-03-28T10:45:48+00:00\",\"mainEntityOfPage\":{\"@id\":\"https:\\\/\\\/www.alumni.space\\\/pt-pt\\\/o-sector-agricola-como-evitar-a-perda-de-conhecimentos-dos-agricultores\\\/\"},\"wordCount\":696,\"image\":{\"@id\":\"https:\\\/\\\/www.alumni.space\\\/pt-pt\\\/o-sector-agricola-como-evitar-a-perda-de-conhecimentos-dos-agricultores\\\/#primaryimage\"},\"thumbnailUrl\":\"https:\\\/\\\/www.alumni.space\\\/wp-content\\\/uploads\\\/2026\\\/03\\\/La-filiere-agricole-comment-eviter-la-perte-des-savoirs-paysans-.jpg\",\"articleSection\":[\"Partilha de conhecimentos\"],\"inLanguage\":\"pt-PT\"},{\"@type\":\"WebPage\",\"@id\":\"https:\\\/\\\/www.alumni.space\\\/pt-pt\\\/o-sector-agricola-como-evitar-a-perda-de-conhecimentos-dos-agricultores\\\/\",\"url\":\"https:\\\/\\\/www.alumni.space\\\/pt-pt\\\/o-sector-agricola-como-evitar-a-perda-de-conhecimentos-dos-agricultores\\\/\",\"name\":\"Preservar os conhecimentos dos agricultores: desafios e solu\u00e7\u00f5es agr\u00edcolas\",\"isPartOf\":{\"@id\":\"https:\\\/\\\/www.alumni.space\\\/pt-pt\\\/#website\"},\"primaryImageOfPage\":{\"@id\":\"https:\\\/\\\/www.alumni.space\\\/pt-pt\\\/o-sector-agricola-como-evitar-a-perda-de-conhecimentos-dos-agricultores\\\/#primaryimage\"},\"image\":{\"@id\":\"https:\\\/\\\/www.alumni.space\\\/pt-pt\\\/o-sector-agricola-como-evitar-a-perda-de-conhecimentos-dos-agricultores\\\/#primaryimage\"},\"thumbnailUrl\":\"https:\\\/\\\/www.alumni.space\\\/wp-content\\\/uploads\\\/2026\\\/03\\\/La-filiere-agricole-comment-eviter-la-perte-des-savoirs-paysans-.jpg\",\"datePublished\":\"2025-01-27T21:05:09+00:00\",\"dateModified\":\"2026-03-28T10:45:48+00:00\",\"author\":{\"@id\":\"https:\\\/\\\/www.alumni.space\\\/pt-pt\\\/#\\\/schema\\\/person\\\/fede362a57876edda476a61f05ce5b15\"},\"description\":\"Descobre como preservar os conhecimentos dos agricultores no sector agr\u00edcola e evitar perd\u00ea-los, o que \u00e9 essencial para um futuro sustent\u00e1vel.\",\"breadcrumb\":{\"@id\":\"https:\\\/\\\/www.alumni.space\\\/pt-pt\\\/o-sector-agricola-como-evitar-a-perda-de-conhecimentos-dos-agricultores\\\/#breadcrumb\"},\"inLanguage\":\"pt-PT\",\"potentialAction\":[{\"@type\":\"ReadAction\",\"target\":[\"https:\\\/\\\/www.alumni.space\\\/pt-pt\\\/o-sector-agricola-como-evitar-a-perda-de-conhecimentos-dos-agricultores\\\/\"]}]},{\"@type\":\"ImageObject\",\"inLanguage\":\"pt-PT\",\"@id\":\"https:\\\/\\\/www.alumni.space\\\/pt-pt\\\/o-sector-agricola-como-evitar-a-perda-de-conhecimentos-dos-agricultores\\\/#primaryimage\",\"url\":\"https:\\\/\\\/www.alumni.space\\\/wp-content\\\/uploads\\\/2026\\\/03\\\/La-filiere-agricole-comment-eviter-la-perte-des-savoirs-paysans-.jpg\",\"contentUrl\":\"https:\\\/\\\/www.alumni.space\\\/wp-content\\\/uploads\\\/2026\\\/03\\\/La-filiere-agricole-comment-eviter-la-perte-des-savoirs-paysans-.jpg\",\"width\":1280,\"height\":768,\"caption\":\"descobre mais sobre os desafios que o sector agr\u00edcola enfrenta e como preservar e transmitir os conhecimentos agr\u00edcolas que s\u00e3o essenciais para a sustentabilidade e a inova\u00e7\u00e3o agr\u00edcola.\"},{\"@type\":\"BreadcrumbList\",\"@id\":\"https:\\\/\\\/www.alumni.space\\\/pt-pt\\\/o-sector-agricola-como-evitar-a-perda-de-conhecimentos-dos-agricultores\\\/#breadcrumb\",\"itemListElement\":[{\"@type\":\"ListItem\",\"position\":1,\"name\":\"Home\",\"item\":\"https:\\\/\\\/www.alumni.space\\\/pt-pt\\\/plataforma-de-gestao-de-mentores-e-antigos-alunos\\\/\"},{\"@type\":\"ListItem\",\"position\":2,\"name\":\"O sector agr\u00edcola: como evitar a perda de conhecimentos dos agricultores?\"}]},{\"@type\":\"WebSite\",\"@id\":\"https:\\\/\\\/www.alumni.space\\\/pt-pt\\\/#website\",\"url\":\"https:\\\/\\\/www.alumni.space\\\/pt-pt\\\/\",\"name\":\"Alumni.space\",\"description\":\"My WordPress Blog\",\"potentialAction\":[{\"@type\":\"SearchAction\",\"target\":{\"@type\":\"EntryPoint\",\"urlTemplate\":\"https:\\\/\\\/www.alumni.space\\\/pt-pt\\\/?s={search_term_string}\"},\"query-input\":{\"@type\":\"PropertyValueSpecification\",\"valueRequired\":true,\"valueName\":\"search_term_string\"}}],\"inLanguage\":\"pt-PT\"},{\"@type\":\"Person\",\"@id\":\"https:\\\/\\\/www.alumni.space\\\/pt-pt\\\/#\\\/schema\\\/person\\\/fede362a57876edda476a61f05ce5b15\",\"name\":\"admin\",\"image\":{\"@type\":\"ImageObject\",\"inLanguage\":\"pt-PT\",\"@id\":\"https:\\\/\\\/secure.gravatar.com\\\/avatar\\\/318e234ae94f90d4d629428d6b983c08e31181c28f579e08a021180d759ea651?s=96&d=mm&r=g\",\"url\":\"https:\\\/\\\/secure.gravatar.com\\\/avatar\\\/318e234ae94f90d4d629428d6b983c08e31181c28f579e08a021180d759ea651?s=96&d=mm&r=g\",\"contentUrl\":\"https:\\\/\\\/secure.gravatar.com\\\/avatar\\\/318e234ae94f90d4d629428d6b983c08e31181c28f579e08a021180d759ea651?s=96&d=mm&r=g\",\"caption\":\"admin\"},\"description\":\"Nicolas Laustriat a construit sa sp\u00e9cialit\u00e9 sur un sujet que beaucoup d\u2019organisations d\u00e9couvrent trop tard : ce qui dispara\u00eet quand les gens partent. Dipl\u00f4m\u00e9 en conception de produit industriel, il bifurque vers le digital fin 1996, il couvre les transformations marques, RH, la fid\u00e9lisation, la marque employeur. Sur le terrain, il rep\u00e8re un angle mort r\u00e9current : l\u2019entreprise investit dans le recrutement, la formation, les process\u2026 puis laisse filer le lien au moment du d\u00e9part, avec une perte de savoir et d\u2019influence qui se paie en silence. Il se sp\u00e9cialise alors sur les communaut\u00e9s d\u2019alumni, le mentorat, l\u2019entraide interg\u00e9n\u00e9rationnelle et la transmission d\u2019expertise. Il passe du \u201cconstat\u201d aux m\u00e9thodes : animation, gouvernance, segmentation, rituels, mesure d\u2019engagement, articulation avec la RSE et l\u2019employabilit\u00e9. Il interviewe DRH, responsables formation, directions d\u2019\u00e9coles, associations et fondations, avec une obsession : transformer un r\u00e9seau dormant en m\u00e9canisme utile (cooptation, mentorat, job board, entraide, \u00e9v\u00e9nements, contenus). Son style : direct, orient\u00e9 action, sans folklore. Sa conviction : une communaut\u00e9 n\u2019a pas besoin de bruit, elle a besoin de raisons de revenir.\",\"sameAs\":[\"https:\\\/\\\/www.alumni.space\"]}]}<\/script>\n<!-- \/ Yoast SEO plugin. -->","yoast_head_json":{"title":"Preservar os conhecimentos dos agricultores: desafios e solu\u00e7\u00f5es agr\u00edcolas","description":"Descobre como preservar os conhecimentos dos agricultores no sector agr\u00edcola e evitar perd\u00ea-los, o que \u00e9 essencial para um futuro sustent\u00e1vel.","robots":{"index":"index","follow":"follow","max-snippet":"max-snippet:-1","max-image-preview":"max-image-preview:large","max-video-preview":"max-video-preview:-1"},"canonical":"https:\/\/www.alumni.space\/pt-pt\/o-sector-agricola-como-evitar-a-perda-de-conhecimentos-dos-agricultores\/","og_locale":"pt_PT","og_type":"article","og_title":"Preservar os conhecimentos dos agricultores: desafios e solu\u00e7\u00f5es agr\u00edcolas","og_description":"Descobre como preservar os conhecimentos dos agricultores no sector agr\u00edcola e evitar perd\u00ea-los, o que \u00e9 essencial para um futuro sustent\u00e1vel.","og_url":"https:\/\/www.alumni.space\/pt-pt\/o-sector-agricola-como-evitar-a-perda-de-conhecimentos-dos-agricultores\/","og_site_name":"Alumni.space","article_published_time":"2025-01-27T21:05:09+00:00","article_modified_time":"2026-03-28T10:45:48+00:00","og_image":[{"width":1280,"height":768,"url":"https:\/\/www.alumni.space\/wp-content\/uploads\/2026\/03\/La-filiere-agricole-comment-eviter-la-perte-des-savoirs-paysans-.jpg","type":"image\/jpeg"}],"author":"admin","twitter_card":"summary_large_image","twitter_misc":{"Escrito por":"admin","Tempo estimado de leitura":"3 minutos"},"schema":{"@context":"https:\/\/schema.org","@graph":[{"@type":"Article","@id":"https:\/\/www.alumni.space\/pt-pt\/o-sector-agricola-como-evitar-a-perda-de-conhecimentos-dos-agricultores\/#article","isPartOf":{"@id":"https:\/\/www.alumni.space\/pt-pt\/o-sector-agricola-como-evitar-a-perda-de-conhecimentos-dos-agricultores\/"},"author":{"name":"admin","@id":"https:\/\/www.alumni.space\/pt-pt\/#\/schema\/person\/fede362a57876edda476a61f05ce5b15"},"headline":"O sector agr\u00edcola: como evitar a perda de conhecimentos dos agricultores?","datePublished":"2025-01-27T21:05:09+00:00","dateModified":"2026-03-28T10:45:48+00:00","mainEntityOfPage":{"@id":"https:\/\/www.alumni.space\/pt-pt\/o-sector-agricola-como-evitar-a-perda-de-conhecimentos-dos-agricultores\/"},"wordCount":696,"image":{"@id":"https:\/\/www.alumni.space\/pt-pt\/o-sector-agricola-como-evitar-a-perda-de-conhecimentos-dos-agricultores\/#primaryimage"},"thumbnailUrl":"https:\/\/www.alumni.space\/wp-content\/uploads\/2026\/03\/La-filiere-agricole-comment-eviter-la-perte-des-savoirs-paysans-.jpg","articleSection":["Partilha de conhecimentos"],"inLanguage":"pt-PT"},{"@type":"WebPage","@id":"https:\/\/www.alumni.space\/pt-pt\/o-sector-agricola-como-evitar-a-perda-de-conhecimentos-dos-agricultores\/","url":"https:\/\/www.alumni.space\/pt-pt\/o-sector-agricola-como-evitar-a-perda-de-conhecimentos-dos-agricultores\/","name":"Preservar os conhecimentos dos agricultores: desafios e solu\u00e7\u00f5es agr\u00edcolas","isPartOf":{"@id":"https:\/\/www.alumni.space\/pt-pt\/#website"},"primaryImageOfPage":{"@id":"https:\/\/www.alumni.space\/pt-pt\/o-sector-agricola-como-evitar-a-perda-de-conhecimentos-dos-agricultores\/#primaryimage"},"image":{"@id":"https:\/\/www.alumni.space\/pt-pt\/o-sector-agricola-como-evitar-a-perda-de-conhecimentos-dos-agricultores\/#primaryimage"},"thumbnailUrl":"https:\/\/www.alumni.space\/wp-content\/uploads\/2026\/03\/La-filiere-agricole-comment-eviter-la-perte-des-savoirs-paysans-.jpg","datePublished":"2025-01-27T21:05:09+00:00","dateModified":"2026-03-28T10:45:48+00:00","author":{"@id":"https:\/\/www.alumni.space\/pt-pt\/#\/schema\/person\/fede362a57876edda476a61f05ce5b15"},"description":"Descobre como preservar os conhecimentos dos agricultores no sector agr\u00edcola e evitar perd\u00ea-los, o que \u00e9 essencial para um futuro sustent\u00e1vel.","breadcrumb":{"@id":"https:\/\/www.alumni.space\/pt-pt\/o-sector-agricola-como-evitar-a-perda-de-conhecimentos-dos-agricultores\/#breadcrumb"},"inLanguage":"pt-PT","potentialAction":[{"@type":"ReadAction","target":["https:\/\/www.alumni.space\/pt-pt\/o-sector-agricola-como-evitar-a-perda-de-conhecimentos-dos-agricultores\/"]}]},{"@type":"ImageObject","inLanguage":"pt-PT","@id":"https:\/\/www.alumni.space\/pt-pt\/o-sector-agricola-como-evitar-a-perda-de-conhecimentos-dos-agricultores\/#primaryimage","url":"https:\/\/www.alumni.space\/wp-content\/uploads\/2026\/03\/La-filiere-agricole-comment-eviter-la-perte-des-savoirs-paysans-.jpg","contentUrl":"https:\/\/www.alumni.space\/wp-content\/uploads\/2026\/03\/La-filiere-agricole-comment-eviter-la-perte-des-savoirs-paysans-.jpg","width":1280,"height":768,"caption":"descobre mais sobre os desafios que o sector agr\u00edcola enfrenta e como preservar e transmitir os conhecimentos agr\u00edcolas que s\u00e3o essenciais para a sustentabilidade e a inova\u00e7\u00e3o agr\u00edcola."},{"@type":"BreadcrumbList","@id":"https:\/\/www.alumni.space\/pt-pt\/o-sector-agricola-como-evitar-a-perda-de-conhecimentos-dos-agricultores\/#breadcrumb","itemListElement":[{"@type":"ListItem","position":1,"name":"Home","item":"https:\/\/www.alumni.space\/pt-pt\/plataforma-de-gestao-de-mentores-e-antigos-alunos\/"},{"@type":"ListItem","position":2,"name":"O sector agr\u00edcola: como evitar a perda de conhecimentos dos agricultores?"}]},{"@type":"WebSite","@id":"https:\/\/www.alumni.space\/pt-pt\/#website","url":"https:\/\/www.alumni.space\/pt-pt\/","name":"Alumni.space","description":"My WordPress Blog","potentialAction":[{"@type":"SearchAction","target":{"@type":"EntryPoint","urlTemplate":"https:\/\/www.alumni.space\/pt-pt\/?s={search_term_string}"},"query-input":{"@type":"PropertyValueSpecification","valueRequired":true,"valueName":"search_term_string"}}],"inLanguage":"pt-PT"},{"@type":"Person","@id":"https:\/\/www.alumni.space\/pt-pt\/#\/schema\/person\/fede362a57876edda476a61f05ce5b15","name":"admin","image":{"@type":"ImageObject","inLanguage":"pt-PT","@id":"https:\/\/secure.gravatar.com\/avatar\/318e234ae94f90d4d629428d6b983c08e31181c28f579e08a021180d759ea651?s=96&d=mm&r=g","url":"https:\/\/secure.gravatar.com\/avatar\/318e234ae94f90d4d629428d6b983c08e31181c28f579e08a021180d759ea651?s=96&d=mm&r=g","contentUrl":"https:\/\/secure.gravatar.com\/avatar\/318e234ae94f90d4d629428d6b983c08e31181c28f579e08a021180d759ea651?s=96&d=mm&r=g","caption":"admin"},"description":"Nicolas Laustriat a construit sa sp\u00e9cialit\u00e9 sur un sujet que beaucoup d\u2019organisations d\u00e9couvrent trop tard : ce qui dispara\u00eet quand les gens partent. Dipl\u00f4m\u00e9 en conception de produit industriel, il bifurque vers le digital fin 1996, il couvre les transformations marques, RH, la fid\u00e9lisation, la marque employeur. Sur le terrain, il rep\u00e8re un angle mort r\u00e9current : l\u2019entreprise investit dans le recrutement, la formation, les process\u2026 puis laisse filer le lien au moment du d\u00e9part, avec une perte de savoir et d\u2019influence qui se paie en silence. Il se sp\u00e9cialise alors sur les communaut\u00e9s d\u2019alumni, le mentorat, l\u2019entraide interg\u00e9n\u00e9rationnelle et la transmission d\u2019expertise. Il passe du \u201cconstat\u201d aux m\u00e9thodes : animation, gouvernance, segmentation, rituels, mesure d\u2019engagement, articulation avec la RSE et l\u2019employabilit\u00e9. Il interviewe DRH, responsables formation, directions d\u2019\u00e9coles, associations et fondations, avec une obsession : transformer un r\u00e9seau dormant en m\u00e9canisme utile (cooptation, mentorat, job board, entraide, \u00e9v\u00e9nements, contenus). Son style : direct, orient\u00e9 action, sans folklore. Sa conviction : une communaut\u00e9 n\u2019a pas besoin de bruit, elle a besoin de raisons de revenir.","sameAs":["https:\/\/www.alumni.space"]}]}},"_links":{"self":[{"href":"https:\/\/www.alumni.space\/pt-pt\/wp-json\/wp\/v2\/posts\/5045","targetHints":{"allow":["GET"]}}],"collection":[{"href":"https:\/\/www.alumni.space\/pt-pt\/wp-json\/wp\/v2\/posts"}],"about":[{"href":"https:\/\/www.alumni.space\/pt-pt\/wp-json\/wp\/v2\/types\/post"}],"author":[{"embeddable":true,"href":"https:\/\/www.alumni.space\/pt-pt\/wp-json\/wp\/v2\/users\/1"}],"replies":[{"embeddable":true,"href":"https:\/\/www.alumni.space\/pt-pt\/wp-json\/wp\/v2\/comments?post=5045"}],"version-history":[{"count":1,"href":"https:\/\/www.alumni.space\/pt-pt\/wp-json\/wp\/v2\/posts\/5045\/revisions"}],"predecessor-version":[{"id":5049,"href":"https:\/\/www.alumni.space\/pt-pt\/wp-json\/wp\/v2\/posts\/5045\/revisions\/5049"}],"wp:featuredmedia":[{"embeddable":true,"href":"https:\/\/www.alumni.space\/pt-pt\/wp-json\/wp\/v2\/media\/5047"}],"wp:attachment":[{"href":"https:\/\/www.alumni.space\/pt-pt\/wp-json\/wp\/v2\/media?parent=5045"}],"wp:term":[{"taxonomy":"category","embeddable":true,"href":"https:\/\/www.alumni.space\/pt-pt\/wp-json\/wp\/v2\/categories?post=5045"},{"taxonomy":"post_tag","embeddable":true,"href":"https:\/\/www.alumni.space\/pt-pt\/wp-json\/wp\/v2\/tags?post=5045"}],"curies":[{"name":"wp","href":"https:\/\/api.w.org\/{rel}","templated":true}]}}