{"id":5034,"date":"2025-05-30T20:18:53","date_gmt":"2025-05-30T20:18:53","guid":{"rendered":"https:\/\/www.alumni.space\/como-medir-o-impacto-de-um-programa-de-mentoria-empresarial\/"},"modified":"2026-03-28T10:45:12","modified_gmt":"2026-03-28T10:45:12","slug":"como-medir-o-impacto-de-um-programa-de-mentoria-empresarial","status":"publish","type":"post","link":"https:\/\/www.alumni.space\/pt-pt\/como-medir-o-impacto-de-um-programa-de-mentoria-empresarial\/","title":{"rendered":"Como medir o impacto de um programa de mentoria empresarial"},"content":{"rendered":"<p>Lan\u00e7ar uma iniciativa humana sem uma b\u00fassola \u00e9 como navegar no nevoeiro com um GPS avariado. Em 2026, os dados reinam supremos, mas <strong>a avalia\u00e7\u00e3o da<\/strong> transfer\u00eancia de conhecimentos continua muitas vezes a ser o parente pobre das estrat\u00e9gias de RH. Sabias que 97,6% das empresas da Fortune 500 dependem agora de um <strong>programa de mentoria<\/strong> para impulsionar o seu crescimento? Este n\u00famero surpreendente prova que o coaching interno \u00e9 mais do que apenas um conceito agrad\u00e1vel de ter, \u00e9 um motor de <strong>desempenho<\/strong> bruto.   <\/p><p>Imagina a NovaTech, um unic\u00f3rnio em r\u00e1pido crescimento. Est\u00e1 a aumentar o n\u00famero de parceiros, mas tem dificuldade em justificar o or\u00e7amento atribu\u00eddo \u00e0 sua plataforma. Sem indicadores precisos, o risco de ver estes esfor\u00e7os evaporarem-se aumenta. Medir o sucesso garante a perenidade do investimento e optimiza todas as intera\u00e7\u00f5es entre mentores e mentorados. <strong>A tutoria<\/strong> j\u00e1 n\u00e3o \u00e9 apenas uma conversa informal numa m\u00e1quina de caf\u00e9; faz parte de uma abordagem de gest\u00e3o rigorosa.    <\/p><div id=\"ez-toc-container\" class=\"ez-toc-v2_0_82_2 counter-flat ez-toc-counter ez-toc-grey ez-toc-container-direction\">\n<div class=\"ez-toc-title-container\"><p class=\"ez-toc-title\" style=\"cursor:inherit\">\u00cdndice deste artigo:<\/p>\n<\/div><nav><ul class='ez-toc-list ez-toc-list-level-1 ' ><li class='ez-toc-page-1'><a class=\"ez-toc-link ez-toc-heading-1\" href=\"https:\/\/www.alumni.space\/pt-pt\/como-medir-o-impacto-de-um-programa-de-mentoria-empresarial\/#Indicadores_numericos_para_comprovar_o_retorno_do_investimento\" >Indicadores num\u00e9ricos para comprovar o retorno do investimento<\/a><\/li><li class='ez-toc-page-1'><a class=\"ez-toc-link ez-toc-heading-2\" href=\"https:\/\/www.alumni.space\/pt-pt\/como-medir-o-impacto-de-um-programa-de-mentoria-empresarial\/#A_produtividade_no_centro_da_estrategia_de_crescimento\" >A produtividade no centro da estrat\u00e9gia de crescimento<\/a><\/li><li class='ez-toc-page-1'><a class=\"ez-toc-link ez-toc-heading-3\" href=\"https:\/\/www.alumni.space\/pt-pt\/como-medir-o-impacto-de-um-programa-de-mentoria-empresarial\/#Capturar_o_invisivel_a_riqueza_dos_dados_qualitativos\" >Capturar o invis\u00edvel: a riqueza dos dados qualitativos<\/a><\/li><li class='ez-toc-page-1'><a class=\"ez-toc-link ez-toc-heading-4\" href=\"https:\/\/www.alumni.space\/pt-pt\/como-medir-o-impacto-de-um-programa-de-mentoria-empresarial\/#Feedback_de_360_graus_para_uma_visao_panoramica\" >Feedback de 360 graus para uma vis\u00e3o panor\u00e2mica<\/a><\/li><li class='ez-toc-page-1'><a class=\"ez-toc-link ez-toc-heading-5\" href=\"https:\/\/www.alumni.space\/pt-pt\/como-medir-o-impacto-de-um-programa-de-mentoria-empresarial\/#Impacto_social_e_marca_do_empregador_como_pilares_da_RSE\" >Impacto social e marca do empregador como pilares da RSE<\/a><\/li><\/ul><\/nav><\/div>\n<h2 class=\"wp-block-heading\"><span class=\"ez-toc-section\" id=\"Indicadores_numericos_para_comprovar_o_retorno_do_investimento\"><\/span>Indicadores num\u00e9ricos para comprovar o retorno do investimento<span class=\"ez-toc-section-end\"><\/span><\/h2><p>Os decisores exigem provas tang\u00edveis. O <strong>retorno do investimento<\/strong> pode ser visto, antes de mais, na taxa de reten\u00e7\u00e3o de talentos. Um colaborador que recebe apoio tem mais probabilidades de permanecer na organiza\u00e7\u00e3o, reduzindo os custos associados \u00e0 rota\u00e7\u00e3o de pessoal. As estat\u00edsticas mostram que as empresas que cuidam do seu apoio v\u00eaem a lealdade do seu pessoal aumentar. Um colaborador que beneficia de um guia interno sente-se valorizado, o que aumenta o seu <strong>empenho<\/strong> no dia a dia.    <\/p><p>O acompanhamento das promo\u00e7\u00f5es fornece outra riqueza de informa\u00e7\u00f5es. Compara os percursos profissionais dos mentorados com o resto da popula\u00e7\u00e3o interna, revelando frequentemente diferen\u00e7as significativas. De facto, um estudo mostra que os mentorados ascendem a cargos de gest\u00e3o duas vezes mais depressa. Uma an\u00e1lise da produtividade mostra que a transfer\u00eancia de <strong>compet\u00eancias<\/strong> torna os processos mais fluidos. O tempo poupado no desenvolvimento das compet\u00eancias dos novos recrutas representa uma poupan\u00e7a substancial para a organiza\u00e7\u00e3o.    <\/p><figure class=\"wp-block-image size-full\"><img decoding=\"async\" width=\"1280\" height=\"768\" src=\"https:\/\/www.alumni.space\/wp-content\/uploads\/2026\/03\/Comment-mesurer-limpact-dun-programme-de-mentorat-en-entreprise-1.jpg\" data-orig-src=\"https:\/\/www.alumni.space\/wp-content\/uploads\/2026\/03\/Comment-mesurer-limpact-dun-programme-de-mentorat-en-entreprise-1.jpg\" alt=\"Descobre como avaliar eficazmente o impacto de um programa de mentoria empresarial utilizando m\u00e9todos-chave e indicadores de desempenho adequados.\" class=\"lazyload wp-image-3537\" srcset=\"data:image\/svg+xml,%3Csvg%20xmlns%3D%27http%3A%2F%2Fwww.w3.org%2F2000%2Fsvg%27%20width%3D%271280%27%20height%3D%27768%27%20viewBox%3D%270%200%201280%20768%27%3E%3Crect%20width%3D%271280%27%20height%3D%27768%27%20fill-opacity%3D%220%22%2F%3E%3C%2Fsvg%3E\" data-srcset=\"https:\/\/www.alumni.space\/wp-content\/uploads\/2026\/03\/Comment-mesurer-limpact-dun-programme-de-mentorat-en-entreprise-1-200x120.jpg 200w, https:\/\/www.alumni.space\/wp-content\/uploads\/2026\/03\/Comment-mesurer-limpact-dun-programme-de-mentorat-en-entreprise-1-300x180.jpg 300w, https:\/\/www.alumni.space\/wp-content\/uploads\/2026\/03\/Comment-mesurer-limpact-dun-programme-de-mentorat-en-entreprise-1-400x240.jpg 400w, https:\/\/www.alumni.space\/wp-content\/uploads\/2026\/03\/Comment-mesurer-limpact-dun-programme-de-mentorat-en-entreprise-1-600x360.jpg 600w, https:\/\/www.alumni.space\/wp-content\/uploads\/2026\/03\/Comment-mesurer-limpact-dun-programme-de-mentorat-en-entreprise-1-768x461.jpg 768w, https:\/\/www.alumni.space\/wp-content\/uploads\/2026\/03\/Comment-mesurer-limpact-dun-programme-de-mentorat-en-entreprise-1-800x480.jpg 800w, https:\/\/www.alumni.space\/wp-content\/uploads\/2026\/03\/Comment-mesurer-limpact-dun-programme-de-mentorat-en-entreprise-1-1024x614.jpg 1024w, https:\/\/www.alumni.space\/wp-content\/uploads\/2026\/03\/Comment-mesurer-limpact-dun-programme-de-mentorat-en-entreprise-1-1200x720.jpg 1200w, https:\/\/www.alumni.space\/wp-content\/uploads\/2026\/03\/Comment-mesurer-limpact-dun-programme-de-mentorat-en-entreprise-1.jpg 1280w\" data-sizes=\"auto\" data-orig-sizes=\"(max-width: 1280px) 100vw, 1280px\" \/><\/figure><h3 class=\"wp-block-heading\"><span class=\"ez-toc-section\" id=\"A_produtividade_no_centro_da_estrategia_de_crescimento\"><\/span>A produtividade no centro da estrat\u00e9gia de crescimento<span class=\"ez-toc-section-end\"><\/span><\/h3><p>O projeto Oxygen da Google demonstrou a influ\u00eancia direta de uma boa forma\u00e7\u00e3o nos <strong>resultados<\/strong> da equipa. Ao identificar os comportamentos-chave dos melhores gestores e ao transmiti-los aos pares, a empresa viu a satisfa\u00e7\u00e3o geral aumentar em 10%. A NovaTech poderia inspirar-se neste m\u00e9todo para transformar os seus peritos t\u00e9cnicos em verdadeiros pilares da cultura da empresa. Cada hora investida numa sess\u00e3o de partilha traduz-se em menos erros operacionais e mais inova\u00e7\u00e3o.   <\/p><p>A frequ\u00eancia das trocas e a taxa de participa\u00e7\u00e3o na plataforma s\u00e3o sinais fracos mas essenciais. Um painel de controlo automatizado evita que se percam em ficheiros Excel ileg\u00edveis. Ao centralizar estes fluxos, pode identificar rapidamente os duos que est\u00e3o a estagnar e os que t\u00eam um bom desempenho. Esta visibilidade significa que podem ser feitos ajustes em tempo real, garantindo que o <strong>programa de tutoria<\/strong> se mant\u00e9m alinhado com as ambi\u00e7\u00f5es globais. Para uma an\u00e1lise mais aprofundada destes mecanismos, consulta este <a href=\"https:\/\/www.medef.com\/uploads\/media\/default\/0020\/01\/15029-guide-mentorat-2023-medef.pdf\">guia pr\u00e1tico para organiza\u00e7\u00f5es<\/a> para ajudar a estruturar a tua abordagem.    <\/p><h2 class=\"wp-block-heading\"><span class=\"ez-toc-section\" id=\"Capturar_o_invisivel_a_riqueza_dos_dados_qualitativos\"><\/span>Capturar o invis\u00edvel: a riqueza dos dados qualitativos<span class=\"ez-toc-section-end\"><\/span><\/h2><p>Por vezes, o sucesso est\u00e1 onde os n\u00fameros param. A autoconfian\u00e7a, a gest\u00e3o do stress ou a clareza da vis\u00e3o profissional escapam \u00e0s colunas da contabilidade. No entanto, estes benef\u00edcios intang\u00edveis constituem a base de uma cultura saud\u00e1vel. A recolha de testemunhos em primeira m\u00e3o confere uma profundidade indispens\u00e1vel \u00e0 an\u00e1lise. Um aprendiz que diz ter-se atrevido a falar em p\u00fablico gra\u00e7as ao seu mentor oferece uma prova de sucesso t\u00e3o poderosa como um gr\u00e1fico de vendas.    <\/p><p>A utiliza\u00e7\u00e3o de inqu\u00e9ritos regulares ajuda a captar este &#8220;clima mental&#8221;. Se fizeres as perguntas certas antes, durante e depois do curso, podes detetar mudan\u00e7as de atitude. A satisfa\u00e7\u00e3o dos participantes continua a ser o crit\u00e9rio mais simples e mais poderoso. Se os teus mentores se inscreverem novamente para uma nova \u00e9poca, tens a prova de uma experi\u00eancia enriquecedora. O sentimento de utilidade sentido pelos antigos alunos refor\u00e7a os la\u00e7os sociais e o sentimento de perten\u00e7a \u00e0 comunidade.    <\/p><h3 class=\"wp-block-heading\"><span class=\"ez-toc-section\" id=\"Feedback_de_360_graus_para_uma_visao_panoramica\"><\/span>Feedback de 360 graus para uma vis\u00e3o panor\u00e2mica<span class=\"ez-toc-section-end\"><\/span><\/h3><p>Questionar as pessoas que rodeiam os participantes enriquece a an\u00e1lise. Ser\u00e1 que os gestores v\u00eaem uma diferen\u00e7a no comportamento das suas equipas? Os clientes apercebem-se de uma melhor qualidade de servi\u00e7o? Esta abordagem multidimensional valida o impacto do sistema em todo o ecossistema. A rela\u00e7\u00e3o de confian\u00e7a que se desenvolve entre duas gera\u00e7\u00f5es de colaboradores cria uma ponte duradoura, facilitando a transmiss\u00e3o do know-how t\u00e1cito. Descobre mais sobre a import\u00e2ncia desta <a href=\"https:\/\/www.alumni.space\/pt-pt\/mentoring-uma-poderosa-alavanca-para-o-desempenho\/\">alavanca de desempenho<\/a> para os teus colaboradores.     <\/p><p>A qualidade do casamento determina o sucesso global. Uma plataforma inteligente utiliza algoritmos para criar afinidades reais, evitando casamentos for\u00e7ados que terminam em sil\u00eancios constrangedores. Ao analisar o feedback sobre a adequa\u00e7\u00e3o dos pares, podemos aperfei\u00e7oar os crit\u00e9rios de sele\u00e7\u00e3o para futuros grupos. Este ciclo de melhoria cont\u00ednua transforma o sistema num organismo vivo que aprende com as suas pr\u00f3prias intera\u00e7\u00f5es. Aqui, a tecnologia actua como um catalisador para as pessoas.    <\/p><h2 class=\"wp-block-heading\"><span class=\"ez-toc-section\" id=\"Impacto_social_e_marca_do_empregador_como_pilares_da_RSE\"><\/span>Impacto social e marca do empregador como pilares da RSE<span class=\"ez-toc-section-end\"><\/span><\/h2><p>Para al\u00e9m dos muros da organiza\u00e7\u00e3o, a partilha de conhecimentos faz parte de uma abordagem socialmente respons\u00e1vel. Uma plataforma dedicada alarga a influ\u00eancia da institui\u00e7\u00e3o, estabelecendo pontes entre gera\u00e7\u00f5es e origens. Isto promove a inclus\u00e3o, apoia a empregabilidade e aumenta o valor das compet\u00eancias de voluntariado. Ao capitalizar a experi\u00eancia dos seus antigos alunos, a estrutura limita a perda de conhecimentos e cultiva um patrim\u00f3nio precioso. Esta vis\u00e3o transforma a rede num ativo estrat\u00e9gico para o futuro.    <\/p><p>Em termos de atratividade, uma cultura de cuidado e de desenvolvimento pessoal atrai os melhores perfis. Os candidatos procuram ambientes onde crescemos atrav\u00e9s dos outros. Um programa de indu\u00e7\u00e3o apoiado por uma tutoria cred\u00edvel facilita o processo de integra\u00e7\u00e3o e tranquiliza os rec\u00e9m-chegados. As hist\u00f3rias de sucesso tornam-se ent\u00e3o aut\u00eanticos instrumentos de comunica\u00e7\u00e3o, muito mais eficazes do que qualquer campanha publicit\u00e1ria. Os indicadores de impacto, como o volume de horas de apoio, provam que as palavras s\u00e3o apoiadas por ac\u00e7\u00f5es concretas.    <\/p><p>Para industrializar estes processos sem transformar os RH num gestor de formul\u00e1rios, uma solu\u00e7\u00e3o como o alumni.space \u00e9 essencial. Centraliza os perfis, gere os eventos e automatiza o acompanhamento, evitando a dispers\u00e3o de ferramentas. Quer representes uma escola, um grande grupo ou uma associa\u00e7\u00e3o, a tecnologia pode ajudar-te a passar da bricolage \u00e0 gest\u00e3o estrat\u00e9gica. A longevidade da tua comunidade depende da tua capacidade de reunir, transmitir e ajudar cada membro a crescer.   <\/p><p>Recebe <strong>uma oferta personalizada<\/strong> para estruturar a tua rede e medir finalmente o valor real das tuas trocas humanas.<\/p>","protected":false},"excerpt":{"rendered":"<p>Lan\u00e7ar uma iniciativa humana sem uma b\u00fassola \u00e9 como navegar  [&#8230;]<\/p>\n","protected":false},"author":1,"featured_media":5036,"comment_status":"closed","ping_status":"closed","sticky":false,"template":"","format":"standard","meta":{"_ayudawp_aiss_exclude":false,"footnotes":""},"categories":[68],"tags":[],"class_list":["post-5034","post","type-post","status-publish","format-standard","has-post-thumbnail","hentry","category-mentoria"],"yoast_head":"<!-- This site is optimized with the Yoast SEO plugin v27.4 - https:\/\/yoast.com\/product\/yoast-seo-wordpress\/ -->\n<title>Medir o impacto dos programas de tutoria empresarial<\/title>\n<meta name=\"description\" content=\"Descobre como medir eficazmente o impacto de um programa de mentoria empresarial para otimizar o desempenho e o desenvolvimento dos colaboradores.\" \/>\n<meta name=\"robots\" content=\"index, follow, max-snippet:-1, max-image-preview:large, max-video-preview:-1\" \/>\n<link rel=\"canonical\" href=\"https:\/\/www.alumni.space\/pt-pt\/como-medir-o-impacto-de-um-programa-de-mentoria-empresarial\/\" \/>\n<meta property=\"og:locale\" content=\"pt_PT\" \/>\n<meta property=\"og:type\" content=\"article\" \/>\n<meta property=\"og:title\" content=\"Medir o impacto dos programas de tutoria empresarial\" \/>\n<meta property=\"og:description\" content=\"Descobre como medir eficazmente o impacto de um programa de mentoria empresarial para otimizar o desempenho e o desenvolvimento dos colaboradores.\" \/>\n<meta property=\"og:url\" content=\"https:\/\/www.alumni.space\/pt-pt\/como-medir-o-impacto-de-um-programa-de-mentoria-empresarial\/\" \/>\n<meta property=\"og:site_name\" content=\"Alumni.space\" \/>\n<meta property=\"article:published_time\" content=\"2025-05-30T20:18:53+00:00\" \/>\n<meta property=\"article:modified_time\" content=\"2026-03-28T10:45:12+00:00\" \/>\n<meta property=\"og:image\" content=\"https:\/\/www.alumni.space\/wp-content\/uploads\/2026\/03\/Comment-mesurer-limpact-dun-programme-de-mentorat-en-entreprise.jpg\" \/>\n\t<meta property=\"og:image:width\" content=\"1280\" \/>\n\t<meta property=\"og:image:height\" content=\"768\" \/>\n\t<meta property=\"og:image:type\" content=\"image\/jpeg\" \/>\n<meta name=\"author\" content=\"admin\" \/>\n<meta name=\"twitter:card\" content=\"summary_large_image\" \/>\n<meta name=\"twitter:label1\" content=\"Escrito por\" \/>\n\t<meta name=\"twitter:data1\" content=\"admin\" \/>\n\t<meta name=\"twitter:label2\" content=\"Tempo estimado de leitura\" \/>\n\t<meta name=\"twitter:data2\" content=\"6 minutos\" \/>\n<script type=\"application\/ld+json\" class=\"yoast-schema-graph\">{\"@context\":\"https:\\\/\\\/schema.org\",\"@graph\":[{\"@type\":\"Article\",\"@id\":\"https:\\\/\\\/www.alumni.space\\\/pt-pt\\\/como-medir-o-impacto-de-um-programa-de-mentoria-empresarial\\\/#article\",\"isPartOf\":{\"@id\":\"https:\\\/\\\/www.alumni.space\\\/pt-pt\\\/como-medir-o-impacto-de-um-programa-de-mentoria-empresarial\\\/\"},\"author\":{\"name\":\"admin\",\"@id\":\"https:\\\/\\\/www.alumni.space\\\/pt-pt\\\/#\\\/schema\\\/person\\\/fede362a57876edda476a61f05ce5b15\"},\"headline\":\"Como medir o impacto de um programa de mentoria empresarial\",\"datePublished\":\"2025-05-30T20:18:53+00:00\",\"dateModified\":\"2026-03-28T10:45:12+00:00\",\"mainEntityOfPage\":{\"@id\":\"https:\\\/\\\/www.alumni.space\\\/pt-pt\\\/como-medir-o-impacto-de-um-programa-de-mentoria-empresarial\\\/\"},\"wordCount\":1199,\"image\":{\"@id\":\"https:\\\/\\\/www.alumni.space\\\/pt-pt\\\/como-medir-o-impacto-de-um-programa-de-mentoria-empresarial\\\/#primaryimage\"},\"thumbnailUrl\":\"https:\\\/\\\/www.alumni.space\\\/wp-content\\\/uploads\\\/2026\\\/03\\\/Comment-mesurer-limpact-dun-programme-de-mentorat-en-entreprise.jpg\",\"articleSection\":[\"Mentoria\"],\"inLanguage\":\"pt-PT\"},{\"@type\":\"WebPage\",\"@id\":\"https:\\\/\\\/www.alumni.space\\\/pt-pt\\\/como-medir-o-impacto-de-um-programa-de-mentoria-empresarial\\\/\",\"url\":\"https:\\\/\\\/www.alumni.space\\\/pt-pt\\\/como-medir-o-impacto-de-um-programa-de-mentoria-empresarial\\\/\",\"name\":\"Medir o impacto dos programas de tutoria empresarial\",\"isPartOf\":{\"@id\":\"https:\\\/\\\/www.alumni.space\\\/pt-pt\\\/#website\"},\"primaryImageOfPage\":{\"@id\":\"https:\\\/\\\/www.alumni.space\\\/pt-pt\\\/como-medir-o-impacto-de-um-programa-de-mentoria-empresarial\\\/#primaryimage\"},\"image\":{\"@id\":\"https:\\\/\\\/www.alumni.space\\\/pt-pt\\\/como-medir-o-impacto-de-um-programa-de-mentoria-empresarial\\\/#primaryimage\"},\"thumbnailUrl\":\"https:\\\/\\\/www.alumni.space\\\/wp-content\\\/uploads\\\/2026\\\/03\\\/Comment-mesurer-limpact-dun-programme-de-mentorat-en-entreprise.jpg\",\"datePublished\":\"2025-05-30T20:18:53+00:00\",\"dateModified\":\"2026-03-28T10:45:12+00:00\",\"author\":{\"@id\":\"https:\\\/\\\/www.alumni.space\\\/pt-pt\\\/#\\\/schema\\\/person\\\/fede362a57876edda476a61f05ce5b15\"},\"description\":\"Descobre como medir eficazmente o impacto de um programa de mentoria empresarial para otimizar o desempenho e o desenvolvimento dos colaboradores.\",\"breadcrumb\":{\"@id\":\"https:\\\/\\\/www.alumni.space\\\/pt-pt\\\/como-medir-o-impacto-de-um-programa-de-mentoria-empresarial\\\/#breadcrumb\"},\"inLanguage\":\"pt-PT\",\"potentialAction\":[{\"@type\":\"ReadAction\",\"target\":[\"https:\\\/\\\/www.alumni.space\\\/pt-pt\\\/como-medir-o-impacto-de-um-programa-de-mentoria-empresarial\\\/\"]}]},{\"@type\":\"ImageObject\",\"inLanguage\":\"pt-PT\",\"@id\":\"https:\\\/\\\/www.alumni.space\\\/pt-pt\\\/como-medir-o-impacto-de-um-programa-de-mentoria-empresarial\\\/#primaryimage\",\"url\":\"https:\\\/\\\/www.alumni.space\\\/wp-content\\\/uploads\\\/2026\\\/03\\\/Comment-mesurer-limpact-dun-programme-de-mentorat-en-entreprise.jpg\",\"contentUrl\":\"https:\\\/\\\/www.alumni.space\\\/wp-content\\\/uploads\\\/2026\\\/03\\\/Comment-mesurer-limpact-dun-programme-de-mentorat-en-entreprise.jpg\",\"width\":1280,\"height\":768,\"caption\":\"Descobre como avaliar eficazmente o impacto de um programa de mentoria empresarial utilizando m\u00e9todos-chave e indicadores de desempenho adequados.\"},{\"@type\":\"BreadcrumbList\",\"@id\":\"https:\\\/\\\/www.alumni.space\\\/pt-pt\\\/como-medir-o-impacto-de-um-programa-de-mentoria-empresarial\\\/#breadcrumb\",\"itemListElement\":[{\"@type\":\"ListItem\",\"position\":1,\"name\":\"Home\",\"item\":\"https:\\\/\\\/www.alumni.space\\\/pt-pt\\\/plataforma-de-gestao-de-mentores-e-antigos-alunos\\\/\"},{\"@type\":\"ListItem\",\"position\":2,\"name\":\"Como medir o impacto de um programa de mentoria empresarial\"}]},{\"@type\":\"WebSite\",\"@id\":\"https:\\\/\\\/www.alumni.space\\\/pt-pt\\\/#website\",\"url\":\"https:\\\/\\\/www.alumni.space\\\/pt-pt\\\/\",\"name\":\"Alumni.space\",\"description\":\"My WordPress Blog\",\"potentialAction\":[{\"@type\":\"SearchAction\",\"target\":{\"@type\":\"EntryPoint\",\"urlTemplate\":\"https:\\\/\\\/www.alumni.space\\\/pt-pt\\\/?s={search_term_string}\"},\"query-input\":{\"@type\":\"PropertyValueSpecification\",\"valueRequired\":true,\"valueName\":\"search_term_string\"}}],\"inLanguage\":\"pt-PT\"},{\"@type\":\"Person\",\"@id\":\"https:\\\/\\\/www.alumni.space\\\/pt-pt\\\/#\\\/schema\\\/person\\\/fede362a57876edda476a61f05ce5b15\",\"name\":\"admin\",\"image\":{\"@type\":\"ImageObject\",\"inLanguage\":\"pt-PT\",\"@id\":\"https:\\\/\\\/secure.gravatar.com\\\/avatar\\\/318e234ae94f90d4d629428d6b983c08e31181c28f579e08a021180d759ea651?s=96&d=mm&r=g\",\"url\":\"https:\\\/\\\/secure.gravatar.com\\\/avatar\\\/318e234ae94f90d4d629428d6b983c08e31181c28f579e08a021180d759ea651?s=96&d=mm&r=g\",\"contentUrl\":\"https:\\\/\\\/secure.gravatar.com\\\/avatar\\\/318e234ae94f90d4d629428d6b983c08e31181c28f579e08a021180d759ea651?s=96&d=mm&r=g\",\"caption\":\"admin\"},\"description\":\"Nicolas Laustriat a construit sa sp\u00e9cialit\u00e9 sur un sujet que beaucoup d\u2019organisations d\u00e9couvrent trop tard : ce qui dispara\u00eet quand les gens partent. Dipl\u00f4m\u00e9 en conception de produit industriel, il bifurque vers le digital fin 1996, il couvre les transformations marques, RH, la fid\u00e9lisation, la marque employeur. Sur le terrain, il rep\u00e8re un angle mort r\u00e9current : l\u2019entreprise investit dans le recrutement, la formation, les process\u2026 puis laisse filer le lien au moment du d\u00e9part, avec une perte de savoir et d\u2019influence qui se paie en silence. Il se sp\u00e9cialise alors sur les communaut\u00e9s d\u2019alumni, le mentorat, l\u2019entraide interg\u00e9n\u00e9rationnelle et la transmission d\u2019expertise. Il passe du \u201cconstat\u201d aux m\u00e9thodes : animation, gouvernance, segmentation, rituels, mesure d\u2019engagement, articulation avec la RSE et l\u2019employabilit\u00e9. Il interviewe DRH, responsables formation, directions d\u2019\u00e9coles, associations et fondations, avec une obsession : transformer un r\u00e9seau dormant en m\u00e9canisme utile (cooptation, mentorat, job board, entraide, \u00e9v\u00e9nements, contenus). Son style : direct, orient\u00e9 action, sans folklore. Sa conviction : une communaut\u00e9 n\u2019a pas besoin de bruit, elle a besoin de raisons de revenir.\",\"sameAs\":[\"https:\\\/\\\/www.alumni.space\"]}]}<\/script>\n<!-- \/ Yoast SEO plugin. -->","yoast_head_json":{"title":"Medir o impacto dos programas de tutoria empresarial","description":"Descobre como medir eficazmente o impacto de um programa de mentoria empresarial para otimizar o desempenho e o desenvolvimento dos colaboradores.","robots":{"index":"index","follow":"follow","max-snippet":"max-snippet:-1","max-image-preview":"max-image-preview:large","max-video-preview":"max-video-preview:-1"},"canonical":"https:\/\/www.alumni.space\/pt-pt\/como-medir-o-impacto-de-um-programa-de-mentoria-empresarial\/","og_locale":"pt_PT","og_type":"article","og_title":"Medir o impacto dos programas de tutoria empresarial","og_description":"Descobre como medir eficazmente o impacto de um programa de mentoria empresarial para otimizar o desempenho e o desenvolvimento dos colaboradores.","og_url":"https:\/\/www.alumni.space\/pt-pt\/como-medir-o-impacto-de-um-programa-de-mentoria-empresarial\/","og_site_name":"Alumni.space","article_published_time":"2025-05-30T20:18:53+00:00","article_modified_time":"2026-03-28T10:45:12+00:00","og_image":[{"width":1280,"height":768,"url":"https:\/\/www.alumni.space\/wp-content\/uploads\/2026\/03\/Comment-mesurer-limpact-dun-programme-de-mentorat-en-entreprise.jpg","type":"image\/jpeg"}],"author":"admin","twitter_card":"summary_large_image","twitter_misc":{"Escrito por":"admin","Tempo estimado de leitura":"6 minutos"},"schema":{"@context":"https:\/\/schema.org","@graph":[{"@type":"Article","@id":"https:\/\/www.alumni.space\/pt-pt\/como-medir-o-impacto-de-um-programa-de-mentoria-empresarial\/#article","isPartOf":{"@id":"https:\/\/www.alumni.space\/pt-pt\/como-medir-o-impacto-de-um-programa-de-mentoria-empresarial\/"},"author":{"name":"admin","@id":"https:\/\/www.alumni.space\/pt-pt\/#\/schema\/person\/fede362a57876edda476a61f05ce5b15"},"headline":"Como medir o impacto de um programa de mentoria empresarial","datePublished":"2025-05-30T20:18:53+00:00","dateModified":"2026-03-28T10:45:12+00:00","mainEntityOfPage":{"@id":"https:\/\/www.alumni.space\/pt-pt\/como-medir-o-impacto-de-um-programa-de-mentoria-empresarial\/"},"wordCount":1199,"image":{"@id":"https:\/\/www.alumni.space\/pt-pt\/como-medir-o-impacto-de-um-programa-de-mentoria-empresarial\/#primaryimage"},"thumbnailUrl":"https:\/\/www.alumni.space\/wp-content\/uploads\/2026\/03\/Comment-mesurer-limpact-dun-programme-de-mentorat-en-entreprise.jpg","articleSection":["Mentoria"],"inLanguage":"pt-PT"},{"@type":"WebPage","@id":"https:\/\/www.alumni.space\/pt-pt\/como-medir-o-impacto-de-um-programa-de-mentoria-empresarial\/","url":"https:\/\/www.alumni.space\/pt-pt\/como-medir-o-impacto-de-um-programa-de-mentoria-empresarial\/","name":"Medir o impacto dos programas de tutoria empresarial","isPartOf":{"@id":"https:\/\/www.alumni.space\/pt-pt\/#website"},"primaryImageOfPage":{"@id":"https:\/\/www.alumni.space\/pt-pt\/como-medir-o-impacto-de-um-programa-de-mentoria-empresarial\/#primaryimage"},"image":{"@id":"https:\/\/www.alumni.space\/pt-pt\/como-medir-o-impacto-de-um-programa-de-mentoria-empresarial\/#primaryimage"},"thumbnailUrl":"https:\/\/www.alumni.space\/wp-content\/uploads\/2026\/03\/Comment-mesurer-limpact-dun-programme-de-mentorat-en-entreprise.jpg","datePublished":"2025-05-30T20:18:53+00:00","dateModified":"2026-03-28T10:45:12+00:00","author":{"@id":"https:\/\/www.alumni.space\/pt-pt\/#\/schema\/person\/fede362a57876edda476a61f05ce5b15"},"description":"Descobre como medir eficazmente o impacto de um programa de mentoria empresarial para otimizar o desempenho e o desenvolvimento dos colaboradores.","breadcrumb":{"@id":"https:\/\/www.alumni.space\/pt-pt\/como-medir-o-impacto-de-um-programa-de-mentoria-empresarial\/#breadcrumb"},"inLanguage":"pt-PT","potentialAction":[{"@type":"ReadAction","target":["https:\/\/www.alumni.space\/pt-pt\/como-medir-o-impacto-de-um-programa-de-mentoria-empresarial\/"]}]},{"@type":"ImageObject","inLanguage":"pt-PT","@id":"https:\/\/www.alumni.space\/pt-pt\/como-medir-o-impacto-de-um-programa-de-mentoria-empresarial\/#primaryimage","url":"https:\/\/www.alumni.space\/wp-content\/uploads\/2026\/03\/Comment-mesurer-limpact-dun-programme-de-mentorat-en-entreprise.jpg","contentUrl":"https:\/\/www.alumni.space\/wp-content\/uploads\/2026\/03\/Comment-mesurer-limpact-dun-programme-de-mentorat-en-entreprise.jpg","width":1280,"height":768,"caption":"Descobre como avaliar eficazmente o impacto de um programa de mentoria empresarial utilizando m\u00e9todos-chave e indicadores de desempenho adequados."},{"@type":"BreadcrumbList","@id":"https:\/\/www.alumni.space\/pt-pt\/como-medir-o-impacto-de-um-programa-de-mentoria-empresarial\/#breadcrumb","itemListElement":[{"@type":"ListItem","position":1,"name":"Home","item":"https:\/\/www.alumni.space\/pt-pt\/plataforma-de-gestao-de-mentores-e-antigos-alunos\/"},{"@type":"ListItem","position":2,"name":"Como medir o impacto de um programa de mentoria empresarial"}]},{"@type":"WebSite","@id":"https:\/\/www.alumni.space\/pt-pt\/#website","url":"https:\/\/www.alumni.space\/pt-pt\/","name":"Alumni.space","description":"My WordPress Blog","potentialAction":[{"@type":"SearchAction","target":{"@type":"EntryPoint","urlTemplate":"https:\/\/www.alumni.space\/pt-pt\/?s={search_term_string}"},"query-input":{"@type":"PropertyValueSpecification","valueRequired":true,"valueName":"search_term_string"}}],"inLanguage":"pt-PT"},{"@type":"Person","@id":"https:\/\/www.alumni.space\/pt-pt\/#\/schema\/person\/fede362a57876edda476a61f05ce5b15","name":"admin","image":{"@type":"ImageObject","inLanguage":"pt-PT","@id":"https:\/\/secure.gravatar.com\/avatar\/318e234ae94f90d4d629428d6b983c08e31181c28f579e08a021180d759ea651?s=96&d=mm&r=g","url":"https:\/\/secure.gravatar.com\/avatar\/318e234ae94f90d4d629428d6b983c08e31181c28f579e08a021180d759ea651?s=96&d=mm&r=g","contentUrl":"https:\/\/secure.gravatar.com\/avatar\/318e234ae94f90d4d629428d6b983c08e31181c28f579e08a021180d759ea651?s=96&d=mm&r=g","caption":"admin"},"description":"Nicolas Laustriat a construit sa sp\u00e9cialit\u00e9 sur un sujet que beaucoup d\u2019organisations d\u00e9couvrent trop tard : ce qui dispara\u00eet quand les gens partent. Dipl\u00f4m\u00e9 en conception de produit industriel, il bifurque vers le digital fin 1996, il couvre les transformations marques, RH, la fid\u00e9lisation, la marque employeur. Sur le terrain, il rep\u00e8re un angle mort r\u00e9current : l\u2019entreprise investit dans le recrutement, la formation, les process\u2026 puis laisse filer le lien au moment du d\u00e9part, avec une perte de savoir et d\u2019influence qui se paie en silence. Il se sp\u00e9cialise alors sur les communaut\u00e9s d\u2019alumni, le mentorat, l\u2019entraide interg\u00e9n\u00e9rationnelle et la transmission d\u2019expertise. Il passe du \u201cconstat\u201d aux m\u00e9thodes : animation, gouvernance, segmentation, rituels, mesure d\u2019engagement, articulation avec la RSE et l\u2019employabilit\u00e9. Il interviewe DRH, responsables formation, directions d\u2019\u00e9coles, associations et fondations, avec une obsession : transformer un r\u00e9seau dormant en m\u00e9canisme utile (cooptation, mentorat, job board, entraide, \u00e9v\u00e9nements, contenus). Son style : direct, orient\u00e9 action, sans folklore. Sa conviction : une communaut\u00e9 n\u2019a pas besoin de bruit, elle a besoin de raisons de revenir.","sameAs":["https:\/\/www.alumni.space"]}]}},"_links":{"self":[{"href":"https:\/\/www.alumni.space\/pt-pt\/wp-json\/wp\/v2\/posts\/5034","targetHints":{"allow":["GET"]}}],"collection":[{"href":"https:\/\/www.alumni.space\/pt-pt\/wp-json\/wp\/v2\/posts"}],"about":[{"href":"https:\/\/www.alumni.space\/pt-pt\/wp-json\/wp\/v2\/types\/post"}],"author":[{"embeddable":true,"href":"https:\/\/www.alumni.space\/pt-pt\/wp-json\/wp\/v2\/users\/1"}],"replies":[{"embeddable":true,"href":"https:\/\/www.alumni.space\/pt-pt\/wp-json\/wp\/v2\/comments?post=5034"}],"version-history":[{"count":1,"href":"https:\/\/www.alumni.space\/pt-pt\/wp-json\/wp\/v2\/posts\/5034\/revisions"}],"predecessor-version":[{"id":5038,"href":"https:\/\/www.alumni.space\/pt-pt\/wp-json\/wp\/v2\/posts\/5034\/revisions\/5038"}],"wp:featuredmedia":[{"embeddable":true,"href":"https:\/\/www.alumni.space\/pt-pt\/wp-json\/wp\/v2\/media\/5036"}],"wp:attachment":[{"href":"https:\/\/www.alumni.space\/pt-pt\/wp-json\/wp\/v2\/media?parent=5034"}],"wp:term":[{"taxonomy":"category","embeddable":true,"href":"https:\/\/www.alumni.space\/pt-pt\/wp-json\/wp\/v2\/categories?post=5034"},{"taxonomy":"post_tag","embeddable":true,"href":"https:\/\/www.alumni.space\/pt-pt\/wp-json\/wp\/v2\/tags?post=5034"}],"curies":[{"name":"wp","href":"https:\/\/api.w.org\/{rel}","templated":true}]}}