{"id":5009,"date":"2024-09-07T12:34:56","date_gmt":"2024-09-07T12:34:56","guid":{"rendered":"https:\/\/www.alumni.space\/o-valor-acrescentado-de-um-programa-de-antigos-alunos-para-a-tua-marca-de-empregador\/"},"modified":"2026-04-02T12:04:55","modified_gmt":"2026-04-02T12:04:55","slug":"o-valor-acrescentado-de-um-programa-de-antigos-alunos-para-a-tua-marca-de-empregador","status":"publish","type":"post","link":"https:\/\/www.alumni.space\/pt-pt\/o-valor-acrescentado-de-um-programa-de-antigos-alunos-para-a-tua-marca-de-empregador\/","title":{"rendered":"O valor acrescentado de um programa de antigos alunos para a tua marca de empregador"},"content":{"rendered":"<p>Breve resumo: um programa de antigos alunos transforma rela\u00e7\u00f5es dispersas numa rede ativa, \u00fatil para o recrutamento, o desenvolvimento de compet\u00eancias e a sensibiliza\u00e7\u00e3o dos empregadores. O artigo seguinte descreve os desafios, o m\u00e9todo operacional e os indicadores para te ajudar a decidir e a agir rapidamente. <\/p><p>Resumo: centra-se em ganhos mensur\u00e1veis para os departamentos de RH, conselhos de empresa, escolas, centros de forma\u00e7\u00e3o de aprendizes, associa\u00e7\u00f5es e funda\u00e7\u00f5es. Ilustra\u00e7\u00f5es pr\u00e1ticas no final, com um claro incentivo para passar \u00e0 fase de industrializa\u00e7\u00e3o atrav\u00e9s de uma plataforma espec\u00edfica. <\/p><div id=\"ez-toc-container\" class=\"ez-toc-v2_0_82_2 counter-flat ez-toc-counter ez-toc-grey ez-toc-container-direction\">\n<div class=\"ez-toc-title-container\"><p class=\"ez-toc-title\" style=\"cursor:inherit\">\u00cdndice deste artigo:<\/p>\n<\/div><nav><ul class='ez-toc-list ez-toc-list-level-1 ' ><li class='ez-toc-page-1'><a class=\"ez-toc-link ez-toc-heading-1\" href=\"https:\/\/www.alumni.space\/pt-pt\/o-valor-acrescentado-de-um-programa-de-antigos-alunos-para-a-tua-marca-de-empregador\/#Impacto_de_um_programa_de_antigos_alunos_na_marca_do_empregador_e_no_recrutamento\" >Impacto de um programa de antigos alunos na marca do empregador e no recrutamento<\/a><\/li><li class='ez-toc-page-1'><a class=\"ez-toc-link ez-toc-heading-2\" href=\"https:\/\/www.alumni.space\/pt-pt\/o-valor-acrescentado-de-um-programa-de-antigos-alunos-para-a-tua-marca-de-empregador\/#Implementacao_operacional_para_RH_escolas_e_associacoes\" >Implementa\u00e7\u00e3o operacional para RH, escolas e associa\u00e7\u00f5es<\/a><\/li><li class='ez-toc-page-1'><a class=\"ez-toc-link ez-toc-heading-3\" href=\"https:\/\/www.alumni.space\/pt-pt\/o-valor-acrescentado-de-um-programa-de-antigos-alunos-para-a-tua-marca-de-empregador\/#KPIs_prioritarios_e_beneficios_diretos_para_os_decisores\" >KPIs priorit\u00e1rios e benef\u00edcios diretos para os decisores<\/a><\/li><li class='ez-toc-page-1'><a class=\"ez-toc-link ez-toc-heading-4\" href=\"https:\/\/www.alumni.space\/pt-pt\/o-valor-acrescentado-de-um-programa-de-antigos-alunos-para-a-tua-marca-de-empregador\/#Estudo_de_caso_Deltis_lancado_em_12_semanas\" >Estudo de caso: Deltis, lan\u00e7ado em 12 semanas<\/a><\/li><\/ul><\/nav><\/div>\n<h2 class=\"wp-block-heading\"><span class=\"ez-toc-section\" id=\"Impacto_de_um_programa_de_antigos_alunos_na_marca_do_empregador_e_no_recrutamento\"><\/span>Impacto de um programa de antigos alunos na marca do empregador e no recrutamento<span class=\"ez-toc-section-end\"><\/span><\/h2><p>A perda de conhecimentos quando as pessoas partem tem custos ocultos: tempos de integra\u00e7\u00e3o mais longos e dilui\u00e7\u00e3o da mem\u00f3ria colectiva. Um programa de antigos alunos reduz este desperd\u00edcio ao ativar uma rede de antigos alunos que partilham compet\u00eancias e oportunidades. <\/p><p>A presen\u00e7a de uma rede estruturada melhora o <strong>trabalho em rede<\/strong> e <strong>a visibilidade<\/strong>, refor\u00e7ando simultaneamente <strong>a reputa\u00e7\u00e3o<\/strong> e <strong>a lealdade<\/strong>. O resultado direto: menos rota\u00e7\u00e3o de pessoal e mais candidaturas qualificadas por coopta\u00e7\u00e3o. <\/p><figure class=\"wp-block-image size-full\"><img decoding=\"async\" width=\"1344\" height=\"768\" src=\"https:\/\/www.alumni.space\/wp-content\/uploads\/2026\/03\/La-valeur-ajoutee-dun-programme-alumni-dans-votre-marque-employeur-1.jpg\" data-orig-src=\"https:\/\/www.alumni.space\/wp-content\/uploads\/2026\/03\/La-valeur-ajoutee-dun-programme-alumni-dans-votre-marque-employeur-1.jpg\" alt=\"descobre como um programa de alumni pode refor\u00e7ar a marca do teu empregador, fidelizando os teus antigos empregados e aumentando o perfil da tua empresa.\" class=\"lazyload wp-image-3396\" srcset=\"data:image\/svg+xml,%3Csvg%20xmlns%3D%27http%3A%2F%2Fwww.w3.org%2F2000%2Fsvg%27%20width%3D%271344%27%20height%3D%27768%27%20viewBox%3D%270%200%201344%20768%27%3E%3Crect%20width%3D%271344%27%20height%3D%27768%27%20fill-opacity%3D%220%22%2F%3E%3C%2Fsvg%3E\" data-srcset=\"https:\/\/www.alumni.space\/wp-content\/uploads\/2026\/03\/La-valeur-ajoutee-dun-programme-alumni-dans-votre-marque-employeur-1-200x114.jpg 200w, https:\/\/www.alumni.space\/wp-content\/uploads\/2026\/03\/La-valeur-ajoutee-dun-programme-alumni-dans-votre-marque-employeur-1-300x171.jpg 300w, https:\/\/www.alumni.space\/wp-content\/uploads\/2026\/03\/La-valeur-ajoutee-dun-programme-alumni-dans-votre-marque-employeur-1-400x229.jpg 400w, https:\/\/www.alumni.space\/wp-content\/uploads\/2026\/03\/La-valeur-ajoutee-dun-programme-alumni-dans-votre-marque-employeur-1-600x343.jpg 600w, https:\/\/www.alumni.space\/wp-content\/uploads\/2026\/03\/La-valeur-ajoutee-dun-programme-alumni-dans-votre-marque-employeur-1-768x439.jpg 768w, https:\/\/www.alumni.space\/wp-content\/uploads\/2026\/03\/La-valeur-ajoutee-dun-programme-alumni-dans-votre-marque-employeur-1-800x457.jpg 800w, https:\/\/www.alumni.space\/wp-content\/uploads\/2026\/03\/La-valeur-ajoutee-dun-programme-alumni-dans-votre-marque-employeur-1-1024x585.jpg 1024w, https:\/\/www.alumni.space\/wp-content\/uploads\/2026\/03\/La-valeur-ajoutee-dun-programme-alumni-dans-votre-marque-employeur-1-1200x686.jpg 1200w, https:\/\/www.alumni.space\/wp-content\/uploads\/2026\/03\/La-valeur-ajoutee-dun-programme-alumni-dans-votre-marque-employeur-1.jpg 1344w\" data-sizes=\"auto\" data-orig-sizes=\"(max-width: 1344px) 100vw, 1344px\" \/><\/figure><h3 class=\"wp-block-heading\"><span class=\"ez-toc-section\" id=\"Implementacao_operacional_para_RH_escolas_e_associacoes\"><\/span>Implementa\u00e7\u00e3o operacional para RH, escolas e associa\u00e7\u00f5es<span class=\"ez-toc-section-end\"><\/span><\/h3><p>Processo recomendado: definir um piloto, segmentar o p\u00fablico (antigos alunos por ano, ramo de atividade, localiza\u00e7\u00e3o), formalizar rituais anuais e percursos de mentoria. Uma plataforma evita as folhas de c\u00e1lculo e facilita a gest\u00e3o dos perfis, dos eventos, das ofertas e das bolsas de emprego. <\/p><p>A ades\u00e3o a um clube local ajuda a ativar a <strong>comunidade<\/strong> e <strong>a colabora\u00e7\u00e3o<\/strong> entre gera\u00e7\u00f5es. Para um guia pr\u00e1tico, consulta a ficha sobre a <a href=\"https:\/\/www.alumni.space\/pt-pt\/como-criar-um-clube-de-antigos-alunos\/\">cria\u00e7\u00e3o de um clube de antigos alunos<\/a> e o feedback sobre a <a href=\"https:\/\/www.alumni.space\/pt-pt\/alumni-como-criar-uma-dinamica-de-rede-sustentavel\/\">din\u00e2mica da rede<\/a>. Rituais recomendados: reuni\u00e3o mensal de dire\u00e7\u00e3o, campanha de compromisso trimestral, acompanhamento dos pares mentor\/mentorando.  <\/p><p>Frase-chave: o lan\u00e7amento de um projeto-piloto orientado para 50 antigos alunos permitir-nos-\u00e1 avaliar a ado\u00e7\u00e3o e o valor em seis semanas.<\/p><h2 class=\"wp-block-heading\"><span class=\"ez-toc-section\" id=\"KPIs_prioritarios_e_beneficios_diretos_para_os_decisores\"><\/span>KPIs priorit\u00e1rios e benef\u00edcios diretos para os decisores<span class=\"ez-toc-section-end\"><\/span><\/h2><p>Indicadores que devem ser acompanhados: taxa de participa\u00e7\u00e3o em eventos, horas de tutoria, n\u00famero de vagas publicadas no quadro de empregos, propor\u00e7\u00e3o de contrata\u00e7\u00f5es por coopta\u00e7\u00e3o. Estas medidas traduzem-se em ganhos concretos para a governa\u00e7\u00e3o e a comunica\u00e7\u00e3o. <\/p><p>Do ponto de vista da RSE, uma plataforma de antigos alunos alarga a responsabilidade social da organiza\u00e7\u00e3o, assegurando a transfer\u00eancia de compet\u00eancias, a inclus\u00e3o intergeracional, o apoio \u00e0 empregabilidade e o voluntariado de compet\u00eancias. Capitalizar a experi\u00eancia dos antigos alunos reduz o desperd\u00edcio de conhecimentos e demonstra uma cultura de <strong>cuidado<\/strong> orientada para o desenvolvimento. Os dados recolhidos (participa\u00e7\u00e3o, horas de tutoria, feedback) permitem uma gest\u00e3o unificada dos RH, da RSE e da comunica\u00e7\u00e3o.  <\/p><p>Para saber mais sobre a medi\u00e7\u00e3o do impacto, consulta a p\u00e1gina dedicada \u00e0 <a href=\"https:\/\/www.alumni.space\/pt-pt\/como-medir-o-impacto-de-um-programa-de-mentoria-empresarial\/\">medi\u00e7\u00e3o do impacto da tutoria<\/a> e o programa detalhado <a href=\"https:\/\/www.alumni.space\/pt-pt\/como-criar-um-programa-de-tutoria-com-os-teus-antigos-alunos\/\">de tutoria de antigos alunos<\/a>. Frase-chave: KPIs simples geram decis\u00f5es r\u00e1pidas. <\/p><h3 class=\"wp-block-heading\"><span class=\"ez-toc-section\" id=\"Estudo_de_caso_Deltis_lancado_em_12_semanas\"><\/span>Estudo de caso: Deltis, lan\u00e7ado em 12 semanas<span class=\"ez-toc-section-end\"><\/span><\/h3><p>Contexto: Uma PME tecnol\u00f3gica fict\u00edcia que registava uma elevada rotatividade de pessoal e uma deriva processual ap\u00f3s v\u00e1rias sa\u00eddas importantes. A Deltis criou um percurso de alumni, juntamente com mentoria e um quadro de empregos baseado numa plataforma SaaS. <\/p><p>Ac\u00e7\u00f5es realizadas: cria\u00e7\u00e3o de um comit\u00e9-piloto, importa\u00e7\u00e3o de perfis, calend\u00e1rio de eventos locais, m\u00f3dulos de tutoria conduzidos por refer\u00eancias empresariais. Resultados observados: acelera\u00e7\u00e3o da integra\u00e7\u00e3o, aumento da <strong>fidelidade<\/strong> dos antigos alunos, aumento do recrutamento atrav\u00e9s da rede. Para tirar partido destas alavancas, consulta a p\u00e1gina sobre o <a href=\"https:\/\/www.alumni.space\/pt-pt\/alumni-e-recrutamento-porque-e-que-os-teus-antigos-empregados-sao-recrutadores-naturais\/\">recrutamento natural atrav\u00e9s da rede de antigos alunos<\/a> e as melhores pr\u00e1ticas para <a href=\"https:\/\/www.alumni.space\/pt-pt\/como-envolver-os-antigos-alunos-nos-teus-eventos-empresariais\/\">envolver antigos alunos em eventos<\/a>.  <\/p><p>Frase-chave: a implementa\u00e7\u00e3o gradual, dirigida por um gestor de RH, transforma um custo oculto numa vantagem competitiva mensur\u00e1vel.<\/p><p>A\u00e7\u00e3o imediata recomendada: definir um piloto de 8 a 12 semanas, escolher uma plataforma para industrializar a gest\u00e3o de perfis, tutoria, ofertas e conte\u00fados, automatizar os acompanhamentos e medir tr\u00eas KPIs chave. <a href=\"https:\/\/www.alumni.space\/pt-pt\/programas-para-antigos-alunos-um-poderoso-instrumento-indireto-de-fidelizacao\/\">Pede uma demonstra\u00e7\u00e3o<\/a> para ver como se passa de um ficheiro Excel para uma comunidade ativa.<\/p>","protected":false},"excerpt":{"rendered":"<p>Breve resumo: um programa de antigos alunos transforma rela\u00e7\u00f5es dispersas  [&#8230;]<\/p>\n","protected":false},"author":1,"featured_media":5011,"comment_status":"closed","ping_status":"closed","sticky":false,"template":"","format":"standard","meta":{"_ayudawp_aiss_exclude":false,"footnotes":""},"categories":[67],"tags":[],"class_list":["post-5009","post","type-post","status-publish","format-standard","has-post-thumbnail","hentry","category-antigos-alunos"],"yoast_head":"<!-- This site is optimized with the Yoast SEO plugin v27.4 - https:\/\/yoast.com\/product\/yoast-seo-wordpress\/ -->\n<title>Programa Alumni: impulsiona a tua marca de empregador<\/title>\n<meta name=\"description\" content=\"Descobre como um programa de antigos alunos refor\u00e7a a marca do teu empregador, retendo talentos e melhorando a tua rede profissional.\" \/>\n<meta name=\"robots\" content=\"index, follow, max-snippet:-1, max-image-preview:large, max-video-preview:-1\" \/>\n<link rel=\"canonical\" href=\"https:\/\/www.alumni.space\/pt-pt\/o-valor-acrescentado-de-um-programa-de-antigos-alunos-para-a-tua-marca-de-empregador\/\" \/>\n<meta property=\"og:locale\" content=\"pt_PT\" \/>\n<meta property=\"og:type\" content=\"article\" \/>\n<meta property=\"og:title\" content=\"Programa Alumni: impulsiona a tua marca de empregador\" \/>\n<meta property=\"og:description\" content=\"Descobre como um programa de antigos alunos refor\u00e7a a marca do teu empregador, retendo talentos e melhorando a tua rede profissional.\" \/>\n<meta property=\"og:url\" content=\"https:\/\/www.alumni.space\/pt-pt\/o-valor-acrescentado-de-um-programa-de-antigos-alunos-para-a-tua-marca-de-empregador\/\" \/>\n<meta property=\"og:site_name\" content=\"Alumni.space\" \/>\n<meta property=\"article:published_time\" content=\"2024-09-07T12:34:56+00:00\" \/>\n<meta property=\"article:modified_time\" content=\"2026-04-02T12:04:55+00:00\" \/>\n<meta property=\"og:image\" content=\"https:\/\/www.alumni.space\/wp-content\/uploads\/2026\/03\/La-valeur-ajoutee-dun-programme-alumni-dans-votre-marque-employeur.jpg\" \/>\n\t<meta property=\"og:image:width\" content=\"1344\" \/>\n\t<meta property=\"og:image:height\" content=\"768\" \/>\n\t<meta property=\"og:image:type\" content=\"image\/jpeg\" \/>\n<meta name=\"author\" content=\"admin\" \/>\n<meta name=\"twitter:card\" content=\"summary_large_image\" \/>\n<meta name=\"twitter:label1\" content=\"Escrito por\" \/>\n\t<meta name=\"twitter:data1\" content=\"admin\" \/>\n\t<meta name=\"twitter:label2\" content=\"Tempo estimado de leitura\" \/>\n\t<meta name=\"twitter:data2\" content=\"4 minutos\" \/>\n<script type=\"application\/ld+json\" class=\"yoast-schema-graph\">{\"@context\":\"https:\\\/\\\/schema.org\",\"@graph\":[{\"@type\":\"Article\",\"@id\":\"https:\\\/\\\/www.alumni.space\\\/pt-pt\\\/o-valor-acrescentado-de-um-programa-de-antigos-alunos-para-a-tua-marca-de-empregador\\\/#article\",\"isPartOf\":{\"@id\":\"https:\\\/\\\/www.alumni.space\\\/pt-pt\\\/o-valor-acrescentado-de-um-programa-de-antigos-alunos-para-a-tua-marca-de-empregador\\\/\"},\"author\":{\"name\":\"admin\",\"@id\":\"https:\\\/\\\/www.alumni.space\\\/pt-pt\\\/#\\\/schema\\\/person\\\/fede362a57876edda476a61f05ce5b15\"},\"headline\":\"O valor acrescentado de um programa de antigos alunos para a tua marca de empregador\",\"datePublished\":\"2024-09-07T12:34:56+00:00\",\"dateModified\":\"2026-04-02T12:04:55+00:00\",\"mainEntityOfPage\":{\"@id\":\"https:\\\/\\\/www.alumni.space\\\/pt-pt\\\/o-valor-acrescentado-de-um-programa-de-antigos-alunos-para-a-tua-marca-de-empregador\\\/\"},\"wordCount\":733,\"image\":{\"@id\":\"https:\\\/\\\/www.alumni.space\\\/pt-pt\\\/o-valor-acrescentado-de-um-programa-de-antigos-alunos-para-a-tua-marca-de-empregador\\\/#primaryimage\"},\"thumbnailUrl\":\"https:\\\/\\\/www.alumni.space\\\/wp-content\\\/uploads\\\/2026\\\/03\\\/La-valeur-ajoutee-dun-programme-alumni-dans-votre-marque-employeur.jpg\",\"articleSection\":[\"Antigos alunos\"],\"inLanguage\":\"pt-PT\"},{\"@type\":\"WebPage\",\"@id\":\"https:\\\/\\\/www.alumni.space\\\/pt-pt\\\/o-valor-acrescentado-de-um-programa-de-antigos-alunos-para-a-tua-marca-de-empregador\\\/\",\"url\":\"https:\\\/\\\/www.alumni.space\\\/pt-pt\\\/o-valor-acrescentado-de-um-programa-de-antigos-alunos-para-a-tua-marca-de-empregador\\\/\",\"name\":\"Programa Alumni: impulsiona a tua marca de empregador\",\"isPartOf\":{\"@id\":\"https:\\\/\\\/www.alumni.space\\\/pt-pt\\\/#website\"},\"primaryImageOfPage\":{\"@id\":\"https:\\\/\\\/www.alumni.space\\\/pt-pt\\\/o-valor-acrescentado-de-um-programa-de-antigos-alunos-para-a-tua-marca-de-empregador\\\/#primaryimage\"},\"image\":{\"@id\":\"https:\\\/\\\/www.alumni.space\\\/pt-pt\\\/o-valor-acrescentado-de-um-programa-de-antigos-alunos-para-a-tua-marca-de-empregador\\\/#primaryimage\"},\"thumbnailUrl\":\"https:\\\/\\\/www.alumni.space\\\/wp-content\\\/uploads\\\/2026\\\/03\\\/La-valeur-ajoutee-dun-programme-alumni-dans-votre-marque-employeur.jpg\",\"datePublished\":\"2024-09-07T12:34:56+00:00\",\"dateModified\":\"2026-04-02T12:04:55+00:00\",\"author\":{\"@id\":\"https:\\\/\\\/www.alumni.space\\\/pt-pt\\\/#\\\/schema\\\/person\\\/fede362a57876edda476a61f05ce5b15\"},\"description\":\"Descobre como um programa de antigos alunos refor\u00e7a a marca do teu empregador, retendo talentos e melhorando a tua rede profissional.\",\"breadcrumb\":{\"@id\":\"https:\\\/\\\/www.alumni.space\\\/pt-pt\\\/o-valor-acrescentado-de-um-programa-de-antigos-alunos-para-a-tua-marca-de-empregador\\\/#breadcrumb\"},\"inLanguage\":\"pt-PT\",\"potentialAction\":[{\"@type\":\"ReadAction\",\"target\":[\"https:\\\/\\\/www.alumni.space\\\/pt-pt\\\/o-valor-acrescentado-de-um-programa-de-antigos-alunos-para-a-tua-marca-de-empregador\\\/\"]}]},{\"@type\":\"ImageObject\",\"inLanguage\":\"pt-PT\",\"@id\":\"https:\\\/\\\/www.alumni.space\\\/pt-pt\\\/o-valor-acrescentado-de-um-programa-de-antigos-alunos-para-a-tua-marca-de-empregador\\\/#primaryimage\",\"url\":\"https:\\\/\\\/www.alumni.space\\\/wp-content\\\/uploads\\\/2026\\\/03\\\/La-valeur-ajoutee-dun-programme-alumni-dans-votre-marque-employeur.jpg\",\"contentUrl\":\"https:\\\/\\\/www.alumni.space\\\/wp-content\\\/uploads\\\/2026\\\/03\\\/La-valeur-ajoutee-dun-programme-alumni-dans-votre-marque-employeur.jpg\",\"width\":1344,\"height\":768,\"caption\":\"descobre como um programa de antigos alunos pode refor\u00e7ar a marca do teu empregador atrav\u00e9s da cria\u00e7\u00e3o de rela\u00e7\u00f5es, da reten\u00e7\u00e3o de talentos e do aumento da tua rede profissional.\"},{\"@type\":\"BreadcrumbList\",\"@id\":\"https:\\\/\\\/www.alumni.space\\\/pt-pt\\\/o-valor-acrescentado-de-um-programa-de-antigos-alunos-para-a-tua-marca-de-empregador\\\/#breadcrumb\",\"itemListElement\":[{\"@type\":\"ListItem\",\"position\":1,\"name\":\"Home\",\"item\":\"https:\\\/\\\/www.alumni.space\\\/pt-pt\\\/plataforma-de-gestao-de-mentores-e-antigos-alunos\\\/\"},{\"@type\":\"ListItem\",\"position\":2,\"name\":\"O valor acrescentado de um programa de antigos alunos para a tua marca de empregador\"}]},{\"@type\":\"WebSite\",\"@id\":\"https:\\\/\\\/www.alumni.space\\\/pt-pt\\\/#website\",\"url\":\"https:\\\/\\\/www.alumni.space\\\/pt-pt\\\/\",\"name\":\"Alumni.space\",\"description\":\"My WordPress Blog\",\"potentialAction\":[{\"@type\":\"SearchAction\",\"target\":{\"@type\":\"EntryPoint\",\"urlTemplate\":\"https:\\\/\\\/www.alumni.space\\\/pt-pt\\\/?s={search_term_string}\"},\"query-input\":{\"@type\":\"PropertyValueSpecification\",\"valueRequired\":true,\"valueName\":\"search_term_string\"}}],\"inLanguage\":\"pt-PT\"},{\"@type\":\"Person\",\"@id\":\"https:\\\/\\\/www.alumni.space\\\/pt-pt\\\/#\\\/schema\\\/person\\\/fede362a57876edda476a61f05ce5b15\",\"name\":\"admin\",\"image\":{\"@type\":\"ImageObject\",\"inLanguage\":\"pt-PT\",\"@id\":\"https:\\\/\\\/secure.gravatar.com\\\/avatar\\\/318e234ae94f90d4d629428d6b983c08e31181c28f579e08a021180d759ea651?s=96&d=mm&r=g\",\"url\":\"https:\\\/\\\/secure.gravatar.com\\\/avatar\\\/318e234ae94f90d4d629428d6b983c08e31181c28f579e08a021180d759ea651?s=96&d=mm&r=g\",\"contentUrl\":\"https:\\\/\\\/secure.gravatar.com\\\/avatar\\\/318e234ae94f90d4d629428d6b983c08e31181c28f579e08a021180d759ea651?s=96&d=mm&r=g\",\"caption\":\"admin\"},\"description\":\"Nicolas Laustriat a construit sa sp\u00e9cialit\u00e9 sur un sujet que beaucoup d\u2019organisations d\u00e9couvrent trop tard : ce qui dispara\u00eet quand les gens partent. Dipl\u00f4m\u00e9 en conception de produit industriel, il bifurque vers le digital fin 1996, il couvre les transformations marques, RH, la fid\u00e9lisation, la marque employeur. Sur le terrain, il rep\u00e8re un angle mort r\u00e9current : l\u2019entreprise investit dans le recrutement, la formation, les process\u2026 puis laisse filer le lien au moment du d\u00e9part, avec une perte de savoir et d\u2019influence qui se paie en silence. Il se sp\u00e9cialise alors sur les communaut\u00e9s d\u2019alumni, le mentorat, l\u2019entraide interg\u00e9n\u00e9rationnelle et la transmission d\u2019expertise. Il passe du \u201cconstat\u201d aux m\u00e9thodes : animation, gouvernance, segmentation, rituels, mesure d\u2019engagement, articulation avec la RSE et l\u2019employabilit\u00e9. Il interviewe DRH, responsables formation, directions d\u2019\u00e9coles, associations et fondations, avec une obsession : transformer un r\u00e9seau dormant en m\u00e9canisme utile (cooptation, mentorat, job board, entraide, \u00e9v\u00e9nements, contenus). Son style : direct, orient\u00e9 action, sans folklore. Sa conviction : une communaut\u00e9 n\u2019a pas besoin de bruit, elle a besoin de raisons de revenir.\",\"sameAs\":[\"https:\\\/\\\/www.alumni.space\"]}]}<\/script>\n<!-- \/ Yoast SEO plugin. -->","yoast_head_json":{"title":"Programa Alumni: impulsiona a tua marca de empregador","description":"Descobre como um programa de antigos alunos refor\u00e7a a marca do teu empregador, retendo talentos e melhorando a tua rede profissional.","robots":{"index":"index","follow":"follow","max-snippet":"max-snippet:-1","max-image-preview":"max-image-preview:large","max-video-preview":"max-video-preview:-1"},"canonical":"https:\/\/www.alumni.space\/pt-pt\/o-valor-acrescentado-de-um-programa-de-antigos-alunos-para-a-tua-marca-de-empregador\/","og_locale":"pt_PT","og_type":"article","og_title":"Programa Alumni: impulsiona a tua marca de empregador","og_description":"Descobre como um programa de antigos alunos refor\u00e7a a marca do teu empregador, retendo talentos e melhorando a tua rede profissional.","og_url":"https:\/\/www.alumni.space\/pt-pt\/o-valor-acrescentado-de-um-programa-de-antigos-alunos-para-a-tua-marca-de-empregador\/","og_site_name":"Alumni.space","article_published_time":"2024-09-07T12:34:56+00:00","article_modified_time":"2026-04-02T12:04:55+00:00","og_image":[{"width":1344,"height":768,"url":"https:\/\/www.alumni.space\/wp-content\/uploads\/2026\/03\/La-valeur-ajoutee-dun-programme-alumni-dans-votre-marque-employeur.jpg","type":"image\/jpeg"}],"author":"admin","twitter_card":"summary_large_image","twitter_misc":{"Escrito por":"admin","Tempo estimado de leitura":"4 minutos"},"schema":{"@context":"https:\/\/schema.org","@graph":[{"@type":"Article","@id":"https:\/\/www.alumni.space\/pt-pt\/o-valor-acrescentado-de-um-programa-de-antigos-alunos-para-a-tua-marca-de-empregador\/#article","isPartOf":{"@id":"https:\/\/www.alumni.space\/pt-pt\/o-valor-acrescentado-de-um-programa-de-antigos-alunos-para-a-tua-marca-de-empregador\/"},"author":{"name":"admin","@id":"https:\/\/www.alumni.space\/pt-pt\/#\/schema\/person\/fede362a57876edda476a61f05ce5b15"},"headline":"O valor acrescentado de um programa de antigos alunos para a tua marca de empregador","datePublished":"2024-09-07T12:34:56+00:00","dateModified":"2026-04-02T12:04:55+00:00","mainEntityOfPage":{"@id":"https:\/\/www.alumni.space\/pt-pt\/o-valor-acrescentado-de-um-programa-de-antigos-alunos-para-a-tua-marca-de-empregador\/"},"wordCount":733,"image":{"@id":"https:\/\/www.alumni.space\/pt-pt\/o-valor-acrescentado-de-um-programa-de-antigos-alunos-para-a-tua-marca-de-empregador\/#primaryimage"},"thumbnailUrl":"https:\/\/www.alumni.space\/wp-content\/uploads\/2026\/03\/La-valeur-ajoutee-dun-programme-alumni-dans-votre-marque-employeur.jpg","articleSection":["Antigos alunos"],"inLanguage":"pt-PT"},{"@type":"WebPage","@id":"https:\/\/www.alumni.space\/pt-pt\/o-valor-acrescentado-de-um-programa-de-antigos-alunos-para-a-tua-marca-de-empregador\/","url":"https:\/\/www.alumni.space\/pt-pt\/o-valor-acrescentado-de-um-programa-de-antigos-alunos-para-a-tua-marca-de-empregador\/","name":"Programa Alumni: impulsiona a tua marca de empregador","isPartOf":{"@id":"https:\/\/www.alumni.space\/pt-pt\/#website"},"primaryImageOfPage":{"@id":"https:\/\/www.alumni.space\/pt-pt\/o-valor-acrescentado-de-um-programa-de-antigos-alunos-para-a-tua-marca-de-empregador\/#primaryimage"},"image":{"@id":"https:\/\/www.alumni.space\/pt-pt\/o-valor-acrescentado-de-um-programa-de-antigos-alunos-para-a-tua-marca-de-empregador\/#primaryimage"},"thumbnailUrl":"https:\/\/www.alumni.space\/wp-content\/uploads\/2026\/03\/La-valeur-ajoutee-dun-programme-alumni-dans-votre-marque-employeur.jpg","datePublished":"2024-09-07T12:34:56+00:00","dateModified":"2026-04-02T12:04:55+00:00","author":{"@id":"https:\/\/www.alumni.space\/pt-pt\/#\/schema\/person\/fede362a57876edda476a61f05ce5b15"},"description":"Descobre como um programa de antigos alunos refor\u00e7a a marca do teu empregador, retendo talentos e melhorando a tua rede profissional.","breadcrumb":{"@id":"https:\/\/www.alumni.space\/pt-pt\/o-valor-acrescentado-de-um-programa-de-antigos-alunos-para-a-tua-marca-de-empregador\/#breadcrumb"},"inLanguage":"pt-PT","potentialAction":[{"@type":"ReadAction","target":["https:\/\/www.alumni.space\/pt-pt\/o-valor-acrescentado-de-um-programa-de-antigos-alunos-para-a-tua-marca-de-empregador\/"]}]},{"@type":"ImageObject","inLanguage":"pt-PT","@id":"https:\/\/www.alumni.space\/pt-pt\/o-valor-acrescentado-de-um-programa-de-antigos-alunos-para-a-tua-marca-de-empregador\/#primaryimage","url":"https:\/\/www.alumni.space\/wp-content\/uploads\/2026\/03\/La-valeur-ajoutee-dun-programme-alumni-dans-votre-marque-employeur.jpg","contentUrl":"https:\/\/www.alumni.space\/wp-content\/uploads\/2026\/03\/La-valeur-ajoutee-dun-programme-alumni-dans-votre-marque-employeur.jpg","width":1344,"height":768,"caption":"descobre como um programa de antigos alunos pode refor\u00e7ar a marca do teu empregador atrav\u00e9s da cria\u00e7\u00e3o de rela\u00e7\u00f5es, da reten\u00e7\u00e3o de talentos e do aumento da tua rede profissional."},{"@type":"BreadcrumbList","@id":"https:\/\/www.alumni.space\/pt-pt\/o-valor-acrescentado-de-um-programa-de-antigos-alunos-para-a-tua-marca-de-empregador\/#breadcrumb","itemListElement":[{"@type":"ListItem","position":1,"name":"Home","item":"https:\/\/www.alumni.space\/pt-pt\/plataforma-de-gestao-de-mentores-e-antigos-alunos\/"},{"@type":"ListItem","position":2,"name":"O valor acrescentado de um programa de antigos alunos para a tua marca de empregador"}]},{"@type":"WebSite","@id":"https:\/\/www.alumni.space\/pt-pt\/#website","url":"https:\/\/www.alumni.space\/pt-pt\/","name":"Alumni.space","description":"My WordPress Blog","potentialAction":[{"@type":"SearchAction","target":{"@type":"EntryPoint","urlTemplate":"https:\/\/www.alumni.space\/pt-pt\/?s={search_term_string}"},"query-input":{"@type":"PropertyValueSpecification","valueRequired":true,"valueName":"search_term_string"}}],"inLanguage":"pt-PT"},{"@type":"Person","@id":"https:\/\/www.alumni.space\/pt-pt\/#\/schema\/person\/fede362a57876edda476a61f05ce5b15","name":"admin","image":{"@type":"ImageObject","inLanguage":"pt-PT","@id":"https:\/\/secure.gravatar.com\/avatar\/318e234ae94f90d4d629428d6b983c08e31181c28f579e08a021180d759ea651?s=96&d=mm&r=g","url":"https:\/\/secure.gravatar.com\/avatar\/318e234ae94f90d4d629428d6b983c08e31181c28f579e08a021180d759ea651?s=96&d=mm&r=g","contentUrl":"https:\/\/secure.gravatar.com\/avatar\/318e234ae94f90d4d629428d6b983c08e31181c28f579e08a021180d759ea651?s=96&d=mm&r=g","caption":"admin"},"description":"Nicolas Laustriat a construit sa sp\u00e9cialit\u00e9 sur un sujet que beaucoup d\u2019organisations d\u00e9couvrent trop tard : ce qui dispara\u00eet quand les gens partent. Dipl\u00f4m\u00e9 en conception de produit industriel, il bifurque vers le digital fin 1996, il couvre les transformations marques, RH, la fid\u00e9lisation, la marque employeur. Sur le terrain, il rep\u00e8re un angle mort r\u00e9current : l\u2019entreprise investit dans le recrutement, la formation, les process\u2026 puis laisse filer le lien au moment du d\u00e9part, avec une perte de savoir et d\u2019influence qui se paie en silence. Il se sp\u00e9cialise alors sur les communaut\u00e9s d\u2019alumni, le mentorat, l\u2019entraide interg\u00e9n\u00e9rationnelle et la transmission d\u2019expertise. Il passe du \u201cconstat\u201d aux m\u00e9thodes : animation, gouvernance, segmentation, rituels, mesure d\u2019engagement, articulation avec la RSE et l\u2019employabilit\u00e9. Il interviewe DRH, responsables formation, directions d\u2019\u00e9coles, associations et fondations, avec une obsession : transformer un r\u00e9seau dormant en m\u00e9canisme utile (cooptation, mentorat, job board, entraide, \u00e9v\u00e9nements, contenus). Son style : direct, orient\u00e9 action, sans folklore. Sa conviction : une communaut\u00e9 n\u2019a pas besoin de bruit, elle a besoin de raisons de revenir.","sameAs":["https:\/\/www.alumni.space"]}]}},"_links":{"self":[{"href":"https:\/\/www.alumni.space\/pt-pt\/wp-json\/wp\/v2\/posts\/5009","targetHints":{"allow":["GET"]}}],"collection":[{"href":"https:\/\/www.alumni.space\/pt-pt\/wp-json\/wp\/v2\/posts"}],"about":[{"href":"https:\/\/www.alumni.space\/pt-pt\/wp-json\/wp\/v2\/types\/post"}],"author":[{"embeddable":true,"href":"https:\/\/www.alumni.space\/pt-pt\/wp-json\/wp\/v2\/users\/1"}],"replies":[{"embeddable":true,"href":"https:\/\/www.alumni.space\/pt-pt\/wp-json\/wp\/v2\/comments?post=5009"}],"version-history":[{"count":4,"href":"https:\/\/www.alumni.space\/pt-pt\/wp-json\/wp\/v2\/posts\/5009\/revisions"}],"predecessor-version":[{"id":6948,"href":"https:\/\/www.alumni.space\/pt-pt\/wp-json\/wp\/v2\/posts\/5009\/revisions\/6948"}],"wp:featuredmedia":[{"embeddable":true,"href":"https:\/\/www.alumni.space\/pt-pt\/wp-json\/wp\/v2\/media\/5011"}],"wp:attachment":[{"href":"https:\/\/www.alumni.space\/pt-pt\/wp-json\/wp\/v2\/media?parent=5009"}],"wp:term":[{"taxonomy":"category","embeddable":true,"href":"https:\/\/www.alumni.space\/pt-pt\/wp-json\/wp\/v2\/categories?post=5009"},{"taxonomy":"post_tag","embeddable":true,"href":"https:\/\/www.alumni.space\/pt-pt\/wp-json\/wp\/v2\/tags?post=5009"}],"curies":[{"name":"wp","href":"https:\/\/api.w.org\/{rel}","templated":true}]}}