{"id":4997,"date":"2025-12-14T21:31:05","date_gmt":"2025-12-14T21:31:05","guid":{"rendered":"https:\/\/www.alumni.space\/de-trabalhador-a-auditor-gerir-a-relacao-com-um-antigo-trabalhador\/"},"modified":"2026-04-02T12:06:06","modified_gmt":"2026-04-02T12:06:06","slug":"de-trabalhador-a-auditor-gerir-a-relacao-com-um-antigo-trabalhador","status":"publish","type":"post","link":"https:\/\/www.alumni.space\/pt-pt\/de-trabalhador-a-auditor-gerir-a-relacao-com-um-antigo-trabalhador\/","title":{"rendered":"De trabalhador a auditor: gerir a rela\u00e7\u00e3o com um antigo trabalhador"},"content":{"rendered":"<p>Contexto r\u00e1pido: promo\u00e7\u00e3o interna que conduz um <strong>trabalhador<\/strong> ao cargo de<strong>auditor<\/strong> ou de gestor respons\u00e1vel pela avalia\u00e7\u00e3o das pr\u00e1ticas. Poss\u00edvel press\u00e3o sobre os la\u00e7os humanos, <strong>a comunica\u00e7\u00e3o interna<\/strong> e <strong>a gest\u00e3o das rela\u00e7\u00f5es<\/strong> entre antigos colegas. <\/p><p>Objetivo pr\u00e1tico: oferecer um m\u00e9todo operacional para assegurar a <strong>transi\u00e7\u00e3o de carreira<\/strong>, preservar o capital de conhecimentos e manter uma <strong>rede profissional<\/strong> \u00fatil a longo prazo.<\/p><div id=\"ez-toc-container\" class=\"ez-toc-v2_0_82_2 counter-flat ez-toc-counter ez-toc-grey ez-toc-container-direction\">\n<div class=\"ez-toc-title-container\"><p class=\"ez-toc-title\" style=\"cursor:inherit\">\u00cdndice deste artigo:<\/p>\n<\/div><nav><ul class='ez-toc-list ez-toc-list-level-1 ' ><li class='ez-toc-page-1'><a class=\"ez-toc-link ez-toc-heading-1\" href=\"https:\/\/www.alumni.space\/pt-pt\/de-trabalhador-a-auditor-gerir-a-relacao-com-um-antigo-trabalhador\/#Questoes_fundamentais_na_relacao_entre_um_auditor_e_o_seu_antigo_colega\" >Quest\u00f5es fundamentais na rela\u00e7\u00e3o entre um auditor e o seu antigo colega<\/a><\/li><li class='ez-toc-page-1'><a class=\"ez-toc-link ez-toc-heading-2\" href=\"https:\/\/www.alumni.space\/pt-pt\/de-trabalhador-a-auditor-gerir-a-relacao-com-um-antigo-trabalhador\/#Prepara-te_para_o_teu_novo_papel_e_limita_os_riscos_relacionais\" >Prepara-te para o teu novo papel e limita os riscos relacionais<\/a><\/li><li class='ez-toc-page-1'><a class=\"ez-toc-link ez-toc-heading-3\" href=\"https:\/\/www.alumni.space\/pt-pt\/de-trabalhador-a-auditor-gerir-a-relacao-com-um-antigo-trabalhador\/#Agir_como_auditor_de_um_antigo_colega\" >Agir como auditor de um antigo colega<\/a><\/li><li class='ez-toc-page-1'><a class=\"ez-toc-link ez-toc-heading-4\" href=\"https:\/\/www.alumni.space\/pt-pt\/de-trabalhador-a-auditor-gerir-a-relacao-com-um-antigo-trabalhador\/#Manter_a_colaboracao_pos-emprego_e_liderar_a_rede\" >Manter a colabora\u00e7\u00e3o p\u00f3s-emprego e liderar a rede<\/a><\/li><li class='ez-toc-page-1'><a class=\"ez-toc-link ez-toc-heading-5\" href=\"https:\/\/www.alumni.space\/pt-pt\/de-trabalhador-a-auditor-gerir-a-relacao-com-um-antigo-trabalhador\/#Riscos_comuns_e_opcoes_de_atenuacao_para_a_gestao_de_recursos_humanos\" >Riscos comuns e op\u00e7\u00f5es de atenua\u00e7\u00e3o para a gest\u00e3o de recursos humanos<\/a><\/li><li class='ez-toc-page-1'><a class=\"ez-toc-link ez-toc-heading-6\" href=\"https:\/\/www.alumni.space\/pt-pt\/de-trabalhador-a-auditor-gerir-a-relacao-com-um-antigo-trabalhador\/#Ativacao_imediata_para_decisores_e_gestores_de_RH\" >Ativa\u00e7\u00e3o imediata para decisores e gestores de RH<\/a><\/li><\/ul><\/nav><\/div>\n<h2 class=\"wp-block-heading\"><span class=\"ez-toc-section\" id=\"Questoes_fundamentais_na_relacao_entre_um_auditor_e_o_seu_antigo_colega\"><\/span>Quest\u00f5es fundamentais na rela\u00e7\u00e3o entre um auditor e o seu antigo colega<span class=\"ez-toc-section-end\"><\/span><\/h2><p>A passagem do estatuto de colegial para o de avaliador gera reac\u00e7\u00f5es diversas: desconfian\u00e7a, ci\u00fame, apoio discreto. A organiza\u00e7\u00e3o ter\u00e1 todo o interesse em enquadrar a assun\u00e7\u00e3o deste papel, de modo a limitar a perda de conhecimentos e a assegurar uma <strong>colabora\u00e7\u00e3o<\/strong> saud\u00e1vel <strong>ap\u00f3s a sa\u00edda do posto de trabalho<\/strong>. <\/p><p>Valor acrescentado para os decisores: redu\u00e7\u00e3o do desperd\u00edcio de conhecimentos, coopta\u00e7\u00e3o mais f\u00e1cil, melhor integra\u00e7\u00e3o das transi\u00e7\u00f5es de RH. Ferramenta recomendada para industrializar este acompanhamento: uma plataforma de alumni e de tutoria que centraliza perfis, eventos, ofertas e tutoria. <\/p><figure class=\"wp-block-image size-full\"><img decoding=\"async\" width=\"1344\" height=\"768\" src=\"https:\/\/www.alumni.space\/wp-content\/uploads\/2026\/03\/De-salarie-a-auditeur-gerer-la-relation-avec-un-ancien-collaborateur-1.jpg\" data-orig-src=\"https:\/\/www.alumni.space\/wp-content\/uploads\/2026\/03\/De-salarie-a-auditeur-gerer-la-relation-avec-un-ancien-collaborateur-1.jpg\" alt=\"Descobre como gerir eficazmente a rela\u00e7\u00e3o com um antigo empregado na transi\u00e7\u00e3o de empregado para auditor, de modo a manter la\u00e7os profissionais s\u00f3lidos e frutuosos.\" class=\"lazyload wp-image-3402\" srcset=\"data:image\/svg+xml,%3Csvg%20xmlns%3D%27http%3A%2F%2Fwww.w3.org%2F2000%2Fsvg%27%20width%3D%271344%27%20height%3D%27768%27%20viewBox%3D%270%200%201344%20768%27%3E%3Crect%20width%3D%271344%27%20height%3D%27768%27%20fill-opacity%3D%220%22%2F%3E%3C%2Fsvg%3E\" data-srcset=\"https:\/\/www.alumni.space\/wp-content\/uploads\/2026\/03\/De-salarie-a-auditeur-gerer-la-relation-avec-un-ancien-collaborateur-1-200x114.jpg 200w, https:\/\/www.alumni.space\/wp-content\/uploads\/2026\/03\/De-salarie-a-auditeur-gerer-la-relation-avec-un-ancien-collaborateur-1-300x171.jpg 300w, https:\/\/www.alumni.space\/wp-content\/uploads\/2026\/03\/De-salarie-a-auditeur-gerer-la-relation-avec-un-ancien-collaborateur-1-400x229.jpg 400w, https:\/\/www.alumni.space\/wp-content\/uploads\/2026\/03\/De-salarie-a-auditeur-gerer-la-relation-avec-un-ancien-collaborateur-1-600x343.jpg 600w, https:\/\/www.alumni.space\/wp-content\/uploads\/2026\/03\/De-salarie-a-auditeur-gerer-la-relation-avec-un-ancien-collaborateur-1-768x439.jpg 768w, https:\/\/www.alumni.space\/wp-content\/uploads\/2026\/03\/De-salarie-a-auditeur-gerer-la-relation-avec-un-ancien-collaborateur-1-800x457.jpg 800w, https:\/\/www.alumni.space\/wp-content\/uploads\/2026\/03\/De-salarie-a-auditeur-gerer-la-relation-avec-un-ancien-collaborateur-1-1024x585.jpg 1024w, https:\/\/www.alumni.space\/wp-content\/uploads\/2026\/03\/De-salarie-a-auditeur-gerer-la-relation-avec-un-ancien-collaborateur-1-1200x686.jpg 1200w, https:\/\/www.alumni.space\/wp-content\/uploads\/2026\/03\/De-salarie-a-auditeur-gerer-la-relation-avec-un-ancien-collaborateur-1.jpg 1344w\" data-sizes=\"auto\" data-orig-sizes=\"(max-width: 1344px) 100vw, 1344px\" \/><\/figure><p>Conclus\u00e3o importante: enquadrar a nomea\u00e7\u00e3o atrav\u00e9s da dire\u00e7\u00e3o refor\u00e7a a legitimidade e reduz os potenciais jogos de influ\u00eancia.<\/p><h3 class=\"wp-block-heading\"><span class=\"ez-toc-section\" id=\"Prepara-te_para_o_teu_novo_papel_e_limita_os_riscos_relacionais\"><\/span>Prepara-te para o teu novo papel e limita os riscos relacionais<span class=\"ez-toc-section-end\"><\/span><\/h3><p>Antes de assumir o cargo, define as expectativas partilhadas com a dire\u00e7\u00e3o e os colegas. Perguntas recomendadas: quais os objectivos comerciais, qual o \u00e2mbito da auditoria, quais os canais de comunica\u00e7\u00e3o? <\/p><p>P\u00f4r em pr\u00e1tica: entrevistas individuais sistem\u00e1ticas com antigos colegas para ouvir as suas expectativas e limita\u00e7\u00f5es. Recolha do historial operacional dos recursos humanos para reduzir os preconceitos pessoais e identificar os aliados da empresa. <\/p><p>Recursos \u00fateis para estruturar este apoio: um guia pedag\u00f3gico sobre a gest\u00e3o dos antigos colegas dispon\u00edvel no <a href=\"https:\/\/www.cegos.fr\/ressources\/mag\/management\/leadership\/comment-manager-ses-anciens-collegues\">guia Cegos sobre a gest\u00e3o dos antigos colegas<\/a> e cursos de forma\u00e7\u00e3o de curta dura\u00e7\u00e3o propostos pela <a href=\"https:\/\/www.comundi.fr\/formations\/formation-manager-ses-anciens-collegues.html\">Comundi<\/a>.<\/p><p>Conclus\u00e3o: uma prepara\u00e7\u00e3o rigorosa reduz a incerteza individual e clarifica o quadro relacional.<\/p><h2 class=\"wp-block-heading\"><span class=\"ez-toc-section\" id=\"Agir_como_auditor_de_um_antigo_colega\"><\/span>Agir como auditor de um antigo colega<span class=\"ez-toc-section-end\"><\/span><\/h2><p>Atitude esperada: neutralidade operacional, transpar\u00eancia sobre a miss\u00e3o, regras claras de confidencialidade. As trocas de impress\u00f5es diretas, antes de qualquer reuni\u00e3o de grupo, ajudam a desanuviar os ressentimentos. <\/p><p>T\u00e9cnica operacional: definir um calend\u00e1rio de 30\/90\/180 dias que inclua objectivos de auditoria, tempos de troca individuais e indicadores de acompanhamento (participa\u00e7\u00e3o, tempos de troca, feedback qualitativo). Para captar e valorizar a experi\u00eancia das partidas, utiliza um espa\u00e7o dedicado ao acompanhamento do processo atrav\u00e9s de uma plataforma espec\u00edfica. <\/p><p>Eis um exemplo do terreno: uma PME do sector tecnol\u00f3gico optou por abrir um espa\u00e7o para os antigos alunos para centralizar o feedback e as ofertas, o que reduziu a duplica\u00e7\u00e3o de conhecimentos e permitiu relan\u00e7ar automaticamente a rede ap\u00f3s a sa\u00edda das pessoas.<\/p><p>Ferramentas recomendadas para sustentar estas iniciativas: <a href=\"https:\/\/www.alumni.space\/pt-pt\/porque-e-que-manter-um-registo-dos-teus-antigos-empregados-e-estrategico\/\">acompanhamento das carreiras dos antigos empregados<\/a> e m\u00f3dulos de tutoria para capitalizar os conhecimentos especializados.<\/p><p>Conclus\u00e3o: uma posi\u00e7\u00e3o clara combinada com rituais de dire\u00e7\u00e3o assegura a rela\u00e7\u00e3o profissional e salvaguarda a confian\u00e7a.<\/p><h3 class=\"wp-block-heading\"><span class=\"ez-toc-section\" id=\"Manter_a_colaboracao_pos-emprego_e_liderar_a_rede\"><\/span>Manter a colabora\u00e7\u00e3o p\u00f3s-emprego e liderar a rede<span class=\"ez-toc-section-end\"><\/span><\/h3><p>A transi\u00e7\u00e3o \u00e9 bem sucedida quando a rede p\u00f3s-partida se torna ativa: interc\u00e2mbios de boas pr\u00e1ticas, ofertas de apoio m\u00fatuo, oportunidades de coopta\u00e7\u00e3o. Governa\u00e7\u00e3o recomendada: gestor de RH, mentor de refer\u00eancia, painel de ado\u00e7\u00e3o. <\/p><p>Processo operacional: automatizar o convite para aderir a uma rede de antigos alunos ap\u00f3s o termo de um contrato, propor pares de mentor\/mentorando, organizar reuni\u00f5es locais e semear conte\u00fados para incentivar a participa\u00e7\u00e3o.<\/p><p>Recurso pr\u00e1tico: p\u00e1ginas dedicadas \u00e0 reativa\u00e7\u00e3o e \u00e0 gest\u00e3o de antigos empregados dispon\u00edveis em <a href=\"https:\/\/www.alumni.space\/pt-pt\/volta-a-envolver-os-teus-antigos-empregados-atraves-de-missoes-pontuais\/\">Reengajar antigos empregados<\/a> e para a liga\u00e7\u00e3o de mentores em <a href=\"https:\/\/www.alumni.space\/pt-pt\/porque-manter-o-contacto-com-os-teus-antigos-empregados-atraves-de-tutoria\/\">Criar pares de mentores<\/a>.<\/p><p>Conclus\u00e3o: a cria\u00e7\u00e3o regular de redes transforma antigos contactos em embaixadores que podem ser medidos atrav\u00e9s de KPIs simples.<\/p><h2 class=\"wp-block-heading\"><span class=\"ez-toc-section\" id=\"Riscos_comuns_e_opcoes_de_atenuacao_para_a_gestao_de_recursos_humanos\"><\/span>Riscos comuns e op\u00e7\u00f5es de atenua\u00e7\u00e3o para a gest\u00e3o de recursos humanos<span class=\"ez-toc-section-end\"><\/span><\/h2><p>Riscos comuns: acusa\u00e7\u00f5es de favoritismo, fugas de informa\u00e7\u00e3o sens\u00edvel, isolamento do novo gestor. Mitiga\u00e7\u00e3o: cartas de confidencialidade, reuni\u00f5es formais em caso de conflito e recurso a um par ou a um coach para media\u00e7\u00e3o. <\/p><p>Medidas concretas: avalia\u00e7\u00e3o trimestral das rela\u00e7\u00f5es, forma\u00e7\u00e3o espec\u00edfica em mat\u00e9ria de delega\u00e7\u00e3o, introdu\u00e7\u00e3o de indicadores de neutralidade de gest\u00e3o. Bibliografia \u00fatil: livro sobre a rela\u00e7\u00e3o auditor-auditado acess\u00edvel atrav\u00e9s da <a href=\"https:\/\/www.boutique.afnor.org\/fr-fr\/livre\/la-relation-auditeur-audite\/fa091607\/2223\">refer\u00eancia AFNOR<\/a>. <\/p><p>Conclus\u00e3o: o acompanhamento ativo e o refor\u00e7o das compet\u00eancias de gest\u00e3o evitam a escalada dos conflitos.<\/p><h3 class=\"wp-block-heading\"><span class=\"ez-toc-section\" id=\"Ativacao_imediata_para_decisores_e_gestores_de_RH\"><\/span>Ativa\u00e7\u00e3o imediata para decisores e gestores de RH<span class=\"ez-toc-section-end\"><\/span><\/h3><p>O que lan\u00e7ar esta semana: definir um guia de admiss\u00e3o, planear entrevistas individuais, abrir um espa\u00e7o para os antigos alunos para capitalizar o conhecimento. Medidas a automatizar: convites para aderir \u00e0 comunidade, relat\u00f3rios mensais de envolvimento e ofertas de mentoria direcionadas. <\/p><p>Para industrializar estas pr\u00e1ticas e evitar a utiliza\u00e7\u00e3o de folhas de c\u00e1lculo dispersas, adopta uma plataforma SaaS que centralize os perfis, os eventos, as bibliotecas de documentos, as ofertas de voluntariado e as miss\u00f5es. Plataforma recomendada para integrar estas utiliza\u00e7\u00f5es: <a href=\"https:\/\/www.alumni.space\/pt-pt\/antigos-empregados-uma-mina-de-informacoes-para-melhorar-a-tua-gestao\/\">gest\u00e3o de antigos empregados e gest\u00e3o<\/a>. <\/p><p>Apelo \u00e0 a\u00e7\u00e3o: considera uma demonstra\u00e7\u00e3o do produto para visualizar a gest\u00e3o dos indicadores e a redu\u00e7\u00e3o do risco de perda de conhecimentos. <strong>Pedir uma demonstra\u00e7\u00e3o<\/strong> permite-te passar do m\u00e9todo manual para a industrializa\u00e7\u00e3o.<\/p>","protected":false},"excerpt":{"rendered":"<p>Contexto r\u00e1pido: promo\u00e7\u00e3o interna que conduz um trabalhador ao cargo  [&#8230;]<\/p>\n","protected":false},"author":1,"featured_media":5000,"comment_status":"closed","ping_status":"closed","sticky":false,"template":"","format":"standard","meta":{"_ayudawp_aiss_exclude":false,"footnotes":""},"categories":[67],"tags":[],"class_list":["post-4997","post","type-post","status-publish","format-standard","has-post-thumbnail","hentry","category-antigos-alunos"],"yoast_head":"<!-- This site is optimized with the Yoast SEO plugin v27.4 - https:\/\/yoast.com\/product\/yoast-seo-wordpress\/ -->\n<title>De colega a auditor: gerir o per\u00edodo p\u00f3s-colabora\u00e7\u00e3o<\/title>\n<meta name=\"description\" content=\"Descobre como gerir eficazmente a tua rela\u00e7\u00e3o com um antigo empregado enquanto fazes a transi\u00e7\u00e3o de empregado para auditor.\" \/>\n<meta name=\"robots\" content=\"index, follow, max-snippet:-1, max-image-preview:large, max-video-preview:-1\" \/>\n<link rel=\"canonical\" href=\"https:\/\/www.alumni.space\/pt-pt\/de-trabalhador-a-auditor-gerir-a-relacao-com-um-antigo-trabalhador\/\" \/>\n<meta property=\"og:locale\" content=\"pt_PT\" \/>\n<meta property=\"og:type\" content=\"article\" \/>\n<meta property=\"og:title\" content=\"De colega a auditor: gerir o per\u00edodo p\u00f3s-colabora\u00e7\u00e3o\" \/>\n<meta property=\"og:description\" content=\"Descobre como gerir eficazmente a tua rela\u00e7\u00e3o com um antigo empregado enquanto fazes a transi\u00e7\u00e3o de empregado para auditor.\" \/>\n<meta property=\"og:url\" content=\"https:\/\/www.alumni.space\/pt-pt\/de-trabalhador-a-auditor-gerir-a-relacao-com-um-antigo-trabalhador\/\" \/>\n<meta property=\"og:site_name\" content=\"Alumni.space\" \/>\n<meta property=\"article:published_time\" content=\"2025-12-14T21:31:05+00:00\" \/>\n<meta property=\"article:modified_time\" content=\"2026-04-02T12:06:06+00:00\" \/>\n<meta property=\"og:image\" content=\"https:\/\/www.alumni.space\/wp-content\/uploads\/2026\/03\/De-salarie-a-auditeur-gerer-la-relation-avec-un-ancien-collaborateur.jpg\" \/>\n\t<meta property=\"og:image:width\" content=\"1344\" \/>\n\t<meta property=\"og:image:height\" content=\"768\" \/>\n\t<meta property=\"og:image:type\" content=\"image\/jpeg\" \/>\n<meta name=\"author\" content=\"admin\" \/>\n<meta name=\"twitter:card\" content=\"summary_large_image\" \/>\n<meta name=\"twitter:label1\" content=\"Escrito por\" \/>\n\t<meta name=\"twitter:data1\" content=\"admin\" \/>\n\t<meta name=\"twitter:label2\" content=\"Tempo estimado de leitura\" \/>\n\t<meta name=\"twitter:data2\" content=\"5 minutos\" \/>\n<script type=\"application\/ld+json\" class=\"yoast-schema-graph\">{\"@context\":\"https:\\\/\\\/schema.org\",\"@graph\":[{\"@type\":\"Article\",\"@id\":\"https:\\\/\\\/www.alumni.space\\\/pt-pt\\\/de-trabalhador-a-auditor-gerir-a-relacao-com-um-antigo-trabalhador\\\/#article\",\"isPartOf\":{\"@id\":\"https:\\\/\\\/www.alumni.space\\\/pt-pt\\\/de-trabalhador-a-auditor-gerir-a-relacao-com-um-antigo-trabalhador\\\/\"},\"author\":{\"name\":\"admin\",\"@id\":\"https:\\\/\\\/www.alumni.space\\\/pt-pt\\\/#\\\/schema\\\/person\\\/fede362a57876edda476a61f05ce5b15\"},\"headline\":\"De trabalhador a auditor: gerir a rela\u00e7\u00e3o com um antigo trabalhador\",\"datePublished\":\"2025-12-14T21:31:05+00:00\",\"dateModified\":\"2026-04-02T12:06:06+00:00\",\"mainEntityOfPage\":{\"@id\":\"https:\\\/\\\/www.alumni.space\\\/pt-pt\\\/de-trabalhador-a-auditor-gerir-a-relacao-com-um-antigo-trabalhador\\\/\"},\"wordCount\":963,\"image\":{\"@id\":\"https:\\\/\\\/www.alumni.space\\\/pt-pt\\\/de-trabalhador-a-auditor-gerir-a-relacao-com-um-antigo-trabalhador\\\/#primaryimage\"},\"thumbnailUrl\":\"https:\\\/\\\/www.alumni.space\\\/wp-content\\\/uploads\\\/2026\\\/03\\\/De-salarie-a-auditeur-gerer-la-relation-avec-un-ancien-collaborateur.jpg\",\"articleSection\":[\"Antigos alunos\"],\"inLanguage\":\"pt-PT\"},{\"@type\":\"WebPage\",\"@id\":\"https:\\\/\\\/www.alumni.space\\\/pt-pt\\\/de-trabalhador-a-auditor-gerir-a-relacao-com-um-antigo-trabalhador\\\/\",\"url\":\"https:\\\/\\\/www.alumni.space\\\/pt-pt\\\/de-trabalhador-a-auditor-gerir-a-relacao-com-um-antigo-trabalhador\\\/\",\"name\":\"De colega a auditor: gerir o per\u00edodo p\u00f3s-colabora\u00e7\u00e3o\",\"isPartOf\":{\"@id\":\"https:\\\/\\\/www.alumni.space\\\/pt-pt\\\/#website\"},\"primaryImageOfPage\":{\"@id\":\"https:\\\/\\\/www.alumni.space\\\/pt-pt\\\/de-trabalhador-a-auditor-gerir-a-relacao-com-um-antigo-trabalhador\\\/#primaryimage\"},\"image\":{\"@id\":\"https:\\\/\\\/www.alumni.space\\\/pt-pt\\\/de-trabalhador-a-auditor-gerir-a-relacao-com-um-antigo-trabalhador\\\/#primaryimage\"},\"thumbnailUrl\":\"https:\\\/\\\/www.alumni.space\\\/wp-content\\\/uploads\\\/2026\\\/03\\\/De-salarie-a-auditeur-gerer-la-relation-avec-un-ancien-collaborateur.jpg\",\"datePublished\":\"2025-12-14T21:31:05+00:00\",\"dateModified\":\"2026-04-02T12:06:06+00:00\",\"author\":{\"@id\":\"https:\\\/\\\/www.alumni.space\\\/pt-pt\\\/#\\\/schema\\\/person\\\/fede362a57876edda476a61f05ce5b15\"},\"description\":\"Descobre como gerir eficazmente a tua rela\u00e7\u00e3o com um antigo empregado enquanto fazes a transi\u00e7\u00e3o de empregado para auditor.\",\"breadcrumb\":{\"@id\":\"https:\\\/\\\/www.alumni.space\\\/pt-pt\\\/de-trabalhador-a-auditor-gerir-a-relacao-com-um-antigo-trabalhador\\\/#breadcrumb\"},\"inLanguage\":\"pt-PT\",\"potentialAction\":[{\"@type\":\"ReadAction\",\"target\":[\"https:\\\/\\\/www.alumni.space\\\/pt-pt\\\/de-trabalhador-a-auditor-gerir-a-relacao-com-um-antigo-trabalhador\\\/\"]}]},{\"@type\":\"ImageObject\",\"inLanguage\":\"pt-PT\",\"@id\":\"https:\\\/\\\/www.alumni.space\\\/pt-pt\\\/de-trabalhador-a-auditor-gerir-a-relacao-com-um-antigo-trabalhador\\\/#primaryimage\",\"url\":\"https:\\\/\\\/www.alumni.space\\\/wp-content\\\/uploads\\\/2026\\\/03\\\/De-salarie-a-auditeur-gerer-la-relation-avec-un-ancien-collaborateur.jpg\",\"contentUrl\":\"https:\\\/\\\/www.alumni.space\\\/wp-content\\\/uploads\\\/2026\\\/03\\\/De-salarie-a-auditeur-gerer-la-relation-avec-un-ancien-collaborateur.jpg\",\"width\":1344,\"height\":768,\"caption\":\"descobre como gerir eficazmente a rela\u00e7\u00e3o com um antigo empregado durante a transi\u00e7\u00e3o de empregado para auditor, mantendo a comunica\u00e7\u00e3o e a confian\u00e7a.\"},{\"@type\":\"BreadcrumbList\",\"@id\":\"https:\\\/\\\/www.alumni.space\\\/pt-pt\\\/de-trabalhador-a-auditor-gerir-a-relacao-com-um-antigo-trabalhador\\\/#breadcrumb\",\"itemListElement\":[{\"@type\":\"ListItem\",\"position\":1,\"name\":\"Home\",\"item\":\"https:\\\/\\\/www.alumni.space\\\/pt-pt\\\/plataforma-de-gestao-de-mentores-e-antigos-alunos\\\/\"},{\"@type\":\"ListItem\",\"position\":2,\"name\":\"De trabalhador a auditor: gerir a rela\u00e7\u00e3o com um antigo trabalhador\"}]},{\"@type\":\"WebSite\",\"@id\":\"https:\\\/\\\/www.alumni.space\\\/pt-pt\\\/#website\",\"url\":\"https:\\\/\\\/www.alumni.space\\\/pt-pt\\\/\",\"name\":\"Alumni.space\",\"description\":\"My WordPress Blog\",\"potentialAction\":[{\"@type\":\"SearchAction\",\"target\":{\"@type\":\"EntryPoint\",\"urlTemplate\":\"https:\\\/\\\/www.alumni.space\\\/pt-pt\\\/?s={search_term_string}\"},\"query-input\":{\"@type\":\"PropertyValueSpecification\",\"valueRequired\":true,\"valueName\":\"search_term_string\"}}],\"inLanguage\":\"pt-PT\"},{\"@type\":\"Person\",\"@id\":\"https:\\\/\\\/www.alumni.space\\\/pt-pt\\\/#\\\/schema\\\/person\\\/fede362a57876edda476a61f05ce5b15\",\"name\":\"admin\",\"image\":{\"@type\":\"ImageObject\",\"inLanguage\":\"pt-PT\",\"@id\":\"https:\\\/\\\/secure.gravatar.com\\\/avatar\\\/318e234ae94f90d4d629428d6b983c08e31181c28f579e08a021180d759ea651?s=96&d=mm&r=g\",\"url\":\"https:\\\/\\\/secure.gravatar.com\\\/avatar\\\/318e234ae94f90d4d629428d6b983c08e31181c28f579e08a021180d759ea651?s=96&d=mm&r=g\",\"contentUrl\":\"https:\\\/\\\/secure.gravatar.com\\\/avatar\\\/318e234ae94f90d4d629428d6b983c08e31181c28f579e08a021180d759ea651?s=96&d=mm&r=g\",\"caption\":\"admin\"},\"description\":\"Nicolas Laustriat a construit sa sp\u00e9cialit\u00e9 sur un sujet que beaucoup d\u2019organisations d\u00e9couvrent trop tard : ce qui dispara\u00eet quand les gens partent. Dipl\u00f4m\u00e9 en conception de produit industriel, il bifurque vers le digital fin 1996, il couvre les transformations marques, RH, la fid\u00e9lisation, la marque employeur. Sur le terrain, il rep\u00e8re un angle mort r\u00e9current : l\u2019entreprise investit dans le recrutement, la formation, les process\u2026 puis laisse filer le lien au moment du d\u00e9part, avec une perte de savoir et d\u2019influence qui se paie en silence. Il se sp\u00e9cialise alors sur les communaut\u00e9s d\u2019alumni, le mentorat, l\u2019entraide interg\u00e9n\u00e9rationnelle et la transmission d\u2019expertise. Il passe du \u201cconstat\u201d aux m\u00e9thodes : animation, gouvernance, segmentation, rituels, mesure d\u2019engagement, articulation avec la RSE et l\u2019employabilit\u00e9. Il interviewe DRH, responsables formation, directions d\u2019\u00e9coles, associations et fondations, avec une obsession : transformer un r\u00e9seau dormant en m\u00e9canisme utile (cooptation, mentorat, job board, entraide, \u00e9v\u00e9nements, contenus). Son style : direct, orient\u00e9 action, sans folklore. Sa conviction : une communaut\u00e9 n\u2019a pas besoin de bruit, elle a besoin de raisons de revenir.\",\"sameAs\":[\"https:\\\/\\\/www.alumni.space\"]}]}<\/script>\n<!-- \/ Yoast SEO plugin. -->","yoast_head_json":{"title":"De colega a auditor: gerir o per\u00edodo p\u00f3s-colabora\u00e7\u00e3o","description":"Descobre como gerir eficazmente a tua rela\u00e7\u00e3o com um antigo empregado enquanto fazes a transi\u00e7\u00e3o de empregado para auditor.","robots":{"index":"index","follow":"follow","max-snippet":"max-snippet:-1","max-image-preview":"max-image-preview:large","max-video-preview":"max-video-preview:-1"},"canonical":"https:\/\/www.alumni.space\/pt-pt\/de-trabalhador-a-auditor-gerir-a-relacao-com-um-antigo-trabalhador\/","og_locale":"pt_PT","og_type":"article","og_title":"De colega a auditor: gerir o per\u00edodo p\u00f3s-colabora\u00e7\u00e3o","og_description":"Descobre como gerir eficazmente a tua rela\u00e7\u00e3o com um antigo empregado enquanto fazes a transi\u00e7\u00e3o de empregado para auditor.","og_url":"https:\/\/www.alumni.space\/pt-pt\/de-trabalhador-a-auditor-gerir-a-relacao-com-um-antigo-trabalhador\/","og_site_name":"Alumni.space","article_published_time":"2025-12-14T21:31:05+00:00","article_modified_time":"2026-04-02T12:06:06+00:00","og_image":[{"width":1344,"height":768,"url":"https:\/\/www.alumni.space\/wp-content\/uploads\/2026\/03\/De-salarie-a-auditeur-gerer-la-relation-avec-un-ancien-collaborateur.jpg","type":"image\/jpeg"}],"author":"admin","twitter_card":"summary_large_image","twitter_misc":{"Escrito por":"admin","Tempo estimado de leitura":"5 minutos"},"schema":{"@context":"https:\/\/schema.org","@graph":[{"@type":"Article","@id":"https:\/\/www.alumni.space\/pt-pt\/de-trabalhador-a-auditor-gerir-a-relacao-com-um-antigo-trabalhador\/#article","isPartOf":{"@id":"https:\/\/www.alumni.space\/pt-pt\/de-trabalhador-a-auditor-gerir-a-relacao-com-um-antigo-trabalhador\/"},"author":{"name":"admin","@id":"https:\/\/www.alumni.space\/pt-pt\/#\/schema\/person\/fede362a57876edda476a61f05ce5b15"},"headline":"De trabalhador a auditor: gerir a rela\u00e7\u00e3o com um antigo trabalhador","datePublished":"2025-12-14T21:31:05+00:00","dateModified":"2026-04-02T12:06:06+00:00","mainEntityOfPage":{"@id":"https:\/\/www.alumni.space\/pt-pt\/de-trabalhador-a-auditor-gerir-a-relacao-com-um-antigo-trabalhador\/"},"wordCount":963,"image":{"@id":"https:\/\/www.alumni.space\/pt-pt\/de-trabalhador-a-auditor-gerir-a-relacao-com-um-antigo-trabalhador\/#primaryimage"},"thumbnailUrl":"https:\/\/www.alumni.space\/wp-content\/uploads\/2026\/03\/De-salarie-a-auditeur-gerer-la-relation-avec-un-ancien-collaborateur.jpg","articleSection":["Antigos alunos"],"inLanguage":"pt-PT"},{"@type":"WebPage","@id":"https:\/\/www.alumni.space\/pt-pt\/de-trabalhador-a-auditor-gerir-a-relacao-com-um-antigo-trabalhador\/","url":"https:\/\/www.alumni.space\/pt-pt\/de-trabalhador-a-auditor-gerir-a-relacao-com-um-antigo-trabalhador\/","name":"De colega a auditor: gerir o per\u00edodo p\u00f3s-colabora\u00e7\u00e3o","isPartOf":{"@id":"https:\/\/www.alumni.space\/pt-pt\/#website"},"primaryImageOfPage":{"@id":"https:\/\/www.alumni.space\/pt-pt\/de-trabalhador-a-auditor-gerir-a-relacao-com-um-antigo-trabalhador\/#primaryimage"},"image":{"@id":"https:\/\/www.alumni.space\/pt-pt\/de-trabalhador-a-auditor-gerir-a-relacao-com-um-antigo-trabalhador\/#primaryimage"},"thumbnailUrl":"https:\/\/www.alumni.space\/wp-content\/uploads\/2026\/03\/De-salarie-a-auditeur-gerer-la-relation-avec-un-ancien-collaborateur.jpg","datePublished":"2025-12-14T21:31:05+00:00","dateModified":"2026-04-02T12:06:06+00:00","author":{"@id":"https:\/\/www.alumni.space\/pt-pt\/#\/schema\/person\/fede362a57876edda476a61f05ce5b15"},"description":"Descobre como gerir eficazmente a tua rela\u00e7\u00e3o com um antigo empregado enquanto fazes a transi\u00e7\u00e3o de empregado para auditor.","breadcrumb":{"@id":"https:\/\/www.alumni.space\/pt-pt\/de-trabalhador-a-auditor-gerir-a-relacao-com-um-antigo-trabalhador\/#breadcrumb"},"inLanguage":"pt-PT","potentialAction":[{"@type":"ReadAction","target":["https:\/\/www.alumni.space\/pt-pt\/de-trabalhador-a-auditor-gerir-a-relacao-com-um-antigo-trabalhador\/"]}]},{"@type":"ImageObject","inLanguage":"pt-PT","@id":"https:\/\/www.alumni.space\/pt-pt\/de-trabalhador-a-auditor-gerir-a-relacao-com-um-antigo-trabalhador\/#primaryimage","url":"https:\/\/www.alumni.space\/wp-content\/uploads\/2026\/03\/De-salarie-a-auditeur-gerer-la-relation-avec-un-ancien-collaborateur.jpg","contentUrl":"https:\/\/www.alumni.space\/wp-content\/uploads\/2026\/03\/De-salarie-a-auditeur-gerer-la-relation-avec-un-ancien-collaborateur.jpg","width":1344,"height":768,"caption":"descobre como gerir eficazmente a rela\u00e7\u00e3o com um antigo empregado durante a transi\u00e7\u00e3o de empregado para auditor, mantendo a comunica\u00e7\u00e3o e a confian\u00e7a."},{"@type":"BreadcrumbList","@id":"https:\/\/www.alumni.space\/pt-pt\/de-trabalhador-a-auditor-gerir-a-relacao-com-um-antigo-trabalhador\/#breadcrumb","itemListElement":[{"@type":"ListItem","position":1,"name":"Home","item":"https:\/\/www.alumni.space\/pt-pt\/plataforma-de-gestao-de-mentores-e-antigos-alunos\/"},{"@type":"ListItem","position":2,"name":"De trabalhador a auditor: gerir a rela\u00e7\u00e3o com um antigo trabalhador"}]},{"@type":"WebSite","@id":"https:\/\/www.alumni.space\/pt-pt\/#website","url":"https:\/\/www.alumni.space\/pt-pt\/","name":"Alumni.space","description":"My WordPress Blog","potentialAction":[{"@type":"SearchAction","target":{"@type":"EntryPoint","urlTemplate":"https:\/\/www.alumni.space\/pt-pt\/?s={search_term_string}"},"query-input":{"@type":"PropertyValueSpecification","valueRequired":true,"valueName":"search_term_string"}}],"inLanguage":"pt-PT"},{"@type":"Person","@id":"https:\/\/www.alumni.space\/pt-pt\/#\/schema\/person\/fede362a57876edda476a61f05ce5b15","name":"admin","image":{"@type":"ImageObject","inLanguage":"pt-PT","@id":"https:\/\/secure.gravatar.com\/avatar\/318e234ae94f90d4d629428d6b983c08e31181c28f579e08a021180d759ea651?s=96&d=mm&r=g","url":"https:\/\/secure.gravatar.com\/avatar\/318e234ae94f90d4d629428d6b983c08e31181c28f579e08a021180d759ea651?s=96&d=mm&r=g","contentUrl":"https:\/\/secure.gravatar.com\/avatar\/318e234ae94f90d4d629428d6b983c08e31181c28f579e08a021180d759ea651?s=96&d=mm&r=g","caption":"admin"},"description":"Nicolas Laustriat a construit sa sp\u00e9cialit\u00e9 sur un sujet que beaucoup d\u2019organisations d\u00e9couvrent trop tard : ce qui dispara\u00eet quand les gens partent. Dipl\u00f4m\u00e9 en conception de produit industriel, il bifurque vers le digital fin 1996, il couvre les transformations marques, RH, la fid\u00e9lisation, la marque employeur. Sur le terrain, il rep\u00e8re un angle mort r\u00e9current : l\u2019entreprise investit dans le recrutement, la formation, les process\u2026 puis laisse filer le lien au moment du d\u00e9part, avec une perte de savoir et d\u2019influence qui se paie en silence. Il se sp\u00e9cialise alors sur les communaut\u00e9s d\u2019alumni, le mentorat, l\u2019entraide interg\u00e9n\u00e9rationnelle et la transmission d\u2019expertise. Il passe du \u201cconstat\u201d aux m\u00e9thodes : animation, gouvernance, segmentation, rituels, mesure d\u2019engagement, articulation avec la RSE et l\u2019employabilit\u00e9. Il interviewe DRH, responsables formation, directions d\u2019\u00e9coles, associations et fondations, avec une obsession : transformer un r\u00e9seau dormant en m\u00e9canisme utile (cooptation, mentorat, job board, entraide, \u00e9v\u00e9nements, contenus). Son style : direct, orient\u00e9 action, sans folklore. Sa conviction : une communaut\u00e9 n\u2019a pas besoin de bruit, elle a besoin de raisons de revenir.","sameAs":["https:\/\/www.alumni.space"]}]}},"_links":{"self":[{"href":"https:\/\/www.alumni.space\/pt-pt\/wp-json\/wp\/v2\/posts\/4997","targetHints":{"allow":["GET"]}}],"collection":[{"href":"https:\/\/www.alumni.space\/pt-pt\/wp-json\/wp\/v2\/posts"}],"about":[{"href":"https:\/\/www.alumni.space\/pt-pt\/wp-json\/wp\/v2\/types\/post"}],"author":[{"embeddable":true,"href":"https:\/\/www.alumni.space\/pt-pt\/wp-json\/wp\/v2\/users\/1"}],"replies":[{"embeddable":true,"href":"https:\/\/www.alumni.space\/pt-pt\/wp-json\/wp\/v2\/comments?post=4997"}],"version-history":[{"count":3,"href":"https:\/\/www.alumni.space\/pt-pt\/wp-json\/wp\/v2\/posts\/4997\/revisions"}],"predecessor-version":[{"id":7033,"href":"https:\/\/www.alumni.space\/pt-pt\/wp-json\/wp\/v2\/posts\/4997\/revisions\/7033"}],"wp:featuredmedia":[{"embeddable":true,"href":"https:\/\/www.alumni.space\/pt-pt\/wp-json\/wp\/v2\/media\/5000"}],"wp:attachment":[{"href":"https:\/\/www.alumni.space\/pt-pt\/wp-json\/wp\/v2\/media?parent=4997"}],"wp:term":[{"taxonomy":"category","embeddable":true,"href":"https:\/\/www.alumni.space\/pt-pt\/wp-json\/wp\/v2\/categories?post=4997"},{"taxonomy":"post_tag","embeddable":true,"href":"https:\/\/www.alumni.space\/pt-pt\/wp-json\/wp\/v2\/tags?post=4997"}],"curies":[{"name":"wp","href":"https:\/\/api.w.org\/{rel}","templated":true}]}}