{"id":4992,"date":"2024-03-10T14:21:02","date_gmt":"2024-03-10T14:21:02","guid":{"rendered":"https:\/\/www.alumni.space\/a-saida-de-motoristas-experientes-um-grande-desafio-para-a-logistica\/"},"modified":"2026-04-02T12:06:24","modified_gmt":"2026-04-02T12:06:24","slug":"a-saida-de-motoristas-experientes-um-grande-desafio-para-a-logistica","status":"publish","type":"post","link":"https:\/\/www.alumni.space\/pt-pt\/a-saida-de-motoristas-experientes-um-grande-desafio-para-a-logistica\/","title":{"rendered":"A sa\u00edda de motoristas experientes: um grande desafio para a log\u00edstica"},"content":{"rendered":"<p>O sector da log\u00edstica encontra-se num momento de viragem, com a sa\u00edda em massa de <strong>motoristas experientes<\/strong>. Esta situa\u00e7\u00e3o coloca um desafio estrat\u00e9gico que tem um impacto direto na <strong>gest\u00e3o dos recursos humanos<\/strong> e no desempenho das <strong>equipas de log\u00edstica<\/strong>. O envelhecimento dos profissionais do transporte rodovi\u00e1rio, combinado com a <strong>escassez de motoristas<\/strong>, cria uma tens\u00e3o que afecta a continuidade e a efic\u00e1cia operacional.  <\/p><div id=\"ez-toc-container\" class=\"ez-toc-v2_0_82_2 counter-flat ez-toc-counter ez-toc-grey ez-toc-container-direction\">\n<div class=\"ez-toc-title-container\"><p class=\"ez-toc-title\" style=\"cursor:inherit\">\u00cdndice deste artigo:<\/p>\n<\/div><nav><ul class='ez-toc-list ez-toc-list-level-1 ' ><li class='ez-toc-page-1'><a class=\"ez-toc-link ez-toc-heading-1\" href=\"https:\/\/www.alumni.space\/pt-pt\/a-saida-de-motoristas-experientes-um-grande-desafio-para-a-logistica\/#Impacto_da_saida_de_condutores_experientes_no_desempenho_logistico\" >Impacto da sa\u00edda de condutores experientes no desempenho log\u00edstico<\/a><\/li><li class='ez-toc-page-1'><a class=\"ez-toc-link ez-toc-heading-2\" href=\"https:\/\/www.alumni.space\/pt-pt\/a-saida-de-motoristas-experientes-um-grande-desafio-para-a-logistica\/#As_bases_do_Conge_de_Fin_dActivite_e_o_seu_papel_na_gestao_das_saidas\" >As bases do Cong\u00e9 de Fin d&#8217;Activit\u00e9 e o seu papel na gest\u00e3o das sa\u00eddas<\/a><\/li><li class='ez-toc-page-1'><a class=\"ez-toc-link ez-toc-heading-3\" href=\"https:\/\/www.alumni.space\/pt-pt\/a-saida-de-motoristas-experientes-um-grande-desafio-para-a-logistica\/#Desafios_do_recrutamento_e_condicoes_de_trabalho_no_contexto_atual\" >Desafios do recrutamento e condi\u00e7\u00f5es de trabalho no contexto atual<\/a><\/li><li class='ez-toc-page-1'><a class=\"ez-toc-link ez-toc-heading-4\" href=\"https:\/\/www.alumni.space\/pt-pt\/a-saida-de-motoristas-experientes-um-grande-desafio-para-a-logistica\/#Promover_a_transferencia_de_competencias_para_uma_rede_logistica_resiliente\" >Promover a transfer\u00eancia de compet\u00eancias para uma rede log\u00edstica resiliente<\/a><\/li><\/ul><\/nav><\/div>\n<h2 class=\"wp-block-heading\"><span class=\"ez-toc-section\" id=\"Impacto_da_saida_de_condutores_experientes_no_desempenho_logistico\"><\/span>Impacto da sa\u00edda de condutores experientes no desempenho log\u00edstico<span class=\"ez-toc-section-end\"><\/span><\/h2><p>A <strong>partida dos<\/strong> motoristas seniores provoca uma perda consider\u00e1vel de experi\u00eancia e de saber-fazer. A <strong>reforma dos motoristas<\/strong> retira-lhes os talentos que dominavam os itiner\u00e1rios, o modo de lidar com os imprevistos e o conhecimento dos protocolos de seguran\u00e7a. Estas sa\u00eddas aceleram o risco de uma diminui\u00e7\u00e3o da qualidade e da capacidade de resposta nas opera\u00e7\u00f5es log\u00edsticas quotidianas.  <\/p><p>Um dos principais desafios \u00e9 a capacidade de manter <strong>a continuidade operacional<\/strong> apesar da elevada rota\u00e7\u00e3o de pessoal. As dificuldades de recrutamento s\u00e3o cada vez maiores e reflectem-se em taxas alarmantes, com 22 000 vagas registadas em 2023 e previs\u00f5es de 70 000 at\u00e9 2033, segundo um estudo da Union TLF. Esta situa\u00e7\u00e3o compromete a planifica\u00e7\u00e3o dos transportes e exerce press\u00e3o sobre as equipas restantes.  <\/p><figure class=\"wp-block-image size-full\"><img decoding=\"async\" width=\"1280\" height=\"768\" src=\"https:\/\/www.alumni.space\/wp-content\/uploads\/2026\/03\/Depart-des-conducteurs-experimentes-un-enjeu-majeur-pour-la-logistique-1.jpg\" data-orig-src=\"https:\/\/www.alumni.space\/wp-content\/uploads\/2026\/03\/Depart-des-conducteurs-experimentes-un-enjeu-majeur-pour-la-logistique-1.jpg\" alt=\"descobre mais sobre as quest\u00f5es relacionadas com a sa\u00edda de condutores experientes e o seu grande impacto no sector da log\u00edstica, bem como sobre as estrat\u00e9gias para lidar com esta situa\u00e7\u00e3o.\" class=\"lazyload wp-image-3270\" srcset=\"data:image\/svg+xml,%3Csvg%20xmlns%3D%27http%3A%2F%2Fwww.w3.org%2F2000%2Fsvg%27%20width%3D%271280%27%20height%3D%27768%27%20viewBox%3D%270%200%201280%20768%27%3E%3Crect%20width%3D%271280%27%20height%3D%27768%27%20fill-opacity%3D%220%22%2F%3E%3C%2Fsvg%3E\" data-srcset=\"https:\/\/www.alumni.space\/wp-content\/uploads\/2026\/03\/Depart-des-conducteurs-experimentes-un-enjeu-majeur-pour-la-logistique-1-200x120.jpg 200w, https:\/\/www.alumni.space\/wp-content\/uploads\/2026\/03\/Depart-des-conducteurs-experimentes-un-enjeu-majeur-pour-la-logistique-1-300x180.jpg 300w, https:\/\/www.alumni.space\/wp-content\/uploads\/2026\/03\/Depart-des-conducteurs-experimentes-un-enjeu-majeur-pour-la-logistique-1-400x240.jpg 400w, https:\/\/www.alumni.space\/wp-content\/uploads\/2026\/03\/Depart-des-conducteurs-experimentes-un-enjeu-majeur-pour-la-logistique-1-600x360.jpg 600w, https:\/\/www.alumni.space\/wp-content\/uploads\/2026\/03\/Depart-des-conducteurs-experimentes-un-enjeu-majeur-pour-la-logistique-1-768x461.jpg 768w, https:\/\/www.alumni.space\/wp-content\/uploads\/2026\/03\/Depart-des-conducteurs-experimentes-un-enjeu-majeur-pour-la-logistique-1-800x480.jpg 800w, https:\/\/www.alumni.space\/wp-content\/uploads\/2026\/03\/Depart-des-conducteurs-experimentes-un-enjeu-majeur-pour-la-logistique-1-1024x614.jpg 1024w, https:\/\/www.alumni.space\/wp-content\/uploads\/2026\/03\/Depart-des-conducteurs-experimentes-un-enjeu-majeur-pour-la-logistique-1-1200x720.jpg 1200w, https:\/\/www.alumni.space\/wp-content\/uploads\/2026\/03\/Depart-des-conducteurs-experimentes-un-enjeu-majeur-pour-la-logistique-1.jpg 1280w\" data-sizes=\"auto\" data-orig-sizes=\"(max-width: 1280px) 100vw, 1280px\" \/><\/figure><h3 class=\"wp-block-heading\"><span class=\"ez-toc-section\" id=\"As_bases_do_Conge_de_Fin_dActivite_e_o_seu_papel_na_gestao_das_saidas\"><\/span>As bases do Cong\u00e9 de Fin d&#8217;Activit\u00e9 e o seu papel na gest\u00e3o das sa\u00eddas<span class=\"ez-toc-section-end\"><\/span><\/h3><p><strong>O Cong\u00e9 de Fin d&#8217;Activit\u00e9 (CFA<\/strong> ) \u00e9 um mecanismo social fundamental criado para permitir que os motoristas seniores abandonem o seu posto de trabalho antes da idade legal de reforma, devido \u00e0 natureza \u00e1rdua da profiss\u00e3o. Criado em 1996, baseia-se num protocolo negociado entre os parceiros sociais e o Estado, que reconhece as exig\u00eancias da profiss\u00e3o: longas horas de estrada, stress e riscos para a sa\u00fade. <\/p><p>O regime aplica-se n\u00e3o s\u00f3 aos motoristas de mercadorias, mas tamb\u00e9m aos motoristas dos sectores dos passageiros, das mudan\u00e7as e do transporte de valores. Permite a reforma antecipada por um per\u00edodo m\u00e1ximo de cinco anos, sob reserva da antiguidade e da filia\u00e7\u00e3o numa empresa abrangida pela conven\u00e7\u00e3o colectiva. <\/p><p>Para apoiar esta transi\u00e7\u00e3o, \u00e9 aconselh\u00e1vel integrar ferramentas de gest\u00e3o digital para preservar <strong>o capital de experi\u00eancia<\/strong>. Em particular, a <a href=\"https:\/\/www.alumni.space\/pt-pt\/a-saida-de-motoristas-experientes-um-grande-desafio-para-a-logistica\/\">plataforma alumni.space<\/a> facilita a transmiss\u00e3o de conhecimentos atrav\u00e9s da tutoria, da rede de alumni e da anima\u00e7\u00e3o comunit\u00e1ria, reduzindo assim o impacto da partida no desempenho log\u00edstico. <\/p><h2 class=\"wp-block-heading\"><span class=\"ez-toc-section\" id=\"Desafios_do_recrutamento_e_condicoes_de_trabalho_no_contexto_atual\"><\/span>Desafios do recrutamento e condi\u00e7\u00f5es de trabalho no contexto atual<span class=\"ez-toc-section-end\"><\/span><\/h2><p>A atual escassez de trabalhadores qualificados deve-se a um desequil\u00edbrio demogr\u00e1fico: por cada pessoa que abandona a profiss\u00e3o, apenas surgem tr\u00eas novos recrutas. Apesar de um aumento salarial de 17% em dois anos, as condi\u00e7\u00f5es de trabalho continuam a ser um grande obst\u00e1culo \u00e0 atra\u00e7\u00e3o da profiss\u00e3o. A falta de infra-estruturas adequadas, como parques de estacionamento seguros, ou o facto de alguns clientes n\u00e3o terem acesso \u00e0s casas de banho, prejudicam a motiva\u00e7\u00e3o dos motoristas.  <\/p><p>Esta deteriora\u00e7\u00e3o da imagem profissional est\u00e1 a tornar mais dif\u00edcil atrair novos talentos para este sector cr\u00edtico. A isto junta-se o aumento da concorr\u00eancia no mercado de trabalho, onde o r\u00e1cio entre candidatos e vagas desceu para 1,4 em 2024. <\/p><p>As organiza\u00e7\u00f5es interessadas em reduzir a <strong>rota\u00e7\u00e3o do pessoal<\/strong> e em melhorar as condi\u00e7\u00f5es de trabalho podem inspirar-se nas melhores pr\u00e1ticas propostas na <a href=\"https:\/\/www.aft-dev.com\/actualites\/reduire-turn-over-dans-transport-routier-marchandises-stimuler-attractivite\">plataforma AFT<\/a>. Estas pr\u00e1ticas incluem, nomeadamente, a forma\u00e7\u00e3o cont\u00ednua, a promo\u00e7\u00e3o da profiss\u00e3o e o empenhamento a longo prazo atrav\u00e9s de comunidades profissionais. <\/p><h3 class=\"wp-block-heading\"><span class=\"ez-toc-section\" id=\"Promover_a_transferencia_de_competencias_para_uma_rede_logistica_resiliente\"><\/span>Promover a transfer\u00eancia de compet\u00eancias para uma rede log\u00edstica resiliente<span class=\"ez-toc-section-end\"><\/span><\/h3><p>Neste contexto, o recurso \u00e0 <strong>tutoria<\/strong> intergeracional \u00e9 um m\u00e9todo experimentado e testado para assegurar <strong>a continuidade operacional<\/strong> e capitalizar a experi\u00eancia dos condutores seniores. O emparelhamento entre condutores seniores e juniores enriquece a integra\u00e7\u00e3o dos rec\u00e9m-chegados, limitando simultaneamente a perda de know-how. <\/p><p>A gest\u00e3o ativa das comunidades de antigos alunos, apoiada por uma plataforma SaaS, proporciona um quadro s\u00f3lido para gerir estes interc\u00e2mbios. Facilita a organiza\u00e7\u00e3o de<strong>eventos<\/strong>, a divulga\u00e7\u00e3o de conte\u00fados t\u00e9cnicos e a coopta\u00e7\u00e3o de antigos alunos, refor\u00e7ando o compromisso a longo prazo com o sector. <\/p><p>Esta abordagem contribui igualmente para o desenvolvimento de uma rede de profissionais empenhados na qualidade, na partilha das melhores pr\u00e1ticas e na seguran\u00e7a, elementos essenciais face aos desafios log\u00edsticos actuais.<\/p>","protected":false},"excerpt":{"rendered":"<p>O sector da log\u00edstica encontra-se num momento de viragem, com  [&#8230;]<\/p>\n","protected":false},"author":1,"featured_media":4994,"comment_status":"closed","ping_status":"","sticky":false,"template":"","format":"standard","meta":{"_ayudawp_aiss_exclude":false,"footnotes":""},"categories":[70],"tags":[],"class_list":["post-4992","post","type-post","status-publish","format-standard","has-post-thumbnail","hentry","category-recursos-humanos"],"yoast_head":"<!-- This site is optimized with the Yoast SEO plugin v27.4 - https:\/\/yoast.com\/product\/yoast-seo-wordpress\/ -->\n<title>Pro leakage: um desafio fundamental para a log\u00edstica<\/title>\n<meta name=\"description\" content=\"Descobre de que forma a sa\u00edda de condutores experientes est\u00e1 a ter impacto na log\u00edstica e o que podemos fazer para enfrentar este desafio crucial.\" \/>\n<meta name=\"robots\" content=\"index, follow, max-snippet:-1, max-image-preview:large, max-video-preview:-1\" \/>\n<link rel=\"canonical\" href=\"https:\/\/www.alumni.space\/pt-pt\/a-saida-de-motoristas-experientes-um-grande-desafio-para-a-logistica\/\" \/>\n<meta property=\"og:locale\" content=\"pt_PT\" \/>\n<meta property=\"og:type\" content=\"article\" \/>\n<meta property=\"og:title\" content=\"Pro leakage: um desafio fundamental para a log\u00edstica\" \/>\n<meta property=\"og:description\" content=\"Descobre de que forma a sa\u00edda de condutores experientes est\u00e1 a ter impacto na log\u00edstica e o que podemos fazer para enfrentar este desafio crucial.\" \/>\n<meta property=\"og:url\" content=\"https:\/\/www.alumni.space\/pt-pt\/a-saida-de-motoristas-experientes-um-grande-desafio-para-a-logistica\/\" \/>\n<meta property=\"og:site_name\" content=\"Alumni.space\" \/>\n<meta property=\"article:published_time\" content=\"2024-03-10T14:21:02+00:00\" \/>\n<meta property=\"article:modified_time\" content=\"2026-04-02T12:06:24+00:00\" \/>\n<meta property=\"og:image\" content=\"https:\/\/www.alumni.space\/wp-content\/uploads\/2026\/03\/Depart-des-conducteurs-experimentes-un-enjeu-majeur-pour-la-logistique.jpg\" \/>\n\t<meta property=\"og:image:width\" content=\"1280\" \/>\n\t<meta property=\"og:image:height\" content=\"768\" \/>\n\t<meta property=\"og:image:type\" content=\"image\/jpeg\" \/>\n<meta name=\"author\" content=\"admin\" \/>\n<meta name=\"twitter:card\" content=\"summary_large_image\" \/>\n<meta name=\"twitter:label1\" content=\"Escrito por\" \/>\n\t<meta name=\"twitter:data1\" content=\"admin\" \/>\n\t<meta name=\"twitter:label2\" content=\"Tempo estimado de leitura\" \/>\n\t<meta name=\"twitter:data2\" content=\"4 minutos\" \/>\n<script type=\"application\/ld+json\" class=\"yoast-schema-graph\">{\"@context\":\"https:\\\/\\\/schema.org\",\"@graph\":[{\"@type\":\"Article\",\"@id\":\"https:\\\/\\\/www.alumni.space\\\/pt-pt\\\/a-saida-de-motoristas-experientes-um-grande-desafio-para-a-logistica\\\/#article\",\"isPartOf\":{\"@id\":\"https:\\\/\\\/www.alumni.space\\\/pt-pt\\\/a-saida-de-motoristas-experientes-um-grande-desafio-para-a-logistica\\\/\"},\"author\":{\"name\":\"admin\",\"@id\":\"https:\\\/\\\/www.alumni.space\\\/pt-pt\\\/#\\\/schema\\\/person\\\/fede362a57876edda476a61f05ce5b15\"},\"headline\":\"A sa\u00edda de motoristas experientes: um grande desafio para a log\u00edstica\",\"datePublished\":\"2024-03-10T14:21:02+00:00\",\"dateModified\":\"2026-04-02T12:06:24+00:00\",\"mainEntityOfPage\":{\"@id\":\"https:\\\/\\\/www.alumni.space\\\/pt-pt\\\/a-saida-de-motoristas-experientes-um-grande-desafio-para-a-logistica\\\/\"},\"wordCount\":762,\"image\":{\"@id\":\"https:\\\/\\\/www.alumni.space\\\/pt-pt\\\/a-saida-de-motoristas-experientes-um-grande-desafio-para-a-logistica\\\/#primaryimage\"},\"thumbnailUrl\":\"https:\\\/\\\/www.alumni.space\\\/wp-content\\\/uploads\\\/2026\\\/03\\\/Depart-des-conducteurs-experimentes-un-enjeu-majeur-pour-la-logistique.jpg\",\"articleSection\":[\"Recursos Humanos\"],\"inLanguage\":\"pt-PT\"},{\"@type\":\"WebPage\",\"@id\":\"https:\\\/\\\/www.alumni.space\\\/pt-pt\\\/a-saida-de-motoristas-experientes-um-grande-desafio-para-a-logistica\\\/\",\"url\":\"https:\\\/\\\/www.alumni.space\\\/pt-pt\\\/a-saida-de-motoristas-experientes-um-grande-desafio-para-a-logistica\\\/\",\"name\":\"Pro leakage: um desafio fundamental para a log\u00edstica\",\"isPartOf\":{\"@id\":\"https:\\\/\\\/www.alumni.space\\\/pt-pt\\\/#website\"},\"primaryImageOfPage\":{\"@id\":\"https:\\\/\\\/www.alumni.space\\\/pt-pt\\\/a-saida-de-motoristas-experientes-um-grande-desafio-para-a-logistica\\\/#primaryimage\"},\"image\":{\"@id\":\"https:\\\/\\\/www.alumni.space\\\/pt-pt\\\/a-saida-de-motoristas-experientes-um-grande-desafio-para-a-logistica\\\/#primaryimage\"},\"thumbnailUrl\":\"https:\\\/\\\/www.alumni.space\\\/wp-content\\\/uploads\\\/2026\\\/03\\\/Depart-des-conducteurs-experimentes-un-enjeu-majeur-pour-la-logistique.jpg\",\"datePublished\":\"2024-03-10T14:21:02+00:00\",\"dateModified\":\"2026-04-02T12:06:24+00:00\",\"author\":{\"@id\":\"https:\\\/\\\/www.alumni.space\\\/pt-pt\\\/#\\\/schema\\\/person\\\/fede362a57876edda476a61f05ce5b15\"},\"description\":\"Descobre de que forma a sa\u00edda de condutores experientes est\u00e1 a ter impacto na log\u00edstica e o que podemos fazer para enfrentar este desafio crucial.\",\"breadcrumb\":{\"@id\":\"https:\\\/\\\/www.alumni.space\\\/pt-pt\\\/a-saida-de-motoristas-experientes-um-grande-desafio-para-a-logistica\\\/#breadcrumb\"},\"inLanguage\":\"pt-PT\",\"potentialAction\":[{\"@type\":\"ReadAction\",\"target\":[\"https:\\\/\\\/www.alumni.space\\\/pt-pt\\\/a-saida-de-motoristas-experientes-um-grande-desafio-para-a-logistica\\\/\"]}]},{\"@type\":\"ImageObject\",\"inLanguage\":\"pt-PT\",\"@id\":\"https:\\\/\\\/www.alumni.space\\\/pt-pt\\\/a-saida-de-motoristas-experientes-um-grande-desafio-para-a-logistica\\\/#primaryimage\",\"url\":\"https:\\\/\\\/www.alumni.space\\\/wp-content\\\/uploads\\\/2026\\\/03\\\/Depart-des-conducteurs-experimentes-un-enjeu-majeur-pour-la-logistique.jpg\",\"contentUrl\":\"https:\\\/\\\/www.alumni.space\\\/wp-content\\\/uploads\\\/2026\\\/03\\\/Depart-des-conducteurs-experimentes-un-enjeu-majeur-pour-la-logistique.jpg\",\"width\":1280,\"height\":768,\"caption\":\"descobre como a sa\u00edda de motoristas experientes est\u00e1 a ter um impacto crucial no sector da log\u00edstica e quais os desafios a ultrapassar para garantir a continuidade das opera\u00e7\u00f5es.\"},{\"@type\":\"BreadcrumbList\",\"@id\":\"https:\\\/\\\/www.alumni.space\\\/pt-pt\\\/a-saida-de-motoristas-experientes-um-grande-desafio-para-a-logistica\\\/#breadcrumb\",\"itemListElement\":[{\"@type\":\"ListItem\",\"position\":1,\"name\":\"Home\",\"item\":\"https:\\\/\\\/www.alumni.space\\\/pt-pt\\\/plataforma-de-gestao-de-mentores-e-antigos-alunos\\\/\"},{\"@type\":\"ListItem\",\"position\":2,\"name\":\"A sa\u00edda de motoristas experientes: um grande desafio para a log\u00edstica\"}]},{\"@type\":\"WebSite\",\"@id\":\"https:\\\/\\\/www.alumni.space\\\/pt-pt\\\/#website\",\"url\":\"https:\\\/\\\/www.alumni.space\\\/pt-pt\\\/\",\"name\":\"Alumni.space\",\"description\":\"My WordPress Blog\",\"potentialAction\":[{\"@type\":\"SearchAction\",\"target\":{\"@type\":\"EntryPoint\",\"urlTemplate\":\"https:\\\/\\\/www.alumni.space\\\/pt-pt\\\/?s={search_term_string}\"},\"query-input\":{\"@type\":\"PropertyValueSpecification\",\"valueRequired\":true,\"valueName\":\"search_term_string\"}}],\"inLanguage\":\"pt-PT\"},{\"@type\":\"Person\",\"@id\":\"https:\\\/\\\/www.alumni.space\\\/pt-pt\\\/#\\\/schema\\\/person\\\/fede362a57876edda476a61f05ce5b15\",\"name\":\"admin\",\"image\":{\"@type\":\"ImageObject\",\"inLanguage\":\"pt-PT\",\"@id\":\"https:\\\/\\\/secure.gravatar.com\\\/avatar\\\/318e234ae94f90d4d629428d6b983c08e31181c28f579e08a021180d759ea651?s=96&d=mm&r=g\",\"url\":\"https:\\\/\\\/secure.gravatar.com\\\/avatar\\\/318e234ae94f90d4d629428d6b983c08e31181c28f579e08a021180d759ea651?s=96&d=mm&r=g\",\"contentUrl\":\"https:\\\/\\\/secure.gravatar.com\\\/avatar\\\/318e234ae94f90d4d629428d6b983c08e31181c28f579e08a021180d759ea651?s=96&d=mm&r=g\",\"caption\":\"admin\"},\"description\":\"Nicolas Laustriat a construit sa sp\u00e9cialit\u00e9 sur un sujet que beaucoup d\u2019organisations d\u00e9couvrent trop tard : ce qui dispara\u00eet quand les gens partent. Dipl\u00f4m\u00e9 en conception de produit industriel, il bifurque vers le digital fin 1996, il couvre les transformations marques, RH, la fid\u00e9lisation, la marque employeur. Sur le terrain, il rep\u00e8re un angle mort r\u00e9current : l\u2019entreprise investit dans le recrutement, la formation, les process\u2026 puis laisse filer le lien au moment du d\u00e9part, avec une perte de savoir et d\u2019influence qui se paie en silence. Il se sp\u00e9cialise alors sur les communaut\u00e9s d\u2019alumni, le mentorat, l\u2019entraide interg\u00e9n\u00e9rationnelle et la transmission d\u2019expertise. Il passe du \u201cconstat\u201d aux m\u00e9thodes : animation, gouvernance, segmentation, rituels, mesure d\u2019engagement, articulation avec la RSE et l\u2019employabilit\u00e9. Il interviewe DRH, responsables formation, directions d\u2019\u00e9coles, associations et fondations, avec une obsession : transformer un r\u00e9seau dormant en m\u00e9canisme utile (cooptation, mentorat, job board, entraide, \u00e9v\u00e9nements, contenus). Son style : direct, orient\u00e9 action, sans folklore. Sa conviction : une communaut\u00e9 n\u2019a pas besoin de bruit, elle a besoin de raisons de revenir.\",\"sameAs\":[\"https:\\\/\\\/www.alumni.space\"]}]}<\/script>\n<!-- \/ Yoast SEO plugin. -->","yoast_head_json":{"title":"Pro leakage: um desafio fundamental para a log\u00edstica","description":"Descobre de que forma a sa\u00edda de condutores experientes est\u00e1 a ter impacto na log\u00edstica e o que podemos fazer para enfrentar este desafio crucial.","robots":{"index":"index","follow":"follow","max-snippet":"max-snippet:-1","max-image-preview":"max-image-preview:large","max-video-preview":"max-video-preview:-1"},"canonical":"https:\/\/www.alumni.space\/pt-pt\/a-saida-de-motoristas-experientes-um-grande-desafio-para-a-logistica\/","og_locale":"pt_PT","og_type":"article","og_title":"Pro leakage: um desafio fundamental para a log\u00edstica","og_description":"Descobre de que forma a sa\u00edda de condutores experientes est\u00e1 a ter impacto na log\u00edstica e o que podemos fazer para enfrentar este desafio crucial.","og_url":"https:\/\/www.alumni.space\/pt-pt\/a-saida-de-motoristas-experientes-um-grande-desafio-para-a-logistica\/","og_site_name":"Alumni.space","article_published_time":"2024-03-10T14:21:02+00:00","article_modified_time":"2026-04-02T12:06:24+00:00","og_image":[{"width":1280,"height":768,"url":"https:\/\/www.alumni.space\/wp-content\/uploads\/2026\/03\/Depart-des-conducteurs-experimentes-un-enjeu-majeur-pour-la-logistique.jpg","type":"image\/jpeg"}],"author":"admin","twitter_card":"summary_large_image","twitter_misc":{"Escrito por":"admin","Tempo estimado de leitura":"4 minutos"},"schema":{"@context":"https:\/\/schema.org","@graph":[{"@type":"Article","@id":"https:\/\/www.alumni.space\/pt-pt\/a-saida-de-motoristas-experientes-um-grande-desafio-para-a-logistica\/#article","isPartOf":{"@id":"https:\/\/www.alumni.space\/pt-pt\/a-saida-de-motoristas-experientes-um-grande-desafio-para-a-logistica\/"},"author":{"name":"admin","@id":"https:\/\/www.alumni.space\/pt-pt\/#\/schema\/person\/fede362a57876edda476a61f05ce5b15"},"headline":"A sa\u00edda de motoristas experientes: um grande desafio para a log\u00edstica","datePublished":"2024-03-10T14:21:02+00:00","dateModified":"2026-04-02T12:06:24+00:00","mainEntityOfPage":{"@id":"https:\/\/www.alumni.space\/pt-pt\/a-saida-de-motoristas-experientes-um-grande-desafio-para-a-logistica\/"},"wordCount":762,"image":{"@id":"https:\/\/www.alumni.space\/pt-pt\/a-saida-de-motoristas-experientes-um-grande-desafio-para-a-logistica\/#primaryimage"},"thumbnailUrl":"https:\/\/www.alumni.space\/wp-content\/uploads\/2026\/03\/Depart-des-conducteurs-experimentes-un-enjeu-majeur-pour-la-logistique.jpg","articleSection":["Recursos Humanos"],"inLanguage":"pt-PT"},{"@type":"WebPage","@id":"https:\/\/www.alumni.space\/pt-pt\/a-saida-de-motoristas-experientes-um-grande-desafio-para-a-logistica\/","url":"https:\/\/www.alumni.space\/pt-pt\/a-saida-de-motoristas-experientes-um-grande-desafio-para-a-logistica\/","name":"Pro leakage: um desafio fundamental para a log\u00edstica","isPartOf":{"@id":"https:\/\/www.alumni.space\/pt-pt\/#website"},"primaryImageOfPage":{"@id":"https:\/\/www.alumni.space\/pt-pt\/a-saida-de-motoristas-experientes-um-grande-desafio-para-a-logistica\/#primaryimage"},"image":{"@id":"https:\/\/www.alumni.space\/pt-pt\/a-saida-de-motoristas-experientes-um-grande-desafio-para-a-logistica\/#primaryimage"},"thumbnailUrl":"https:\/\/www.alumni.space\/wp-content\/uploads\/2026\/03\/Depart-des-conducteurs-experimentes-un-enjeu-majeur-pour-la-logistique.jpg","datePublished":"2024-03-10T14:21:02+00:00","dateModified":"2026-04-02T12:06:24+00:00","author":{"@id":"https:\/\/www.alumni.space\/pt-pt\/#\/schema\/person\/fede362a57876edda476a61f05ce5b15"},"description":"Descobre de que forma a sa\u00edda de condutores experientes est\u00e1 a ter impacto na log\u00edstica e o que podemos fazer para enfrentar este desafio crucial.","breadcrumb":{"@id":"https:\/\/www.alumni.space\/pt-pt\/a-saida-de-motoristas-experientes-um-grande-desafio-para-a-logistica\/#breadcrumb"},"inLanguage":"pt-PT","potentialAction":[{"@type":"ReadAction","target":["https:\/\/www.alumni.space\/pt-pt\/a-saida-de-motoristas-experientes-um-grande-desafio-para-a-logistica\/"]}]},{"@type":"ImageObject","inLanguage":"pt-PT","@id":"https:\/\/www.alumni.space\/pt-pt\/a-saida-de-motoristas-experientes-um-grande-desafio-para-a-logistica\/#primaryimage","url":"https:\/\/www.alumni.space\/wp-content\/uploads\/2026\/03\/Depart-des-conducteurs-experimentes-un-enjeu-majeur-pour-la-logistique.jpg","contentUrl":"https:\/\/www.alumni.space\/wp-content\/uploads\/2026\/03\/Depart-des-conducteurs-experimentes-un-enjeu-majeur-pour-la-logistique.jpg","width":1280,"height":768,"caption":"descobre como a sa\u00edda de motoristas experientes est\u00e1 a ter um impacto crucial no sector da log\u00edstica e quais os desafios a ultrapassar para garantir a continuidade das opera\u00e7\u00f5es."},{"@type":"BreadcrumbList","@id":"https:\/\/www.alumni.space\/pt-pt\/a-saida-de-motoristas-experientes-um-grande-desafio-para-a-logistica\/#breadcrumb","itemListElement":[{"@type":"ListItem","position":1,"name":"Home","item":"https:\/\/www.alumni.space\/pt-pt\/plataforma-de-gestao-de-mentores-e-antigos-alunos\/"},{"@type":"ListItem","position":2,"name":"A sa\u00edda de motoristas experientes: um grande desafio para a log\u00edstica"}]},{"@type":"WebSite","@id":"https:\/\/www.alumni.space\/pt-pt\/#website","url":"https:\/\/www.alumni.space\/pt-pt\/","name":"Alumni.space","description":"My WordPress Blog","potentialAction":[{"@type":"SearchAction","target":{"@type":"EntryPoint","urlTemplate":"https:\/\/www.alumni.space\/pt-pt\/?s={search_term_string}"},"query-input":{"@type":"PropertyValueSpecification","valueRequired":true,"valueName":"search_term_string"}}],"inLanguage":"pt-PT"},{"@type":"Person","@id":"https:\/\/www.alumni.space\/pt-pt\/#\/schema\/person\/fede362a57876edda476a61f05ce5b15","name":"admin","image":{"@type":"ImageObject","inLanguage":"pt-PT","@id":"https:\/\/secure.gravatar.com\/avatar\/318e234ae94f90d4d629428d6b983c08e31181c28f579e08a021180d759ea651?s=96&d=mm&r=g","url":"https:\/\/secure.gravatar.com\/avatar\/318e234ae94f90d4d629428d6b983c08e31181c28f579e08a021180d759ea651?s=96&d=mm&r=g","contentUrl":"https:\/\/secure.gravatar.com\/avatar\/318e234ae94f90d4d629428d6b983c08e31181c28f579e08a021180d759ea651?s=96&d=mm&r=g","caption":"admin"},"description":"Nicolas Laustriat a construit sa sp\u00e9cialit\u00e9 sur un sujet que beaucoup d\u2019organisations d\u00e9couvrent trop tard : ce qui dispara\u00eet quand les gens partent. Dipl\u00f4m\u00e9 en conception de produit industriel, il bifurque vers le digital fin 1996, il couvre les transformations marques, RH, la fid\u00e9lisation, la marque employeur. Sur le terrain, il rep\u00e8re un angle mort r\u00e9current : l\u2019entreprise investit dans le recrutement, la formation, les process\u2026 puis laisse filer le lien au moment du d\u00e9part, avec une perte de savoir et d\u2019influence qui se paie en silence. Il se sp\u00e9cialise alors sur les communaut\u00e9s d\u2019alumni, le mentorat, l\u2019entraide interg\u00e9n\u00e9rationnelle et la transmission d\u2019expertise. Il passe du \u201cconstat\u201d aux m\u00e9thodes : animation, gouvernance, segmentation, rituels, mesure d\u2019engagement, articulation avec la RSE et l\u2019employabilit\u00e9. Il interviewe DRH, responsables formation, directions d\u2019\u00e9coles, associations et fondations, avec une obsession : transformer un r\u00e9seau dormant en m\u00e9canisme utile (cooptation, mentorat, job board, entraide, \u00e9v\u00e9nements, contenus). Son style : direct, orient\u00e9 action, sans folklore. Sa conviction : une communaut\u00e9 n\u2019a pas besoin de bruit, elle a besoin de raisons de revenir.","sameAs":["https:\/\/www.alumni.space"]}]}},"_links":{"self":[{"href":"https:\/\/www.alumni.space\/pt-pt\/wp-json\/wp\/v2\/posts\/4992","targetHints":{"allow":["GET"]}}],"collection":[{"href":"https:\/\/www.alumni.space\/pt-pt\/wp-json\/wp\/v2\/posts"}],"about":[{"href":"https:\/\/www.alumni.space\/pt-pt\/wp-json\/wp\/v2\/types\/post"}],"author":[{"embeddable":true,"href":"https:\/\/www.alumni.space\/pt-pt\/wp-json\/wp\/v2\/users\/1"}],"replies":[{"embeddable":true,"href":"https:\/\/www.alumni.space\/pt-pt\/wp-json\/wp\/v2\/comments?post=4992"}],"version-history":[{"count":1,"href":"https:\/\/www.alumni.space\/pt-pt\/wp-json\/wp\/v2\/posts\/4992\/revisions"}],"predecessor-version":[{"id":4995,"href":"https:\/\/www.alumni.space\/pt-pt\/wp-json\/wp\/v2\/posts\/4992\/revisions\/4995"}],"wp:featuredmedia":[{"embeddable":true,"href":"https:\/\/www.alumni.space\/pt-pt\/wp-json\/wp\/v2\/media\/4994"}],"wp:attachment":[{"href":"https:\/\/www.alumni.space\/pt-pt\/wp-json\/wp\/v2\/media?parent=4992"}],"wp:term":[{"taxonomy":"category","embeddable":true,"href":"https:\/\/www.alumni.space\/pt-pt\/wp-json\/wp\/v2\/categories?post=4992"},{"taxonomy":"post_tag","embeddable":true,"href":"https:\/\/www.alumni.space\/pt-pt\/wp-json\/wp\/v2\/tags?post=4992"}],"curies":[{"name":"wp","href":"https:\/\/api.w.org\/{rel}","templated":true}]}}