{"id":4932,"date":"2025-05-16T22:18:10","date_gmt":"2025-05-16T22:18:10","guid":{"rendered":"https:\/\/www.alumni.space\/como-e-que-a-industria-automovel-esta-a-antecipar-a-perda-de-know-how\/"},"modified":"2026-03-28T10:45:52","modified_gmt":"2026-03-28T10:45:52","slug":"como-e-que-a-industria-automovel-esta-a-antecipar-a-perda-de-know-how","status":"publish","type":"post","link":"https:\/\/www.alumni.space\/pt-pt\/como-e-que-a-industria-automovel-esta-a-antecipar-a-perda-de-know-how\/","title":{"rendered":"Como \u00e9 que a ind\u00fastria autom\u00f3vel est\u00e1 a antecipar a perda de know-how?"},"content":{"rendered":"<div id=\"ez-toc-container\" class=\"ez-toc-v2_0_82_2 counter-flat ez-toc-counter ez-toc-grey ez-toc-container-direction\">\n<div class=\"ez-toc-title-container\"><p class=\"ez-toc-title\" style=\"cursor:inherit\">\u00cdndice deste artigo:<\/p>\n<\/div><nav><ul class='ez-toc-list ez-toc-list-level-1 ' ><li class='ez-toc-page-1'><a class=\"ez-toc-link ez-toc-heading-1\" href=\"https:\/\/www.alumni.space\/pt-pt\/como-e-que-a-industria-automovel-esta-a-antecipar-a-perda-de-know-how\/#Antecipar_a_perda_de_know-how_na_industria_automovel_questoes_e_realidades\" >Antecipar a perda de know-how na ind\u00fastria autom\u00f3vel: quest\u00f5es e realidades<\/a><\/li><li class='ez-toc-page-1'><a class=\"ez-toc-link ez-toc-heading-2\" href=\"https:\/\/www.alumni.space\/pt-pt\/como-e-que-a-industria-automovel-esta-a-antecipar-a-perda-de-know-how\/#As_consequencias_das_escolhas_estrategicas_de_externalizacao_na_perda_de_know-how\" >As consequ\u00eancias das escolhas estrat\u00e9gicas de externaliza\u00e7\u00e3o na perda de know-how<\/a><\/li><li class='ez-toc-page-1'><a class=\"ez-toc-link ez-toc-heading-3\" href=\"https:\/\/www.alumni.space\/pt-pt\/como-e-que-a-industria-automovel-esta-a-antecipar-a-perda-de-know-how\/#A_rapida_transformacao_e_a_necessidade_de_inovacao_educativa_na_mobilidade_com_baixas_emissoes_de_carbono\" >A r\u00e1pida transforma\u00e7\u00e3o e a necessidade de inova\u00e7\u00e3o educativa na mobilidade com baixas emiss\u00f5es de carbono<\/a><\/li><li class='ez-toc-page-1'><a class=\"ez-toc-link ez-toc-heading-4\" href=\"https:\/\/www.alumni.space\/pt-pt\/como-e-que-a-industria-automovel-esta-a-antecipar-a-perda-de-know-how\/#Integrar_a_comunidade_industrial_para_preservar_a_experiencia_e_apoiar_a_mudanca\" >Integrar a comunidade industrial para preservar a experi\u00eancia e apoiar a mudan\u00e7a<\/a><\/li><li class='ez-toc-page-1'><a class=\"ez-toc-link ez-toc-heading-5\" href=\"https:\/\/www.alumni.space\/pt-pt\/como-e-que-a-industria-automovel-esta-a-antecipar-a-perda-de-know-how\/#Mobilizar_os_recursos_humanos_para_a_inovacao_tecnologica_e_a_continuidade_das_competencias\" >Mobilizar os recursos humanos para a inova\u00e7\u00e3o tecnol\u00f3gica e a continuidade das compet\u00eancias<\/a><\/li><li class='ez-toc-page-1'><a class=\"ez-toc-link ez-toc-heading-6\" href=\"https:\/\/www.alumni.space\/pt-pt\/como-e-que-a-industria-automovel-esta-a-antecipar-a-perda-de-know-how\/#Implementar_uma_abordagem_estruturada_para_evitar_a_perda_de_know-how_na_industria_automovel\" >Implementar uma abordagem estruturada para evitar a perda de know-how na ind\u00fastria autom\u00f3vel<\/a><\/li><\/ul><\/nav><\/div>\n<h2 class=\"wp-block-heading\"><span class=\"ez-toc-section\" id=\"Antecipar_a_perda_de_know-how_na_industria_automovel_questoes_e_realidades\"><\/span>Antecipar a perda de know-how na ind\u00fastria autom\u00f3vel: quest\u00f5es e realidades<span class=\"ez-toc-section-end\"><\/span><\/h2><p>A ind\u00fastria autom\u00f3vel est\u00e1 a atravessar uma fase de profunda muta\u00e7\u00e3o, que p\u00f5e em evid\u00eancia um problema importante: a <strong>perda de know-how<\/strong>. Face \u00e0s mudan\u00e7as tecnol\u00f3gicas e \u00e0 r\u00e1pida evolu\u00e7\u00e3o dos m\u00e9todos de produ\u00e7\u00e3o, a quest\u00e3o da <strong>transmiss\u00e3o das compet\u00eancias<\/strong> torna-se crucial para a sobreviv\u00eancia da ind\u00fastria. Esta quest\u00e3o afecta n\u00e3o s\u00f3 <strong>os recursos humanos<\/strong>, mas tamb\u00e9m a estrat\u00e9gia global, nomeadamente em termos de <strong>forma\u00e7\u00e3o profissional<\/strong> e de desenvolvimento de compet\u00eancias.  <\/p><figure class=\"wp-block-image size-full\"><img decoding=\"async\" width=\"1280\" height=\"768\" src=\"https:\/\/www.alumni.space\/wp-content\/uploads\/2026\/03\/Comment-lindustrie-automobile-anticipe-t-elle-la-perte-des-savoir-faire-1-1.jpg\" data-orig-src=\"https:\/\/www.alumni.space\/wp-content\/uploads\/2026\/03\/Comment-lindustrie-automobile-anticipe-t-elle-la-perte-des-savoir-faire-1-1.jpg\" alt=\"descobre como a ind\u00fastria autom\u00f3vel se prepara para o futuro, antecipando a perda de know-how atrav\u00e9s da inova\u00e7\u00e3o, da forma\u00e7\u00e3o e da transfer\u00eancia de compet\u00eancias.\" class=\"lazyload wp-image-3285\" srcset=\"data:image\/svg+xml,%3Csvg%20xmlns%3D%27http%3A%2F%2Fwww.w3.org%2F2000%2Fsvg%27%20width%3D%271280%27%20height%3D%27768%27%20viewBox%3D%270%200%201280%20768%27%3E%3Crect%20width%3D%271280%27%20height%3D%27768%27%20fill-opacity%3D%220%22%2F%3E%3C%2Fsvg%3E\" data-srcset=\"https:\/\/www.alumni.space\/wp-content\/uploads\/2026\/03\/Comment-lindustrie-automobile-anticipe-t-elle-la-perte-des-savoir-faire-1-1-200x120.jpg 200w, https:\/\/www.alumni.space\/wp-content\/uploads\/2026\/03\/Comment-lindustrie-automobile-anticipe-t-elle-la-perte-des-savoir-faire-1-1-300x180.jpg 300w, https:\/\/www.alumni.space\/wp-content\/uploads\/2026\/03\/Comment-lindustrie-automobile-anticipe-t-elle-la-perte-des-savoir-faire-1-1-400x240.jpg 400w, https:\/\/www.alumni.space\/wp-content\/uploads\/2026\/03\/Comment-lindustrie-automobile-anticipe-t-elle-la-perte-des-savoir-faire-1-1-600x360.jpg 600w, https:\/\/www.alumni.space\/wp-content\/uploads\/2026\/03\/Comment-lindustrie-automobile-anticipe-t-elle-la-perte-des-savoir-faire-1-1-768x461.jpg 768w, https:\/\/www.alumni.space\/wp-content\/uploads\/2026\/03\/Comment-lindustrie-automobile-anticipe-t-elle-la-perte-des-savoir-faire-1-1-800x480.jpg 800w, https:\/\/www.alumni.space\/wp-content\/uploads\/2026\/03\/Comment-lindustrie-automobile-anticipe-t-elle-la-perte-des-savoir-faire-1-1-1024x614.jpg 1024w, https:\/\/www.alumni.space\/wp-content\/uploads\/2026\/03\/Comment-lindustrie-automobile-anticipe-t-elle-la-perte-des-savoir-faire-1-1-1200x720.jpg 1200w, https:\/\/www.alumni.space\/wp-content\/uploads\/2026\/03\/Comment-lindustrie-automobile-anticipe-t-elle-la-perte-des-savoir-faire-1-1.jpg 1280w\" data-sizes=\"auto\" data-orig-sizes=\"(max-width: 1280px) 100vw, 1280px\" \/><\/figure><h3 class=\"wp-block-heading\"><span class=\"ez-toc-section\" id=\"As_consequencias_das_escolhas_estrategicas_de_externalizacao_na_perda_de_know-how\"><\/span>As consequ\u00eancias das escolhas estrat\u00e9gicas de externaliza\u00e7\u00e3o na perda de know-how<span class=\"ez-toc-section-end\"><\/span><\/h3><p>A ind\u00fastria autom\u00f3vel europeia sofreu altera\u00e7\u00f5es estruturais marcadas por estrat\u00e9gias de externaliza\u00e7\u00e3o, nomeadamente entre os grandes grupos que se concentram na sua atividade principal. Estas decis\u00f5es, destinadas a aumentar a rentabilidade e a cota\u00e7\u00e3o das ac\u00e7\u00f5es, minaram os la\u00e7os de subcontrata\u00e7\u00e3o industrial local. O antigo dirigente do grupo Arche, l\u00edder franc\u00eas da fundi\u00e7\u00e3o de alum\u00ednio para autom\u00f3veis, ilustra como esta externaliza\u00e7\u00e3o progressiva contribuiu para o desaparecimento de numerosas f\u00e1bricas, sacrificando um saber-fazer inestim\u00e1vel.  <\/p><p>Esta perda tem implica\u00e7\u00f5es de grande alcance: n\u00e3o s\u00f3 tem impacto na cadeia de valor industrial, como tamb\u00e9m incentiva o decl\u00ednio de compet\u00eancias espec\u00edficas que s\u00e3o dif\u00edceis de recriar ou importar. Ao mesmo tempo, os actores asi\u00e1ticos beneficiaram da transfer\u00eancia de tecnologia, subindo na cadeia de valor atrav\u00e9s de uma integra\u00e7\u00e3o total e de uma forte capacidade de inova\u00e7\u00e3o em todas as fases da produ\u00e7\u00e3o. <\/p><p>Para manter uma vantagem competitiva, torna-se imperativo identificar e abordar os riscos associados \u00e0 perda de conhecimentos empresariais. A implementa\u00e7\u00e3o de um sistema <strong>de transfer\u00eancia de compet\u00eancias<\/strong>, apoiado por ferramentas digitais de gest\u00e3o e anima\u00e7\u00e3o de comunidades, \u00e9 uma resposta adequada. <\/p><h3 class=\"wp-block-heading\"><span class=\"ez-toc-section\" id=\"A_rapida_transformacao_e_a_necessidade_de_inovacao_educativa_na_mobilidade_com_baixas_emissoes_de_carbono\"><\/span>A r\u00e1pida transforma\u00e7\u00e3o e a necessidade de inova\u00e7\u00e3o educativa na mobilidade com baixas emiss\u00f5es de carbono<span class=\"ez-toc-section-end\"><\/span><\/h3><p>O aparecimento de ve\u00edculos el\u00e9ctricos e a necessidade de reduzir a pegada de carbono aumentam a complexidade industrial. A transi\u00e7\u00e3o para arquitecturas mais leves e mais eficientes do ponto de vista energ\u00e9tico, com uma propor\u00e7\u00e3o crescente de materiais de origem biol\u00f3gica ou reciclados, obriga tamb\u00e9m os intervenientes a rever os seus processos <strong>de manuten\u00e7\u00e3o industrial<\/strong> e a sua abordagem \u00e0 <strong>forma\u00e7\u00e3o profissional<\/strong>. <\/p><p>Ao mesmo tempo, a eletr\u00f3nica e o software est\u00e3o a tornar-se cada vez mais importantes, representando quase 35% do valor de um autom\u00f3vel el\u00e9trico at\u00e9 2030. Esta mudan\u00e7a exige uma redefini\u00e7\u00e3o dos perfis t\u00e9cnicos e uma renova\u00e7\u00e3o das compet\u00eancias ligadas \u00e0s t\u00e9cnicas de produ\u00e7\u00e3o e \u00e0 inova\u00e7\u00e3o. <\/p><p>Ao adotar solu\u00e7\u00f5es de digitaliza\u00e7\u00e3o e de coordena\u00e7\u00e3o das redes de peritos, podemos tirar partido do saber-fazer acumulado e acelerar o desenvolvimento de compet\u00eancias, facilitando os interc\u00e2mbios entre gera\u00e7\u00f5es, nomeadamente atrav\u00e9s da tutoria e da coopta\u00e7\u00e3o.<\/p><h3 class=\"wp-block-heading\"><span class=\"ez-toc-section\" id=\"Integrar_a_comunidade_industrial_para_preservar_a_experiencia_e_apoiar_a_mudanca\"><\/span>Integrar a comunidade industrial para preservar a experi\u00eancia e apoiar a mudan\u00e7a<span class=\"ez-toc-section-end\"><\/span><\/h3><p>A perda de know-how pode ser atenuada por uma forte pol\u00edtica de envolvimento da comunidade. Reunir antigos empregados, formar pares mentor-mentorando e desenvolver o apoio m\u00fatuo entre profissionais s\u00e3o ac\u00e7\u00f5es essenciais para estruturar a <strong>mem\u00f3ria organizacional<\/strong> e evitar uma rutura na transmiss\u00e3o. Isto aplica-se tanto aos departamentos de recursos humanos como \u00e0s sec\u00e7\u00f5es t\u00e9cnicas e \u00e0s organiza\u00e7\u00f5es de forma\u00e7\u00e3o.  <\/p><p>Os decisores devem orientar esta din\u00e2mica atrav\u00e9s de indicadores claros para medir a aceita\u00e7\u00e3o dos sistemas e o desenvolvimento de compet\u00eancias partilhadas. Uma plataforma SaaS para gerir e animar comunidades facilita esta governa\u00e7\u00e3o, federando redes de antigos alunos, eventos, ofertas de emprego e conhecimentos t\u00e9cnicos, evitando assim a dispers\u00e3o de ferramentas e a perda de informa\u00e7\u00e3o. <\/p><p>A integra\u00e7\u00e3o de solu\u00e7\u00f5es digitais n\u00e3o s\u00f3 optimiza o tempo gasto na forma\u00e7\u00e3o e na transfer\u00eancia de conhecimentos industriais, como tamb\u00e9m limita o custo oculto do esquecimento de conhecimentos essenciais quando um especialista deixa a empresa.<\/p><h2 class=\"wp-block-heading\"><span class=\"ez-toc-section\" id=\"Mobilizar_os_recursos_humanos_para_a_inovacao_tecnologica_e_a_continuidade_das_competencias\"><\/span>Mobilizar os recursos humanos para a inova\u00e7\u00e3o tecnol\u00f3gica e a continuidade das compet\u00eancias<span class=\"ez-toc-section-end\"><\/span><\/h2><p>As iniciativas actuais promovem a aprendizagem ao longo da vida e a inova\u00e7\u00e3o educativa para apoiar a transforma\u00e7\u00e3o industrial. Num sector confrontado com a deslocaliza\u00e7\u00e3o de centros de produ\u00e7\u00e3o para a \u00c1sia, a reconquista da ind\u00fastria exigir\u00e1 programas mais coerentes de integra\u00e7\u00e3o, forma\u00e7\u00e3o profissional e reconhecimento de talentos, no \u00e2mbito de um di\u00e1logo mais estreito entre escolas, centros de forma\u00e7\u00e3o, associa\u00e7\u00f5es e empresas. <\/p><p>As campanhas de coopta\u00e7\u00e3o orientadas, a organiza\u00e7\u00e3o regular de eventos e a cria\u00e7\u00e3o de bibliotecas de documentos espec\u00edficas contribuem para refor\u00e7ar os la\u00e7os entre gera\u00e7\u00f5es e apoiar a transfer\u00eancia de experi\u00eancias num contexto industrial cada vez mais digitalizado.<\/p><p>As redes de antigos alunos parecem constituir uma alavanca estrat\u00e9gica para fidelizar os talentos, refor\u00e7ar a imagem de marca junto dos quadros superiores e favorecer o empenhamento a longo prazo, dando continuidade ao saber-fazer e ao esp\u00edrito de inova\u00e7\u00e3o na empresa.<\/p><h3 class=\"wp-block-heading\"><span class=\"ez-toc-section\" id=\"Implementar_uma_abordagem_estruturada_para_evitar_a_perda_de_know-how_na_industria_automovel\"><\/span>Implementar uma abordagem estruturada para evitar a perda de know-how na ind\u00fastria autom\u00f3vel<span class=\"ez-toc-section-end\"><\/span><\/h3><p>O desafio \u00e9 estabelecer um ritual em que a transmiss\u00e3o se torne parte integrante da rotina di\u00e1ria das equipas. A identifica\u00e7\u00e3o das compet\u00eancias cr\u00edticas, a defini\u00e7\u00e3o dos pap\u00e9is de cada interveniente (mentores, peritos, recursos humanos) e a programa\u00e7\u00e3o de ciclos regulares de interc\u00e2mbio e de forma\u00e7\u00e3o s\u00e3o essenciais. <\/p><p>O apoio de uma plataforma de colabora\u00e7\u00e3o evita a prolifera\u00e7\u00e3o de ferramentas d\u00edspares e facilita a gest\u00e3o destes sistemas. A visibilidade oferecida por estes sistemas permite acompanhar a ado\u00e7\u00e3o, rentabilizar o tempo investido e ajustar as estrat\u00e9gias em tempo real. <\/p><p>Para aprofundar estas reflex\u00f5es e visualizar experi\u00eancias concretas de preserva\u00e7\u00e3o do saber-fazer na ind\u00fastria, <a href=\"https:\/\/www.alumni.space\/pt-pt\/como-e-que-podemos-evitar-a-perda-de-competencias-na-manutencao-industrial\/\">a consulta deste recurso<\/a> abre pistas de a\u00e7\u00e3o que podem ser aplicadas imediatamente. Da mesma forma, <a href=\"https:\/\/www.entreprises.gouv.fr\/files\/files\/Publications\/2022\/Themas\/4-transformations-et-defis-de-la-filiere-auto.pdf\">esta vis\u00e3o global da transforma\u00e7\u00e3o do sector<\/a> fornece um quadro s\u00f3lido para integrar a dimens\u00e3o industrial numa din\u00e2mica comunit\u00e1ria. <\/p>","protected":false},"excerpt":{"rendered":"<p>Antecipar a perda de know-how na ind\u00fastria autom\u00f3vel: quest\u00f5es e  [&#8230;]<\/p>\n","protected":false},"author":1,"featured_media":4934,"comment_status":"closed","ping_status":"closed","sticky":false,"template":"","format":"standard","meta":{"_ayudawp_aiss_exclude":false,"footnotes":""},"categories":[69],"tags":[],"class_list":["post-4932","post","type-post","status-publish","format-standard","has-post-thumbnail","hentry","category-partilha-de-conhecimentos"],"yoast_head":"<!-- This site is optimized with the Yoast SEO plugin v27.4 - https:\/\/yoast.com\/product\/yoast-seo-wordpress\/ -->\n<title>A ind\u00fastria autom\u00f3vel: preservar o know-how face aos desafios<\/title>\n<meta name=\"description\" content=\"Descobre como a ind\u00fastria autom\u00f3vel se prepara para o futuro, antecipando a perda de know-how que \u00e9 essencial para se manter competitiva e inovadora.\" \/>\n<meta name=\"robots\" content=\"index, follow, max-snippet:-1, max-image-preview:large, max-video-preview:-1\" \/>\n<link rel=\"canonical\" href=\"https:\/\/www.alumni.space\/pt-pt\/como-e-que-a-industria-automovel-esta-a-antecipar-a-perda-de-know-how\/\" \/>\n<meta property=\"og:locale\" content=\"pt_PT\" \/>\n<meta property=\"og:type\" content=\"article\" \/>\n<meta property=\"og:title\" content=\"A ind\u00fastria autom\u00f3vel: preservar o know-how face aos desafios\" \/>\n<meta property=\"og:description\" content=\"Descobre como a ind\u00fastria autom\u00f3vel se prepara para o futuro, antecipando a perda de know-how que \u00e9 essencial para se manter competitiva e inovadora.\" \/>\n<meta property=\"og:url\" content=\"https:\/\/www.alumni.space\/pt-pt\/como-e-que-a-industria-automovel-esta-a-antecipar-a-perda-de-know-how\/\" \/>\n<meta property=\"og:site_name\" content=\"Alumni.space\" \/>\n<meta property=\"article:published_time\" content=\"2025-05-16T22:18:10+00:00\" \/>\n<meta property=\"article:modified_time\" content=\"2026-03-28T10:45:52+00:00\" \/>\n<meta property=\"og:image\" content=\"https:\/\/www.alumni.space\/wp-content\/uploads\/2026\/03\/Comment-lindustrie-automobile-anticipe-t-elle-la-perte-des-savoir-faire-.jpg\" \/>\n\t<meta property=\"og:image:width\" content=\"1280\" \/>\n\t<meta property=\"og:image:height\" content=\"768\" \/>\n\t<meta property=\"og:image:type\" content=\"image\/jpeg\" \/>\n<meta name=\"author\" content=\"admin\" \/>\n<meta name=\"twitter:card\" content=\"summary_large_image\" \/>\n<meta name=\"twitter:label1\" content=\"Escrito por\" \/>\n\t<meta name=\"twitter:data1\" content=\"admin\" \/>\n\t<meta name=\"twitter:label2\" content=\"Tempo estimado de leitura\" \/>\n\t<meta name=\"twitter:data2\" content=\"5 minutos\" \/>\n<script type=\"application\/ld+json\" class=\"yoast-schema-graph\">{\"@context\":\"https:\\\/\\\/schema.org\",\"@graph\":[{\"@type\":\"Article\",\"@id\":\"https:\\\/\\\/www.alumni.space\\\/pt-pt\\\/como-e-que-a-industria-automovel-esta-a-antecipar-a-perda-de-know-how\\\/#article\",\"isPartOf\":{\"@id\":\"https:\\\/\\\/www.alumni.space\\\/pt-pt\\\/como-e-que-a-industria-automovel-esta-a-antecipar-a-perda-de-know-how\\\/\"},\"author\":{\"name\":\"admin\",\"@id\":\"https:\\\/\\\/www.alumni.space\\\/pt-pt\\\/#\\\/schema\\\/person\\\/fede362a57876edda476a61f05ce5b15\"},\"headline\":\"Como \u00e9 que a ind\u00fastria autom\u00f3vel est\u00e1 a antecipar a perda de know-how?\",\"datePublished\":\"2025-05-16T22:18:10+00:00\",\"dateModified\":\"2026-03-28T10:45:52+00:00\",\"mainEntityOfPage\":{\"@id\":\"https:\\\/\\\/www.alumni.space\\\/pt-pt\\\/como-e-que-a-industria-automovel-esta-a-antecipar-a-perda-de-know-how\\\/\"},\"wordCount\":1087,\"image\":{\"@id\":\"https:\\\/\\\/www.alumni.space\\\/pt-pt\\\/como-e-que-a-industria-automovel-esta-a-antecipar-a-perda-de-know-how\\\/#primaryimage\"},\"thumbnailUrl\":\"https:\\\/\\\/www.alumni.space\\\/wp-content\\\/uploads\\\/2026\\\/03\\\/Comment-lindustrie-automobile-anticipe-t-elle-la-perte-des-savoir-faire-.jpg\",\"articleSection\":[\"Partilha de conhecimentos\"],\"inLanguage\":\"pt-PT\"},{\"@type\":\"WebPage\",\"@id\":\"https:\\\/\\\/www.alumni.space\\\/pt-pt\\\/como-e-que-a-industria-automovel-esta-a-antecipar-a-perda-de-know-how\\\/\",\"url\":\"https:\\\/\\\/www.alumni.space\\\/pt-pt\\\/como-e-que-a-industria-automovel-esta-a-antecipar-a-perda-de-know-how\\\/\",\"name\":\"A ind\u00fastria autom\u00f3vel: preservar o know-how face aos desafios\",\"isPartOf\":{\"@id\":\"https:\\\/\\\/www.alumni.space\\\/pt-pt\\\/#website\"},\"primaryImageOfPage\":{\"@id\":\"https:\\\/\\\/www.alumni.space\\\/pt-pt\\\/como-e-que-a-industria-automovel-esta-a-antecipar-a-perda-de-know-how\\\/#primaryimage\"},\"image\":{\"@id\":\"https:\\\/\\\/www.alumni.space\\\/pt-pt\\\/como-e-que-a-industria-automovel-esta-a-antecipar-a-perda-de-know-how\\\/#primaryimage\"},\"thumbnailUrl\":\"https:\\\/\\\/www.alumni.space\\\/wp-content\\\/uploads\\\/2026\\\/03\\\/Comment-lindustrie-automobile-anticipe-t-elle-la-perte-des-savoir-faire-.jpg\",\"datePublished\":\"2025-05-16T22:18:10+00:00\",\"dateModified\":\"2026-03-28T10:45:52+00:00\",\"author\":{\"@id\":\"https:\\\/\\\/www.alumni.space\\\/pt-pt\\\/#\\\/schema\\\/person\\\/fede362a57876edda476a61f05ce5b15\"},\"description\":\"Descobre como a ind\u00fastria autom\u00f3vel se prepara para o futuro, antecipando a perda de know-how que \u00e9 essencial para se manter competitiva e inovadora.\",\"breadcrumb\":{\"@id\":\"https:\\\/\\\/www.alumni.space\\\/pt-pt\\\/como-e-que-a-industria-automovel-esta-a-antecipar-a-perda-de-know-how\\\/#breadcrumb\"},\"inLanguage\":\"pt-PT\",\"potentialAction\":[{\"@type\":\"ReadAction\",\"target\":[\"https:\\\/\\\/www.alumni.space\\\/pt-pt\\\/como-e-que-a-industria-automovel-esta-a-antecipar-a-perda-de-know-how\\\/\"]}]},{\"@type\":\"ImageObject\",\"inLanguage\":\"pt-PT\",\"@id\":\"https:\\\/\\\/www.alumni.space\\\/pt-pt\\\/como-e-que-a-industria-automovel-esta-a-antecipar-a-perda-de-know-how\\\/#primaryimage\",\"url\":\"https:\\\/\\\/www.alumni.space\\\/wp-content\\\/uploads\\\/2026\\\/03\\\/Comment-lindustrie-automobile-anticipe-t-elle-la-perte-des-savoir-faire-.jpg\",\"contentUrl\":\"https:\\\/\\\/www.alumni.space\\\/wp-content\\\/uploads\\\/2026\\\/03\\\/Comment-lindustrie-automobile-anticipe-t-elle-la-perte-des-savoir-faire-.jpg\",\"width\":1280,\"height\":768,\"caption\":\"descobre como a ind\u00fastria autom\u00f3vel se prepara para o futuro, antecipando e preservando as suas compet\u00eancias face \u00e0 evolu\u00e7\u00e3o tecnol\u00f3gica e aos desafios do mercado.\"},{\"@type\":\"BreadcrumbList\",\"@id\":\"https:\\\/\\\/www.alumni.space\\\/pt-pt\\\/como-e-que-a-industria-automovel-esta-a-antecipar-a-perda-de-know-how\\\/#breadcrumb\",\"itemListElement\":[{\"@type\":\"ListItem\",\"position\":1,\"name\":\"Home\",\"item\":\"https:\\\/\\\/www.alumni.space\\\/pt-pt\\\/plataforma-de-gestao-de-mentores-e-antigos-alunos\\\/\"},{\"@type\":\"ListItem\",\"position\":2,\"name\":\"Como \u00e9 que a ind\u00fastria autom\u00f3vel est\u00e1 a antecipar a perda de know-how?\"}]},{\"@type\":\"WebSite\",\"@id\":\"https:\\\/\\\/www.alumni.space\\\/pt-pt\\\/#website\",\"url\":\"https:\\\/\\\/www.alumni.space\\\/pt-pt\\\/\",\"name\":\"Alumni.space\",\"description\":\"My WordPress Blog\",\"potentialAction\":[{\"@type\":\"SearchAction\",\"target\":{\"@type\":\"EntryPoint\",\"urlTemplate\":\"https:\\\/\\\/www.alumni.space\\\/pt-pt\\\/?s={search_term_string}\"},\"query-input\":{\"@type\":\"PropertyValueSpecification\",\"valueRequired\":true,\"valueName\":\"search_term_string\"}}],\"inLanguage\":\"pt-PT\"},{\"@type\":\"Person\",\"@id\":\"https:\\\/\\\/www.alumni.space\\\/pt-pt\\\/#\\\/schema\\\/person\\\/fede362a57876edda476a61f05ce5b15\",\"name\":\"admin\",\"image\":{\"@type\":\"ImageObject\",\"inLanguage\":\"pt-PT\",\"@id\":\"https:\\\/\\\/secure.gravatar.com\\\/avatar\\\/318e234ae94f90d4d629428d6b983c08e31181c28f579e08a021180d759ea651?s=96&d=mm&r=g\",\"url\":\"https:\\\/\\\/secure.gravatar.com\\\/avatar\\\/318e234ae94f90d4d629428d6b983c08e31181c28f579e08a021180d759ea651?s=96&d=mm&r=g\",\"contentUrl\":\"https:\\\/\\\/secure.gravatar.com\\\/avatar\\\/318e234ae94f90d4d629428d6b983c08e31181c28f579e08a021180d759ea651?s=96&d=mm&r=g\",\"caption\":\"admin\"},\"description\":\"Nicolas Laustriat a construit sa sp\u00e9cialit\u00e9 sur un sujet que beaucoup d\u2019organisations d\u00e9couvrent trop tard : ce qui dispara\u00eet quand les gens partent. Dipl\u00f4m\u00e9 en conception de produit industriel, il bifurque vers le digital fin 1996, il couvre les transformations marques, RH, la fid\u00e9lisation, la marque employeur. Sur le terrain, il rep\u00e8re un angle mort r\u00e9current : l\u2019entreprise investit dans le recrutement, la formation, les process\u2026 puis laisse filer le lien au moment du d\u00e9part, avec une perte de savoir et d\u2019influence qui se paie en silence. Il se sp\u00e9cialise alors sur les communaut\u00e9s d\u2019alumni, le mentorat, l\u2019entraide interg\u00e9n\u00e9rationnelle et la transmission d\u2019expertise. Il passe du \u201cconstat\u201d aux m\u00e9thodes : animation, gouvernance, segmentation, rituels, mesure d\u2019engagement, articulation avec la RSE et l\u2019employabilit\u00e9. Il interviewe DRH, responsables formation, directions d\u2019\u00e9coles, associations et fondations, avec une obsession : transformer un r\u00e9seau dormant en m\u00e9canisme utile (cooptation, mentorat, job board, entraide, \u00e9v\u00e9nements, contenus). Son style : direct, orient\u00e9 action, sans folklore. Sa conviction : une communaut\u00e9 n\u2019a pas besoin de bruit, elle a besoin de raisons de revenir.\",\"sameAs\":[\"https:\\\/\\\/www.alumni.space\"]}]}<\/script>\n<!-- \/ Yoast SEO plugin. -->","yoast_head_json":{"title":"A ind\u00fastria autom\u00f3vel: preservar o know-how face aos desafios","description":"Descobre como a ind\u00fastria autom\u00f3vel se prepara para o futuro, antecipando a perda de know-how que \u00e9 essencial para se manter competitiva e inovadora.","robots":{"index":"index","follow":"follow","max-snippet":"max-snippet:-1","max-image-preview":"max-image-preview:large","max-video-preview":"max-video-preview:-1"},"canonical":"https:\/\/www.alumni.space\/pt-pt\/como-e-que-a-industria-automovel-esta-a-antecipar-a-perda-de-know-how\/","og_locale":"pt_PT","og_type":"article","og_title":"A ind\u00fastria autom\u00f3vel: preservar o know-how face aos desafios","og_description":"Descobre como a ind\u00fastria autom\u00f3vel se prepara para o futuro, antecipando a perda de know-how que \u00e9 essencial para se manter competitiva e inovadora.","og_url":"https:\/\/www.alumni.space\/pt-pt\/como-e-que-a-industria-automovel-esta-a-antecipar-a-perda-de-know-how\/","og_site_name":"Alumni.space","article_published_time":"2025-05-16T22:18:10+00:00","article_modified_time":"2026-03-28T10:45:52+00:00","og_image":[{"width":1280,"height":768,"url":"https:\/\/www.alumni.space\/wp-content\/uploads\/2026\/03\/Comment-lindustrie-automobile-anticipe-t-elle-la-perte-des-savoir-faire-.jpg","type":"image\/jpeg"}],"author":"admin","twitter_card":"summary_large_image","twitter_misc":{"Escrito por":"admin","Tempo estimado de leitura":"5 minutos"},"schema":{"@context":"https:\/\/schema.org","@graph":[{"@type":"Article","@id":"https:\/\/www.alumni.space\/pt-pt\/como-e-que-a-industria-automovel-esta-a-antecipar-a-perda-de-know-how\/#article","isPartOf":{"@id":"https:\/\/www.alumni.space\/pt-pt\/como-e-que-a-industria-automovel-esta-a-antecipar-a-perda-de-know-how\/"},"author":{"name":"admin","@id":"https:\/\/www.alumni.space\/pt-pt\/#\/schema\/person\/fede362a57876edda476a61f05ce5b15"},"headline":"Como \u00e9 que a ind\u00fastria autom\u00f3vel est\u00e1 a antecipar a perda de know-how?","datePublished":"2025-05-16T22:18:10+00:00","dateModified":"2026-03-28T10:45:52+00:00","mainEntityOfPage":{"@id":"https:\/\/www.alumni.space\/pt-pt\/como-e-que-a-industria-automovel-esta-a-antecipar-a-perda-de-know-how\/"},"wordCount":1087,"image":{"@id":"https:\/\/www.alumni.space\/pt-pt\/como-e-que-a-industria-automovel-esta-a-antecipar-a-perda-de-know-how\/#primaryimage"},"thumbnailUrl":"https:\/\/www.alumni.space\/wp-content\/uploads\/2026\/03\/Comment-lindustrie-automobile-anticipe-t-elle-la-perte-des-savoir-faire-.jpg","articleSection":["Partilha de conhecimentos"],"inLanguage":"pt-PT"},{"@type":"WebPage","@id":"https:\/\/www.alumni.space\/pt-pt\/como-e-que-a-industria-automovel-esta-a-antecipar-a-perda-de-know-how\/","url":"https:\/\/www.alumni.space\/pt-pt\/como-e-que-a-industria-automovel-esta-a-antecipar-a-perda-de-know-how\/","name":"A ind\u00fastria autom\u00f3vel: preservar o know-how face aos desafios","isPartOf":{"@id":"https:\/\/www.alumni.space\/pt-pt\/#website"},"primaryImageOfPage":{"@id":"https:\/\/www.alumni.space\/pt-pt\/como-e-que-a-industria-automovel-esta-a-antecipar-a-perda-de-know-how\/#primaryimage"},"image":{"@id":"https:\/\/www.alumni.space\/pt-pt\/como-e-que-a-industria-automovel-esta-a-antecipar-a-perda-de-know-how\/#primaryimage"},"thumbnailUrl":"https:\/\/www.alumni.space\/wp-content\/uploads\/2026\/03\/Comment-lindustrie-automobile-anticipe-t-elle-la-perte-des-savoir-faire-.jpg","datePublished":"2025-05-16T22:18:10+00:00","dateModified":"2026-03-28T10:45:52+00:00","author":{"@id":"https:\/\/www.alumni.space\/pt-pt\/#\/schema\/person\/fede362a57876edda476a61f05ce5b15"},"description":"Descobre como a ind\u00fastria autom\u00f3vel se prepara para o futuro, antecipando a perda de know-how que \u00e9 essencial para se manter competitiva e inovadora.","breadcrumb":{"@id":"https:\/\/www.alumni.space\/pt-pt\/como-e-que-a-industria-automovel-esta-a-antecipar-a-perda-de-know-how\/#breadcrumb"},"inLanguage":"pt-PT","potentialAction":[{"@type":"ReadAction","target":["https:\/\/www.alumni.space\/pt-pt\/como-e-que-a-industria-automovel-esta-a-antecipar-a-perda-de-know-how\/"]}]},{"@type":"ImageObject","inLanguage":"pt-PT","@id":"https:\/\/www.alumni.space\/pt-pt\/como-e-que-a-industria-automovel-esta-a-antecipar-a-perda-de-know-how\/#primaryimage","url":"https:\/\/www.alumni.space\/wp-content\/uploads\/2026\/03\/Comment-lindustrie-automobile-anticipe-t-elle-la-perte-des-savoir-faire-.jpg","contentUrl":"https:\/\/www.alumni.space\/wp-content\/uploads\/2026\/03\/Comment-lindustrie-automobile-anticipe-t-elle-la-perte-des-savoir-faire-.jpg","width":1280,"height":768,"caption":"descobre como a ind\u00fastria autom\u00f3vel se prepara para o futuro, antecipando e preservando as suas compet\u00eancias face \u00e0 evolu\u00e7\u00e3o tecnol\u00f3gica e aos desafios do mercado."},{"@type":"BreadcrumbList","@id":"https:\/\/www.alumni.space\/pt-pt\/como-e-que-a-industria-automovel-esta-a-antecipar-a-perda-de-know-how\/#breadcrumb","itemListElement":[{"@type":"ListItem","position":1,"name":"Home","item":"https:\/\/www.alumni.space\/pt-pt\/plataforma-de-gestao-de-mentores-e-antigos-alunos\/"},{"@type":"ListItem","position":2,"name":"Como \u00e9 que a ind\u00fastria autom\u00f3vel est\u00e1 a antecipar a perda de know-how?"}]},{"@type":"WebSite","@id":"https:\/\/www.alumni.space\/pt-pt\/#website","url":"https:\/\/www.alumni.space\/pt-pt\/","name":"Alumni.space","description":"My WordPress Blog","potentialAction":[{"@type":"SearchAction","target":{"@type":"EntryPoint","urlTemplate":"https:\/\/www.alumni.space\/pt-pt\/?s={search_term_string}"},"query-input":{"@type":"PropertyValueSpecification","valueRequired":true,"valueName":"search_term_string"}}],"inLanguage":"pt-PT"},{"@type":"Person","@id":"https:\/\/www.alumni.space\/pt-pt\/#\/schema\/person\/fede362a57876edda476a61f05ce5b15","name":"admin","image":{"@type":"ImageObject","inLanguage":"pt-PT","@id":"https:\/\/secure.gravatar.com\/avatar\/318e234ae94f90d4d629428d6b983c08e31181c28f579e08a021180d759ea651?s=96&d=mm&r=g","url":"https:\/\/secure.gravatar.com\/avatar\/318e234ae94f90d4d629428d6b983c08e31181c28f579e08a021180d759ea651?s=96&d=mm&r=g","contentUrl":"https:\/\/secure.gravatar.com\/avatar\/318e234ae94f90d4d629428d6b983c08e31181c28f579e08a021180d759ea651?s=96&d=mm&r=g","caption":"admin"},"description":"Nicolas Laustriat a construit sa sp\u00e9cialit\u00e9 sur un sujet que beaucoup d\u2019organisations d\u00e9couvrent trop tard : ce qui dispara\u00eet quand les gens partent. Dipl\u00f4m\u00e9 en conception de produit industriel, il bifurque vers le digital fin 1996, il couvre les transformations marques, RH, la fid\u00e9lisation, la marque employeur. Sur le terrain, il rep\u00e8re un angle mort r\u00e9current : l\u2019entreprise investit dans le recrutement, la formation, les process\u2026 puis laisse filer le lien au moment du d\u00e9part, avec une perte de savoir et d\u2019influence qui se paie en silence. Il se sp\u00e9cialise alors sur les communaut\u00e9s d\u2019alumni, le mentorat, l\u2019entraide interg\u00e9n\u00e9rationnelle et la transmission d\u2019expertise. Il passe du \u201cconstat\u201d aux m\u00e9thodes : animation, gouvernance, segmentation, rituels, mesure d\u2019engagement, articulation avec la RSE et l\u2019employabilit\u00e9. Il interviewe DRH, responsables formation, directions d\u2019\u00e9coles, associations et fondations, avec une obsession : transformer un r\u00e9seau dormant en m\u00e9canisme utile (cooptation, mentorat, job board, entraide, \u00e9v\u00e9nements, contenus). Son style : direct, orient\u00e9 action, sans folklore. Sa conviction : une communaut\u00e9 n\u2019a pas besoin de bruit, elle a besoin de raisons de revenir.","sameAs":["https:\/\/www.alumni.space"]}]}},"_links":{"self":[{"href":"https:\/\/www.alumni.space\/pt-pt\/wp-json\/wp\/v2\/posts\/4932","targetHints":{"allow":["GET"]}}],"collection":[{"href":"https:\/\/www.alumni.space\/pt-pt\/wp-json\/wp\/v2\/posts"}],"about":[{"href":"https:\/\/www.alumni.space\/pt-pt\/wp-json\/wp\/v2\/types\/post"}],"author":[{"embeddable":true,"href":"https:\/\/www.alumni.space\/pt-pt\/wp-json\/wp\/v2\/users\/1"}],"replies":[{"embeddable":true,"href":"https:\/\/www.alumni.space\/pt-pt\/wp-json\/wp\/v2\/comments?post=4932"}],"version-history":[{"count":3,"href":"https:\/\/www.alumni.space\/pt-pt\/wp-json\/wp\/v2\/posts\/4932\/revisions"}],"predecessor-version":[{"id":6448,"href":"https:\/\/www.alumni.space\/pt-pt\/wp-json\/wp\/v2\/posts\/4932\/revisions\/6448"}],"wp:featuredmedia":[{"embeddable":true,"href":"https:\/\/www.alumni.space\/pt-pt\/wp-json\/wp\/v2\/media\/4934"}],"wp:attachment":[{"href":"https:\/\/www.alumni.space\/pt-pt\/wp-json\/wp\/v2\/media?parent=4932"}],"wp:term":[{"taxonomy":"category","embeddable":true,"href":"https:\/\/www.alumni.space\/pt-pt\/wp-json\/wp\/v2\/categories?post=4932"},{"taxonomy":"post_tag","embeddable":true,"href":"https:\/\/www.alumni.space\/pt-pt\/wp-json\/wp\/v2\/tags?post=4932"}],"curies":[{"name":"wp","href":"https:\/\/api.w.org\/{rel}","templated":true}]}}