{"id":4908,"date":"2025-12-09T20:27:10","date_gmt":"2025-12-09T20:27:10","guid":{"rendered":"https:\/\/www.alumni.space\/mentoring-uma-chave-para-desenvolver-a-confianca-dos-jovens\/"},"modified":"2026-03-28T10:47:51","modified_gmt":"2026-03-28T10:47:51","slug":"mentoring-uma-chave-para-desenvolver-a-confianca-dos-jovens","status":"publish","type":"post","link":"https:\/\/www.alumni.space\/pt-pt\/mentoring-uma-chave-para-desenvolver-a-confianca-dos-jovens\/","title":{"rendered":"Mentoring: uma chave para desenvolver a confian\u00e7a dos jovens"},"content":{"rendered":"<p>O panorama da integra\u00e7\u00e3o profissional em 2026 deixa uma coisa bem clara: um diploma j\u00e1 n\u00e3o \u00e9 suficiente para te fazer passar pelas portas das grandes empresas. As redes invis\u00edveis e os c\u00f3digos sociais ditam muitas vezes os percursos profissionais de sucesso. Neste contexto, <strong>o mentoring<\/strong> surge como uma poderosa alavanca de transforma\u00e7\u00e3o social, capaz de quebrar os tectos de vidro de milhares de talentos promissores.  <\/p><p>N\u00fameros recentes revelam uma realidade interessante para as organiza\u00e7\u00f5es envolvidas nesta abordagem. Cerca de 90% dos benefici\u00e1rios afirmam ter encontrado o seu rumo gra\u00e7as a este apoio externo. Mais do que um simples aconselhamento, este processo gera uma verdadeira <strong>motiva\u00e7\u00e3o<\/strong> intr\u00ednseca. A aquisi\u00e7\u00e3o de uma <strong>confian\u00e7a<\/strong> s\u00f3lida nas suas capacidades torna-se a principal for\u00e7a motriz deste <strong>crescimento<\/strong> individual.   <\/p><div id=\"ez-toc-container\" class=\"ez-toc-v2_0_82_2 counter-flat ez-toc-counter ez-toc-grey ez-toc-container-direction\">\n<div class=\"ez-toc-title-container\"><p class=\"ez-toc-title\" style=\"cursor:inherit\">\u00cdndice deste artigo:<\/p>\n<\/div><nav><ul class='ez-toc-list ez-toc-list-level-1 ' ><li class='ez-toc-page-1'><a class=\"ez-toc-link ez-toc-heading-1\" href=\"https:\/\/www.alumni.space\/pt-pt\/mentoring-uma-chave-para-desenvolver-a-confianca-dos-jovens\/#O_impacto_mensuravel_do_apoio_estruturado_nos_percursos_profissionais\" >O impacto mensur\u00e1vel do apoio estruturado nos percursos profissionais<\/a><\/li><li class='ez-toc-page-1'><a class=\"ez-toc-link ez-toc-heading-2\" href=\"https:\/\/www.alumni.space\/pt-pt\/mentoring-uma-chave-para-desenvolver-a-confianca-dos-jovens\/#Criar_lacos_duradouros_para_uma_integracao_bem_sucedida\" >Criar la\u00e7os duradouros para uma integra\u00e7\u00e3o bem sucedida<\/a><\/li><li class='ez-toc-page-1'><a class=\"ez-toc-link ez-toc-heading-3\" href=\"https:\/\/www.alumni.space\/pt-pt\/mentoring-uma-chave-para-desenvolver-a-confianca-dos-jovens\/#A_tutoria_como_pilar_estrategico_da_responsabilidade_social_das_empresas\" >A tutoria como pilar estrat\u00e9gico da responsabilidade social das empresas<\/a><\/li><li class='ez-toc-page-1'><a class=\"ez-toc-link ez-toc-heading-4\" href=\"https:\/\/www.alumni.space\/pt-pt\/mentoring-uma-chave-para-desenvolver-a-confianca-dos-jovens\/#Industrializar_a_benevolencia_sem_perder_o_toque_humano\" >Industrializar a benevol\u00eancia sem perder o toque humano<\/a><\/li><\/ul><\/nav><\/div>\n<h2 class=\"wp-block-heading\"><span class=\"ez-toc-section\" id=\"O_impacto_mensuravel_do_apoio_estruturado_nos_percursos_profissionais\"><\/span>O impacto mensur\u00e1vel do apoio estruturado nos percursos profissionais<span class=\"ez-toc-section-end\"><\/span><\/h2><p>Os dados recolhidos em grupos de jovens que recebem apoio revelam resultados espectaculares. Um estudo importante mostra que 95% dos estudantes que se preparam para um diploma ou para um concurso com o apoio de um patrocinador atingem com \u00eaxito o seu objetivo. Este sucesso acad\u00e9mico \u00e9 acompanhado por uma vis\u00e3o clara do futuro, com oito em cada dez participantes a preverem com confian\u00e7a estudos a longo prazo, muitas vezes para al\u00e9m do n\u00edvel de mestrado. Isto demonstra a efic\u00e1cia da <strong>rela\u00e7\u00e3o mentor-mentorando<\/strong> a longo prazo.   <\/p><p>Isto facilita muito a tua imers\u00e3o no mundo profissional. Para um estudante oriundo de um meio oper\u00e1rio, o acesso a um est\u00e1gio profissional qualificado pode, por vezes, ser um desafio intranspon\u00edvel. No entanto, 81% dos volunt\u00e1rios que recebem <strong>apoio<\/strong> espec\u00edfico conseguem obter uma experi\u00eancia de trabalho sem grandes dificuldades. A partilha de experi\u00eancias ajuda a facilitar o caminho e fornece as chaves necess\u00e1rias para descodificar as expectativas dos recrutadores modernos. Para saber mais sobre estas quest\u00f5es, consulta os nossos recursos sobre o <a href=\"https:\/\/www.alumni.space\/pt-pt\/mentoria-de-jovens-talentos-pelos-teus-antigos-empregados\/\">acompanhamento de jovens talentos<\/a> para otimizar os teus programas internos.    <\/p><figure class=\"wp-block-image size-full\"><img decoding=\"async\" width=\"1280\" height=\"768\" src=\"https:\/\/www.alumni.space\/wp-content\/uploads\/2026\/03\/Le-mentorat-une-cle-pour-developper-la-confiance-des-jeunes-1.jpg\" data-orig-src=\"https:\/\/www.alumni.space\/wp-content\/uploads\/2026\/03\/Le-mentorat-une-cle-pour-developper-la-confiance-des-jeunes-1.jpg\" alt=\"descobre como a tutoria pode aumentar a autoconfian\u00e7a dos jovens e incentivar o seu desenvolvimento pessoal e profissional.\" class=\"lazyload wp-image-3549\" srcset=\"data:image\/svg+xml,%3Csvg%20xmlns%3D%27http%3A%2F%2Fwww.w3.org%2F2000%2Fsvg%27%20width%3D%271280%27%20height%3D%27768%27%20viewBox%3D%270%200%201280%20768%27%3E%3Crect%20width%3D%271280%27%20height%3D%27768%27%20fill-opacity%3D%220%22%2F%3E%3C%2Fsvg%3E\" data-srcset=\"https:\/\/www.alumni.space\/wp-content\/uploads\/2026\/03\/Le-mentorat-une-cle-pour-developper-la-confiance-des-jeunes-1-200x120.jpg 200w, https:\/\/www.alumni.space\/wp-content\/uploads\/2026\/03\/Le-mentorat-une-cle-pour-developper-la-confiance-des-jeunes-1-300x180.jpg 300w, https:\/\/www.alumni.space\/wp-content\/uploads\/2026\/03\/Le-mentorat-une-cle-pour-developper-la-confiance-des-jeunes-1-400x240.jpg 400w, https:\/\/www.alumni.space\/wp-content\/uploads\/2026\/03\/Le-mentorat-une-cle-pour-developper-la-confiance-des-jeunes-1-600x360.jpg 600w, https:\/\/www.alumni.space\/wp-content\/uploads\/2026\/03\/Le-mentorat-une-cle-pour-developper-la-confiance-des-jeunes-1-768x461.jpg 768w, https:\/\/www.alumni.space\/wp-content\/uploads\/2026\/03\/Le-mentorat-une-cle-pour-developper-la-confiance-des-jeunes-1-800x480.jpg 800w, https:\/\/www.alumni.space\/wp-content\/uploads\/2026\/03\/Le-mentorat-une-cle-pour-developper-la-confiance-des-jeunes-1-1024x614.jpg 1024w, https:\/\/www.alumni.space\/wp-content\/uploads\/2026\/03\/Le-mentorat-une-cle-pour-developper-la-confiance-des-jeunes-1-1200x720.jpg 1200w, https:\/\/www.alumni.space\/wp-content\/uploads\/2026\/03\/Le-mentorat-une-cle-pour-developper-la-confiance-des-jeunes-1.jpg 1280w\" data-sizes=\"auto\" data-orig-sizes=\"(max-width: 1280px) 100vw, 1280px\" \/><\/figure><h3 class=\"wp-block-heading\"><span class=\"ez-toc-section\" id=\"Criar_lacos_duradouros_para_uma_integracao_bem_sucedida\"><\/span>Criar la\u00e7os duradouros para uma integra\u00e7\u00e3o bem sucedida<span class=\"ez-toc-section-end\"><\/span><\/h3><p>Para al\u00e9m das compet\u00eancias t\u00e9cnicas, o benef\u00edcio mais valioso \u00e9 o aumento do capital social. Sete em cada dez jovens afirmam ter feito novos contactos profissionais gra\u00e7as \u00e0s recomenda\u00e7\u00f5es do seu guia. Esta liga\u00e7\u00e3o direta em rede combate o isolamento e oferece uma exposi\u00e7\u00e3o sem precedentes a profiss\u00f5es por vezes pouco conhecidas. O projeto cria uma ponte entre<strong>a forma\u00e7\u00e3o<\/strong> te\u00f3rica e as realidades no terreno, transformando a ansiedade sobre o futuro em ambi\u00e7\u00f5es concretas.   <\/p><p>A experi\u00eancia \u00e9 igualmente gratificante para os gestores e especialistas que se envolvem. Ao dedicarem tempo a transmitir os seus conhecimentos, 85% dos promotores sentem uma profunda sensa\u00e7\u00e3o de utilidade. Esta abordagem favorece uma melhor compreens\u00e3o das realidades sociais e dos obst\u00e1culos enfrentados pelas novas gera\u00e7\u00f5es. O di\u00e1logo intergeracional assim estabelecido torna-se um alicerce de coes\u00e3o para a organiza\u00e7\u00e3o, valorizando a experi\u00eancia dos colaboradores mais velhos e dando energia aos novos recrutas.   <\/p><h2 class=\"wp-block-heading\"><span class=\"ez-toc-section\" id=\"A_tutoria_como_pilar_estrategico_da_responsabilidade_social_das_empresas\"><\/span>A tutoria como pilar estrat\u00e9gico da responsabilidade social das empresas<span class=\"ez-toc-section-end\"><\/span><\/h2><p>A integra\u00e7\u00e3o de uma plataforma dedicada \u00e0 partilha de conhecimentos transforma a cultura interna de uma organiza\u00e7\u00e3o. Esta iniciativa estende o compromisso da entidade muito para al\u00e9m das suas obriga\u00e7\u00f5es habituais. Ao favorecer a transmiss\u00e3o do saber-fazer e a inclus\u00e3o, a empresa limita a perda de compet\u00eancias e capitaliza a mem\u00f3ria viva dos seus colaboradores. O <strong>desenvolvimento pessoal dos<\/strong> participantes \u00e9 diretamente repercutido no desempenho global e refor\u00e7a a atratividade da marca do empregador.   <\/p><p>Uma estrat\u00e9gia <strong>de tutoria<\/strong> bem gerida fornece indicadores claros do empenhamento e do impacto social real. O registo das horas de trabalho volunt\u00e1rio e o feedback qualitativo fornecem aos relat\u00f3rios extra-financeiros provas tang\u00edveis. Esta cultura de cuidado reflecte-se numa integra\u00e7\u00e3o mais f\u00e1cil e numa maior reten\u00e7\u00e3o de talentos, que v\u00eaem a empresa como um lugar de realiza\u00e7\u00e3o e solidariedade. O portal <a href=\"https:\/\/www.1jeune1mentor.fr\/\">1 jovem 1 mentor<\/a> ilustra perfeitamente esta ambi\u00e7\u00e3o nacional de n\u00e3o deixar ningu\u00e9m \u00e0 margem.   <\/p><h3 class=\"wp-block-heading\"><span class=\"ez-toc-section\" id=\"Industrializar_a_benevolencia_sem_perder_o_toque_humano\"><\/span>Industrializar a benevol\u00eancia sem perder o toque humano<span class=\"ez-toc-section-end\"><\/span><\/h3><p>Passar de uma gest\u00e3o tradicional baseada em folhas de c\u00e1lculo para uma solu\u00e7\u00e3o de software de alto desempenho \u00e9 um fator de mudan\u00e7a para os decisores de RH e gestores de associa\u00e7\u00f5es. A centraliza\u00e7\u00e3o dos perfis, a automatiza\u00e7\u00e3o das apresenta\u00e7\u00f5es e a gest\u00e3o dos eventos ganham em precis\u00e3o. Uma interface intuitiva facilita a ado\u00e7\u00e3o pelos membros e garante a continuidade do funcionamento da comunidade. A ferramenta tecnol\u00f3gica passa assim para segundo plano, dando lugar \u00e0 qualidade do<strong>apoio<\/strong> e \u00e0 riqueza dos interc\u00e2mbios.   <\/p><p>A implementa\u00e7\u00e3o de um ecossistema deste tipo reduz os custos ocultos associados \u00e0 perda de informa\u00e7\u00e3o ou \u00e0 falta de coordena\u00e7\u00e3o. Ao automatizar as tarefas repetitivas, as equipas podem concentrar-se no que \u00e9 mais importante: as pessoas. A gest\u00e3o baseada em dados significa que as ac\u00e7\u00f5es podem ser constantemente ajustadas para satisfazer as necessidades espec\u00edficas de cada par. A partir da\u00ed, a rede torna-se um organismo vivo, capaz de auto-gerar apoio m\u00fatuo e coopta\u00e7\u00e3o de uma forma natural.   <\/p><p>O sucesso de tal abordagem depende da capacidade de unir e inspirar. Para transformar as tuas inten\u00e7\u00f5es em resultados concretos e medir com precis\u00e3o o teu impacto social, a implementa\u00e7\u00e3o de uma ferramenta estruturada \u00e9 o pr\u00f3ximo passo l\u00f3gico na tua estrat\u00e9gia de crescimento. <\/p><p><strong>Solicita uma demonstra\u00e7\u00e3o<\/strong><\/p>","protected":false},"excerpt":{"rendered":"<p>O panorama da integra\u00e7\u00e3o profissional em 2026 deixa uma coisa  [&#8230;]<\/p>\n","protected":false},"author":1,"featured_media":4910,"comment_status":"closed","ping_status":"closed","sticky":false,"template":"","format":"standard","meta":{"_ayudawp_aiss_exclude":false,"footnotes":""},"categories":[68],"tags":[],"class_list":["post-4908","post","type-post","status-publish","format-standard","has-post-thumbnail","hentry","category-mentoria"],"yoast_head":"<!-- This site is optimized with the Yoast SEO plugin v27.4 - https:\/\/yoast.com\/product\/yoast-seo-wordpress\/ -->\n<title>Mentoria: Aumentar a confian\u00e7a dos jovens<\/title>\n<meta name=\"description\" content=\"Mentoria: um instrumento essencial para aumentar a confian\u00e7a dos jovens e favorecer o seu desenvolvimento pessoal e profissional.\" \/>\n<meta name=\"robots\" content=\"index, follow, max-snippet:-1, max-image-preview:large, max-video-preview:-1\" \/>\n<link rel=\"canonical\" href=\"https:\/\/www.alumni.space\/pt-pt\/mentoring-uma-chave-para-desenvolver-a-confianca-dos-jovens\/\" \/>\n<meta property=\"og:locale\" content=\"pt_PT\" \/>\n<meta property=\"og:type\" content=\"article\" \/>\n<meta property=\"og:title\" content=\"Mentoria: Aumentar a confian\u00e7a dos jovens\" \/>\n<meta property=\"og:description\" content=\"Mentoria: um instrumento essencial para aumentar a confian\u00e7a dos jovens e favorecer o seu desenvolvimento pessoal e profissional.\" \/>\n<meta property=\"og:url\" content=\"https:\/\/www.alumni.space\/pt-pt\/mentoring-uma-chave-para-desenvolver-a-confianca-dos-jovens\/\" \/>\n<meta property=\"og:site_name\" content=\"Alumni.space\" \/>\n<meta property=\"article:published_time\" content=\"2025-12-09T20:27:10+00:00\" \/>\n<meta property=\"article:modified_time\" content=\"2026-03-28T10:47:51+00:00\" \/>\n<meta property=\"og:image\" content=\"https:\/\/www.alumni.space\/wp-content\/uploads\/2026\/03\/Le-mentorat-une-cle-pour-developper-la-confiance-des-jeunes.jpg\" \/>\n\t<meta property=\"og:image:width\" content=\"1280\" \/>\n\t<meta property=\"og:image:height\" content=\"768\" \/>\n\t<meta property=\"og:image:type\" content=\"image\/jpeg\" \/>\n<meta name=\"author\" content=\"admin\" \/>\n<meta name=\"twitter:card\" content=\"summary_large_image\" \/>\n<meta name=\"twitter:label1\" content=\"Escrito por\" \/>\n\t<meta name=\"twitter:data1\" content=\"admin\" \/>\n\t<meta name=\"twitter:label2\" content=\"Tempo estimado de leitura\" \/>\n\t<meta name=\"twitter:data2\" content=\"5 minutos\" \/>\n<script type=\"application\/ld+json\" class=\"yoast-schema-graph\">{\"@context\":\"https:\\\/\\\/schema.org\",\"@graph\":[{\"@type\":\"Article\",\"@id\":\"https:\\\/\\\/www.alumni.space\\\/pt-pt\\\/mentoring-uma-chave-para-desenvolver-a-confianca-dos-jovens\\\/#article\",\"isPartOf\":{\"@id\":\"https:\\\/\\\/www.alumni.space\\\/pt-pt\\\/mentoring-uma-chave-para-desenvolver-a-confianca-dos-jovens\\\/\"},\"author\":{\"name\":\"admin\",\"@id\":\"https:\\\/\\\/www.alumni.space\\\/pt-pt\\\/#\\\/schema\\\/person\\\/fede362a57876edda476a61f05ce5b15\"},\"headline\":\"Mentoring: uma chave para desenvolver a confian\u00e7a dos jovens\",\"datePublished\":\"2025-12-09T20:27:10+00:00\",\"dateModified\":\"2026-03-28T10:47:51+00:00\",\"mainEntityOfPage\":{\"@id\":\"https:\\\/\\\/www.alumni.space\\\/pt-pt\\\/mentoring-uma-chave-para-desenvolver-a-confianca-dos-jovens\\\/\"},\"wordCount\":936,\"image\":{\"@id\":\"https:\\\/\\\/www.alumni.space\\\/pt-pt\\\/mentoring-uma-chave-para-desenvolver-a-confianca-dos-jovens\\\/#primaryimage\"},\"thumbnailUrl\":\"https:\\\/\\\/www.alumni.space\\\/wp-content\\\/uploads\\\/2026\\\/03\\\/Le-mentorat-une-cle-pour-developper-la-confiance-des-jeunes.jpg\",\"articleSection\":[\"Mentoria\"],\"inLanguage\":\"pt-PT\"},{\"@type\":\"WebPage\",\"@id\":\"https:\\\/\\\/www.alumni.space\\\/pt-pt\\\/mentoring-uma-chave-para-desenvolver-a-confianca-dos-jovens\\\/\",\"url\":\"https:\\\/\\\/www.alumni.space\\\/pt-pt\\\/mentoring-uma-chave-para-desenvolver-a-confianca-dos-jovens\\\/\",\"name\":\"Mentoria: Aumentar a confian\u00e7a dos jovens\",\"isPartOf\":{\"@id\":\"https:\\\/\\\/www.alumni.space\\\/pt-pt\\\/#website\"},\"primaryImageOfPage\":{\"@id\":\"https:\\\/\\\/www.alumni.space\\\/pt-pt\\\/mentoring-uma-chave-para-desenvolver-a-confianca-dos-jovens\\\/#primaryimage\"},\"image\":{\"@id\":\"https:\\\/\\\/www.alumni.space\\\/pt-pt\\\/mentoring-uma-chave-para-desenvolver-a-confianca-dos-jovens\\\/#primaryimage\"},\"thumbnailUrl\":\"https:\\\/\\\/www.alumni.space\\\/wp-content\\\/uploads\\\/2026\\\/03\\\/Le-mentorat-une-cle-pour-developper-la-confiance-des-jeunes.jpg\",\"datePublished\":\"2025-12-09T20:27:10+00:00\",\"dateModified\":\"2026-03-28T10:47:51+00:00\",\"author\":{\"@id\":\"https:\\\/\\\/www.alumni.space\\\/pt-pt\\\/#\\\/schema\\\/person\\\/fede362a57876edda476a61f05ce5b15\"},\"description\":\"Mentoria: um instrumento essencial para aumentar a confian\u00e7a dos jovens e favorecer o seu desenvolvimento pessoal e profissional.\",\"breadcrumb\":{\"@id\":\"https:\\\/\\\/www.alumni.space\\\/pt-pt\\\/mentoring-uma-chave-para-desenvolver-a-confianca-dos-jovens\\\/#breadcrumb\"},\"inLanguage\":\"pt-PT\",\"potentialAction\":[{\"@type\":\"ReadAction\",\"target\":[\"https:\\\/\\\/www.alumni.space\\\/pt-pt\\\/mentoring-uma-chave-para-desenvolver-a-confianca-dos-jovens\\\/\"]}]},{\"@type\":\"ImageObject\",\"inLanguage\":\"pt-PT\",\"@id\":\"https:\\\/\\\/www.alumni.space\\\/pt-pt\\\/mentoring-uma-chave-para-desenvolver-a-confianca-dos-jovens\\\/#primaryimage\",\"url\":\"https:\\\/\\\/www.alumni.space\\\/wp-content\\\/uploads\\\/2026\\\/03\\\/Le-mentorat-une-cle-pour-developper-la-confiance-des-jeunes.jpg\",\"contentUrl\":\"https:\\\/\\\/www.alumni.space\\\/wp-content\\\/uploads\\\/2026\\\/03\\\/Le-mentorat-une-cle-pour-developper-la-confiance-des-jeunes.jpg\",\"width\":1280,\"height\":768,\"caption\":\"Descobre como a tutoria pode aumentar a confian\u00e7a dos jovens e ajud\u00e1-los a desenvolverem-se pessoal e profissionalmente.\"},{\"@type\":\"BreadcrumbList\",\"@id\":\"https:\\\/\\\/www.alumni.space\\\/pt-pt\\\/mentoring-uma-chave-para-desenvolver-a-confianca-dos-jovens\\\/#breadcrumb\",\"itemListElement\":[{\"@type\":\"ListItem\",\"position\":1,\"name\":\"Home\",\"item\":\"https:\\\/\\\/www.alumni.space\\\/pt-pt\\\/plataforma-de-gestao-de-mentores-e-antigos-alunos\\\/\"},{\"@type\":\"ListItem\",\"position\":2,\"name\":\"Mentoring: uma chave para desenvolver a confian\u00e7a dos jovens\"}]},{\"@type\":\"WebSite\",\"@id\":\"https:\\\/\\\/www.alumni.space\\\/pt-pt\\\/#website\",\"url\":\"https:\\\/\\\/www.alumni.space\\\/pt-pt\\\/\",\"name\":\"Alumni.space\",\"description\":\"My WordPress Blog\",\"potentialAction\":[{\"@type\":\"SearchAction\",\"target\":{\"@type\":\"EntryPoint\",\"urlTemplate\":\"https:\\\/\\\/www.alumni.space\\\/pt-pt\\\/?s={search_term_string}\"},\"query-input\":{\"@type\":\"PropertyValueSpecification\",\"valueRequired\":true,\"valueName\":\"search_term_string\"}}],\"inLanguage\":\"pt-PT\"},{\"@type\":\"Person\",\"@id\":\"https:\\\/\\\/www.alumni.space\\\/pt-pt\\\/#\\\/schema\\\/person\\\/fede362a57876edda476a61f05ce5b15\",\"name\":\"admin\",\"image\":{\"@type\":\"ImageObject\",\"inLanguage\":\"pt-PT\",\"@id\":\"https:\\\/\\\/secure.gravatar.com\\\/avatar\\\/318e234ae94f90d4d629428d6b983c08e31181c28f579e08a021180d759ea651?s=96&d=mm&r=g\",\"url\":\"https:\\\/\\\/secure.gravatar.com\\\/avatar\\\/318e234ae94f90d4d629428d6b983c08e31181c28f579e08a021180d759ea651?s=96&d=mm&r=g\",\"contentUrl\":\"https:\\\/\\\/secure.gravatar.com\\\/avatar\\\/318e234ae94f90d4d629428d6b983c08e31181c28f579e08a021180d759ea651?s=96&d=mm&r=g\",\"caption\":\"admin\"},\"description\":\"Nicolas Laustriat a construit sa sp\u00e9cialit\u00e9 sur un sujet que beaucoup d\u2019organisations d\u00e9couvrent trop tard : ce qui dispara\u00eet quand les gens partent. Dipl\u00f4m\u00e9 en conception de produit industriel, il bifurque vers le digital fin 1996, il couvre les transformations marques, RH, la fid\u00e9lisation, la marque employeur. Sur le terrain, il rep\u00e8re un angle mort r\u00e9current : l\u2019entreprise investit dans le recrutement, la formation, les process\u2026 puis laisse filer le lien au moment du d\u00e9part, avec une perte de savoir et d\u2019influence qui se paie en silence. Il se sp\u00e9cialise alors sur les communaut\u00e9s d\u2019alumni, le mentorat, l\u2019entraide interg\u00e9n\u00e9rationnelle et la transmission d\u2019expertise. Il passe du \u201cconstat\u201d aux m\u00e9thodes : animation, gouvernance, segmentation, rituels, mesure d\u2019engagement, articulation avec la RSE et l\u2019employabilit\u00e9. Il interviewe DRH, responsables formation, directions d\u2019\u00e9coles, associations et fondations, avec une obsession : transformer un r\u00e9seau dormant en m\u00e9canisme utile (cooptation, mentorat, job board, entraide, \u00e9v\u00e9nements, contenus). Son style : direct, orient\u00e9 action, sans folklore. Sa conviction : une communaut\u00e9 n\u2019a pas besoin de bruit, elle a besoin de raisons de revenir.\",\"sameAs\":[\"https:\\\/\\\/www.alumni.space\"]}]}<\/script>\n<!-- \/ Yoast SEO plugin. -->","yoast_head_json":{"title":"Mentoria: Aumentar a confian\u00e7a dos jovens","description":"Mentoria: um instrumento essencial para aumentar a confian\u00e7a dos jovens e favorecer o seu desenvolvimento pessoal e profissional.","robots":{"index":"index","follow":"follow","max-snippet":"max-snippet:-1","max-image-preview":"max-image-preview:large","max-video-preview":"max-video-preview:-1"},"canonical":"https:\/\/www.alumni.space\/pt-pt\/mentoring-uma-chave-para-desenvolver-a-confianca-dos-jovens\/","og_locale":"pt_PT","og_type":"article","og_title":"Mentoria: Aumentar a confian\u00e7a dos jovens","og_description":"Mentoria: um instrumento essencial para aumentar a confian\u00e7a dos jovens e favorecer o seu desenvolvimento pessoal e profissional.","og_url":"https:\/\/www.alumni.space\/pt-pt\/mentoring-uma-chave-para-desenvolver-a-confianca-dos-jovens\/","og_site_name":"Alumni.space","article_published_time":"2025-12-09T20:27:10+00:00","article_modified_time":"2026-03-28T10:47:51+00:00","og_image":[{"width":1280,"height":768,"url":"https:\/\/www.alumni.space\/wp-content\/uploads\/2026\/03\/Le-mentorat-une-cle-pour-developper-la-confiance-des-jeunes.jpg","type":"image\/jpeg"}],"author":"admin","twitter_card":"summary_large_image","twitter_misc":{"Escrito por":"admin","Tempo estimado de leitura":"5 minutos"},"schema":{"@context":"https:\/\/schema.org","@graph":[{"@type":"Article","@id":"https:\/\/www.alumni.space\/pt-pt\/mentoring-uma-chave-para-desenvolver-a-confianca-dos-jovens\/#article","isPartOf":{"@id":"https:\/\/www.alumni.space\/pt-pt\/mentoring-uma-chave-para-desenvolver-a-confianca-dos-jovens\/"},"author":{"name":"admin","@id":"https:\/\/www.alumni.space\/pt-pt\/#\/schema\/person\/fede362a57876edda476a61f05ce5b15"},"headline":"Mentoring: uma chave para desenvolver a confian\u00e7a dos jovens","datePublished":"2025-12-09T20:27:10+00:00","dateModified":"2026-03-28T10:47:51+00:00","mainEntityOfPage":{"@id":"https:\/\/www.alumni.space\/pt-pt\/mentoring-uma-chave-para-desenvolver-a-confianca-dos-jovens\/"},"wordCount":936,"image":{"@id":"https:\/\/www.alumni.space\/pt-pt\/mentoring-uma-chave-para-desenvolver-a-confianca-dos-jovens\/#primaryimage"},"thumbnailUrl":"https:\/\/www.alumni.space\/wp-content\/uploads\/2026\/03\/Le-mentorat-une-cle-pour-developper-la-confiance-des-jeunes.jpg","articleSection":["Mentoria"],"inLanguage":"pt-PT"},{"@type":"WebPage","@id":"https:\/\/www.alumni.space\/pt-pt\/mentoring-uma-chave-para-desenvolver-a-confianca-dos-jovens\/","url":"https:\/\/www.alumni.space\/pt-pt\/mentoring-uma-chave-para-desenvolver-a-confianca-dos-jovens\/","name":"Mentoria: Aumentar a confian\u00e7a dos jovens","isPartOf":{"@id":"https:\/\/www.alumni.space\/pt-pt\/#website"},"primaryImageOfPage":{"@id":"https:\/\/www.alumni.space\/pt-pt\/mentoring-uma-chave-para-desenvolver-a-confianca-dos-jovens\/#primaryimage"},"image":{"@id":"https:\/\/www.alumni.space\/pt-pt\/mentoring-uma-chave-para-desenvolver-a-confianca-dos-jovens\/#primaryimage"},"thumbnailUrl":"https:\/\/www.alumni.space\/wp-content\/uploads\/2026\/03\/Le-mentorat-une-cle-pour-developper-la-confiance-des-jeunes.jpg","datePublished":"2025-12-09T20:27:10+00:00","dateModified":"2026-03-28T10:47:51+00:00","author":{"@id":"https:\/\/www.alumni.space\/pt-pt\/#\/schema\/person\/fede362a57876edda476a61f05ce5b15"},"description":"Mentoria: um instrumento essencial para aumentar a confian\u00e7a dos jovens e favorecer o seu desenvolvimento pessoal e profissional.","breadcrumb":{"@id":"https:\/\/www.alumni.space\/pt-pt\/mentoring-uma-chave-para-desenvolver-a-confianca-dos-jovens\/#breadcrumb"},"inLanguage":"pt-PT","potentialAction":[{"@type":"ReadAction","target":["https:\/\/www.alumni.space\/pt-pt\/mentoring-uma-chave-para-desenvolver-a-confianca-dos-jovens\/"]}]},{"@type":"ImageObject","inLanguage":"pt-PT","@id":"https:\/\/www.alumni.space\/pt-pt\/mentoring-uma-chave-para-desenvolver-a-confianca-dos-jovens\/#primaryimage","url":"https:\/\/www.alumni.space\/wp-content\/uploads\/2026\/03\/Le-mentorat-une-cle-pour-developper-la-confiance-des-jeunes.jpg","contentUrl":"https:\/\/www.alumni.space\/wp-content\/uploads\/2026\/03\/Le-mentorat-une-cle-pour-developper-la-confiance-des-jeunes.jpg","width":1280,"height":768,"caption":"Descobre como a tutoria pode aumentar a confian\u00e7a dos jovens e ajud\u00e1-los a desenvolverem-se pessoal e profissionalmente."},{"@type":"BreadcrumbList","@id":"https:\/\/www.alumni.space\/pt-pt\/mentoring-uma-chave-para-desenvolver-a-confianca-dos-jovens\/#breadcrumb","itemListElement":[{"@type":"ListItem","position":1,"name":"Home","item":"https:\/\/www.alumni.space\/pt-pt\/plataforma-de-gestao-de-mentores-e-antigos-alunos\/"},{"@type":"ListItem","position":2,"name":"Mentoring: uma chave para desenvolver a confian\u00e7a dos jovens"}]},{"@type":"WebSite","@id":"https:\/\/www.alumni.space\/pt-pt\/#website","url":"https:\/\/www.alumni.space\/pt-pt\/","name":"Alumni.space","description":"My WordPress Blog","potentialAction":[{"@type":"SearchAction","target":{"@type":"EntryPoint","urlTemplate":"https:\/\/www.alumni.space\/pt-pt\/?s={search_term_string}"},"query-input":{"@type":"PropertyValueSpecification","valueRequired":true,"valueName":"search_term_string"}}],"inLanguage":"pt-PT"},{"@type":"Person","@id":"https:\/\/www.alumni.space\/pt-pt\/#\/schema\/person\/fede362a57876edda476a61f05ce5b15","name":"admin","image":{"@type":"ImageObject","inLanguage":"pt-PT","@id":"https:\/\/secure.gravatar.com\/avatar\/318e234ae94f90d4d629428d6b983c08e31181c28f579e08a021180d759ea651?s=96&d=mm&r=g","url":"https:\/\/secure.gravatar.com\/avatar\/318e234ae94f90d4d629428d6b983c08e31181c28f579e08a021180d759ea651?s=96&d=mm&r=g","contentUrl":"https:\/\/secure.gravatar.com\/avatar\/318e234ae94f90d4d629428d6b983c08e31181c28f579e08a021180d759ea651?s=96&d=mm&r=g","caption":"admin"},"description":"Nicolas Laustriat a construit sa sp\u00e9cialit\u00e9 sur un sujet que beaucoup d\u2019organisations d\u00e9couvrent trop tard : ce qui dispara\u00eet quand les gens partent. Dipl\u00f4m\u00e9 en conception de produit industriel, il bifurque vers le digital fin 1996, il couvre les transformations marques, RH, la fid\u00e9lisation, la marque employeur. Sur le terrain, il rep\u00e8re un angle mort r\u00e9current : l\u2019entreprise investit dans le recrutement, la formation, les process\u2026 puis laisse filer le lien au moment du d\u00e9part, avec une perte de savoir et d\u2019influence qui se paie en silence. Il se sp\u00e9cialise alors sur les communaut\u00e9s d\u2019alumni, le mentorat, l\u2019entraide interg\u00e9n\u00e9rationnelle et la transmission d\u2019expertise. Il passe du \u201cconstat\u201d aux m\u00e9thodes : animation, gouvernance, segmentation, rituels, mesure d\u2019engagement, articulation avec la RSE et l\u2019employabilit\u00e9. Il interviewe DRH, responsables formation, directions d\u2019\u00e9coles, associations et fondations, avec une obsession : transformer un r\u00e9seau dormant en m\u00e9canisme utile (cooptation, mentorat, job board, entraide, \u00e9v\u00e9nements, contenus). Son style : direct, orient\u00e9 action, sans folklore. Sa conviction : une communaut\u00e9 n\u2019a pas besoin de bruit, elle a besoin de raisons de revenir.","sameAs":["https:\/\/www.alumni.space"]}]}},"_links":{"self":[{"href":"https:\/\/www.alumni.space\/pt-pt\/wp-json\/wp\/v2\/posts\/4908","targetHints":{"allow":["GET"]}}],"collection":[{"href":"https:\/\/www.alumni.space\/pt-pt\/wp-json\/wp\/v2\/posts"}],"about":[{"href":"https:\/\/www.alumni.space\/pt-pt\/wp-json\/wp\/v2\/types\/post"}],"author":[{"embeddable":true,"href":"https:\/\/www.alumni.space\/pt-pt\/wp-json\/wp\/v2\/users\/1"}],"replies":[{"embeddable":true,"href":"https:\/\/www.alumni.space\/pt-pt\/wp-json\/wp\/v2\/comments?post=4908"}],"version-history":[{"count":1,"href":"https:\/\/www.alumni.space\/pt-pt\/wp-json\/wp\/v2\/posts\/4908\/revisions"}],"predecessor-version":[{"id":4912,"href":"https:\/\/www.alumni.space\/pt-pt\/wp-json\/wp\/v2\/posts\/4908\/revisions\/4912"}],"wp:featuredmedia":[{"embeddable":true,"href":"https:\/\/www.alumni.space\/pt-pt\/wp-json\/wp\/v2\/media\/4910"}],"wp:attachment":[{"href":"https:\/\/www.alumni.space\/pt-pt\/wp-json\/wp\/v2\/media?parent=4908"}],"wp:term":[{"taxonomy":"category","embeddable":true,"href":"https:\/\/www.alumni.space\/pt-pt\/wp-json\/wp\/v2\/categories?post=4908"},{"taxonomy":"post_tag","embeddable":true,"href":"https:\/\/www.alumni.space\/pt-pt\/wp-json\/wp\/v2\/tags?post=4908"}],"curies":[{"name":"wp","href":"https:\/\/api.w.org\/{rel}","templated":true}]}}