{"id":4898,"date":"2025-05-16T13:22:27","date_gmt":"2025-05-16T13:22:27","guid":{"rendered":"https:\/\/www.alumni.space\/antigos-empregados-para-reforcar-a-tua-imagem-de-marca\/"},"modified":"2026-04-02T09:23:44","modified_gmt":"2026-04-02T09:23:44","slug":"antigos-empregados-para-reforcar-a-tua-imagem-de-marca","status":"publish","type":"post","link":"https:\/\/www.alumni.space\/pt-pt\/antigos-empregados-para-reforcar-a-tua-imagem-de-marca\/","title":{"rendered":"Antigos empregados para refor\u00e7ar a tua imagem de marca"},"content":{"rendered":"<p>Resumo: Mobilizar <strong>antigos<\/strong> colaboradores como alavanca estrat\u00e9gica para refor\u00e7ar a<strong>imagem de marca<\/strong>, apoiar o recrutamento e consolidar o <strong>capital humano<\/strong>.<\/p><div id=\"ez-toc-container\" class=\"ez-toc-v2_0_82_2 counter-flat ez-toc-counter ez-toc-grey ez-toc-container-direction\">\n<div class=\"ez-toc-title-container\"><p class=\"ez-toc-title\" style=\"cursor:inherit\">\u00cdndice deste artigo:<\/p>\n<\/div><nav><ul class='ez-toc-list ez-toc-list-level-1 ' ><li class='ez-toc-page-1'><a class=\"ez-toc-link ez-toc-heading-1\" href=\"https:\/\/www.alumni.space\/pt-pt\/antigos-empregados-para-reforcar-a-tua-imagem-de-marca\/#Antigos_empregados_uma_alavanca_concreta_para_a_imagem_de_marca_e_a_marca_do_empregador\" >Antigos empregados: uma alavanca concreta para a imagem de marca e a marca do empregador<\/a><\/li><li class='ez-toc-page-1'><a class=\"ez-toc-link ez-toc-heading-2\" href=\"https:\/\/www.alumni.space\/pt-pt\/antigos-empregados-para-reforcar-a-tua-imagem-de-marca\/#Mentoria_intergeracional_empenhamento_e_transmissao\" >Mentoria intergeracional, empenhamento e transmiss\u00e3o<\/a><\/li><li class='ez-toc-page-1'><a class=\"ez-toc-link ez-toc-heading-3\" href=\"https:\/\/www.alumni.space\/pt-pt\/antigos-empregados-para-reforcar-a-tua-imagem-de-marca\/#Saidas_positivas_e_retencao_transformar_cada_saida_num_ativo\" >Sa\u00eddas positivas e reten\u00e7\u00e3o: transformar cada sa\u00edda num ativo<\/a><\/li><li class='ez-toc-page-1'><a class=\"ez-toc-link ez-toc-heading-4\" href=\"https:\/\/www.alumni.space\/pt-pt\/antigos-empregados-para-reforcar-a-tua-imagem-de-marca\/#Testemunhos_estudos_de_casos_e_reforco_da_reputacao_da_empresa\" >Testemunhos, estudos de casos e refor\u00e7o da reputa\u00e7\u00e3o da empresa<\/a><\/li><li class='ez-toc-page-1'><a class=\"ez-toc-link ez-toc-heading-5\" href=\"https:\/\/www.alumni.space\/pt-pt\/antigos-empregados-para-reforcar-a-tua-imagem-de-marca\/#Organizacao_pratica_rituais_governacao_e_indicadores_para_promover_o_impacto\" >Organiza\u00e7\u00e3o pr\u00e1tica: rituais, governa\u00e7\u00e3o e indicadores para promover o impacto<\/a><\/li><\/ul><\/nav><\/div>\n<h2 class=\"wp-block-heading\"><span class=\"ez-toc-section\" id=\"Antigos_empregados_uma_alavanca_concreta_para_a_imagem_de_marca_e_a_marca_do_empregador\"><\/span>Antigos empregados: uma alavanca concreta para a imagem de marca e <strong>a marca do empregador<\/strong><span class=\"ez-toc-section-end\"><\/span><\/h2><p><strong>Os antigos empregados<\/strong> formam uma rede viva capaz de amplificar <strong>a reputa\u00e7\u00e3o da empresa<\/strong> para al\u00e9m das campanhas tradicionais. A sua progress\u00e3o na carreira \u00e9 um testemunho da qualidade dos percursos profissionais internos e transforma cada sucesso individual numa prova social cred\u00edvel. <\/p><p>O Atelier Nova, a start-up fict\u00edcia aqui utilizada, criou um diret\u00f3rio de antigos alunos para encorajar a <strong>cria\u00e7\u00e3o de redes<\/strong> entre as equipas actuais e os antigos alunos. O resultado: recomenda\u00e7\u00f5es qualificadas, convites para confer\u00eancias e maior interesse por parte de recrutadores externos. <\/p><p>Principais conclus\u00f5es: investir na rela\u00e7\u00e3o p\u00f3s-contratual produz um retorno imediato e duradouro da imagem.<\/p><figure class=\"wp-block-image size-full\"><img decoding=\"async\" width=\"1344\" height=\"768\" src=\"https:\/\/www.alumni.space\/wp-content\/uploads\/2026\/03\/Des-anciens-salaries-pour-renforcer-votre-image-de-marque-2-1.jpg\" data-orig-src=\"https:\/\/www.alumni.space\/wp-content\/uploads\/2026\/03\/Des-anciens-salaries-pour-renforcer-votre-image-de-marque-2-1.jpg\" alt=\"Descobre como os antigos empregados podem refor\u00e7ar a credibilidade e a imagem de marca da tua empresa atrav\u00e9s da sua experi\u00eancia e rede de contactos.\" class=\"lazyload wp-image-3429\" srcset=\"data:image\/svg+xml,%3Csvg%20xmlns%3D%27http%3A%2F%2Fwww.w3.org%2F2000%2Fsvg%27%20width%3D%271344%27%20height%3D%27768%27%20viewBox%3D%270%200%201344%20768%27%3E%3Crect%20width%3D%271344%27%20height%3D%27768%27%20fill-opacity%3D%220%22%2F%3E%3C%2Fsvg%3E\" data-srcset=\"https:\/\/www.alumni.space\/wp-content\/uploads\/2026\/03\/Des-anciens-salaries-pour-renforcer-votre-image-de-marque-2-1-200x114.jpg 200w, https:\/\/www.alumni.space\/wp-content\/uploads\/2026\/03\/Des-anciens-salaries-pour-renforcer-votre-image-de-marque-2-1-300x171.jpg 300w, https:\/\/www.alumni.space\/wp-content\/uploads\/2026\/03\/Des-anciens-salaries-pour-renforcer-votre-image-de-marque-2-1-400x229.jpg 400w, https:\/\/www.alumni.space\/wp-content\/uploads\/2026\/03\/Des-anciens-salaries-pour-renforcer-votre-image-de-marque-2-1-600x343.jpg 600w, https:\/\/www.alumni.space\/wp-content\/uploads\/2026\/03\/Des-anciens-salaries-pour-renforcer-votre-image-de-marque-2-1-768x439.jpg 768w, https:\/\/www.alumni.space\/wp-content\/uploads\/2026\/03\/Des-anciens-salaries-pour-renforcer-votre-image-de-marque-2-1-800x457.jpg 800w, https:\/\/www.alumni.space\/wp-content\/uploads\/2026\/03\/Des-anciens-salaries-pour-renforcer-votre-image-de-marque-2-1-1024x585.jpg 1024w, https:\/\/www.alumni.space\/wp-content\/uploads\/2026\/03\/Des-anciens-salaries-pour-renforcer-votre-image-de-marque-2-1-1200x686.jpg 1200w, https:\/\/www.alumni.space\/wp-content\/uploads\/2026\/03\/Des-anciens-salaries-pour-renforcer-votre-image-de-marque-2-1.jpg 1344w\" data-sizes=\"auto\" data-orig-sizes=\"(max-width: 1344px) 100vw, 1344px\" \/><\/figure><h3 class=\"wp-block-heading\"><span class=\"ez-toc-section\" id=\"Mentoria_intergeracional_empenhamento_e_transmissao\"><\/span>Mentoria intergeracional, <strong>empenhamento<\/strong> e transmiss\u00e3o<span class=\"ez-toc-section-end\"><\/span><\/h3><p>A tutoria gerida atrav\u00e9s de uma plataforma estruturada transforma a experi\u00eancia dos juniores. Programas de curta dura\u00e7\u00e3o, pares direcionados e acesso a feedback de antigos alunos aceleram a integra\u00e7\u00e3o e o desenvolvimento de compet\u00eancias. <\/p><p>Para industrializar estes rituais, consulta um recurso dedicado \u00e0 <a href=\"https:\/\/www.alumni.space\/pt-pt\/o-impacto-da-tutoria-intergeracional-com-antigos-empregados\/\">tutoria intergeracional<\/a> para ajudar a definir o ritmo e os indicadores de impacto. Outra refer\u00eancia para formalizar o envolvimento dos antigos alunos pode ser encontrada num ficheiro de estrat\u00e9gia de influ\u00eancia dispon\u00edvel aqui: <a href=\"https:\/\/www.alumni.space\/pt-pt\/antigos-empregados-actores-chave-da-tua-estrategia-de-influencia\/\">plataforma alumni.space &#8211; estrat\u00e9gia de influ\u00eancia<\/a>. <\/p><p>Conclus\u00e3o principal: estruturar a tutoria utilizando uma ferramenta evita a fragmenta\u00e7\u00e3o dos interc\u00e2mbios e a perda de conhecimentos.<\/p><h2 class=\"wp-block-heading\"><span class=\"ez-toc-section\" id=\"Saidas_positivas_e_retencao_transformar_cada_saida_num_ativo\"><\/span>Sa\u00eddas positivas e <strong>reten\u00e7\u00e3o<\/strong>: transformar cada sa\u00edda num ativo<span class=\"ez-toc-section-end\"><\/span><\/h2><p>Gerir as sa\u00eddas com protocolos de reconhecimento e transfer\u00eancias organizadas reduz o risco de fuga de conhecimentos. Entrevistas de sa\u00edda orientadas para a capitaliza\u00e7\u00e3o, documentos de transfer\u00eancia e oportunidades de reinvestimento profissional criam um c\u00edrculo virtuoso. <\/p><p>Um programa formalizado facilita o feedback &#8220;boomerang&#8221; e refor\u00e7a a confian\u00e7a das equipas existentes. Para a implementa\u00e7\u00e3o operacional, o testemunho de uma consultora especializada fornece orienta\u00e7\u00f5es pr\u00e1ticas para o <a href=\"https:\/\/www.onerh.fr\/salaries-ambassadeurs-marque-employeur\/\">programa One HR<\/a> e para os formatos de publica\u00e7\u00e3o. <\/p><p>Key Insight: a celebra\u00e7\u00e3o de uma sa\u00edda torna-se um vetor de atratividade e uma prova de que a <strong>marca do empregador<\/strong> cumpre os seus compromissos.<\/p><h3 class=\"wp-block-heading\"><span class=\"ez-toc-section\" id=\"Testemunhos_estudos_de_casos_e_reforco_da_reputacao_da_empresa\"><\/span>Testemunhos, estudos de casos e refor\u00e7o da <strong>reputa\u00e7\u00e3o da empresa<\/strong><span class=\"ez-toc-section-end\"><\/span><\/h3><p>Os testemunhos de antigos colaboradores que alcan\u00e7aram posi\u00e7\u00f5es-chave fornecem provas factuais do potencial de aumento de responsabilidade. Destacar estes percursos profissionais em formatos curtos refor\u00e7a <strong>a comunica\u00e7\u00e3o externa<\/strong> e d\u00e1 credibilidade \u00e0s ofertas de emprego. <\/p><p>Um dossier setorial sobre o impacto dos antigos empregados na reputa\u00e7\u00e3o oferece enquadramentos e estudos de casos pr\u00e1ticos: <a href=\"https:\/\/corporatealumni.fr\/anciens-collaborateurs-reputation-entreprise\/\">recurso Corporate Alumni<\/a>. Para uma r\u00e1pida integra\u00e7\u00e3o t\u00e9cnica, \u00e9 utilizada uma solu\u00e7\u00e3o SaaS para centralizar perfis, eventos e tutoria, evitando folhas de c\u00e1lculo dispersas. <\/p><p>Principais conclus\u00f5es: a prova social e os estudos de casos aceleram as decis\u00f5es de contrata\u00e7\u00e3o e a confian\u00e7a dos investidores.<\/p><h2 class=\"wp-block-heading\"><span class=\"ez-toc-section\" id=\"Organizacao_pratica_rituais_governacao_e_indicadores_para_promover_o_impacto\"><\/span>Organiza\u00e7\u00e3o pr\u00e1tica: rituais, governa\u00e7\u00e3o e indicadores para promover o impacto<span class=\"ez-toc-section-end\"><\/span><\/h2><p>A estrutura\u00e7\u00e3o de uma rede de alumni requer a nomea\u00e7\u00e3o de um piloto, a segmenta\u00e7\u00e3o dos perfis e um calend\u00e1rio de eventos. Rituais recomendados: reuni\u00f5es trimestrais, webinars tem\u00e1ticos e campanhas de patroc\u00ednio direcionadas. <\/p><p>KPIs relevantes para os decisores: taxas de envolvimento, horas de mentoria comunicadas, coopta\u00e7\u00f5es geradas e feedback qualitativo sobre a <strong>reputa\u00e7\u00e3o da empresa<\/strong>. Para industrializar estas m\u00e9tricas e ligar os RH, a RSE e a comunica\u00e7\u00e3o, uma plataforma dedicada oferece relat\u00f3rios centralizados e fluxos de trabalho automatizados, reduzindo os custos administrativos e consolidando o <strong>capital humano<\/strong>. <\/p><p>Para se inspirar numa lista de verifica\u00e7\u00e3o de ativa\u00e7\u00e3o e em exemplos pr\u00e1ticos, consulta um recurso operacional sobre a coordena\u00e7\u00e3o de antigos empregados: <a href=\"https:\/\/www.alumni.space\/pt-pt\/porque-e-que-os-teus-antigos-empregados-sao-os-teus-melhores-embaixadores-e-mentores\/\">os embaixadores de antigos empregados<\/a>.<\/p><p>Principais conclus\u00f5es: a orienta\u00e7\u00e3o atrav\u00e9s de KPIs curtos mant\u00e9m o alinhamento entre os objectivos de RH e a imagem externa.<\/p><p>Para industrializar a abordagem e testar um caso piloto, <a href=\"https:\/\/www.alumni.space\/pt-pt\/antigos-empregados-actores-chave-da-tua-estrategia-de-influencia\/\">Request a demo<\/a> permite-te explorar cen\u00e1rios, rituais e dashboards adaptados ao contexto da tua organiza\u00e7\u00e3o.<\/p>","protected":false},"excerpt":{"rendered":"<p>Resumo: Mobilizar antigos colaboradores como alavanca estrat\u00e9gica para refor\u00e7ar aimagem  [&#8230;]<\/p>\n","protected":false},"author":1,"featured_media":4899,"comment_status":"closed","ping_status":"","sticky":false,"template":"","format":"standard","meta":{"_ayudawp_aiss_exclude":false,"footnotes":""},"categories":[67],"tags":[],"class_list":["post-4898","post","type-post","status-publish","format-standard","has-post-thumbnail","hentry","category-antigos-alunos"],"yoast_head":"<!-- This site is optimized with the Yoast SEO plugin v27.4 - https:\/\/yoast.com\/product\/yoast-seo-wordpress\/ -->\n<title>Antigos empregados, activos para a tua imagem de marca<\/title>\n<meta name=\"description\" content=\"Melhora a imagem da tua marca com a experi\u00eancia de antigos empregados empenhados e motivados para melhorar a tua reputa\u00e7\u00e3o.\" \/>\n<meta name=\"robots\" content=\"index, follow, max-snippet:-1, max-image-preview:large, max-video-preview:-1\" \/>\n<link rel=\"canonical\" href=\"https:\/\/www.alumni.space\/pt-pt\/antigos-empregados-para-reforcar-a-tua-imagem-de-marca\/\" \/>\n<meta property=\"og:locale\" content=\"pt_PT\" \/>\n<meta property=\"og:type\" content=\"article\" \/>\n<meta property=\"og:title\" content=\"Antigos empregados, activos para a tua imagem de marca\" \/>\n<meta property=\"og:description\" content=\"Melhora a imagem da tua marca com a experi\u00eancia de antigos empregados empenhados e motivados para melhorar a tua reputa\u00e7\u00e3o.\" \/>\n<meta property=\"og:url\" content=\"https:\/\/www.alumni.space\/pt-pt\/antigos-empregados-para-reforcar-a-tua-imagem-de-marca\/\" \/>\n<meta property=\"og:site_name\" content=\"Alumni.space\" \/>\n<meta property=\"article:published_time\" content=\"2025-05-16T13:22:27+00:00\" \/>\n<meta property=\"article:modified_time\" content=\"2026-04-02T09:23:44+00:00\" \/>\n<meta property=\"og:image\" content=\"https:\/\/www.alumni.space\/wp-content\/uploads\/2026\/03\/Des-anciens-salaries-pour-renforcer-votre-image-de-marque-2.jpg\" \/>\n\t<meta property=\"og:image:width\" content=\"1344\" \/>\n\t<meta property=\"og:image:height\" content=\"768\" \/>\n\t<meta property=\"og:image:type\" content=\"image\/jpeg\" \/>\n<meta name=\"author\" content=\"admin\" \/>\n<meta name=\"twitter:card\" content=\"summary_large_image\" \/>\n<meta name=\"twitter:label1\" content=\"Escrito por\" \/>\n\t<meta name=\"twitter:data1\" content=\"admin\" \/>\n\t<meta name=\"twitter:label2\" content=\"Tempo estimado de leitura\" \/>\n\t<meta name=\"twitter:data2\" content=\"4 minutos\" \/>\n<script type=\"application\/ld+json\" class=\"yoast-schema-graph\">{\"@context\":\"https:\\\/\\\/schema.org\",\"@graph\":[{\"@type\":\"Article\",\"@id\":\"https:\\\/\\\/www.alumni.space\\\/pt-pt\\\/antigos-empregados-para-reforcar-a-tua-imagem-de-marca\\\/#article\",\"isPartOf\":{\"@id\":\"https:\\\/\\\/www.alumni.space\\\/pt-pt\\\/antigos-empregados-para-reforcar-a-tua-imagem-de-marca\\\/\"},\"author\":{\"name\":\"admin\",\"@id\":\"https:\\\/\\\/www.alumni.space\\\/pt-pt\\\/#\\\/schema\\\/person\\\/fede362a57876edda476a61f05ce5b15\"},\"headline\":\"Antigos empregados para refor\u00e7ar a tua imagem de marca\",\"datePublished\":\"2025-05-16T13:22:27+00:00\",\"dateModified\":\"2026-04-02T09:23:44+00:00\",\"mainEntityOfPage\":{\"@id\":\"https:\\\/\\\/www.alumni.space\\\/pt-pt\\\/antigos-empregados-para-reforcar-a-tua-imagem-de-marca\\\/\"},\"wordCount\":720,\"image\":{\"@id\":\"https:\\\/\\\/www.alumni.space\\\/pt-pt\\\/antigos-empregados-para-reforcar-a-tua-imagem-de-marca\\\/#primaryimage\"},\"thumbnailUrl\":\"https:\\\/\\\/www.alumni.space\\\/wp-content\\\/uploads\\\/2026\\\/03\\\/Des-anciens-salaries-pour-renforcer-votre-image-de-marque-2.jpg\",\"articleSection\":[\"Antigos alunos\"],\"inLanguage\":\"pt-PT\"},{\"@type\":\"WebPage\",\"@id\":\"https:\\\/\\\/www.alumni.space\\\/pt-pt\\\/antigos-empregados-para-reforcar-a-tua-imagem-de-marca\\\/\",\"url\":\"https:\\\/\\\/www.alumni.space\\\/pt-pt\\\/antigos-empregados-para-reforcar-a-tua-imagem-de-marca\\\/\",\"name\":\"Antigos empregados, activos para a tua imagem de marca\",\"isPartOf\":{\"@id\":\"https:\\\/\\\/www.alumni.space\\\/pt-pt\\\/#website\"},\"primaryImageOfPage\":{\"@id\":\"https:\\\/\\\/www.alumni.space\\\/pt-pt\\\/antigos-empregados-para-reforcar-a-tua-imagem-de-marca\\\/#primaryimage\"},\"image\":{\"@id\":\"https:\\\/\\\/www.alumni.space\\\/pt-pt\\\/antigos-empregados-para-reforcar-a-tua-imagem-de-marca\\\/#primaryimage\"},\"thumbnailUrl\":\"https:\\\/\\\/www.alumni.space\\\/wp-content\\\/uploads\\\/2026\\\/03\\\/Des-anciens-salaries-pour-renforcer-votre-image-de-marque-2.jpg\",\"datePublished\":\"2025-05-16T13:22:27+00:00\",\"dateModified\":\"2026-04-02T09:23:44+00:00\",\"author\":{\"@id\":\"https:\\\/\\\/www.alumni.space\\\/pt-pt\\\/#\\\/schema\\\/person\\\/fede362a57876edda476a61f05ce5b15\"},\"description\":\"Melhora a imagem da tua marca com a experi\u00eancia de antigos empregados empenhados e motivados para melhorar a tua reputa\u00e7\u00e3o.\",\"breadcrumb\":{\"@id\":\"https:\\\/\\\/www.alumni.space\\\/pt-pt\\\/antigos-empregados-para-reforcar-a-tua-imagem-de-marca\\\/#breadcrumb\"},\"inLanguage\":\"pt-PT\",\"potentialAction\":[{\"@type\":\"ReadAction\",\"target\":[\"https:\\\/\\\/www.alumni.space\\\/pt-pt\\\/antigos-empregados-para-reforcar-a-tua-imagem-de-marca\\\/\"]}]},{\"@type\":\"ImageObject\",\"inLanguage\":\"pt-PT\",\"@id\":\"https:\\\/\\\/www.alumni.space\\\/pt-pt\\\/antigos-empregados-para-reforcar-a-tua-imagem-de-marca\\\/#primaryimage\",\"url\":\"https:\\\/\\\/www.alumni.space\\\/wp-content\\\/uploads\\\/2026\\\/03\\\/Des-anciens-salaries-pour-renforcer-votre-image-de-marque-2.jpg\",\"contentUrl\":\"https:\\\/\\\/www.alumni.space\\\/wp-content\\\/uploads\\\/2026\\\/03\\\/Des-anciens-salaries-pour-renforcer-votre-image-de-marque-2.jpg\",\"width\":1344,\"height\":768,\"caption\":\"descobre como os antigos empregados podem tornar-se embaixadores valiosos para refor\u00e7ar e melhorar a imagem da tua marca.\"},{\"@type\":\"BreadcrumbList\",\"@id\":\"https:\\\/\\\/www.alumni.space\\\/pt-pt\\\/antigos-empregados-para-reforcar-a-tua-imagem-de-marca\\\/#breadcrumb\",\"itemListElement\":[{\"@type\":\"ListItem\",\"position\":1,\"name\":\"Home\",\"item\":\"https:\\\/\\\/www.alumni.space\\\/pt-pt\\\/plataforma-de-gestao-de-mentores-e-antigos-alunos\\\/\"},{\"@type\":\"ListItem\",\"position\":2,\"name\":\"Antigos empregados para refor\u00e7ar a tua imagem de marca\"}]},{\"@type\":\"WebSite\",\"@id\":\"https:\\\/\\\/www.alumni.space\\\/pt-pt\\\/#website\",\"url\":\"https:\\\/\\\/www.alumni.space\\\/pt-pt\\\/\",\"name\":\"Alumni.space\",\"description\":\"My WordPress Blog\",\"potentialAction\":[{\"@type\":\"SearchAction\",\"target\":{\"@type\":\"EntryPoint\",\"urlTemplate\":\"https:\\\/\\\/www.alumni.space\\\/pt-pt\\\/?s={search_term_string}\"},\"query-input\":{\"@type\":\"PropertyValueSpecification\",\"valueRequired\":true,\"valueName\":\"search_term_string\"}}],\"inLanguage\":\"pt-PT\"},{\"@type\":\"Person\",\"@id\":\"https:\\\/\\\/www.alumni.space\\\/pt-pt\\\/#\\\/schema\\\/person\\\/fede362a57876edda476a61f05ce5b15\",\"name\":\"admin\",\"image\":{\"@type\":\"ImageObject\",\"inLanguage\":\"pt-PT\",\"@id\":\"https:\\\/\\\/secure.gravatar.com\\\/avatar\\\/318e234ae94f90d4d629428d6b983c08e31181c28f579e08a021180d759ea651?s=96&d=mm&r=g\",\"url\":\"https:\\\/\\\/secure.gravatar.com\\\/avatar\\\/318e234ae94f90d4d629428d6b983c08e31181c28f579e08a021180d759ea651?s=96&d=mm&r=g\",\"contentUrl\":\"https:\\\/\\\/secure.gravatar.com\\\/avatar\\\/318e234ae94f90d4d629428d6b983c08e31181c28f579e08a021180d759ea651?s=96&d=mm&r=g\",\"caption\":\"admin\"},\"description\":\"Nicolas Laustriat a construit sa sp\u00e9cialit\u00e9 sur un sujet que beaucoup d\u2019organisations d\u00e9couvrent trop tard : ce qui dispara\u00eet quand les gens partent. Dipl\u00f4m\u00e9 en conception de produit industriel, il bifurque vers le digital fin 1996, il couvre les transformations marques, RH, la fid\u00e9lisation, la marque employeur. Sur le terrain, il rep\u00e8re un angle mort r\u00e9current : l\u2019entreprise investit dans le recrutement, la formation, les process\u2026 puis laisse filer le lien au moment du d\u00e9part, avec une perte de savoir et d\u2019influence qui se paie en silence. Il se sp\u00e9cialise alors sur les communaut\u00e9s d\u2019alumni, le mentorat, l\u2019entraide interg\u00e9n\u00e9rationnelle et la transmission d\u2019expertise. Il passe du \u201cconstat\u201d aux m\u00e9thodes : animation, gouvernance, segmentation, rituels, mesure d\u2019engagement, articulation avec la RSE et l\u2019employabilit\u00e9. Il interviewe DRH, responsables formation, directions d\u2019\u00e9coles, associations et fondations, avec une obsession : transformer un r\u00e9seau dormant en m\u00e9canisme utile (cooptation, mentorat, job board, entraide, \u00e9v\u00e9nements, contenus). Son style : direct, orient\u00e9 action, sans folklore. Sa conviction : une communaut\u00e9 n\u2019a pas besoin de bruit, elle a besoin de raisons de revenir.\",\"sameAs\":[\"https:\\\/\\\/www.alumni.space\"]}]}<\/script>\n<!-- \/ Yoast SEO plugin. -->","yoast_head_json":{"title":"Antigos empregados, activos para a tua imagem de marca","description":"Melhora a imagem da tua marca com a experi\u00eancia de antigos empregados empenhados e motivados para melhorar a tua reputa\u00e7\u00e3o.","robots":{"index":"index","follow":"follow","max-snippet":"max-snippet:-1","max-image-preview":"max-image-preview:large","max-video-preview":"max-video-preview:-1"},"canonical":"https:\/\/www.alumni.space\/pt-pt\/antigos-empregados-para-reforcar-a-tua-imagem-de-marca\/","og_locale":"pt_PT","og_type":"article","og_title":"Antigos empregados, activos para a tua imagem de marca","og_description":"Melhora a imagem da tua marca com a experi\u00eancia de antigos empregados empenhados e motivados para melhorar a tua reputa\u00e7\u00e3o.","og_url":"https:\/\/www.alumni.space\/pt-pt\/antigos-empregados-para-reforcar-a-tua-imagem-de-marca\/","og_site_name":"Alumni.space","article_published_time":"2025-05-16T13:22:27+00:00","article_modified_time":"2026-04-02T09:23:44+00:00","og_image":[{"width":1344,"height":768,"url":"https:\/\/www.alumni.space\/wp-content\/uploads\/2026\/03\/Des-anciens-salaries-pour-renforcer-votre-image-de-marque-2.jpg","type":"image\/jpeg"}],"author":"admin","twitter_card":"summary_large_image","twitter_misc":{"Escrito por":"admin","Tempo estimado de leitura":"4 minutos"},"schema":{"@context":"https:\/\/schema.org","@graph":[{"@type":"Article","@id":"https:\/\/www.alumni.space\/pt-pt\/antigos-empregados-para-reforcar-a-tua-imagem-de-marca\/#article","isPartOf":{"@id":"https:\/\/www.alumni.space\/pt-pt\/antigos-empregados-para-reforcar-a-tua-imagem-de-marca\/"},"author":{"name":"admin","@id":"https:\/\/www.alumni.space\/pt-pt\/#\/schema\/person\/fede362a57876edda476a61f05ce5b15"},"headline":"Antigos empregados para refor\u00e7ar a tua imagem de marca","datePublished":"2025-05-16T13:22:27+00:00","dateModified":"2026-04-02T09:23:44+00:00","mainEntityOfPage":{"@id":"https:\/\/www.alumni.space\/pt-pt\/antigos-empregados-para-reforcar-a-tua-imagem-de-marca\/"},"wordCount":720,"image":{"@id":"https:\/\/www.alumni.space\/pt-pt\/antigos-empregados-para-reforcar-a-tua-imagem-de-marca\/#primaryimage"},"thumbnailUrl":"https:\/\/www.alumni.space\/wp-content\/uploads\/2026\/03\/Des-anciens-salaries-pour-renforcer-votre-image-de-marque-2.jpg","articleSection":["Antigos alunos"],"inLanguage":"pt-PT"},{"@type":"WebPage","@id":"https:\/\/www.alumni.space\/pt-pt\/antigos-empregados-para-reforcar-a-tua-imagem-de-marca\/","url":"https:\/\/www.alumni.space\/pt-pt\/antigos-empregados-para-reforcar-a-tua-imagem-de-marca\/","name":"Antigos empregados, activos para a tua imagem de marca","isPartOf":{"@id":"https:\/\/www.alumni.space\/pt-pt\/#website"},"primaryImageOfPage":{"@id":"https:\/\/www.alumni.space\/pt-pt\/antigos-empregados-para-reforcar-a-tua-imagem-de-marca\/#primaryimage"},"image":{"@id":"https:\/\/www.alumni.space\/pt-pt\/antigos-empregados-para-reforcar-a-tua-imagem-de-marca\/#primaryimage"},"thumbnailUrl":"https:\/\/www.alumni.space\/wp-content\/uploads\/2026\/03\/Des-anciens-salaries-pour-renforcer-votre-image-de-marque-2.jpg","datePublished":"2025-05-16T13:22:27+00:00","dateModified":"2026-04-02T09:23:44+00:00","author":{"@id":"https:\/\/www.alumni.space\/pt-pt\/#\/schema\/person\/fede362a57876edda476a61f05ce5b15"},"description":"Melhora a imagem da tua marca com a experi\u00eancia de antigos empregados empenhados e motivados para melhorar a tua reputa\u00e7\u00e3o.","breadcrumb":{"@id":"https:\/\/www.alumni.space\/pt-pt\/antigos-empregados-para-reforcar-a-tua-imagem-de-marca\/#breadcrumb"},"inLanguage":"pt-PT","potentialAction":[{"@type":"ReadAction","target":["https:\/\/www.alumni.space\/pt-pt\/antigos-empregados-para-reforcar-a-tua-imagem-de-marca\/"]}]},{"@type":"ImageObject","inLanguage":"pt-PT","@id":"https:\/\/www.alumni.space\/pt-pt\/antigos-empregados-para-reforcar-a-tua-imagem-de-marca\/#primaryimage","url":"https:\/\/www.alumni.space\/wp-content\/uploads\/2026\/03\/Des-anciens-salaries-pour-renforcer-votre-image-de-marque-2.jpg","contentUrl":"https:\/\/www.alumni.space\/wp-content\/uploads\/2026\/03\/Des-anciens-salaries-pour-renforcer-votre-image-de-marque-2.jpg","width":1344,"height":768,"caption":"descobre como os antigos empregados podem tornar-se embaixadores valiosos para refor\u00e7ar e melhorar a imagem da tua marca."},{"@type":"BreadcrumbList","@id":"https:\/\/www.alumni.space\/pt-pt\/antigos-empregados-para-reforcar-a-tua-imagem-de-marca\/#breadcrumb","itemListElement":[{"@type":"ListItem","position":1,"name":"Home","item":"https:\/\/www.alumni.space\/pt-pt\/plataforma-de-gestao-de-mentores-e-antigos-alunos\/"},{"@type":"ListItem","position":2,"name":"Antigos empregados para refor\u00e7ar a tua imagem de marca"}]},{"@type":"WebSite","@id":"https:\/\/www.alumni.space\/pt-pt\/#website","url":"https:\/\/www.alumni.space\/pt-pt\/","name":"Alumni.space","description":"My WordPress Blog","potentialAction":[{"@type":"SearchAction","target":{"@type":"EntryPoint","urlTemplate":"https:\/\/www.alumni.space\/pt-pt\/?s={search_term_string}"},"query-input":{"@type":"PropertyValueSpecification","valueRequired":true,"valueName":"search_term_string"}}],"inLanguage":"pt-PT"},{"@type":"Person","@id":"https:\/\/www.alumni.space\/pt-pt\/#\/schema\/person\/fede362a57876edda476a61f05ce5b15","name":"admin","image":{"@type":"ImageObject","inLanguage":"pt-PT","@id":"https:\/\/secure.gravatar.com\/avatar\/318e234ae94f90d4d629428d6b983c08e31181c28f579e08a021180d759ea651?s=96&d=mm&r=g","url":"https:\/\/secure.gravatar.com\/avatar\/318e234ae94f90d4d629428d6b983c08e31181c28f579e08a021180d759ea651?s=96&d=mm&r=g","contentUrl":"https:\/\/secure.gravatar.com\/avatar\/318e234ae94f90d4d629428d6b983c08e31181c28f579e08a021180d759ea651?s=96&d=mm&r=g","caption":"admin"},"description":"Nicolas Laustriat a construit sa sp\u00e9cialit\u00e9 sur un sujet que beaucoup d\u2019organisations d\u00e9couvrent trop tard : ce qui dispara\u00eet quand les gens partent. Dipl\u00f4m\u00e9 en conception de produit industriel, il bifurque vers le digital fin 1996, il couvre les transformations marques, RH, la fid\u00e9lisation, la marque employeur. Sur le terrain, il rep\u00e8re un angle mort r\u00e9current : l\u2019entreprise investit dans le recrutement, la formation, les process\u2026 puis laisse filer le lien au moment du d\u00e9part, avec une perte de savoir et d\u2019influence qui se paie en silence. Il se sp\u00e9cialise alors sur les communaut\u00e9s d\u2019alumni, le mentorat, l\u2019entraide interg\u00e9n\u00e9rationnelle et la transmission d\u2019expertise. Il passe du \u201cconstat\u201d aux m\u00e9thodes : animation, gouvernance, segmentation, rituels, mesure d\u2019engagement, articulation avec la RSE et l\u2019employabilit\u00e9. Il interviewe DRH, responsables formation, directions d\u2019\u00e9coles, associations et fondations, avec une obsession : transformer un r\u00e9seau dormant en m\u00e9canisme utile (cooptation, mentorat, job board, entraide, \u00e9v\u00e9nements, contenus). Son style : direct, orient\u00e9 action, sans folklore. Sa conviction : une communaut\u00e9 n\u2019a pas besoin de bruit, elle a besoin de raisons de revenir.","sameAs":["https:\/\/www.alumni.space"]}]}},"_links":{"self":[{"href":"https:\/\/www.alumni.space\/pt-pt\/wp-json\/wp\/v2\/posts\/4898","targetHints":{"allow":["GET"]}}],"collection":[{"href":"https:\/\/www.alumni.space\/pt-pt\/wp-json\/wp\/v2\/posts"}],"about":[{"href":"https:\/\/www.alumni.space\/pt-pt\/wp-json\/wp\/v2\/types\/post"}],"author":[{"embeddable":true,"href":"https:\/\/www.alumni.space\/pt-pt\/wp-json\/wp\/v2\/users\/1"}],"replies":[{"embeddable":true,"href":"https:\/\/www.alumni.space\/pt-pt\/wp-json\/wp\/v2\/comments?post=4898"}],"version-history":[{"count":3,"href":"https:\/\/www.alumni.space\/pt-pt\/wp-json\/wp\/v2\/posts\/4898\/revisions"}],"predecessor-version":[{"id":6878,"href":"https:\/\/www.alumni.space\/pt-pt\/wp-json\/wp\/v2\/posts\/4898\/revisions\/6878"}],"wp:featuredmedia":[{"embeddable":true,"href":"https:\/\/www.alumni.space\/pt-pt\/wp-json\/wp\/v2\/media\/4899"}],"wp:attachment":[{"href":"https:\/\/www.alumni.space\/pt-pt\/wp-json\/wp\/v2\/media?parent=4898"}],"wp:term":[{"taxonomy":"category","embeddable":true,"href":"https:\/\/www.alumni.space\/pt-pt\/wp-json\/wp\/v2\/categories?post=4898"},{"taxonomy":"post_tag","embeddable":true,"href":"https:\/\/www.alumni.space\/pt-pt\/wp-json\/wp\/v2\/tags?post=4898"}],"curies":[{"name":"wp","href":"https:\/\/api.w.org\/{rel}","templated":true}]}}